{"id":955851,"date":"2017-10-12T20:28:01","date_gmt":"2017-10-12T20:28:01","guid":{"rendered":"http:\/\/www.eldigitaldeasturias.com\/noticias\/?p=955851"},"modified":"2017-10-12T20:28:01","modified_gmt":"2017-10-12T20:28:01","slug":"recortes-cero-presenta-manana-una-nueva-campana-en-respuesta-a-la-dui-de-puigdemont","status":"publish","type":"post","link":"https:\/\/www.eldigitaldeasturias.com\/noticias\/recortes-cero-presenta-manana-una-nueva-campana-en-respuesta-a-la-dui-de-puigdemont\/","title":{"rendered":"Recortes Cero presenta ma\u00f1ana una nueva campa\u00f1a en respuesta a la DUI de Puigdemont"},"content":{"rendered":"<p><img loading=\"lazy\" decoding=\"async\" class=\"alignleft size-medium wp-image-955852\" src=\"https:\/\/www.eldigitaldeasturias.com\/noticias\/wp-content\/uploads\/2017\/10\/recortes-cero-muro-360x157.jpg\" alt=\"\" width=\"360\" height=\"157\" \/>Recortes Cero celebrar\u00e1 el pr\u00f3ximo viernes 13 de octubre una rueda de prensa a las 11:30 de la ma\u00f1ana en el Hotel Rialto (Ferran 40-42) de Barcelona para presentar su valoraci\u00f3n respecto a la situaci\u00f3n actual en Catalu\u00f1a y los \u00faltimos acontecimientos en torno a la Declaraci\u00f3n Unilateral de Independencia (DUI), as\u00ed como una nueva campa\u00f1a como respuesta:<\/p>\n<p>1.- Los puntos principales de la valoraci\u00f3n de la Coordinadora Estatal respecto a la situaci\u00f3n actual en Catalu\u00f1a y el plazo dado por Rajoy a Puigdemont para que confirme si ha declarado la independencia<\/p>\n<p>2.- Una nueva campa\u00f1a para responder a la situaci\u00f3n en Catalu\u00f1a, que Recortes Cero promover\u00e1 especialmente en 30 ciudades catalanas, pero que difundir\u00e1 por todo el pa\u00eds, tanto en actos a pie de calle como a trav\u00e9s de los medios de comunicaci\u00f3n.<\/p>\n<p>Recortes Cero lanz\u00f3 a principios de agosto la campa\u00f1a \u201c1-O Estafa Antidemocr\u00e1tica\u201d en la que ha promovido la publicaci\u00f3n en cuatro ocasiones de dos manifiestos en 10 p\u00e1ginas de publicidad en tres peri\u00f3dicos diferentes (dos veces en El Pa\u00eds, una El Mundo y otra en El Peri\u00f3dico) para denunciar la convocatoria del 1-O y la imposici\u00f3n de la DUI. A trav\u00e9s de ellas se han presentado los manifiesto \u201c1-O Estafa Antidemocr\u00e1tica\u201d y \u201cDUI Imposici\u00f3n Antidemocr\u00e1tica\u201d, con el apoyo de 5 mil profesionales y activistas de la izquierda catalana, y de 60 organizaciones.<\/p>\n<p>El pasado martes 10 de octubre, Recortes Cero se concentr\u00f3 durante 12 horas, ante el Parlament de Catalunya para expresar su rechazo a la posibilidad de que Puigdemont promoviera la aprobaci\u00f3n de una DUI. La concentraci\u00f3n tuvo lugar entre las 12 de la ma\u00f1ana y la 12 de la noche, cuando se dio por finalizada la sesi\u00f3n. En ella Recortes Cero despleg\u00f3 dos pancartas con los lemas \u201cDUI Imposici\u00f3n Antidemocr\u00e1tica\u201d y \u201cPer la Unitat del Poble Treballador. No a la Independ\u00e8ncia\u201d y despleg\u00f3 un muro de cart\u00f3n de 20 metros en el que se pod\u00eda leer \u201cNo volem murs ni de Trump ni de Puigdemont\u201d.<\/p>\n","protected":false},"excerpt":{"rendered":"<p>Recortes Cero celebrar\u00e1 el pr\u00f3ximo viernes 13 de octubre una rueda de prensa a las 11:30 de la ma\u00f1ana en el Hotel Rialto (Ferran 40-42) de Barcelona para presentar su valoraci\u00f3n respecto a la situaci\u00f3n actual en Catalu\u00f1a y los \u00faltimos acontecimientos en torno a la Declaraci\u00f3n Unilateral de Independencia (DUI), as\u00ed como una nueva [&hellip;]<\/p>\n","protected":false},"author":1,"featured_media":955852,"comment_status":"closed","ping_status":"closed","sticky":false,"template":"","format":"standard","meta":{"footnotes":""},"categories":[1],"tags":[],"class_list":["post-955851","post","type-post","status-publish","format-standard","has-post-thumbnail","hentry","category-actualidad"],"aioseo_notices":[],"aioseo_head":"\n\t\t<!-- All in One SEO Pro 5.0.1 - aioseo.com -->\n\t<meta name=\"description\" content=\"Recortes Cero celebrar\u00e1 el pr\u00f3ximo viernes 13 de octubre una rueda de prensa a las 11:30 de la ma\u00f1ana en el Hotel Rialto (Ferran 40-42) de Barcelona para presentar su valoraci\u00f3n respecto a la situaci\u00f3n actual en Catalu\u00f1a y los \u00faltimos acontecimientos en torno a la Declaraci\u00f3n Unilateral de Independencia (DUI), as\u00ed como una nueva\" \/>\n\t<meta name=\"robots\" content=\"max-image-preview:large\" \/>\n\t<meta name=\"author\" content=\"El Digital de Asturias\"\/>\n\t<meta name=\"google-site-verification\" content=\"UA-38556648-1\" \/>\n\t<meta name=\"msvalidate.01\" content=\"7dfe9f3f1b24437ab69f4f2559babe99\" \/>\n\t<meta name=\"keywords\" content=\"actualidad\" \/>\n\t<link rel=\"canonical\" href=\"https:\/\/www.eldigitaldeasturias.com\/noticias\/recortes-cero-presenta-manana-una-nueva-campana-en-respuesta-a-la-dui-de-puigdemont\/\" \/>\n\t<meta name=\"generator\" content=\"All in One SEO Pro (AIOSEO) 5.0.1\" \/>\n\t\t<meta property=\"og:locale\" content=\"es_ES\" \/>\n\t\t<meta property=\"og:site_name\" content=\"El Digital de Asturias\" \/>\n\t\t<meta property=\"og:type\" content=\"article\" \/>\n\t\t<meta property=\"og:title\" content=\"Recortes Cero presenta ma\u00f1ana una nueva campa\u00f1a en respuesta a la DUI de Puigdemont - El Digital de Asturias\" \/>\n\t\t<meta property=\"og:description\" content=\"Recortes Cero celebrar\u00e1 el pr\u00f3ximo viernes 13 de octubre una rueda de prensa a las 11:30 de la ma\u00f1ana en el Hotel Rialto (Ferran 40-42) de Barcelona para presentar su valoraci\u00f3n respecto a la situaci\u00f3n actual en Catalu\u00f1a y los \u00faltimos acontecimientos en torno a la Declaraci\u00f3n Unilateral de Independencia (DUI), as\u00ed como una nueva\" \/>\n\t\t<meta property=\"og:url\" content=\"https:\/\/www.eldigitaldeasturias.com\/noticias\/recortes-cero-presenta-manana-una-nueva-campana-en-respuesta-a-la-dui-de-puigdemont\/\" \/>\n\t\t<meta property=\"article:tag\" content=\"actualidad\" \/>\n\t\t<meta property=\"article:published_time\" content=\"2017-10-12T20:28:01+00:00\" \/>\n\t\t<meta property=\"article:modified_time\" content=\"2017-10-12T20:28:01+00:00\" \/>\n\t\t<meta property=\"article:publisher\" content=\"https:\/\/facebook.com\/eldigitaldeasturias\" \/>\n\t\t<meta name=\"twitter:card\" content=\"summary_large_image\" \/>\n\t\t<meta name=\"twitter:title\" content=\"Recortes Cero presenta ma\u00f1ana una nueva campa\u00f1a en respuesta a la DUI de Puigdemont - El Digital de Asturias\" \/>\n\t\t<meta name=\"twitter:description\" content=\"Recortes Cero celebrar\u00e1 el pr\u00f3ximo viernes 13 de octubre una rueda de prensa a las 11:30 de la ma\u00f1ana en el Hotel Rialto (Ferran 40-42) de Barcelona para presentar su valoraci\u00f3n respecto a la situaci\u00f3n actual en Catalu\u00f1a y los \u00faltimos acontecimientos en torno a la Declaraci\u00f3n Unilateral de Independencia (DUI), as\u00ed como una nueva\" \/>\n\t\t<meta name=\"twitter:image\" content=\"https:\/\/www.eldigitaldeasturias.com\/noticias\/wp-content\/uploads\/2020\/12\/EDA-1.jpg\" \/>\n\t\t<meta name=\"twitter:label1\" content=\"Escrito por\" \/>\n\t\t<meta name=\"twitter:data1\" content=\"El Digital de Asturias\" \/>\n\t\t<meta name=\"twitter:label2\" content=\"Tiempo de lectura estimado\" \/>\n\t\t<meta name=\"twitter:data2\" content=\"2 minutos\" \/>\n\t\t<script type=\"application\/ld+json\" class=\"aioseo-schema\">\n\t\t\t{\"@context\":\"https:\\\/\\\/schema.org\",\"@graph\":[{\"@type\":\"BlogPosting\",\"@id\":\"https:\\\/\\\/www.eldigitaldeasturias.com\\\/noticias\\\/recortes-cero-presenta-manana-una-nueva-campana-en-respuesta-a-la-dui-de-puigdemont\\\/#blogposting\",\"name\":\"Recortes Cero presenta ma\\u00f1ana una nueva campa\\u00f1a en respuesta a la DUI de Puigdemont - El Digital de Asturias\",\"headline\":\"Recortes Cero presenta ma\\u00f1ana una nueva campa\\u00f1a en respuesta a la DUI de Puigdemont\",\"author\":{\"@id\":\"https:\\\/\\\/www.eldigitaldeasturias.com\\\/noticias\\\/author\\\/admin\\\/#author\"},\"publisher\":{\"@id\":\"https:\\\/\\\/www.eldigitaldeasturias.com\\\/noticias\\\/#organization\"},\"image\":{\"@type\":\"ImageObject\",\"url\":955852},\"datePublished\":\"2017-10-12T20:28:01+02:00\",\"dateModified\":\"2017-10-12T20:28:01+02:00\",\"inLanguage\":\"es-ES\",\"mainEntityOfPage\":{\"@id\":\"https:\\\/\\\/www.eldigitaldeasturias.com\\\/noticias\\\/recortes-cero-presenta-manana-una-nueva-campana-en-respuesta-a-la-dui-de-puigdemont\\\/#webpage\"},\"isPartOf\":{\"@id\":\"https:\\\/\\\/www.eldigitaldeasturias.com\\\/noticias\\\/recortes-cero-presenta-manana-una-nueva-campana-en-respuesta-a-la-dui-de-puigdemont\\\/#webpage\"},\"articleSection\":\"Actualidad\"},{\"@type\":\"BreadcrumbList\",\"@id\":\"https:\\\/\\\/www.eldigitaldeasturias.com\\\/noticias\\\/recortes-cero-presenta-manana-una-nueva-campana-en-respuesta-a-la-dui-de-puigdemont\\\/#breadcrumblist\",\"itemListElement\":[{\"@type\":\"ListItem\",\"@id\":\"https:\\\/\\\/www.eldigitaldeasturias.com\\\/noticias#listItem\",\"position\":1,\"name\":\"Home\",\"item\":\"https:\\\/\\\/www.eldigitaldeasturias.com\\\/noticias\",\"nextItem\":{\"@type\":\"ListItem\",\"@id\":\"https:\\\/\\\/www.eldigitaldeasturias.com\\\/noticias\\\/category\\\/actualidad\\\/#listItem\",\"name\":\"Actualidad\"}},{\"@type\":\"ListItem\",\"@id\":\"https:\\\/\\\/www.eldigitaldeasturias.com\\\/noticias\\\/category\\\/actualidad\\\/#listItem\",\"position\":2,\"name\":\"Actualidad\",\"item\":\"https:\\\/\\\/www.eldigitaldeasturias.com\\\/noticias\\\/category\\\/actualidad\\\/\",\"nextItem\":{\"@type\":\"ListItem\",\"@id\":\"https:\\\/\\\/www.eldigitaldeasturias.com\\\/noticias\\\/recortes-cero-presenta-manana-una-nueva-campana-en-respuesta-a-la-dui-de-puigdemont\\\/#listItem\",\"name\":\"Recortes Cero presenta ma\\u00f1ana una nueva campa\\u00f1a en respuesta a la DUI de Puigdemont\"},\"previousItem\":{\"@type\":\"ListItem\",\"@id\":\"https:\\\/\\\/www.eldigitaldeasturias.com\\\/noticias#listItem\",\"name\":\"Home\"}},{\"@type\":\"ListItem\",\"@id\":\"https:\\\/\\\/www.eldigitaldeasturias.com\\\/noticias\\\/recortes-cero-presenta-manana-una-nueva-campana-en-respuesta-a-la-dui-de-puigdemont\\\/#listItem\",\"position\":3,\"name\":\"Recortes Cero presenta ma\\u00f1ana una nueva campa\\u00f1a en respuesta a la DUI de Puigdemont\",\"previousItem\":{\"@type\":\"ListItem\",\"@id\":\"https:\\\/\\\/www.eldigitaldeasturias.com\\\/noticias\\\/category\\\/actualidad\\\/#listItem\",\"name\":\"Actualidad\"}}]},{\"@type\":\"Organization\",\"@id\":\"https:\\\/\\\/www.eldigitaldeasturias.com\\\/noticias\\\/#organization\",\"name\":\"El Digital de Asturias\",\"description\":\"Hemeroteca\",\"url\":\"https:\\\/\\\/www.eldigitaldeasturias.com\\\/noticias\\\/\",\"email\":\"info@eldigitaldeasturias.com\",\"telephone\":\"+34652131393\",\"logo\":{\"@type\":\"ImageObject\",\"url\":\"https:\\\/\\\/www.eldigitaldeasturias.com\\\/noticias\\\/wp-content\\\/uploads\\\/2020\\\/12\\\/EDA.jpg\",\"@id\":\"https:\\\/\\\/www.eldigitaldeasturias.com\\\/noticias\\\/recortes-cero-presenta-manana-una-nueva-campana-en-respuesta-a-la-dui-de-puigdemont\\\/#organizationLogo\"},\"image\":{\"@id\":\"https:\\\/\\\/www.eldigitaldeasturias.com\\\/noticias\\\/recortes-cero-presenta-manana-una-nueva-campana-en-respuesta-a-la-dui-de-puigdemont\\\/#organizationLogo\"},\"sameAs\":[\"https:\\\/\\\/facebook.com\\\/eldigitaldeasturias\",\"https:\\\/\\\/www.youtube.com\\\/channel\\\/UCZP-2wLEB9Rv6erhFmqVnvg\"],\"address\":{\"@id\":\"https:\\\/\\\/www.eldigitaldeasturias.com\\\/noticias\\\/#postaladdress\",\"@type\":\"PostalAddress\",\"streetAddress\":\"san antonio 4\",\"postalCode\":\"33430\",\"addressLocality\":\"Cand\\u00e1s\",\"addressRegion\":\"Asturias\",\"addressCountry\":\"ES\"}},{\"@type\":\"Person\",\"@id\":\"https:\\\/\\\/www.eldigitaldeasturias.com\\\/noticias\\\/author\\\/admin\\\/#author\",\"url\":\"https:\\\/\\\/www.eldigitaldeasturias.com\\\/noticias\\\/author\\\/admin\\\/\",\"name\":\"El Digital de Asturias\",\"image\":{\"@type\":\"ImageObject\",\"@id\":\"https:\\\/\\\/www.eldigitaldeasturias.com\\\/noticias\\\/recortes-cero-presenta-manana-una-nueva-campana-en-respuesta-a-la-dui-de-puigdemont\\\/#authorImage\",\"url\":\"https:\\\/\\\/secure.gravatar.com\\\/avatar\\\/df2aeffc32bcd13f8d26072ef8a91b623d677766deac7f97ca815868cd41bf5e?s=96&d=mm&r=g\",\"width\":96,\"height\":96,\"caption\":\"El Digital de Asturias\"}},{\"@type\":\"WebPage\",\"@id\":\"https:\\\/\\\/www.eldigitaldeasturias.com\\\/noticias\\\/recortes-cero-presenta-manana-una-nueva-campana-en-respuesta-a-la-dui-de-puigdemont\\\/#webpage\",\"url\":\"https:\\\/\\\/www.eldigitaldeasturias.com\\\/noticias\\\/recortes-cero-presenta-manana-una-nueva-campana-en-respuesta-a-la-dui-de-puigdemont\\\/\",\"name\":\"Recortes Cero presenta ma\\u00f1ana una nueva campa\\u00f1a en respuesta a la DUI de Puigdemont - El Digital de Asturias\",\"description\":\"Recortes Cero celebrar\\u00e1 el pr\\u00f3ximo viernes 13 de octubre una rueda de prensa a las 11:30 de la ma\\u00f1ana en el Hotel Rialto (Ferran 40-42) de Barcelona para presentar su valoraci\\u00f3n respecto a la situaci\\u00f3n actual en Catalu\\u00f1a y los \\u00faltimos acontecimientos en torno a la Declaraci\\u00f3n Unilateral de Independencia (DUI), as\\u00ed como una nueva\",\"inLanguage\":\"es-ES\",\"isPartOf\":{\"@id\":\"https:\\\/\\\/www.eldigitaldeasturias.com\\\/noticias\\\/#website\"},\"breadcrumb\":{\"@id\":\"https:\\\/\\\/www.eldigitaldeasturias.com\\\/noticias\\\/recortes-cero-presenta-manana-una-nueva-campana-en-respuesta-a-la-dui-de-puigdemont\\\/#breadcrumblist\"},\"author\":{\"@id\":\"https:\\\/\\\/www.eldigitaldeasturias.com\\\/noticias\\\/author\\\/admin\\\/#author\"},\"creator\":{\"@id\":\"https:\\\/\\\/www.eldigitaldeasturias.com\\\/noticias\\\/author\\\/admin\\\/#author\"},\"image\":{\"@type\":\"ImageObject\",\"url\":955852,\"@id\":\"https:\\\/\\\/www.eldigitaldeasturias.com\\\/noticias\\\/recortes-cero-presenta-manana-una-nueva-campana-en-respuesta-a-la-dui-de-puigdemont\\\/#mainImage\"},\"primaryImageOfPage\":{\"@id\":\"https:\\\/\\\/www.eldigitaldeasturias.com\\\/noticias\\\/recortes-cero-presenta-manana-una-nueva-campana-en-respuesta-a-la-dui-de-puigdemont\\\/#mainImage\"},\"datePublished\":\"2017-10-12T20:28:01+02:00\",\"dateModified\":\"2017-10-12T20:28:01+02:00\"},{\"@type\":\"WebSite\",\"@id\":\"https:\\\/\\\/www.eldigitaldeasturias.com\\\/noticias\\\/#website\",\"url\":\"https:\\\/\\\/www.eldigitaldeasturias.com\\\/noticias\\\/\",\"name\":\"El Digital de Asturias - Diario de actualidad y noticias\",\"alternateName\":\"El Digital de Asturias - Diario de actualidad y noticias\",\"description\":\"Hemeroteca\",\"inLanguage\":\"es-ES\",\"publisher\":{\"@id\":\"https:\\\/\\\/www.eldigitaldeasturias.com\\\/noticias\\\/#organization\"}}]}\n\t\t<\/script>\n\t\t<!-- All in One SEO Pro -->\r\n\t\t<title>Recortes Cero presenta ma\u00f1ana una nueva campa\u00f1a en respuesta a la DUI de Puigdemont - El Digital de Asturias<\/title>\n\n","aioseo_head_json":{"title":"Recortes Cero presenta ma\u00f1ana una nueva campa\u00f1a en respuesta a la DUI de Puigdemont - El Digital de Asturias","description":"Recortes Cero celebrar\u00e1 el pr\u00f3ximo viernes 13 de octubre una rueda de prensa a las 11:30 de la ma\u00f1ana en el Hotel Rialto (Ferran 40-42) de Barcelona para presentar su valoraci\u00f3n respecto a la situaci\u00f3n actual en Catalu\u00f1a y los \u00faltimos acontecimientos en torno a la Declaraci\u00f3n Unilateral de Independencia (DUI), as\u00ed como una nueva","canonical_url":"https:\/\/www.eldigitaldeasturias.com\/noticias\/recortes-cero-presenta-manana-una-nueva-campana-en-respuesta-a-la-dui-de-puigdemont\/","robots":"max-image-preview:large","keywords":"actualidad","webmasterTools":{"google-site-verification":"UA-38556648-1","msvalidate.01":"7dfe9f3f1b24437ab69f4f2559babe99","miscellaneous":""},"schema":{"@context":"https:\/\/schema.org","@graph":[{"@type":"BlogPosting","@id":"https:\/\/www.eldigitaldeasturias.com\/noticias\/recortes-cero-presenta-manana-una-nueva-campana-en-respuesta-a-la-dui-de-puigdemont\/#blogposting","name":"Recortes Cero presenta ma\u00f1ana una nueva campa\u00f1a en respuesta a la DUI de Puigdemont - El Digital de Asturias","headline":"Recortes Cero presenta ma\u00f1ana una nueva campa\u00f1a en respuesta a la DUI de Puigdemont","author":{"@id":"https:\/\/www.eldigitaldeasturias.com\/noticias\/author\/admin\/#author"},"publisher":{"@id":"https:\/\/www.eldigitaldeasturias.com\/noticias\/#organization"},"image":{"@type":"ImageObject","url":955852},"datePublished":"2017-10-12T20:28:01+02:00","dateModified":"2017-10-12T20:28:01+02:00","inLanguage":"es-ES","mainEntityOfPage":{"@id":"https:\/\/www.eldigitaldeasturias.com\/noticias\/recortes-cero-presenta-manana-una-nueva-campana-en-respuesta-a-la-dui-de-puigdemont\/#webpage"},"isPartOf":{"@id":"https:\/\/www.eldigitaldeasturias.com\/noticias\/recortes-cero-presenta-manana-una-nueva-campana-en-respuesta-a-la-dui-de-puigdemont\/#webpage"},"articleSection":"Actualidad"},{"@type":"BreadcrumbList","@id":"https:\/\/www.eldigitaldeasturias.com\/noticias\/recortes-cero-presenta-manana-una-nueva-campana-en-respuesta-a-la-dui-de-puigdemont\/#breadcrumblist","itemListElement":[{"@type":"ListItem","@id":"https:\/\/www.eldigitaldeasturias.com\/noticias#listItem","position":1,"name":"Home","item":"https:\/\/www.eldigitaldeasturias.com\/noticias","nextItem":{"@type":"ListItem","@id":"https:\/\/www.eldigitaldeasturias.com\/noticias\/category\/actualidad\/#listItem","name":"Actualidad"}},{"@type":"ListItem","@id":"https:\/\/www.eldigitaldeasturias.com\/noticias\/category\/actualidad\/#listItem","position":2,"name":"Actualidad","item":"https:\/\/www.eldigitaldeasturias.com\/noticias\/category\/actualidad\/","nextItem":{"@type":"ListItem","@id":"https:\/\/www.eldigitaldeasturias.com\/noticias\/recortes-cero-presenta-manana-una-nueva-campana-en-respuesta-a-la-dui-de-puigdemont\/#listItem","name":"Recortes Cero presenta ma\u00f1ana una nueva campa\u00f1a en respuesta a la DUI de Puigdemont"},"previousItem":{"@type":"ListItem","@id":"https:\/\/www.eldigitaldeasturias.com\/noticias#listItem","name":"Home"}},{"@type":"ListItem","@id":"https:\/\/www.eldigitaldeasturias.com\/noticias\/recortes-cero-presenta-manana-una-nueva-campana-en-respuesta-a-la-dui-de-puigdemont\/#listItem","position":3,"name":"Recortes Cero presenta ma\u00f1ana una nueva campa\u00f1a en respuesta a la DUI de Puigdemont","previousItem":{"@type":"ListItem","@id":"https:\/\/www.eldigitaldeasturias.com\/noticias\/category\/actualidad\/#listItem","name":"Actualidad"}}]},{"@type":"Organization","@id":"https:\/\/www.eldigitaldeasturias.com\/noticias\/#organization","name":"El Digital de Asturias","description":"Hemeroteca","url":"https:\/\/www.eldigitaldeasturias.com\/noticias\/","email":"info@eldigitaldeasturias.com","telephone":"+34652131393","logo":{"@type":"ImageObject","url":"https:\/\/www.eldigitaldeasturias.com\/noticias\/wp-content\/uploads\/2020\/12\/EDA.jpg","@id":"https:\/\/www.eldigitaldeasturias.com\/noticias\/recortes-cero-presenta-manana-una-nueva-campana-en-respuesta-a-la-dui-de-puigdemont\/#organizationLogo"},"image":{"@id":"https:\/\/www.eldigitaldeasturias.com\/noticias\/recortes-cero-presenta-manana-una-nueva-campana-en-respuesta-a-la-dui-de-puigdemont\/#organizationLogo"},"sameAs":["https:\/\/facebook.com\/eldigitaldeasturias","https:\/\/www.youtube.com\/channel\/UCZP-2wLEB9Rv6erhFmqVnvg"],"address":{"@id":"https:\/\/www.eldigitaldeasturias.com\/noticias\/#postaladdress","@type":"PostalAddress","streetAddress":"san antonio 4","postalCode":"33430","addressLocality":"Cand\u00e1s","addressRegion":"Asturias","addressCountry":"ES"}},{"@type":"Person","@id":"https:\/\/www.eldigitaldeasturias.com\/noticias\/author\/admin\/#author","url":"https:\/\/www.eldigitaldeasturias.com\/noticias\/author\/admin\/","name":"El Digital de Asturias","image":{"@type":"ImageObject","@id":"https:\/\/www.eldigitaldeasturias.com\/noticias\/recortes-cero-presenta-manana-una-nueva-campana-en-respuesta-a-la-dui-de-puigdemont\/#authorImage","url":"https:\/\/secure.gravatar.com\/avatar\/df2aeffc32bcd13f8d26072ef8a91b623d677766deac7f97ca815868cd41bf5e?s=96&d=mm&r=g","width":96,"height":96,"caption":"El Digital de Asturias"}},{"@type":"WebPage","@id":"https:\/\/www.eldigitaldeasturias.com\/noticias\/recortes-cero-presenta-manana-una-nueva-campana-en-respuesta-a-la-dui-de-puigdemont\/#webpage","url":"https:\/\/www.eldigitaldeasturias.com\/noticias\/recortes-cero-presenta-manana-una-nueva-campana-en-respuesta-a-la-dui-de-puigdemont\/","name":"Recortes Cero presenta ma\u00f1ana una nueva campa\u00f1a en respuesta a la DUI de Puigdemont - El Digital de Asturias","description":"Recortes Cero celebrar\u00e1 el pr\u00f3ximo viernes 13 de octubre una rueda de prensa a las 11:30 de la ma\u00f1ana en el Hotel Rialto (Ferran 40-42) de Barcelona para presentar su valoraci\u00f3n respecto a la situaci\u00f3n actual en Catalu\u00f1a y los \u00faltimos acontecimientos en torno a la Declaraci\u00f3n Unilateral de Independencia (DUI), as\u00ed como una nueva","inLanguage":"es-ES","isPartOf":{"@id":"https:\/\/www.eldigitaldeasturias.com\/noticias\/#website"},"breadcrumb":{"@id":"https:\/\/www.eldigitaldeasturias.com\/noticias\/recortes-cero-presenta-manana-una-nueva-campana-en-respuesta-a-la-dui-de-puigdemont\/#breadcrumblist"},"author":{"@id":"https:\/\/www.eldigitaldeasturias.com\/noticias\/author\/admin\/#author"},"creator":{"@id":"https:\/\/www.eldigitaldeasturias.com\/noticias\/author\/admin\/#author"},"image":{"@type":"ImageObject","url":955852,"@id":"https:\/\/www.eldigitaldeasturias.com\/noticias\/recortes-cero-presenta-manana-una-nueva-campana-en-respuesta-a-la-dui-de-puigdemont\/#mainImage"},"primaryImageOfPage":{"@id":"https:\/\/www.eldigitaldeasturias.com\/noticias\/recortes-cero-presenta-manana-una-nueva-campana-en-respuesta-a-la-dui-de-puigdemont\/#mainImage"},"datePublished":"2017-10-12T20:28:01+02:00","dateModified":"2017-10-12T20:28:01+02:00"},{"@type":"WebSite","@id":"https:\/\/www.eldigitaldeasturias.com\/noticias\/#website","url":"https:\/\/www.eldigitaldeasturias.com\/noticias\/","name":"El Digital de Asturias - Diario de actualidad y noticias","alternateName":"El Digital de Asturias - Diario de actualidad y noticias","description":"Hemeroteca","inLanguage":"es-ES","publisher":{"@id":"https:\/\/www.eldigitaldeasturias.com\/noticias\/#organization"}}]},"og:locale":"es_ES","og:site_name":"El Digital de Asturias","og:type":"article","og:title":"Recortes Cero presenta ma\u00f1ana una nueva campa\u00f1a en respuesta a la DUI de Puigdemont - El Digital de Asturias","og:description":"Recortes Cero celebrar\u00e1 el pr\u00f3ximo viernes 13 de octubre una rueda de prensa a las 11:30 de la ma\u00f1ana en el Hotel Rialto (Ferran 40-42) de Barcelona para presentar su valoraci\u00f3n respecto a la situaci\u00f3n actual en Catalu\u00f1a y los \u00faltimos acontecimientos en torno a la Declaraci\u00f3n Unilateral de Independencia (DUI), as\u00ed como una nueva","og:url":"https:\/\/www.eldigitaldeasturias.com\/noticias\/recortes-cero-presenta-manana-una-nueva-campana-en-respuesta-a-la-dui-de-puigdemont\/","article:tag":["actualidad"],"article:published_time":"2017-10-12T20:28:01+00:00","article:modified_time":"2017-10-12T20:28:01+00:00","article:publisher":"https:\/\/facebook.com\/eldigitaldeasturias","twitter:card":"summary_large_image","twitter:title":"Recortes Cero presenta ma\u00f1ana una nueva campa\u00f1a en respuesta a la DUI de Puigdemont - El Digital de Asturias","twitter:description":"Recortes Cero celebrar\u00e1 el pr\u00f3ximo viernes 13 de octubre una rueda de prensa a las 11:30 de la ma\u00f1ana en el Hotel Rialto (Ferran 40-42) de Barcelona para presentar su valoraci\u00f3n respecto a la situaci\u00f3n actual en Catalu\u00f1a y los \u00faltimos acontecimientos en torno a la Declaraci\u00f3n Unilateral de Independencia (DUI), as\u00ed como una nueva","twitter:image":"https:\/\/www.eldigitaldeasturias.com\/noticias\/wp-content\/uploads\/2020\/12\/EDA-1.jpg","twitter:label1":"Escrito por","twitter:data1":"El Digital de Asturias","twitter:label2":"Tiempo de lectura estimado","twitter:data2":"2 minutos"},"aioseo_meta_data":{"post_id":"955851","title":null,"description":null,"keywords":null,"keyphrases":null,"primary_term":null,"canonical_url":null,"og_title":null,"og_description":null,"og_object_type":"default","og_image_type":"default","og_image_url":null,"og_image_width":null,"og_image_height":null,"og_image_custom_url":null,"og_image_custom_fields":null,"og_video":null,"og_custom_url":null,"og_article_section":null,"og_article_tags":null,"twitter_use_og":false,"twitter_card":"default","twitter_image_type":"default","twitter_image_url":null,"twitter_image_custom_url":null,"twitter_image_custom_fields":null,"twitter_title":null,"twitter_description":null,"schema":{"blockGraphs":[],"customGraphs":[],"default":{"data":{"Article":[],"Course":[],"Dataset":[],"FAQPage":[],"Movie":[],"Person":[],"Product":[],"ProductReview":[],"Car":[],"Recipe":[],"Service":[],"SoftwareApplication":[],"WebPage":[]},"graphName":"","isEnabled":true},"graphs":[],"defaultGraph":"","defaultPostTypeGraph":""},"schema_type":null,"schema_type_options":null,"pillar_content":false,"robots_default":true,"robots_noindex":false,"robots_noarchive":false,"robots_nosnippet":false,"robots_nofollow":false,"robots_noimageindex":false,"robots_noodp":false,"robots_notranslate":false,"robots_max_snippet":null,"robots_max_videopreview":null,"robots_max_imagepreview":"large","priority":null,"frequency":null,"local_seo":null,"seo_analyzer_scan_date":"2025-12-06 11:36:08","breadcrumb_settings":null,"limit_modified_date":false,"open_ai":null,"ai":null,"created":"2020-12-21 12:56:15","updated":"2025-12-06 11:36:08","focus_keyword":null,"additional_keywords":null,"truseo_locale":null},"aioseo_breadcrumb":"<div class=\"aioseo-breadcrumbs\"><span class=\"aioseo-breadcrumb\">\n\t<a href=\"https:\/\/www.eldigitaldeasturias.com\/noticias\" title=\"Home\">Home<\/a>\n<\/span><span class=\"aioseo-breadcrumb-separator\">\u2013<\/span><span class=\"aioseo-breadcrumb\">\n\t<a href=\"https:\/\/www.eldigitaldeasturias.com\/noticias\/category\/actualidad\/\" title=\"Actualidad\">Actualidad<\/a>\n<\/span><span class=\"aioseo-breadcrumb-separator\">\u2013<\/span><span class=\"aioseo-breadcrumb\">\n\t<a href=\"https:\/\/www.eldigitaldeasturias.com\/noticias\/recortes-cero-presenta-manana-una-nueva-campana-en-respuesta-a-la-dui-de-puigdemont\/\" title=\"Recortes Cero presenta ma\u00f1ana una nueva campa\u00f1a en respuesta a la DUI de Puigdemont\">Recortes Cero presenta ma\u00f1ana una nueva campa\u00f1a en respuesta a la DUI de Puigdemont<\/a>\n<\/span><\/div>","aioseo_breadcrumb_json":[{"label":"Home","link":"https:\/\/www.eldigitaldeasturias.com\/noticias"},{"label":"Actualidad","link":"https:\/\/www.eldigitaldeasturias.com\/noticias\/category\/actualidad\/"},{"label":"Recortes Cero presenta ma\u00f1ana una nueva campa\u00f1a en respuesta a la DUI de Puigdemont","link":"https:\/\/www.eldigitaldeasturias.com\/noticias\/recortes-cero-presenta-manana-una-nueva-campana-en-respuesta-a-la-dui-de-puigdemont\/"}],"_links":{"self":[{"href":"https:\/\/www.eldigitaldeasturias.com\/noticias\/wp-json\/wp\/v2\/posts\/955851","targetHints":{"allow":["GET"]}}],"collection":[{"href":"https:\/\/www.eldigitaldeasturias.com\/noticias\/wp-json\/wp\/v2\/posts"}],"about":[{"href":"https:\/\/www.eldigitaldeasturias.com\/noticias\/wp-json\/wp\/v2\/types\/post"}],"author":[{"embeddable":true,"href":"https:\/\/www.eldigitaldeasturias.com\/noticias\/wp-json\/wp\/v2\/users\/1"}],"replies":[{"embeddable":true,"href":"https:\/\/www.eldigitaldeasturias.com\/noticias\/wp-json\/wp\/v2\/comments?post=955851"}],"version-history":[{"count":0,"href":"https:\/\/www.eldigitaldeasturias.com\/noticias\/wp-json\/wp\/v2\/posts\/955851\/revisions"}],"wp:attachment":[{"href":"https:\/\/www.eldigitaldeasturias.com\/noticias\/wp-json\/wp\/v2\/media?parent=955851"}],"wp:term":[{"taxonomy":"category","embeddable":true,"href":"https:\/\/www.eldigitaldeasturias.com\/noticias\/wp-json\/wp\/v2\/categories?post=955851"},{"taxonomy":"post_tag","embeddable":true,"href":"https:\/\/www.eldigitaldeasturias.com\/noticias\/wp-json\/wp\/v2\/tags?post=955851"}],"curies":[{"name":"wp","href":"https:\/\/api.w.org\/{rel}","templated":true}]}}