{"id":955671,"date":"2017-10-11T14:23:39","date_gmt":"2017-10-11T14:23:39","guid":{"rendered":"http:\/\/www.eldigitaldeasturias.com\/noticias\/?p=955671"},"modified":"2017-10-11T14:23:39","modified_gmt":"2017-10-11T14:23:39","slug":"el-ipc-aumento-en-septiembre-de-2017","status":"publish","type":"post","link":"https:\/\/www.eldigitaldeasturias.com\/noticias\/el-ipc-aumento-en-septiembre-de-2017\/","title":{"rendered":"El IPC aument\u00f3 en septiembre de 2017"},"content":{"rendered":"<p><img loading=\"lazy\" decoding=\"async\" class=\"alignleft size-medium wp-image-955672\" src=\"https:\/\/www.eldigitaldeasturias.com\/noticias\/wp-content\/uploads\/2017\/10\/11022016-grafica-alza-360x239.jpg\" alt=\"\" width=\"360\" height=\"239\" \/>El \u00cdndice de Precios de Consumo (IPC) aument\u00f3 en septiembre de 2017 un 1,8% interanual, tasa coincidente con la adelantada por el INE a finales del pasado mes, y dos d\u00e9cimas superior a la del mes de agosto, seg\u00fan las cifras publicadas por el Instituto Nacional de Estad\u00edstica (INE).<\/p>\n<p>\u200bEsta evoluci\u00f3n se explica principalmente por el aumento de los precios de la alimentaci\u00f3n no elaborada, tras la ca\u00edda de agosto, y en menor medida por la aceleraci\u00f3n de los servicios y de los bienes industriales no energ\u00e9ticos (BINE), parcialmente compensada por el menor ritmo de crecimiento de los precios de los productos energ\u00e9ticos y de la alimentaci\u00f3n elaborada. En t\u00e9rminos intermensuales, el IPC ha crecido un 0,2% en septiembre de 2017, frente a la variaci\u00f3n nula del mismo mes de 2016.<\/p>\n<p>Los precios de los productos energ\u00e9ticos aumentaron un 5,8% interanual, cinco d\u00e9cimas menos que en agosto, por la desaceleraci\u00f3n de los precios de la electricidad, que pasaron de registrar una tasa del 5,4% interanual en agosto al 4,4% en septiembre, y del gas, que redujeron su crecimiento 1,2 puntos, hasta el 11,4%. Por su parte, los precios de los carburantes y lubricantes se aceleraron una d\u00e9cima, hasta el 5,5%.<\/p>\n<p>La inflaci\u00f3n de la alimentaci\u00f3n se situ\u00f3 en el 1,3% en septiembre, un punto superior a la del mes precedente. Los precios de la alimentaci\u00f3n no elaborada crecieron el 2,2%, tras caer el 1,6% en el mes anterior, debido principalmente a la evoluci\u00f3n de los precios de las frutas frescas, que moderaron 12,1 puntos su ritmo de descenso, hasta el 2,7%, y, en menor medida, de los de las legumbres y hortalizas frescas, cuyos precios se aceleraron 6,5 puntos en septiembre, hasta el 8,6%. Los precios de la alimentaci\u00f3n elaborada, bebidas y tabaco aumentaron el 0,9% en septiembre, dos d\u00e9cimas menos que en agosto.<\/p>\n<p>La inflaci\u00f3n subyacente (que excluye la alimentaci\u00f3n no elaborada y los productos energ\u00e9ticos, que son los elementos m\u00e1s vol\u00e1tiles del IPC) se mantuvo en el 1,2% en septiembre, al compensarse el menor aumento de la alimentaci\u00f3n elaborada con la aceleraci\u00f3n de los servicios y de los BINE. Los servicios crecieron el 1,8% interanual, una d\u00e9cima m\u00e1s que en agosto, destacando la evoluci\u00f3n de los precios de los paquetes tur\u00edsticos, que se aceleraron 2,6 puntos, hasta el 8,8%, y del transporte p\u00fablico interurbano, que aumentaron su ritmo de crecimiento 1,8 puntos, hasta el 4,3%. Por su parte, los precios de los BINE aumentaron ligeramente en septiembre, el 0,1%, tras la estabilizaci\u00f3n del mes anterior.<\/p>\n<p>En t\u00e9rminos intermensuales, el IPC se ha incrementado el 0,2% en septiembre de 2017, frente a la variaci\u00f3n nula del mismo mes de 2016. Por componentes, los precios de los servicios cayeron el 0,7%, una d\u00e9cima menos que un a\u00f1o antes; los de los BINE aumentaron un 1,4%, una d\u00e9cima m\u00e1s que en septiembre de 2016; los de la alimentaci\u00f3n se incrementaron el 0,2% (-0,8% un a\u00f1o antes); y los de los productos energ\u00e9ticos aumentaron el 1%, cinco d\u00e9cimas menos que en septiembre del a\u00f1o pasado.<\/p>\n<p>Dentro del grupo de alimentaci\u00f3n, los precios de los alimentos no elaborados registraron en septiembre de 2017 una tasa intermensual del 1,2% (-2,6% en el mismo mes de 2016), y los de los alimentos elaborados una tasa del -0,2% (0% un a\u00f1o antes).<\/p>\n<p>La tasa interanual del IPC se increment\u00f3 en septiembre en doce comunidades aut\u00f3nomas y se mantuvo sin cambios en las otras cinco. Los mayores incrementos se produjeron en la Comunidad de Madrid (cuatro d\u00e9cimas, hasta el 1,8%), Andaluc\u00eda y Comunitat Valenciana (ambas tres d\u00e9cimas, hasta el 1,8%). Las comunidades que mantuvieron su tasa de inflaci\u00f3n inalterada respecto a la del mes de agosto fueron Cantabria (1,8%), Galicia (1,8%), Castilla y Le\u00f3n (1,7%), Principado de Asturias (1,5%) y Canarias (1,4%).<\/p>\n<p>La tasa interanual del IPC a impuestos constantes se situ\u00f3 en septiembre en el 1,8%, al igual que la del IPC general.<\/p>\n<p>El INE ha publicado asimismo el IPC armonizado (IPCA) correspondiente al mes de septiembre, cuya tasa de variaci\u00f3n interanual se sit\u00faa en el 1,8%, dos d\u00e9cimas inferior a la de agosto. Por su parte, la tasa adelantada por Eurostat para el conjunto de la zona euro se sit\u00faa en el 1,5% en septiembre, id\u00e9ntica a la del mes anterior, resultando un diferencial de inflaci\u00f3n para Espa\u00f1a respecto a la zona euro de 0,3 puntos, dos d\u00e9cimas inferior al de agosto.<\/p>\n","protected":false},"excerpt":{"rendered":"<p>El \u00cdndice de Precios de Consumo (IPC) aument\u00f3 en septiembre de 2017 un 1,8% interanual, tasa coincidente con la adelantada por el INE a finales del pasado mes, y dos d\u00e9cimas superior a la del mes de agosto, seg\u00fan las cifras publicadas por el Instituto Nacional de Estad\u00edstica (INE). \u200bEsta evoluci\u00f3n se explica principalmente por [&hellip;]<\/p>\n","protected":false},"author":1,"featured_media":955672,"comment_status":"closed","ping_status":"closed","sticky":false,"template":"","format":"standard","meta":{"footnotes":""},"categories":[1],"tags":[],"class_list":["post-955671","post","type-post","status-publish","format-standard","has-post-thumbnail","hentry","category-actualidad"],"aioseo_notices":[],"aioseo_head":"\n\t\t<!-- All in One SEO Pro 5.0.1 - aioseo.com -->\n\t<meta name=\"description\" content=\"El \u00cdndice de Precios de Consumo (IPC) aument\u00f3 en septiembre de 2017 un 1,8% interanual, tasa coincidente con la adelantada por el INE a finales del pasado mes, y dos d\u00e9cimas superior a la del mes de agosto, seg\u00fan las cifras publicadas por el Instituto Nacional de Estad\u00edstica (INE). \u200bEsta evoluci\u00f3n se explica principalmente por\" \/>\n\t<meta name=\"robots\" content=\"max-image-preview:large\" \/>\n\t<meta name=\"author\" content=\"El Digital de Asturias\"\/>\n\t<meta name=\"google-site-verification\" content=\"UA-38556648-1\" \/>\n\t<meta name=\"msvalidate.01\" content=\"7dfe9f3f1b24437ab69f4f2559babe99\" \/>\n\t<meta name=\"keywords\" content=\"actualidad\" \/>\n\t<link rel=\"canonical\" href=\"https:\/\/www.eldigitaldeasturias.com\/noticias\/el-ipc-aumento-en-septiembre-de-2017\/\" \/>\n\t<meta name=\"generator\" content=\"All in One SEO Pro (AIOSEO) 5.0.1\" \/>\n\t\t<meta property=\"og:locale\" content=\"es_ES\" \/>\n\t\t<meta property=\"og:site_name\" content=\"El Digital de Asturias\" \/>\n\t\t<meta property=\"og:type\" content=\"article\" \/>\n\t\t<meta property=\"og:title\" content=\"El IPC aument\u00f3 en septiembre de 2017 - El Digital de Asturias\" \/>\n\t\t<meta property=\"og:description\" content=\"El \u00cdndice de Precios de Consumo (IPC) aument\u00f3 en septiembre de 2017 un 1,8% interanual, tasa coincidente con la adelantada por el INE a finales del pasado mes, y dos d\u00e9cimas superior a la del mes de agosto, seg\u00fan las cifras publicadas por el Instituto Nacional de Estad\u00edstica (INE). \u200bEsta evoluci\u00f3n se explica principalmente por\" \/>\n\t\t<meta property=\"og:url\" content=\"https:\/\/www.eldigitaldeasturias.com\/noticias\/el-ipc-aumento-en-septiembre-de-2017\/\" \/>\n\t\t<meta property=\"article:tag\" content=\"actualidad\" \/>\n\t\t<meta property=\"article:published_time\" content=\"2017-10-11T14:23:39+00:00\" \/>\n\t\t<meta property=\"article:modified_time\" content=\"2017-10-11T14:23:39+00:00\" \/>\n\t\t<meta property=\"article:publisher\" content=\"https:\/\/facebook.com\/eldigitaldeasturias\" \/>\n\t\t<meta name=\"twitter:card\" content=\"summary_large_image\" \/>\n\t\t<meta name=\"twitter:title\" content=\"El IPC aument\u00f3 en septiembre de 2017 - El Digital de Asturias\" \/>\n\t\t<meta name=\"twitter:description\" content=\"El \u00cdndice de Precios de Consumo (IPC) aument\u00f3 en septiembre de 2017 un 1,8% interanual, tasa coincidente con la adelantada por el INE a finales del pasado mes, y dos d\u00e9cimas superior a la del mes de agosto, seg\u00fan las cifras publicadas por el Instituto Nacional de Estad\u00edstica (INE). \u200bEsta evoluci\u00f3n se explica principalmente por\" \/>\n\t\t<meta name=\"twitter:image\" content=\"https:\/\/www.eldigitaldeasturias.com\/noticias\/wp-content\/uploads\/2020\/12\/EDA-1.jpg\" \/>\n\t\t<meta name=\"twitter:label1\" content=\"Escrito por\" \/>\n\t\t<meta name=\"twitter:data1\" content=\"El Digital de Asturias\" \/>\n\t\t<meta name=\"twitter:label2\" content=\"Tiempo de lectura estimado\" \/>\n\t\t<meta name=\"twitter:data2\" content=\"4 minutos\" \/>\n\t\t<script type=\"application\/ld+json\" class=\"aioseo-schema\">\n\t\t\t{\"@context\":\"https:\\\/\\\/schema.org\",\"@graph\":[{\"@type\":\"BlogPosting\",\"@id\":\"https:\\\/\\\/www.eldigitaldeasturias.com\\\/noticias\\\/el-ipc-aumento-en-septiembre-de-2017\\\/#blogposting\",\"name\":\"El IPC aument\\u00f3 en septiembre de 2017 - El Digital de Asturias\",\"headline\":\"El IPC aument\\u00f3 en septiembre de 2017\",\"author\":{\"@id\":\"https:\\\/\\\/www.eldigitaldeasturias.com\\\/noticias\\\/author\\\/admin\\\/#author\"},\"publisher\":{\"@id\":\"https:\\\/\\\/www.eldigitaldeasturias.com\\\/noticias\\\/#organization\"},\"image\":{\"@type\":\"ImageObject\",\"url\":955672},\"datePublished\":\"2017-10-11T14:23:39+02:00\",\"dateModified\":\"2017-10-11T14:23:39+02:00\",\"inLanguage\":\"es-ES\",\"mainEntityOfPage\":{\"@id\":\"https:\\\/\\\/www.eldigitaldeasturias.com\\\/noticias\\\/el-ipc-aumento-en-septiembre-de-2017\\\/#webpage\"},\"isPartOf\":{\"@id\":\"https:\\\/\\\/www.eldigitaldeasturias.com\\\/noticias\\\/el-ipc-aumento-en-septiembre-de-2017\\\/#webpage\"},\"articleSection\":\"Actualidad\"},{\"@type\":\"BreadcrumbList\",\"@id\":\"https:\\\/\\\/www.eldigitaldeasturias.com\\\/noticias\\\/el-ipc-aumento-en-septiembre-de-2017\\\/#breadcrumblist\",\"itemListElement\":[{\"@type\":\"ListItem\",\"@id\":\"https:\\\/\\\/www.eldigitaldeasturias.com\\\/noticias#listItem\",\"position\":1,\"name\":\"Home\",\"item\":\"https:\\\/\\\/www.eldigitaldeasturias.com\\\/noticias\",\"nextItem\":{\"@type\":\"ListItem\",\"@id\":\"https:\\\/\\\/www.eldigitaldeasturias.com\\\/noticias\\\/category\\\/actualidad\\\/#listItem\",\"name\":\"Actualidad\"}},{\"@type\":\"ListItem\",\"@id\":\"https:\\\/\\\/www.eldigitaldeasturias.com\\\/noticias\\\/category\\\/actualidad\\\/#listItem\",\"position\":2,\"name\":\"Actualidad\",\"item\":\"https:\\\/\\\/www.eldigitaldeasturias.com\\\/noticias\\\/category\\\/actualidad\\\/\",\"nextItem\":{\"@type\":\"ListItem\",\"@id\":\"https:\\\/\\\/www.eldigitaldeasturias.com\\\/noticias\\\/el-ipc-aumento-en-septiembre-de-2017\\\/#listItem\",\"name\":\"El IPC aument\\u00f3 en septiembre de 2017\"},\"previousItem\":{\"@type\":\"ListItem\",\"@id\":\"https:\\\/\\\/www.eldigitaldeasturias.com\\\/noticias#listItem\",\"name\":\"Home\"}},{\"@type\":\"ListItem\",\"@id\":\"https:\\\/\\\/www.eldigitaldeasturias.com\\\/noticias\\\/el-ipc-aumento-en-septiembre-de-2017\\\/#listItem\",\"position\":3,\"name\":\"El IPC aument\\u00f3 en septiembre de 2017\",\"previousItem\":{\"@type\":\"ListItem\",\"@id\":\"https:\\\/\\\/www.eldigitaldeasturias.com\\\/noticias\\\/category\\\/actualidad\\\/#listItem\",\"name\":\"Actualidad\"}}]},{\"@type\":\"Organization\",\"@id\":\"https:\\\/\\\/www.eldigitaldeasturias.com\\\/noticias\\\/#organization\",\"name\":\"El Digital de Asturias\",\"description\":\"Hemeroteca\",\"url\":\"https:\\\/\\\/www.eldigitaldeasturias.com\\\/noticias\\\/\",\"email\":\"info@eldigitaldeasturias.com\",\"telephone\":\"+34652131393\",\"logo\":{\"@type\":\"ImageObject\",\"url\":\"https:\\\/\\\/www.eldigitaldeasturias.com\\\/noticias\\\/wp-content\\\/uploads\\\/2020\\\/12\\\/EDA.jpg\",\"@id\":\"https:\\\/\\\/www.eldigitaldeasturias.com\\\/noticias\\\/el-ipc-aumento-en-septiembre-de-2017\\\/#organizationLogo\"},\"image\":{\"@id\":\"https:\\\/\\\/www.eldigitaldeasturias.com\\\/noticias\\\/el-ipc-aumento-en-septiembre-de-2017\\\/#organizationLogo\"},\"sameAs\":[\"https:\\\/\\\/facebook.com\\\/eldigitaldeasturias\",\"https:\\\/\\\/www.youtube.com\\\/channel\\\/UCZP-2wLEB9Rv6erhFmqVnvg\"],\"address\":{\"@id\":\"https:\\\/\\\/www.eldigitaldeasturias.com\\\/noticias\\\/#postaladdress\",\"@type\":\"PostalAddress\",\"streetAddress\":\"san antonio 4\",\"postalCode\":\"33430\",\"addressLocality\":\"Cand\\u00e1s\",\"addressRegion\":\"Asturias\",\"addressCountry\":\"ES\"}},{\"@type\":\"Person\",\"@id\":\"https:\\\/\\\/www.eldigitaldeasturias.com\\\/noticias\\\/author\\\/admin\\\/#author\",\"url\":\"https:\\\/\\\/www.eldigitaldeasturias.com\\\/noticias\\\/author\\\/admin\\\/\",\"name\":\"El Digital de Asturias\",\"image\":{\"@type\":\"ImageObject\",\"@id\":\"https:\\\/\\\/www.eldigitaldeasturias.com\\\/noticias\\\/el-ipc-aumento-en-septiembre-de-2017\\\/#authorImage\",\"url\":\"https:\\\/\\\/secure.gravatar.com\\\/avatar\\\/df2aeffc32bcd13f8d26072ef8a91b623d677766deac7f97ca815868cd41bf5e?s=96&d=mm&r=g\",\"width\":96,\"height\":96,\"caption\":\"El Digital de Asturias\"}},{\"@type\":\"WebPage\",\"@id\":\"https:\\\/\\\/www.eldigitaldeasturias.com\\\/noticias\\\/el-ipc-aumento-en-septiembre-de-2017\\\/#webpage\",\"url\":\"https:\\\/\\\/www.eldigitaldeasturias.com\\\/noticias\\\/el-ipc-aumento-en-septiembre-de-2017\\\/\",\"name\":\"El IPC aument\\u00f3 en septiembre de 2017 - El Digital de Asturias\",\"description\":\"El \\u00cdndice de Precios de Consumo (IPC) aument\\u00f3 en septiembre de 2017 un 1,8% interanual, tasa coincidente con la adelantada por el INE a finales del pasado mes, y dos d\\u00e9cimas superior a la del mes de agosto, seg\\u00fan las cifras publicadas por el Instituto Nacional de Estad\\u00edstica (INE). \\u200bEsta evoluci\\u00f3n se explica principalmente por\",\"inLanguage\":\"es-ES\",\"isPartOf\":{\"@id\":\"https:\\\/\\\/www.eldigitaldeasturias.com\\\/noticias\\\/#website\"},\"breadcrumb\":{\"@id\":\"https:\\\/\\\/www.eldigitaldeasturias.com\\\/noticias\\\/el-ipc-aumento-en-septiembre-de-2017\\\/#breadcrumblist\"},\"author\":{\"@id\":\"https:\\\/\\\/www.eldigitaldeasturias.com\\\/noticias\\\/author\\\/admin\\\/#author\"},\"creator\":{\"@id\":\"https:\\\/\\\/www.eldigitaldeasturias.com\\\/noticias\\\/author\\\/admin\\\/#author\"},\"image\":{\"@type\":\"ImageObject\",\"url\":955672,\"@id\":\"https:\\\/\\\/www.eldigitaldeasturias.com\\\/noticias\\\/el-ipc-aumento-en-septiembre-de-2017\\\/#mainImage\"},\"primaryImageOfPage\":{\"@id\":\"https:\\\/\\\/www.eldigitaldeasturias.com\\\/noticias\\\/el-ipc-aumento-en-septiembre-de-2017\\\/#mainImage\"},\"datePublished\":\"2017-10-11T14:23:39+02:00\",\"dateModified\":\"2017-10-11T14:23:39+02:00\"},{\"@type\":\"WebSite\",\"@id\":\"https:\\\/\\\/www.eldigitaldeasturias.com\\\/noticias\\\/#website\",\"url\":\"https:\\\/\\\/www.eldigitaldeasturias.com\\\/noticias\\\/\",\"name\":\"El Digital de Asturias - Diario de actualidad y noticias\",\"alternateName\":\"El Digital de Asturias - Diario de actualidad y noticias\",\"description\":\"Hemeroteca\",\"inLanguage\":\"es-ES\",\"publisher\":{\"@id\":\"https:\\\/\\\/www.eldigitaldeasturias.com\\\/noticias\\\/#organization\"}}]}\n\t\t<\/script>\n\t\t<!-- All in One SEO Pro -->\r\n\t\t<title>El IPC aument\u00f3 en septiembre de 2017 - El Digital de Asturias<\/title>\n\n","aioseo_head_json":{"title":"El IPC aument\u00f3 en septiembre de 2017 - El Digital de Asturias","description":"El \u00cdndice de Precios de Consumo (IPC) aument\u00f3 en septiembre de 2017 un 1,8% interanual, tasa coincidente con la adelantada por el INE a finales del pasado mes, y dos d\u00e9cimas superior a la del mes de agosto, seg\u00fan las cifras publicadas por el Instituto Nacional de Estad\u00edstica (INE). \u200bEsta evoluci\u00f3n se explica principalmente por","canonical_url":"https:\/\/www.eldigitaldeasturias.com\/noticias\/el-ipc-aumento-en-septiembre-de-2017\/","robots":"max-image-preview:large","keywords":"actualidad","webmasterTools":{"google-site-verification":"UA-38556648-1","msvalidate.01":"7dfe9f3f1b24437ab69f4f2559babe99","miscellaneous":""},"schema":{"@context":"https:\/\/schema.org","@graph":[{"@type":"BlogPosting","@id":"https:\/\/www.eldigitaldeasturias.com\/noticias\/el-ipc-aumento-en-septiembre-de-2017\/#blogposting","name":"El IPC aument\u00f3 en septiembre de 2017 - El Digital de Asturias","headline":"El IPC aument\u00f3 en septiembre de 2017","author":{"@id":"https:\/\/www.eldigitaldeasturias.com\/noticias\/author\/admin\/#author"},"publisher":{"@id":"https:\/\/www.eldigitaldeasturias.com\/noticias\/#organization"},"image":{"@type":"ImageObject","url":955672},"datePublished":"2017-10-11T14:23:39+02:00","dateModified":"2017-10-11T14:23:39+02:00","inLanguage":"es-ES","mainEntityOfPage":{"@id":"https:\/\/www.eldigitaldeasturias.com\/noticias\/el-ipc-aumento-en-septiembre-de-2017\/#webpage"},"isPartOf":{"@id":"https:\/\/www.eldigitaldeasturias.com\/noticias\/el-ipc-aumento-en-septiembre-de-2017\/#webpage"},"articleSection":"Actualidad"},{"@type":"BreadcrumbList","@id":"https:\/\/www.eldigitaldeasturias.com\/noticias\/el-ipc-aumento-en-septiembre-de-2017\/#breadcrumblist","itemListElement":[{"@type":"ListItem","@id":"https:\/\/www.eldigitaldeasturias.com\/noticias#listItem","position":1,"name":"Home","item":"https:\/\/www.eldigitaldeasturias.com\/noticias","nextItem":{"@type":"ListItem","@id":"https:\/\/www.eldigitaldeasturias.com\/noticias\/category\/actualidad\/#listItem","name":"Actualidad"}},{"@type":"ListItem","@id":"https:\/\/www.eldigitaldeasturias.com\/noticias\/category\/actualidad\/#listItem","position":2,"name":"Actualidad","item":"https:\/\/www.eldigitaldeasturias.com\/noticias\/category\/actualidad\/","nextItem":{"@type":"ListItem","@id":"https:\/\/www.eldigitaldeasturias.com\/noticias\/el-ipc-aumento-en-septiembre-de-2017\/#listItem","name":"El IPC aument\u00f3 en septiembre de 2017"},"previousItem":{"@type":"ListItem","@id":"https:\/\/www.eldigitaldeasturias.com\/noticias#listItem","name":"Home"}},{"@type":"ListItem","@id":"https:\/\/www.eldigitaldeasturias.com\/noticias\/el-ipc-aumento-en-septiembre-de-2017\/#listItem","position":3,"name":"El IPC aument\u00f3 en septiembre de 2017","previousItem":{"@type":"ListItem","@id":"https:\/\/www.eldigitaldeasturias.com\/noticias\/category\/actualidad\/#listItem","name":"Actualidad"}}]},{"@type":"Organization","@id":"https:\/\/www.eldigitaldeasturias.com\/noticias\/#organization","name":"El Digital de Asturias","description":"Hemeroteca","url":"https:\/\/www.eldigitaldeasturias.com\/noticias\/","email":"info@eldigitaldeasturias.com","telephone":"+34652131393","logo":{"@type":"ImageObject","url":"https:\/\/www.eldigitaldeasturias.com\/noticias\/wp-content\/uploads\/2020\/12\/EDA.jpg","@id":"https:\/\/www.eldigitaldeasturias.com\/noticias\/el-ipc-aumento-en-septiembre-de-2017\/#organizationLogo"},"image":{"@id":"https:\/\/www.eldigitaldeasturias.com\/noticias\/el-ipc-aumento-en-septiembre-de-2017\/#organizationLogo"},"sameAs":["https:\/\/facebook.com\/eldigitaldeasturias","https:\/\/www.youtube.com\/channel\/UCZP-2wLEB9Rv6erhFmqVnvg"],"address":{"@id":"https:\/\/www.eldigitaldeasturias.com\/noticias\/#postaladdress","@type":"PostalAddress","streetAddress":"san antonio 4","postalCode":"33430","addressLocality":"Cand\u00e1s","addressRegion":"Asturias","addressCountry":"ES"}},{"@type":"Person","@id":"https:\/\/www.eldigitaldeasturias.com\/noticias\/author\/admin\/#author","url":"https:\/\/www.eldigitaldeasturias.com\/noticias\/author\/admin\/","name":"El Digital de Asturias","image":{"@type":"ImageObject","@id":"https:\/\/www.eldigitaldeasturias.com\/noticias\/el-ipc-aumento-en-septiembre-de-2017\/#authorImage","url":"https:\/\/secure.gravatar.com\/avatar\/df2aeffc32bcd13f8d26072ef8a91b623d677766deac7f97ca815868cd41bf5e?s=96&d=mm&r=g","width":96,"height":96,"caption":"El Digital de Asturias"}},{"@type":"WebPage","@id":"https:\/\/www.eldigitaldeasturias.com\/noticias\/el-ipc-aumento-en-septiembre-de-2017\/#webpage","url":"https:\/\/www.eldigitaldeasturias.com\/noticias\/el-ipc-aumento-en-septiembre-de-2017\/","name":"El IPC aument\u00f3 en septiembre de 2017 - El Digital de Asturias","description":"El \u00cdndice de Precios de Consumo (IPC) aument\u00f3 en septiembre de 2017 un 1,8% interanual, tasa coincidente con la adelantada por el INE a finales del pasado mes, y dos d\u00e9cimas superior a la del mes de agosto, seg\u00fan las cifras publicadas por el Instituto Nacional de Estad\u00edstica (INE). \u200bEsta evoluci\u00f3n se explica principalmente por","inLanguage":"es-ES","isPartOf":{"@id":"https:\/\/www.eldigitaldeasturias.com\/noticias\/#website"},"breadcrumb":{"@id":"https:\/\/www.eldigitaldeasturias.com\/noticias\/el-ipc-aumento-en-septiembre-de-2017\/#breadcrumblist"},"author":{"@id":"https:\/\/www.eldigitaldeasturias.com\/noticias\/author\/admin\/#author"},"creator":{"@id":"https:\/\/www.eldigitaldeasturias.com\/noticias\/author\/admin\/#author"},"image":{"@type":"ImageObject","url":955672,"@id":"https:\/\/www.eldigitaldeasturias.com\/noticias\/el-ipc-aumento-en-septiembre-de-2017\/#mainImage"},"primaryImageOfPage":{"@id":"https:\/\/www.eldigitaldeasturias.com\/noticias\/el-ipc-aumento-en-septiembre-de-2017\/#mainImage"},"datePublished":"2017-10-11T14:23:39+02:00","dateModified":"2017-10-11T14:23:39+02:00"},{"@type":"WebSite","@id":"https:\/\/www.eldigitaldeasturias.com\/noticias\/#website","url":"https:\/\/www.eldigitaldeasturias.com\/noticias\/","name":"El Digital de Asturias - Diario de actualidad y noticias","alternateName":"El Digital de Asturias - Diario de actualidad y noticias","description":"Hemeroteca","inLanguage":"es-ES","publisher":{"@id":"https:\/\/www.eldigitaldeasturias.com\/noticias\/#organization"}}]},"og:locale":"es_ES","og:site_name":"El Digital de Asturias","og:type":"article","og:title":"El IPC aument\u00f3 en septiembre de 2017 - El Digital de Asturias","og:description":"El \u00cdndice de Precios de Consumo (IPC) aument\u00f3 en septiembre de 2017 un 1,8% interanual, tasa coincidente con la adelantada por el INE a finales del pasado mes, y dos d\u00e9cimas superior a la del mes de agosto, seg\u00fan las cifras publicadas por el Instituto Nacional de Estad\u00edstica (INE). \u200bEsta evoluci\u00f3n se explica principalmente por","og:url":"https:\/\/www.eldigitaldeasturias.com\/noticias\/el-ipc-aumento-en-septiembre-de-2017\/","article:tag":["actualidad"],"article:published_time":"2017-10-11T14:23:39+00:00","article:modified_time":"2017-10-11T14:23:39+00:00","article:publisher":"https:\/\/facebook.com\/eldigitaldeasturias","twitter:card":"summary_large_image","twitter:title":"El IPC aument\u00f3 en septiembre de 2017 - El Digital de Asturias","twitter:description":"El \u00cdndice de Precios de Consumo (IPC) aument\u00f3 en septiembre de 2017 un 1,8% interanual, tasa coincidente con la adelantada por el INE a finales del pasado mes, y dos d\u00e9cimas superior a la del mes de agosto, seg\u00fan las cifras publicadas por el Instituto Nacional de Estad\u00edstica (INE). \u200bEsta evoluci\u00f3n se explica principalmente por","twitter:image":"https:\/\/www.eldigitaldeasturias.com\/noticias\/wp-content\/uploads\/2020\/12\/EDA-1.jpg","twitter:label1":"Escrito por","twitter:data1":"El Digital de Asturias","twitter:label2":"Tiempo de lectura estimado","twitter:data2":"4 minutos"},"aioseo_meta_data":{"post_id":"955671","title":null,"description":null,"keywords":null,"keyphrases":null,"primary_term":null,"canonical_url":null,"og_title":null,"og_description":null,"og_object_type":"default","og_image_type":"default","og_image_url":null,"og_image_width":null,"og_image_height":null,"og_image_custom_url":null,"og_image_custom_fields":null,"og_video":null,"og_custom_url":null,"og_article_section":null,"og_article_tags":null,"twitter_use_og":false,"twitter_card":"default","twitter_image_type":"default","twitter_image_url":null,"twitter_image_custom_url":null,"twitter_image_custom_fields":null,"twitter_title":null,"twitter_description":null,"schema":{"blockGraphs":[],"customGraphs":[],"default":{"data":{"Article":[],"Course":[],"Dataset":[],"FAQPage":[],"Movie":[],"Person":[],"Product":[],"ProductReview":[],"Car":[],"Recipe":[],"Service":[],"SoftwareApplication":[],"WebPage":[]},"graphName":"","isEnabled":true},"graphs":[],"defaultGraph":"","defaultPostTypeGraph":""},"schema_type":null,"schema_type_options":null,"pillar_content":false,"robots_default":true,"robots_noindex":false,"robots_noarchive":false,"robots_nosnippet":false,"robots_nofollow":false,"robots_noimageindex":false,"robots_noodp":false,"robots_notranslate":false,"robots_max_snippet":null,"robots_max_videopreview":null,"robots_max_imagepreview":"large","priority":null,"frequency":null,"local_seo":null,"seo_analyzer_scan_date":"2025-12-06 10:58:10","breadcrumb_settings":null,"limit_modified_date":false,"open_ai":null,"ai":null,"created":"2020-12-21 12:56:18","updated":"2025-12-06 10:58:10","focus_keyword":null,"additional_keywords":null,"truseo_locale":null},"aioseo_breadcrumb":"<div class=\"aioseo-breadcrumbs\"><span class=\"aioseo-breadcrumb\">\n\t<a href=\"https:\/\/www.eldigitaldeasturias.com\/noticias\" title=\"Home\">Home<\/a>\n<\/span><span class=\"aioseo-breadcrumb-separator\">\u2013<\/span><span class=\"aioseo-breadcrumb\">\n\t<a href=\"https:\/\/www.eldigitaldeasturias.com\/noticias\/category\/actualidad\/\" title=\"Actualidad\">Actualidad<\/a>\n<\/span><span class=\"aioseo-breadcrumb-separator\">\u2013<\/span><span class=\"aioseo-breadcrumb\">\n\t<a href=\"https:\/\/www.eldigitaldeasturias.com\/noticias\/el-ipc-aumento-en-septiembre-de-2017\/\" title=\"El IPC aument\u00f3 en septiembre de 2017\">El IPC aument\u00f3 en septiembre de 2017<\/a>\n<\/span><\/div>","aioseo_breadcrumb_json":[{"label":"Home","link":"https:\/\/www.eldigitaldeasturias.com\/noticias"},{"label":"Actualidad","link":"https:\/\/www.eldigitaldeasturias.com\/noticias\/category\/actualidad\/"},{"label":"El IPC aument\u00f3 en septiembre de 2017","link":"https:\/\/www.eldigitaldeasturias.com\/noticias\/el-ipc-aumento-en-septiembre-de-2017\/"}],"_links":{"self":[{"href":"https:\/\/www.eldigitaldeasturias.com\/noticias\/wp-json\/wp\/v2\/posts\/955671","targetHints":{"allow":["GET"]}}],"collection":[{"href":"https:\/\/www.eldigitaldeasturias.com\/noticias\/wp-json\/wp\/v2\/posts"}],"about":[{"href":"https:\/\/www.eldigitaldeasturias.com\/noticias\/wp-json\/wp\/v2\/types\/post"}],"author":[{"embeddable":true,"href":"https:\/\/www.eldigitaldeasturias.com\/noticias\/wp-json\/wp\/v2\/users\/1"}],"replies":[{"embeddable":true,"href":"https:\/\/www.eldigitaldeasturias.com\/noticias\/wp-json\/wp\/v2\/comments?post=955671"}],"version-history":[{"count":0,"href":"https:\/\/www.eldigitaldeasturias.com\/noticias\/wp-json\/wp\/v2\/posts\/955671\/revisions"}],"wp:attachment":[{"href":"https:\/\/www.eldigitaldeasturias.com\/noticias\/wp-json\/wp\/v2\/media?parent=955671"}],"wp:term":[{"taxonomy":"category","embeddable":true,"href":"https:\/\/www.eldigitaldeasturias.com\/noticias\/wp-json\/wp\/v2\/categories?post=955671"},{"taxonomy":"post_tag","embeddable":true,"href":"https:\/\/www.eldigitaldeasturias.com\/noticias\/wp-json\/wp\/v2\/tags?post=955671"}],"curies":[{"name":"wp","href":"https:\/\/api.w.org\/{rel}","templated":true}]}}