{"id":955556,"date":"2017-10-10T13:58:46","date_gmt":"2017-10-10T13:58:46","guid":{"rendered":"http:\/\/www.eldigitaldeasturias.com\/noticias\/?p=955556"},"modified":"2017-10-10T13:58:46","modified_gmt":"2017-10-10T13:58:46","slug":"bermudez-de-castro-si-alguien-comete-un-hecho-delictivo-pagara-por-ello","status":"publish","type":"post","link":"https:\/\/www.eldigitaldeasturias.com\/noticias\/bermudez-de-castro-si-alguien-comete-un-hecho-delictivo-pagara-por-ello\/","title":{"rendered":"Berm\u00fadez de Castro: \u201cSi alguien comete un hecho delictivo pagar\u00e1 por ello\u201d"},"content":{"rendered":"<p><img loading=\"lazy\" decoding=\"async\" class=\"alignleft size-medium wp-image-955557\" src=\"https:\/\/www.eldigitaldeasturias.com\/noticias\/wp-content\/uploads\/2017\/10\/30550309364_25a036e58d_o-360x163.jpg\" alt=\"\" width=\"360\" height=\"163\" \/>Jos\u00e9 Antonio Berm\u00fadez de Castro, secretario general del Grupo Parlamentario Popular en el Congreso de los Diputados, ha pedido esta ma\u00f1ana durante una entrevista en \u201cLos Desayunos\u201d de TVE, que \u201cPuigdemont vuelva a la cordura y sensatez que nunca debi\u00f3 perder\u201d.<\/p>\n<p>En este sentido, Berm\u00fadez de Castro asegura que es posible que Puigdemont haya arruinado su carrera pol\u00edtica y por eso pide que \u201cno arruine la vida de los catalanes. Los espa\u00f1oles y catalanes tienen que tener una certeza y es que no se va a romper la unidad de Espa\u00f1a\u00bb. \u00abEl Gobierno no descarta las medidas contempladas en cualquiera de nuestros ordenamientos\u201d, ha declarado.<\/p>\n<p>En la entrevista, el secretario general del GPP en el Congreso destaca que es este \u201cun acto fuera de la ley y de posibles delitos\u201d, explicando a continuaci\u00f3n que lo que se produjo en Catalu\u00f1a, fue en primer lugar, una rebeli\u00f3n c\u00edvica donde una Catalu\u00f1a moderada y abierta sali\u00f3 a la calle, perdiendo los separatistas el monopolio de la misma. En segundo lugar, afirma que \u201cse ha ca\u00eddo un mantra de que en una Catalu\u00f1a independiente se vivir\u00eda mejor. Que se rifar\u00edan bancos y empresas por ir a Catalu\u00f1a\u201d. A\u00f1ade que \u201cen una Catalu\u00f1a independiente habr\u00eda menos riqueza y menos empleo, yendo a la ruina econ\u00f3mica y social.<\/p>\n<p>As\u00ed, y frente a las declaraciones de gente que exig\u00eda a Rajoy que actuara y metiera en la c\u00e1rcel a Puigdemont, a\u00f1ade que \u201cesa labor le corresponde a los jueces y la justicia terminar\u00e1 actuando. Si alguien comete un hecho delictivo pagar\u00e1 por ello, no lo dude\u201d.<\/p>\n<p>El tambi\u00e9n diputado popular por Salamanca en las Cortes Generales, ha querido defender las palabras vertidas ayer por el vicesecretario de comunicaci\u00f3n, Pablo Casado, durante una rueda de prensa, recordando que \u201cel Sr. Companys declaro la naci\u00f3n catalana dentro de la Rep\u00fablica espa\u00f1ola en 1934 y fue juzgado por un tribunal democr\u00e1tico, siendo condenado por un delito de rebeli\u00f3n a 30 a\u00f1os de reclusi\u00f3n e inhabilitaci\u00f3n absoluta\u201d.<\/p>\n","protected":false},"excerpt":{"rendered":"<p>Jos\u00e9 Antonio Berm\u00fadez de Castro, secretario general del Grupo Parlamentario Popular en el Congreso de los Diputados, ha pedido esta ma\u00f1ana durante una entrevista en \u201cLos Desayunos\u201d de TVE, que \u201cPuigdemont vuelva a la cordura y sensatez que nunca debi\u00f3 perder\u201d. En este sentido, Berm\u00fadez de Castro asegura que es posible que Puigdemont haya arruinado [&hellip;]<\/p>\n","protected":false},"author":1,"featured_media":955557,"comment_status":"closed","ping_status":"closed","sticky":false,"template":"","format":"standard","meta":{"footnotes":""},"categories":[1],"tags":[],"class_list":["post-955556","post","type-post","status-publish","format-standard","has-post-thumbnail","hentry","category-actualidad"],"aioseo_notices":[],"aioseo_head":"\n\t\t<!-- All in One SEO Pro 5.0.1 - aioseo.com -->\n\t<meta name=\"description\" content=\"Jos\u00e9 Antonio Berm\u00fadez de Castro, secretario general del Grupo Parlamentario Popular en el Congreso de los Diputados, ha pedido esta ma\u00f1ana durante una entrevista en \u201cLos Desayunos\u201d de TVE, que \u201cPuigdemont vuelva a la cordura y sensatez que nunca debi\u00f3 perder\u201d. En este sentido, Berm\u00fadez de Castro asegura que es posible que Puigdemont haya arruinado\" \/>\n\t<meta name=\"robots\" content=\"max-image-preview:large\" \/>\n\t<meta name=\"author\" content=\"El Digital de Asturias\"\/>\n\t<meta name=\"google-site-verification\" content=\"UA-38556648-1\" \/>\n\t<meta name=\"msvalidate.01\" content=\"7dfe9f3f1b24437ab69f4f2559babe99\" \/>\n\t<meta name=\"keywords\" content=\"actualidad\" \/>\n\t<link rel=\"canonical\" href=\"https:\/\/www.eldigitaldeasturias.com\/noticias\/bermudez-de-castro-si-alguien-comete-un-hecho-delictivo-pagara-por-ello\/\" \/>\n\t<meta name=\"generator\" content=\"All in One SEO Pro (AIOSEO) 5.0.1\" \/>\n\t\t<meta property=\"og:locale\" content=\"es_ES\" \/>\n\t\t<meta property=\"og:site_name\" content=\"El Digital de Asturias\" \/>\n\t\t<meta property=\"og:type\" content=\"article\" \/>\n\t\t<meta property=\"og:title\" content=\"Berm\u00fadez de Castro: \u201cSi alguien comete un hecho delictivo pagar\u00e1 por ello\u201d - El Digital de Asturias\" \/>\n\t\t<meta property=\"og:description\" content=\"Jos\u00e9 Antonio Berm\u00fadez de Castro, secretario general del Grupo Parlamentario Popular en el Congreso de los Diputados, ha pedido esta ma\u00f1ana durante una entrevista en \u201cLos Desayunos\u201d de TVE, que \u201cPuigdemont vuelva a la cordura y sensatez que nunca debi\u00f3 perder\u201d. En este sentido, Berm\u00fadez de Castro asegura que es posible que Puigdemont haya arruinado\" \/>\n\t\t<meta property=\"og:url\" content=\"https:\/\/www.eldigitaldeasturias.com\/noticias\/bermudez-de-castro-si-alguien-comete-un-hecho-delictivo-pagara-por-ello\/\" \/>\n\t\t<meta property=\"article:tag\" content=\"actualidad\" \/>\n\t\t<meta property=\"article:published_time\" content=\"2017-10-10T13:58:46+00:00\" \/>\n\t\t<meta property=\"article:modified_time\" content=\"2017-10-10T13:58:46+00:00\" \/>\n\t\t<meta property=\"article:publisher\" content=\"https:\/\/facebook.com\/eldigitaldeasturias\" \/>\n\t\t<meta name=\"twitter:card\" content=\"summary_large_image\" \/>\n\t\t<meta name=\"twitter:title\" content=\"Berm\u00fadez de Castro: \u201cSi alguien comete un hecho delictivo pagar\u00e1 por ello\u201d - El Digital de Asturias\" \/>\n\t\t<meta name=\"twitter:description\" content=\"Jos\u00e9 Antonio Berm\u00fadez de Castro, secretario general del Grupo Parlamentario Popular en el Congreso de los Diputados, ha pedido esta ma\u00f1ana durante una entrevista en \u201cLos Desayunos\u201d de TVE, que \u201cPuigdemont vuelva a la cordura y sensatez que nunca debi\u00f3 perder\u201d. En este sentido, Berm\u00fadez de Castro asegura que es posible que Puigdemont haya arruinado\" \/>\n\t\t<meta name=\"twitter:image\" content=\"https:\/\/www.eldigitaldeasturias.com\/noticias\/wp-content\/uploads\/2020\/12\/EDA-1.jpg\" \/>\n\t\t<meta name=\"twitter:label1\" content=\"Escrito por\" \/>\n\t\t<meta name=\"twitter:data1\" content=\"El Digital de Asturias\" \/>\n\t\t<meta name=\"twitter:label2\" content=\"Tiempo de lectura estimado\" \/>\n\t\t<meta name=\"twitter:data2\" content=\"2 minutos\" \/>\n\t\t<script type=\"application\/ld+json\" class=\"aioseo-schema\">\n\t\t\t{\"@context\":\"https:\\\/\\\/schema.org\",\"@graph\":[{\"@type\":\"BlogPosting\",\"@id\":\"https:\\\/\\\/www.eldigitaldeasturias.com\\\/noticias\\\/bermudez-de-castro-si-alguien-comete-un-hecho-delictivo-pagara-por-ello\\\/#blogposting\",\"name\":\"Berm\\u00fadez de Castro: \\u201cSi alguien comete un hecho delictivo pagar\\u00e1 por ello\\u201d - El Digital de Asturias\",\"headline\":\"Berm\\u00fadez de Castro: \\u201cSi alguien comete un hecho delictivo pagar\\u00e1 por ello\\u201d\",\"author\":{\"@id\":\"https:\\\/\\\/www.eldigitaldeasturias.com\\\/noticias\\\/author\\\/admin\\\/#author\"},\"publisher\":{\"@id\":\"https:\\\/\\\/www.eldigitaldeasturias.com\\\/noticias\\\/#organization\"},\"image\":{\"@type\":\"ImageObject\",\"url\":955557},\"datePublished\":\"2017-10-10T13:58:46+02:00\",\"dateModified\":\"2017-10-10T13:58:46+02:00\",\"inLanguage\":\"es-ES\",\"mainEntityOfPage\":{\"@id\":\"https:\\\/\\\/www.eldigitaldeasturias.com\\\/noticias\\\/bermudez-de-castro-si-alguien-comete-un-hecho-delictivo-pagara-por-ello\\\/#webpage\"},\"isPartOf\":{\"@id\":\"https:\\\/\\\/www.eldigitaldeasturias.com\\\/noticias\\\/bermudez-de-castro-si-alguien-comete-un-hecho-delictivo-pagara-por-ello\\\/#webpage\"},\"articleSection\":\"Actualidad\"},{\"@type\":\"BreadcrumbList\",\"@id\":\"https:\\\/\\\/www.eldigitaldeasturias.com\\\/noticias\\\/bermudez-de-castro-si-alguien-comete-un-hecho-delictivo-pagara-por-ello\\\/#breadcrumblist\",\"itemListElement\":[{\"@type\":\"ListItem\",\"@id\":\"https:\\\/\\\/www.eldigitaldeasturias.com\\\/noticias#listItem\",\"position\":1,\"name\":\"Home\",\"item\":\"https:\\\/\\\/www.eldigitaldeasturias.com\\\/noticias\",\"nextItem\":{\"@type\":\"ListItem\",\"@id\":\"https:\\\/\\\/www.eldigitaldeasturias.com\\\/noticias\\\/category\\\/actualidad\\\/#listItem\",\"name\":\"Actualidad\"}},{\"@type\":\"ListItem\",\"@id\":\"https:\\\/\\\/www.eldigitaldeasturias.com\\\/noticias\\\/category\\\/actualidad\\\/#listItem\",\"position\":2,\"name\":\"Actualidad\",\"item\":\"https:\\\/\\\/www.eldigitaldeasturias.com\\\/noticias\\\/category\\\/actualidad\\\/\",\"nextItem\":{\"@type\":\"ListItem\",\"@id\":\"https:\\\/\\\/www.eldigitaldeasturias.com\\\/noticias\\\/bermudez-de-castro-si-alguien-comete-un-hecho-delictivo-pagara-por-ello\\\/#listItem\",\"name\":\"Berm\\u00fadez de Castro: \\u201cSi alguien comete un hecho delictivo pagar\\u00e1 por ello\\u201d\"},\"previousItem\":{\"@type\":\"ListItem\",\"@id\":\"https:\\\/\\\/www.eldigitaldeasturias.com\\\/noticias#listItem\",\"name\":\"Home\"}},{\"@type\":\"ListItem\",\"@id\":\"https:\\\/\\\/www.eldigitaldeasturias.com\\\/noticias\\\/bermudez-de-castro-si-alguien-comete-un-hecho-delictivo-pagara-por-ello\\\/#listItem\",\"position\":3,\"name\":\"Berm\\u00fadez de Castro: \\u201cSi alguien comete un hecho delictivo pagar\\u00e1 por ello\\u201d\",\"previousItem\":{\"@type\":\"ListItem\",\"@id\":\"https:\\\/\\\/www.eldigitaldeasturias.com\\\/noticias\\\/category\\\/actualidad\\\/#listItem\",\"name\":\"Actualidad\"}}]},{\"@type\":\"Organization\",\"@id\":\"https:\\\/\\\/www.eldigitaldeasturias.com\\\/noticias\\\/#organization\",\"name\":\"El Digital de Asturias\",\"description\":\"Hemeroteca\",\"url\":\"https:\\\/\\\/www.eldigitaldeasturias.com\\\/noticias\\\/\",\"email\":\"info@eldigitaldeasturias.com\",\"telephone\":\"+34652131393\",\"logo\":{\"@type\":\"ImageObject\",\"url\":\"https:\\\/\\\/www.eldigitaldeasturias.com\\\/noticias\\\/wp-content\\\/uploads\\\/2020\\\/12\\\/EDA.jpg\",\"@id\":\"https:\\\/\\\/www.eldigitaldeasturias.com\\\/noticias\\\/bermudez-de-castro-si-alguien-comete-un-hecho-delictivo-pagara-por-ello\\\/#organizationLogo\"},\"image\":{\"@id\":\"https:\\\/\\\/www.eldigitaldeasturias.com\\\/noticias\\\/bermudez-de-castro-si-alguien-comete-un-hecho-delictivo-pagara-por-ello\\\/#organizationLogo\"},\"sameAs\":[\"https:\\\/\\\/facebook.com\\\/eldigitaldeasturias\",\"https:\\\/\\\/www.youtube.com\\\/channel\\\/UCZP-2wLEB9Rv6erhFmqVnvg\"],\"address\":{\"@id\":\"https:\\\/\\\/www.eldigitaldeasturias.com\\\/noticias\\\/#postaladdress\",\"@type\":\"PostalAddress\",\"streetAddress\":\"san antonio 4\",\"postalCode\":\"33430\",\"addressLocality\":\"Cand\\u00e1s\",\"addressRegion\":\"Asturias\",\"addressCountry\":\"ES\"}},{\"@type\":\"Person\",\"@id\":\"https:\\\/\\\/www.eldigitaldeasturias.com\\\/noticias\\\/author\\\/admin\\\/#author\",\"url\":\"https:\\\/\\\/www.eldigitaldeasturias.com\\\/noticias\\\/author\\\/admin\\\/\",\"name\":\"El Digital de Asturias\",\"image\":{\"@type\":\"ImageObject\",\"@id\":\"https:\\\/\\\/www.eldigitaldeasturias.com\\\/noticias\\\/bermudez-de-castro-si-alguien-comete-un-hecho-delictivo-pagara-por-ello\\\/#authorImage\",\"url\":\"https:\\\/\\\/secure.gravatar.com\\\/avatar\\\/df2aeffc32bcd13f8d26072ef8a91b623d677766deac7f97ca815868cd41bf5e?s=96&d=mm&r=g\",\"width\":96,\"height\":96,\"caption\":\"El Digital de Asturias\"}},{\"@type\":\"WebPage\",\"@id\":\"https:\\\/\\\/www.eldigitaldeasturias.com\\\/noticias\\\/bermudez-de-castro-si-alguien-comete-un-hecho-delictivo-pagara-por-ello\\\/#webpage\",\"url\":\"https:\\\/\\\/www.eldigitaldeasturias.com\\\/noticias\\\/bermudez-de-castro-si-alguien-comete-un-hecho-delictivo-pagara-por-ello\\\/\",\"name\":\"Berm\\u00fadez de Castro: \\u201cSi alguien comete un hecho delictivo pagar\\u00e1 por ello\\u201d - El Digital de Asturias\",\"description\":\"Jos\\u00e9 Antonio Berm\\u00fadez de Castro, secretario general del Grupo Parlamentario Popular en el Congreso de los Diputados, ha pedido esta ma\\u00f1ana durante una entrevista en \\u201cLos Desayunos\\u201d de TVE, que \\u201cPuigdemont vuelva a la cordura y sensatez que nunca debi\\u00f3 perder\\u201d. En este sentido, Berm\\u00fadez de Castro asegura que es posible que Puigdemont haya arruinado\",\"inLanguage\":\"es-ES\",\"isPartOf\":{\"@id\":\"https:\\\/\\\/www.eldigitaldeasturias.com\\\/noticias\\\/#website\"},\"breadcrumb\":{\"@id\":\"https:\\\/\\\/www.eldigitaldeasturias.com\\\/noticias\\\/bermudez-de-castro-si-alguien-comete-un-hecho-delictivo-pagara-por-ello\\\/#breadcrumblist\"},\"author\":{\"@id\":\"https:\\\/\\\/www.eldigitaldeasturias.com\\\/noticias\\\/author\\\/admin\\\/#author\"},\"creator\":{\"@id\":\"https:\\\/\\\/www.eldigitaldeasturias.com\\\/noticias\\\/author\\\/admin\\\/#author\"},\"image\":{\"@type\":\"ImageObject\",\"url\":955557,\"@id\":\"https:\\\/\\\/www.eldigitaldeasturias.com\\\/noticias\\\/bermudez-de-castro-si-alguien-comete-un-hecho-delictivo-pagara-por-ello\\\/#mainImage\"},\"primaryImageOfPage\":{\"@id\":\"https:\\\/\\\/www.eldigitaldeasturias.com\\\/noticias\\\/bermudez-de-castro-si-alguien-comete-un-hecho-delictivo-pagara-por-ello\\\/#mainImage\"},\"datePublished\":\"2017-10-10T13:58:46+02:00\",\"dateModified\":\"2017-10-10T13:58:46+02:00\"},{\"@type\":\"WebSite\",\"@id\":\"https:\\\/\\\/www.eldigitaldeasturias.com\\\/noticias\\\/#website\",\"url\":\"https:\\\/\\\/www.eldigitaldeasturias.com\\\/noticias\\\/\",\"name\":\"El Digital de Asturias - Diario de actualidad y noticias\",\"alternateName\":\"El Digital de Asturias - Diario de actualidad y noticias\",\"description\":\"Hemeroteca\",\"inLanguage\":\"es-ES\",\"publisher\":{\"@id\":\"https:\\\/\\\/www.eldigitaldeasturias.com\\\/noticias\\\/#organization\"}}]}\n\t\t<\/script>\n\t\t<!-- All in One SEO Pro -->\r\n\t\t<title>Berm\u00fadez de Castro: \u201cSi alguien comete un hecho delictivo pagar\u00e1 por ello\u201d - El Digital de Asturias<\/title>\n\n","aioseo_head_json":{"title":"Berm\u00fadez de Castro: \u201cSi alguien comete un hecho delictivo pagar\u00e1 por ello\u201d - El Digital de Asturias","description":"Jos\u00e9 Antonio Berm\u00fadez de Castro, secretario general del Grupo Parlamentario Popular en el Congreso de los Diputados, ha pedido esta ma\u00f1ana durante una entrevista en \u201cLos Desayunos\u201d de TVE, que \u201cPuigdemont vuelva a la cordura y sensatez que nunca debi\u00f3 perder\u201d. En este sentido, Berm\u00fadez de Castro asegura que es posible que Puigdemont haya arruinado","canonical_url":"https:\/\/www.eldigitaldeasturias.com\/noticias\/bermudez-de-castro-si-alguien-comete-un-hecho-delictivo-pagara-por-ello\/","robots":"max-image-preview:large","keywords":"actualidad","webmasterTools":{"google-site-verification":"UA-38556648-1","msvalidate.01":"7dfe9f3f1b24437ab69f4f2559babe99","miscellaneous":""},"schema":{"@context":"https:\/\/schema.org","@graph":[{"@type":"BlogPosting","@id":"https:\/\/www.eldigitaldeasturias.com\/noticias\/bermudez-de-castro-si-alguien-comete-un-hecho-delictivo-pagara-por-ello\/#blogposting","name":"Berm\u00fadez de Castro: \u201cSi alguien comete un hecho delictivo pagar\u00e1 por ello\u201d - El Digital de Asturias","headline":"Berm\u00fadez de Castro: \u201cSi alguien comete un hecho delictivo pagar\u00e1 por ello\u201d","author":{"@id":"https:\/\/www.eldigitaldeasturias.com\/noticias\/author\/admin\/#author"},"publisher":{"@id":"https:\/\/www.eldigitaldeasturias.com\/noticias\/#organization"},"image":{"@type":"ImageObject","url":955557},"datePublished":"2017-10-10T13:58:46+02:00","dateModified":"2017-10-10T13:58:46+02:00","inLanguage":"es-ES","mainEntityOfPage":{"@id":"https:\/\/www.eldigitaldeasturias.com\/noticias\/bermudez-de-castro-si-alguien-comete-un-hecho-delictivo-pagara-por-ello\/#webpage"},"isPartOf":{"@id":"https:\/\/www.eldigitaldeasturias.com\/noticias\/bermudez-de-castro-si-alguien-comete-un-hecho-delictivo-pagara-por-ello\/#webpage"},"articleSection":"Actualidad"},{"@type":"BreadcrumbList","@id":"https:\/\/www.eldigitaldeasturias.com\/noticias\/bermudez-de-castro-si-alguien-comete-un-hecho-delictivo-pagara-por-ello\/#breadcrumblist","itemListElement":[{"@type":"ListItem","@id":"https:\/\/www.eldigitaldeasturias.com\/noticias#listItem","position":1,"name":"Home","item":"https:\/\/www.eldigitaldeasturias.com\/noticias","nextItem":{"@type":"ListItem","@id":"https:\/\/www.eldigitaldeasturias.com\/noticias\/category\/actualidad\/#listItem","name":"Actualidad"}},{"@type":"ListItem","@id":"https:\/\/www.eldigitaldeasturias.com\/noticias\/category\/actualidad\/#listItem","position":2,"name":"Actualidad","item":"https:\/\/www.eldigitaldeasturias.com\/noticias\/category\/actualidad\/","nextItem":{"@type":"ListItem","@id":"https:\/\/www.eldigitaldeasturias.com\/noticias\/bermudez-de-castro-si-alguien-comete-un-hecho-delictivo-pagara-por-ello\/#listItem","name":"Berm\u00fadez de Castro: \u201cSi alguien comete un hecho delictivo pagar\u00e1 por ello\u201d"},"previousItem":{"@type":"ListItem","@id":"https:\/\/www.eldigitaldeasturias.com\/noticias#listItem","name":"Home"}},{"@type":"ListItem","@id":"https:\/\/www.eldigitaldeasturias.com\/noticias\/bermudez-de-castro-si-alguien-comete-un-hecho-delictivo-pagara-por-ello\/#listItem","position":3,"name":"Berm\u00fadez de Castro: \u201cSi alguien comete un hecho delictivo pagar\u00e1 por ello\u201d","previousItem":{"@type":"ListItem","@id":"https:\/\/www.eldigitaldeasturias.com\/noticias\/category\/actualidad\/#listItem","name":"Actualidad"}}]},{"@type":"Organization","@id":"https:\/\/www.eldigitaldeasturias.com\/noticias\/#organization","name":"El Digital de Asturias","description":"Hemeroteca","url":"https:\/\/www.eldigitaldeasturias.com\/noticias\/","email":"info@eldigitaldeasturias.com","telephone":"+34652131393","logo":{"@type":"ImageObject","url":"https:\/\/www.eldigitaldeasturias.com\/noticias\/wp-content\/uploads\/2020\/12\/EDA.jpg","@id":"https:\/\/www.eldigitaldeasturias.com\/noticias\/bermudez-de-castro-si-alguien-comete-un-hecho-delictivo-pagara-por-ello\/#organizationLogo"},"image":{"@id":"https:\/\/www.eldigitaldeasturias.com\/noticias\/bermudez-de-castro-si-alguien-comete-un-hecho-delictivo-pagara-por-ello\/#organizationLogo"},"sameAs":["https:\/\/facebook.com\/eldigitaldeasturias","https:\/\/www.youtube.com\/channel\/UCZP-2wLEB9Rv6erhFmqVnvg"],"address":{"@id":"https:\/\/www.eldigitaldeasturias.com\/noticias\/#postaladdress","@type":"PostalAddress","streetAddress":"san antonio 4","postalCode":"33430","addressLocality":"Cand\u00e1s","addressRegion":"Asturias","addressCountry":"ES"}},{"@type":"Person","@id":"https:\/\/www.eldigitaldeasturias.com\/noticias\/author\/admin\/#author","url":"https:\/\/www.eldigitaldeasturias.com\/noticias\/author\/admin\/","name":"El Digital de Asturias","image":{"@type":"ImageObject","@id":"https:\/\/www.eldigitaldeasturias.com\/noticias\/bermudez-de-castro-si-alguien-comete-un-hecho-delictivo-pagara-por-ello\/#authorImage","url":"https:\/\/secure.gravatar.com\/avatar\/df2aeffc32bcd13f8d26072ef8a91b623d677766deac7f97ca815868cd41bf5e?s=96&d=mm&r=g","width":96,"height":96,"caption":"El Digital de Asturias"}},{"@type":"WebPage","@id":"https:\/\/www.eldigitaldeasturias.com\/noticias\/bermudez-de-castro-si-alguien-comete-un-hecho-delictivo-pagara-por-ello\/#webpage","url":"https:\/\/www.eldigitaldeasturias.com\/noticias\/bermudez-de-castro-si-alguien-comete-un-hecho-delictivo-pagara-por-ello\/","name":"Berm\u00fadez de Castro: \u201cSi alguien comete un hecho delictivo pagar\u00e1 por ello\u201d - El Digital de Asturias","description":"Jos\u00e9 Antonio Berm\u00fadez de Castro, secretario general del Grupo Parlamentario Popular en el Congreso de los Diputados, ha pedido esta ma\u00f1ana durante una entrevista en \u201cLos Desayunos\u201d de TVE, que \u201cPuigdemont vuelva a la cordura y sensatez que nunca debi\u00f3 perder\u201d. En este sentido, Berm\u00fadez de Castro asegura que es posible que Puigdemont haya arruinado","inLanguage":"es-ES","isPartOf":{"@id":"https:\/\/www.eldigitaldeasturias.com\/noticias\/#website"},"breadcrumb":{"@id":"https:\/\/www.eldigitaldeasturias.com\/noticias\/bermudez-de-castro-si-alguien-comete-un-hecho-delictivo-pagara-por-ello\/#breadcrumblist"},"author":{"@id":"https:\/\/www.eldigitaldeasturias.com\/noticias\/author\/admin\/#author"},"creator":{"@id":"https:\/\/www.eldigitaldeasturias.com\/noticias\/author\/admin\/#author"},"image":{"@type":"ImageObject","url":955557,"@id":"https:\/\/www.eldigitaldeasturias.com\/noticias\/bermudez-de-castro-si-alguien-comete-un-hecho-delictivo-pagara-por-ello\/#mainImage"},"primaryImageOfPage":{"@id":"https:\/\/www.eldigitaldeasturias.com\/noticias\/bermudez-de-castro-si-alguien-comete-un-hecho-delictivo-pagara-por-ello\/#mainImage"},"datePublished":"2017-10-10T13:58:46+02:00","dateModified":"2017-10-10T13:58:46+02:00"},{"@type":"WebSite","@id":"https:\/\/www.eldigitaldeasturias.com\/noticias\/#website","url":"https:\/\/www.eldigitaldeasturias.com\/noticias\/","name":"El Digital de Asturias - Diario de actualidad y noticias","alternateName":"El Digital de Asturias - Diario de actualidad y noticias","description":"Hemeroteca","inLanguage":"es-ES","publisher":{"@id":"https:\/\/www.eldigitaldeasturias.com\/noticias\/#organization"}}]},"og:locale":"es_ES","og:site_name":"El Digital de Asturias","og:type":"article","og:title":"Berm\u00fadez de Castro: \u201cSi alguien comete un hecho delictivo pagar\u00e1 por ello\u201d - El Digital de Asturias","og:description":"Jos\u00e9 Antonio Berm\u00fadez de Castro, secretario general del Grupo Parlamentario Popular en el Congreso de los Diputados, ha pedido esta ma\u00f1ana durante una entrevista en \u201cLos Desayunos\u201d de TVE, que \u201cPuigdemont vuelva a la cordura y sensatez que nunca debi\u00f3 perder\u201d. En este sentido, Berm\u00fadez de Castro asegura que es posible que Puigdemont haya arruinado","og:url":"https:\/\/www.eldigitaldeasturias.com\/noticias\/bermudez-de-castro-si-alguien-comete-un-hecho-delictivo-pagara-por-ello\/","article:tag":["actualidad"],"article:published_time":"2017-10-10T13:58:46+00:00","article:modified_time":"2017-10-10T13:58:46+00:00","article:publisher":"https:\/\/facebook.com\/eldigitaldeasturias","twitter:card":"summary_large_image","twitter:title":"Berm\u00fadez de Castro: \u201cSi alguien comete un hecho delictivo pagar\u00e1 por ello\u201d - El Digital de Asturias","twitter:description":"Jos\u00e9 Antonio Berm\u00fadez de Castro, secretario general del Grupo Parlamentario Popular en el Congreso de los Diputados, ha pedido esta ma\u00f1ana durante una entrevista en \u201cLos Desayunos\u201d de TVE, que \u201cPuigdemont vuelva a la cordura y sensatez que nunca debi\u00f3 perder\u201d. En este sentido, Berm\u00fadez de Castro asegura que es posible que Puigdemont haya arruinado","twitter:image":"https:\/\/www.eldigitaldeasturias.com\/noticias\/wp-content\/uploads\/2020\/12\/EDA-1.jpg","twitter:label1":"Escrito por","twitter:data1":"El Digital de Asturias","twitter:label2":"Tiempo de lectura estimado","twitter:data2":"2 minutos"},"aioseo_meta_data":{"post_id":"955556","title":null,"description":null,"keywords":null,"keyphrases":null,"primary_term":null,"canonical_url":null,"og_title":null,"og_description":null,"og_object_type":"default","og_image_type":"default","og_image_url":null,"og_image_width":null,"og_image_height":null,"og_image_custom_url":null,"og_image_custom_fields":null,"og_video":null,"og_custom_url":null,"og_article_section":null,"og_article_tags":null,"twitter_use_og":false,"twitter_card":"default","twitter_image_type":"default","twitter_image_url":null,"twitter_image_custom_url":null,"twitter_image_custom_fields":null,"twitter_title":null,"twitter_description":null,"schema":{"blockGraphs":[],"customGraphs":[],"default":{"data":{"Article":[],"Course":[],"Dataset":[],"FAQPage":[],"Movie":[],"Person":[],"Product":[],"ProductReview":[],"Car":[],"Recipe":[],"Service":[],"SoftwareApplication":[],"WebPage":[]},"graphName":"","isEnabled":true},"graphs":[],"defaultGraph":"","defaultPostTypeGraph":""},"schema_type":null,"schema_type_options":null,"pillar_content":false,"robots_default":true,"robots_noindex":false,"robots_noarchive":false,"robots_nosnippet":false,"robots_nofollow":false,"robots_noimageindex":false,"robots_noodp":false,"robots_notranslate":false,"robots_max_snippet":null,"robots_max_videopreview":null,"robots_max_imagepreview":"large","priority":null,"frequency":null,"local_seo":null,"seo_analyzer_scan_date":"2025-12-06 10:33:11","breadcrumb_settings":null,"limit_modified_date":false,"open_ai":null,"ai":null,"created":"2020-12-21 12:56:19","updated":"2025-12-06 10:33:11","focus_keyword":null,"additional_keywords":null,"truseo_locale":null},"aioseo_breadcrumb":"<div class=\"aioseo-breadcrumbs\"><span class=\"aioseo-breadcrumb\">\n\t<a href=\"https:\/\/www.eldigitaldeasturias.com\/noticias\" title=\"Home\">Home<\/a>\n<\/span><span class=\"aioseo-breadcrumb-separator\">\u2013<\/span><span class=\"aioseo-breadcrumb\">\n\t<a href=\"https:\/\/www.eldigitaldeasturias.com\/noticias\/category\/actualidad\/\" title=\"Actualidad\">Actualidad<\/a>\n<\/span><span class=\"aioseo-breadcrumb-separator\">\u2013<\/span><span class=\"aioseo-breadcrumb\">\n\t<a href=\"https:\/\/www.eldigitaldeasturias.com\/noticias\/bermudez-de-castro-si-alguien-comete-un-hecho-delictivo-pagara-por-ello\/\" title=\"Berm\u00fadez de Castro: \u201cSi alguien comete un hecho delictivo pagar\u00e1 por ello\u201d\">Berm\u00fadez de Castro: \u201cSi alguien comete un hecho delictivo pagar\u00e1 por ello\u201d<\/a>\n<\/span><\/div>","aioseo_breadcrumb_json":[{"label":"Home","link":"https:\/\/www.eldigitaldeasturias.com\/noticias"},{"label":"Actualidad","link":"https:\/\/www.eldigitaldeasturias.com\/noticias\/category\/actualidad\/"},{"label":"Berm\u00fadez de Castro: \u201cSi alguien comete un hecho delictivo pagar\u00e1 por ello\u201d","link":"https:\/\/www.eldigitaldeasturias.com\/noticias\/bermudez-de-castro-si-alguien-comete-un-hecho-delictivo-pagara-por-ello\/"}],"_links":{"self":[{"href":"https:\/\/www.eldigitaldeasturias.com\/noticias\/wp-json\/wp\/v2\/posts\/955556","targetHints":{"allow":["GET"]}}],"collection":[{"href":"https:\/\/www.eldigitaldeasturias.com\/noticias\/wp-json\/wp\/v2\/posts"}],"about":[{"href":"https:\/\/www.eldigitaldeasturias.com\/noticias\/wp-json\/wp\/v2\/types\/post"}],"author":[{"embeddable":true,"href":"https:\/\/www.eldigitaldeasturias.com\/noticias\/wp-json\/wp\/v2\/users\/1"}],"replies":[{"embeddable":true,"href":"https:\/\/www.eldigitaldeasturias.com\/noticias\/wp-json\/wp\/v2\/comments?post=955556"}],"version-history":[{"count":0,"href":"https:\/\/www.eldigitaldeasturias.com\/noticias\/wp-json\/wp\/v2\/posts\/955556\/revisions"}],"wp:attachment":[{"href":"https:\/\/www.eldigitaldeasturias.com\/noticias\/wp-json\/wp\/v2\/media?parent=955556"}],"wp:term":[{"taxonomy":"category","embeddable":true,"href":"https:\/\/www.eldigitaldeasturias.com\/noticias\/wp-json\/wp\/v2\/categories?post=955556"},{"taxonomy":"post_tag","embeddable":true,"href":"https:\/\/www.eldigitaldeasturias.com\/noticias\/wp-json\/wp\/v2\/tags?post=955556"}],"curies":[{"name":"wp","href":"https:\/\/api.w.org\/{rel}","templated":true}]}}