{"id":955541,"date":"2017-10-10T13:08:30","date_gmt":"2017-10-10T13:08:30","guid":{"rendered":"http:\/\/www.eldigitaldeasturias.com\/noticias\/?p=955541"},"modified":"2017-10-10T13:08:30","modified_gmt":"2017-10-10T13:08:30","slug":"rayco-pulido-galardonado-con-el-premio-nacional-del-comic-2017","status":"publish","type":"post","link":"https:\/\/www.eldigitaldeasturias.com\/noticias\/rayco-pulido-galardonado-con-el-premio-nacional-del-comic-2017\/","title":{"rendered":"Rayco Pulido, galardonado con el Premio Nacional del C\u00f3mic 2017"},"content":{"rendered":"<p><img loading=\"lazy\" decoding=\"async\" class=\"alignleft size-medium wp-image-837378\" src=\"https:\/\/www.eldigitaldeasturias.com\/noticias\/wp-content\/uploads\/2015\/12\/libro-360x240.jpg\" alt=\"\" width=\"360\" height=\"240\" \/>Rayco Pulido Rodriguez ha sido galardonado con el Premio Nacional del C\u00f3mic, correspondiente a 2017, por su obra &#8216;Lamia&#8217;. El premio, concedido por el Ministerio de Educaci\u00f3n, Cultura y Deporte, est\u00e1 dotado con 20.000 euros y tiene como objeto distinguir la mejor obra de esta especialidad publicada en cualquiera de las lenguas del Estado durante el a\u00f1o 2016.<\/p>\n<p>\u200bEl jurado ha elegido esta obra por \u00absu capacidad de innovaci\u00f3n formal y est\u00e9tica, que aprovecha el andamiaje de una historia de g\u00e9nero negro para relatar una parte de nuestro pasado, y por su tratamiento del papel de la mujer en dicho periodo\u00bb.<\/p>\n<p><strong>Biograf\u00eda<\/strong><\/p>\n<p>Rayco Pulido (Gran Canaria, 1978) es licenciado en Bellas Artes por la Universidad de Barcelona. Alterna la docencia con su trabajo como dibujante de c\u00f3mics. En 2004, tras participar en diversos concursos y exposiciones, comienza a publicar historietas largas. Es autor de los dibujos de los comics Final feliz (2004) con guion de Hern\u00e1n Migoya y Sordo (2008) con guion de David Mu\u00f1oz. Posteriormente ha publicado t\u00edtulos de los que es autor de los dibujos y los textos. Destaca Sin t\u00edtulo. 2008-2011 (2011), Nela (2013) o Lamia (2016), un c\u00f3mic de g\u00e9nero negro que realiz\u00f3 durante su estancia en la Maison des Auteurs de Angoul\u00eame (Francia) gracias a una beca de AC\/E (Acci\u00f3n Cultural Espa\u00f1ola).<\/p>\n<p><strong>Jurado<\/strong><\/p>\n<p>El jurado ha estado presidido por el director general de de Industrias Culturales y del Libro, \u00d3scar S\u00e1enz de Santa Mar\u00eda, actuando como vicepresidente el subdirector general del Libro, la Lectura y las Letras Espa\u00f1olas, Javier Pascual. Ha estado compuesto por los autores galardonados en las ediciones de 2016 y 2015, Pablo Auladell y Jos\u00e9 Javier Olivares, respectivamente; Juan Royo, designado por la Asociaci\u00f3n de Autores de C\u00f3mic de Espa\u00f1a (AACE); Kike Infame, por la Federaci\u00f3n de Asociaciones de Ilustradores Profesionales (FADIP); Inmaculada Vinagre, por la Confederaci\u00f3n Espa\u00f1ola de Gremios y Asociaciones de Libreros (CEGAL); Elizabeth Casillas, por la Asociaci\u00f3n de Cr\u00edticos y Divulgadores de C\u00f3mic de Espa\u00f1a; Mar\u00eda del Mar Rodr\u00edguez, por la Federaci\u00f3n de Asociaciones de Periodistas de Espa\u00f1a (FAPE); Ignacio Moreno, por el Instituto de Investigaciones Feministas de la Universidad Complutense de Madrid; y \u00c1lvaro M\u00e1ximo Pons, por el ministro de Educaci\u00f3n, Cultura y Deporte.<\/p>\n","protected":false},"excerpt":{"rendered":"<p>Rayco Pulido Rodriguez ha sido galardonado con el Premio Nacional del C\u00f3mic, correspondiente a 2017, por su obra &#8216;Lamia&#8217;. El premio, concedido por el Ministerio de Educaci\u00f3n, Cultura y Deporte, est\u00e1 dotado con 20.000 euros y tiene como objeto distinguir la mejor obra de esta especialidad publicada en cualquiera de las lenguas del Estado durante [&hellip;]<\/p>\n","protected":false},"author":1,"featured_media":953269,"comment_status":"closed","ping_status":"closed","sticky":false,"template":"","format":"standard","meta":{"footnotes":""},"categories":[1],"tags":[],"class_list":["post-955541","post","type-post","status-publish","format-standard","has-post-thumbnail","hentry","category-actualidad"],"aioseo_notices":[],"aioseo_head":"\n\t\t<!-- All in One SEO Pro 5.0.1 - aioseo.com -->\n\t<meta name=\"description\" content=\"Rayco Pulido Rodriguez ha sido galardonado con el Premio Nacional del C\u00f3mic, correspondiente a 2017, por su obra &#039;Lamia&#039;. El premio, concedido por el Ministerio de Educaci\u00f3n, Cultura y Deporte, est\u00e1 dotado con 20.000 euros y tiene como objeto distinguir la mejor obra de esta especialidad publicada en cualquiera de las lenguas del Estado durante\" \/>\n\t<meta name=\"robots\" content=\"max-image-preview:large\" \/>\n\t<meta name=\"author\" content=\"El Digital de Asturias\"\/>\n\t<meta name=\"google-site-verification\" content=\"UA-38556648-1\" \/>\n\t<meta name=\"msvalidate.01\" content=\"7dfe9f3f1b24437ab69f4f2559babe99\" \/>\n\t<meta name=\"keywords\" content=\"actualidad\" \/>\n\t<link rel=\"canonical\" href=\"https:\/\/www.eldigitaldeasturias.com\/noticias\/rayco-pulido-galardonado-con-el-premio-nacional-del-comic-2017\/\" \/>\n\t<meta name=\"generator\" content=\"All in One SEO Pro (AIOSEO) 5.0.1\" \/>\n\t\t<meta property=\"og:locale\" content=\"es_ES\" \/>\n\t\t<meta property=\"og:site_name\" content=\"El Digital de Asturias\" \/>\n\t\t<meta property=\"og:type\" content=\"article\" \/>\n\t\t<meta property=\"og:title\" content=\"Rayco Pulido, galardonado con el Premio Nacional del C\u00f3mic 2017 - El Digital de Asturias\" \/>\n\t\t<meta property=\"og:description\" content=\"Rayco Pulido Rodriguez ha sido galardonado con el Premio Nacional del C\u00f3mic, correspondiente a 2017, por su obra &#039;Lamia&#039;. El premio, concedido por el Ministerio de Educaci\u00f3n, Cultura y Deporte, est\u00e1 dotado con 20.000 euros y tiene como objeto distinguir la mejor obra de esta especialidad publicada en cualquiera de las lenguas del Estado durante\" \/>\n\t\t<meta property=\"og:url\" content=\"https:\/\/www.eldigitaldeasturias.com\/noticias\/rayco-pulido-galardonado-con-el-premio-nacional-del-comic-2017\/\" \/>\n\t\t<meta property=\"article:tag\" content=\"actualidad\" \/>\n\t\t<meta property=\"article:published_time\" content=\"2017-10-10T13:08:30+00:00\" \/>\n\t\t<meta property=\"article:modified_time\" content=\"2017-10-10T13:08:30+00:00\" \/>\n\t\t<meta property=\"article:publisher\" content=\"https:\/\/facebook.com\/eldigitaldeasturias\" \/>\n\t\t<meta name=\"twitter:card\" content=\"summary_large_image\" \/>\n\t\t<meta name=\"twitter:title\" content=\"Rayco Pulido, galardonado con el Premio Nacional del C\u00f3mic 2017 - El Digital de Asturias\" \/>\n\t\t<meta name=\"twitter:description\" content=\"Rayco Pulido Rodriguez ha sido galardonado con el Premio Nacional del C\u00f3mic, correspondiente a 2017, por su obra &#039;Lamia&#039;. El premio, concedido por el Ministerio de Educaci\u00f3n, Cultura y Deporte, est\u00e1 dotado con 20.000 euros y tiene como objeto distinguir la mejor obra de esta especialidad publicada en cualquiera de las lenguas del Estado durante\" \/>\n\t\t<meta name=\"twitter:image\" content=\"https:\/\/www.eldigitaldeasturias.com\/noticias\/wp-content\/uploads\/2020\/12\/EDA-1.jpg\" \/>\n\t\t<meta name=\"twitter:label1\" content=\"Escrito por\" \/>\n\t\t<meta name=\"twitter:data1\" content=\"El Digital de Asturias\" \/>\n\t\t<meta name=\"twitter:label2\" content=\"Tiempo de lectura estimado\" \/>\n\t\t<meta name=\"twitter:data2\" content=\"2 minutos\" \/>\n\t\t<script type=\"application\/ld+json\" class=\"aioseo-schema\">\n\t\t\t{\"@context\":\"https:\\\/\\\/schema.org\",\"@graph\":[{\"@type\":\"BlogPosting\",\"@id\":\"https:\\\/\\\/www.eldigitaldeasturias.com\\\/noticias\\\/rayco-pulido-galardonado-con-el-premio-nacional-del-comic-2017\\\/#blogposting\",\"name\":\"Rayco Pulido, galardonado con el Premio Nacional del C\\u00f3mic 2017 - El Digital de Asturias\",\"headline\":\"Rayco Pulido, galardonado con el Premio Nacional del C\\u00f3mic 2017\",\"author\":{\"@id\":\"https:\\\/\\\/www.eldigitaldeasturias.com\\\/noticias\\\/author\\\/admin\\\/#author\"},\"publisher\":{\"@id\":\"https:\\\/\\\/www.eldigitaldeasturias.com\\\/noticias\\\/#organization\"},\"image\":{\"@type\":\"ImageObject\",\"url\":953269},\"datePublished\":\"2017-10-10T13:08:30+02:00\",\"dateModified\":\"2017-10-10T13:08:30+02:00\",\"inLanguage\":\"es-ES\",\"mainEntityOfPage\":{\"@id\":\"https:\\\/\\\/www.eldigitaldeasturias.com\\\/noticias\\\/rayco-pulido-galardonado-con-el-premio-nacional-del-comic-2017\\\/#webpage\"},\"isPartOf\":{\"@id\":\"https:\\\/\\\/www.eldigitaldeasturias.com\\\/noticias\\\/rayco-pulido-galardonado-con-el-premio-nacional-del-comic-2017\\\/#webpage\"},\"articleSection\":\"Actualidad\"},{\"@type\":\"BreadcrumbList\",\"@id\":\"https:\\\/\\\/www.eldigitaldeasturias.com\\\/noticias\\\/rayco-pulido-galardonado-con-el-premio-nacional-del-comic-2017\\\/#breadcrumblist\",\"itemListElement\":[{\"@type\":\"ListItem\",\"@id\":\"https:\\\/\\\/www.eldigitaldeasturias.com\\\/noticias#listItem\",\"position\":1,\"name\":\"Home\",\"item\":\"https:\\\/\\\/www.eldigitaldeasturias.com\\\/noticias\",\"nextItem\":{\"@type\":\"ListItem\",\"@id\":\"https:\\\/\\\/www.eldigitaldeasturias.com\\\/noticias\\\/category\\\/actualidad\\\/#listItem\",\"name\":\"Actualidad\"}},{\"@type\":\"ListItem\",\"@id\":\"https:\\\/\\\/www.eldigitaldeasturias.com\\\/noticias\\\/category\\\/actualidad\\\/#listItem\",\"position\":2,\"name\":\"Actualidad\",\"item\":\"https:\\\/\\\/www.eldigitaldeasturias.com\\\/noticias\\\/category\\\/actualidad\\\/\",\"nextItem\":{\"@type\":\"ListItem\",\"@id\":\"https:\\\/\\\/www.eldigitaldeasturias.com\\\/noticias\\\/rayco-pulido-galardonado-con-el-premio-nacional-del-comic-2017\\\/#listItem\",\"name\":\"Rayco Pulido, galardonado con el Premio Nacional del C\\u00f3mic 2017\"},\"previousItem\":{\"@type\":\"ListItem\",\"@id\":\"https:\\\/\\\/www.eldigitaldeasturias.com\\\/noticias#listItem\",\"name\":\"Home\"}},{\"@type\":\"ListItem\",\"@id\":\"https:\\\/\\\/www.eldigitaldeasturias.com\\\/noticias\\\/rayco-pulido-galardonado-con-el-premio-nacional-del-comic-2017\\\/#listItem\",\"position\":3,\"name\":\"Rayco Pulido, galardonado con el Premio Nacional del C\\u00f3mic 2017\",\"previousItem\":{\"@type\":\"ListItem\",\"@id\":\"https:\\\/\\\/www.eldigitaldeasturias.com\\\/noticias\\\/category\\\/actualidad\\\/#listItem\",\"name\":\"Actualidad\"}}]},{\"@type\":\"Organization\",\"@id\":\"https:\\\/\\\/www.eldigitaldeasturias.com\\\/noticias\\\/#organization\",\"name\":\"El Digital de Asturias\",\"description\":\"Hemeroteca\",\"url\":\"https:\\\/\\\/www.eldigitaldeasturias.com\\\/noticias\\\/\",\"email\":\"info@eldigitaldeasturias.com\",\"telephone\":\"+34652131393\",\"logo\":{\"@type\":\"ImageObject\",\"url\":\"https:\\\/\\\/www.eldigitaldeasturias.com\\\/noticias\\\/wp-content\\\/uploads\\\/2020\\\/12\\\/EDA.jpg\",\"@id\":\"https:\\\/\\\/www.eldigitaldeasturias.com\\\/noticias\\\/rayco-pulido-galardonado-con-el-premio-nacional-del-comic-2017\\\/#organizationLogo\"},\"image\":{\"@id\":\"https:\\\/\\\/www.eldigitaldeasturias.com\\\/noticias\\\/rayco-pulido-galardonado-con-el-premio-nacional-del-comic-2017\\\/#organizationLogo\"},\"sameAs\":[\"https:\\\/\\\/facebook.com\\\/eldigitaldeasturias\",\"https:\\\/\\\/www.youtube.com\\\/channel\\\/UCZP-2wLEB9Rv6erhFmqVnvg\"],\"address\":{\"@id\":\"https:\\\/\\\/www.eldigitaldeasturias.com\\\/noticias\\\/#postaladdress\",\"@type\":\"PostalAddress\",\"streetAddress\":\"san antonio 4\",\"postalCode\":\"33430\",\"addressLocality\":\"Cand\\u00e1s\",\"addressRegion\":\"Asturias\",\"addressCountry\":\"ES\"}},{\"@type\":\"Person\",\"@id\":\"https:\\\/\\\/www.eldigitaldeasturias.com\\\/noticias\\\/author\\\/admin\\\/#author\",\"url\":\"https:\\\/\\\/www.eldigitaldeasturias.com\\\/noticias\\\/author\\\/admin\\\/\",\"name\":\"El Digital de Asturias\",\"image\":{\"@type\":\"ImageObject\",\"@id\":\"https:\\\/\\\/www.eldigitaldeasturias.com\\\/noticias\\\/rayco-pulido-galardonado-con-el-premio-nacional-del-comic-2017\\\/#authorImage\",\"url\":\"https:\\\/\\\/secure.gravatar.com\\\/avatar\\\/df2aeffc32bcd13f8d26072ef8a91b623d677766deac7f97ca815868cd41bf5e?s=96&d=mm&r=g\",\"width\":96,\"height\":96,\"caption\":\"El Digital de Asturias\"}},{\"@type\":\"WebPage\",\"@id\":\"https:\\\/\\\/www.eldigitaldeasturias.com\\\/noticias\\\/rayco-pulido-galardonado-con-el-premio-nacional-del-comic-2017\\\/#webpage\",\"url\":\"https:\\\/\\\/www.eldigitaldeasturias.com\\\/noticias\\\/rayco-pulido-galardonado-con-el-premio-nacional-del-comic-2017\\\/\",\"name\":\"Rayco Pulido, galardonado con el Premio Nacional del C\\u00f3mic 2017 - El Digital de Asturias\",\"description\":\"Rayco Pulido Rodriguez ha sido galardonado con el Premio Nacional del C\\u00f3mic, correspondiente a 2017, por su obra 'Lamia'. El premio, concedido por el Ministerio de Educaci\\u00f3n, Cultura y Deporte, est\\u00e1 dotado con 20.000 euros y tiene como objeto distinguir la mejor obra de esta especialidad publicada en cualquiera de las lenguas del Estado durante\",\"inLanguage\":\"es-ES\",\"isPartOf\":{\"@id\":\"https:\\\/\\\/www.eldigitaldeasturias.com\\\/noticias\\\/#website\"},\"breadcrumb\":{\"@id\":\"https:\\\/\\\/www.eldigitaldeasturias.com\\\/noticias\\\/rayco-pulido-galardonado-con-el-premio-nacional-del-comic-2017\\\/#breadcrumblist\"},\"author\":{\"@id\":\"https:\\\/\\\/www.eldigitaldeasturias.com\\\/noticias\\\/author\\\/admin\\\/#author\"},\"creator\":{\"@id\":\"https:\\\/\\\/www.eldigitaldeasturias.com\\\/noticias\\\/author\\\/admin\\\/#author\"},\"image\":{\"@type\":\"ImageObject\",\"url\":953269,\"@id\":\"https:\\\/\\\/www.eldigitaldeasturias.com\\\/noticias\\\/rayco-pulido-galardonado-con-el-premio-nacional-del-comic-2017\\\/#mainImage\"},\"primaryImageOfPage\":{\"@id\":\"https:\\\/\\\/www.eldigitaldeasturias.com\\\/noticias\\\/rayco-pulido-galardonado-con-el-premio-nacional-del-comic-2017\\\/#mainImage\"},\"datePublished\":\"2017-10-10T13:08:30+02:00\",\"dateModified\":\"2017-10-10T13:08:30+02:00\"},{\"@type\":\"WebSite\",\"@id\":\"https:\\\/\\\/www.eldigitaldeasturias.com\\\/noticias\\\/#website\",\"url\":\"https:\\\/\\\/www.eldigitaldeasturias.com\\\/noticias\\\/\",\"name\":\"El Digital de Asturias - Diario de actualidad y noticias\",\"alternateName\":\"El Digital de Asturias - Diario de actualidad y noticias\",\"description\":\"Hemeroteca\",\"inLanguage\":\"es-ES\",\"publisher\":{\"@id\":\"https:\\\/\\\/www.eldigitaldeasturias.com\\\/noticias\\\/#organization\"}}]}\n\t\t<\/script>\n\t\t<!-- All in One SEO Pro -->\r\n\t\t<title>Rayco Pulido, galardonado con el Premio Nacional del C\u00f3mic 2017 - El Digital de Asturias<\/title>\n\n","aioseo_head_json":{"title":"Rayco Pulido, galardonado con el Premio Nacional del C\u00f3mic 2017 - El Digital de Asturias","description":"Rayco Pulido Rodriguez ha sido galardonado con el Premio Nacional del C\u00f3mic, correspondiente a 2017, por su obra 'Lamia'. El premio, concedido por el Ministerio de Educaci\u00f3n, Cultura y Deporte, est\u00e1 dotado con 20.000 euros y tiene como objeto distinguir la mejor obra de esta especialidad publicada en cualquiera de las lenguas del Estado durante","canonical_url":"https:\/\/www.eldigitaldeasturias.com\/noticias\/rayco-pulido-galardonado-con-el-premio-nacional-del-comic-2017\/","robots":"max-image-preview:large","keywords":"actualidad","webmasterTools":{"google-site-verification":"UA-38556648-1","msvalidate.01":"7dfe9f3f1b24437ab69f4f2559babe99","miscellaneous":""},"schema":{"@context":"https:\/\/schema.org","@graph":[{"@type":"BlogPosting","@id":"https:\/\/www.eldigitaldeasturias.com\/noticias\/rayco-pulido-galardonado-con-el-premio-nacional-del-comic-2017\/#blogposting","name":"Rayco Pulido, galardonado con el Premio Nacional del C\u00f3mic 2017 - El Digital de Asturias","headline":"Rayco Pulido, galardonado con el Premio Nacional del C\u00f3mic 2017","author":{"@id":"https:\/\/www.eldigitaldeasturias.com\/noticias\/author\/admin\/#author"},"publisher":{"@id":"https:\/\/www.eldigitaldeasturias.com\/noticias\/#organization"},"image":{"@type":"ImageObject","url":953269},"datePublished":"2017-10-10T13:08:30+02:00","dateModified":"2017-10-10T13:08:30+02:00","inLanguage":"es-ES","mainEntityOfPage":{"@id":"https:\/\/www.eldigitaldeasturias.com\/noticias\/rayco-pulido-galardonado-con-el-premio-nacional-del-comic-2017\/#webpage"},"isPartOf":{"@id":"https:\/\/www.eldigitaldeasturias.com\/noticias\/rayco-pulido-galardonado-con-el-premio-nacional-del-comic-2017\/#webpage"},"articleSection":"Actualidad"},{"@type":"BreadcrumbList","@id":"https:\/\/www.eldigitaldeasturias.com\/noticias\/rayco-pulido-galardonado-con-el-premio-nacional-del-comic-2017\/#breadcrumblist","itemListElement":[{"@type":"ListItem","@id":"https:\/\/www.eldigitaldeasturias.com\/noticias#listItem","position":1,"name":"Home","item":"https:\/\/www.eldigitaldeasturias.com\/noticias","nextItem":{"@type":"ListItem","@id":"https:\/\/www.eldigitaldeasturias.com\/noticias\/category\/actualidad\/#listItem","name":"Actualidad"}},{"@type":"ListItem","@id":"https:\/\/www.eldigitaldeasturias.com\/noticias\/category\/actualidad\/#listItem","position":2,"name":"Actualidad","item":"https:\/\/www.eldigitaldeasturias.com\/noticias\/category\/actualidad\/","nextItem":{"@type":"ListItem","@id":"https:\/\/www.eldigitaldeasturias.com\/noticias\/rayco-pulido-galardonado-con-el-premio-nacional-del-comic-2017\/#listItem","name":"Rayco Pulido, galardonado con el Premio Nacional del C\u00f3mic 2017"},"previousItem":{"@type":"ListItem","@id":"https:\/\/www.eldigitaldeasturias.com\/noticias#listItem","name":"Home"}},{"@type":"ListItem","@id":"https:\/\/www.eldigitaldeasturias.com\/noticias\/rayco-pulido-galardonado-con-el-premio-nacional-del-comic-2017\/#listItem","position":3,"name":"Rayco Pulido, galardonado con el Premio Nacional del C\u00f3mic 2017","previousItem":{"@type":"ListItem","@id":"https:\/\/www.eldigitaldeasturias.com\/noticias\/category\/actualidad\/#listItem","name":"Actualidad"}}]},{"@type":"Organization","@id":"https:\/\/www.eldigitaldeasturias.com\/noticias\/#organization","name":"El Digital de Asturias","description":"Hemeroteca","url":"https:\/\/www.eldigitaldeasturias.com\/noticias\/","email":"info@eldigitaldeasturias.com","telephone":"+34652131393","logo":{"@type":"ImageObject","url":"https:\/\/www.eldigitaldeasturias.com\/noticias\/wp-content\/uploads\/2020\/12\/EDA.jpg","@id":"https:\/\/www.eldigitaldeasturias.com\/noticias\/rayco-pulido-galardonado-con-el-premio-nacional-del-comic-2017\/#organizationLogo"},"image":{"@id":"https:\/\/www.eldigitaldeasturias.com\/noticias\/rayco-pulido-galardonado-con-el-premio-nacional-del-comic-2017\/#organizationLogo"},"sameAs":["https:\/\/facebook.com\/eldigitaldeasturias","https:\/\/www.youtube.com\/channel\/UCZP-2wLEB9Rv6erhFmqVnvg"],"address":{"@id":"https:\/\/www.eldigitaldeasturias.com\/noticias\/#postaladdress","@type":"PostalAddress","streetAddress":"san antonio 4","postalCode":"33430","addressLocality":"Cand\u00e1s","addressRegion":"Asturias","addressCountry":"ES"}},{"@type":"Person","@id":"https:\/\/www.eldigitaldeasturias.com\/noticias\/author\/admin\/#author","url":"https:\/\/www.eldigitaldeasturias.com\/noticias\/author\/admin\/","name":"El Digital de Asturias","image":{"@type":"ImageObject","@id":"https:\/\/www.eldigitaldeasturias.com\/noticias\/rayco-pulido-galardonado-con-el-premio-nacional-del-comic-2017\/#authorImage","url":"https:\/\/secure.gravatar.com\/avatar\/df2aeffc32bcd13f8d26072ef8a91b623d677766deac7f97ca815868cd41bf5e?s=96&d=mm&r=g","width":96,"height":96,"caption":"El Digital de Asturias"}},{"@type":"WebPage","@id":"https:\/\/www.eldigitaldeasturias.com\/noticias\/rayco-pulido-galardonado-con-el-premio-nacional-del-comic-2017\/#webpage","url":"https:\/\/www.eldigitaldeasturias.com\/noticias\/rayco-pulido-galardonado-con-el-premio-nacional-del-comic-2017\/","name":"Rayco Pulido, galardonado con el Premio Nacional del C\u00f3mic 2017 - El Digital de Asturias","description":"Rayco Pulido Rodriguez ha sido galardonado con el Premio Nacional del C\u00f3mic, correspondiente a 2017, por su obra 'Lamia'. El premio, concedido por el Ministerio de Educaci\u00f3n, Cultura y Deporte, est\u00e1 dotado con 20.000 euros y tiene como objeto distinguir la mejor obra de esta especialidad publicada en cualquiera de las lenguas del Estado durante","inLanguage":"es-ES","isPartOf":{"@id":"https:\/\/www.eldigitaldeasturias.com\/noticias\/#website"},"breadcrumb":{"@id":"https:\/\/www.eldigitaldeasturias.com\/noticias\/rayco-pulido-galardonado-con-el-premio-nacional-del-comic-2017\/#breadcrumblist"},"author":{"@id":"https:\/\/www.eldigitaldeasturias.com\/noticias\/author\/admin\/#author"},"creator":{"@id":"https:\/\/www.eldigitaldeasturias.com\/noticias\/author\/admin\/#author"},"image":{"@type":"ImageObject","url":953269,"@id":"https:\/\/www.eldigitaldeasturias.com\/noticias\/rayco-pulido-galardonado-con-el-premio-nacional-del-comic-2017\/#mainImage"},"primaryImageOfPage":{"@id":"https:\/\/www.eldigitaldeasturias.com\/noticias\/rayco-pulido-galardonado-con-el-premio-nacional-del-comic-2017\/#mainImage"},"datePublished":"2017-10-10T13:08:30+02:00","dateModified":"2017-10-10T13:08:30+02:00"},{"@type":"WebSite","@id":"https:\/\/www.eldigitaldeasturias.com\/noticias\/#website","url":"https:\/\/www.eldigitaldeasturias.com\/noticias\/","name":"El Digital de Asturias - Diario de actualidad y noticias","alternateName":"El Digital de Asturias - Diario de actualidad y noticias","description":"Hemeroteca","inLanguage":"es-ES","publisher":{"@id":"https:\/\/www.eldigitaldeasturias.com\/noticias\/#organization"}}]},"og:locale":"es_ES","og:site_name":"El Digital de Asturias","og:type":"article","og:title":"Rayco Pulido, galardonado con el Premio Nacional del C\u00f3mic 2017 - El Digital de Asturias","og:description":"Rayco Pulido Rodriguez ha sido galardonado con el Premio Nacional del C\u00f3mic, correspondiente a 2017, por su obra 'Lamia'. El premio, concedido por el Ministerio de Educaci\u00f3n, Cultura y Deporte, est\u00e1 dotado con 20.000 euros y tiene como objeto distinguir la mejor obra de esta especialidad publicada en cualquiera de las lenguas del Estado durante","og:url":"https:\/\/www.eldigitaldeasturias.com\/noticias\/rayco-pulido-galardonado-con-el-premio-nacional-del-comic-2017\/","article:tag":["actualidad"],"article:published_time":"2017-10-10T13:08:30+00:00","article:modified_time":"2017-10-10T13:08:30+00:00","article:publisher":"https:\/\/facebook.com\/eldigitaldeasturias","twitter:card":"summary_large_image","twitter:title":"Rayco Pulido, galardonado con el Premio Nacional del C\u00f3mic 2017 - El Digital de Asturias","twitter:description":"Rayco Pulido Rodriguez ha sido galardonado con el Premio Nacional del C\u00f3mic, correspondiente a 2017, por su obra 'Lamia'. El premio, concedido por el Ministerio de Educaci\u00f3n, Cultura y Deporte, est\u00e1 dotado con 20.000 euros y tiene como objeto distinguir la mejor obra de esta especialidad publicada en cualquiera de las lenguas del Estado durante","twitter:image":"https:\/\/www.eldigitaldeasturias.com\/noticias\/wp-content\/uploads\/2020\/12\/EDA-1.jpg","twitter:label1":"Escrito por","twitter:data1":"El Digital de Asturias","twitter:label2":"Tiempo de lectura estimado","twitter:data2":"2 minutos"},"aioseo_meta_data":{"post_id":"955541","title":null,"description":null,"keywords":null,"keyphrases":null,"primary_term":null,"canonical_url":null,"og_title":null,"og_description":null,"og_object_type":"default","og_image_type":"default","og_image_url":null,"og_image_width":null,"og_image_height":null,"og_image_custom_url":null,"og_image_custom_fields":null,"og_video":null,"og_custom_url":null,"og_article_section":null,"og_article_tags":null,"twitter_use_og":false,"twitter_card":"default","twitter_image_type":"default","twitter_image_url":null,"twitter_image_custom_url":null,"twitter_image_custom_fields":null,"twitter_title":null,"twitter_description":null,"schema":{"blockGraphs":[],"customGraphs":[],"default":{"data":{"Article":[],"Course":[],"Dataset":[],"FAQPage":[],"Movie":[],"Person":[],"Product":[],"ProductReview":[],"Car":[],"Recipe":[],"Service":[],"SoftwareApplication":[],"WebPage":[]},"graphName":"","isEnabled":true},"graphs":[],"defaultGraph":"","defaultPostTypeGraph":""},"schema_type":null,"schema_type_options":null,"pillar_content":false,"robots_default":true,"robots_noindex":false,"robots_noarchive":false,"robots_nosnippet":false,"robots_nofollow":false,"robots_noimageindex":false,"robots_noodp":false,"robots_notranslate":false,"robots_max_snippet":null,"robots_max_videopreview":null,"robots_max_imagepreview":"large","priority":null,"frequency":null,"local_seo":null,"seo_analyzer_scan_date":"2025-12-06 10:30:12","breadcrumb_settings":null,"limit_modified_date":false,"open_ai":null,"ai":null,"created":"2020-12-21 12:56:19","updated":"2025-12-06 10:30:12","focus_keyword":null,"additional_keywords":null,"truseo_locale":null},"aioseo_breadcrumb":"<div class=\"aioseo-breadcrumbs\"><span class=\"aioseo-breadcrumb\">\n\t<a href=\"https:\/\/www.eldigitaldeasturias.com\/noticias\" title=\"Home\">Home<\/a>\n<\/span><span class=\"aioseo-breadcrumb-separator\">\u2013<\/span><span class=\"aioseo-breadcrumb\">\n\t<a href=\"https:\/\/www.eldigitaldeasturias.com\/noticias\/category\/actualidad\/\" title=\"Actualidad\">Actualidad<\/a>\n<\/span><span class=\"aioseo-breadcrumb-separator\">\u2013<\/span><span class=\"aioseo-breadcrumb\">\n\t<a href=\"https:\/\/www.eldigitaldeasturias.com\/noticias\/rayco-pulido-galardonado-con-el-premio-nacional-del-comic-2017\/\" title=\"Rayco Pulido, galardonado con el Premio Nacional del C\u00f3mic 2017\">Rayco Pulido, galardonado con el Premio Nacional del C\u00f3mic 2017<\/a>\n<\/span><\/div>","aioseo_breadcrumb_json":[{"label":"Home","link":"https:\/\/www.eldigitaldeasturias.com\/noticias"},{"label":"Actualidad","link":"https:\/\/www.eldigitaldeasturias.com\/noticias\/category\/actualidad\/"},{"label":"Rayco Pulido, galardonado con el Premio Nacional del C\u00f3mic 2017","link":"https:\/\/www.eldigitaldeasturias.com\/noticias\/rayco-pulido-galardonado-con-el-premio-nacional-del-comic-2017\/"}],"_links":{"self":[{"href":"https:\/\/www.eldigitaldeasturias.com\/noticias\/wp-json\/wp\/v2\/posts\/955541","targetHints":{"allow":["GET"]}}],"collection":[{"href":"https:\/\/www.eldigitaldeasturias.com\/noticias\/wp-json\/wp\/v2\/posts"}],"about":[{"href":"https:\/\/www.eldigitaldeasturias.com\/noticias\/wp-json\/wp\/v2\/types\/post"}],"author":[{"embeddable":true,"href":"https:\/\/www.eldigitaldeasturias.com\/noticias\/wp-json\/wp\/v2\/users\/1"}],"replies":[{"embeddable":true,"href":"https:\/\/www.eldigitaldeasturias.com\/noticias\/wp-json\/wp\/v2\/comments?post=955541"}],"version-history":[{"count":0,"href":"https:\/\/www.eldigitaldeasturias.com\/noticias\/wp-json\/wp\/v2\/posts\/955541\/revisions"}],"wp:attachment":[{"href":"https:\/\/www.eldigitaldeasturias.com\/noticias\/wp-json\/wp\/v2\/media?parent=955541"}],"wp:term":[{"taxonomy":"category","embeddable":true,"href":"https:\/\/www.eldigitaldeasturias.com\/noticias\/wp-json\/wp\/v2\/categories?post=955541"},{"taxonomy":"post_tag","embeddable":true,"href":"https:\/\/www.eldigitaldeasturias.com\/noticias\/wp-json\/wp\/v2\/tags?post=955541"}],"curies":[{"name":"wp","href":"https:\/\/api.w.org\/{rel}","templated":true}]}}