{"id":955533,"date":"2017-10-10T12:59:02","date_gmt":"2017-10-10T12:59:02","guid":{"rendered":"http:\/\/www.eldigitaldeasturias.com\/noticias\/?p=955533"},"modified":"2017-10-10T12:59:02","modified_gmt":"2017-10-10T12:59:02","slug":"la-union-europea-aprueba-los-tac-y-cuotas-en-el-mar-baltico-para-2018","status":"publish","type":"post","link":"https:\/\/www.eldigitaldeasturias.com\/noticias\/la-union-europea-aprueba-los-tac-y-cuotas-en-el-mar-baltico-para-2018\/","title":{"rendered":"La Uni\u00f3n Europea aprueba los TAC y cuotas en el Mar B\u00e1ltico para 2018"},"content":{"rendered":"<p><img loading=\"lazy\" decoding=\"async\" class=\"alignleft size-medium wp-image-955534\" src=\"https:\/\/www.eldigitaldeasturias.com\/noticias\/wp-content\/uploads\/2017\/10\/050517recursos_pesqueros-360x239.jpg\" alt=\"\" width=\"360\" height=\"239\" \/>Las cuotas aprobadas, en base al consenso de los Estados miembros del Mar B\u00e1ltico, suponen una mejora sustancial a la propuesta presentada por la Comisi\u00f3n. Adem\u00e1s, se han marcado las l\u00edneas directrices de cara al intercambio de posibilidades de pesca con Noruega, en el marco del Acuerdo de Pesca bilateral.<\/p>\n<p>La ministra de Agricultura y Pesca, Alimentaci\u00f3n y Medio Ambiente, Isabel Garc\u00eda Tejerina, particip\u00f3 ayer en Luxemburgo en la reuni\u00f3n del Consejo de Ministros de Pesca de la Uni\u00f3n Europea, que aprob\u00f3 la propuesta de reglamento que fija los TAC (Total Admisible de Capturas) y cuotas en el Mar B\u00e1ltico para 2018.<\/p>\n<p>Aunque Espa\u00f1a carece de inter\u00e9s pesquero en esta zona, ha venido realizando un estrecho seguimiento de las negociaciones, con el objetivo de asegurar que se apliquen criterios similares en todas las propuestas de TAC y cuotas, con independencia de las poblaciones pesqueras o de las \u00e1reas geogr\u00e1ficas a las que afecten.<\/p>\n<p>En su intervenci\u00f3n en el Consejo de Ministros, Isabel Garc\u00eda Tejerina subray\u00f3 que Espa\u00f1a es contraria a reducciones bruscas de cuotas, para evitar grandes repercusiones socioecon\u00f3micas de la flota y que consideraba procedente que la gesti\u00f3n de la anguila europea se realizase en el marco de su plan de recuperaci\u00f3n.<\/p>\n<p><strong>Intercambios UE-Noruega<\/strong><\/p>\n<p>Por otra parte, en el Consejo de Ministros se han marcado las l\u00edneas directrices de cara al intercambio de posibilidades de pesca con Noruega, en el marco del Acuerdo de Pesca bilateral.<\/p>\n<p>En este sentido, Espa\u00f1a ha vuelto a demandar sus derechos hist\u00f3ricos a la pesca de bacalao del \u00e1rtico, en base al acuerdo del Espacio Econ\u00f3mico Europeo (seg\u00fan se estipula en el Intercambio de Cartas de Oporto de 1992). Estas cuotas suponen el 1,24% del TAC total de poblaci\u00f3n de bacalao \u00e1rtico para los Estados miembros de cohesi\u00f3n.<\/p>\n<p>Espa\u00f1a considera que estos derechos deber\u00edan estar garantizados para poder disfrutarlos en su integridad, algo que no est\u00e1 sucediendo en los \u00faltimos a\u00f1os debido a la falta de disponibilidad, por parte de la Uni\u00f3n Europea, de cuotas intercambiables de otras especies de inter\u00e9s para Noruega.<\/p>\n<p><strong>Reuni\u00f3n anual del ICAAT<\/strong><\/p>\n<p>Por \u00faltimo, en la reuni\u00f3n del Consejo se ha producido un intercambio de opiniones sobre la posici\u00f3n de la Uni\u00f3n Europea en la reuni\u00f3n de ICCAT (Comisi\u00f3n Internacional para la Conservaci\u00f3n del At\u00fan Atl\u00e1ntico) del 14 al 22 de noviembre en Marrakech (Marruecos). En este \u00e1mbito, Espa\u00f1a defiende un aumento sustancial del TAC de at\u00fan rojo y un aumento m\u00e1s moderado de at\u00fan blanco, dado que los informes cient\u00edficos son muy positivos para ambas poblaciones.<\/p>\n<p><strong>Aplicaci\u00f3n del Fondo Europeo, Mar\u00edtimo y de Pesca<\/strong><\/p>\n<p>La ministra Garcia Tejerina ha indicado los problemas que se est\u00e1n encontrado para la aplicaci\u00f3n del Fondo y ha solicitado a la Comisi\u00f3n Europea un mayor apoyo e implicaci\u00f3n para lograr una mejor aplicaci\u00f3n del mismo.<\/p>\n","protected":false},"excerpt":{"rendered":"<p>Las cuotas aprobadas, en base al consenso de los Estados miembros del Mar B\u00e1ltico, suponen una mejora sustancial a la propuesta presentada por la Comisi\u00f3n. Adem\u00e1s, se han marcado las l\u00edneas directrices de cara al intercambio de posibilidades de pesca con Noruega, en el marco del Acuerdo de Pesca bilateral. La ministra de Agricultura y [&hellip;]<\/p>\n","protected":false},"author":1,"featured_media":955534,"comment_status":"closed","ping_status":"closed","sticky":false,"template":"","format":"standard","meta":{"footnotes":""},"categories":[1],"tags":[],"class_list":["post-955533","post","type-post","status-publish","format-standard","has-post-thumbnail","hentry","category-actualidad"],"aioseo_notices":[],"aioseo_head":"\n\t\t<!-- All in One SEO Pro 5.0.1 - aioseo.com -->\n\t<meta name=\"description\" content=\"Las cuotas aprobadas, en base al consenso de los Estados miembros del Mar B\u00e1ltico, suponen una mejora sustancial a la propuesta presentada por la Comisi\u00f3n. Adem\u00e1s, se han marcado las l\u00edneas directrices de cara al intercambio de posibilidades de pesca con Noruega, en el marco del Acuerdo de Pesca bilateral. La ministra de Agricultura y\" \/>\n\t<meta name=\"robots\" content=\"max-image-preview:large\" \/>\n\t<meta name=\"author\" content=\"El Digital de Asturias\"\/>\n\t<meta name=\"google-site-verification\" content=\"UA-38556648-1\" \/>\n\t<meta name=\"msvalidate.01\" content=\"7dfe9f3f1b24437ab69f4f2559babe99\" \/>\n\t<meta name=\"keywords\" content=\"actualidad\" \/>\n\t<link rel=\"canonical\" href=\"https:\/\/www.eldigitaldeasturias.com\/noticias\/la-union-europea-aprueba-los-tac-y-cuotas-en-el-mar-baltico-para-2018\/\" \/>\n\t<meta name=\"generator\" content=\"All in One SEO Pro (AIOSEO) 5.0.1\" \/>\n\t\t<meta property=\"og:locale\" content=\"es_ES\" \/>\n\t\t<meta property=\"og:site_name\" content=\"El Digital de Asturias\" \/>\n\t\t<meta property=\"og:type\" content=\"article\" \/>\n\t\t<meta property=\"og:title\" content=\"La Uni\u00f3n Europea aprueba los TAC y cuotas en el Mar B\u00e1ltico para 2018 - El Digital de Asturias\" \/>\n\t\t<meta property=\"og:description\" content=\"Las cuotas aprobadas, en base al consenso de los Estados miembros del Mar B\u00e1ltico, suponen una mejora sustancial a la propuesta presentada por la Comisi\u00f3n. Adem\u00e1s, se han marcado las l\u00edneas directrices de cara al intercambio de posibilidades de pesca con Noruega, en el marco del Acuerdo de Pesca bilateral. La ministra de Agricultura y\" \/>\n\t\t<meta property=\"og:url\" content=\"https:\/\/www.eldigitaldeasturias.com\/noticias\/la-union-europea-aprueba-los-tac-y-cuotas-en-el-mar-baltico-para-2018\/\" \/>\n\t\t<meta property=\"article:tag\" content=\"actualidad\" \/>\n\t\t<meta property=\"article:published_time\" content=\"2017-10-10T12:59:02+00:00\" \/>\n\t\t<meta property=\"article:modified_time\" content=\"2017-10-10T12:59:02+00:00\" \/>\n\t\t<meta property=\"article:publisher\" content=\"https:\/\/facebook.com\/eldigitaldeasturias\" \/>\n\t\t<meta name=\"twitter:card\" content=\"summary_large_image\" \/>\n\t\t<meta name=\"twitter:title\" content=\"La Uni\u00f3n Europea aprueba los TAC y cuotas en el Mar B\u00e1ltico para 2018 - El Digital de Asturias\" \/>\n\t\t<meta name=\"twitter:description\" content=\"Las cuotas aprobadas, en base al consenso de los Estados miembros del Mar B\u00e1ltico, suponen una mejora sustancial a la propuesta presentada por la Comisi\u00f3n. Adem\u00e1s, se han marcado las l\u00edneas directrices de cara al intercambio de posibilidades de pesca con Noruega, en el marco del Acuerdo de Pesca bilateral. La ministra de Agricultura y\" \/>\n\t\t<meta name=\"twitter:image\" content=\"https:\/\/www.eldigitaldeasturias.com\/noticias\/wp-content\/uploads\/2020\/12\/EDA-1.jpg\" \/>\n\t\t<meta name=\"twitter:label1\" content=\"Escrito por\" \/>\n\t\t<meta name=\"twitter:data1\" content=\"El Digital de Asturias\" \/>\n\t\t<meta name=\"twitter:label2\" content=\"Tiempo de lectura estimado\" \/>\n\t\t<meta name=\"twitter:data2\" content=\"3 minutos\" \/>\n\t\t<script type=\"application\/ld+json\" class=\"aioseo-schema\">\n\t\t\t{\"@context\":\"https:\\\/\\\/schema.org\",\"@graph\":[{\"@type\":\"BlogPosting\",\"@id\":\"https:\\\/\\\/www.eldigitaldeasturias.com\\\/noticias\\\/la-union-europea-aprueba-los-tac-y-cuotas-en-el-mar-baltico-para-2018\\\/#blogposting\",\"name\":\"La Uni\\u00f3n Europea aprueba los TAC y cuotas en el Mar B\\u00e1ltico para 2018 - El Digital de Asturias\",\"headline\":\"La Uni\\u00f3n Europea aprueba los TAC y cuotas en el Mar B\\u00e1ltico para 2018\",\"author\":{\"@id\":\"https:\\\/\\\/www.eldigitaldeasturias.com\\\/noticias\\\/author\\\/admin\\\/#author\"},\"publisher\":{\"@id\":\"https:\\\/\\\/www.eldigitaldeasturias.com\\\/noticias\\\/#organization\"},\"image\":{\"@type\":\"ImageObject\",\"url\":955534},\"datePublished\":\"2017-10-10T12:59:02+02:00\",\"dateModified\":\"2017-10-10T12:59:02+02:00\",\"inLanguage\":\"es-ES\",\"mainEntityOfPage\":{\"@id\":\"https:\\\/\\\/www.eldigitaldeasturias.com\\\/noticias\\\/la-union-europea-aprueba-los-tac-y-cuotas-en-el-mar-baltico-para-2018\\\/#webpage\"},\"isPartOf\":{\"@id\":\"https:\\\/\\\/www.eldigitaldeasturias.com\\\/noticias\\\/la-union-europea-aprueba-los-tac-y-cuotas-en-el-mar-baltico-para-2018\\\/#webpage\"},\"articleSection\":\"Actualidad\"},{\"@type\":\"BreadcrumbList\",\"@id\":\"https:\\\/\\\/www.eldigitaldeasturias.com\\\/noticias\\\/la-union-europea-aprueba-los-tac-y-cuotas-en-el-mar-baltico-para-2018\\\/#breadcrumblist\",\"itemListElement\":[{\"@type\":\"ListItem\",\"@id\":\"https:\\\/\\\/www.eldigitaldeasturias.com\\\/noticias#listItem\",\"position\":1,\"name\":\"Home\",\"item\":\"https:\\\/\\\/www.eldigitaldeasturias.com\\\/noticias\",\"nextItem\":{\"@type\":\"ListItem\",\"@id\":\"https:\\\/\\\/www.eldigitaldeasturias.com\\\/noticias\\\/category\\\/actualidad\\\/#listItem\",\"name\":\"Actualidad\"}},{\"@type\":\"ListItem\",\"@id\":\"https:\\\/\\\/www.eldigitaldeasturias.com\\\/noticias\\\/category\\\/actualidad\\\/#listItem\",\"position\":2,\"name\":\"Actualidad\",\"item\":\"https:\\\/\\\/www.eldigitaldeasturias.com\\\/noticias\\\/category\\\/actualidad\\\/\",\"nextItem\":{\"@type\":\"ListItem\",\"@id\":\"https:\\\/\\\/www.eldigitaldeasturias.com\\\/noticias\\\/la-union-europea-aprueba-los-tac-y-cuotas-en-el-mar-baltico-para-2018\\\/#listItem\",\"name\":\"La Uni\\u00f3n Europea aprueba los TAC y cuotas en el Mar B\\u00e1ltico para 2018\"},\"previousItem\":{\"@type\":\"ListItem\",\"@id\":\"https:\\\/\\\/www.eldigitaldeasturias.com\\\/noticias#listItem\",\"name\":\"Home\"}},{\"@type\":\"ListItem\",\"@id\":\"https:\\\/\\\/www.eldigitaldeasturias.com\\\/noticias\\\/la-union-europea-aprueba-los-tac-y-cuotas-en-el-mar-baltico-para-2018\\\/#listItem\",\"position\":3,\"name\":\"La Uni\\u00f3n Europea aprueba los TAC y cuotas en el Mar B\\u00e1ltico para 2018\",\"previousItem\":{\"@type\":\"ListItem\",\"@id\":\"https:\\\/\\\/www.eldigitaldeasturias.com\\\/noticias\\\/category\\\/actualidad\\\/#listItem\",\"name\":\"Actualidad\"}}]},{\"@type\":\"Organization\",\"@id\":\"https:\\\/\\\/www.eldigitaldeasturias.com\\\/noticias\\\/#organization\",\"name\":\"El Digital de Asturias\",\"description\":\"Hemeroteca\",\"url\":\"https:\\\/\\\/www.eldigitaldeasturias.com\\\/noticias\\\/\",\"email\":\"info@eldigitaldeasturias.com\",\"telephone\":\"+34652131393\",\"logo\":{\"@type\":\"ImageObject\",\"url\":\"https:\\\/\\\/www.eldigitaldeasturias.com\\\/noticias\\\/wp-content\\\/uploads\\\/2020\\\/12\\\/EDA.jpg\",\"@id\":\"https:\\\/\\\/www.eldigitaldeasturias.com\\\/noticias\\\/la-union-europea-aprueba-los-tac-y-cuotas-en-el-mar-baltico-para-2018\\\/#organizationLogo\"},\"image\":{\"@id\":\"https:\\\/\\\/www.eldigitaldeasturias.com\\\/noticias\\\/la-union-europea-aprueba-los-tac-y-cuotas-en-el-mar-baltico-para-2018\\\/#organizationLogo\"},\"sameAs\":[\"https:\\\/\\\/facebook.com\\\/eldigitaldeasturias\",\"https:\\\/\\\/www.youtube.com\\\/channel\\\/UCZP-2wLEB9Rv6erhFmqVnvg\"],\"address\":{\"@id\":\"https:\\\/\\\/www.eldigitaldeasturias.com\\\/noticias\\\/#postaladdress\",\"@type\":\"PostalAddress\",\"streetAddress\":\"san antonio 4\",\"postalCode\":\"33430\",\"addressLocality\":\"Cand\\u00e1s\",\"addressRegion\":\"Asturias\",\"addressCountry\":\"ES\"}},{\"@type\":\"Person\",\"@id\":\"https:\\\/\\\/www.eldigitaldeasturias.com\\\/noticias\\\/author\\\/admin\\\/#author\",\"url\":\"https:\\\/\\\/www.eldigitaldeasturias.com\\\/noticias\\\/author\\\/admin\\\/\",\"name\":\"El Digital de Asturias\",\"image\":{\"@type\":\"ImageObject\",\"@id\":\"https:\\\/\\\/www.eldigitaldeasturias.com\\\/noticias\\\/la-union-europea-aprueba-los-tac-y-cuotas-en-el-mar-baltico-para-2018\\\/#authorImage\",\"url\":\"https:\\\/\\\/secure.gravatar.com\\\/avatar\\\/df2aeffc32bcd13f8d26072ef8a91b623d677766deac7f97ca815868cd41bf5e?s=96&d=mm&r=g\",\"width\":96,\"height\":96,\"caption\":\"El Digital de Asturias\"}},{\"@type\":\"WebPage\",\"@id\":\"https:\\\/\\\/www.eldigitaldeasturias.com\\\/noticias\\\/la-union-europea-aprueba-los-tac-y-cuotas-en-el-mar-baltico-para-2018\\\/#webpage\",\"url\":\"https:\\\/\\\/www.eldigitaldeasturias.com\\\/noticias\\\/la-union-europea-aprueba-los-tac-y-cuotas-en-el-mar-baltico-para-2018\\\/\",\"name\":\"La Uni\\u00f3n Europea aprueba los TAC y cuotas en el Mar B\\u00e1ltico para 2018 - El Digital de Asturias\",\"description\":\"Las cuotas aprobadas, en base al consenso de los Estados miembros del Mar B\\u00e1ltico, suponen una mejora sustancial a la propuesta presentada por la Comisi\\u00f3n. Adem\\u00e1s, se han marcado las l\\u00edneas directrices de cara al intercambio de posibilidades de pesca con Noruega, en el marco del Acuerdo de Pesca bilateral. La ministra de Agricultura y\",\"inLanguage\":\"es-ES\",\"isPartOf\":{\"@id\":\"https:\\\/\\\/www.eldigitaldeasturias.com\\\/noticias\\\/#website\"},\"breadcrumb\":{\"@id\":\"https:\\\/\\\/www.eldigitaldeasturias.com\\\/noticias\\\/la-union-europea-aprueba-los-tac-y-cuotas-en-el-mar-baltico-para-2018\\\/#breadcrumblist\"},\"author\":{\"@id\":\"https:\\\/\\\/www.eldigitaldeasturias.com\\\/noticias\\\/author\\\/admin\\\/#author\"},\"creator\":{\"@id\":\"https:\\\/\\\/www.eldigitaldeasturias.com\\\/noticias\\\/author\\\/admin\\\/#author\"},\"image\":{\"@type\":\"ImageObject\",\"url\":955534,\"@id\":\"https:\\\/\\\/www.eldigitaldeasturias.com\\\/noticias\\\/la-union-europea-aprueba-los-tac-y-cuotas-en-el-mar-baltico-para-2018\\\/#mainImage\"},\"primaryImageOfPage\":{\"@id\":\"https:\\\/\\\/www.eldigitaldeasturias.com\\\/noticias\\\/la-union-europea-aprueba-los-tac-y-cuotas-en-el-mar-baltico-para-2018\\\/#mainImage\"},\"datePublished\":\"2017-10-10T12:59:02+02:00\",\"dateModified\":\"2017-10-10T12:59:02+02:00\"},{\"@type\":\"WebSite\",\"@id\":\"https:\\\/\\\/www.eldigitaldeasturias.com\\\/noticias\\\/#website\",\"url\":\"https:\\\/\\\/www.eldigitaldeasturias.com\\\/noticias\\\/\",\"name\":\"El Digital de Asturias - Diario de actualidad y noticias\",\"alternateName\":\"El Digital de Asturias - Diario de actualidad y noticias\",\"description\":\"Hemeroteca\",\"inLanguage\":\"es-ES\",\"publisher\":{\"@id\":\"https:\\\/\\\/www.eldigitaldeasturias.com\\\/noticias\\\/#organization\"}}]}\n\t\t<\/script>\n\t\t<!-- All in One SEO Pro -->\r\n\t\t<title>La Uni\u00f3n Europea aprueba los TAC y cuotas en el Mar B\u00e1ltico para 2018 - El Digital de Asturias<\/title>\n\n","aioseo_head_json":{"title":"La Uni\u00f3n Europea aprueba los TAC y cuotas en el Mar B\u00e1ltico para 2018 - El Digital de Asturias","description":"Las cuotas aprobadas, en base al consenso de los Estados miembros del Mar B\u00e1ltico, suponen una mejora sustancial a la propuesta presentada por la Comisi\u00f3n. Adem\u00e1s, se han marcado las l\u00edneas directrices de cara al intercambio de posibilidades de pesca con Noruega, en el marco del Acuerdo de Pesca bilateral. La ministra de Agricultura y","canonical_url":"https:\/\/www.eldigitaldeasturias.com\/noticias\/la-union-europea-aprueba-los-tac-y-cuotas-en-el-mar-baltico-para-2018\/","robots":"max-image-preview:large","keywords":"actualidad","webmasterTools":{"google-site-verification":"UA-38556648-1","msvalidate.01":"7dfe9f3f1b24437ab69f4f2559babe99","miscellaneous":""},"schema":{"@context":"https:\/\/schema.org","@graph":[{"@type":"BlogPosting","@id":"https:\/\/www.eldigitaldeasturias.com\/noticias\/la-union-europea-aprueba-los-tac-y-cuotas-en-el-mar-baltico-para-2018\/#blogposting","name":"La Uni\u00f3n Europea aprueba los TAC y cuotas en el Mar B\u00e1ltico para 2018 - El Digital de Asturias","headline":"La Uni\u00f3n Europea aprueba los TAC y cuotas en el Mar B\u00e1ltico para 2018","author":{"@id":"https:\/\/www.eldigitaldeasturias.com\/noticias\/author\/admin\/#author"},"publisher":{"@id":"https:\/\/www.eldigitaldeasturias.com\/noticias\/#organization"},"image":{"@type":"ImageObject","url":955534},"datePublished":"2017-10-10T12:59:02+02:00","dateModified":"2017-10-10T12:59:02+02:00","inLanguage":"es-ES","mainEntityOfPage":{"@id":"https:\/\/www.eldigitaldeasturias.com\/noticias\/la-union-europea-aprueba-los-tac-y-cuotas-en-el-mar-baltico-para-2018\/#webpage"},"isPartOf":{"@id":"https:\/\/www.eldigitaldeasturias.com\/noticias\/la-union-europea-aprueba-los-tac-y-cuotas-en-el-mar-baltico-para-2018\/#webpage"},"articleSection":"Actualidad"},{"@type":"BreadcrumbList","@id":"https:\/\/www.eldigitaldeasturias.com\/noticias\/la-union-europea-aprueba-los-tac-y-cuotas-en-el-mar-baltico-para-2018\/#breadcrumblist","itemListElement":[{"@type":"ListItem","@id":"https:\/\/www.eldigitaldeasturias.com\/noticias#listItem","position":1,"name":"Home","item":"https:\/\/www.eldigitaldeasturias.com\/noticias","nextItem":{"@type":"ListItem","@id":"https:\/\/www.eldigitaldeasturias.com\/noticias\/category\/actualidad\/#listItem","name":"Actualidad"}},{"@type":"ListItem","@id":"https:\/\/www.eldigitaldeasturias.com\/noticias\/category\/actualidad\/#listItem","position":2,"name":"Actualidad","item":"https:\/\/www.eldigitaldeasturias.com\/noticias\/category\/actualidad\/","nextItem":{"@type":"ListItem","@id":"https:\/\/www.eldigitaldeasturias.com\/noticias\/la-union-europea-aprueba-los-tac-y-cuotas-en-el-mar-baltico-para-2018\/#listItem","name":"La Uni\u00f3n Europea aprueba los TAC y cuotas en el Mar B\u00e1ltico para 2018"},"previousItem":{"@type":"ListItem","@id":"https:\/\/www.eldigitaldeasturias.com\/noticias#listItem","name":"Home"}},{"@type":"ListItem","@id":"https:\/\/www.eldigitaldeasturias.com\/noticias\/la-union-europea-aprueba-los-tac-y-cuotas-en-el-mar-baltico-para-2018\/#listItem","position":3,"name":"La Uni\u00f3n Europea aprueba los TAC y cuotas en el Mar B\u00e1ltico para 2018","previousItem":{"@type":"ListItem","@id":"https:\/\/www.eldigitaldeasturias.com\/noticias\/category\/actualidad\/#listItem","name":"Actualidad"}}]},{"@type":"Organization","@id":"https:\/\/www.eldigitaldeasturias.com\/noticias\/#organization","name":"El Digital de Asturias","description":"Hemeroteca","url":"https:\/\/www.eldigitaldeasturias.com\/noticias\/","email":"info@eldigitaldeasturias.com","telephone":"+34652131393","logo":{"@type":"ImageObject","url":"https:\/\/www.eldigitaldeasturias.com\/noticias\/wp-content\/uploads\/2020\/12\/EDA.jpg","@id":"https:\/\/www.eldigitaldeasturias.com\/noticias\/la-union-europea-aprueba-los-tac-y-cuotas-en-el-mar-baltico-para-2018\/#organizationLogo"},"image":{"@id":"https:\/\/www.eldigitaldeasturias.com\/noticias\/la-union-europea-aprueba-los-tac-y-cuotas-en-el-mar-baltico-para-2018\/#organizationLogo"},"sameAs":["https:\/\/facebook.com\/eldigitaldeasturias","https:\/\/www.youtube.com\/channel\/UCZP-2wLEB9Rv6erhFmqVnvg"],"address":{"@id":"https:\/\/www.eldigitaldeasturias.com\/noticias\/#postaladdress","@type":"PostalAddress","streetAddress":"san antonio 4","postalCode":"33430","addressLocality":"Cand\u00e1s","addressRegion":"Asturias","addressCountry":"ES"}},{"@type":"Person","@id":"https:\/\/www.eldigitaldeasturias.com\/noticias\/author\/admin\/#author","url":"https:\/\/www.eldigitaldeasturias.com\/noticias\/author\/admin\/","name":"El Digital de Asturias","image":{"@type":"ImageObject","@id":"https:\/\/www.eldigitaldeasturias.com\/noticias\/la-union-europea-aprueba-los-tac-y-cuotas-en-el-mar-baltico-para-2018\/#authorImage","url":"https:\/\/secure.gravatar.com\/avatar\/df2aeffc32bcd13f8d26072ef8a91b623d677766deac7f97ca815868cd41bf5e?s=96&d=mm&r=g","width":96,"height":96,"caption":"El Digital de Asturias"}},{"@type":"WebPage","@id":"https:\/\/www.eldigitaldeasturias.com\/noticias\/la-union-europea-aprueba-los-tac-y-cuotas-en-el-mar-baltico-para-2018\/#webpage","url":"https:\/\/www.eldigitaldeasturias.com\/noticias\/la-union-europea-aprueba-los-tac-y-cuotas-en-el-mar-baltico-para-2018\/","name":"La Uni\u00f3n Europea aprueba los TAC y cuotas en el Mar B\u00e1ltico para 2018 - El Digital de Asturias","description":"Las cuotas aprobadas, en base al consenso de los Estados miembros del Mar B\u00e1ltico, suponen una mejora sustancial a la propuesta presentada por la Comisi\u00f3n. Adem\u00e1s, se han marcado las l\u00edneas directrices de cara al intercambio de posibilidades de pesca con Noruega, en el marco del Acuerdo de Pesca bilateral. La ministra de Agricultura y","inLanguage":"es-ES","isPartOf":{"@id":"https:\/\/www.eldigitaldeasturias.com\/noticias\/#website"},"breadcrumb":{"@id":"https:\/\/www.eldigitaldeasturias.com\/noticias\/la-union-europea-aprueba-los-tac-y-cuotas-en-el-mar-baltico-para-2018\/#breadcrumblist"},"author":{"@id":"https:\/\/www.eldigitaldeasturias.com\/noticias\/author\/admin\/#author"},"creator":{"@id":"https:\/\/www.eldigitaldeasturias.com\/noticias\/author\/admin\/#author"},"image":{"@type":"ImageObject","url":955534,"@id":"https:\/\/www.eldigitaldeasturias.com\/noticias\/la-union-europea-aprueba-los-tac-y-cuotas-en-el-mar-baltico-para-2018\/#mainImage"},"primaryImageOfPage":{"@id":"https:\/\/www.eldigitaldeasturias.com\/noticias\/la-union-europea-aprueba-los-tac-y-cuotas-en-el-mar-baltico-para-2018\/#mainImage"},"datePublished":"2017-10-10T12:59:02+02:00","dateModified":"2017-10-10T12:59:02+02:00"},{"@type":"WebSite","@id":"https:\/\/www.eldigitaldeasturias.com\/noticias\/#website","url":"https:\/\/www.eldigitaldeasturias.com\/noticias\/","name":"El Digital de Asturias - Diario de actualidad y noticias","alternateName":"El Digital de Asturias - Diario de actualidad y noticias","description":"Hemeroteca","inLanguage":"es-ES","publisher":{"@id":"https:\/\/www.eldigitaldeasturias.com\/noticias\/#organization"}}]},"og:locale":"es_ES","og:site_name":"El Digital de Asturias","og:type":"article","og:title":"La Uni\u00f3n Europea aprueba los TAC y cuotas en el Mar B\u00e1ltico para 2018 - El Digital de Asturias","og:description":"Las cuotas aprobadas, en base al consenso de los Estados miembros del Mar B\u00e1ltico, suponen una mejora sustancial a la propuesta presentada por la Comisi\u00f3n. Adem\u00e1s, se han marcado las l\u00edneas directrices de cara al intercambio de posibilidades de pesca con Noruega, en el marco del Acuerdo de Pesca bilateral. La ministra de Agricultura y","og:url":"https:\/\/www.eldigitaldeasturias.com\/noticias\/la-union-europea-aprueba-los-tac-y-cuotas-en-el-mar-baltico-para-2018\/","article:tag":["actualidad"],"article:published_time":"2017-10-10T12:59:02+00:00","article:modified_time":"2017-10-10T12:59:02+00:00","article:publisher":"https:\/\/facebook.com\/eldigitaldeasturias","twitter:card":"summary_large_image","twitter:title":"La Uni\u00f3n Europea aprueba los TAC y cuotas en el Mar B\u00e1ltico para 2018 - El Digital de Asturias","twitter:description":"Las cuotas aprobadas, en base al consenso de los Estados miembros del Mar B\u00e1ltico, suponen una mejora sustancial a la propuesta presentada por la Comisi\u00f3n. Adem\u00e1s, se han marcado las l\u00edneas directrices de cara al intercambio de posibilidades de pesca con Noruega, en el marco del Acuerdo de Pesca bilateral. La ministra de Agricultura y","twitter:image":"https:\/\/www.eldigitaldeasturias.com\/noticias\/wp-content\/uploads\/2020\/12\/EDA-1.jpg","twitter:label1":"Escrito por","twitter:data1":"El Digital de Asturias","twitter:label2":"Tiempo de lectura estimado","twitter:data2":"3 minutos"},"aioseo_meta_data":{"post_id":"955533","title":null,"description":null,"keywords":null,"keyphrases":null,"primary_term":null,"canonical_url":null,"og_title":null,"og_description":null,"og_object_type":"default","og_image_type":"default","og_image_url":null,"og_image_width":null,"og_image_height":null,"og_image_custom_url":null,"og_image_custom_fields":null,"og_video":null,"og_custom_url":null,"og_article_section":null,"og_article_tags":null,"twitter_use_og":false,"twitter_card":"default","twitter_image_type":"default","twitter_image_url":null,"twitter_image_custom_url":null,"twitter_image_custom_fields":null,"twitter_title":null,"twitter_description":null,"schema":{"blockGraphs":[],"customGraphs":[],"default":{"data":{"Article":[],"Course":[],"Dataset":[],"FAQPage":[],"Movie":[],"Person":[],"Product":[],"ProductReview":[],"Car":[],"Recipe":[],"Service":[],"SoftwareApplication":[],"WebPage":[]},"graphName":"","isEnabled":true},"graphs":[],"defaultGraph":"","defaultPostTypeGraph":""},"schema_type":null,"schema_type_options":null,"pillar_content":false,"robots_default":true,"robots_noindex":false,"robots_noarchive":false,"robots_nosnippet":false,"robots_nofollow":false,"robots_noimageindex":false,"robots_noodp":false,"robots_notranslate":false,"robots_max_snippet":null,"robots_max_videopreview":null,"robots_max_imagepreview":"large","priority":null,"frequency":null,"local_seo":null,"seo_analyzer_scan_date":"2025-12-06 10:27:57","breadcrumb_settings":null,"limit_modified_date":false,"open_ai":null,"ai":null,"created":"2020-12-21 12:56:19","updated":"2025-12-06 10:27:57","focus_keyword":null,"additional_keywords":null,"truseo_locale":null},"aioseo_breadcrumb":"<div class=\"aioseo-breadcrumbs\"><span class=\"aioseo-breadcrumb\">\n\t<a href=\"https:\/\/www.eldigitaldeasturias.com\/noticias\" title=\"Home\">Home<\/a>\n<\/span><span class=\"aioseo-breadcrumb-separator\">\u2013<\/span><span class=\"aioseo-breadcrumb\">\n\t<a href=\"https:\/\/www.eldigitaldeasturias.com\/noticias\/category\/actualidad\/\" title=\"Actualidad\">Actualidad<\/a>\n<\/span><span class=\"aioseo-breadcrumb-separator\">\u2013<\/span><span class=\"aioseo-breadcrumb\">\n\t<a href=\"https:\/\/www.eldigitaldeasturias.com\/noticias\/la-union-europea-aprueba-los-tac-y-cuotas-en-el-mar-baltico-para-2018\/\" title=\"La Uni\u00f3n Europea aprueba los TAC y cuotas en el Mar B\u00e1ltico para 2018\">La Uni\u00f3n Europea aprueba los TAC y cuotas en el Mar B\u00e1ltico para 2018<\/a>\n<\/span><\/div>","aioseo_breadcrumb_json":[{"label":"Home","link":"https:\/\/www.eldigitaldeasturias.com\/noticias"},{"label":"Actualidad","link":"https:\/\/www.eldigitaldeasturias.com\/noticias\/category\/actualidad\/"},{"label":"La Uni\u00f3n Europea aprueba los TAC y cuotas en el Mar B\u00e1ltico para 2018","link":"https:\/\/www.eldigitaldeasturias.com\/noticias\/la-union-europea-aprueba-los-tac-y-cuotas-en-el-mar-baltico-para-2018\/"}],"_links":{"self":[{"href":"https:\/\/www.eldigitaldeasturias.com\/noticias\/wp-json\/wp\/v2\/posts\/955533","targetHints":{"allow":["GET"]}}],"collection":[{"href":"https:\/\/www.eldigitaldeasturias.com\/noticias\/wp-json\/wp\/v2\/posts"}],"about":[{"href":"https:\/\/www.eldigitaldeasturias.com\/noticias\/wp-json\/wp\/v2\/types\/post"}],"author":[{"embeddable":true,"href":"https:\/\/www.eldigitaldeasturias.com\/noticias\/wp-json\/wp\/v2\/users\/1"}],"replies":[{"embeddable":true,"href":"https:\/\/www.eldigitaldeasturias.com\/noticias\/wp-json\/wp\/v2\/comments?post=955533"}],"version-history":[{"count":0,"href":"https:\/\/www.eldigitaldeasturias.com\/noticias\/wp-json\/wp\/v2\/posts\/955533\/revisions"}],"wp:attachment":[{"href":"https:\/\/www.eldigitaldeasturias.com\/noticias\/wp-json\/wp\/v2\/media?parent=955533"}],"wp:term":[{"taxonomy":"category","embeddable":true,"href":"https:\/\/www.eldigitaldeasturias.com\/noticias\/wp-json\/wp\/v2\/categories?post=955533"},{"taxonomy":"post_tag","embeddable":true,"href":"https:\/\/www.eldigitaldeasturias.com\/noticias\/wp-json\/wp\/v2\/tags?post=955533"}],"curies":[{"name":"wp","href":"https:\/\/api.w.org\/{rel}","templated":true}]}}