{"id":955528,"date":"2017-10-10T12:53:46","date_gmt":"2017-10-10T12:53:46","guid":{"rendered":"http:\/\/www.eldigitaldeasturias.com\/noticias\/?p=955528"},"modified":"2017-10-10T12:53:46","modified_gmt":"2017-10-10T12:53:46","slug":"espana-lamenta-la-destruccion-causada-por-la-tormenta-tropical-nate-en-centroamerica","status":"publish","type":"post","link":"https:\/\/www.eldigitaldeasturias.com\/noticias\/espana-lamenta-la-destruccion-causada-por-la-tormenta-tropical-nate-en-centroamerica\/","title":{"rendered":"Espa\u00f1a lamenta la destrucci\u00f3n causada por la tormenta tropical \u00abNate\u00bb en Centroam\u00e9rica"},"content":{"rendered":"<p><img loading=\"lazy\" decoding=\"async\" class=\"alignleft size-medium wp-image-955529\" src=\"https:\/\/www.eldigitaldeasturias.com\/noticias\/wp-content\/uploads\/2017\/10\/09032017_SedeMinisterio-360x239.jpg\" alt=\"\" width=\"360\" height=\"239\" \/>Espa\u00f1a expresa su dolor por la terrible destrucci\u00f3n provocada por el paso de la tormenta tropical \u00abNate\u00bb por Centroam\u00e9rica con efectos devastadores, en particular en Costa Rica y Nicaragua, donde ha provocado p\u00e9rdida de vidas humanas y graves da\u00f1os materiales, y en El Salvador, Honduras, Guatemala y Belice que se han visto, tambi\u00e9n, gravemente afectados.<\/p>\n<p>\u200bEl Gobierno de Espa\u00f1a expresa sus condolencias a las familias de las v\u00edctimas y desea el pronto restablecimiento de los heridos y traslada su solidaridad y apoyo al pueblo y a las autoridades de dichos pa\u00edses. Espa\u00f1a va a realizar una contribuci\u00f3n al Fondo de Emergencias de Respuesta ante Desastres que la Federaci\u00f3n Internacional de la Cruz Roja ha constituido tras el paso del hurac\u00e1n \u00abNate\u00bb en Nicaragua que permitir\u00e1 proporcionar elementos de cobijo y art\u00edculos no alimentarios a numerosas familias afectadas.<\/p>\n","protected":false},"excerpt":{"rendered":"<p>Espa\u00f1a expresa su dolor por la terrible destrucci\u00f3n provocada por el paso de la tormenta tropical \u00abNate\u00bb por Centroam\u00e9rica con efectos devastadores, en particular en Costa Rica y Nicaragua, donde ha provocado p\u00e9rdida de vidas humanas y graves da\u00f1os materiales, y en El Salvador, Honduras, Guatemala y Belice que se han visto, tambi\u00e9n, gravemente afectados. [&hellip;]<\/p>\n","protected":false},"author":1,"featured_media":955529,"comment_status":"closed","ping_status":"closed","sticky":false,"template":"","format":"standard","meta":{"footnotes":""},"categories":[1],"tags":[],"class_list":["post-955528","post","type-post","status-publish","format-standard","has-post-thumbnail","hentry","category-actualidad"],"aioseo_notices":[],"aioseo_head":"\n\t\t<!-- All in One SEO Pro 5.0.1 - aioseo.com -->\n\t<meta name=\"description\" content=\"Espa\u00f1a expresa su dolor por la terrible destrucci\u00f3n provocada por el paso de la tormenta tropical &quot;Nate&quot; por Centroam\u00e9rica con efectos devastadores, en particular en Costa Rica y Nicaragua, donde ha provocado p\u00e9rdida de vidas humanas y graves da\u00f1os materiales, y en El Salvador, Honduras, Guatemala y Belice que se han visto, tambi\u00e9n, gravemente afectados.\" \/>\n\t<meta name=\"robots\" content=\"max-image-preview:large\" \/>\n\t<meta name=\"author\" content=\"El Digital de Asturias\"\/>\n\t<meta name=\"google-site-verification\" content=\"UA-38556648-1\" \/>\n\t<meta name=\"msvalidate.01\" content=\"7dfe9f3f1b24437ab69f4f2559babe99\" \/>\n\t<meta name=\"keywords\" content=\"actualidad\" \/>\n\t<link rel=\"canonical\" href=\"https:\/\/www.eldigitaldeasturias.com\/noticias\/espana-lamenta-la-destruccion-causada-por-la-tormenta-tropical-nate-en-centroamerica\/\" \/>\n\t<meta name=\"generator\" content=\"All in One SEO Pro (AIOSEO) 5.0.1\" \/>\n\t\t<meta property=\"og:locale\" content=\"es_ES\" \/>\n\t\t<meta property=\"og:site_name\" content=\"El Digital de Asturias\" \/>\n\t\t<meta property=\"og:type\" content=\"article\" \/>\n\t\t<meta property=\"og:title\" content=\"Espa\u00f1a lamenta la destrucci\u00f3n causada por la tormenta tropical \u00abNate\u00bb en Centroam\u00e9rica - El Digital de Asturias\" \/>\n\t\t<meta property=\"og:description\" content=\"Espa\u00f1a expresa su dolor por la terrible destrucci\u00f3n provocada por el paso de la tormenta tropical &quot;Nate&quot; por Centroam\u00e9rica con efectos devastadores, en particular en Costa Rica y Nicaragua, donde ha provocado p\u00e9rdida de vidas humanas y graves da\u00f1os materiales, y en El Salvador, Honduras, Guatemala y Belice que se han visto, tambi\u00e9n, gravemente afectados.\" \/>\n\t\t<meta property=\"og:url\" content=\"https:\/\/www.eldigitaldeasturias.com\/noticias\/espana-lamenta-la-destruccion-causada-por-la-tormenta-tropical-nate-en-centroamerica\/\" \/>\n\t\t<meta property=\"article:tag\" content=\"actualidad\" \/>\n\t\t<meta property=\"article:published_time\" content=\"2017-10-10T12:53:46+00:00\" \/>\n\t\t<meta property=\"article:modified_time\" content=\"2017-10-10T12:53:46+00:00\" \/>\n\t\t<meta property=\"article:publisher\" content=\"https:\/\/facebook.com\/eldigitaldeasturias\" \/>\n\t\t<meta name=\"twitter:card\" content=\"summary_large_image\" \/>\n\t\t<meta name=\"twitter:title\" content=\"Espa\u00f1a lamenta la destrucci\u00f3n causada por la tormenta tropical \u00abNate\u00bb en Centroam\u00e9rica - El Digital de Asturias\" \/>\n\t\t<meta name=\"twitter:description\" content=\"Espa\u00f1a expresa su dolor por la terrible destrucci\u00f3n provocada por el paso de la tormenta tropical &quot;Nate&quot; por Centroam\u00e9rica con efectos devastadores, en particular en Costa Rica y Nicaragua, donde ha provocado p\u00e9rdida de vidas humanas y graves da\u00f1os materiales, y en El Salvador, Honduras, Guatemala y Belice que se han visto, tambi\u00e9n, gravemente afectados.\" \/>\n\t\t<meta name=\"twitter:image\" content=\"https:\/\/www.eldigitaldeasturias.com\/noticias\/wp-content\/uploads\/2020\/12\/EDA-1.jpg\" \/>\n\t\t<meta name=\"twitter:label1\" content=\"Escrito por\" \/>\n\t\t<meta name=\"twitter:data1\" content=\"El Digital de Asturias\" \/>\n\t\t<meta name=\"twitter:label2\" content=\"Tiempo de lectura estimado\" \/>\n\t\t<meta name=\"twitter:data2\" content=\"1 minuto\" \/>\n\t\t<script type=\"application\/ld+json\" class=\"aioseo-schema\">\n\t\t\t{\"@context\":\"https:\\\/\\\/schema.org\",\"@graph\":[{\"@type\":\"BlogPosting\",\"@id\":\"https:\\\/\\\/www.eldigitaldeasturias.com\\\/noticias\\\/espana-lamenta-la-destruccion-causada-por-la-tormenta-tropical-nate-en-centroamerica\\\/#blogposting\",\"name\":\"Espa\\u00f1a lamenta la destrucci\\u00f3n causada por la tormenta tropical \\u00abNate\\u00bb en Centroam\\u00e9rica - El Digital de Asturias\",\"headline\":\"Espa\\u00f1a lamenta la destrucci\\u00f3n causada por la tormenta tropical \\u00abNate\\u00bb en Centroam\\u00e9rica\",\"author\":{\"@id\":\"https:\\\/\\\/www.eldigitaldeasturias.com\\\/noticias\\\/author\\\/admin\\\/#author\"},\"publisher\":{\"@id\":\"https:\\\/\\\/www.eldigitaldeasturias.com\\\/noticias\\\/#organization\"},\"image\":{\"@type\":\"ImageObject\",\"url\":955529},\"datePublished\":\"2017-10-10T12:53:46+02:00\",\"dateModified\":\"2017-10-10T12:53:46+02:00\",\"inLanguage\":\"es-ES\",\"mainEntityOfPage\":{\"@id\":\"https:\\\/\\\/www.eldigitaldeasturias.com\\\/noticias\\\/espana-lamenta-la-destruccion-causada-por-la-tormenta-tropical-nate-en-centroamerica\\\/#webpage\"},\"isPartOf\":{\"@id\":\"https:\\\/\\\/www.eldigitaldeasturias.com\\\/noticias\\\/espana-lamenta-la-destruccion-causada-por-la-tormenta-tropical-nate-en-centroamerica\\\/#webpage\"},\"articleSection\":\"Actualidad\"},{\"@type\":\"BreadcrumbList\",\"@id\":\"https:\\\/\\\/www.eldigitaldeasturias.com\\\/noticias\\\/espana-lamenta-la-destruccion-causada-por-la-tormenta-tropical-nate-en-centroamerica\\\/#breadcrumblist\",\"itemListElement\":[{\"@type\":\"ListItem\",\"@id\":\"https:\\\/\\\/www.eldigitaldeasturias.com\\\/noticias#listItem\",\"position\":1,\"name\":\"Home\",\"item\":\"https:\\\/\\\/www.eldigitaldeasturias.com\\\/noticias\",\"nextItem\":{\"@type\":\"ListItem\",\"@id\":\"https:\\\/\\\/www.eldigitaldeasturias.com\\\/noticias\\\/category\\\/actualidad\\\/#listItem\",\"name\":\"Actualidad\"}},{\"@type\":\"ListItem\",\"@id\":\"https:\\\/\\\/www.eldigitaldeasturias.com\\\/noticias\\\/category\\\/actualidad\\\/#listItem\",\"position\":2,\"name\":\"Actualidad\",\"item\":\"https:\\\/\\\/www.eldigitaldeasturias.com\\\/noticias\\\/category\\\/actualidad\\\/\",\"nextItem\":{\"@type\":\"ListItem\",\"@id\":\"https:\\\/\\\/www.eldigitaldeasturias.com\\\/noticias\\\/espana-lamenta-la-destruccion-causada-por-la-tormenta-tropical-nate-en-centroamerica\\\/#listItem\",\"name\":\"Espa\\u00f1a lamenta la destrucci\\u00f3n causada por la tormenta tropical \\u00abNate\\u00bb en Centroam\\u00e9rica\"},\"previousItem\":{\"@type\":\"ListItem\",\"@id\":\"https:\\\/\\\/www.eldigitaldeasturias.com\\\/noticias#listItem\",\"name\":\"Home\"}},{\"@type\":\"ListItem\",\"@id\":\"https:\\\/\\\/www.eldigitaldeasturias.com\\\/noticias\\\/espana-lamenta-la-destruccion-causada-por-la-tormenta-tropical-nate-en-centroamerica\\\/#listItem\",\"position\":3,\"name\":\"Espa\\u00f1a lamenta la destrucci\\u00f3n causada por la tormenta tropical \\u00abNate\\u00bb en Centroam\\u00e9rica\",\"previousItem\":{\"@type\":\"ListItem\",\"@id\":\"https:\\\/\\\/www.eldigitaldeasturias.com\\\/noticias\\\/category\\\/actualidad\\\/#listItem\",\"name\":\"Actualidad\"}}]},{\"@type\":\"Organization\",\"@id\":\"https:\\\/\\\/www.eldigitaldeasturias.com\\\/noticias\\\/#organization\",\"name\":\"El Digital de Asturias\",\"description\":\"Hemeroteca\",\"url\":\"https:\\\/\\\/www.eldigitaldeasturias.com\\\/noticias\\\/\",\"email\":\"info@eldigitaldeasturias.com\",\"telephone\":\"+34652131393\",\"logo\":{\"@type\":\"ImageObject\",\"url\":\"https:\\\/\\\/www.eldigitaldeasturias.com\\\/noticias\\\/wp-content\\\/uploads\\\/2020\\\/12\\\/EDA.jpg\",\"@id\":\"https:\\\/\\\/www.eldigitaldeasturias.com\\\/noticias\\\/espana-lamenta-la-destruccion-causada-por-la-tormenta-tropical-nate-en-centroamerica\\\/#organizationLogo\"},\"image\":{\"@id\":\"https:\\\/\\\/www.eldigitaldeasturias.com\\\/noticias\\\/espana-lamenta-la-destruccion-causada-por-la-tormenta-tropical-nate-en-centroamerica\\\/#organizationLogo\"},\"sameAs\":[\"https:\\\/\\\/facebook.com\\\/eldigitaldeasturias\",\"https:\\\/\\\/www.youtube.com\\\/channel\\\/UCZP-2wLEB9Rv6erhFmqVnvg\"],\"address\":{\"@id\":\"https:\\\/\\\/www.eldigitaldeasturias.com\\\/noticias\\\/#postaladdress\",\"@type\":\"PostalAddress\",\"streetAddress\":\"san antonio 4\",\"postalCode\":\"33430\",\"addressLocality\":\"Cand\\u00e1s\",\"addressRegion\":\"Asturias\",\"addressCountry\":\"ES\"}},{\"@type\":\"Person\",\"@id\":\"https:\\\/\\\/www.eldigitaldeasturias.com\\\/noticias\\\/author\\\/admin\\\/#author\",\"url\":\"https:\\\/\\\/www.eldigitaldeasturias.com\\\/noticias\\\/author\\\/admin\\\/\",\"name\":\"El Digital de Asturias\",\"image\":{\"@type\":\"ImageObject\",\"@id\":\"https:\\\/\\\/www.eldigitaldeasturias.com\\\/noticias\\\/espana-lamenta-la-destruccion-causada-por-la-tormenta-tropical-nate-en-centroamerica\\\/#authorImage\",\"url\":\"https:\\\/\\\/secure.gravatar.com\\\/avatar\\\/df2aeffc32bcd13f8d26072ef8a91b623d677766deac7f97ca815868cd41bf5e?s=96&d=mm&r=g\",\"width\":96,\"height\":96,\"caption\":\"El Digital de Asturias\"}},{\"@type\":\"WebPage\",\"@id\":\"https:\\\/\\\/www.eldigitaldeasturias.com\\\/noticias\\\/espana-lamenta-la-destruccion-causada-por-la-tormenta-tropical-nate-en-centroamerica\\\/#webpage\",\"url\":\"https:\\\/\\\/www.eldigitaldeasturias.com\\\/noticias\\\/espana-lamenta-la-destruccion-causada-por-la-tormenta-tropical-nate-en-centroamerica\\\/\",\"name\":\"Espa\\u00f1a lamenta la destrucci\\u00f3n causada por la tormenta tropical \\u00abNate\\u00bb en Centroam\\u00e9rica - El Digital de Asturias\",\"description\":\"Espa\\u00f1a expresa su dolor por la terrible destrucci\\u00f3n provocada por el paso de la tormenta tropical \\\"Nate\\\" por Centroam\\u00e9rica con efectos devastadores, en particular en Costa Rica y Nicaragua, donde ha provocado p\\u00e9rdida de vidas humanas y graves da\\u00f1os materiales, y en El Salvador, Honduras, Guatemala y Belice que se han visto, tambi\\u00e9n, gravemente afectados.\",\"inLanguage\":\"es-ES\",\"isPartOf\":{\"@id\":\"https:\\\/\\\/www.eldigitaldeasturias.com\\\/noticias\\\/#website\"},\"breadcrumb\":{\"@id\":\"https:\\\/\\\/www.eldigitaldeasturias.com\\\/noticias\\\/espana-lamenta-la-destruccion-causada-por-la-tormenta-tropical-nate-en-centroamerica\\\/#breadcrumblist\"},\"author\":{\"@id\":\"https:\\\/\\\/www.eldigitaldeasturias.com\\\/noticias\\\/author\\\/admin\\\/#author\"},\"creator\":{\"@id\":\"https:\\\/\\\/www.eldigitaldeasturias.com\\\/noticias\\\/author\\\/admin\\\/#author\"},\"image\":{\"@type\":\"ImageObject\",\"url\":955529,\"@id\":\"https:\\\/\\\/www.eldigitaldeasturias.com\\\/noticias\\\/espana-lamenta-la-destruccion-causada-por-la-tormenta-tropical-nate-en-centroamerica\\\/#mainImage\"},\"primaryImageOfPage\":{\"@id\":\"https:\\\/\\\/www.eldigitaldeasturias.com\\\/noticias\\\/espana-lamenta-la-destruccion-causada-por-la-tormenta-tropical-nate-en-centroamerica\\\/#mainImage\"},\"datePublished\":\"2017-10-10T12:53:46+02:00\",\"dateModified\":\"2017-10-10T12:53:46+02:00\"},{\"@type\":\"WebSite\",\"@id\":\"https:\\\/\\\/www.eldigitaldeasturias.com\\\/noticias\\\/#website\",\"url\":\"https:\\\/\\\/www.eldigitaldeasturias.com\\\/noticias\\\/\",\"name\":\"El Digital de Asturias - Diario de actualidad y noticias\",\"alternateName\":\"El Digital de Asturias - Diario de actualidad y noticias\",\"description\":\"Hemeroteca\",\"inLanguage\":\"es-ES\",\"publisher\":{\"@id\":\"https:\\\/\\\/www.eldigitaldeasturias.com\\\/noticias\\\/#organization\"}}]}\n\t\t<\/script>\n\t\t<!-- All in One SEO Pro -->\r\n\t\t<title>Espa\u00f1a lamenta la destrucci\u00f3n causada por la tormenta tropical \u00abNate\u00bb en Centroam\u00e9rica - El Digital de Asturias<\/title>\n\n","aioseo_head_json":{"title":"Espa\u00f1a lamenta la destrucci\u00f3n causada por la tormenta tropical \u00abNate\u00bb en Centroam\u00e9rica - El Digital de Asturias","description":"Espa\u00f1a expresa su dolor por la terrible destrucci\u00f3n provocada por el paso de la tormenta tropical \"Nate\" por Centroam\u00e9rica con efectos devastadores, en particular en Costa Rica y Nicaragua, donde ha provocado p\u00e9rdida de vidas humanas y graves da\u00f1os materiales, y en El Salvador, Honduras, Guatemala y Belice que se han visto, tambi\u00e9n, gravemente afectados.","canonical_url":"https:\/\/www.eldigitaldeasturias.com\/noticias\/espana-lamenta-la-destruccion-causada-por-la-tormenta-tropical-nate-en-centroamerica\/","robots":"max-image-preview:large","keywords":"actualidad","webmasterTools":{"google-site-verification":"UA-38556648-1","msvalidate.01":"7dfe9f3f1b24437ab69f4f2559babe99","miscellaneous":""},"schema":{"@context":"https:\/\/schema.org","@graph":[{"@type":"BlogPosting","@id":"https:\/\/www.eldigitaldeasturias.com\/noticias\/espana-lamenta-la-destruccion-causada-por-la-tormenta-tropical-nate-en-centroamerica\/#blogposting","name":"Espa\u00f1a lamenta la destrucci\u00f3n causada por la tormenta tropical \u00abNate\u00bb en Centroam\u00e9rica - El Digital de Asturias","headline":"Espa\u00f1a lamenta la destrucci\u00f3n causada por la tormenta tropical \u00abNate\u00bb en Centroam\u00e9rica","author":{"@id":"https:\/\/www.eldigitaldeasturias.com\/noticias\/author\/admin\/#author"},"publisher":{"@id":"https:\/\/www.eldigitaldeasturias.com\/noticias\/#organization"},"image":{"@type":"ImageObject","url":955529},"datePublished":"2017-10-10T12:53:46+02:00","dateModified":"2017-10-10T12:53:46+02:00","inLanguage":"es-ES","mainEntityOfPage":{"@id":"https:\/\/www.eldigitaldeasturias.com\/noticias\/espana-lamenta-la-destruccion-causada-por-la-tormenta-tropical-nate-en-centroamerica\/#webpage"},"isPartOf":{"@id":"https:\/\/www.eldigitaldeasturias.com\/noticias\/espana-lamenta-la-destruccion-causada-por-la-tormenta-tropical-nate-en-centroamerica\/#webpage"},"articleSection":"Actualidad"},{"@type":"BreadcrumbList","@id":"https:\/\/www.eldigitaldeasturias.com\/noticias\/espana-lamenta-la-destruccion-causada-por-la-tormenta-tropical-nate-en-centroamerica\/#breadcrumblist","itemListElement":[{"@type":"ListItem","@id":"https:\/\/www.eldigitaldeasturias.com\/noticias#listItem","position":1,"name":"Home","item":"https:\/\/www.eldigitaldeasturias.com\/noticias","nextItem":{"@type":"ListItem","@id":"https:\/\/www.eldigitaldeasturias.com\/noticias\/category\/actualidad\/#listItem","name":"Actualidad"}},{"@type":"ListItem","@id":"https:\/\/www.eldigitaldeasturias.com\/noticias\/category\/actualidad\/#listItem","position":2,"name":"Actualidad","item":"https:\/\/www.eldigitaldeasturias.com\/noticias\/category\/actualidad\/","nextItem":{"@type":"ListItem","@id":"https:\/\/www.eldigitaldeasturias.com\/noticias\/espana-lamenta-la-destruccion-causada-por-la-tormenta-tropical-nate-en-centroamerica\/#listItem","name":"Espa\u00f1a lamenta la destrucci\u00f3n causada por la tormenta tropical \u00abNate\u00bb en Centroam\u00e9rica"},"previousItem":{"@type":"ListItem","@id":"https:\/\/www.eldigitaldeasturias.com\/noticias#listItem","name":"Home"}},{"@type":"ListItem","@id":"https:\/\/www.eldigitaldeasturias.com\/noticias\/espana-lamenta-la-destruccion-causada-por-la-tormenta-tropical-nate-en-centroamerica\/#listItem","position":3,"name":"Espa\u00f1a lamenta la destrucci\u00f3n causada por la tormenta tropical \u00abNate\u00bb en Centroam\u00e9rica","previousItem":{"@type":"ListItem","@id":"https:\/\/www.eldigitaldeasturias.com\/noticias\/category\/actualidad\/#listItem","name":"Actualidad"}}]},{"@type":"Organization","@id":"https:\/\/www.eldigitaldeasturias.com\/noticias\/#organization","name":"El Digital de Asturias","description":"Hemeroteca","url":"https:\/\/www.eldigitaldeasturias.com\/noticias\/","email":"info@eldigitaldeasturias.com","telephone":"+34652131393","logo":{"@type":"ImageObject","url":"https:\/\/www.eldigitaldeasturias.com\/noticias\/wp-content\/uploads\/2020\/12\/EDA.jpg","@id":"https:\/\/www.eldigitaldeasturias.com\/noticias\/espana-lamenta-la-destruccion-causada-por-la-tormenta-tropical-nate-en-centroamerica\/#organizationLogo"},"image":{"@id":"https:\/\/www.eldigitaldeasturias.com\/noticias\/espana-lamenta-la-destruccion-causada-por-la-tormenta-tropical-nate-en-centroamerica\/#organizationLogo"},"sameAs":["https:\/\/facebook.com\/eldigitaldeasturias","https:\/\/www.youtube.com\/channel\/UCZP-2wLEB9Rv6erhFmqVnvg"],"address":{"@id":"https:\/\/www.eldigitaldeasturias.com\/noticias\/#postaladdress","@type":"PostalAddress","streetAddress":"san antonio 4","postalCode":"33430","addressLocality":"Cand\u00e1s","addressRegion":"Asturias","addressCountry":"ES"}},{"@type":"Person","@id":"https:\/\/www.eldigitaldeasturias.com\/noticias\/author\/admin\/#author","url":"https:\/\/www.eldigitaldeasturias.com\/noticias\/author\/admin\/","name":"El Digital de Asturias","image":{"@type":"ImageObject","@id":"https:\/\/www.eldigitaldeasturias.com\/noticias\/espana-lamenta-la-destruccion-causada-por-la-tormenta-tropical-nate-en-centroamerica\/#authorImage","url":"https:\/\/secure.gravatar.com\/avatar\/df2aeffc32bcd13f8d26072ef8a91b623d677766deac7f97ca815868cd41bf5e?s=96&d=mm&r=g","width":96,"height":96,"caption":"El Digital de Asturias"}},{"@type":"WebPage","@id":"https:\/\/www.eldigitaldeasturias.com\/noticias\/espana-lamenta-la-destruccion-causada-por-la-tormenta-tropical-nate-en-centroamerica\/#webpage","url":"https:\/\/www.eldigitaldeasturias.com\/noticias\/espana-lamenta-la-destruccion-causada-por-la-tormenta-tropical-nate-en-centroamerica\/","name":"Espa\u00f1a lamenta la destrucci\u00f3n causada por la tormenta tropical \u00abNate\u00bb en Centroam\u00e9rica - El Digital de Asturias","description":"Espa\u00f1a expresa su dolor por la terrible destrucci\u00f3n provocada por el paso de la tormenta tropical \"Nate\" por Centroam\u00e9rica con efectos devastadores, en particular en Costa Rica y Nicaragua, donde ha provocado p\u00e9rdida de vidas humanas y graves da\u00f1os materiales, y en El Salvador, Honduras, Guatemala y Belice que se han visto, tambi\u00e9n, gravemente afectados.","inLanguage":"es-ES","isPartOf":{"@id":"https:\/\/www.eldigitaldeasturias.com\/noticias\/#website"},"breadcrumb":{"@id":"https:\/\/www.eldigitaldeasturias.com\/noticias\/espana-lamenta-la-destruccion-causada-por-la-tormenta-tropical-nate-en-centroamerica\/#breadcrumblist"},"author":{"@id":"https:\/\/www.eldigitaldeasturias.com\/noticias\/author\/admin\/#author"},"creator":{"@id":"https:\/\/www.eldigitaldeasturias.com\/noticias\/author\/admin\/#author"},"image":{"@type":"ImageObject","url":955529,"@id":"https:\/\/www.eldigitaldeasturias.com\/noticias\/espana-lamenta-la-destruccion-causada-por-la-tormenta-tropical-nate-en-centroamerica\/#mainImage"},"primaryImageOfPage":{"@id":"https:\/\/www.eldigitaldeasturias.com\/noticias\/espana-lamenta-la-destruccion-causada-por-la-tormenta-tropical-nate-en-centroamerica\/#mainImage"},"datePublished":"2017-10-10T12:53:46+02:00","dateModified":"2017-10-10T12:53:46+02:00"},{"@type":"WebSite","@id":"https:\/\/www.eldigitaldeasturias.com\/noticias\/#website","url":"https:\/\/www.eldigitaldeasturias.com\/noticias\/","name":"El Digital de Asturias - Diario de actualidad y noticias","alternateName":"El Digital de Asturias - Diario de actualidad y noticias","description":"Hemeroteca","inLanguage":"es-ES","publisher":{"@id":"https:\/\/www.eldigitaldeasturias.com\/noticias\/#organization"}}]},"og:locale":"es_ES","og:site_name":"El Digital de Asturias","og:type":"article","og:title":"Espa\u00f1a lamenta la destrucci\u00f3n causada por la tormenta tropical \u00abNate\u00bb en Centroam\u00e9rica - El Digital de Asturias","og:description":"Espa\u00f1a expresa su dolor por la terrible destrucci\u00f3n provocada por el paso de la tormenta tropical &quot;Nate&quot; por Centroam\u00e9rica con efectos devastadores, en particular en Costa Rica y Nicaragua, donde ha provocado p\u00e9rdida de vidas humanas y graves da\u00f1os materiales, y en El Salvador, Honduras, Guatemala y Belice que se han visto, tambi\u00e9n, gravemente afectados.","og:url":"https:\/\/www.eldigitaldeasturias.com\/noticias\/espana-lamenta-la-destruccion-causada-por-la-tormenta-tropical-nate-en-centroamerica\/","article:tag":["actualidad"],"article:published_time":"2017-10-10T12:53:46+00:00","article:modified_time":"2017-10-10T12:53:46+00:00","article:publisher":"https:\/\/facebook.com\/eldigitaldeasturias","twitter:card":"summary_large_image","twitter:title":"Espa\u00f1a lamenta la destrucci\u00f3n causada por la tormenta tropical \u00abNate\u00bb en Centroam\u00e9rica - El Digital de Asturias","twitter:description":"Espa\u00f1a expresa su dolor por la terrible destrucci\u00f3n provocada por el paso de la tormenta tropical &quot;Nate&quot; por Centroam\u00e9rica con efectos devastadores, en particular en Costa Rica y Nicaragua, donde ha provocado p\u00e9rdida de vidas humanas y graves da\u00f1os materiales, y en El Salvador, Honduras, Guatemala y Belice que se han visto, tambi\u00e9n, gravemente afectados.","twitter:image":"https:\/\/www.eldigitaldeasturias.com\/noticias\/wp-content\/uploads\/2020\/12\/EDA-1.jpg","twitter:label1":"Escrito por","twitter:data1":"El Digital de Asturias","twitter:label2":"Tiempo de lectura estimado","twitter:data2":"1 minuto"},"aioseo_meta_data":{"post_id":"955528","title":null,"description":null,"keywords":null,"keyphrases":null,"primary_term":null,"canonical_url":null,"og_title":null,"og_description":null,"og_object_type":"default","og_image_type":"default","og_image_url":null,"og_image_width":null,"og_image_height":null,"og_image_custom_url":null,"og_image_custom_fields":null,"og_video":null,"og_custom_url":null,"og_article_section":null,"og_article_tags":null,"twitter_use_og":false,"twitter_card":"default","twitter_image_type":"default","twitter_image_url":null,"twitter_image_custom_url":null,"twitter_image_custom_fields":null,"twitter_title":null,"twitter_description":null,"schema":{"blockGraphs":[],"customGraphs":[],"default":{"data":{"Article":[],"Course":[],"Dataset":[],"FAQPage":[],"Movie":[],"Person":[],"Product":[],"ProductReview":[],"Car":[],"Recipe":[],"Service":[],"SoftwareApplication":[],"WebPage":[]},"graphName":"","isEnabled":true},"graphs":[],"defaultGraph":"","defaultPostTypeGraph":""},"schema_type":null,"schema_type_options":null,"pillar_content":false,"robots_default":true,"robots_noindex":false,"robots_noarchive":false,"robots_nosnippet":false,"robots_nofollow":false,"robots_noimageindex":false,"robots_noodp":false,"robots_notranslate":false,"robots_max_snippet":null,"robots_max_videopreview":null,"robots_max_imagepreview":"large","priority":null,"frequency":null,"local_seo":null,"seo_analyzer_scan_date":"2025-12-06 10:26:29","breadcrumb_settings":null,"limit_modified_date":false,"open_ai":null,"ai":null,"created":"2020-12-21 12:56:19","updated":"2025-12-06 10:26:29","focus_keyword":null,"additional_keywords":null,"truseo_locale":null},"aioseo_breadcrumb":"<div class=\"aioseo-breadcrumbs\"><span class=\"aioseo-breadcrumb\">\n\t<a href=\"https:\/\/www.eldigitaldeasturias.com\/noticias\" title=\"Home\">Home<\/a>\n<\/span><span class=\"aioseo-breadcrumb-separator\">\u2013<\/span><span class=\"aioseo-breadcrumb\">\n\t<a href=\"https:\/\/www.eldigitaldeasturias.com\/noticias\/category\/actualidad\/\" title=\"Actualidad\">Actualidad<\/a>\n<\/span><span class=\"aioseo-breadcrumb-separator\">\u2013<\/span><span class=\"aioseo-breadcrumb\">\n\t<a href=\"https:\/\/www.eldigitaldeasturias.com\/noticias\/espana-lamenta-la-destruccion-causada-por-la-tormenta-tropical-nate-en-centroamerica\/\" title=\"Espa\u00f1a lamenta la destrucci\u00f3n causada por la tormenta tropical \u00abNate\u00bb en Centroam\u00e9rica\">Espa\u00f1a lamenta la destrucci\u00f3n causada por la tormenta tropical \u00abNate\u00bb en Centroam\u00e9rica<\/a>\n<\/span><\/div>","aioseo_breadcrumb_json":[{"label":"Home","link":"https:\/\/www.eldigitaldeasturias.com\/noticias"},{"label":"Actualidad","link":"https:\/\/www.eldigitaldeasturias.com\/noticias\/category\/actualidad\/"},{"label":"Espa\u00f1a lamenta la destrucci\u00f3n causada por la tormenta tropical \u00abNate\u00bb en Centroam\u00e9rica","link":"https:\/\/www.eldigitaldeasturias.com\/noticias\/espana-lamenta-la-destruccion-causada-por-la-tormenta-tropical-nate-en-centroamerica\/"}],"_links":{"self":[{"href":"https:\/\/www.eldigitaldeasturias.com\/noticias\/wp-json\/wp\/v2\/posts\/955528","targetHints":{"allow":["GET"]}}],"collection":[{"href":"https:\/\/www.eldigitaldeasturias.com\/noticias\/wp-json\/wp\/v2\/posts"}],"about":[{"href":"https:\/\/www.eldigitaldeasturias.com\/noticias\/wp-json\/wp\/v2\/types\/post"}],"author":[{"embeddable":true,"href":"https:\/\/www.eldigitaldeasturias.com\/noticias\/wp-json\/wp\/v2\/users\/1"}],"replies":[{"embeddable":true,"href":"https:\/\/www.eldigitaldeasturias.com\/noticias\/wp-json\/wp\/v2\/comments?post=955528"}],"version-history":[{"count":0,"href":"https:\/\/www.eldigitaldeasturias.com\/noticias\/wp-json\/wp\/v2\/posts\/955528\/revisions"}],"wp:attachment":[{"href":"https:\/\/www.eldigitaldeasturias.com\/noticias\/wp-json\/wp\/v2\/media?parent=955528"}],"wp:term":[{"taxonomy":"category","embeddable":true,"href":"https:\/\/www.eldigitaldeasturias.com\/noticias\/wp-json\/wp\/v2\/categories?post=955528"},{"taxonomy":"post_tag","embeddable":true,"href":"https:\/\/www.eldigitaldeasturias.com\/noticias\/wp-json\/wp\/v2\/tags?post=955528"}],"curies":[{"name":"wp","href":"https:\/\/api.w.org\/{rel}","templated":true}]}}