{"id":955359,"date":"2017-10-07T23:08:00","date_gmt":"2017-10-07T23:08:00","guid":{"rendered":"http:\/\/www.eldigitaldeasturias.com\/noticias\/?p=955359"},"modified":"2017-10-07T23:08:00","modified_gmt":"2017-10-07T23:08:00","slug":"pablo-casado-los-separatistas-estan-arruinando-cataluna","status":"publish","type":"post","link":"https:\/\/www.eldigitaldeasturias.com\/noticias\/pablo-casado-los-separatistas-estan-arruinando-cataluna\/","title":{"rendered":"Pablo Casado: \u201cLos separatistas est\u00e1n arruinando Catalu\u00f1a\u00bb"},"content":{"rendered":"<p><img loading=\"lazy\" decoding=\"async\" class=\"alignleft size-medium wp-image-955361\" src=\"https:\/\/www.eldigitaldeasturias.com\/noticias\/wp-content\/uploads\/2017\/10\/20171007__mjm8694-360x163.jpg\" alt=\"\" width=\"360\" height=\"163\" \/>El vicesecretario de Comunicaci\u00f3n del Partido Popular, Pablo Casado, ha asegurado hoy que \u201cla legalidad se abre siempre paso y vamos a decir alto y claro: \u00a1Basta ya!\u201d porque \u201cEspa\u00f1a es mucho m\u00e1s fuerte que lo que pretenden los separatistas\u201d. En ese sentido, ha recordado que en su momento, todos juntos \u201cacabamos con la kale borroka\u201d, y tambi\u00e9n en esta ocasi\u00f3n \u201cvamos a hacer que se cumpla la ley\u201d. \u201cJuntos estamos mejor\u201d, ha recalcado.<\/p>\n<p>En declaraciones a los medios de comunicaci\u00f3n, antes de participar en la concentraci\u00f3n en defensa de la unidad de Espa\u00f1a, el vicesecretario popular ha dicho que \u201cCatalu\u00f1a nunca ha sido independiente y nunca lo va a ser, no lo vamos a tolerar\u201d. \u201cHay una mayor\u00eda que ya no es silenciosa, que es una mayor\u00eda legal, responsable, que quiere lo mejor para su pa\u00eds y que no quiere ver una Catalu\u00f1a arruinada en la que los bancos y las empresas se van, donde hasta las conversaciones en el propio domicilio familiar comienzan a ser un problema\u201d, ha denunciado.<\/p>\n<p>\u201cLos separatistas est\u00e1n arruinando Catalu\u00f1a, est\u00e1n destrozando la convivencia, pisoteando la legalidad, han destruido el autogobierno y pretender debilitar la Constituci\u00f3n \u2013ha continuado\u2013. Espa\u00f1a siempre se ha levantado contra las injusticias y contra las ilegalidades. Igual que en el 23-F, desde la Corona hasta el \u00faltimo espa\u00f1ol, defendieron la legalidad, en este golpe de los separatistas vamos tambi\u00e9n a vencer, porque somos m\u00e1s, porque tenemos la raz\u00f3n y porque la ley est\u00e1 de nuestro lado\u201d.<\/p>\n<p><strong>LOS CATALANES NO EST\u00c1N SOLOS<\/strong><\/p>\n<p>El dirigente popular tambi\u00e9n ha enviado un mensaje de tranquilidad: \u201cQueremos decirles a los catalanes que no est\u00e1n solos, que el Gobierno les va a arropar, que todos los partidos pol\u00edticos constitucionalistas van a defender sus derechos y libertades y, sobre todo, que esta pesadilla tiene que acabar cuanto antes\u201d.<\/p>\n<p>\u201cSabemos lo que hay que hacer y veremos esta semana c\u00f3mo acaba el desaf\u00edo independentista\u201d, ha continuado, antes de referirse a la citaci\u00f3n en la Audiencia Nacional de Trapero, y los dirigentes de ANC y Omnium Cultural. \u201cTuvieron que ir a declarar ante el juez y es probable que se les imputen penas de muchos a\u00f1os de c\u00e1rcel\u201d, ha advertido. \u201cEl Rey dej\u00f3 muy claro que no se va a aceptar ning\u00fan chantaje de aquellos que van contra la convivencia y la unidad de toda Espa\u00f1a y el presidente del Gobierno tambi\u00e9n ha dejado muy claro que no les va a salir gratis\u201d, ha insistido.<\/p>\n<p>El vicesecretario del PP ha mostrado su apoyo \u201ca todos aquellos que han puesto una bandera en su balc\u00f3n, a los que est\u00e1n por Whatsapp o por las redes sociales pidiendo que se restablezcan la legalidad y la convivencia en Espa\u00f1a, a los que hoy vienen a la Plaza de Col\u00f3n, a los que est\u00e1n en todos los ayuntamientos de las capitales espa\u00f1olas y a los que iremos ma\u00f1ana a Barcelona para decir a la mayor\u00eda de los catalanes que no son independentistas, que no est\u00e1n solos, que estamos con ellos\u201d.<\/p>\n<p>\u201cHoy estamos todos en el coraz\u00f3n de Espa\u00f1a, en Madrid, muy cerca de los catalanes que han salido a la calle para reivindicar que no tienen miedo a las provocaciones, a las amenazas, a los insultos de los independentistas y, sobre todo, para decir que estamos muy orgullosos de ser espa\u00f1oles y que lo que vamos a hacer es reivindicar la ley, la convivencia, la continuidad hist\u00f3rica de Espa\u00f1a y la Constituci\u00f3n\u201d, ha concluido.<\/p>\n","protected":false},"excerpt":{"rendered":"<p>El vicesecretario de Comunicaci\u00f3n del Partido Popular, Pablo Casado, ha asegurado hoy que \u201cla legalidad se abre siempre paso y vamos a decir alto y claro: \u00a1Basta ya!\u201d porque \u201cEspa\u00f1a es mucho m\u00e1s fuerte que lo que pretenden los separatistas\u201d. En ese sentido, ha recordado que en su momento, todos juntos \u201cacabamos con la kale [&hellip;]<\/p>\n","protected":false},"author":1,"featured_media":955361,"comment_status":"closed","ping_status":"closed","sticky":false,"template":"","format":"standard","meta":{"footnotes":""},"categories":[1],"tags":[],"class_list":["post-955359","post","type-post","status-publish","format-standard","has-post-thumbnail","hentry","category-actualidad"],"aioseo_notices":[],"aioseo_head":"\n\t\t<!-- All in One SEO Pro 5.0.1 - aioseo.com -->\n\t<meta name=\"description\" content=\"El vicesecretario de Comunicaci\u00f3n del Partido Popular, Pablo Casado, ha asegurado hoy que \u201cla legalidad se abre siempre paso y vamos a decir alto y claro: \u00a1Basta ya!\u201d porque \u201cEspa\u00f1a es mucho m\u00e1s fuerte que lo que pretenden los separatistas\u201d. En ese sentido, ha recordado que en su momento, todos juntos \u201cacabamos con la kale\" \/>\n\t<meta name=\"robots\" content=\"max-image-preview:large\" \/>\n\t<meta name=\"author\" content=\"El Digital de Asturias\"\/>\n\t<meta name=\"google-site-verification\" content=\"UA-38556648-1\" \/>\n\t<meta name=\"msvalidate.01\" content=\"7dfe9f3f1b24437ab69f4f2559babe99\" \/>\n\t<meta name=\"keywords\" content=\"actualidad\" \/>\n\t<link rel=\"canonical\" href=\"https:\/\/www.eldigitaldeasturias.com\/noticias\/pablo-casado-los-separatistas-estan-arruinando-cataluna\/\" \/>\n\t<meta name=\"generator\" content=\"All in One SEO Pro (AIOSEO) 5.0.1\" \/>\n\t\t<meta property=\"og:locale\" content=\"es_ES\" \/>\n\t\t<meta property=\"og:site_name\" content=\"El Digital de Asturias\" \/>\n\t\t<meta property=\"og:type\" content=\"article\" \/>\n\t\t<meta property=\"og:title\" content=\"Pablo Casado: \u201cLos separatistas est\u00e1n arruinando Catalu\u00f1a\u00bb - El Digital de Asturias\" \/>\n\t\t<meta property=\"og:description\" content=\"El vicesecretario de Comunicaci\u00f3n del Partido Popular, Pablo Casado, ha asegurado hoy que \u201cla legalidad se abre siempre paso y vamos a decir alto y claro: \u00a1Basta ya!\u201d porque \u201cEspa\u00f1a es mucho m\u00e1s fuerte que lo que pretenden los separatistas\u201d. En ese sentido, ha recordado que en su momento, todos juntos \u201cacabamos con la kale\" \/>\n\t\t<meta property=\"og:url\" content=\"https:\/\/www.eldigitaldeasturias.com\/noticias\/pablo-casado-los-separatistas-estan-arruinando-cataluna\/\" \/>\n\t\t<meta property=\"article:tag\" content=\"actualidad\" \/>\n\t\t<meta property=\"article:published_time\" content=\"2017-10-07T23:08:00+00:00\" \/>\n\t\t<meta property=\"article:modified_time\" content=\"2017-10-07T23:08:00+00:00\" \/>\n\t\t<meta property=\"article:publisher\" content=\"https:\/\/facebook.com\/eldigitaldeasturias\" \/>\n\t\t<meta name=\"twitter:card\" content=\"summary_large_image\" \/>\n\t\t<meta name=\"twitter:title\" content=\"Pablo Casado: \u201cLos separatistas est\u00e1n arruinando Catalu\u00f1a\u00bb - El Digital de Asturias\" \/>\n\t\t<meta name=\"twitter:description\" content=\"El vicesecretario de Comunicaci\u00f3n del Partido Popular, Pablo Casado, ha asegurado hoy que \u201cla legalidad se abre siempre paso y vamos a decir alto y claro: \u00a1Basta ya!\u201d porque \u201cEspa\u00f1a es mucho m\u00e1s fuerte que lo que pretenden los separatistas\u201d. En ese sentido, ha recordado que en su momento, todos juntos \u201cacabamos con la kale\" \/>\n\t\t<meta name=\"twitter:image\" content=\"https:\/\/www.eldigitaldeasturias.com\/noticias\/wp-content\/uploads\/2020\/12\/EDA-1.jpg\" \/>\n\t\t<meta name=\"twitter:label1\" content=\"Escrito por\" \/>\n\t\t<meta name=\"twitter:data1\" content=\"El Digital de Asturias\" \/>\n\t\t<meta name=\"twitter:label2\" content=\"Tiempo de lectura estimado\" \/>\n\t\t<meta name=\"twitter:data2\" content=\"3 minutos\" \/>\n\t\t<script type=\"application\/ld+json\" class=\"aioseo-schema\">\n\t\t\t{\"@context\":\"https:\\\/\\\/schema.org\",\"@graph\":[{\"@type\":\"BlogPosting\",\"@id\":\"https:\\\/\\\/www.eldigitaldeasturias.com\\\/noticias\\\/pablo-casado-los-separatistas-estan-arruinando-cataluna\\\/#blogposting\",\"name\":\"Pablo Casado: \\u201cLos separatistas est\\u00e1n arruinando Catalu\\u00f1a\\u00bb - El Digital de Asturias\",\"headline\":\"Pablo Casado: \\u201cLos separatistas est\\u00e1n arruinando Catalu\\u00f1a\\u00bb\",\"author\":{\"@id\":\"https:\\\/\\\/www.eldigitaldeasturias.com\\\/noticias\\\/author\\\/admin\\\/#author\"},\"publisher\":{\"@id\":\"https:\\\/\\\/www.eldigitaldeasturias.com\\\/noticias\\\/#organization\"},\"image\":{\"@type\":\"ImageObject\",\"url\":955361},\"datePublished\":\"2017-10-07T23:08:00+02:00\",\"dateModified\":\"2017-10-07T23:08:00+02:00\",\"inLanguage\":\"es-ES\",\"mainEntityOfPage\":{\"@id\":\"https:\\\/\\\/www.eldigitaldeasturias.com\\\/noticias\\\/pablo-casado-los-separatistas-estan-arruinando-cataluna\\\/#webpage\"},\"isPartOf\":{\"@id\":\"https:\\\/\\\/www.eldigitaldeasturias.com\\\/noticias\\\/pablo-casado-los-separatistas-estan-arruinando-cataluna\\\/#webpage\"},\"articleSection\":\"Actualidad\"},{\"@type\":\"BreadcrumbList\",\"@id\":\"https:\\\/\\\/www.eldigitaldeasturias.com\\\/noticias\\\/pablo-casado-los-separatistas-estan-arruinando-cataluna\\\/#breadcrumblist\",\"itemListElement\":[{\"@type\":\"ListItem\",\"@id\":\"https:\\\/\\\/www.eldigitaldeasturias.com\\\/noticias#listItem\",\"position\":1,\"name\":\"Home\",\"item\":\"https:\\\/\\\/www.eldigitaldeasturias.com\\\/noticias\",\"nextItem\":{\"@type\":\"ListItem\",\"@id\":\"https:\\\/\\\/www.eldigitaldeasturias.com\\\/noticias\\\/category\\\/actualidad\\\/#listItem\",\"name\":\"Actualidad\"}},{\"@type\":\"ListItem\",\"@id\":\"https:\\\/\\\/www.eldigitaldeasturias.com\\\/noticias\\\/category\\\/actualidad\\\/#listItem\",\"position\":2,\"name\":\"Actualidad\",\"item\":\"https:\\\/\\\/www.eldigitaldeasturias.com\\\/noticias\\\/category\\\/actualidad\\\/\",\"nextItem\":{\"@type\":\"ListItem\",\"@id\":\"https:\\\/\\\/www.eldigitaldeasturias.com\\\/noticias\\\/pablo-casado-los-separatistas-estan-arruinando-cataluna\\\/#listItem\",\"name\":\"Pablo Casado: \\u201cLos separatistas est\\u00e1n arruinando Catalu\\u00f1a\\u00bb\"},\"previousItem\":{\"@type\":\"ListItem\",\"@id\":\"https:\\\/\\\/www.eldigitaldeasturias.com\\\/noticias#listItem\",\"name\":\"Home\"}},{\"@type\":\"ListItem\",\"@id\":\"https:\\\/\\\/www.eldigitaldeasturias.com\\\/noticias\\\/pablo-casado-los-separatistas-estan-arruinando-cataluna\\\/#listItem\",\"position\":3,\"name\":\"Pablo Casado: \\u201cLos separatistas est\\u00e1n arruinando Catalu\\u00f1a\\u00bb\",\"previousItem\":{\"@type\":\"ListItem\",\"@id\":\"https:\\\/\\\/www.eldigitaldeasturias.com\\\/noticias\\\/category\\\/actualidad\\\/#listItem\",\"name\":\"Actualidad\"}}]},{\"@type\":\"Organization\",\"@id\":\"https:\\\/\\\/www.eldigitaldeasturias.com\\\/noticias\\\/#organization\",\"name\":\"El Digital de Asturias\",\"description\":\"Hemeroteca\",\"url\":\"https:\\\/\\\/www.eldigitaldeasturias.com\\\/noticias\\\/\",\"email\":\"info@eldigitaldeasturias.com\",\"telephone\":\"+34652131393\",\"logo\":{\"@type\":\"ImageObject\",\"url\":\"https:\\\/\\\/www.eldigitaldeasturias.com\\\/noticias\\\/wp-content\\\/uploads\\\/2020\\\/12\\\/EDA.jpg\",\"@id\":\"https:\\\/\\\/www.eldigitaldeasturias.com\\\/noticias\\\/pablo-casado-los-separatistas-estan-arruinando-cataluna\\\/#organizationLogo\"},\"image\":{\"@id\":\"https:\\\/\\\/www.eldigitaldeasturias.com\\\/noticias\\\/pablo-casado-los-separatistas-estan-arruinando-cataluna\\\/#organizationLogo\"},\"sameAs\":[\"https:\\\/\\\/facebook.com\\\/eldigitaldeasturias\",\"https:\\\/\\\/www.youtube.com\\\/channel\\\/UCZP-2wLEB9Rv6erhFmqVnvg\"],\"address\":{\"@id\":\"https:\\\/\\\/www.eldigitaldeasturias.com\\\/noticias\\\/#postaladdress\",\"@type\":\"PostalAddress\",\"streetAddress\":\"san antonio 4\",\"postalCode\":\"33430\",\"addressLocality\":\"Cand\\u00e1s\",\"addressRegion\":\"Asturias\",\"addressCountry\":\"ES\"}},{\"@type\":\"Person\",\"@id\":\"https:\\\/\\\/www.eldigitaldeasturias.com\\\/noticias\\\/author\\\/admin\\\/#author\",\"url\":\"https:\\\/\\\/www.eldigitaldeasturias.com\\\/noticias\\\/author\\\/admin\\\/\",\"name\":\"El Digital de Asturias\",\"image\":{\"@type\":\"ImageObject\",\"@id\":\"https:\\\/\\\/www.eldigitaldeasturias.com\\\/noticias\\\/pablo-casado-los-separatistas-estan-arruinando-cataluna\\\/#authorImage\",\"url\":\"https:\\\/\\\/secure.gravatar.com\\\/avatar\\\/df2aeffc32bcd13f8d26072ef8a91b623d677766deac7f97ca815868cd41bf5e?s=96&d=mm&r=g\",\"width\":96,\"height\":96,\"caption\":\"El Digital de Asturias\"}},{\"@type\":\"WebPage\",\"@id\":\"https:\\\/\\\/www.eldigitaldeasturias.com\\\/noticias\\\/pablo-casado-los-separatistas-estan-arruinando-cataluna\\\/#webpage\",\"url\":\"https:\\\/\\\/www.eldigitaldeasturias.com\\\/noticias\\\/pablo-casado-los-separatistas-estan-arruinando-cataluna\\\/\",\"name\":\"Pablo Casado: \\u201cLos separatistas est\\u00e1n arruinando Catalu\\u00f1a\\u00bb - El Digital de Asturias\",\"description\":\"El vicesecretario de Comunicaci\\u00f3n del Partido Popular, Pablo Casado, ha asegurado hoy que \\u201cla legalidad se abre siempre paso y vamos a decir alto y claro: \\u00a1Basta ya!\\u201d porque \\u201cEspa\\u00f1a es mucho m\\u00e1s fuerte que lo que pretenden los separatistas\\u201d. En ese sentido, ha recordado que en su momento, todos juntos \\u201cacabamos con la kale\",\"inLanguage\":\"es-ES\",\"isPartOf\":{\"@id\":\"https:\\\/\\\/www.eldigitaldeasturias.com\\\/noticias\\\/#website\"},\"breadcrumb\":{\"@id\":\"https:\\\/\\\/www.eldigitaldeasturias.com\\\/noticias\\\/pablo-casado-los-separatistas-estan-arruinando-cataluna\\\/#breadcrumblist\"},\"author\":{\"@id\":\"https:\\\/\\\/www.eldigitaldeasturias.com\\\/noticias\\\/author\\\/admin\\\/#author\"},\"creator\":{\"@id\":\"https:\\\/\\\/www.eldigitaldeasturias.com\\\/noticias\\\/author\\\/admin\\\/#author\"},\"image\":{\"@type\":\"ImageObject\",\"url\":955361,\"@id\":\"https:\\\/\\\/www.eldigitaldeasturias.com\\\/noticias\\\/pablo-casado-los-separatistas-estan-arruinando-cataluna\\\/#mainImage\"},\"primaryImageOfPage\":{\"@id\":\"https:\\\/\\\/www.eldigitaldeasturias.com\\\/noticias\\\/pablo-casado-los-separatistas-estan-arruinando-cataluna\\\/#mainImage\"},\"datePublished\":\"2017-10-07T23:08:00+02:00\",\"dateModified\":\"2017-10-07T23:08:00+02:00\"},{\"@type\":\"WebSite\",\"@id\":\"https:\\\/\\\/www.eldigitaldeasturias.com\\\/noticias\\\/#website\",\"url\":\"https:\\\/\\\/www.eldigitaldeasturias.com\\\/noticias\\\/\",\"name\":\"El Digital de Asturias - Diario de actualidad y noticias\",\"alternateName\":\"El Digital de Asturias - Diario de actualidad y noticias\",\"description\":\"Hemeroteca\",\"inLanguage\":\"es-ES\",\"publisher\":{\"@id\":\"https:\\\/\\\/www.eldigitaldeasturias.com\\\/noticias\\\/#organization\"}}]}\n\t\t<\/script>\n\t\t<!-- All in One SEO Pro -->\r\n\t\t<title>Pablo Casado: \u201cLos separatistas est\u00e1n arruinando Catalu\u00f1a\u00bb - El Digital de Asturias<\/title>\n\n","aioseo_head_json":{"title":"Pablo Casado: \u201cLos separatistas est\u00e1n arruinando Catalu\u00f1a\u00bb - El Digital de Asturias","description":"El vicesecretario de Comunicaci\u00f3n del Partido Popular, Pablo Casado, ha asegurado hoy que \u201cla legalidad se abre siempre paso y vamos a decir alto y claro: \u00a1Basta ya!\u201d porque \u201cEspa\u00f1a es mucho m\u00e1s fuerte que lo que pretenden los separatistas\u201d. En ese sentido, ha recordado que en su momento, todos juntos \u201cacabamos con la kale","canonical_url":"https:\/\/www.eldigitaldeasturias.com\/noticias\/pablo-casado-los-separatistas-estan-arruinando-cataluna\/","robots":"max-image-preview:large","keywords":"actualidad","webmasterTools":{"google-site-verification":"UA-38556648-1","msvalidate.01":"7dfe9f3f1b24437ab69f4f2559babe99","miscellaneous":""},"schema":{"@context":"https:\/\/schema.org","@graph":[{"@type":"BlogPosting","@id":"https:\/\/www.eldigitaldeasturias.com\/noticias\/pablo-casado-los-separatistas-estan-arruinando-cataluna\/#blogposting","name":"Pablo Casado: \u201cLos separatistas est\u00e1n arruinando Catalu\u00f1a\u00bb - El Digital de Asturias","headline":"Pablo Casado: \u201cLos separatistas est\u00e1n arruinando Catalu\u00f1a\u00bb","author":{"@id":"https:\/\/www.eldigitaldeasturias.com\/noticias\/author\/admin\/#author"},"publisher":{"@id":"https:\/\/www.eldigitaldeasturias.com\/noticias\/#organization"},"image":{"@type":"ImageObject","url":955361},"datePublished":"2017-10-07T23:08:00+02:00","dateModified":"2017-10-07T23:08:00+02:00","inLanguage":"es-ES","mainEntityOfPage":{"@id":"https:\/\/www.eldigitaldeasturias.com\/noticias\/pablo-casado-los-separatistas-estan-arruinando-cataluna\/#webpage"},"isPartOf":{"@id":"https:\/\/www.eldigitaldeasturias.com\/noticias\/pablo-casado-los-separatistas-estan-arruinando-cataluna\/#webpage"},"articleSection":"Actualidad"},{"@type":"BreadcrumbList","@id":"https:\/\/www.eldigitaldeasturias.com\/noticias\/pablo-casado-los-separatistas-estan-arruinando-cataluna\/#breadcrumblist","itemListElement":[{"@type":"ListItem","@id":"https:\/\/www.eldigitaldeasturias.com\/noticias#listItem","position":1,"name":"Home","item":"https:\/\/www.eldigitaldeasturias.com\/noticias","nextItem":{"@type":"ListItem","@id":"https:\/\/www.eldigitaldeasturias.com\/noticias\/category\/actualidad\/#listItem","name":"Actualidad"}},{"@type":"ListItem","@id":"https:\/\/www.eldigitaldeasturias.com\/noticias\/category\/actualidad\/#listItem","position":2,"name":"Actualidad","item":"https:\/\/www.eldigitaldeasturias.com\/noticias\/category\/actualidad\/","nextItem":{"@type":"ListItem","@id":"https:\/\/www.eldigitaldeasturias.com\/noticias\/pablo-casado-los-separatistas-estan-arruinando-cataluna\/#listItem","name":"Pablo Casado: \u201cLos separatistas est\u00e1n arruinando Catalu\u00f1a\u00bb"},"previousItem":{"@type":"ListItem","@id":"https:\/\/www.eldigitaldeasturias.com\/noticias#listItem","name":"Home"}},{"@type":"ListItem","@id":"https:\/\/www.eldigitaldeasturias.com\/noticias\/pablo-casado-los-separatistas-estan-arruinando-cataluna\/#listItem","position":3,"name":"Pablo Casado: \u201cLos separatistas est\u00e1n arruinando Catalu\u00f1a\u00bb","previousItem":{"@type":"ListItem","@id":"https:\/\/www.eldigitaldeasturias.com\/noticias\/category\/actualidad\/#listItem","name":"Actualidad"}}]},{"@type":"Organization","@id":"https:\/\/www.eldigitaldeasturias.com\/noticias\/#organization","name":"El Digital de Asturias","description":"Hemeroteca","url":"https:\/\/www.eldigitaldeasturias.com\/noticias\/","email":"info@eldigitaldeasturias.com","telephone":"+34652131393","logo":{"@type":"ImageObject","url":"https:\/\/www.eldigitaldeasturias.com\/noticias\/wp-content\/uploads\/2020\/12\/EDA.jpg","@id":"https:\/\/www.eldigitaldeasturias.com\/noticias\/pablo-casado-los-separatistas-estan-arruinando-cataluna\/#organizationLogo"},"image":{"@id":"https:\/\/www.eldigitaldeasturias.com\/noticias\/pablo-casado-los-separatistas-estan-arruinando-cataluna\/#organizationLogo"},"sameAs":["https:\/\/facebook.com\/eldigitaldeasturias","https:\/\/www.youtube.com\/channel\/UCZP-2wLEB9Rv6erhFmqVnvg"],"address":{"@id":"https:\/\/www.eldigitaldeasturias.com\/noticias\/#postaladdress","@type":"PostalAddress","streetAddress":"san antonio 4","postalCode":"33430","addressLocality":"Cand\u00e1s","addressRegion":"Asturias","addressCountry":"ES"}},{"@type":"Person","@id":"https:\/\/www.eldigitaldeasturias.com\/noticias\/author\/admin\/#author","url":"https:\/\/www.eldigitaldeasturias.com\/noticias\/author\/admin\/","name":"El Digital de Asturias","image":{"@type":"ImageObject","@id":"https:\/\/www.eldigitaldeasturias.com\/noticias\/pablo-casado-los-separatistas-estan-arruinando-cataluna\/#authorImage","url":"https:\/\/secure.gravatar.com\/avatar\/df2aeffc32bcd13f8d26072ef8a91b623d677766deac7f97ca815868cd41bf5e?s=96&d=mm&r=g","width":96,"height":96,"caption":"El Digital de Asturias"}},{"@type":"WebPage","@id":"https:\/\/www.eldigitaldeasturias.com\/noticias\/pablo-casado-los-separatistas-estan-arruinando-cataluna\/#webpage","url":"https:\/\/www.eldigitaldeasturias.com\/noticias\/pablo-casado-los-separatistas-estan-arruinando-cataluna\/","name":"Pablo Casado: \u201cLos separatistas est\u00e1n arruinando Catalu\u00f1a\u00bb - El Digital de Asturias","description":"El vicesecretario de Comunicaci\u00f3n del Partido Popular, Pablo Casado, ha asegurado hoy que \u201cla legalidad se abre siempre paso y vamos a decir alto y claro: \u00a1Basta ya!\u201d porque \u201cEspa\u00f1a es mucho m\u00e1s fuerte que lo que pretenden los separatistas\u201d. En ese sentido, ha recordado que en su momento, todos juntos \u201cacabamos con la kale","inLanguage":"es-ES","isPartOf":{"@id":"https:\/\/www.eldigitaldeasturias.com\/noticias\/#website"},"breadcrumb":{"@id":"https:\/\/www.eldigitaldeasturias.com\/noticias\/pablo-casado-los-separatistas-estan-arruinando-cataluna\/#breadcrumblist"},"author":{"@id":"https:\/\/www.eldigitaldeasturias.com\/noticias\/author\/admin\/#author"},"creator":{"@id":"https:\/\/www.eldigitaldeasturias.com\/noticias\/author\/admin\/#author"},"image":{"@type":"ImageObject","url":955361,"@id":"https:\/\/www.eldigitaldeasturias.com\/noticias\/pablo-casado-los-separatistas-estan-arruinando-cataluna\/#mainImage"},"primaryImageOfPage":{"@id":"https:\/\/www.eldigitaldeasturias.com\/noticias\/pablo-casado-los-separatistas-estan-arruinando-cataluna\/#mainImage"},"datePublished":"2017-10-07T23:08:00+02:00","dateModified":"2017-10-07T23:08:00+02:00"},{"@type":"WebSite","@id":"https:\/\/www.eldigitaldeasturias.com\/noticias\/#website","url":"https:\/\/www.eldigitaldeasturias.com\/noticias\/","name":"El Digital de Asturias - Diario de actualidad y noticias","alternateName":"El Digital de Asturias - Diario de actualidad y noticias","description":"Hemeroteca","inLanguage":"es-ES","publisher":{"@id":"https:\/\/www.eldigitaldeasturias.com\/noticias\/#organization"}}]},"og:locale":"es_ES","og:site_name":"El Digital de Asturias","og:type":"article","og:title":"Pablo Casado: \u201cLos separatistas est\u00e1n arruinando Catalu\u00f1a\u00bb - El Digital de Asturias","og:description":"El vicesecretario de Comunicaci\u00f3n del Partido Popular, Pablo Casado, ha asegurado hoy que \u201cla legalidad se abre siempre paso y vamos a decir alto y claro: \u00a1Basta ya!\u201d porque \u201cEspa\u00f1a es mucho m\u00e1s fuerte que lo que pretenden los separatistas\u201d. En ese sentido, ha recordado que en su momento, todos juntos \u201cacabamos con la kale","og:url":"https:\/\/www.eldigitaldeasturias.com\/noticias\/pablo-casado-los-separatistas-estan-arruinando-cataluna\/","article:tag":["actualidad"],"article:published_time":"2017-10-07T23:08:00+00:00","article:modified_time":"2017-10-07T23:08:00+00:00","article:publisher":"https:\/\/facebook.com\/eldigitaldeasturias","twitter:card":"summary_large_image","twitter:title":"Pablo Casado: \u201cLos separatistas est\u00e1n arruinando Catalu\u00f1a\u00bb - El Digital de Asturias","twitter:description":"El vicesecretario de Comunicaci\u00f3n del Partido Popular, Pablo Casado, ha asegurado hoy que \u201cla legalidad se abre siempre paso y vamos a decir alto y claro: \u00a1Basta ya!\u201d porque \u201cEspa\u00f1a es mucho m\u00e1s fuerte que lo que pretenden los separatistas\u201d. En ese sentido, ha recordado que en su momento, todos juntos \u201cacabamos con la kale","twitter:image":"https:\/\/www.eldigitaldeasturias.com\/noticias\/wp-content\/uploads\/2020\/12\/EDA-1.jpg","twitter:label1":"Escrito por","twitter:data1":"El Digital de Asturias","twitter:label2":"Tiempo de lectura estimado","twitter:data2":"3 minutos"},"aioseo_meta_data":{"post_id":"955359","title":null,"description":null,"keywords":null,"keyphrases":null,"primary_term":null,"canonical_url":null,"og_title":null,"og_description":null,"og_object_type":"default","og_image_type":"default","og_image_url":null,"og_image_width":null,"og_image_height":null,"og_image_custom_url":null,"og_image_custom_fields":null,"og_video":null,"og_custom_url":null,"og_article_section":null,"og_article_tags":null,"twitter_use_og":false,"twitter_card":"default","twitter_image_type":"default","twitter_image_url":null,"twitter_image_custom_url":null,"twitter_image_custom_fields":null,"twitter_title":null,"twitter_description":null,"schema":{"blockGraphs":[],"customGraphs":[],"default":{"data":{"Article":[],"Course":[],"Dataset":[],"FAQPage":[],"Movie":[],"Person":[],"Product":[],"ProductReview":[],"Car":[],"Recipe":[],"Service":[],"SoftwareApplication":[],"WebPage":[]},"graphName":"","isEnabled":true},"graphs":[],"defaultGraph":"","defaultPostTypeGraph":""},"schema_type":null,"schema_type_options":null,"pillar_content":false,"robots_default":true,"robots_noindex":false,"robots_noarchive":false,"robots_nosnippet":false,"robots_nofollow":false,"robots_noimageindex":false,"robots_noodp":false,"robots_notranslate":false,"robots_max_snippet":null,"robots_max_videopreview":null,"robots_max_imagepreview":"large","priority":null,"frequency":null,"local_seo":null,"seo_analyzer_scan_date":"2025-12-06 09:51:16","breadcrumb_settings":null,"limit_modified_date":false,"open_ai":null,"ai":null,"created":"2020-12-21 12:56:23","updated":"2025-12-06 09:51:16","focus_keyword":null,"additional_keywords":null,"truseo_locale":null},"aioseo_breadcrumb":"<div class=\"aioseo-breadcrumbs\"><span class=\"aioseo-breadcrumb\">\n\t<a href=\"https:\/\/www.eldigitaldeasturias.com\/noticias\" title=\"Home\">Home<\/a>\n<\/span><span class=\"aioseo-breadcrumb-separator\">\u2013<\/span><span class=\"aioseo-breadcrumb\">\n\t<a href=\"https:\/\/www.eldigitaldeasturias.com\/noticias\/category\/actualidad\/\" title=\"Actualidad\">Actualidad<\/a>\n<\/span><span class=\"aioseo-breadcrumb-separator\">\u2013<\/span><span class=\"aioseo-breadcrumb\">\n\t<a href=\"https:\/\/www.eldigitaldeasturias.com\/noticias\/pablo-casado-los-separatistas-estan-arruinando-cataluna\/\" title=\"Pablo Casado: \u201cLos separatistas est\u00e1n arruinando Catalu\u00f1a\u00bb\">Pablo Casado: \u201cLos separatistas est\u00e1n arruinando Catalu\u00f1a\u00bb<\/a>\n<\/span><\/div>","aioseo_breadcrumb_json":[{"label":"Home","link":"https:\/\/www.eldigitaldeasturias.com\/noticias"},{"label":"Actualidad","link":"https:\/\/www.eldigitaldeasturias.com\/noticias\/category\/actualidad\/"},{"label":"Pablo Casado: \u201cLos separatistas est\u00e1n arruinando Catalu\u00f1a\u00bb","link":"https:\/\/www.eldigitaldeasturias.com\/noticias\/pablo-casado-los-separatistas-estan-arruinando-cataluna\/"}],"_links":{"self":[{"href":"https:\/\/www.eldigitaldeasturias.com\/noticias\/wp-json\/wp\/v2\/posts\/955359","targetHints":{"allow":["GET"]}}],"collection":[{"href":"https:\/\/www.eldigitaldeasturias.com\/noticias\/wp-json\/wp\/v2\/posts"}],"about":[{"href":"https:\/\/www.eldigitaldeasturias.com\/noticias\/wp-json\/wp\/v2\/types\/post"}],"author":[{"embeddable":true,"href":"https:\/\/www.eldigitaldeasturias.com\/noticias\/wp-json\/wp\/v2\/users\/1"}],"replies":[{"embeddable":true,"href":"https:\/\/www.eldigitaldeasturias.com\/noticias\/wp-json\/wp\/v2\/comments?post=955359"}],"version-history":[{"count":0,"href":"https:\/\/www.eldigitaldeasturias.com\/noticias\/wp-json\/wp\/v2\/posts\/955359\/revisions"}],"wp:attachment":[{"href":"https:\/\/www.eldigitaldeasturias.com\/noticias\/wp-json\/wp\/v2\/media?parent=955359"}],"wp:term":[{"taxonomy":"category","embeddable":true,"href":"https:\/\/www.eldigitaldeasturias.com\/noticias\/wp-json\/wp\/v2\/categories?post=955359"},{"taxonomy":"post_tag","embeddable":true,"href":"https:\/\/www.eldigitaldeasturias.com\/noticias\/wp-json\/wp\/v2\/tags?post=955359"}],"curies":[{"name":"wp","href":"https:\/\/api.w.org\/{rel}","templated":true}]}}