{"id":955357,"date":"2017-10-07T23:05:22","date_gmt":"2017-10-07T23:05:22","guid":{"rendered":"http:\/\/www.eldigitaldeasturias.com\/noticias\/?p=955357"},"modified":"2017-10-07T23:05:22","modified_gmt":"2017-10-07T23:05:22","slug":"maillo-puigdemont-hace-mucho-tiempo-que-no-representa-a-la-mayoria-de-los-catalanes","status":"publish","type":"post","link":"https:\/\/www.eldigitaldeasturias.com\/noticias\/maillo-puigdemont-hace-mucho-tiempo-que-no-representa-a-la-mayoria-de-los-catalanes\/","title":{"rendered":"Maillo: \u00abPuigdemont hace mucho tiempo que no representa a la mayor\u00eda de los catalanes\u201d"},"content":{"rendered":"<p><img loading=\"lazy\" decoding=\"async\" class=\"alignleft size-medium wp-image-921564\" src=\"https:\/\/www.eldigitaldeasturias.com\/noticias\/wp-content\/uploads\/2017\/01\/maillo-360x163.jpg\" alt=\"\" width=\"360\" height=\"163\" \/>El coordinador general del Partido Popular, Fernando Mart\u00ednez-Maillo, ha recomendado al presidente de la Generalitat, Carles Puigdemont, que \u201creconduzca la situaci\u00f3n\u201d a la que ha llevado a Catalu\u00f1a porque \u201ca\u00fan est\u00e1 a tiempo de volver atr\u00e1s para regresar a la legalidad y a la Constituci\u00f3n y dejar de dividir a la sociedad catalana\u201d.<\/p>\n<p>En declaraciones a los medios de comunicaci\u00f3n, antes de participar en los actos con motivo del D\u00eda de la Provincia de Zamora, que se ha celebrado en Camarzana de Tera, Maillo ha dicho que el presidente de la Generalitat \u201csabe que este camino no va a ninguna parte y que si contin\u00faa as\u00ed, a partir del martes, ser\u00e1 como lanzarse a una piscina sin agua, con consecuencias inevitables\u201d.<\/p>\n<p>\u201cEst\u00e1n haciendo un grave da\u00f1o a los catalanes, creando una divisi\u00f3n profunda, no solo en la sociedad, sino tambi\u00e9n en la econom\u00eda. Sabemos de cientos de peque\u00f1as y medianas empresas que ya se est\u00e1n yendo. Es un drama y el culpable, el \u00fanico responsable de lo que est\u00e1 sucediendo es el se\u00f1or Puigdemont y todo el Gobierno de la Generalitat, que ha tomado un camino sin retorno que tendr\u00e1 consecuencias judiciales\u201d, ha lamentado.<\/p>\n<p><strong>LA MAYOR\u00cdA SILENCIOSA<\/strong><\/p>\n<p>El coordinador general del PP ha afirmado que Puigdemont \u201chace mucho tiempo que no representa a la mayor\u00eda de los catalanes\u201d y ha exhortado a la \u201cmayor\u00eda silenciosa\u201d que habitualmente no sale a la calle para que ma\u00f1ana lo haga con la se\u00f1era, la bandera de Espa\u00f1a y la europea y \u201creivindiquen el orgullo de ser catal\u00e1n, espa\u00f1ol y europeo\u201d.<\/p>\n<p>En este sentido, ha pedido a esa mayor\u00eda de catalanes \u201cque deje de ser silenciosa, porque la calle es de todos\u201d. \u201cEs el momento de salir a reivindicar el ser catal\u00e1n, espa\u00f1ol y europeo y mostrarse en desacuerdo con esta deriva del independentismo que no va a ninguna parte\u201d, ha insistido.<\/p>\n<p>A su juicio, esta movilizaci\u00f3n ha de servir para pedir a la Generalitat \u201cque pare, que reconduzca la situaci\u00f3n, que vuelva a la legalidad y que deje de dividir a la sociedad y a hacer da\u00f1o a Catalu\u00f1a\u201d y \u201cpara poner de manifiesto que Puigdemont est\u00e1 en minor\u00eda y que no representa a la sociedad catalana\u201d.<\/p>\n<p>Por \u00faltimo, Mart\u00ednez-Maillo ha agradecido la labor de las Fuerzas y Cuerpos de Seguridad del Estado porque \u201chan trabajado de manera impecable, y lo seguir\u00e1n haciendo, para asegurar la ley y la Constituci\u00f3n\u201d.<\/p>\n<p>&nbsp;<\/p>\n","protected":false},"excerpt":{"rendered":"<p>El coordinador general del Partido Popular, Fernando Mart\u00ednez-Maillo, ha recomendado al presidente de la Generalitat, Carles Puigdemont, que \u201creconduzca la situaci\u00f3n\u201d a la que ha llevado a Catalu\u00f1a porque \u201ca\u00fan est\u00e1 a tiempo de volver atr\u00e1s para regresar a la legalidad y a la Constituci\u00f3n y dejar de dividir a la sociedad catalana\u201d. En declaraciones [&hellip;]<\/p>\n","protected":false},"author":1,"featured_media":921564,"comment_status":"closed","ping_status":"closed","sticky":false,"template":"","format":"standard","meta":{"footnotes":""},"categories":[1],"tags":[],"class_list":["post-955357","post","type-post","status-publish","format-standard","has-post-thumbnail","hentry","category-actualidad"],"aioseo_notices":[],"aioseo_head":"\n\t\t<!-- All in One SEO Pro 5.0.1 - aioseo.com -->\n\t<meta name=\"description\" content=\"El coordinador general del Partido Popular, Fernando Mart\u00ednez-Maillo, ha recomendado al presidente de la Generalitat, Carles Puigdemont, que \u201creconduzca la situaci\u00f3n\u201d a la que ha llevado a Catalu\u00f1a porque \u201ca\u00fan est\u00e1 a tiempo de volver atr\u00e1s para regresar a la legalidad y a la Constituci\u00f3n y dejar de dividir a la sociedad catalana\u201d. En declaraciones\" \/>\n\t<meta name=\"robots\" content=\"max-image-preview:large\" \/>\n\t<meta name=\"author\" content=\"El Digital de Asturias\"\/>\n\t<meta name=\"google-site-verification\" content=\"UA-38556648-1\" \/>\n\t<meta name=\"msvalidate.01\" content=\"7dfe9f3f1b24437ab69f4f2559babe99\" \/>\n\t<meta name=\"keywords\" content=\"actualidad\" \/>\n\t<link rel=\"canonical\" href=\"https:\/\/www.eldigitaldeasturias.com\/noticias\/maillo-puigdemont-hace-mucho-tiempo-que-no-representa-a-la-mayoria-de-los-catalanes\/\" \/>\n\t<meta name=\"generator\" content=\"All in One SEO Pro (AIOSEO) 5.0.1\" \/>\n\t\t<meta property=\"og:locale\" content=\"es_ES\" \/>\n\t\t<meta property=\"og:site_name\" content=\"El Digital de Asturias\" \/>\n\t\t<meta property=\"og:type\" content=\"article\" \/>\n\t\t<meta property=\"og:title\" content=\"Maillo: \u00abPuigdemont hace mucho tiempo que no representa a la mayor\u00eda de los catalanes\u201d - El Digital de Asturias\" \/>\n\t\t<meta property=\"og:description\" content=\"El coordinador general del Partido Popular, Fernando Mart\u00ednez-Maillo, ha recomendado al presidente de la Generalitat, Carles Puigdemont, que \u201creconduzca la situaci\u00f3n\u201d a la que ha llevado a Catalu\u00f1a porque \u201ca\u00fan est\u00e1 a tiempo de volver atr\u00e1s para regresar a la legalidad y a la Constituci\u00f3n y dejar de dividir a la sociedad catalana\u201d. En declaraciones\" \/>\n\t\t<meta property=\"og:url\" content=\"https:\/\/www.eldigitaldeasturias.com\/noticias\/maillo-puigdemont-hace-mucho-tiempo-que-no-representa-a-la-mayoria-de-los-catalanes\/\" \/>\n\t\t<meta property=\"article:tag\" content=\"actualidad\" \/>\n\t\t<meta property=\"article:published_time\" content=\"2017-10-07T23:05:22+00:00\" \/>\n\t\t<meta property=\"article:modified_time\" content=\"2017-10-07T23:05:22+00:00\" \/>\n\t\t<meta property=\"article:publisher\" content=\"https:\/\/facebook.com\/eldigitaldeasturias\" \/>\n\t\t<meta name=\"twitter:card\" content=\"summary_large_image\" \/>\n\t\t<meta name=\"twitter:title\" content=\"Maillo: \u00abPuigdemont hace mucho tiempo que no representa a la mayor\u00eda de los catalanes\u201d - El Digital de Asturias\" \/>\n\t\t<meta name=\"twitter:description\" content=\"El coordinador general del Partido Popular, Fernando Mart\u00ednez-Maillo, ha recomendado al presidente de la Generalitat, Carles Puigdemont, que \u201creconduzca la situaci\u00f3n\u201d a la que ha llevado a Catalu\u00f1a porque \u201ca\u00fan est\u00e1 a tiempo de volver atr\u00e1s para regresar a la legalidad y a la Constituci\u00f3n y dejar de dividir a la sociedad catalana\u201d. En declaraciones\" \/>\n\t\t<meta name=\"twitter:image\" content=\"https:\/\/www.eldigitaldeasturias.com\/noticias\/wp-content\/uploads\/2020\/12\/EDA-1.jpg\" \/>\n\t\t<meta name=\"twitter:label1\" content=\"Escrito por\" \/>\n\t\t<meta name=\"twitter:data1\" content=\"El Digital de Asturias\" \/>\n\t\t<meta name=\"twitter:label2\" content=\"Tiempo de lectura estimado\" \/>\n\t\t<meta name=\"twitter:data2\" content=\"2 minutos\" \/>\n\t\t<script type=\"application\/ld+json\" class=\"aioseo-schema\">\n\t\t\t{\"@context\":\"https:\\\/\\\/schema.org\",\"@graph\":[{\"@type\":\"BlogPosting\",\"@id\":\"https:\\\/\\\/www.eldigitaldeasturias.com\\\/noticias\\\/maillo-puigdemont-hace-mucho-tiempo-que-no-representa-a-la-mayoria-de-los-catalanes\\\/#blogposting\",\"name\":\"Maillo: \\u00abPuigdemont hace mucho tiempo que no representa a la mayor\\u00eda de los catalanes\\u201d - El Digital de Asturias\",\"headline\":\"Maillo: \\u00abPuigdemont hace mucho tiempo que no representa a la mayor\\u00eda de los catalanes\\u201d\",\"author\":{\"@id\":\"https:\\\/\\\/www.eldigitaldeasturias.com\\\/noticias\\\/author\\\/admin\\\/#author\"},\"publisher\":{\"@id\":\"https:\\\/\\\/www.eldigitaldeasturias.com\\\/noticias\\\/#organization\"},\"image\":{\"@type\":\"ImageObject\",\"url\":921564},\"datePublished\":\"2017-10-07T23:05:22+02:00\",\"dateModified\":\"2017-10-07T23:05:22+02:00\",\"inLanguage\":\"es-ES\",\"mainEntityOfPage\":{\"@id\":\"https:\\\/\\\/www.eldigitaldeasturias.com\\\/noticias\\\/maillo-puigdemont-hace-mucho-tiempo-que-no-representa-a-la-mayoria-de-los-catalanes\\\/#webpage\"},\"isPartOf\":{\"@id\":\"https:\\\/\\\/www.eldigitaldeasturias.com\\\/noticias\\\/maillo-puigdemont-hace-mucho-tiempo-que-no-representa-a-la-mayoria-de-los-catalanes\\\/#webpage\"},\"articleSection\":\"Actualidad\"},{\"@type\":\"BreadcrumbList\",\"@id\":\"https:\\\/\\\/www.eldigitaldeasturias.com\\\/noticias\\\/maillo-puigdemont-hace-mucho-tiempo-que-no-representa-a-la-mayoria-de-los-catalanes\\\/#breadcrumblist\",\"itemListElement\":[{\"@type\":\"ListItem\",\"@id\":\"https:\\\/\\\/www.eldigitaldeasturias.com\\\/noticias#listItem\",\"position\":1,\"name\":\"Home\",\"item\":\"https:\\\/\\\/www.eldigitaldeasturias.com\\\/noticias\",\"nextItem\":{\"@type\":\"ListItem\",\"@id\":\"https:\\\/\\\/www.eldigitaldeasturias.com\\\/noticias\\\/category\\\/actualidad\\\/#listItem\",\"name\":\"Actualidad\"}},{\"@type\":\"ListItem\",\"@id\":\"https:\\\/\\\/www.eldigitaldeasturias.com\\\/noticias\\\/category\\\/actualidad\\\/#listItem\",\"position\":2,\"name\":\"Actualidad\",\"item\":\"https:\\\/\\\/www.eldigitaldeasturias.com\\\/noticias\\\/category\\\/actualidad\\\/\",\"nextItem\":{\"@type\":\"ListItem\",\"@id\":\"https:\\\/\\\/www.eldigitaldeasturias.com\\\/noticias\\\/maillo-puigdemont-hace-mucho-tiempo-que-no-representa-a-la-mayoria-de-los-catalanes\\\/#listItem\",\"name\":\"Maillo: \\u00abPuigdemont hace mucho tiempo que no representa a la mayor\\u00eda de los catalanes\\u201d\"},\"previousItem\":{\"@type\":\"ListItem\",\"@id\":\"https:\\\/\\\/www.eldigitaldeasturias.com\\\/noticias#listItem\",\"name\":\"Home\"}},{\"@type\":\"ListItem\",\"@id\":\"https:\\\/\\\/www.eldigitaldeasturias.com\\\/noticias\\\/maillo-puigdemont-hace-mucho-tiempo-que-no-representa-a-la-mayoria-de-los-catalanes\\\/#listItem\",\"position\":3,\"name\":\"Maillo: \\u00abPuigdemont hace mucho tiempo que no representa a la mayor\\u00eda de los catalanes\\u201d\",\"previousItem\":{\"@type\":\"ListItem\",\"@id\":\"https:\\\/\\\/www.eldigitaldeasturias.com\\\/noticias\\\/category\\\/actualidad\\\/#listItem\",\"name\":\"Actualidad\"}}]},{\"@type\":\"Organization\",\"@id\":\"https:\\\/\\\/www.eldigitaldeasturias.com\\\/noticias\\\/#organization\",\"name\":\"El Digital de Asturias\",\"description\":\"Hemeroteca\",\"url\":\"https:\\\/\\\/www.eldigitaldeasturias.com\\\/noticias\\\/\",\"email\":\"info@eldigitaldeasturias.com\",\"telephone\":\"+34652131393\",\"logo\":{\"@type\":\"ImageObject\",\"url\":\"https:\\\/\\\/www.eldigitaldeasturias.com\\\/noticias\\\/wp-content\\\/uploads\\\/2020\\\/12\\\/EDA.jpg\",\"@id\":\"https:\\\/\\\/www.eldigitaldeasturias.com\\\/noticias\\\/maillo-puigdemont-hace-mucho-tiempo-que-no-representa-a-la-mayoria-de-los-catalanes\\\/#organizationLogo\"},\"image\":{\"@id\":\"https:\\\/\\\/www.eldigitaldeasturias.com\\\/noticias\\\/maillo-puigdemont-hace-mucho-tiempo-que-no-representa-a-la-mayoria-de-los-catalanes\\\/#organizationLogo\"},\"sameAs\":[\"https:\\\/\\\/facebook.com\\\/eldigitaldeasturias\",\"https:\\\/\\\/www.youtube.com\\\/channel\\\/UCZP-2wLEB9Rv6erhFmqVnvg\"],\"address\":{\"@id\":\"https:\\\/\\\/www.eldigitaldeasturias.com\\\/noticias\\\/#postaladdress\",\"@type\":\"PostalAddress\",\"streetAddress\":\"san antonio 4\",\"postalCode\":\"33430\",\"addressLocality\":\"Cand\\u00e1s\",\"addressRegion\":\"Asturias\",\"addressCountry\":\"ES\"}},{\"@type\":\"Person\",\"@id\":\"https:\\\/\\\/www.eldigitaldeasturias.com\\\/noticias\\\/author\\\/admin\\\/#author\",\"url\":\"https:\\\/\\\/www.eldigitaldeasturias.com\\\/noticias\\\/author\\\/admin\\\/\",\"name\":\"El Digital de Asturias\",\"image\":{\"@type\":\"ImageObject\",\"@id\":\"https:\\\/\\\/www.eldigitaldeasturias.com\\\/noticias\\\/maillo-puigdemont-hace-mucho-tiempo-que-no-representa-a-la-mayoria-de-los-catalanes\\\/#authorImage\",\"url\":\"https:\\\/\\\/secure.gravatar.com\\\/avatar\\\/df2aeffc32bcd13f8d26072ef8a91b623d677766deac7f97ca815868cd41bf5e?s=96&d=mm&r=g\",\"width\":96,\"height\":96,\"caption\":\"El Digital de Asturias\"}},{\"@type\":\"WebPage\",\"@id\":\"https:\\\/\\\/www.eldigitaldeasturias.com\\\/noticias\\\/maillo-puigdemont-hace-mucho-tiempo-que-no-representa-a-la-mayoria-de-los-catalanes\\\/#webpage\",\"url\":\"https:\\\/\\\/www.eldigitaldeasturias.com\\\/noticias\\\/maillo-puigdemont-hace-mucho-tiempo-que-no-representa-a-la-mayoria-de-los-catalanes\\\/\",\"name\":\"Maillo: \\u00abPuigdemont hace mucho tiempo que no representa a la mayor\\u00eda de los catalanes\\u201d - El Digital de Asturias\",\"description\":\"El coordinador general del Partido Popular, Fernando Mart\\u00ednez-Maillo, ha recomendado al presidente de la Generalitat, Carles Puigdemont, que \\u201creconduzca la situaci\\u00f3n\\u201d a la que ha llevado a Catalu\\u00f1a porque \\u201ca\\u00fan est\\u00e1 a tiempo de volver atr\\u00e1s para regresar a la legalidad y a la Constituci\\u00f3n y dejar de dividir a la sociedad catalana\\u201d. En declaraciones\",\"inLanguage\":\"es-ES\",\"isPartOf\":{\"@id\":\"https:\\\/\\\/www.eldigitaldeasturias.com\\\/noticias\\\/#website\"},\"breadcrumb\":{\"@id\":\"https:\\\/\\\/www.eldigitaldeasturias.com\\\/noticias\\\/maillo-puigdemont-hace-mucho-tiempo-que-no-representa-a-la-mayoria-de-los-catalanes\\\/#breadcrumblist\"},\"author\":{\"@id\":\"https:\\\/\\\/www.eldigitaldeasturias.com\\\/noticias\\\/author\\\/admin\\\/#author\"},\"creator\":{\"@id\":\"https:\\\/\\\/www.eldigitaldeasturias.com\\\/noticias\\\/author\\\/admin\\\/#author\"},\"image\":{\"@type\":\"ImageObject\",\"url\":921564,\"@id\":\"https:\\\/\\\/www.eldigitaldeasturias.com\\\/noticias\\\/maillo-puigdemont-hace-mucho-tiempo-que-no-representa-a-la-mayoria-de-los-catalanes\\\/#mainImage\"},\"primaryImageOfPage\":{\"@id\":\"https:\\\/\\\/www.eldigitaldeasturias.com\\\/noticias\\\/maillo-puigdemont-hace-mucho-tiempo-que-no-representa-a-la-mayoria-de-los-catalanes\\\/#mainImage\"},\"datePublished\":\"2017-10-07T23:05:22+02:00\",\"dateModified\":\"2017-10-07T23:05:22+02:00\"},{\"@type\":\"WebSite\",\"@id\":\"https:\\\/\\\/www.eldigitaldeasturias.com\\\/noticias\\\/#website\",\"url\":\"https:\\\/\\\/www.eldigitaldeasturias.com\\\/noticias\\\/\",\"name\":\"El Digital de Asturias - Diario de actualidad y noticias\",\"alternateName\":\"El Digital de Asturias - Diario de actualidad y noticias\",\"description\":\"Hemeroteca\",\"inLanguage\":\"es-ES\",\"publisher\":{\"@id\":\"https:\\\/\\\/www.eldigitaldeasturias.com\\\/noticias\\\/#organization\"}}]}\n\t\t<\/script>\n\t\t<!-- All in One SEO Pro -->\r\n\t\t<title>Maillo: \u00abPuigdemont hace mucho tiempo que no representa a la mayor\u00eda de los catalanes\u201d - El Digital de Asturias<\/title>\n\n","aioseo_head_json":{"title":"Maillo: \u00abPuigdemont hace mucho tiempo que no representa a la mayor\u00eda de los catalanes\u201d - El Digital de Asturias","description":"El coordinador general del Partido Popular, Fernando Mart\u00ednez-Maillo, ha recomendado al presidente de la Generalitat, Carles Puigdemont, que \u201creconduzca la situaci\u00f3n\u201d a la que ha llevado a Catalu\u00f1a porque \u201ca\u00fan est\u00e1 a tiempo de volver atr\u00e1s para regresar a la legalidad y a la Constituci\u00f3n y dejar de dividir a la sociedad catalana\u201d. En declaraciones","canonical_url":"https:\/\/www.eldigitaldeasturias.com\/noticias\/maillo-puigdemont-hace-mucho-tiempo-que-no-representa-a-la-mayoria-de-los-catalanes\/","robots":"max-image-preview:large","keywords":"actualidad","webmasterTools":{"google-site-verification":"UA-38556648-1","msvalidate.01":"7dfe9f3f1b24437ab69f4f2559babe99","miscellaneous":""},"schema":{"@context":"https:\/\/schema.org","@graph":[{"@type":"BlogPosting","@id":"https:\/\/www.eldigitaldeasturias.com\/noticias\/maillo-puigdemont-hace-mucho-tiempo-que-no-representa-a-la-mayoria-de-los-catalanes\/#blogposting","name":"Maillo: \u00abPuigdemont hace mucho tiempo que no representa a la mayor\u00eda de los catalanes\u201d - El Digital de Asturias","headline":"Maillo: \u00abPuigdemont hace mucho tiempo que no representa a la mayor\u00eda de los catalanes\u201d","author":{"@id":"https:\/\/www.eldigitaldeasturias.com\/noticias\/author\/admin\/#author"},"publisher":{"@id":"https:\/\/www.eldigitaldeasturias.com\/noticias\/#organization"},"image":{"@type":"ImageObject","url":921564},"datePublished":"2017-10-07T23:05:22+02:00","dateModified":"2017-10-07T23:05:22+02:00","inLanguage":"es-ES","mainEntityOfPage":{"@id":"https:\/\/www.eldigitaldeasturias.com\/noticias\/maillo-puigdemont-hace-mucho-tiempo-que-no-representa-a-la-mayoria-de-los-catalanes\/#webpage"},"isPartOf":{"@id":"https:\/\/www.eldigitaldeasturias.com\/noticias\/maillo-puigdemont-hace-mucho-tiempo-que-no-representa-a-la-mayoria-de-los-catalanes\/#webpage"},"articleSection":"Actualidad"},{"@type":"BreadcrumbList","@id":"https:\/\/www.eldigitaldeasturias.com\/noticias\/maillo-puigdemont-hace-mucho-tiempo-que-no-representa-a-la-mayoria-de-los-catalanes\/#breadcrumblist","itemListElement":[{"@type":"ListItem","@id":"https:\/\/www.eldigitaldeasturias.com\/noticias#listItem","position":1,"name":"Home","item":"https:\/\/www.eldigitaldeasturias.com\/noticias","nextItem":{"@type":"ListItem","@id":"https:\/\/www.eldigitaldeasturias.com\/noticias\/category\/actualidad\/#listItem","name":"Actualidad"}},{"@type":"ListItem","@id":"https:\/\/www.eldigitaldeasturias.com\/noticias\/category\/actualidad\/#listItem","position":2,"name":"Actualidad","item":"https:\/\/www.eldigitaldeasturias.com\/noticias\/category\/actualidad\/","nextItem":{"@type":"ListItem","@id":"https:\/\/www.eldigitaldeasturias.com\/noticias\/maillo-puigdemont-hace-mucho-tiempo-que-no-representa-a-la-mayoria-de-los-catalanes\/#listItem","name":"Maillo: \u00abPuigdemont hace mucho tiempo que no representa a la mayor\u00eda de los catalanes\u201d"},"previousItem":{"@type":"ListItem","@id":"https:\/\/www.eldigitaldeasturias.com\/noticias#listItem","name":"Home"}},{"@type":"ListItem","@id":"https:\/\/www.eldigitaldeasturias.com\/noticias\/maillo-puigdemont-hace-mucho-tiempo-que-no-representa-a-la-mayoria-de-los-catalanes\/#listItem","position":3,"name":"Maillo: \u00abPuigdemont hace mucho tiempo que no representa a la mayor\u00eda de los catalanes\u201d","previousItem":{"@type":"ListItem","@id":"https:\/\/www.eldigitaldeasturias.com\/noticias\/category\/actualidad\/#listItem","name":"Actualidad"}}]},{"@type":"Organization","@id":"https:\/\/www.eldigitaldeasturias.com\/noticias\/#organization","name":"El Digital de Asturias","description":"Hemeroteca","url":"https:\/\/www.eldigitaldeasturias.com\/noticias\/","email":"info@eldigitaldeasturias.com","telephone":"+34652131393","logo":{"@type":"ImageObject","url":"https:\/\/www.eldigitaldeasturias.com\/noticias\/wp-content\/uploads\/2020\/12\/EDA.jpg","@id":"https:\/\/www.eldigitaldeasturias.com\/noticias\/maillo-puigdemont-hace-mucho-tiempo-que-no-representa-a-la-mayoria-de-los-catalanes\/#organizationLogo"},"image":{"@id":"https:\/\/www.eldigitaldeasturias.com\/noticias\/maillo-puigdemont-hace-mucho-tiempo-que-no-representa-a-la-mayoria-de-los-catalanes\/#organizationLogo"},"sameAs":["https:\/\/facebook.com\/eldigitaldeasturias","https:\/\/www.youtube.com\/channel\/UCZP-2wLEB9Rv6erhFmqVnvg"],"address":{"@id":"https:\/\/www.eldigitaldeasturias.com\/noticias\/#postaladdress","@type":"PostalAddress","streetAddress":"san antonio 4","postalCode":"33430","addressLocality":"Cand\u00e1s","addressRegion":"Asturias","addressCountry":"ES"}},{"@type":"Person","@id":"https:\/\/www.eldigitaldeasturias.com\/noticias\/author\/admin\/#author","url":"https:\/\/www.eldigitaldeasturias.com\/noticias\/author\/admin\/","name":"El Digital de Asturias","image":{"@type":"ImageObject","@id":"https:\/\/www.eldigitaldeasturias.com\/noticias\/maillo-puigdemont-hace-mucho-tiempo-que-no-representa-a-la-mayoria-de-los-catalanes\/#authorImage","url":"https:\/\/secure.gravatar.com\/avatar\/df2aeffc32bcd13f8d26072ef8a91b623d677766deac7f97ca815868cd41bf5e?s=96&d=mm&r=g","width":96,"height":96,"caption":"El Digital de Asturias"}},{"@type":"WebPage","@id":"https:\/\/www.eldigitaldeasturias.com\/noticias\/maillo-puigdemont-hace-mucho-tiempo-que-no-representa-a-la-mayoria-de-los-catalanes\/#webpage","url":"https:\/\/www.eldigitaldeasturias.com\/noticias\/maillo-puigdemont-hace-mucho-tiempo-que-no-representa-a-la-mayoria-de-los-catalanes\/","name":"Maillo: \u00abPuigdemont hace mucho tiempo que no representa a la mayor\u00eda de los catalanes\u201d - El Digital de Asturias","description":"El coordinador general del Partido Popular, Fernando Mart\u00ednez-Maillo, ha recomendado al presidente de la Generalitat, Carles Puigdemont, que \u201creconduzca la situaci\u00f3n\u201d a la que ha llevado a Catalu\u00f1a porque \u201ca\u00fan est\u00e1 a tiempo de volver atr\u00e1s para regresar a la legalidad y a la Constituci\u00f3n y dejar de dividir a la sociedad catalana\u201d. En declaraciones","inLanguage":"es-ES","isPartOf":{"@id":"https:\/\/www.eldigitaldeasturias.com\/noticias\/#website"},"breadcrumb":{"@id":"https:\/\/www.eldigitaldeasturias.com\/noticias\/maillo-puigdemont-hace-mucho-tiempo-que-no-representa-a-la-mayoria-de-los-catalanes\/#breadcrumblist"},"author":{"@id":"https:\/\/www.eldigitaldeasturias.com\/noticias\/author\/admin\/#author"},"creator":{"@id":"https:\/\/www.eldigitaldeasturias.com\/noticias\/author\/admin\/#author"},"image":{"@type":"ImageObject","url":921564,"@id":"https:\/\/www.eldigitaldeasturias.com\/noticias\/maillo-puigdemont-hace-mucho-tiempo-que-no-representa-a-la-mayoria-de-los-catalanes\/#mainImage"},"primaryImageOfPage":{"@id":"https:\/\/www.eldigitaldeasturias.com\/noticias\/maillo-puigdemont-hace-mucho-tiempo-que-no-representa-a-la-mayoria-de-los-catalanes\/#mainImage"},"datePublished":"2017-10-07T23:05:22+02:00","dateModified":"2017-10-07T23:05:22+02:00"},{"@type":"WebSite","@id":"https:\/\/www.eldigitaldeasturias.com\/noticias\/#website","url":"https:\/\/www.eldigitaldeasturias.com\/noticias\/","name":"El Digital de Asturias - Diario de actualidad y noticias","alternateName":"El Digital de Asturias - Diario de actualidad y noticias","description":"Hemeroteca","inLanguage":"es-ES","publisher":{"@id":"https:\/\/www.eldigitaldeasturias.com\/noticias\/#organization"}}]},"og:locale":"es_ES","og:site_name":"El Digital de Asturias","og:type":"article","og:title":"Maillo: \u00abPuigdemont hace mucho tiempo que no representa a la mayor\u00eda de los catalanes\u201d - El Digital de Asturias","og:description":"El coordinador general del Partido Popular, Fernando Mart\u00ednez-Maillo, ha recomendado al presidente de la Generalitat, Carles Puigdemont, que \u201creconduzca la situaci\u00f3n\u201d a la que ha llevado a Catalu\u00f1a porque \u201ca\u00fan est\u00e1 a tiempo de volver atr\u00e1s para regresar a la legalidad y a la Constituci\u00f3n y dejar de dividir a la sociedad catalana\u201d. En declaraciones","og:url":"https:\/\/www.eldigitaldeasturias.com\/noticias\/maillo-puigdemont-hace-mucho-tiempo-que-no-representa-a-la-mayoria-de-los-catalanes\/","article:tag":["actualidad"],"article:published_time":"2017-10-07T23:05:22+00:00","article:modified_time":"2017-10-07T23:05:22+00:00","article:publisher":"https:\/\/facebook.com\/eldigitaldeasturias","twitter:card":"summary_large_image","twitter:title":"Maillo: \u00abPuigdemont hace mucho tiempo que no representa a la mayor\u00eda de los catalanes\u201d - El Digital de Asturias","twitter:description":"El coordinador general del Partido Popular, Fernando Mart\u00ednez-Maillo, ha recomendado al presidente de la Generalitat, Carles Puigdemont, que \u201creconduzca la situaci\u00f3n\u201d a la que ha llevado a Catalu\u00f1a porque \u201ca\u00fan est\u00e1 a tiempo de volver atr\u00e1s para regresar a la legalidad y a la Constituci\u00f3n y dejar de dividir a la sociedad catalana\u201d. En declaraciones","twitter:image":"https:\/\/www.eldigitaldeasturias.com\/noticias\/wp-content\/uploads\/2020\/12\/EDA-1.jpg","twitter:label1":"Escrito por","twitter:data1":"El Digital de Asturias","twitter:label2":"Tiempo de lectura estimado","twitter:data2":"2 minutos"},"aioseo_meta_data":{"post_id":"955357","title":null,"description":null,"keywords":null,"keyphrases":null,"primary_term":null,"canonical_url":null,"og_title":null,"og_description":null,"og_object_type":"default","og_image_type":"default","og_image_url":null,"og_image_width":null,"og_image_height":null,"og_image_custom_url":null,"og_image_custom_fields":null,"og_video":null,"og_custom_url":null,"og_article_section":null,"og_article_tags":null,"twitter_use_og":false,"twitter_card":"default","twitter_image_type":"default","twitter_image_url":null,"twitter_image_custom_url":null,"twitter_image_custom_fields":null,"twitter_title":null,"twitter_description":null,"schema":{"blockGraphs":[],"customGraphs":[],"default":{"data":{"Article":[],"Course":[],"Dataset":[],"FAQPage":[],"Movie":[],"Person":[],"Product":[],"ProductReview":[],"Car":[],"Recipe":[],"Service":[],"SoftwareApplication":[],"WebPage":[]},"graphName":"","isEnabled":true},"graphs":[],"defaultGraph":"","defaultPostTypeGraph":""},"schema_type":null,"schema_type_options":null,"pillar_content":false,"robots_default":true,"robots_noindex":false,"robots_noarchive":false,"robots_nosnippet":false,"robots_nofollow":false,"robots_noimageindex":false,"robots_noodp":false,"robots_notranslate":false,"robots_max_snippet":null,"robots_max_videopreview":null,"robots_max_imagepreview":"large","priority":null,"frequency":null,"local_seo":null,"seo_analyzer_scan_date":"2025-12-06 09:51:15","breadcrumb_settings":null,"limit_modified_date":false,"open_ai":null,"ai":null,"created":"2020-12-21 12:56:23","updated":"2025-12-06 09:51:15","focus_keyword":null,"additional_keywords":null,"truseo_locale":null},"aioseo_breadcrumb":"<div class=\"aioseo-breadcrumbs\"><span class=\"aioseo-breadcrumb\">\n\t<a href=\"https:\/\/www.eldigitaldeasturias.com\/noticias\" title=\"Home\">Home<\/a>\n<\/span><span class=\"aioseo-breadcrumb-separator\">\u2013<\/span><span class=\"aioseo-breadcrumb\">\n\t<a href=\"https:\/\/www.eldigitaldeasturias.com\/noticias\/category\/actualidad\/\" title=\"Actualidad\">Actualidad<\/a>\n<\/span><span class=\"aioseo-breadcrumb-separator\">\u2013<\/span><span class=\"aioseo-breadcrumb\">\n\t<a href=\"https:\/\/www.eldigitaldeasturias.com\/noticias\/maillo-puigdemont-hace-mucho-tiempo-que-no-representa-a-la-mayoria-de-los-catalanes\/\" title=\"Maillo: \u00abPuigdemont hace mucho tiempo que no representa a la mayor\u00eda de los catalanes\u201d\">Maillo: \u00abPuigdemont hace mucho tiempo que no representa a la mayor\u00eda de los catalanes\u201d<\/a>\n<\/span><\/div>","aioseo_breadcrumb_json":[{"label":"Home","link":"https:\/\/www.eldigitaldeasturias.com\/noticias"},{"label":"Actualidad","link":"https:\/\/www.eldigitaldeasturias.com\/noticias\/category\/actualidad\/"},{"label":"Maillo: \u00abPuigdemont hace mucho tiempo que no representa a la mayor\u00eda de los catalanes\u201d","link":"https:\/\/www.eldigitaldeasturias.com\/noticias\/maillo-puigdemont-hace-mucho-tiempo-que-no-representa-a-la-mayoria-de-los-catalanes\/"}],"_links":{"self":[{"href":"https:\/\/www.eldigitaldeasturias.com\/noticias\/wp-json\/wp\/v2\/posts\/955357","targetHints":{"allow":["GET"]}}],"collection":[{"href":"https:\/\/www.eldigitaldeasturias.com\/noticias\/wp-json\/wp\/v2\/posts"}],"about":[{"href":"https:\/\/www.eldigitaldeasturias.com\/noticias\/wp-json\/wp\/v2\/types\/post"}],"author":[{"embeddable":true,"href":"https:\/\/www.eldigitaldeasturias.com\/noticias\/wp-json\/wp\/v2\/users\/1"}],"replies":[{"embeddable":true,"href":"https:\/\/www.eldigitaldeasturias.com\/noticias\/wp-json\/wp\/v2\/comments?post=955357"}],"version-history":[{"count":0,"href":"https:\/\/www.eldigitaldeasturias.com\/noticias\/wp-json\/wp\/v2\/posts\/955357\/revisions"}],"wp:attachment":[{"href":"https:\/\/www.eldigitaldeasturias.com\/noticias\/wp-json\/wp\/v2\/media?parent=955357"}],"wp:term":[{"taxonomy":"category","embeddable":true,"href":"https:\/\/www.eldigitaldeasturias.com\/noticias\/wp-json\/wp\/v2\/categories?post=955357"},{"taxonomy":"post_tag","embeddable":true,"href":"https:\/\/www.eldigitaldeasturias.com\/noticias\/wp-json\/wp\/v2\/tags?post=955357"}],"curies":[{"name":"wp","href":"https:\/\/api.w.org\/{rel}","templated":true}]}}