{"id":955299,"date":"2017-10-07T18:30:08","date_gmt":"2017-10-07T18:30:08","guid":{"rendered":"http:\/\/www.eldigitaldeasturias.com\/noticias\/?p=955299"},"modified":"2017-10-07T18:30:08","modified_gmt":"2017-10-07T18:30:08","slug":"aragon-necesita-formar-a-mas-programadores-y-desarrolladores","status":"publish","type":"post","link":"https:\/\/www.eldigitaldeasturias.com\/noticias\/aragon-necesita-formar-a-mas-programadores-y-desarrolladores\/","title":{"rendered":"Arag\u00f3n necesita formar a m\u00e1s programadores y desarrolladores"},"content":{"rendered":"<p><img loading=\"lazy\" decoding=\"async\" class=\"alignleft size-medium wp-image-955300\" src=\"https:\/\/www.eldigitaldeasturias.com\/noticias\/wp-content\/uploads\/2017\/10\/CTA_f19e7b10-360x159.jpg\" alt=\"\" width=\"360\" height=\"159\" \/>Arag\u00f3n necesita formar a m\u00e1s programadores y desarrolladores, la demanda en las empresas es muy alta y en la Comunidad no existe personal cualificado suficiente para cubrirla. Estos profesionales tienen muchas oportunidades laborales dentro del campo de las nuevas tecnolog\u00edas y sus tasas de inserci\u00f3n en el mercado laboral son muy altas, llegando a superar el 80%, seg\u00fan el director del Centro de Tecnolog\u00edas Avanzadas (CTA), \u00c1ngel Pardillos.<\/p>\n<p>El problema al que se enfrentan muchos j\u00f3venes que quieren iniciar una carrera profesional este campo es que la mayor\u00eda de los cursos parten de conocimientos previos necesarios y que se dan por sabidos en muchos de los cursos habituales de la oferta formativa. Por ello, los candidatos que no los poseen son excluidos en las correspondientes pruebas de selecci\u00f3n y frustran las posibilidades de formaci\u00f3n.<\/p>\n<p>Para dar respuesta a esta situaci\u00f3n, el CTA -el organismo de formaci\u00f3n del Instituto Aragon\u00e9s de Empleo en TICs- impartir\u00e1 un curso cuyo objetivo es dotar a los alumnos de un conocimiento inicial que les permita entender y aprovechar eficazmente conceptos de programaci\u00f3n suficientemente solidos. El curso \u201cIT Essentials en Programaci\u00f3n Web\u201d presenta un concepto novedoso en este tipo de formaci\u00f3n. Tendr\u00e1 una duraci\u00f3n de 125 horas y est\u00e1 destinado a personas sin ning\u00fan conocimiento espec\u00edfico tecnol\u00f3gico que deseen iniciarse en el campo de la programaci\u00f3n. El curso se impartir\u00e1 exclusivamente en el Parque Tecnol\u00f3gico oscense, que abre sus puertas al programa del CTA. Las clases comenzar\u00e1n el pr\u00f3ximo d\u00eda 6 de noviembre y el per\u00edodo de inscripci\u00f3n finaliza el 20 de octubre.<\/p>\n<p>En este curso, que tendr\u00e1 una duraci\u00f3n de dos meses en horario de tarde, los alumnos podr\u00e1n familiarizarse con los conceptos b\u00e1sicos de desarrollo de aplicaciones en Java, y con los distintos lenguajes de programaci\u00f3n. Durante la formaci\u00f3n, los estudiantes conocer\u00e1n la terminolog\u00eda y sintaxis empleada en la programaci\u00f3n y dar\u00e1n los pasos necesarios para crear programas b\u00e1sicos a trav\u00e9s de ejercicios pr\u00e1cticos. Seg\u00fan Pardillos, es una gran oportunidad y cuando los alumnos finalicen este curso, habr\u00e1n adquirido un nivel id\u00f3neo para asumir formaci\u00f3n especializada que les conducir\u00e1 sin duda a un empleo en un sector en el que la necesidad de profesionales es permanente. La obtenci\u00f3n del t\u00edtulo les permitir\u00e1, adem\u00e1s, acceder al resto de formaci\u00f3n avanzada que oferta el propio CTA. Esta formaci\u00f3n est\u00e1 certificada por los fabricantes de software (en este caso, Microsoft y Oracle) y goza de reconocimiento internacional.<\/p>\n<p>Tal y como anunci\u00f3 el pasado lunes la consejera de Econom\u00eda, Industria y Empleo, Marta Gast\u00f3n, es el caso del curso de nivel avanzado \u201cCertified IT Professional: desarrollo de aplicaciones web\u201d, que en la actualidad el CTA imparte en su sede de Zaragoza, y que se celebrar\u00e1 por primera vez en Huesca el a\u00f1o que viene. Como a\u00f1adido, est\u00e1 planeado que durante el a\u00f1o 2018 tambi\u00e9n se desarrollen en el aula del CTA dos cursos de Big Data para formar perfiles profesionales de \u201canalista de datos\u201d y \u201ccient\u00edfico de datos\u201d.<\/p>\n","protected":false},"excerpt":{"rendered":"<p>Arag\u00f3n necesita formar a m\u00e1s programadores y desarrolladores, la demanda en las empresas es muy alta y en la Comunidad no existe personal cualificado suficiente para cubrirla. Estos profesionales tienen muchas oportunidades laborales dentro del campo de las nuevas tecnolog\u00edas y sus tasas de inserci\u00f3n en el mercado laboral son muy altas, llegando a superar [&hellip;]<\/p>\n","protected":false},"author":1,"featured_media":955300,"comment_status":"closed","ping_status":"closed","sticky":false,"template":"","format":"standard","meta":{"footnotes":""},"categories":[1],"tags":[],"class_list":["post-955299","post","type-post","status-publish","format-standard","has-post-thumbnail","hentry","category-actualidad"],"aioseo_notices":[],"aioseo_head":"\n\t\t<!-- All in One SEO Pro 5.0.1 - aioseo.com -->\n\t<meta name=\"description\" content=\"Arag\u00f3n necesita formar a m\u00e1s programadores y desarrolladores, la demanda en las empresas es muy alta y en la Comunidad no existe personal cualificado suficiente para cubrirla. Estos profesionales tienen muchas oportunidades laborales dentro del campo de las nuevas tecnolog\u00edas y sus tasas de inserci\u00f3n en el mercado laboral son muy altas, llegando a superar\" \/>\n\t<meta name=\"robots\" content=\"max-image-preview:large\" \/>\n\t<meta name=\"author\" content=\"El Digital de Asturias\"\/>\n\t<meta name=\"google-site-verification\" content=\"UA-38556648-1\" \/>\n\t<meta name=\"msvalidate.01\" content=\"7dfe9f3f1b24437ab69f4f2559babe99\" \/>\n\t<meta name=\"keywords\" content=\"actualidad\" \/>\n\t<link rel=\"canonical\" href=\"https:\/\/www.eldigitaldeasturias.com\/noticias\/aragon-necesita-formar-a-mas-programadores-y-desarrolladores\/\" \/>\n\t<meta name=\"generator\" content=\"All in One SEO Pro (AIOSEO) 5.0.1\" \/>\n\t\t<meta property=\"og:locale\" content=\"es_ES\" \/>\n\t\t<meta property=\"og:site_name\" content=\"El Digital de Asturias\" \/>\n\t\t<meta property=\"og:type\" content=\"article\" \/>\n\t\t<meta property=\"og:title\" content=\"Arag\u00f3n necesita formar a m\u00e1s programadores y desarrolladores - El Digital de Asturias\" \/>\n\t\t<meta property=\"og:description\" content=\"Arag\u00f3n necesita formar a m\u00e1s programadores y desarrolladores, la demanda en las empresas es muy alta y en la Comunidad no existe personal cualificado suficiente para cubrirla. Estos profesionales tienen muchas oportunidades laborales dentro del campo de las nuevas tecnolog\u00edas y sus tasas de inserci\u00f3n en el mercado laboral son muy altas, llegando a superar\" \/>\n\t\t<meta property=\"og:url\" content=\"https:\/\/www.eldigitaldeasturias.com\/noticias\/aragon-necesita-formar-a-mas-programadores-y-desarrolladores\/\" \/>\n\t\t<meta property=\"article:tag\" content=\"actualidad\" \/>\n\t\t<meta property=\"article:published_time\" content=\"2017-10-07T18:30:08+00:00\" \/>\n\t\t<meta property=\"article:modified_time\" content=\"2017-10-07T18:30:08+00:00\" \/>\n\t\t<meta property=\"article:publisher\" content=\"https:\/\/facebook.com\/eldigitaldeasturias\" \/>\n\t\t<meta name=\"twitter:card\" content=\"summary_large_image\" \/>\n\t\t<meta name=\"twitter:title\" content=\"Arag\u00f3n necesita formar a m\u00e1s programadores y desarrolladores - El Digital de Asturias\" \/>\n\t\t<meta name=\"twitter:description\" content=\"Arag\u00f3n necesita formar a m\u00e1s programadores y desarrolladores, la demanda en las empresas es muy alta y en la Comunidad no existe personal cualificado suficiente para cubrirla. Estos profesionales tienen muchas oportunidades laborales dentro del campo de las nuevas tecnolog\u00edas y sus tasas de inserci\u00f3n en el mercado laboral son muy altas, llegando a superar\" \/>\n\t\t<meta name=\"twitter:image\" content=\"https:\/\/www.eldigitaldeasturias.com\/noticias\/wp-content\/uploads\/2020\/12\/EDA-1.jpg\" \/>\n\t\t<meta name=\"twitter:label1\" content=\"Escrito por\" \/>\n\t\t<meta name=\"twitter:data1\" content=\"El Digital de Asturias\" \/>\n\t\t<meta name=\"twitter:label2\" content=\"Tiempo de lectura estimado\" \/>\n\t\t<meta name=\"twitter:data2\" content=\"3 minutos\" \/>\n\t\t<script type=\"application\/ld+json\" class=\"aioseo-schema\">\n\t\t\t{\"@context\":\"https:\\\/\\\/schema.org\",\"@graph\":[{\"@type\":\"BlogPosting\",\"@id\":\"https:\\\/\\\/www.eldigitaldeasturias.com\\\/noticias\\\/aragon-necesita-formar-a-mas-programadores-y-desarrolladores\\\/#blogposting\",\"name\":\"Arag\\u00f3n necesita formar a m\\u00e1s programadores y desarrolladores - El Digital de Asturias\",\"headline\":\"Arag\\u00f3n necesita formar a m\\u00e1s programadores y desarrolladores\",\"author\":{\"@id\":\"https:\\\/\\\/www.eldigitaldeasturias.com\\\/noticias\\\/author\\\/admin\\\/#author\"},\"publisher\":{\"@id\":\"https:\\\/\\\/www.eldigitaldeasturias.com\\\/noticias\\\/#organization\"},\"image\":{\"@type\":\"ImageObject\",\"url\":955300},\"datePublished\":\"2017-10-07T18:30:08+02:00\",\"dateModified\":\"2017-10-07T18:30:08+02:00\",\"inLanguage\":\"es-ES\",\"mainEntityOfPage\":{\"@id\":\"https:\\\/\\\/www.eldigitaldeasturias.com\\\/noticias\\\/aragon-necesita-formar-a-mas-programadores-y-desarrolladores\\\/#webpage\"},\"isPartOf\":{\"@id\":\"https:\\\/\\\/www.eldigitaldeasturias.com\\\/noticias\\\/aragon-necesita-formar-a-mas-programadores-y-desarrolladores\\\/#webpage\"},\"articleSection\":\"Actualidad\"},{\"@type\":\"BreadcrumbList\",\"@id\":\"https:\\\/\\\/www.eldigitaldeasturias.com\\\/noticias\\\/aragon-necesita-formar-a-mas-programadores-y-desarrolladores\\\/#breadcrumblist\",\"itemListElement\":[{\"@type\":\"ListItem\",\"@id\":\"https:\\\/\\\/www.eldigitaldeasturias.com\\\/noticias#listItem\",\"position\":1,\"name\":\"Home\",\"item\":\"https:\\\/\\\/www.eldigitaldeasturias.com\\\/noticias\",\"nextItem\":{\"@type\":\"ListItem\",\"@id\":\"https:\\\/\\\/www.eldigitaldeasturias.com\\\/noticias\\\/category\\\/actualidad\\\/#listItem\",\"name\":\"Actualidad\"}},{\"@type\":\"ListItem\",\"@id\":\"https:\\\/\\\/www.eldigitaldeasturias.com\\\/noticias\\\/category\\\/actualidad\\\/#listItem\",\"position\":2,\"name\":\"Actualidad\",\"item\":\"https:\\\/\\\/www.eldigitaldeasturias.com\\\/noticias\\\/category\\\/actualidad\\\/\",\"nextItem\":{\"@type\":\"ListItem\",\"@id\":\"https:\\\/\\\/www.eldigitaldeasturias.com\\\/noticias\\\/aragon-necesita-formar-a-mas-programadores-y-desarrolladores\\\/#listItem\",\"name\":\"Arag\\u00f3n necesita formar a m\\u00e1s programadores y desarrolladores\"},\"previousItem\":{\"@type\":\"ListItem\",\"@id\":\"https:\\\/\\\/www.eldigitaldeasturias.com\\\/noticias#listItem\",\"name\":\"Home\"}},{\"@type\":\"ListItem\",\"@id\":\"https:\\\/\\\/www.eldigitaldeasturias.com\\\/noticias\\\/aragon-necesita-formar-a-mas-programadores-y-desarrolladores\\\/#listItem\",\"position\":3,\"name\":\"Arag\\u00f3n necesita formar a m\\u00e1s programadores y desarrolladores\",\"previousItem\":{\"@type\":\"ListItem\",\"@id\":\"https:\\\/\\\/www.eldigitaldeasturias.com\\\/noticias\\\/category\\\/actualidad\\\/#listItem\",\"name\":\"Actualidad\"}}]},{\"@type\":\"Organization\",\"@id\":\"https:\\\/\\\/www.eldigitaldeasturias.com\\\/noticias\\\/#organization\",\"name\":\"El Digital de Asturias\",\"description\":\"Hemeroteca\",\"url\":\"https:\\\/\\\/www.eldigitaldeasturias.com\\\/noticias\\\/\",\"email\":\"info@eldigitaldeasturias.com\",\"telephone\":\"+34652131393\",\"logo\":{\"@type\":\"ImageObject\",\"url\":\"https:\\\/\\\/www.eldigitaldeasturias.com\\\/noticias\\\/wp-content\\\/uploads\\\/2020\\\/12\\\/EDA.jpg\",\"@id\":\"https:\\\/\\\/www.eldigitaldeasturias.com\\\/noticias\\\/aragon-necesita-formar-a-mas-programadores-y-desarrolladores\\\/#organizationLogo\"},\"image\":{\"@id\":\"https:\\\/\\\/www.eldigitaldeasturias.com\\\/noticias\\\/aragon-necesita-formar-a-mas-programadores-y-desarrolladores\\\/#organizationLogo\"},\"sameAs\":[\"https:\\\/\\\/facebook.com\\\/eldigitaldeasturias\",\"https:\\\/\\\/www.youtube.com\\\/channel\\\/UCZP-2wLEB9Rv6erhFmqVnvg\"],\"address\":{\"@id\":\"https:\\\/\\\/www.eldigitaldeasturias.com\\\/noticias\\\/#postaladdress\",\"@type\":\"PostalAddress\",\"streetAddress\":\"san antonio 4\",\"postalCode\":\"33430\",\"addressLocality\":\"Cand\\u00e1s\",\"addressRegion\":\"Asturias\",\"addressCountry\":\"ES\"}},{\"@type\":\"Person\",\"@id\":\"https:\\\/\\\/www.eldigitaldeasturias.com\\\/noticias\\\/author\\\/admin\\\/#author\",\"url\":\"https:\\\/\\\/www.eldigitaldeasturias.com\\\/noticias\\\/author\\\/admin\\\/\",\"name\":\"El Digital de Asturias\",\"image\":{\"@type\":\"ImageObject\",\"@id\":\"https:\\\/\\\/www.eldigitaldeasturias.com\\\/noticias\\\/aragon-necesita-formar-a-mas-programadores-y-desarrolladores\\\/#authorImage\",\"url\":\"https:\\\/\\\/secure.gravatar.com\\\/avatar\\\/df2aeffc32bcd13f8d26072ef8a91b623d677766deac7f97ca815868cd41bf5e?s=96&d=mm&r=g\",\"width\":96,\"height\":96,\"caption\":\"El Digital de Asturias\"}},{\"@type\":\"WebPage\",\"@id\":\"https:\\\/\\\/www.eldigitaldeasturias.com\\\/noticias\\\/aragon-necesita-formar-a-mas-programadores-y-desarrolladores\\\/#webpage\",\"url\":\"https:\\\/\\\/www.eldigitaldeasturias.com\\\/noticias\\\/aragon-necesita-formar-a-mas-programadores-y-desarrolladores\\\/\",\"name\":\"Arag\\u00f3n necesita formar a m\\u00e1s programadores y desarrolladores - El Digital de Asturias\",\"description\":\"Arag\\u00f3n necesita formar a m\\u00e1s programadores y desarrolladores, la demanda en las empresas es muy alta y en la Comunidad no existe personal cualificado suficiente para cubrirla. Estos profesionales tienen muchas oportunidades laborales dentro del campo de las nuevas tecnolog\\u00edas y sus tasas de inserci\\u00f3n en el mercado laboral son muy altas, llegando a superar\",\"inLanguage\":\"es-ES\",\"isPartOf\":{\"@id\":\"https:\\\/\\\/www.eldigitaldeasturias.com\\\/noticias\\\/#website\"},\"breadcrumb\":{\"@id\":\"https:\\\/\\\/www.eldigitaldeasturias.com\\\/noticias\\\/aragon-necesita-formar-a-mas-programadores-y-desarrolladores\\\/#breadcrumblist\"},\"author\":{\"@id\":\"https:\\\/\\\/www.eldigitaldeasturias.com\\\/noticias\\\/author\\\/admin\\\/#author\"},\"creator\":{\"@id\":\"https:\\\/\\\/www.eldigitaldeasturias.com\\\/noticias\\\/author\\\/admin\\\/#author\"},\"image\":{\"@type\":\"ImageObject\",\"url\":955300,\"@id\":\"https:\\\/\\\/www.eldigitaldeasturias.com\\\/noticias\\\/aragon-necesita-formar-a-mas-programadores-y-desarrolladores\\\/#mainImage\"},\"primaryImageOfPage\":{\"@id\":\"https:\\\/\\\/www.eldigitaldeasturias.com\\\/noticias\\\/aragon-necesita-formar-a-mas-programadores-y-desarrolladores\\\/#mainImage\"},\"datePublished\":\"2017-10-07T18:30:08+02:00\",\"dateModified\":\"2017-10-07T18:30:08+02:00\"},{\"@type\":\"WebSite\",\"@id\":\"https:\\\/\\\/www.eldigitaldeasturias.com\\\/noticias\\\/#website\",\"url\":\"https:\\\/\\\/www.eldigitaldeasturias.com\\\/noticias\\\/\",\"name\":\"El Digital de Asturias - Diario de actualidad y noticias\",\"alternateName\":\"El Digital de Asturias - Diario de actualidad y noticias\",\"description\":\"Hemeroteca\",\"inLanguage\":\"es-ES\",\"publisher\":{\"@id\":\"https:\\\/\\\/www.eldigitaldeasturias.com\\\/noticias\\\/#organization\"}}]}\n\t\t<\/script>\n\t\t<!-- All in One SEO Pro -->\r\n\t\t<title>Arag\u00f3n necesita formar a m\u00e1s programadores y desarrolladores - El Digital de Asturias<\/title>\n\n","aioseo_head_json":{"title":"Arag\u00f3n necesita formar a m\u00e1s programadores y desarrolladores - El Digital de Asturias","description":"Arag\u00f3n necesita formar a m\u00e1s programadores y desarrolladores, la demanda en las empresas es muy alta y en la Comunidad no existe personal cualificado suficiente para cubrirla. Estos profesionales tienen muchas oportunidades laborales dentro del campo de las nuevas tecnolog\u00edas y sus tasas de inserci\u00f3n en el mercado laboral son muy altas, llegando a superar","canonical_url":"https:\/\/www.eldigitaldeasturias.com\/noticias\/aragon-necesita-formar-a-mas-programadores-y-desarrolladores\/","robots":"max-image-preview:large","keywords":"actualidad","webmasterTools":{"google-site-verification":"UA-38556648-1","msvalidate.01":"7dfe9f3f1b24437ab69f4f2559babe99","miscellaneous":""},"schema":{"@context":"https:\/\/schema.org","@graph":[{"@type":"BlogPosting","@id":"https:\/\/www.eldigitaldeasturias.com\/noticias\/aragon-necesita-formar-a-mas-programadores-y-desarrolladores\/#blogposting","name":"Arag\u00f3n necesita formar a m\u00e1s programadores y desarrolladores - El Digital de Asturias","headline":"Arag\u00f3n necesita formar a m\u00e1s programadores y desarrolladores","author":{"@id":"https:\/\/www.eldigitaldeasturias.com\/noticias\/author\/admin\/#author"},"publisher":{"@id":"https:\/\/www.eldigitaldeasturias.com\/noticias\/#organization"},"image":{"@type":"ImageObject","url":955300},"datePublished":"2017-10-07T18:30:08+02:00","dateModified":"2017-10-07T18:30:08+02:00","inLanguage":"es-ES","mainEntityOfPage":{"@id":"https:\/\/www.eldigitaldeasturias.com\/noticias\/aragon-necesita-formar-a-mas-programadores-y-desarrolladores\/#webpage"},"isPartOf":{"@id":"https:\/\/www.eldigitaldeasturias.com\/noticias\/aragon-necesita-formar-a-mas-programadores-y-desarrolladores\/#webpage"},"articleSection":"Actualidad"},{"@type":"BreadcrumbList","@id":"https:\/\/www.eldigitaldeasturias.com\/noticias\/aragon-necesita-formar-a-mas-programadores-y-desarrolladores\/#breadcrumblist","itemListElement":[{"@type":"ListItem","@id":"https:\/\/www.eldigitaldeasturias.com\/noticias#listItem","position":1,"name":"Home","item":"https:\/\/www.eldigitaldeasturias.com\/noticias","nextItem":{"@type":"ListItem","@id":"https:\/\/www.eldigitaldeasturias.com\/noticias\/category\/actualidad\/#listItem","name":"Actualidad"}},{"@type":"ListItem","@id":"https:\/\/www.eldigitaldeasturias.com\/noticias\/category\/actualidad\/#listItem","position":2,"name":"Actualidad","item":"https:\/\/www.eldigitaldeasturias.com\/noticias\/category\/actualidad\/","nextItem":{"@type":"ListItem","@id":"https:\/\/www.eldigitaldeasturias.com\/noticias\/aragon-necesita-formar-a-mas-programadores-y-desarrolladores\/#listItem","name":"Arag\u00f3n necesita formar a m\u00e1s programadores y desarrolladores"},"previousItem":{"@type":"ListItem","@id":"https:\/\/www.eldigitaldeasturias.com\/noticias#listItem","name":"Home"}},{"@type":"ListItem","@id":"https:\/\/www.eldigitaldeasturias.com\/noticias\/aragon-necesita-formar-a-mas-programadores-y-desarrolladores\/#listItem","position":3,"name":"Arag\u00f3n necesita formar a m\u00e1s programadores y desarrolladores","previousItem":{"@type":"ListItem","@id":"https:\/\/www.eldigitaldeasturias.com\/noticias\/category\/actualidad\/#listItem","name":"Actualidad"}}]},{"@type":"Organization","@id":"https:\/\/www.eldigitaldeasturias.com\/noticias\/#organization","name":"El Digital de Asturias","description":"Hemeroteca","url":"https:\/\/www.eldigitaldeasturias.com\/noticias\/","email":"info@eldigitaldeasturias.com","telephone":"+34652131393","logo":{"@type":"ImageObject","url":"https:\/\/www.eldigitaldeasturias.com\/noticias\/wp-content\/uploads\/2020\/12\/EDA.jpg","@id":"https:\/\/www.eldigitaldeasturias.com\/noticias\/aragon-necesita-formar-a-mas-programadores-y-desarrolladores\/#organizationLogo"},"image":{"@id":"https:\/\/www.eldigitaldeasturias.com\/noticias\/aragon-necesita-formar-a-mas-programadores-y-desarrolladores\/#organizationLogo"},"sameAs":["https:\/\/facebook.com\/eldigitaldeasturias","https:\/\/www.youtube.com\/channel\/UCZP-2wLEB9Rv6erhFmqVnvg"],"address":{"@id":"https:\/\/www.eldigitaldeasturias.com\/noticias\/#postaladdress","@type":"PostalAddress","streetAddress":"san antonio 4","postalCode":"33430","addressLocality":"Cand\u00e1s","addressRegion":"Asturias","addressCountry":"ES"}},{"@type":"Person","@id":"https:\/\/www.eldigitaldeasturias.com\/noticias\/author\/admin\/#author","url":"https:\/\/www.eldigitaldeasturias.com\/noticias\/author\/admin\/","name":"El Digital de Asturias","image":{"@type":"ImageObject","@id":"https:\/\/www.eldigitaldeasturias.com\/noticias\/aragon-necesita-formar-a-mas-programadores-y-desarrolladores\/#authorImage","url":"https:\/\/secure.gravatar.com\/avatar\/df2aeffc32bcd13f8d26072ef8a91b623d677766deac7f97ca815868cd41bf5e?s=96&d=mm&r=g","width":96,"height":96,"caption":"El Digital de Asturias"}},{"@type":"WebPage","@id":"https:\/\/www.eldigitaldeasturias.com\/noticias\/aragon-necesita-formar-a-mas-programadores-y-desarrolladores\/#webpage","url":"https:\/\/www.eldigitaldeasturias.com\/noticias\/aragon-necesita-formar-a-mas-programadores-y-desarrolladores\/","name":"Arag\u00f3n necesita formar a m\u00e1s programadores y desarrolladores - El Digital de Asturias","description":"Arag\u00f3n necesita formar a m\u00e1s programadores y desarrolladores, la demanda en las empresas es muy alta y en la Comunidad no existe personal cualificado suficiente para cubrirla. Estos profesionales tienen muchas oportunidades laborales dentro del campo de las nuevas tecnolog\u00edas y sus tasas de inserci\u00f3n en el mercado laboral son muy altas, llegando a superar","inLanguage":"es-ES","isPartOf":{"@id":"https:\/\/www.eldigitaldeasturias.com\/noticias\/#website"},"breadcrumb":{"@id":"https:\/\/www.eldigitaldeasturias.com\/noticias\/aragon-necesita-formar-a-mas-programadores-y-desarrolladores\/#breadcrumblist"},"author":{"@id":"https:\/\/www.eldigitaldeasturias.com\/noticias\/author\/admin\/#author"},"creator":{"@id":"https:\/\/www.eldigitaldeasturias.com\/noticias\/author\/admin\/#author"},"image":{"@type":"ImageObject","url":955300,"@id":"https:\/\/www.eldigitaldeasturias.com\/noticias\/aragon-necesita-formar-a-mas-programadores-y-desarrolladores\/#mainImage"},"primaryImageOfPage":{"@id":"https:\/\/www.eldigitaldeasturias.com\/noticias\/aragon-necesita-formar-a-mas-programadores-y-desarrolladores\/#mainImage"},"datePublished":"2017-10-07T18:30:08+02:00","dateModified":"2017-10-07T18:30:08+02:00"},{"@type":"WebSite","@id":"https:\/\/www.eldigitaldeasturias.com\/noticias\/#website","url":"https:\/\/www.eldigitaldeasturias.com\/noticias\/","name":"El Digital de Asturias - Diario de actualidad y noticias","alternateName":"El Digital de Asturias - Diario de actualidad y noticias","description":"Hemeroteca","inLanguage":"es-ES","publisher":{"@id":"https:\/\/www.eldigitaldeasturias.com\/noticias\/#organization"}}]},"og:locale":"es_ES","og:site_name":"El Digital de Asturias","og:type":"article","og:title":"Arag\u00f3n necesita formar a m\u00e1s programadores y desarrolladores - El Digital de Asturias","og:description":"Arag\u00f3n necesita formar a m\u00e1s programadores y desarrolladores, la demanda en las empresas es muy alta y en la Comunidad no existe personal cualificado suficiente para cubrirla. Estos profesionales tienen muchas oportunidades laborales dentro del campo de las nuevas tecnolog\u00edas y sus tasas de inserci\u00f3n en el mercado laboral son muy altas, llegando a superar","og:url":"https:\/\/www.eldigitaldeasturias.com\/noticias\/aragon-necesita-formar-a-mas-programadores-y-desarrolladores\/","article:tag":["actualidad"],"article:published_time":"2017-10-07T18:30:08+00:00","article:modified_time":"2017-10-07T18:30:08+00:00","article:publisher":"https:\/\/facebook.com\/eldigitaldeasturias","twitter:card":"summary_large_image","twitter:title":"Arag\u00f3n necesita formar a m\u00e1s programadores y desarrolladores - El Digital de Asturias","twitter:description":"Arag\u00f3n necesita formar a m\u00e1s programadores y desarrolladores, la demanda en las empresas es muy alta y en la Comunidad no existe personal cualificado suficiente para cubrirla. Estos profesionales tienen muchas oportunidades laborales dentro del campo de las nuevas tecnolog\u00edas y sus tasas de inserci\u00f3n en el mercado laboral son muy altas, llegando a superar","twitter:image":"https:\/\/www.eldigitaldeasturias.com\/noticias\/wp-content\/uploads\/2020\/12\/EDA-1.jpg","twitter:label1":"Escrito por","twitter:data1":"El Digital de Asturias","twitter:label2":"Tiempo de lectura estimado","twitter:data2":"3 minutos"},"aioseo_meta_data":{"post_id":"955299","title":null,"description":null,"keywords":null,"keyphrases":null,"primary_term":null,"canonical_url":null,"og_title":null,"og_description":null,"og_object_type":"default","og_image_type":"default","og_image_url":null,"og_image_width":null,"og_image_height":null,"og_image_custom_url":null,"og_image_custom_fields":null,"og_video":null,"og_custom_url":null,"og_article_section":null,"og_article_tags":null,"twitter_use_og":false,"twitter_card":"default","twitter_image_type":"default","twitter_image_url":null,"twitter_image_custom_url":null,"twitter_image_custom_fields":null,"twitter_title":null,"twitter_description":null,"schema":{"blockGraphs":[],"customGraphs":[],"default":{"data":{"Article":[],"Course":[],"Dataset":[],"FAQPage":[],"Movie":[],"Person":[],"Product":[],"ProductReview":[],"Car":[],"Recipe":[],"Service":[],"SoftwareApplication":[],"WebPage":[]},"graphName":"","isEnabled":true},"graphs":[],"defaultGraph":"","defaultPostTypeGraph":""},"schema_type":null,"schema_type_options":null,"pillar_content":false,"robots_default":true,"robots_noindex":false,"robots_noarchive":false,"robots_nosnippet":false,"robots_nofollow":false,"robots_noimageindex":false,"robots_noodp":false,"robots_notranslate":false,"robots_max_snippet":null,"robots_max_videopreview":null,"robots_max_imagepreview":"large","priority":null,"frequency":null,"local_seo":null,"seo_analyzer_scan_date":"2025-12-06 09:35:11","breadcrumb_settings":null,"limit_modified_date":false,"open_ai":null,"ai":null,"created":"2020-12-21 12:56:30","updated":"2025-12-06 09:35:11","focus_keyword":null,"additional_keywords":null,"truseo_locale":null},"aioseo_breadcrumb":"<div class=\"aioseo-breadcrumbs\"><span class=\"aioseo-breadcrumb\">\n\t<a href=\"https:\/\/www.eldigitaldeasturias.com\/noticias\" title=\"Home\">Home<\/a>\n<\/span><span class=\"aioseo-breadcrumb-separator\">\u2013<\/span><span class=\"aioseo-breadcrumb\">\n\t<a href=\"https:\/\/www.eldigitaldeasturias.com\/noticias\/category\/actualidad\/\" title=\"Actualidad\">Actualidad<\/a>\n<\/span><span class=\"aioseo-breadcrumb-separator\">\u2013<\/span><span class=\"aioseo-breadcrumb\">\n\t<a href=\"https:\/\/www.eldigitaldeasturias.com\/noticias\/aragon-necesita-formar-a-mas-programadores-y-desarrolladores\/\" title=\"Arag\u00f3n necesita formar a m\u00e1s programadores y desarrolladores\">Arag\u00f3n necesita formar a m\u00e1s programadores y desarrolladores<\/a>\n<\/span><\/div>","aioseo_breadcrumb_json":[{"label":"Home","link":"https:\/\/www.eldigitaldeasturias.com\/noticias"},{"label":"Actualidad","link":"https:\/\/www.eldigitaldeasturias.com\/noticias\/category\/actualidad\/"},{"label":"Arag\u00f3n necesita formar a m\u00e1s programadores y desarrolladores","link":"https:\/\/www.eldigitaldeasturias.com\/noticias\/aragon-necesita-formar-a-mas-programadores-y-desarrolladores\/"}],"_links":{"self":[{"href":"https:\/\/www.eldigitaldeasturias.com\/noticias\/wp-json\/wp\/v2\/posts\/955299","targetHints":{"allow":["GET"]}}],"collection":[{"href":"https:\/\/www.eldigitaldeasturias.com\/noticias\/wp-json\/wp\/v2\/posts"}],"about":[{"href":"https:\/\/www.eldigitaldeasturias.com\/noticias\/wp-json\/wp\/v2\/types\/post"}],"author":[{"embeddable":true,"href":"https:\/\/www.eldigitaldeasturias.com\/noticias\/wp-json\/wp\/v2\/users\/1"}],"replies":[{"embeddable":true,"href":"https:\/\/www.eldigitaldeasturias.com\/noticias\/wp-json\/wp\/v2\/comments?post=955299"}],"version-history":[{"count":0,"href":"https:\/\/www.eldigitaldeasturias.com\/noticias\/wp-json\/wp\/v2\/posts\/955299\/revisions"}],"wp:attachment":[{"href":"https:\/\/www.eldigitaldeasturias.com\/noticias\/wp-json\/wp\/v2\/media?parent=955299"}],"wp:term":[{"taxonomy":"category","embeddable":true,"href":"https:\/\/www.eldigitaldeasturias.com\/noticias\/wp-json\/wp\/v2\/categories?post=955299"},{"taxonomy":"post_tag","embeddable":true,"href":"https:\/\/www.eldigitaldeasturias.com\/noticias\/wp-json\/wp\/v2\/tags?post=955299"}],"curies":[{"name":"wp","href":"https:\/\/api.w.org\/{rel}","templated":true}]}}