{"id":955292,"date":"2017-10-07T18:09:42","date_gmt":"2017-10-07T18:09:42","guid":{"rendered":"http:\/\/www.eldigitaldeasturias.com\/noticias\/?p=955292"},"modified":"2017-10-07T18:10:02","modified_gmt":"2017-10-07T18:10:02","slug":"recortes-cero-considera-la-dui-una-imposicion-antidemocratica","status":"publish","type":"post","link":"https:\/\/www.eldigitaldeasturias.com\/noticias\/recortes-cero-considera-la-dui-una-imposicion-antidemocratica\/","title":{"rendered":"Recortes Cero considera la DUI una imposici\u00f3n antidemocr\u00e1tica"},"content":{"rendered":"<p><img loading=\"lazy\" decoding=\"async\" class=\"alignleft size-medium wp-image-955293\" src=\"https:\/\/www.eldigitaldeasturias.com\/noticias\/wp-content\/uploads\/2017\/10\/Mundo-360x226.jpg\" alt=\"\" width=\"360\" height=\"226\" \/>Recortes Cero publica ma\u00f1ana un nuevo manifiesto, uni\u00e9ndose a las voces que piden que no se permita una Declaraci\u00f3n Unilateral de Independencia (DUI) por parte del Govern de la Generalitat, que denuncia la misma como una imposici\u00f3n antidemocr\u00e1tica. Por ello, llaman \u00abal di\u00e1logo, la negociaci\u00f3n y al entendimiento, como \u00fanica forma de resolver las diferencias, los proyectos y los intereses enfrentados\u00bb.<\/p>\n<p>En el manifiesto se incide en el hecho de que la DUI \u00abprofundizar\u00e1 la divisi\u00f3n y el enfrentamiento ya existentes\u00bb en Catalunya. Por esa raz\u00f3n, sus firmantes se\u00f1alan que deben \u00abcontribuir a parar este delirio; ning\u00fan dem\u00f3crata puede permanecer al margen\u00bb, a\u00f1aden.<\/p>\n<p>Recortes Cero dio a conocer d\u00edas antes del 1 de octubre otra campa\u00f1a con un manifiesto que titul\u00f3 &#8216;1-O estafa antidemocr\u00e1tica&#8217;, y que fue firmado por m\u00e1s de 4.000 catalanes de izquierdas. Un texto que se\u00f1alaba que la convocatoria \u00abno era transparente y se realiz\u00f3 sin m\u00ednimos de participaci\u00f3n, sin censo, marginando a la oposici\u00f3n, de forma unilateral y buscando \u00fanicamente, tal y como ahora se demuestra, una DUI\u00bb.<\/p>\n<p>Recortes Cero denuncia tambi\u00e9n \u00abla represi\u00f3n de las fuerzas y cuerpos de seguridad del Estado\u00bb, que actuaron \u00abde forma absolutamente injustificada\u00bb, as\u00ed como el hecho de que la actuaci\u00f3n del Gobierno de Rajoy \u00abha causado sufrimiento a nuestros conciudadanos y solo ha logrado enconar el \u00e1nimo\u00bb.<\/p>\n<p>Los firmantes del nuevo manifiesto, que se consideran \u00abpersonas de izquierdas, de variada adscripci\u00f3n ideol\u00f3gica y de distintas culturas pol\u00edticas\u00bb y rechazan firmemente las pol\u00edticas de Rajoy, hacen un llamamiento a toda la sociedad no solo para denunciar la DUI, sino para exigir la celebraci\u00f3n de elecciones auton\u00f3micas, y la apertura de un periodo de reflexi\u00f3n posterior de cuatro a\u00f1os, \u00abde debate e intercambio, en el que todas las alternativas tengan iguales condiciones para ser expuestas y conocidas, y en el que participe toda la sociedad catalana\u00bb.<\/p>\n<p>Las personalidades que aparecen como firmantes del manifiesto son desde expol\u00edticos socialistas y comunistas hasta antiguos responsables sindicales, exmiembros de la judicatura, abogados, cient\u00edficos, escritores, cineastas y otros miembros del mundo de la cultura, las leyes y la econom\u00eda.<\/p>\n<p>Entre los firmantes que residen en Catalunya destacan Alfredo Clemente, Antonina Rodrigo, Antonio Do\u00f1ate, Carlos Jim\u00e9nez Villarejo, Ignacio Mart\u00ednez de Pis\u00f3n, Inka Mart\u00ed, Jacobo Siruela, Javier Mar\u00edas, Javier Mariscal, Joaquim Oristrell, Jos\u00e9 Luis Guer\u00edn, Juan Mars\u00e9, Paco Frutos, Lidia Falc\u00f3n, Monica Randall y Nazario, entre otros.<\/p>\n<p>Y de entre quienes viven fuera de Catalunya aparecen, Antonio Guti\u00e9rrez, Cristina Almeida, Ferm\u00edn Cabal, Fernando Colomo, Fernando Lara, Fernando Schwartz, Javier Reverte, Jose Luis Alcaine, Juan Madrid, Juan Torres, Juanjo Millas, Manuel Rico,Pedro Villoro y Rosa Montero.<\/p>\n","protected":false},"excerpt":{"rendered":"<p>Recortes Cero publica ma\u00f1ana un nuevo manifiesto, uni\u00e9ndose a las voces que piden que no se permita una Declaraci\u00f3n Unilateral de Independencia (DUI) por parte del Govern de la Generalitat, que denuncia la misma como una imposici\u00f3n antidemocr\u00e1tica. Por ello, llaman \u00abal di\u00e1logo, la negociaci\u00f3n y al entendimiento, como \u00fanica forma de resolver las diferencias, [&hellip;]<\/p>\n","protected":false},"author":1,"featured_media":955293,"comment_status":"closed","ping_status":"closed","sticky":false,"template":"","format":"standard","meta":{"footnotes":""},"categories":[1],"tags":[],"class_list":["post-955292","post","type-post","status-publish","format-standard","has-post-thumbnail","hentry","category-actualidad"],"aioseo_notices":[],"aioseo_head":"\n\t\t<!-- All in One SEO Pro 5.0.1 - aioseo.com -->\n\t<meta name=\"description\" content=\"Recortes Cero publica ma\u00f1ana un nuevo manifiesto, uni\u00e9ndose a las voces que piden que no se permita una Declaraci\u00f3n Unilateral de Independencia (DUI) por parte del Govern de la Generalitat, que denuncia la misma como una imposici\u00f3n antidemocr\u00e1tica. Por ello, llaman &quot;al di\u00e1logo, la negociaci\u00f3n y al entendimiento, como \u00fanica forma de resolver las diferencias,\" \/>\n\t<meta name=\"robots\" content=\"max-image-preview:large\" \/>\n\t<meta name=\"author\" content=\"El Digital de Asturias\"\/>\n\t<meta name=\"google-site-verification\" content=\"UA-38556648-1\" \/>\n\t<meta name=\"msvalidate.01\" content=\"7dfe9f3f1b24437ab69f4f2559babe99\" \/>\n\t<meta name=\"keywords\" content=\"actualidad\" \/>\n\t<link rel=\"canonical\" href=\"https:\/\/www.eldigitaldeasturias.com\/noticias\/recortes-cero-considera-la-dui-una-imposicion-antidemocratica\/\" \/>\n\t<meta name=\"generator\" content=\"All in One SEO Pro (AIOSEO) 5.0.1\" \/>\n\t\t<meta property=\"og:locale\" content=\"es_ES\" \/>\n\t\t<meta property=\"og:site_name\" content=\"El Digital de Asturias\" \/>\n\t\t<meta property=\"og:type\" content=\"article\" \/>\n\t\t<meta property=\"og:title\" content=\"Recortes Cero considera la DUI una imposici\u00f3n antidemocr\u00e1tica - El Digital de Asturias\" \/>\n\t\t<meta property=\"og:description\" content=\"Recortes Cero publica ma\u00f1ana un nuevo manifiesto, uni\u00e9ndose a las voces que piden que no se permita una Declaraci\u00f3n Unilateral de Independencia (DUI) por parte del Govern de la Generalitat, que denuncia la misma como una imposici\u00f3n antidemocr\u00e1tica. Por ello, llaman &quot;al di\u00e1logo, la negociaci\u00f3n y al entendimiento, como \u00fanica forma de resolver las diferencias,\" \/>\n\t\t<meta property=\"og:url\" content=\"https:\/\/www.eldigitaldeasturias.com\/noticias\/recortes-cero-considera-la-dui-una-imposicion-antidemocratica\/\" \/>\n\t\t<meta property=\"article:tag\" content=\"actualidad\" \/>\n\t\t<meta property=\"article:published_time\" content=\"2017-10-07T18:09:42+00:00\" \/>\n\t\t<meta property=\"article:modified_time\" content=\"2017-10-07T18:10:02+00:00\" \/>\n\t\t<meta property=\"article:publisher\" content=\"https:\/\/facebook.com\/eldigitaldeasturias\" \/>\n\t\t<meta name=\"twitter:card\" content=\"summary_large_image\" \/>\n\t\t<meta name=\"twitter:title\" content=\"Recortes Cero considera la DUI una imposici\u00f3n antidemocr\u00e1tica - El Digital de Asturias\" \/>\n\t\t<meta name=\"twitter:description\" content=\"Recortes Cero publica ma\u00f1ana un nuevo manifiesto, uni\u00e9ndose a las voces que piden que no se permita una Declaraci\u00f3n Unilateral de Independencia (DUI) por parte del Govern de la Generalitat, que denuncia la misma como una imposici\u00f3n antidemocr\u00e1tica. Por ello, llaman &quot;al di\u00e1logo, la negociaci\u00f3n y al entendimiento, como \u00fanica forma de resolver las diferencias,\" \/>\n\t\t<meta name=\"twitter:image\" content=\"https:\/\/www.eldigitaldeasturias.com\/noticias\/wp-content\/uploads\/2020\/12\/EDA-1.jpg\" \/>\n\t\t<meta name=\"twitter:label1\" content=\"Escrito por\" \/>\n\t\t<meta name=\"twitter:data1\" content=\"El Digital de Asturias\" \/>\n\t\t<meta name=\"twitter:label2\" content=\"Tiempo de lectura estimado\" \/>\n\t\t<meta name=\"twitter:data2\" content=\"2 minutos\" \/>\n\t\t<script type=\"application\/ld+json\" class=\"aioseo-schema\">\n\t\t\t{\"@context\":\"https:\\\/\\\/schema.org\",\"@graph\":[{\"@type\":\"BlogPosting\",\"@id\":\"https:\\\/\\\/www.eldigitaldeasturias.com\\\/noticias\\\/recortes-cero-considera-la-dui-una-imposicion-antidemocratica\\\/#blogposting\",\"name\":\"Recortes Cero considera la DUI una imposici\\u00f3n antidemocr\\u00e1tica - El Digital de Asturias\",\"headline\":\"Recortes Cero considera la DUI una imposici\\u00f3n antidemocr\\u00e1tica\",\"author\":{\"@id\":\"https:\\\/\\\/www.eldigitaldeasturias.com\\\/noticias\\\/author\\\/admin\\\/#author\"},\"publisher\":{\"@id\":\"https:\\\/\\\/www.eldigitaldeasturias.com\\\/noticias\\\/#organization\"},\"image\":{\"@type\":\"ImageObject\",\"url\":955293},\"datePublished\":\"2017-10-07T18:09:42+02:00\",\"dateModified\":\"2017-10-07T18:10:02+02:00\",\"inLanguage\":\"es-ES\",\"mainEntityOfPage\":{\"@id\":\"https:\\\/\\\/www.eldigitaldeasturias.com\\\/noticias\\\/recortes-cero-considera-la-dui-una-imposicion-antidemocratica\\\/#webpage\"},\"isPartOf\":{\"@id\":\"https:\\\/\\\/www.eldigitaldeasturias.com\\\/noticias\\\/recortes-cero-considera-la-dui-una-imposicion-antidemocratica\\\/#webpage\"},\"articleSection\":\"Actualidad\"},{\"@type\":\"BreadcrumbList\",\"@id\":\"https:\\\/\\\/www.eldigitaldeasturias.com\\\/noticias\\\/recortes-cero-considera-la-dui-una-imposicion-antidemocratica\\\/#breadcrumblist\",\"itemListElement\":[{\"@type\":\"ListItem\",\"@id\":\"https:\\\/\\\/www.eldigitaldeasturias.com\\\/noticias#listItem\",\"position\":1,\"name\":\"Home\",\"item\":\"https:\\\/\\\/www.eldigitaldeasturias.com\\\/noticias\",\"nextItem\":{\"@type\":\"ListItem\",\"@id\":\"https:\\\/\\\/www.eldigitaldeasturias.com\\\/noticias\\\/category\\\/actualidad\\\/#listItem\",\"name\":\"Actualidad\"}},{\"@type\":\"ListItem\",\"@id\":\"https:\\\/\\\/www.eldigitaldeasturias.com\\\/noticias\\\/category\\\/actualidad\\\/#listItem\",\"position\":2,\"name\":\"Actualidad\",\"item\":\"https:\\\/\\\/www.eldigitaldeasturias.com\\\/noticias\\\/category\\\/actualidad\\\/\",\"nextItem\":{\"@type\":\"ListItem\",\"@id\":\"https:\\\/\\\/www.eldigitaldeasturias.com\\\/noticias\\\/recortes-cero-considera-la-dui-una-imposicion-antidemocratica\\\/#listItem\",\"name\":\"Recortes Cero considera la DUI una imposici\\u00f3n antidemocr\\u00e1tica\"},\"previousItem\":{\"@type\":\"ListItem\",\"@id\":\"https:\\\/\\\/www.eldigitaldeasturias.com\\\/noticias#listItem\",\"name\":\"Home\"}},{\"@type\":\"ListItem\",\"@id\":\"https:\\\/\\\/www.eldigitaldeasturias.com\\\/noticias\\\/recortes-cero-considera-la-dui-una-imposicion-antidemocratica\\\/#listItem\",\"position\":3,\"name\":\"Recortes Cero considera la DUI una imposici\\u00f3n antidemocr\\u00e1tica\",\"previousItem\":{\"@type\":\"ListItem\",\"@id\":\"https:\\\/\\\/www.eldigitaldeasturias.com\\\/noticias\\\/category\\\/actualidad\\\/#listItem\",\"name\":\"Actualidad\"}}]},{\"@type\":\"Organization\",\"@id\":\"https:\\\/\\\/www.eldigitaldeasturias.com\\\/noticias\\\/#organization\",\"name\":\"El Digital de Asturias\",\"description\":\"Hemeroteca\",\"url\":\"https:\\\/\\\/www.eldigitaldeasturias.com\\\/noticias\\\/\",\"email\":\"info@eldigitaldeasturias.com\",\"telephone\":\"+34652131393\",\"logo\":{\"@type\":\"ImageObject\",\"url\":\"https:\\\/\\\/www.eldigitaldeasturias.com\\\/noticias\\\/wp-content\\\/uploads\\\/2020\\\/12\\\/EDA.jpg\",\"@id\":\"https:\\\/\\\/www.eldigitaldeasturias.com\\\/noticias\\\/recortes-cero-considera-la-dui-una-imposicion-antidemocratica\\\/#organizationLogo\"},\"image\":{\"@id\":\"https:\\\/\\\/www.eldigitaldeasturias.com\\\/noticias\\\/recortes-cero-considera-la-dui-una-imposicion-antidemocratica\\\/#organizationLogo\"},\"sameAs\":[\"https:\\\/\\\/facebook.com\\\/eldigitaldeasturias\",\"https:\\\/\\\/www.youtube.com\\\/channel\\\/UCZP-2wLEB9Rv6erhFmqVnvg\"],\"address\":{\"@id\":\"https:\\\/\\\/www.eldigitaldeasturias.com\\\/noticias\\\/#postaladdress\",\"@type\":\"PostalAddress\",\"streetAddress\":\"san antonio 4\",\"postalCode\":\"33430\",\"addressLocality\":\"Cand\\u00e1s\",\"addressRegion\":\"Asturias\",\"addressCountry\":\"ES\"}},{\"@type\":\"Person\",\"@id\":\"https:\\\/\\\/www.eldigitaldeasturias.com\\\/noticias\\\/author\\\/admin\\\/#author\",\"url\":\"https:\\\/\\\/www.eldigitaldeasturias.com\\\/noticias\\\/author\\\/admin\\\/\",\"name\":\"El Digital de Asturias\",\"image\":{\"@type\":\"ImageObject\",\"@id\":\"https:\\\/\\\/www.eldigitaldeasturias.com\\\/noticias\\\/recortes-cero-considera-la-dui-una-imposicion-antidemocratica\\\/#authorImage\",\"url\":\"https:\\\/\\\/secure.gravatar.com\\\/avatar\\\/df2aeffc32bcd13f8d26072ef8a91b623d677766deac7f97ca815868cd41bf5e?s=96&d=mm&r=g\",\"width\":96,\"height\":96,\"caption\":\"El Digital de Asturias\"}},{\"@type\":\"WebPage\",\"@id\":\"https:\\\/\\\/www.eldigitaldeasturias.com\\\/noticias\\\/recortes-cero-considera-la-dui-una-imposicion-antidemocratica\\\/#webpage\",\"url\":\"https:\\\/\\\/www.eldigitaldeasturias.com\\\/noticias\\\/recortes-cero-considera-la-dui-una-imposicion-antidemocratica\\\/\",\"name\":\"Recortes Cero considera la DUI una imposici\\u00f3n antidemocr\\u00e1tica - El Digital de Asturias\",\"description\":\"Recortes Cero publica ma\\u00f1ana un nuevo manifiesto, uni\\u00e9ndose a las voces que piden que no se permita una Declaraci\\u00f3n Unilateral de Independencia (DUI) por parte del Govern de la Generalitat, que denuncia la misma como una imposici\\u00f3n antidemocr\\u00e1tica. Por ello, llaman \\\"al di\\u00e1logo, la negociaci\\u00f3n y al entendimiento, como \\u00fanica forma de resolver las diferencias,\",\"inLanguage\":\"es-ES\",\"isPartOf\":{\"@id\":\"https:\\\/\\\/www.eldigitaldeasturias.com\\\/noticias\\\/#website\"},\"breadcrumb\":{\"@id\":\"https:\\\/\\\/www.eldigitaldeasturias.com\\\/noticias\\\/recortes-cero-considera-la-dui-una-imposicion-antidemocratica\\\/#breadcrumblist\"},\"author\":{\"@id\":\"https:\\\/\\\/www.eldigitaldeasturias.com\\\/noticias\\\/author\\\/admin\\\/#author\"},\"creator\":{\"@id\":\"https:\\\/\\\/www.eldigitaldeasturias.com\\\/noticias\\\/author\\\/admin\\\/#author\"},\"image\":{\"@type\":\"ImageObject\",\"url\":955293,\"@id\":\"https:\\\/\\\/www.eldigitaldeasturias.com\\\/noticias\\\/recortes-cero-considera-la-dui-una-imposicion-antidemocratica\\\/#mainImage\"},\"primaryImageOfPage\":{\"@id\":\"https:\\\/\\\/www.eldigitaldeasturias.com\\\/noticias\\\/recortes-cero-considera-la-dui-una-imposicion-antidemocratica\\\/#mainImage\"},\"datePublished\":\"2017-10-07T18:09:42+02:00\",\"dateModified\":\"2017-10-07T18:10:02+02:00\"},{\"@type\":\"WebSite\",\"@id\":\"https:\\\/\\\/www.eldigitaldeasturias.com\\\/noticias\\\/#website\",\"url\":\"https:\\\/\\\/www.eldigitaldeasturias.com\\\/noticias\\\/\",\"name\":\"El Digital de Asturias - Diario de actualidad y noticias\",\"alternateName\":\"El Digital de Asturias - Diario de actualidad y noticias\",\"description\":\"Hemeroteca\",\"inLanguage\":\"es-ES\",\"publisher\":{\"@id\":\"https:\\\/\\\/www.eldigitaldeasturias.com\\\/noticias\\\/#organization\"}}]}\n\t\t<\/script>\n\t\t<!-- All in One SEO Pro -->\r\n\t\t<title>Recortes Cero considera la DUI una imposici\u00f3n antidemocr\u00e1tica - El Digital de Asturias<\/title>\n\n","aioseo_head_json":{"title":"Recortes Cero considera la DUI una imposici\u00f3n antidemocr\u00e1tica - El Digital de Asturias","description":"Recortes Cero publica ma\u00f1ana un nuevo manifiesto, uni\u00e9ndose a las voces que piden que no se permita una Declaraci\u00f3n Unilateral de Independencia (DUI) por parte del Govern de la Generalitat, que denuncia la misma como una imposici\u00f3n antidemocr\u00e1tica. Por ello, llaman \"al di\u00e1logo, la negociaci\u00f3n y al entendimiento, como \u00fanica forma de resolver las diferencias,","canonical_url":"https:\/\/www.eldigitaldeasturias.com\/noticias\/recortes-cero-considera-la-dui-una-imposicion-antidemocratica\/","robots":"max-image-preview:large","keywords":"actualidad","webmasterTools":{"google-site-verification":"UA-38556648-1","msvalidate.01":"7dfe9f3f1b24437ab69f4f2559babe99","miscellaneous":""},"schema":{"@context":"https:\/\/schema.org","@graph":[{"@type":"BlogPosting","@id":"https:\/\/www.eldigitaldeasturias.com\/noticias\/recortes-cero-considera-la-dui-una-imposicion-antidemocratica\/#blogposting","name":"Recortes Cero considera la DUI una imposici\u00f3n antidemocr\u00e1tica - El Digital de Asturias","headline":"Recortes Cero considera la DUI una imposici\u00f3n antidemocr\u00e1tica","author":{"@id":"https:\/\/www.eldigitaldeasturias.com\/noticias\/author\/admin\/#author"},"publisher":{"@id":"https:\/\/www.eldigitaldeasturias.com\/noticias\/#organization"},"image":{"@type":"ImageObject","url":955293},"datePublished":"2017-10-07T18:09:42+02:00","dateModified":"2017-10-07T18:10:02+02:00","inLanguage":"es-ES","mainEntityOfPage":{"@id":"https:\/\/www.eldigitaldeasturias.com\/noticias\/recortes-cero-considera-la-dui-una-imposicion-antidemocratica\/#webpage"},"isPartOf":{"@id":"https:\/\/www.eldigitaldeasturias.com\/noticias\/recortes-cero-considera-la-dui-una-imposicion-antidemocratica\/#webpage"},"articleSection":"Actualidad"},{"@type":"BreadcrumbList","@id":"https:\/\/www.eldigitaldeasturias.com\/noticias\/recortes-cero-considera-la-dui-una-imposicion-antidemocratica\/#breadcrumblist","itemListElement":[{"@type":"ListItem","@id":"https:\/\/www.eldigitaldeasturias.com\/noticias#listItem","position":1,"name":"Home","item":"https:\/\/www.eldigitaldeasturias.com\/noticias","nextItem":{"@type":"ListItem","@id":"https:\/\/www.eldigitaldeasturias.com\/noticias\/category\/actualidad\/#listItem","name":"Actualidad"}},{"@type":"ListItem","@id":"https:\/\/www.eldigitaldeasturias.com\/noticias\/category\/actualidad\/#listItem","position":2,"name":"Actualidad","item":"https:\/\/www.eldigitaldeasturias.com\/noticias\/category\/actualidad\/","nextItem":{"@type":"ListItem","@id":"https:\/\/www.eldigitaldeasturias.com\/noticias\/recortes-cero-considera-la-dui-una-imposicion-antidemocratica\/#listItem","name":"Recortes Cero considera la DUI una imposici\u00f3n antidemocr\u00e1tica"},"previousItem":{"@type":"ListItem","@id":"https:\/\/www.eldigitaldeasturias.com\/noticias#listItem","name":"Home"}},{"@type":"ListItem","@id":"https:\/\/www.eldigitaldeasturias.com\/noticias\/recortes-cero-considera-la-dui-una-imposicion-antidemocratica\/#listItem","position":3,"name":"Recortes Cero considera la DUI una imposici\u00f3n antidemocr\u00e1tica","previousItem":{"@type":"ListItem","@id":"https:\/\/www.eldigitaldeasturias.com\/noticias\/category\/actualidad\/#listItem","name":"Actualidad"}}]},{"@type":"Organization","@id":"https:\/\/www.eldigitaldeasturias.com\/noticias\/#organization","name":"El Digital de Asturias","description":"Hemeroteca","url":"https:\/\/www.eldigitaldeasturias.com\/noticias\/","email":"info@eldigitaldeasturias.com","telephone":"+34652131393","logo":{"@type":"ImageObject","url":"https:\/\/www.eldigitaldeasturias.com\/noticias\/wp-content\/uploads\/2020\/12\/EDA.jpg","@id":"https:\/\/www.eldigitaldeasturias.com\/noticias\/recortes-cero-considera-la-dui-una-imposicion-antidemocratica\/#organizationLogo"},"image":{"@id":"https:\/\/www.eldigitaldeasturias.com\/noticias\/recortes-cero-considera-la-dui-una-imposicion-antidemocratica\/#organizationLogo"},"sameAs":["https:\/\/facebook.com\/eldigitaldeasturias","https:\/\/www.youtube.com\/channel\/UCZP-2wLEB9Rv6erhFmqVnvg"],"address":{"@id":"https:\/\/www.eldigitaldeasturias.com\/noticias\/#postaladdress","@type":"PostalAddress","streetAddress":"san antonio 4","postalCode":"33430","addressLocality":"Cand\u00e1s","addressRegion":"Asturias","addressCountry":"ES"}},{"@type":"Person","@id":"https:\/\/www.eldigitaldeasturias.com\/noticias\/author\/admin\/#author","url":"https:\/\/www.eldigitaldeasturias.com\/noticias\/author\/admin\/","name":"El Digital de Asturias","image":{"@type":"ImageObject","@id":"https:\/\/www.eldigitaldeasturias.com\/noticias\/recortes-cero-considera-la-dui-una-imposicion-antidemocratica\/#authorImage","url":"https:\/\/secure.gravatar.com\/avatar\/df2aeffc32bcd13f8d26072ef8a91b623d677766deac7f97ca815868cd41bf5e?s=96&d=mm&r=g","width":96,"height":96,"caption":"El Digital de Asturias"}},{"@type":"WebPage","@id":"https:\/\/www.eldigitaldeasturias.com\/noticias\/recortes-cero-considera-la-dui-una-imposicion-antidemocratica\/#webpage","url":"https:\/\/www.eldigitaldeasturias.com\/noticias\/recortes-cero-considera-la-dui-una-imposicion-antidemocratica\/","name":"Recortes Cero considera la DUI una imposici\u00f3n antidemocr\u00e1tica - El Digital de Asturias","description":"Recortes Cero publica ma\u00f1ana un nuevo manifiesto, uni\u00e9ndose a las voces que piden que no se permita una Declaraci\u00f3n Unilateral de Independencia (DUI) por parte del Govern de la Generalitat, que denuncia la misma como una imposici\u00f3n antidemocr\u00e1tica. Por ello, llaman \"al di\u00e1logo, la negociaci\u00f3n y al entendimiento, como \u00fanica forma de resolver las diferencias,","inLanguage":"es-ES","isPartOf":{"@id":"https:\/\/www.eldigitaldeasturias.com\/noticias\/#website"},"breadcrumb":{"@id":"https:\/\/www.eldigitaldeasturias.com\/noticias\/recortes-cero-considera-la-dui-una-imposicion-antidemocratica\/#breadcrumblist"},"author":{"@id":"https:\/\/www.eldigitaldeasturias.com\/noticias\/author\/admin\/#author"},"creator":{"@id":"https:\/\/www.eldigitaldeasturias.com\/noticias\/author\/admin\/#author"},"image":{"@type":"ImageObject","url":955293,"@id":"https:\/\/www.eldigitaldeasturias.com\/noticias\/recortes-cero-considera-la-dui-una-imposicion-antidemocratica\/#mainImage"},"primaryImageOfPage":{"@id":"https:\/\/www.eldigitaldeasturias.com\/noticias\/recortes-cero-considera-la-dui-una-imposicion-antidemocratica\/#mainImage"},"datePublished":"2017-10-07T18:09:42+02:00","dateModified":"2017-10-07T18:10:02+02:00"},{"@type":"WebSite","@id":"https:\/\/www.eldigitaldeasturias.com\/noticias\/#website","url":"https:\/\/www.eldigitaldeasturias.com\/noticias\/","name":"El Digital de Asturias - Diario de actualidad y noticias","alternateName":"El Digital de Asturias - Diario de actualidad y noticias","description":"Hemeroteca","inLanguage":"es-ES","publisher":{"@id":"https:\/\/www.eldigitaldeasturias.com\/noticias\/#organization"}}]},"og:locale":"es_ES","og:site_name":"El Digital de Asturias","og:type":"article","og:title":"Recortes Cero considera la DUI una imposici\u00f3n antidemocr\u00e1tica - El Digital de Asturias","og:description":"Recortes Cero publica ma\u00f1ana un nuevo manifiesto, uni\u00e9ndose a las voces que piden que no se permita una Declaraci\u00f3n Unilateral de Independencia (DUI) por parte del Govern de la Generalitat, que denuncia la misma como una imposici\u00f3n antidemocr\u00e1tica. Por ello, llaman &quot;al di\u00e1logo, la negociaci\u00f3n y al entendimiento, como \u00fanica forma de resolver las diferencias,","og:url":"https:\/\/www.eldigitaldeasturias.com\/noticias\/recortes-cero-considera-la-dui-una-imposicion-antidemocratica\/","article:tag":["actualidad"],"article:published_time":"2017-10-07T18:09:42+00:00","article:modified_time":"2017-10-07T18:10:02+00:00","article:publisher":"https:\/\/facebook.com\/eldigitaldeasturias","twitter:card":"summary_large_image","twitter:title":"Recortes Cero considera la DUI una imposici\u00f3n antidemocr\u00e1tica - El Digital de Asturias","twitter:description":"Recortes Cero publica ma\u00f1ana un nuevo manifiesto, uni\u00e9ndose a las voces que piden que no se permita una Declaraci\u00f3n Unilateral de Independencia (DUI) por parte del Govern de la Generalitat, que denuncia la misma como una imposici\u00f3n antidemocr\u00e1tica. Por ello, llaman &quot;al di\u00e1logo, la negociaci\u00f3n y al entendimiento, como \u00fanica forma de resolver las diferencias,","twitter:image":"https:\/\/www.eldigitaldeasturias.com\/noticias\/wp-content\/uploads\/2020\/12\/EDA-1.jpg","twitter:label1":"Escrito por","twitter:data1":"El Digital de Asturias","twitter:label2":"Tiempo de lectura estimado","twitter:data2":"2 minutos"},"aioseo_meta_data":{"post_id":"955292","title":null,"description":null,"keywords":null,"keyphrases":null,"primary_term":null,"canonical_url":null,"og_title":null,"og_description":null,"og_object_type":"default","og_image_type":"default","og_image_url":null,"og_image_width":null,"og_image_height":null,"og_image_custom_url":null,"og_image_custom_fields":null,"og_video":null,"og_custom_url":null,"og_article_section":null,"og_article_tags":null,"twitter_use_og":false,"twitter_card":"default","twitter_image_type":"default","twitter_image_url":null,"twitter_image_custom_url":null,"twitter_image_custom_fields":null,"twitter_title":null,"twitter_description":null,"schema":{"blockGraphs":[],"customGraphs":[],"default":{"data":{"Article":[],"Course":[],"Dataset":[],"FAQPage":[],"Movie":[],"Person":[],"Product":[],"ProductReview":[],"Car":[],"Recipe":[],"Service":[],"SoftwareApplication":[],"WebPage":[]},"graphName":"","isEnabled":true},"graphs":[],"defaultGraph":"","defaultPostTypeGraph":""},"schema_type":null,"schema_type_options":null,"pillar_content":false,"robots_default":true,"robots_noindex":false,"robots_noarchive":false,"robots_nosnippet":false,"robots_nofollow":false,"robots_noimageindex":false,"robots_noodp":false,"robots_notranslate":false,"robots_max_snippet":null,"robots_max_videopreview":null,"robots_max_imagepreview":"large","priority":null,"frequency":null,"local_seo":null,"seo_analyzer_scan_date":"2025-12-06 09:31:13","breadcrumb_settings":null,"limit_modified_date":false,"open_ai":null,"ai":null,"created":"2020-12-21 12:56:30","updated":"2025-12-06 09:31:13","focus_keyword":null,"additional_keywords":null,"truseo_locale":null},"aioseo_breadcrumb":"<div class=\"aioseo-breadcrumbs\"><span class=\"aioseo-breadcrumb\">\n\t<a href=\"https:\/\/www.eldigitaldeasturias.com\/noticias\" title=\"Home\">Home<\/a>\n<\/span><span class=\"aioseo-breadcrumb-separator\">\u2013<\/span><span class=\"aioseo-breadcrumb\">\n\t<a href=\"https:\/\/www.eldigitaldeasturias.com\/noticias\/category\/actualidad\/\" title=\"Actualidad\">Actualidad<\/a>\n<\/span><span class=\"aioseo-breadcrumb-separator\">\u2013<\/span><span class=\"aioseo-breadcrumb\">\n\t<a href=\"https:\/\/www.eldigitaldeasturias.com\/noticias\/recortes-cero-considera-la-dui-una-imposicion-antidemocratica\/\" title=\"Recortes Cero considera la DUI una imposici\u00f3n antidemocr\u00e1tica\">Recortes Cero considera la DUI una imposici\u00f3n antidemocr\u00e1tica<\/a>\n<\/span><\/div>","aioseo_breadcrumb_json":[{"label":"Home","link":"https:\/\/www.eldigitaldeasturias.com\/noticias"},{"label":"Actualidad","link":"https:\/\/www.eldigitaldeasturias.com\/noticias\/category\/actualidad\/"},{"label":"Recortes Cero considera la DUI una imposici\u00f3n antidemocr\u00e1tica","link":"https:\/\/www.eldigitaldeasturias.com\/noticias\/recortes-cero-considera-la-dui-una-imposicion-antidemocratica\/"}],"_links":{"self":[{"href":"https:\/\/www.eldigitaldeasturias.com\/noticias\/wp-json\/wp\/v2\/posts\/955292","targetHints":{"allow":["GET"]}}],"collection":[{"href":"https:\/\/www.eldigitaldeasturias.com\/noticias\/wp-json\/wp\/v2\/posts"}],"about":[{"href":"https:\/\/www.eldigitaldeasturias.com\/noticias\/wp-json\/wp\/v2\/types\/post"}],"author":[{"embeddable":true,"href":"https:\/\/www.eldigitaldeasturias.com\/noticias\/wp-json\/wp\/v2\/users\/1"}],"replies":[{"embeddable":true,"href":"https:\/\/www.eldigitaldeasturias.com\/noticias\/wp-json\/wp\/v2\/comments?post=955292"}],"version-history":[{"count":0,"href":"https:\/\/www.eldigitaldeasturias.com\/noticias\/wp-json\/wp\/v2\/posts\/955292\/revisions"}],"wp:attachment":[{"href":"https:\/\/www.eldigitaldeasturias.com\/noticias\/wp-json\/wp\/v2\/media?parent=955292"}],"wp:term":[{"taxonomy":"category","embeddable":true,"href":"https:\/\/www.eldigitaldeasturias.com\/noticias\/wp-json\/wp\/v2\/categories?post=955292"},{"taxonomy":"post_tag","embeddable":true,"href":"https:\/\/www.eldigitaldeasturias.com\/noticias\/wp-json\/wp\/v2\/tags?post=955292"}],"curies":[{"name":"wp","href":"https:\/\/api.w.org\/{rel}","templated":true}]}}