{"id":955271,"date":"2017-10-07T00:05:42","date_gmt":"2017-10-07T00:05:42","guid":{"rendered":"http:\/\/www.eldigitaldeasturias.com\/noticias\/?p=955271"},"modified":"2017-10-07T00:05:42","modified_gmt":"2017-10-07T00:05:42","slug":"ramon-moreno-hay-que-confiar-en-el-gobierno-y-en-rajoy","status":"publish","type":"post","link":"https:\/\/www.eldigitaldeasturias.com\/noticias\/ramon-moreno-hay-que-confiar-en-el-gobierno-y-en-rajoy\/","title":{"rendered":"Ram\u00f3n Moreno: \u00abHay que confiar en el Gobierno y en Rajoy\u00bb"},"content":{"rendered":"<p><img loading=\"lazy\" decoding=\"async\" class=\"alignleft size-medium wp-image-955272\" src=\"https:\/\/www.eldigitaldeasturias.com\/noticias\/wp-content\/uploads\/2017\/10\/ramon_moreno-360x163.jpg\" alt=\"\" width=\"360\" height=\"163\" \/>Moreno valor\u00f3 las \u00faltimas declaraciones del presidente de la Generalidad de Catalu\u00f1a y recalc\u00f3 que, \u201cposiblemente, esta es la situaci\u00f3n m\u00e1s compleja de la democracia espa\u00f1ola\u201d. \u201cEste desaf\u00edo independentista solo tiene un final, y es el fracaso por quienes han echado un pulso a la Constituci\u00f3n, al Estado de Derecho y a la Democracia\u201d. \u201cHoy m\u00e1s que nunca los partidos constitucionalistas debemos estar unidos frente a quienes pretenden romper Espa\u00f1a\u201d Por otra parte reconoci\u00f3 que \u00abno deber\u00edamos confundir la serenidad con la tibieza. Tanto el Gobierno, como el Presidente Rajoy saben perfectamente lo que hay que hacer y lo que es m\u00e1s importante, cuando hay que hacerlo. Las prisas y la sangre caliente son siempre o para los que no gobiernan o para los que desean un desenlace distinto al que todos queremos. Hay que confiar en el Presidente Rajoy que ya demostr\u00f3 ese temple con el rescate y ahora va a conseguir resolver esta situaci\u00f3n tan dif\u00edcil y compleja a la que nos enfrentamos los espa\u00f1oles\u00bb<\/p>\n<p>De la Cal traslad\u00f3 al secretario ejecutivo el apoyo de la colectividad espa\u00f1ola residente en Ecuador al Presidente del Gobierno. \u201cLos espa\u00f1oles residentes en el exterior rechazamos con contundencia el incumplimiento de la Constituci\u00f3n Espa\u00f1ola por parte de los independentistas\u201d.<\/p>\n<p>Adem\u00e1s, organizaron la agenda de la pr\u00f3xima visita a los populares residentes en Quito, Guayaquil y Santo Domingo que llevar\u00e1 a cabo Ram\u00f3n Moreno en el mes de diciembre.<\/p>\n","protected":false},"excerpt":{"rendered":"<p>Moreno valor\u00f3 las \u00faltimas declaraciones del presidente de la Generalidad de Catalu\u00f1a y recalc\u00f3 que, \u201cposiblemente, esta es la situaci\u00f3n m\u00e1s compleja de la democracia espa\u00f1ola\u201d. \u201cEste desaf\u00edo independentista solo tiene un final, y es el fracaso por quienes han echado un pulso a la Constituci\u00f3n, al Estado de Derecho y a la Democracia\u201d. \u201cHoy [&hellip;]<\/p>\n","protected":false},"author":1,"featured_media":955272,"comment_status":"closed","ping_status":"closed","sticky":false,"template":"","format":"standard","meta":{"footnotes":""},"categories":[1],"tags":[],"class_list":["post-955271","post","type-post","status-publish","format-standard","has-post-thumbnail","hentry","category-actualidad"],"aioseo_notices":[],"aioseo_head":"\n\t\t<!-- All in One SEO Pro 5.0.1 - aioseo.com -->\n\t<meta name=\"description\" content=\"Moreno valor\u00f3 las \u00faltimas declaraciones del presidente de la Generalidad de Catalu\u00f1a y recalc\u00f3 que, \u201cposiblemente, esta es la situaci\u00f3n m\u00e1s compleja de la democracia espa\u00f1ola\u201d. \u201cEste desaf\u00edo independentista solo tiene un final, y es el fracaso por quienes han echado un pulso a la Constituci\u00f3n, al Estado de Derecho y a la Democracia\u201d. \u201cHoy\" \/>\n\t<meta name=\"robots\" content=\"max-image-preview:large\" \/>\n\t<meta name=\"author\" content=\"El Digital de Asturias\"\/>\n\t<meta name=\"google-site-verification\" content=\"UA-38556648-1\" \/>\n\t<meta name=\"msvalidate.01\" content=\"7dfe9f3f1b24437ab69f4f2559babe99\" \/>\n\t<meta name=\"keywords\" content=\"actualidad\" \/>\n\t<link rel=\"canonical\" href=\"https:\/\/www.eldigitaldeasturias.com\/noticias\/ramon-moreno-hay-que-confiar-en-el-gobierno-y-en-rajoy\/\" \/>\n\t<meta name=\"generator\" content=\"All in One SEO Pro (AIOSEO) 5.0.1\" \/>\n\t\t<meta property=\"og:locale\" content=\"es_ES\" \/>\n\t\t<meta property=\"og:site_name\" content=\"El Digital de Asturias\" \/>\n\t\t<meta property=\"og:type\" content=\"article\" \/>\n\t\t<meta property=\"og:title\" content=\"Ram\u00f3n Moreno: \u00abHay que confiar en el Gobierno y en Rajoy\u00bb - El Digital de Asturias\" \/>\n\t\t<meta property=\"og:description\" content=\"Moreno valor\u00f3 las \u00faltimas declaraciones del presidente de la Generalidad de Catalu\u00f1a y recalc\u00f3 que, \u201cposiblemente, esta es la situaci\u00f3n m\u00e1s compleja de la democracia espa\u00f1ola\u201d. \u201cEste desaf\u00edo independentista solo tiene un final, y es el fracaso por quienes han echado un pulso a la Constituci\u00f3n, al Estado de Derecho y a la Democracia\u201d. \u201cHoy\" \/>\n\t\t<meta property=\"og:url\" content=\"https:\/\/www.eldigitaldeasturias.com\/noticias\/ramon-moreno-hay-que-confiar-en-el-gobierno-y-en-rajoy\/\" \/>\n\t\t<meta property=\"article:tag\" content=\"actualidad\" \/>\n\t\t<meta property=\"article:published_time\" content=\"2017-10-07T00:05:42+00:00\" \/>\n\t\t<meta property=\"article:modified_time\" content=\"2017-10-07T00:05:42+00:00\" \/>\n\t\t<meta property=\"article:publisher\" content=\"https:\/\/facebook.com\/eldigitaldeasturias\" \/>\n\t\t<meta name=\"twitter:card\" content=\"summary_large_image\" \/>\n\t\t<meta name=\"twitter:title\" content=\"Ram\u00f3n Moreno: \u00abHay que confiar en el Gobierno y en Rajoy\u00bb - El Digital de Asturias\" \/>\n\t\t<meta name=\"twitter:description\" content=\"Moreno valor\u00f3 las \u00faltimas declaraciones del presidente de la Generalidad de Catalu\u00f1a y recalc\u00f3 que, \u201cposiblemente, esta es la situaci\u00f3n m\u00e1s compleja de la democracia espa\u00f1ola\u201d. \u201cEste desaf\u00edo independentista solo tiene un final, y es el fracaso por quienes han echado un pulso a la Constituci\u00f3n, al Estado de Derecho y a la Democracia\u201d. \u201cHoy\" \/>\n\t\t<meta name=\"twitter:image\" content=\"https:\/\/www.eldigitaldeasturias.com\/noticias\/wp-content\/uploads\/2020\/12\/EDA-1.jpg\" \/>\n\t\t<meta name=\"twitter:label1\" content=\"Escrito por\" \/>\n\t\t<meta name=\"twitter:data1\" content=\"El Digital de Asturias\" \/>\n\t\t<meta name=\"twitter:label2\" content=\"Tiempo de lectura estimado\" \/>\n\t\t<meta name=\"twitter:data2\" content=\"1 minuto\" \/>\n\t\t<script type=\"application\/ld+json\" class=\"aioseo-schema\">\n\t\t\t{\"@context\":\"https:\\\/\\\/schema.org\",\"@graph\":[{\"@type\":\"BlogPosting\",\"@id\":\"https:\\\/\\\/www.eldigitaldeasturias.com\\\/noticias\\\/ramon-moreno-hay-que-confiar-en-el-gobierno-y-en-rajoy\\\/#blogposting\",\"name\":\"Ram\\u00f3n Moreno: \\u00abHay que confiar en el Gobierno y en Rajoy\\u00bb - El Digital de Asturias\",\"headline\":\"Ram\\u00f3n Moreno: \\u00abHay que confiar en el Gobierno y en Rajoy\\u00bb\",\"author\":{\"@id\":\"https:\\\/\\\/www.eldigitaldeasturias.com\\\/noticias\\\/author\\\/admin\\\/#author\"},\"publisher\":{\"@id\":\"https:\\\/\\\/www.eldigitaldeasturias.com\\\/noticias\\\/#organization\"},\"image\":{\"@type\":\"ImageObject\",\"url\":955272},\"datePublished\":\"2017-10-07T00:05:42+02:00\",\"dateModified\":\"2017-10-07T00:05:42+02:00\",\"inLanguage\":\"es-ES\",\"mainEntityOfPage\":{\"@id\":\"https:\\\/\\\/www.eldigitaldeasturias.com\\\/noticias\\\/ramon-moreno-hay-que-confiar-en-el-gobierno-y-en-rajoy\\\/#webpage\"},\"isPartOf\":{\"@id\":\"https:\\\/\\\/www.eldigitaldeasturias.com\\\/noticias\\\/ramon-moreno-hay-que-confiar-en-el-gobierno-y-en-rajoy\\\/#webpage\"},\"articleSection\":\"Actualidad\"},{\"@type\":\"BreadcrumbList\",\"@id\":\"https:\\\/\\\/www.eldigitaldeasturias.com\\\/noticias\\\/ramon-moreno-hay-que-confiar-en-el-gobierno-y-en-rajoy\\\/#breadcrumblist\",\"itemListElement\":[{\"@type\":\"ListItem\",\"@id\":\"https:\\\/\\\/www.eldigitaldeasturias.com\\\/noticias#listItem\",\"position\":1,\"name\":\"Home\",\"item\":\"https:\\\/\\\/www.eldigitaldeasturias.com\\\/noticias\",\"nextItem\":{\"@type\":\"ListItem\",\"@id\":\"https:\\\/\\\/www.eldigitaldeasturias.com\\\/noticias\\\/category\\\/actualidad\\\/#listItem\",\"name\":\"Actualidad\"}},{\"@type\":\"ListItem\",\"@id\":\"https:\\\/\\\/www.eldigitaldeasturias.com\\\/noticias\\\/category\\\/actualidad\\\/#listItem\",\"position\":2,\"name\":\"Actualidad\",\"item\":\"https:\\\/\\\/www.eldigitaldeasturias.com\\\/noticias\\\/category\\\/actualidad\\\/\",\"nextItem\":{\"@type\":\"ListItem\",\"@id\":\"https:\\\/\\\/www.eldigitaldeasturias.com\\\/noticias\\\/ramon-moreno-hay-que-confiar-en-el-gobierno-y-en-rajoy\\\/#listItem\",\"name\":\"Ram\\u00f3n Moreno: \\u00abHay que confiar en el Gobierno y en Rajoy\\u00bb\"},\"previousItem\":{\"@type\":\"ListItem\",\"@id\":\"https:\\\/\\\/www.eldigitaldeasturias.com\\\/noticias#listItem\",\"name\":\"Home\"}},{\"@type\":\"ListItem\",\"@id\":\"https:\\\/\\\/www.eldigitaldeasturias.com\\\/noticias\\\/ramon-moreno-hay-que-confiar-en-el-gobierno-y-en-rajoy\\\/#listItem\",\"position\":3,\"name\":\"Ram\\u00f3n Moreno: \\u00abHay que confiar en el Gobierno y en Rajoy\\u00bb\",\"previousItem\":{\"@type\":\"ListItem\",\"@id\":\"https:\\\/\\\/www.eldigitaldeasturias.com\\\/noticias\\\/category\\\/actualidad\\\/#listItem\",\"name\":\"Actualidad\"}}]},{\"@type\":\"Organization\",\"@id\":\"https:\\\/\\\/www.eldigitaldeasturias.com\\\/noticias\\\/#organization\",\"name\":\"El Digital de Asturias\",\"description\":\"Hemeroteca\",\"url\":\"https:\\\/\\\/www.eldigitaldeasturias.com\\\/noticias\\\/\",\"email\":\"info@eldigitaldeasturias.com\",\"telephone\":\"+34652131393\",\"logo\":{\"@type\":\"ImageObject\",\"url\":\"https:\\\/\\\/www.eldigitaldeasturias.com\\\/noticias\\\/wp-content\\\/uploads\\\/2020\\\/12\\\/EDA.jpg\",\"@id\":\"https:\\\/\\\/www.eldigitaldeasturias.com\\\/noticias\\\/ramon-moreno-hay-que-confiar-en-el-gobierno-y-en-rajoy\\\/#organizationLogo\"},\"image\":{\"@id\":\"https:\\\/\\\/www.eldigitaldeasturias.com\\\/noticias\\\/ramon-moreno-hay-que-confiar-en-el-gobierno-y-en-rajoy\\\/#organizationLogo\"},\"sameAs\":[\"https:\\\/\\\/facebook.com\\\/eldigitaldeasturias\",\"https:\\\/\\\/www.youtube.com\\\/channel\\\/UCZP-2wLEB9Rv6erhFmqVnvg\"],\"address\":{\"@id\":\"https:\\\/\\\/www.eldigitaldeasturias.com\\\/noticias\\\/#postaladdress\",\"@type\":\"PostalAddress\",\"streetAddress\":\"san antonio 4\",\"postalCode\":\"33430\",\"addressLocality\":\"Cand\\u00e1s\",\"addressRegion\":\"Asturias\",\"addressCountry\":\"ES\"}},{\"@type\":\"Person\",\"@id\":\"https:\\\/\\\/www.eldigitaldeasturias.com\\\/noticias\\\/author\\\/admin\\\/#author\",\"url\":\"https:\\\/\\\/www.eldigitaldeasturias.com\\\/noticias\\\/author\\\/admin\\\/\",\"name\":\"El Digital de Asturias\",\"image\":{\"@type\":\"ImageObject\",\"@id\":\"https:\\\/\\\/www.eldigitaldeasturias.com\\\/noticias\\\/ramon-moreno-hay-que-confiar-en-el-gobierno-y-en-rajoy\\\/#authorImage\",\"url\":\"https:\\\/\\\/secure.gravatar.com\\\/avatar\\\/df2aeffc32bcd13f8d26072ef8a91b623d677766deac7f97ca815868cd41bf5e?s=96&d=mm&r=g\",\"width\":96,\"height\":96,\"caption\":\"El Digital de Asturias\"}},{\"@type\":\"WebPage\",\"@id\":\"https:\\\/\\\/www.eldigitaldeasturias.com\\\/noticias\\\/ramon-moreno-hay-que-confiar-en-el-gobierno-y-en-rajoy\\\/#webpage\",\"url\":\"https:\\\/\\\/www.eldigitaldeasturias.com\\\/noticias\\\/ramon-moreno-hay-que-confiar-en-el-gobierno-y-en-rajoy\\\/\",\"name\":\"Ram\\u00f3n Moreno: \\u00abHay que confiar en el Gobierno y en Rajoy\\u00bb - El Digital de Asturias\",\"description\":\"Moreno valor\\u00f3 las \\u00faltimas declaraciones del presidente de la Generalidad de Catalu\\u00f1a y recalc\\u00f3 que, \\u201cposiblemente, esta es la situaci\\u00f3n m\\u00e1s compleja de la democracia espa\\u00f1ola\\u201d. \\u201cEste desaf\\u00edo independentista solo tiene un final, y es el fracaso por quienes han echado un pulso a la Constituci\\u00f3n, al Estado de Derecho y a la Democracia\\u201d. \\u201cHoy\",\"inLanguage\":\"es-ES\",\"isPartOf\":{\"@id\":\"https:\\\/\\\/www.eldigitaldeasturias.com\\\/noticias\\\/#website\"},\"breadcrumb\":{\"@id\":\"https:\\\/\\\/www.eldigitaldeasturias.com\\\/noticias\\\/ramon-moreno-hay-que-confiar-en-el-gobierno-y-en-rajoy\\\/#breadcrumblist\"},\"author\":{\"@id\":\"https:\\\/\\\/www.eldigitaldeasturias.com\\\/noticias\\\/author\\\/admin\\\/#author\"},\"creator\":{\"@id\":\"https:\\\/\\\/www.eldigitaldeasturias.com\\\/noticias\\\/author\\\/admin\\\/#author\"},\"image\":{\"@type\":\"ImageObject\",\"url\":955272,\"@id\":\"https:\\\/\\\/www.eldigitaldeasturias.com\\\/noticias\\\/ramon-moreno-hay-que-confiar-en-el-gobierno-y-en-rajoy\\\/#mainImage\"},\"primaryImageOfPage\":{\"@id\":\"https:\\\/\\\/www.eldigitaldeasturias.com\\\/noticias\\\/ramon-moreno-hay-que-confiar-en-el-gobierno-y-en-rajoy\\\/#mainImage\"},\"datePublished\":\"2017-10-07T00:05:42+02:00\",\"dateModified\":\"2017-10-07T00:05:42+02:00\"},{\"@type\":\"WebSite\",\"@id\":\"https:\\\/\\\/www.eldigitaldeasturias.com\\\/noticias\\\/#website\",\"url\":\"https:\\\/\\\/www.eldigitaldeasturias.com\\\/noticias\\\/\",\"name\":\"El Digital de Asturias - Diario de actualidad y noticias\",\"alternateName\":\"El Digital de Asturias - Diario de actualidad y noticias\",\"description\":\"Hemeroteca\",\"inLanguage\":\"es-ES\",\"publisher\":{\"@id\":\"https:\\\/\\\/www.eldigitaldeasturias.com\\\/noticias\\\/#organization\"}}]}\n\t\t<\/script>\n\t\t<!-- All in One SEO Pro -->\r\n\t\t<title>Ram\u00f3n Moreno: \u00abHay que confiar en el Gobierno y en Rajoy\u00bb - El Digital de Asturias<\/title>\n\n","aioseo_head_json":{"title":"Ram\u00f3n Moreno: \u00abHay que confiar en el Gobierno y en Rajoy\u00bb - El Digital de Asturias","description":"Moreno valor\u00f3 las \u00faltimas declaraciones del presidente de la Generalidad de Catalu\u00f1a y recalc\u00f3 que, \u201cposiblemente, esta es la situaci\u00f3n m\u00e1s compleja de la democracia espa\u00f1ola\u201d. \u201cEste desaf\u00edo independentista solo tiene un final, y es el fracaso por quienes han echado un pulso a la Constituci\u00f3n, al Estado de Derecho y a la Democracia\u201d. \u201cHoy","canonical_url":"https:\/\/www.eldigitaldeasturias.com\/noticias\/ramon-moreno-hay-que-confiar-en-el-gobierno-y-en-rajoy\/","robots":"max-image-preview:large","keywords":"actualidad","webmasterTools":{"google-site-verification":"UA-38556648-1","msvalidate.01":"7dfe9f3f1b24437ab69f4f2559babe99","miscellaneous":""},"schema":{"@context":"https:\/\/schema.org","@graph":[{"@type":"BlogPosting","@id":"https:\/\/www.eldigitaldeasturias.com\/noticias\/ramon-moreno-hay-que-confiar-en-el-gobierno-y-en-rajoy\/#blogposting","name":"Ram\u00f3n Moreno: \u00abHay que confiar en el Gobierno y en Rajoy\u00bb - El Digital de Asturias","headline":"Ram\u00f3n Moreno: \u00abHay que confiar en el Gobierno y en Rajoy\u00bb","author":{"@id":"https:\/\/www.eldigitaldeasturias.com\/noticias\/author\/admin\/#author"},"publisher":{"@id":"https:\/\/www.eldigitaldeasturias.com\/noticias\/#organization"},"image":{"@type":"ImageObject","url":955272},"datePublished":"2017-10-07T00:05:42+02:00","dateModified":"2017-10-07T00:05:42+02:00","inLanguage":"es-ES","mainEntityOfPage":{"@id":"https:\/\/www.eldigitaldeasturias.com\/noticias\/ramon-moreno-hay-que-confiar-en-el-gobierno-y-en-rajoy\/#webpage"},"isPartOf":{"@id":"https:\/\/www.eldigitaldeasturias.com\/noticias\/ramon-moreno-hay-que-confiar-en-el-gobierno-y-en-rajoy\/#webpage"},"articleSection":"Actualidad"},{"@type":"BreadcrumbList","@id":"https:\/\/www.eldigitaldeasturias.com\/noticias\/ramon-moreno-hay-que-confiar-en-el-gobierno-y-en-rajoy\/#breadcrumblist","itemListElement":[{"@type":"ListItem","@id":"https:\/\/www.eldigitaldeasturias.com\/noticias#listItem","position":1,"name":"Home","item":"https:\/\/www.eldigitaldeasturias.com\/noticias","nextItem":{"@type":"ListItem","@id":"https:\/\/www.eldigitaldeasturias.com\/noticias\/category\/actualidad\/#listItem","name":"Actualidad"}},{"@type":"ListItem","@id":"https:\/\/www.eldigitaldeasturias.com\/noticias\/category\/actualidad\/#listItem","position":2,"name":"Actualidad","item":"https:\/\/www.eldigitaldeasturias.com\/noticias\/category\/actualidad\/","nextItem":{"@type":"ListItem","@id":"https:\/\/www.eldigitaldeasturias.com\/noticias\/ramon-moreno-hay-que-confiar-en-el-gobierno-y-en-rajoy\/#listItem","name":"Ram\u00f3n Moreno: \u00abHay que confiar en el Gobierno y en Rajoy\u00bb"},"previousItem":{"@type":"ListItem","@id":"https:\/\/www.eldigitaldeasturias.com\/noticias#listItem","name":"Home"}},{"@type":"ListItem","@id":"https:\/\/www.eldigitaldeasturias.com\/noticias\/ramon-moreno-hay-que-confiar-en-el-gobierno-y-en-rajoy\/#listItem","position":3,"name":"Ram\u00f3n Moreno: \u00abHay que confiar en el Gobierno y en Rajoy\u00bb","previousItem":{"@type":"ListItem","@id":"https:\/\/www.eldigitaldeasturias.com\/noticias\/category\/actualidad\/#listItem","name":"Actualidad"}}]},{"@type":"Organization","@id":"https:\/\/www.eldigitaldeasturias.com\/noticias\/#organization","name":"El Digital de Asturias","description":"Hemeroteca","url":"https:\/\/www.eldigitaldeasturias.com\/noticias\/","email":"info@eldigitaldeasturias.com","telephone":"+34652131393","logo":{"@type":"ImageObject","url":"https:\/\/www.eldigitaldeasturias.com\/noticias\/wp-content\/uploads\/2020\/12\/EDA.jpg","@id":"https:\/\/www.eldigitaldeasturias.com\/noticias\/ramon-moreno-hay-que-confiar-en-el-gobierno-y-en-rajoy\/#organizationLogo"},"image":{"@id":"https:\/\/www.eldigitaldeasturias.com\/noticias\/ramon-moreno-hay-que-confiar-en-el-gobierno-y-en-rajoy\/#organizationLogo"},"sameAs":["https:\/\/facebook.com\/eldigitaldeasturias","https:\/\/www.youtube.com\/channel\/UCZP-2wLEB9Rv6erhFmqVnvg"],"address":{"@id":"https:\/\/www.eldigitaldeasturias.com\/noticias\/#postaladdress","@type":"PostalAddress","streetAddress":"san antonio 4","postalCode":"33430","addressLocality":"Cand\u00e1s","addressRegion":"Asturias","addressCountry":"ES"}},{"@type":"Person","@id":"https:\/\/www.eldigitaldeasturias.com\/noticias\/author\/admin\/#author","url":"https:\/\/www.eldigitaldeasturias.com\/noticias\/author\/admin\/","name":"El Digital de Asturias","image":{"@type":"ImageObject","@id":"https:\/\/www.eldigitaldeasturias.com\/noticias\/ramon-moreno-hay-que-confiar-en-el-gobierno-y-en-rajoy\/#authorImage","url":"https:\/\/secure.gravatar.com\/avatar\/df2aeffc32bcd13f8d26072ef8a91b623d677766deac7f97ca815868cd41bf5e?s=96&d=mm&r=g","width":96,"height":96,"caption":"El Digital de Asturias"}},{"@type":"WebPage","@id":"https:\/\/www.eldigitaldeasturias.com\/noticias\/ramon-moreno-hay-que-confiar-en-el-gobierno-y-en-rajoy\/#webpage","url":"https:\/\/www.eldigitaldeasturias.com\/noticias\/ramon-moreno-hay-que-confiar-en-el-gobierno-y-en-rajoy\/","name":"Ram\u00f3n Moreno: \u00abHay que confiar en el Gobierno y en Rajoy\u00bb - El Digital de Asturias","description":"Moreno valor\u00f3 las \u00faltimas declaraciones del presidente de la Generalidad de Catalu\u00f1a y recalc\u00f3 que, \u201cposiblemente, esta es la situaci\u00f3n m\u00e1s compleja de la democracia espa\u00f1ola\u201d. \u201cEste desaf\u00edo independentista solo tiene un final, y es el fracaso por quienes han echado un pulso a la Constituci\u00f3n, al Estado de Derecho y a la Democracia\u201d. \u201cHoy","inLanguage":"es-ES","isPartOf":{"@id":"https:\/\/www.eldigitaldeasturias.com\/noticias\/#website"},"breadcrumb":{"@id":"https:\/\/www.eldigitaldeasturias.com\/noticias\/ramon-moreno-hay-que-confiar-en-el-gobierno-y-en-rajoy\/#breadcrumblist"},"author":{"@id":"https:\/\/www.eldigitaldeasturias.com\/noticias\/author\/admin\/#author"},"creator":{"@id":"https:\/\/www.eldigitaldeasturias.com\/noticias\/author\/admin\/#author"},"image":{"@type":"ImageObject","url":955272,"@id":"https:\/\/www.eldigitaldeasturias.com\/noticias\/ramon-moreno-hay-que-confiar-en-el-gobierno-y-en-rajoy\/#mainImage"},"primaryImageOfPage":{"@id":"https:\/\/www.eldigitaldeasturias.com\/noticias\/ramon-moreno-hay-que-confiar-en-el-gobierno-y-en-rajoy\/#mainImage"},"datePublished":"2017-10-07T00:05:42+02:00","dateModified":"2017-10-07T00:05:42+02:00"},{"@type":"WebSite","@id":"https:\/\/www.eldigitaldeasturias.com\/noticias\/#website","url":"https:\/\/www.eldigitaldeasturias.com\/noticias\/","name":"El Digital de Asturias - Diario de actualidad y noticias","alternateName":"El Digital de Asturias - Diario de actualidad y noticias","description":"Hemeroteca","inLanguage":"es-ES","publisher":{"@id":"https:\/\/www.eldigitaldeasturias.com\/noticias\/#organization"}}]},"og:locale":"es_ES","og:site_name":"El Digital de Asturias","og:type":"article","og:title":"Ram\u00f3n Moreno: \u00abHay que confiar en el Gobierno y en Rajoy\u00bb - El Digital de Asturias","og:description":"Moreno valor\u00f3 las \u00faltimas declaraciones del presidente de la Generalidad de Catalu\u00f1a y recalc\u00f3 que, \u201cposiblemente, esta es la situaci\u00f3n m\u00e1s compleja de la democracia espa\u00f1ola\u201d. \u201cEste desaf\u00edo independentista solo tiene un final, y es el fracaso por quienes han echado un pulso a la Constituci\u00f3n, al Estado de Derecho y a la Democracia\u201d. \u201cHoy","og:url":"https:\/\/www.eldigitaldeasturias.com\/noticias\/ramon-moreno-hay-que-confiar-en-el-gobierno-y-en-rajoy\/","article:tag":["actualidad"],"article:published_time":"2017-10-07T00:05:42+00:00","article:modified_time":"2017-10-07T00:05:42+00:00","article:publisher":"https:\/\/facebook.com\/eldigitaldeasturias","twitter:card":"summary_large_image","twitter:title":"Ram\u00f3n Moreno: \u00abHay que confiar en el Gobierno y en Rajoy\u00bb - El Digital de Asturias","twitter:description":"Moreno valor\u00f3 las \u00faltimas declaraciones del presidente de la Generalidad de Catalu\u00f1a y recalc\u00f3 que, \u201cposiblemente, esta es la situaci\u00f3n m\u00e1s compleja de la democracia espa\u00f1ola\u201d. \u201cEste desaf\u00edo independentista solo tiene un final, y es el fracaso por quienes han echado un pulso a la Constituci\u00f3n, al Estado de Derecho y a la Democracia\u201d. \u201cHoy","twitter:image":"https:\/\/www.eldigitaldeasturias.com\/noticias\/wp-content\/uploads\/2020\/12\/EDA-1.jpg","twitter:label1":"Escrito por","twitter:data1":"El Digital de Asturias","twitter:label2":"Tiempo de lectura estimado","twitter:data2":"1 minuto"},"aioseo_meta_data":{"post_id":"955271","title":null,"description":null,"keywords":null,"keyphrases":null,"primary_term":null,"canonical_url":null,"og_title":null,"og_description":null,"og_object_type":"default","og_image_type":"default","og_image_url":null,"og_image_width":null,"og_image_height":null,"og_image_custom_url":null,"og_image_custom_fields":null,"og_video":null,"og_custom_url":null,"og_article_section":null,"og_article_tags":null,"twitter_use_og":false,"twitter_card":"default","twitter_image_type":"default","twitter_image_url":null,"twitter_image_custom_url":null,"twitter_image_custom_fields":null,"twitter_title":null,"twitter_description":null,"schema":{"blockGraphs":[],"customGraphs":[],"default":{"data":{"Article":[],"Course":[],"Dataset":[],"FAQPage":[],"Movie":[],"Person":[],"Product":[],"ProductReview":[],"Car":[],"Recipe":[],"Service":[],"SoftwareApplication":[],"WebPage":[]},"graphName":"","isEnabled":true},"graphs":[]},"schema_type":null,"schema_type_options":null,"pillar_content":false,"robots_default":true,"robots_noindex":false,"robots_noarchive":false,"robots_nosnippet":false,"robots_nofollow":false,"robots_noimageindex":false,"robots_noodp":false,"robots_notranslate":false,"robots_max_snippet":null,"robots_max_videopreview":null,"robots_max_imagepreview":"large","priority":null,"frequency":null,"local_seo":null,"seo_analyzer_scan_date":"2025-12-06 09:27:08","breadcrumb_settings":null,"limit_modified_date":false,"open_ai":null,"ai":null,"created":"2020-12-21 12:56:31","updated":"2025-12-06 09:27:08","focus_keyword":null,"additional_keywords":null,"truseo_locale":null},"aioseo_breadcrumb":"<div class=\"aioseo-breadcrumbs\"><span class=\"aioseo-breadcrumb\">\n\t<a href=\"https:\/\/www.eldigitaldeasturias.com\/noticias\" title=\"Home\">Home<\/a>\n<\/span><span class=\"aioseo-breadcrumb-separator\">\u2013<\/span><span class=\"aioseo-breadcrumb\">\n\t<a href=\"https:\/\/www.eldigitaldeasturias.com\/noticias\/category\/actualidad\/\" title=\"Actualidad\">Actualidad<\/a>\n<\/span><span class=\"aioseo-breadcrumb-separator\">\u2013<\/span><span class=\"aioseo-breadcrumb\">\n\t<a href=\"https:\/\/www.eldigitaldeasturias.com\/noticias\/ramon-moreno-hay-que-confiar-en-el-gobierno-y-en-rajoy\/\" title=\"Ram\u00f3n Moreno: \u00abHay que confiar en el Gobierno y en Rajoy\u00bb\">Ram\u00f3n Moreno: \u00abHay que confiar en el Gobierno y en Rajoy\u00bb<\/a>\n<\/span><\/div>","aioseo_breadcrumb_json":[{"label":"Home","link":"https:\/\/www.eldigitaldeasturias.com\/noticias"},{"label":"Actualidad","link":"https:\/\/www.eldigitaldeasturias.com\/noticias\/category\/actualidad\/"},{"label":"Ram\u00f3n Moreno: \u00abHay que confiar en el Gobierno y en Rajoy\u00bb","link":"https:\/\/www.eldigitaldeasturias.com\/noticias\/ramon-moreno-hay-que-confiar-en-el-gobierno-y-en-rajoy\/"}],"_links":{"self":[{"href":"https:\/\/www.eldigitaldeasturias.com\/noticias\/wp-json\/wp\/v2\/posts\/955271","targetHints":{"allow":["GET"]}}],"collection":[{"href":"https:\/\/www.eldigitaldeasturias.com\/noticias\/wp-json\/wp\/v2\/posts"}],"about":[{"href":"https:\/\/www.eldigitaldeasturias.com\/noticias\/wp-json\/wp\/v2\/types\/post"}],"author":[{"embeddable":true,"href":"https:\/\/www.eldigitaldeasturias.com\/noticias\/wp-json\/wp\/v2\/users\/1"}],"replies":[{"embeddable":true,"href":"https:\/\/www.eldigitaldeasturias.com\/noticias\/wp-json\/wp\/v2\/comments?post=955271"}],"version-history":[{"count":0,"href":"https:\/\/www.eldigitaldeasturias.com\/noticias\/wp-json\/wp\/v2\/posts\/955271\/revisions"}],"wp:attachment":[{"href":"https:\/\/www.eldigitaldeasturias.com\/noticias\/wp-json\/wp\/v2\/media?parent=955271"}],"wp:term":[{"taxonomy":"category","embeddable":true,"href":"https:\/\/www.eldigitaldeasturias.com\/noticias\/wp-json\/wp\/v2\/categories?post=955271"},{"taxonomy":"post_tag","embeddable":true,"href":"https:\/\/www.eldigitaldeasturias.com\/noticias\/wp-json\/wp\/v2\/tags?post=955271"}],"curies":[{"name":"wp","href":"https:\/\/api.w.org\/{rel}","templated":true}]}}