{"id":955268,"date":"2017-10-07T00:04:01","date_gmt":"2017-10-07T00:04:01","guid":{"rendered":"http:\/\/www.eldigitaldeasturias.com\/noticias\/?p=955268"},"modified":"2017-10-07T00:04:01","modified_gmt":"2017-10-07T00:04:01","slug":"rafael-hernando-han-pasado-del-espana-nos-roba-al-espana-nos-pega","status":"publish","type":"post","link":"https:\/\/www.eldigitaldeasturias.com\/noticias\/rafael-hernando-han-pasado-del-espana-nos-roba-al-espana-nos-pega\/","title":{"rendered":"Rafael Hernando: \u201cHan pasado del Espa\u00f1a nos roba al Espa\u00f1a nos pega\u00bb"},"content":{"rendered":"<p><img loading=\"lazy\" decoding=\"async\" class=\"alignleft size-medium wp-image-955269\" src=\"https:\/\/www.eldigitaldeasturias.com\/noticias\/wp-content\/uploads\/2017\/10\/hernando_0-360x163.jpg\" alt=\"\" width=\"360\" height=\"163\" \/>El portavoz del Grupo Parlamentario Popular en el Congreso de los Diputados ha asegurado en el Desayuno Informativo-Andaluc\u00eda de Europa Press, que Espa\u00f1a se enfrenta hoy a uno de los mayores desaf\u00edos de la historia reciente.<\/p>\n<p>El portavoz del GPP en el Congreso, ha empezado alabando a Juanma Moreno por el excelente trabajo que est\u00e1 haciendo al frente del PP de Andaluc\u00eda, asegurando que, \u201cesta necesita un Gobierno que defienda los intereses de los andaluces\u201d.<\/p>\n<p><strong>CATALU\u00d1A<\/strong><\/p>\n<p>Entrando en materia, Hernando asegura que \u201cdesde el golpe del 23-F, no viv\u00edamos una situaci\u00f3n que pretend\u00eda romper nuestra unidad, nuestra democracia\u201d. Durante su discurso ha subrayado que asistimos a la ruptura de la concordia en el Parlament de Catalu\u00f1a cuando se aprobaron dos leyes ilegales. En este sentido, explica que fue la propia Junta Electoral la que manifest\u00f3 este mi\u00e9rcoles que lo que ocurri\u00f3 el 1 de octubre no puede considerarse un refer\u00e9ndum, \u201cporque la persona que la convoc\u00f3 no era competente y porque el objeto era inconstitucional y con falta de garant\u00edas\u201d.<\/p>\n<p>Adem\u00e1s, Hernando ha explicado que fueron algunas las personas que quisieron insinuar que fue esta una historia \u00e9pica e igualmente, lamenta haber tenido que escuchar a la alcaldesa decir que las FCSE hab\u00edan cometido agresiones sexuales. Por todo ello, recuerda que el Grupo Parlamentario Popular ha presentado una propuesta en el Congreso para defender a las fuerzas del orden y \u201ca los verdaderos h\u00e9roes en Catalu\u00f1a que son los que no decidieron participar en ese pucherazo\u201d.<\/p>\n<p>As\u00ed, afirma que \u201clos \u00fanicos responsables de lo sucedido son sencillamente los que pusieron en marcha y atentaron contra la unidad de Espa\u00f1a. Lo \u00fanico que han conseguido es dividir m\u00e1s a la sociedad catalana y empobrecerla, como hemos visto estos d\u00edas cuando las entidades catalanas han decidido irse\u201d. En este punto ha pedido a los miembros de la Generalitat que dejen sus cargos y convoquen unas elecciones de verdad, adem\u00e1s de recordar que el Gobierno de Espa\u00f1a y Mariano Rajoy est\u00e1 con todos los catalanes y el resto de espa\u00f1oles.<\/p>\n<p><strong>REFORMAS DEL GOBIERNO<\/strong><\/p>\n<p>De igual forma, ha insistido en la idea de que \u201choy nadie duda, que el Gobierno, en circunstancias muy dif\u00edciles, ha logrado enderezar la situaci\u00f3n econ\u00f3mica, situando a Espa\u00f1a entre los pa\u00edses m\u00e1s desarrollados en crecimiento econ\u00f3mico y de empleo. \u201cNuestras reformas han funcionado porque recuperamos el empleo indefinido, tenemos exportaciones r\u00e9cord y millones de espa\u00f1oles afrontan un futuro mucho m\u00e1s esperanzador. Si seguimos por este camino tendremos a 20 millones de espa\u00f1oles trabajando en 2020\u201d, ha declarado.<\/p>\n<p><strong>ANDALUC\u00cdA<\/strong><\/p>\n<p>Durante el Desayuno Informativo, Hernando ha querido tener tambi\u00e9n unas palabras para Juan Manuel Moreno, Andaluc\u00eda y Almer\u00eda. Dice estar convencido de que Almer\u00eda siempre ha estado a la vanguardia de la innovaci\u00f3n y que sus ciudadanos siempre han contado con gran talento e iniciativa. Asegura que en la provincia el paro ha ca\u00eddo dr\u00e1sticamente aunque sigue siendo alto y que hay 200 empresas nuevas m\u00e1s \u201cque cuando llegamos al Gobierno\u201d. A\u00f1ade que las exportaciones contin\u00faan aumentando a\u00f1o tras a\u00f1o y que se prev\u00e9 que el AVE termine llegando a Almer\u00eda en 2023.<\/p>\n<p>Asimismo, el portavoz popular ha criticado al PSOE andaluz, ya que seg\u00fan opina, \u201chan llevado a la tasa del paro y tasa de riesgo de pobreza a incrementarse de forma considerable\u201d. Finalmente y en alusi\u00f3n a la reducci\u00f3n del impuesto de sucesiones llevada a cabo por la Junta de Andaluc\u00eda, Hernando asegura que ha sido m\u00e9rito de Juan Manuel Moreno y su lucha constante para eliminarlo.<\/p>\n<p>&nbsp;<\/p>\n","protected":false},"excerpt":{"rendered":"<p>El portavoz del Grupo Parlamentario Popular en el Congreso de los Diputados ha asegurado en el Desayuno Informativo-Andaluc\u00eda de Europa Press, que Espa\u00f1a se enfrenta hoy a uno de los mayores desaf\u00edos de la historia reciente. El portavoz del GPP en el Congreso, ha empezado alabando a Juanma Moreno por el excelente trabajo que est\u00e1 [&hellip;]<\/p>\n","protected":false},"author":1,"featured_media":955269,"comment_status":"closed","ping_status":"closed","sticky":false,"template":"","format":"standard","meta":{"footnotes":""},"categories":[1],"tags":[],"class_list":["post-955268","post","type-post","status-publish","format-standard","has-post-thumbnail","hentry","category-actualidad"],"aioseo_notices":[],"aioseo_head":"\n\t\t<!-- All in One SEO Pro 5.0.1 - aioseo.com -->\n\t<meta name=\"description\" content=\"El portavoz del Grupo Parlamentario Popular en el Congreso de los Diputados ha asegurado en el Desayuno Informativo-Andaluc\u00eda de Europa Press, que Espa\u00f1a se enfrenta hoy a uno de los mayores desaf\u00edos de la historia reciente. El portavoz del GPP en el Congreso, ha empezado alabando a Juanma Moreno por el excelente trabajo que est\u00e1\" \/>\n\t<meta name=\"robots\" content=\"max-image-preview:large\" \/>\n\t<meta name=\"author\" content=\"El Digital de Asturias\"\/>\n\t<meta name=\"google-site-verification\" content=\"UA-38556648-1\" \/>\n\t<meta name=\"msvalidate.01\" content=\"7dfe9f3f1b24437ab69f4f2559babe99\" \/>\n\t<meta name=\"keywords\" content=\"actualidad\" \/>\n\t<link rel=\"canonical\" href=\"https:\/\/www.eldigitaldeasturias.com\/noticias\/rafael-hernando-han-pasado-del-espana-nos-roba-al-espana-nos-pega\/\" \/>\n\t<meta name=\"generator\" content=\"All in One SEO Pro (AIOSEO) 5.0.1\" \/>\n\t\t<meta property=\"og:locale\" content=\"es_ES\" \/>\n\t\t<meta property=\"og:site_name\" content=\"El Digital de Asturias\" \/>\n\t\t<meta property=\"og:type\" content=\"article\" \/>\n\t\t<meta property=\"og:title\" content=\"Rafael Hernando: \u201cHan pasado del Espa\u00f1a nos roba al Espa\u00f1a nos pega\u00bb - El Digital de Asturias\" \/>\n\t\t<meta property=\"og:description\" content=\"El portavoz del Grupo Parlamentario Popular en el Congreso de los Diputados ha asegurado en el Desayuno Informativo-Andaluc\u00eda de Europa Press, que Espa\u00f1a se enfrenta hoy a uno de los mayores desaf\u00edos de la historia reciente. El portavoz del GPP en el Congreso, ha empezado alabando a Juanma Moreno por el excelente trabajo que est\u00e1\" \/>\n\t\t<meta property=\"og:url\" content=\"https:\/\/www.eldigitaldeasturias.com\/noticias\/rafael-hernando-han-pasado-del-espana-nos-roba-al-espana-nos-pega\/\" \/>\n\t\t<meta property=\"article:tag\" content=\"actualidad\" \/>\n\t\t<meta property=\"article:published_time\" content=\"2017-10-07T00:04:01+00:00\" \/>\n\t\t<meta property=\"article:modified_time\" content=\"2017-10-07T00:04:01+00:00\" \/>\n\t\t<meta property=\"article:publisher\" content=\"https:\/\/facebook.com\/eldigitaldeasturias\" \/>\n\t\t<meta name=\"twitter:card\" content=\"summary_large_image\" \/>\n\t\t<meta name=\"twitter:title\" content=\"Rafael Hernando: \u201cHan pasado del Espa\u00f1a nos roba al Espa\u00f1a nos pega\u00bb - El Digital de Asturias\" \/>\n\t\t<meta name=\"twitter:description\" content=\"El portavoz del Grupo Parlamentario Popular en el Congreso de los Diputados ha asegurado en el Desayuno Informativo-Andaluc\u00eda de Europa Press, que Espa\u00f1a se enfrenta hoy a uno de los mayores desaf\u00edos de la historia reciente. El portavoz del GPP en el Congreso, ha empezado alabando a Juanma Moreno por el excelente trabajo que est\u00e1\" \/>\n\t\t<meta name=\"twitter:image\" content=\"https:\/\/www.eldigitaldeasturias.com\/noticias\/wp-content\/uploads\/2020\/12\/EDA-1.jpg\" \/>\n\t\t<meta name=\"twitter:label1\" content=\"Escrito por\" \/>\n\t\t<meta name=\"twitter:data1\" content=\"El Digital de Asturias\" \/>\n\t\t<meta name=\"twitter:label2\" content=\"Tiempo de lectura estimado\" \/>\n\t\t<meta name=\"twitter:data2\" content=\"3 minutos\" \/>\n\t\t<script type=\"application\/ld+json\" class=\"aioseo-schema\">\n\t\t\t{\"@context\":\"https:\\\/\\\/schema.org\",\"@graph\":[{\"@type\":\"BlogPosting\",\"@id\":\"https:\\\/\\\/www.eldigitaldeasturias.com\\\/noticias\\\/rafael-hernando-han-pasado-del-espana-nos-roba-al-espana-nos-pega\\\/#blogposting\",\"name\":\"Rafael Hernando: \\u201cHan pasado del Espa\\u00f1a nos roba al Espa\\u00f1a nos pega\\u00bb - El Digital de Asturias\",\"headline\":\"Rafael Hernando: \\u201cHan pasado del Espa\\u00f1a nos roba al Espa\\u00f1a nos pega\\u00bb\",\"author\":{\"@id\":\"https:\\\/\\\/www.eldigitaldeasturias.com\\\/noticias\\\/author\\\/admin\\\/#author\"},\"publisher\":{\"@id\":\"https:\\\/\\\/www.eldigitaldeasturias.com\\\/noticias\\\/#organization\"},\"image\":{\"@type\":\"ImageObject\",\"url\":955269},\"datePublished\":\"2017-10-07T00:04:01+02:00\",\"dateModified\":\"2017-10-07T00:04:01+02:00\",\"inLanguage\":\"es-ES\",\"mainEntityOfPage\":{\"@id\":\"https:\\\/\\\/www.eldigitaldeasturias.com\\\/noticias\\\/rafael-hernando-han-pasado-del-espana-nos-roba-al-espana-nos-pega\\\/#webpage\"},\"isPartOf\":{\"@id\":\"https:\\\/\\\/www.eldigitaldeasturias.com\\\/noticias\\\/rafael-hernando-han-pasado-del-espana-nos-roba-al-espana-nos-pega\\\/#webpage\"},\"articleSection\":\"Actualidad\"},{\"@type\":\"BreadcrumbList\",\"@id\":\"https:\\\/\\\/www.eldigitaldeasturias.com\\\/noticias\\\/rafael-hernando-han-pasado-del-espana-nos-roba-al-espana-nos-pega\\\/#breadcrumblist\",\"itemListElement\":[{\"@type\":\"ListItem\",\"@id\":\"https:\\\/\\\/www.eldigitaldeasturias.com\\\/noticias#listItem\",\"position\":1,\"name\":\"Home\",\"item\":\"https:\\\/\\\/www.eldigitaldeasturias.com\\\/noticias\",\"nextItem\":{\"@type\":\"ListItem\",\"@id\":\"https:\\\/\\\/www.eldigitaldeasturias.com\\\/noticias\\\/category\\\/actualidad\\\/#listItem\",\"name\":\"Actualidad\"}},{\"@type\":\"ListItem\",\"@id\":\"https:\\\/\\\/www.eldigitaldeasturias.com\\\/noticias\\\/category\\\/actualidad\\\/#listItem\",\"position\":2,\"name\":\"Actualidad\",\"item\":\"https:\\\/\\\/www.eldigitaldeasturias.com\\\/noticias\\\/category\\\/actualidad\\\/\",\"nextItem\":{\"@type\":\"ListItem\",\"@id\":\"https:\\\/\\\/www.eldigitaldeasturias.com\\\/noticias\\\/rafael-hernando-han-pasado-del-espana-nos-roba-al-espana-nos-pega\\\/#listItem\",\"name\":\"Rafael Hernando: \\u201cHan pasado del Espa\\u00f1a nos roba al Espa\\u00f1a nos pega\\u00bb\"},\"previousItem\":{\"@type\":\"ListItem\",\"@id\":\"https:\\\/\\\/www.eldigitaldeasturias.com\\\/noticias#listItem\",\"name\":\"Home\"}},{\"@type\":\"ListItem\",\"@id\":\"https:\\\/\\\/www.eldigitaldeasturias.com\\\/noticias\\\/rafael-hernando-han-pasado-del-espana-nos-roba-al-espana-nos-pega\\\/#listItem\",\"position\":3,\"name\":\"Rafael Hernando: \\u201cHan pasado del Espa\\u00f1a nos roba al Espa\\u00f1a nos pega\\u00bb\",\"previousItem\":{\"@type\":\"ListItem\",\"@id\":\"https:\\\/\\\/www.eldigitaldeasturias.com\\\/noticias\\\/category\\\/actualidad\\\/#listItem\",\"name\":\"Actualidad\"}}]},{\"@type\":\"Organization\",\"@id\":\"https:\\\/\\\/www.eldigitaldeasturias.com\\\/noticias\\\/#organization\",\"name\":\"El Digital de Asturias\",\"description\":\"Hemeroteca\",\"url\":\"https:\\\/\\\/www.eldigitaldeasturias.com\\\/noticias\\\/\",\"email\":\"info@eldigitaldeasturias.com\",\"telephone\":\"+34652131393\",\"logo\":{\"@type\":\"ImageObject\",\"url\":\"https:\\\/\\\/www.eldigitaldeasturias.com\\\/noticias\\\/wp-content\\\/uploads\\\/2020\\\/12\\\/EDA.jpg\",\"@id\":\"https:\\\/\\\/www.eldigitaldeasturias.com\\\/noticias\\\/rafael-hernando-han-pasado-del-espana-nos-roba-al-espana-nos-pega\\\/#organizationLogo\"},\"image\":{\"@id\":\"https:\\\/\\\/www.eldigitaldeasturias.com\\\/noticias\\\/rafael-hernando-han-pasado-del-espana-nos-roba-al-espana-nos-pega\\\/#organizationLogo\"},\"sameAs\":[\"https:\\\/\\\/facebook.com\\\/eldigitaldeasturias\",\"https:\\\/\\\/www.youtube.com\\\/channel\\\/UCZP-2wLEB9Rv6erhFmqVnvg\"],\"address\":{\"@id\":\"https:\\\/\\\/www.eldigitaldeasturias.com\\\/noticias\\\/#postaladdress\",\"@type\":\"PostalAddress\",\"streetAddress\":\"san antonio 4\",\"postalCode\":\"33430\",\"addressLocality\":\"Cand\\u00e1s\",\"addressRegion\":\"Asturias\",\"addressCountry\":\"ES\"}},{\"@type\":\"Person\",\"@id\":\"https:\\\/\\\/www.eldigitaldeasturias.com\\\/noticias\\\/author\\\/admin\\\/#author\",\"url\":\"https:\\\/\\\/www.eldigitaldeasturias.com\\\/noticias\\\/author\\\/admin\\\/\",\"name\":\"El Digital de Asturias\",\"image\":{\"@type\":\"ImageObject\",\"@id\":\"https:\\\/\\\/www.eldigitaldeasturias.com\\\/noticias\\\/rafael-hernando-han-pasado-del-espana-nos-roba-al-espana-nos-pega\\\/#authorImage\",\"url\":\"https:\\\/\\\/secure.gravatar.com\\\/avatar\\\/df2aeffc32bcd13f8d26072ef8a91b623d677766deac7f97ca815868cd41bf5e?s=96&d=mm&r=g\",\"width\":96,\"height\":96,\"caption\":\"El Digital de Asturias\"}},{\"@type\":\"WebPage\",\"@id\":\"https:\\\/\\\/www.eldigitaldeasturias.com\\\/noticias\\\/rafael-hernando-han-pasado-del-espana-nos-roba-al-espana-nos-pega\\\/#webpage\",\"url\":\"https:\\\/\\\/www.eldigitaldeasturias.com\\\/noticias\\\/rafael-hernando-han-pasado-del-espana-nos-roba-al-espana-nos-pega\\\/\",\"name\":\"Rafael Hernando: \\u201cHan pasado del Espa\\u00f1a nos roba al Espa\\u00f1a nos pega\\u00bb - El Digital de Asturias\",\"description\":\"El portavoz del Grupo Parlamentario Popular en el Congreso de los Diputados ha asegurado en el Desayuno Informativo-Andaluc\\u00eda de Europa Press, que Espa\\u00f1a se enfrenta hoy a uno de los mayores desaf\\u00edos de la historia reciente. El portavoz del GPP en el Congreso, ha empezado alabando a Juanma Moreno por el excelente trabajo que est\\u00e1\",\"inLanguage\":\"es-ES\",\"isPartOf\":{\"@id\":\"https:\\\/\\\/www.eldigitaldeasturias.com\\\/noticias\\\/#website\"},\"breadcrumb\":{\"@id\":\"https:\\\/\\\/www.eldigitaldeasturias.com\\\/noticias\\\/rafael-hernando-han-pasado-del-espana-nos-roba-al-espana-nos-pega\\\/#breadcrumblist\"},\"author\":{\"@id\":\"https:\\\/\\\/www.eldigitaldeasturias.com\\\/noticias\\\/author\\\/admin\\\/#author\"},\"creator\":{\"@id\":\"https:\\\/\\\/www.eldigitaldeasturias.com\\\/noticias\\\/author\\\/admin\\\/#author\"},\"image\":{\"@type\":\"ImageObject\",\"url\":955269,\"@id\":\"https:\\\/\\\/www.eldigitaldeasturias.com\\\/noticias\\\/rafael-hernando-han-pasado-del-espana-nos-roba-al-espana-nos-pega\\\/#mainImage\"},\"primaryImageOfPage\":{\"@id\":\"https:\\\/\\\/www.eldigitaldeasturias.com\\\/noticias\\\/rafael-hernando-han-pasado-del-espana-nos-roba-al-espana-nos-pega\\\/#mainImage\"},\"datePublished\":\"2017-10-07T00:04:01+02:00\",\"dateModified\":\"2017-10-07T00:04:01+02:00\"},{\"@type\":\"WebSite\",\"@id\":\"https:\\\/\\\/www.eldigitaldeasturias.com\\\/noticias\\\/#website\",\"url\":\"https:\\\/\\\/www.eldigitaldeasturias.com\\\/noticias\\\/\",\"name\":\"El Digital de Asturias - Diario de actualidad y noticias\",\"alternateName\":\"El Digital de Asturias - Diario de actualidad y noticias\",\"description\":\"Hemeroteca\",\"inLanguage\":\"es-ES\",\"publisher\":{\"@id\":\"https:\\\/\\\/www.eldigitaldeasturias.com\\\/noticias\\\/#organization\"}}]}\n\t\t<\/script>\n\t\t<!-- All in One SEO Pro -->\r\n\t\t<title>Rafael Hernando: \u201cHan pasado del Espa\u00f1a nos roba al Espa\u00f1a nos pega\u00bb - El Digital de Asturias<\/title>\n\n","aioseo_head_json":{"title":"Rafael Hernando: \u201cHan pasado del Espa\u00f1a nos roba al Espa\u00f1a nos pega\u00bb - El Digital de Asturias","description":"El portavoz del Grupo Parlamentario Popular en el Congreso de los Diputados ha asegurado en el Desayuno Informativo-Andaluc\u00eda de Europa Press, que Espa\u00f1a se enfrenta hoy a uno de los mayores desaf\u00edos de la historia reciente. El portavoz del GPP en el Congreso, ha empezado alabando a Juanma Moreno por el excelente trabajo que est\u00e1","canonical_url":"https:\/\/www.eldigitaldeasturias.com\/noticias\/rafael-hernando-han-pasado-del-espana-nos-roba-al-espana-nos-pega\/","robots":"max-image-preview:large","keywords":"actualidad","webmasterTools":{"google-site-verification":"UA-38556648-1","msvalidate.01":"7dfe9f3f1b24437ab69f4f2559babe99","miscellaneous":""},"schema":{"@context":"https:\/\/schema.org","@graph":[{"@type":"BlogPosting","@id":"https:\/\/www.eldigitaldeasturias.com\/noticias\/rafael-hernando-han-pasado-del-espana-nos-roba-al-espana-nos-pega\/#blogposting","name":"Rafael Hernando: \u201cHan pasado del Espa\u00f1a nos roba al Espa\u00f1a nos pega\u00bb - El Digital de Asturias","headline":"Rafael Hernando: \u201cHan pasado del Espa\u00f1a nos roba al Espa\u00f1a nos pega\u00bb","author":{"@id":"https:\/\/www.eldigitaldeasturias.com\/noticias\/author\/admin\/#author"},"publisher":{"@id":"https:\/\/www.eldigitaldeasturias.com\/noticias\/#organization"},"image":{"@type":"ImageObject","url":955269},"datePublished":"2017-10-07T00:04:01+02:00","dateModified":"2017-10-07T00:04:01+02:00","inLanguage":"es-ES","mainEntityOfPage":{"@id":"https:\/\/www.eldigitaldeasturias.com\/noticias\/rafael-hernando-han-pasado-del-espana-nos-roba-al-espana-nos-pega\/#webpage"},"isPartOf":{"@id":"https:\/\/www.eldigitaldeasturias.com\/noticias\/rafael-hernando-han-pasado-del-espana-nos-roba-al-espana-nos-pega\/#webpage"},"articleSection":"Actualidad"},{"@type":"BreadcrumbList","@id":"https:\/\/www.eldigitaldeasturias.com\/noticias\/rafael-hernando-han-pasado-del-espana-nos-roba-al-espana-nos-pega\/#breadcrumblist","itemListElement":[{"@type":"ListItem","@id":"https:\/\/www.eldigitaldeasturias.com\/noticias#listItem","position":1,"name":"Home","item":"https:\/\/www.eldigitaldeasturias.com\/noticias","nextItem":{"@type":"ListItem","@id":"https:\/\/www.eldigitaldeasturias.com\/noticias\/category\/actualidad\/#listItem","name":"Actualidad"}},{"@type":"ListItem","@id":"https:\/\/www.eldigitaldeasturias.com\/noticias\/category\/actualidad\/#listItem","position":2,"name":"Actualidad","item":"https:\/\/www.eldigitaldeasturias.com\/noticias\/category\/actualidad\/","nextItem":{"@type":"ListItem","@id":"https:\/\/www.eldigitaldeasturias.com\/noticias\/rafael-hernando-han-pasado-del-espana-nos-roba-al-espana-nos-pega\/#listItem","name":"Rafael Hernando: \u201cHan pasado del Espa\u00f1a nos roba al Espa\u00f1a nos pega\u00bb"},"previousItem":{"@type":"ListItem","@id":"https:\/\/www.eldigitaldeasturias.com\/noticias#listItem","name":"Home"}},{"@type":"ListItem","@id":"https:\/\/www.eldigitaldeasturias.com\/noticias\/rafael-hernando-han-pasado-del-espana-nos-roba-al-espana-nos-pega\/#listItem","position":3,"name":"Rafael Hernando: \u201cHan pasado del Espa\u00f1a nos roba al Espa\u00f1a nos pega\u00bb","previousItem":{"@type":"ListItem","@id":"https:\/\/www.eldigitaldeasturias.com\/noticias\/category\/actualidad\/#listItem","name":"Actualidad"}}]},{"@type":"Organization","@id":"https:\/\/www.eldigitaldeasturias.com\/noticias\/#organization","name":"El Digital de Asturias","description":"Hemeroteca","url":"https:\/\/www.eldigitaldeasturias.com\/noticias\/","email":"info@eldigitaldeasturias.com","telephone":"+34652131393","logo":{"@type":"ImageObject","url":"https:\/\/www.eldigitaldeasturias.com\/noticias\/wp-content\/uploads\/2020\/12\/EDA.jpg","@id":"https:\/\/www.eldigitaldeasturias.com\/noticias\/rafael-hernando-han-pasado-del-espana-nos-roba-al-espana-nos-pega\/#organizationLogo"},"image":{"@id":"https:\/\/www.eldigitaldeasturias.com\/noticias\/rafael-hernando-han-pasado-del-espana-nos-roba-al-espana-nos-pega\/#organizationLogo"},"sameAs":["https:\/\/facebook.com\/eldigitaldeasturias","https:\/\/www.youtube.com\/channel\/UCZP-2wLEB9Rv6erhFmqVnvg"],"address":{"@id":"https:\/\/www.eldigitaldeasturias.com\/noticias\/#postaladdress","@type":"PostalAddress","streetAddress":"san antonio 4","postalCode":"33430","addressLocality":"Cand\u00e1s","addressRegion":"Asturias","addressCountry":"ES"}},{"@type":"Person","@id":"https:\/\/www.eldigitaldeasturias.com\/noticias\/author\/admin\/#author","url":"https:\/\/www.eldigitaldeasturias.com\/noticias\/author\/admin\/","name":"El Digital de Asturias","image":{"@type":"ImageObject","@id":"https:\/\/www.eldigitaldeasturias.com\/noticias\/rafael-hernando-han-pasado-del-espana-nos-roba-al-espana-nos-pega\/#authorImage","url":"https:\/\/secure.gravatar.com\/avatar\/df2aeffc32bcd13f8d26072ef8a91b623d677766deac7f97ca815868cd41bf5e?s=96&d=mm&r=g","width":96,"height":96,"caption":"El Digital de Asturias"}},{"@type":"WebPage","@id":"https:\/\/www.eldigitaldeasturias.com\/noticias\/rafael-hernando-han-pasado-del-espana-nos-roba-al-espana-nos-pega\/#webpage","url":"https:\/\/www.eldigitaldeasturias.com\/noticias\/rafael-hernando-han-pasado-del-espana-nos-roba-al-espana-nos-pega\/","name":"Rafael Hernando: \u201cHan pasado del Espa\u00f1a nos roba al Espa\u00f1a nos pega\u00bb - El Digital de Asturias","description":"El portavoz del Grupo Parlamentario Popular en el Congreso de los Diputados ha asegurado en el Desayuno Informativo-Andaluc\u00eda de Europa Press, que Espa\u00f1a se enfrenta hoy a uno de los mayores desaf\u00edos de la historia reciente. El portavoz del GPP en el Congreso, ha empezado alabando a Juanma Moreno por el excelente trabajo que est\u00e1","inLanguage":"es-ES","isPartOf":{"@id":"https:\/\/www.eldigitaldeasturias.com\/noticias\/#website"},"breadcrumb":{"@id":"https:\/\/www.eldigitaldeasturias.com\/noticias\/rafael-hernando-han-pasado-del-espana-nos-roba-al-espana-nos-pega\/#breadcrumblist"},"author":{"@id":"https:\/\/www.eldigitaldeasturias.com\/noticias\/author\/admin\/#author"},"creator":{"@id":"https:\/\/www.eldigitaldeasturias.com\/noticias\/author\/admin\/#author"},"image":{"@type":"ImageObject","url":955269,"@id":"https:\/\/www.eldigitaldeasturias.com\/noticias\/rafael-hernando-han-pasado-del-espana-nos-roba-al-espana-nos-pega\/#mainImage"},"primaryImageOfPage":{"@id":"https:\/\/www.eldigitaldeasturias.com\/noticias\/rafael-hernando-han-pasado-del-espana-nos-roba-al-espana-nos-pega\/#mainImage"},"datePublished":"2017-10-07T00:04:01+02:00","dateModified":"2017-10-07T00:04:01+02:00"},{"@type":"WebSite","@id":"https:\/\/www.eldigitaldeasturias.com\/noticias\/#website","url":"https:\/\/www.eldigitaldeasturias.com\/noticias\/","name":"El Digital de Asturias - Diario de actualidad y noticias","alternateName":"El Digital de Asturias - Diario de actualidad y noticias","description":"Hemeroteca","inLanguage":"es-ES","publisher":{"@id":"https:\/\/www.eldigitaldeasturias.com\/noticias\/#organization"}}]},"og:locale":"es_ES","og:site_name":"El Digital de Asturias","og:type":"article","og:title":"Rafael Hernando: \u201cHan pasado del Espa\u00f1a nos roba al Espa\u00f1a nos pega\u00bb - El Digital de Asturias","og:description":"El portavoz del Grupo Parlamentario Popular en el Congreso de los Diputados ha asegurado en el Desayuno Informativo-Andaluc\u00eda de Europa Press, que Espa\u00f1a se enfrenta hoy a uno de los mayores desaf\u00edos de la historia reciente. El portavoz del GPP en el Congreso, ha empezado alabando a Juanma Moreno por el excelente trabajo que est\u00e1","og:url":"https:\/\/www.eldigitaldeasturias.com\/noticias\/rafael-hernando-han-pasado-del-espana-nos-roba-al-espana-nos-pega\/","article:tag":["actualidad"],"article:published_time":"2017-10-07T00:04:01+00:00","article:modified_time":"2017-10-07T00:04:01+00:00","article:publisher":"https:\/\/facebook.com\/eldigitaldeasturias","twitter:card":"summary_large_image","twitter:title":"Rafael Hernando: \u201cHan pasado del Espa\u00f1a nos roba al Espa\u00f1a nos pega\u00bb - El Digital de Asturias","twitter:description":"El portavoz del Grupo Parlamentario Popular en el Congreso de los Diputados ha asegurado en el Desayuno Informativo-Andaluc\u00eda de Europa Press, que Espa\u00f1a se enfrenta hoy a uno de los mayores desaf\u00edos de la historia reciente. El portavoz del GPP en el Congreso, ha empezado alabando a Juanma Moreno por el excelente trabajo que est\u00e1","twitter:image":"https:\/\/www.eldigitaldeasturias.com\/noticias\/wp-content\/uploads\/2020\/12\/EDA-1.jpg","twitter:label1":"Escrito por","twitter:data1":"El Digital de Asturias","twitter:label2":"Tiempo de lectura estimado","twitter:data2":"3 minutos"},"aioseo_meta_data":{"post_id":"955268","title":null,"description":null,"keywords":null,"keyphrases":null,"primary_term":null,"canonical_url":null,"og_title":null,"og_description":null,"og_object_type":"default","og_image_type":"default","og_image_url":null,"og_image_width":null,"og_image_height":null,"og_image_custom_url":null,"og_image_custom_fields":null,"og_video":null,"og_custom_url":null,"og_article_section":null,"og_article_tags":null,"twitter_use_og":false,"twitter_card":"default","twitter_image_type":"default","twitter_image_url":null,"twitter_image_custom_url":null,"twitter_image_custom_fields":null,"twitter_title":null,"twitter_description":null,"schema":{"blockGraphs":[],"customGraphs":[],"default":{"data":{"Article":[],"Course":[],"Dataset":[],"FAQPage":[],"Movie":[],"Person":[],"Product":[],"ProductReview":[],"Car":[],"Recipe":[],"Service":[],"SoftwareApplication":[],"WebPage":[]},"graphName":"","isEnabled":true},"graphs":[],"defaultGraph":"","defaultPostTypeGraph":""},"schema_type":null,"schema_type_options":null,"pillar_content":false,"robots_default":true,"robots_noindex":false,"robots_noarchive":false,"robots_nosnippet":false,"robots_nofollow":false,"robots_noimageindex":false,"robots_noodp":false,"robots_notranslate":false,"robots_max_snippet":null,"robots_max_videopreview":null,"robots_max_imagepreview":"large","priority":null,"frequency":null,"local_seo":null,"seo_analyzer_scan_date":"2025-12-06 09:27:07","breadcrumb_settings":null,"limit_modified_date":false,"open_ai":null,"ai":null,"created":"2020-12-21 12:56:31","updated":"2025-12-06 09:27:07","focus_keyword":null,"additional_keywords":null,"truseo_locale":null},"aioseo_breadcrumb":"<div class=\"aioseo-breadcrumbs\"><span class=\"aioseo-breadcrumb\">\n\t<a href=\"https:\/\/www.eldigitaldeasturias.com\/noticias\" title=\"Home\">Home<\/a>\n<\/span><span class=\"aioseo-breadcrumb-separator\">\u2013<\/span><span class=\"aioseo-breadcrumb\">\n\t<a href=\"https:\/\/www.eldigitaldeasturias.com\/noticias\/category\/actualidad\/\" title=\"Actualidad\">Actualidad<\/a>\n<\/span><span class=\"aioseo-breadcrumb-separator\">\u2013<\/span><span class=\"aioseo-breadcrumb\">\n\t<a href=\"https:\/\/www.eldigitaldeasturias.com\/noticias\/rafael-hernando-han-pasado-del-espana-nos-roba-al-espana-nos-pega\/\" title=\"Rafael Hernando: \u201cHan pasado del Espa\u00f1a nos roba al Espa\u00f1a nos pega\u00bb\">Rafael Hernando: \u201cHan pasado del Espa\u00f1a nos roba al Espa\u00f1a nos pega\u00bb<\/a>\n<\/span><\/div>","aioseo_breadcrumb_json":[{"label":"Home","link":"https:\/\/www.eldigitaldeasturias.com\/noticias"},{"label":"Actualidad","link":"https:\/\/www.eldigitaldeasturias.com\/noticias\/category\/actualidad\/"},{"label":"Rafael Hernando: \u201cHan pasado del Espa\u00f1a nos roba al Espa\u00f1a nos pega\u00bb","link":"https:\/\/www.eldigitaldeasturias.com\/noticias\/rafael-hernando-han-pasado-del-espana-nos-roba-al-espana-nos-pega\/"}],"_links":{"self":[{"href":"https:\/\/www.eldigitaldeasturias.com\/noticias\/wp-json\/wp\/v2\/posts\/955268","targetHints":{"allow":["GET"]}}],"collection":[{"href":"https:\/\/www.eldigitaldeasturias.com\/noticias\/wp-json\/wp\/v2\/posts"}],"about":[{"href":"https:\/\/www.eldigitaldeasturias.com\/noticias\/wp-json\/wp\/v2\/types\/post"}],"author":[{"embeddable":true,"href":"https:\/\/www.eldigitaldeasturias.com\/noticias\/wp-json\/wp\/v2\/users\/1"}],"replies":[{"embeddable":true,"href":"https:\/\/www.eldigitaldeasturias.com\/noticias\/wp-json\/wp\/v2\/comments?post=955268"}],"version-history":[{"count":0,"href":"https:\/\/www.eldigitaldeasturias.com\/noticias\/wp-json\/wp\/v2\/posts\/955268\/revisions"}],"wp:attachment":[{"href":"https:\/\/www.eldigitaldeasturias.com\/noticias\/wp-json\/wp\/v2\/media?parent=955268"}],"wp:term":[{"taxonomy":"category","embeddable":true,"href":"https:\/\/www.eldigitaldeasturias.com\/noticias\/wp-json\/wp\/v2\/categories?post=955268"},{"taxonomy":"post_tag","embeddable":true,"href":"https:\/\/www.eldigitaldeasturias.com\/noticias\/wp-json\/wp\/v2\/tags?post=955268"}],"curies":[{"name":"wp","href":"https:\/\/api.w.org\/{rel}","templated":true}]}}