{"id":955260,"date":"2017-10-06T23:56:22","date_gmt":"2017-10-06T23:56:22","guid":{"rendered":"http:\/\/www.eldigitaldeasturias.com\/noticias\/?p=955260"},"modified":"2017-10-06T23:56:22","modified_gmt":"2017-10-06T23:56:22","slug":"miles-de-espanoles-muestran-su-apoyo-a-la-policia-nacional","status":"publish","type":"post","link":"https:\/\/www.eldigitaldeasturias.com\/noticias\/miles-de-espanoles-muestran-su-apoyo-a-la-policia-nacional\/","title":{"rendered":"Miles de espa\u00f1oles muestran su apoyo a la Polic\u00eda Nacional"},"content":{"rendered":"<p><img loading=\"lazy\" decoding=\"async\" class=\"alignleft size-medium wp-image-730260\" src=\"https:\/\/www.eldigitaldeasturias.com\/noticias\/wp-content\/uploads\/2014\/12\/8626658w-360x252.jpg\" alt=\"\" width=\"360\" height=\"252\" \/>La Polic\u00eda Nacional est\u00e1 recibiendo en los \u00faltimos d\u00edas miles de mensajes de apoyo y solidaridad a trav\u00e9s de llamadas al 091. Por ello, la Polic\u00eda quiere, en primer lugar, agradecer estas muestras de cari\u00f1o, pero tambi\u00e9n recordar a los ciudadanos que el 091 es un servicio de emergencia y atenci\u00f3n al ciudadano en casos de urgencia.<\/p>\n<p>Para evitar que las l\u00edneas se bloqueen y los operadores de las Salas del 091 puedan gestionar otras llamadas de auxilio, la Polic\u00eda Nacional ha habilitado un mail espec\u00edfico para recoger estas muestras de apoyo. Desde el equipo de Redes Sociales de la Polic\u00eda Nacional se ha puesto en marcha el mail: estamosporti@policia.es, que canalizar\u00e1 estos mensajes y se los transmitir\u00e1 al resto de agentes. Adem\u00e1s, los distintos perfiles de la Polic\u00eda Nacional en redes sociales, -principalmente en @policia en Twitter, @policianacional en Instagram y en www.facebook.com\/PoliciaNacional-, est\u00e1n tambi\u00e9n recibiendo miles de muestras de solidaridad con los agentes, siendo casi imposible responder a todos ellos de forma privada como es habitual por parte del equipo de Redes Sociales.<\/p>\n<p>S\u00f3lo en los primeros cuatro d\u00edas de octubre, la cuenta de @policia recibi\u00f3 casi 24 millones de impresiones, con m\u00e1s de 140.000 retuits y casi 300.000 me gustas. Paralelamente en Facebook se han incrementado en un 200% el n\u00famero de interacciones.<\/p>\n<p>Muestras de apoyo que tambi\u00e9n se han hecho presente en las dependencias policiales de toda Espa\u00f1a donde muchos ciudadanos se han acercado para entregar ramos de flores, dulces o tarjetas con frases de empat\u00eda hacia el trabajo policial.<\/p>\n","protected":false},"excerpt":{"rendered":"<p>La Polic\u00eda Nacional est\u00e1 recibiendo en los \u00faltimos d\u00edas miles de mensajes de apoyo y solidaridad a trav\u00e9s de llamadas al 091. Por ello, la Polic\u00eda quiere, en primer lugar, agradecer estas muestras de cari\u00f1o, pero tambi\u00e9n recordar a los ciudadanos que el 091 es un servicio de emergencia y atenci\u00f3n al ciudadano en casos [&hellip;]<\/p>\n","protected":false},"author":1,"featured_media":730260,"comment_status":"closed","ping_status":"closed","sticky":false,"template":"","format":"standard","meta":{"footnotes":""},"categories":[1],"tags":[],"class_list":["post-955260","post","type-post","status-publish","format-standard","has-post-thumbnail","hentry","category-actualidad"],"aioseo_notices":[],"aioseo_head":"\n\t\t<!-- All in One SEO Pro 5.0.1 - aioseo.com -->\n\t<meta name=\"description\" content=\"La Polic\u00eda Nacional est\u00e1 recibiendo en los \u00faltimos d\u00edas miles de mensajes de apoyo y solidaridad a trav\u00e9s de llamadas al 091. Por ello, la Polic\u00eda quiere, en primer lugar, agradecer estas muestras de cari\u00f1o, pero tambi\u00e9n recordar a los ciudadanos que el 091 es un servicio de emergencia y atenci\u00f3n al ciudadano en casos\" \/>\n\t<meta name=\"robots\" content=\"max-image-preview:large\" \/>\n\t<meta name=\"author\" content=\"El Digital de Asturias\"\/>\n\t<meta name=\"google-site-verification\" content=\"UA-38556648-1\" \/>\n\t<meta name=\"msvalidate.01\" content=\"7dfe9f3f1b24437ab69f4f2559babe99\" \/>\n\t<meta name=\"keywords\" content=\"actualidad\" \/>\n\t<link rel=\"canonical\" href=\"https:\/\/www.eldigitaldeasturias.com\/noticias\/miles-de-espanoles-muestran-su-apoyo-a-la-policia-nacional\/\" \/>\n\t<meta name=\"generator\" content=\"All in One SEO Pro (AIOSEO) 5.0.1\" \/>\n\t\t<meta property=\"og:locale\" content=\"es_ES\" \/>\n\t\t<meta property=\"og:site_name\" content=\"El Digital de Asturias\" \/>\n\t\t<meta property=\"og:type\" content=\"article\" \/>\n\t\t<meta property=\"og:title\" content=\"Miles de espa\u00f1oles muestran su apoyo a la Polic\u00eda Nacional - El Digital de Asturias\" \/>\n\t\t<meta property=\"og:description\" content=\"La Polic\u00eda Nacional est\u00e1 recibiendo en los \u00faltimos d\u00edas miles de mensajes de apoyo y solidaridad a trav\u00e9s de llamadas al 091. Por ello, la Polic\u00eda quiere, en primer lugar, agradecer estas muestras de cari\u00f1o, pero tambi\u00e9n recordar a los ciudadanos que el 091 es un servicio de emergencia y atenci\u00f3n al ciudadano en casos\" \/>\n\t\t<meta property=\"og:url\" content=\"https:\/\/www.eldigitaldeasturias.com\/noticias\/miles-de-espanoles-muestran-su-apoyo-a-la-policia-nacional\/\" \/>\n\t\t<meta property=\"article:tag\" content=\"actualidad\" \/>\n\t\t<meta property=\"article:published_time\" content=\"2017-10-06T23:56:22+00:00\" \/>\n\t\t<meta property=\"article:modified_time\" content=\"2017-10-06T23:56:22+00:00\" \/>\n\t\t<meta property=\"article:publisher\" content=\"https:\/\/facebook.com\/eldigitaldeasturias\" \/>\n\t\t<meta name=\"twitter:card\" content=\"summary_large_image\" \/>\n\t\t<meta name=\"twitter:title\" content=\"Miles de espa\u00f1oles muestran su apoyo a la Polic\u00eda Nacional - El Digital de Asturias\" \/>\n\t\t<meta name=\"twitter:description\" content=\"La Polic\u00eda Nacional est\u00e1 recibiendo en los \u00faltimos d\u00edas miles de mensajes de apoyo y solidaridad a trav\u00e9s de llamadas al 091. Por ello, la Polic\u00eda quiere, en primer lugar, agradecer estas muestras de cari\u00f1o, pero tambi\u00e9n recordar a los ciudadanos que el 091 es un servicio de emergencia y atenci\u00f3n al ciudadano en casos\" \/>\n\t\t<meta name=\"twitter:image\" content=\"https:\/\/www.eldigitaldeasturias.com\/noticias\/wp-content\/uploads\/2020\/12\/EDA-1.jpg\" \/>\n\t\t<meta name=\"twitter:label1\" content=\"Escrito por\" \/>\n\t\t<meta name=\"twitter:data1\" content=\"El Digital de Asturias\" \/>\n\t\t<meta name=\"twitter:label2\" content=\"Tiempo de lectura estimado\" \/>\n\t\t<meta name=\"twitter:data2\" content=\"1 minuto\" \/>\n\t\t<script type=\"application\/ld+json\" class=\"aioseo-schema\">\n\t\t\t{\"@context\":\"https:\\\/\\\/schema.org\",\"@graph\":[{\"@type\":\"BlogPosting\",\"@id\":\"https:\\\/\\\/www.eldigitaldeasturias.com\\\/noticias\\\/miles-de-espanoles-muestran-su-apoyo-a-la-policia-nacional\\\/#blogposting\",\"name\":\"Miles de espa\\u00f1oles muestran su apoyo a la Polic\\u00eda Nacional - El Digital de Asturias\",\"headline\":\"Miles de espa\\u00f1oles muestran su apoyo a la Polic\\u00eda Nacional\",\"author\":{\"@id\":\"https:\\\/\\\/www.eldigitaldeasturias.com\\\/noticias\\\/author\\\/admin\\\/#author\"},\"publisher\":{\"@id\":\"https:\\\/\\\/www.eldigitaldeasturias.com\\\/noticias\\\/#organization\"},\"image\":{\"@type\":\"ImageObject\",\"url\":730260},\"datePublished\":\"2017-10-06T23:56:22+02:00\",\"dateModified\":\"2017-10-06T23:56:22+02:00\",\"inLanguage\":\"es-ES\",\"mainEntityOfPage\":{\"@id\":\"https:\\\/\\\/www.eldigitaldeasturias.com\\\/noticias\\\/miles-de-espanoles-muestran-su-apoyo-a-la-policia-nacional\\\/#webpage\"},\"isPartOf\":{\"@id\":\"https:\\\/\\\/www.eldigitaldeasturias.com\\\/noticias\\\/miles-de-espanoles-muestran-su-apoyo-a-la-policia-nacional\\\/#webpage\"},\"articleSection\":\"Actualidad\"},{\"@type\":\"BreadcrumbList\",\"@id\":\"https:\\\/\\\/www.eldigitaldeasturias.com\\\/noticias\\\/miles-de-espanoles-muestran-su-apoyo-a-la-policia-nacional\\\/#breadcrumblist\",\"itemListElement\":[{\"@type\":\"ListItem\",\"@id\":\"https:\\\/\\\/www.eldigitaldeasturias.com\\\/noticias#listItem\",\"position\":1,\"name\":\"Home\",\"item\":\"https:\\\/\\\/www.eldigitaldeasturias.com\\\/noticias\",\"nextItem\":{\"@type\":\"ListItem\",\"@id\":\"https:\\\/\\\/www.eldigitaldeasturias.com\\\/noticias\\\/category\\\/actualidad\\\/#listItem\",\"name\":\"Actualidad\"}},{\"@type\":\"ListItem\",\"@id\":\"https:\\\/\\\/www.eldigitaldeasturias.com\\\/noticias\\\/category\\\/actualidad\\\/#listItem\",\"position\":2,\"name\":\"Actualidad\",\"item\":\"https:\\\/\\\/www.eldigitaldeasturias.com\\\/noticias\\\/category\\\/actualidad\\\/\",\"nextItem\":{\"@type\":\"ListItem\",\"@id\":\"https:\\\/\\\/www.eldigitaldeasturias.com\\\/noticias\\\/miles-de-espanoles-muestran-su-apoyo-a-la-policia-nacional\\\/#listItem\",\"name\":\"Miles de espa\\u00f1oles muestran su apoyo a la Polic\\u00eda Nacional\"},\"previousItem\":{\"@type\":\"ListItem\",\"@id\":\"https:\\\/\\\/www.eldigitaldeasturias.com\\\/noticias#listItem\",\"name\":\"Home\"}},{\"@type\":\"ListItem\",\"@id\":\"https:\\\/\\\/www.eldigitaldeasturias.com\\\/noticias\\\/miles-de-espanoles-muestran-su-apoyo-a-la-policia-nacional\\\/#listItem\",\"position\":3,\"name\":\"Miles de espa\\u00f1oles muestran su apoyo a la Polic\\u00eda Nacional\",\"previousItem\":{\"@type\":\"ListItem\",\"@id\":\"https:\\\/\\\/www.eldigitaldeasturias.com\\\/noticias\\\/category\\\/actualidad\\\/#listItem\",\"name\":\"Actualidad\"}}]},{\"@type\":\"Organization\",\"@id\":\"https:\\\/\\\/www.eldigitaldeasturias.com\\\/noticias\\\/#organization\",\"name\":\"El Digital de Asturias\",\"description\":\"Hemeroteca\",\"url\":\"https:\\\/\\\/www.eldigitaldeasturias.com\\\/noticias\\\/\",\"email\":\"info@eldigitaldeasturias.com\",\"telephone\":\"+34652131393\",\"logo\":{\"@type\":\"ImageObject\",\"url\":\"https:\\\/\\\/www.eldigitaldeasturias.com\\\/noticias\\\/wp-content\\\/uploads\\\/2020\\\/12\\\/EDA.jpg\",\"@id\":\"https:\\\/\\\/www.eldigitaldeasturias.com\\\/noticias\\\/miles-de-espanoles-muestran-su-apoyo-a-la-policia-nacional\\\/#organizationLogo\"},\"image\":{\"@id\":\"https:\\\/\\\/www.eldigitaldeasturias.com\\\/noticias\\\/miles-de-espanoles-muestran-su-apoyo-a-la-policia-nacional\\\/#organizationLogo\"},\"sameAs\":[\"https:\\\/\\\/facebook.com\\\/eldigitaldeasturias\",\"https:\\\/\\\/www.youtube.com\\\/channel\\\/UCZP-2wLEB9Rv6erhFmqVnvg\"],\"address\":{\"@id\":\"https:\\\/\\\/www.eldigitaldeasturias.com\\\/noticias\\\/#postaladdress\",\"@type\":\"PostalAddress\",\"streetAddress\":\"san antonio 4\",\"postalCode\":\"33430\",\"addressLocality\":\"Cand\\u00e1s\",\"addressRegion\":\"Asturias\",\"addressCountry\":\"ES\"}},{\"@type\":\"Person\",\"@id\":\"https:\\\/\\\/www.eldigitaldeasturias.com\\\/noticias\\\/author\\\/admin\\\/#author\",\"url\":\"https:\\\/\\\/www.eldigitaldeasturias.com\\\/noticias\\\/author\\\/admin\\\/\",\"name\":\"El Digital de Asturias\",\"image\":{\"@type\":\"ImageObject\",\"@id\":\"https:\\\/\\\/www.eldigitaldeasturias.com\\\/noticias\\\/miles-de-espanoles-muestran-su-apoyo-a-la-policia-nacional\\\/#authorImage\",\"url\":\"https:\\\/\\\/secure.gravatar.com\\\/avatar\\\/df2aeffc32bcd13f8d26072ef8a91b623d677766deac7f97ca815868cd41bf5e?s=96&d=mm&r=g\",\"width\":96,\"height\":96,\"caption\":\"El Digital de Asturias\"}},{\"@type\":\"WebPage\",\"@id\":\"https:\\\/\\\/www.eldigitaldeasturias.com\\\/noticias\\\/miles-de-espanoles-muestran-su-apoyo-a-la-policia-nacional\\\/#webpage\",\"url\":\"https:\\\/\\\/www.eldigitaldeasturias.com\\\/noticias\\\/miles-de-espanoles-muestran-su-apoyo-a-la-policia-nacional\\\/\",\"name\":\"Miles de espa\\u00f1oles muestran su apoyo a la Polic\\u00eda Nacional - El Digital de Asturias\",\"description\":\"La Polic\\u00eda Nacional est\\u00e1 recibiendo en los \\u00faltimos d\\u00edas miles de mensajes de apoyo y solidaridad a trav\\u00e9s de llamadas al 091. Por ello, la Polic\\u00eda quiere, en primer lugar, agradecer estas muestras de cari\\u00f1o, pero tambi\\u00e9n recordar a los ciudadanos que el 091 es un servicio de emergencia y atenci\\u00f3n al ciudadano en casos\",\"inLanguage\":\"es-ES\",\"isPartOf\":{\"@id\":\"https:\\\/\\\/www.eldigitaldeasturias.com\\\/noticias\\\/#website\"},\"breadcrumb\":{\"@id\":\"https:\\\/\\\/www.eldigitaldeasturias.com\\\/noticias\\\/miles-de-espanoles-muestran-su-apoyo-a-la-policia-nacional\\\/#breadcrumblist\"},\"author\":{\"@id\":\"https:\\\/\\\/www.eldigitaldeasturias.com\\\/noticias\\\/author\\\/admin\\\/#author\"},\"creator\":{\"@id\":\"https:\\\/\\\/www.eldigitaldeasturias.com\\\/noticias\\\/author\\\/admin\\\/#author\"},\"image\":{\"@type\":\"ImageObject\",\"url\":730260,\"@id\":\"https:\\\/\\\/www.eldigitaldeasturias.com\\\/noticias\\\/miles-de-espanoles-muestran-su-apoyo-a-la-policia-nacional\\\/#mainImage\"},\"primaryImageOfPage\":{\"@id\":\"https:\\\/\\\/www.eldigitaldeasturias.com\\\/noticias\\\/miles-de-espanoles-muestran-su-apoyo-a-la-policia-nacional\\\/#mainImage\"},\"datePublished\":\"2017-10-06T23:56:22+02:00\",\"dateModified\":\"2017-10-06T23:56:22+02:00\"},{\"@type\":\"WebSite\",\"@id\":\"https:\\\/\\\/www.eldigitaldeasturias.com\\\/noticias\\\/#website\",\"url\":\"https:\\\/\\\/www.eldigitaldeasturias.com\\\/noticias\\\/\",\"name\":\"El Digital de Asturias - Diario de actualidad y noticias\",\"alternateName\":\"El Digital de Asturias - Diario de actualidad y noticias\",\"description\":\"Hemeroteca\",\"inLanguage\":\"es-ES\",\"publisher\":{\"@id\":\"https:\\\/\\\/www.eldigitaldeasturias.com\\\/noticias\\\/#organization\"}}]}\n\t\t<\/script>\n\t\t<!-- All in One SEO Pro -->\r\n\t\t<title>Miles de espa\u00f1oles muestran su apoyo a la Polic\u00eda Nacional - El Digital de Asturias<\/title>\n\n","aioseo_head_json":{"title":"Miles de espa\u00f1oles muestran su apoyo a la Polic\u00eda Nacional - El Digital de Asturias","description":"La Polic\u00eda Nacional est\u00e1 recibiendo en los \u00faltimos d\u00edas miles de mensajes de apoyo y solidaridad a trav\u00e9s de llamadas al 091. Por ello, la Polic\u00eda quiere, en primer lugar, agradecer estas muestras de cari\u00f1o, pero tambi\u00e9n recordar a los ciudadanos que el 091 es un servicio de emergencia y atenci\u00f3n al ciudadano en casos","canonical_url":"https:\/\/www.eldigitaldeasturias.com\/noticias\/miles-de-espanoles-muestran-su-apoyo-a-la-policia-nacional\/","robots":"max-image-preview:large","keywords":"actualidad","webmasterTools":{"google-site-verification":"UA-38556648-1","msvalidate.01":"7dfe9f3f1b24437ab69f4f2559babe99","miscellaneous":""},"schema":{"@context":"https:\/\/schema.org","@graph":[{"@type":"BlogPosting","@id":"https:\/\/www.eldigitaldeasturias.com\/noticias\/miles-de-espanoles-muestran-su-apoyo-a-la-policia-nacional\/#blogposting","name":"Miles de espa\u00f1oles muestran su apoyo a la Polic\u00eda Nacional - El Digital de Asturias","headline":"Miles de espa\u00f1oles muestran su apoyo a la Polic\u00eda Nacional","author":{"@id":"https:\/\/www.eldigitaldeasturias.com\/noticias\/author\/admin\/#author"},"publisher":{"@id":"https:\/\/www.eldigitaldeasturias.com\/noticias\/#organization"},"image":{"@type":"ImageObject","url":730260},"datePublished":"2017-10-06T23:56:22+02:00","dateModified":"2017-10-06T23:56:22+02:00","inLanguage":"es-ES","mainEntityOfPage":{"@id":"https:\/\/www.eldigitaldeasturias.com\/noticias\/miles-de-espanoles-muestran-su-apoyo-a-la-policia-nacional\/#webpage"},"isPartOf":{"@id":"https:\/\/www.eldigitaldeasturias.com\/noticias\/miles-de-espanoles-muestran-su-apoyo-a-la-policia-nacional\/#webpage"},"articleSection":"Actualidad"},{"@type":"BreadcrumbList","@id":"https:\/\/www.eldigitaldeasturias.com\/noticias\/miles-de-espanoles-muestran-su-apoyo-a-la-policia-nacional\/#breadcrumblist","itemListElement":[{"@type":"ListItem","@id":"https:\/\/www.eldigitaldeasturias.com\/noticias#listItem","position":1,"name":"Home","item":"https:\/\/www.eldigitaldeasturias.com\/noticias","nextItem":{"@type":"ListItem","@id":"https:\/\/www.eldigitaldeasturias.com\/noticias\/category\/actualidad\/#listItem","name":"Actualidad"}},{"@type":"ListItem","@id":"https:\/\/www.eldigitaldeasturias.com\/noticias\/category\/actualidad\/#listItem","position":2,"name":"Actualidad","item":"https:\/\/www.eldigitaldeasturias.com\/noticias\/category\/actualidad\/","nextItem":{"@type":"ListItem","@id":"https:\/\/www.eldigitaldeasturias.com\/noticias\/miles-de-espanoles-muestran-su-apoyo-a-la-policia-nacional\/#listItem","name":"Miles de espa\u00f1oles muestran su apoyo a la Polic\u00eda Nacional"},"previousItem":{"@type":"ListItem","@id":"https:\/\/www.eldigitaldeasturias.com\/noticias#listItem","name":"Home"}},{"@type":"ListItem","@id":"https:\/\/www.eldigitaldeasturias.com\/noticias\/miles-de-espanoles-muestran-su-apoyo-a-la-policia-nacional\/#listItem","position":3,"name":"Miles de espa\u00f1oles muestran su apoyo a la Polic\u00eda Nacional","previousItem":{"@type":"ListItem","@id":"https:\/\/www.eldigitaldeasturias.com\/noticias\/category\/actualidad\/#listItem","name":"Actualidad"}}]},{"@type":"Organization","@id":"https:\/\/www.eldigitaldeasturias.com\/noticias\/#organization","name":"El Digital de Asturias","description":"Hemeroteca","url":"https:\/\/www.eldigitaldeasturias.com\/noticias\/","email":"info@eldigitaldeasturias.com","telephone":"+34652131393","logo":{"@type":"ImageObject","url":"https:\/\/www.eldigitaldeasturias.com\/noticias\/wp-content\/uploads\/2020\/12\/EDA.jpg","@id":"https:\/\/www.eldigitaldeasturias.com\/noticias\/miles-de-espanoles-muestran-su-apoyo-a-la-policia-nacional\/#organizationLogo"},"image":{"@id":"https:\/\/www.eldigitaldeasturias.com\/noticias\/miles-de-espanoles-muestran-su-apoyo-a-la-policia-nacional\/#organizationLogo"},"sameAs":["https:\/\/facebook.com\/eldigitaldeasturias","https:\/\/www.youtube.com\/channel\/UCZP-2wLEB9Rv6erhFmqVnvg"],"address":{"@id":"https:\/\/www.eldigitaldeasturias.com\/noticias\/#postaladdress","@type":"PostalAddress","streetAddress":"san antonio 4","postalCode":"33430","addressLocality":"Cand\u00e1s","addressRegion":"Asturias","addressCountry":"ES"}},{"@type":"Person","@id":"https:\/\/www.eldigitaldeasturias.com\/noticias\/author\/admin\/#author","url":"https:\/\/www.eldigitaldeasturias.com\/noticias\/author\/admin\/","name":"El Digital de Asturias","image":{"@type":"ImageObject","@id":"https:\/\/www.eldigitaldeasturias.com\/noticias\/miles-de-espanoles-muestran-su-apoyo-a-la-policia-nacional\/#authorImage","url":"https:\/\/secure.gravatar.com\/avatar\/df2aeffc32bcd13f8d26072ef8a91b623d677766deac7f97ca815868cd41bf5e?s=96&d=mm&r=g","width":96,"height":96,"caption":"El Digital de Asturias"}},{"@type":"WebPage","@id":"https:\/\/www.eldigitaldeasturias.com\/noticias\/miles-de-espanoles-muestran-su-apoyo-a-la-policia-nacional\/#webpage","url":"https:\/\/www.eldigitaldeasturias.com\/noticias\/miles-de-espanoles-muestran-su-apoyo-a-la-policia-nacional\/","name":"Miles de espa\u00f1oles muestran su apoyo a la Polic\u00eda Nacional - El Digital de Asturias","description":"La Polic\u00eda Nacional est\u00e1 recibiendo en los \u00faltimos d\u00edas miles de mensajes de apoyo y solidaridad a trav\u00e9s de llamadas al 091. Por ello, la Polic\u00eda quiere, en primer lugar, agradecer estas muestras de cari\u00f1o, pero tambi\u00e9n recordar a los ciudadanos que el 091 es un servicio de emergencia y atenci\u00f3n al ciudadano en casos","inLanguage":"es-ES","isPartOf":{"@id":"https:\/\/www.eldigitaldeasturias.com\/noticias\/#website"},"breadcrumb":{"@id":"https:\/\/www.eldigitaldeasturias.com\/noticias\/miles-de-espanoles-muestran-su-apoyo-a-la-policia-nacional\/#breadcrumblist"},"author":{"@id":"https:\/\/www.eldigitaldeasturias.com\/noticias\/author\/admin\/#author"},"creator":{"@id":"https:\/\/www.eldigitaldeasturias.com\/noticias\/author\/admin\/#author"},"image":{"@type":"ImageObject","url":730260,"@id":"https:\/\/www.eldigitaldeasturias.com\/noticias\/miles-de-espanoles-muestran-su-apoyo-a-la-policia-nacional\/#mainImage"},"primaryImageOfPage":{"@id":"https:\/\/www.eldigitaldeasturias.com\/noticias\/miles-de-espanoles-muestran-su-apoyo-a-la-policia-nacional\/#mainImage"},"datePublished":"2017-10-06T23:56:22+02:00","dateModified":"2017-10-06T23:56:22+02:00"},{"@type":"WebSite","@id":"https:\/\/www.eldigitaldeasturias.com\/noticias\/#website","url":"https:\/\/www.eldigitaldeasturias.com\/noticias\/","name":"El Digital de Asturias - Diario de actualidad y noticias","alternateName":"El Digital de Asturias - Diario de actualidad y noticias","description":"Hemeroteca","inLanguage":"es-ES","publisher":{"@id":"https:\/\/www.eldigitaldeasturias.com\/noticias\/#organization"}}]},"og:locale":"es_ES","og:site_name":"El Digital de Asturias","og:type":"article","og:title":"Miles de espa\u00f1oles muestran su apoyo a la Polic\u00eda Nacional - El Digital de Asturias","og:description":"La Polic\u00eda Nacional est\u00e1 recibiendo en los \u00faltimos d\u00edas miles de mensajes de apoyo y solidaridad a trav\u00e9s de llamadas al 091. Por ello, la Polic\u00eda quiere, en primer lugar, agradecer estas muestras de cari\u00f1o, pero tambi\u00e9n recordar a los ciudadanos que el 091 es un servicio de emergencia y atenci\u00f3n al ciudadano en casos","og:url":"https:\/\/www.eldigitaldeasturias.com\/noticias\/miles-de-espanoles-muestran-su-apoyo-a-la-policia-nacional\/","article:tag":["actualidad"],"article:published_time":"2017-10-06T23:56:22+00:00","article:modified_time":"2017-10-06T23:56:22+00:00","article:publisher":"https:\/\/facebook.com\/eldigitaldeasturias","twitter:card":"summary_large_image","twitter:title":"Miles de espa\u00f1oles muestran su apoyo a la Polic\u00eda Nacional - El Digital de Asturias","twitter:description":"La Polic\u00eda Nacional est\u00e1 recibiendo en los \u00faltimos d\u00edas miles de mensajes de apoyo y solidaridad a trav\u00e9s de llamadas al 091. Por ello, la Polic\u00eda quiere, en primer lugar, agradecer estas muestras de cari\u00f1o, pero tambi\u00e9n recordar a los ciudadanos que el 091 es un servicio de emergencia y atenci\u00f3n al ciudadano en casos","twitter:image":"https:\/\/www.eldigitaldeasturias.com\/noticias\/wp-content\/uploads\/2020\/12\/EDA-1.jpg","twitter:label1":"Escrito por","twitter:data1":"El Digital de Asturias","twitter:label2":"Tiempo de lectura estimado","twitter:data2":"1 minuto"},"aioseo_meta_data":{"post_id":"955260","title":null,"description":null,"keywords":null,"keyphrases":null,"primary_term":null,"canonical_url":null,"og_title":null,"og_description":null,"og_object_type":"default","og_image_type":"default","og_image_url":null,"og_image_width":null,"og_image_height":null,"og_image_custom_url":null,"og_image_custom_fields":null,"og_video":null,"og_custom_url":null,"og_article_section":null,"og_article_tags":null,"twitter_use_og":false,"twitter_card":"default","twitter_image_type":"default","twitter_image_url":null,"twitter_image_custom_url":null,"twitter_image_custom_fields":null,"twitter_title":null,"twitter_description":null,"schema":{"blockGraphs":[],"customGraphs":[],"default":{"data":{"Article":[],"Course":[],"Dataset":[],"FAQPage":[],"Movie":[],"Person":[],"Product":[],"ProductReview":[],"Car":[],"Recipe":[],"Service":[],"SoftwareApplication":[],"WebPage":[]},"graphName":"","isEnabled":true},"graphs":[],"defaultGraph":"","defaultPostTypeGraph":""},"schema_type":null,"schema_type_options":null,"pillar_content":false,"robots_default":true,"robots_noindex":false,"robots_noarchive":false,"robots_nosnippet":false,"robots_nofollow":false,"robots_noimageindex":false,"robots_noodp":false,"robots_notranslate":false,"robots_max_snippet":null,"robots_max_videopreview":null,"robots_max_imagepreview":"large","priority":null,"frequency":null,"local_seo":null,"seo_analyzer_scan_date":"2025-12-06 09:25:10","breadcrumb_settings":null,"limit_modified_date":false,"open_ai":null,"ai":null,"created":"2020-12-21 12:56:31","updated":"2025-12-06 09:25:10","focus_keyword":null,"additional_keywords":null,"truseo_locale":null},"aioseo_breadcrumb":"<div class=\"aioseo-breadcrumbs\"><span class=\"aioseo-breadcrumb\">\n\t<a href=\"https:\/\/www.eldigitaldeasturias.com\/noticias\" title=\"Home\">Home<\/a>\n<\/span><span class=\"aioseo-breadcrumb-separator\">\u2013<\/span><span class=\"aioseo-breadcrumb\">\n\t<a href=\"https:\/\/www.eldigitaldeasturias.com\/noticias\/category\/actualidad\/\" title=\"Actualidad\">Actualidad<\/a>\n<\/span><span class=\"aioseo-breadcrumb-separator\">\u2013<\/span><span class=\"aioseo-breadcrumb\">\n\t<a href=\"https:\/\/www.eldigitaldeasturias.com\/noticias\/miles-de-espanoles-muestran-su-apoyo-a-la-policia-nacional\/\" title=\"Miles de espa\u00f1oles muestran su apoyo a la Polic\u00eda Nacional\">Miles de espa\u00f1oles muestran su apoyo a la Polic\u00eda Nacional<\/a>\n<\/span><\/div>","aioseo_breadcrumb_json":[{"label":"Home","link":"https:\/\/www.eldigitaldeasturias.com\/noticias"},{"label":"Actualidad","link":"https:\/\/www.eldigitaldeasturias.com\/noticias\/category\/actualidad\/"},{"label":"Miles de espa\u00f1oles muestran su apoyo a la Polic\u00eda Nacional","link":"https:\/\/www.eldigitaldeasturias.com\/noticias\/miles-de-espanoles-muestran-su-apoyo-a-la-policia-nacional\/"}],"_links":{"self":[{"href":"https:\/\/www.eldigitaldeasturias.com\/noticias\/wp-json\/wp\/v2\/posts\/955260","targetHints":{"allow":["GET"]}}],"collection":[{"href":"https:\/\/www.eldigitaldeasturias.com\/noticias\/wp-json\/wp\/v2\/posts"}],"about":[{"href":"https:\/\/www.eldigitaldeasturias.com\/noticias\/wp-json\/wp\/v2\/types\/post"}],"author":[{"embeddable":true,"href":"https:\/\/www.eldigitaldeasturias.com\/noticias\/wp-json\/wp\/v2\/users\/1"}],"replies":[{"embeddable":true,"href":"https:\/\/www.eldigitaldeasturias.com\/noticias\/wp-json\/wp\/v2\/comments?post=955260"}],"version-history":[{"count":0,"href":"https:\/\/www.eldigitaldeasturias.com\/noticias\/wp-json\/wp\/v2\/posts\/955260\/revisions"}],"wp:attachment":[{"href":"https:\/\/www.eldigitaldeasturias.com\/noticias\/wp-json\/wp\/v2\/media?parent=955260"}],"wp:term":[{"taxonomy":"category","embeddable":true,"href":"https:\/\/www.eldigitaldeasturias.com\/noticias\/wp-json\/wp\/v2\/categories?post=955260"},{"taxonomy":"post_tag","embeddable":true,"href":"https:\/\/www.eldigitaldeasturias.com\/noticias\/wp-json\/wp\/v2\/tags?post=955260"}],"curies":[{"name":"wp","href":"https:\/\/api.w.org\/{rel}","templated":true}]}}