{"id":955118,"date":"2017-10-05T21:41:41","date_gmt":"2017-10-05T21:41:41","guid":{"rendered":"http:\/\/www.eldigitaldeasturias.com\/noticias\/?p=955118"},"modified":"2017-10-05T21:41:41","modified_gmt":"2017-10-05T21:41:41","slug":"la-campana-no-piratees-tu-futuro-crea-una-alianza-contra-la-pirateria-en-internet","status":"publish","type":"post","link":"https:\/\/www.eldigitaldeasturias.com\/noticias\/la-campana-no-piratees-tu-futuro-crea-una-alianza-contra-la-pirateria-en-internet\/","title":{"rendered":"La campa\u00f1a &#8216;No piratees tu futuro&#8217; crea una alianza contra la pirater\u00eda en Internet"},"content":{"rendered":"<p><img loading=\"lazy\" decoding=\"async\" class=\"alignleft size-medium wp-image-955119\" src=\"https:\/\/www.eldigitaldeasturias.com\/noticias\/wp-content\/uploads\/2017\/10\/051017_DeVigo-360x239.jpg\" alt=\"\" width=\"360\" height=\"239\" \/>Ma\u00f1ana comienza la emisi\u00f3n de la campa\u00f1a para sensibilizar en la lucha contra la pirater\u00eda en Internet &#8216;No piratees tu futuro&#8217;. El Ministerio de Educaci\u00f3n, Cultura y Deporte ha promovido esta campa\u00f1a institucional que cuenta con el apoyo de LaLiga y la colaboraci\u00f3n de un buen n\u00famero de medios de comunicaci\u00f3n, salas de cine y de ADIF que voluntariamente se han sumado a la misma emitiendo y publicando los anuncios de manera gratuita.<\/p>\n<p>Con ello se muestra el compromiso de todos los implicados en la lucha contra la pirater\u00eda de contenidos culturales o futbol\u00edsticos a trav\u00e9s de Internet.<\/p>\n<p>\u200bAtresmedia, Disney, Discovery Channel, Mediapro, Movistar+, PrisaRadio, y Vodafone han cedido voluntariamente espacios publicitarios en sus canales para emitir los anuncios. RTVE difundir\u00e1n los spots tanto en sus emisoras de radio, como en los canales de televisi\u00f3n, redes sociales y p\u00e1gina web. Las salas de cine, agrupadas en la Federaci\u00f3n de Salas de Cine (FECE), proyectar\u00e1n los anuncios en los trailers previos a las pel\u00edculas y ADIF, publicar\u00e1 los carteles en las estaciones de tren.<\/p>\n<p>La campa\u00f1a no ha tenido coste para el erario p\u00fablico. urante tres meses se emitir\u00e1 en televisi\u00f3n, radio, plataformas audiovisuales y p\u00e1ginas web en todos aquellos medios que quieran colaborar.<\/p>\n<p>Esta campa\u00f1a se enmarca en la pol\u00edtica del Gobierno, recogida en el Plan Cultura 2020, para combatir la vulneraci\u00f3n de los derechos de propiedad intelectual. Esta pol\u00edtica tiene dos vertientes complementarias: la persecuci\u00f3n legal y la prevenci\u00f3n.<\/p>\n<p>Las medidas legales se han visto reforzadas en la \u00faltima reforma de la Ley de Propiedad Intelectual, la Ley de Enjuiciamiento Civil y del C\u00f3digo Penal. &#8216;No piratees tu futuro&#8217; se pone en marcha con la finalidad estrat\u00e9gica de educar y sensibilizar a la sociedad como mecanismo de prevenci\u00f3n.<\/p>\n<p><strong>Cuatro maneras de llegar al p\u00fablico<\/strong><\/p>\n<p>&#8216;No piratees tu futuro&#8217; pretende llegar a un p\u00fablico principalmente joven, sin descartar a ning\u00fan otro, plasmando el mensaje a trav\u00e9s de los intereses particulares que pueda tener cada uno: cine, f\u00fatbol, literatura o m\u00fasica.<\/p>\n<p>La pirater\u00eda de contenidos es una lacra que impide crecer al sector cultural y deportivo. Detr\u00e1s de una canci\u00f3n, una pel\u00edcula, un libro o incluso un partido de f\u00fatbol, hay muchos profesionales que trabajan para dar a conocer sus obras y que las podamos disfrutar. &#8216;No piratees tu futuro&#8217; aspira a sensibilizar en el respeto al derecho que posee cada persona para desarrollarse profesionalmente como autor, cineasta, m\u00fasico o futbolista, utilizando estos cuatro ejemplos en las creatividades de la campa\u00f1a.<\/p>\n<p>Seg\u00fan los datos de la Encuesta de Poblaci\u00f3n Activa, en 2016 cerca de 545.000 personas trabajaron en el sector cultural, lo que representa un 3% del empleo total en Espa\u00f1a. A estas cifras habr\u00eda que sumar las que se dedican al f\u00fatbol o a los trabajos auxiliares necesarios para producir un contenido cultural como, por ejemplo, peluquer\u00eda, maquillaje, transporte, catering, hosteler\u00eda\u2026. Sin un consumo legal, que respete los derechos de autor, estos empleos desaparecer\u00edan.<\/p>\n","protected":false},"excerpt":{"rendered":"<p>Ma\u00f1ana comienza la emisi\u00f3n de la campa\u00f1a para sensibilizar en la lucha contra la pirater\u00eda en Internet &#8216;No piratees tu futuro&#8217;. El Ministerio de Educaci\u00f3n, Cultura y Deporte ha promovido esta campa\u00f1a institucional que cuenta con el apoyo de LaLiga y la colaboraci\u00f3n de un buen n\u00famero de medios de comunicaci\u00f3n, salas de cine y [&hellip;]<\/p>\n","protected":false},"author":1,"featured_media":955119,"comment_status":"closed","ping_status":"closed","sticky":false,"template":"","format":"standard","meta":{"footnotes":""},"categories":[1],"tags":[],"class_list":["post-955118","post","type-post","status-publish","format-standard","has-post-thumbnail","hentry","category-actualidad"],"aioseo_notices":[],"aioseo_head":"\n\t\t<!-- All in One SEO Pro 5.0.1 - aioseo.com -->\n\t<meta name=\"description\" content=\"Ma\u00f1ana comienza la emisi\u00f3n de la campa\u00f1a para sensibilizar en la lucha contra la pirater\u00eda en Internet &#039;No piratees tu futuro&#039;. El Ministerio de Educaci\u00f3n, Cultura y Deporte ha promovido esta campa\u00f1a institucional que cuenta con el apoyo de LaLiga y la colaboraci\u00f3n de un buen n\u00famero de medios de comunicaci\u00f3n, salas de cine y\" \/>\n\t<meta name=\"robots\" content=\"max-image-preview:large\" \/>\n\t<meta name=\"author\" content=\"El Digital de Asturias\"\/>\n\t<meta name=\"google-site-verification\" content=\"UA-38556648-1\" \/>\n\t<meta name=\"msvalidate.01\" content=\"7dfe9f3f1b24437ab69f4f2559babe99\" \/>\n\t<meta name=\"keywords\" content=\"actualidad\" \/>\n\t<link rel=\"canonical\" href=\"https:\/\/www.eldigitaldeasturias.com\/noticias\/la-campana-no-piratees-tu-futuro-crea-una-alianza-contra-la-pirateria-en-internet\/\" \/>\n\t<meta name=\"generator\" content=\"All in One SEO Pro (AIOSEO) 5.0.1\" \/>\n\t\t<meta property=\"og:locale\" content=\"es_ES\" \/>\n\t\t<meta property=\"og:site_name\" content=\"El Digital de Asturias\" \/>\n\t\t<meta property=\"og:type\" content=\"article\" \/>\n\t\t<meta property=\"og:title\" content=\"La campa\u00f1a \u2018No piratees tu futuro\u2019 crea una alianza contra la pirater\u00eda en Internet - El Digital de Asturias\" \/>\n\t\t<meta property=\"og:description\" content=\"Ma\u00f1ana comienza la emisi\u00f3n de la campa\u00f1a para sensibilizar en la lucha contra la pirater\u00eda en Internet &#039;No piratees tu futuro&#039;. El Ministerio de Educaci\u00f3n, Cultura y Deporte ha promovido esta campa\u00f1a institucional que cuenta con el apoyo de LaLiga y la colaboraci\u00f3n de un buen n\u00famero de medios de comunicaci\u00f3n, salas de cine y\" \/>\n\t\t<meta property=\"og:url\" content=\"https:\/\/www.eldigitaldeasturias.com\/noticias\/la-campana-no-piratees-tu-futuro-crea-una-alianza-contra-la-pirateria-en-internet\/\" \/>\n\t\t<meta property=\"article:tag\" content=\"actualidad\" \/>\n\t\t<meta property=\"article:published_time\" content=\"2017-10-05T21:41:41+00:00\" \/>\n\t\t<meta property=\"article:modified_time\" content=\"2017-10-05T21:41:41+00:00\" \/>\n\t\t<meta property=\"article:publisher\" content=\"https:\/\/facebook.com\/eldigitaldeasturias\" \/>\n\t\t<meta name=\"twitter:card\" content=\"summary_large_image\" \/>\n\t\t<meta name=\"twitter:title\" content=\"La campa\u00f1a \u2018No piratees tu futuro\u2019 crea una alianza contra la pirater\u00eda en Internet - El Digital de Asturias\" \/>\n\t\t<meta name=\"twitter:description\" content=\"Ma\u00f1ana comienza la emisi\u00f3n de la campa\u00f1a para sensibilizar en la lucha contra la pirater\u00eda en Internet &#039;No piratees tu futuro&#039;. El Ministerio de Educaci\u00f3n, Cultura y Deporte ha promovido esta campa\u00f1a institucional que cuenta con el apoyo de LaLiga y la colaboraci\u00f3n de un buen n\u00famero de medios de comunicaci\u00f3n, salas de cine y\" \/>\n\t\t<meta name=\"twitter:image\" content=\"https:\/\/www.eldigitaldeasturias.com\/noticias\/wp-content\/uploads\/2020\/12\/EDA-1.jpg\" \/>\n\t\t<meta name=\"twitter:label1\" content=\"Escrito por\" \/>\n\t\t<meta name=\"twitter:data1\" content=\"El Digital de Asturias\" \/>\n\t\t<meta name=\"twitter:label2\" content=\"Tiempo de lectura estimado\" \/>\n\t\t<meta name=\"twitter:data2\" content=\"3 minutos\" \/>\n\t\t<script type=\"application\/ld+json\" class=\"aioseo-schema\">\n\t\t\t{\"@context\":\"https:\\\/\\\/schema.org\",\"@graph\":[{\"@type\":\"BlogPosting\",\"@id\":\"https:\\\/\\\/www.eldigitaldeasturias.com\\\/noticias\\\/la-campana-no-piratees-tu-futuro-crea-una-alianza-contra-la-pirateria-en-internet\\\/#blogposting\",\"name\":\"La campa\\u00f1a \\u2018No piratees tu futuro\\u2019 crea una alianza contra la pirater\\u00eda en Internet - El Digital de Asturias\",\"headline\":\"La campa\\u00f1a &#8216;No piratees tu futuro&#8217; crea una alianza contra la pirater\\u00eda en Internet\",\"author\":{\"@id\":\"https:\\\/\\\/www.eldigitaldeasturias.com\\\/noticias\\\/author\\\/admin\\\/#author\"},\"publisher\":{\"@id\":\"https:\\\/\\\/www.eldigitaldeasturias.com\\\/noticias\\\/#organization\"},\"image\":{\"@type\":\"ImageObject\",\"url\":955119},\"datePublished\":\"2017-10-05T21:41:41+02:00\",\"dateModified\":\"2017-10-05T21:41:41+02:00\",\"inLanguage\":\"es-ES\",\"mainEntityOfPage\":{\"@id\":\"https:\\\/\\\/www.eldigitaldeasturias.com\\\/noticias\\\/la-campana-no-piratees-tu-futuro-crea-una-alianza-contra-la-pirateria-en-internet\\\/#webpage\"},\"isPartOf\":{\"@id\":\"https:\\\/\\\/www.eldigitaldeasturias.com\\\/noticias\\\/la-campana-no-piratees-tu-futuro-crea-una-alianza-contra-la-pirateria-en-internet\\\/#webpage\"},\"articleSection\":\"Actualidad\"},{\"@type\":\"BreadcrumbList\",\"@id\":\"https:\\\/\\\/www.eldigitaldeasturias.com\\\/noticias\\\/la-campana-no-piratees-tu-futuro-crea-una-alianza-contra-la-pirateria-en-internet\\\/#breadcrumblist\",\"itemListElement\":[{\"@type\":\"ListItem\",\"@id\":\"https:\\\/\\\/www.eldigitaldeasturias.com\\\/noticias#listItem\",\"position\":1,\"name\":\"Home\",\"item\":\"https:\\\/\\\/www.eldigitaldeasturias.com\\\/noticias\",\"nextItem\":{\"@type\":\"ListItem\",\"@id\":\"https:\\\/\\\/www.eldigitaldeasturias.com\\\/noticias\\\/category\\\/actualidad\\\/#listItem\",\"name\":\"Actualidad\"}},{\"@type\":\"ListItem\",\"@id\":\"https:\\\/\\\/www.eldigitaldeasturias.com\\\/noticias\\\/category\\\/actualidad\\\/#listItem\",\"position\":2,\"name\":\"Actualidad\",\"item\":\"https:\\\/\\\/www.eldigitaldeasturias.com\\\/noticias\\\/category\\\/actualidad\\\/\",\"nextItem\":{\"@type\":\"ListItem\",\"@id\":\"https:\\\/\\\/www.eldigitaldeasturias.com\\\/noticias\\\/la-campana-no-piratees-tu-futuro-crea-una-alianza-contra-la-pirateria-en-internet\\\/#listItem\",\"name\":\"La campa\\u00f1a &#8216;No piratees tu futuro&#8217; crea una alianza contra la pirater\\u00eda en Internet\"},\"previousItem\":{\"@type\":\"ListItem\",\"@id\":\"https:\\\/\\\/www.eldigitaldeasturias.com\\\/noticias#listItem\",\"name\":\"Home\"}},{\"@type\":\"ListItem\",\"@id\":\"https:\\\/\\\/www.eldigitaldeasturias.com\\\/noticias\\\/la-campana-no-piratees-tu-futuro-crea-una-alianza-contra-la-pirateria-en-internet\\\/#listItem\",\"position\":3,\"name\":\"La campa\\u00f1a &#8216;No piratees tu futuro&#8217; crea una alianza contra la pirater\\u00eda en Internet\",\"previousItem\":{\"@type\":\"ListItem\",\"@id\":\"https:\\\/\\\/www.eldigitaldeasturias.com\\\/noticias\\\/category\\\/actualidad\\\/#listItem\",\"name\":\"Actualidad\"}}]},{\"@type\":\"Organization\",\"@id\":\"https:\\\/\\\/www.eldigitaldeasturias.com\\\/noticias\\\/#organization\",\"name\":\"El Digital de Asturias\",\"description\":\"Hemeroteca\",\"url\":\"https:\\\/\\\/www.eldigitaldeasturias.com\\\/noticias\\\/\",\"email\":\"info@eldigitaldeasturias.com\",\"telephone\":\"+34652131393\",\"logo\":{\"@type\":\"ImageObject\",\"url\":\"https:\\\/\\\/www.eldigitaldeasturias.com\\\/noticias\\\/wp-content\\\/uploads\\\/2020\\\/12\\\/EDA.jpg\",\"@id\":\"https:\\\/\\\/www.eldigitaldeasturias.com\\\/noticias\\\/la-campana-no-piratees-tu-futuro-crea-una-alianza-contra-la-pirateria-en-internet\\\/#organizationLogo\"},\"image\":{\"@id\":\"https:\\\/\\\/www.eldigitaldeasturias.com\\\/noticias\\\/la-campana-no-piratees-tu-futuro-crea-una-alianza-contra-la-pirateria-en-internet\\\/#organizationLogo\"},\"sameAs\":[\"https:\\\/\\\/facebook.com\\\/eldigitaldeasturias\",\"https:\\\/\\\/www.youtube.com\\\/channel\\\/UCZP-2wLEB9Rv6erhFmqVnvg\"],\"address\":{\"@id\":\"https:\\\/\\\/www.eldigitaldeasturias.com\\\/noticias\\\/#postaladdress\",\"@type\":\"PostalAddress\",\"streetAddress\":\"san antonio 4\",\"postalCode\":\"33430\",\"addressLocality\":\"Cand\\u00e1s\",\"addressRegion\":\"Asturias\",\"addressCountry\":\"ES\"}},{\"@type\":\"Person\",\"@id\":\"https:\\\/\\\/www.eldigitaldeasturias.com\\\/noticias\\\/author\\\/admin\\\/#author\",\"url\":\"https:\\\/\\\/www.eldigitaldeasturias.com\\\/noticias\\\/author\\\/admin\\\/\",\"name\":\"El Digital de Asturias\",\"image\":{\"@type\":\"ImageObject\",\"@id\":\"https:\\\/\\\/www.eldigitaldeasturias.com\\\/noticias\\\/la-campana-no-piratees-tu-futuro-crea-una-alianza-contra-la-pirateria-en-internet\\\/#authorImage\",\"url\":\"https:\\\/\\\/secure.gravatar.com\\\/avatar\\\/df2aeffc32bcd13f8d26072ef8a91b623d677766deac7f97ca815868cd41bf5e?s=96&d=mm&r=g\",\"width\":96,\"height\":96,\"caption\":\"El Digital de Asturias\"}},{\"@type\":\"WebPage\",\"@id\":\"https:\\\/\\\/www.eldigitaldeasturias.com\\\/noticias\\\/la-campana-no-piratees-tu-futuro-crea-una-alianza-contra-la-pirateria-en-internet\\\/#webpage\",\"url\":\"https:\\\/\\\/www.eldigitaldeasturias.com\\\/noticias\\\/la-campana-no-piratees-tu-futuro-crea-una-alianza-contra-la-pirateria-en-internet\\\/\",\"name\":\"La campa\\u00f1a \\u2018No piratees tu futuro\\u2019 crea una alianza contra la pirater\\u00eda en Internet - El Digital de Asturias\",\"description\":\"Ma\\u00f1ana comienza la emisi\\u00f3n de la campa\\u00f1a para sensibilizar en la lucha contra la pirater\\u00eda en Internet 'No piratees tu futuro'. El Ministerio de Educaci\\u00f3n, Cultura y Deporte ha promovido esta campa\\u00f1a institucional que cuenta con el apoyo de LaLiga y la colaboraci\\u00f3n de un buen n\\u00famero de medios de comunicaci\\u00f3n, salas de cine y\",\"inLanguage\":\"es-ES\",\"isPartOf\":{\"@id\":\"https:\\\/\\\/www.eldigitaldeasturias.com\\\/noticias\\\/#website\"},\"breadcrumb\":{\"@id\":\"https:\\\/\\\/www.eldigitaldeasturias.com\\\/noticias\\\/la-campana-no-piratees-tu-futuro-crea-una-alianza-contra-la-pirateria-en-internet\\\/#breadcrumblist\"},\"author\":{\"@id\":\"https:\\\/\\\/www.eldigitaldeasturias.com\\\/noticias\\\/author\\\/admin\\\/#author\"},\"creator\":{\"@id\":\"https:\\\/\\\/www.eldigitaldeasturias.com\\\/noticias\\\/author\\\/admin\\\/#author\"},\"image\":{\"@type\":\"ImageObject\",\"url\":955119,\"@id\":\"https:\\\/\\\/www.eldigitaldeasturias.com\\\/noticias\\\/la-campana-no-piratees-tu-futuro-crea-una-alianza-contra-la-pirateria-en-internet\\\/#mainImage\"},\"primaryImageOfPage\":{\"@id\":\"https:\\\/\\\/www.eldigitaldeasturias.com\\\/noticias\\\/la-campana-no-piratees-tu-futuro-crea-una-alianza-contra-la-pirateria-en-internet\\\/#mainImage\"},\"datePublished\":\"2017-10-05T21:41:41+02:00\",\"dateModified\":\"2017-10-05T21:41:41+02:00\"},{\"@type\":\"WebSite\",\"@id\":\"https:\\\/\\\/www.eldigitaldeasturias.com\\\/noticias\\\/#website\",\"url\":\"https:\\\/\\\/www.eldigitaldeasturias.com\\\/noticias\\\/\",\"name\":\"El Digital de Asturias - Diario de actualidad y noticias\",\"alternateName\":\"El Digital de Asturias - Diario de actualidad y noticias\",\"description\":\"Hemeroteca\",\"inLanguage\":\"es-ES\",\"publisher\":{\"@id\":\"https:\\\/\\\/www.eldigitaldeasturias.com\\\/noticias\\\/#organization\"}}]}\n\t\t<\/script>\n\t\t<!-- All in One SEO Pro -->\r\n\t\t<title>La campa\u00f1a \u2018No piratees tu futuro\u2019 crea una alianza contra la pirater\u00eda en Internet - El Digital de Asturias<\/title>\n\n","aioseo_head_json":{"title":"La campa\u00f1a \u2018No piratees tu futuro\u2019 crea una alianza contra la pirater\u00eda en Internet - El Digital de Asturias","description":"Ma\u00f1ana comienza la emisi\u00f3n de la campa\u00f1a para sensibilizar en la lucha contra la pirater\u00eda en Internet 'No piratees tu futuro'. El Ministerio de Educaci\u00f3n, Cultura y Deporte ha promovido esta campa\u00f1a institucional que cuenta con el apoyo de LaLiga y la colaboraci\u00f3n de un buen n\u00famero de medios de comunicaci\u00f3n, salas de cine y","canonical_url":"https:\/\/www.eldigitaldeasturias.com\/noticias\/la-campana-no-piratees-tu-futuro-crea-una-alianza-contra-la-pirateria-en-internet\/","robots":"max-image-preview:large","keywords":"actualidad","webmasterTools":{"google-site-verification":"UA-38556648-1","msvalidate.01":"7dfe9f3f1b24437ab69f4f2559babe99","miscellaneous":""},"schema":{"@context":"https:\/\/schema.org","@graph":[{"@type":"BlogPosting","@id":"https:\/\/www.eldigitaldeasturias.com\/noticias\/la-campana-no-piratees-tu-futuro-crea-una-alianza-contra-la-pirateria-en-internet\/#blogposting","name":"La campa\u00f1a \u2018No piratees tu futuro\u2019 crea una alianza contra la pirater\u00eda en Internet - El Digital de Asturias","headline":"La campa\u00f1a &#8216;No piratees tu futuro&#8217; crea una alianza contra la pirater\u00eda en Internet","author":{"@id":"https:\/\/www.eldigitaldeasturias.com\/noticias\/author\/admin\/#author"},"publisher":{"@id":"https:\/\/www.eldigitaldeasturias.com\/noticias\/#organization"},"image":{"@type":"ImageObject","url":955119},"datePublished":"2017-10-05T21:41:41+02:00","dateModified":"2017-10-05T21:41:41+02:00","inLanguage":"es-ES","mainEntityOfPage":{"@id":"https:\/\/www.eldigitaldeasturias.com\/noticias\/la-campana-no-piratees-tu-futuro-crea-una-alianza-contra-la-pirateria-en-internet\/#webpage"},"isPartOf":{"@id":"https:\/\/www.eldigitaldeasturias.com\/noticias\/la-campana-no-piratees-tu-futuro-crea-una-alianza-contra-la-pirateria-en-internet\/#webpage"},"articleSection":"Actualidad"},{"@type":"BreadcrumbList","@id":"https:\/\/www.eldigitaldeasturias.com\/noticias\/la-campana-no-piratees-tu-futuro-crea-una-alianza-contra-la-pirateria-en-internet\/#breadcrumblist","itemListElement":[{"@type":"ListItem","@id":"https:\/\/www.eldigitaldeasturias.com\/noticias#listItem","position":1,"name":"Home","item":"https:\/\/www.eldigitaldeasturias.com\/noticias","nextItem":{"@type":"ListItem","@id":"https:\/\/www.eldigitaldeasturias.com\/noticias\/category\/actualidad\/#listItem","name":"Actualidad"}},{"@type":"ListItem","@id":"https:\/\/www.eldigitaldeasturias.com\/noticias\/category\/actualidad\/#listItem","position":2,"name":"Actualidad","item":"https:\/\/www.eldigitaldeasturias.com\/noticias\/category\/actualidad\/","nextItem":{"@type":"ListItem","@id":"https:\/\/www.eldigitaldeasturias.com\/noticias\/la-campana-no-piratees-tu-futuro-crea-una-alianza-contra-la-pirateria-en-internet\/#listItem","name":"La campa\u00f1a &#8216;No piratees tu futuro&#8217; crea una alianza contra la pirater\u00eda en Internet"},"previousItem":{"@type":"ListItem","@id":"https:\/\/www.eldigitaldeasturias.com\/noticias#listItem","name":"Home"}},{"@type":"ListItem","@id":"https:\/\/www.eldigitaldeasturias.com\/noticias\/la-campana-no-piratees-tu-futuro-crea-una-alianza-contra-la-pirateria-en-internet\/#listItem","position":3,"name":"La campa\u00f1a &#8216;No piratees tu futuro&#8217; crea una alianza contra la pirater\u00eda en Internet","previousItem":{"@type":"ListItem","@id":"https:\/\/www.eldigitaldeasturias.com\/noticias\/category\/actualidad\/#listItem","name":"Actualidad"}}]},{"@type":"Organization","@id":"https:\/\/www.eldigitaldeasturias.com\/noticias\/#organization","name":"El Digital de Asturias","description":"Hemeroteca","url":"https:\/\/www.eldigitaldeasturias.com\/noticias\/","email":"info@eldigitaldeasturias.com","telephone":"+34652131393","logo":{"@type":"ImageObject","url":"https:\/\/www.eldigitaldeasturias.com\/noticias\/wp-content\/uploads\/2020\/12\/EDA.jpg","@id":"https:\/\/www.eldigitaldeasturias.com\/noticias\/la-campana-no-piratees-tu-futuro-crea-una-alianza-contra-la-pirateria-en-internet\/#organizationLogo"},"image":{"@id":"https:\/\/www.eldigitaldeasturias.com\/noticias\/la-campana-no-piratees-tu-futuro-crea-una-alianza-contra-la-pirateria-en-internet\/#organizationLogo"},"sameAs":["https:\/\/facebook.com\/eldigitaldeasturias","https:\/\/www.youtube.com\/channel\/UCZP-2wLEB9Rv6erhFmqVnvg"],"address":{"@id":"https:\/\/www.eldigitaldeasturias.com\/noticias\/#postaladdress","@type":"PostalAddress","streetAddress":"san antonio 4","postalCode":"33430","addressLocality":"Cand\u00e1s","addressRegion":"Asturias","addressCountry":"ES"}},{"@type":"Person","@id":"https:\/\/www.eldigitaldeasturias.com\/noticias\/author\/admin\/#author","url":"https:\/\/www.eldigitaldeasturias.com\/noticias\/author\/admin\/","name":"El Digital de Asturias","image":{"@type":"ImageObject","@id":"https:\/\/www.eldigitaldeasturias.com\/noticias\/la-campana-no-piratees-tu-futuro-crea-una-alianza-contra-la-pirateria-en-internet\/#authorImage","url":"https:\/\/secure.gravatar.com\/avatar\/df2aeffc32bcd13f8d26072ef8a91b623d677766deac7f97ca815868cd41bf5e?s=96&d=mm&r=g","width":96,"height":96,"caption":"El Digital de Asturias"}},{"@type":"WebPage","@id":"https:\/\/www.eldigitaldeasturias.com\/noticias\/la-campana-no-piratees-tu-futuro-crea-una-alianza-contra-la-pirateria-en-internet\/#webpage","url":"https:\/\/www.eldigitaldeasturias.com\/noticias\/la-campana-no-piratees-tu-futuro-crea-una-alianza-contra-la-pirateria-en-internet\/","name":"La campa\u00f1a \u2018No piratees tu futuro\u2019 crea una alianza contra la pirater\u00eda en Internet - El Digital de Asturias","description":"Ma\u00f1ana comienza la emisi\u00f3n de la campa\u00f1a para sensibilizar en la lucha contra la pirater\u00eda en Internet 'No piratees tu futuro'. El Ministerio de Educaci\u00f3n, Cultura y Deporte ha promovido esta campa\u00f1a institucional que cuenta con el apoyo de LaLiga y la colaboraci\u00f3n de un buen n\u00famero de medios de comunicaci\u00f3n, salas de cine y","inLanguage":"es-ES","isPartOf":{"@id":"https:\/\/www.eldigitaldeasturias.com\/noticias\/#website"},"breadcrumb":{"@id":"https:\/\/www.eldigitaldeasturias.com\/noticias\/la-campana-no-piratees-tu-futuro-crea-una-alianza-contra-la-pirateria-en-internet\/#breadcrumblist"},"author":{"@id":"https:\/\/www.eldigitaldeasturias.com\/noticias\/author\/admin\/#author"},"creator":{"@id":"https:\/\/www.eldigitaldeasturias.com\/noticias\/author\/admin\/#author"},"image":{"@type":"ImageObject","url":955119,"@id":"https:\/\/www.eldigitaldeasturias.com\/noticias\/la-campana-no-piratees-tu-futuro-crea-una-alianza-contra-la-pirateria-en-internet\/#mainImage"},"primaryImageOfPage":{"@id":"https:\/\/www.eldigitaldeasturias.com\/noticias\/la-campana-no-piratees-tu-futuro-crea-una-alianza-contra-la-pirateria-en-internet\/#mainImage"},"datePublished":"2017-10-05T21:41:41+02:00","dateModified":"2017-10-05T21:41:41+02:00"},{"@type":"WebSite","@id":"https:\/\/www.eldigitaldeasturias.com\/noticias\/#website","url":"https:\/\/www.eldigitaldeasturias.com\/noticias\/","name":"El Digital de Asturias - Diario de actualidad y noticias","alternateName":"El Digital de Asturias - Diario de actualidad y noticias","description":"Hemeroteca","inLanguage":"es-ES","publisher":{"@id":"https:\/\/www.eldigitaldeasturias.com\/noticias\/#organization"}}]},"og:locale":"es_ES","og:site_name":"El Digital de Asturias","og:type":"article","og:title":"La campa\u00f1a \u2018No piratees tu futuro\u2019 crea una alianza contra la pirater\u00eda en Internet - El Digital de Asturias","og:description":"Ma\u00f1ana comienza la emisi\u00f3n de la campa\u00f1a para sensibilizar en la lucha contra la pirater\u00eda en Internet 'No piratees tu futuro'. El Ministerio de Educaci\u00f3n, Cultura y Deporte ha promovido esta campa\u00f1a institucional que cuenta con el apoyo de LaLiga y la colaboraci\u00f3n de un buen n\u00famero de medios de comunicaci\u00f3n, salas de cine y","og:url":"https:\/\/www.eldigitaldeasturias.com\/noticias\/la-campana-no-piratees-tu-futuro-crea-una-alianza-contra-la-pirateria-en-internet\/","article:tag":["actualidad"],"article:published_time":"2017-10-05T21:41:41+00:00","article:modified_time":"2017-10-05T21:41:41+00:00","article:publisher":"https:\/\/facebook.com\/eldigitaldeasturias","twitter:card":"summary_large_image","twitter:title":"La campa\u00f1a \u2018No piratees tu futuro\u2019 crea una alianza contra la pirater\u00eda en Internet - El Digital de Asturias","twitter:description":"Ma\u00f1ana comienza la emisi\u00f3n de la campa\u00f1a para sensibilizar en la lucha contra la pirater\u00eda en Internet 'No piratees tu futuro'. El Ministerio de Educaci\u00f3n, Cultura y Deporte ha promovido esta campa\u00f1a institucional que cuenta con el apoyo de LaLiga y la colaboraci\u00f3n de un buen n\u00famero de medios de comunicaci\u00f3n, salas de cine y","twitter:image":"https:\/\/www.eldigitaldeasturias.com\/noticias\/wp-content\/uploads\/2020\/12\/EDA-1.jpg","twitter:label1":"Escrito por","twitter:data1":"El Digital de Asturias","twitter:label2":"Tiempo de lectura estimado","twitter:data2":"3 minutos"},"aioseo_meta_data":{"post_id":"955118","title":null,"description":null,"keywords":null,"keyphrases":null,"primary_term":null,"canonical_url":null,"og_title":null,"og_description":null,"og_object_type":"default","og_image_type":"default","og_image_url":null,"og_image_width":null,"og_image_height":null,"og_image_custom_url":null,"og_image_custom_fields":null,"og_video":null,"og_custom_url":null,"og_article_section":null,"og_article_tags":null,"twitter_use_og":false,"twitter_card":"default","twitter_image_type":"default","twitter_image_url":null,"twitter_image_custom_url":null,"twitter_image_custom_fields":null,"twitter_title":null,"twitter_description":null,"schema":{"blockGraphs":[],"customGraphs":[],"default":{"data":{"Article":[],"Course":[],"Dataset":[],"FAQPage":[],"Movie":[],"Person":[],"Product":[],"ProductReview":[],"Car":[],"Recipe":[],"Service":[],"SoftwareApplication":[],"WebPage":[]},"graphName":"","isEnabled":true},"graphs":[],"defaultGraph":"","defaultPostTypeGraph":""},"schema_type":null,"schema_type_options":null,"pillar_content":false,"robots_default":true,"robots_noindex":false,"robots_noarchive":false,"robots_nosnippet":false,"robots_nofollow":false,"robots_noimageindex":false,"robots_noodp":false,"robots_notranslate":false,"robots_max_snippet":null,"robots_max_videopreview":null,"robots_max_imagepreview":"large","priority":null,"frequency":null,"local_seo":null,"seo_analyzer_scan_date":"2025-12-06 08:56:10","breadcrumb_settings":null,"limit_modified_date":false,"open_ai":null,"ai":null,"created":"2020-12-21 12:56:31","updated":"2025-12-06 08:56:10","focus_keyword":null,"additional_keywords":null,"truseo_locale":null},"aioseo_breadcrumb":"<div class=\"aioseo-breadcrumbs\"><span class=\"aioseo-breadcrumb\">\n\t<a href=\"https:\/\/www.eldigitaldeasturias.com\/noticias\" title=\"Home\">Home<\/a>\n<\/span><span class=\"aioseo-breadcrumb-separator\">\u2013<\/span><span class=\"aioseo-breadcrumb\">\n\t<a href=\"https:\/\/www.eldigitaldeasturias.com\/noticias\/category\/actualidad\/\" title=\"Actualidad\">Actualidad<\/a>\n<\/span><span class=\"aioseo-breadcrumb-separator\">\u2013<\/span><span class=\"aioseo-breadcrumb\">\n\t<a href=\"https:\/\/www.eldigitaldeasturias.com\/noticias\/la-campana-no-piratees-tu-futuro-crea-una-alianza-contra-la-pirateria-en-internet\/\" title=\"La campa\u00f1a \u2018No piratees tu futuro\u2019 crea una alianza contra la pirater\u00eda en Internet\">La campa\u00f1a \u2018No piratees tu futuro\u2019 crea una alianza contra la pirater\u00eda en Internet<\/a>\n<\/span><\/div>","aioseo_breadcrumb_json":[{"label":"Home","link":"https:\/\/www.eldigitaldeasturias.com\/noticias"},{"label":"Actualidad","link":"https:\/\/www.eldigitaldeasturias.com\/noticias\/category\/actualidad\/"},{"label":"La campa\u00f1a &#8216;No piratees tu futuro&#8217; crea una alianza contra la pirater\u00eda en Internet","link":"https:\/\/www.eldigitaldeasturias.com\/noticias\/la-campana-no-piratees-tu-futuro-crea-una-alianza-contra-la-pirateria-en-internet\/"}],"_links":{"self":[{"href":"https:\/\/www.eldigitaldeasturias.com\/noticias\/wp-json\/wp\/v2\/posts\/955118","targetHints":{"allow":["GET"]}}],"collection":[{"href":"https:\/\/www.eldigitaldeasturias.com\/noticias\/wp-json\/wp\/v2\/posts"}],"about":[{"href":"https:\/\/www.eldigitaldeasturias.com\/noticias\/wp-json\/wp\/v2\/types\/post"}],"author":[{"embeddable":true,"href":"https:\/\/www.eldigitaldeasturias.com\/noticias\/wp-json\/wp\/v2\/users\/1"}],"replies":[{"embeddable":true,"href":"https:\/\/www.eldigitaldeasturias.com\/noticias\/wp-json\/wp\/v2\/comments?post=955118"}],"version-history":[{"count":0,"href":"https:\/\/www.eldigitaldeasturias.com\/noticias\/wp-json\/wp\/v2\/posts\/955118\/revisions"}],"wp:attachment":[{"href":"https:\/\/www.eldigitaldeasturias.com\/noticias\/wp-json\/wp\/v2\/media?parent=955118"}],"wp:term":[{"taxonomy":"category","embeddable":true,"href":"https:\/\/www.eldigitaldeasturias.com\/noticias\/wp-json\/wp\/v2\/categories?post=955118"},{"taxonomy":"post_tag","embeddable":true,"href":"https:\/\/www.eldigitaldeasturias.com\/noticias\/wp-json\/wp\/v2\/tags?post=955118"}],"curies":[{"name":"wp","href":"https:\/\/api.w.org\/{rel}","templated":true}]}}