{"id":955092,"date":"2017-10-05T20:35:01","date_gmt":"2017-10-05T20:35:01","guid":{"rendered":"http:\/\/www.eldigitaldeasturias.com\/noticias\/?p=955092"},"modified":"2017-10-05T20:35:01","modified_gmt":"2017-10-05T20:35:01","slug":"lamban-defiende-el-corredor-cantabrico-mediterraneo","status":"publish","type":"post","link":"https:\/\/www.eldigitaldeasturias.com\/noticias\/lamban-defiende-el-corredor-cantabrico-mediterraneo\/","title":{"rendered":"Lamb\u00e1n defiende el Corredor Cant\u00e1brico-Mediterr\u00e1neo"},"content":{"rendered":"<p><img loading=\"lazy\" decoding=\"async\" class=\"alignleft size-medium wp-image-955093\" src=\"https:\/\/www.eldigitaldeasturias.com\/noticias\/wp-content\/uploads\/2017\/10\/MG_5167-01_116a1b00-360x159.jpg\" alt=\"\" width=\"360\" height=\"159\" \/>El presidente de Arag\u00f3n, Javier Lamb\u00e1n, ha defendido el proyecto del Corredor Cant\u00e1brico-Mediterr\u00e1neo, a trav\u00e9s de Zaragoza y Teruel, porque permite \u00abun desarrollo equilibrado del territorio\u00bb y avanzar hacia un modelo de Espa\u00f1a \u00aben red\u00bb, que ser\u00e1 \u00abla soluci\u00f3n definitiva del encaje de todas las Comunidades en un modelo de pa\u00eds\u00bb.<\/p>\n<p>As\u00ed lo ha afirmado Lamb\u00e1n durante su intervenci\u00f3n en la inauguraci\u00f3n de la jornada &#8216;Conexi\u00f3n entre los corredores Atl\u00e1ntico y Mediterr\u00e1neo. Mejora de la competitividad empresarial y la conectividad ferroviaria del noroeste peninsular&#8217;, que se ha celebrado en Ibercaja Patio de la Infanta, organizada por la C\u00e1mara de Comercio de Zaragoza, el Colegio de Ingenieros Industriales y la Universidad de Zaragoza, y a la que ha asistido el ministro de Fomento, \u00cd\u00f1igo de la Serna.<\/p>\n<p>El presidente aragon\u00e9s ha recordado que la Comunidad centra sus \u00abesfuerzos\u00bb en materia de infraestructuras, adem\u00e1s de en las carreteras, en dos conexiones ferroviarias que considera \u00abcomplementarias\u00bb para el desarrollo econ\u00f3mico: el eje Cant\u00e1brico-Mediterr\u00e1neo y la reapertura del Canfranc, que dar\u00edan lugar a una \u00abY a la aragonesa\u00bb.<\/p>\n<p>Estos proyectos suponen \u00abhablar de econom\u00eda, de pol\u00edtica, de un modelo de pa\u00eds y de una manera de entender Espa\u00f1a\u00bb, que supone pasar del modelo del siglo XVIII, de una Espa\u00f1a \u00abradial\u00bb y centralizada, \u00aba un modelo que se opone a aquel, que lo supera ampliamente y va hacia un concepto de Espa\u00f1a en red, que empieza a dibujar en el dise\u00f1o de las infraestructuras lo que para nosotros es la soluci\u00f3n definitiva del encaje de todas las Comunidades en un modelo de pa\u00eds, hacia un modelo federal\u00bb.<\/p>\n<p>Lamb\u00e1n ha estimado que ese modelo federal es \u00abpol\u00edticamente razonable, permite un desarrollo equilibrado de todo el pa\u00eds, pone las infraestructuras al servicio del desarrollo de la econom\u00eda\u00bb, de modo que una Comunidad de interior como Arag\u00f3n, que \u00abdurante muchos siglos estuvo expulsada a la periferia del desarrollo econ\u00f3mico\u00bb, ahora tiene una posici\u00f3n estrat\u00e9gica \u00ababsolutamente envidiable\u00bb.<\/p>\n<p>En este punto, ha estimado que Arag\u00f3n se puede convertir \u00aben las pr\u00f3ximas d\u00e9cadas\u00bb en la plataforma log\u00edstica \u00abm\u00e1s importante del sur de Europa\u00bb, como as\u00ed lo demuestra el inter\u00e9s de China por operar en esta Comunidad o el desarrollo que est\u00e1n teniendo todos los centros log\u00edsticos de la regi\u00f3n.<\/p>\n<p>No obstante, se requiere \u00abde buenas conexiones con los puertos\u00bb, ha advertido Lamb\u00e1n, al explicar que en esta legislatura se ha reactivado la log\u00edstica y ya se han alcanzado acuerdos con el puerto de Barcelona, con Valencia y el puerto de Sagunto y relaciones \u00abcon Algeciras y con la plataforma log\u00edstica de Antequera, sin que ello suponga en ning\u00fan caso que apostemos por otros ejes que el del corredor Mediterr\u00e1neo a trav\u00e9s de Teruel y Zaragoza\u00bb, que es un eje \u00abfundamental\u00bb para la log\u00edstica aragonesa, ha recalcado.<\/p>\n<p>Adem\u00e1s, Lamb\u00e1n ha defendido el compromiso con este eje que une seis comunidades aut\u00f3nomas, lo que supone 240.000 millones de euros del PIB y 10 millones de habitantes, es decir, representa el 27% del Producto Interior Bruto espa\u00f1ol y de la demograf\u00eda aragonesa.<\/p>\n<p><strong>Unidad<\/strong><\/p>\n<p>Javier Lamb\u00e1n ha subrayado que el gobierno que preside, a pesar de disentir \u00abideol\u00f3gica y pol\u00edticamente\u00bb del Ejecutivo central, mantiene una relaci\u00f3n de \u00ablealtad rec\u00edproca\u00bb y la Comunidad \u00absiente de manera c\u00f3moda y natural su pertenencia a Espa\u00f1a, trabajando codo con codo con el Gobierno de turno para sacar adelante proyectos que obedecen al inter\u00e9s com\u00fan\u00bb.<\/p>\n<p>El Gobierno aragon\u00e9s \u00abse siente plenamente concernido en la gobernanza de este pa\u00eds\u00bb y, por este motivo, desea colaborar en la b\u00fasqueda de soluciones a los problemas, \u00absobre todo si se producen de manera tan cercana y tan pr\u00f3xima como lo que est\u00e1 ocurriendo en la vecina Catalu\u00f1a\u00bb.<\/p>\n<p>Al respecto, Lamb\u00e1n ha comentado que \u00abcualquier terremoto con epicentro en Barcelona conmueve las estructuras de Arag\u00f3n\u00bb, por eso esta Comunidad puede realizar \u00abgrandes aportaciones \u00aben la b\u00fasqueda de soluciones para el problema creado por la insensatez, la falta de respeto al Estado de Derecho y a la legalidad, de la Generalitat\u00bb.<\/p>\n<p>Frente a quien reflexiona sobre la necesidad de que el Gobierno de Espa\u00f1a planifique el futuro de las infraestructuras pensando en la posible independencia de Catalu\u00f1a, \u00abme niego absolutamente a considerar esa posibilidad\u00bb, ha dicho tajante, al mostrarse \u00ababsolutamente convencido de que el Estado de Derecho, la raz\u00f3n, de que al final incluso en Catalu\u00f1a se impondr\u00e1 la sensatez\u00bb, por lo que el dise\u00f1o de las infraestructuras del pa\u00eds \u00abtiene que hacerse pensando que Catalu\u00f1a es Espa\u00f1a y lo seguir\u00e1 siendo\u00bb.<\/p>\n<p>En todo caso, ha resaltado que \u00aben un tiempo convulso, en d\u00edas en los que amanecemos y nos vamos a dormir con malas noticias, que nos desgarran el coraz\u00f3n, en unos tiempos tan dif\u00edciles de vivir y de sobrellevar, lo cierto es que estas noticias y reuniones vienen como agua de mayo\u00bb y permiten transmitir a la sociedad que \u00aben este pa\u00eds todav\u00eda hay dosis muy importantes de sensatez, de sentido com\u00fan\u00bb y que la pol\u00edtica a\u00fan mantiene una visi\u00f3n \u00abque antepone el inter\u00e9s general por encima de cualquier otra consideraci\u00f3n\u00bb.<\/p>\n<p>Por su parte, el consejero de Vertebraci\u00f3n del Territorio, Movilidad y Vivienda, Jos\u00e9 Luis Soro, ha clausurado esta jornada. En su intervenci\u00f3n se\u00f1ala que \u201cdesde el Gobierno de Arag\u00f3n valoramos muy positivamente las inversiones previstas que son necesarias pero que no son suficientes\u201d. En este sentido se\u00f1ala que \u201cpara ser realmente competitivos, no podemos renunciar, en ning\u00fan caso, a otras actuaciones m\u00e1s ambiciosas, incluidas en los estudios informativos redactados por el Ministerio de Fomento en relaci\u00f3n con el Corredor de Altas Prestaciones Cant\u00e1brico-Mediterr\u00e1neo, para tr\u00e1fico mixto de mercanc\u00edas y viajeros\u201d.<\/p>\n<p>&nbsp;<\/p>\n","protected":false},"excerpt":{"rendered":"<p>El presidente de Arag\u00f3n, Javier Lamb\u00e1n, ha defendido el proyecto del Corredor Cant\u00e1brico-Mediterr\u00e1neo, a trav\u00e9s de Zaragoza y Teruel, porque permite \u00abun desarrollo equilibrado del territorio\u00bb y avanzar hacia un modelo de Espa\u00f1a \u00aben red\u00bb, que ser\u00e1 \u00abla soluci\u00f3n definitiva del encaje de todas las Comunidades en un modelo de pa\u00eds\u00bb. As\u00ed lo ha afirmado [&hellip;]<\/p>\n","protected":false},"author":1,"featured_media":955093,"comment_status":"closed","ping_status":"closed","sticky":false,"template":"","format":"standard","meta":{"footnotes":""},"categories":[1],"tags":[],"class_list":["post-955092","post","type-post","status-publish","format-standard","has-post-thumbnail","hentry","category-actualidad"],"aioseo_notices":[],"aioseo_head":"\n\t\t<!-- All in One SEO Pro 5.0.1 - aioseo.com -->\n\t<meta name=\"description\" content=\"El presidente de Arag\u00f3n, Javier Lamb\u00e1n, ha defendido el proyecto del Corredor Cant\u00e1brico-Mediterr\u00e1neo, a trav\u00e9s de Zaragoza y Teruel, porque permite &quot;un desarrollo equilibrado del territorio&quot; y avanzar hacia un modelo de Espa\u00f1a &quot;en red&quot;, que ser\u00e1 &quot;la soluci\u00f3n definitiva del encaje de todas las Comunidades en un modelo de pa\u00eds&quot;. As\u00ed lo ha afirmado\" \/>\n\t<meta name=\"robots\" content=\"max-image-preview:large\" \/>\n\t<meta name=\"author\" content=\"El Digital de Asturias\"\/>\n\t<meta name=\"google-site-verification\" content=\"UA-38556648-1\" \/>\n\t<meta name=\"msvalidate.01\" content=\"7dfe9f3f1b24437ab69f4f2559babe99\" \/>\n\t<meta name=\"keywords\" content=\"actualidad\" \/>\n\t<link rel=\"canonical\" href=\"https:\/\/www.eldigitaldeasturias.com\/noticias\/lamban-defiende-el-corredor-cantabrico-mediterraneo\/\" \/>\n\t<meta name=\"generator\" content=\"All in One SEO Pro (AIOSEO) 5.0.1\" \/>\n\t\t<meta property=\"og:locale\" content=\"es_ES\" \/>\n\t\t<meta property=\"og:site_name\" content=\"El Digital de Asturias\" \/>\n\t\t<meta property=\"og:type\" content=\"article\" \/>\n\t\t<meta property=\"og:title\" content=\"Lamb\u00e1n defiende el Corredor Cant\u00e1brico-Mediterr\u00e1neo - El Digital de Asturias\" \/>\n\t\t<meta property=\"og:description\" content=\"El presidente de Arag\u00f3n, Javier Lamb\u00e1n, ha defendido el proyecto del Corredor Cant\u00e1brico-Mediterr\u00e1neo, a trav\u00e9s de Zaragoza y Teruel, porque permite &quot;un desarrollo equilibrado del territorio&quot; y avanzar hacia un modelo de Espa\u00f1a &quot;en red&quot;, que ser\u00e1 &quot;la soluci\u00f3n definitiva del encaje de todas las Comunidades en un modelo de pa\u00eds&quot;. As\u00ed lo ha afirmado\" \/>\n\t\t<meta property=\"og:url\" content=\"https:\/\/www.eldigitaldeasturias.com\/noticias\/lamban-defiende-el-corredor-cantabrico-mediterraneo\/\" \/>\n\t\t<meta property=\"article:tag\" content=\"actualidad\" \/>\n\t\t<meta property=\"article:published_time\" content=\"2017-10-05T20:35:01+00:00\" \/>\n\t\t<meta property=\"article:modified_time\" content=\"2017-10-05T20:35:01+00:00\" \/>\n\t\t<meta property=\"article:publisher\" content=\"https:\/\/facebook.com\/eldigitaldeasturias\" \/>\n\t\t<meta name=\"twitter:card\" content=\"summary_large_image\" \/>\n\t\t<meta name=\"twitter:title\" content=\"Lamb\u00e1n defiende el Corredor Cant\u00e1brico-Mediterr\u00e1neo - El Digital de Asturias\" \/>\n\t\t<meta name=\"twitter:description\" content=\"El presidente de Arag\u00f3n, Javier Lamb\u00e1n, ha defendido el proyecto del Corredor Cant\u00e1brico-Mediterr\u00e1neo, a trav\u00e9s de Zaragoza y Teruel, porque permite &quot;un desarrollo equilibrado del territorio&quot; y avanzar hacia un modelo de Espa\u00f1a &quot;en red&quot;, que ser\u00e1 &quot;la soluci\u00f3n definitiva del encaje de todas las Comunidades en un modelo de pa\u00eds&quot;. As\u00ed lo ha afirmado\" \/>\n\t\t<meta name=\"twitter:image\" content=\"https:\/\/www.eldigitaldeasturias.com\/noticias\/wp-content\/uploads\/2020\/12\/EDA-1.jpg\" \/>\n\t\t<meta name=\"twitter:label1\" content=\"Escrito por\" \/>\n\t\t<meta name=\"twitter:data1\" content=\"El Digital de Asturias\" \/>\n\t\t<meta name=\"twitter:label2\" content=\"Tiempo de lectura estimado\" \/>\n\t\t<meta name=\"twitter:data2\" content=\"5 minutos\" \/>\n\t\t<script type=\"application\/ld+json\" class=\"aioseo-schema\">\n\t\t\t{\"@context\":\"https:\\\/\\\/schema.org\",\"@graph\":[{\"@type\":\"BlogPosting\",\"@id\":\"https:\\\/\\\/www.eldigitaldeasturias.com\\\/noticias\\\/lamban-defiende-el-corredor-cantabrico-mediterraneo\\\/#blogposting\",\"name\":\"Lamb\\u00e1n defiende el Corredor Cant\\u00e1brico-Mediterr\\u00e1neo - El Digital de Asturias\",\"headline\":\"Lamb\\u00e1n defiende el Corredor Cant\\u00e1brico-Mediterr\\u00e1neo\",\"author\":{\"@id\":\"https:\\\/\\\/www.eldigitaldeasturias.com\\\/noticias\\\/author\\\/admin\\\/#author\"},\"publisher\":{\"@id\":\"https:\\\/\\\/www.eldigitaldeasturias.com\\\/noticias\\\/#organization\"},\"image\":{\"@type\":\"ImageObject\",\"url\":955093},\"datePublished\":\"2017-10-05T20:35:01+02:00\",\"dateModified\":\"2017-10-05T20:35:01+02:00\",\"inLanguage\":\"es-ES\",\"mainEntityOfPage\":{\"@id\":\"https:\\\/\\\/www.eldigitaldeasturias.com\\\/noticias\\\/lamban-defiende-el-corredor-cantabrico-mediterraneo\\\/#webpage\"},\"isPartOf\":{\"@id\":\"https:\\\/\\\/www.eldigitaldeasturias.com\\\/noticias\\\/lamban-defiende-el-corredor-cantabrico-mediterraneo\\\/#webpage\"},\"articleSection\":\"Actualidad\"},{\"@type\":\"BreadcrumbList\",\"@id\":\"https:\\\/\\\/www.eldigitaldeasturias.com\\\/noticias\\\/lamban-defiende-el-corredor-cantabrico-mediterraneo\\\/#breadcrumblist\",\"itemListElement\":[{\"@type\":\"ListItem\",\"@id\":\"https:\\\/\\\/www.eldigitaldeasturias.com\\\/noticias#listItem\",\"position\":1,\"name\":\"Home\",\"item\":\"https:\\\/\\\/www.eldigitaldeasturias.com\\\/noticias\",\"nextItem\":{\"@type\":\"ListItem\",\"@id\":\"https:\\\/\\\/www.eldigitaldeasturias.com\\\/noticias\\\/category\\\/actualidad\\\/#listItem\",\"name\":\"Actualidad\"}},{\"@type\":\"ListItem\",\"@id\":\"https:\\\/\\\/www.eldigitaldeasturias.com\\\/noticias\\\/category\\\/actualidad\\\/#listItem\",\"position\":2,\"name\":\"Actualidad\",\"item\":\"https:\\\/\\\/www.eldigitaldeasturias.com\\\/noticias\\\/category\\\/actualidad\\\/\",\"nextItem\":{\"@type\":\"ListItem\",\"@id\":\"https:\\\/\\\/www.eldigitaldeasturias.com\\\/noticias\\\/lamban-defiende-el-corredor-cantabrico-mediterraneo\\\/#listItem\",\"name\":\"Lamb\\u00e1n defiende el Corredor Cant\\u00e1brico-Mediterr\\u00e1neo\"},\"previousItem\":{\"@type\":\"ListItem\",\"@id\":\"https:\\\/\\\/www.eldigitaldeasturias.com\\\/noticias#listItem\",\"name\":\"Home\"}},{\"@type\":\"ListItem\",\"@id\":\"https:\\\/\\\/www.eldigitaldeasturias.com\\\/noticias\\\/lamban-defiende-el-corredor-cantabrico-mediterraneo\\\/#listItem\",\"position\":3,\"name\":\"Lamb\\u00e1n defiende el Corredor Cant\\u00e1brico-Mediterr\\u00e1neo\",\"previousItem\":{\"@type\":\"ListItem\",\"@id\":\"https:\\\/\\\/www.eldigitaldeasturias.com\\\/noticias\\\/category\\\/actualidad\\\/#listItem\",\"name\":\"Actualidad\"}}]},{\"@type\":\"Organization\",\"@id\":\"https:\\\/\\\/www.eldigitaldeasturias.com\\\/noticias\\\/#organization\",\"name\":\"El Digital de Asturias\",\"description\":\"Hemeroteca\",\"url\":\"https:\\\/\\\/www.eldigitaldeasturias.com\\\/noticias\\\/\",\"email\":\"info@eldigitaldeasturias.com\",\"telephone\":\"+34652131393\",\"logo\":{\"@type\":\"ImageObject\",\"url\":\"https:\\\/\\\/www.eldigitaldeasturias.com\\\/noticias\\\/wp-content\\\/uploads\\\/2020\\\/12\\\/EDA.jpg\",\"@id\":\"https:\\\/\\\/www.eldigitaldeasturias.com\\\/noticias\\\/lamban-defiende-el-corredor-cantabrico-mediterraneo\\\/#organizationLogo\"},\"image\":{\"@id\":\"https:\\\/\\\/www.eldigitaldeasturias.com\\\/noticias\\\/lamban-defiende-el-corredor-cantabrico-mediterraneo\\\/#organizationLogo\"},\"sameAs\":[\"https:\\\/\\\/facebook.com\\\/eldigitaldeasturias\",\"https:\\\/\\\/www.youtube.com\\\/channel\\\/UCZP-2wLEB9Rv6erhFmqVnvg\"],\"address\":{\"@id\":\"https:\\\/\\\/www.eldigitaldeasturias.com\\\/noticias\\\/#postaladdress\",\"@type\":\"PostalAddress\",\"streetAddress\":\"san antonio 4\",\"postalCode\":\"33430\",\"addressLocality\":\"Cand\\u00e1s\",\"addressRegion\":\"Asturias\",\"addressCountry\":\"ES\"}},{\"@type\":\"Person\",\"@id\":\"https:\\\/\\\/www.eldigitaldeasturias.com\\\/noticias\\\/author\\\/admin\\\/#author\",\"url\":\"https:\\\/\\\/www.eldigitaldeasturias.com\\\/noticias\\\/author\\\/admin\\\/\",\"name\":\"El Digital de Asturias\",\"image\":{\"@type\":\"ImageObject\",\"@id\":\"https:\\\/\\\/www.eldigitaldeasturias.com\\\/noticias\\\/lamban-defiende-el-corredor-cantabrico-mediterraneo\\\/#authorImage\",\"url\":\"https:\\\/\\\/secure.gravatar.com\\\/avatar\\\/df2aeffc32bcd13f8d26072ef8a91b623d677766deac7f97ca815868cd41bf5e?s=96&d=mm&r=g\",\"width\":96,\"height\":96,\"caption\":\"El Digital de Asturias\"}},{\"@type\":\"WebPage\",\"@id\":\"https:\\\/\\\/www.eldigitaldeasturias.com\\\/noticias\\\/lamban-defiende-el-corredor-cantabrico-mediterraneo\\\/#webpage\",\"url\":\"https:\\\/\\\/www.eldigitaldeasturias.com\\\/noticias\\\/lamban-defiende-el-corredor-cantabrico-mediterraneo\\\/\",\"name\":\"Lamb\\u00e1n defiende el Corredor Cant\\u00e1brico-Mediterr\\u00e1neo - El Digital de Asturias\",\"description\":\"El presidente de Arag\\u00f3n, Javier Lamb\\u00e1n, ha defendido el proyecto del Corredor Cant\\u00e1brico-Mediterr\\u00e1neo, a trav\\u00e9s de Zaragoza y Teruel, porque permite \\\"un desarrollo equilibrado del territorio\\\" y avanzar hacia un modelo de Espa\\u00f1a \\\"en red\\\", que ser\\u00e1 \\\"la soluci\\u00f3n definitiva del encaje de todas las Comunidades en un modelo de pa\\u00eds\\\". As\\u00ed lo ha afirmado\",\"inLanguage\":\"es-ES\",\"isPartOf\":{\"@id\":\"https:\\\/\\\/www.eldigitaldeasturias.com\\\/noticias\\\/#website\"},\"breadcrumb\":{\"@id\":\"https:\\\/\\\/www.eldigitaldeasturias.com\\\/noticias\\\/lamban-defiende-el-corredor-cantabrico-mediterraneo\\\/#breadcrumblist\"},\"author\":{\"@id\":\"https:\\\/\\\/www.eldigitaldeasturias.com\\\/noticias\\\/author\\\/admin\\\/#author\"},\"creator\":{\"@id\":\"https:\\\/\\\/www.eldigitaldeasturias.com\\\/noticias\\\/author\\\/admin\\\/#author\"},\"image\":{\"@type\":\"ImageObject\",\"url\":955093,\"@id\":\"https:\\\/\\\/www.eldigitaldeasturias.com\\\/noticias\\\/lamban-defiende-el-corredor-cantabrico-mediterraneo\\\/#mainImage\"},\"primaryImageOfPage\":{\"@id\":\"https:\\\/\\\/www.eldigitaldeasturias.com\\\/noticias\\\/lamban-defiende-el-corredor-cantabrico-mediterraneo\\\/#mainImage\"},\"datePublished\":\"2017-10-05T20:35:01+02:00\",\"dateModified\":\"2017-10-05T20:35:01+02:00\"},{\"@type\":\"WebSite\",\"@id\":\"https:\\\/\\\/www.eldigitaldeasturias.com\\\/noticias\\\/#website\",\"url\":\"https:\\\/\\\/www.eldigitaldeasturias.com\\\/noticias\\\/\",\"name\":\"El Digital de Asturias - Diario de actualidad y noticias\",\"alternateName\":\"El Digital de Asturias - Diario de actualidad y noticias\",\"description\":\"Hemeroteca\",\"inLanguage\":\"es-ES\",\"publisher\":{\"@id\":\"https:\\\/\\\/www.eldigitaldeasturias.com\\\/noticias\\\/#organization\"}}]}\n\t\t<\/script>\n\t\t<!-- All in One SEO Pro -->\r\n\t\t<title>Lamb\u00e1n defiende el Corredor Cant\u00e1brico-Mediterr\u00e1neo - El Digital de Asturias<\/title>\n\n","aioseo_head_json":{"title":"Lamb\u00e1n defiende el Corredor Cant\u00e1brico-Mediterr\u00e1neo - El Digital de Asturias","description":"El presidente de Arag\u00f3n, Javier Lamb\u00e1n, ha defendido el proyecto del Corredor Cant\u00e1brico-Mediterr\u00e1neo, a trav\u00e9s de Zaragoza y Teruel, porque permite \"un desarrollo equilibrado del territorio\" y avanzar hacia un modelo de Espa\u00f1a \"en red\", que ser\u00e1 \"la soluci\u00f3n definitiva del encaje de todas las Comunidades en un modelo de pa\u00eds\". As\u00ed lo ha afirmado","canonical_url":"https:\/\/www.eldigitaldeasturias.com\/noticias\/lamban-defiende-el-corredor-cantabrico-mediterraneo\/","robots":"max-image-preview:large","keywords":"actualidad","webmasterTools":{"google-site-verification":"UA-38556648-1","msvalidate.01":"7dfe9f3f1b24437ab69f4f2559babe99","miscellaneous":""},"schema":{"@context":"https:\/\/schema.org","@graph":[{"@type":"BlogPosting","@id":"https:\/\/www.eldigitaldeasturias.com\/noticias\/lamban-defiende-el-corredor-cantabrico-mediterraneo\/#blogposting","name":"Lamb\u00e1n defiende el Corredor Cant\u00e1brico-Mediterr\u00e1neo - El Digital de Asturias","headline":"Lamb\u00e1n defiende el Corredor Cant\u00e1brico-Mediterr\u00e1neo","author":{"@id":"https:\/\/www.eldigitaldeasturias.com\/noticias\/author\/admin\/#author"},"publisher":{"@id":"https:\/\/www.eldigitaldeasturias.com\/noticias\/#organization"},"image":{"@type":"ImageObject","url":955093},"datePublished":"2017-10-05T20:35:01+02:00","dateModified":"2017-10-05T20:35:01+02:00","inLanguage":"es-ES","mainEntityOfPage":{"@id":"https:\/\/www.eldigitaldeasturias.com\/noticias\/lamban-defiende-el-corredor-cantabrico-mediterraneo\/#webpage"},"isPartOf":{"@id":"https:\/\/www.eldigitaldeasturias.com\/noticias\/lamban-defiende-el-corredor-cantabrico-mediterraneo\/#webpage"},"articleSection":"Actualidad"},{"@type":"BreadcrumbList","@id":"https:\/\/www.eldigitaldeasturias.com\/noticias\/lamban-defiende-el-corredor-cantabrico-mediterraneo\/#breadcrumblist","itemListElement":[{"@type":"ListItem","@id":"https:\/\/www.eldigitaldeasturias.com\/noticias#listItem","position":1,"name":"Home","item":"https:\/\/www.eldigitaldeasturias.com\/noticias","nextItem":{"@type":"ListItem","@id":"https:\/\/www.eldigitaldeasturias.com\/noticias\/category\/actualidad\/#listItem","name":"Actualidad"}},{"@type":"ListItem","@id":"https:\/\/www.eldigitaldeasturias.com\/noticias\/category\/actualidad\/#listItem","position":2,"name":"Actualidad","item":"https:\/\/www.eldigitaldeasturias.com\/noticias\/category\/actualidad\/","nextItem":{"@type":"ListItem","@id":"https:\/\/www.eldigitaldeasturias.com\/noticias\/lamban-defiende-el-corredor-cantabrico-mediterraneo\/#listItem","name":"Lamb\u00e1n defiende el Corredor Cant\u00e1brico-Mediterr\u00e1neo"},"previousItem":{"@type":"ListItem","@id":"https:\/\/www.eldigitaldeasturias.com\/noticias#listItem","name":"Home"}},{"@type":"ListItem","@id":"https:\/\/www.eldigitaldeasturias.com\/noticias\/lamban-defiende-el-corredor-cantabrico-mediterraneo\/#listItem","position":3,"name":"Lamb\u00e1n defiende el Corredor Cant\u00e1brico-Mediterr\u00e1neo","previousItem":{"@type":"ListItem","@id":"https:\/\/www.eldigitaldeasturias.com\/noticias\/category\/actualidad\/#listItem","name":"Actualidad"}}]},{"@type":"Organization","@id":"https:\/\/www.eldigitaldeasturias.com\/noticias\/#organization","name":"El Digital de Asturias","description":"Hemeroteca","url":"https:\/\/www.eldigitaldeasturias.com\/noticias\/","email":"info@eldigitaldeasturias.com","telephone":"+34652131393","logo":{"@type":"ImageObject","url":"https:\/\/www.eldigitaldeasturias.com\/noticias\/wp-content\/uploads\/2020\/12\/EDA.jpg","@id":"https:\/\/www.eldigitaldeasturias.com\/noticias\/lamban-defiende-el-corredor-cantabrico-mediterraneo\/#organizationLogo"},"image":{"@id":"https:\/\/www.eldigitaldeasturias.com\/noticias\/lamban-defiende-el-corredor-cantabrico-mediterraneo\/#organizationLogo"},"sameAs":["https:\/\/facebook.com\/eldigitaldeasturias","https:\/\/www.youtube.com\/channel\/UCZP-2wLEB9Rv6erhFmqVnvg"],"address":{"@id":"https:\/\/www.eldigitaldeasturias.com\/noticias\/#postaladdress","@type":"PostalAddress","streetAddress":"san antonio 4","postalCode":"33430","addressLocality":"Cand\u00e1s","addressRegion":"Asturias","addressCountry":"ES"}},{"@type":"Person","@id":"https:\/\/www.eldigitaldeasturias.com\/noticias\/author\/admin\/#author","url":"https:\/\/www.eldigitaldeasturias.com\/noticias\/author\/admin\/","name":"El Digital de Asturias","image":{"@type":"ImageObject","@id":"https:\/\/www.eldigitaldeasturias.com\/noticias\/lamban-defiende-el-corredor-cantabrico-mediterraneo\/#authorImage","url":"https:\/\/secure.gravatar.com\/avatar\/df2aeffc32bcd13f8d26072ef8a91b623d677766deac7f97ca815868cd41bf5e?s=96&d=mm&r=g","width":96,"height":96,"caption":"El Digital de Asturias"}},{"@type":"WebPage","@id":"https:\/\/www.eldigitaldeasturias.com\/noticias\/lamban-defiende-el-corredor-cantabrico-mediterraneo\/#webpage","url":"https:\/\/www.eldigitaldeasturias.com\/noticias\/lamban-defiende-el-corredor-cantabrico-mediterraneo\/","name":"Lamb\u00e1n defiende el Corredor Cant\u00e1brico-Mediterr\u00e1neo - El Digital de Asturias","description":"El presidente de Arag\u00f3n, Javier Lamb\u00e1n, ha defendido el proyecto del Corredor Cant\u00e1brico-Mediterr\u00e1neo, a trav\u00e9s de Zaragoza y Teruel, porque permite \"un desarrollo equilibrado del territorio\" y avanzar hacia un modelo de Espa\u00f1a \"en red\", que ser\u00e1 \"la soluci\u00f3n definitiva del encaje de todas las Comunidades en un modelo de pa\u00eds\". As\u00ed lo ha afirmado","inLanguage":"es-ES","isPartOf":{"@id":"https:\/\/www.eldigitaldeasturias.com\/noticias\/#website"},"breadcrumb":{"@id":"https:\/\/www.eldigitaldeasturias.com\/noticias\/lamban-defiende-el-corredor-cantabrico-mediterraneo\/#breadcrumblist"},"author":{"@id":"https:\/\/www.eldigitaldeasturias.com\/noticias\/author\/admin\/#author"},"creator":{"@id":"https:\/\/www.eldigitaldeasturias.com\/noticias\/author\/admin\/#author"},"image":{"@type":"ImageObject","url":955093,"@id":"https:\/\/www.eldigitaldeasturias.com\/noticias\/lamban-defiende-el-corredor-cantabrico-mediterraneo\/#mainImage"},"primaryImageOfPage":{"@id":"https:\/\/www.eldigitaldeasturias.com\/noticias\/lamban-defiende-el-corredor-cantabrico-mediterraneo\/#mainImage"},"datePublished":"2017-10-05T20:35:01+02:00","dateModified":"2017-10-05T20:35:01+02:00"},{"@type":"WebSite","@id":"https:\/\/www.eldigitaldeasturias.com\/noticias\/#website","url":"https:\/\/www.eldigitaldeasturias.com\/noticias\/","name":"El Digital de Asturias - Diario de actualidad y noticias","alternateName":"El Digital de Asturias - Diario de actualidad y noticias","description":"Hemeroteca","inLanguage":"es-ES","publisher":{"@id":"https:\/\/www.eldigitaldeasturias.com\/noticias\/#organization"}}]},"og:locale":"es_ES","og:site_name":"El Digital de Asturias","og:type":"article","og:title":"Lamb\u00e1n defiende el Corredor Cant\u00e1brico-Mediterr\u00e1neo - El Digital de Asturias","og:description":"El presidente de Arag\u00f3n, Javier Lamb\u00e1n, ha defendido el proyecto del Corredor Cant\u00e1brico-Mediterr\u00e1neo, a trav\u00e9s de Zaragoza y Teruel, porque permite &quot;un desarrollo equilibrado del territorio&quot; y avanzar hacia un modelo de Espa\u00f1a &quot;en red&quot;, que ser\u00e1 &quot;la soluci\u00f3n definitiva del encaje de todas las Comunidades en un modelo de pa\u00eds&quot;. As\u00ed lo ha afirmado","og:url":"https:\/\/www.eldigitaldeasturias.com\/noticias\/lamban-defiende-el-corredor-cantabrico-mediterraneo\/","article:tag":["actualidad"],"article:published_time":"2017-10-05T20:35:01+00:00","article:modified_time":"2017-10-05T20:35:01+00:00","article:publisher":"https:\/\/facebook.com\/eldigitaldeasturias","twitter:card":"summary_large_image","twitter:title":"Lamb\u00e1n defiende el Corredor Cant\u00e1brico-Mediterr\u00e1neo - El Digital de Asturias","twitter:description":"El presidente de Arag\u00f3n, Javier Lamb\u00e1n, ha defendido el proyecto del Corredor Cant\u00e1brico-Mediterr\u00e1neo, a trav\u00e9s de Zaragoza y Teruel, porque permite &quot;un desarrollo equilibrado del territorio&quot; y avanzar hacia un modelo de Espa\u00f1a &quot;en red&quot;, que ser\u00e1 &quot;la soluci\u00f3n definitiva del encaje de todas las Comunidades en un modelo de pa\u00eds&quot;. As\u00ed lo ha afirmado","twitter:image":"https:\/\/www.eldigitaldeasturias.com\/noticias\/wp-content\/uploads\/2020\/12\/EDA-1.jpg","twitter:label1":"Escrito por","twitter:data1":"El Digital de Asturias","twitter:label2":"Tiempo de lectura estimado","twitter:data2":"5 minutos"},"aioseo_meta_data":{"post_id":"955092","title":null,"description":null,"keywords":null,"keyphrases":null,"primary_term":null,"canonical_url":null,"og_title":null,"og_description":null,"og_object_type":"default","og_image_type":"default","og_image_url":null,"og_image_width":null,"og_image_height":null,"og_image_custom_url":null,"og_image_custom_fields":null,"og_video":null,"og_custom_url":null,"og_article_section":null,"og_article_tags":null,"twitter_use_og":false,"twitter_card":"default","twitter_image_type":"default","twitter_image_url":null,"twitter_image_custom_url":null,"twitter_image_custom_fields":null,"twitter_title":null,"twitter_description":null,"schema":{"blockGraphs":[],"customGraphs":[],"default":{"data":{"Article":[],"Course":[],"Dataset":[],"FAQPage":[],"Movie":[],"Person":[],"Product":[],"ProductReview":[],"Car":[],"Recipe":[],"Service":[],"SoftwareApplication":[],"WebPage":[]},"graphName":"","isEnabled":true},"graphs":[],"defaultGraph":"","defaultPostTypeGraph":""},"schema_type":null,"schema_type_options":null,"pillar_content":false,"robots_default":true,"robots_noindex":false,"robots_noarchive":false,"robots_nosnippet":false,"robots_nofollow":false,"robots_noimageindex":false,"robots_noodp":false,"robots_notranslate":false,"robots_max_snippet":null,"robots_max_videopreview":null,"robots_max_imagepreview":"large","priority":null,"frequency":null,"local_seo":null,"seo_analyzer_scan_date":"2025-12-06 08:51:10","breadcrumb_settings":null,"limit_modified_date":false,"open_ai":null,"ai":null,"created":"2020-12-21 12:56:31","updated":"2025-12-06 08:51:10","focus_keyword":null,"additional_keywords":null,"truseo_locale":null},"aioseo_breadcrumb":"<div class=\"aioseo-breadcrumbs\"><span class=\"aioseo-breadcrumb\">\n\t<a href=\"https:\/\/www.eldigitaldeasturias.com\/noticias\" title=\"Home\">Home<\/a>\n<\/span><span class=\"aioseo-breadcrumb-separator\">\u2013<\/span><span class=\"aioseo-breadcrumb\">\n\t<a href=\"https:\/\/www.eldigitaldeasturias.com\/noticias\/category\/actualidad\/\" title=\"Actualidad\">Actualidad<\/a>\n<\/span><span class=\"aioseo-breadcrumb-separator\">\u2013<\/span><span class=\"aioseo-breadcrumb\">\n\t<a href=\"https:\/\/www.eldigitaldeasturias.com\/noticias\/lamban-defiende-el-corredor-cantabrico-mediterraneo\/\" title=\"Lamb\u00e1n defiende el Corredor Cant\u00e1brico-Mediterr\u00e1neo\">Lamb\u00e1n defiende el Corredor Cant\u00e1brico-Mediterr\u00e1neo<\/a>\n<\/span><\/div>","aioseo_breadcrumb_json":[{"label":"Home","link":"https:\/\/www.eldigitaldeasturias.com\/noticias"},{"label":"Actualidad","link":"https:\/\/www.eldigitaldeasturias.com\/noticias\/category\/actualidad\/"},{"label":"Lamb\u00e1n defiende el Corredor Cant\u00e1brico-Mediterr\u00e1neo","link":"https:\/\/www.eldigitaldeasturias.com\/noticias\/lamban-defiende-el-corredor-cantabrico-mediterraneo\/"}],"_links":{"self":[{"href":"https:\/\/www.eldigitaldeasturias.com\/noticias\/wp-json\/wp\/v2\/posts\/955092","targetHints":{"allow":["GET"]}}],"collection":[{"href":"https:\/\/www.eldigitaldeasturias.com\/noticias\/wp-json\/wp\/v2\/posts"}],"about":[{"href":"https:\/\/www.eldigitaldeasturias.com\/noticias\/wp-json\/wp\/v2\/types\/post"}],"author":[{"embeddable":true,"href":"https:\/\/www.eldigitaldeasturias.com\/noticias\/wp-json\/wp\/v2\/users\/1"}],"replies":[{"embeddable":true,"href":"https:\/\/www.eldigitaldeasturias.com\/noticias\/wp-json\/wp\/v2\/comments?post=955092"}],"version-history":[{"count":0,"href":"https:\/\/www.eldigitaldeasturias.com\/noticias\/wp-json\/wp\/v2\/posts\/955092\/revisions"}],"wp:attachment":[{"href":"https:\/\/www.eldigitaldeasturias.com\/noticias\/wp-json\/wp\/v2\/media?parent=955092"}],"wp:term":[{"taxonomy":"category","embeddable":true,"href":"https:\/\/www.eldigitaldeasturias.com\/noticias\/wp-json\/wp\/v2\/categories?post=955092"},{"taxonomy":"post_tag","embeddable":true,"href":"https:\/\/www.eldigitaldeasturias.com\/noticias\/wp-json\/wp\/v2\/tags?post=955092"}],"curies":[{"name":"wp","href":"https:\/\/api.w.org\/{rel}","templated":true}]}}