{"id":955041,"date":"2017-10-05T14:25:43","date_gmt":"2017-10-05T14:25:43","guid":{"rendered":"http:\/\/www.eldigitaldeasturias.com\/noticias\/?p=955041"},"modified":"2017-10-05T14:25:43","modified_gmt":"2017-10-05T14:25:43","slug":"vox-se-querella-en-el-tribunal-supremo-contra-rajoy-por-dejacion-de-funciones","status":"publish","type":"post","link":"https:\/\/www.eldigitaldeasturias.com\/noticias\/vox-se-querella-en-el-tribunal-supremo-contra-rajoy-por-dejacion-de-funciones\/","title":{"rendered":"VOX se querella en el Tribunal Supremo contra Rajoy por dejaci\u00f3n de funciones"},"content":{"rendered":"<p><img loading=\"lazy\" decoding=\"async\" class=\"alignleft size-medium wp-image-955042\" src=\"https:\/\/www.eldigitaldeasturias.com\/noticias\/wp-content\/uploads\/2017\/10\/755cb34b-360x270.jpg\" alt=\"\" width=\"360\" height=\"270\" \/>VOX ha presentado esta ma\u00f1ana una querella contra el Presidente del Gobierno Mariano Rajoy ante la Sala de lo Penal del Tribunal Supremo por dejaci\u00f3n de sus funciones ante el golpe de Estado secesionista que se est\u00e1 produciendo en Catalu\u00f1a.<\/p>\n<p>VOX anunci\u00f3 el pasado martes que se querellar\u00eda contra el Gobierno hoy si no actuaba contra el golpe de Estado en Catalu\u00f1a aplicando el 155 y deteniendo a Puigdemont y su Gobierno por sedici\u00f3n y rebeld\u00eda.<\/p>\n<p>En la querella que VOX ha interpuesto en el Tribunal Supremo se detallan el delito continuado de dejaci\u00f3n de funciones (art. 408 del c\u00f3digo penal), delito de desobediencia (art. 410.1 del c\u00f3digo penal), delito de denegaci\u00f3n de auxilio judicial (art. 412.1 y 2 del c\u00f3digo penal) y delito de omisi\u00f3n del deber de impedir y perseguir delitos (art.450 1 y 2 del c\u00f3digo penal).<\/p>\n<p>Santiago Abascal, Presidente de VOX; Javier Ortega, Secretario General, y Pedro Fern\u00e1ndez, Vicesecretario Jur\u00eddico, han presentado la querella a los periodistas que se presentar\u00e1 v\u00eda Internet a lo largo de la ma\u00f1ana.<\/p>\n<p><iframe loading=\"lazy\" src=\"https:\/\/www.youtube.com\/embed\/G2dSY2zRjcc\" width=\"640\" height=\"360\" frameborder=\"0\" allowfullscreen=\"allowfullscreen\"><\/iframe><\/p>\n<p>Santiago Abascal, ha explicado que \u00abEstamos viviendo una situaci\u00f3n de aut\u00e9ntica emergencia nacional debido al golpe de Estado perpetrado por los separatistas en Catalu\u00f1a. VOX lleva much\u00edsimo tiempo, muchos meses, incluso a\u00f1os, advirtiendo de este proceso de destrucci\u00f3n de Espa\u00f1a impulsado por esos dirigentes desleales y traidores. Y no solo lleva mucho tiempo advirtiendo, sino que lleva mucho tiempo actuando judicialmente en los tribunales. Lo hemos hecho hoy mismo person\u00e1ndonos como \u00fanica acusaci\u00f3n popular contra el jefe de los mozos el se\u00f1or Trapero\u00bb.<\/p>\n<p>Y ha llamado a los espa\u00f1oles a movilizarse para la manifestaci\u00f3n del s\u00e1bado en Col\u00f3n: \u00abTambi\u00e9n queremos hacer un llamamiento al pueblo espa\u00f1ol para que salga a la calle, muy especialmente este s\u00e1bado a las 12:00 en Madrid y el domingo, tambi\u00e9n a las 12:00 de ma\u00f1ana en Barcelona para cumplir y hacer cumplir la ley porque, como dice nuestras Constituci\u00f3n en su Art\u00edculo 30, todos los espa\u00f1oles tenemos el derecho y el deber de defender a Espa\u00f1a\u201d.<\/p>\n<p>Y ha terminado afirmando \u00abDepende de nosotros, de los espa\u00f1oles, de si estamos movilizados y en las calles para evitar la gran traici\u00f3n que algunos est\u00e1n orquestando contra el pueblo espa\u00f1ol\u00bb.<\/p>\n","protected":false},"excerpt":{"rendered":"<p>VOX ha presentado esta ma\u00f1ana una querella contra el Presidente del Gobierno Mariano Rajoy ante la Sala de lo Penal del Tribunal Supremo por dejaci\u00f3n de sus funciones ante el golpe de Estado secesionista que se est\u00e1 produciendo en Catalu\u00f1a. VOX anunci\u00f3 el pasado martes que se querellar\u00eda contra el Gobierno hoy si no actuaba [&hellip;]<\/p>\n","protected":false},"author":1,"featured_media":955042,"comment_status":"closed","ping_status":"closed","sticky":false,"template":"","format":"standard","meta":{"footnotes":""},"categories":[1,5],"tags":[],"class_list":["post-955041","post","type-post","status-publish","format-standard","has-post-thumbnail","hentry","category-actualidad","category-sucesos"],"aioseo_notices":[],"aioseo_head":"\n\t\t<!-- All in One SEO Pro 5.0.1 - aioseo.com -->\n\t<meta name=\"description\" content=\"VOX ha presentado esta ma\u00f1ana una querella contra el Presidente del Gobierno Mariano Rajoy ante la Sala de lo Penal del Tribunal Supremo por dejaci\u00f3n de sus funciones ante el golpe de Estado secesionista que se est\u00e1 produciendo en Catalu\u00f1a. VOX anunci\u00f3 el pasado martes que se querellar\u00eda contra el Gobierno hoy si no actuaba\" \/>\n\t<meta name=\"robots\" content=\"max-image-preview:large\" \/>\n\t<meta name=\"author\" content=\"El Digital de Asturias\"\/>\n\t<meta name=\"google-site-verification\" content=\"UA-38556648-1\" \/>\n\t<meta name=\"msvalidate.01\" content=\"7dfe9f3f1b24437ab69f4f2559babe99\" \/>\n\t<meta name=\"keywords\" content=\"actualidad,sucesos\" \/>\n\t<link rel=\"canonical\" href=\"https:\/\/www.eldigitaldeasturias.com\/noticias\/vox-se-querella-en-el-tribunal-supremo-contra-rajoy-por-dejacion-de-funciones\/\" \/>\n\t<meta name=\"generator\" content=\"All in One SEO Pro (AIOSEO) 5.0.1\" \/>\n\t\t<meta property=\"og:locale\" content=\"es_ES\" \/>\n\t\t<meta property=\"og:site_name\" content=\"El Digital de Asturias\" \/>\n\t\t<meta property=\"og:type\" content=\"article\" \/>\n\t\t<meta property=\"og:title\" content=\"VOX se querella en el Tribunal Supremo contra Rajoy por dejaci\u00f3n de funciones - El Digital de Asturias\" \/>\n\t\t<meta property=\"og:description\" content=\"VOX ha presentado esta ma\u00f1ana una querella contra el Presidente del Gobierno Mariano Rajoy ante la Sala de lo Penal del Tribunal Supremo por dejaci\u00f3n de sus funciones ante el golpe de Estado secesionista que se est\u00e1 produciendo en Catalu\u00f1a. VOX anunci\u00f3 el pasado martes que se querellar\u00eda contra el Gobierno hoy si no actuaba\" \/>\n\t\t<meta property=\"og:url\" content=\"https:\/\/www.eldigitaldeasturias.com\/noticias\/vox-se-querella-en-el-tribunal-supremo-contra-rajoy-por-dejacion-de-funciones\/\" \/>\n\t\t<meta property=\"article:tag\" content=\"actualidad\" \/>\n\t\t<meta property=\"article:tag\" content=\"sucesos\" \/>\n\t\t<meta property=\"article:published_time\" content=\"2017-10-05T14:25:43+00:00\" \/>\n\t\t<meta property=\"article:modified_time\" content=\"2017-10-05T14:25:43+00:00\" \/>\n\t\t<meta property=\"article:publisher\" content=\"https:\/\/facebook.com\/eldigitaldeasturias\" \/>\n\t\t<meta name=\"twitter:card\" content=\"summary_large_image\" \/>\n\t\t<meta name=\"twitter:title\" content=\"VOX se querella en el Tribunal Supremo contra Rajoy por dejaci\u00f3n de funciones - El Digital de Asturias\" \/>\n\t\t<meta name=\"twitter:description\" content=\"VOX ha presentado esta ma\u00f1ana una querella contra el Presidente del Gobierno Mariano Rajoy ante la Sala de lo Penal del Tribunal Supremo por dejaci\u00f3n de sus funciones ante el golpe de Estado secesionista que se est\u00e1 produciendo en Catalu\u00f1a. VOX anunci\u00f3 el pasado martes que se querellar\u00eda contra el Gobierno hoy si no actuaba\" \/>\n\t\t<meta name=\"twitter:image\" content=\"https:\/\/www.eldigitaldeasturias.com\/noticias\/wp-content\/uploads\/2020\/12\/EDA-1.jpg\" \/>\n\t\t<meta name=\"twitter:label1\" content=\"Escrito por\" \/>\n\t\t<meta name=\"twitter:data1\" content=\"El Digital de Asturias\" \/>\n\t\t<meta name=\"twitter:label2\" content=\"Tiempo de lectura estimado\" \/>\n\t\t<meta name=\"twitter:data2\" content=\"2 minutos\" \/>\n\t\t<script type=\"application\/ld+json\" class=\"aioseo-schema\">\n\t\t\t{\"@context\":\"https:\\\/\\\/schema.org\",\"@graph\":[{\"@type\":\"BlogPosting\",\"@id\":\"https:\\\/\\\/www.eldigitaldeasturias.com\\\/noticias\\\/vox-se-querella-en-el-tribunal-supremo-contra-rajoy-por-dejacion-de-funciones\\\/#blogposting\",\"name\":\"VOX se querella en el Tribunal Supremo contra Rajoy por dejaci\\u00f3n de funciones - El Digital de Asturias\",\"headline\":\"VOX se querella en el Tribunal Supremo contra Rajoy por dejaci\\u00f3n de funciones\",\"author\":{\"@id\":\"https:\\\/\\\/www.eldigitaldeasturias.com\\\/noticias\\\/author\\\/admin\\\/#author\"},\"publisher\":{\"@id\":\"https:\\\/\\\/www.eldigitaldeasturias.com\\\/noticias\\\/#organization\"},\"image\":{\"@type\":\"ImageObject\",\"url\":955042},\"datePublished\":\"2017-10-05T14:25:43+02:00\",\"dateModified\":\"2017-10-05T14:25:43+02:00\",\"inLanguage\":\"es-ES\",\"mainEntityOfPage\":{\"@id\":\"https:\\\/\\\/www.eldigitaldeasturias.com\\\/noticias\\\/vox-se-querella-en-el-tribunal-supremo-contra-rajoy-por-dejacion-de-funciones\\\/#webpage\"},\"isPartOf\":{\"@id\":\"https:\\\/\\\/www.eldigitaldeasturias.com\\\/noticias\\\/vox-se-querella-en-el-tribunal-supremo-contra-rajoy-por-dejacion-de-funciones\\\/#webpage\"},\"articleSection\":\"Actualidad, Sucesos\"},{\"@type\":\"BreadcrumbList\",\"@id\":\"https:\\\/\\\/www.eldigitaldeasturias.com\\\/noticias\\\/vox-se-querella-en-el-tribunal-supremo-contra-rajoy-por-dejacion-de-funciones\\\/#breadcrumblist\",\"itemListElement\":[{\"@type\":\"ListItem\",\"@id\":\"https:\\\/\\\/www.eldigitaldeasturias.com\\\/noticias#listItem\",\"position\":1,\"name\":\"Home\",\"item\":\"https:\\\/\\\/www.eldigitaldeasturias.com\\\/noticias\",\"nextItem\":{\"@type\":\"ListItem\",\"@id\":\"https:\\\/\\\/www.eldigitaldeasturias.com\\\/noticias\\\/category\\\/actualidad\\\/#listItem\",\"name\":\"Actualidad\"}},{\"@type\":\"ListItem\",\"@id\":\"https:\\\/\\\/www.eldigitaldeasturias.com\\\/noticias\\\/category\\\/actualidad\\\/#listItem\",\"position\":2,\"name\":\"Actualidad\",\"item\":\"https:\\\/\\\/www.eldigitaldeasturias.com\\\/noticias\\\/category\\\/actualidad\\\/\",\"nextItem\":{\"@type\":\"ListItem\",\"@id\":\"https:\\\/\\\/www.eldigitaldeasturias.com\\\/noticias\\\/vox-se-querella-en-el-tribunal-supremo-contra-rajoy-por-dejacion-de-funciones\\\/#listItem\",\"name\":\"VOX se querella en el Tribunal Supremo contra Rajoy por dejaci\\u00f3n de funciones\"},\"previousItem\":{\"@type\":\"ListItem\",\"@id\":\"https:\\\/\\\/www.eldigitaldeasturias.com\\\/noticias#listItem\",\"name\":\"Home\"}},{\"@type\":\"ListItem\",\"@id\":\"https:\\\/\\\/www.eldigitaldeasturias.com\\\/noticias\\\/vox-se-querella-en-el-tribunal-supremo-contra-rajoy-por-dejacion-de-funciones\\\/#listItem\",\"position\":3,\"name\":\"VOX se querella en el Tribunal Supremo contra Rajoy por dejaci\\u00f3n de funciones\",\"previousItem\":{\"@type\":\"ListItem\",\"@id\":\"https:\\\/\\\/www.eldigitaldeasturias.com\\\/noticias\\\/category\\\/actualidad\\\/#listItem\",\"name\":\"Actualidad\"}}]},{\"@type\":\"Organization\",\"@id\":\"https:\\\/\\\/www.eldigitaldeasturias.com\\\/noticias\\\/#organization\",\"name\":\"El Digital de Asturias\",\"description\":\"Hemeroteca\",\"url\":\"https:\\\/\\\/www.eldigitaldeasturias.com\\\/noticias\\\/\",\"email\":\"info@eldigitaldeasturias.com\",\"telephone\":\"+34652131393\",\"logo\":{\"@type\":\"ImageObject\",\"url\":\"https:\\\/\\\/www.eldigitaldeasturias.com\\\/noticias\\\/wp-content\\\/uploads\\\/2020\\\/12\\\/EDA.jpg\",\"@id\":\"https:\\\/\\\/www.eldigitaldeasturias.com\\\/noticias\\\/vox-se-querella-en-el-tribunal-supremo-contra-rajoy-por-dejacion-de-funciones\\\/#organizationLogo\"},\"image\":{\"@id\":\"https:\\\/\\\/www.eldigitaldeasturias.com\\\/noticias\\\/vox-se-querella-en-el-tribunal-supremo-contra-rajoy-por-dejacion-de-funciones\\\/#organizationLogo\"},\"sameAs\":[\"https:\\\/\\\/facebook.com\\\/eldigitaldeasturias\",\"https:\\\/\\\/www.youtube.com\\\/channel\\\/UCZP-2wLEB9Rv6erhFmqVnvg\"],\"address\":{\"@id\":\"https:\\\/\\\/www.eldigitaldeasturias.com\\\/noticias\\\/#postaladdress\",\"@type\":\"PostalAddress\",\"streetAddress\":\"san antonio 4\",\"postalCode\":\"33430\",\"addressLocality\":\"Cand\\u00e1s\",\"addressRegion\":\"Asturias\",\"addressCountry\":\"ES\"}},{\"@type\":\"Person\",\"@id\":\"https:\\\/\\\/www.eldigitaldeasturias.com\\\/noticias\\\/author\\\/admin\\\/#author\",\"url\":\"https:\\\/\\\/www.eldigitaldeasturias.com\\\/noticias\\\/author\\\/admin\\\/\",\"name\":\"El Digital de Asturias\",\"image\":{\"@type\":\"ImageObject\",\"@id\":\"https:\\\/\\\/www.eldigitaldeasturias.com\\\/noticias\\\/vox-se-querella-en-el-tribunal-supremo-contra-rajoy-por-dejacion-de-funciones\\\/#authorImage\",\"url\":\"https:\\\/\\\/secure.gravatar.com\\\/avatar\\\/df2aeffc32bcd13f8d26072ef8a91b623d677766deac7f97ca815868cd41bf5e?s=96&d=mm&r=g\",\"width\":96,\"height\":96,\"caption\":\"El Digital de Asturias\"}},{\"@type\":\"WebPage\",\"@id\":\"https:\\\/\\\/www.eldigitaldeasturias.com\\\/noticias\\\/vox-se-querella-en-el-tribunal-supremo-contra-rajoy-por-dejacion-de-funciones\\\/#webpage\",\"url\":\"https:\\\/\\\/www.eldigitaldeasturias.com\\\/noticias\\\/vox-se-querella-en-el-tribunal-supremo-contra-rajoy-por-dejacion-de-funciones\\\/\",\"name\":\"VOX se querella en el Tribunal Supremo contra Rajoy por dejaci\\u00f3n de funciones - El Digital de Asturias\",\"description\":\"VOX ha presentado esta ma\\u00f1ana una querella contra el Presidente del Gobierno Mariano Rajoy ante la Sala de lo Penal del Tribunal Supremo por dejaci\\u00f3n de sus funciones ante el golpe de Estado secesionista que se est\\u00e1 produciendo en Catalu\\u00f1a. VOX anunci\\u00f3 el pasado martes que se querellar\\u00eda contra el Gobierno hoy si no actuaba\",\"inLanguage\":\"es-ES\",\"isPartOf\":{\"@id\":\"https:\\\/\\\/www.eldigitaldeasturias.com\\\/noticias\\\/#website\"},\"breadcrumb\":{\"@id\":\"https:\\\/\\\/www.eldigitaldeasturias.com\\\/noticias\\\/vox-se-querella-en-el-tribunal-supremo-contra-rajoy-por-dejacion-de-funciones\\\/#breadcrumblist\"},\"author\":{\"@id\":\"https:\\\/\\\/www.eldigitaldeasturias.com\\\/noticias\\\/author\\\/admin\\\/#author\"},\"creator\":{\"@id\":\"https:\\\/\\\/www.eldigitaldeasturias.com\\\/noticias\\\/author\\\/admin\\\/#author\"},\"image\":{\"@type\":\"ImageObject\",\"url\":955042,\"@id\":\"https:\\\/\\\/www.eldigitaldeasturias.com\\\/noticias\\\/vox-se-querella-en-el-tribunal-supremo-contra-rajoy-por-dejacion-de-funciones\\\/#mainImage\"},\"primaryImageOfPage\":{\"@id\":\"https:\\\/\\\/www.eldigitaldeasturias.com\\\/noticias\\\/vox-se-querella-en-el-tribunal-supremo-contra-rajoy-por-dejacion-de-funciones\\\/#mainImage\"},\"datePublished\":\"2017-10-05T14:25:43+02:00\",\"dateModified\":\"2017-10-05T14:25:43+02:00\"},{\"@type\":\"WebSite\",\"@id\":\"https:\\\/\\\/www.eldigitaldeasturias.com\\\/noticias\\\/#website\",\"url\":\"https:\\\/\\\/www.eldigitaldeasturias.com\\\/noticias\\\/\",\"name\":\"El Digital de Asturias - Diario de actualidad y noticias\",\"alternateName\":\"El Digital de Asturias - Diario de actualidad y noticias\",\"description\":\"Hemeroteca\",\"inLanguage\":\"es-ES\",\"publisher\":{\"@id\":\"https:\\\/\\\/www.eldigitaldeasturias.com\\\/noticias\\\/#organization\"}}]}\n\t\t<\/script>\n\t\t<!-- All in One SEO Pro -->\r\n\t\t<title>VOX se querella en el Tribunal Supremo contra Rajoy por dejaci\u00f3n de funciones - El Digital de Asturias<\/title>\n\n","aioseo_head_json":{"title":"VOX se querella en el Tribunal Supremo contra Rajoy por dejaci\u00f3n de funciones - El Digital de Asturias","description":"VOX ha presentado esta ma\u00f1ana una querella contra el Presidente del Gobierno Mariano Rajoy ante la Sala de lo Penal del Tribunal Supremo por dejaci\u00f3n de sus funciones ante el golpe de Estado secesionista que se est\u00e1 produciendo en Catalu\u00f1a. VOX anunci\u00f3 el pasado martes que se querellar\u00eda contra el Gobierno hoy si no actuaba","canonical_url":"https:\/\/www.eldigitaldeasturias.com\/noticias\/vox-se-querella-en-el-tribunal-supremo-contra-rajoy-por-dejacion-de-funciones\/","robots":"max-image-preview:large","keywords":"actualidad,sucesos","webmasterTools":{"google-site-verification":"UA-38556648-1","msvalidate.01":"7dfe9f3f1b24437ab69f4f2559babe99","miscellaneous":""},"schema":{"@context":"https:\/\/schema.org","@graph":[{"@type":"BlogPosting","@id":"https:\/\/www.eldigitaldeasturias.com\/noticias\/vox-se-querella-en-el-tribunal-supremo-contra-rajoy-por-dejacion-de-funciones\/#blogposting","name":"VOX se querella en el Tribunal Supremo contra Rajoy por dejaci\u00f3n de funciones - El Digital de Asturias","headline":"VOX se querella en el Tribunal Supremo contra Rajoy por dejaci\u00f3n de funciones","author":{"@id":"https:\/\/www.eldigitaldeasturias.com\/noticias\/author\/admin\/#author"},"publisher":{"@id":"https:\/\/www.eldigitaldeasturias.com\/noticias\/#organization"},"image":{"@type":"ImageObject","url":955042},"datePublished":"2017-10-05T14:25:43+02:00","dateModified":"2017-10-05T14:25:43+02:00","inLanguage":"es-ES","mainEntityOfPage":{"@id":"https:\/\/www.eldigitaldeasturias.com\/noticias\/vox-se-querella-en-el-tribunal-supremo-contra-rajoy-por-dejacion-de-funciones\/#webpage"},"isPartOf":{"@id":"https:\/\/www.eldigitaldeasturias.com\/noticias\/vox-se-querella-en-el-tribunal-supremo-contra-rajoy-por-dejacion-de-funciones\/#webpage"},"articleSection":"Actualidad, Sucesos"},{"@type":"BreadcrumbList","@id":"https:\/\/www.eldigitaldeasturias.com\/noticias\/vox-se-querella-en-el-tribunal-supremo-contra-rajoy-por-dejacion-de-funciones\/#breadcrumblist","itemListElement":[{"@type":"ListItem","@id":"https:\/\/www.eldigitaldeasturias.com\/noticias#listItem","position":1,"name":"Home","item":"https:\/\/www.eldigitaldeasturias.com\/noticias","nextItem":{"@type":"ListItem","@id":"https:\/\/www.eldigitaldeasturias.com\/noticias\/category\/actualidad\/#listItem","name":"Actualidad"}},{"@type":"ListItem","@id":"https:\/\/www.eldigitaldeasturias.com\/noticias\/category\/actualidad\/#listItem","position":2,"name":"Actualidad","item":"https:\/\/www.eldigitaldeasturias.com\/noticias\/category\/actualidad\/","nextItem":{"@type":"ListItem","@id":"https:\/\/www.eldigitaldeasturias.com\/noticias\/vox-se-querella-en-el-tribunal-supremo-contra-rajoy-por-dejacion-de-funciones\/#listItem","name":"VOX se querella en el Tribunal Supremo contra Rajoy por dejaci\u00f3n de funciones"},"previousItem":{"@type":"ListItem","@id":"https:\/\/www.eldigitaldeasturias.com\/noticias#listItem","name":"Home"}},{"@type":"ListItem","@id":"https:\/\/www.eldigitaldeasturias.com\/noticias\/vox-se-querella-en-el-tribunal-supremo-contra-rajoy-por-dejacion-de-funciones\/#listItem","position":3,"name":"VOX se querella en el Tribunal Supremo contra Rajoy por dejaci\u00f3n de funciones","previousItem":{"@type":"ListItem","@id":"https:\/\/www.eldigitaldeasturias.com\/noticias\/category\/actualidad\/#listItem","name":"Actualidad"}}]},{"@type":"Organization","@id":"https:\/\/www.eldigitaldeasturias.com\/noticias\/#organization","name":"El Digital de Asturias","description":"Hemeroteca","url":"https:\/\/www.eldigitaldeasturias.com\/noticias\/","email":"info@eldigitaldeasturias.com","telephone":"+34652131393","logo":{"@type":"ImageObject","url":"https:\/\/www.eldigitaldeasturias.com\/noticias\/wp-content\/uploads\/2020\/12\/EDA.jpg","@id":"https:\/\/www.eldigitaldeasturias.com\/noticias\/vox-se-querella-en-el-tribunal-supremo-contra-rajoy-por-dejacion-de-funciones\/#organizationLogo"},"image":{"@id":"https:\/\/www.eldigitaldeasturias.com\/noticias\/vox-se-querella-en-el-tribunal-supremo-contra-rajoy-por-dejacion-de-funciones\/#organizationLogo"},"sameAs":["https:\/\/facebook.com\/eldigitaldeasturias","https:\/\/www.youtube.com\/channel\/UCZP-2wLEB9Rv6erhFmqVnvg"],"address":{"@id":"https:\/\/www.eldigitaldeasturias.com\/noticias\/#postaladdress","@type":"PostalAddress","streetAddress":"san antonio 4","postalCode":"33430","addressLocality":"Cand\u00e1s","addressRegion":"Asturias","addressCountry":"ES"}},{"@type":"Person","@id":"https:\/\/www.eldigitaldeasturias.com\/noticias\/author\/admin\/#author","url":"https:\/\/www.eldigitaldeasturias.com\/noticias\/author\/admin\/","name":"El Digital de Asturias","image":{"@type":"ImageObject","@id":"https:\/\/www.eldigitaldeasturias.com\/noticias\/vox-se-querella-en-el-tribunal-supremo-contra-rajoy-por-dejacion-de-funciones\/#authorImage","url":"https:\/\/secure.gravatar.com\/avatar\/df2aeffc32bcd13f8d26072ef8a91b623d677766deac7f97ca815868cd41bf5e?s=96&d=mm&r=g","width":96,"height":96,"caption":"El Digital de Asturias"}},{"@type":"WebPage","@id":"https:\/\/www.eldigitaldeasturias.com\/noticias\/vox-se-querella-en-el-tribunal-supremo-contra-rajoy-por-dejacion-de-funciones\/#webpage","url":"https:\/\/www.eldigitaldeasturias.com\/noticias\/vox-se-querella-en-el-tribunal-supremo-contra-rajoy-por-dejacion-de-funciones\/","name":"VOX se querella en el Tribunal Supremo contra Rajoy por dejaci\u00f3n de funciones - El Digital de Asturias","description":"VOX ha presentado esta ma\u00f1ana una querella contra el Presidente del Gobierno Mariano Rajoy ante la Sala de lo Penal del Tribunal Supremo por dejaci\u00f3n de sus funciones ante el golpe de Estado secesionista que se est\u00e1 produciendo en Catalu\u00f1a. VOX anunci\u00f3 el pasado martes que se querellar\u00eda contra el Gobierno hoy si no actuaba","inLanguage":"es-ES","isPartOf":{"@id":"https:\/\/www.eldigitaldeasturias.com\/noticias\/#website"},"breadcrumb":{"@id":"https:\/\/www.eldigitaldeasturias.com\/noticias\/vox-se-querella-en-el-tribunal-supremo-contra-rajoy-por-dejacion-de-funciones\/#breadcrumblist"},"author":{"@id":"https:\/\/www.eldigitaldeasturias.com\/noticias\/author\/admin\/#author"},"creator":{"@id":"https:\/\/www.eldigitaldeasturias.com\/noticias\/author\/admin\/#author"},"image":{"@type":"ImageObject","url":955042,"@id":"https:\/\/www.eldigitaldeasturias.com\/noticias\/vox-se-querella-en-el-tribunal-supremo-contra-rajoy-por-dejacion-de-funciones\/#mainImage"},"primaryImageOfPage":{"@id":"https:\/\/www.eldigitaldeasturias.com\/noticias\/vox-se-querella-en-el-tribunal-supremo-contra-rajoy-por-dejacion-de-funciones\/#mainImage"},"datePublished":"2017-10-05T14:25:43+02:00","dateModified":"2017-10-05T14:25:43+02:00"},{"@type":"WebSite","@id":"https:\/\/www.eldigitaldeasturias.com\/noticias\/#website","url":"https:\/\/www.eldigitaldeasturias.com\/noticias\/","name":"El Digital de Asturias - Diario de actualidad y noticias","alternateName":"El Digital de Asturias - Diario de actualidad y noticias","description":"Hemeroteca","inLanguage":"es-ES","publisher":{"@id":"https:\/\/www.eldigitaldeasturias.com\/noticias\/#organization"}}]},"og:locale":"es_ES","og:site_name":"El Digital de Asturias","og:type":"article","og:title":"VOX se querella en el Tribunal Supremo contra Rajoy por dejaci\u00f3n de funciones - El Digital de Asturias","og:description":"VOX ha presentado esta ma\u00f1ana una querella contra el Presidente del Gobierno Mariano Rajoy ante la Sala de lo Penal del Tribunal Supremo por dejaci\u00f3n de sus funciones ante el golpe de Estado secesionista que se est\u00e1 produciendo en Catalu\u00f1a. VOX anunci\u00f3 el pasado martes que se querellar\u00eda contra el Gobierno hoy si no actuaba","og:url":"https:\/\/www.eldigitaldeasturias.com\/noticias\/vox-se-querella-en-el-tribunal-supremo-contra-rajoy-por-dejacion-de-funciones\/","article:tag":["actualidad","sucesos"],"article:published_time":"2017-10-05T14:25:43+00:00","article:modified_time":"2017-10-05T14:25:43+00:00","article:publisher":"https:\/\/facebook.com\/eldigitaldeasturias","twitter:card":"summary_large_image","twitter:title":"VOX se querella en el Tribunal Supremo contra Rajoy por dejaci\u00f3n de funciones - El Digital de Asturias","twitter:description":"VOX ha presentado esta ma\u00f1ana una querella contra el Presidente del Gobierno Mariano Rajoy ante la Sala de lo Penal del Tribunal Supremo por dejaci\u00f3n de sus funciones ante el golpe de Estado secesionista que se est\u00e1 produciendo en Catalu\u00f1a. VOX anunci\u00f3 el pasado martes que se querellar\u00eda contra el Gobierno hoy si no actuaba","twitter:image":"https:\/\/www.eldigitaldeasturias.com\/noticias\/wp-content\/uploads\/2020\/12\/EDA-1.jpg","twitter:label1":"Escrito por","twitter:data1":"El Digital de Asturias","twitter:label2":"Tiempo de lectura estimado","twitter:data2":"2 minutos"},"aioseo_meta_data":{"post_id":"955041","title":null,"description":null,"keywords":null,"keyphrases":null,"primary_term":null,"canonical_url":null,"og_title":null,"og_description":null,"og_object_type":"default","og_image_type":"default","og_image_url":null,"og_image_width":null,"og_image_height":null,"og_image_custom_url":null,"og_image_custom_fields":null,"og_video":null,"og_custom_url":null,"og_article_section":null,"og_article_tags":null,"twitter_use_og":false,"twitter_card":"default","twitter_image_type":"default","twitter_image_url":null,"twitter_image_custom_url":null,"twitter_image_custom_fields":null,"twitter_title":null,"twitter_description":null,"schema":{"blockGraphs":[],"customGraphs":[],"default":{"data":{"Article":[],"Course":[],"Dataset":[],"FAQPage":[],"Movie":[],"Person":[],"Product":[],"ProductReview":[],"Car":[],"Recipe":[],"Service":[],"SoftwareApplication":[],"WebPage":[]},"graphName":"","isEnabled":true},"graphs":[],"defaultGraph":"","defaultPostTypeGraph":""},"schema_type":null,"schema_type_options":null,"pillar_content":false,"robots_default":true,"robots_noindex":false,"robots_noarchive":false,"robots_nosnippet":false,"robots_nofollow":false,"robots_noimageindex":false,"robots_noodp":false,"robots_notranslate":false,"robots_max_snippet":null,"robots_max_videopreview":null,"robots_max_imagepreview":"large","priority":null,"frequency":null,"local_seo":null,"seo_analyzer_scan_date":"2025-12-06 08:38:11","breadcrumb_settings":null,"limit_modified_date":false,"open_ai":null,"ai":null,"created":"2020-12-21 12:56:31","updated":"2025-12-06 08:38:11","focus_keyword":null,"additional_keywords":null,"truseo_locale":null},"aioseo_breadcrumb":"<div class=\"aioseo-breadcrumbs\"><span class=\"aioseo-breadcrumb\">\n\t<a href=\"https:\/\/www.eldigitaldeasturias.com\/noticias\" title=\"Home\">Home<\/a>\n<\/span><span class=\"aioseo-breadcrumb-separator\">\u2013<\/span><span class=\"aioseo-breadcrumb\">\n\t<a href=\"https:\/\/www.eldigitaldeasturias.com\/noticias\/category\/actualidad\/\" title=\"Actualidad\">Actualidad<\/a>\n<\/span><span class=\"aioseo-breadcrumb-separator\">\u2013<\/span><span class=\"aioseo-breadcrumb\">\n\t<a href=\"https:\/\/www.eldigitaldeasturias.com\/noticias\/vox-se-querella-en-el-tribunal-supremo-contra-rajoy-por-dejacion-de-funciones\/\" title=\"VOX se querella en el Tribunal Supremo contra Rajoy por dejaci\u00f3n de funciones\">VOX se querella en el Tribunal Supremo contra Rajoy por dejaci\u00f3n de funciones<\/a>\n<\/span><\/div>","aioseo_breadcrumb_json":[{"label":"Home","link":"https:\/\/www.eldigitaldeasturias.com\/noticias"},{"label":"Actualidad","link":"https:\/\/www.eldigitaldeasturias.com\/noticias\/category\/actualidad\/"},{"label":"VOX se querella en el Tribunal Supremo contra Rajoy por dejaci\u00f3n de funciones","link":"https:\/\/www.eldigitaldeasturias.com\/noticias\/vox-se-querella-en-el-tribunal-supremo-contra-rajoy-por-dejacion-de-funciones\/"}],"_links":{"self":[{"href":"https:\/\/www.eldigitaldeasturias.com\/noticias\/wp-json\/wp\/v2\/posts\/955041","targetHints":{"allow":["GET"]}}],"collection":[{"href":"https:\/\/www.eldigitaldeasturias.com\/noticias\/wp-json\/wp\/v2\/posts"}],"about":[{"href":"https:\/\/www.eldigitaldeasturias.com\/noticias\/wp-json\/wp\/v2\/types\/post"}],"author":[{"embeddable":true,"href":"https:\/\/www.eldigitaldeasturias.com\/noticias\/wp-json\/wp\/v2\/users\/1"}],"replies":[{"embeddable":true,"href":"https:\/\/www.eldigitaldeasturias.com\/noticias\/wp-json\/wp\/v2\/comments?post=955041"}],"version-history":[{"count":0,"href":"https:\/\/www.eldigitaldeasturias.com\/noticias\/wp-json\/wp\/v2\/posts\/955041\/revisions"}],"wp:attachment":[{"href":"https:\/\/www.eldigitaldeasturias.com\/noticias\/wp-json\/wp\/v2\/media?parent=955041"}],"wp:term":[{"taxonomy":"category","embeddable":true,"href":"https:\/\/www.eldigitaldeasturias.com\/noticias\/wp-json\/wp\/v2\/categories?post=955041"},{"taxonomy":"post_tag","embeddable":true,"href":"https:\/\/www.eldigitaldeasturias.com\/noticias\/wp-json\/wp\/v2\/tags?post=955041"}],"curies":[{"name":"wp","href":"https:\/\/api.w.org\/{rel}","templated":true}]}}