{"id":955020,"date":"2017-10-05T12:18:54","date_gmt":"2017-10-05T12:18:54","guid":{"rendered":"http:\/\/www.eldigitaldeasturias.com\/noticias\/?p=955020"},"modified":"2017-10-05T12:18:54","modified_gmt":"2017-10-05T12:18:54","slug":"gonzalez-pons-europa-y-los-partidos-europeistas-respaldan-al-gobierno-espanol","status":"publish","type":"post","link":"https:\/\/www.eldigitaldeasturias.com\/noticias\/gonzalez-pons-europa-y-los-partidos-europeistas-respaldan-al-gobierno-espanol\/","title":{"rendered":"Gonz\u00e1lez Pons: \u00abEuropa y los partidos europe\u00edstas respaldan al Gobierno espa\u00f1ol\u00bb"},"content":{"rendered":"<p><img loading=\"lazy\" decoding=\"async\" class=\"alignleft size-medium wp-image-955021\" src=\"https:\/\/www.eldigitaldeasturias.com\/noticias\/wp-content\/uploads\/2017\/10\/15710428050_abc5020926_o-360x163.jpg\" alt=\"\" width=\"360\" height=\"163\" \/>El portavoz del PP y vicepresidente primero del Grupo PPE en el Parlamento Europeo, Esteban Gonz\u00e1lez Pons, ha asegurado esta ma\u00f1ana durante una entrevista en \u201cEspejo P\u00fablico\u201d que Europa y los partidos europe\u00edstas respaldan al Gobierno espa\u00f1ol, frente a los que est\u00e1n con Puigdemont que es \u201cla extrema derecha y los antiguos comunistas de la Europa del Este\u201d.<\/p>\n<p>El vicepresidente del Grupo Popular en el Parlamento Europeo explica que la \u00fanica manera de resolver lo que est\u00e1 sucediendo en Catalu\u00f1a y que Puigdemont renuncie a declarar la declaraci\u00f3n unilateral de independencia pasa porque los pol\u00edticos afronten la situaci\u00f3n de Espa\u00f1a y c\u00f3mo reconstruirla. En un s\u00edmil entre Puigdemont y el 23F, el eurodiputado ha dicho que \u201ctenemos que pedir a Puigdemont que baje el arma\u201d.<\/p>\n<p>En este sentido, Pons cree considerar que la Generalitat tiene miedo ya que hay mucha divisi\u00f3n entre sus seguidores \u201cporque los efectos econ\u00f3micos se empiezan a notar ya en Catalu\u00f1a y en el resto de Espa\u00f1a. Es el efecto Puigdemont que es demoledor\u201d.<\/p>\n<p>Durante la entrevista, Pons ha remarcado que \u201clo que han hecho Puigdemont y Junqueras era ilegal e inconstitucional y por eso van a tener que responder por lo que han hecho. \u201cLe pedimos que no lo hagan m\u00e1s grande y que sea imposible de resolver\u201d, ha sentenciado.<\/p>\n<p>Antes de que se produzca el lunes una posible declaraci\u00f3n unilateral de independencia, el portavoz popular asegura que habr\u00e1 cuatro d\u00edas para convencer a Puigdemont de que renuncie, ya que es la \u00fanica soluci\u00f3n posible. No obstante, afirma que \u201cel Gobierno tiene que hacer lo necesario\u201d.<\/p>\n<p>Preocupado por las amenazas y por los que desaf\u00edan al Estado, Esteban Gonz\u00e1lez Pons ha querido subrayar que mientras estas intimidaciones sigan adelante, no ser\u00e1 \u201cel momento de di\u00e1logo, ni de mesas de negociaci\u00f3n, ni de nada, ya que hablar de esto significar\u00eda renunciar a todo el entramado democr\u00e1tico que nos ha dado la Constituci\u00f3n\u201d.<\/p>\n","protected":false},"excerpt":{"rendered":"<p>El portavoz del PP y vicepresidente primero del Grupo PPE en el Parlamento Europeo, Esteban Gonz\u00e1lez Pons, ha asegurado esta ma\u00f1ana durante una entrevista en \u201cEspejo P\u00fablico\u201d que Europa y los partidos europe\u00edstas respaldan al Gobierno espa\u00f1ol, frente a los que est\u00e1n con Puigdemont que es \u201cla extrema derecha y los antiguos comunistas de la [&hellip;]<\/p>\n","protected":false},"author":1,"featured_media":955021,"comment_status":"closed","ping_status":"closed","sticky":false,"template":"","format":"standard","meta":{"footnotes":""},"categories":[1],"tags":[],"class_list":["post-955020","post","type-post","status-publish","format-standard","has-post-thumbnail","hentry","category-actualidad"],"aioseo_notices":[],"aioseo_head":"\n\t\t<!-- All in One SEO Pro 5.0.1 - aioseo.com -->\n\t<meta name=\"description\" content=\"El portavoz del PP y vicepresidente primero del Grupo PPE en el Parlamento Europeo, Esteban Gonz\u00e1lez Pons, ha asegurado esta ma\u00f1ana durante una entrevista en \u201cEspejo P\u00fablico\u201d que Europa y los partidos europe\u00edstas respaldan al Gobierno espa\u00f1ol, frente a los que est\u00e1n con Puigdemont que es \u201cla extrema derecha y los antiguos comunistas de la\" \/>\n\t<meta name=\"robots\" content=\"max-image-preview:large\" \/>\n\t<meta name=\"author\" content=\"El Digital de Asturias\"\/>\n\t<meta name=\"google-site-verification\" content=\"UA-38556648-1\" \/>\n\t<meta name=\"msvalidate.01\" content=\"7dfe9f3f1b24437ab69f4f2559babe99\" \/>\n\t<meta name=\"keywords\" content=\"actualidad\" \/>\n\t<link rel=\"canonical\" href=\"https:\/\/www.eldigitaldeasturias.com\/noticias\/gonzalez-pons-europa-y-los-partidos-europeistas-respaldan-al-gobierno-espanol\/\" \/>\n\t<meta name=\"generator\" content=\"All in One SEO Pro (AIOSEO) 5.0.1\" \/>\n\t\t<meta property=\"og:locale\" content=\"es_ES\" \/>\n\t\t<meta property=\"og:site_name\" content=\"El Digital de Asturias\" \/>\n\t\t<meta property=\"og:type\" content=\"article\" \/>\n\t\t<meta property=\"og:title\" content=\"Gonz\u00e1lez Pons: \u00abEuropa y los partidos europe\u00edstas respaldan al Gobierno espa\u00f1ol\u00bb - El Digital de Asturias\" \/>\n\t\t<meta property=\"og:description\" content=\"El portavoz del PP y vicepresidente primero del Grupo PPE en el Parlamento Europeo, Esteban Gonz\u00e1lez Pons, ha asegurado esta ma\u00f1ana durante una entrevista en \u201cEspejo P\u00fablico\u201d que Europa y los partidos europe\u00edstas respaldan al Gobierno espa\u00f1ol, frente a los que est\u00e1n con Puigdemont que es \u201cla extrema derecha y los antiguos comunistas de la\" \/>\n\t\t<meta property=\"og:url\" content=\"https:\/\/www.eldigitaldeasturias.com\/noticias\/gonzalez-pons-europa-y-los-partidos-europeistas-respaldan-al-gobierno-espanol\/\" \/>\n\t\t<meta property=\"article:tag\" content=\"actualidad\" \/>\n\t\t<meta property=\"article:published_time\" content=\"2017-10-05T12:18:54+00:00\" \/>\n\t\t<meta property=\"article:modified_time\" content=\"2017-10-05T12:18:54+00:00\" \/>\n\t\t<meta property=\"article:publisher\" content=\"https:\/\/facebook.com\/eldigitaldeasturias\" \/>\n\t\t<meta name=\"twitter:card\" content=\"summary_large_image\" \/>\n\t\t<meta name=\"twitter:title\" content=\"Gonz\u00e1lez Pons: \u00abEuropa y los partidos europe\u00edstas respaldan al Gobierno espa\u00f1ol\u00bb - El Digital de Asturias\" \/>\n\t\t<meta name=\"twitter:description\" content=\"El portavoz del PP y vicepresidente primero del Grupo PPE en el Parlamento Europeo, Esteban Gonz\u00e1lez Pons, ha asegurado esta ma\u00f1ana durante una entrevista en \u201cEspejo P\u00fablico\u201d que Europa y los partidos europe\u00edstas respaldan al Gobierno espa\u00f1ol, frente a los que est\u00e1n con Puigdemont que es \u201cla extrema derecha y los antiguos comunistas de la\" \/>\n\t\t<meta name=\"twitter:image\" content=\"https:\/\/www.eldigitaldeasturias.com\/noticias\/wp-content\/uploads\/2020\/12\/EDA-1.jpg\" \/>\n\t\t<meta name=\"twitter:label1\" content=\"Escrito por\" \/>\n\t\t<meta name=\"twitter:data1\" content=\"El Digital de Asturias\" \/>\n\t\t<meta name=\"twitter:label2\" content=\"Tiempo de lectura estimado\" \/>\n\t\t<meta name=\"twitter:data2\" content=\"2 minutos\" \/>\n\t\t<script type=\"application\/ld+json\" class=\"aioseo-schema\">\n\t\t\t{\"@context\":\"https:\\\/\\\/schema.org\",\"@graph\":[{\"@type\":\"BlogPosting\",\"@id\":\"https:\\\/\\\/www.eldigitaldeasturias.com\\\/noticias\\\/gonzalez-pons-europa-y-los-partidos-europeistas-respaldan-al-gobierno-espanol\\\/#blogposting\",\"name\":\"Gonz\\u00e1lez Pons: \\u00abEuropa y los partidos europe\\u00edstas respaldan al Gobierno espa\\u00f1ol\\u00bb - El Digital de Asturias\",\"headline\":\"Gonz\\u00e1lez Pons: \\u00abEuropa y los partidos europe\\u00edstas respaldan al Gobierno espa\\u00f1ol\\u00bb\",\"author\":{\"@id\":\"https:\\\/\\\/www.eldigitaldeasturias.com\\\/noticias\\\/author\\\/admin\\\/#author\"},\"publisher\":{\"@id\":\"https:\\\/\\\/www.eldigitaldeasturias.com\\\/noticias\\\/#organization\"},\"image\":{\"@type\":\"ImageObject\",\"url\":955021},\"datePublished\":\"2017-10-05T12:18:54+02:00\",\"dateModified\":\"2017-10-05T12:18:54+02:00\",\"inLanguage\":\"es-ES\",\"mainEntityOfPage\":{\"@id\":\"https:\\\/\\\/www.eldigitaldeasturias.com\\\/noticias\\\/gonzalez-pons-europa-y-los-partidos-europeistas-respaldan-al-gobierno-espanol\\\/#webpage\"},\"isPartOf\":{\"@id\":\"https:\\\/\\\/www.eldigitaldeasturias.com\\\/noticias\\\/gonzalez-pons-europa-y-los-partidos-europeistas-respaldan-al-gobierno-espanol\\\/#webpage\"},\"articleSection\":\"Actualidad\"},{\"@type\":\"BreadcrumbList\",\"@id\":\"https:\\\/\\\/www.eldigitaldeasturias.com\\\/noticias\\\/gonzalez-pons-europa-y-los-partidos-europeistas-respaldan-al-gobierno-espanol\\\/#breadcrumblist\",\"itemListElement\":[{\"@type\":\"ListItem\",\"@id\":\"https:\\\/\\\/www.eldigitaldeasturias.com\\\/noticias#listItem\",\"position\":1,\"name\":\"Home\",\"item\":\"https:\\\/\\\/www.eldigitaldeasturias.com\\\/noticias\",\"nextItem\":{\"@type\":\"ListItem\",\"@id\":\"https:\\\/\\\/www.eldigitaldeasturias.com\\\/noticias\\\/category\\\/actualidad\\\/#listItem\",\"name\":\"Actualidad\"}},{\"@type\":\"ListItem\",\"@id\":\"https:\\\/\\\/www.eldigitaldeasturias.com\\\/noticias\\\/category\\\/actualidad\\\/#listItem\",\"position\":2,\"name\":\"Actualidad\",\"item\":\"https:\\\/\\\/www.eldigitaldeasturias.com\\\/noticias\\\/category\\\/actualidad\\\/\",\"nextItem\":{\"@type\":\"ListItem\",\"@id\":\"https:\\\/\\\/www.eldigitaldeasturias.com\\\/noticias\\\/gonzalez-pons-europa-y-los-partidos-europeistas-respaldan-al-gobierno-espanol\\\/#listItem\",\"name\":\"Gonz\\u00e1lez Pons: \\u00abEuropa y los partidos europe\\u00edstas respaldan al Gobierno espa\\u00f1ol\\u00bb\"},\"previousItem\":{\"@type\":\"ListItem\",\"@id\":\"https:\\\/\\\/www.eldigitaldeasturias.com\\\/noticias#listItem\",\"name\":\"Home\"}},{\"@type\":\"ListItem\",\"@id\":\"https:\\\/\\\/www.eldigitaldeasturias.com\\\/noticias\\\/gonzalez-pons-europa-y-los-partidos-europeistas-respaldan-al-gobierno-espanol\\\/#listItem\",\"position\":3,\"name\":\"Gonz\\u00e1lez Pons: \\u00abEuropa y los partidos europe\\u00edstas respaldan al Gobierno espa\\u00f1ol\\u00bb\",\"previousItem\":{\"@type\":\"ListItem\",\"@id\":\"https:\\\/\\\/www.eldigitaldeasturias.com\\\/noticias\\\/category\\\/actualidad\\\/#listItem\",\"name\":\"Actualidad\"}}]},{\"@type\":\"Organization\",\"@id\":\"https:\\\/\\\/www.eldigitaldeasturias.com\\\/noticias\\\/#organization\",\"name\":\"El Digital de Asturias\",\"description\":\"Hemeroteca\",\"url\":\"https:\\\/\\\/www.eldigitaldeasturias.com\\\/noticias\\\/\",\"email\":\"info@eldigitaldeasturias.com\",\"telephone\":\"+34652131393\",\"logo\":{\"@type\":\"ImageObject\",\"url\":\"https:\\\/\\\/www.eldigitaldeasturias.com\\\/noticias\\\/wp-content\\\/uploads\\\/2020\\\/12\\\/EDA.jpg\",\"@id\":\"https:\\\/\\\/www.eldigitaldeasturias.com\\\/noticias\\\/gonzalez-pons-europa-y-los-partidos-europeistas-respaldan-al-gobierno-espanol\\\/#organizationLogo\"},\"image\":{\"@id\":\"https:\\\/\\\/www.eldigitaldeasturias.com\\\/noticias\\\/gonzalez-pons-europa-y-los-partidos-europeistas-respaldan-al-gobierno-espanol\\\/#organizationLogo\"},\"sameAs\":[\"https:\\\/\\\/facebook.com\\\/eldigitaldeasturias\",\"https:\\\/\\\/www.youtube.com\\\/channel\\\/UCZP-2wLEB9Rv6erhFmqVnvg\"],\"address\":{\"@id\":\"https:\\\/\\\/www.eldigitaldeasturias.com\\\/noticias\\\/#postaladdress\",\"@type\":\"PostalAddress\",\"streetAddress\":\"san antonio 4\",\"postalCode\":\"33430\",\"addressLocality\":\"Cand\\u00e1s\",\"addressRegion\":\"Asturias\",\"addressCountry\":\"ES\"}},{\"@type\":\"Person\",\"@id\":\"https:\\\/\\\/www.eldigitaldeasturias.com\\\/noticias\\\/author\\\/admin\\\/#author\",\"url\":\"https:\\\/\\\/www.eldigitaldeasturias.com\\\/noticias\\\/author\\\/admin\\\/\",\"name\":\"El Digital de Asturias\",\"image\":{\"@type\":\"ImageObject\",\"@id\":\"https:\\\/\\\/www.eldigitaldeasturias.com\\\/noticias\\\/gonzalez-pons-europa-y-los-partidos-europeistas-respaldan-al-gobierno-espanol\\\/#authorImage\",\"url\":\"https:\\\/\\\/secure.gravatar.com\\\/avatar\\\/df2aeffc32bcd13f8d26072ef8a91b623d677766deac7f97ca815868cd41bf5e?s=96&d=mm&r=g\",\"width\":96,\"height\":96,\"caption\":\"El Digital de Asturias\"}},{\"@type\":\"WebPage\",\"@id\":\"https:\\\/\\\/www.eldigitaldeasturias.com\\\/noticias\\\/gonzalez-pons-europa-y-los-partidos-europeistas-respaldan-al-gobierno-espanol\\\/#webpage\",\"url\":\"https:\\\/\\\/www.eldigitaldeasturias.com\\\/noticias\\\/gonzalez-pons-europa-y-los-partidos-europeistas-respaldan-al-gobierno-espanol\\\/\",\"name\":\"Gonz\\u00e1lez Pons: \\u00abEuropa y los partidos europe\\u00edstas respaldan al Gobierno espa\\u00f1ol\\u00bb - El Digital de Asturias\",\"description\":\"El portavoz del PP y vicepresidente primero del Grupo PPE en el Parlamento Europeo, Esteban Gonz\\u00e1lez Pons, ha asegurado esta ma\\u00f1ana durante una entrevista en \\u201cEspejo P\\u00fablico\\u201d que Europa y los partidos europe\\u00edstas respaldan al Gobierno espa\\u00f1ol, frente a los que est\\u00e1n con Puigdemont que es \\u201cla extrema derecha y los antiguos comunistas de la\",\"inLanguage\":\"es-ES\",\"isPartOf\":{\"@id\":\"https:\\\/\\\/www.eldigitaldeasturias.com\\\/noticias\\\/#website\"},\"breadcrumb\":{\"@id\":\"https:\\\/\\\/www.eldigitaldeasturias.com\\\/noticias\\\/gonzalez-pons-europa-y-los-partidos-europeistas-respaldan-al-gobierno-espanol\\\/#breadcrumblist\"},\"author\":{\"@id\":\"https:\\\/\\\/www.eldigitaldeasturias.com\\\/noticias\\\/author\\\/admin\\\/#author\"},\"creator\":{\"@id\":\"https:\\\/\\\/www.eldigitaldeasturias.com\\\/noticias\\\/author\\\/admin\\\/#author\"},\"image\":{\"@type\":\"ImageObject\",\"url\":955021,\"@id\":\"https:\\\/\\\/www.eldigitaldeasturias.com\\\/noticias\\\/gonzalez-pons-europa-y-los-partidos-europeistas-respaldan-al-gobierno-espanol\\\/#mainImage\"},\"primaryImageOfPage\":{\"@id\":\"https:\\\/\\\/www.eldigitaldeasturias.com\\\/noticias\\\/gonzalez-pons-europa-y-los-partidos-europeistas-respaldan-al-gobierno-espanol\\\/#mainImage\"},\"datePublished\":\"2017-10-05T12:18:54+02:00\",\"dateModified\":\"2017-10-05T12:18:54+02:00\"},{\"@type\":\"WebSite\",\"@id\":\"https:\\\/\\\/www.eldigitaldeasturias.com\\\/noticias\\\/#website\",\"url\":\"https:\\\/\\\/www.eldigitaldeasturias.com\\\/noticias\\\/\",\"name\":\"El Digital de Asturias - Diario de actualidad y noticias\",\"alternateName\":\"El Digital de Asturias - Diario de actualidad y noticias\",\"description\":\"Hemeroteca\",\"inLanguage\":\"es-ES\",\"publisher\":{\"@id\":\"https:\\\/\\\/www.eldigitaldeasturias.com\\\/noticias\\\/#organization\"}}]}\n\t\t<\/script>\n\t\t<!-- All in One SEO Pro -->\r\n\t\t<title>Gonz\u00e1lez Pons: \u00abEuropa y los partidos europe\u00edstas respaldan al Gobierno espa\u00f1ol\u00bb - El Digital de Asturias<\/title>\n\n","aioseo_head_json":{"title":"Gonz\u00e1lez Pons: \u00abEuropa y los partidos europe\u00edstas respaldan al Gobierno espa\u00f1ol\u00bb - El Digital de Asturias","description":"El portavoz del PP y vicepresidente primero del Grupo PPE en el Parlamento Europeo, Esteban Gonz\u00e1lez Pons, ha asegurado esta ma\u00f1ana durante una entrevista en \u201cEspejo P\u00fablico\u201d que Europa y los partidos europe\u00edstas respaldan al Gobierno espa\u00f1ol, frente a los que est\u00e1n con Puigdemont que es \u201cla extrema derecha y los antiguos comunistas de la","canonical_url":"https:\/\/www.eldigitaldeasturias.com\/noticias\/gonzalez-pons-europa-y-los-partidos-europeistas-respaldan-al-gobierno-espanol\/","robots":"max-image-preview:large","keywords":"actualidad","webmasterTools":{"google-site-verification":"UA-38556648-1","msvalidate.01":"7dfe9f3f1b24437ab69f4f2559babe99","miscellaneous":""},"schema":{"@context":"https:\/\/schema.org","@graph":[{"@type":"BlogPosting","@id":"https:\/\/www.eldigitaldeasturias.com\/noticias\/gonzalez-pons-europa-y-los-partidos-europeistas-respaldan-al-gobierno-espanol\/#blogposting","name":"Gonz\u00e1lez Pons: \u00abEuropa y los partidos europe\u00edstas respaldan al Gobierno espa\u00f1ol\u00bb - El Digital de Asturias","headline":"Gonz\u00e1lez Pons: \u00abEuropa y los partidos europe\u00edstas respaldan al Gobierno espa\u00f1ol\u00bb","author":{"@id":"https:\/\/www.eldigitaldeasturias.com\/noticias\/author\/admin\/#author"},"publisher":{"@id":"https:\/\/www.eldigitaldeasturias.com\/noticias\/#organization"},"image":{"@type":"ImageObject","url":955021},"datePublished":"2017-10-05T12:18:54+02:00","dateModified":"2017-10-05T12:18:54+02:00","inLanguage":"es-ES","mainEntityOfPage":{"@id":"https:\/\/www.eldigitaldeasturias.com\/noticias\/gonzalez-pons-europa-y-los-partidos-europeistas-respaldan-al-gobierno-espanol\/#webpage"},"isPartOf":{"@id":"https:\/\/www.eldigitaldeasturias.com\/noticias\/gonzalez-pons-europa-y-los-partidos-europeistas-respaldan-al-gobierno-espanol\/#webpage"},"articleSection":"Actualidad"},{"@type":"BreadcrumbList","@id":"https:\/\/www.eldigitaldeasturias.com\/noticias\/gonzalez-pons-europa-y-los-partidos-europeistas-respaldan-al-gobierno-espanol\/#breadcrumblist","itemListElement":[{"@type":"ListItem","@id":"https:\/\/www.eldigitaldeasturias.com\/noticias#listItem","position":1,"name":"Home","item":"https:\/\/www.eldigitaldeasturias.com\/noticias","nextItem":{"@type":"ListItem","@id":"https:\/\/www.eldigitaldeasturias.com\/noticias\/category\/actualidad\/#listItem","name":"Actualidad"}},{"@type":"ListItem","@id":"https:\/\/www.eldigitaldeasturias.com\/noticias\/category\/actualidad\/#listItem","position":2,"name":"Actualidad","item":"https:\/\/www.eldigitaldeasturias.com\/noticias\/category\/actualidad\/","nextItem":{"@type":"ListItem","@id":"https:\/\/www.eldigitaldeasturias.com\/noticias\/gonzalez-pons-europa-y-los-partidos-europeistas-respaldan-al-gobierno-espanol\/#listItem","name":"Gonz\u00e1lez Pons: \u00abEuropa y los partidos europe\u00edstas respaldan al Gobierno espa\u00f1ol\u00bb"},"previousItem":{"@type":"ListItem","@id":"https:\/\/www.eldigitaldeasturias.com\/noticias#listItem","name":"Home"}},{"@type":"ListItem","@id":"https:\/\/www.eldigitaldeasturias.com\/noticias\/gonzalez-pons-europa-y-los-partidos-europeistas-respaldan-al-gobierno-espanol\/#listItem","position":3,"name":"Gonz\u00e1lez Pons: \u00abEuropa y los partidos europe\u00edstas respaldan al Gobierno espa\u00f1ol\u00bb","previousItem":{"@type":"ListItem","@id":"https:\/\/www.eldigitaldeasturias.com\/noticias\/category\/actualidad\/#listItem","name":"Actualidad"}}]},{"@type":"Organization","@id":"https:\/\/www.eldigitaldeasturias.com\/noticias\/#organization","name":"El Digital de Asturias","description":"Hemeroteca","url":"https:\/\/www.eldigitaldeasturias.com\/noticias\/","email":"info@eldigitaldeasturias.com","telephone":"+34652131393","logo":{"@type":"ImageObject","url":"https:\/\/www.eldigitaldeasturias.com\/noticias\/wp-content\/uploads\/2020\/12\/EDA.jpg","@id":"https:\/\/www.eldigitaldeasturias.com\/noticias\/gonzalez-pons-europa-y-los-partidos-europeistas-respaldan-al-gobierno-espanol\/#organizationLogo"},"image":{"@id":"https:\/\/www.eldigitaldeasturias.com\/noticias\/gonzalez-pons-europa-y-los-partidos-europeistas-respaldan-al-gobierno-espanol\/#organizationLogo"},"sameAs":["https:\/\/facebook.com\/eldigitaldeasturias","https:\/\/www.youtube.com\/channel\/UCZP-2wLEB9Rv6erhFmqVnvg"],"address":{"@id":"https:\/\/www.eldigitaldeasturias.com\/noticias\/#postaladdress","@type":"PostalAddress","streetAddress":"san antonio 4","postalCode":"33430","addressLocality":"Cand\u00e1s","addressRegion":"Asturias","addressCountry":"ES"}},{"@type":"Person","@id":"https:\/\/www.eldigitaldeasturias.com\/noticias\/author\/admin\/#author","url":"https:\/\/www.eldigitaldeasturias.com\/noticias\/author\/admin\/","name":"El Digital de Asturias","image":{"@type":"ImageObject","@id":"https:\/\/www.eldigitaldeasturias.com\/noticias\/gonzalez-pons-europa-y-los-partidos-europeistas-respaldan-al-gobierno-espanol\/#authorImage","url":"https:\/\/secure.gravatar.com\/avatar\/df2aeffc32bcd13f8d26072ef8a91b623d677766deac7f97ca815868cd41bf5e?s=96&d=mm&r=g","width":96,"height":96,"caption":"El Digital de Asturias"}},{"@type":"WebPage","@id":"https:\/\/www.eldigitaldeasturias.com\/noticias\/gonzalez-pons-europa-y-los-partidos-europeistas-respaldan-al-gobierno-espanol\/#webpage","url":"https:\/\/www.eldigitaldeasturias.com\/noticias\/gonzalez-pons-europa-y-los-partidos-europeistas-respaldan-al-gobierno-espanol\/","name":"Gonz\u00e1lez Pons: \u00abEuropa y los partidos europe\u00edstas respaldan al Gobierno espa\u00f1ol\u00bb - El Digital de Asturias","description":"El portavoz del PP y vicepresidente primero del Grupo PPE en el Parlamento Europeo, Esteban Gonz\u00e1lez Pons, ha asegurado esta ma\u00f1ana durante una entrevista en \u201cEspejo P\u00fablico\u201d que Europa y los partidos europe\u00edstas respaldan al Gobierno espa\u00f1ol, frente a los que est\u00e1n con Puigdemont que es \u201cla extrema derecha y los antiguos comunistas de la","inLanguage":"es-ES","isPartOf":{"@id":"https:\/\/www.eldigitaldeasturias.com\/noticias\/#website"},"breadcrumb":{"@id":"https:\/\/www.eldigitaldeasturias.com\/noticias\/gonzalez-pons-europa-y-los-partidos-europeistas-respaldan-al-gobierno-espanol\/#breadcrumblist"},"author":{"@id":"https:\/\/www.eldigitaldeasturias.com\/noticias\/author\/admin\/#author"},"creator":{"@id":"https:\/\/www.eldigitaldeasturias.com\/noticias\/author\/admin\/#author"},"image":{"@type":"ImageObject","url":955021,"@id":"https:\/\/www.eldigitaldeasturias.com\/noticias\/gonzalez-pons-europa-y-los-partidos-europeistas-respaldan-al-gobierno-espanol\/#mainImage"},"primaryImageOfPage":{"@id":"https:\/\/www.eldigitaldeasturias.com\/noticias\/gonzalez-pons-europa-y-los-partidos-europeistas-respaldan-al-gobierno-espanol\/#mainImage"},"datePublished":"2017-10-05T12:18:54+02:00","dateModified":"2017-10-05T12:18:54+02:00"},{"@type":"WebSite","@id":"https:\/\/www.eldigitaldeasturias.com\/noticias\/#website","url":"https:\/\/www.eldigitaldeasturias.com\/noticias\/","name":"El Digital de Asturias - Diario de actualidad y noticias","alternateName":"El Digital de Asturias - Diario de actualidad y noticias","description":"Hemeroteca","inLanguage":"es-ES","publisher":{"@id":"https:\/\/www.eldigitaldeasturias.com\/noticias\/#organization"}}]},"og:locale":"es_ES","og:site_name":"El Digital de Asturias","og:type":"article","og:title":"Gonz\u00e1lez Pons: \u00abEuropa y los partidos europe\u00edstas respaldan al Gobierno espa\u00f1ol\u00bb - El Digital de Asturias","og:description":"El portavoz del PP y vicepresidente primero del Grupo PPE en el Parlamento Europeo, Esteban Gonz\u00e1lez Pons, ha asegurado esta ma\u00f1ana durante una entrevista en \u201cEspejo P\u00fablico\u201d que Europa y los partidos europe\u00edstas respaldan al Gobierno espa\u00f1ol, frente a los que est\u00e1n con Puigdemont que es \u201cla extrema derecha y los antiguos comunistas de la","og:url":"https:\/\/www.eldigitaldeasturias.com\/noticias\/gonzalez-pons-europa-y-los-partidos-europeistas-respaldan-al-gobierno-espanol\/","article:tag":["actualidad"],"article:published_time":"2017-10-05T12:18:54+00:00","article:modified_time":"2017-10-05T12:18:54+00:00","article:publisher":"https:\/\/facebook.com\/eldigitaldeasturias","twitter:card":"summary_large_image","twitter:title":"Gonz\u00e1lez Pons: \u00abEuropa y los partidos europe\u00edstas respaldan al Gobierno espa\u00f1ol\u00bb - El Digital de Asturias","twitter:description":"El portavoz del PP y vicepresidente primero del Grupo PPE en el Parlamento Europeo, Esteban Gonz\u00e1lez Pons, ha asegurado esta ma\u00f1ana durante una entrevista en \u201cEspejo P\u00fablico\u201d que Europa y los partidos europe\u00edstas respaldan al Gobierno espa\u00f1ol, frente a los que est\u00e1n con Puigdemont que es \u201cla extrema derecha y los antiguos comunistas de la","twitter:image":"https:\/\/www.eldigitaldeasturias.com\/noticias\/wp-content\/uploads\/2020\/12\/EDA-1.jpg","twitter:label1":"Escrito por","twitter:data1":"El Digital de Asturias","twitter:label2":"Tiempo de lectura estimado","twitter:data2":"2 minutos"},"aioseo_meta_data":{"post_id":"955020","title":null,"description":null,"keywords":null,"keyphrases":null,"primary_term":null,"canonical_url":null,"og_title":null,"og_description":null,"og_object_type":"default","og_image_type":"default","og_image_url":null,"og_image_width":null,"og_image_height":null,"og_image_custom_url":null,"og_image_custom_fields":null,"og_video":null,"og_custom_url":null,"og_article_section":null,"og_article_tags":null,"twitter_use_og":false,"twitter_card":"default","twitter_image_type":"default","twitter_image_url":null,"twitter_image_custom_url":null,"twitter_image_custom_fields":null,"twitter_title":null,"twitter_description":null,"schema":{"blockGraphs":[],"customGraphs":[],"default":{"data":{"Article":[],"Course":[],"Dataset":[],"FAQPage":[],"Movie":[],"Person":[],"Product":[],"ProductReview":[],"Car":[],"Recipe":[],"Service":[],"SoftwareApplication":[],"WebPage":[]},"graphName":"","isEnabled":true},"graphs":[],"defaultGraph":"","defaultPostTypeGraph":""},"schema_type":null,"schema_type_options":null,"pillar_content":false,"robots_default":true,"robots_noindex":false,"robots_noarchive":false,"robots_nosnippet":false,"robots_nofollow":false,"robots_noimageindex":false,"robots_noodp":false,"robots_notranslate":false,"robots_max_snippet":null,"robots_max_videopreview":null,"robots_max_imagepreview":"large","priority":null,"frequency":null,"local_seo":null,"seo_analyzer_scan_date":"2025-12-06 08:36:08","breadcrumb_settings":null,"limit_modified_date":false,"open_ai":null,"ai":null,"created":"2020-12-21 12:56:31","updated":"2025-12-06 08:36:08","focus_keyword":null,"additional_keywords":null,"truseo_locale":null},"aioseo_breadcrumb":"<div class=\"aioseo-breadcrumbs\"><span class=\"aioseo-breadcrumb\">\n\t<a href=\"https:\/\/www.eldigitaldeasturias.com\/noticias\" title=\"Home\">Home<\/a>\n<\/span><span class=\"aioseo-breadcrumb-separator\">\u2013<\/span><span class=\"aioseo-breadcrumb\">\n\t<a href=\"https:\/\/www.eldigitaldeasturias.com\/noticias\/category\/actualidad\/\" title=\"Actualidad\">Actualidad<\/a>\n<\/span><span class=\"aioseo-breadcrumb-separator\">\u2013<\/span><span class=\"aioseo-breadcrumb\">\n\t<a href=\"https:\/\/www.eldigitaldeasturias.com\/noticias\/gonzalez-pons-europa-y-los-partidos-europeistas-respaldan-al-gobierno-espanol\/\" title=\"Gonz\u00e1lez Pons: \u00abEuropa y los partidos europe\u00edstas respaldan al Gobierno espa\u00f1ol\u00bb\">Gonz\u00e1lez Pons: \u00abEuropa y los partidos europe\u00edstas respaldan al Gobierno espa\u00f1ol\u00bb<\/a>\n<\/span><\/div>","aioseo_breadcrumb_json":[{"label":"Home","link":"https:\/\/www.eldigitaldeasturias.com\/noticias"},{"label":"Actualidad","link":"https:\/\/www.eldigitaldeasturias.com\/noticias\/category\/actualidad\/"},{"label":"Gonz\u00e1lez Pons: \u00abEuropa y los partidos europe\u00edstas respaldan al Gobierno espa\u00f1ol\u00bb","link":"https:\/\/www.eldigitaldeasturias.com\/noticias\/gonzalez-pons-europa-y-los-partidos-europeistas-respaldan-al-gobierno-espanol\/"}],"_links":{"self":[{"href":"https:\/\/www.eldigitaldeasturias.com\/noticias\/wp-json\/wp\/v2\/posts\/955020","targetHints":{"allow":["GET"]}}],"collection":[{"href":"https:\/\/www.eldigitaldeasturias.com\/noticias\/wp-json\/wp\/v2\/posts"}],"about":[{"href":"https:\/\/www.eldigitaldeasturias.com\/noticias\/wp-json\/wp\/v2\/types\/post"}],"author":[{"embeddable":true,"href":"https:\/\/www.eldigitaldeasturias.com\/noticias\/wp-json\/wp\/v2\/users\/1"}],"replies":[{"embeddable":true,"href":"https:\/\/www.eldigitaldeasturias.com\/noticias\/wp-json\/wp\/v2\/comments?post=955020"}],"version-history":[{"count":0,"href":"https:\/\/www.eldigitaldeasturias.com\/noticias\/wp-json\/wp\/v2\/posts\/955020\/revisions"}],"wp:attachment":[{"href":"https:\/\/www.eldigitaldeasturias.com\/noticias\/wp-json\/wp\/v2\/media?parent=955020"}],"wp:term":[{"taxonomy":"category","embeddable":true,"href":"https:\/\/www.eldigitaldeasturias.com\/noticias\/wp-json\/wp\/v2\/categories?post=955020"},{"taxonomy":"post_tag","embeddable":true,"href":"https:\/\/www.eldigitaldeasturias.com\/noticias\/wp-json\/wp\/v2\/tags?post=955020"}],"curies":[{"name":"wp","href":"https:\/\/api.w.org\/{rel}","templated":true}]}}