{"id":954897,"date":"2017-10-04T20:13:22","date_gmt":"2017-10-04T20:13:22","guid":{"rendered":"http:\/\/www.eldigitaldeasturias.com\/noticias\/?p=954897"},"modified":"2017-10-04T20:13:22","modified_gmt":"2017-10-04T20:13:22","slug":"albiol-hace-un-llamamiento-a-la-movilizacion-social","status":"publish","type":"post","link":"https:\/\/www.eldigitaldeasturias.com\/noticias\/albiol-hace-un-llamamiento-a-la-movilizacion-social\/","title":{"rendered":"Albiol hace un llamamiento a la movilizaci\u00f3n social"},"content":{"rendered":"<p><img loading=\"lazy\" decoding=\"async\" class=\"alignleft size-medium wp-image-954898\" src=\"https:\/\/www.eldigitaldeasturias.com\/noticias\/wp-content\/uploads\/2017\/10\/20170915__mjm6900-360x163.jpg\" alt=\"\" width=\"360\" height=\"163\" \/>El presidente del PPC, Xavier Garc\u00eda Albiol ha hecho un llamamiento para que este domingo \u201clas calles de Barcelona se llenen de hombres, mujeres y familias que defiendan la democracia, la libertad y la dignidad\u201d. En rueda de prensa, el l\u00edder de los populares catalanes ha animado a \u201ctodos los que no est\u00e1n de acuerdo con la ruptura\u201d a sumarse a la manifestaci\u00f3n prevista por este domingo organizada por Sociedad Civil Catalana dirigi\u00e9ndose tambi\u00e9n \u201ca todos aquellos de cualquier lugar de Espa\u00f1a que quiera venir a apoyarnos\u201d.<\/p>\n<p>\u201cSabemos que no estamos s\u00f3los, sabemos que hay millones de personas que nos apoyan y que no quieren que Catalu\u00f1a se separe de Espa\u00f1a\u201d, ha dicho Albiol asegurando que \u201chay una parte de la sociedad catalana, que ha dicho basta ya y que no est\u00e1 dispuesta a que se les arrebate el doble sentimiento de pertenencia a un pa\u00eds\u201d. \u201cAl final, se trata que aquellos que est\u00e1n perpetrando un golpe de estado en Catalu\u00f1a paguen las consecuencias, se restablezca la democracia en las instituciones de la Generalitat y se pueda volver a la normalidad\u201d, ha a\u00f1adido.<\/p>\n<p>A pesar de reconocer que \u201cvienen meses muy complicados especialmente por los que damos la cara por el partido popular en Catalu\u00f1a\u201d, ha remarcado que \u201cseguiremos defendiendo Espa\u00f1a\u201d. En esta l\u00ednea, ha agradecido el discurso ayer del Rey Felip VI: \u00abSus palabras nos llenaron de fuerza y van reconfortar desde un punto de vista sentimental al conjunto de espa\u00f1oles y especialmente a la sociedad catalana que se siente espa\u00f1ola\u201d. \u201cNos ha dado m\u00e1s fuerza y energ\u00eda para seguir luchando por la defensa del doble sentimiento de todos aquellos que se sienten profundamente catalanes y orgullosamente espa\u00f1oles\u201d, ha dicho.<\/p>\n<p>&nbsp;<\/p>\n","protected":false},"excerpt":{"rendered":"<p>El presidente del PPC, Xavier Garc\u00eda Albiol ha hecho un llamamiento para que este domingo \u201clas calles de Barcelona se llenen de hombres, mujeres y familias que defiendan la democracia, la libertad y la dignidad\u201d. En rueda de prensa, el l\u00edder de los populares catalanes ha animado a \u201ctodos los que no est\u00e1n de acuerdo [&hellip;]<\/p>\n","protected":false},"author":1,"featured_media":954898,"comment_status":"closed","ping_status":"closed","sticky":false,"template":"","format":"standard","meta":{"footnotes":""},"categories":[1],"tags":[],"class_list":["post-954897","post","type-post","status-publish","format-standard","has-post-thumbnail","hentry","category-actualidad"],"aioseo_notices":[],"aioseo_head":"\n\t\t<!-- All in One SEO Pro 5.0.1 - aioseo.com -->\n\t<meta name=\"description\" content=\"El presidente del PPC, Xavier Garc\u00eda Albiol ha hecho un llamamiento para que este domingo \u201clas calles de Barcelona se llenen de hombres, mujeres y familias que defiendan la democracia, la libertad y la dignidad\u201d. En rueda de prensa, el l\u00edder de los populares catalanes ha animado a \u201ctodos los que no est\u00e1n de acuerdo\" \/>\n\t<meta name=\"robots\" content=\"max-image-preview:large\" \/>\n\t<meta name=\"author\" content=\"El Digital de Asturias\"\/>\n\t<meta name=\"google-site-verification\" content=\"UA-38556648-1\" \/>\n\t<meta name=\"msvalidate.01\" content=\"7dfe9f3f1b24437ab69f4f2559babe99\" \/>\n\t<meta name=\"keywords\" content=\"actualidad\" \/>\n\t<link rel=\"canonical\" href=\"https:\/\/www.eldigitaldeasturias.com\/noticias\/albiol-hace-un-llamamiento-a-la-movilizacion-social\/\" \/>\n\t<meta name=\"generator\" content=\"All in One SEO Pro (AIOSEO) 5.0.1\" \/>\n\t\t<meta property=\"og:locale\" content=\"es_ES\" \/>\n\t\t<meta property=\"og:site_name\" content=\"El Digital de Asturias\" \/>\n\t\t<meta property=\"og:type\" content=\"article\" \/>\n\t\t<meta property=\"og:title\" content=\"Albiol hace un llamamiento a la movilizaci\u00f3n social - El Digital de Asturias\" \/>\n\t\t<meta property=\"og:description\" content=\"El presidente del PPC, Xavier Garc\u00eda Albiol ha hecho un llamamiento para que este domingo \u201clas calles de Barcelona se llenen de hombres, mujeres y familias que defiendan la democracia, la libertad y la dignidad\u201d. En rueda de prensa, el l\u00edder de los populares catalanes ha animado a \u201ctodos los que no est\u00e1n de acuerdo\" \/>\n\t\t<meta property=\"og:url\" content=\"https:\/\/www.eldigitaldeasturias.com\/noticias\/albiol-hace-un-llamamiento-a-la-movilizacion-social\/\" \/>\n\t\t<meta property=\"article:tag\" content=\"actualidad\" \/>\n\t\t<meta property=\"article:published_time\" content=\"2017-10-04T20:13:22+00:00\" \/>\n\t\t<meta property=\"article:modified_time\" content=\"2017-10-04T20:13:22+00:00\" \/>\n\t\t<meta property=\"article:publisher\" content=\"https:\/\/facebook.com\/eldigitaldeasturias\" \/>\n\t\t<meta name=\"twitter:card\" content=\"summary_large_image\" \/>\n\t\t<meta name=\"twitter:title\" content=\"Albiol hace un llamamiento a la movilizaci\u00f3n social - El Digital de Asturias\" \/>\n\t\t<meta name=\"twitter:description\" content=\"El presidente del PPC, Xavier Garc\u00eda Albiol ha hecho un llamamiento para que este domingo \u201clas calles de Barcelona se llenen de hombres, mujeres y familias que defiendan la democracia, la libertad y la dignidad\u201d. En rueda de prensa, el l\u00edder de los populares catalanes ha animado a \u201ctodos los que no est\u00e1n de acuerdo\" \/>\n\t\t<meta name=\"twitter:image\" content=\"https:\/\/www.eldigitaldeasturias.com\/noticias\/wp-content\/uploads\/2020\/12\/EDA-1.jpg\" \/>\n\t\t<meta name=\"twitter:label1\" content=\"Escrito por\" \/>\n\t\t<meta name=\"twitter:data1\" content=\"El Digital de Asturias\" \/>\n\t\t<meta name=\"twitter:label2\" content=\"Tiempo de lectura estimado\" \/>\n\t\t<meta name=\"twitter:data2\" content=\"2 minutos\" \/>\n\t\t<script type=\"application\/ld+json\" class=\"aioseo-schema\">\n\t\t\t{\"@context\":\"https:\\\/\\\/schema.org\",\"@graph\":[{\"@type\":\"BlogPosting\",\"@id\":\"https:\\\/\\\/www.eldigitaldeasturias.com\\\/noticias\\\/albiol-hace-un-llamamiento-a-la-movilizacion-social\\\/#blogposting\",\"name\":\"Albiol hace un llamamiento a la movilizaci\\u00f3n social - El Digital de Asturias\",\"headline\":\"Albiol hace un llamamiento a la movilizaci\\u00f3n social\",\"author\":{\"@id\":\"https:\\\/\\\/www.eldigitaldeasturias.com\\\/noticias\\\/author\\\/admin\\\/#author\"},\"publisher\":{\"@id\":\"https:\\\/\\\/www.eldigitaldeasturias.com\\\/noticias\\\/#organization\"},\"image\":{\"@type\":\"ImageObject\",\"url\":954898},\"datePublished\":\"2017-10-04T20:13:22+02:00\",\"dateModified\":\"2017-10-04T20:13:22+02:00\",\"inLanguage\":\"es-ES\",\"mainEntityOfPage\":{\"@id\":\"https:\\\/\\\/www.eldigitaldeasturias.com\\\/noticias\\\/albiol-hace-un-llamamiento-a-la-movilizacion-social\\\/#webpage\"},\"isPartOf\":{\"@id\":\"https:\\\/\\\/www.eldigitaldeasturias.com\\\/noticias\\\/albiol-hace-un-llamamiento-a-la-movilizacion-social\\\/#webpage\"},\"articleSection\":\"Actualidad\"},{\"@type\":\"BreadcrumbList\",\"@id\":\"https:\\\/\\\/www.eldigitaldeasturias.com\\\/noticias\\\/albiol-hace-un-llamamiento-a-la-movilizacion-social\\\/#breadcrumblist\",\"itemListElement\":[{\"@type\":\"ListItem\",\"@id\":\"https:\\\/\\\/www.eldigitaldeasturias.com\\\/noticias#listItem\",\"position\":1,\"name\":\"Home\",\"item\":\"https:\\\/\\\/www.eldigitaldeasturias.com\\\/noticias\",\"nextItem\":{\"@type\":\"ListItem\",\"@id\":\"https:\\\/\\\/www.eldigitaldeasturias.com\\\/noticias\\\/category\\\/actualidad\\\/#listItem\",\"name\":\"Actualidad\"}},{\"@type\":\"ListItem\",\"@id\":\"https:\\\/\\\/www.eldigitaldeasturias.com\\\/noticias\\\/category\\\/actualidad\\\/#listItem\",\"position\":2,\"name\":\"Actualidad\",\"item\":\"https:\\\/\\\/www.eldigitaldeasturias.com\\\/noticias\\\/category\\\/actualidad\\\/\",\"nextItem\":{\"@type\":\"ListItem\",\"@id\":\"https:\\\/\\\/www.eldigitaldeasturias.com\\\/noticias\\\/albiol-hace-un-llamamiento-a-la-movilizacion-social\\\/#listItem\",\"name\":\"Albiol hace un llamamiento a la movilizaci\\u00f3n social\"},\"previousItem\":{\"@type\":\"ListItem\",\"@id\":\"https:\\\/\\\/www.eldigitaldeasturias.com\\\/noticias#listItem\",\"name\":\"Home\"}},{\"@type\":\"ListItem\",\"@id\":\"https:\\\/\\\/www.eldigitaldeasturias.com\\\/noticias\\\/albiol-hace-un-llamamiento-a-la-movilizacion-social\\\/#listItem\",\"position\":3,\"name\":\"Albiol hace un llamamiento a la movilizaci\\u00f3n social\",\"previousItem\":{\"@type\":\"ListItem\",\"@id\":\"https:\\\/\\\/www.eldigitaldeasturias.com\\\/noticias\\\/category\\\/actualidad\\\/#listItem\",\"name\":\"Actualidad\"}}]},{\"@type\":\"Organization\",\"@id\":\"https:\\\/\\\/www.eldigitaldeasturias.com\\\/noticias\\\/#organization\",\"name\":\"El Digital de Asturias\",\"description\":\"Hemeroteca\",\"url\":\"https:\\\/\\\/www.eldigitaldeasturias.com\\\/noticias\\\/\",\"email\":\"info@eldigitaldeasturias.com\",\"telephone\":\"+34652131393\",\"logo\":{\"@type\":\"ImageObject\",\"url\":\"https:\\\/\\\/www.eldigitaldeasturias.com\\\/noticias\\\/wp-content\\\/uploads\\\/2020\\\/12\\\/EDA.jpg\",\"@id\":\"https:\\\/\\\/www.eldigitaldeasturias.com\\\/noticias\\\/albiol-hace-un-llamamiento-a-la-movilizacion-social\\\/#organizationLogo\"},\"image\":{\"@id\":\"https:\\\/\\\/www.eldigitaldeasturias.com\\\/noticias\\\/albiol-hace-un-llamamiento-a-la-movilizacion-social\\\/#organizationLogo\"},\"sameAs\":[\"https:\\\/\\\/facebook.com\\\/eldigitaldeasturias\",\"https:\\\/\\\/www.youtube.com\\\/channel\\\/UCZP-2wLEB9Rv6erhFmqVnvg\"],\"address\":{\"@id\":\"https:\\\/\\\/www.eldigitaldeasturias.com\\\/noticias\\\/#postaladdress\",\"@type\":\"PostalAddress\",\"streetAddress\":\"san antonio 4\",\"postalCode\":\"33430\",\"addressLocality\":\"Cand\\u00e1s\",\"addressRegion\":\"Asturias\",\"addressCountry\":\"ES\"}},{\"@type\":\"Person\",\"@id\":\"https:\\\/\\\/www.eldigitaldeasturias.com\\\/noticias\\\/author\\\/admin\\\/#author\",\"url\":\"https:\\\/\\\/www.eldigitaldeasturias.com\\\/noticias\\\/author\\\/admin\\\/\",\"name\":\"El Digital de Asturias\",\"image\":{\"@type\":\"ImageObject\",\"@id\":\"https:\\\/\\\/www.eldigitaldeasturias.com\\\/noticias\\\/albiol-hace-un-llamamiento-a-la-movilizacion-social\\\/#authorImage\",\"url\":\"https:\\\/\\\/secure.gravatar.com\\\/avatar\\\/df2aeffc32bcd13f8d26072ef8a91b623d677766deac7f97ca815868cd41bf5e?s=96&d=mm&r=g\",\"width\":96,\"height\":96,\"caption\":\"El Digital de Asturias\"}},{\"@type\":\"WebPage\",\"@id\":\"https:\\\/\\\/www.eldigitaldeasturias.com\\\/noticias\\\/albiol-hace-un-llamamiento-a-la-movilizacion-social\\\/#webpage\",\"url\":\"https:\\\/\\\/www.eldigitaldeasturias.com\\\/noticias\\\/albiol-hace-un-llamamiento-a-la-movilizacion-social\\\/\",\"name\":\"Albiol hace un llamamiento a la movilizaci\\u00f3n social - El Digital de Asturias\",\"description\":\"El presidente del PPC, Xavier Garc\\u00eda Albiol ha hecho un llamamiento para que este domingo \\u201clas calles de Barcelona se llenen de hombres, mujeres y familias que defiendan la democracia, la libertad y la dignidad\\u201d. En rueda de prensa, el l\\u00edder de los populares catalanes ha animado a \\u201ctodos los que no est\\u00e1n de acuerdo\",\"inLanguage\":\"es-ES\",\"isPartOf\":{\"@id\":\"https:\\\/\\\/www.eldigitaldeasturias.com\\\/noticias\\\/#website\"},\"breadcrumb\":{\"@id\":\"https:\\\/\\\/www.eldigitaldeasturias.com\\\/noticias\\\/albiol-hace-un-llamamiento-a-la-movilizacion-social\\\/#breadcrumblist\"},\"author\":{\"@id\":\"https:\\\/\\\/www.eldigitaldeasturias.com\\\/noticias\\\/author\\\/admin\\\/#author\"},\"creator\":{\"@id\":\"https:\\\/\\\/www.eldigitaldeasturias.com\\\/noticias\\\/author\\\/admin\\\/#author\"},\"image\":{\"@type\":\"ImageObject\",\"url\":954898,\"@id\":\"https:\\\/\\\/www.eldigitaldeasturias.com\\\/noticias\\\/albiol-hace-un-llamamiento-a-la-movilizacion-social\\\/#mainImage\"},\"primaryImageOfPage\":{\"@id\":\"https:\\\/\\\/www.eldigitaldeasturias.com\\\/noticias\\\/albiol-hace-un-llamamiento-a-la-movilizacion-social\\\/#mainImage\"},\"datePublished\":\"2017-10-04T20:13:22+02:00\",\"dateModified\":\"2017-10-04T20:13:22+02:00\"},{\"@type\":\"WebSite\",\"@id\":\"https:\\\/\\\/www.eldigitaldeasturias.com\\\/noticias\\\/#website\",\"url\":\"https:\\\/\\\/www.eldigitaldeasturias.com\\\/noticias\\\/\",\"name\":\"El Digital de Asturias - Diario de actualidad y noticias\",\"alternateName\":\"El Digital de Asturias - Diario de actualidad y noticias\",\"description\":\"Hemeroteca\",\"inLanguage\":\"es-ES\",\"publisher\":{\"@id\":\"https:\\\/\\\/www.eldigitaldeasturias.com\\\/noticias\\\/#organization\"}}]}\n\t\t<\/script>\n\t\t<!-- All in One SEO Pro -->\r\n\t\t<title>Albiol hace un llamamiento a la movilizaci\u00f3n social - El Digital de Asturias<\/title>\n\n","aioseo_head_json":{"title":"Albiol hace un llamamiento a la movilizaci\u00f3n social - El Digital de Asturias","description":"El presidente del PPC, Xavier Garc\u00eda Albiol ha hecho un llamamiento para que este domingo \u201clas calles de Barcelona se llenen de hombres, mujeres y familias que defiendan la democracia, la libertad y la dignidad\u201d. En rueda de prensa, el l\u00edder de los populares catalanes ha animado a \u201ctodos los que no est\u00e1n de acuerdo","canonical_url":"https:\/\/www.eldigitaldeasturias.com\/noticias\/albiol-hace-un-llamamiento-a-la-movilizacion-social\/","robots":"max-image-preview:large","keywords":"actualidad","webmasterTools":{"google-site-verification":"UA-38556648-1","msvalidate.01":"7dfe9f3f1b24437ab69f4f2559babe99","miscellaneous":""},"schema":{"@context":"https:\/\/schema.org","@graph":[{"@type":"BlogPosting","@id":"https:\/\/www.eldigitaldeasturias.com\/noticias\/albiol-hace-un-llamamiento-a-la-movilizacion-social\/#blogposting","name":"Albiol hace un llamamiento a la movilizaci\u00f3n social - El Digital de Asturias","headline":"Albiol hace un llamamiento a la movilizaci\u00f3n social","author":{"@id":"https:\/\/www.eldigitaldeasturias.com\/noticias\/author\/admin\/#author"},"publisher":{"@id":"https:\/\/www.eldigitaldeasturias.com\/noticias\/#organization"},"image":{"@type":"ImageObject","url":954898},"datePublished":"2017-10-04T20:13:22+02:00","dateModified":"2017-10-04T20:13:22+02:00","inLanguage":"es-ES","mainEntityOfPage":{"@id":"https:\/\/www.eldigitaldeasturias.com\/noticias\/albiol-hace-un-llamamiento-a-la-movilizacion-social\/#webpage"},"isPartOf":{"@id":"https:\/\/www.eldigitaldeasturias.com\/noticias\/albiol-hace-un-llamamiento-a-la-movilizacion-social\/#webpage"},"articleSection":"Actualidad"},{"@type":"BreadcrumbList","@id":"https:\/\/www.eldigitaldeasturias.com\/noticias\/albiol-hace-un-llamamiento-a-la-movilizacion-social\/#breadcrumblist","itemListElement":[{"@type":"ListItem","@id":"https:\/\/www.eldigitaldeasturias.com\/noticias#listItem","position":1,"name":"Home","item":"https:\/\/www.eldigitaldeasturias.com\/noticias","nextItem":{"@type":"ListItem","@id":"https:\/\/www.eldigitaldeasturias.com\/noticias\/category\/actualidad\/#listItem","name":"Actualidad"}},{"@type":"ListItem","@id":"https:\/\/www.eldigitaldeasturias.com\/noticias\/category\/actualidad\/#listItem","position":2,"name":"Actualidad","item":"https:\/\/www.eldigitaldeasturias.com\/noticias\/category\/actualidad\/","nextItem":{"@type":"ListItem","@id":"https:\/\/www.eldigitaldeasturias.com\/noticias\/albiol-hace-un-llamamiento-a-la-movilizacion-social\/#listItem","name":"Albiol hace un llamamiento a la movilizaci\u00f3n social"},"previousItem":{"@type":"ListItem","@id":"https:\/\/www.eldigitaldeasturias.com\/noticias#listItem","name":"Home"}},{"@type":"ListItem","@id":"https:\/\/www.eldigitaldeasturias.com\/noticias\/albiol-hace-un-llamamiento-a-la-movilizacion-social\/#listItem","position":3,"name":"Albiol hace un llamamiento a la movilizaci\u00f3n social","previousItem":{"@type":"ListItem","@id":"https:\/\/www.eldigitaldeasturias.com\/noticias\/category\/actualidad\/#listItem","name":"Actualidad"}}]},{"@type":"Organization","@id":"https:\/\/www.eldigitaldeasturias.com\/noticias\/#organization","name":"El Digital de Asturias","description":"Hemeroteca","url":"https:\/\/www.eldigitaldeasturias.com\/noticias\/","email":"info@eldigitaldeasturias.com","telephone":"+34652131393","logo":{"@type":"ImageObject","url":"https:\/\/www.eldigitaldeasturias.com\/noticias\/wp-content\/uploads\/2020\/12\/EDA.jpg","@id":"https:\/\/www.eldigitaldeasturias.com\/noticias\/albiol-hace-un-llamamiento-a-la-movilizacion-social\/#organizationLogo"},"image":{"@id":"https:\/\/www.eldigitaldeasturias.com\/noticias\/albiol-hace-un-llamamiento-a-la-movilizacion-social\/#organizationLogo"},"sameAs":["https:\/\/facebook.com\/eldigitaldeasturias","https:\/\/www.youtube.com\/channel\/UCZP-2wLEB9Rv6erhFmqVnvg"],"address":{"@id":"https:\/\/www.eldigitaldeasturias.com\/noticias\/#postaladdress","@type":"PostalAddress","streetAddress":"san antonio 4","postalCode":"33430","addressLocality":"Cand\u00e1s","addressRegion":"Asturias","addressCountry":"ES"}},{"@type":"Person","@id":"https:\/\/www.eldigitaldeasturias.com\/noticias\/author\/admin\/#author","url":"https:\/\/www.eldigitaldeasturias.com\/noticias\/author\/admin\/","name":"El Digital de Asturias","image":{"@type":"ImageObject","@id":"https:\/\/www.eldigitaldeasturias.com\/noticias\/albiol-hace-un-llamamiento-a-la-movilizacion-social\/#authorImage","url":"https:\/\/secure.gravatar.com\/avatar\/df2aeffc32bcd13f8d26072ef8a91b623d677766deac7f97ca815868cd41bf5e?s=96&d=mm&r=g","width":96,"height":96,"caption":"El Digital de Asturias"}},{"@type":"WebPage","@id":"https:\/\/www.eldigitaldeasturias.com\/noticias\/albiol-hace-un-llamamiento-a-la-movilizacion-social\/#webpage","url":"https:\/\/www.eldigitaldeasturias.com\/noticias\/albiol-hace-un-llamamiento-a-la-movilizacion-social\/","name":"Albiol hace un llamamiento a la movilizaci\u00f3n social - El Digital de Asturias","description":"El presidente del PPC, Xavier Garc\u00eda Albiol ha hecho un llamamiento para que este domingo \u201clas calles de Barcelona se llenen de hombres, mujeres y familias que defiendan la democracia, la libertad y la dignidad\u201d. En rueda de prensa, el l\u00edder de los populares catalanes ha animado a \u201ctodos los que no est\u00e1n de acuerdo","inLanguage":"es-ES","isPartOf":{"@id":"https:\/\/www.eldigitaldeasturias.com\/noticias\/#website"},"breadcrumb":{"@id":"https:\/\/www.eldigitaldeasturias.com\/noticias\/albiol-hace-un-llamamiento-a-la-movilizacion-social\/#breadcrumblist"},"author":{"@id":"https:\/\/www.eldigitaldeasturias.com\/noticias\/author\/admin\/#author"},"creator":{"@id":"https:\/\/www.eldigitaldeasturias.com\/noticias\/author\/admin\/#author"},"image":{"@type":"ImageObject","url":954898,"@id":"https:\/\/www.eldigitaldeasturias.com\/noticias\/albiol-hace-un-llamamiento-a-la-movilizacion-social\/#mainImage"},"primaryImageOfPage":{"@id":"https:\/\/www.eldigitaldeasturias.com\/noticias\/albiol-hace-un-llamamiento-a-la-movilizacion-social\/#mainImage"},"datePublished":"2017-10-04T20:13:22+02:00","dateModified":"2017-10-04T20:13:22+02:00"},{"@type":"WebSite","@id":"https:\/\/www.eldigitaldeasturias.com\/noticias\/#website","url":"https:\/\/www.eldigitaldeasturias.com\/noticias\/","name":"El Digital de Asturias - Diario de actualidad y noticias","alternateName":"El Digital de Asturias - Diario de actualidad y noticias","description":"Hemeroteca","inLanguage":"es-ES","publisher":{"@id":"https:\/\/www.eldigitaldeasturias.com\/noticias\/#organization"}}]},"og:locale":"es_ES","og:site_name":"El Digital de Asturias","og:type":"article","og:title":"Albiol hace un llamamiento a la movilizaci\u00f3n social - El Digital de Asturias","og:description":"El presidente del PPC, Xavier Garc\u00eda Albiol ha hecho un llamamiento para que este domingo \u201clas calles de Barcelona se llenen de hombres, mujeres y familias que defiendan la democracia, la libertad y la dignidad\u201d. En rueda de prensa, el l\u00edder de los populares catalanes ha animado a \u201ctodos los que no est\u00e1n de acuerdo","og:url":"https:\/\/www.eldigitaldeasturias.com\/noticias\/albiol-hace-un-llamamiento-a-la-movilizacion-social\/","article:tag":["actualidad"],"article:published_time":"2017-10-04T20:13:22+00:00","article:modified_time":"2017-10-04T20:13:22+00:00","article:publisher":"https:\/\/facebook.com\/eldigitaldeasturias","twitter:card":"summary_large_image","twitter:title":"Albiol hace un llamamiento a la movilizaci\u00f3n social - El Digital de Asturias","twitter:description":"El presidente del PPC, Xavier Garc\u00eda Albiol ha hecho un llamamiento para que este domingo \u201clas calles de Barcelona se llenen de hombres, mujeres y familias que defiendan la democracia, la libertad y la dignidad\u201d. En rueda de prensa, el l\u00edder de los populares catalanes ha animado a \u201ctodos los que no est\u00e1n de acuerdo","twitter:image":"https:\/\/www.eldigitaldeasturias.com\/noticias\/wp-content\/uploads\/2020\/12\/EDA-1.jpg","twitter:label1":"Escrito por","twitter:data1":"El Digital de Asturias","twitter:label2":"Tiempo de lectura estimado","twitter:data2":"2 minutos"},"aioseo_meta_data":{"post_id":"954897","title":null,"description":null,"keywords":null,"keyphrases":null,"primary_term":null,"canonical_url":null,"og_title":null,"og_description":null,"og_object_type":"default","og_image_type":"default","og_image_url":null,"og_image_width":null,"og_image_height":null,"og_image_custom_url":null,"og_image_custom_fields":null,"og_video":null,"og_custom_url":null,"og_article_section":null,"og_article_tags":null,"twitter_use_og":false,"twitter_card":"default","twitter_image_type":"default","twitter_image_url":null,"twitter_image_custom_url":null,"twitter_image_custom_fields":null,"twitter_title":null,"twitter_description":null,"schema":{"blockGraphs":[],"customGraphs":[],"default":{"data":{"Article":[],"Course":[],"Dataset":[],"FAQPage":[],"Movie":[],"Person":[],"Product":[],"ProductReview":[],"Car":[],"Recipe":[],"Service":[],"SoftwareApplication":[],"WebPage":[]},"graphName":"","isEnabled":true},"graphs":[],"defaultGraph":"","defaultPostTypeGraph":""},"schema_type":null,"schema_type_options":null,"pillar_content":false,"robots_default":true,"robots_noindex":false,"robots_noarchive":false,"robots_nosnippet":false,"robots_nofollow":false,"robots_noimageindex":false,"robots_noodp":false,"robots_notranslate":false,"robots_max_snippet":null,"robots_max_videopreview":null,"robots_max_imagepreview":"large","priority":null,"frequency":null,"local_seo":null,"seo_analyzer_scan_date":"2025-12-06 08:00:14","breadcrumb_settings":null,"limit_modified_date":false,"open_ai":null,"ai":null,"created":"2020-12-21 12:56:39","updated":"2025-12-06 08:00:14","focus_keyword":null,"additional_keywords":null,"truseo_locale":null},"aioseo_breadcrumb":"<div class=\"aioseo-breadcrumbs\"><span class=\"aioseo-breadcrumb\">\n\t<a href=\"https:\/\/www.eldigitaldeasturias.com\/noticias\" title=\"Home\">Home<\/a>\n<\/span><span class=\"aioseo-breadcrumb-separator\">\u2013<\/span><span class=\"aioseo-breadcrumb\">\n\t<a href=\"https:\/\/www.eldigitaldeasturias.com\/noticias\/category\/actualidad\/\" title=\"Actualidad\">Actualidad<\/a>\n<\/span><span class=\"aioseo-breadcrumb-separator\">\u2013<\/span><span class=\"aioseo-breadcrumb\">\n\t<a href=\"https:\/\/www.eldigitaldeasturias.com\/noticias\/albiol-hace-un-llamamiento-a-la-movilizacion-social\/\" title=\"Albiol hace un llamamiento a la movilizaci\u00f3n social\">Albiol hace un llamamiento a la movilizaci\u00f3n social<\/a>\n<\/span><\/div>","aioseo_breadcrumb_json":[{"label":"Home","link":"https:\/\/www.eldigitaldeasturias.com\/noticias"},{"label":"Actualidad","link":"https:\/\/www.eldigitaldeasturias.com\/noticias\/category\/actualidad\/"},{"label":"Albiol hace un llamamiento a la movilizaci\u00f3n social","link":"https:\/\/www.eldigitaldeasturias.com\/noticias\/albiol-hace-un-llamamiento-a-la-movilizacion-social\/"}],"_links":{"self":[{"href":"https:\/\/www.eldigitaldeasturias.com\/noticias\/wp-json\/wp\/v2\/posts\/954897","targetHints":{"allow":["GET"]}}],"collection":[{"href":"https:\/\/www.eldigitaldeasturias.com\/noticias\/wp-json\/wp\/v2\/posts"}],"about":[{"href":"https:\/\/www.eldigitaldeasturias.com\/noticias\/wp-json\/wp\/v2\/types\/post"}],"author":[{"embeddable":true,"href":"https:\/\/www.eldigitaldeasturias.com\/noticias\/wp-json\/wp\/v2\/users\/1"}],"replies":[{"embeddable":true,"href":"https:\/\/www.eldigitaldeasturias.com\/noticias\/wp-json\/wp\/v2\/comments?post=954897"}],"version-history":[{"count":0,"href":"https:\/\/www.eldigitaldeasturias.com\/noticias\/wp-json\/wp\/v2\/posts\/954897\/revisions"}],"wp:attachment":[{"href":"https:\/\/www.eldigitaldeasturias.com\/noticias\/wp-json\/wp\/v2\/media?parent=954897"}],"wp:term":[{"taxonomy":"category","embeddable":true,"href":"https:\/\/www.eldigitaldeasturias.com\/noticias\/wp-json\/wp\/v2\/categories?post=954897"},{"taxonomy":"post_tag","embeddable":true,"href":"https:\/\/www.eldigitaldeasturias.com\/noticias\/wp-json\/wp\/v2\/tags?post=954897"}],"curies":[{"name":"wp","href":"https:\/\/api.w.org\/{rel}","templated":true}]}}