{"id":954894,"date":"2017-10-04T20:11:57","date_gmt":"2017-10-04T20:11:57","guid":{"rendered":"http:\/\/www.eldigitaldeasturias.com\/noticias\/?p=954894"},"modified":"2017-10-04T20:11:57","modified_gmt":"2017-10-04T20:11:57","slug":"hernando-la-generalitat-ha-exhibido-imagenes-falsas-de-una-violencia-inexistente","status":"publish","type":"post","link":"https:\/\/www.eldigitaldeasturias.com\/noticias\/hernando-la-generalitat-ha-exhibido-imagenes-falsas-de-una-violencia-inexistente\/","title":{"rendered":"Hernando: \u201cLa Generalitat ha exhibido im\u00e1genes falsas de una violencia inexistente\u201d"},"content":{"rendered":"<p><img loading=\"lazy\" decoding=\"async\" class=\"alignleft size-medium wp-image-954895\" src=\"https:\/\/www.eldigitaldeasturias.com\/noticias\/wp-content\/uploads\/2017\/10\/hernando-360x163.jpg\" alt=\"\" width=\"360\" height=\"163\" \/>El portavoz del Grupo Popular en el Congreso de los Diputados, Rafael Hernando, ha intervenido esta ma\u00f1ana en una entrevista realizada en TVE, para alabar el discurso de ayer expresado por Felipe VI, consider\u00e1ndolo apropiado ya que \u201ces un jefe de estado que no quiere que Espa\u00f1a sea descuartizada como algunos pretenden desde dentro de la Generalitat\u201d.<\/p>\n<p>En este sentido, el tambi\u00e9n diputado en las Cortes por la provincia de Almer\u00eda, considera que el discurso del rey \u201cha sido claro, contundente y preciso en defensa de la unidad de Espa\u00f1a y de las instituciones, del poder legislativo y el ejecutivo\u201d.<\/p>\n<p>Informado sobre la comparecencia prevista por el president Puigdemont durante el d\u00eda de hoy, Hernando espera que se disuelva el Parlament que ellos mismos han inhabilitado. Adem\u00e1s, ha criticado el pucherazo perpetrado el domingo para intentar dar la sensaci\u00f3n de que hab\u00eda un refer\u00e9ndum legal pero que ni siquiera los l\u00edderes europeos reconocen. En este sentido, explica que la violencia ha sido fabricada para crear una situaci\u00f3n de desorden exhibiendo im\u00e1genes falsas e intentar desarmar a la Polic\u00eda y Guardia civil.<\/p>\n<p>Durante la entrevista, el portavoz popular ha querido expresar su deseo para que el \u201cpresident Puigdemont presente hoy su dimisi\u00f3n ya que ha demostrado no ser dem\u00f3crata. En este orden de cosas, recuerda tambi\u00e9n, que la justicia act\u00faa de forma contundente, y que los que quebrantan la ley, les acaba pasando factura. Critica as\u00ed a \u201caquellos que desde la ANC o desde \u00d3mnium han sacado a la gente de sus casas para que participar\u00e1n en el pucherazo bajo coacciones e insultos\u201d. Son todas ellas \u201cconductas propias de Estados totalitarios\u201d, ha sentenciado.<\/p>\n<p>El portavoz ha asegurado que su partido intenta mantener la unidad de criterio con Ciudadanos y PSOE \u201cpara hacer frente al desaf\u00edo de algunos\u201d, aunque dice extra\u00f1arle la frivolidad del PSOE al intentar desaprobar a la vicepresidenta del Gobierno. Aclara que \u201ca los que hay que reprobar, desacreditar y acusar, son a los que no son leales con el Estado de derecho como Junqueras o Puigdemont.\u201d<\/p>\n<p>\u201cEl Estado de derecho va a responder frente a la crisis institucional ya que los espa\u00f1oles nos piden prudencia y contundencia. Nadie va a romper Espa\u00f1a\u201d, ha concluido.<\/p>\n","protected":false},"excerpt":{"rendered":"<p>El portavoz del Grupo Popular en el Congreso de los Diputados, Rafael Hernando, ha intervenido esta ma\u00f1ana en una entrevista realizada en TVE, para alabar el discurso de ayer expresado por Felipe VI, consider\u00e1ndolo apropiado ya que \u201ces un jefe de estado que no quiere que Espa\u00f1a sea descuartizada como algunos pretenden desde dentro de [&hellip;]<\/p>\n","protected":false},"author":1,"featured_media":954895,"comment_status":"closed","ping_status":"closed","sticky":false,"template":"","format":"standard","meta":{"footnotes":""},"categories":[1],"tags":[],"class_list":["post-954894","post","type-post","status-publish","format-standard","has-post-thumbnail","hentry","category-actualidad"],"aioseo_notices":[],"aioseo_head":"\n\t\t<!-- All in One SEO Pro 5.0.1 - aioseo.com -->\n\t<meta name=\"description\" content=\"El portavoz del Grupo Popular en el Congreso de los Diputados, Rafael Hernando, ha intervenido esta ma\u00f1ana en una entrevista realizada en TVE, para alabar el discurso de ayer expresado por Felipe VI, consider\u00e1ndolo apropiado ya que \u201ces un jefe de estado que no quiere que Espa\u00f1a sea descuartizada como algunos pretenden desde dentro de\" \/>\n\t<meta name=\"robots\" content=\"max-image-preview:large\" \/>\n\t<meta name=\"author\" content=\"El Digital de Asturias\"\/>\n\t<meta name=\"google-site-verification\" content=\"UA-38556648-1\" \/>\n\t<meta name=\"msvalidate.01\" content=\"7dfe9f3f1b24437ab69f4f2559babe99\" \/>\n\t<meta name=\"keywords\" content=\"actualidad\" \/>\n\t<link rel=\"canonical\" href=\"https:\/\/www.eldigitaldeasturias.com\/noticias\/hernando-la-generalitat-ha-exhibido-imagenes-falsas-de-una-violencia-inexistente\/\" \/>\n\t<meta name=\"generator\" content=\"All in One SEO Pro (AIOSEO) 5.0.1\" \/>\n\t\t<meta property=\"og:locale\" content=\"es_ES\" \/>\n\t\t<meta property=\"og:site_name\" content=\"El Digital de Asturias\" \/>\n\t\t<meta property=\"og:type\" content=\"article\" \/>\n\t\t<meta property=\"og:title\" content=\"Hernando: \u201cLa Generalitat ha exhibido im\u00e1genes falsas de una violencia inexistente\u201d - El Digital de Asturias\" \/>\n\t\t<meta property=\"og:description\" content=\"El portavoz del Grupo Popular en el Congreso de los Diputados, Rafael Hernando, ha intervenido esta ma\u00f1ana en una entrevista realizada en TVE, para alabar el discurso de ayer expresado por Felipe VI, consider\u00e1ndolo apropiado ya que \u201ces un jefe de estado que no quiere que Espa\u00f1a sea descuartizada como algunos pretenden desde dentro de\" \/>\n\t\t<meta property=\"og:url\" content=\"https:\/\/www.eldigitaldeasturias.com\/noticias\/hernando-la-generalitat-ha-exhibido-imagenes-falsas-de-una-violencia-inexistente\/\" \/>\n\t\t<meta property=\"article:tag\" content=\"actualidad\" \/>\n\t\t<meta property=\"article:published_time\" content=\"2017-10-04T20:11:57+00:00\" \/>\n\t\t<meta property=\"article:modified_time\" content=\"2017-10-04T20:11:57+00:00\" \/>\n\t\t<meta property=\"article:publisher\" content=\"https:\/\/facebook.com\/eldigitaldeasturias\" \/>\n\t\t<meta name=\"twitter:card\" content=\"summary_large_image\" \/>\n\t\t<meta name=\"twitter:title\" content=\"Hernando: \u201cLa Generalitat ha exhibido im\u00e1genes falsas de una violencia inexistente\u201d - El Digital de Asturias\" \/>\n\t\t<meta name=\"twitter:description\" content=\"El portavoz del Grupo Popular en el Congreso de los Diputados, Rafael Hernando, ha intervenido esta ma\u00f1ana en una entrevista realizada en TVE, para alabar el discurso de ayer expresado por Felipe VI, consider\u00e1ndolo apropiado ya que \u201ces un jefe de estado que no quiere que Espa\u00f1a sea descuartizada como algunos pretenden desde dentro de\" \/>\n\t\t<meta name=\"twitter:image\" content=\"https:\/\/www.eldigitaldeasturias.com\/noticias\/wp-content\/uploads\/2020\/12\/EDA-1.jpg\" \/>\n\t\t<meta name=\"twitter:label1\" content=\"Escrito por\" \/>\n\t\t<meta name=\"twitter:data1\" content=\"El Digital de Asturias\" \/>\n\t\t<meta name=\"twitter:label2\" content=\"Tiempo de lectura estimado\" \/>\n\t\t<meta name=\"twitter:data2\" content=\"2 minutos\" \/>\n\t\t<script type=\"application\/ld+json\" class=\"aioseo-schema\">\n\t\t\t{\"@context\":\"https:\\\/\\\/schema.org\",\"@graph\":[{\"@type\":\"BlogPosting\",\"@id\":\"https:\\\/\\\/www.eldigitaldeasturias.com\\\/noticias\\\/hernando-la-generalitat-ha-exhibido-imagenes-falsas-de-una-violencia-inexistente\\\/#blogposting\",\"name\":\"Hernando: \\u201cLa Generalitat ha exhibido im\\u00e1genes falsas de una violencia inexistente\\u201d - El Digital de Asturias\",\"headline\":\"Hernando: \\u201cLa Generalitat ha exhibido im\\u00e1genes falsas de una violencia inexistente\\u201d\",\"author\":{\"@id\":\"https:\\\/\\\/www.eldigitaldeasturias.com\\\/noticias\\\/author\\\/admin\\\/#author\"},\"publisher\":{\"@id\":\"https:\\\/\\\/www.eldigitaldeasturias.com\\\/noticias\\\/#organization\"},\"image\":{\"@type\":\"ImageObject\",\"url\":954895},\"datePublished\":\"2017-10-04T20:11:57+02:00\",\"dateModified\":\"2017-10-04T20:11:57+02:00\",\"inLanguage\":\"es-ES\",\"mainEntityOfPage\":{\"@id\":\"https:\\\/\\\/www.eldigitaldeasturias.com\\\/noticias\\\/hernando-la-generalitat-ha-exhibido-imagenes-falsas-de-una-violencia-inexistente\\\/#webpage\"},\"isPartOf\":{\"@id\":\"https:\\\/\\\/www.eldigitaldeasturias.com\\\/noticias\\\/hernando-la-generalitat-ha-exhibido-imagenes-falsas-de-una-violencia-inexistente\\\/#webpage\"},\"articleSection\":\"Actualidad\"},{\"@type\":\"BreadcrumbList\",\"@id\":\"https:\\\/\\\/www.eldigitaldeasturias.com\\\/noticias\\\/hernando-la-generalitat-ha-exhibido-imagenes-falsas-de-una-violencia-inexistente\\\/#breadcrumblist\",\"itemListElement\":[{\"@type\":\"ListItem\",\"@id\":\"https:\\\/\\\/www.eldigitaldeasturias.com\\\/noticias#listItem\",\"position\":1,\"name\":\"Home\",\"item\":\"https:\\\/\\\/www.eldigitaldeasturias.com\\\/noticias\",\"nextItem\":{\"@type\":\"ListItem\",\"@id\":\"https:\\\/\\\/www.eldigitaldeasturias.com\\\/noticias\\\/category\\\/actualidad\\\/#listItem\",\"name\":\"Actualidad\"}},{\"@type\":\"ListItem\",\"@id\":\"https:\\\/\\\/www.eldigitaldeasturias.com\\\/noticias\\\/category\\\/actualidad\\\/#listItem\",\"position\":2,\"name\":\"Actualidad\",\"item\":\"https:\\\/\\\/www.eldigitaldeasturias.com\\\/noticias\\\/category\\\/actualidad\\\/\",\"nextItem\":{\"@type\":\"ListItem\",\"@id\":\"https:\\\/\\\/www.eldigitaldeasturias.com\\\/noticias\\\/hernando-la-generalitat-ha-exhibido-imagenes-falsas-de-una-violencia-inexistente\\\/#listItem\",\"name\":\"Hernando: \\u201cLa Generalitat ha exhibido im\\u00e1genes falsas de una violencia inexistente\\u201d\"},\"previousItem\":{\"@type\":\"ListItem\",\"@id\":\"https:\\\/\\\/www.eldigitaldeasturias.com\\\/noticias#listItem\",\"name\":\"Home\"}},{\"@type\":\"ListItem\",\"@id\":\"https:\\\/\\\/www.eldigitaldeasturias.com\\\/noticias\\\/hernando-la-generalitat-ha-exhibido-imagenes-falsas-de-una-violencia-inexistente\\\/#listItem\",\"position\":3,\"name\":\"Hernando: \\u201cLa Generalitat ha exhibido im\\u00e1genes falsas de una violencia inexistente\\u201d\",\"previousItem\":{\"@type\":\"ListItem\",\"@id\":\"https:\\\/\\\/www.eldigitaldeasturias.com\\\/noticias\\\/category\\\/actualidad\\\/#listItem\",\"name\":\"Actualidad\"}}]},{\"@type\":\"Organization\",\"@id\":\"https:\\\/\\\/www.eldigitaldeasturias.com\\\/noticias\\\/#organization\",\"name\":\"El Digital de Asturias\",\"description\":\"Hemeroteca\",\"url\":\"https:\\\/\\\/www.eldigitaldeasturias.com\\\/noticias\\\/\",\"email\":\"info@eldigitaldeasturias.com\",\"telephone\":\"+34652131393\",\"logo\":{\"@type\":\"ImageObject\",\"url\":\"https:\\\/\\\/www.eldigitaldeasturias.com\\\/noticias\\\/wp-content\\\/uploads\\\/2020\\\/12\\\/EDA.jpg\",\"@id\":\"https:\\\/\\\/www.eldigitaldeasturias.com\\\/noticias\\\/hernando-la-generalitat-ha-exhibido-imagenes-falsas-de-una-violencia-inexistente\\\/#organizationLogo\"},\"image\":{\"@id\":\"https:\\\/\\\/www.eldigitaldeasturias.com\\\/noticias\\\/hernando-la-generalitat-ha-exhibido-imagenes-falsas-de-una-violencia-inexistente\\\/#organizationLogo\"},\"sameAs\":[\"https:\\\/\\\/facebook.com\\\/eldigitaldeasturias\",\"https:\\\/\\\/www.youtube.com\\\/channel\\\/UCZP-2wLEB9Rv6erhFmqVnvg\"],\"address\":{\"@id\":\"https:\\\/\\\/www.eldigitaldeasturias.com\\\/noticias\\\/#postaladdress\",\"@type\":\"PostalAddress\",\"streetAddress\":\"san antonio 4\",\"postalCode\":\"33430\",\"addressLocality\":\"Cand\\u00e1s\",\"addressRegion\":\"Asturias\",\"addressCountry\":\"ES\"}},{\"@type\":\"Person\",\"@id\":\"https:\\\/\\\/www.eldigitaldeasturias.com\\\/noticias\\\/author\\\/admin\\\/#author\",\"url\":\"https:\\\/\\\/www.eldigitaldeasturias.com\\\/noticias\\\/author\\\/admin\\\/\",\"name\":\"El Digital de Asturias\",\"image\":{\"@type\":\"ImageObject\",\"@id\":\"https:\\\/\\\/www.eldigitaldeasturias.com\\\/noticias\\\/hernando-la-generalitat-ha-exhibido-imagenes-falsas-de-una-violencia-inexistente\\\/#authorImage\",\"url\":\"https:\\\/\\\/secure.gravatar.com\\\/avatar\\\/df2aeffc32bcd13f8d26072ef8a91b623d677766deac7f97ca815868cd41bf5e?s=96&d=mm&r=g\",\"width\":96,\"height\":96,\"caption\":\"El Digital de Asturias\"}},{\"@type\":\"WebPage\",\"@id\":\"https:\\\/\\\/www.eldigitaldeasturias.com\\\/noticias\\\/hernando-la-generalitat-ha-exhibido-imagenes-falsas-de-una-violencia-inexistente\\\/#webpage\",\"url\":\"https:\\\/\\\/www.eldigitaldeasturias.com\\\/noticias\\\/hernando-la-generalitat-ha-exhibido-imagenes-falsas-de-una-violencia-inexistente\\\/\",\"name\":\"Hernando: \\u201cLa Generalitat ha exhibido im\\u00e1genes falsas de una violencia inexistente\\u201d - El Digital de Asturias\",\"description\":\"El portavoz del Grupo Popular en el Congreso de los Diputados, Rafael Hernando, ha intervenido esta ma\\u00f1ana en una entrevista realizada en TVE, para alabar el discurso de ayer expresado por Felipe VI, consider\\u00e1ndolo apropiado ya que \\u201ces un jefe de estado que no quiere que Espa\\u00f1a sea descuartizada como algunos pretenden desde dentro de\",\"inLanguage\":\"es-ES\",\"isPartOf\":{\"@id\":\"https:\\\/\\\/www.eldigitaldeasturias.com\\\/noticias\\\/#website\"},\"breadcrumb\":{\"@id\":\"https:\\\/\\\/www.eldigitaldeasturias.com\\\/noticias\\\/hernando-la-generalitat-ha-exhibido-imagenes-falsas-de-una-violencia-inexistente\\\/#breadcrumblist\"},\"author\":{\"@id\":\"https:\\\/\\\/www.eldigitaldeasturias.com\\\/noticias\\\/author\\\/admin\\\/#author\"},\"creator\":{\"@id\":\"https:\\\/\\\/www.eldigitaldeasturias.com\\\/noticias\\\/author\\\/admin\\\/#author\"},\"image\":{\"@type\":\"ImageObject\",\"url\":954895,\"@id\":\"https:\\\/\\\/www.eldigitaldeasturias.com\\\/noticias\\\/hernando-la-generalitat-ha-exhibido-imagenes-falsas-de-una-violencia-inexistente\\\/#mainImage\"},\"primaryImageOfPage\":{\"@id\":\"https:\\\/\\\/www.eldigitaldeasturias.com\\\/noticias\\\/hernando-la-generalitat-ha-exhibido-imagenes-falsas-de-una-violencia-inexistente\\\/#mainImage\"},\"datePublished\":\"2017-10-04T20:11:57+02:00\",\"dateModified\":\"2017-10-04T20:11:57+02:00\"},{\"@type\":\"WebSite\",\"@id\":\"https:\\\/\\\/www.eldigitaldeasturias.com\\\/noticias\\\/#website\",\"url\":\"https:\\\/\\\/www.eldigitaldeasturias.com\\\/noticias\\\/\",\"name\":\"El Digital de Asturias - Diario de actualidad y noticias\",\"alternateName\":\"El Digital de Asturias - Diario de actualidad y noticias\",\"description\":\"Hemeroteca\",\"inLanguage\":\"es-ES\",\"publisher\":{\"@id\":\"https:\\\/\\\/www.eldigitaldeasturias.com\\\/noticias\\\/#organization\"}}]}\n\t\t<\/script>\n\t\t<!-- All in One SEO Pro -->\r\n\t\t<title>Hernando: \u201cLa Generalitat ha exhibido im\u00e1genes falsas de una violencia inexistente\u201d - El Digital de Asturias<\/title>\n\n","aioseo_head_json":{"title":"Hernando: \u201cLa Generalitat ha exhibido im\u00e1genes falsas de una violencia inexistente\u201d - El Digital de Asturias","description":"El portavoz del Grupo Popular en el Congreso de los Diputados, Rafael Hernando, ha intervenido esta ma\u00f1ana en una entrevista realizada en TVE, para alabar el discurso de ayer expresado por Felipe VI, consider\u00e1ndolo apropiado ya que \u201ces un jefe de estado que no quiere que Espa\u00f1a sea descuartizada como algunos pretenden desde dentro de","canonical_url":"https:\/\/www.eldigitaldeasturias.com\/noticias\/hernando-la-generalitat-ha-exhibido-imagenes-falsas-de-una-violencia-inexistente\/","robots":"max-image-preview:large","keywords":"actualidad","webmasterTools":{"google-site-verification":"UA-38556648-1","msvalidate.01":"7dfe9f3f1b24437ab69f4f2559babe99","miscellaneous":""},"schema":{"@context":"https:\/\/schema.org","@graph":[{"@type":"BlogPosting","@id":"https:\/\/www.eldigitaldeasturias.com\/noticias\/hernando-la-generalitat-ha-exhibido-imagenes-falsas-de-una-violencia-inexistente\/#blogposting","name":"Hernando: \u201cLa Generalitat ha exhibido im\u00e1genes falsas de una violencia inexistente\u201d - El Digital de Asturias","headline":"Hernando: \u201cLa Generalitat ha exhibido im\u00e1genes falsas de una violencia inexistente\u201d","author":{"@id":"https:\/\/www.eldigitaldeasturias.com\/noticias\/author\/admin\/#author"},"publisher":{"@id":"https:\/\/www.eldigitaldeasturias.com\/noticias\/#organization"},"image":{"@type":"ImageObject","url":954895},"datePublished":"2017-10-04T20:11:57+02:00","dateModified":"2017-10-04T20:11:57+02:00","inLanguage":"es-ES","mainEntityOfPage":{"@id":"https:\/\/www.eldigitaldeasturias.com\/noticias\/hernando-la-generalitat-ha-exhibido-imagenes-falsas-de-una-violencia-inexistente\/#webpage"},"isPartOf":{"@id":"https:\/\/www.eldigitaldeasturias.com\/noticias\/hernando-la-generalitat-ha-exhibido-imagenes-falsas-de-una-violencia-inexistente\/#webpage"},"articleSection":"Actualidad"},{"@type":"BreadcrumbList","@id":"https:\/\/www.eldigitaldeasturias.com\/noticias\/hernando-la-generalitat-ha-exhibido-imagenes-falsas-de-una-violencia-inexistente\/#breadcrumblist","itemListElement":[{"@type":"ListItem","@id":"https:\/\/www.eldigitaldeasturias.com\/noticias#listItem","position":1,"name":"Home","item":"https:\/\/www.eldigitaldeasturias.com\/noticias","nextItem":{"@type":"ListItem","@id":"https:\/\/www.eldigitaldeasturias.com\/noticias\/category\/actualidad\/#listItem","name":"Actualidad"}},{"@type":"ListItem","@id":"https:\/\/www.eldigitaldeasturias.com\/noticias\/category\/actualidad\/#listItem","position":2,"name":"Actualidad","item":"https:\/\/www.eldigitaldeasturias.com\/noticias\/category\/actualidad\/","nextItem":{"@type":"ListItem","@id":"https:\/\/www.eldigitaldeasturias.com\/noticias\/hernando-la-generalitat-ha-exhibido-imagenes-falsas-de-una-violencia-inexistente\/#listItem","name":"Hernando: \u201cLa Generalitat ha exhibido im\u00e1genes falsas de una violencia inexistente\u201d"},"previousItem":{"@type":"ListItem","@id":"https:\/\/www.eldigitaldeasturias.com\/noticias#listItem","name":"Home"}},{"@type":"ListItem","@id":"https:\/\/www.eldigitaldeasturias.com\/noticias\/hernando-la-generalitat-ha-exhibido-imagenes-falsas-de-una-violencia-inexistente\/#listItem","position":3,"name":"Hernando: \u201cLa Generalitat ha exhibido im\u00e1genes falsas de una violencia inexistente\u201d","previousItem":{"@type":"ListItem","@id":"https:\/\/www.eldigitaldeasturias.com\/noticias\/category\/actualidad\/#listItem","name":"Actualidad"}}]},{"@type":"Organization","@id":"https:\/\/www.eldigitaldeasturias.com\/noticias\/#organization","name":"El Digital de Asturias","description":"Hemeroteca","url":"https:\/\/www.eldigitaldeasturias.com\/noticias\/","email":"info@eldigitaldeasturias.com","telephone":"+34652131393","logo":{"@type":"ImageObject","url":"https:\/\/www.eldigitaldeasturias.com\/noticias\/wp-content\/uploads\/2020\/12\/EDA.jpg","@id":"https:\/\/www.eldigitaldeasturias.com\/noticias\/hernando-la-generalitat-ha-exhibido-imagenes-falsas-de-una-violencia-inexistente\/#organizationLogo"},"image":{"@id":"https:\/\/www.eldigitaldeasturias.com\/noticias\/hernando-la-generalitat-ha-exhibido-imagenes-falsas-de-una-violencia-inexistente\/#organizationLogo"},"sameAs":["https:\/\/facebook.com\/eldigitaldeasturias","https:\/\/www.youtube.com\/channel\/UCZP-2wLEB9Rv6erhFmqVnvg"],"address":{"@id":"https:\/\/www.eldigitaldeasturias.com\/noticias\/#postaladdress","@type":"PostalAddress","streetAddress":"san antonio 4","postalCode":"33430","addressLocality":"Cand\u00e1s","addressRegion":"Asturias","addressCountry":"ES"}},{"@type":"Person","@id":"https:\/\/www.eldigitaldeasturias.com\/noticias\/author\/admin\/#author","url":"https:\/\/www.eldigitaldeasturias.com\/noticias\/author\/admin\/","name":"El Digital de Asturias","image":{"@type":"ImageObject","@id":"https:\/\/www.eldigitaldeasturias.com\/noticias\/hernando-la-generalitat-ha-exhibido-imagenes-falsas-de-una-violencia-inexistente\/#authorImage","url":"https:\/\/secure.gravatar.com\/avatar\/df2aeffc32bcd13f8d26072ef8a91b623d677766deac7f97ca815868cd41bf5e?s=96&d=mm&r=g","width":96,"height":96,"caption":"El Digital de Asturias"}},{"@type":"WebPage","@id":"https:\/\/www.eldigitaldeasturias.com\/noticias\/hernando-la-generalitat-ha-exhibido-imagenes-falsas-de-una-violencia-inexistente\/#webpage","url":"https:\/\/www.eldigitaldeasturias.com\/noticias\/hernando-la-generalitat-ha-exhibido-imagenes-falsas-de-una-violencia-inexistente\/","name":"Hernando: \u201cLa Generalitat ha exhibido im\u00e1genes falsas de una violencia inexistente\u201d - El Digital de Asturias","description":"El portavoz del Grupo Popular en el Congreso de los Diputados, Rafael Hernando, ha intervenido esta ma\u00f1ana en una entrevista realizada en TVE, para alabar el discurso de ayer expresado por Felipe VI, consider\u00e1ndolo apropiado ya que \u201ces un jefe de estado que no quiere que Espa\u00f1a sea descuartizada como algunos pretenden desde dentro de","inLanguage":"es-ES","isPartOf":{"@id":"https:\/\/www.eldigitaldeasturias.com\/noticias\/#website"},"breadcrumb":{"@id":"https:\/\/www.eldigitaldeasturias.com\/noticias\/hernando-la-generalitat-ha-exhibido-imagenes-falsas-de-una-violencia-inexistente\/#breadcrumblist"},"author":{"@id":"https:\/\/www.eldigitaldeasturias.com\/noticias\/author\/admin\/#author"},"creator":{"@id":"https:\/\/www.eldigitaldeasturias.com\/noticias\/author\/admin\/#author"},"image":{"@type":"ImageObject","url":954895,"@id":"https:\/\/www.eldigitaldeasturias.com\/noticias\/hernando-la-generalitat-ha-exhibido-imagenes-falsas-de-una-violencia-inexistente\/#mainImage"},"primaryImageOfPage":{"@id":"https:\/\/www.eldigitaldeasturias.com\/noticias\/hernando-la-generalitat-ha-exhibido-imagenes-falsas-de-una-violencia-inexistente\/#mainImage"},"datePublished":"2017-10-04T20:11:57+02:00","dateModified":"2017-10-04T20:11:57+02:00"},{"@type":"WebSite","@id":"https:\/\/www.eldigitaldeasturias.com\/noticias\/#website","url":"https:\/\/www.eldigitaldeasturias.com\/noticias\/","name":"El Digital de Asturias - Diario de actualidad y noticias","alternateName":"El Digital de Asturias - Diario de actualidad y noticias","description":"Hemeroteca","inLanguage":"es-ES","publisher":{"@id":"https:\/\/www.eldigitaldeasturias.com\/noticias\/#organization"}}]},"og:locale":"es_ES","og:site_name":"El Digital de Asturias","og:type":"article","og:title":"Hernando: \u201cLa Generalitat ha exhibido im\u00e1genes falsas de una violencia inexistente\u201d - El Digital de Asturias","og:description":"El portavoz del Grupo Popular en el Congreso de los Diputados, Rafael Hernando, ha intervenido esta ma\u00f1ana en una entrevista realizada en TVE, para alabar el discurso de ayer expresado por Felipe VI, consider\u00e1ndolo apropiado ya que \u201ces un jefe de estado que no quiere que Espa\u00f1a sea descuartizada como algunos pretenden desde dentro de","og:url":"https:\/\/www.eldigitaldeasturias.com\/noticias\/hernando-la-generalitat-ha-exhibido-imagenes-falsas-de-una-violencia-inexistente\/","article:tag":["actualidad"],"article:published_time":"2017-10-04T20:11:57+00:00","article:modified_time":"2017-10-04T20:11:57+00:00","article:publisher":"https:\/\/facebook.com\/eldigitaldeasturias","twitter:card":"summary_large_image","twitter:title":"Hernando: \u201cLa Generalitat ha exhibido im\u00e1genes falsas de una violencia inexistente\u201d - El Digital de Asturias","twitter:description":"El portavoz del Grupo Popular en el Congreso de los Diputados, Rafael Hernando, ha intervenido esta ma\u00f1ana en una entrevista realizada en TVE, para alabar el discurso de ayer expresado por Felipe VI, consider\u00e1ndolo apropiado ya que \u201ces un jefe de estado que no quiere que Espa\u00f1a sea descuartizada como algunos pretenden desde dentro de","twitter:image":"https:\/\/www.eldigitaldeasturias.com\/noticias\/wp-content\/uploads\/2020\/12\/EDA-1.jpg","twitter:label1":"Escrito por","twitter:data1":"El Digital de Asturias","twitter:label2":"Tiempo de lectura estimado","twitter:data2":"2 minutos"},"aioseo_meta_data":{"post_id":"954894","title":null,"description":null,"keywords":null,"keyphrases":null,"primary_term":null,"canonical_url":null,"og_title":null,"og_description":null,"og_object_type":"default","og_image_type":"default","og_image_url":null,"og_image_width":null,"og_image_height":null,"og_image_custom_url":null,"og_image_custom_fields":null,"og_video":null,"og_custom_url":null,"og_article_section":null,"og_article_tags":null,"twitter_use_og":false,"twitter_card":"default","twitter_image_type":"default","twitter_image_url":null,"twitter_image_custom_url":null,"twitter_image_custom_fields":null,"twitter_title":null,"twitter_description":null,"schema":{"blockGraphs":[],"customGraphs":[],"default":{"data":{"Article":[],"Course":[],"Dataset":[],"FAQPage":[],"Movie":[],"Person":[],"Product":[],"ProductReview":[],"Car":[],"Recipe":[],"Service":[],"SoftwareApplication":[],"WebPage":[]},"graphName":"","isEnabled":true},"graphs":[],"defaultGraph":"","defaultPostTypeGraph":""},"schema_type":null,"schema_type_options":null,"pillar_content":false,"robots_default":true,"robots_noindex":false,"robots_noarchive":false,"robots_nosnippet":false,"robots_nofollow":false,"robots_noimageindex":false,"robots_noodp":false,"robots_notranslate":false,"robots_max_snippet":null,"robots_max_videopreview":null,"robots_max_imagepreview":"large","priority":null,"frequency":null,"local_seo":null,"seo_analyzer_scan_date":"2025-12-06 08:00:14","breadcrumb_settings":null,"limit_modified_date":false,"open_ai":null,"ai":null,"created":"2020-12-21 12:56:39","updated":"2025-12-06 08:00:14","focus_keyword":null,"additional_keywords":null,"truseo_locale":null},"aioseo_breadcrumb":"<div class=\"aioseo-breadcrumbs\"><span class=\"aioseo-breadcrumb\">\n\t<a href=\"https:\/\/www.eldigitaldeasturias.com\/noticias\" title=\"Home\">Home<\/a>\n<\/span><span class=\"aioseo-breadcrumb-separator\">\u2013<\/span><span class=\"aioseo-breadcrumb\">\n\t<a href=\"https:\/\/www.eldigitaldeasturias.com\/noticias\/category\/actualidad\/\" title=\"Actualidad\">Actualidad<\/a>\n<\/span><span class=\"aioseo-breadcrumb-separator\">\u2013<\/span><span class=\"aioseo-breadcrumb\">\n\t<a href=\"https:\/\/www.eldigitaldeasturias.com\/noticias\/hernando-la-generalitat-ha-exhibido-imagenes-falsas-de-una-violencia-inexistente\/\" title=\"Hernando: \u201cLa Generalitat ha exhibido im\u00e1genes falsas de una violencia inexistente\u201d\">Hernando: \u201cLa Generalitat ha exhibido im\u00e1genes falsas de una violencia inexistente\u201d<\/a>\n<\/span><\/div>","aioseo_breadcrumb_json":[{"label":"Home","link":"https:\/\/www.eldigitaldeasturias.com\/noticias"},{"label":"Actualidad","link":"https:\/\/www.eldigitaldeasturias.com\/noticias\/category\/actualidad\/"},{"label":"Hernando: \u201cLa Generalitat ha exhibido im\u00e1genes falsas de una violencia inexistente\u201d","link":"https:\/\/www.eldigitaldeasturias.com\/noticias\/hernando-la-generalitat-ha-exhibido-imagenes-falsas-de-una-violencia-inexistente\/"}],"_links":{"self":[{"href":"https:\/\/www.eldigitaldeasturias.com\/noticias\/wp-json\/wp\/v2\/posts\/954894","targetHints":{"allow":["GET"]}}],"collection":[{"href":"https:\/\/www.eldigitaldeasturias.com\/noticias\/wp-json\/wp\/v2\/posts"}],"about":[{"href":"https:\/\/www.eldigitaldeasturias.com\/noticias\/wp-json\/wp\/v2\/types\/post"}],"author":[{"embeddable":true,"href":"https:\/\/www.eldigitaldeasturias.com\/noticias\/wp-json\/wp\/v2\/users\/1"}],"replies":[{"embeddable":true,"href":"https:\/\/www.eldigitaldeasturias.com\/noticias\/wp-json\/wp\/v2\/comments?post=954894"}],"version-history":[{"count":0,"href":"https:\/\/www.eldigitaldeasturias.com\/noticias\/wp-json\/wp\/v2\/posts\/954894\/revisions"}],"wp:attachment":[{"href":"https:\/\/www.eldigitaldeasturias.com\/noticias\/wp-json\/wp\/v2\/media?parent=954894"}],"wp:term":[{"taxonomy":"category","embeddable":true,"href":"https:\/\/www.eldigitaldeasturias.com\/noticias\/wp-json\/wp\/v2\/categories?post=954894"},{"taxonomy":"post_tag","embeddable":true,"href":"https:\/\/www.eldigitaldeasturias.com\/noticias\/wp-json\/wp\/v2\/tags?post=954894"}],"curies":[{"name":"wp","href":"https:\/\/api.w.org\/{rel}","templated":true}]}}