{"id":954891,"date":"2017-10-04T20:10:43","date_gmt":"2017-10-04T20:10:43","guid":{"rendered":"http:\/\/www.eldigitaldeasturias.com\/noticias\/?p=954891"},"modified":"2017-10-04T20:10:43","modified_gmt":"2017-10-04T20:10:43","slug":"albiol-pide-al-psoe-que-sea-mas-coherente","status":"publish","type":"post","link":"https:\/\/www.eldigitaldeasturias.com\/noticias\/albiol-pide-al-psoe-que-sea-mas-coherente\/","title":{"rendered":"Albiol pide al PSOE que sea m\u00e1s coherente"},"content":{"rendered":"<p><img loading=\"lazy\" decoding=\"async\" class=\"alignleft size-medium wp-image-954892\" src=\"https:\/\/www.eldigitaldeasturias.com\/noticias\/wp-content\/uploads\/2017\/10\/djbshk6xcaamawt-360x163.jpg\" alt=\"\" width=\"360\" height=\"163\" \/>El presidente de los populares catalanes y diputado en el Parlamento de Catalu\u00f1a ha criticado esta ma\u00f1ana que el president de la Generalitat haya lanzado a la gente contra la Polic\u00eda y la Guardia Civil en Catalu\u00f1a.<\/p>\n<p>Asegura que le impresion\u00f3 las im\u00e1genes donde se ve\u00eda a agentes salir corriendo de los manifestantes, deseando que las mismas no se volvieran a repetir. Le parece que la decisi\u00f3n de Ministerios y Tribunales es acertada, aunque el dirigente popular ha manifestado su desacuerdo con el l\u00edder de la formaci\u00f3n roja, Pedro S\u00e1nchez y los ediles socialistas que gobiernan en algunos Ayuntamientos de Catalu\u00f1a.<\/p>\n<p>Pide a estos y al PSOE, que en estos momentos de excepcionalidad fueran un poco m\u00e1s coherentes y \u201cse ponga a lado de los que defienden la democracia que es la Guardia Civil y la Polic\u00eda\u201d.<\/p>\n<p>Respecto a la celebraci\u00f3n de la \u201cMesa\u201d prevista para hoy en el Parlament, Albiol opina que lo que va a ocurrir es la continuaci\u00f3n de una situaci\u00f3n prerrevolucionaria, \u201cllevando a cabo un escenario de presedici\u00f3n en Catalu\u00f1a\u201d y por eso \u201clas instituciones democr\u00e1ticas tendr\u00e1n que dar una respuesta\u201d. Defiende adem\u00e1s el discurso expresado por el Jefe del Estado ayer por la noche, ya que subray\u00f3, estaba dirigido a todos los partidos e instituciones \u00abpara dar una respuesta muy clara a este golpe de Estado que est\u00e1 dando la Generalitat\u00bb.<\/p>\n<p><strong>ART\u00cdCULO 155<\/strong><\/p>\n<p>Sobre la pregunta de si el Gobierno tiene previsto aplicar el Art\u00edculo 155 de la C.E., Albiol asegura que adoptar dicha decisi\u00f3n le corresponder\u00eda al presidente del Gobierno, aunque ha querido dejar claro que este no es la soluci\u00f3n para convocar inmediatamente elecciones, \u201cya que ahora la Generalitat ha provocado el germen del odio sobre todas las personas e instituciones\u201d y se necesita un periodo de tiempo para bajar la inflamaci\u00f3n.<\/p>\n<p>\u201cSe deben tomar las medidas necesarias con el tiempo necesario para garantizar que el Estado de derecho y que la normalidad democr\u00e1tica vuelva a su sitio\u201d, ha declarado.<\/p>\n<p>&nbsp;<\/p>\n","protected":false},"excerpt":{"rendered":"<p>El presidente de los populares catalanes y diputado en el Parlamento de Catalu\u00f1a ha criticado esta ma\u00f1ana que el president de la Generalitat haya lanzado a la gente contra la Polic\u00eda y la Guardia Civil en Catalu\u00f1a. Asegura que le impresion\u00f3 las im\u00e1genes donde se ve\u00eda a agentes salir corriendo de los manifestantes, deseando que [&hellip;]<\/p>\n","protected":false},"author":1,"featured_media":954892,"comment_status":"closed","ping_status":"closed","sticky":false,"template":"","format":"standard","meta":{"footnotes":""},"categories":[1],"tags":[],"class_list":["post-954891","post","type-post","status-publish","format-standard","has-post-thumbnail","hentry","category-actualidad"],"aioseo_notices":[],"aioseo_head":"\n\t\t<!-- All in One SEO Pro 5.0.1 - aioseo.com -->\n\t<meta name=\"description\" content=\"El presidente de los populares catalanes y diputado en el Parlamento de Catalu\u00f1a ha criticado esta ma\u00f1ana que el president de la Generalitat haya lanzado a la gente contra la Polic\u00eda y la Guardia Civil en Catalu\u00f1a. Asegura que le impresion\u00f3 las im\u00e1genes donde se ve\u00eda a agentes salir corriendo de los manifestantes, deseando que\" \/>\n\t<meta name=\"robots\" content=\"max-image-preview:large\" \/>\n\t<meta name=\"author\" content=\"El Digital de Asturias\"\/>\n\t<meta name=\"google-site-verification\" content=\"UA-38556648-1\" \/>\n\t<meta name=\"msvalidate.01\" content=\"7dfe9f3f1b24437ab69f4f2559babe99\" \/>\n\t<meta name=\"keywords\" content=\"actualidad\" \/>\n\t<link rel=\"canonical\" href=\"https:\/\/www.eldigitaldeasturias.com\/noticias\/albiol-pide-al-psoe-que-sea-mas-coherente\/\" \/>\n\t<meta name=\"generator\" content=\"All in One SEO Pro (AIOSEO) 5.0.1\" \/>\n\t\t<meta property=\"og:locale\" content=\"es_ES\" \/>\n\t\t<meta property=\"og:site_name\" content=\"El Digital de Asturias\" \/>\n\t\t<meta property=\"og:type\" content=\"article\" \/>\n\t\t<meta property=\"og:title\" content=\"Albiol pide al PSOE que sea m\u00e1s coherente - El Digital de Asturias\" \/>\n\t\t<meta property=\"og:description\" content=\"El presidente de los populares catalanes y diputado en el Parlamento de Catalu\u00f1a ha criticado esta ma\u00f1ana que el president de la Generalitat haya lanzado a la gente contra la Polic\u00eda y la Guardia Civil en Catalu\u00f1a. Asegura que le impresion\u00f3 las im\u00e1genes donde se ve\u00eda a agentes salir corriendo de los manifestantes, deseando que\" \/>\n\t\t<meta property=\"og:url\" content=\"https:\/\/www.eldigitaldeasturias.com\/noticias\/albiol-pide-al-psoe-que-sea-mas-coherente\/\" \/>\n\t\t<meta property=\"article:tag\" content=\"actualidad\" \/>\n\t\t<meta property=\"article:published_time\" content=\"2017-10-04T20:10:43+00:00\" \/>\n\t\t<meta property=\"article:modified_time\" content=\"2017-10-04T20:10:43+00:00\" \/>\n\t\t<meta property=\"article:publisher\" content=\"https:\/\/facebook.com\/eldigitaldeasturias\" \/>\n\t\t<meta name=\"twitter:card\" content=\"summary_large_image\" \/>\n\t\t<meta name=\"twitter:title\" content=\"Albiol pide al PSOE que sea m\u00e1s coherente - El Digital de Asturias\" \/>\n\t\t<meta name=\"twitter:description\" content=\"El presidente de los populares catalanes y diputado en el Parlamento de Catalu\u00f1a ha criticado esta ma\u00f1ana que el president de la Generalitat haya lanzado a la gente contra la Polic\u00eda y la Guardia Civil en Catalu\u00f1a. Asegura que le impresion\u00f3 las im\u00e1genes donde se ve\u00eda a agentes salir corriendo de los manifestantes, deseando que\" \/>\n\t\t<meta name=\"twitter:image\" content=\"https:\/\/www.eldigitaldeasturias.com\/noticias\/wp-content\/uploads\/2020\/12\/EDA-1.jpg\" \/>\n\t\t<meta name=\"twitter:label1\" content=\"Escrito por\" \/>\n\t\t<meta name=\"twitter:data1\" content=\"El Digital de Asturias\" \/>\n\t\t<meta name=\"twitter:label2\" content=\"Tiempo de lectura estimado\" \/>\n\t\t<meta name=\"twitter:data2\" content=\"2 minutos\" \/>\n\t\t<script type=\"application\/ld+json\" class=\"aioseo-schema\">\n\t\t\t{\"@context\":\"https:\\\/\\\/schema.org\",\"@graph\":[{\"@type\":\"BlogPosting\",\"@id\":\"https:\\\/\\\/www.eldigitaldeasturias.com\\\/noticias\\\/albiol-pide-al-psoe-que-sea-mas-coherente\\\/#blogposting\",\"name\":\"Albiol pide al PSOE que sea m\\u00e1s coherente - El Digital de Asturias\",\"headline\":\"Albiol pide al PSOE que sea m\\u00e1s coherente\",\"author\":{\"@id\":\"https:\\\/\\\/www.eldigitaldeasturias.com\\\/noticias\\\/author\\\/admin\\\/#author\"},\"publisher\":{\"@id\":\"https:\\\/\\\/www.eldigitaldeasturias.com\\\/noticias\\\/#organization\"},\"image\":{\"@type\":\"ImageObject\",\"url\":954892},\"datePublished\":\"2017-10-04T20:10:43+02:00\",\"dateModified\":\"2017-10-04T20:10:43+02:00\",\"inLanguage\":\"es-ES\",\"mainEntityOfPage\":{\"@id\":\"https:\\\/\\\/www.eldigitaldeasturias.com\\\/noticias\\\/albiol-pide-al-psoe-que-sea-mas-coherente\\\/#webpage\"},\"isPartOf\":{\"@id\":\"https:\\\/\\\/www.eldigitaldeasturias.com\\\/noticias\\\/albiol-pide-al-psoe-que-sea-mas-coherente\\\/#webpage\"},\"articleSection\":\"Actualidad\"},{\"@type\":\"BreadcrumbList\",\"@id\":\"https:\\\/\\\/www.eldigitaldeasturias.com\\\/noticias\\\/albiol-pide-al-psoe-que-sea-mas-coherente\\\/#breadcrumblist\",\"itemListElement\":[{\"@type\":\"ListItem\",\"@id\":\"https:\\\/\\\/www.eldigitaldeasturias.com\\\/noticias#listItem\",\"position\":1,\"name\":\"Home\",\"item\":\"https:\\\/\\\/www.eldigitaldeasturias.com\\\/noticias\",\"nextItem\":{\"@type\":\"ListItem\",\"@id\":\"https:\\\/\\\/www.eldigitaldeasturias.com\\\/noticias\\\/category\\\/actualidad\\\/#listItem\",\"name\":\"Actualidad\"}},{\"@type\":\"ListItem\",\"@id\":\"https:\\\/\\\/www.eldigitaldeasturias.com\\\/noticias\\\/category\\\/actualidad\\\/#listItem\",\"position\":2,\"name\":\"Actualidad\",\"item\":\"https:\\\/\\\/www.eldigitaldeasturias.com\\\/noticias\\\/category\\\/actualidad\\\/\",\"nextItem\":{\"@type\":\"ListItem\",\"@id\":\"https:\\\/\\\/www.eldigitaldeasturias.com\\\/noticias\\\/albiol-pide-al-psoe-que-sea-mas-coherente\\\/#listItem\",\"name\":\"Albiol pide al PSOE que sea m\\u00e1s coherente\"},\"previousItem\":{\"@type\":\"ListItem\",\"@id\":\"https:\\\/\\\/www.eldigitaldeasturias.com\\\/noticias#listItem\",\"name\":\"Home\"}},{\"@type\":\"ListItem\",\"@id\":\"https:\\\/\\\/www.eldigitaldeasturias.com\\\/noticias\\\/albiol-pide-al-psoe-que-sea-mas-coherente\\\/#listItem\",\"position\":3,\"name\":\"Albiol pide al PSOE que sea m\\u00e1s coherente\",\"previousItem\":{\"@type\":\"ListItem\",\"@id\":\"https:\\\/\\\/www.eldigitaldeasturias.com\\\/noticias\\\/category\\\/actualidad\\\/#listItem\",\"name\":\"Actualidad\"}}]},{\"@type\":\"Organization\",\"@id\":\"https:\\\/\\\/www.eldigitaldeasturias.com\\\/noticias\\\/#organization\",\"name\":\"El Digital de Asturias\",\"description\":\"Hemeroteca\",\"url\":\"https:\\\/\\\/www.eldigitaldeasturias.com\\\/noticias\\\/\",\"email\":\"info@eldigitaldeasturias.com\",\"telephone\":\"+34652131393\",\"logo\":{\"@type\":\"ImageObject\",\"url\":\"https:\\\/\\\/www.eldigitaldeasturias.com\\\/noticias\\\/wp-content\\\/uploads\\\/2020\\\/12\\\/EDA.jpg\",\"@id\":\"https:\\\/\\\/www.eldigitaldeasturias.com\\\/noticias\\\/albiol-pide-al-psoe-que-sea-mas-coherente\\\/#organizationLogo\"},\"image\":{\"@id\":\"https:\\\/\\\/www.eldigitaldeasturias.com\\\/noticias\\\/albiol-pide-al-psoe-que-sea-mas-coherente\\\/#organizationLogo\"},\"sameAs\":[\"https:\\\/\\\/facebook.com\\\/eldigitaldeasturias\",\"https:\\\/\\\/www.youtube.com\\\/channel\\\/UCZP-2wLEB9Rv6erhFmqVnvg\"],\"address\":{\"@id\":\"https:\\\/\\\/www.eldigitaldeasturias.com\\\/noticias\\\/#postaladdress\",\"@type\":\"PostalAddress\",\"streetAddress\":\"san antonio 4\",\"postalCode\":\"33430\",\"addressLocality\":\"Cand\\u00e1s\",\"addressRegion\":\"Asturias\",\"addressCountry\":\"ES\"}},{\"@type\":\"Person\",\"@id\":\"https:\\\/\\\/www.eldigitaldeasturias.com\\\/noticias\\\/author\\\/admin\\\/#author\",\"url\":\"https:\\\/\\\/www.eldigitaldeasturias.com\\\/noticias\\\/author\\\/admin\\\/\",\"name\":\"El Digital de Asturias\",\"image\":{\"@type\":\"ImageObject\",\"@id\":\"https:\\\/\\\/www.eldigitaldeasturias.com\\\/noticias\\\/albiol-pide-al-psoe-que-sea-mas-coherente\\\/#authorImage\",\"url\":\"https:\\\/\\\/secure.gravatar.com\\\/avatar\\\/df2aeffc32bcd13f8d26072ef8a91b623d677766deac7f97ca815868cd41bf5e?s=96&d=mm&r=g\",\"width\":96,\"height\":96,\"caption\":\"El Digital de Asturias\"}},{\"@type\":\"WebPage\",\"@id\":\"https:\\\/\\\/www.eldigitaldeasturias.com\\\/noticias\\\/albiol-pide-al-psoe-que-sea-mas-coherente\\\/#webpage\",\"url\":\"https:\\\/\\\/www.eldigitaldeasturias.com\\\/noticias\\\/albiol-pide-al-psoe-que-sea-mas-coherente\\\/\",\"name\":\"Albiol pide al PSOE que sea m\\u00e1s coherente - El Digital de Asturias\",\"description\":\"El presidente de los populares catalanes y diputado en el Parlamento de Catalu\\u00f1a ha criticado esta ma\\u00f1ana que el president de la Generalitat haya lanzado a la gente contra la Polic\\u00eda y la Guardia Civil en Catalu\\u00f1a. Asegura que le impresion\\u00f3 las im\\u00e1genes donde se ve\\u00eda a agentes salir corriendo de los manifestantes, deseando que\",\"inLanguage\":\"es-ES\",\"isPartOf\":{\"@id\":\"https:\\\/\\\/www.eldigitaldeasturias.com\\\/noticias\\\/#website\"},\"breadcrumb\":{\"@id\":\"https:\\\/\\\/www.eldigitaldeasturias.com\\\/noticias\\\/albiol-pide-al-psoe-que-sea-mas-coherente\\\/#breadcrumblist\"},\"author\":{\"@id\":\"https:\\\/\\\/www.eldigitaldeasturias.com\\\/noticias\\\/author\\\/admin\\\/#author\"},\"creator\":{\"@id\":\"https:\\\/\\\/www.eldigitaldeasturias.com\\\/noticias\\\/author\\\/admin\\\/#author\"},\"image\":{\"@type\":\"ImageObject\",\"url\":954892,\"@id\":\"https:\\\/\\\/www.eldigitaldeasturias.com\\\/noticias\\\/albiol-pide-al-psoe-que-sea-mas-coherente\\\/#mainImage\"},\"primaryImageOfPage\":{\"@id\":\"https:\\\/\\\/www.eldigitaldeasturias.com\\\/noticias\\\/albiol-pide-al-psoe-que-sea-mas-coherente\\\/#mainImage\"},\"datePublished\":\"2017-10-04T20:10:43+02:00\",\"dateModified\":\"2017-10-04T20:10:43+02:00\"},{\"@type\":\"WebSite\",\"@id\":\"https:\\\/\\\/www.eldigitaldeasturias.com\\\/noticias\\\/#website\",\"url\":\"https:\\\/\\\/www.eldigitaldeasturias.com\\\/noticias\\\/\",\"name\":\"El Digital de Asturias - Diario de actualidad y noticias\",\"alternateName\":\"El Digital de Asturias - Diario de actualidad y noticias\",\"description\":\"Hemeroteca\",\"inLanguage\":\"es-ES\",\"publisher\":{\"@id\":\"https:\\\/\\\/www.eldigitaldeasturias.com\\\/noticias\\\/#organization\"}}]}\n\t\t<\/script>\n\t\t<!-- All in One SEO Pro -->\r\n\t\t<title>Albiol pide al PSOE que sea m\u00e1s coherente - El Digital de Asturias<\/title>\n\n","aioseo_head_json":{"title":"Albiol pide al PSOE que sea m\u00e1s coherente - El Digital de Asturias","description":"El presidente de los populares catalanes y diputado en el Parlamento de Catalu\u00f1a ha criticado esta ma\u00f1ana que el president de la Generalitat haya lanzado a la gente contra la Polic\u00eda y la Guardia Civil en Catalu\u00f1a. Asegura que le impresion\u00f3 las im\u00e1genes donde se ve\u00eda a agentes salir corriendo de los manifestantes, deseando que","canonical_url":"https:\/\/www.eldigitaldeasturias.com\/noticias\/albiol-pide-al-psoe-que-sea-mas-coherente\/","robots":"max-image-preview:large","keywords":"actualidad","webmasterTools":{"google-site-verification":"UA-38556648-1","msvalidate.01":"7dfe9f3f1b24437ab69f4f2559babe99","miscellaneous":""},"schema":{"@context":"https:\/\/schema.org","@graph":[{"@type":"BlogPosting","@id":"https:\/\/www.eldigitaldeasturias.com\/noticias\/albiol-pide-al-psoe-que-sea-mas-coherente\/#blogposting","name":"Albiol pide al PSOE que sea m\u00e1s coherente - El Digital de Asturias","headline":"Albiol pide al PSOE que sea m\u00e1s coherente","author":{"@id":"https:\/\/www.eldigitaldeasturias.com\/noticias\/author\/admin\/#author"},"publisher":{"@id":"https:\/\/www.eldigitaldeasturias.com\/noticias\/#organization"},"image":{"@type":"ImageObject","url":954892},"datePublished":"2017-10-04T20:10:43+02:00","dateModified":"2017-10-04T20:10:43+02:00","inLanguage":"es-ES","mainEntityOfPage":{"@id":"https:\/\/www.eldigitaldeasturias.com\/noticias\/albiol-pide-al-psoe-que-sea-mas-coherente\/#webpage"},"isPartOf":{"@id":"https:\/\/www.eldigitaldeasturias.com\/noticias\/albiol-pide-al-psoe-que-sea-mas-coherente\/#webpage"},"articleSection":"Actualidad"},{"@type":"BreadcrumbList","@id":"https:\/\/www.eldigitaldeasturias.com\/noticias\/albiol-pide-al-psoe-que-sea-mas-coherente\/#breadcrumblist","itemListElement":[{"@type":"ListItem","@id":"https:\/\/www.eldigitaldeasturias.com\/noticias#listItem","position":1,"name":"Home","item":"https:\/\/www.eldigitaldeasturias.com\/noticias","nextItem":{"@type":"ListItem","@id":"https:\/\/www.eldigitaldeasturias.com\/noticias\/category\/actualidad\/#listItem","name":"Actualidad"}},{"@type":"ListItem","@id":"https:\/\/www.eldigitaldeasturias.com\/noticias\/category\/actualidad\/#listItem","position":2,"name":"Actualidad","item":"https:\/\/www.eldigitaldeasturias.com\/noticias\/category\/actualidad\/","nextItem":{"@type":"ListItem","@id":"https:\/\/www.eldigitaldeasturias.com\/noticias\/albiol-pide-al-psoe-que-sea-mas-coherente\/#listItem","name":"Albiol pide al PSOE que sea m\u00e1s coherente"},"previousItem":{"@type":"ListItem","@id":"https:\/\/www.eldigitaldeasturias.com\/noticias#listItem","name":"Home"}},{"@type":"ListItem","@id":"https:\/\/www.eldigitaldeasturias.com\/noticias\/albiol-pide-al-psoe-que-sea-mas-coherente\/#listItem","position":3,"name":"Albiol pide al PSOE que sea m\u00e1s coherente","previousItem":{"@type":"ListItem","@id":"https:\/\/www.eldigitaldeasturias.com\/noticias\/category\/actualidad\/#listItem","name":"Actualidad"}}]},{"@type":"Organization","@id":"https:\/\/www.eldigitaldeasturias.com\/noticias\/#organization","name":"El Digital de Asturias","description":"Hemeroteca","url":"https:\/\/www.eldigitaldeasturias.com\/noticias\/","email":"info@eldigitaldeasturias.com","telephone":"+34652131393","logo":{"@type":"ImageObject","url":"https:\/\/www.eldigitaldeasturias.com\/noticias\/wp-content\/uploads\/2020\/12\/EDA.jpg","@id":"https:\/\/www.eldigitaldeasturias.com\/noticias\/albiol-pide-al-psoe-que-sea-mas-coherente\/#organizationLogo"},"image":{"@id":"https:\/\/www.eldigitaldeasturias.com\/noticias\/albiol-pide-al-psoe-que-sea-mas-coherente\/#organizationLogo"},"sameAs":["https:\/\/facebook.com\/eldigitaldeasturias","https:\/\/www.youtube.com\/channel\/UCZP-2wLEB9Rv6erhFmqVnvg"],"address":{"@id":"https:\/\/www.eldigitaldeasturias.com\/noticias\/#postaladdress","@type":"PostalAddress","streetAddress":"san antonio 4","postalCode":"33430","addressLocality":"Cand\u00e1s","addressRegion":"Asturias","addressCountry":"ES"}},{"@type":"Person","@id":"https:\/\/www.eldigitaldeasturias.com\/noticias\/author\/admin\/#author","url":"https:\/\/www.eldigitaldeasturias.com\/noticias\/author\/admin\/","name":"El Digital de Asturias","image":{"@type":"ImageObject","@id":"https:\/\/www.eldigitaldeasturias.com\/noticias\/albiol-pide-al-psoe-que-sea-mas-coherente\/#authorImage","url":"https:\/\/secure.gravatar.com\/avatar\/df2aeffc32bcd13f8d26072ef8a91b623d677766deac7f97ca815868cd41bf5e?s=96&d=mm&r=g","width":96,"height":96,"caption":"El Digital de Asturias"}},{"@type":"WebPage","@id":"https:\/\/www.eldigitaldeasturias.com\/noticias\/albiol-pide-al-psoe-que-sea-mas-coherente\/#webpage","url":"https:\/\/www.eldigitaldeasturias.com\/noticias\/albiol-pide-al-psoe-que-sea-mas-coherente\/","name":"Albiol pide al PSOE que sea m\u00e1s coherente - El Digital de Asturias","description":"El presidente de los populares catalanes y diputado en el Parlamento de Catalu\u00f1a ha criticado esta ma\u00f1ana que el president de la Generalitat haya lanzado a la gente contra la Polic\u00eda y la Guardia Civil en Catalu\u00f1a. Asegura que le impresion\u00f3 las im\u00e1genes donde se ve\u00eda a agentes salir corriendo de los manifestantes, deseando que","inLanguage":"es-ES","isPartOf":{"@id":"https:\/\/www.eldigitaldeasturias.com\/noticias\/#website"},"breadcrumb":{"@id":"https:\/\/www.eldigitaldeasturias.com\/noticias\/albiol-pide-al-psoe-que-sea-mas-coherente\/#breadcrumblist"},"author":{"@id":"https:\/\/www.eldigitaldeasturias.com\/noticias\/author\/admin\/#author"},"creator":{"@id":"https:\/\/www.eldigitaldeasturias.com\/noticias\/author\/admin\/#author"},"image":{"@type":"ImageObject","url":954892,"@id":"https:\/\/www.eldigitaldeasturias.com\/noticias\/albiol-pide-al-psoe-que-sea-mas-coherente\/#mainImage"},"primaryImageOfPage":{"@id":"https:\/\/www.eldigitaldeasturias.com\/noticias\/albiol-pide-al-psoe-que-sea-mas-coherente\/#mainImage"},"datePublished":"2017-10-04T20:10:43+02:00","dateModified":"2017-10-04T20:10:43+02:00"},{"@type":"WebSite","@id":"https:\/\/www.eldigitaldeasturias.com\/noticias\/#website","url":"https:\/\/www.eldigitaldeasturias.com\/noticias\/","name":"El Digital de Asturias - Diario de actualidad y noticias","alternateName":"El Digital de Asturias - Diario de actualidad y noticias","description":"Hemeroteca","inLanguage":"es-ES","publisher":{"@id":"https:\/\/www.eldigitaldeasturias.com\/noticias\/#organization"}}]},"og:locale":"es_ES","og:site_name":"El Digital de Asturias","og:type":"article","og:title":"Albiol pide al PSOE que sea m\u00e1s coherente - El Digital de Asturias","og:description":"El presidente de los populares catalanes y diputado en el Parlamento de Catalu\u00f1a ha criticado esta ma\u00f1ana que el president de la Generalitat haya lanzado a la gente contra la Polic\u00eda y la Guardia Civil en Catalu\u00f1a. Asegura que le impresion\u00f3 las im\u00e1genes donde se ve\u00eda a agentes salir corriendo de los manifestantes, deseando que","og:url":"https:\/\/www.eldigitaldeasturias.com\/noticias\/albiol-pide-al-psoe-que-sea-mas-coherente\/","article:tag":["actualidad"],"article:published_time":"2017-10-04T20:10:43+00:00","article:modified_time":"2017-10-04T20:10:43+00:00","article:publisher":"https:\/\/facebook.com\/eldigitaldeasturias","twitter:card":"summary_large_image","twitter:title":"Albiol pide al PSOE que sea m\u00e1s coherente - El Digital de Asturias","twitter:description":"El presidente de los populares catalanes y diputado en el Parlamento de Catalu\u00f1a ha criticado esta ma\u00f1ana que el president de la Generalitat haya lanzado a la gente contra la Polic\u00eda y la Guardia Civil en Catalu\u00f1a. Asegura que le impresion\u00f3 las im\u00e1genes donde se ve\u00eda a agentes salir corriendo de los manifestantes, deseando que","twitter:image":"https:\/\/www.eldigitaldeasturias.com\/noticias\/wp-content\/uploads\/2020\/12\/EDA-1.jpg","twitter:label1":"Escrito por","twitter:data1":"El Digital de Asturias","twitter:label2":"Tiempo de lectura estimado","twitter:data2":"2 minutos"},"aioseo_meta_data":{"post_id":"954891","title":null,"description":null,"keywords":null,"keyphrases":null,"primary_term":null,"canonical_url":null,"og_title":null,"og_description":null,"og_object_type":"default","og_image_type":"default","og_image_url":null,"og_image_width":null,"og_image_height":null,"og_image_custom_url":null,"og_image_custom_fields":null,"og_video":null,"og_custom_url":null,"og_article_section":null,"og_article_tags":null,"twitter_use_og":false,"twitter_card":"default","twitter_image_type":"default","twitter_image_url":null,"twitter_image_custom_url":null,"twitter_image_custom_fields":null,"twitter_title":null,"twitter_description":null,"schema":{"blockGraphs":[],"customGraphs":[],"default":{"data":{"Article":[],"Course":[],"Dataset":[],"FAQPage":[],"Movie":[],"Person":[],"Product":[],"ProductReview":[],"Car":[],"Recipe":[],"Service":[],"SoftwareApplication":[],"WebPage":[]},"graphName":"","isEnabled":true},"graphs":[],"defaultGraph":"","defaultPostTypeGraph":""},"schema_type":null,"schema_type_options":null,"pillar_content":false,"robots_default":true,"robots_noindex":false,"robots_noarchive":false,"robots_nosnippet":false,"robots_nofollow":false,"robots_noimageindex":false,"robots_noodp":false,"robots_notranslate":false,"robots_max_snippet":null,"robots_max_videopreview":null,"robots_max_imagepreview":"large","priority":null,"frequency":null,"local_seo":null,"seo_analyzer_scan_date":"2025-12-06 08:00:13","breadcrumb_settings":null,"limit_modified_date":false,"open_ai":null,"ai":null,"created":"2020-12-21 12:56:39","updated":"2025-12-06 08:00:13","focus_keyword":null,"additional_keywords":null,"truseo_locale":null},"aioseo_breadcrumb":"<div class=\"aioseo-breadcrumbs\"><span class=\"aioseo-breadcrumb\">\n\t<a href=\"https:\/\/www.eldigitaldeasturias.com\/noticias\" title=\"Home\">Home<\/a>\n<\/span><span class=\"aioseo-breadcrumb-separator\">\u2013<\/span><span class=\"aioseo-breadcrumb\">\n\t<a href=\"https:\/\/www.eldigitaldeasturias.com\/noticias\/category\/actualidad\/\" title=\"Actualidad\">Actualidad<\/a>\n<\/span><span class=\"aioseo-breadcrumb-separator\">\u2013<\/span><span class=\"aioseo-breadcrumb\">\n\t<a href=\"https:\/\/www.eldigitaldeasturias.com\/noticias\/albiol-pide-al-psoe-que-sea-mas-coherente\/\" title=\"Albiol pide al PSOE que sea m\u00e1s coherente\">Albiol pide al PSOE que sea m\u00e1s coherente<\/a>\n<\/span><\/div>","aioseo_breadcrumb_json":[{"label":"Home","link":"https:\/\/www.eldigitaldeasturias.com\/noticias"},{"label":"Actualidad","link":"https:\/\/www.eldigitaldeasturias.com\/noticias\/category\/actualidad\/"},{"label":"Albiol pide al PSOE que sea m\u00e1s coherente","link":"https:\/\/www.eldigitaldeasturias.com\/noticias\/albiol-pide-al-psoe-que-sea-mas-coherente\/"}],"_links":{"self":[{"href":"https:\/\/www.eldigitaldeasturias.com\/noticias\/wp-json\/wp\/v2\/posts\/954891","targetHints":{"allow":["GET"]}}],"collection":[{"href":"https:\/\/www.eldigitaldeasturias.com\/noticias\/wp-json\/wp\/v2\/posts"}],"about":[{"href":"https:\/\/www.eldigitaldeasturias.com\/noticias\/wp-json\/wp\/v2\/types\/post"}],"author":[{"embeddable":true,"href":"https:\/\/www.eldigitaldeasturias.com\/noticias\/wp-json\/wp\/v2\/users\/1"}],"replies":[{"embeddable":true,"href":"https:\/\/www.eldigitaldeasturias.com\/noticias\/wp-json\/wp\/v2\/comments?post=954891"}],"version-history":[{"count":0,"href":"https:\/\/www.eldigitaldeasturias.com\/noticias\/wp-json\/wp\/v2\/posts\/954891\/revisions"}],"wp:attachment":[{"href":"https:\/\/www.eldigitaldeasturias.com\/noticias\/wp-json\/wp\/v2\/media?parent=954891"}],"wp:term":[{"taxonomy":"category","embeddable":true,"href":"https:\/\/www.eldigitaldeasturias.com\/noticias\/wp-json\/wp\/v2\/categories?post=954891"},{"taxonomy":"post_tag","embeddable":true,"href":"https:\/\/www.eldigitaldeasturias.com\/noticias\/wp-json\/wp\/v2\/tags?post=954891"}],"curies":[{"name":"wp","href":"https:\/\/api.w.org\/{rel}","templated":true}]}}