{"id":954888,"date":"2017-10-04T20:09:01","date_gmt":"2017-10-04T20:09:01","guid":{"rendered":"http:\/\/www.eldigitaldeasturias.com\/noticias\/?p=954888"},"modified":"2017-10-04T20:09:01","modified_gmt":"2017-10-04T20:09:01","slug":"gonzalez-pons-espana-esta-en-el-peor-momento-historico-que-recuerdo","status":"publish","type":"post","link":"https:\/\/www.eldigitaldeasturias.com\/noticias\/gonzalez-pons-espana-esta-en-el-peor-momento-historico-que-recuerdo\/","title":{"rendered":"Gonz\u00e1lez Pons: \u201cEspa\u00f1a est\u00e1 en el peor momento hist\u00f3rico que recuerdo\u00bb"},"content":{"rendered":"<p><img loading=\"lazy\" decoding=\"async\" class=\"alignleft size-medium wp-image-954889\" src=\"https:\/\/www.eldigitaldeasturias.com\/noticias\/wp-content\/uploads\/2017\/10\/10490559904-360x163.jpg\" alt=\"\" width=\"360\" height=\"163\" \/>El portavoz del PP y vicepresidente primero del Grupo PPE en el Parlamento Europeo, Esteban Gonz\u00e1lez Pons, ha sido entrevistado esta ma\u00f1ana en el programa radiof\u00f3nico \u201cLas Ma\u00f1anas\u201d de RNE.<\/p>\n<p>Informado de que la Audiencia Nacional cita a declarar como investigado al Mayor de los Mossos por un presunto delito de sedici\u00f3n, Pons no ha querido valorar la decisi\u00f3n judicial a pesar de decir no extra\u00f1arle la noticia, aunque afirma que \u201cla ley tiene su camino y el camino de la ley no tiene que ver con la pol\u00edtica\u201d.<\/p>\n<p>Adem\u00e1s, Esteban Gonz\u00e1lez Pons ha querido valorar el discurso del Rey de anoche, defendiendo su posici\u00f3n actual y \u201clas cosas muy obvias que, por alguna raz\u00f3n, se estaban olvidando\u201d. Seg\u00fan Pons, el Rey \u201cdijo verdades en medio del mar de mentiras en el que nos hace navegar el actual Gobierno de la Generalitat\u201d.<\/p>\n<p>Respecto a la celebraci\u00f3n del pleno de hoy en Estrasburgo, el portavoz y vicepresidente popular en Europa espera que se clarifiquen las posiciones aunque ser\u00e1 un debate sobre Espa\u00f1a sin espa\u00f1oles, donde solo intervendr\u00e1n extranjeros. Explica que se dejar\u00e1n claras las posiciones de la Comisi\u00f3n Europea y el Parlamento respecto a la crisis con Catalu\u00f1a. Sin embargo, y pese al apoyo de todo el bloque europe\u00edsta, Pons lamenta tener que ver a toda la extrema derecha e izquierda atacar a Espa\u00f1a, la Constituci\u00f3n y atacar al Rey. \u201cVa a ser clarificador\u201d, ha asegurado.<\/p>\n<p>De esta forma, asegura que en este momento en Europa hay una corriente nacional populista que puede ser de extrema izquierda o de extrema derecha que \u201csolo busca la destrucci\u00f3n de los estados europeos y la vuelta a un nacionalismo\u201d.<\/p>\n<p>Preguntado por si cree que finalmente todo girar\u00e1 en torno a las im\u00e1genes de la polic\u00eda del domingo, el dirigente popular en Europa, opina que a nadie le gustaron esas im\u00e1genes pero tampoco las posteriores en las que se ve\u00eda c\u00f3mo iban contra la Polic\u00eda y Guardia Civil. Subraya que la UE deber\u00eda estar preocupada ante una posible \u201cDUI\u201d ya que puede ser el inicio de un \u201creguero de p\u00f3lvora\u201d que viaje \u201cdel Tirol hasta Rumania, por no citar otros muchos grandes estados\u201d.<\/p>\n","protected":false},"excerpt":{"rendered":"<p>El portavoz del PP y vicepresidente primero del Grupo PPE en el Parlamento Europeo, Esteban Gonz\u00e1lez Pons, ha sido entrevistado esta ma\u00f1ana en el programa radiof\u00f3nico \u201cLas Ma\u00f1anas\u201d de RNE. Informado de que la Audiencia Nacional cita a declarar como investigado al Mayor de los Mossos por un presunto delito de sedici\u00f3n, Pons no ha [&hellip;]<\/p>\n","protected":false},"author":1,"featured_media":954889,"comment_status":"closed","ping_status":"closed","sticky":false,"template":"","format":"standard","meta":{"footnotes":""},"categories":[1],"tags":[],"class_list":["post-954888","post","type-post","status-publish","format-standard","has-post-thumbnail","hentry","category-actualidad"],"aioseo_notices":[],"aioseo_head":"\n\t\t<!-- All in One SEO Pro 5.0.1 - aioseo.com -->\n\t<meta name=\"description\" content=\"El portavoz del PP y vicepresidente primero del Grupo PPE en el Parlamento Europeo, Esteban Gonz\u00e1lez Pons, ha sido entrevistado esta ma\u00f1ana en el programa radiof\u00f3nico \u201cLas Ma\u00f1anas\u201d de RNE. Informado de que la Audiencia Nacional cita a declarar como investigado al Mayor de los Mossos por un presunto delito de sedici\u00f3n, Pons no ha\" \/>\n\t<meta name=\"robots\" content=\"max-image-preview:large\" \/>\n\t<meta name=\"author\" content=\"El Digital de Asturias\"\/>\n\t<meta name=\"google-site-verification\" content=\"UA-38556648-1\" \/>\n\t<meta name=\"msvalidate.01\" content=\"7dfe9f3f1b24437ab69f4f2559babe99\" \/>\n\t<meta name=\"keywords\" content=\"actualidad\" \/>\n\t<link rel=\"canonical\" href=\"https:\/\/www.eldigitaldeasturias.com\/noticias\/gonzalez-pons-espana-esta-en-el-peor-momento-historico-que-recuerdo\/\" \/>\n\t<meta name=\"generator\" content=\"All in One SEO Pro (AIOSEO) 5.0.1\" \/>\n\t\t<meta property=\"og:locale\" content=\"es_ES\" \/>\n\t\t<meta property=\"og:site_name\" content=\"El Digital de Asturias\" \/>\n\t\t<meta property=\"og:type\" content=\"article\" \/>\n\t\t<meta property=\"og:title\" content=\"Gonz\u00e1lez Pons: \u201cEspa\u00f1a est\u00e1 en el peor momento hist\u00f3rico que recuerdo\u00bb - El Digital de Asturias\" \/>\n\t\t<meta property=\"og:description\" content=\"El portavoz del PP y vicepresidente primero del Grupo PPE en el Parlamento Europeo, Esteban Gonz\u00e1lez Pons, ha sido entrevistado esta ma\u00f1ana en el programa radiof\u00f3nico \u201cLas Ma\u00f1anas\u201d de RNE. Informado de que la Audiencia Nacional cita a declarar como investigado al Mayor de los Mossos por un presunto delito de sedici\u00f3n, Pons no ha\" \/>\n\t\t<meta property=\"og:url\" content=\"https:\/\/www.eldigitaldeasturias.com\/noticias\/gonzalez-pons-espana-esta-en-el-peor-momento-historico-que-recuerdo\/\" \/>\n\t\t<meta property=\"article:tag\" content=\"actualidad\" \/>\n\t\t<meta property=\"article:published_time\" content=\"2017-10-04T20:09:01+00:00\" \/>\n\t\t<meta property=\"article:modified_time\" content=\"2017-10-04T20:09:01+00:00\" \/>\n\t\t<meta property=\"article:publisher\" content=\"https:\/\/facebook.com\/eldigitaldeasturias\" \/>\n\t\t<meta name=\"twitter:card\" content=\"summary_large_image\" \/>\n\t\t<meta name=\"twitter:title\" content=\"Gonz\u00e1lez Pons: \u201cEspa\u00f1a est\u00e1 en el peor momento hist\u00f3rico que recuerdo\u00bb - El Digital de Asturias\" \/>\n\t\t<meta name=\"twitter:description\" content=\"El portavoz del PP y vicepresidente primero del Grupo PPE en el Parlamento Europeo, Esteban Gonz\u00e1lez Pons, ha sido entrevistado esta ma\u00f1ana en el programa radiof\u00f3nico \u201cLas Ma\u00f1anas\u201d de RNE. Informado de que la Audiencia Nacional cita a declarar como investigado al Mayor de los Mossos por un presunto delito de sedici\u00f3n, Pons no ha\" \/>\n\t\t<meta name=\"twitter:image\" content=\"https:\/\/www.eldigitaldeasturias.com\/noticias\/wp-content\/uploads\/2020\/12\/EDA-1.jpg\" \/>\n\t\t<meta name=\"twitter:label1\" content=\"Escrito por\" \/>\n\t\t<meta name=\"twitter:data1\" content=\"El Digital de Asturias\" \/>\n\t\t<meta name=\"twitter:label2\" content=\"Tiempo de lectura estimado\" \/>\n\t\t<meta name=\"twitter:data2\" content=\"2 minutos\" \/>\n\t\t<script type=\"application\/ld+json\" class=\"aioseo-schema\">\n\t\t\t{\"@context\":\"https:\\\/\\\/schema.org\",\"@graph\":[{\"@type\":\"BlogPosting\",\"@id\":\"https:\\\/\\\/www.eldigitaldeasturias.com\\\/noticias\\\/gonzalez-pons-espana-esta-en-el-peor-momento-historico-que-recuerdo\\\/#blogposting\",\"name\":\"Gonz\\u00e1lez Pons: \\u201cEspa\\u00f1a est\\u00e1 en el peor momento hist\\u00f3rico que recuerdo\\u00bb - El Digital de Asturias\",\"headline\":\"Gonz\\u00e1lez Pons: \\u201cEspa\\u00f1a est\\u00e1 en el peor momento hist\\u00f3rico que recuerdo\\u00bb\",\"author\":{\"@id\":\"https:\\\/\\\/www.eldigitaldeasturias.com\\\/noticias\\\/author\\\/admin\\\/#author\"},\"publisher\":{\"@id\":\"https:\\\/\\\/www.eldigitaldeasturias.com\\\/noticias\\\/#organization\"},\"image\":{\"@type\":\"ImageObject\",\"url\":954889},\"datePublished\":\"2017-10-04T20:09:01+02:00\",\"dateModified\":\"2017-10-04T20:09:01+02:00\",\"inLanguage\":\"es-ES\",\"mainEntityOfPage\":{\"@id\":\"https:\\\/\\\/www.eldigitaldeasturias.com\\\/noticias\\\/gonzalez-pons-espana-esta-en-el-peor-momento-historico-que-recuerdo\\\/#webpage\"},\"isPartOf\":{\"@id\":\"https:\\\/\\\/www.eldigitaldeasturias.com\\\/noticias\\\/gonzalez-pons-espana-esta-en-el-peor-momento-historico-que-recuerdo\\\/#webpage\"},\"articleSection\":\"Actualidad\"},{\"@type\":\"BreadcrumbList\",\"@id\":\"https:\\\/\\\/www.eldigitaldeasturias.com\\\/noticias\\\/gonzalez-pons-espana-esta-en-el-peor-momento-historico-que-recuerdo\\\/#breadcrumblist\",\"itemListElement\":[{\"@type\":\"ListItem\",\"@id\":\"https:\\\/\\\/www.eldigitaldeasturias.com\\\/noticias#listItem\",\"position\":1,\"name\":\"Home\",\"item\":\"https:\\\/\\\/www.eldigitaldeasturias.com\\\/noticias\",\"nextItem\":{\"@type\":\"ListItem\",\"@id\":\"https:\\\/\\\/www.eldigitaldeasturias.com\\\/noticias\\\/category\\\/actualidad\\\/#listItem\",\"name\":\"Actualidad\"}},{\"@type\":\"ListItem\",\"@id\":\"https:\\\/\\\/www.eldigitaldeasturias.com\\\/noticias\\\/category\\\/actualidad\\\/#listItem\",\"position\":2,\"name\":\"Actualidad\",\"item\":\"https:\\\/\\\/www.eldigitaldeasturias.com\\\/noticias\\\/category\\\/actualidad\\\/\",\"nextItem\":{\"@type\":\"ListItem\",\"@id\":\"https:\\\/\\\/www.eldigitaldeasturias.com\\\/noticias\\\/gonzalez-pons-espana-esta-en-el-peor-momento-historico-que-recuerdo\\\/#listItem\",\"name\":\"Gonz\\u00e1lez Pons: \\u201cEspa\\u00f1a est\\u00e1 en el peor momento hist\\u00f3rico que recuerdo\\u00bb\"},\"previousItem\":{\"@type\":\"ListItem\",\"@id\":\"https:\\\/\\\/www.eldigitaldeasturias.com\\\/noticias#listItem\",\"name\":\"Home\"}},{\"@type\":\"ListItem\",\"@id\":\"https:\\\/\\\/www.eldigitaldeasturias.com\\\/noticias\\\/gonzalez-pons-espana-esta-en-el-peor-momento-historico-que-recuerdo\\\/#listItem\",\"position\":3,\"name\":\"Gonz\\u00e1lez Pons: \\u201cEspa\\u00f1a est\\u00e1 en el peor momento hist\\u00f3rico que recuerdo\\u00bb\",\"previousItem\":{\"@type\":\"ListItem\",\"@id\":\"https:\\\/\\\/www.eldigitaldeasturias.com\\\/noticias\\\/category\\\/actualidad\\\/#listItem\",\"name\":\"Actualidad\"}}]},{\"@type\":\"Organization\",\"@id\":\"https:\\\/\\\/www.eldigitaldeasturias.com\\\/noticias\\\/#organization\",\"name\":\"El Digital de Asturias\",\"description\":\"Hemeroteca\",\"url\":\"https:\\\/\\\/www.eldigitaldeasturias.com\\\/noticias\\\/\",\"email\":\"info@eldigitaldeasturias.com\",\"telephone\":\"+34652131393\",\"logo\":{\"@type\":\"ImageObject\",\"url\":\"https:\\\/\\\/www.eldigitaldeasturias.com\\\/noticias\\\/wp-content\\\/uploads\\\/2020\\\/12\\\/EDA.jpg\",\"@id\":\"https:\\\/\\\/www.eldigitaldeasturias.com\\\/noticias\\\/gonzalez-pons-espana-esta-en-el-peor-momento-historico-que-recuerdo\\\/#organizationLogo\"},\"image\":{\"@id\":\"https:\\\/\\\/www.eldigitaldeasturias.com\\\/noticias\\\/gonzalez-pons-espana-esta-en-el-peor-momento-historico-que-recuerdo\\\/#organizationLogo\"},\"sameAs\":[\"https:\\\/\\\/facebook.com\\\/eldigitaldeasturias\",\"https:\\\/\\\/www.youtube.com\\\/channel\\\/UCZP-2wLEB9Rv6erhFmqVnvg\"],\"address\":{\"@id\":\"https:\\\/\\\/www.eldigitaldeasturias.com\\\/noticias\\\/#postaladdress\",\"@type\":\"PostalAddress\",\"streetAddress\":\"san antonio 4\",\"postalCode\":\"33430\",\"addressLocality\":\"Cand\\u00e1s\",\"addressRegion\":\"Asturias\",\"addressCountry\":\"ES\"}},{\"@type\":\"Person\",\"@id\":\"https:\\\/\\\/www.eldigitaldeasturias.com\\\/noticias\\\/author\\\/admin\\\/#author\",\"url\":\"https:\\\/\\\/www.eldigitaldeasturias.com\\\/noticias\\\/author\\\/admin\\\/\",\"name\":\"El Digital de Asturias\",\"image\":{\"@type\":\"ImageObject\",\"@id\":\"https:\\\/\\\/www.eldigitaldeasturias.com\\\/noticias\\\/gonzalez-pons-espana-esta-en-el-peor-momento-historico-que-recuerdo\\\/#authorImage\",\"url\":\"https:\\\/\\\/secure.gravatar.com\\\/avatar\\\/df2aeffc32bcd13f8d26072ef8a91b623d677766deac7f97ca815868cd41bf5e?s=96&d=mm&r=g\",\"width\":96,\"height\":96,\"caption\":\"El Digital de Asturias\"}},{\"@type\":\"WebPage\",\"@id\":\"https:\\\/\\\/www.eldigitaldeasturias.com\\\/noticias\\\/gonzalez-pons-espana-esta-en-el-peor-momento-historico-que-recuerdo\\\/#webpage\",\"url\":\"https:\\\/\\\/www.eldigitaldeasturias.com\\\/noticias\\\/gonzalez-pons-espana-esta-en-el-peor-momento-historico-que-recuerdo\\\/\",\"name\":\"Gonz\\u00e1lez Pons: \\u201cEspa\\u00f1a est\\u00e1 en el peor momento hist\\u00f3rico que recuerdo\\u00bb - El Digital de Asturias\",\"description\":\"El portavoz del PP y vicepresidente primero del Grupo PPE en el Parlamento Europeo, Esteban Gonz\\u00e1lez Pons, ha sido entrevistado esta ma\\u00f1ana en el programa radiof\\u00f3nico \\u201cLas Ma\\u00f1anas\\u201d de RNE. Informado de que la Audiencia Nacional cita a declarar como investigado al Mayor de los Mossos por un presunto delito de sedici\\u00f3n, Pons no ha\",\"inLanguage\":\"es-ES\",\"isPartOf\":{\"@id\":\"https:\\\/\\\/www.eldigitaldeasturias.com\\\/noticias\\\/#website\"},\"breadcrumb\":{\"@id\":\"https:\\\/\\\/www.eldigitaldeasturias.com\\\/noticias\\\/gonzalez-pons-espana-esta-en-el-peor-momento-historico-que-recuerdo\\\/#breadcrumblist\"},\"author\":{\"@id\":\"https:\\\/\\\/www.eldigitaldeasturias.com\\\/noticias\\\/author\\\/admin\\\/#author\"},\"creator\":{\"@id\":\"https:\\\/\\\/www.eldigitaldeasturias.com\\\/noticias\\\/author\\\/admin\\\/#author\"},\"image\":{\"@type\":\"ImageObject\",\"url\":954889,\"@id\":\"https:\\\/\\\/www.eldigitaldeasturias.com\\\/noticias\\\/gonzalez-pons-espana-esta-en-el-peor-momento-historico-que-recuerdo\\\/#mainImage\"},\"primaryImageOfPage\":{\"@id\":\"https:\\\/\\\/www.eldigitaldeasturias.com\\\/noticias\\\/gonzalez-pons-espana-esta-en-el-peor-momento-historico-que-recuerdo\\\/#mainImage\"},\"datePublished\":\"2017-10-04T20:09:01+02:00\",\"dateModified\":\"2017-10-04T20:09:01+02:00\"},{\"@type\":\"WebSite\",\"@id\":\"https:\\\/\\\/www.eldigitaldeasturias.com\\\/noticias\\\/#website\",\"url\":\"https:\\\/\\\/www.eldigitaldeasturias.com\\\/noticias\\\/\",\"name\":\"El Digital de Asturias - Diario de actualidad y noticias\",\"alternateName\":\"El Digital de Asturias - Diario de actualidad y noticias\",\"description\":\"Hemeroteca\",\"inLanguage\":\"es-ES\",\"publisher\":{\"@id\":\"https:\\\/\\\/www.eldigitaldeasturias.com\\\/noticias\\\/#organization\"}}]}\n\t\t<\/script>\n\t\t<!-- All in One SEO Pro -->\r\n\t\t<title>Gonz\u00e1lez Pons: \u201cEspa\u00f1a est\u00e1 en el peor momento hist\u00f3rico que recuerdo\u00bb - El Digital de Asturias<\/title>\n\n","aioseo_head_json":{"title":"Gonz\u00e1lez Pons: \u201cEspa\u00f1a est\u00e1 en el peor momento hist\u00f3rico que recuerdo\u00bb - El Digital de Asturias","description":"El portavoz del PP y vicepresidente primero del Grupo PPE en el Parlamento Europeo, Esteban Gonz\u00e1lez Pons, ha sido entrevistado esta ma\u00f1ana en el programa radiof\u00f3nico \u201cLas Ma\u00f1anas\u201d de RNE. Informado de que la Audiencia Nacional cita a declarar como investigado al Mayor de los Mossos por un presunto delito de sedici\u00f3n, Pons no ha","canonical_url":"https:\/\/www.eldigitaldeasturias.com\/noticias\/gonzalez-pons-espana-esta-en-el-peor-momento-historico-que-recuerdo\/","robots":"max-image-preview:large","keywords":"actualidad","webmasterTools":{"google-site-verification":"UA-38556648-1","msvalidate.01":"7dfe9f3f1b24437ab69f4f2559babe99","miscellaneous":""},"schema":{"@context":"https:\/\/schema.org","@graph":[{"@type":"BlogPosting","@id":"https:\/\/www.eldigitaldeasturias.com\/noticias\/gonzalez-pons-espana-esta-en-el-peor-momento-historico-que-recuerdo\/#blogposting","name":"Gonz\u00e1lez Pons: \u201cEspa\u00f1a est\u00e1 en el peor momento hist\u00f3rico que recuerdo\u00bb - El Digital de Asturias","headline":"Gonz\u00e1lez Pons: \u201cEspa\u00f1a est\u00e1 en el peor momento hist\u00f3rico que recuerdo\u00bb","author":{"@id":"https:\/\/www.eldigitaldeasturias.com\/noticias\/author\/admin\/#author"},"publisher":{"@id":"https:\/\/www.eldigitaldeasturias.com\/noticias\/#organization"},"image":{"@type":"ImageObject","url":954889},"datePublished":"2017-10-04T20:09:01+02:00","dateModified":"2017-10-04T20:09:01+02:00","inLanguage":"es-ES","mainEntityOfPage":{"@id":"https:\/\/www.eldigitaldeasturias.com\/noticias\/gonzalez-pons-espana-esta-en-el-peor-momento-historico-que-recuerdo\/#webpage"},"isPartOf":{"@id":"https:\/\/www.eldigitaldeasturias.com\/noticias\/gonzalez-pons-espana-esta-en-el-peor-momento-historico-que-recuerdo\/#webpage"},"articleSection":"Actualidad"},{"@type":"BreadcrumbList","@id":"https:\/\/www.eldigitaldeasturias.com\/noticias\/gonzalez-pons-espana-esta-en-el-peor-momento-historico-que-recuerdo\/#breadcrumblist","itemListElement":[{"@type":"ListItem","@id":"https:\/\/www.eldigitaldeasturias.com\/noticias#listItem","position":1,"name":"Home","item":"https:\/\/www.eldigitaldeasturias.com\/noticias","nextItem":{"@type":"ListItem","@id":"https:\/\/www.eldigitaldeasturias.com\/noticias\/category\/actualidad\/#listItem","name":"Actualidad"}},{"@type":"ListItem","@id":"https:\/\/www.eldigitaldeasturias.com\/noticias\/category\/actualidad\/#listItem","position":2,"name":"Actualidad","item":"https:\/\/www.eldigitaldeasturias.com\/noticias\/category\/actualidad\/","nextItem":{"@type":"ListItem","@id":"https:\/\/www.eldigitaldeasturias.com\/noticias\/gonzalez-pons-espana-esta-en-el-peor-momento-historico-que-recuerdo\/#listItem","name":"Gonz\u00e1lez Pons: \u201cEspa\u00f1a est\u00e1 en el peor momento hist\u00f3rico que recuerdo\u00bb"},"previousItem":{"@type":"ListItem","@id":"https:\/\/www.eldigitaldeasturias.com\/noticias#listItem","name":"Home"}},{"@type":"ListItem","@id":"https:\/\/www.eldigitaldeasturias.com\/noticias\/gonzalez-pons-espana-esta-en-el-peor-momento-historico-que-recuerdo\/#listItem","position":3,"name":"Gonz\u00e1lez Pons: \u201cEspa\u00f1a est\u00e1 en el peor momento hist\u00f3rico que recuerdo\u00bb","previousItem":{"@type":"ListItem","@id":"https:\/\/www.eldigitaldeasturias.com\/noticias\/category\/actualidad\/#listItem","name":"Actualidad"}}]},{"@type":"Organization","@id":"https:\/\/www.eldigitaldeasturias.com\/noticias\/#organization","name":"El Digital de Asturias","description":"Hemeroteca","url":"https:\/\/www.eldigitaldeasturias.com\/noticias\/","email":"info@eldigitaldeasturias.com","telephone":"+34652131393","logo":{"@type":"ImageObject","url":"https:\/\/www.eldigitaldeasturias.com\/noticias\/wp-content\/uploads\/2020\/12\/EDA.jpg","@id":"https:\/\/www.eldigitaldeasturias.com\/noticias\/gonzalez-pons-espana-esta-en-el-peor-momento-historico-que-recuerdo\/#organizationLogo"},"image":{"@id":"https:\/\/www.eldigitaldeasturias.com\/noticias\/gonzalez-pons-espana-esta-en-el-peor-momento-historico-que-recuerdo\/#organizationLogo"},"sameAs":["https:\/\/facebook.com\/eldigitaldeasturias","https:\/\/www.youtube.com\/channel\/UCZP-2wLEB9Rv6erhFmqVnvg"],"address":{"@id":"https:\/\/www.eldigitaldeasturias.com\/noticias\/#postaladdress","@type":"PostalAddress","streetAddress":"san antonio 4","postalCode":"33430","addressLocality":"Cand\u00e1s","addressRegion":"Asturias","addressCountry":"ES"}},{"@type":"Person","@id":"https:\/\/www.eldigitaldeasturias.com\/noticias\/author\/admin\/#author","url":"https:\/\/www.eldigitaldeasturias.com\/noticias\/author\/admin\/","name":"El Digital de Asturias","image":{"@type":"ImageObject","@id":"https:\/\/www.eldigitaldeasturias.com\/noticias\/gonzalez-pons-espana-esta-en-el-peor-momento-historico-que-recuerdo\/#authorImage","url":"https:\/\/secure.gravatar.com\/avatar\/df2aeffc32bcd13f8d26072ef8a91b623d677766deac7f97ca815868cd41bf5e?s=96&d=mm&r=g","width":96,"height":96,"caption":"El Digital de Asturias"}},{"@type":"WebPage","@id":"https:\/\/www.eldigitaldeasturias.com\/noticias\/gonzalez-pons-espana-esta-en-el-peor-momento-historico-que-recuerdo\/#webpage","url":"https:\/\/www.eldigitaldeasturias.com\/noticias\/gonzalez-pons-espana-esta-en-el-peor-momento-historico-que-recuerdo\/","name":"Gonz\u00e1lez Pons: \u201cEspa\u00f1a est\u00e1 en el peor momento hist\u00f3rico que recuerdo\u00bb - El Digital de Asturias","description":"El portavoz del PP y vicepresidente primero del Grupo PPE en el Parlamento Europeo, Esteban Gonz\u00e1lez Pons, ha sido entrevistado esta ma\u00f1ana en el programa radiof\u00f3nico \u201cLas Ma\u00f1anas\u201d de RNE. Informado de que la Audiencia Nacional cita a declarar como investigado al Mayor de los Mossos por un presunto delito de sedici\u00f3n, Pons no ha","inLanguage":"es-ES","isPartOf":{"@id":"https:\/\/www.eldigitaldeasturias.com\/noticias\/#website"},"breadcrumb":{"@id":"https:\/\/www.eldigitaldeasturias.com\/noticias\/gonzalez-pons-espana-esta-en-el-peor-momento-historico-que-recuerdo\/#breadcrumblist"},"author":{"@id":"https:\/\/www.eldigitaldeasturias.com\/noticias\/author\/admin\/#author"},"creator":{"@id":"https:\/\/www.eldigitaldeasturias.com\/noticias\/author\/admin\/#author"},"image":{"@type":"ImageObject","url":954889,"@id":"https:\/\/www.eldigitaldeasturias.com\/noticias\/gonzalez-pons-espana-esta-en-el-peor-momento-historico-que-recuerdo\/#mainImage"},"primaryImageOfPage":{"@id":"https:\/\/www.eldigitaldeasturias.com\/noticias\/gonzalez-pons-espana-esta-en-el-peor-momento-historico-que-recuerdo\/#mainImage"},"datePublished":"2017-10-04T20:09:01+02:00","dateModified":"2017-10-04T20:09:01+02:00"},{"@type":"WebSite","@id":"https:\/\/www.eldigitaldeasturias.com\/noticias\/#website","url":"https:\/\/www.eldigitaldeasturias.com\/noticias\/","name":"El Digital de Asturias - Diario de actualidad y noticias","alternateName":"El Digital de Asturias - Diario de actualidad y noticias","description":"Hemeroteca","inLanguage":"es-ES","publisher":{"@id":"https:\/\/www.eldigitaldeasturias.com\/noticias\/#organization"}}]},"og:locale":"es_ES","og:site_name":"El Digital de Asturias","og:type":"article","og:title":"Gonz\u00e1lez Pons: \u201cEspa\u00f1a est\u00e1 en el peor momento hist\u00f3rico que recuerdo\u00bb - El Digital de Asturias","og:description":"El portavoz del PP y vicepresidente primero del Grupo PPE en el Parlamento Europeo, Esteban Gonz\u00e1lez Pons, ha sido entrevistado esta ma\u00f1ana en el programa radiof\u00f3nico \u201cLas Ma\u00f1anas\u201d de RNE. Informado de que la Audiencia Nacional cita a declarar como investigado al Mayor de los Mossos por un presunto delito de sedici\u00f3n, Pons no ha","og:url":"https:\/\/www.eldigitaldeasturias.com\/noticias\/gonzalez-pons-espana-esta-en-el-peor-momento-historico-que-recuerdo\/","article:tag":["actualidad"],"article:published_time":"2017-10-04T20:09:01+00:00","article:modified_time":"2017-10-04T20:09:01+00:00","article:publisher":"https:\/\/facebook.com\/eldigitaldeasturias","twitter:card":"summary_large_image","twitter:title":"Gonz\u00e1lez Pons: \u201cEspa\u00f1a est\u00e1 en el peor momento hist\u00f3rico que recuerdo\u00bb - El Digital de Asturias","twitter:description":"El portavoz del PP y vicepresidente primero del Grupo PPE en el Parlamento Europeo, Esteban Gonz\u00e1lez Pons, ha sido entrevistado esta ma\u00f1ana en el programa radiof\u00f3nico \u201cLas Ma\u00f1anas\u201d de RNE. Informado de que la Audiencia Nacional cita a declarar como investigado al Mayor de los Mossos por un presunto delito de sedici\u00f3n, Pons no ha","twitter:image":"https:\/\/www.eldigitaldeasturias.com\/noticias\/wp-content\/uploads\/2020\/12\/EDA-1.jpg","twitter:label1":"Escrito por","twitter:data1":"El Digital de Asturias","twitter:label2":"Tiempo de lectura estimado","twitter:data2":"2 minutos"},"aioseo_meta_data":{"post_id":"954888","title":null,"description":null,"keywords":null,"keyphrases":null,"primary_term":null,"canonical_url":null,"og_title":null,"og_description":null,"og_object_type":"default","og_image_type":"default","og_image_url":null,"og_image_width":null,"og_image_height":null,"og_image_custom_url":null,"og_image_custom_fields":null,"og_video":null,"og_custom_url":null,"og_article_section":null,"og_article_tags":null,"twitter_use_og":false,"twitter_card":"default","twitter_image_type":"default","twitter_image_url":null,"twitter_image_custom_url":null,"twitter_image_custom_fields":null,"twitter_title":null,"twitter_description":null,"schema":{"blockGraphs":[],"customGraphs":[],"default":{"data":{"Article":[],"Course":[],"Dataset":[],"FAQPage":[],"Movie":[],"Person":[],"Product":[],"ProductReview":[],"Car":[],"Recipe":[],"Service":[],"SoftwareApplication":[],"WebPage":[]},"graphName":"","isEnabled":true},"graphs":[],"defaultGraph":"","defaultPostTypeGraph":""},"schema_type":null,"schema_type_options":null,"pillar_content":false,"robots_default":true,"robots_noindex":false,"robots_noarchive":false,"robots_nosnippet":false,"robots_nofollow":false,"robots_noimageindex":false,"robots_noodp":false,"robots_notranslate":false,"robots_max_snippet":null,"robots_max_videopreview":null,"robots_max_imagepreview":"large","priority":null,"frequency":null,"local_seo":null,"seo_analyzer_scan_date":"2025-12-06 07:58:10","breadcrumb_settings":null,"limit_modified_date":false,"open_ai":null,"ai":null,"created":"2020-12-21 12:56:39","updated":"2025-12-06 07:58:10","focus_keyword":null,"additional_keywords":null,"truseo_locale":null},"aioseo_breadcrumb":"<div class=\"aioseo-breadcrumbs\"><span class=\"aioseo-breadcrumb\">\n\t<a href=\"https:\/\/www.eldigitaldeasturias.com\/noticias\" title=\"Home\">Home<\/a>\n<\/span><span class=\"aioseo-breadcrumb-separator\">\u2013<\/span><span class=\"aioseo-breadcrumb\">\n\t<a href=\"https:\/\/www.eldigitaldeasturias.com\/noticias\/category\/actualidad\/\" title=\"Actualidad\">Actualidad<\/a>\n<\/span><span class=\"aioseo-breadcrumb-separator\">\u2013<\/span><span class=\"aioseo-breadcrumb\">\n\t<a href=\"https:\/\/www.eldigitaldeasturias.com\/noticias\/gonzalez-pons-espana-esta-en-el-peor-momento-historico-que-recuerdo\/\" title=\"Gonz\u00e1lez Pons: \u201cEspa\u00f1a est\u00e1 en el peor momento hist\u00f3rico que recuerdo\u00bb\">Gonz\u00e1lez Pons: \u201cEspa\u00f1a est\u00e1 en el peor momento hist\u00f3rico que recuerdo\u00bb<\/a>\n<\/span><\/div>","aioseo_breadcrumb_json":[{"label":"Home","link":"https:\/\/www.eldigitaldeasturias.com\/noticias"},{"label":"Actualidad","link":"https:\/\/www.eldigitaldeasturias.com\/noticias\/category\/actualidad\/"},{"label":"Gonz\u00e1lez Pons: \u201cEspa\u00f1a est\u00e1 en el peor momento hist\u00f3rico que recuerdo\u00bb","link":"https:\/\/www.eldigitaldeasturias.com\/noticias\/gonzalez-pons-espana-esta-en-el-peor-momento-historico-que-recuerdo\/"}],"_links":{"self":[{"href":"https:\/\/www.eldigitaldeasturias.com\/noticias\/wp-json\/wp\/v2\/posts\/954888","targetHints":{"allow":["GET"]}}],"collection":[{"href":"https:\/\/www.eldigitaldeasturias.com\/noticias\/wp-json\/wp\/v2\/posts"}],"about":[{"href":"https:\/\/www.eldigitaldeasturias.com\/noticias\/wp-json\/wp\/v2\/types\/post"}],"author":[{"embeddable":true,"href":"https:\/\/www.eldigitaldeasturias.com\/noticias\/wp-json\/wp\/v2\/users\/1"}],"replies":[{"embeddable":true,"href":"https:\/\/www.eldigitaldeasturias.com\/noticias\/wp-json\/wp\/v2\/comments?post=954888"}],"version-history":[{"count":0,"href":"https:\/\/www.eldigitaldeasturias.com\/noticias\/wp-json\/wp\/v2\/posts\/954888\/revisions"}],"wp:attachment":[{"href":"https:\/\/www.eldigitaldeasturias.com\/noticias\/wp-json\/wp\/v2\/media?parent=954888"}],"wp:term":[{"taxonomy":"category","embeddable":true,"href":"https:\/\/www.eldigitaldeasturias.com\/noticias\/wp-json\/wp\/v2\/categories?post=954888"},{"taxonomy":"post_tag","embeddable":true,"href":"https:\/\/www.eldigitaldeasturias.com\/noticias\/wp-json\/wp\/v2\/tags?post=954888"}],"curies":[{"name":"wp","href":"https:\/\/api.w.org\/{rel}","templated":true}]}}