{"id":954865,"date":"2017-10-04T19:27:19","date_gmt":"2017-10-04T19:27:19","guid":{"rendered":"http:\/\/www.eldigitaldeasturias.com\/noticias\/?p=954865"},"modified":"2017-10-04T19:27:19","modified_gmt":"2017-10-04T19:27:19","slug":"dia-internacional-para-la-reduccion-del-riesgo-de-desastres","status":"publish","type":"post","link":"https:\/\/www.eldigitaldeasturias.com\/noticias\/dia-internacional-para-la-reduccion-del-riesgo-de-desastres\/","title":{"rendered":"D\u00eda Internacional para la Reducci\u00f3n del Riesgo de Desastres"},"content":{"rendered":"<p><img loading=\"lazy\" decoding=\"async\" class=\"alignleft size-medium wp-image-954866\" src=\"https:\/\/www.eldigitaldeasturias.com\/noticias\/wp-content\/uploads\/2017\/10\/1650692_960_720-360x239.jpg\" alt=\"\" width=\"360\" height=\"239\" \/>El pr\u00f3ximo 13 de octubre se celebra el D\u00eda Internacional para la Reducci\u00f3n del Riesgo de Desastres, que este a\u00f1o lleva como lema \u201cHOME SAFE HOME\u201d \/ HOGARES SEGUROS FRENTE A LAS CATASTROFES\u201d, para tratar de concienciar sobre la necesidad de adoptar medidas preventivas protectoras de los hogares como santuario y lugar seguro para aquellos familias y comunidades que est\u00e1n m\u00e1s expuestas a las cat\u00e1strofes. Seg\u00fan el Centro de Control de los Desplazados Internos (IDMC), el a\u00f1o pasado 24,2 millones de personas se vieron desplazadas por los desastres.<\/p>\n<p>Esta idea recoge la segunda de las siete metas marcadas en el Marco de Sendai 2015-2030, que busca reducir de manera significativa el n\u00famero de personas afectadas a nivel mundial, marc\u00e1ndose como objetivo para la d\u00e9cada 2020-2030 una disminuci\u00f3n del porcentaje de personas afectadas por cada 100.000 habitantes respecto al per\u00edodo 2005-2015.<\/p>\n<p>El enfoque particular de este a\u00f1o implica que un hogar seguro se convierte en el escudo que protege a familias y comunidades de los desplazamientos forzosos, la pobreza y las enfermedades, sirviendo en particular de protecci\u00f3n a las personas m\u00e1s d\u00e9biles: mujeres, ni\u00f1os, discapacitados y ancianos.<\/p>\n<p>Durante este d\u00eda, los diversos actores intervinientes, tanto a nivel internacional como nacional, tratar\u00e1n de poner de manifiesto el apoyo ofrecido a la implementaci\u00f3n del Marco de Sendai para reducir el riesgo de exposici\u00f3n a cat\u00e1strofes, evitando as\u00ed los desplazamientos forzosos derivados de la p\u00e9rdida del hogar familiar tras una cat\u00e1strofe; para sensibilizar sobre las circunstancias de g\u00e9nero, reforzando el empoderamiento y liderazgo de la mujer en este \u00e1mbito, as\u00ed como para mejorar la salud y las condiciones econ\u00f3micas de las familias en situaci\u00f3n de riesgo.<\/p>\n<p>Naciones Unidas ha lanzado a trav\u00e9s de la plataforma &#8216;Twitter Thunderclap&#8217; una iniciativa para que organizaciones y ciudadanos que quieran mostrar su apoyo a este D\u00eda Internacional para la Reducci\u00f3n de Desastres puedan compartir con sus seguidores de Facebook y Twitter el lema elegido para este a\u00f1o, acompa\u00f1ado de una imagen acorde a la iniciativa.<\/p>\n<blockquote><p><strong><em>Hogares seguros frente a cat\u00e1strofes: Un hogar seguro protege a familias de desplazamientos forzosos, pobreza y enfermedades #IDDR2017<\/em><\/strong><\/p><\/blockquote>\n","protected":false},"excerpt":{"rendered":"<p>El pr\u00f3ximo 13 de octubre se celebra el D\u00eda Internacional para la Reducci\u00f3n del Riesgo de Desastres, que este a\u00f1o lleva como lema \u201cHOME SAFE HOME\u201d \/ HOGARES SEGUROS FRENTE A LAS CATASTROFES\u201d, para tratar de concienciar sobre la necesidad de adoptar medidas preventivas protectoras de los hogares como santuario y lugar seguro para aquellos [&hellip;]<\/p>\n","protected":false},"author":1,"featured_media":954866,"comment_status":"closed","ping_status":"closed","sticky":false,"template":"","format":"standard","meta":{"footnotes":""},"categories":[1],"tags":[],"class_list":["post-954865","post","type-post","status-publish","format-standard","has-post-thumbnail","hentry","category-actualidad"],"aioseo_notices":[],"aioseo_head":"\n\t\t<!-- All in One SEO Pro 5.0.1 - aioseo.com -->\n\t<meta name=\"description\" content=\"El pr\u00f3ximo 13 de octubre se celebra el D\u00eda Internacional para la Reducci\u00f3n del Riesgo de Desastres, que este a\u00f1o lleva como lema \u201cHOME SAFE HOME\u201d \/ HOGARES SEGUROS FRENTE A LAS CATASTROFES\u201d, para tratar de concienciar sobre la necesidad de adoptar medidas preventivas protectoras de los hogares como santuario y lugar seguro para aquellos\" \/>\n\t<meta name=\"robots\" content=\"max-image-preview:large\" \/>\n\t<meta name=\"author\" content=\"El Digital de Asturias\"\/>\n\t<meta name=\"google-site-verification\" content=\"UA-38556648-1\" \/>\n\t<meta name=\"msvalidate.01\" content=\"7dfe9f3f1b24437ab69f4f2559babe99\" \/>\n\t<meta name=\"keywords\" content=\"actualidad\" \/>\n\t<link rel=\"canonical\" href=\"https:\/\/www.eldigitaldeasturias.com\/noticias\/dia-internacional-para-la-reduccion-del-riesgo-de-desastres\/\" \/>\n\t<meta name=\"generator\" content=\"All in One SEO Pro (AIOSEO) 5.0.1\" \/>\n\t\t<meta property=\"og:locale\" content=\"es_ES\" \/>\n\t\t<meta property=\"og:site_name\" content=\"El Digital de Asturias\" \/>\n\t\t<meta property=\"og:type\" content=\"article\" \/>\n\t\t<meta property=\"og:title\" content=\"D\u00eda Internacional para la Reducci\u00f3n del Riesgo de Desastres - El Digital de Asturias\" \/>\n\t\t<meta property=\"og:description\" content=\"El pr\u00f3ximo 13 de octubre se celebra el D\u00eda Internacional para la Reducci\u00f3n del Riesgo de Desastres, que este a\u00f1o lleva como lema \u201cHOME SAFE HOME\u201d \/ HOGARES SEGUROS FRENTE A LAS CATASTROFES\u201d, para tratar de concienciar sobre la necesidad de adoptar medidas preventivas protectoras de los hogares como santuario y lugar seguro para aquellos\" \/>\n\t\t<meta property=\"og:url\" content=\"https:\/\/www.eldigitaldeasturias.com\/noticias\/dia-internacional-para-la-reduccion-del-riesgo-de-desastres\/\" \/>\n\t\t<meta property=\"article:tag\" content=\"actualidad\" \/>\n\t\t<meta property=\"article:published_time\" content=\"2017-10-04T19:27:19+00:00\" \/>\n\t\t<meta property=\"article:modified_time\" content=\"2017-10-04T19:27:19+00:00\" \/>\n\t\t<meta property=\"article:publisher\" content=\"https:\/\/facebook.com\/eldigitaldeasturias\" \/>\n\t\t<meta name=\"twitter:card\" content=\"summary_large_image\" \/>\n\t\t<meta name=\"twitter:title\" content=\"D\u00eda Internacional para la Reducci\u00f3n del Riesgo de Desastres - El Digital de Asturias\" \/>\n\t\t<meta name=\"twitter:description\" content=\"El pr\u00f3ximo 13 de octubre se celebra el D\u00eda Internacional para la Reducci\u00f3n del Riesgo de Desastres, que este a\u00f1o lleva como lema \u201cHOME SAFE HOME\u201d \/ HOGARES SEGUROS FRENTE A LAS CATASTROFES\u201d, para tratar de concienciar sobre la necesidad de adoptar medidas preventivas protectoras de los hogares como santuario y lugar seguro para aquellos\" \/>\n\t\t<meta name=\"twitter:image\" content=\"https:\/\/www.eldigitaldeasturias.com\/noticias\/wp-content\/uploads\/2020\/12\/EDA-1.jpg\" \/>\n\t\t<meta name=\"twitter:label1\" content=\"Escrito por\" \/>\n\t\t<meta name=\"twitter:data1\" content=\"El Digital de Asturias\" \/>\n\t\t<meta name=\"twitter:label2\" content=\"Tiempo de lectura estimado\" \/>\n\t\t<meta name=\"twitter:data2\" content=\"2 minutos\" \/>\n\t\t<script type=\"application\/ld+json\" class=\"aioseo-schema\">\n\t\t\t{\"@context\":\"https:\\\/\\\/schema.org\",\"@graph\":[{\"@type\":\"BlogPosting\",\"@id\":\"https:\\\/\\\/www.eldigitaldeasturias.com\\\/noticias\\\/dia-internacional-para-la-reduccion-del-riesgo-de-desastres\\\/#blogposting\",\"name\":\"D\\u00eda Internacional para la Reducci\\u00f3n del Riesgo de Desastres - El Digital de Asturias\",\"headline\":\"D\\u00eda Internacional para la Reducci\\u00f3n del Riesgo de Desastres\",\"author\":{\"@id\":\"https:\\\/\\\/www.eldigitaldeasturias.com\\\/noticias\\\/author\\\/admin\\\/#author\"},\"publisher\":{\"@id\":\"https:\\\/\\\/www.eldigitaldeasturias.com\\\/noticias\\\/#organization\"},\"image\":{\"@type\":\"ImageObject\",\"url\":954866},\"datePublished\":\"2017-10-04T19:27:19+02:00\",\"dateModified\":\"2017-10-04T19:27:19+02:00\",\"inLanguage\":\"es-ES\",\"mainEntityOfPage\":{\"@id\":\"https:\\\/\\\/www.eldigitaldeasturias.com\\\/noticias\\\/dia-internacional-para-la-reduccion-del-riesgo-de-desastres\\\/#webpage\"},\"isPartOf\":{\"@id\":\"https:\\\/\\\/www.eldigitaldeasturias.com\\\/noticias\\\/dia-internacional-para-la-reduccion-del-riesgo-de-desastres\\\/#webpage\"},\"articleSection\":\"Actualidad\"},{\"@type\":\"BreadcrumbList\",\"@id\":\"https:\\\/\\\/www.eldigitaldeasturias.com\\\/noticias\\\/dia-internacional-para-la-reduccion-del-riesgo-de-desastres\\\/#breadcrumblist\",\"itemListElement\":[{\"@type\":\"ListItem\",\"@id\":\"https:\\\/\\\/www.eldigitaldeasturias.com\\\/noticias#listItem\",\"position\":1,\"name\":\"Home\",\"item\":\"https:\\\/\\\/www.eldigitaldeasturias.com\\\/noticias\",\"nextItem\":{\"@type\":\"ListItem\",\"@id\":\"https:\\\/\\\/www.eldigitaldeasturias.com\\\/noticias\\\/category\\\/actualidad\\\/#listItem\",\"name\":\"Actualidad\"}},{\"@type\":\"ListItem\",\"@id\":\"https:\\\/\\\/www.eldigitaldeasturias.com\\\/noticias\\\/category\\\/actualidad\\\/#listItem\",\"position\":2,\"name\":\"Actualidad\",\"item\":\"https:\\\/\\\/www.eldigitaldeasturias.com\\\/noticias\\\/category\\\/actualidad\\\/\",\"nextItem\":{\"@type\":\"ListItem\",\"@id\":\"https:\\\/\\\/www.eldigitaldeasturias.com\\\/noticias\\\/dia-internacional-para-la-reduccion-del-riesgo-de-desastres\\\/#listItem\",\"name\":\"D\\u00eda Internacional para la Reducci\\u00f3n del Riesgo de Desastres\"},\"previousItem\":{\"@type\":\"ListItem\",\"@id\":\"https:\\\/\\\/www.eldigitaldeasturias.com\\\/noticias#listItem\",\"name\":\"Home\"}},{\"@type\":\"ListItem\",\"@id\":\"https:\\\/\\\/www.eldigitaldeasturias.com\\\/noticias\\\/dia-internacional-para-la-reduccion-del-riesgo-de-desastres\\\/#listItem\",\"position\":3,\"name\":\"D\\u00eda Internacional para la Reducci\\u00f3n del Riesgo de Desastres\",\"previousItem\":{\"@type\":\"ListItem\",\"@id\":\"https:\\\/\\\/www.eldigitaldeasturias.com\\\/noticias\\\/category\\\/actualidad\\\/#listItem\",\"name\":\"Actualidad\"}}]},{\"@type\":\"Organization\",\"@id\":\"https:\\\/\\\/www.eldigitaldeasturias.com\\\/noticias\\\/#organization\",\"name\":\"El Digital de Asturias\",\"description\":\"Hemeroteca\",\"url\":\"https:\\\/\\\/www.eldigitaldeasturias.com\\\/noticias\\\/\",\"email\":\"info@eldigitaldeasturias.com\",\"telephone\":\"+34652131393\",\"logo\":{\"@type\":\"ImageObject\",\"url\":\"https:\\\/\\\/www.eldigitaldeasturias.com\\\/noticias\\\/wp-content\\\/uploads\\\/2020\\\/12\\\/EDA.jpg\",\"@id\":\"https:\\\/\\\/www.eldigitaldeasturias.com\\\/noticias\\\/dia-internacional-para-la-reduccion-del-riesgo-de-desastres\\\/#organizationLogo\"},\"image\":{\"@id\":\"https:\\\/\\\/www.eldigitaldeasturias.com\\\/noticias\\\/dia-internacional-para-la-reduccion-del-riesgo-de-desastres\\\/#organizationLogo\"},\"sameAs\":[\"https:\\\/\\\/facebook.com\\\/eldigitaldeasturias\",\"https:\\\/\\\/www.youtube.com\\\/channel\\\/UCZP-2wLEB9Rv6erhFmqVnvg\"],\"address\":{\"@id\":\"https:\\\/\\\/www.eldigitaldeasturias.com\\\/noticias\\\/#postaladdress\",\"@type\":\"PostalAddress\",\"streetAddress\":\"san antonio 4\",\"postalCode\":\"33430\",\"addressLocality\":\"Cand\\u00e1s\",\"addressRegion\":\"Asturias\",\"addressCountry\":\"ES\"}},{\"@type\":\"Person\",\"@id\":\"https:\\\/\\\/www.eldigitaldeasturias.com\\\/noticias\\\/author\\\/admin\\\/#author\",\"url\":\"https:\\\/\\\/www.eldigitaldeasturias.com\\\/noticias\\\/author\\\/admin\\\/\",\"name\":\"El Digital de Asturias\",\"image\":{\"@type\":\"ImageObject\",\"@id\":\"https:\\\/\\\/www.eldigitaldeasturias.com\\\/noticias\\\/dia-internacional-para-la-reduccion-del-riesgo-de-desastres\\\/#authorImage\",\"url\":\"https:\\\/\\\/secure.gravatar.com\\\/avatar\\\/df2aeffc32bcd13f8d26072ef8a91b623d677766deac7f97ca815868cd41bf5e?s=96&d=mm&r=g\",\"width\":96,\"height\":96,\"caption\":\"El Digital de Asturias\"}},{\"@type\":\"WebPage\",\"@id\":\"https:\\\/\\\/www.eldigitaldeasturias.com\\\/noticias\\\/dia-internacional-para-la-reduccion-del-riesgo-de-desastres\\\/#webpage\",\"url\":\"https:\\\/\\\/www.eldigitaldeasturias.com\\\/noticias\\\/dia-internacional-para-la-reduccion-del-riesgo-de-desastres\\\/\",\"name\":\"D\\u00eda Internacional para la Reducci\\u00f3n del Riesgo de Desastres - El Digital de Asturias\",\"description\":\"El pr\\u00f3ximo 13 de octubre se celebra el D\\u00eda Internacional para la Reducci\\u00f3n del Riesgo de Desastres, que este a\\u00f1o lleva como lema \\u201cHOME SAFE HOME\\u201d \\\/ HOGARES SEGUROS FRENTE A LAS CATASTROFES\\u201d, para tratar de concienciar sobre la necesidad de adoptar medidas preventivas protectoras de los hogares como santuario y lugar seguro para aquellos\",\"inLanguage\":\"es-ES\",\"isPartOf\":{\"@id\":\"https:\\\/\\\/www.eldigitaldeasturias.com\\\/noticias\\\/#website\"},\"breadcrumb\":{\"@id\":\"https:\\\/\\\/www.eldigitaldeasturias.com\\\/noticias\\\/dia-internacional-para-la-reduccion-del-riesgo-de-desastres\\\/#breadcrumblist\"},\"author\":{\"@id\":\"https:\\\/\\\/www.eldigitaldeasturias.com\\\/noticias\\\/author\\\/admin\\\/#author\"},\"creator\":{\"@id\":\"https:\\\/\\\/www.eldigitaldeasturias.com\\\/noticias\\\/author\\\/admin\\\/#author\"},\"image\":{\"@type\":\"ImageObject\",\"url\":954866,\"@id\":\"https:\\\/\\\/www.eldigitaldeasturias.com\\\/noticias\\\/dia-internacional-para-la-reduccion-del-riesgo-de-desastres\\\/#mainImage\"},\"primaryImageOfPage\":{\"@id\":\"https:\\\/\\\/www.eldigitaldeasturias.com\\\/noticias\\\/dia-internacional-para-la-reduccion-del-riesgo-de-desastres\\\/#mainImage\"},\"datePublished\":\"2017-10-04T19:27:19+02:00\",\"dateModified\":\"2017-10-04T19:27:19+02:00\"},{\"@type\":\"WebSite\",\"@id\":\"https:\\\/\\\/www.eldigitaldeasturias.com\\\/noticias\\\/#website\",\"url\":\"https:\\\/\\\/www.eldigitaldeasturias.com\\\/noticias\\\/\",\"name\":\"El Digital de Asturias - Diario de actualidad y noticias\",\"alternateName\":\"El Digital de Asturias - Diario de actualidad y noticias\",\"description\":\"Hemeroteca\",\"inLanguage\":\"es-ES\",\"publisher\":{\"@id\":\"https:\\\/\\\/www.eldigitaldeasturias.com\\\/noticias\\\/#organization\"}}]}\n\t\t<\/script>\n\t\t<!-- All in One SEO Pro -->\r\n\t\t<title>D\u00eda Internacional para la Reducci\u00f3n del Riesgo de Desastres - El Digital de Asturias<\/title>\n\n","aioseo_head_json":{"title":"D\u00eda Internacional para la Reducci\u00f3n del Riesgo de Desastres - El Digital de Asturias","description":"El pr\u00f3ximo 13 de octubre se celebra el D\u00eda Internacional para la Reducci\u00f3n del Riesgo de Desastres, que este a\u00f1o lleva como lema \u201cHOME SAFE HOME\u201d \/ HOGARES SEGUROS FRENTE A LAS CATASTROFES\u201d, para tratar de concienciar sobre la necesidad de adoptar medidas preventivas protectoras de los hogares como santuario y lugar seguro para aquellos","canonical_url":"https:\/\/www.eldigitaldeasturias.com\/noticias\/dia-internacional-para-la-reduccion-del-riesgo-de-desastres\/","robots":"max-image-preview:large","keywords":"actualidad","webmasterTools":{"google-site-verification":"UA-38556648-1","msvalidate.01":"7dfe9f3f1b24437ab69f4f2559babe99","miscellaneous":""},"schema":{"@context":"https:\/\/schema.org","@graph":[{"@type":"BlogPosting","@id":"https:\/\/www.eldigitaldeasturias.com\/noticias\/dia-internacional-para-la-reduccion-del-riesgo-de-desastres\/#blogposting","name":"D\u00eda Internacional para la Reducci\u00f3n del Riesgo de Desastres - El Digital de Asturias","headline":"D\u00eda Internacional para la Reducci\u00f3n del Riesgo de Desastres","author":{"@id":"https:\/\/www.eldigitaldeasturias.com\/noticias\/author\/admin\/#author"},"publisher":{"@id":"https:\/\/www.eldigitaldeasturias.com\/noticias\/#organization"},"image":{"@type":"ImageObject","url":954866},"datePublished":"2017-10-04T19:27:19+02:00","dateModified":"2017-10-04T19:27:19+02:00","inLanguage":"es-ES","mainEntityOfPage":{"@id":"https:\/\/www.eldigitaldeasturias.com\/noticias\/dia-internacional-para-la-reduccion-del-riesgo-de-desastres\/#webpage"},"isPartOf":{"@id":"https:\/\/www.eldigitaldeasturias.com\/noticias\/dia-internacional-para-la-reduccion-del-riesgo-de-desastres\/#webpage"},"articleSection":"Actualidad"},{"@type":"BreadcrumbList","@id":"https:\/\/www.eldigitaldeasturias.com\/noticias\/dia-internacional-para-la-reduccion-del-riesgo-de-desastres\/#breadcrumblist","itemListElement":[{"@type":"ListItem","@id":"https:\/\/www.eldigitaldeasturias.com\/noticias#listItem","position":1,"name":"Home","item":"https:\/\/www.eldigitaldeasturias.com\/noticias","nextItem":{"@type":"ListItem","@id":"https:\/\/www.eldigitaldeasturias.com\/noticias\/category\/actualidad\/#listItem","name":"Actualidad"}},{"@type":"ListItem","@id":"https:\/\/www.eldigitaldeasturias.com\/noticias\/category\/actualidad\/#listItem","position":2,"name":"Actualidad","item":"https:\/\/www.eldigitaldeasturias.com\/noticias\/category\/actualidad\/","nextItem":{"@type":"ListItem","@id":"https:\/\/www.eldigitaldeasturias.com\/noticias\/dia-internacional-para-la-reduccion-del-riesgo-de-desastres\/#listItem","name":"D\u00eda Internacional para la Reducci\u00f3n del Riesgo de Desastres"},"previousItem":{"@type":"ListItem","@id":"https:\/\/www.eldigitaldeasturias.com\/noticias#listItem","name":"Home"}},{"@type":"ListItem","@id":"https:\/\/www.eldigitaldeasturias.com\/noticias\/dia-internacional-para-la-reduccion-del-riesgo-de-desastres\/#listItem","position":3,"name":"D\u00eda Internacional para la Reducci\u00f3n del Riesgo de Desastres","previousItem":{"@type":"ListItem","@id":"https:\/\/www.eldigitaldeasturias.com\/noticias\/category\/actualidad\/#listItem","name":"Actualidad"}}]},{"@type":"Organization","@id":"https:\/\/www.eldigitaldeasturias.com\/noticias\/#organization","name":"El Digital de Asturias","description":"Hemeroteca","url":"https:\/\/www.eldigitaldeasturias.com\/noticias\/","email":"info@eldigitaldeasturias.com","telephone":"+34652131393","logo":{"@type":"ImageObject","url":"https:\/\/www.eldigitaldeasturias.com\/noticias\/wp-content\/uploads\/2020\/12\/EDA.jpg","@id":"https:\/\/www.eldigitaldeasturias.com\/noticias\/dia-internacional-para-la-reduccion-del-riesgo-de-desastres\/#organizationLogo"},"image":{"@id":"https:\/\/www.eldigitaldeasturias.com\/noticias\/dia-internacional-para-la-reduccion-del-riesgo-de-desastres\/#organizationLogo"},"sameAs":["https:\/\/facebook.com\/eldigitaldeasturias","https:\/\/www.youtube.com\/channel\/UCZP-2wLEB9Rv6erhFmqVnvg"],"address":{"@id":"https:\/\/www.eldigitaldeasturias.com\/noticias\/#postaladdress","@type":"PostalAddress","streetAddress":"san antonio 4","postalCode":"33430","addressLocality":"Cand\u00e1s","addressRegion":"Asturias","addressCountry":"ES"}},{"@type":"Person","@id":"https:\/\/www.eldigitaldeasturias.com\/noticias\/author\/admin\/#author","url":"https:\/\/www.eldigitaldeasturias.com\/noticias\/author\/admin\/","name":"El Digital de Asturias","image":{"@type":"ImageObject","@id":"https:\/\/www.eldigitaldeasturias.com\/noticias\/dia-internacional-para-la-reduccion-del-riesgo-de-desastres\/#authorImage","url":"https:\/\/secure.gravatar.com\/avatar\/df2aeffc32bcd13f8d26072ef8a91b623d677766deac7f97ca815868cd41bf5e?s=96&d=mm&r=g","width":96,"height":96,"caption":"El Digital de Asturias"}},{"@type":"WebPage","@id":"https:\/\/www.eldigitaldeasturias.com\/noticias\/dia-internacional-para-la-reduccion-del-riesgo-de-desastres\/#webpage","url":"https:\/\/www.eldigitaldeasturias.com\/noticias\/dia-internacional-para-la-reduccion-del-riesgo-de-desastres\/","name":"D\u00eda Internacional para la Reducci\u00f3n del Riesgo de Desastres - El Digital de Asturias","description":"El pr\u00f3ximo 13 de octubre se celebra el D\u00eda Internacional para la Reducci\u00f3n del Riesgo de Desastres, que este a\u00f1o lleva como lema \u201cHOME SAFE HOME\u201d \/ HOGARES SEGUROS FRENTE A LAS CATASTROFES\u201d, para tratar de concienciar sobre la necesidad de adoptar medidas preventivas protectoras de los hogares como santuario y lugar seguro para aquellos","inLanguage":"es-ES","isPartOf":{"@id":"https:\/\/www.eldigitaldeasturias.com\/noticias\/#website"},"breadcrumb":{"@id":"https:\/\/www.eldigitaldeasturias.com\/noticias\/dia-internacional-para-la-reduccion-del-riesgo-de-desastres\/#breadcrumblist"},"author":{"@id":"https:\/\/www.eldigitaldeasturias.com\/noticias\/author\/admin\/#author"},"creator":{"@id":"https:\/\/www.eldigitaldeasturias.com\/noticias\/author\/admin\/#author"},"image":{"@type":"ImageObject","url":954866,"@id":"https:\/\/www.eldigitaldeasturias.com\/noticias\/dia-internacional-para-la-reduccion-del-riesgo-de-desastres\/#mainImage"},"primaryImageOfPage":{"@id":"https:\/\/www.eldigitaldeasturias.com\/noticias\/dia-internacional-para-la-reduccion-del-riesgo-de-desastres\/#mainImage"},"datePublished":"2017-10-04T19:27:19+02:00","dateModified":"2017-10-04T19:27:19+02:00"},{"@type":"WebSite","@id":"https:\/\/www.eldigitaldeasturias.com\/noticias\/#website","url":"https:\/\/www.eldigitaldeasturias.com\/noticias\/","name":"El Digital de Asturias - Diario de actualidad y noticias","alternateName":"El Digital de Asturias - Diario de actualidad y noticias","description":"Hemeroteca","inLanguage":"es-ES","publisher":{"@id":"https:\/\/www.eldigitaldeasturias.com\/noticias\/#organization"}}]},"og:locale":"es_ES","og:site_name":"El Digital de Asturias","og:type":"article","og:title":"D\u00eda Internacional para la Reducci\u00f3n del Riesgo de Desastres - El Digital de Asturias","og:description":"El pr\u00f3ximo 13 de octubre se celebra el D\u00eda Internacional para la Reducci\u00f3n del Riesgo de Desastres, que este a\u00f1o lleva como lema \u201cHOME SAFE HOME\u201d \/ HOGARES SEGUROS FRENTE A LAS CATASTROFES\u201d, para tratar de concienciar sobre la necesidad de adoptar medidas preventivas protectoras de los hogares como santuario y lugar seguro para aquellos","og:url":"https:\/\/www.eldigitaldeasturias.com\/noticias\/dia-internacional-para-la-reduccion-del-riesgo-de-desastres\/","article:tag":["actualidad"],"article:published_time":"2017-10-04T19:27:19+00:00","article:modified_time":"2017-10-04T19:27:19+00:00","article:publisher":"https:\/\/facebook.com\/eldigitaldeasturias","twitter:card":"summary_large_image","twitter:title":"D\u00eda Internacional para la Reducci\u00f3n del Riesgo de Desastres - El Digital de Asturias","twitter:description":"El pr\u00f3ximo 13 de octubre se celebra el D\u00eda Internacional para la Reducci\u00f3n del Riesgo de Desastres, que este a\u00f1o lleva como lema \u201cHOME SAFE HOME\u201d \/ HOGARES SEGUROS FRENTE A LAS CATASTROFES\u201d, para tratar de concienciar sobre la necesidad de adoptar medidas preventivas protectoras de los hogares como santuario y lugar seguro para aquellos","twitter:image":"https:\/\/www.eldigitaldeasturias.com\/noticias\/wp-content\/uploads\/2020\/12\/EDA-1.jpg","twitter:label1":"Escrito por","twitter:data1":"El Digital de Asturias","twitter:label2":"Tiempo de lectura estimado","twitter:data2":"2 minutos"},"aioseo_meta_data":{"post_id":"954865","title":null,"description":null,"keywords":null,"keyphrases":null,"primary_term":null,"canonical_url":null,"og_title":null,"og_description":null,"og_object_type":"default","og_image_type":"default","og_image_url":null,"og_image_width":null,"og_image_height":null,"og_image_custom_url":null,"og_image_custom_fields":null,"og_video":null,"og_custom_url":null,"og_article_section":null,"og_article_tags":null,"twitter_use_og":false,"twitter_card":"default","twitter_image_type":"default","twitter_image_url":null,"twitter_image_custom_url":null,"twitter_image_custom_fields":null,"twitter_title":null,"twitter_description":null,"schema":{"blockGraphs":[],"customGraphs":[],"default":{"data":{"Article":[],"Course":[],"Dataset":[],"FAQPage":[],"Movie":[],"Person":[],"Product":[],"ProductReview":[],"Car":[],"Recipe":[],"Service":[],"SoftwareApplication":[],"WebPage":[]},"graphName":"","isEnabled":true},"graphs":[],"defaultGraph":"","defaultPostTypeGraph":""},"schema_type":null,"schema_type_options":null,"pillar_content":false,"robots_default":true,"robots_noindex":false,"robots_noarchive":false,"robots_nosnippet":false,"robots_nofollow":false,"robots_noimageindex":false,"robots_noodp":false,"robots_notranslate":false,"robots_max_snippet":null,"robots_max_videopreview":null,"robots_max_imagepreview":"large","priority":null,"frequency":null,"local_seo":null,"seo_analyzer_scan_date":"2025-12-06 07:54:09","breadcrumb_settings":null,"limit_modified_date":false,"open_ai":null,"ai":null,"created":"2020-12-21 12:56:39","updated":"2025-12-06 07:54:09","focus_keyword":null,"additional_keywords":null,"truseo_locale":null},"aioseo_breadcrumb":"<div class=\"aioseo-breadcrumbs\"><span class=\"aioseo-breadcrumb\">\n\t<a href=\"https:\/\/www.eldigitaldeasturias.com\/noticias\" title=\"Home\">Home<\/a>\n<\/span><span class=\"aioseo-breadcrumb-separator\">\u2013<\/span><span class=\"aioseo-breadcrumb\">\n\t<a href=\"https:\/\/www.eldigitaldeasturias.com\/noticias\/category\/actualidad\/\" title=\"Actualidad\">Actualidad<\/a>\n<\/span><span class=\"aioseo-breadcrumb-separator\">\u2013<\/span><span class=\"aioseo-breadcrumb\">\n\t<a href=\"https:\/\/www.eldigitaldeasturias.com\/noticias\/dia-internacional-para-la-reduccion-del-riesgo-de-desastres\/\" title=\"D\u00eda Internacional para la Reducci\u00f3n del Riesgo de Desastres\">D\u00eda Internacional para la Reducci\u00f3n del Riesgo de Desastres<\/a>\n<\/span><\/div>","aioseo_breadcrumb_json":[{"label":"Home","link":"https:\/\/www.eldigitaldeasturias.com\/noticias"},{"label":"Actualidad","link":"https:\/\/www.eldigitaldeasturias.com\/noticias\/category\/actualidad\/"},{"label":"D\u00eda Internacional para la Reducci\u00f3n del Riesgo de Desastres","link":"https:\/\/www.eldigitaldeasturias.com\/noticias\/dia-internacional-para-la-reduccion-del-riesgo-de-desastres\/"}],"_links":{"self":[{"href":"https:\/\/www.eldigitaldeasturias.com\/noticias\/wp-json\/wp\/v2\/posts\/954865","targetHints":{"allow":["GET"]}}],"collection":[{"href":"https:\/\/www.eldigitaldeasturias.com\/noticias\/wp-json\/wp\/v2\/posts"}],"about":[{"href":"https:\/\/www.eldigitaldeasturias.com\/noticias\/wp-json\/wp\/v2\/types\/post"}],"author":[{"embeddable":true,"href":"https:\/\/www.eldigitaldeasturias.com\/noticias\/wp-json\/wp\/v2\/users\/1"}],"replies":[{"embeddable":true,"href":"https:\/\/www.eldigitaldeasturias.com\/noticias\/wp-json\/wp\/v2\/comments?post=954865"}],"version-history":[{"count":0,"href":"https:\/\/www.eldigitaldeasturias.com\/noticias\/wp-json\/wp\/v2\/posts\/954865\/revisions"}],"wp:attachment":[{"href":"https:\/\/www.eldigitaldeasturias.com\/noticias\/wp-json\/wp\/v2\/media?parent=954865"}],"wp:term":[{"taxonomy":"category","embeddable":true,"href":"https:\/\/www.eldigitaldeasturias.com\/noticias\/wp-json\/wp\/v2\/categories?post=954865"},{"taxonomy":"post_tag","embeddable":true,"href":"https:\/\/www.eldigitaldeasturias.com\/noticias\/wp-json\/wp\/v2\/tags?post=954865"}],"curies":[{"name":"wp","href":"https:\/\/api.w.org\/{rel}","templated":true}]}}