{"id":954860,"date":"2017-10-04T19:10:02","date_gmt":"2017-10-04T19:10:02","guid":{"rendered":"http:\/\/www.eldigitaldeasturias.com\/noticias\/?p=954860"},"modified":"2017-10-04T19:10:02","modified_gmt":"2017-10-04T19:10:02","slug":"el-gobierno-apostara-por-el-desarrollo-de-la-formacion-profesional","status":"publish","type":"post","link":"https:\/\/www.eldigitaldeasturias.com\/noticias\/el-gobierno-apostara-por-el-desarrollo-de-la-formacion-profesional\/","title":{"rendered":"El Gobierno apostar\u00e1 por el desarrollo de la Formaci\u00f3n Profesional"},"content":{"rendered":"<p><img loading=\"lazy\" decoding=\"async\" class=\"alignleft size-medium wp-image-954861\" src=\"https:\/\/www.eldigitaldeasturias.com\/noticias\/wp-content\/uploads\/2017\/10\/041017_Marcial1-360x239.jpg\" alt=\"\" width=\"360\" height=\"239\" \/>El secretario de Estado de Educaci\u00f3n, Formaci\u00f3n Profesional y Universidades, Marcial Mar\u00edn, ha anunciado la firma de un pr\u00f3ximo convenio entre los Ministerios de Educaci\u00f3n, Cultura y Deporte y de Empleo y Seguridad Social, con la CEOE y C\u00e1mara de Espa\u00f1a para el desarrollo de la Formaci\u00f3n Profesional en Espa\u00f1a.<\/p>\n<p>\u200bAs\u00ed lo ha dicho esta tarde Marcial Mar\u00edn en Valencia, donde ha inaugurado el Foro de la Alianza para la FP Dual sobre pymes y competitividad, y donde ha asegurado que este convenio refleja \u00abel compromiso de todas las instituciones con el desarrollo de este proyecto\u00bb.<\/p>\n<p>As\u00ed, ha recordado las palabras del presidente Rajoy, en torno a la apuesta del Gobierno por lograr mayor competitividad y mejora de la empleabilidad, logrando una mayor implantaci\u00f3n de la FP Dual como herramienta de inserci\u00f3n laboral fundamental, para lo que el objetivo ser\u00e1 alcanzar las 100.000 plazas en dual en el a\u00f1o 2020.<\/p>\n<p>Marcial Mar\u00edn ha reiterado el anuncio del ministro de Educaci\u00f3n, Cultura y Deporte, I\u00f1igo M\u00e9ndez de Vigo, quien adelant\u00f3 en el Congreso de los Diputados que en 2018 se va a aprobar un Real Decreto para reforzar la Formaci\u00f3n Profesional del Sistema educativo espa\u00f1ol.<\/p>\n<p>\u00abUn nuevo marco regulador que se iniciar\u00e1 con la FP Dual, apoyado con un incremento en su presupuesto econ\u00f3mico y otras medidas encaminadas a su desarrollo\u00bb, ha dicho.<\/p>\n<p>Por ello, el Ministerio de Educaci\u00f3n, Cultura y Deporte ha propuesto que, si se aprueban los Presupuestos Generales del Estado, pasar del mill\u00f3n de euros de 2016, a aproximadamente 23 millones en el a\u00f1o 2018 para dedicar a acciones de FP Dual.<\/p>\n<p>El secretario de Estado de Educaci\u00f3n, Formaci\u00f3n Profesional y Universidades ha destacado que la FP dual alcanz\u00f3 el pasado curso los 24.000 alumnos (casi 2000 en la comunidad valenciana). En este \u00e1mbito, ha subrayado que \u00ababogamos por un modelo de FP del Sistema educativo con \u00e9xito y calidad, plenamente adaptado a nuestro tejido productivo y que permita, desde el punto de vista educativo, formar al alumnado en las competencias profesionales, personales y sociales, que favorezcan su aprendizaje a lo largo de la vida y su inserci\u00f3n sociolaboral\u00bb.<\/p>\n<p>De esta forma, ha vinculado esta formaci\u00f3n con \u00abel futuro de nuestros j\u00f3venes y de nuestras empresas\u00bb. Adem\u00e1s, ha afirmado que desde el Gobierno se estudia la posibilidad de definir nuevas bonificaciones para contratar al alumnado que haya estudiado en esta modalidad y otras medidas de fomento del empleo.<\/p>\n<p>&nbsp;<\/p>\n","protected":false},"excerpt":{"rendered":"<p>El secretario de Estado de Educaci\u00f3n, Formaci\u00f3n Profesional y Universidades, Marcial Mar\u00edn, ha anunciado la firma de un pr\u00f3ximo convenio entre los Ministerios de Educaci\u00f3n, Cultura y Deporte y de Empleo y Seguridad Social, con la CEOE y C\u00e1mara de Espa\u00f1a para el desarrollo de la Formaci\u00f3n Profesional en Espa\u00f1a. \u200bAs\u00ed lo ha dicho esta [&hellip;]<\/p>\n","protected":false},"author":1,"featured_media":954861,"comment_status":"closed","ping_status":"closed","sticky":false,"template":"","format":"standard","meta":{"footnotes":""},"categories":[1],"tags":[],"class_list":["post-954860","post","type-post","status-publish","format-standard","has-post-thumbnail","hentry","category-actualidad"],"aioseo_notices":[],"aioseo_head":"\n\t\t<!-- All in One SEO Pro 5.0.1 - aioseo.com -->\n\t<meta name=\"description\" content=\"El secretario de Estado de Educaci\u00f3n, Formaci\u00f3n Profesional y Universidades, Marcial Mar\u00edn, ha anunciado la firma de un pr\u00f3ximo convenio entre los Ministerios de Educaci\u00f3n, Cultura y Deporte y de Empleo y Seguridad Social, con la CEOE y C\u00e1mara de Espa\u00f1a para el desarrollo de la Formaci\u00f3n Profesional en Espa\u00f1a. \u200bAs\u00ed lo ha dicho esta\" \/>\n\t<meta name=\"robots\" content=\"max-image-preview:large\" \/>\n\t<meta name=\"author\" content=\"El Digital de Asturias\"\/>\n\t<meta name=\"google-site-verification\" content=\"UA-38556648-1\" \/>\n\t<meta name=\"msvalidate.01\" content=\"7dfe9f3f1b24437ab69f4f2559babe99\" \/>\n\t<meta name=\"keywords\" content=\"actualidad\" \/>\n\t<link rel=\"canonical\" href=\"https:\/\/www.eldigitaldeasturias.com\/noticias\/el-gobierno-apostara-por-el-desarrollo-de-la-formacion-profesional\/\" \/>\n\t<meta name=\"generator\" content=\"All in One SEO Pro (AIOSEO) 5.0.1\" \/>\n\t\t<meta property=\"og:locale\" content=\"es_ES\" \/>\n\t\t<meta property=\"og:site_name\" content=\"El Digital de Asturias\" \/>\n\t\t<meta property=\"og:type\" content=\"article\" \/>\n\t\t<meta property=\"og:title\" content=\"El Gobierno apostar\u00e1 por el desarrollo de la Formaci\u00f3n Profesional - El Digital de Asturias\" \/>\n\t\t<meta property=\"og:description\" content=\"El secretario de Estado de Educaci\u00f3n, Formaci\u00f3n Profesional y Universidades, Marcial Mar\u00edn, ha anunciado la firma de un pr\u00f3ximo convenio entre los Ministerios de Educaci\u00f3n, Cultura y Deporte y de Empleo y Seguridad Social, con la CEOE y C\u00e1mara de Espa\u00f1a para el desarrollo de la Formaci\u00f3n Profesional en Espa\u00f1a. \u200bAs\u00ed lo ha dicho esta\" \/>\n\t\t<meta property=\"og:url\" content=\"https:\/\/www.eldigitaldeasturias.com\/noticias\/el-gobierno-apostara-por-el-desarrollo-de-la-formacion-profesional\/\" \/>\n\t\t<meta property=\"article:tag\" content=\"actualidad\" \/>\n\t\t<meta property=\"article:published_time\" content=\"2017-10-04T19:10:02+00:00\" \/>\n\t\t<meta property=\"article:modified_time\" content=\"2017-10-04T19:10:02+00:00\" \/>\n\t\t<meta property=\"article:publisher\" content=\"https:\/\/facebook.com\/eldigitaldeasturias\" \/>\n\t\t<meta name=\"twitter:card\" content=\"summary_large_image\" \/>\n\t\t<meta name=\"twitter:title\" content=\"El Gobierno apostar\u00e1 por el desarrollo de la Formaci\u00f3n Profesional - El Digital de Asturias\" \/>\n\t\t<meta name=\"twitter:description\" content=\"El secretario de Estado de Educaci\u00f3n, Formaci\u00f3n Profesional y Universidades, Marcial Mar\u00edn, ha anunciado la firma de un pr\u00f3ximo convenio entre los Ministerios de Educaci\u00f3n, Cultura y Deporte y de Empleo y Seguridad Social, con la CEOE y C\u00e1mara de Espa\u00f1a para el desarrollo de la Formaci\u00f3n Profesional en Espa\u00f1a. \u200bAs\u00ed lo ha dicho esta\" \/>\n\t\t<meta name=\"twitter:image\" content=\"https:\/\/www.eldigitaldeasturias.com\/noticias\/wp-content\/uploads\/2020\/12\/EDA-1.jpg\" \/>\n\t\t<meta name=\"twitter:label1\" content=\"Escrito por\" \/>\n\t\t<meta name=\"twitter:data1\" content=\"El Digital de Asturias\" \/>\n\t\t<meta name=\"twitter:label2\" content=\"Tiempo de lectura estimado\" \/>\n\t\t<meta name=\"twitter:data2\" content=\"2 minutos\" \/>\n\t\t<script type=\"application\/ld+json\" class=\"aioseo-schema\">\n\t\t\t{\"@context\":\"https:\\\/\\\/schema.org\",\"@graph\":[{\"@type\":\"BlogPosting\",\"@id\":\"https:\\\/\\\/www.eldigitaldeasturias.com\\\/noticias\\\/el-gobierno-apostara-por-el-desarrollo-de-la-formacion-profesional\\\/#blogposting\",\"name\":\"El Gobierno apostar\\u00e1 por el desarrollo de la Formaci\\u00f3n Profesional - El Digital de Asturias\",\"headline\":\"El Gobierno apostar\\u00e1 por el desarrollo de la Formaci\\u00f3n Profesional\",\"author\":{\"@id\":\"https:\\\/\\\/www.eldigitaldeasturias.com\\\/noticias\\\/author\\\/admin\\\/#author\"},\"publisher\":{\"@id\":\"https:\\\/\\\/www.eldigitaldeasturias.com\\\/noticias\\\/#organization\"},\"image\":{\"@type\":\"ImageObject\",\"url\":954861},\"datePublished\":\"2017-10-04T19:10:02+02:00\",\"dateModified\":\"2017-10-04T19:10:02+02:00\",\"inLanguage\":\"es-ES\",\"mainEntityOfPage\":{\"@id\":\"https:\\\/\\\/www.eldigitaldeasturias.com\\\/noticias\\\/el-gobierno-apostara-por-el-desarrollo-de-la-formacion-profesional\\\/#webpage\"},\"isPartOf\":{\"@id\":\"https:\\\/\\\/www.eldigitaldeasturias.com\\\/noticias\\\/el-gobierno-apostara-por-el-desarrollo-de-la-formacion-profesional\\\/#webpage\"},\"articleSection\":\"Actualidad\"},{\"@type\":\"BreadcrumbList\",\"@id\":\"https:\\\/\\\/www.eldigitaldeasturias.com\\\/noticias\\\/el-gobierno-apostara-por-el-desarrollo-de-la-formacion-profesional\\\/#breadcrumblist\",\"itemListElement\":[{\"@type\":\"ListItem\",\"@id\":\"https:\\\/\\\/www.eldigitaldeasturias.com\\\/noticias#listItem\",\"position\":1,\"name\":\"Home\",\"item\":\"https:\\\/\\\/www.eldigitaldeasturias.com\\\/noticias\",\"nextItem\":{\"@type\":\"ListItem\",\"@id\":\"https:\\\/\\\/www.eldigitaldeasturias.com\\\/noticias\\\/category\\\/actualidad\\\/#listItem\",\"name\":\"Actualidad\"}},{\"@type\":\"ListItem\",\"@id\":\"https:\\\/\\\/www.eldigitaldeasturias.com\\\/noticias\\\/category\\\/actualidad\\\/#listItem\",\"position\":2,\"name\":\"Actualidad\",\"item\":\"https:\\\/\\\/www.eldigitaldeasturias.com\\\/noticias\\\/category\\\/actualidad\\\/\",\"nextItem\":{\"@type\":\"ListItem\",\"@id\":\"https:\\\/\\\/www.eldigitaldeasturias.com\\\/noticias\\\/el-gobierno-apostara-por-el-desarrollo-de-la-formacion-profesional\\\/#listItem\",\"name\":\"El Gobierno apostar\\u00e1 por el desarrollo de la Formaci\\u00f3n Profesional\"},\"previousItem\":{\"@type\":\"ListItem\",\"@id\":\"https:\\\/\\\/www.eldigitaldeasturias.com\\\/noticias#listItem\",\"name\":\"Home\"}},{\"@type\":\"ListItem\",\"@id\":\"https:\\\/\\\/www.eldigitaldeasturias.com\\\/noticias\\\/el-gobierno-apostara-por-el-desarrollo-de-la-formacion-profesional\\\/#listItem\",\"position\":3,\"name\":\"El Gobierno apostar\\u00e1 por el desarrollo de la Formaci\\u00f3n Profesional\",\"previousItem\":{\"@type\":\"ListItem\",\"@id\":\"https:\\\/\\\/www.eldigitaldeasturias.com\\\/noticias\\\/category\\\/actualidad\\\/#listItem\",\"name\":\"Actualidad\"}}]},{\"@type\":\"Organization\",\"@id\":\"https:\\\/\\\/www.eldigitaldeasturias.com\\\/noticias\\\/#organization\",\"name\":\"El Digital de Asturias\",\"description\":\"Hemeroteca\",\"url\":\"https:\\\/\\\/www.eldigitaldeasturias.com\\\/noticias\\\/\",\"email\":\"info@eldigitaldeasturias.com\",\"telephone\":\"+34652131393\",\"logo\":{\"@type\":\"ImageObject\",\"url\":\"https:\\\/\\\/www.eldigitaldeasturias.com\\\/noticias\\\/wp-content\\\/uploads\\\/2020\\\/12\\\/EDA.jpg\",\"@id\":\"https:\\\/\\\/www.eldigitaldeasturias.com\\\/noticias\\\/el-gobierno-apostara-por-el-desarrollo-de-la-formacion-profesional\\\/#organizationLogo\"},\"image\":{\"@id\":\"https:\\\/\\\/www.eldigitaldeasturias.com\\\/noticias\\\/el-gobierno-apostara-por-el-desarrollo-de-la-formacion-profesional\\\/#organizationLogo\"},\"sameAs\":[\"https:\\\/\\\/facebook.com\\\/eldigitaldeasturias\",\"https:\\\/\\\/www.youtube.com\\\/channel\\\/UCZP-2wLEB9Rv6erhFmqVnvg\"],\"address\":{\"@id\":\"https:\\\/\\\/www.eldigitaldeasturias.com\\\/noticias\\\/#postaladdress\",\"@type\":\"PostalAddress\",\"streetAddress\":\"san antonio 4\",\"postalCode\":\"33430\",\"addressLocality\":\"Cand\\u00e1s\",\"addressRegion\":\"Asturias\",\"addressCountry\":\"ES\"}},{\"@type\":\"Person\",\"@id\":\"https:\\\/\\\/www.eldigitaldeasturias.com\\\/noticias\\\/author\\\/admin\\\/#author\",\"url\":\"https:\\\/\\\/www.eldigitaldeasturias.com\\\/noticias\\\/author\\\/admin\\\/\",\"name\":\"El Digital de Asturias\",\"image\":{\"@type\":\"ImageObject\",\"@id\":\"https:\\\/\\\/www.eldigitaldeasturias.com\\\/noticias\\\/el-gobierno-apostara-por-el-desarrollo-de-la-formacion-profesional\\\/#authorImage\",\"url\":\"https:\\\/\\\/secure.gravatar.com\\\/avatar\\\/df2aeffc32bcd13f8d26072ef8a91b623d677766deac7f97ca815868cd41bf5e?s=96&d=mm&r=g\",\"width\":96,\"height\":96,\"caption\":\"El Digital de Asturias\"}},{\"@type\":\"WebPage\",\"@id\":\"https:\\\/\\\/www.eldigitaldeasturias.com\\\/noticias\\\/el-gobierno-apostara-por-el-desarrollo-de-la-formacion-profesional\\\/#webpage\",\"url\":\"https:\\\/\\\/www.eldigitaldeasturias.com\\\/noticias\\\/el-gobierno-apostara-por-el-desarrollo-de-la-formacion-profesional\\\/\",\"name\":\"El Gobierno apostar\\u00e1 por el desarrollo de la Formaci\\u00f3n Profesional - El Digital de Asturias\",\"description\":\"El secretario de Estado de Educaci\\u00f3n, Formaci\\u00f3n Profesional y Universidades, Marcial Mar\\u00edn, ha anunciado la firma de un pr\\u00f3ximo convenio entre los Ministerios de Educaci\\u00f3n, Cultura y Deporte y de Empleo y Seguridad Social, con la CEOE y C\\u00e1mara de Espa\\u00f1a para el desarrollo de la Formaci\\u00f3n Profesional en Espa\\u00f1a. \\u200bAs\\u00ed lo ha dicho esta\",\"inLanguage\":\"es-ES\",\"isPartOf\":{\"@id\":\"https:\\\/\\\/www.eldigitaldeasturias.com\\\/noticias\\\/#website\"},\"breadcrumb\":{\"@id\":\"https:\\\/\\\/www.eldigitaldeasturias.com\\\/noticias\\\/el-gobierno-apostara-por-el-desarrollo-de-la-formacion-profesional\\\/#breadcrumblist\"},\"author\":{\"@id\":\"https:\\\/\\\/www.eldigitaldeasturias.com\\\/noticias\\\/author\\\/admin\\\/#author\"},\"creator\":{\"@id\":\"https:\\\/\\\/www.eldigitaldeasturias.com\\\/noticias\\\/author\\\/admin\\\/#author\"},\"image\":{\"@type\":\"ImageObject\",\"url\":954861,\"@id\":\"https:\\\/\\\/www.eldigitaldeasturias.com\\\/noticias\\\/el-gobierno-apostara-por-el-desarrollo-de-la-formacion-profesional\\\/#mainImage\"},\"primaryImageOfPage\":{\"@id\":\"https:\\\/\\\/www.eldigitaldeasturias.com\\\/noticias\\\/el-gobierno-apostara-por-el-desarrollo-de-la-formacion-profesional\\\/#mainImage\"},\"datePublished\":\"2017-10-04T19:10:02+02:00\",\"dateModified\":\"2017-10-04T19:10:02+02:00\"},{\"@type\":\"WebSite\",\"@id\":\"https:\\\/\\\/www.eldigitaldeasturias.com\\\/noticias\\\/#website\",\"url\":\"https:\\\/\\\/www.eldigitaldeasturias.com\\\/noticias\\\/\",\"name\":\"El Digital de Asturias - Diario de actualidad y noticias\",\"alternateName\":\"El Digital de Asturias - Diario de actualidad y noticias\",\"description\":\"Hemeroteca\",\"inLanguage\":\"es-ES\",\"publisher\":{\"@id\":\"https:\\\/\\\/www.eldigitaldeasturias.com\\\/noticias\\\/#organization\"}}]}\n\t\t<\/script>\n\t\t<!-- All in One SEO Pro -->\r\n\t\t<title>El Gobierno apostar\u00e1 por el desarrollo de la Formaci\u00f3n Profesional - El Digital de Asturias<\/title>\n\n","aioseo_head_json":{"title":"El Gobierno apostar\u00e1 por el desarrollo de la Formaci\u00f3n Profesional - El Digital de Asturias","description":"El secretario de Estado de Educaci\u00f3n, Formaci\u00f3n Profesional y Universidades, Marcial Mar\u00edn, ha anunciado la firma de un pr\u00f3ximo convenio entre los Ministerios de Educaci\u00f3n, Cultura y Deporte y de Empleo y Seguridad Social, con la CEOE y C\u00e1mara de Espa\u00f1a para el desarrollo de la Formaci\u00f3n Profesional en Espa\u00f1a. \u200bAs\u00ed lo ha dicho esta","canonical_url":"https:\/\/www.eldigitaldeasturias.com\/noticias\/el-gobierno-apostara-por-el-desarrollo-de-la-formacion-profesional\/","robots":"max-image-preview:large","keywords":"actualidad","webmasterTools":{"google-site-verification":"UA-38556648-1","msvalidate.01":"7dfe9f3f1b24437ab69f4f2559babe99","miscellaneous":""},"schema":{"@context":"https:\/\/schema.org","@graph":[{"@type":"BlogPosting","@id":"https:\/\/www.eldigitaldeasturias.com\/noticias\/el-gobierno-apostara-por-el-desarrollo-de-la-formacion-profesional\/#blogposting","name":"El Gobierno apostar\u00e1 por el desarrollo de la Formaci\u00f3n Profesional - El Digital de Asturias","headline":"El Gobierno apostar\u00e1 por el desarrollo de la Formaci\u00f3n Profesional","author":{"@id":"https:\/\/www.eldigitaldeasturias.com\/noticias\/author\/admin\/#author"},"publisher":{"@id":"https:\/\/www.eldigitaldeasturias.com\/noticias\/#organization"},"image":{"@type":"ImageObject","url":954861},"datePublished":"2017-10-04T19:10:02+02:00","dateModified":"2017-10-04T19:10:02+02:00","inLanguage":"es-ES","mainEntityOfPage":{"@id":"https:\/\/www.eldigitaldeasturias.com\/noticias\/el-gobierno-apostara-por-el-desarrollo-de-la-formacion-profesional\/#webpage"},"isPartOf":{"@id":"https:\/\/www.eldigitaldeasturias.com\/noticias\/el-gobierno-apostara-por-el-desarrollo-de-la-formacion-profesional\/#webpage"},"articleSection":"Actualidad"},{"@type":"BreadcrumbList","@id":"https:\/\/www.eldigitaldeasturias.com\/noticias\/el-gobierno-apostara-por-el-desarrollo-de-la-formacion-profesional\/#breadcrumblist","itemListElement":[{"@type":"ListItem","@id":"https:\/\/www.eldigitaldeasturias.com\/noticias#listItem","position":1,"name":"Home","item":"https:\/\/www.eldigitaldeasturias.com\/noticias","nextItem":{"@type":"ListItem","@id":"https:\/\/www.eldigitaldeasturias.com\/noticias\/category\/actualidad\/#listItem","name":"Actualidad"}},{"@type":"ListItem","@id":"https:\/\/www.eldigitaldeasturias.com\/noticias\/category\/actualidad\/#listItem","position":2,"name":"Actualidad","item":"https:\/\/www.eldigitaldeasturias.com\/noticias\/category\/actualidad\/","nextItem":{"@type":"ListItem","@id":"https:\/\/www.eldigitaldeasturias.com\/noticias\/el-gobierno-apostara-por-el-desarrollo-de-la-formacion-profesional\/#listItem","name":"El Gobierno apostar\u00e1 por el desarrollo de la Formaci\u00f3n Profesional"},"previousItem":{"@type":"ListItem","@id":"https:\/\/www.eldigitaldeasturias.com\/noticias#listItem","name":"Home"}},{"@type":"ListItem","@id":"https:\/\/www.eldigitaldeasturias.com\/noticias\/el-gobierno-apostara-por-el-desarrollo-de-la-formacion-profesional\/#listItem","position":3,"name":"El Gobierno apostar\u00e1 por el desarrollo de la Formaci\u00f3n Profesional","previousItem":{"@type":"ListItem","@id":"https:\/\/www.eldigitaldeasturias.com\/noticias\/category\/actualidad\/#listItem","name":"Actualidad"}}]},{"@type":"Organization","@id":"https:\/\/www.eldigitaldeasturias.com\/noticias\/#organization","name":"El Digital de Asturias","description":"Hemeroteca","url":"https:\/\/www.eldigitaldeasturias.com\/noticias\/","email":"info@eldigitaldeasturias.com","telephone":"+34652131393","logo":{"@type":"ImageObject","url":"https:\/\/www.eldigitaldeasturias.com\/noticias\/wp-content\/uploads\/2020\/12\/EDA.jpg","@id":"https:\/\/www.eldigitaldeasturias.com\/noticias\/el-gobierno-apostara-por-el-desarrollo-de-la-formacion-profesional\/#organizationLogo"},"image":{"@id":"https:\/\/www.eldigitaldeasturias.com\/noticias\/el-gobierno-apostara-por-el-desarrollo-de-la-formacion-profesional\/#organizationLogo"},"sameAs":["https:\/\/facebook.com\/eldigitaldeasturias","https:\/\/www.youtube.com\/channel\/UCZP-2wLEB9Rv6erhFmqVnvg"],"address":{"@id":"https:\/\/www.eldigitaldeasturias.com\/noticias\/#postaladdress","@type":"PostalAddress","streetAddress":"san antonio 4","postalCode":"33430","addressLocality":"Cand\u00e1s","addressRegion":"Asturias","addressCountry":"ES"}},{"@type":"Person","@id":"https:\/\/www.eldigitaldeasturias.com\/noticias\/author\/admin\/#author","url":"https:\/\/www.eldigitaldeasturias.com\/noticias\/author\/admin\/","name":"El Digital de Asturias","image":{"@type":"ImageObject","@id":"https:\/\/www.eldigitaldeasturias.com\/noticias\/el-gobierno-apostara-por-el-desarrollo-de-la-formacion-profesional\/#authorImage","url":"https:\/\/secure.gravatar.com\/avatar\/df2aeffc32bcd13f8d26072ef8a91b623d677766deac7f97ca815868cd41bf5e?s=96&d=mm&r=g","width":96,"height":96,"caption":"El Digital de Asturias"}},{"@type":"WebPage","@id":"https:\/\/www.eldigitaldeasturias.com\/noticias\/el-gobierno-apostara-por-el-desarrollo-de-la-formacion-profesional\/#webpage","url":"https:\/\/www.eldigitaldeasturias.com\/noticias\/el-gobierno-apostara-por-el-desarrollo-de-la-formacion-profesional\/","name":"El Gobierno apostar\u00e1 por el desarrollo de la Formaci\u00f3n Profesional - El Digital de Asturias","description":"El secretario de Estado de Educaci\u00f3n, Formaci\u00f3n Profesional y Universidades, Marcial Mar\u00edn, ha anunciado la firma de un pr\u00f3ximo convenio entre los Ministerios de Educaci\u00f3n, Cultura y Deporte y de Empleo y Seguridad Social, con la CEOE y C\u00e1mara de Espa\u00f1a para el desarrollo de la Formaci\u00f3n Profesional en Espa\u00f1a. \u200bAs\u00ed lo ha dicho esta","inLanguage":"es-ES","isPartOf":{"@id":"https:\/\/www.eldigitaldeasturias.com\/noticias\/#website"},"breadcrumb":{"@id":"https:\/\/www.eldigitaldeasturias.com\/noticias\/el-gobierno-apostara-por-el-desarrollo-de-la-formacion-profesional\/#breadcrumblist"},"author":{"@id":"https:\/\/www.eldigitaldeasturias.com\/noticias\/author\/admin\/#author"},"creator":{"@id":"https:\/\/www.eldigitaldeasturias.com\/noticias\/author\/admin\/#author"},"image":{"@type":"ImageObject","url":954861,"@id":"https:\/\/www.eldigitaldeasturias.com\/noticias\/el-gobierno-apostara-por-el-desarrollo-de-la-formacion-profesional\/#mainImage"},"primaryImageOfPage":{"@id":"https:\/\/www.eldigitaldeasturias.com\/noticias\/el-gobierno-apostara-por-el-desarrollo-de-la-formacion-profesional\/#mainImage"},"datePublished":"2017-10-04T19:10:02+02:00","dateModified":"2017-10-04T19:10:02+02:00"},{"@type":"WebSite","@id":"https:\/\/www.eldigitaldeasturias.com\/noticias\/#website","url":"https:\/\/www.eldigitaldeasturias.com\/noticias\/","name":"El Digital de Asturias - Diario de actualidad y noticias","alternateName":"El Digital de Asturias - Diario de actualidad y noticias","description":"Hemeroteca","inLanguage":"es-ES","publisher":{"@id":"https:\/\/www.eldigitaldeasturias.com\/noticias\/#organization"}}]},"og:locale":"es_ES","og:site_name":"El Digital de Asturias","og:type":"article","og:title":"El Gobierno apostar\u00e1 por el desarrollo de la Formaci\u00f3n Profesional - El Digital de Asturias","og:description":"El secretario de Estado de Educaci\u00f3n, Formaci\u00f3n Profesional y Universidades, Marcial Mar\u00edn, ha anunciado la firma de un pr\u00f3ximo convenio entre los Ministerios de Educaci\u00f3n, Cultura y Deporte y de Empleo y Seguridad Social, con la CEOE y C\u00e1mara de Espa\u00f1a para el desarrollo de la Formaci\u00f3n Profesional en Espa\u00f1a. \u200bAs\u00ed lo ha dicho esta","og:url":"https:\/\/www.eldigitaldeasturias.com\/noticias\/el-gobierno-apostara-por-el-desarrollo-de-la-formacion-profesional\/","article:tag":["actualidad"],"article:published_time":"2017-10-04T19:10:02+00:00","article:modified_time":"2017-10-04T19:10:02+00:00","article:publisher":"https:\/\/facebook.com\/eldigitaldeasturias","twitter:card":"summary_large_image","twitter:title":"El Gobierno apostar\u00e1 por el desarrollo de la Formaci\u00f3n Profesional - El Digital de Asturias","twitter:description":"El secretario de Estado de Educaci\u00f3n, Formaci\u00f3n Profesional y Universidades, Marcial Mar\u00edn, ha anunciado la firma de un pr\u00f3ximo convenio entre los Ministerios de Educaci\u00f3n, Cultura y Deporte y de Empleo y Seguridad Social, con la CEOE y C\u00e1mara de Espa\u00f1a para el desarrollo de la Formaci\u00f3n Profesional en Espa\u00f1a. \u200bAs\u00ed lo ha dicho esta","twitter:image":"https:\/\/www.eldigitaldeasturias.com\/noticias\/wp-content\/uploads\/2020\/12\/EDA-1.jpg","twitter:label1":"Escrito por","twitter:data1":"El Digital de Asturias","twitter:label2":"Tiempo de lectura estimado","twitter:data2":"2 minutos"},"aioseo_meta_data":{"post_id":"954860","title":null,"description":null,"keywords":null,"keyphrases":null,"primary_term":null,"canonical_url":null,"og_title":null,"og_description":null,"og_object_type":"default","og_image_type":"default","og_image_url":null,"og_image_width":null,"og_image_height":null,"og_image_custom_url":null,"og_image_custom_fields":null,"og_video":null,"og_custom_url":null,"og_article_section":null,"og_article_tags":null,"twitter_use_og":false,"twitter_card":"default","twitter_image_type":"default","twitter_image_url":null,"twitter_image_custom_url":null,"twitter_image_custom_fields":null,"twitter_title":null,"twitter_description":null,"schema":{"blockGraphs":[],"customGraphs":[],"default":{"data":{"Article":[],"Course":[],"Dataset":[],"FAQPage":[],"Movie":[],"Person":[],"Product":[],"ProductReview":[],"Car":[],"Recipe":[],"Service":[],"SoftwareApplication":[],"WebPage":[]},"graphName":"","isEnabled":true},"graphs":[],"defaultGraph":"","defaultPostTypeGraph":""},"schema_type":null,"schema_type_options":null,"pillar_content":false,"robots_default":true,"robots_noindex":false,"robots_noarchive":false,"robots_nosnippet":false,"robots_nofollow":false,"robots_noimageindex":false,"robots_noodp":false,"robots_notranslate":false,"robots_max_snippet":null,"robots_max_videopreview":null,"robots_max_imagepreview":"large","priority":null,"frequency":null,"local_seo":null,"seo_analyzer_scan_date":"2025-12-06 07:54:07","breadcrumb_settings":null,"limit_modified_date":false,"open_ai":null,"ai":null,"created":"2020-12-21 12:56:39","updated":"2025-12-06 07:54:07","focus_keyword":null,"additional_keywords":null,"truseo_locale":null},"aioseo_breadcrumb":"<div class=\"aioseo-breadcrumbs\"><span class=\"aioseo-breadcrumb\">\n\t<a href=\"https:\/\/www.eldigitaldeasturias.com\/noticias\" title=\"Home\">Home<\/a>\n<\/span><span class=\"aioseo-breadcrumb-separator\">\u2013<\/span><span class=\"aioseo-breadcrumb\">\n\t<a href=\"https:\/\/www.eldigitaldeasturias.com\/noticias\/category\/actualidad\/\" title=\"Actualidad\">Actualidad<\/a>\n<\/span><span class=\"aioseo-breadcrumb-separator\">\u2013<\/span><span class=\"aioseo-breadcrumb\">\n\t<a href=\"https:\/\/www.eldigitaldeasturias.com\/noticias\/el-gobierno-apostara-por-el-desarrollo-de-la-formacion-profesional\/\" title=\"El Gobierno apostar\u00e1 por el desarrollo de la Formaci\u00f3n Profesional\">El Gobierno apostar\u00e1 por el desarrollo de la Formaci\u00f3n Profesional<\/a>\n<\/span><\/div>","aioseo_breadcrumb_json":[{"label":"Home","link":"https:\/\/www.eldigitaldeasturias.com\/noticias"},{"label":"Actualidad","link":"https:\/\/www.eldigitaldeasturias.com\/noticias\/category\/actualidad\/"},{"label":"El Gobierno apostar\u00e1 por el desarrollo de la Formaci\u00f3n Profesional","link":"https:\/\/www.eldigitaldeasturias.com\/noticias\/el-gobierno-apostara-por-el-desarrollo-de-la-formacion-profesional\/"}],"_links":{"self":[{"href":"https:\/\/www.eldigitaldeasturias.com\/noticias\/wp-json\/wp\/v2\/posts\/954860","targetHints":{"allow":["GET"]}}],"collection":[{"href":"https:\/\/www.eldigitaldeasturias.com\/noticias\/wp-json\/wp\/v2\/posts"}],"about":[{"href":"https:\/\/www.eldigitaldeasturias.com\/noticias\/wp-json\/wp\/v2\/types\/post"}],"author":[{"embeddable":true,"href":"https:\/\/www.eldigitaldeasturias.com\/noticias\/wp-json\/wp\/v2\/users\/1"}],"replies":[{"embeddable":true,"href":"https:\/\/www.eldigitaldeasturias.com\/noticias\/wp-json\/wp\/v2\/comments?post=954860"}],"version-history":[{"count":0,"href":"https:\/\/www.eldigitaldeasturias.com\/noticias\/wp-json\/wp\/v2\/posts\/954860\/revisions"}],"wp:attachment":[{"href":"https:\/\/www.eldigitaldeasturias.com\/noticias\/wp-json\/wp\/v2\/media?parent=954860"}],"wp:term":[{"taxonomy":"category","embeddable":true,"href":"https:\/\/www.eldigitaldeasturias.com\/noticias\/wp-json\/wp\/v2\/categories?post=954860"},{"taxonomy":"post_tag","embeddable":true,"href":"https:\/\/www.eldigitaldeasturias.com\/noticias\/wp-json\/wp\/v2\/tags?post=954860"}],"curies":[{"name":"wp","href":"https:\/\/api.w.org\/{rel}","templated":true}]}}