{"id":954845,"date":"2017-10-04T14:16:01","date_gmt":"2017-10-04T14:16:01","guid":{"rendered":"http:\/\/www.eldigitaldeasturias.com\/noticias\/?p=954845"},"modified":"2017-10-04T14:16:01","modified_gmt":"2017-10-04T14:16:01","slug":"santiago-abascal-responde-a-los-lideres-europeos-manipulados-por-el-separatismo","status":"publish","type":"post","link":"https:\/\/www.eldigitaldeasturias.com\/noticias\/santiago-abascal-responde-a-los-lideres-europeos-manipulados-por-el-separatismo\/","title":{"rendered":"Santiago Abascal responde a los l\u00edderes europeos manipulados por el separatismo"},"content":{"rendered":"<p><img loading=\"lazy\" decoding=\"async\" class=\"alignleft size-medium wp-image-923704\" src=\"https:\/\/www.eldigitaldeasturias.com\/noticias\/wp-content\/uploads\/2017\/01\/VOX-Oviedo-360x240.jpg\" alt=\"\" width=\"360\" height=\"240\" \/>Santiago Abascal ha dirigido una carta a l\u00edderes europeos -entre los que destacan Geert Wilders, Nigel Farage, Heinz-Christian Strache y Matteo Salvini- que en las \u00faltimas horas han mostrado su apoyo al separatismo catal\u00e1n y han criticado la actuaci\u00f3n de las Fuerzas y Cuerpos de Seguridad del Estado.<\/p>\n<p>El presidente de VOX ha dirigido la carta tambi\u00e9n a todos los partidos que formar el Eurogrupo Europa de las Naciones y de las Libertades, incluido al Frente Nacional y a Alternativa por Alemania.<\/p>\n<p>En la carta, Santiago Abascal explica el problema separatista de Catalu\u00f1a, afirmando que no tolerar\u00e1 injerencias en la soberan\u00eda espa\u00f1ola: \u00abDesde VOX, queremos trasladar que no toleramos, a nadie y en ning\u00fan caso, injerencias externas que debiliten de cualquier forma (por ejemplo criticando a nuestras fuerzas de seguridad) la defensa de nuestra inquebrantable unidad nacional. Ante la debilidad y la inacci\u00f3n de nuestro Gobierno, VOX est\u00e1 promoviendo grandes concentraciones nacionales que demostrar\u00e1n a los separatistas y al mundo que Espa\u00f1a no va a permitir a las oligarqu\u00edas la ruptura de la Naci\u00f3n. En ning\u00fan caso y de ninguna forma\u00bb.<\/p>\n<p>Santiago Abascal analiza las posibles causas de la postura que alguno de estos l\u00edderes han tomado con respecto al separatismo catal\u00e1n: \u00abEs posible que, en la distancia, algunos hay\u00e1is recibido informaci\u00f3n manipulada acerca de lo que est\u00e1 sucediendo. Nada extra\u00f1o si tenemos en cuenta c\u00f3mo act\u00faan las terminales de los mass-media, que se han asegurado de que prevalezca una versi\u00f3n sesgada de dichos sucesos, especialmente en las cabeceras de la izquierda internacionalista\u00bb.<\/p>\n<p>Santiago Abascal tambi\u00e9n les recuerda el car\u00e1cter multicultural y globalista del secesionismo catal\u00e1n: \u00abEl separatismo ha venido impulsando hacia Catalu\u00f1a una nutrida emigraci\u00f3n, considerablemente radicalizada, procedente de pa\u00edses isl\u00e1micos durante las tres largas d\u00e9cadas en que han gobernado Catalu\u00f1a. Hoy, Catalu\u00f1a acoge la mitad de toda la inmigraci\u00f3n isl\u00e1mica residente en Espa\u00f1a. Como muestra del car\u00e1cter globalista e islam\u00f3filo del separatismo catal\u00e1n, os invito a comprobar la actuaci\u00f3n de sus l\u00edderes tras los \u00faltimos atentados de Barcelona: su soluci\u00f3n era m\u00e1s Islam y menos Espa\u00f1a\u00bb.<\/p>\n<p>Santiago Abascal termina diciendo que \u00abLa verdad, queridos amigos europeos, es que quienes padecen hoy en Catalu\u00f1a no son quienes, por las razones arriba apuntadas, pretenden imponer un modelo separatista, y que son poco m\u00e1s de una tercera parte del total de la poblaci\u00f3n. Por el contrario, hay una mitad holgada de catalanes que se ve privada de sus derechos, y que est\u00e1 obligada a plegarse a los designios del separatismo. Esa mitad, abandonada por el gobierno, es quien verdaderamente padece la represi\u00f3n a manos de un separatismo que lleva gobernando Catalu\u00f1a desde hace m\u00e1s de tres d\u00e9cadas\u00bb.<\/p>\n","protected":false},"excerpt":{"rendered":"<p>Santiago Abascal ha dirigido una carta a l\u00edderes europeos -entre los que destacan Geert Wilders, Nigel Farage, Heinz-Christian Strache y Matteo Salvini- que en las \u00faltimas horas han mostrado su apoyo al separatismo catal\u00e1n y han criticado la actuaci\u00f3n de las Fuerzas y Cuerpos de Seguridad del Estado. El presidente de VOX ha dirigido la [&hellip;]<\/p>\n","protected":false},"author":1,"featured_media":923704,"comment_status":"closed","ping_status":"closed","sticky":false,"template":"","format":"standard","meta":{"footnotes":""},"categories":[1],"tags":[],"class_list":["post-954845","post","type-post","status-publish","format-standard","has-post-thumbnail","hentry","category-actualidad"],"aioseo_notices":[],"aioseo_head":"\n\t\t<!-- All in One SEO Pro 5.0.1 - aioseo.com -->\n\t<meta name=\"description\" content=\"Santiago Abascal ha dirigido una carta a l\u00edderes europeos -entre los que destacan Geert Wilders, Nigel Farage, Heinz-Christian Strache y Matteo Salvini- que en las \u00faltimas horas han mostrado su apoyo al separatismo catal\u00e1n y han criticado la actuaci\u00f3n de las Fuerzas y Cuerpos de Seguridad del Estado. El presidente de VOX ha dirigido la\" \/>\n\t<meta name=\"robots\" content=\"max-image-preview:large\" \/>\n\t<meta name=\"author\" content=\"El Digital de Asturias\"\/>\n\t<meta name=\"google-site-verification\" content=\"UA-38556648-1\" \/>\n\t<meta name=\"msvalidate.01\" content=\"7dfe9f3f1b24437ab69f4f2559babe99\" \/>\n\t<meta name=\"keywords\" content=\"actualidad\" \/>\n\t<link rel=\"canonical\" href=\"https:\/\/www.eldigitaldeasturias.com\/noticias\/santiago-abascal-responde-a-los-lideres-europeos-manipulados-por-el-separatismo\/\" \/>\n\t<meta name=\"generator\" content=\"All in One SEO Pro (AIOSEO) 5.0.1\" \/>\n\t\t<meta property=\"og:locale\" content=\"es_ES\" \/>\n\t\t<meta property=\"og:site_name\" content=\"El Digital de Asturias\" \/>\n\t\t<meta property=\"og:type\" content=\"article\" \/>\n\t\t<meta property=\"og:title\" content=\"Santiago Abascal responde a los l\u00edderes europeos manipulados por el separatismo - El Digital de Asturias\" \/>\n\t\t<meta property=\"og:description\" content=\"Santiago Abascal ha dirigido una carta a l\u00edderes europeos -entre los que destacan Geert Wilders, Nigel Farage, Heinz-Christian Strache y Matteo Salvini- que en las \u00faltimas horas han mostrado su apoyo al separatismo catal\u00e1n y han criticado la actuaci\u00f3n de las Fuerzas y Cuerpos de Seguridad del Estado. El presidente de VOX ha dirigido la\" \/>\n\t\t<meta property=\"og:url\" content=\"https:\/\/www.eldigitaldeasturias.com\/noticias\/santiago-abascal-responde-a-los-lideres-europeos-manipulados-por-el-separatismo\/\" \/>\n\t\t<meta property=\"article:tag\" content=\"actualidad\" \/>\n\t\t<meta property=\"article:published_time\" content=\"2017-10-04T14:16:01+00:00\" \/>\n\t\t<meta property=\"article:modified_time\" content=\"2017-10-04T14:16:01+00:00\" \/>\n\t\t<meta property=\"article:publisher\" content=\"https:\/\/facebook.com\/eldigitaldeasturias\" \/>\n\t\t<meta name=\"twitter:card\" content=\"summary_large_image\" \/>\n\t\t<meta name=\"twitter:title\" content=\"Santiago Abascal responde a los l\u00edderes europeos manipulados por el separatismo - El Digital de Asturias\" \/>\n\t\t<meta name=\"twitter:description\" content=\"Santiago Abascal ha dirigido una carta a l\u00edderes europeos -entre los que destacan Geert Wilders, Nigel Farage, Heinz-Christian Strache y Matteo Salvini- que en las \u00faltimas horas han mostrado su apoyo al separatismo catal\u00e1n y han criticado la actuaci\u00f3n de las Fuerzas y Cuerpos de Seguridad del Estado. El presidente de VOX ha dirigido la\" \/>\n\t\t<meta name=\"twitter:image\" content=\"https:\/\/www.eldigitaldeasturias.com\/noticias\/wp-content\/uploads\/2020\/12\/EDA-1.jpg\" \/>\n\t\t<meta name=\"twitter:label1\" content=\"Escrito por\" \/>\n\t\t<meta name=\"twitter:data1\" content=\"El Digital de Asturias\" \/>\n\t\t<meta name=\"twitter:label2\" content=\"Tiempo de lectura estimado\" \/>\n\t\t<meta name=\"twitter:data2\" content=\"2 minutos\" \/>\n\t\t<script type=\"application\/ld+json\" class=\"aioseo-schema\">\n\t\t\t{\"@context\":\"https:\\\/\\\/schema.org\",\"@graph\":[{\"@type\":\"BlogPosting\",\"@id\":\"https:\\\/\\\/www.eldigitaldeasturias.com\\\/noticias\\\/santiago-abascal-responde-a-los-lideres-europeos-manipulados-por-el-separatismo\\\/#blogposting\",\"name\":\"Santiago Abascal responde a los l\\u00edderes europeos manipulados por el separatismo - El Digital de Asturias\",\"headline\":\"Santiago Abascal responde a los l\\u00edderes europeos manipulados por el separatismo\",\"author\":{\"@id\":\"https:\\\/\\\/www.eldigitaldeasturias.com\\\/noticias\\\/author\\\/admin\\\/#author\"},\"publisher\":{\"@id\":\"https:\\\/\\\/www.eldigitaldeasturias.com\\\/noticias\\\/#organization\"},\"image\":{\"@type\":\"ImageObject\",\"url\":923704},\"datePublished\":\"2017-10-04T14:16:01+02:00\",\"dateModified\":\"2017-10-04T14:16:01+02:00\",\"inLanguage\":\"es-ES\",\"mainEntityOfPage\":{\"@id\":\"https:\\\/\\\/www.eldigitaldeasturias.com\\\/noticias\\\/santiago-abascal-responde-a-los-lideres-europeos-manipulados-por-el-separatismo\\\/#webpage\"},\"isPartOf\":{\"@id\":\"https:\\\/\\\/www.eldigitaldeasturias.com\\\/noticias\\\/santiago-abascal-responde-a-los-lideres-europeos-manipulados-por-el-separatismo\\\/#webpage\"},\"articleSection\":\"Actualidad\"},{\"@type\":\"BreadcrumbList\",\"@id\":\"https:\\\/\\\/www.eldigitaldeasturias.com\\\/noticias\\\/santiago-abascal-responde-a-los-lideres-europeos-manipulados-por-el-separatismo\\\/#breadcrumblist\",\"itemListElement\":[{\"@type\":\"ListItem\",\"@id\":\"https:\\\/\\\/www.eldigitaldeasturias.com\\\/noticias#listItem\",\"position\":1,\"name\":\"Home\",\"item\":\"https:\\\/\\\/www.eldigitaldeasturias.com\\\/noticias\",\"nextItem\":{\"@type\":\"ListItem\",\"@id\":\"https:\\\/\\\/www.eldigitaldeasturias.com\\\/noticias\\\/category\\\/actualidad\\\/#listItem\",\"name\":\"Actualidad\"}},{\"@type\":\"ListItem\",\"@id\":\"https:\\\/\\\/www.eldigitaldeasturias.com\\\/noticias\\\/category\\\/actualidad\\\/#listItem\",\"position\":2,\"name\":\"Actualidad\",\"item\":\"https:\\\/\\\/www.eldigitaldeasturias.com\\\/noticias\\\/category\\\/actualidad\\\/\",\"nextItem\":{\"@type\":\"ListItem\",\"@id\":\"https:\\\/\\\/www.eldigitaldeasturias.com\\\/noticias\\\/santiago-abascal-responde-a-los-lideres-europeos-manipulados-por-el-separatismo\\\/#listItem\",\"name\":\"Santiago Abascal responde a los l\\u00edderes europeos manipulados por el separatismo\"},\"previousItem\":{\"@type\":\"ListItem\",\"@id\":\"https:\\\/\\\/www.eldigitaldeasturias.com\\\/noticias#listItem\",\"name\":\"Home\"}},{\"@type\":\"ListItem\",\"@id\":\"https:\\\/\\\/www.eldigitaldeasturias.com\\\/noticias\\\/santiago-abascal-responde-a-los-lideres-europeos-manipulados-por-el-separatismo\\\/#listItem\",\"position\":3,\"name\":\"Santiago Abascal responde a los l\\u00edderes europeos manipulados por el separatismo\",\"previousItem\":{\"@type\":\"ListItem\",\"@id\":\"https:\\\/\\\/www.eldigitaldeasturias.com\\\/noticias\\\/category\\\/actualidad\\\/#listItem\",\"name\":\"Actualidad\"}}]},{\"@type\":\"Organization\",\"@id\":\"https:\\\/\\\/www.eldigitaldeasturias.com\\\/noticias\\\/#organization\",\"name\":\"El Digital de Asturias\",\"description\":\"Hemeroteca\",\"url\":\"https:\\\/\\\/www.eldigitaldeasturias.com\\\/noticias\\\/\",\"email\":\"info@eldigitaldeasturias.com\",\"telephone\":\"+34652131393\",\"logo\":{\"@type\":\"ImageObject\",\"url\":\"https:\\\/\\\/www.eldigitaldeasturias.com\\\/noticias\\\/wp-content\\\/uploads\\\/2020\\\/12\\\/EDA.jpg\",\"@id\":\"https:\\\/\\\/www.eldigitaldeasturias.com\\\/noticias\\\/santiago-abascal-responde-a-los-lideres-europeos-manipulados-por-el-separatismo\\\/#organizationLogo\"},\"image\":{\"@id\":\"https:\\\/\\\/www.eldigitaldeasturias.com\\\/noticias\\\/santiago-abascal-responde-a-los-lideres-europeos-manipulados-por-el-separatismo\\\/#organizationLogo\"},\"sameAs\":[\"https:\\\/\\\/facebook.com\\\/eldigitaldeasturias\",\"https:\\\/\\\/www.youtube.com\\\/channel\\\/UCZP-2wLEB9Rv6erhFmqVnvg\"],\"address\":{\"@id\":\"https:\\\/\\\/www.eldigitaldeasturias.com\\\/noticias\\\/#postaladdress\",\"@type\":\"PostalAddress\",\"streetAddress\":\"san antonio 4\",\"postalCode\":\"33430\",\"addressLocality\":\"Cand\\u00e1s\",\"addressRegion\":\"Asturias\",\"addressCountry\":\"ES\"}},{\"@type\":\"Person\",\"@id\":\"https:\\\/\\\/www.eldigitaldeasturias.com\\\/noticias\\\/author\\\/admin\\\/#author\",\"url\":\"https:\\\/\\\/www.eldigitaldeasturias.com\\\/noticias\\\/author\\\/admin\\\/\",\"name\":\"El Digital de Asturias\",\"image\":{\"@type\":\"ImageObject\",\"@id\":\"https:\\\/\\\/www.eldigitaldeasturias.com\\\/noticias\\\/santiago-abascal-responde-a-los-lideres-europeos-manipulados-por-el-separatismo\\\/#authorImage\",\"url\":\"https:\\\/\\\/secure.gravatar.com\\\/avatar\\\/df2aeffc32bcd13f8d26072ef8a91b623d677766deac7f97ca815868cd41bf5e?s=96&d=mm&r=g\",\"width\":96,\"height\":96,\"caption\":\"El Digital de Asturias\"}},{\"@type\":\"WebPage\",\"@id\":\"https:\\\/\\\/www.eldigitaldeasturias.com\\\/noticias\\\/santiago-abascal-responde-a-los-lideres-europeos-manipulados-por-el-separatismo\\\/#webpage\",\"url\":\"https:\\\/\\\/www.eldigitaldeasturias.com\\\/noticias\\\/santiago-abascal-responde-a-los-lideres-europeos-manipulados-por-el-separatismo\\\/\",\"name\":\"Santiago Abascal responde a los l\\u00edderes europeos manipulados por el separatismo - El Digital de Asturias\",\"description\":\"Santiago Abascal ha dirigido una carta a l\\u00edderes europeos -entre los que destacan Geert Wilders, Nigel Farage, Heinz-Christian Strache y Matteo Salvini- que en las \\u00faltimas horas han mostrado su apoyo al separatismo catal\\u00e1n y han criticado la actuaci\\u00f3n de las Fuerzas y Cuerpos de Seguridad del Estado. El presidente de VOX ha dirigido la\",\"inLanguage\":\"es-ES\",\"isPartOf\":{\"@id\":\"https:\\\/\\\/www.eldigitaldeasturias.com\\\/noticias\\\/#website\"},\"breadcrumb\":{\"@id\":\"https:\\\/\\\/www.eldigitaldeasturias.com\\\/noticias\\\/santiago-abascal-responde-a-los-lideres-europeos-manipulados-por-el-separatismo\\\/#breadcrumblist\"},\"author\":{\"@id\":\"https:\\\/\\\/www.eldigitaldeasturias.com\\\/noticias\\\/author\\\/admin\\\/#author\"},\"creator\":{\"@id\":\"https:\\\/\\\/www.eldigitaldeasturias.com\\\/noticias\\\/author\\\/admin\\\/#author\"},\"image\":{\"@type\":\"ImageObject\",\"url\":923704,\"@id\":\"https:\\\/\\\/www.eldigitaldeasturias.com\\\/noticias\\\/santiago-abascal-responde-a-los-lideres-europeos-manipulados-por-el-separatismo\\\/#mainImage\"},\"primaryImageOfPage\":{\"@id\":\"https:\\\/\\\/www.eldigitaldeasturias.com\\\/noticias\\\/santiago-abascal-responde-a-los-lideres-europeos-manipulados-por-el-separatismo\\\/#mainImage\"},\"datePublished\":\"2017-10-04T14:16:01+02:00\",\"dateModified\":\"2017-10-04T14:16:01+02:00\"},{\"@type\":\"WebSite\",\"@id\":\"https:\\\/\\\/www.eldigitaldeasturias.com\\\/noticias\\\/#website\",\"url\":\"https:\\\/\\\/www.eldigitaldeasturias.com\\\/noticias\\\/\",\"name\":\"El Digital de Asturias - Diario de actualidad y noticias\",\"alternateName\":\"El Digital de Asturias - Diario de actualidad y noticias\",\"description\":\"Hemeroteca\",\"inLanguage\":\"es-ES\",\"publisher\":{\"@id\":\"https:\\\/\\\/www.eldigitaldeasturias.com\\\/noticias\\\/#organization\"}}]}\n\t\t<\/script>\n\t\t<!-- All in One SEO Pro -->\r\n\t\t<title>Santiago Abascal responde a los l\u00edderes europeos manipulados por el separatismo - El Digital de Asturias<\/title>\n\n","aioseo_head_json":{"title":"Santiago Abascal responde a los l\u00edderes europeos manipulados por el separatismo - El Digital de Asturias","description":"Santiago Abascal ha dirigido una carta a l\u00edderes europeos -entre los que destacan Geert Wilders, Nigel Farage, Heinz-Christian Strache y Matteo Salvini- que en las \u00faltimas horas han mostrado su apoyo al separatismo catal\u00e1n y han criticado la actuaci\u00f3n de las Fuerzas y Cuerpos de Seguridad del Estado. El presidente de VOX ha dirigido la","canonical_url":"https:\/\/www.eldigitaldeasturias.com\/noticias\/santiago-abascal-responde-a-los-lideres-europeos-manipulados-por-el-separatismo\/","robots":"max-image-preview:large","keywords":"actualidad","webmasterTools":{"google-site-verification":"UA-38556648-1","msvalidate.01":"7dfe9f3f1b24437ab69f4f2559babe99","miscellaneous":""},"schema":{"@context":"https:\/\/schema.org","@graph":[{"@type":"BlogPosting","@id":"https:\/\/www.eldigitaldeasturias.com\/noticias\/santiago-abascal-responde-a-los-lideres-europeos-manipulados-por-el-separatismo\/#blogposting","name":"Santiago Abascal responde a los l\u00edderes europeos manipulados por el separatismo - El Digital de Asturias","headline":"Santiago Abascal responde a los l\u00edderes europeos manipulados por el separatismo","author":{"@id":"https:\/\/www.eldigitaldeasturias.com\/noticias\/author\/admin\/#author"},"publisher":{"@id":"https:\/\/www.eldigitaldeasturias.com\/noticias\/#organization"},"image":{"@type":"ImageObject","url":923704},"datePublished":"2017-10-04T14:16:01+02:00","dateModified":"2017-10-04T14:16:01+02:00","inLanguage":"es-ES","mainEntityOfPage":{"@id":"https:\/\/www.eldigitaldeasturias.com\/noticias\/santiago-abascal-responde-a-los-lideres-europeos-manipulados-por-el-separatismo\/#webpage"},"isPartOf":{"@id":"https:\/\/www.eldigitaldeasturias.com\/noticias\/santiago-abascal-responde-a-los-lideres-europeos-manipulados-por-el-separatismo\/#webpage"},"articleSection":"Actualidad"},{"@type":"BreadcrumbList","@id":"https:\/\/www.eldigitaldeasturias.com\/noticias\/santiago-abascal-responde-a-los-lideres-europeos-manipulados-por-el-separatismo\/#breadcrumblist","itemListElement":[{"@type":"ListItem","@id":"https:\/\/www.eldigitaldeasturias.com\/noticias#listItem","position":1,"name":"Home","item":"https:\/\/www.eldigitaldeasturias.com\/noticias","nextItem":{"@type":"ListItem","@id":"https:\/\/www.eldigitaldeasturias.com\/noticias\/category\/actualidad\/#listItem","name":"Actualidad"}},{"@type":"ListItem","@id":"https:\/\/www.eldigitaldeasturias.com\/noticias\/category\/actualidad\/#listItem","position":2,"name":"Actualidad","item":"https:\/\/www.eldigitaldeasturias.com\/noticias\/category\/actualidad\/","nextItem":{"@type":"ListItem","@id":"https:\/\/www.eldigitaldeasturias.com\/noticias\/santiago-abascal-responde-a-los-lideres-europeos-manipulados-por-el-separatismo\/#listItem","name":"Santiago Abascal responde a los l\u00edderes europeos manipulados por el separatismo"},"previousItem":{"@type":"ListItem","@id":"https:\/\/www.eldigitaldeasturias.com\/noticias#listItem","name":"Home"}},{"@type":"ListItem","@id":"https:\/\/www.eldigitaldeasturias.com\/noticias\/santiago-abascal-responde-a-los-lideres-europeos-manipulados-por-el-separatismo\/#listItem","position":3,"name":"Santiago Abascal responde a los l\u00edderes europeos manipulados por el separatismo","previousItem":{"@type":"ListItem","@id":"https:\/\/www.eldigitaldeasturias.com\/noticias\/category\/actualidad\/#listItem","name":"Actualidad"}}]},{"@type":"Organization","@id":"https:\/\/www.eldigitaldeasturias.com\/noticias\/#organization","name":"El Digital de Asturias","description":"Hemeroteca","url":"https:\/\/www.eldigitaldeasturias.com\/noticias\/","email":"info@eldigitaldeasturias.com","telephone":"+34652131393","logo":{"@type":"ImageObject","url":"https:\/\/www.eldigitaldeasturias.com\/noticias\/wp-content\/uploads\/2020\/12\/EDA.jpg","@id":"https:\/\/www.eldigitaldeasturias.com\/noticias\/santiago-abascal-responde-a-los-lideres-europeos-manipulados-por-el-separatismo\/#organizationLogo"},"image":{"@id":"https:\/\/www.eldigitaldeasturias.com\/noticias\/santiago-abascal-responde-a-los-lideres-europeos-manipulados-por-el-separatismo\/#organizationLogo"},"sameAs":["https:\/\/facebook.com\/eldigitaldeasturias","https:\/\/www.youtube.com\/channel\/UCZP-2wLEB9Rv6erhFmqVnvg"],"address":{"@id":"https:\/\/www.eldigitaldeasturias.com\/noticias\/#postaladdress","@type":"PostalAddress","streetAddress":"san antonio 4","postalCode":"33430","addressLocality":"Cand\u00e1s","addressRegion":"Asturias","addressCountry":"ES"}},{"@type":"Person","@id":"https:\/\/www.eldigitaldeasturias.com\/noticias\/author\/admin\/#author","url":"https:\/\/www.eldigitaldeasturias.com\/noticias\/author\/admin\/","name":"El Digital de Asturias","image":{"@type":"ImageObject","@id":"https:\/\/www.eldigitaldeasturias.com\/noticias\/santiago-abascal-responde-a-los-lideres-europeos-manipulados-por-el-separatismo\/#authorImage","url":"https:\/\/secure.gravatar.com\/avatar\/df2aeffc32bcd13f8d26072ef8a91b623d677766deac7f97ca815868cd41bf5e?s=96&d=mm&r=g","width":96,"height":96,"caption":"El Digital de Asturias"}},{"@type":"WebPage","@id":"https:\/\/www.eldigitaldeasturias.com\/noticias\/santiago-abascal-responde-a-los-lideres-europeos-manipulados-por-el-separatismo\/#webpage","url":"https:\/\/www.eldigitaldeasturias.com\/noticias\/santiago-abascal-responde-a-los-lideres-europeos-manipulados-por-el-separatismo\/","name":"Santiago Abascal responde a los l\u00edderes europeos manipulados por el separatismo - El Digital de Asturias","description":"Santiago Abascal ha dirigido una carta a l\u00edderes europeos -entre los que destacan Geert Wilders, Nigel Farage, Heinz-Christian Strache y Matteo Salvini- que en las \u00faltimas horas han mostrado su apoyo al separatismo catal\u00e1n y han criticado la actuaci\u00f3n de las Fuerzas y Cuerpos de Seguridad del Estado. El presidente de VOX ha dirigido la","inLanguage":"es-ES","isPartOf":{"@id":"https:\/\/www.eldigitaldeasturias.com\/noticias\/#website"},"breadcrumb":{"@id":"https:\/\/www.eldigitaldeasturias.com\/noticias\/santiago-abascal-responde-a-los-lideres-europeos-manipulados-por-el-separatismo\/#breadcrumblist"},"author":{"@id":"https:\/\/www.eldigitaldeasturias.com\/noticias\/author\/admin\/#author"},"creator":{"@id":"https:\/\/www.eldigitaldeasturias.com\/noticias\/author\/admin\/#author"},"image":{"@type":"ImageObject","url":923704,"@id":"https:\/\/www.eldigitaldeasturias.com\/noticias\/santiago-abascal-responde-a-los-lideres-europeos-manipulados-por-el-separatismo\/#mainImage"},"primaryImageOfPage":{"@id":"https:\/\/www.eldigitaldeasturias.com\/noticias\/santiago-abascal-responde-a-los-lideres-europeos-manipulados-por-el-separatismo\/#mainImage"},"datePublished":"2017-10-04T14:16:01+02:00","dateModified":"2017-10-04T14:16:01+02:00"},{"@type":"WebSite","@id":"https:\/\/www.eldigitaldeasturias.com\/noticias\/#website","url":"https:\/\/www.eldigitaldeasturias.com\/noticias\/","name":"El Digital de Asturias - Diario de actualidad y noticias","alternateName":"El Digital de Asturias - Diario de actualidad y noticias","description":"Hemeroteca","inLanguage":"es-ES","publisher":{"@id":"https:\/\/www.eldigitaldeasturias.com\/noticias\/#organization"}}]},"og:locale":"es_ES","og:site_name":"El Digital de Asturias","og:type":"article","og:title":"Santiago Abascal responde a los l\u00edderes europeos manipulados por el separatismo - El Digital de Asturias","og:description":"Santiago Abascal ha dirigido una carta a l\u00edderes europeos -entre los que destacan Geert Wilders, Nigel Farage, Heinz-Christian Strache y Matteo Salvini- que en las \u00faltimas horas han mostrado su apoyo al separatismo catal\u00e1n y han criticado la actuaci\u00f3n de las Fuerzas y Cuerpos de Seguridad del Estado. El presidente de VOX ha dirigido la","og:url":"https:\/\/www.eldigitaldeasturias.com\/noticias\/santiago-abascal-responde-a-los-lideres-europeos-manipulados-por-el-separatismo\/","article:tag":["actualidad"],"article:published_time":"2017-10-04T14:16:01+00:00","article:modified_time":"2017-10-04T14:16:01+00:00","article:publisher":"https:\/\/facebook.com\/eldigitaldeasturias","twitter:card":"summary_large_image","twitter:title":"Santiago Abascal responde a los l\u00edderes europeos manipulados por el separatismo - El Digital de Asturias","twitter:description":"Santiago Abascal ha dirigido una carta a l\u00edderes europeos -entre los que destacan Geert Wilders, Nigel Farage, Heinz-Christian Strache y Matteo Salvini- que en las \u00faltimas horas han mostrado su apoyo al separatismo catal\u00e1n y han criticado la actuaci\u00f3n de las Fuerzas y Cuerpos de Seguridad del Estado. El presidente de VOX ha dirigido la","twitter:image":"https:\/\/www.eldigitaldeasturias.com\/noticias\/wp-content\/uploads\/2020\/12\/EDA-1.jpg","twitter:label1":"Escrito por","twitter:data1":"El Digital de Asturias","twitter:label2":"Tiempo de lectura estimado","twitter:data2":"2 minutos"},"aioseo_meta_data":{"post_id":"954845","title":null,"description":null,"keywords":null,"keyphrases":null,"primary_term":null,"canonical_url":null,"og_title":null,"og_description":null,"og_object_type":"default","og_image_type":"default","og_image_url":null,"og_image_width":null,"og_image_height":null,"og_image_custom_url":null,"og_image_custom_fields":null,"og_video":null,"og_custom_url":null,"og_article_section":null,"og_article_tags":null,"twitter_use_og":false,"twitter_card":"default","twitter_image_type":"default","twitter_image_url":null,"twitter_image_custom_url":null,"twitter_image_custom_fields":null,"twitter_title":null,"twitter_description":null,"schema":{"blockGraphs":[],"customGraphs":[],"default":{"data":{"Article":[],"Course":[],"Dataset":[],"FAQPage":[],"Movie":[],"Person":[],"Product":[],"ProductReview":[],"Car":[],"Recipe":[],"Service":[],"SoftwareApplication":[],"WebPage":[]},"graphName":"","isEnabled":true},"graphs":[],"defaultGraph":"","defaultPostTypeGraph":""},"schema_type":null,"schema_type_options":null,"pillar_content":false,"robots_default":true,"robots_noindex":false,"robots_noarchive":false,"robots_nosnippet":false,"robots_nofollow":false,"robots_noimageindex":false,"robots_noodp":false,"robots_notranslate":false,"robots_max_snippet":null,"robots_max_videopreview":null,"robots_max_imagepreview":"large","priority":null,"frequency":null,"local_seo":null,"seo_analyzer_scan_date":"2025-12-06 07:49:52","breadcrumb_settings":null,"limit_modified_date":false,"open_ai":null,"ai":null,"created":"2020-12-21 12:56:39","updated":"2025-12-06 07:49:52","focus_keyword":null,"additional_keywords":null,"truseo_locale":null},"aioseo_breadcrumb":"<div class=\"aioseo-breadcrumbs\"><span class=\"aioseo-breadcrumb\">\n\t<a href=\"https:\/\/www.eldigitaldeasturias.com\/noticias\" title=\"Home\">Home<\/a>\n<\/span><span class=\"aioseo-breadcrumb-separator\">\u2013<\/span><span class=\"aioseo-breadcrumb\">\n\t<a href=\"https:\/\/www.eldigitaldeasturias.com\/noticias\/category\/actualidad\/\" title=\"Actualidad\">Actualidad<\/a>\n<\/span><span class=\"aioseo-breadcrumb-separator\">\u2013<\/span><span class=\"aioseo-breadcrumb\">\n\t<a href=\"https:\/\/www.eldigitaldeasturias.com\/noticias\/santiago-abascal-responde-a-los-lideres-europeos-manipulados-por-el-separatismo\/\" title=\"Santiago Abascal responde a los l\u00edderes europeos manipulados por el separatismo\">Santiago Abascal responde a los l\u00edderes europeos manipulados por el separatismo<\/a>\n<\/span><\/div>","aioseo_breadcrumb_json":[{"label":"Home","link":"https:\/\/www.eldigitaldeasturias.com\/noticias"},{"label":"Actualidad","link":"https:\/\/www.eldigitaldeasturias.com\/noticias\/category\/actualidad\/"},{"label":"Santiago Abascal responde a los l\u00edderes europeos manipulados por el separatismo","link":"https:\/\/www.eldigitaldeasturias.com\/noticias\/santiago-abascal-responde-a-los-lideres-europeos-manipulados-por-el-separatismo\/"}],"_links":{"self":[{"href":"https:\/\/www.eldigitaldeasturias.com\/noticias\/wp-json\/wp\/v2\/posts\/954845","targetHints":{"allow":["GET"]}}],"collection":[{"href":"https:\/\/www.eldigitaldeasturias.com\/noticias\/wp-json\/wp\/v2\/posts"}],"about":[{"href":"https:\/\/www.eldigitaldeasturias.com\/noticias\/wp-json\/wp\/v2\/types\/post"}],"author":[{"embeddable":true,"href":"https:\/\/www.eldigitaldeasturias.com\/noticias\/wp-json\/wp\/v2\/users\/1"}],"replies":[{"embeddable":true,"href":"https:\/\/www.eldigitaldeasturias.com\/noticias\/wp-json\/wp\/v2\/comments?post=954845"}],"version-history":[{"count":0,"href":"https:\/\/www.eldigitaldeasturias.com\/noticias\/wp-json\/wp\/v2\/posts\/954845\/revisions"}],"wp:attachment":[{"href":"https:\/\/www.eldigitaldeasturias.com\/noticias\/wp-json\/wp\/v2\/media?parent=954845"}],"wp:term":[{"taxonomy":"category","embeddable":true,"href":"https:\/\/www.eldigitaldeasturias.com\/noticias\/wp-json\/wp\/v2\/categories?post=954845"},{"taxonomy":"post_tag","embeddable":true,"href":"https:\/\/www.eldigitaldeasturias.com\/noticias\/wp-json\/wp\/v2\/tags?post=954845"}],"curies":[{"name":"wp","href":"https:\/\/api.w.org\/{rel}","templated":true}]}}