{"id":954724,"date":"2017-10-04T04:35:14","date_gmt":"2017-10-04T04:35:14","guid":{"rendered":"http:\/\/www.eldigitaldeasturias.com\/noticias\/?p=954724"},"modified":"2017-10-04T04:35:14","modified_gmt":"2017-10-04T04:35:14","slug":"gonzalez-pons-mi-pais-no-puede-aceptar-lecciones-de-democracia-de-quien-no-considero-que-sea-un-democrata","status":"publish","type":"post","link":"https:\/\/www.eldigitaldeasturias.com\/noticias\/gonzalez-pons-mi-pais-no-puede-aceptar-lecciones-de-democracia-de-quien-no-considero-que-sea-un-democrata\/","title":{"rendered":"Gonz\u00e1lez Pons: \u201cMi pa\u00eds no puede aceptar lecciones de democracia de quien no considero que sea un dem\u00f3crata\u00bb"},"content":{"rendered":"<p><img loading=\"lazy\" decoding=\"async\" class=\"alignleft size-medium wp-image-954725\" src=\"https:\/\/www.eldigitaldeasturias.com\/noticias\/wp-content\/uploads\/2017\/10\/pons_192-360x163.jpg\" alt=\"\" width=\"360\" height=\"163\" \/>El Portavoz del PP y vicepresidente del Grupo PPE en el Parlamento Europeo, <strong>Esteban Gonz\u00e1lez Pons<\/strong>, <strong>ha criticado\u00a0al<\/strong> diputado<strong> eur\u00f3fobo brit\u00e1nico<\/strong> en el Parlamento Europeo, <strong>Nigel Farage<\/strong>, que ha utilizado un debate sobre el Brexit celebrado en el Pleno de esta instituci\u00f3n para reclamar la intervenci\u00f3n de la UE ante los acontecimientos en Catalu\u00f1a.<\/p>\n<p>Gonz\u00e1lez Pons respondi\u00f3 que quienes intentan ilegalmente la independencia de Catalu\u00f1a lo \u00faltimo que esperaban es un apoyo de estas caracter\u00edsticas: \u201cel apoyo de la extrema derecha europea, lo que al final nos demuestra a todos es qu\u00e9 es lo que realmente est\u00e1 sucediendo en Catalu\u00f1a y a qu\u00e9 se enfrenta realmente el Gobierno de Espa\u00f1a\u201d.<\/p>\n<p>El l\u00edder del PP en el Parlamento Europeo ha asegurado que, en contra de lo que dicen Farage y algunos independentistas en Catalu\u00f1a, \u201cEspa\u00f1a es una democracia consolidada, un socio leal y un buen amigo de toda la UE, que necesita la ayuda de todos y a los \u00fanicos que no necesita all\u00ed, porque ya no aportan nada, es a la extrema derecha, por m\u00e1s que quieran apuntarse a la fiesta\u201d.<\/p>\n<p>\u201cMi pa\u00eds no puede aceptar lecciones de democracia de quien no considero que sea un dem\u00f3crata, y la prueba que no es un dem\u00f3crata es que ni siquiera se ha quedado a escuchar lo que tengo que responderle\u201d, ha replicado Gonz\u00e1lez Pons a Nigel Farage.<\/p>\n<p>Gonz\u00e1lez Pons ha lamentado que el eurodiputado del partido anti-europeo UKIP haya dejado pasar la oportunidad de hablar de Gran Breta\u00f1a y el Brexit y haya apostado por hablar de Espa\u00f1a \u201cporque de su pa\u00eds, aparte de gritar, ustedes no tienen nada que decir\u201d.<\/p>\n<p>\u201cGracias al Brexit se marchar\u00e1 de esta c\u00e1mara la extrema derecha. Lo \u00fanico bueno que tiene el Brexit es que no tendremos que escuchar jam\u00e1s al se\u00f1or Farage\u201d, dijo Gonz\u00e1lez Pons.<\/p>\n<p>Durante el debate sobre el Brexit, Gonz\u00e1lez Pons ha expresado su preocupaci\u00f3n en nombre del Grupo Popular Europeo por la situaci\u00f3n de Irlanda del Norte y ha considerado que se trata de un \u201cproblema \u00fanico que requiere una soluci\u00f3n \u00fanica, que va a exigir lo mejor de nosotros.\u201d<\/p>\n","protected":false},"excerpt":{"rendered":"<p>El Portavoz del PP y vicepresidente del Grupo PPE en el Parlamento Europeo, Esteban Gonz\u00e1lez Pons, ha criticado\u00a0al diputado eur\u00f3fobo brit\u00e1nico en el Parlamento Europeo, Nigel Farage, que ha utilizado un debate sobre el Brexit celebrado en el Pleno de esta instituci\u00f3n para reclamar la intervenci\u00f3n de la UE ante los acontecimientos en Catalu\u00f1a. Gonz\u00e1lez [&hellip;]<\/p>\n","protected":false},"author":1,"featured_media":954725,"comment_status":"closed","ping_status":"closed","sticky":false,"template":"","format":"standard","meta":{"footnotes":""},"categories":[1],"tags":[],"class_list":["post-954724","post","type-post","status-publish","format-standard","has-post-thumbnail","hentry","category-actualidad"],"aioseo_notices":[],"aioseo_head":"\n\t\t<!-- All in One SEO Pro 5.0.1 - aioseo.com -->\n\t<meta name=\"description\" content=\"El Portavoz del PP y vicepresidente del Grupo PPE en el Parlamento Europeo, Esteban Gonz\u00e1lez Pons, ha criticado al diputado eur\u00f3fobo brit\u00e1nico en el Parlamento Europeo, Nigel Farage, que ha utilizado un debate sobre el Brexit celebrado en el Pleno de esta instituci\u00f3n para reclamar la intervenci\u00f3n de la UE ante los acontecimientos en Catalu\u00f1a. Gonz\u00e1lez\" \/>\n\t<meta name=\"robots\" content=\"max-image-preview:large\" \/>\n\t<meta name=\"author\" content=\"El Digital de Asturias\"\/>\n\t<meta name=\"google-site-verification\" content=\"UA-38556648-1\" \/>\n\t<meta name=\"msvalidate.01\" content=\"7dfe9f3f1b24437ab69f4f2559babe99\" \/>\n\t<meta name=\"keywords\" content=\"actualidad\" \/>\n\t<link rel=\"canonical\" href=\"https:\/\/www.eldigitaldeasturias.com\/noticias\/gonzalez-pons-mi-pais-no-puede-aceptar-lecciones-de-democracia-de-quien-no-considero-que-sea-un-democrata\/\" \/>\n\t<meta name=\"generator\" content=\"All in One SEO Pro (AIOSEO) 5.0.1\" \/>\n\t\t<meta property=\"og:locale\" content=\"es_ES\" \/>\n\t\t<meta property=\"og:site_name\" content=\"El Digital de Asturias\" \/>\n\t\t<meta property=\"og:type\" content=\"article\" \/>\n\t\t<meta property=\"og:title\" content=\"Gonz\u00e1lez Pons: \u201cMi pa\u00eds no puede aceptar lecciones de democracia de quien no considero que sea un dem\u00f3crata\u00bb - El Digital de Asturias\" \/>\n\t\t<meta property=\"og:description\" content=\"El Portavoz del PP y vicepresidente del Grupo PPE en el Parlamento Europeo, Esteban Gonz\u00e1lez Pons, ha criticado al diputado eur\u00f3fobo brit\u00e1nico en el Parlamento Europeo, Nigel Farage, que ha utilizado un debate sobre el Brexit celebrado en el Pleno de esta instituci\u00f3n para reclamar la intervenci\u00f3n de la UE ante los acontecimientos en Catalu\u00f1a. Gonz\u00e1lez\" \/>\n\t\t<meta property=\"og:url\" content=\"https:\/\/www.eldigitaldeasturias.com\/noticias\/gonzalez-pons-mi-pais-no-puede-aceptar-lecciones-de-democracia-de-quien-no-considero-que-sea-un-democrata\/\" \/>\n\t\t<meta property=\"article:tag\" content=\"actualidad\" \/>\n\t\t<meta property=\"article:published_time\" content=\"2017-10-04T04:35:14+00:00\" \/>\n\t\t<meta property=\"article:modified_time\" content=\"2017-10-04T04:35:14+00:00\" \/>\n\t\t<meta property=\"article:publisher\" content=\"https:\/\/facebook.com\/eldigitaldeasturias\" \/>\n\t\t<meta name=\"twitter:card\" content=\"summary_large_image\" \/>\n\t\t<meta name=\"twitter:title\" content=\"Gonz\u00e1lez Pons: \u201cMi pa\u00eds no puede aceptar lecciones de democracia de quien no considero que sea un dem\u00f3crata\u00bb - El Digital de Asturias\" \/>\n\t\t<meta name=\"twitter:description\" content=\"El Portavoz del PP y vicepresidente del Grupo PPE en el Parlamento Europeo, Esteban Gonz\u00e1lez Pons, ha criticado al diputado eur\u00f3fobo brit\u00e1nico en el Parlamento Europeo, Nigel Farage, que ha utilizado un debate sobre el Brexit celebrado en el Pleno de esta instituci\u00f3n para reclamar la intervenci\u00f3n de la UE ante los acontecimientos en Catalu\u00f1a. Gonz\u00e1lez\" \/>\n\t\t<meta name=\"twitter:image\" content=\"https:\/\/www.eldigitaldeasturias.com\/noticias\/wp-content\/uploads\/2020\/12\/EDA-1.jpg\" \/>\n\t\t<meta name=\"twitter:label1\" content=\"Escrito por\" \/>\n\t\t<meta name=\"twitter:data1\" content=\"El Digital de Asturias\" \/>\n\t\t<meta name=\"twitter:label2\" content=\"Tiempo de lectura estimado\" \/>\n\t\t<meta name=\"twitter:data2\" content=\"2 minutos\" \/>\n\t\t<script type=\"application\/ld+json\" class=\"aioseo-schema\">\n\t\t\t{\"@context\":\"https:\\\/\\\/schema.org\",\"@graph\":[{\"@type\":\"BlogPosting\",\"@id\":\"https:\\\/\\\/www.eldigitaldeasturias.com\\\/noticias\\\/gonzalez-pons-mi-pais-no-puede-aceptar-lecciones-de-democracia-de-quien-no-considero-que-sea-un-democrata\\\/#blogposting\",\"name\":\"Gonz\\u00e1lez Pons: \\u201cMi pa\\u00eds no puede aceptar lecciones de democracia de quien no considero que sea un dem\\u00f3crata\\u00bb - El Digital de Asturias\",\"headline\":\"Gonz\\u00e1lez Pons: \\u201cMi pa\\u00eds no puede aceptar lecciones de democracia de quien no considero que sea un dem\\u00f3crata\\u00bb\",\"author\":{\"@id\":\"https:\\\/\\\/www.eldigitaldeasturias.com\\\/noticias\\\/author\\\/admin\\\/#author\"},\"publisher\":{\"@id\":\"https:\\\/\\\/www.eldigitaldeasturias.com\\\/noticias\\\/#organization\"},\"image\":{\"@type\":\"ImageObject\",\"url\":954725},\"datePublished\":\"2017-10-04T04:35:14+02:00\",\"dateModified\":\"2017-10-04T04:35:14+02:00\",\"inLanguage\":\"es-ES\",\"mainEntityOfPage\":{\"@id\":\"https:\\\/\\\/www.eldigitaldeasturias.com\\\/noticias\\\/gonzalez-pons-mi-pais-no-puede-aceptar-lecciones-de-democracia-de-quien-no-considero-que-sea-un-democrata\\\/#webpage\"},\"isPartOf\":{\"@id\":\"https:\\\/\\\/www.eldigitaldeasturias.com\\\/noticias\\\/gonzalez-pons-mi-pais-no-puede-aceptar-lecciones-de-democracia-de-quien-no-considero-que-sea-un-democrata\\\/#webpage\"},\"articleSection\":\"Actualidad\"},{\"@type\":\"BreadcrumbList\",\"@id\":\"https:\\\/\\\/www.eldigitaldeasturias.com\\\/noticias\\\/gonzalez-pons-mi-pais-no-puede-aceptar-lecciones-de-democracia-de-quien-no-considero-que-sea-un-democrata\\\/#breadcrumblist\",\"itemListElement\":[{\"@type\":\"ListItem\",\"@id\":\"https:\\\/\\\/www.eldigitaldeasturias.com\\\/noticias#listItem\",\"position\":1,\"name\":\"Home\",\"item\":\"https:\\\/\\\/www.eldigitaldeasturias.com\\\/noticias\",\"nextItem\":{\"@type\":\"ListItem\",\"@id\":\"https:\\\/\\\/www.eldigitaldeasturias.com\\\/noticias\\\/category\\\/actualidad\\\/#listItem\",\"name\":\"Actualidad\"}},{\"@type\":\"ListItem\",\"@id\":\"https:\\\/\\\/www.eldigitaldeasturias.com\\\/noticias\\\/category\\\/actualidad\\\/#listItem\",\"position\":2,\"name\":\"Actualidad\",\"item\":\"https:\\\/\\\/www.eldigitaldeasturias.com\\\/noticias\\\/category\\\/actualidad\\\/\",\"nextItem\":{\"@type\":\"ListItem\",\"@id\":\"https:\\\/\\\/www.eldigitaldeasturias.com\\\/noticias\\\/gonzalez-pons-mi-pais-no-puede-aceptar-lecciones-de-democracia-de-quien-no-considero-que-sea-un-democrata\\\/#listItem\",\"name\":\"Gonz\\u00e1lez Pons: \\u201cMi pa\\u00eds no puede aceptar lecciones de democracia de quien no considero que sea un dem\\u00f3crata\\u00bb\"},\"previousItem\":{\"@type\":\"ListItem\",\"@id\":\"https:\\\/\\\/www.eldigitaldeasturias.com\\\/noticias#listItem\",\"name\":\"Home\"}},{\"@type\":\"ListItem\",\"@id\":\"https:\\\/\\\/www.eldigitaldeasturias.com\\\/noticias\\\/gonzalez-pons-mi-pais-no-puede-aceptar-lecciones-de-democracia-de-quien-no-considero-que-sea-un-democrata\\\/#listItem\",\"position\":3,\"name\":\"Gonz\\u00e1lez Pons: \\u201cMi pa\\u00eds no puede aceptar lecciones de democracia de quien no considero que sea un dem\\u00f3crata\\u00bb\",\"previousItem\":{\"@type\":\"ListItem\",\"@id\":\"https:\\\/\\\/www.eldigitaldeasturias.com\\\/noticias\\\/category\\\/actualidad\\\/#listItem\",\"name\":\"Actualidad\"}}]},{\"@type\":\"Organization\",\"@id\":\"https:\\\/\\\/www.eldigitaldeasturias.com\\\/noticias\\\/#organization\",\"name\":\"El Digital de Asturias\",\"description\":\"Hemeroteca\",\"url\":\"https:\\\/\\\/www.eldigitaldeasturias.com\\\/noticias\\\/\",\"email\":\"info@eldigitaldeasturias.com\",\"telephone\":\"+34652131393\",\"logo\":{\"@type\":\"ImageObject\",\"url\":\"https:\\\/\\\/www.eldigitaldeasturias.com\\\/noticias\\\/wp-content\\\/uploads\\\/2020\\\/12\\\/EDA.jpg\",\"@id\":\"https:\\\/\\\/www.eldigitaldeasturias.com\\\/noticias\\\/gonzalez-pons-mi-pais-no-puede-aceptar-lecciones-de-democracia-de-quien-no-considero-que-sea-un-democrata\\\/#organizationLogo\"},\"image\":{\"@id\":\"https:\\\/\\\/www.eldigitaldeasturias.com\\\/noticias\\\/gonzalez-pons-mi-pais-no-puede-aceptar-lecciones-de-democracia-de-quien-no-considero-que-sea-un-democrata\\\/#organizationLogo\"},\"sameAs\":[\"https:\\\/\\\/facebook.com\\\/eldigitaldeasturias\",\"https:\\\/\\\/www.youtube.com\\\/channel\\\/UCZP-2wLEB9Rv6erhFmqVnvg\"],\"address\":{\"@id\":\"https:\\\/\\\/www.eldigitaldeasturias.com\\\/noticias\\\/#postaladdress\",\"@type\":\"PostalAddress\",\"streetAddress\":\"san antonio 4\",\"postalCode\":\"33430\",\"addressLocality\":\"Cand\\u00e1s\",\"addressRegion\":\"Asturias\",\"addressCountry\":\"ES\"}},{\"@type\":\"Person\",\"@id\":\"https:\\\/\\\/www.eldigitaldeasturias.com\\\/noticias\\\/author\\\/admin\\\/#author\",\"url\":\"https:\\\/\\\/www.eldigitaldeasturias.com\\\/noticias\\\/author\\\/admin\\\/\",\"name\":\"El Digital de Asturias\",\"image\":{\"@type\":\"ImageObject\",\"@id\":\"https:\\\/\\\/www.eldigitaldeasturias.com\\\/noticias\\\/gonzalez-pons-mi-pais-no-puede-aceptar-lecciones-de-democracia-de-quien-no-considero-que-sea-un-democrata\\\/#authorImage\",\"url\":\"https:\\\/\\\/secure.gravatar.com\\\/avatar\\\/df2aeffc32bcd13f8d26072ef8a91b623d677766deac7f97ca815868cd41bf5e?s=96&d=mm&r=g\",\"width\":96,\"height\":96,\"caption\":\"El Digital de Asturias\"}},{\"@type\":\"WebPage\",\"@id\":\"https:\\\/\\\/www.eldigitaldeasturias.com\\\/noticias\\\/gonzalez-pons-mi-pais-no-puede-aceptar-lecciones-de-democracia-de-quien-no-considero-que-sea-un-democrata\\\/#webpage\",\"url\":\"https:\\\/\\\/www.eldigitaldeasturias.com\\\/noticias\\\/gonzalez-pons-mi-pais-no-puede-aceptar-lecciones-de-democracia-de-quien-no-considero-que-sea-un-democrata\\\/\",\"name\":\"Gonz\\u00e1lez Pons: \\u201cMi pa\\u00eds no puede aceptar lecciones de democracia de quien no considero que sea un dem\\u00f3crata\\u00bb - El Digital de Asturias\",\"description\":\"El Portavoz del PP y vicepresidente del Grupo PPE en el Parlamento Europeo, Esteban Gonz\\u00e1lez Pons, ha criticado al diputado eur\\u00f3fobo brit\\u00e1nico en el Parlamento Europeo, Nigel Farage, que ha utilizado un debate sobre el Brexit celebrado en el Pleno de esta instituci\\u00f3n para reclamar la intervenci\\u00f3n de la UE ante los acontecimientos en Catalu\\u00f1a. Gonz\\u00e1lez\",\"inLanguage\":\"es-ES\",\"isPartOf\":{\"@id\":\"https:\\\/\\\/www.eldigitaldeasturias.com\\\/noticias\\\/#website\"},\"breadcrumb\":{\"@id\":\"https:\\\/\\\/www.eldigitaldeasturias.com\\\/noticias\\\/gonzalez-pons-mi-pais-no-puede-aceptar-lecciones-de-democracia-de-quien-no-considero-que-sea-un-democrata\\\/#breadcrumblist\"},\"author\":{\"@id\":\"https:\\\/\\\/www.eldigitaldeasturias.com\\\/noticias\\\/author\\\/admin\\\/#author\"},\"creator\":{\"@id\":\"https:\\\/\\\/www.eldigitaldeasturias.com\\\/noticias\\\/author\\\/admin\\\/#author\"},\"image\":{\"@type\":\"ImageObject\",\"url\":954725,\"@id\":\"https:\\\/\\\/www.eldigitaldeasturias.com\\\/noticias\\\/gonzalez-pons-mi-pais-no-puede-aceptar-lecciones-de-democracia-de-quien-no-considero-que-sea-un-democrata\\\/#mainImage\"},\"primaryImageOfPage\":{\"@id\":\"https:\\\/\\\/www.eldigitaldeasturias.com\\\/noticias\\\/gonzalez-pons-mi-pais-no-puede-aceptar-lecciones-de-democracia-de-quien-no-considero-que-sea-un-democrata\\\/#mainImage\"},\"datePublished\":\"2017-10-04T04:35:14+02:00\",\"dateModified\":\"2017-10-04T04:35:14+02:00\"},{\"@type\":\"WebSite\",\"@id\":\"https:\\\/\\\/www.eldigitaldeasturias.com\\\/noticias\\\/#website\",\"url\":\"https:\\\/\\\/www.eldigitaldeasturias.com\\\/noticias\\\/\",\"name\":\"El Digital de Asturias - Diario de actualidad y noticias\",\"alternateName\":\"El Digital de Asturias - Diario de actualidad y noticias\",\"description\":\"Hemeroteca\",\"inLanguage\":\"es-ES\",\"publisher\":{\"@id\":\"https:\\\/\\\/www.eldigitaldeasturias.com\\\/noticias\\\/#organization\"}}]}\n\t\t<\/script>\n\t\t<!-- All in One SEO Pro -->\r\n\t\t<title>Gonz\u00e1lez Pons: \u201cMi pa\u00eds no puede aceptar lecciones de democracia de quien no considero que sea un dem\u00f3crata\u00bb - El Digital de Asturias<\/title>\n\n","aioseo_head_json":{"title":"Gonz\u00e1lez Pons: \u201cMi pa\u00eds no puede aceptar lecciones de democracia de quien no considero que sea un dem\u00f3crata\u00bb - El Digital de Asturias","description":"El Portavoz del PP y vicepresidente del Grupo PPE en el Parlamento Europeo, Esteban Gonz\u00e1lez Pons, ha criticado al diputado eur\u00f3fobo brit\u00e1nico en el Parlamento Europeo, Nigel Farage, que ha utilizado un debate sobre el Brexit celebrado en el Pleno de esta instituci\u00f3n para reclamar la intervenci\u00f3n de la UE ante los acontecimientos en Catalu\u00f1a. Gonz\u00e1lez","canonical_url":"https:\/\/www.eldigitaldeasturias.com\/noticias\/gonzalez-pons-mi-pais-no-puede-aceptar-lecciones-de-democracia-de-quien-no-considero-que-sea-un-democrata\/","robots":"max-image-preview:large","keywords":"actualidad","webmasterTools":{"google-site-verification":"UA-38556648-1","msvalidate.01":"7dfe9f3f1b24437ab69f4f2559babe99","miscellaneous":""},"schema":{"@context":"https:\/\/schema.org","@graph":[{"@type":"BlogPosting","@id":"https:\/\/www.eldigitaldeasturias.com\/noticias\/gonzalez-pons-mi-pais-no-puede-aceptar-lecciones-de-democracia-de-quien-no-considero-que-sea-un-democrata\/#blogposting","name":"Gonz\u00e1lez Pons: \u201cMi pa\u00eds no puede aceptar lecciones de democracia de quien no considero que sea un dem\u00f3crata\u00bb - El Digital de Asturias","headline":"Gonz\u00e1lez Pons: \u201cMi pa\u00eds no puede aceptar lecciones de democracia de quien no considero que sea un dem\u00f3crata\u00bb","author":{"@id":"https:\/\/www.eldigitaldeasturias.com\/noticias\/author\/admin\/#author"},"publisher":{"@id":"https:\/\/www.eldigitaldeasturias.com\/noticias\/#organization"},"image":{"@type":"ImageObject","url":954725},"datePublished":"2017-10-04T04:35:14+02:00","dateModified":"2017-10-04T04:35:14+02:00","inLanguage":"es-ES","mainEntityOfPage":{"@id":"https:\/\/www.eldigitaldeasturias.com\/noticias\/gonzalez-pons-mi-pais-no-puede-aceptar-lecciones-de-democracia-de-quien-no-considero-que-sea-un-democrata\/#webpage"},"isPartOf":{"@id":"https:\/\/www.eldigitaldeasturias.com\/noticias\/gonzalez-pons-mi-pais-no-puede-aceptar-lecciones-de-democracia-de-quien-no-considero-que-sea-un-democrata\/#webpage"},"articleSection":"Actualidad"},{"@type":"BreadcrumbList","@id":"https:\/\/www.eldigitaldeasturias.com\/noticias\/gonzalez-pons-mi-pais-no-puede-aceptar-lecciones-de-democracia-de-quien-no-considero-que-sea-un-democrata\/#breadcrumblist","itemListElement":[{"@type":"ListItem","@id":"https:\/\/www.eldigitaldeasturias.com\/noticias#listItem","position":1,"name":"Home","item":"https:\/\/www.eldigitaldeasturias.com\/noticias","nextItem":{"@type":"ListItem","@id":"https:\/\/www.eldigitaldeasturias.com\/noticias\/category\/actualidad\/#listItem","name":"Actualidad"}},{"@type":"ListItem","@id":"https:\/\/www.eldigitaldeasturias.com\/noticias\/category\/actualidad\/#listItem","position":2,"name":"Actualidad","item":"https:\/\/www.eldigitaldeasturias.com\/noticias\/category\/actualidad\/","nextItem":{"@type":"ListItem","@id":"https:\/\/www.eldigitaldeasturias.com\/noticias\/gonzalez-pons-mi-pais-no-puede-aceptar-lecciones-de-democracia-de-quien-no-considero-que-sea-un-democrata\/#listItem","name":"Gonz\u00e1lez Pons: \u201cMi pa\u00eds no puede aceptar lecciones de democracia de quien no considero que sea un dem\u00f3crata\u00bb"},"previousItem":{"@type":"ListItem","@id":"https:\/\/www.eldigitaldeasturias.com\/noticias#listItem","name":"Home"}},{"@type":"ListItem","@id":"https:\/\/www.eldigitaldeasturias.com\/noticias\/gonzalez-pons-mi-pais-no-puede-aceptar-lecciones-de-democracia-de-quien-no-considero-que-sea-un-democrata\/#listItem","position":3,"name":"Gonz\u00e1lez Pons: \u201cMi pa\u00eds no puede aceptar lecciones de democracia de quien no considero que sea un dem\u00f3crata\u00bb","previousItem":{"@type":"ListItem","@id":"https:\/\/www.eldigitaldeasturias.com\/noticias\/category\/actualidad\/#listItem","name":"Actualidad"}}]},{"@type":"Organization","@id":"https:\/\/www.eldigitaldeasturias.com\/noticias\/#organization","name":"El Digital de Asturias","description":"Hemeroteca","url":"https:\/\/www.eldigitaldeasturias.com\/noticias\/","email":"info@eldigitaldeasturias.com","telephone":"+34652131393","logo":{"@type":"ImageObject","url":"https:\/\/www.eldigitaldeasturias.com\/noticias\/wp-content\/uploads\/2020\/12\/EDA.jpg","@id":"https:\/\/www.eldigitaldeasturias.com\/noticias\/gonzalez-pons-mi-pais-no-puede-aceptar-lecciones-de-democracia-de-quien-no-considero-que-sea-un-democrata\/#organizationLogo"},"image":{"@id":"https:\/\/www.eldigitaldeasturias.com\/noticias\/gonzalez-pons-mi-pais-no-puede-aceptar-lecciones-de-democracia-de-quien-no-considero-que-sea-un-democrata\/#organizationLogo"},"sameAs":["https:\/\/facebook.com\/eldigitaldeasturias","https:\/\/www.youtube.com\/channel\/UCZP-2wLEB9Rv6erhFmqVnvg"],"address":{"@id":"https:\/\/www.eldigitaldeasturias.com\/noticias\/#postaladdress","@type":"PostalAddress","streetAddress":"san antonio 4","postalCode":"33430","addressLocality":"Cand\u00e1s","addressRegion":"Asturias","addressCountry":"ES"}},{"@type":"Person","@id":"https:\/\/www.eldigitaldeasturias.com\/noticias\/author\/admin\/#author","url":"https:\/\/www.eldigitaldeasturias.com\/noticias\/author\/admin\/","name":"El Digital de Asturias","image":{"@type":"ImageObject","@id":"https:\/\/www.eldigitaldeasturias.com\/noticias\/gonzalez-pons-mi-pais-no-puede-aceptar-lecciones-de-democracia-de-quien-no-considero-que-sea-un-democrata\/#authorImage","url":"https:\/\/secure.gravatar.com\/avatar\/df2aeffc32bcd13f8d26072ef8a91b623d677766deac7f97ca815868cd41bf5e?s=96&d=mm&r=g","width":96,"height":96,"caption":"El Digital de Asturias"}},{"@type":"WebPage","@id":"https:\/\/www.eldigitaldeasturias.com\/noticias\/gonzalez-pons-mi-pais-no-puede-aceptar-lecciones-de-democracia-de-quien-no-considero-que-sea-un-democrata\/#webpage","url":"https:\/\/www.eldigitaldeasturias.com\/noticias\/gonzalez-pons-mi-pais-no-puede-aceptar-lecciones-de-democracia-de-quien-no-considero-que-sea-un-democrata\/","name":"Gonz\u00e1lez Pons: \u201cMi pa\u00eds no puede aceptar lecciones de democracia de quien no considero que sea un dem\u00f3crata\u00bb - El Digital de Asturias","description":"El Portavoz del PP y vicepresidente del Grupo PPE en el Parlamento Europeo, Esteban Gonz\u00e1lez Pons, ha criticado al diputado eur\u00f3fobo brit\u00e1nico en el Parlamento Europeo, Nigel Farage, que ha utilizado un debate sobre el Brexit celebrado en el Pleno de esta instituci\u00f3n para reclamar la intervenci\u00f3n de la UE ante los acontecimientos en Catalu\u00f1a. Gonz\u00e1lez","inLanguage":"es-ES","isPartOf":{"@id":"https:\/\/www.eldigitaldeasturias.com\/noticias\/#website"},"breadcrumb":{"@id":"https:\/\/www.eldigitaldeasturias.com\/noticias\/gonzalez-pons-mi-pais-no-puede-aceptar-lecciones-de-democracia-de-quien-no-considero-que-sea-un-democrata\/#breadcrumblist"},"author":{"@id":"https:\/\/www.eldigitaldeasturias.com\/noticias\/author\/admin\/#author"},"creator":{"@id":"https:\/\/www.eldigitaldeasturias.com\/noticias\/author\/admin\/#author"},"image":{"@type":"ImageObject","url":954725,"@id":"https:\/\/www.eldigitaldeasturias.com\/noticias\/gonzalez-pons-mi-pais-no-puede-aceptar-lecciones-de-democracia-de-quien-no-considero-que-sea-un-democrata\/#mainImage"},"primaryImageOfPage":{"@id":"https:\/\/www.eldigitaldeasturias.com\/noticias\/gonzalez-pons-mi-pais-no-puede-aceptar-lecciones-de-democracia-de-quien-no-considero-que-sea-un-democrata\/#mainImage"},"datePublished":"2017-10-04T04:35:14+02:00","dateModified":"2017-10-04T04:35:14+02:00"},{"@type":"WebSite","@id":"https:\/\/www.eldigitaldeasturias.com\/noticias\/#website","url":"https:\/\/www.eldigitaldeasturias.com\/noticias\/","name":"El Digital de Asturias - Diario de actualidad y noticias","alternateName":"El Digital de Asturias - Diario de actualidad y noticias","description":"Hemeroteca","inLanguage":"es-ES","publisher":{"@id":"https:\/\/www.eldigitaldeasturias.com\/noticias\/#organization"}}]},"og:locale":"es_ES","og:site_name":"El Digital de Asturias","og:type":"article","og:title":"Gonz\u00e1lez Pons: \u201cMi pa\u00eds no puede aceptar lecciones de democracia de quien no considero que sea un dem\u00f3crata\u00bb - El Digital de Asturias","og:description":"El Portavoz del PP y vicepresidente del Grupo PPE en el Parlamento Europeo, Esteban Gonz\u00e1lez Pons, ha criticado al diputado eur\u00f3fobo brit\u00e1nico en el Parlamento Europeo, Nigel Farage, que ha utilizado un debate sobre el Brexit celebrado en el Pleno de esta instituci\u00f3n para reclamar la intervenci\u00f3n de la UE ante los acontecimientos en Catalu\u00f1a. Gonz\u00e1lez","og:url":"https:\/\/www.eldigitaldeasturias.com\/noticias\/gonzalez-pons-mi-pais-no-puede-aceptar-lecciones-de-democracia-de-quien-no-considero-que-sea-un-democrata\/","article:tag":["actualidad"],"article:published_time":"2017-10-04T04:35:14+00:00","article:modified_time":"2017-10-04T04:35:14+00:00","article:publisher":"https:\/\/facebook.com\/eldigitaldeasturias","twitter:card":"summary_large_image","twitter:title":"Gonz\u00e1lez Pons: \u201cMi pa\u00eds no puede aceptar lecciones de democracia de quien no considero que sea un dem\u00f3crata\u00bb - El Digital de Asturias","twitter:description":"El Portavoz del PP y vicepresidente del Grupo PPE en el Parlamento Europeo, Esteban Gonz\u00e1lez Pons, ha criticado al diputado eur\u00f3fobo brit\u00e1nico en el Parlamento Europeo, Nigel Farage, que ha utilizado un debate sobre el Brexit celebrado en el Pleno de esta instituci\u00f3n para reclamar la intervenci\u00f3n de la UE ante los acontecimientos en Catalu\u00f1a. Gonz\u00e1lez","twitter:image":"https:\/\/www.eldigitaldeasturias.com\/noticias\/wp-content\/uploads\/2020\/12\/EDA-1.jpg","twitter:label1":"Escrito por","twitter:data1":"El Digital de Asturias","twitter:label2":"Tiempo de lectura estimado","twitter:data2":"2 minutos"},"aioseo_meta_data":{"post_id":"954724","title":null,"description":null,"keywords":null,"keyphrases":null,"primary_term":null,"canonical_url":null,"og_title":null,"og_description":null,"og_object_type":"default","og_image_type":"default","og_image_url":null,"og_image_width":null,"og_image_height":null,"og_image_custom_url":null,"og_image_custom_fields":null,"og_video":null,"og_custom_url":null,"og_article_section":null,"og_article_tags":null,"twitter_use_og":false,"twitter_card":"default","twitter_image_type":"default","twitter_image_url":null,"twitter_image_custom_url":null,"twitter_image_custom_fields":null,"twitter_title":null,"twitter_description":null,"schema":{"blockGraphs":[],"customGraphs":[],"default":{"data":{"Article":[],"Course":[],"Dataset":[],"FAQPage":[],"Movie":[],"Person":[],"Product":[],"ProductReview":[],"Car":[],"Recipe":[],"Service":[],"SoftwareApplication":[],"WebPage":[]},"graphName":"","isEnabled":true},"graphs":[],"defaultGraph":"","defaultPostTypeGraph":""},"schema_type":null,"schema_type_options":null,"pillar_content":false,"robots_default":true,"robots_noindex":false,"robots_noarchive":false,"robots_nosnippet":false,"robots_nofollow":false,"robots_noimageindex":false,"robots_noodp":false,"robots_notranslate":false,"robots_max_snippet":null,"robots_max_videopreview":null,"robots_max_imagepreview":"large","priority":null,"frequency":null,"local_seo":null,"seo_analyzer_scan_date":"2025-12-06 07:24:08","breadcrumb_settings":null,"limit_modified_date":false,"open_ai":null,"ai":null,"created":"2020-12-21 12:56:40","updated":"2025-12-06 07:24:08","focus_keyword":null,"additional_keywords":null,"truseo_locale":null},"aioseo_breadcrumb":"<div class=\"aioseo-breadcrumbs\"><span class=\"aioseo-breadcrumb\">\n\t<a href=\"https:\/\/www.eldigitaldeasturias.com\/noticias\" title=\"Home\">Home<\/a>\n<\/span><span class=\"aioseo-breadcrumb-separator\">\u2013<\/span><span class=\"aioseo-breadcrumb\">\n\t<a href=\"https:\/\/www.eldigitaldeasturias.com\/noticias\/category\/actualidad\/\" title=\"Actualidad\">Actualidad<\/a>\n<\/span><span class=\"aioseo-breadcrumb-separator\">\u2013<\/span><span class=\"aioseo-breadcrumb\">\n\t<a href=\"https:\/\/www.eldigitaldeasturias.com\/noticias\/gonzalez-pons-mi-pais-no-puede-aceptar-lecciones-de-democracia-de-quien-no-considero-que-sea-un-democrata\/\" title=\"Gonz\u00e1lez Pons: \u201cMi pa\u00eds no puede aceptar lecciones de democracia de quien no considero que sea un dem\u00f3crata\u00bb\">Gonz\u00e1lez Pons: \u201cMi pa\u00eds no puede aceptar lecciones de democracia de quien no considero que sea un dem\u00f3crata\u00bb<\/a>\n<\/span><\/div>","aioseo_breadcrumb_json":[{"label":"Home","link":"https:\/\/www.eldigitaldeasturias.com\/noticias"},{"label":"Actualidad","link":"https:\/\/www.eldigitaldeasturias.com\/noticias\/category\/actualidad\/"},{"label":"Gonz\u00e1lez Pons: \u201cMi pa\u00eds no puede aceptar lecciones de democracia de quien no considero que sea un dem\u00f3crata\u00bb","link":"https:\/\/www.eldigitaldeasturias.com\/noticias\/gonzalez-pons-mi-pais-no-puede-aceptar-lecciones-de-democracia-de-quien-no-considero-que-sea-un-democrata\/"}],"_links":{"self":[{"href":"https:\/\/www.eldigitaldeasturias.com\/noticias\/wp-json\/wp\/v2\/posts\/954724","targetHints":{"allow":["GET"]}}],"collection":[{"href":"https:\/\/www.eldigitaldeasturias.com\/noticias\/wp-json\/wp\/v2\/posts"}],"about":[{"href":"https:\/\/www.eldigitaldeasturias.com\/noticias\/wp-json\/wp\/v2\/types\/post"}],"author":[{"embeddable":true,"href":"https:\/\/www.eldigitaldeasturias.com\/noticias\/wp-json\/wp\/v2\/users\/1"}],"replies":[{"embeddable":true,"href":"https:\/\/www.eldigitaldeasturias.com\/noticias\/wp-json\/wp\/v2\/comments?post=954724"}],"version-history":[{"count":0,"href":"https:\/\/www.eldigitaldeasturias.com\/noticias\/wp-json\/wp\/v2\/posts\/954724\/revisions"}],"wp:attachment":[{"href":"https:\/\/www.eldigitaldeasturias.com\/noticias\/wp-json\/wp\/v2\/media?parent=954724"}],"wp:term":[{"taxonomy":"category","embeddable":true,"href":"https:\/\/www.eldigitaldeasturias.com\/noticias\/wp-json\/wp\/v2\/categories?post=954724"},{"taxonomy":"post_tag","embeddable":true,"href":"https:\/\/www.eldigitaldeasturias.com\/noticias\/wp-json\/wp\/v2\/tags?post=954724"}],"curies":[{"name":"wp","href":"https:\/\/api.w.org\/{rel}","templated":true}]}}