{"id":954635,"date":"2017-10-03T15:00:42","date_gmt":"2017-10-03T15:00:42","guid":{"rendered":"http:\/\/www.eldigitaldeasturias.com\/noticias\/?p=954635"},"modified":"2017-10-03T15:00:42","modified_gmt":"2017-10-03T15:00:42","slug":"recortes-cero-puigdemont-ha-fracasado","status":"publish","type":"post","link":"https:\/\/www.eldigitaldeasturias.com\/noticias\/recortes-cero-puigdemont-ha-fracasado\/","title":{"rendered":"Recortes Cero: \u00abPuigdemont ha fracasado\u00bb"},"content":{"rendered":"<p><img loading=\"lazy\" decoding=\"async\" class=\"alignleft size-medium wp-image-954636\" src=\"https:\/\/www.eldigitaldeasturias.com\/noticias\/wp-content\/uploads\/2017\/10\/amtidemocr\u00e1tica-360x255.jpg\" alt=\"\" width=\"360\" height=\"255\" \/>La convocatoria del 1-O, que hemos denunciado como una \u201cEstafa Antidemocr\u00e1tica\u201d y cuyo objetivo es imponer a la sociedad catalana una independencia unilateral, se ha saldado con un fracaso de Puigdemont.<\/p>\n<p>Igualmente, desde Recortes Cero queremos manifestar nuestro m\u00e1s profundo rechazo a la actuaci\u00f3n del Gobierno que tuvo como resultado a 844 personas atendidas por los servicios de emergencias y dos de ellas hospitalizadas. La respuesta del Gobierno deber\u00eda haber sido otra, atendiendo a las caracter\u00edsticas de la jornada y a la participaci\u00f3n de la gente.<\/p>\n<p>Por ello, al igual que no aceptamos que nuestro rechazo a las pol\u00edticas de Rajoy se utilice para justificar la Estafa Antidemocr\u00e1tica del 1-O, no aceptamos que nuestro rechazo a la actuaci\u00f3n del Gobierno sirva para justificar cualquier resultado. La actuaci\u00f3n de Rajoy no convierte en dem\u00f3crata a Puigdemont.<\/p>\n<p>Nada ni nadie puede ocultar los hechos: el cambio de las reglas de juego antes de la votaci\u00f3n, la falta de control sobre el censo, el soporte inform\u00e1tico, la evidencia de que era posible votar varias veces, el control de las mesas por parte de las organizaciones independentistas, la ausencia de una sindicatura electoral independiente\u2026<\/p>\n<p>Los resultados del 1-O atentan contra las m\u00e1s m\u00ednimas garant\u00edas democr\u00e1ticas y nadie deber\u00eda otorgarles credibilidad alguna. Denunciar esto y esclarecer la verdad de los resultados y de las pr\u00e1cticas antidemocr\u00e1ticas es clave. Porque pese a una actuaci\u00f3n policial desmesurada y absolutamente condenable, en la mayor\u00eda de colegios se pudo votar con normalidad, ya que los que fueron cerrados representan solo el 15%.<\/p>\n<p>Por otra parte, a\u00fan sin concederles credibilidad, en los resultados que el Govern ha ofrecido est\u00e1n los l\u00edmites del apoyo social al independentismo. En junio Artur Mas declar\u00f3 que \u201csi no superamos los votos del 9-N el refer\u00e9ndum no tendr\u00e1 legitimidad\u201d. Y, como ya sucedi\u00f3 el 27-S, el independentismo no ha conseguido los objetivos que se propon\u00eda: De los 2.305.290 millones de votos presentados el 9-N ahora se ha pasado a los 2.262.424. Es decir m\u00e1s de 45.000 votos menos. El 90% de votos al S\u00ed, y los apenas 176.000 votos al No evidencian que s\u00f3lo se ha movilizado, aunque en un grado considerable, el voto independentista. El porcentaje de participaci\u00f3n solo alcanza el 42% del censo, frente al 58% que no han avalado con su voto el 1-O. Los votos por la independencia solo representan el 38% del censo.<\/p>\n<p>A pesar, incluso, de la indignaci\u00f3n y rechazo entre la mayor\u00eda de catalanes contra la violencia policial, no se ha producido la \u201cmovilizaci\u00f3n transversal\u201d con la que acudir\u00edan masivamente a votar los no independentistas. A\u00fan en unas condiciones excepcionales, donde la propaganda ha sido abrumadora, la sociedad catalana s\u00ed ha decidido&#8230; y lo ha hecho mayoritariamente no avalando el 1-O. Hoy, Puigdemont y el Govern est\u00e1n en una situaci\u00f3n de mayor debilidad, y se ha expresado un rechazo mayoritario a sus objetivos.<\/p>\n<p>Por otra parte, los hechos demuestran que la inmensa mayor\u00eda de la izquierda y el pueblo trabajador han rechazado esta convocatoria. El No apenas ha cosechado 176.666 votos -menos que el 9N- y el voto nulo o en blanco solo ha sido seguido por el 2% de los catalanes -poco m\u00e1s de 45.000-. No solo la mayor\u00eda de la izquierda rechaza la independencia, como demuestran los resultados electorales en el cintur\u00f3n rojo de Barcelona, sino que el seno de la izquierda y el pueblo trabajador ha rechazado el 1-O; es decir, posicion\u00e1ndose en contra de la violencia policial o la actuaci\u00f3n del gobierno de Rajoy, pero neg\u00e1ndose a apoyar la amenaza de una independencia unilateral. Toda la izquierda catalana debe ahora pasar a denunciar la estafa que suponen los resultados presentados por Puigdemont.<\/p>\n","protected":false},"excerpt":{"rendered":"<p>La convocatoria del 1-O, que hemos denunciado como una \u201cEstafa Antidemocr\u00e1tica\u201d y cuyo objetivo es imponer a la sociedad catalana una independencia unilateral, se ha saldado con un fracaso de Puigdemont. Igualmente, desde Recortes Cero queremos manifestar nuestro m\u00e1s profundo rechazo a la actuaci\u00f3n del Gobierno que tuvo como resultado a 844 personas atendidas por [&hellip;]<\/p>\n","protected":false},"author":1,"featured_media":954636,"comment_status":"closed","ping_status":"closed","sticky":false,"template":"","format":"standard","meta":{"footnotes":""},"categories":[1],"tags":[],"class_list":["post-954635","post","type-post","status-publish","format-standard","has-post-thumbnail","hentry","category-actualidad"],"aioseo_notices":[],"aioseo_head":"\n\t\t<!-- All in One SEO Pro 5.0.1 - aioseo.com -->\n\t<meta name=\"description\" content=\"La convocatoria del 1-O, que hemos denunciado como una \u201cEstafa Antidemocr\u00e1tica\u201d y cuyo objetivo es imponer a la sociedad catalana una independencia unilateral, se ha saldado con un fracaso de Puigdemont. Igualmente, desde Recortes Cero queremos manifestar nuestro m\u00e1s profundo rechazo a la actuaci\u00f3n del Gobierno que tuvo como resultado a 844 personas atendidas por\" \/>\n\t<meta name=\"robots\" content=\"max-image-preview:large\" \/>\n\t<meta name=\"author\" content=\"El Digital de Asturias\"\/>\n\t<meta name=\"google-site-verification\" content=\"UA-38556648-1\" \/>\n\t<meta name=\"msvalidate.01\" content=\"7dfe9f3f1b24437ab69f4f2559babe99\" \/>\n\t<meta name=\"keywords\" content=\"actualidad\" \/>\n\t<link rel=\"canonical\" href=\"https:\/\/www.eldigitaldeasturias.com\/noticias\/recortes-cero-puigdemont-ha-fracasado\/\" \/>\n\t<meta name=\"generator\" content=\"All in One SEO Pro (AIOSEO) 5.0.1\" \/>\n\t\t<meta property=\"og:locale\" content=\"es_ES\" \/>\n\t\t<meta property=\"og:site_name\" content=\"El Digital de Asturias\" \/>\n\t\t<meta property=\"og:type\" content=\"article\" \/>\n\t\t<meta property=\"og:title\" content=\"Recortes Cero: \u00abPuigdemont ha fracasado\u00bb - El Digital de Asturias\" \/>\n\t\t<meta property=\"og:description\" content=\"La convocatoria del 1-O, que hemos denunciado como una \u201cEstafa Antidemocr\u00e1tica\u201d y cuyo objetivo es imponer a la sociedad catalana una independencia unilateral, se ha saldado con un fracaso de Puigdemont. Igualmente, desde Recortes Cero queremos manifestar nuestro m\u00e1s profundo rechazo a la actuaci\u00f3n del Gobierno que tuvo como resultado a 844 personas atendidas por\" \/>\n\t\t<meta property=\"og:url\" content=\"https:\/\/www.eldigitaldeasturias.com\/noticias\/recortes-cero-puigdemont-ha-fracasado\/\" \/>\n\t\t<meta property=\"article:tag\" content=\"actualidad\" \/>\n\t\t<meta property=\"article:published_time\" content=\"2017-10-03T15:00:42+00:00\" \/>\n\t\t<meta property=\"article:modified_time\" content=\"2017-10-03T15:00:42+00:00\" \/>\n\t\t<meta property=\"article:publisher\" content=\"https:\/\/facebook.com\/eldigitaldeasturias\" \/>\n\t\t<meta name=\"twitter:card\" content=\"summary_large_image\" \/>\n\t\t<meta name=\"twitter:title\" content=\"Recortes Cero: \u00abPuigdemont ha fracasado\u00bb - El Digital de Asturias\" \/>\n\t\t<meta name=\"twitter:description\" content=\"La convocatoria del 1-O, que hemos denunciado como una \u201cEstafa Antidemocr\u00e1tica\u201d y cuyo objetivo es imponer a la sociedad catalana una independencia unilateral, se ha saldado con un fracaso de Puigdemont. Igualmente, desde Recortes Cero queremos manifestar nuestro m\u00e1s profundo rechazo a la actuaci\u00f3n del Gobierno que tuvo como resultado a 844 personas atendidas por\" \/>\n\t\t<meta name=\"twitter:image\" content=\"https:\/\/www.eldigitaldeasturias.com\/noticias\/wp-content\/uploads\/2020\/12\/EDA-1.jpg\" \/>\n\t\t<meta name=\"twitter:label1\" content=\"Escrito por\" \/>\n\t\t<meta name=\"twitter:data1\" content=\"El Digital de Asturias\" \/>\n\t\t<meta name=\"twitter:label2\" content=\"Tiempo de lectura estimado\" \/>\n\t\t<meta name=\"twitter:data2\" content=\"3 minutos\" \/>\n\t\t<script type=\"application\/ld+json\" class=\"aioseo-schema\">\n\t\t\t{\"@context\":\"https:\\\/\\\/schema.org\",\"@graph\":[{\"@type\":\"BlogPosting\",\"@id\":\"https:\\\/\\\/www.eldigitaldeasturias.com\\\/noticias\\\/recortes-cero-puigdemont-ha-fracasado\\\/#blogposting\",\"name\":\"Recortes Cero: \\u00abPuigdemont ha fracasado\\u00bb - El Digital de Asturias\",\"headline\":\"Recortes Cero: \\u00abPuigdemont ha fracasado\\u00bb\",\"author\":{\"@id\":\"https:\\\/\\\/www.eldigitaldeasturias.com\\\/noticias\\\/author\\\/admin\\\/#author\"},\"publisher\":{\"@id\":\"https:\\\/\\\/www.eldigitaldeasturias.com\\\/noticias\\\/#organization\"},\"image\":{\"@type\":\"ImageObject\",\"url\":954636},\"datePublished\":\"2017-10-03T15:00:42+02:00\",\"dateModified\":\"2017-10-03T15:00:42+02:00\",\"inLanguage\":\"es-ES\",\"mainEntityOfPage\":{\"@id\":\"https:\\\/\\\/www.eldigitaldeasturias.com\\\/noticias\\\/recortes-cero-puigdemont-ha-fracasado\\\/#webpage\"},\"isPartOf\":{\"@id\":\"https:\\\/\\\/www.eldigitaldeasturias.com\\\/noticias\\\/recortes-cero-puigdemont-ha-fracasado\\\/#webpage\"},\"articleSection\":\"Actualidad\"},{\"@type\":\"BreadcrumbList\",\"@id\":\"https:\\\/\\\/www.eldigitaldeasturias.com\\\/noticias\\\/recortes-cero-puigdemont-ha-fracasado\\\/#breadcrumblist\",\"itemListElement\":[{\"@type\":\"ListItem\",\"@id\":\"https:\\\/\\\/www.eldigitaldeasturias.com\\\/noticias#listItem\",\"position\":1,\"name\":\"Home\",\"item\":\"https:\\\/\\\/www.eldigitaldeasturias.com\\\/noticias\",\"nextItem\":{\"@type\":\"ListItem\",\"@id\":\"https:\\\/\\\/www.eldigitaldeasturias.com\\\/noticias\\\/category\\\/actualidad\\\/#listItem\",\"name\":\"Actualidad\"}},{\"@type\":\"ListItem\",\"@id\":\"https:\\\/\\\/www.eldigitaldeasturias.com\\\/noticias\\\/category\\\/actualidad\\\/#listItem\",\"position\":2,\"name\":\"Actualidad\",\"item\":\"https:\\\/\\\/www.eldigitaldeasturias.com\\\/noticias\\\/category\\\/actualidad\\\/\",\"nextItem\":{\"@type\":\"ListItem\",\"@id\":\"https:\\\/\\\/www.eldigitaldeasturias.com\\\/noticias\\\/recortes-cero-puigdemont-ha-fracasado\\\/#listItem\",\"name\":\"Recortes Cero: \\u00abPuigdemont ha fracasado\\u00bb\"},\"previousItem\":{\"@type\":\"ListItem\",\"@id\":\"https:\\\/\\\/www.eldigitaldeasturias.com\\\/noticias#listItem\",\"name\":\"Home\"}},{\"@type\":\"ListItem\",\"@id\":\"https:\\\/\\\/www.eldigitaldeasturias.com\\\/noticias\\\/recortes-cero-puigdemont-ha-fracasado\\\/#listItem\",\"position\":3,\"name\":\"Recortes Cero: \\u00abPuigdemont ha fracasado\\u00bb\",\"previousItem\":{\"@type\":\"ListItem\",\"@id\":\"https:\\\/\\\/www.eldigitaldeasturias.com\\\/noticias\\\/category\\\/actualidad\\\/#listItem\",\"name\":\"Actualidad\"}}]},{\"@type\":\"Organization\",\"@id\":\"https:\\\/\\\/www.eldigitaldeasturias.com\\\/noticias\\\/#organization\",\"name\":\"El Digital de Asturias\",\"description\":\"Hemeroteca\",\"url\":\"https:\\\/\\\/www.eldigitaldeasturias.com\\\/noticias\\\/\",\"email\":\"info@eldigitaldeasturias.com\",\"telephone\":\"+34652131393\",\"logo\":{\"@type\":\"ImageObject\",\"url\":\"https:\\\/\\\/www.eldigitaldeasturias.com\\\/noticias\\\/wp-content\\\/uploads\\\/2020\\\/12\\\/EDA.jpg\",\"@id\":\"https:\\\/\\\/www.eldigitaldeasturias.com\\\/noticias\\\/recortes-cero-puigdemont-ha-fracasado\\\/#organizationLogo\"},\"image\":{\"@id\":\"https:\\\/\\\/www.eldigitaldeasturias.com\\\/noticias\\\/recortes-cero-puigdemont-ha-fracasado\\\/#organizationLogo\"},\"sameAs\":[\"https:\\\/\\\/facebook.com\\\/eldigitaldeasturias\",\"https:\\\/\\\/www.youtube.com\\\/channel\\\/UCZP-2wLEB9Rv6erhFmqVnvg\"],\"address\":{\"@id\":\"https:\\\/\\\/www.eldigitaldeasturias.com\\\/noticias\\\/#postaladdress\",\"@type\":\"PostalAddress\",\"streetAddress\":\"san antonio 4\",\"postalCode\":\"33430\",\"addressLocality\":\"Cand\\u00e1s\",\"addressRegion\":\"Asturias\",\"addressCountry\":\"ES\"}},{\"@type\":\"Person\",\"@id\":\"https:\\\/\\\/www.eldigitaldeasturias.com\\\/noticias\\\/author\\\/admin\\\/#author\",\"url\":\"https:\\\/\\\/www.eldigitaldeasturias.com\\\/noticias\\\/author\\\/admin\\\/\",\"name\":\"El Digital de Asturias\",\"image\":{\"@type\":\"ImageObject\",\"@id\":\"https:\\\/\\\/www.eldigitaldeasturias.com\\\/noticias\\\/recortes-cero-puigdemont-ha-fracasado\\\/#authorImage\",\"url\":\"https:\\\/\\\/secure.gravatar.com\\\/avatar\\\/df2aeffc32bcd13f8d26072ef8a91b623d677766deac7f97ca815868cd41bf5e?s=96&d=mm&r=g\",\"width\":96,\"height\":96,\"caption\":\"El Digital de Asturias\"}},{\"@type\":\"WebPage\",\"@id\":\"https:\\\/\\\/www.eldigitaldeasturias.com\\\/noticias\\\/recortes-cero-puigdemont-ha-fracasado\\\/#webpage\",\"url\":\"https:\\\/\\\/www.eldigitaldeasturias.com\\\/noticias\\\/recortes-cero-puigdemont-ha-fracasado\\\/\",\"name\":\"Recortes Cero: \\u00abPuigdemont ha fracasado\\u00bb - El Digital de Asturias\",\"description\":\"La convocatoria del 1-O, que hemos denunciado como una \\u201cEstafa Antidemocr\\u00e1tica\\u201d y cuyo objetivo es imponer a la sociedad catalana una independencia unilateral, se ha saldado con un fracaso de Puigdemont. Igualmente, desde Recortes Cero queremos manifestar nuestro m\\u00e1s profundo rechazo a la actuaci\\u00f3n del Gobierno que tuvo como resultado a 844 personas atendidas por\",\"inLanguage\":\"es-ES\",\"isPartOf\":{\"@id\":\"https:\\\/\\\/www.eldigitaldeasturias.com\\\/noticias\\\/#website\"},\"breadcrumb\":{\"@id\":\"https:\\\/\\\/www.eldigitaldeasturias.com\\\/noticias\\\/recortes-cero-puigdemont-ha-fracasado\\\/#breadcrumblist\"},\"author\":{\"@id\":\"https:\\\/\\\/www.eldigitaldeasturias.com\\\/noticias\\\/author\\\/admin\\\/#author\"},\"creator\":{\"@id\":\"https:\\\/\\\/www.eldigitaldeasturias.com\\\/noticias\\\/author\\\/admin\\\/#author\"},\"image\":{\"@type\":\"ImageObject\",\"url\":954636,\"@id\":\"https:\\\/\\\/www.eldigitaldeasturias.com\\\/noticias\\\/recortes-cero-puigdemont-ha-fracasado\\\/#mainImage\"},\"primaryImageOfPage\":{\"@id\":\"https:\\\/\\\/www.eldigitaldeasturias.com\\\/noticias\\\/recortes-cero-puigdemont-ha-fracasado\\\/#mainImage\"},\"datePublished\":\"2017-10-03T15:00:42+02:00\",\"dateModified\":\"2017-10-03T15:00:42+02:00\"},{\"@type\":\"WebSite\",\"@id\":\"https:\\\/\\\/www.eldigitaldeasturias.com\\\/noticias\\\/#website\",\"url\":\"https:\\\/\\\/www.eldigitaldeasturias.com\\\/noticias\\\/\",\"name\":\"El Digital de Asturias - Diario de actualidad y noticias\",\"alternateName\":\"El Digital de Asturias - Diario de actualidad y noticias\",\"description\":\"Hemeroteca\",\"inLanguage\":\"es-ES\",\"publisher\":{\"@id\":\"https:\\\/\\\/www.eldigitaldeasturias.com\\\/noticias\\\/#organization\"}}]}\n\t\t<\/script>\n\t\t<!-- All in One SEO Pro -->\r\n\t\t<title>Recortes Cero: \u00abPuigdemont ha fracasado\u00bb - El Digital de Asturias<\/title>\n\n","aioseo_head_json":{"title":"Recortes Cero: \u00abPuigdemont ha fracasado\u00bb - El Digital de Asturias","description":"La convocatoria del 1-O, que hemos denunciado como una \u201cEstafa Antidemocr\u00e1tica\u201d y cuyo objetivo es imponer a la sociedad catalana una independencia unilateral, se ha saldado con un fracaso de Puigdemont. Igualmente, desde Recortes Cero queremos manifestar nuestro m\u00e1s profundo rechazo a la actuaci\u00f3n del Gobierno que tuvo como resultado a 844 personas atendidas por","canonical_url":"https:\/\/www.eldigitaldeasturias.com\/noticias\/recortes-cero-puigdemont-ha-fracasado\/","robots":"max-image-preview:large","keywords":"actualidad","webmasterTools":{"google-site-verification":"UA-38556648-1","msvalidate.01":"7dfe9f3f1b24437ab69f4f2559babe99","miscellaneous":""},"schema":{"@context":"https:\/\/schema.org","@graph":[{"@type":"BlogPosting","@id":"https:\/\/www.eldigitaldeasturias.com\/noticias\/recortes-cero-puigdemont-ha-fracasado\/#blogposting","name":"Recortes Cero: \u00abPuigdemont ha fracasado\u00bb - El Digital de Asturias","headline":"Recortes Cero: \u00abPuigdemont ha fracasado\u00bb","author":{"@id":"https:\/\/www.eldigitaldeasturias.com\/noticias\/author\/admin\/#author"},"publisher":{"@id":"https:\/\/www.eldigitaldeasturias.com\/noticias\/#organization"},"image":{"@type":"ImageObject","url":954636},"datePublished":"2017-10-03T15:00:42+02:00","dateModified":"2017-10-03T15:00:42+02:00","inLanguage":"es-ES","mainEntityOfPage":{"@id":"https:\/\/www.eldigitaldeasturias.com\/noticias\/recortes-cero-puigdemont-ha-fracasado\/#webpage"},"isPartOf":{"@id":"https:\/\/www.eldigitaldeasturias.com\/noticias\/recortes-cero-puigdemont-ha-fracasado\/#webpage"},"articleSection":"Actualidad"},{"@type":"BreadcrumbList","@id":"https:\/\/www.eldigitaldeasturias.com\/noticias\/recortes-cero-puigdemont-ha-fracasado\/#breadcrumblist","itemListElement":[{"@type":"ListItem","@id":"https:\/\/www.eldigitaldeasturias.com\/noticias#listItem","position":1,"name":"Home","item":"https:\/\/www.eldigitaldeasturias.com\/noticias","nextItem":{"@type":"ListItem","@id":"https:\/\/www.eldigitaldeasturias.com\/noticias\/category\/actualidad\/#listItem","name":"Actualidad"}},{"@type":"ListItem","@id":"https:\/\/www.eldigitaldeasturias.com\/noticias\/category\/actualidad\/#listItem","position":2,"name":"Actualidad","item":"https:\/\/www.eldigitaldeasturias.com\/noticias\/category\/actualidad\/","nextItem":{"@type":"ListItem","@id":"https:\/\/www.eldigitaldeasturias.com\/noticias\/recortes-cero-puigdemont-ha-fracasado\/#listItem","name":"Recortes Cero: \u00abPuigdemont ha fracasado\u00bb"},"previousItem":{"@type":"ListItem","@id":"https:\/\/www.eldigitaldeasturias.com\/noticias#listItem","name":"Home"}},{"@type":"ListItem","@id":"https:\/\/www.eldigitaldeasturias.com\/noticias\/recortes-cero-puigdemont-ha-fracasado\/#listItem","position":3,"name":"Recortes Cero: \u00abPuigdemont ha fracasado\u00bb","previousItem":{"@type":"ListItem","@id":"https:\/\/www.eldigitaldeasturias.com\/noticias\/category\/actualidad\/#listItem","name":"Actualidad"}}]},{"@type":"Organization","@id":"https:\/\/www.eldigitaldeasturias.com\/noticias\/#organization","name":"El Digital de Asturias","description":"Hemeroteca","url":"https:\/\/www.eldigitaldeasturias.com\/noticias\/","email":"info@eldigitaldeasturias.com","telephone":"+34652131393","logo":{"@type":"ImageObject","url":"https:\/\/www.eldigitaldeasturias.com\/noticias\/wp-content\/uploads\/2020\/12\/EDA.jpg","@id":"https:\/\/www.eldigitaldeasturias.com\/noticias\/recortes-cero-puigdemont-ha-fracasado\/#organizationLogo"},"image":{"@id":"https:\/\/www.eldigitaldeasturias.com\/noticias\/recortes-cero-puigdemont-ha-fracasado\/#organizationLogo"},"sameAs":["https:\/\/facebook.com\/eldigitaldeasturias","https:\/\/www.youtube.com\/channel\/UCZP-2wLEB9Rv6erhFmqVnvg"],"address":{"@id":"https:\/\/www.eldigitaldeasturias.com\/noticias\/#postaladdress","@type":"PostalAddress","streetAddress":"san antonio 4","postalCode":"33430","addressLocality":"Cand\u00e1s","addressRegion":"Asturias","addressCountry":"ES"}},{"@type":"Person","@id":"https:\/\/www.eldigitaldeasturias.com\/noticias\/author\/admin\/#author","url":"https:\/\/www.eldigitaldeasturias.com\/noticias\/author\/admin\/","name":"El Digital de Asturias","image":{"@type":"ImageObject","@id":"https:\/\/www.eldigitaldeasturias.com\/noticias\/recortes-cero-puigdemont-ha-fracasado\/#authorImage","url":"https:\/\/secure.gravatar.com\/avatar\/df2aeffc32bcd13f8d26072ef8a91b623d677766deac7f97ca815868cd41bf5e?s=96&d=mm&r=g","width":96,"height":96,"caption":"El Digital de Asturias"}},{"@type":"WebPage","@id":"https:\/\/www.eldigitaldeasturias.com\/noticias\/recortes-cero-puigdemont-ha-fracasado\/#webpage","url":"https:\/\/www.eldigitaldeasturias.com\/noticias\/recortes-cero-puigdemont-ha-fracasado\/","name":"Recortes Cero: \u00abPuigdemont ha fracasado\u00bb - El Digital de Asturias","description":"La convocatoria del 1-O, que hemos denunciado como una \u201cEstafa Antidemocr\u00e1tica\u201d y cuyo objetivo es imponer a la sociedad catalana una independencia unilateral, se ha saldado con un fracaso de Puigdemont. Igualmente, desde Recortes Cero queremos manifestar nuestro m\u00e1s profundo rechazo a la actuaci\u00f3n del Gobierno que tuvo como resultado a 844 personas atendidas por","inLanguage":"es-ES","isPartOf":{"@id":"https:\/\/www.eldigitaldeasturias.com\/noticias\/#website"},"breadcrumb":{"@id":"https:\/\/www.eldigitaldeasturias.com\/noticias\/recortes-cero-puigdemont-ha-fracasado\/#breadcrumblist"},"author":{"@id":"https:\/\/www.eldigitaldeasturias.com\/noticias\/author\/admin\/#author"},"creator":{"@id":"https:\/\/www.eldigitaldeasturias.com\/noticias\/author\/admin\/#author"},"image":{"@type":"ImageObject","url":954636,"@id":"https:\/\/www.eldigitaldeasturias.com\/noticias\/recortes-cero-puigdemont-ha-fracasado\/#mainImage"},"primaryImageOfPage":{"@id":"https:\/\/www.eldigitaldeasturias.com\/noticias\/recortes-cero-puigdemont-ha-fracasado\/#mainImage"},"datePublished":"2017-10-03T15:00:42+02:00","dateModified":"2017-10-03T15:00:42+02:00"},{"@type":"WebSite","@id":"https:\/\/www.eldigitaldeasturias.com\/noticias\/#website","url":"https:\/\/www.eldigitaldeasturias.com\/noticias\/","name":"El Digital de Asturias - Diario de actualidad y noticias","alternateName":"El Digital de Asturias - Diario de actualidad y noticias","description":"Hemeroteca","inLanguage":"es-ES","publisher":{"@id":"https:\/\/www.eldigitaldeasturias.com\/noticias\/#organization"}}]},"og:locale":"es_ES","og:site_name":"El Digital de Asturias","og:type":"article","og:title":"Recortes Cero: \u00abPuigdemont ha fracasado\u00bb - El Digital de Asturias","og:description":"La convocatoria del 1-O, que hemos denunciado como una \u201cEstafa Antidemocr\u00e1tica\u201d y cuyo objetivo es imponer a la sociedad catalana una independencia unilateral, se ha saldado con un fracaso de Puigdemont. Igualmente, desde Recortes Cero queremos manifestar nuestro m\u00e1s profundo rechazo a la actuaci\u00f3n del Gobierno que tuvo como resultado a 844 personas atendidas por","og:url":"https:\/\/www.eldigitaldeasturias.com\/noticias\/recortes-cero-puigdemont-ha-fracasado\/","article:tag":["actualidad"],"article:published_time":"2017-10-03T15:00:42+00:00","article:modified_time":"2017-10-03T15:00:42+00:00","article:publisher":"https:\/\/facebook.com\/eldigitaldeasturias","twitter:card":"summary_large_image","twitter:title":"Recortes Cero: \u00abPuigdemont ha fracasado\u00bb - El Digital de Asturias","twitter:description":"La convocatoria del 1-O, que hemos denunciado como una \u201cEstafa Antidemocr\u00e1tica\u201d y cuyo objetivo es imponer a la sociedad catalana una independencia unilateral, se ha saldado con un fracaso de Puigdemont. Igualmente, desde Recortes Cero queremos manifestar nuestro m\u00e1s profundo rechazo a la actuaci\u00f3n del Gobierno que tuvo como resultado a 844 personas atendidas por","twitter:image":"https:\/\/www.eldigitaldeasturias.com\/noticias\/wp-content\/uploads\/2020\/12\/EDA-1.jpg","twitter:label1":"Escrito por","twitter:data1":"El Digital de Asturias","twitter:label2":"Tiempo de lectura estimado","twitter:data2":"3 minutos"},"aioseo_meta_data":{"post_id":"954635","title":null,"description":null,"keywords":null,"keyphrases":null,"primary_term":null,"canonical_url":null,"og_title":null,"og_description":null,"og_object_type":"default","og_image_type":"default","og_image_url":null,"og_image_width":null,"og_image_height":null,"og_image_custom_url":null,"og_image_custom_fields":null,"og_video":null,"og_custom_url":null,"og_article_section":null,"og_article_tags":null,"twitter_use_og":false,"twitter_card":"default","twitter_image_type":"default","twitter_image_url":null,"twitter_image_custom_url":null,"twitter_image_custom_fields":null,"twitter_title":null,"twitter_description":null,"schema":{"blockGraphs":[],"customGraphs":[],"default":{"data":{"Article":[],"Course":[],"Dataset":[],"FAQPage":[],"Movie":[],"Person":[],"Product":[],"ProductReview":[],"Car":[],"Recipe":[],"Service":[],"SoftwareApplication":[],"WebPage":[]},"graphName":"","isEnabled":true},"graphs":[],"defaultGraph":"","defaultPostTypeGraph":""},"schema_type":null,"schema_type_options":null,"pillar_content":false,"robots_default":true,"robots_noindex":false,"robots_noarchive":false,"robots_nosnippet":false,"robots_nofollow":false,"robots_noimageindex":false,"robots_noodp":false,"robots_notranslate":false,"robots_max_snippet":null,"robots_max_videopreview":null,"robots_max_imagepreview":"large","priority":null,"frequency":null,"local_seo":null,"seo_analyzer_scan_date":"2025-12-06 07:05:14","breadcrumb_settings":null,"limit_modified_date":false,"open_ai":null,"ai":null,"created":"2020-12-21 12:56:40","updated":"2025-12-06 07:05:14","focus_keyword":null,"additional_keywords":null,"truseo_locale":null},"aioseo_breadcrumb":"<div class=\"aioseo-breadcrumbs\"><span class=\"aioseo-breadcrumb\">\n\t<a href=\"https:\/\/www.eldigitaldeasturias.com\/noticias\" title=\"Home\">Home<\/a>\n<\/span><span class=\"aioseo-breadcrumb-separator\">\u2013<\/span><span class=\"aioseo-breadcrumb\">\n\t<a href=\"https:\/\/www.eldigitaldeasturias.com\/noticias\/category\/actualidad\/\" title=\"Actualidad\">Actualidad<\/a>\n<\/span><span class=\"aioseo-breadcrumb-separator\">\u2013<\/span><span class=\"aioseo-breadcrumb\">\n\t<a href=\"https:\/\/www.eldigitaldeasturias.com\/noticias\/recortes-cero-puigdemont-ha-fracasado\/\" title=\"Recortes Cero: \u00abPuigdemont ha fracasado\u00bb\">Recortes Cero: \u00abPuigdemont ha fracasado\u00bb<\/a>\n<\/span><\/div>","aioseo_breadcrumb_json":[{"label":"Home","link":"https:\/\/www.eldigitaldeasturias.com\/noticias"},{"label":"Actualidad","link":"https:\/\/www.eldigitaldeasturias.com\/noticias\/category\/actualidad\/"},{"label":"Recortes Cero: \u00abPuigdemont ha fracasado\u00bb","link":"https:\/\/www.eldigitaldeasturias.com\/noticias\/recortes-cero-puigdemont-ha-fracasado\/"}],"_links":{"self":[{"href":"https:\/\/www.eldigitaldeasturias.com\/noticias\/wp-json\/wp\/v2\/posts\/954635","targetHints":{"allow":["GET"]}}],"collection":[{"href":"https:\/\/www.eldigitaldeasturias.com\/noticias\/wp-json\/wp\/v2\/posts"}],"about":[{"href":"https:\/\/www.eldigitaldeasturias.com\/noticias\/wp-json\/wp\/v2\/types\/post"}],"author":[{"embeddable":true,"href":"https:\/\/www.eldigitaldeasturias.com\/noticias\/wp-json\/wp\/v2\/users\/1"}],"replies":[{"embeddable":true,"href":"https:\/\/www.eldigitaldeasturias.com\/noticias\/wp-json\/wp\/v2\/comments?post=954635"}],"version-history":[{"count":0,"href":"https:\/\/www.eldigitaldeasturias.com\/noticias\/wp-json\/wp\/v2\/posts\/954635\/revisions"}],"wp:attachment":[{"href":"https:\/\/www.eldigitaldeasturias.com\/noticias\/wp-json\/wp\/v2\/media?parent=954635"}],"wp:term":[{"taxonomy":"category","embeddable":true,"href":"https:\/\/www.eldigitaldeasturias.com\/noticias\/wp-json\/wp\/v2\/categories?post=954635"},{"taxonomy":"post_tag","embeddable":true,"href":"https:\/\/www.eldigitaldeasturias.com\/noticias\/wp-json\/wp\/v2\/tags?post=954635"}],"curies":[{"name":"wp","href":"https:\/\/api.w.org\/{rel}","templated":true}]}}