{"id":954627,"date":"2017-10-03T14:22:46","date_gmt":"2017-10-03T14:22:46","guid":{"rendered":"http:\/\/www.eldigitaldeasturias.com\/noticias\/?p=954627"},"modified":"2017-10-03T14:25:06","modified_gmt":"2017-10-03T14:25:06","slug":"vox-se-querellara-contra-el-gobierno-si-en-48-horas-no-aplica-el-155","status":"publish","type":"post","link":"https:\/\/www.eldigitaldeasturias.com\/noticias\/vox-se-querellara-contra-el-gobierno-si-en-48-horas-no-aplica-el-155\/","title":{"rendered":"VOX se querellar\u00e1 contra el Gobierno si en 48 horas no aplica el 155"},"content":{"rendered":"<p><img loading=\"lazy\" decoding=\"async\" class=\"alignleft size-medium wp-image-923704\" src=\"https:\/\/www.eldigitaldeasturias.com\/noticias\/wp-content\/uploads\/2017\/01\/VOX-Oviedo-360x240.jpg\" alt=\"\" width=\"360\" height=\"240\" \/>VOX ha hecho p\u00fablico esta ma\u00f1ana ante la Sala de lo Penal del Tribunal Supremo que si Rajoy, en un plazo de 48 horas, no aplica el art\u00edculo 155 de la Constituci\u00f3n y procede a detener a Puigdemont y su gobierno por sedici\u00f3n y rebeld\u00eda interpondr\u00e1 una querella contra el Gobierno de Espa\u00f1a por dejaci\u00f3n de sus funciones ante el golpe de Estado secesionista que se est\u00e1 produciendo en Catalu\u00f1a.<\/p>\n<p>El anuncio lo ha realizado Santiago Abascal, Presidente de VOX; junto a Javier Ortega, Secretario General, y Pedro Fern\u00e1ndez, Vicesecretario Jur\u00eddico, en la entrada del Tribunal Supremo.<\/p>\n<p><iframe loading=\"lazy\" src=\"https:\/\/www.youtube.com\/embed\/cYco-0VbqOk\" width=\"640\" height=\"360\" frameborder=\"0\" allowfullscreen=\"allowfullscreen\"><\/iframe><\/p>\n<p>Santiago Abascal ha afirmado que \u201cen estos momento las situaci\u00f3n de Catalu\u00f1a es de aut\u00e9ntico estado de excepci\u00f3n, de facto est\u00e1 funcionando una legalidad paralela, los mozos est\u00e1n sublevados colaborando en el hostigamiento a la Guardia Civil y al Cuerpo Nacional de Polic\u00eda que est\u00e1n sitiados en muchos hoteles de Catalu\u00f1a y que incluso est\u00e1n siendo expulsados. Se est\u00e1n produciendo reuniones con empresarios de 10 en 10 por parte de la Generalidad diciendo que partir de ahora tendr\u00e1n que tributar sus impuestos para la Generalidad y no para el estado con lo cual se est\u00e1 tratando de se\u00f1alar a much\u00edsimos ciudadanos. Y ante eso no hay ning\u00fan tipo de acci\u00f3n por parte del Gobierno de la Naci\u00f3n, que esta absolutamente paralizado, que parece haber desertado ante la indignaci\u00f3n del conjunto de la sociedad espa\u00f1ola. Aqu\u00ed tenemos redactada una querella por dejaci\u00f3n de funcione contra el presidente del gobierno, Mariano Rajoy. Ser\u00e1 presentada en 48 horas si el gobierno de la naci\u00f3n no lleva adelante de manera inmediata la detenci\u00f3n de los golpistas, los sublevados, los sediciosos\u2026 de los que directamente ya se han declarado en rebeld\u00eda, y est\u00e1n impulsando esta legalidad paralela, destruyendo la convivencia constitucional y la unidad nacional y la intervenci\u00f3n total y la toma de control de la Generalidad de Catalu\u00f1a y, por supuesto, de los Mozos de Escuadra. Si el gobierno no hace esto en 48 hora presentaremos la querella contra Rajoy por dejaci\u00f3n de funciones\u00bb.<\/p>\n","protected":false},"excerpt":{"rendered":"<p>VOX ha hecho p\u00fablico esta ma\u00f1ana ante la Sala de lo Penal del Tribunal Supremo que si Rajoy, en un plazo de 48 horas, no aplica el art\u00edculo 155 de la Constituci\u00f3n y procede a detener a Puigdemont y su gobierno por sedici\u00f3n y rebeld\u00eda interpondr\u00e1 una querella contra el Gobierno de Espa\u00f1a por dejaci\u00f3n [&hellip;]<\/p>\n","protected":false},"author":1,"featured_media":923704,"comment_status":"closed","ping_status":"closed","sticky":false,"template":"","format":"standard","meta":{"footnotes":""},"categories":[1],"tags":[],"class_list":["post-954627","post","type-post","status-publish","format-standard","has-post-thumbnail","hentry","category-actualidad"],"aioseo_notices":[],"aioseo_head":"\n\t\t<!-- All in One SEO Pro 5.0.1 - aioseo.com -->\n\t<meta name=\"description\" content=\"VOX ha hecho p\u00fablico esta ma\u00f1ana ante la Sala de lo Penal del Tribunal Supremo que si Rajoy, en un plazo de 48 horas, no aplica el art\u00edculo 155 de la Constituci\u00f3n y procede a detener a Puigdemont y su gobierno por sedici\u00f3n y rebeld\u00eda interpondr\u00e1 una querella contra el Gobierno de Espa\u00f1a por dejaci\u00f3n\" \/>\n\t<meta name=\"robots\" content=\"max-image-preview:large\" \/>\n\t<meta name=\"author\" content=\"El Digital de Asturias\"\/>\n\t<meta name=\"google-site-verification\" content=\"UA-38556648-1\" \/>\n\t<meta name=\"msvalidate.01\" content=\"7dfe9f3f1b24437ab69f4f2559babe99\" \/>\n\t<meta name=\"keywords\" content=\"actualidad\" \/>\n\t<link rel=\"canonical\" href=\"https:\/\/www.eldigitaldeasturias.com\/noticias\/vox-se-querellara-contra-el-gobierno-si-en-48-horas-no-aplica-el-155\/\" \/>\n\t<meta name=\"generator\" content=\"All in One SEO Pro (AIOSEO) 5.0.1\" \/>\n\t\t<meta property=\"og:locale\" content=\"es_ES\" \/>\n\t\t<meta property=\"og:site_name\" content=\"El Digital de Asturias\" \/>\n\t\t<meta property=\"og:type\" content=\"article\" \/>\n\t\t<meta property=\"og:title\" content=\"VOX se querellar\u00e1 contra el Gobierno si en 48 horas no aplica el 155 - El Digital de Asturias\" \/>\n\t\t<meta property=\"og:description\" content=\"VOX ha hecho p\u00fablico esta ma\u00f1ana ante la Sala de lo Penal del Tribunal Supremo que si Rajoy, en un plazo de 48 horas, no aplica el art\u00edculo 155 de la Constituci\u00f3n y procede a detener a Puigdemont y su gobierno por sedici\u00f3n y rebeld\u00eda interpondr\u00e1 una querella contra el Gobierno de Espa\u00f1a por dejaci\u00f3n\" \/>\n\t\t<meta property=\"og:url\" content=\"https:\/\/www.eldigitaldeasturias.com\/noticias\/vox-se-querellara-contra-el-gobierno-si-en-48-horas-no-aplica-el-155\/\" \/>\n\t\t<meta property=\"article:tag\" content=\"actualidad\" \/>\n\t\t<meta property=\"article:published_time\" content=\"2017-10-03T14:22:46+00:00\" \/>\n\t\t<meta property=\"article:modified_time\" content=\"2017-10-03T14:25:06+00:00\" \/>\n\t\t<meta property=\"article:publisher\" content=\"https:\/\/facebook.com\/eldigitaldeasturias\" \/>\n\t\t<meta name=\"twitter:card\" content=\"summary_large_image\" \/>\n\t\t<meta name=\"twitter:title\" content=\"VOX se querellar\u00e1 contra el Gobierno si en 48 horas no aplica el 155 - El Digital de Asturias\" \/>\n\t\t<meta name=\"twitter:description\" content=\"VOX ha hecho p\u00fablico esta ma\u00f1ana ante la Sala de lo Penal del Tribunal Supremo que si Rajoy, en un plazo de 48 horas, no aplica el art\u00edculo 155 de la Constituci\u00f3n y procede a detener a Puigdemont y su gobierno por sedici\u00f3n y rebeld\u00eda interpondr\u00e1 una querella contra el Gobierno de Espa\u00f1a por dejaci\u00f3n\" \/>\n\t\t<meta name=\"twitter:image\" content=\"https:\/\/www.eldigitaldeasturias.com\/noticias\/wp-content\/uploads\/2020\/12\/EDA-1.jpg\" \/>\n\t\t<meta name=\"twitter:label1\" content=\"Escrito por\" \/>\n\t\t<meta name=\"twitter:data1\" content=\"El Digital de Asturias\" \/>\n\t\t<meta name=\"twitter:label2\" content=\"Tiempo de lectura estimado\" \/>\n\t\t<meta name=\"twitter:data2\" content=\"2 minutos\" \/>\n\t\t<script type=\"application\/ld+json\" class=\"aioseo-schema\">\n\t\t\t{\"@context\":\"https:\\\/\\\/schema.org\",\"@graph\":[{\"@type\":\"BlogPosting\",\"@id\":\"https:\\\/\\\/www.eldigitaldeasturias.com\\\/noticias\\\/vox-se-querellara-contra-el-gobierno-si-en-48-horas-no-aplica-el-155\\\/#blogposting\",\"name\":\"VOX se querellar\\u00e1 contra el Gobierno si en 48 horas no aplica el 155 - El Digital de Asturias\",\"headline\":\"VOX se querellar\\u00e1 contra el Gobierno si en 48 horas no aplica el 155\",\"author\":{\"@id\":\"https:\\\/\\\/www.eldigitaldeasturias.com\\\/noticias\\\/author\\\/admin\\\/#author\"},\"publisher\":{\"@id\":\"https:\\\/\\\/www.eldigitaldeasturias.com\\\/noticias\\\/#organization\"},\"image\":{\"@type\":\"ImageObject\",\"url\":923704},\"datePublished\":\"2017-10-03T14:22:46+02:00\",\"dateModified\":\"2017-10-03T14:25:06+02:00\",\"inLanguage\":\"es-ES\",\"mainEntityOfPage\":{\"@id\":\"https:\\\/\\\/www.eldigitaldeasturias.com\\\/noticias\\\/vox-se-querellara-contra-el-gobierno-si-en-48-horas-no-aplica-el-155\\\/#webpage\"},\"isPartOf\":{\"@id\":\"https:\\\/\\\/www.eldigitaldeasturias.com\\\/noticias\\\/vox-se-querellara-contra-el-gobierno-si-en-48-horas-no-aplica-el-155\\\/#webpage\"},\"articleSection\":\"Actualidad\"},{\"@type\":\"BreadcrumbList\",\"@id\":\"https:\\\/\\\/www.eldigitaldeasturias.com\\\/noticias\\\/vox-se-querellara-contra-el-gobierno-si-en-48-horas-no-aplica-el-155\\\/#breadcrumblist\",\"itemListElement\":[{\"@type\":\"ListItem\",\"@id\":\"https:\\\/\\\/www.eldigitaldeasturias.com\\\/noticias#listItem\",\"position\":1,\"name\":\"Home\",\"item\":\"https:\\\/\\\/www.eldigitaldeasturias.com\\\/noticias\",\"nextItem\":{\"@type\":\"ListItem\",\"@id\":\"https:\\\/\\\/www.eldigitaldeasturias.com\\\/noticias\\\/category\\\/actualidad\\\/#listItem\",\"name\":\"Actualidad\"}},{\"@type\":\"ListItem\",\"@id\":\"https:\\\/\\\/www.eldigitaldeasturias.com\\\/noticias\\\/category\\\/actualidad\\\/#listItem\",\"position\":2,\"name\":\"Actualidad\",\"item\":\"https:\\\/\\\/www.eldigitaldeasturias.com\\\/noticias\\\/category\\\/actualidad\\\/\",\"nextItem\":{\"@type\":\"ListItem\",\"@id\":\"https:\\\/\\\/www.eldigitaldeasturias.com\\\/noticias\\\/vox-se-querellara-contra-el-gobierno-si-en-48-horas-no-aplica-el-155\\\/#listItem\",\"name\":\"VOX se querellar\\u00e1 contra el Gobierno si en 48 horas no aplica el 155\"},\"previousItem\":{\"@type\":\"ListItem\",\"@id\":\"https:\\\/\\\/www.eldigitaldeasturias.com\\\/noticias#listItem\",\"name\":\"Home\"}},{\"@type\":\"ListItem\",\"@id\":\"https:\\\/\\\/www.eldigitaldeasturias.com\\\/noticias\\\/vox-se-querellara-contra-el-gobierno-si-en-48-horas-no-aplica-el-155\\\/#listItem\",\"position\":3,\"name\":\"VOX se querellar\\u00e1 contra el Gobierno si en 48 horas no aplica el 155\",\"previousItem\":{\"@type\":\"ListItem\",\"@id\":\"https:\\\/\\\/www.eldigitaldeasturias.com\\\/noticias\\\/category\\\/actualidad\\\/#listItem\",\"name\":\"Actualidad\"}}]},{\"@type\":\"Organization\",\"@id\":\"https:\\\/\\\/www.eldigitaldeasturias.com\\\/noticias\\\/#organization\",\"name\":\"El Digital de Asturias\",\"description\":\"Hemeroteca\",\"url\":\"https:\\\/\\\/www.eldigitaldeasturias.com\\\/noticias\\\/\",\"email\":\"info@eldigitaldeasturias.com\",\"telephone\":\"+34652131393\",\"logo\":{\"@type\":\"ImageObject\",\"url\":\"https:\\\/\\\/www.eldigitaldeasturias.com\\\/noticias\\\/wp-content\\\/uploads\\\/2020\\\/12\\\/EDA.jpg\",\"@id\":\"https:\\\/\\\/www.eldigitaldeasturias.com\\\/noticias\\\/vox-se-querellara-contra-el-gobierno-si-en-48-horas-no-aplica-el-155\\\/#organizationLogo\"},\"image\":{\"@id\":\"https:\\\/\\\/www.eldigitaldeasturias.com\\\/noticias\\\/vox-se-querellara-contra-el-gobierno-si-en-48-horas-no-aplica-el-155\\\/#organizationLogo\"},\"sameAs\":[\"https:\\\/\\\/facebook.com\\\/eldigitaldeasturias\",\"https:\\\/\\\/www.youtube.com\\\/channel\\\/UCZP-2wLEB9Rv6erhFmqVnvg\"],\"address\":{\"@id\":\"https:\\\/\\\/www.eldigitaldeasturias.com\\\/noticias\\\/#postaladdress\",\"@type\":\"PostalAddress\",\"streetAddress\":\"san antonio 4\",\"postalCode\":\"33430\",\"addressLocality\":\"Cand\\u00e1s\",\"addressRegion\":\"Asturias\",\"addressCountry\":\"ES\"}},{\"@type\":\"Person\",\"@id\":\"https:\\\/\\\/www.eldigitaldeasturias.com\\\/noticias\\\/author\\\/admin\\\/#author\",\"url\":\"https:\\\/\\\/www.eldigitaldeasturias.com\\\/noticias\\\/author\\\/admin\\\/\",\"name\":\"El Digital de Asturias\",\"image\":{\"@type\":\"ImageObject\",\"@id\":\"https:\\\/\\\/www.eldigitaldeasturias.com\\\/noticias\\\/vox-se-querellara-contra-el-gobierno-si-en-48-horas-no-aplica-el-155\\\/#authorImage\",\"url\":\"https:\\\/\\\/secure.gravatar.com\\\/avatar\\\/df2aeffc32bcd13f8d26072ef8a91b623d677766deac7f97ca815868cd41bf5e?s=96&d=mm&r=g\",\"width\":96,\"height\":96,\"caption\":\"El Digital de Asturias\"}},{\"@type\":\"WebPage\",\"@id\":\"https:\\\/\\\/www.eldigitaldeasturias.com\\\/noticias\\\/vox-se-querellara-contra-el-gobierno-si-en-48-horas-no-aplica-el-155\\\/#webpage\",\"url\":\"https:\\\/\\\/www.eldigitaldeasturias.com\\\/noticias\\\/vox-se-querellara-contra-el-gobierno-si-en-48-horas-no-aplica-el-155\\\/\",\"name\":\"VOX se querellar\\u00e1 contra el Gobierno si en 48 horas no aplica el 155 - El Digital de Asturias\",\"description\":\"VOX ha hecho p\\u00fablico esta ma\\u00f1ana ante la Sala de lo Penal del Tribunal Supremo que si Rajoy, en un plazo de 48 horas, no aplica el art\\u00edculo 155 de la Constituci\\u00f3n y procede a detener a Puigdemont y su gobierno por sedici\\u00f3n y rebeld\\u00eda interpondr\\u00e1 una querella contra el Gobierno de Espa\\u00f1a por dejaci\\u00f3n\",\"inLanguage\":\"es-ES\",\"isPartOf\":{\"@id\":\"https:\\\/\\\/www.eldigitaldeasturias.com\\\/noticias\\\/#website\"},\"breadcrumb\":{\"@id\":\"https:\\\/\\\/www.eldigitaldeasturias.com\\\/noticias\\\/vox-se-querellara-contra-el-gobierno-si-en-48-horas-no-aplica-el-155\\\/#breadcrumblist\"},\"author\":{\"@id\":\"https:\\\/\\\/www.eldigitaldeasturias.com\\\/noticias\\\/author\\\/admin\\\/#author\"},\"creator\":{\"@id\":\"https:\\\/\\\/www.eldigitaldeasturias.com\\\/noticias\\\/author\\\/admin\\\/#author\"},\"image\":{\"@type\":\"ImageObject\",\"url\":923704,\"@id\":\"https:\\\/\\\/www.eldigitaldeasturias.com\\\/noticias\\\/vox-se-querellara-contra-el-gobierno-si-en-48-horas-no-aplica-el-155\\\/#mainImage\"},\"primaryImageOfPage\":{\"@id\":\"https:\\\/\\\/www.eldigitaldeasturias.com\\\/noticias\\\/vox-se-querellara-contra-el-gobierno-si-en-48-horas-no-aplica-el-155\\\/#mainImage\"},\"datePublished\":\"2017-10-03T14:22:46+02:00\",\"dateModified\":\"2017-10-03T14:25:06+02:00\"},{\"@type\":\"WebSite\",\"@id\":\"https:\\\/\\\/www.eldigitaldeasturias.com\\\/noticias\\\/#website\",\"url\":\"https:\\\/\\\/www.eldigitaldeasturias.com\\\/noticias\\\/\",\"name\":\"El Digital de Asturias - Diario de actualidad y noticias\",\"alternateName\":\"El Digital de Asturias - Diario de actualidad y noticias\",\"description\":\"Hemeroteca\",\"inLanguage\":\"es-ES\",\"publisher\":{\"@id\":\"https:\\\/\\\/www.eldigitaldeasturias.com\\\/noticias\\\/#organization\"}}]}\n\t\t<\/script>\n\t\t<!-- All in One SEO Pro -->\r\n\t\t<title>VOX se querellar\u00e1 contra el Gobierno si en 48 horas no aplica el 155 - El Digital de Asturias<\/title>\n\n","aioseo_head_json":{"title":"VOX se querellar\u00e1 contra el Gobierno si en 48 horas no aplica el 155 - El Digital de Asturias","description":"VOX ha hecho p\u00fablico esta ma\u00f1ana ante la Sala de lo Penal del Tribunal Supremo que si Rajoy, en un plazo de 48 horas, no aplica el art\u00edculo 155 de la Constituci\u00f3n y procede a detener a Puigdemont y su gobierno por sedici\u00f3n y rebeld\u00eda interpondr\u00e1 una querella contra el Gobierno de Espa\u00f1a por dejaci\u00f3n","canonical_url":"https:\/\/www.eldigitaldeasturias.com\/noticias\/vox-se-querellara-contra-el-gobierno-si-en-48-horas-no-aplica-el-155\/","robots":"max-image-preview:large","keywords":"actualidad","webmasterTools":{"google-site-verification":"UA-38556648-1","msvalidate.01":"7dfe9f3f1b24437ab69f4f2559babe99","miscellaneous":""},"schema":{"@context":"https:\/\/schema.org","@graph":[{"@type":"BlogPosting","@id":"https:\/\/www.eldigitaldeasturias.com\/noticias\/vox-se-querellara-contra-el-gobierno-si-en-48-horas-no-aplica-el-155\/#blogposting","name":"VOX se querellar\u00e1 contra el Gobierno si en 48 horas no aplica el 155 - El Digital de Asturias","headline":"VOX se querellar\u00e1 contra el Gobierno si en 48 horas no aplica el 155","author":{"@id":"https:\/\/www.eldigitaldeasturias.com\/noticias\/author\/admin\/#author"},"publisher":{"@id":"https:\/\/www.eldigitaldeasturias.com\/noticias\/#organization"},"image":{"@type":"ImageObject","url":923704},"datePublished":"2017-10-03T14:22:46+02:00","dateModified":"2017-10-03T14:25:06+02:00","inLanguage":"es-ES","mainEntityOfPage":{"@id":"https:\/\/www.eldigitaldeasturias.com\/noticias\/vox-se-querellara-contra-el-gobierno-si-en-48-horas-no-aplica-el-155\/#webpage"},"isPartOf":{"@id":"https:\/\/www.eldigitaldeasturias.com\/noticias\/vox-se-querellara-contra-el-gobierno-si-en-48-horas-no-aplica-el-155\/#webpage"},"articleSection":"Actualidad"},{"@type":"BreadcrumbList","@id":"https:\/\/www.eldigitaldeasturias.com\/noticias\/vox-se-querellara-contra-el-gobierno-si-en-48-horas-no-aplica-el-155\/#breadcrumblist","itemListElement":[{"@type":"ListItem","@id":"https:\/\/www.eldigitaldeasturias.com\/noticias#listItem","position":1,"name":"Home","item":"https:\/\/www.eldigitaldeasturias.com\/noticias","nextItem":{"@type":"ListItem","@id":"https:\/\/www.eldigitaldeasturias.com\/noticias\/category\/actualidad\/#listItem","name":"Actualidad"}},{"@type":"ListItem","@id":"https:\/\/www.eldigitaldeasturias.com\/noticias\/category\/actualidad\/#listItem","position":2,"name":"Actualidad","item":"https:\/\/www.eldigitaldeasturias.com\/noticias\/category\/actualidad\/","nextItem":{"@type":"ListItem","@id":"https:\/\/www.eldigitaldeasturias.com\/noticias\/vox-se-querellara-contra-el-gobierno-si-en-48-horas-no-aplica-el-155\/#listItem","name":"VOX se querellar\u00e1 contra el Gobierno si en 48 horas no aplica el 155"},"previousItem":{"@type":"ListItem","@id":"https:\/\/www.eldigitaldeasturias.com\/noticias#listItem","name":"Home"}},{"@type":"ListItem","@id":"https:\/\/www.eldigitaldeasturias.com\/noticias\/vox-se-querellara-contra-el-gobierno-si-en-48-horas-no-aplica-el-155\/#listItem","position":3,"name":"VOX se querellar\u00e1 contra el Gobierno si en 48 horas no aplica el 155","previousItem":{"@type":"ListItem","@id":"https:\/\/www.eldigitaldeasturias.com\/noticias\/category\/actualidad\/#listItem","name":"Actualidad"}}]},{"@type":"Organization","@id":"https:\/\/www.eldigitaldeasturias.com\/noticias\/#organization","name":"El Digital de Asturias","description":"Hemeroteca","url":"https:\/\/www.eldigitaldeasturias.com\/noticias\/","email":"info@eldigitaldeasturias.com","telephone":"+34652131393","logo":{"@type":"ImageObject","url":"https:\/\/www.eldigitaldeasturias.com\/noticias\/wp-content\/uploads\/2020\/12\/EDA.jpg","@id":"https:\/\/www.eldigitaldeasturias.com\/noticias\/vox-se-querellara-contra-el-gobierno-si-en-48-horas-no-aplica-el-155\/#organizationLogo"},"image":{"@id":"https:\/\/www.eldigitaldeasturias.com\/noticias\/vox-se-querellara-contra-el-gobierno-si-en-48-horas-no-aplica-el-155\/#organizationLogo"},"sameAs":["https:\/\/facebook.com\/eldigitaldeasturias","https:\/\/www.youtube.com\/channel\/UCZP-2wLEB9Rv6erhFmqVnvg"],"address":{"@id":"https:\/\/www.eldigitaldeasturias.com\/noticias\/#postaladdress","@type":"PostalAddress","streetAddress":"san antonio 4","postalCode":"33430","addressLocality":"Cand\u00e1s","addressRegion":"Asturias","addressCountry":"ES"}},{"@type":"Person","@id":"https:\/\/www.eldigitaldeasturias.com\/noticias\/author\/admin\/#author","url":"https:\/\/www.eldigitaldeasturias.com\/noticias\/author\/admin\/","name":"El Digital de Asturias","image":{"@type":"ImageObject","@id":"https:\/\/www.eldigitaldeasturias.com\/noticias\/vox-se-querellara-contra-el-gobierno-si-en-48-horas-no-aplica-el-155\/#authorImage","url":"https:\/\/secure.gravatar.com\/avatar\/df2aeffc32bcd13f8d26072ef8a91b623d677766deac7f97ca815868cd41bf5e?s=96&d=mm&r=g","width":96,"height":96,"caption":"El Digital de Asturias"}},{"@type":"WebPage","@id":"https:\/\/www.eldigitaldeasturias.com\/noticias\/vox-se-querellara-contra-el-gobierno-si-en-48-horas-no-aplica-el-155\/#webpage","url":"https:\/\/www.eldigitaldeasturias.com\/noticias\/vox-se-querellara-contra-el-gobierno-si-en-48-horas-no-aplica-el-155\/","name":"VOX se querellar\u00e1 contra el Gobierno si en 48 horas no aplica el 155 - El Digital de Asturias","description":"VOX ha hecho p\u00fablico esta ma\u00f1ana ante la Sala de lo Penal del Tribunal Supremo que si Rajoy, en un plazo de 48 horas, no aplica el art\u00edculo 155 de la Constituci\u00f3n y procede a detener a Puigdemont y su gobierno por sedici\u00f3n y rebeld\u00eda interpondr\u00e1 una querella contra el Gobierno de Espa\u00f1a por dejaci\u00f3n","inLanguage":"es-ES","isPartOf":{"@id":"https:\/\/www.eldigitaldeasturias.com\/noticias\/#website"},"breadcrumb":{"@id":"https:\/\/www.eldigitaldeasturias.com\/noticias\/vox-se-querellara-contra-el-gobierno-si-en-48-horas-no-aplica-el-155\/#breadcrumblist"},"author":{"@id":"https:\/\/www.eldigitaldeasturias.com\/noticias\/author\/admin\/#author"},"creator":{"@id":"https:\/\/www.eldigitaldeasturias.com\/noticias\/author\/admin\/#author"},"image":{"@type":"ImageObject","url":923704,"@id":"https:\/\/www.eldigitaldeasturias.com\/noticias\/vox-se-querellara-contra-el-gobierno-si-en-48-horas-no-aplica-el-155\/#mainImage"},"primaryImageOfPage":{"@id":"https:\/\/www.eldigitaldeasturias.com\/noticias\/vox-se-querellara-contra-el-gobierno-si-en-48-horas-no-aplica-el-155\/#mainImage"},"datePublished":"2017-10-03T14:22:46+02:00","dateModified":"2017-10-03T14:25:06+02:00"},{"@type":"WebSite","@id":"https:\/\/www.eldigitaldeasturias.com\/noticias\/#website","url":"https:\/\/www.eldigitaldeasturias.com\/noticias\/","name":"El Digital de Asturias - Diario de actualidad y noticias","alternateName":"El Digital de Asturias - Diario de actualidad y noticias","description":"Hemeroteca","inLanguage":"es-ES","publisher":{"@id":"https:\/\/www.eldigitaldeasturias.com\/noticias\/#organization"}}]},"og:locale":"es_ES","og:site_name":"El Digital de Asturias","og:type":"article","og:title":"VOX se querellar\u00e1 contra el Gobierno si en 48 horas no aplica el 155 - El Digital de Asturias","og:description":"VOX ha hecho p\u00fablico esta ma\u00f1ana ante la Sala de lo Penal del Tribunal Supremo que si Rajoy, en un plazo de 48 horas, no aplica el art\u00edculo 155 de la Constituci\u00f3n y procede a detener a Puigdemont y su gobierno por sedici\u00f3n y rebeld\u00eda interpondr\u00e1 una querella contra el Gobierno de Espa\u00f1a por dejaci\u00f3n","og:url":"https:\/\/www.eldigitaldeasturias.com\/noticias\/vox-se-querellara-contra-el-gobierno-si-en-48-horas-no-aplica-el-155\/","article:tag":["actualidad"],"article:published_time":"2017-10-03T14:22:46+00:00","article:modified_time":"2017-10-03T14:25:06+00:00","article:publisher":"https:\/\/facebook.com\/eldigitaldeasturias","twitter:card":"summary_large_image","twitter:title":"VOX se querellar\u00e1 contra el Gobierno si en 48 horas no aplica el 155 - El Digital de Asturias","twitter:description":"VOX ha hecho p\u00fablico esta ma\u00f1ana ante la Sala de lo Penal del Tribunal Supremo que si Rajoy, en un plazo de 48 horas, no aplica el art\u00edculo 155 de la Constituci\u00f3n y procede a detener a Puigdemont y su gobierno por sedici\u00f3n y rebeld\u00eda interpondr\u00e1 una querella contra el Gobierno de Espa\u00f1a por dejaci\u00f3n","twitter:image":"https:\/\/www.eldigitaldeasturias.com\/noticias\/wp-content\/uploads\/2020\/12\/EDA-1.jpg","twitter:label1":"Escrito por","twitter:data1":"El Digital de Asturias","twitter:label2":"Tiempo de lectura estimado","twitter:data2":"2 minutos"},"aioseo_meta_data":{"post_id":"954627","title":null,"description":null,"keywords":null,"keyphrases":null,"primary_term":null,"canonical_url":null,"og_title":null,"og_description":null,"og_object_type":"default","og_image_type":"default","og_image_url":null,"og_image_width":null,"og_image_height":null,"og_image_custom_url":null,"og_image_custom_fields":null,"og_video":null,"og_custom_url":null,"og_article_section":null,"og_article_tags":null,"twitter_use_og":false,"twitter_card":"default","twitter_image_type":"default","twitter_image_url":null,"twitter_image_custom_url":null,"twitter_image_custom_fields":null,"twitter_title":null,"twitter_description":null,"schema":{"blockGraphs":[],"customGraphs":[],"default":{"data":{"Article":[],"Course":[],"Dataset":[],"FAQPage":[],"Movie":[],"Person":[],"Product":[],"ProductReview":[],"Car":[],"Recipe":[],"Service":[],"SoftwareApplication":[],"WebPage":[]},"graphName":"","isEnabled":true},"graphs":[],"defaultGraph":"","defaultPostTypeGraph":""},"schema_type":null,"schema_type_options":null,"pillar_content":false,"robots_default":true,"robots_noindex":false,"robots_noarchive":false,"robots_nosnippet":false,"robots_nofollow":false,"robots_noimageindex":false,"robots_noodp":false,"robots_notranslate":false,"robots_max_snippet":null,"robots_max_videopreview":null,"robots_max_imagepreview":"large","priority":null,"frequency":null,"local_seo":null,"seo_analyzer_scan_date":"2025-12-06 07:05:11","breadcrumb_settings":null,"limit_modified_date":false,"open_ai":null,"ai":null,"created":"2020-12-21 12:56:40","updated":"2025-12-06 07:05:11","focus_keyword":null,"additional_keywords":null,"truseo_locale":null},"aioseo_breadcrumb":"<div class=\"aioseo-breadcrumbs\"><span class=\"aioseo-breadcrumb\">\n\t<a href=\"https:\/\/www.eldigitaldeasturias.com\/noticias\" title=\"Home\">Home<\/a>\n<\/span><span class=\"aioseo-breadcrumb-separator\">\u2013<\/span><span class=\"aioseo-breadcrumb\">\n\t<a href=\"https:\/\/www.eldigitaldeasturias.com\/noticias\/category\/actualidad\/\" title=\"Actualidad\">Actualidad<\/a>\n<\/span><span class=\"aioseo-breadcrumb-separator\">\u2013<\/span><span class=\"aioseo-breadcrumb\">\n\t<a href=\"https:\/\/www.eldigitaldeasturias.com\/noticias\/vox-se-querellara-contra-el-gobierno-si-en-48-horas-no-aplica-el-155\/\" title=\"VOX se querellar\u00e1 contra el Gobierno si en 48 horas no aplica el 155\">VOX se querellar\u00e1 contra el Gobierno si en 48 horas no aplica el 155<\/a>\n<\/span><\/div>","aioseo_breadcrumb_json":[{"label":"Home","link":"https:\/\/www.eldigitaldeasturias.com\/noticias"},{"label":"Actualidad","link":"https:\/\/www.eldigitaldeasturias.com\/noticias\/category\/actualidad\/"},{"label":"VOX se querellar\u00e1 contra el Gobierno si en 48 horas no aplica el 155","link":"https:\/\/www.eldigitaldeasturias.com\/noticias\/vox-se-querellara-contra-el-gobierno-si-en-48-horas-no-aplica-el-155\/"}],"_links":{"self":[{"href":"https:\/\/www.eldigitaldeasturias.com\/noticias\/wp-json\/wp\/v2\/posts\/954627","targetHints":{"allow":["GET"]}}],"collection":[{"href":"https:\/\/www.eldigitaldeasturias.com\/noticias\/wp-json\/wp\/v2\/posts"}],"about":[{"href":"https:\/\/www.eldigitaldeasturias.com\/noticias\/wp-json\/wp\/v2\/types\/post"}],"author":[{"embeddable":true,"href":"https:\/\/www.eldigitaldeasturias.com\/noticias\/wp-json\/wp\/v2\/users\/1"}],"replies":[{"embeddable":true,"href":"https:\/\/www.eldigitaldeasturias.com\/noticias\/wp-json\/wp\/v2\/comments?post=954627"}],"version-history":[{"count":0,"href":"https:\/\/www.eldigitaldeasturias.com\/noticias\/wp-json\/wp\/v2\/posts\/954627\/revisions"}],"wp:attachment":[{"href":"https:\/\/www.eldigitaldeasturias.com\/noticias\/wp-json\/wp\/v2\/media?parent=954627"}],"wp:term":[{"taxonomy":"category","embeddable":true,"href":"https:\/\/www.eldigitaldeasturias.com\/noticias\/wp-json\/wp\/v2\/categories?post=954627"},{"taxonomy":"post_tag","embeddable":true,"href":"https:\/\/www.eldigitaldeasturias.com\/noticias\/wp-json\/wp\/v2\/tags?post=954627"}],"curies":[{"name":"wp","href":"https:\/\/api.w.org\/{rel}","templated":true}]}}