{"id":954542,"date":"2017-10-02T21:08:43","date_gmt":"2017-10-02T21:08:43","guid":{"rendered":"http:\/\/www.eldigitaldeasturias.com\/noticias\/?p=954542"},"modified":"2017-10-02T21:08:43","modified_gmt":"2017-10-02T21:08:43","slug":"arrimadas-el-1-o-era-la-gran-excusa-de-puigdemont-y-junqueras-para-proclamar-la-independencia","status":"publish","type":"post","link":"https:\/\/www.eldigitaldeasturias.com\/noticias\/arrimadas-el-1-o-era-la-gran-excusa-de-puigdemont-y-junqueras-para-proclamar-la-independencia\/","title":{"rendered":"Arrimadas: &#8216;El 1-O era la gran excusa de Puigdemont y Junqueras para proclamar la independencia&#8217;"},"content":{"rendered":"<p><img loading=\"lazy\" decoding=\"async\" class=\"alignleft size-medium wp-image-954543\" src=\"https:\/\/www.eldigitaldeasturias.com\/noticias\/wp-content\/uploads\/2017\/10\/Arrimadas-360x270.jpg\" alt=\"\" width=\"360\" height=\"270\" \/>\u201cEl 1-O era la gran excusa de Puigdemont y Junqueras para proclamar la independencia\u201d. As\u00ed lo ha dicho la portavoz nacional de Ciudadanos (Cs) y jefa de la Oposici\u00f3n en Catalu\u00f1a, In\u00e9s Arrimadas, un d\u00eda despu\u00e9s del 1-O donde \u201cse constat\u00f3 c\u00f3mo se ha consolidado la situaci\u00f3n que Puigdemont y Junqueras llevan tanto tiempo buscando, que es la confrontaci\u00f3n entre los catalanes y el resto de espa\u00f1oles\u201d. \u201cEn pocas horas se les acabar\u00e1 de caer la careta porque se ver\u00e1 que esto no iba de democracia, iba de independencia\u201d, ha advertido.<\/p>\n<p>En una rueda de prensa tras reunirse la Ejecutiva nacional del partido, Arrimadas ha acusado al Govern de haber\u201cfracturado la sociedad catalana\u201d y de insultar a los que no quieren participar de sus ilegalidades. En este sentido, ha se\u00f1alado: \u201cUn presidente que insulta a m\u00e1s de la mitad de los catalanes se ha inhabilitado como interlocutor entre los catalanes y el resto de espa\u00f1oles\u201d.<\/p>\n<p>La portavoz nacional de Ciudadanos tambi\u00e9n ha criticado el \u201ctriunfalismo\u201d del Gobierno de Espa\u00f1a en la gesti\u00f3n del 1-O porque fue \u201cun fracaso y un d\u00eda triste\u201d. \u201cTodos hemos visto colegios p\u00fablicos abiertos, que se gastaron el dinero p\u00fablico y se usaron datos de todos para algo ilegal\u201d, ha a\u00f1adido.<\/p>\n<p>Asimismo, Arrimadas se ha dirigido al Gobierno de Espa\u00f1a para pedirle que aplique si es necesario el art\u00edculo 155 \u201cs\u00f3lo para poner las urnas de verdad en Catalu\u00f1a, las de las elecciones, para decidir entre todos qui\u00e9n puede emprender un proyecto que nos defienda a todos y que nos ponga en contacto con el resto de Espa\u00f1a y de Europa\u201d.<\/p>\n<p>\u201cTengo muchas ganas de hablar de lo que Puigdemont nunca ha querido: de educaci\u00f3n, de sanidad y de infraestructuras\u201d, ha manifestado. Y ha a\u00f1adido que para hacerlo es necesario \u201cun nuevo gobierno que no insulte a la mayor\u00eda de los catalanes y que respete las leyes\u201d.<\/p>\n","protected":false},"excerpt":{"rendered":"<p>\u201cEl 1-O era la gran excusa de Puigdemont y Junqueras para proclamar la independencia\u201d. As\u00ed lo ha dicho la portavoz nacional de Ciudadanos (Cs) y jefa de la Oposici\u00f3n en Catalu\u00f1a, In\u00e9s Arrimadas, un d\u00eda despu\u00e9s del 1-O donde \u201cse constat\u00f3 c\u00f3mo se ha consolidado la situaci\u00f3n que Puigdemont y Junqueras llevan tanto tiempo buscando, [&hellip;]<\/p>\n","protected":false},"author":1,"featured_media":954543,"comment_status":"closed","ping_status":"closed","sticky":false,"template":"","format":"standard","meta":{"footnotes":""},"categories":[1],"tags":[],"class_list":["post-954542","post","type-post","status-publish","format-standard","has-post-thumbnail","hentry","category-actualidad"],"aioseo_notices":[],"aioseo_head":"\n\t\t<!-- All in One SEO Pro 5.0.1 - aioseo.com -->\n\t<meta name=\"description\" content=\"\u201cEl 1-O era la gran excusa de Puigdemont y Junqueras para proclamar la independencia\u201d. As\u00ed lo ha dicho la portavoz nacional de Ciudadanos (Cs) y jefa de la Oposici\u00f3n en Catalu\u00f1a, In\u00e9s Arrimadas, un d\u00eda despu\u00e9s del 1-O donde \u201cse constat\u00f3 c\u00f3mo se ha consolidado la situaci\u00f3n que Puigdemont y Junqueras llevan tanto tiempo buscando,\" \/>\n\t<meta name=\"robots\" content=\"max-image-preview:large\" \/>\n\t<meta name=\"author\" content=\"El Digital de Asturias\"\/>\n\t<meta name=\"google-site-verification\" content=\"UA-38556648-1\" \/>\n\t<meta name=\"msvalidate.01\" content=\"7dfe9f3f1b24437ab69f4f2559babe99\" \/>\n\t<meta name=\"keywords\" content=\"actualidad\" \/>\n\t<link rel=\"canonical\" href=\"https:\/\/www.eldigitaldeasturias.com\/noticias\/arrimadas-el-1-o-era-la-gran-excusa-de-puigdemont-y-junqueras-para-proclamar-la-independencia\/\" \/>\n\t<meta name=\"generator\" content=\"All in One SEO Pro (AIOSEO) 5.0.1\" \/>\n\t\t<meta property=\"og:locale\" content=\"es_ES\" \/>\n\t\t<meta property=\"og:site_name\" content=\"El Digital de Asturias\" \/>\n\t\t<meta property=\"og:type\" content=\"article\" \/>\n\t\t<meta property=\"og:title\" content=\"Arrimadas: \u2018El 1-O era la gran excusa de Puigdemont y Junqueras para proclamar la independencia\u2019 - El Digital de Asturias\" \/>\n\t\t<meta property=\"og:description\" content=\"\u201cEl 1-O era la gran excusa de Puigdemont y Junqueras para proclamar la independencia\u201d. As\u00ed lo ha dicho la portavoz nacional de Ciudadanos (Cs) y jefa de la Oposici\u00f3n en Catalu\u00f1a, In\u00e9s Arrimadas, un d\u00eda despu\u00e9s del 1-O donde \u201cse constat\u00f3 c\u00f3mo se ha consolidado la situaci\u00f3n que Puigdemont y Junqueras llevan tanto tiempo buscando,\" \/>\n\t\t<meta property=\"og:url\" content=\"https:\/\/www.eldigitaldeasturias.com\/noticias\/arrimadas-el-1-o-era-la-gran-excusa-de-puigdemont-y-junqueras-para-proclamar-la-independencia\/\" \/>\n\t\t<meta property=\"article:tag\" content=\"actualidad\" \/>\n\t\t<meta property=\"article:published_time\" content=\"2017-10-02T21:08:43+00:00\" \/>\n\t\t<meta property=\"article:modified_time\" content=\"2017-10-02T21:08:43+00:00\" \/>\n\t\t<meta property=\"article:publisher\" content=\"https:\/\/facebook.com\/eldigitaldeasturias\" \/>\n\t\t<meta name=\"twitter:card\" content=\"summary_large_image\" \/>\n\t\t<meta name=\"twitter:title\" content=\"Arrimadas: \u2018El 1-O era la gran excusa de Puigdemont y Junqueras para proclamar la independencia\u2019 - El Digital de Asturias\" \/>\n\t\t<meta name=\"twitter:description\" content=\"\u201cEl 1-O era la gran excusa de Puigdemont y Junqueras para proclamar la independencia\u201d. As\u00ed lo ha dicho la portavoz nacional de Ciudadanos (Cs) y jefa de la Oposici\u00f3n en Catalu\u00f1a, In\u00e9s Arrimadas, un d\u00eda despu\u00e9s del 1-O donde \u201cse constat\u00f3 c\u00f3mo se ha consolidado la situaci\u00f3n que Puigdemont y Junqueras llevan tanto tiempo buscando,\" \/>\n\t\t<meta name=\"twitter:image\" content=\"https:\/\/www.eldigitaldeasturias.com\/noticias\/wp-content\/uploads\/2020\/12\/EDA-1.jpg\" \/>\n\t\t<meta name=\"twitter:label1\" content=\"Escrito por\" \/>\n\t\t<meta name=\"twitter:data1\" content=\"El Digital de Asturias\" \/>\n\t\t<meta name=\"twitter:label2\" content=\"Tiempo de lectura estimado\" \/>\n\t\t<meta name=\"twitter:data2\" content=\"2 minutos\" \/>\n\t\t<script type=\"application\/ld+json\" class=\"aioseo-schema\">\n\t\t\t{\"@context\":\"https:\\\/\\\/schema.org\",\"@graph\":[{\"@type\":\"BlogPosting\",\"@id\":\"https:\\\/\\\/www.eldigitaldeasturias.com\\\/noticias\\\/arrimadas-el-1-o-era-la-gran-excusa-de-puigdemont-y-junqueras-para-proclamar-la-independencia\\\/#blogposting\",\"name\":\"Arrimadas: \\u2018El 1-O era la gran excusa de Puigdemont y Junqueras para proclamar la independencia\\u2019 - El Digital de Asturias\",\"headline\":\"Arrimadas: &#8216;El 1-O era la gran excusa de Puigdemont y Junqueras para proclamar la independencia&#8217;\",\"author\":{\"@id\":\"https:\\\/\\\/www.eldigitaldeasturias.com\\\/noticias\\\/author\\\/admin\\\/#author\"},\"publisher\":{\"@id\":\"https:\\\/\\\/www.eldigitaldeasturias.com\\\/noticias\\\/#organization\"},\"image\":{\"@type\":\"ImageObject\",\"url\":954543},\"datePublished\":\"2017-10-02T21:08:43+02:00\",\"dateModified\":\"2017-10-02T21:08:43+02:00\",\"inLanguage\":\"es-ES\",\"mainEntityOfPage\":{\"@id\":\"https:\\\/\\\/www.eldigitaldeasturias.com\\\/noticias\\\/arrimadas-el-1-o-era-la-gran-excusa-de-puigdemont-y-junqueras-para-proclamar-la-independencia\\\/#webpage\"},\"isPartOf\":{\"@id\":\"https:\\\/\\\/www.eldigitaldeasturias.com\\\/noticias\\\/arrimadas-el-1-o-era-la-gran-excusa-de-puigdemont-y-junqueras-para-proclamar-la-independencia\\\/#webpage\"},\"articleSection\":\"Actualidad\"},{\"@type\":\"BreadcrumbList\",\"@id\":\"https:\\\/\\\/www.eldigitaldeasturias.com\\\/noticias\\\/arrimadas-el-1-o-era-la-gran-excusa-de-puigdemont-y-junqueras-para-proclamar-la-independencia\\\/#breadcrumblist\",\"itemListElement\":[{\"@type\":\"ListItem\",\"@id\":\"https:\\\/\\\/www.eldigitaldeasturias.com\\\/noticias#listItem\",\"position\":1,\"name\":\"Home\",\"item\":\"https:\\\/\\\/www.eldigitaldeasturias.com\\\/noticias\",\"nextItem\":{\"@type\":\"ListItem\",\"@id\":\"https:\\\/\\\/www.eldigitaldeasturias.com\\\/noticias\\\/category\\\/actualidad\\\/#listItem\",\"name\":\"Actualidad\"}},{\"@type\":\"ListItem\",\"@id\":\"https:\\\/\\\/www.eldigitaldeasturias.com\\\/noticias\\\/category\\\/actualidad\\\/#listItem\",\"position\":2,\"name\":\"Actualidad\",\"item\":\"https:\\\/\\\/www.eldigitaldeasturias.com\\\/noticias\\\/category\\\/actualidad\\\/\",\"nextItem\":{\"@type\":\"ListItem\",\"@id\":\"https:\\\/\\\/www.eldigitaldeasturias.com\\\/noticias\\\/arrimadas-el-1-o-era-la-gran-excusa-de-puigdemont-y-junqueras-para-proclamar-la-independencia\\\/#listItem\",\"name\":\"Arrimadas: &#8216;El 1-O era la gran excusa de Puigdemont y Junqueras para proclamar la independencia&#8217;\"},\"previousItem\":{\"@type\":\"ListItem\",\"@id\":\"https:\\\/\\\/www.eldigitaldeasturias.com\\\/noticias#listItem\",\"name\":\"Home\"}},{\"@type\":\"ListItem\",\"@id\":\"https:\\\/\\\/www.eldigitaldeasturias.com\\\/noticias\\\/arrimadas-el-1-o-era-la-gran-excusa-de-puigdemont-y-junqueras-para-proclamar-la-independencia\\\/#listItem\",\"position\":3,\"name\":\"Arrimadas: &#8216;El 1-O era la gran excusa de Puigdemont y Junqueras para proclamar la independencia&#8217;\",\"previousItem\":{\"@type\":\"ListItem\",\"@id\":\"https:\\\/\\\/www.eldigitaldeasturias.com\\\/noticias\\\/category\\\/actualidad\\\/#listItem\",\"name\":\"Actualidad\"}}]},{\"@type\":\"Organization\",\"@id\":\"https:\\\/\\\/www.eldigitaldeasturias.com\\\/noticias\\\/#organization\",\"name\":\"El Digital de Asturias\",\"description\":\"Hemeroteca\",\"url\":\"https:\\\/\\\/www.eldigitaldeasturias.com\\\/noticias\\\/\",\"email\":\"info@eldigitaldeasturias.com\",\"telephone\":\"+34652131393\",\"logo\":{\"@type\":\"ImageObject\",\"url\":\"https:\\\/\\\/www.eldigitaldeasturias.com\\\/noticias\\\/wp-content\\\/uploads\\\/2020\\\/12\\\/EDA.jpg\",\"@id\":\"https:\\\/\\\/www.eldigitaldeasturias.com\\\/noticias\\\/arrimadas-el-1-o-era-la-gran-excusa-de-puigdemont-y-junqueras-para-proclamar-la-independencia\\\/#organizationLogo\"},\"image\":{\"@id\":\"https:\\\/\\\/www.eldigitaldeasturias.com\\\/noticias\\\/arrimadas-el-1-o-era-la-gran-excusa-de-puigdemont-y-junqueras-para-proclamar-la-independencia\\\/#organizationLogo\"},\"sameAs\":[\"https:\\\/\\\/facebook.com\\\/eldigitaldeasturias\",\"https:\\\/\\\/www.youtube.com\\\/channel\\\/UCZP-2wLEB9Rv6erhFmqVnvg\"],\"address\":{\"@id\":\"https:\\\/\\\/www.eldigitaldeasturias.com\\\/noticias\\\/#postaladdress\",\"@type\":\"PostalAddress\",\"streetAddress\":\"san antonio 4\",\"postalCode\":\"33430\",\"addressLocality\":\"Cand\\u00e1s\",\"addressRegion\":\"Asturias\",\"addressCountry\":\"ES\"}},{\"@type\":\"Person\",\"@id\":\"https:\\\/\\\/www.eldigitaldeasturias.com\\\/noticias\\\/author\\\/admin\\\/#author\",\"url\":\"https:\\\/\\\/www.eldigitaldeasturias.com\\\/noticias\\\/author\\\/admin\\\/\",\"name\":\"El Digital de Asturias\",\"image\":{\"@type\":\"ImageObject\",\"@id\":\"https:\\\/\\\/www.eldigitaldeasturias.com\\\/noticias\\\/arrimadas-el-1-o-era-la-gran-excusa-de-puigdemont-y-junqueras-para-proclamar-la-independencia\\\/#authorImage\",\"url\":\"https:\\\/\\\/secure.gravatar.com\\\/avatar\\\/df2aeffc32bcd13f8d26072ef8a91b623d677766deac7f97ca815868cd41bf5e?s=96&d=mm&r=g\",\"width\":96,\"height\":96,\"caption\":\"El Digital de Asturias\"}},{\"@type\":\"WebPage\",\"@id\":\"https:\\\/\\\/www.eldigitaldeasturias.com\\\/noticias\\\/arrimadas-el-1-o-era-la-gran-excusa-de-puigdemont-y-junqueras-para-proclamar-la-independencia\\\/#webpage\",\"url\":\"https:\\\/\\\/www.eldigitaldeasturias.com\\\/noticias\\\/arrimadas-el-1-o-era-la-gran-excusa-de-puigdemont-y-junqueras-para-proclamar-la-independencia\\\/\",\"name\":\"Arrimadas: \\u2018El 1-O era la gran excusa de Puigdemont y Junqueras para proclamar la independencia\\u2019 - El Digital de Asturias\",\"description\":\"\\u201cEl 1-O era la gran excusa de Puigdemont y Junqueras para proclamar la independencia\\u201d. As\\u00ed lo ha dicho la portavoz nacional de Ciudadanos (Cs) y jefa de la Oposici\\u00f3n en Catalu\\u00f1a, In\\u00e9s Arrimadas, un d\\u00eda despu\\u00e9s del 1-O donde \\u201cse constat\\u00f3 c\\u00f3mo se ha consolidado la situaci\\u00f3n que Puigdemont y Junqueras llevan tanto tiempo buscando,\",\"inLanguage\":\"es-ES\",\"isPartOf\":{\"@id\":\"https:\\\/\\\/www.eldigitaldeasturias.com\\\/noticias\\\/#website\"},\"breadcrumb\":{\"@id\":\"https:\\\/\\\/www.eldigitaldeasturias.com\\\/noticias\\\/arrimadas-el-1-o-era-la-gran-excusa-de-puigdemont-y-junqueras-para-proclamar-la-independencia\\\/#breadcrumblist\"},\"author\":{\"@id\":\"https:\\\/\\\/www.eldigitaldeasturias.com\\\/noticias\\\/author\\\/admin\\\/#author\"},\"creator\":{\"@id\":\"https:\\\/\\\/www.eldigitaldeasturias.com\\\/noticias\\\/author\\\/admin\\\/#author\"},\"image\":{\"@type\":\"ImageObject\",\"url\":954543,\"@id\":\"https:\\\/\\\/www.eldigitaldeasturias.com\\\/noticias\\\/arrimadas-el-1-o-era-la-gran-excusa-de-puigdemont-y-junqueras-para-proclamar-la-independencia\\\/#mainImage\"},\"primaryImageOfPage\":{\"@id\":\"https:\\\/\\\/www.eldigitaldeasturias.com\\\/noticias\\\/arrimadas-el-1-o-era-la-gran-excusa-de-puigdemont-y-junqueras-para-proclamar-la-independencia\\\/#mainImage\"},\"datePublished\":\"2017-10-02T21:08:43+02:00\",\"dateModified\":\"2017-10-02T21:08:43+02:00\"},{\"@type\":\"WebSite\",\"@id\":\"https:\\\/\\\/www.eldigitaldeasturias.com\\\/noticias\\\/#website\",\"url\":\"https:\\\/\\\/www.eldigitaldeasturias.com\\\/noticias\\\/\",\"name\":\"El Digital de Asturias - Diario de actualidad y noticias\",\"alternateName\":\"El Digital de Asturias - Diario de actualidad y noticias\",\"description\":\"Hemeroteca\",\"inLanguage\":\"es-ES\",\"publisher\":{\"@id\":\"https:\\\/\\\/www.eldigitaldeasturias.com\\\/noticias\\\/#organization\"}}]}\n\t\t<\/script>\n\t\t<!-- All in One SEO Pro -->\r\n\t\t<title>Arrimadas: \u2018El 1-O era la gran excusa de Puigdemont y Junqueras para proclamar la independencia\u2019 - El Digital de Asturias<\/title>\n\n","aioseo_head_json":{"title":"Arrimadas: \u2018El 1-O era la gran excusa de Puigdemont y Junqueras para proclamar la independencia\u2019 - El Digital de Asturias","description":"\u201cEl 1-O era la gran excusa de Puigdemont y Junqueras para proclamar la independencia\u201d. As\u00ed lo ha dicho la portavoz nacional de Ciudadanos (Cs) y jefa de la Oposici\u00f3n en Catalu\u00f1a, In\u00e9s Arrimadas, un d\u00eda despu\u00e9s del 1-O donde \u201cse constat\u00f3 c\u00f3mo se ha consolidado la situaci\u00f3n que Puigdemont y Junqueras llevan tanto tiempo buscando,","canonical_url":"https:\/\/www.eldigitaldeasturias.com\/noticias\/arrimadas-el-1-o-era-la-gran-excusa-de-puigdemont-y-junqueras-para-proclamar-la-independencia\/","robots":"max-image-preview:large","keywords":"actualidad","webmasterTools":{"google-site-verification":"UA-38556648-1","msvalidate.01":"7dfe9f3f1b24437ab69f4f2559babe99","miscellaneous":""},"schema":{"@context":"https:\/\/schema.org","@graph":[{"@type":"BlogPosting","@id":"https:\/\/www.eldigitaldeasturias.com\/noticias\/arrimadas-el-1-o-era-la-gran-excusa-de-puigdemont-y-junqueras-para-proclamar-la-independencia\/#blogposting","name":"Arrimadas: \u2018El 1-O era la gran excusa de Puigdemont y Junqueras para proclamar la independencia\u2019 - El Digital de Asturias","headline":"Arrimadas: &#8216;El 1-O era la gran excusa de Puigdemont y Junqueras para proclamar la independencia&#8217;","author":{"@id":"https:\/\/www.eldigitaldeasturias.com\/noticias\/author\/admin\/#author"},"publisher":{"@id":"https:\/\/www.eldigitaldeasturias.com\/noticias\/#organization"},"image":{"@type":"ImageObject","url":954543},"datePublished":"2017-10-02T21:08:43+02:00","dateModified":"2017-10-02T21:08:43+02:00","inLanguage":"es-ES","mainEntityOfPage":{"@id":"https:\/\/www.eldigitaldeasturias.com\/noticias\/arrimadas-el-1-o-era-la-gran-excusa-de-puigdemont-y-junqueras-para-proclamar-la-independencia\/#webpage"},"isPartOf":{"@id":"https:\/\/www.eldigitaldeasturias.com\/noticias\/arrimadas-el-1-o-era-la-gran-excusa-de-puigdemont-y-junqueras-para-proclamar-la-independencia\/#webpage"},"articleSection":"Actualidad"},{"@type":"BreadcrumbList","@id":"https:\/\/www.eldigitaldeasturias.com\/noticias\/arrimadas-el-1-o-era-la-gran-excusa-de-puigdemont-y-junqueras-para-proclamar-la-independencia\/#breadcrumblist","itemListElement":[{"@type":"ListItem","@id":"https:\/\/www.eldigitaldeasturias.com\/noticias#listItem","position":1,"name":"Home","item":"https:\/\/www.eldigitaldeasturias.com\/noticias","nextItem":{"@type":"ListItem","@id":"https:\/\/www.eldigitaldeasturias.com\/noticias\/category\/actualidad\/#listItem","name":"Actualidad"}},{"@type":"ListItem","@id":"https:\/\/www.eldigitaldeasturias.com\/noticias\/category\/actualidad\/#listItem","position":2,"name":"Actualidad","item":"https:\/\/www.eldigitaldeasturias.com\/noticias\/category\/actualidad\/","nextItem":{"@type":"ListItem","@id":"https:\/\/www.eldigitaldeasturias.com\/noticias\/arrimadas-el-1-o-era-la-gran-excusa-de-puigdemont-y-junqueras-para-proclamar-la-independencia\/#listItem","name":"Arrimadas: &#8216;El 1-O era la gran excusa de Puigdemont y Junqueras para proclamar la independencia&#8217;"},"previousItem":{"@type":"ListItem","@id":"https:\/\/www.eldigitaldeasturias.com\/noticias#listItem","name":"Home"}},{"@type":"ListItem","@id":"https:\/\/www.eldigitaldeasturias.com\/noticias\/arrimadas-el-1-o-era-la-gran-excusa-de-puigdemont-y-junqueras-para-proclamar-la-independencia\/#listItem","position":3,"name":"Arrimadas: &#8216;El 1-O era la gran excusa de Puigdemont y Junqueras para proclamar la independencia&#8217;","previousItem":{"@type":"ListItem","@id":"https:\/\/www.eldigitaldeasturias.com\/noticias\/category\/actualidad\/#listItem","name":"Actualidad"}}]},{"@type":"Organization","@id":"https:\/\/www.eldigitaldeasturias.com\/noticias\/#organization","name":"El Digital de Asturias","description":"Hemeroteca","url":"https:\/\/www.eldigitaldeasturias.com\/noticias\/","email":"info@eldigitaldeasturias.com","telephone":"+34652131393","logo":{"@type":"ImageObject","url":"https:\/\/www.eldigitaldeasturias.com\/noticias\/wp-content\/uploads\/2020\/12\/EDA.jpg","@id":"https:\/\/www.eldigitaldeasturias.com\/noticias\/arrimadas-el-1-o-era-la-gran-excusa-de-puigdemont-y-junqueras-para-proclamar-la-independencia\/#organizationLogo"},"image":{"@id":"https:\/\/www.eldigitaldeasturias.com\/noticias\/arrimadas-el-1-o-era-la-gran-excusa-de-puigdemont-y-junqueras-para-proclamar-la-independencia\/#organizationLogo"},"sameAs":["https:\/\/facebook.com\/eldigitaldeasturias","https:\/\/www.youtube.com\/channel\/UCZP-2wLEB9Rv6erhFmqVnvg"],"address":{"@id":"https:\/\/www.eldigitaldeasturias.com\/noticias\/#postaladdress","@type":"PostalAddress","streetAddress":"san antonio 4","postalCode":"33430","addressLocality":"Cand\u00e1s","addressRegion":"Asturias","addressCountry":"ES"}},{"@type":"Person","@id":"https:\/\/www.eldigitaldeasturias.com\/noticias\/author\/admin\/#author","url":"https:\/\/www.eldigitaldeasturias.com\/noticias\/author\/admin\/","name":"El Digital de Asturias","image":{"@type":"ImageObject","@id":"https:\/\/www.eldigitaldeasturias.com\/noticias\/arrimadas-el-1-o-era-la-gran-excusa-de-puigdemont-y-junqueras-para-proclamar-la-independencia\/#authorImage","url":"https:\/\/secure.gravatar.com\/avatar\/df2aeffc32bcd13f8d26072ef8a91b623d677766deac7f97ca815868cd41bf5e?s=96&d=mm&r=g","width":96,"height":96,"caption":"El Digital de Asturias"}},{"@type":"WebPage","@id":"https:\/\/www.eldigitaldeasturias.com\/noticias\/arrimadas-el-1-o-era-la-gran-excusa-de-puigdemont-y-junqueras-para-proclamar-la-independencia\/#webpage","url":"https:\/\/www.eldigitaldeasturias.com\/noticias\/arrimadas-el-1-o-era-la-gran-excusa-de-puigdemont-y-junqueras-para-proclamar-la-independencia\/","name":"Arrimadas: \u2018El 1-O era la gran excusa de Puigdemont y Junqueras para proclamar la independencia\u2019 - El Digital de Asturias","description":"\u201cEl 1-O era la gran excusa de Puigdemont y Junqueras para proclamar la independencia\u201d. As\u00ed lo ha dicho la portavoz nacional de Ciudadanos (Cs) y jefa de la Oposici\u00f3n en Catalu\u00f1a, In\u00e9s Arrimadas, un d\u00eda despu\u00e9s del 1-O donde \u201cse constat\u00f3 c\u00f3mo se ha consolidado la situaci\u00f3n que Puigdemont y Junqueras llevan tanto tiempo buscando,","inLanguage":"es-ES","isPartOf":{"@id":"https:\/\/www.eldigitaldeasturias.com\/noticias\/#website"},"breadcrumb":{"@id":"https:\/\/www.eldigitaldeasturias.com\/noticias\/arrimadas-el-1-o-era-la-gran-excusa-de-puigdemont-y-junqueras-para-proclamar-la-independencia\/#breadcrumblist"},"author":{"@id":"https:\/\/www.eldigitaldeasturias.com\/noticias\/author\/admin\/#author"},"creator":{"@id":"https:\/\/www.eldigitaldeasturias.com\/noticias\/author\/admin\/#author"},"image":{"@type":"ImageObject","url":954543,"@id":"https:\/\/www.eldigitaldeasturias.com\/noticias\/arrimadas-el-1-o-era-la-gran-excusa-de-puigdemont-y-junqueras-para-proclamar-la-independencia\/#mainImage"},"primaryImageOfPage":{"@id":"https:\/\/www.eldigitaldeasturias.com\/noticias\/arrimadas-el-1-o-era-la-gran-excusa-de-puigdemont-y-junqueras-para-proclamar-la-independencia\/#mainImage"},"datePublished":"2017-10-02T21:08:43+02:00","dateModified":"2017-10-02T21:08:43+02:00"},{"@type":"WebSite","@id":"https:\/\/www.eldigitaldeasturias.com\/noticias\/#website","url":"https:\/\/www.eldigitaldeasturias.com\/noticias\/","name":"El Digital de Asturias - Diario de actualidad y noticias","alternateName":"El Digital de Asturias - Diario de actualidad y noticias","description":"Hemeroteca","inLanguage":"es-ES","publisher":{"@id":"https:\/\/www.eldigitaldeasturias.com\/noticias\/#organization"}}]},"og:locale":"es_ES","og:site_name":"El Digital de Asturias","og:type":"article","og:title":"Arrimadas: \u2018El 1-O era la gran excusa de Puigdemont y Junqueras para proclamar la independencia\u2019 - El Digital de Asturias","og:description":"\u201cEl 1-O era la gran excusa de Puigdemont y Junqueras para proclamar la independencia\u201d. As\u00ed lo ha dicho la portavoz nacional de Ciudadanos (Cs) y jefa de la Oposici\u00f3n en Catalu\u00f1a, In\u00e9s Arrimadas, un d\u00eda despu\u00e9s del 1-O donde \u201cse constat\u00f3 c\u00f3mo se ha consolidado la situaci\u00f3n que Puigdemont y Junqueras llevan tanto tiempo buscando,","og:url":"https:\/\/www.eldigitaldeasturias.com\/noticias\/arrimadas-el-1-o-era-la-gran-excusa-de-puigdemont-y-junqueras-para-proclamar-la-independencia\/","article:tag":["actualidad"],"article:published_time":"2017-10-02T21:08:43+00:00","article:modified_time":"2017-10-02T21:08:43+00:00","article:publisher":"https:\/\/facebook.com\/eldigitaldeasturias","twitter:card":"summary_large_image","twitter:title":"Arrimadas: \u2018El 1-O era la gran excusa de Puigdemont y Junqueras para proclamar la independencia\u2019 - El Digital de Asturias","twitter:description":"\u201cEl 1-O era la gran excusa de Puigdemont y Junqueras para proclamar la independencia\u201d. As\u00ed lo ha dicho la portavoz nacional de Ciudadanos (Cs) y jefa de la Oposici\u00f3n en Catalu\u00f1a, In\u00e9s Arrimadas, un d\u00eda despu\u00e9s del 1-O donde \u201cse constat\u00f3 c\u00f3mo se ha consolidado la situaci\u00f3n que Puigdemont y Junqueras llevan tanto tiempo buscando,","twitter:image":"https:\/\/www.eldigitaldeasturias.com\/noticias\/wp-content\/uploads\/2020\/12\/EDA-1.jpg","twitter:label1":"Escrito por","twitter:data1":"El Digital de Asturias","twitter:label2":"Tiempo de lectura estimado","twitter:data2":"2 minutos"},"aioseo_meta_data":{"post_id":"954542","title":null,"description":null,"keywords":null,"keyphrases":null,"primary_term":null,"canonical_url":null,"og_title":null,"og_description":null,"og_object_type":"default","og_image_type":"default","og_image_url":null,"og_image_width":null,"og_image_height":null,"og_image_custom_url":null,"og_image_custom_fields":null,"og_video":null,"og_custom_url":null,"og_article_section":null,"og_article_tags":null,"twitter_use_og":false,"twitter_card":"default","twitter_image_type":"default","twitter_image_url":null,"twitter_image_custom_url":null,"twitter_image_custom_fields":null,"twitter_title":null,"twitter_description":null,"schema":{"blockGraphs":[],"customGraphs":[],"default":{"data":{"Article":[],"Course":[],"Dataset":[],"FAQPage":[],"Movie":[],"Person":[],"Product":[],"ProductReview":[],"Car":[],"Recipe":[],"Service":[],"SoftwareApplication":[],"WebPage":[]},"graphName":"","isEnabled":true},"graphs":[],"defaultGraph":"","defaultPostTypeGraph":""},"schema_type":null,"schema_type_options":null,"pillar_content":false,"robots_default":true,"robots_noindex":false,"robots_noarchive":false,"robots_nosnippet":false,"robots_nofollow":false,"robots_noimageindex":false,"robots_noodp":false,"robots_notranslate":false,"robots_max_snippet":null,"robots_max_videopreview":null,"robots_max_imagepreview":"large","priority":null,"frequency":null,"local_seo":null,"seo_analyzer_scan_date":"2025-12-06 06:43:18","breadcrumb_settings":null,"limit_modified_date":false,"open_ai":null,"ai":null,"created":"2020-12-21 12:56:47","updated":"2025-12-06 06:43:18","focus_keyword":null,"additional_keywords":null,"truseo_locale":null},"aioseo_breadcrumb":"<div class=\"aioseo-breadcrumbs\"><span class=\"aioseo-breadcrumb\">\n\t<a href=\"https:\/\/www.eldigitaldeasturias.com\/noticias\" title=\"Home\">Home<\/a>\n<\/span><span class=\"aioseo-breadcrumb-separator\">\u2013<\/span><span class=\"aioseo-breadcrumb\">\n\t<a href=\"https:\/\/www.eldigitaldeasturias.com\/noticias\/category\/actualidad\/\" title=\"Actualidad\">Actualidad<\/a>\n<\/span><span class=\"aioseo-breadcrumb-separator\">\u2013<\/span><span class=\"aioseo-breadcrumb\">\n\t<a href=\"https:\/\/www.eldigitaldeasturias.com\/noticias\/arrimadas-el-1-o-era-la-gran-excusa-de-puigdemont-y-junqueras-para-proclamar-la-independencia\/\" title=\"Arrimadas: \u2018El 1-O era la gran excusa de Puigdemont y Junqueras para proclamar la independencia\u2019\">Arrimadas: \u2018El 1-O era la gran excusa de Puigdemont y Junqueras para proclamar la independencia\u2019<\/a>\n<\/span><\/div>","aioseo_breadcrumb_json":[{"label":"Home","link":"https:\/\/www.eldigitaldeasturias.com\/noticias"},{"label":"Actualidad","link":"https:\/\/www.eldigitaldeasturias.com\/noticias\/category\/actualidad\/"},{"label":"Arrimadas: &#8216;El 1-O era la gran excusa de Puigdemont y Junqueras para proclamar la independencia&#8217;","link":"https:\/\/www.eldigitaldeasturias.com\/noticias\/arrimadas-el-1-o-era-la-gran-excusa-de-puigdemont-y-junqueras-para-proclamar-la-independencia\/"}],"_links":{"self":[{"href":"https:\/\/www.eldigitaldeasturias.com\/noticias\/wp-json\/wp\/v2\/posts\/954542","targetHints":{"allow":["GET"]}}],"collection":[{"href":"https:\/\/www.eldigitaldeasturias.com\/noticias\/wp-json\/wp\/v2\/posts"}],"about":[{"href":"https:\/\/www.eldigitaldeasturias.com\/noticias\/wp-json\/wp\/v2\/types\/post"}],"author":[{"embeddable":true,"href":"https:\/\/www.eldigitaldeasturias.com\/noticias\/wp-json\/wp\/v2\/users\/1"}],"replies":[{"embeddable":true,"href":"https:\/\/www.eldigitaldeasturias.com\/noticias\/wp-json\/wp\/v2\/comments?post=954542"}],"version-history":[{"count":0,"href":"https:\/\/www.eldigitaldeasturias.com\/noticias\/wp-json\/wp\/v2\/posts\/954542\/revisions"}],"wp:attachment":[{"href":"https:\/\/www.eldigitaldeasturias.com\/noticias\/wp-json\/wp\/v2\/media?parent=954542"}],"wp:term":[{"taxonomy":"category","embeddable":true,"href":"https:\/\/www.eldigitaldeasturias.com\/noticias\/wp-json\/wp\/v2\/categories?post=954542"},{"taxonomy":"post_tag","embeddable":true,"href":"https:\/\/www.eldigitaldeasturias.com\/noticias\/wp-json\/wp\/v2\/tags?post=954542"}],"curies":[{"name":"wp","href":"https:\/\/api.w.org\/{rel}","templated":true}]}}