{"id":954539,"date":"2017-10-02T21:00:40","date_gmt":"2017-10-02T21:00:40","guid":{"rendered":"http:\/\/www.eldigitaldeasturias.com\/noticias\/?p=954539"},"modified":"2017-10-02T21:00:40","modified_gmt":"2017-10-02T21:00:40","slug":"pablo-casado-hoy-es-un-dia-para-construir-puentes-pero-no-con-los-secesionistas","status":"publish","type":"post","link":"https:\/\/www.eldigitaldeasturias.com\/noticias\/pablo-casado-hoy-es-un-dia-para-construir-puentes-pero-no-con-los-secesionistas\/","title":{"rendered":"Pablo Casado: \u00abHoy es un d\u00eda para construir puentes pero no con los secesionistas\u201d"},"content":{"rendered":"<p><img loading=\"lazy\" decoding=\"async\" class=\"alignleft size-medium wp-image-954540\" src=\"https:\/\/www.eldigitaldeasturias.com\/noticias\/wp-content\/uploads\/2017\/10\/20170508-360x163.jpg\" alt=\"\" width=\"360\" height=\"163\" \/>El vicesecretario de comunicaci\u00f3n del Partido Popular ha asegurado esta ma\u00f1ana durante una entrevista en el programa \u201cBuenos D\u00edas Madrid\u201d de Telemadrid, que hoy es un d\u00eda para construir puentes \u201cpero no con los secesionistas\u201d. Explica que las fuerzas y cuerpos de seguridad del Estado actuaron respetando la Constituci\u00f3n, las leyes y acatando las resoluciones judiciales.<\/p>\n<p>Para intentar arreglar la situaci\u00f3n en Catalu\u00f1a, el responsable de comunicaci\u00f3n del PP pide reconstruir la convivencia, contestando a \u201cesos espa\u00f1oles que pon\u00edan banderas en Madrid o a los catalanes que cumplieron con la ley y quer\u00edan que se respetaran sus derechos\u00bb. En este sentido, se\u00f1ala que lo que ocurrir\u00e1 durante esta semana ser\u00e1 crucial y que \u201ctanto el Gobierno como el presidente actuar\u00e1n con la responsabilidad y acierto mantenido hasta ahora\u201d.<\/p>\n<p>Durante la entrevista, Pablo Casado ha confirmado que en el d\u00eda de ayer tuvo la posibilidad de hablar con medios internacionales, intentando explicarles que lo que ocurr\u00eda no era un desaf\u00edo para Espa\u00f1a sino para Europa entera, ya que corre el riesgo de que \u201cdespu\u00e9s de esto cayeran m\u00e1s fronteras en el resto del continente\u201d.<\/p>\n<p>Ante la posibilidad de que el Govern de Catalu\u00f1a proclame una Declaraci\u00f3n Unilateral de Independencia, Casado est\u00e1 convencido de que se pondr\u00e1n en marcha los mecanismos legales para proteger la unidad de Espa\u00f1a y evitar que se parta. En este sentido, se ha referido al PP y al Gobierno de Espa\u00f1a, para asegurar que ambos est\u00e1n para servir a Espa\u00f1a y a los espa\u00f1oles y que no permitir\u00e1n una fractura territorial y social en Espa\u00f1a<\/p>\n<p>Preguntado por si cre\u00eda que ahora hab\u00eda m\u00e1s independentistas que ayer, el vicesecretario general de comunicaci\u00f3n del PP, niega saberlo. Aun as\u00ed, declara que habr\u00eda que situarse en la mente de 7 millones de catalanes \u201cpara ver que sintieron. Yo sent\u00ed tristeza\u201d. Cree que hay que verlo a medio plazo ya que hay gente que piensa diferentes cosas. No obstante, afirma que cuando se act\u00faa de acuerdo con la ley y las resoluciones de la misma, \u201cno te equivocas\u201d.<\/p>\n<p>En cuanto a la desobediencia de los Mossos respecto a su responsabilidad, Casado opina que el balance lo tendr\u00e1n que hacer los jueces, por un flagrante delito de los Mossos d&#8217;Esquadra y no solo de estos, sino tambi\u00e9n de \u201clos que han preferido el deshonor de seguir ordenes independentistas ilegales en vez de hacer honor a su escudo, su placa y seguir las leyes\u201d.<\/p>\n","protected":false},"excerpt":{"rendered":"<p>El vicesecretario de comunicaci\u00f3n del Partido Popular ha asegurado esta ma\u00f1ana durante una entrevista en el programa \u201cBuenos D\u00edas Madrid\u201d de Telemadrid, que hoy es un d\u00eda para construir puentes \u201cpero no con los secesionistas\u201d. Explica que las fuerzas y cuerpos de seguridad del Estado actuaron respetando la Constituci\u00f3n, las leyes y acatando las resoluciones [&hellip;]<\/p>\n","protected":false},"author":1,"featured_media":954540,"comment_status":"closed","ping_status":"closed","sticky":false,"template":"","format":"standard","meta":{"footnotes":""},"categories":[1],"tags":[],"class_list":["post-954539","post","type-post","status-publish","format-standard","has-post-thumbnail","hentry","category-actualidad"],"aioseo_notices":[],"aioseo_head":"\n\t\t<!-- All in One SEO Pro 5.0.1 - aioseo.com -->\n\t<meta name=\"description\" content=\"El vicesecretario de comunicaci\u00f3n del Partido Popular ha asegurado esta ma\u00f1ana durante una entrevista en el programa \u201cBuenos D\u00edas Madrid\u201d de Telemadrid, que hoy es un d\u00eda para construir puentes \u201cpero no con los secesionistas\u201d. Explica que las fuerzas y cuerpos de seguridad del Estado actuaron respetando la Constituci\u00f3n, las leyes y acatando las resoluciones\" \/>\n\t<meta name=\"robots\" content=\"max-image-preview:large\" \/>\n\t<meta name=\"author\" content=\"El Digital de Asturias\"\/>\n\t<meta name=\"google-site-verification\" content=\"UA-38556648-1\" \/>\n\t<meta name=\"msvalidate.01\" content=\"7dfe9f3f1b24437ab69f4f2559babe99\" \/>\n\t<meta name=\"keywords\" content=\"actualidad\" \/>\n\t<link rel=\"canonical\" href=\"https:\/\/www.eldigitaldeasturias.com\/noticias\/pablo-casado-hoy-es-un-dia-para-construir-puentes-pero-no-con-los-secesionistas\/\" \/>\n\t<meta name=\"generator\" content=\"All in One SEO Pro (AIOSEO) 5.0.1\" \/>\n\t\t<meta property=\"og:locale\" content=\"es_ES\" \/>\n\t\t<meta property=\"og:site_name\" content=\"El Digital de Asturias\" \/>\n\t\t<meta property=\"og:type\" content=\"article\" \/>\n\t\t<meta property=\"og:title\" content=\"Pablo Casado: \u00abHoy es un d\u00eda para construir puentes pero no con los secesionistas\u201d - El Digital de Asturias\" \/>\n\t\t<meta property=\"og:description\" content=\"El vicesecretario de comunicaci\u00f3n del Partido Popular ha asegurado esta ma\u00f1ana durante una entrevista en el programa \u201cBuenos D\u00edas Madrid\u201d de Telemadrid, que hoy es un d\u00eda para construir puentes \u201cpero no con los secesionistas\u201d. Explica que las fuerzas y cuerpos de seguridad del Estado actuaron respetando la Constituci\u00f3n, las leyes y acatando las resoluciones\" \/>\n\t\t<meta property=\"og:url\" content=\"https:\/\/www.eldigitaldeasturias.com\/noticias\/pablo-casado-hoy-es-un-dia-para-construir-puentes-pero-no-con-los-secesionistas\/\" \/>\n\t\t<meta property=\"article:tag\" content=\"actualidad\" \/>\n\t\t<meta property=\"article:published_time\" content=\"2017-10-02T21:00:40+00:00\" \/>\n\t\t<meta property=\"article:modified_time\" content=\"2017-10-02T21:00:40+00:00\" \/>\n\t\t<meta property=\"article:publisher\" content=\"https:\/\/facebook.com\/eldigitaldeasturias\" \/>\n\t\t<meta name=\"twitter:card\" content=\"summary_large_image\" \/>\n\t\t<meta name=\"twitter:title\" content=\"Pablo Casado: \u00abHoy es un d\u00eda para construir puentes pero no con los secesionistas\u201d - El Digital de Asturias\" \/>\n\t\t<meta name=\"twitter:description\" content=\"El vicesecretario de comunicaci\u00f3n del Partido Popular ha asegurado esta ma\u00f1ana durante una entrevista en el programa \u201cBuenos D\u00edas Madrid\u201d de Telemadrid, que hoy es un d\u00eda para construir puentes \u201cpero no con los secesionistas\u201d. Explica que las fuerzas y cuerpos de seguridad del Estado actuaron respetando la Constituci\u00f3n, las leyes y acatando las resoluciones\" \/>\n\t\t<meta name=\"twitter:image\" content=\"https:\/\/www.eldigitaldeasturias.com\/noticias\/wp-content\/uploads\/2020\/12\/EDA-1.jpg\" \/>\n\t\t<meta name=\"twitter:label1\" content=\"Escrito por\" \/>\n\t\t<meta name=\"twitter:data1\" content=\"El Digital de Asturias\" \/>\n\t\t<meta name=\"twitter:label2\" content=\"Tiempo de lectura estimado\" \/>\n\t\t<meta name=\"twitter:data2\" content=\"2 minutos\" \/>\n\t\t<script type=\"application\/ld+json\" class=\"aioseo-schema\">\n\t\t\t{\"@context\":\"https:\\\/\\\/schema.org\",\"@graph\":[{\"@type\":\"BlogPosting\",\"@id\":\"https:\\\/\\\/www.eldigitaldeasturias.com\\\/noticias\\\/pablo-casado-hoy-es-un-dia-para-construir-puentes-pero-no-con-los-secesionistas\\\/#blogposting\",\"name\":\"Pablo Casado: \\u00abHoy es un d\\u00eda para construir puentes pero no con los secesionistas\\u201d - El Digital de Asturias\",\"headline\":\"Pablo Casado: \\u00abHoy es un d\\u00eda para construir puentes pero no con los secesionistas\\u201d\",\"author\":{\"@id\":\"https:\\\/\\\/www.eldigitaldeasturias.com\\\/noticias\\\/author\\\/admin\\\/#author\"},\"publisher\":{\"@id\":\"https:\\\/\\\/www.eldigitaldeasturias.com\\\/noticias\\\/#organization\"},\"image\":{\"@type\":\"ImageObject\",\"url\":954540},\"datePublished\":\"2017-10-02T21:00:40+02:00\",\"dateModified\":\"2017-10-02T21:00:40+02:00\",\"inLanguage\":\"es-ES\",\"mainEntityOfPage\":{\"@id\":\"https:\\\/\\\/www.eldigitaldeasturias.com\\\/noticias\\\/pablo-casado-hoy-es-un-dia-para-construir-puentes-pero-no-con-los-secesionistas\\\/#webpage\"},\"isPartOf\":{\"@id\":\"https:\\\/\\\/www.eldigitaldeasturias.com\\\/noticias\\\/pablo-casado-hoy-es-un-dia-para-construir-puentes-pero-no-con-los-secesionistas\\\/#webpage\"},\"articleSection\":\"Actualidad\"},{\"@type\":\"BreadcrumbList\",\"@id\":\"https:\\\/\\\/www.eldigitaldeasturias.com\\\/noticias\\\/pablo-casado-hoy-es-un-dia-para-construir-puentes-pero-no-con-los-secesionistas\\\/#breadcrumblist\",\"itemListElement\":[{\"@type\":\"ListItem\",\"@id\":\"https:\\\/\\\/www.eldigitaldeasturias.com\\\/noticias#listItem\",\"position\":1,\"name\":\"Home\",\"item\":\"https:\\\/\\\/www.eldigitaldeasturias.com\\\/noticias\",\"nextItem\":{\"@type\":\"ListItem\",\"@id\":\"https:\\\/\\\/www.eldigitaldeasturias.com\\\/noticias\\\/category\\\/actualidad\\\/#listItem\",\"name\":\"Actualidad\"}},{\"@type\":\"ListItem\",\"@id\":\"https:\\\/\\\/www.eldigitaldeasturias.com\\\/noticias\\\/category\\\/actualidad\\\/#listItem\",\"position\":2,\"name\":\"Actualidad\",\"item\":\"https:\\\/\\\/www.eldigitaldeasturias.com\\\/noticias\\\/category\\\/actualidad\\\/\",\"nextItem\":{\"@type\":\"ListItem\",\"@id\":\"https:\\\/\\\/www.eldigitaldeasturias.com\\\/noticias\\\/pablo-casado-hoy-es-un-dia-para-construir-puentes-pero-no-con-los-secesionistas\\\/#listItem\",\"name\":\"Pablo Casado: \\u00abHoy es un d\\u00eda para construir puentes pero no con los secesionistas\\u201d\"},\"previousItem\":{\"@type\":\"ListItem\",\"@id\":\"https:\\\/\\\/www.eldigitaldeasturias.com\\\/noticias#listItem\",\"name\":\"Home\"}},{\"@type\":\"ListItem\",\"@id\":\"https:\\\/\\\/www.eldigitaldeasturias.com\\\/noticias\\\/pablo-casado-hoy-es-un-dia-para-construir-puentes-pero-no-con-los-secesionistas\\\/#listItem\",\"position\":3,\"name\":\"Pablo Casado: \\u00abHoy es un d\\u00eda para construir puentes pero no con los secesionistas\\u201d\",\"previousItem\":{\"@type\":\"ListItem\",\"@id\":\"https:\\\/\\\/www.eldigitaldeasturias.com\\\/noticias\\\/category\\\/actualidad\\\/#listItem\",\"name\":\"Actualidad\"}}]},{\"@type\":\"Organization\",\"@id\":\"https:\\\/\\\/www.eldigitaldeasturias.com\\\/noticias\\\/#organization\",\"name\":\"El Digital de Asturias\",\"description\":\"Hemeroteca\",\"url\":\"https:\\\/\\\/www.eldigitaldeasturias.com\\\/noticias\\\/\",\"email\":\"info@eldigitaldeasturias.com\",\"telephone\":\"+34652131393\",\"logo\":{\"@type\":\"ImageObject\",\"url\":\"https:\\\/\\\/www.eldigitaldeasturias.com\\\/noticias\\\/wp-content\\\/uploads\\\/2020\\\/12\\\/EDA.jpg\",\"@id\":\"https:\\\/\\\/www.eldigitaldeasturias.com\\\/noticias\\\/pablo-casado-hoy-es-un-dia-para-construir-puentes-pero-no-con-los-secesionistas\\\/#organizationLogo\"},\"image\":{\"@id\":\"https:\\\/\\\/www.eldigitaldeasturias.com\\\/noticias\\\/pablo-casado-hoy-es-un-dia-para-construir-puentes-pero-no-con-los-secesionistas\\\/#organizationLogo\"},\"sameAs\":[\"https:\\\/\\\/facebook.com\\\/eldigitaldeasturias\",\"https:\\\/\\\/www.youtube.com\\\/channel\\\/UCZP-2wLEB9Rv6erhFmqVnvg\"],\"address\":{\"@id\":\"https:\\\/\\\/www.eldigitaldeasturias.com\\\/noticias\\\/#postaladdress\",\"@type\":\"PostalAddress\",\"streetAddress\":\"san antonio 4\",\"postalCode\":\"33430\",\"addressLocality\":\"Cand\\u00e1s\",\"addressRegion\":\"Asturias\",\"addressCountry\":\"ES\"}},{\"@type\":\"Person\",\"@id\":\"https:\\\/\\\/www.eldigitaldeasturias.com\\\/noticias\\\/author\\\/admin\\\/#author\",\"url\":\"https:\\\/\\\/www.eldigitaldeasturias.com\\\/noticias\\\/author\\\/admin\\\/\",\"name\":\"El Digital de Asturias\",\"image\":{\"@type\":\"ImageObject\",\"@id\":\"https:\\\/\\\/www.eldigitaldeasturias.com\\\/noticias\\\/pablo-casado-hoy-es-un-dia-para-construir-puentes-pero-no-con-los-secesionistas\\\/#authorImage\",\"url\":\"https:\\\/\\\/secure.gravatar.com\\\/avatar\\\/df2aeffc32bcd13f8d26072ef8a91b623d677766deac7f97ca815868cd41bf5e?s=96&d=mm&r=g\",\"width\":96,\"height\":96,\"caption\":\"El Digital de Asturias\"}},{\"@type\":\"WebPage\",\"@id\":\"https:\\\/\\\/www.eldigitaldeasturias.com\\\/noticias\\\/pablo-casado-hoy-es-un-dia-para-construir-puentes-pero-no-con-los-secesionistas\\\/#webpage\",\"url\":\"https:\\\/\\\/www.eldigitaldeasturias.com\\\/noticias\\\/pablo-casado-hoy-es-un-dia-para-construir-puentes-pero-no-con-los-secesionistas\\\/\",\"name\":\"Pablo Casado: \\u00abHoy es un d\\u00eda para construir puentes pero no con los secesionistas\\u201d - El Digital de Asturias\",\"description\":\"El vicesecretario de comunicaci\\u00f3n del Partido Popular ha asegurado esta ma\\u00f1ana durante una entrevista en el programa \\u201cBuenos D\\u00edas Madrid\\u201d de Telemadrid, que hoy es un d\\u00eda para construir puentes \\u201cpero no con los secesionistas\\u201d. Explica que las fuerzas y cuerpos de seguridad del Estado actuaron respetando la Constituci\\u00f3n, las leyes y acatando las resoluciones\",\"inLanguage\":\"es-ES\",\"isPartOf\":{\"@id\":\"https:\\\/\\\/www.eldigitaldeasturias.com\\\/noticias\\\/#website\"},\"breadcrumb\":{\"@id\":\"https:\\\/\\\/www.eldigitaldeasturias.com\\\/noticias\\\/pablo-casado-hoy-es-un-dia-para-construir-puentes-pero-no-con-los-secesionistas\\\/#breadcrumblist\"},\"author\":{\"@id\":\"https:\\\/\\\/www.eldigitaldeasturias.com\\\/noticias\\\/author\\\/admin\\\/#author\"},\"creator\":{\"@id\":\"https:\\\/\\\/www.eldigitaldeasturias.com\\\/noticias\\\/author\\\/admin\\\/#author\"},\"image\":{\"@type\":\"ImageObject\",\"url\":954540,\"@id\":\"https:\\\/\\\/www.eldigitaldeasturias.com\\\/noticias\\\/pablo-casado-hoy-es-un-dia-para-construir-puentes-pero-no-con-los-secesionistas\\\/#mainImage\"},\"primaryImageOfPage\":{\"@id\":\"https:\\\/\\\/www.eldigitaldeasturias.com\\\/noticias\\\/pablo-casado-hoy-es-un-dia-para-construir-puentes-pero-no-con-los-secesionistas\\\/#mainImage\"},\"datePublished\":\"2017-10-02T21:00:40+02:00\",\"dateModified\":\"2017-10-02T21:00:40+02:00\"},{\"@type\":\"WebSite\",\"@id\":\"https:\\\/\\\/www.eldigitaldeasturias.com\\\/noticias\\\/#website\",\"url\":\"https:\\\/\\\/www.eldigitaldeasturias.com\\\/noticias\\\/\",\"name\":\"El Digital de Asturias - Diario de actualidad y noticias\",\"alternateName\":\"El Digital de Asturias - Diario de actualidad y noticias\",\"description\":\"Hemeroteca\",\"inLanguage\":\"es-ES\",\"publisher\":{\"@id\":\"https:\\\/\\\/www.eldigitaldeasturias.com\\\/noticias\\\/#organization\"}}]}\n\t\t<\/script>\n\t\t<!-- All in One SEO Pro -->\r\n\t\t<title>Pablo Casado: \u00abHoy es un d\u00eda para construir puentes pero no con los secesionistas\u201d - El Digital de Asturias<\/title>\n\n","aioseo_head_json":{"title":"Pablo Casado: \u00abHoy es un d\u00eda para construir puentes pero no con los secesionistas\u201d - El Digital de Asturias","description":"El vicesecretario de comunicaci\u00f3n del Partido Popular ha asegurado esta ma\u00f1ana durante una entrevista en el programa \u201cBuenos D\u00edas Madrid\u201d de Telemadrid, que hoy es un d\u00eda para construir puentes \u201cpero no con los secesionistas\u201d. Explica que las fuerzas y cuerpos de seguridad del Estado actuaron respetando la Constituci\u00f3n, las leyes y acatando las resoluciones","canonical_url":"https:\/\/www.eldigitaldeasturias.com\/noticias\/pablo-casado-hoy-es-un-dia-para-construir-puentes-pero-no-con-los-secesionistas\/","robots":"max-image-preview:large","keywords":"actualidad","webmasterTools":{"google-site-verification":"UA-38556648-1","msvalidate.01":"7dfe9f3f1b24437ab69f4f2559babe99","miscellaneous":""},"schema":{"@context":"https:\/\/schema.org","@graph":[{"@type":"BlogPosting","@id":"https:\/\/www.eldigitaldeasturias.com\/noticias\/pablo-casado-hoy-es-un-dia-para-construir-puentes-pero-no-con-los-secesionistas\/#blogposting","name":"Pablo Casado: \u00abHoy es un d\u00eda para construir puentes pero no con los secesionistas\u201d - El Digital de Asturias","headline":"Pablo Casado: \u00abHoy es un d\u00eda para construir puentes pero no con los secesionistas\u201d","author":{"@id":"https:\/\/www.eldigitaldeasturias.com\/noticias\/author\/admin\/#author"},"publisher":{"@id":"https:\/\/www.eldigitaldeasturias.com\/noticias\/#organization"},"image":{"@type":"ImageObject","url":954540},"datePublished":"2017-10-02T21:00:40+02:00","dateModified":"2017-10-02T21:00:40+02:00","inLanguage":"es-ES","mainEntityOfPage":{"@id":"https:\/\/www.eldigitaldeasturias.com\/noticias\/pablo-casado-hoy-es-un-dia-para-construir-puentes-pero-no-con-los-secesionistas\/#webpage"},"isPartOf":{"@id":"https:\/\/www.eldigitaldeasturias.com\/noticias\/pablo-casado-hoy-es-un-dia-para-construir-puentes-pero-no-con-los-secesionistas\/#webpage"},"articleSection":"Actualidad"},{"@type":"BreadcrumbList","@id":"https:\/\/www.eldigitaldeasturias.com\/noticias\/pablo-casado-hoy-es-un-dia-para-construir-puentes-pero-no-con-los-secesionistas\/#breadcrumblist","itemListElement":[{"@type":"ListItem","@id":"https:\/\/www.eldigitaldeasturias.com\/noticias#listItem","position":1,"name":"Home","item":"https:\/\/www.eldigitaldeasturias.com\/noticias","nextItem":{"@type":"ListItem","@id":"https:\/\/www.eldigitaldeasturias.com\/noticias\/category\/actualidad\/#listItem","name":"Actualidad"}},{"@type":"ListItem","@id":"https:\/\/www.eldigitaldeasturias.com\/noticias\/category\/actualidad\/#listItem","position":2,"name":"Actualidad","item":"https:\/\/www.eldigitaldeasturias.com\/noticias\/category\/actualidad\/","nextItem":{"@type":"ListItem","@id":"https:\/\/www.eldigitaldeasturias.com\/noticias\/pablo-casado-hoy-es-un-dia-para-construir-puentes-pero-no-con-los-secesionistas\/#listItem","name":"Pablo Casado: \u00abHoy es un d\u00eda para construir puentes pero no con los secesionistas\u201d"},"previousItem":{"@type":"ListItem","@id":"https:\/\/www.eldigitaldeasturias.com\/noticias#listItem","name":"Home"}},{"@type":"ListItem","@id":"https:\/\/www.eldigitaldeasturias.com\/noticias\/pablo-casado-hoy-es-un-dia-para-construir-puentes-pero-no-con-los-secesionistas\/#listItem","position":3,"name":"Pablo Casado: \u00abHoy es un d\u00eda para construir puentes pero no con los secesionistas\u201d","previousItem":{"@type":"ListItem","@id":"https:\/\/www.eldigitaldeasturias.com\/noticias\/category\/actualidad\/#listItem","name":"Actualidad"}}]},{"@type":"Organization","@id":"https:\/\/www.eldigitaldeasturias.com\/noticias\/#organization","name":"El Digital de Asturias","description":"Hemeroteca","url":"https:\/\/www.eldigitaldeasturias.com\/noticias\/","email":"info@eldigitaldeasturias.com","telephone":"+34652131393","logo":{"@type":"ImageObject","url":"https:\/\/www.eldigitaldeasturias.com\/noticias\/wp-content\/uploads\/2020\/12\/EDA.jpg","@id":"https:\/\/www.eldigitaldeasturias.com\/noticias\/pablo-casado-hoy-es-un-dia-para-construir-puentes-pero-no-con-los-secesionistas\/#organizationLogo"},"image":{"@id":"https:\/\/www.eldigitaldeasturias.com\/noticias\/pablo-casado-hoy-es-un-dia-para-construir-puentes-pero-no-con-los-secesionistas\/#organizationLogo"},"sameAs":["https:\/\/facebook.com\/eldigitaldeasturias","https:\/\/www.youtube.com\/channel\/UCZP-2wLEB9Rv6erhFmqVnvg"],"address":{"@id":"https:\/\/www.eldigitaldeasturias.com\/noticias\/#postaladdress","@type":"PostalAddress","streetAddress":"san antonio 4","postalCode":"33430","addressLocality":"Cand\u00e1s","addressRegion":"Asturias","addressCountry":"ES"}},{"@type":"Person","@id":"https:\/\/www.eldigitaldeasturias.com\/noticias\/author\/admin\/#author","url":"https:\/\/www.eldigitaldeasturias.com\/noticias\/author\/admin\/","name":"El Digital de Asturias","image":{"@type":"ImageObject","@id":"https:\/\/www.eldigitaldeasturias.com\/noticias\/pablo-casado-hoy-es-un-dia-para-construir-puentes-pero-no-con-los-secesionistas\/#authorImage","url":"https:\/\/secure.gravatar.com\/avatar\/df2aeffc32bcd13f8d26072ef8a91b623d677766deac7f97ca815868cd41bf5e?s=96&d=mm&r=g","width":96,"height":96,"caption":"El Digital de Asturias"}},{"@type":"WebPage","@id":"https:\/\/www.eldigitaldeasturias.com\/noticias\/pablo-casado-hoy-es-un-dia-para-construir-puentes-pero-no-con-los-secesionistas\/#webpage","url":"https:\/\/www.eldigitaldeasturias.com\/noticias\/pablo-casado-hoy-es-un-dia-para-construir-puentes-pero-no-con-los-secesionistas\/","name":"Pablo Casado: \u00abHoy es un d\u00eda para construir puentes pero no con los secesionistas\u201d - El Digital de Asturias","description":"El vicesecretario de comunicaci\u00f3n del Partido Popular ha asegurado esta ma\u00f1ana durante una entrevista en el programa \u201cBuenos D\u00edas Madrid\u201d de Telemadrid, que hoy es un d\u00eda para construir puentes \u201cpero no con los secesionistas\u201d. Explica que las fuerzas y cuerpos de seguridad del Estado actuaron respetando la Constituci\u00f3n, las leyes y acatando las resoluciones","inLanguage":"es-ES","isPartOf":{"@id":"https:\/\/www.eldigitaldeasturias.com\/noticias\/#website"},"breadcrumb":{"@id":"https:\/\/www.eldigitaldeasturias.com\/noticias\/pablo-casado-hoy-es-un-dia-para-construir-puentes-pero-no-con-los-secesionistas\/#breadcrumblist"},"author":{"@id":"https:\/\/www.eldigitaldeasturias.com\/noticias\/author\/admin\/#author"},"creator":{"@id":"https:\/\/www.eldigitaldeasturias.com\/noticias\/author\/admin\/#author"},"image":{"@type":"ImageObject","url":954540,"@id":"https:\/\/www.eldigitaldeasturias.com\/noticias\/pablo-casado-hoy-es-un-dia-para-construir-puentes-pero-no-con-los-secesionistas\/#mainImage"},"primaryImageOfPage":{"@id":"https:\/\/www.eldigitaldeasturias.com\/noticias\/pablo-casado-hoy-es-un-dia-para-construir-puentes-pero-no-con-los-secesionistas\/#mainImage"},"datePublished":"2017-10-02T21:00:40+02:00","dateModified":"2017-10-02T21:00:40+02:00"},{"@type":"WebSite","@id":"https:\/\/www.eldigitaldeasturias.com\/noticias\/#website","url":"https:\/\/www.eldigitaldeasturias.com\/noticias\/","name":"El Digital de Asturias - Diario de actualidad y noticias","alternateName":"El Digital de Asturias - Diario de actualidad y noticias","description":"Hemeroteca","inLanguage":"es-ES","publisher":{"@id":"https:\/\/www.eldigitaldeasturias.com\/noticias\/#organization"}}]},"og:locale":"es_ES","og:site_name":"El Digital de Asturias","og:type":"article","og:title":"Pablo Casado: \u00abHoy es un d\u00eda para construir puentes pero no con los secesionistas\u201d - El Digital de Asturias","og:description":"El vicesecretario de comunicaci\u00f3n del Partido Popular ha asegurado esta ma\u00f1ana durante una entrevista en el programa \u201cBuenos D\u00edas Madrid\u201d de Telemadrid, que hoy es un d\u00eda para construir puentes \u201cpero no con los secesionistas\u201d. Explica que las fuerzas y cuerpos de seguridad del Estado actuaron respetando la Constituci\u00f3n, las leyes y acatando las resoluciones","og:url":"https:\/\/www.eldigitaldeasturias.com\/noticias\/pablo-casado-hoy-es-un-dia-para-construir-puentes-pero-no-con-los-secesionistas\/","article:tag":["actualidad"],"article:published_time":"2017-10-02T21:00:40+00:00","article:modified_time":"2017-10-02T21:00:40+00:00","article:publisher":"https:\/\/facebook.com\/eldigitaldeasturias","twitter:card":"summary_large_image","twitter:title":"Pablo Casado: \u00abHoy es un d\u00eda para construir puentes pero no con los secesionistas\u201d - El Digital de Asturias","twitter:description":"El vicesecretario de comunicaci\u00f3n del Partido Popular ha asegurado esta ma\u00f1ana durante una entrevista en el programa \u201cBuenos D\u00edas Madrid\u201d de Telemadrid, que hoy es un d\u00eda para construir puentes \u201cpero no con los secesionistas\u201d. Explica que las fuerzas y cuerpos de seguridad del Estado actuaron respetando la Constituci\u00f3n, las leyes y acatando las resoluciones","twitter:image":"https:\/\/www.eldigitaldeasturias.com\/noticias\/wp-content\/uploads\/2020\/12\/EDA-1.jpg","twitter:label1":"Escrito por","twitter:data1":"El Digital de Asturias","twitter:label2":"Tiempo de lectura estimado","twitter:data2":"2 minutos"},"aioseo_meta_data":{"post_id":"954539","title":null,"description":null,"keywords":null,"keyphrases":null,"primary_term":null,"canonical_url":null,"og_title":null,"og_description":null,"og_object_type":"default","og_image_type":"default","og_image_url":null,"og_image_width":null,"og_image_height":null,"og_image_custom_url":null,"og_image_custom_fields":null,"og_video":null,"og_custom_url":null,"og_article_section":null,"og_article_tags":null,"twitter_use_og":false,"twitter_card":"default","twitter_image_type":"default","twitter_image_url":null,"twitter_image_custom_url":null,"twitter_image_custom_fields":null,"twitter_title":null,"twitter_description":null,"schema":{"blockGraphs":[],"customGraphs":[],"default":{"data":{"Article":[],"Course":[],"Dataset":[],"FAQPage":[],"Movie":[],"Person":[],"Product":[],"ProductReview":[],"Car":[],"Recipe":[],"Service":[],"SoftwareApplication":[],"WebPage":[]},"graphName":"","isEnabled":true},"graphs":[],"defaultGraph":"","defaultPostTypeGraph":""},"schema_type":null,"schema_type_options":null,"pillar_content":false,"robots_default":true,"robots_noindex":false,"robots_noarchive":false,"robots_nosnippet":false,"robots_nofollow":false,"robots_noimageindex":false,"robots_noodp":false,"robots_notranslate":false,"robots_max_snippet":null,"robots_max_videopreview":null,"robots_max_imagepreview":"large","priority":null,"frequency":null,"local_seo":null,"seo_analyzer_scan_date":"2025-12-06 06:43:18","breadcrumb_settings":null,"limit_modified_date":false,"open_ai":null,"ai":null,"created":"2020-12-21 12:56:47","updated":"2025-12-06 06:43:18","focus_keyword":null,"additional_keywords":null,"truseo_locale":null},"aioseo_breadcrumb":"<div class=\"aioseo-breadcrumbs\"><span class=\"aioseo-breadcrumb\">\n\t<a href=\"https:\/\/www.eldigitaldeasturias.com\/noticias\" title=\"Home\">Home<\/a>\n<\/span><span class=\"aioseo-breadcrumb-separator\">\u2013<\/span><span class=\"aioseo-breadcrumb\">\n\t<a href=\"https:\/\/www.eldigitaldeasturias.com\/noticias\/category\/actualidad\/\" title=\"Actualidad\">Actualidad<\/a>\n<\/span><span class=\"aioseo-breadcrumb-separator\">\u2013<\/span><span class=\"aioseo-breadcrumb\">\n\t<a href=\"https:\/\/www.eldigitaldeasturias.com\/noticias\/pablo-casado-hoy-es-un-dia-para-construir-puentes-pero-no-con-los-secesionistas\/\" title=\"Pablo Casado: \u00abHoy es un d\u00eda para construir puentes pero no con los secesionistas\u201d\">Pablo Casado: \u00abHoy es un d\u00eda para construir puentes pero no con los secesionistas\u201d<\/a>\n<\/span><\/div>","aioseo_breadcrumb_json":[{"label":"Home","link":"https:\/\/www.eldigitaldeasturias.com\/noticias"},{"label":"Actualidad","link":"https:\/\/www.eldigitaldeasturias.com\/noticias\/category\/actualidad\/"},{"label":"Pablo Casado: \u00abHoy es un d\u00eda para construir puentes pero no con los secesionistas\u201d","link":"https:\/\/www.eldigitaldeasturias.com\/noticias\/pablo-casado-hoy-es-un-dia-para-construir-puentes-pero-no-con-los-secesionistas\/"}],"_links":{"self":[{"href":"https:\/\/www.eldigitaldeasturias.com\/noticias\/wp-json\/wp\/v2\/posts\/954539","targetHints":{"allow":["GET"]}}],"collection":[{"href":"https:\/\/www.eldigitaldeasturias.com\/noticias\/wp-json\/wp\/v2\/posts"}],"about":[{"href":"https:\/\/www.eldigitaldeasturias.com\/noticias\/wp-json\/wp\/v2\/types\/post"}],"author":[{"embeddable":true,"href":"https:\/\/www.eldigitaldeasturias.com\/noticias\/wp-json\/wp\/v2\/users\/1"}],"replies":[{"embeddable":true,"href":"https:\/\/www.eldigitaldeasturias.com\/noticias\/wp-json\/wp\/v2\/comments?post=954539"}],"version-history":[{"count":0,"href":"https:\/\/www.eldigitaldeasturias.com\/noticias\/wp-json\/wp\/v2\/posts\/954539\/revisions"}],"wp:attachment":[{"href":"https:\/\/www.eldigitaldeasturias.com\/noticias\/wp-json\/wp\/v2\/media?parent=954539"}],"wp:term":[{"taxonomy":"category","embeddable":true,"href":"https:\/\/www.eldigitaldeasturias.com\/noticias\/wp-json\/wp\/v2\/categories?post=954539"},{"taxonomy":"post_tag","embeddable":true,"href":"https:\/\/www.eldigitaldeasturias.com\/noticias\/wp-json\/wp\/v2\/tags?post=954539"}],"curies":[{"name":"wp","href":"https:\/\/api.w.org\/{rel}","templated":true}]}}