{"id":954531,"date":"2017-10-02T20:53:25","date_gmt":"2017-10-02T20:53:25","guid":{"rendered":"http:\/\/www.eldigitaldeasturias.com\/noticias\/?p=954531"},"modified":"2017-10-02T20:53:25","modified_gmt":"2017-10-02T20:53:25","slug":"tejerina-senala-la-digitalizacion-y-la-economia-circular-como-elementos-clave-para-el-desarrollo-economico","status":"publish","type":"post","link":"https:\/\/www.eldigitaldeasturias.com\/noticias\/tejerina-senala-la-digitalizacion-y-la-economia-circular-como-elementos-clave-para-el-desarrollo-economico\/","title":{"rendered":"Tejerina se\u00f1ala la digitalizaci\u00f3n y la econom\u00eda circular como elementos clave para el desarrollo econ\u00f3mico"},"content":{"rendered":"<p><img loading=\"lazy\" decoding=\"async\" class=\"alignleft size-medium wp-image-954532\" src=\"https:\/\/www.eldigitaldeasturias.com\/noticias\/wp-content\/uploads\/2017\/10\/21017_Tejerina-360x239.jpg\" alt=\"\" width=\"360\" height=\"239\" \/>La ministra de Agricultura y Pesca, Alimentaci\u00f3n y Medio Ambiente, Isabel Garc\u00eda Tejerina, ha clausurado la mesa redonda \u00abFuturo de la industria: los nuevos retos\u00bb, en el marco de la Barcelona Industry Week, que organiza Fira de Barcelona, donde ha hecho referencia a dos de los retos globales a los que se enfrenta la industria espa\u00f1ola, como son la digitalizaci\u00f3n y la transici\u00f3n hacia una econom\u00eda circular.<\/p>\n<p>Seg\u00fan ha puntualizado la ministra, a estos dos aspectos hay que sumar la lucha contra los efectos del cambio clim\u00e1tico.<\/p>\n<p>En relaci\u00f3n con la digitalizaci\u00f3n, Garc\u00eda Tejerina ha se\u00f1alado que los avances tecnol\u00f3gicos, como el Internet de las Cosas, el 5G, la inform\u00e1tica en la nube, el an\u00e1lisis de datos o la rob\u00f3tica est\u00e1n transformando los productos, los procesos y los modelos de negocio en todos los sectores. Seg\u00fan ha a\u00f1adido, en 2020 es estima que habr\u00e1 m\u00e1s de 30.000 millones de dispositivos conectados a Internet, es decir, 3 veces m\u00e1s dispositivos online que personas en el planeta.<\/p>\n<p>Por ello, la ministra entiende que tanto administraciones como empresas y ciudadanos deben transformar este reto en oportunidad y saber rentabilizarla, ya que la digitalizaci\u00f3n de la actividad econ\u00f3mica en Espa\u00f1a implicar\u00eda un incremento de m\u00e1s de 100.000 millones de euros de valor a\u00f1adido bruto para 2025, lo que equivaldr\u00eda al 10% del PIB.<\/p>\n<p>A este respecto, Garc\u00eda Tejerina ha apuntado la necesidad de que los beneficios de la digitalizaci\u00f3n lleguen tambi\u00e9n al medio rural. Para ello, el Gobierno trabaja para conseguir una adecuada conectividad, universalizando el despliegue de la fibra \u00f3ptica y cobertura 4G en los pueblos.<\/p>\n<p><strong>Econom\u00eda circular<\/strong><\/p>\n<p>Por otra parte, Garc\u00eda Tejerina considera \u00abimprescindible\u00bb adoptar un nuevo modelo de econom\u00eda circular, basado en el uso sostenible de los recursos y en la protecci\u00f3n del medio ambiente, con un doble objetivo: por un lado, maximizar la eficiencia de los recursos, tanto materiales como energ\u00e9ticos, para que permanezcan el mayor tiempo posible en el ciclo productivo. Y, por otro, reducir la generaci\u00f3n de residuos y aprovechar al m\u00e1ximo aquellos que no se hayan podido evitar.<\/p>\n<p>Para la ministra, este doble objetivo debe ser un \u00abelemento estrat\u00e9gico\u00bb, tanto para el planteamiento de pol\u00edticas medioambientales, como econ\u00f3micas, energ\u00e9ticas y empresariales.<\/p>\n<p>De esta forma, Garc\u00eda Tejerina ha recalcado que esta transici\u00f3n hacia una econom\u00eda circular es una prioridad de primer orden para el Gobierno, que ya trabaja en una estrategia de car\u00e1cter global e integradora del conjunto de nuestro sistema productivo, que propicie una evoluci\u00f3n ordenada hacia este nuevo modelo.<\/p>\n<p>Asimismo, Garc\u00eda Tejerina ha hecho hincapi\u00e9 en la necesidad de cualquier econom\u00eda de \u00abseguridad jur\u00eddica\u00bb, que se construye a trav\u00e9s de la tolerancia y la convivencia. En este sentido, ha destacado el trabajo com\u00fan de Espa\u00f1a y Catalu\u00f1a para conformar una sociedad m\u00e1s avanzada. \u00abPara un futuro mejor, hay que conservar la seguridad jur\u00eddica que har\u00e1 posible el desarrollo y las inversiones\u00bb, ha se\u00f1alado.<\/p>\n<p>&nbsp;<\/p>\n","protected":false},"excerpt":{"rendered":"<p>La ministra de Agricultura y Pesca, Alimentaci\u00f3n y Medio Ambiente, Isabel Garc\u00eda Tejerina, ha clausurado la mesa redonda \u00abFuturo de la industria: los nuevos retos\u00bb, en el marco de la Barcelona Industry Week, que organiza Fira de Barcelona, donde ha hecho referencia a dos de los retos globales a los que se enfrenta la industria [&hellip;]<\/p>\n","protected":false},"author":1,"featured_media":954532,"comment_status":"closed","ping_status":"closed","sticky":false,"template":"","format":"standard","meta":{"footnotes":""},"categories":[1],"tags":[],"class_list":["post-954531","post","type-post","status-publish","format-standard","has-post-thumbnail","hentry","category-actualidad"],"aioseo_notices":[],"aioseo_head":"\n\t\t<!-- All in One SEO Pro 5.0.1 - aioseo.com -->\n\t<meta name=\"description\" content=\"La ministra de Agricultura y Pesca, Alimentaci\u00f3n y Medio Ambiente, Isabel Garc\u00eda Tejerina, ha clausurado la mesa redonda &quot;Futuro de la industria: los nuevos retos&quot;, en el marco de la Barcelona Industry Week, que organiza Fira de Barcelona, donde ha hecho referencia a dos de los retos globales a los que se enfrenta la industria\" \/>\n\t<meta name=\"robots\" content=\"max-image-preview:large\" \/>\n\t<meta name=\"author\" content=\"El Digital de Asturias\"\/>\n\t<meta name=\"google-site-verification\" content=\"UA-38556648-1\" \/>\n\t<meta name=\"msvalidate.01\" content=\"7dfe9f3f1b24437ab69f4f2559babe99\" \/>\n\t<meta name=\"keywords\" content=\"actualidad\" \/>\n\t<link rel=\"canonical\" href=\"https:\/\/www.eldigitaldeasturias.com\/noticias\/tejerina-senala-la-digitalizacion-y-la-economia-circular-como-elementos-clave-para-el-desarrollo-economico\/\" \/>\n\t<meta name=\"generator\" content=\"All in One SEO Pro (AIOSEO) 5.0.1\" \/>\n\t\t<meta property=\"og:locale\" content=\"es_ES\" \/>\n\t\t<meta property=\"og:site_name\" content=\"El Digital de Asturias\" \/>\n\t\t<meta property=\"og:type\" content=\"article\" \/>\n\t\t<meta property=\"og:title\" content=\"Tejerina se\u00f1ala la digitalizaci\u00f3n y la econom\u00eda circular como elementos clave para el desarrollo econ\u00f3mico - El Digital de Asturias\" \/>\n\t\t<meta property=\"og:description\" content=\"La ministra de Agricultura y Pesca, Alimentaci\u00f3n y Medio Ambiente, Isabel Garc\u00eda Tejerina, ha clausurado la mesa redonda &quot;Futuro de la industria: los nuevos retos&quot;, en el marco de la Barcelona Industry Week, que organiza Fira de Barcelona, donde ha hecho referencia a dos de los retos globales a los que se enfrenta la industria\" \/>\n\t\t<meta property=\"og:url\" content=\"https:\/\/www.eldigitaldeasturias.com\/noticias\/tejerina-senala-la-digitalizacion-y-la-economia-circular-como-elementos-clave-para-el-desarrollo-economico\/\" \/>\n\t\t<meta property=\"article:tag\" content=\"actualidad\" \/>\n\t\t<meta property=\"article:published_time\" content=\"2017-10-02T20:53:25+00:00\" \/>\n\t\t<meta property=\"article:modified_time\" content=\"2017-10-02T20:53:25+00:00\" \/>\n\t\t<meta property=\"article:publisher\" content=\"https:\/\/facebook.com\/eldigitaldeasturias\" \/>\n\t\t<meta name=\"twitter:card\" content=\"summary_large_image\" \/>\n\t\t<meta name=\"twitter:title\" content=\"Tejerina se\u00f1ala la digitalizaci\u00f3n y la econom\u00eda circular como elementos clave para el desarrollo econ\u00f3mico - El Digital de Asturias\" \/>\n\t\t<meta name=\"twitter:description\" content=\"La ministra de Agricultura y Pesca, Alimentaci\u00f3n y Medio Ambiente, Isabel Garc\u00eda Tejerina, ha clausurado la mesa redonda &quot;Futuro de la industria: los nuevos retos&quot;, en el marco de la Barcelona Industry Week, que organiza Fira de Barcelona, donde ha hecho referencia a dos de los retos globales a los que se enfrenta la industria\" \/>\n\t\t<meta name=\"twitter:image\" content=\"https:\/\/www.eldigitaldeasturias.com\/noticias\/wp-content\/uploads\/2020\/12\/EDA-1.jpg\" \/>\n\t\t<meta name=\"twitter:label1\" content=\"Escrito por\" \/>\n\t\t<meta name=\"twitter:data1\" content=\"El Digital de Asturias\" \/>\n\t\t<meta name=\"twitter:label2\" content=\"Tiempo de lectura estimado\" \/>\n\t\t<meta name=\"twitter:data2\" content=\"3 minutos\" \/>\n\t\t<script type=\"application\/ld+json\" class=\"aioseo-schema\">\n\t\t\t{\"@context\":\"https:\\\/\\\/schema.org\",\"@graph\":[{\"@type\":\"BlogPosting\",\"@id\":\"https:\\\/\\\/www.eldigitaldeasturias.com\\\/noticias\\\/tejerina-senala-la-digitalizacion-y-la-economia-circular-como-elementos-clave-para-el-desarrollo-economico\\\/#blogposting\",\"name\":\"Tejerina se\\u00f1ala la digitalizaci\\u00f3n y la econom\\u00eda circular como elementos clave para el desarrollo econ\\u00f3mico - El Digital de Asturias\",\"headline\":\"Tejerina se\\u00f1ala la digitalizaci\\u00f3n y la econom\\u00eda circular como elementos clave para el desarrollo econ\\u00f3mico\",\"author\":{\"@id\":\"https:\\\/\\\/www.eldigitaldeasturias.com\\\/noticias\\\/author\\\/admin\\\/#author\"},\"publisher\":{\"@id\":\"https:\\\/\\\/www.eldigitaldeasturias.com\\\/noticias\\\/#organization\"},\"image\":{\"@type\":\"ImageObject\",\"url\":954532},\"datePublished\":\"2017-10-02T20:53:25+02:00\",\"dateModified\":\"2017-10-02T20:53:25+02:00\",\"inLanguage\":\"es-ES\",\"mainEntityOfPage\":{\"@id\":\"https:\\\/\\\/www.eldigitaldeasturias.com\\\/noticias\\\/tejerina-senala-la-digitalizacion-y-la-economia-circular-como-elementos-clave-para-el-desarrollo-economico\\\/#webpage\"},\"isPartOf\":{\"@id\":\"https:\\\/\\\/www.eldigitaldeasturias.com\\\/noticias\\\/tejerina-senala-la-digitalizacion-y-la-economia-circular-como-elementos-clave-para-el-desarrollo-economico\\\/#webpage\"},\"articleSection\":\"Actualidad\"},{\"@type\":\"BreadcrumbList\",\"@id\":\"https:\\\/\\\/www.eldigitaldeasturias.com\\\/noticias\\\/tejerina-senala-la-digitalizacion-y-la-economia-circular-como-elementos-clave-para-el-desarrollo-economico\\\/#breadcrumblist\",\"itemListElement\":[{\"@type\":\"ListItem\",\"@id\":\"https:\\\/\\\/www.eldigitaldeasturias.com\\\/noticias#listItem\",\"position\":1,\"name\":\"Home\",\"item\":\"https:\\\/\\\/www.eldigitaldeasturias.com\\\/noticias\",\"nextItem\":{\"@type\":\"ListItem\",\"@id\":\"https:\\\/\\\/www.eldigitaldeasturias.com\\\/noticias\\\/category\\\/actualidad\\\/#listItem\",\"name\":\"Actualidad\"}},{\"@type\":\"ListItem\",\"@id\":\"https:\\\/\\\/www.eldigitaldeasturias.com\\\/noticias\\\/category\\\/actualidad\\\/#listItem\",\"position\":2,\"name\":\"Actualidad\",\"item\":\"https:\\\/\\\/www.eldigitaldeasturias.com\\\/noticias\\\/category\\\/actualidad\\\/\",\"nextItem\":{\"@type\":\"ListItem\",\"@id\":\"https:\\\/\\\/www.eldigitaldeasturias.com\\\/noticias\\\/tejerina-senala-la-digitalizacion-y-la-economia-circular-como-elementos-clave-para-el-desarrollo-economico\\\/#listItem\",\"name\":\"Tejerina se\\u00f1ala la digitalizaci\\u00f3n y la econom\\u00eda circular como elementos clave para el desarrollo econ\\u00f3mico\"},\"previousItem\":{\"@type\":\"ListItem\",\"@id\":\"https:\\\/\\\/www.eldigitaldeasturias.com\\\/noticias#listItem\",\"name\":\"Home\"}},{\"@type\":\"ListItem\",\"@id\":\"https:\\\/\\\/www.eldigitaldeasturias.com\\\/noticias\\\/tejerina-senala-la-digitalizacion-y-la-economia-circular-como-elementos-clave-para-el-desarrollo-economico\\\/#listItem\",\"position\":3,\"name\":\"Tejerina se\\u00f1ala la digitalizaci\\u00f3n y la econom\\u00eda circular como elementos clave para el desarrollo econ\\u00f3mico\",\"previousItem\":{\"@type\":\"ListItem\",\"@id\":\"https:\\\/\\\/www.eldigitaldeasturias.com\\\/noticias\\\/category\\\/actualidad\\\/#listItem\",\"name\":\"Actualidad\"}}]},{\"@type\":\"Organization\",\"@id\":\"https:\\\/\\\/www.eldigitaldeasturias.com\\\/noticias\\\/#organization\",\"name\":\"El Digital de Asturias\",\"description\":\"Hemeroteca\",\"url\":\"https:\\\/\\\/www.eldigitaldeasturias.com\\\/noticias\\\/\",\"email\":\"info@eldigitaldeasturias.com\",\"telephone\":\"+34652131393\",\"logo\":{\"@type\":\"ImageObject\",\"url\":\"https:\\\/\\\/www.eldigitaldeasturias.com\\\/noticias\\\/wp-content\\\/uploads\\\/2020\\\/12\\\/EDA.jpg\",\"@id\":\"https:\\\/\\\/www.eldigitaldeasturias.com\\\/noticias\\\/tejerina-senala-la-digitalizacion-y-la-economia-circular-como-elementos-clave-para-el-desarrollo-economico\\\/#organizationLogo\"},\"image\":{\"@id\":\"https:\\\/\\\/www.eldigitaldeasturias.com\\\/noticias\\\/tejerina-senala-la-digitalizacion-y-la-economia-circular-como-elementos-clave-para-el-desarrollo-economico\\\/#organizationLogo\"},\"sameAs\":[\"https:\\\/\\\/facebook.com\\\/eldigitaldeasturias\",\"https:\\\/\\\/www.youtube.com\\\/channel\\\/UCZP-2wLEB9Rv6erhFmqVnvg\"],\"address\":{\"@id\":\"https:\\\/\\\/www.eldigitaldeasturias.com\\\/noticias\\\/#postaladdress\",\"@type\":\"PostalAddress\",\"streetAddress\":\"san antonio 4\",\"postalCode\":\"33430\",\"addressLocality\":\"Cand\\u00e1s\",\"addressRegion\":\"Asturias\",\"addressCountry\":\"ES\"}},{\"@type\":\"Person\",\"@id\":\"https:\\\/\\\/www.eldigitaldeasturias.com\\\/noticias\\\/author\\\/admin\\\/#author\",\"url\":\"https:\\\/\\\/www.eldigitaldeasturias.com\\\/noticias\\\/author\\\/admin\\\/\",\"name\":\"El Digital de Asturias\",\"image\":{\"@type\":\"ImageObject\",\"@id\":\"https:\\\/\\\/www.eldigitaldeasturias.com\\\/noticias\\\/tejerina-senala-la-digitalizacion-y-la-economia-circular-como-elementos-clave-para-el-desarrollo-economico\\\/#authorImage\",\"url\":\"https:\\\/\\\/secure.gravatar.com\\\/avatar\\\/df2aeffc32bcd13f8d26072ef8a91b623d677766deac7f97ca815868cd41bf5e?s=96&d=mm&r=g\",\"width\":96,\"height\":96,\"caption\":\"El Digital de Asturias\"}},{\"@type\":\"WebPage\",\"@id\":\"https:\\\/\\\/www.eldigitaldeasturias.com\\\/noticias\\\/tejerina-senala-la-digitalizacion-y-la-economia-circular-como-elementos-clave-para-el-desarrollo-economico\\\/#webpage\",\"url\":\"https:\\\/\\\/www.eldigitaldeasturias.com\\\/noticias\\\/tejerina-senala-la-digitalizacion-y-la-economia-circular-como-elementos-clave-para-el-desarrollo-economico\\\/\",\"name\":\"Tejerina se\\u00f1ala la digitalizaci\\u00f3n y la econom\\u00eda circular como elementos clave para el desarrollo econ\\u00f3mico - El Digital de Asturias\",\"description\":\"La ministra de Agricultura y Pesca, Alimentaci\\u00f3n y Medio Ambiente, Isabel Garc\\u00eda Tejerina, ha clausurado la mesa redonda \\\"Futuro de la industria: los nuevos retos\\\", en el marco de la Barcelona Industry Week, que organiza Fira de Barcelona, donde ha hecho referencia a dos de los retos globales a los que se enfrenta la industria\",\"inLanguage\":\"es-ES\",\"isPartOf\":{\"@id\":\"https:\\\/\\\/www.eldigitaldeasturias.com\\\/noticias\\\/#website\"},\"breadcrumb\":{\"@id\":\"https:\\\/\\\/www.eldigitaldeasturias.com\\\/noticias\\\/tejerina-senala-la-digitalizacion-y-la-economia-circular-como-elementos-clave-para-el-desarrollo-economico\\\/#breadcrumblist\"},\"author\":{\"@id\":\"https:\\\/\\\/www.eldigitaldeasturias.com\\\/noticias\\\/author\\\/admin\\\/#author\"},\"creator\":{\"@id\":\"https:\\\/\\\/www.eldigitaldeasturias.com\\\/noticias\\\/author\\\/admin\\\/#author\"},\"image\":{\"@type\":\"ImageObject\",\"url\":954532,\"@id\":\"https:\\\/\\\/www.eldigitaldeasturias.com\\\/noticias\\\/tejerina-senala-la-digitalizacion-y-la-economia-circular-como-elementos-clave-para-el-desarrollo-economico\\\/#mainImage\"},\"primaryImageOfPage\":{\"@id\":\"https:\\\/\\\/www.eldigitaldeasturias.com\\\/noticias\\\/tejerina-senala-la-digitalizacion-y-la-economia-circular-como-elementos-clave-para-el-desarrollo-economico\\\/#mainImage\"},\"datePublished\":\"2017-10-02T20:53:25+02:00\",\"dateModified\":\"2017-10-02T20:53:25+02:00\"},{\"@type\":\"WebSite\",\"@id\":\"https:\\\/\\\/www.eldigitaldeasturias.com\\\/noticias\\\/#website\",\"url\":\"https:\\\/\\\/www.eldigitaldeasturias.com\\\/noticias\\\/\",\"name\":\"El Digital de Asturias - Diario de actualidad y noticias\",\"alternateName\":\"El Digital de Asturias - Diario de actualidad y noticias\",\"description\":\"Hemeroteca\",\"inLanguage\":\"es-ES\",\"publisher\":{\"@id\":\"https:\\\/\\\/www.eldigitaldeasturias.com\\\/noticias\\\/#organization\"}}]}\n\t\t<\/script>\n\t\t<!-- All in One SEO Pro -->\r\n\t\t<title>Tejerina se\u00f1ala la digitalizaci\u00f3n y la econom\u00eda circular como elementos clave para el desarrollo econ\u00f3mico - El Digital de Asturias<\/title>\n\n","aioseo_head_json":{"title":"Tejerina se\u00f1ala la digitalizaci\u00f3n y la econom\u00eda circular como elementos clave para el desarrollo econ\u00f3mico - El Digital de Asturias","description":"La ministra de Agricultura y Pesca, Alimentaci\u00f3n y Medio Ambiente, Isabel Garc\u00eda Tejerina, ha clausurado la mesa redonda \"Futuro de la industria: los nuevos retos\", en el marco de la Barcelona Industry Week, que organiza Fira de Barcelona, donde ha hecho referencia a dos de los retos globales a los que se enfrenta la industria","canonical_url":"https:\/\/www.eldigitaldeasturias.com\/noticias\/tejerina-senala-la-digitalizacion-y-la-economia-circular-como-elementos-clave-para-el-desarrollo-economico\/","robots":"max-image-preview:large","keywords":"actualidad","webmasterTools":{"google-site-verification":"UA-38556648-1","msvalidate.01":"7dfe9f3f1b24437ab69f4f2559babe99","miscellaneous":""},"schema":{"@context":"https:\/\/schema.org","@graph":[{"@type":"BlogPosting","@id":"https:\/\/www.eldigitaldeasturias.com\/noticias\/tejerina-senala-la-digitalizacion-y-la-economia-circular-como-elementos-clave-para-el-desarrollo-economico\/#blogposting","name":"Tejerina se\u00f1ala la digitalizaci\u00f3n y la econom\u00eda circular como elementos clave para el desarrollo econ\u00f3mico - El Digital de Asturias","headline":"Tejerina se\u00f1ala la digitalizaci\u00f3n y la econom\u00eda circular como elementos clave para el desarrollo econ\u00f3mico","author":{"@id":"https:\/\/www.eldigitaldeasturias.com\/noticias\/author\/admin\/#author"},"publisher":{"@id":"https:\/\/www.eldigitaldeasturias.com\/noticias\/#organization"},"image":{"@type":"ImageObject","url":954532},"datePublished":"2017-10-02T20:53:25+02:00","dateModified":"2017-10-02T20:53:25+02:00","inLanguage":"es-ES","mainEntityOfPage":{"@id":"https:\/\/www.eldigitaldeasturias.com\/noticias\/tejerina-senala-la-digitalizacion-y-la-economia-circular-como-elementos-clave-para-el-desarrollo-economico\/#webpage"},"isPartOf":{"@id":"https:\/\/www.eldigitaldeasturias.com\/noticias\/tejerina-senala-la-digitalizacion-y-la-economia-circular-como-elementos-clave-para-el-desarrollo-economico\/#webpage"},"articleSection":"Actualidad"},{"@type":"BreadcrumbList","@id":"https:\/\/www.eldigitaldeasturias.com\/noticias\/tejerina-senala-la-digitalizacion-y-la-economia-circular-como-elementos-clave-para-el-desarrollo-economico\/#breadcrumblist","itemListElement":[{"@type":"ListItem","@id":"https:\/\/www.eldigitaldeasturias.com\/noticias#listItem","position":1,"name":"Home","item":"https:\/\/www.eldigitaldeasturias.com\/noticias","nextItem":{"@type":"ListItem","@id":"https:\/\/www.eldigitaldeasturias.com\/noticias\/category\/actualidad\/#listItem","name":"Actualidad"}},{"@type":"ListItem","@id":"https:\/\/www.eldigitaldeasturias.com\/noticias\/category\/actualidad\/#listItem","position":2,"name":"Actualidad","item":"https:\/\/www.eldigitaldeasturias.com\/noticias\/category\/actualidad\/","nextItem":{"@type":"ListItem","@id":"https:\/\/www.eldigitaldeasturias.com\/noticias\/tejerina-senala-la-digitalizacion-y-la-economia-circular-como-elementos-clave-para-el-desarrollo-economico\/#listItem","name":"Tejerina se\u00f1ala la digitalizaci\u00f3n y la econom\u00eda circular como elementos clave para el desarrollo econ\u00f3mico"},"previousItem":{"@type":"ListItem","@id":"https:\/\/www.eldigitaldeasturias.com\/noticias#listItem","name":"Home"}},{"@type":"ListItem","@id":"https:\/\/www.eldigitaldeasturias.com\/noticias\/tejerina-senala-la-digitalizacion-y-la-economia-circular-como-elementos-clave-para-el-desarrollo-economico\/#listItem","position":3,"name":"Tejerina se\u00f1ala la digitalizaci\u00f3n y la econom\u00eda circular como elementos clave para el desarrollo econ\u00f3mico","previousItem":{"@type":"ListItem","@id":"https:\/\/www.eldigitaldeasturias.com\/noticias\/category\/actualidad\/#listItem","name":"Actualidad"}}]},{"@type":"Organization","@id":"https:\/\/www.eldigitaldeasturias.com\/noticias\/#organization","name":"El Digital de Asturias","description":"Hemeroteca","url":"https:\/\/www.eldigitaldeasturias.com\/noticias\/","email":"info@eldigitaldeasturias.com","telephone":"+34652131393","logo":{"@type":"ImageObject","url":"https:\/\/www.eldigitaldeasturias.com\/noticias\/wp-content\/uploads\/2020\/12\/EDA.jpg","@id":"https:\/\/www.eldigitaldeasturias.com\/noticias\/tejerina-senala-la-digitalizacion-y-la-economia-circular-como-elementos-clave-para-el-desarrollo-economico\/#organizationLogo"},"image":{"@id":"https:\/\/www.eldigitaldeasturias.com\/noticias\/tejerina-senala-la-digitalizacion-y-la-economia-circular-como-elementos-clave-para-el-desarrollo-economico\/#organizationLogo"},"sameAs":["https:\/\/facebook.com\/eldigitaldeasturias","https:\/\/www.youtube.com\/channel\/UCZP-2wLEB9Rv6erhFmqVnvg"],"address":{"@id":"https:\/\/www.eldigitaldeasturias.com\/noticias\/#postaladdress","@type":"PostalAddress","streetAddress":"san antonio 4","postalCode":"33430","addressLocality":"Cand\u00e1s","addressRegion":"Asturias","addressCountry":"ES"}},{"@type":"Person","@id":"https:\/\/www.eldigitaldeasturias.com\/noticias\/author\/admin\/#author","url":"https:\/\/www.eldigitaldeasturias.com\/noticias\/author\/admin\/","name":"El Digital de Asturias","image":{"@type":"ImageObject","@id":"https:\/\/www.eldigitaldeasturias.com\/noticias\/tejerina-senala-la-digitalizacion-y-la-economia-circular-como-elementos-clave-para-el-desarrollo-economico\/#authorImage","url":"https:\/\/secure.gravatar.com\/avatar\/df2aeffc32bcd13f8d26072ef8a91b623d677766deac7f97ca815868cd41bf5e?s=96&d=mm&r=g","width":96,"height":96,"caption":"El Digital de Asturias"}},{"@type":"WebPage","@id":"https:\/\/www.eldigitaldeasturias.com\/noticias\/tejerina-senala-la-digitalizacion-y-la-economia-circular-como-elementos-clave-para-el-desarrollo-economico\/#webpage","url":"https:\/\/www.eldigitaldeasturias.com\/noticias\/tejerina-senala-la-digitalizacion-y-la-economia-circular-como-elementos-clave-para-el-desarrollo-economico\/","name":"Tejerina se\u00f1ala la digitalizaci\u00f3n y la econom\u00eda circular como elementos clave para el desarrollo econ\u00f3mico - El Digital de Asturias","description":"La ministra de Agricultura y Pesca, Alimentaci\u00f3n y Medio Ambiente, Isabel Garc\u00eda Tejerina, ha clausurado la mesa redonda \"Futuro de la industria: los nuevos retos\", en el marco de la Barcelona Industry Week, que organiza Fira de Barcelona, donde ha hecho referencia a dos de los retos globales a los que se enfrenta la industria","inLanguage":"es-ES","isPartOf":{"@id":"https:\/\/www.eldigitaldeasturias.com\/noticias\/#website"},"breadcrumb":{"@id":"https:\/\/www.eldigitaldeasturias.com\/noticias\/tejerina-senala-la-digitalizacion-y-la-economia-circular-como-elementos-clave-para-el-desarrollo-economico\/#breadcrumblist"},"author":{"@id":"https:\/\/www.eldigitaldeasturias.com\/noticias\/author\/admin\/#author"},"creator":{"@id":"https:\/\/www.eldigitaldeasturias.com\/noticias\/author\/admin\/#author"},"image":{"@type":"ImageObject","url":954532,"@id":"https:\/\/www.eldigitaldeasturias.com\/noticias\/tejerina-senala-la-digitalizacion-y-la-economia-circular-como-elementos-clave-para-el-desarrollo-economico\/#mainImage"},"primaryImageOfPage":{"@id":"https:\/\/www.eldigitaldeasturias.com\/noticias\/tejerina-senala-la-digitalizacion-y-la-economia-circular-como-elementos-clave-para-el-desarrollo-economico\/#mainImage"},"datePublished":"2017-10-02T20:53:25+02:00","dateModified":"2017-10-02T20:53:25+02:00"},{"@type":"WebSite","@id":"https:\/\/www.eldigitaldeasturias.com\/noticias\/#website","url":"https:\/\/www.eldigitaldeasturias.com\/noticias\/","name":"El Digital de Asturias - Diario de actualidad y noticias","alternateName":"El Digital de Asturias - Diario de actualidad y noticias","description":"Hemeroteca","inLanguage":"es-ES","publisher":{"@id":"https:\/\/www.eldigitaldeasturias.com\/noticias\/#organization"}}]},"og:locale":"es_ES","og:site_name":"El Digital de Asturias","og:type":"article","og:title":"Tejerina se\u00f1ala la digitalizaci\u00f3n y la econom\u00eda circular como elementos clave para el desarrollo econ\u00f3mico - El Digital de Asturias","og:description":"La ministra de Agricultura y Pesca, Alimentaci\u00f3n y Medio Ambiente, Isabel Garc\u00eda Tejerina, ha clausurado la mesa redonda &quot;Futuro de la industria: los nuevos retos&quot;, en el marco de la Barcelona Industry Week, que organiza Fira de Barcelona, donde ha hecho referencia a dos de los retos globales a los que se enfrenta la industria","og:url":"https:\/\/www.eldigitaldeasturias.com\/noticias\/tejerina-senala-la-digitalizacion-y-la-economia-circular-como-elementos-clave-para-el-desarrollo-economico\/","article:tag":["actualidad"],"article:published_time":"2017-10-02T20:53:25+00:00","article:modified_time":"2017-10-02T20:53:25+00:00","article:publisher":"https:\/\/facebook.com\/eldigitaldeasturias","twitter:card":"summary_large_image","twitter:title":"Tejerina se\u00f1ala la digitalizaci\u00f3n y la econom\u00eda circular como elementos clave para el desarrollo econ\u00f3mico - El Digital de Asturias","twitter:description":"La ministra de Agricultura y Pesca, Alimentaci\u00f3n y Medio Ambiente, Isabel Garc\u00eda Tejerina, ha clausurado la mesa redonda &quot;Futuro de la industria: los nuevos retos&quot;, en el marco de la Barcelona Industry Week, que organiza Fira de Barcelona, donde ha hecho referencia a dos de los retos globales a los que se enfrenta la industria","twitter:image":"https:\/\/www.eldigitaldeasturias.com\/noticias\/wp-content\/uploads\/2020\/12\/EDA-1.jpg","twitter:label1":"Escrito por","twitter:data1":"El Digital de Asturias","twitter:label2":"Tiempo de lectura estimado","twitter:data2":"3 minutos"},"aioseo_meta_data":{"post_id":"954531","title":null,"description":null,"keywords":null,"keyphrases":null,"primary_term":null,"canonical_url":null,"og_title":null,"og_description":null,"og_object_type":"default","og_image_type":"default","og_image_url":null,"og_image_width":null,"og_image_height":null,"og_image_custom_url":null,"og_image_custom_fields":null,"og_video":null,"og_custom_url":null,"og_article_section":null,"og_article_tags":null,"twitter_use_og":false,"twitter_card":"default","twitter_image_type":"default","twitter_image_url":null,"twitter_image_custom_url":null,"twitter_image_custom_fields":null,"twitter_title":null,"twitter_description":null,"schema":{"blockGraphs":[],"customGraphs":[],"default":{"data":{"Article":[],"Course":[],"Dataset":[],"FAQPage":[],"Movie":[],"Person":[],"Product":[],"ProductReview":[],"Car":[],"Recipe":[],"Service":[],"SoftwareApplication":[],"WebPage":[]},"graphName":"","isEnabled":true},"graphs":[]},"schema_type":null,"schema_type_options":null,"pillar_content":false,"robots_default":true,"robots_noindex":false,"robots_noarchive":false,"robots_nosnippet":false,"robots_nofollow":false,"robots_noimageindex":false,"robots_noodp":false,"robots_notranslate":false,"robots_max_snippet":null,"robots_max_videopreview":null,"robots_max_imagepreview":"large","priority":null,"frequency":null,"local_seo":null,"seo_analyzer_scan_date":"2025-12-06 06:41:17","breadcrumb_settings":null,"limit_modified_date":false,"open_ai":null,"ai":null,"created":"2020-12-21 12:56:47","updated":"2025-12-06 06:41:17","focus_keyword":null,"additional_keywords":null,"truseo_locale":null},"aioseo_breadcrumb":"<div class=\"aioseo-breadcrumbs\"><span class=\"aioseo-breadcrumb\">\n\t<a href=\"https:\/\/www.eldigitaldeasturias.com\/noticias\" title=\"Home\">Home<\/a>\n<\/span><span class=\"aioseo-breadcrumb-separator\">\u2013<\/span><span class=\"aioseo-breadcrumb\">\n\t<a href=\"https:\/\/www.eldigitaldeasturias.com\/noticias\/category\/actualidad\/\" title=\"Actualidad\">Actualidad<\/a>\n<\/span><span class=\"aioseo-breadcrumb-separator\">\u2013<\/span><span class=\"aioseo-breadcrumb\">\n\t<a href=\"https:\/\/www.eldigitaldeasturias.com\/noticias\/tejerina-senala-la-digitalizacion-y-la-economia-circular-como-elementos-clave-para-el-desarrollo-economico\/\" title=\"Tejerina se\u00f1ala la digitalizaci\u00f3n y la econom\u00eda circular como elementos clave para el desarrollo econ\u00f3mico\">Tejerina se\u00f1ala la digitalizaci\u00f3n y la econom\u00eda circular como elementos clave para el desarrollo econ\u00f3mico<\/a>\n<\/span><\/div>","aioseo_breadcrumb_json":[{"label":"Home","link":"https:\/\/www.eldigitaldeasturias.com\/noticias"},{"label":"Actualidad","link":"https:\/\/www.eldigitaldeasturias.com\/noticias\/category\/actualidad\/"},{"label":"Tejerina se\u00f1ala la digitalizaci\u00f3n y la econom\u00eda circular como elementos clave para el desarrollo econ\u00f3mico","link":"https:\/\/www.eldigitaldeasturias.com\/noticias\/tejerina-senala-la-digitalizacion-y-la-economia-circular-como-elementos-clave-para-el-desarrollo-economico\/"}],"_links":{"self":[{"href":"https:\/\/www.eldigitaldeasturias.com\/noticias\/wp-json\/wp\/v2\/posts\/954531","targetHints":{"allow":["GET"]}}],"collection":[{"href":"https:\/\/www.eldigitaldeasturias.com\/noticias\/wp-json\/wp\/v2\/posts"}],"about":[{"href":"https:\/\/www.eldigitaldeasturias.com\/noticias\/wp-json\/wp\/v2\/types\/post"}],"author":[{"embeddable":true,"href":"https:\/\/www.eldigitaldeasturias.com\/noticias\/wp-json\/wp\/v2\/users\/1"}],"replies":[{"embeddable":true,"href":"https:\/\/www.eldigitaldeasturias.com\/noticias\/wp-json\/wp\/v2\/comments?post=954531"}],"version-history":[{"count":0,"href":"https:\/\/www.eldigitaldeasturias.com\/noticias\/wp-json\/wp\/v2\/posts\/954531\/revisions"}],"wp:attachment":[{"href":"https:\/\/www.eldigitaldeasturias.com\/noticias\/wp-json\/wp\/v2\/media?parent=954531"}],"wp:term":[{"taxonomy":"category","embeddable":true,"href":"https:\/\/www.eldigitaldeasturias.com\/noticias\/wp-json\/wp\/v2\/categories?post=954531"},{"taxonomy":"post_tag","embeddable":true,"href":"https:\/\/www.eldigitaldeasturias.com\/noticias\/wp-json\/wp\/v2\/tags?post=954531"}],"curies":[{"name":"wp","href":"https:\/\/api.w.org\/{rel}","templated":true}]}}