{"id":954322,"date":"2017-09-30T20:09:40","date_gmt":"2017-09-30T20:09:40","guid":{"rendered":"http:\/\/www.eldigitaldeasturias.com\/noticias\/?p=954322"},"modified":"2017-09-30T20:09:40","modified_gmt":"2017-09-30T20:09:40","slug":"espana-refuerza-su-lucha-contra-la-trata-y-explotacion-sexual","status":"publish","type":"post","link":"https:\/\/www.eldigitaldeasturias.com\/noticias\/espana-refuerza-su-lucha-contra-la-trata-y-explotacion-sexual\/","title":{"rendered":"Espa\u00f1a refuerza su lucha contra la trata y explotaci\u00f3n sexual"},"content":{"rendered":"<p><img loading=\"lazy\" decoding=\"async\" class=\"alignleft size-medium wp-image-954323\" src=\"https:\/\/www.eldigitaldeasturias.com\/noticias\/wp-content\/uploads\/2017\/09\/270917_Garc\u00e9s-360x239.jpg\" alt=\"\" width=\"360\" height=\"239\" \/>El secretario de Estado de Servicios Sociales e Igualdad, Mario Garc\u00e9s, ha presentado la campa\u00f1a \u00abNo inviertas en sufrimiento\u00bb, una iniciativa del Departamento que dirige Dolors Montserrat en su lucha contra la trata de mujeres y ni\u00f1as con fines de explotaci\u00f3n sexual con la que se pretende prevenir y sensibilizar acerca de la realidad de la trata.<\/p>\n<p>\u200bEl objetivo de la campa\u00f1a es sensibilizar a potenciales demandantes de estos servicios acerca de la realidad que puede subyacer bajo una oferta de comercio sexual, evitando que sea considerada una opci\u00f3n m\u00e1s de ocio y diversi\u00f3n. Se quiere concienciar sobre la realidad de la trata con fines de explotaci\u00f3n sexual para evitar una visi\u00f3n normalizada del consumo de servicios sexuales que pueden estar proporcionados por mujeres que est\u00e1n siendo explotadas.<\/p>\n<p>La campa\u00f1a mantiene el Hashtag y los tres mensajes empleados en la campa\u00f1a anterior: #contralatratademujeresTOMACONCIENCIA; si lo toleras, lo fomentas; si lo denuncias, ayudas a liberarlas; si te aprovechas, eres c\u00f3mplice.<\/p>\n<p>La campa\u00f1a estar\u00e1 en medios a partir del pr\u00f3ximo 3 de octubre y hasta el 23 del mismo mes. Por primera vez, una campa\u00f1a contra la trata estar\u00e1 presente en televisi\u00f3n e Internet ser\u00e1 otro de los canales donde se har\u00e1 difusi\u00f3n de la misma, al igual que en exteriores a trav\u00e9s de todo el territorio nacional.<\/p>\n<p>Con la presentaci\u00f3n de esta campa\u00f1a, el Ministerio de Sanidad, Servicios Sociales e Igualdad culmina una serie de actos de prevenci\u00f3n y sensibilizaci\u00f3n para informar acerca de la trata de mujeres y ni\u00f1as con fines de explotaci\u00f3n sexual que arrancaron el pasado lunes con la presentaci\u00f3n de la App \u00abChicas Nuevas 24 Horas: Happy\u00bb, una aplicaci\u00f3n pedag\u00f3gica y gratuita dirigida a los j\u00f3venes para informar contra la explotaci\u00f3n sexual.<\/p>\n<p>Adem\u00e1s, a lo largo de la semana pasada, la sede de la Secretar\u00eda de Estado de Servicios Sociales e Igualdad ha acogido debates, mesas redondas y proyecci\u00f3n de documentales con el objetivo de atraer al p\u00fablico m\u00e1s joven y a quienes no est\u00e1n familiarizados con esta grave violaci\u00f3n de los derechos humanos.<\/p>\n<p><strong>Poner el foco en la demanda<\/strong><\/p>\n<p>En su intervenci\u00f3n en la presentaci\u00f3n de la campa\u00f1a, el secretario de Estado de Servicios Sociales e Igualdad, Mario Garc\u00e9s, ha se\u00f1alado que cuando se paga por sexo se est\u00e1n pagando redes de extorsi\u00f3n, vejaciones y torturas y se es c\u00f3mplice de la peor de las esclavitudes y las lacras del siglo XXI.<\/p>\n<p>Garc\u00e9s ha agradecido tambi\u00e9n el trabajo de las entidades del Tercer Sector en su atenci\u00f3n y dedicaci\u00f3n a las v\u00edctimas y el de las Fuerzas y Cuerpos de Seguridad del Estado que trabajan todos los d\u00edas desmantelando redes y tramas delictivas.<\/p>\n<p>Asimismo, ha explicado que el objetivo de la campa\u00f1a es sensibilizar a la sociedad de que hay que poner fin a esta lacra y de que se debe condenar esto y dar esperanza a las mujeres v\u00edctimas de explotaci\u00f3n sexual.<\/p>\n<p>El efecto de la campa\u00f1a es colocar el foco en la demanda y cuando erradiquemos el efecto de la demanda estaremos contrarrestando parte de esta lacra del siglo XXI, ha concluido.<\/p>\n<p>Por su parte, la delegada del Gobierno para la Violencia de G\u00e9nero, Mar\u00eda Jos\u00e9 Ord\u00f3\u00f1ez, tambi\u00e9n ha apelado a la implicaci\u00f3n de toda la sociedad para luchar contra cualquier tipo de violencia contra las mujeres y ha puesto en valor la utilidad de las campa\u00f1as de sensibilizaci\u00f3n y concienciaci\u00f3n consider\u00e1ndolas prioritarias.<\/p>\n<p>La delegada ha insistido en que la trata es un delito de \u00e1mbito internacional que afecta a miles de mujeres y ni\u00f1as y que requiere de la concienciaci\u00f3n. \u00abNo es ajeno a nosotros y podemos acometerlo\u00bb, ha asegurado.<\/p>\n<p>&nbsp;<\/p>\n","protected":false},"excerpt":{"rendered":"<p>El secretario de Estado de Servicios Sociales e Igualdad, Mario Garc\u00e9s, ha presentado la campa\u00f1a \u00abNo inviertas en sufrimiento\u00bb, una iniciativa del Departamento que dirige Dolors Montserrat en su lucha contra la trata de mujeres y ni\u00f1as con fines de explotaci\u00f3n sexual con la que se pretende prevenir y sensibilizar acerca de la realidad de [&hellip;]<\/p>\n","protected":false},"author":1,"featured_media":954323,"comment_status":"closed","ping_status":"closed","sticky":false,"template":"","format":"standard","meta":{"footnotes":""},"categories":[1],"tags":[],"class_list":["post-954322","post","type-post","status-publish","format-standard","has-post-thumbnail","hentry","category-actualidad"],"aioseo_notices":[],"aioseo_head":"\n\t\t<!-- All in One SEO Pro 5.0.1 - aioseo.com -->\n\t<meta name=\"description\" content=\"El secretario de Estado de Servicios Sociales e Igualdad, Mario Garc\u00e9s, ha presentado la campa\u00f1a &quot;No inviertas en sufrimiento&quot;, una iniciativa del Departamento que dirige Dolors Montserrat en su lucha contra la trata de mujeres y ni\u00f1as con fines de explotaci\u00f3n sexual con la que se pretende prevenir y sensibilizar acerca de la realidad de\" \/>\n\t<meta name=\"robots\" content=\"max-image-preview:large\" \/>\n\t<meta name=\"author\" content=\"El Digital de Asturias\"\/>\n\t<meta name=\"google-site-verification\" content=\"UA-38556648-1\" \/>\n\t<meta name=\"msvalidate.01\" content=\"7dfe9f3f1b24437ab69f4f2559babe99\" \/>\n\t<meta name=\"keywords\" content=\"actualidad\" \/>\n\t<link rel=\"canonical\" href=\"https:\/\/www.eldigitaldeasturias.com\/noticias\/espana-refuerza-su-lucha-contra-la-trata-y-explotacion-sexual\/\" \/>\n\t<meta name=\"generator\" content=\"All in One SEO Pro (AIOSEO) 5.0.1\" \/>\n\t\t<meta property=\"og:locale\" content=\"es_ES\" \/>\n\t\t<meta property=\"og:site_name\" content=\"El Digital de Asturias\" \/>\n\t\t<meta property=\"og:type\" content=\"article\" \/>\n\t\t<meta property=\"og:title\" content=\"Espa\u00f1a refuerza su lucha contra la trata y explotaci\u00f3n sexual - El Digital de Asturias\" \/>\n\t\t<meta property=\"og:description\" content=\"El secretario de Estado de Servicios Sociales e Igualdad, Mario Garc\u00e9s, ha presentado la campa\u00f1a &quot;No inviertas en sufrimiento&quot;, una iniciativa del Departamento que dirige Dolors Montserrat en su lucha contra la trata de mujeres y ni\u00f1as con fines de explotaci\u00f3n sexual con la que se pretende prevenir y sensibilizar acerca de la realidad de\" \/>\n\t\t<meta property=\"og:url\" content=\"https:\/\/www.eldigitaldeasturias.com\/noticias\/espana-refuerza-su-lucha-contra-la-trata-y-explotacion-sexual\/\" \/>\n\t\t<meta property=\"article:tag\" content=\"actualidad\" \/>\n\t\t<meta property=\"article:published_time\" content=\"2017-09-30T20:09:40+00:00\" \/>\n\t\t<meta property=\"article:modified_time\" content=\"2017-09-30T20:09:40+00:00\" \/>\n\t\t<meta property=\"article:publisher\" content=\"https:\/\/facebook.com\/eldigitaldeasturias\" \/>\n\t\t<meta name=\"twitter:card\" content=\"summary_large_image\" \/>\n\t\t<meta name=\"twitter:title\" content=\"Espa\u00f1a refuerza su lucha contra la trata y explotaci\u00f3n sexual - El Digital de Asturias\" \/>\n\t\t<meta name=\"twitter:description\" content=\"El secretario de Estado de Servicios Sociales e Igualdad, Mario Garc\u00e9s, ha presentado la campa\u00f1a &quot;No inviertas en sufrimiento&quot;, una iniciativa del Departamento que dirige Dolors Montserrat en su lucha contra la trata de mujeres y ni\u00f1as con fines de explotaci\u00f3n sexual con la que se pretende prevenir y sensibilizar acerca de la realidad de\" \/>\n\t\t<meta name=\"twitter:image\" content=\"https:\/\/www.eldigitaldeasturias.com\/noticias\/wp-content\/uploads\/2020\/12\/EDA-1.jpg\" \/>\n\t\t<meta name=\"twitter:label1\" content=\"Escrito por\" \/>\n\t\t<meta name=\"twitter:data1\" content=\"El Digital de Asturias\" \/>\n\t\t<meta name=\"twitter:label2\" content=\"Tiempo de lectura estimado\" \/>\n\t\t<meta name=\"twitter:data2\" content=\"3 minutos\" \/>\n\t\t<script type=\"application\/ld+json\" class=\"aioseo-schema\">\n\t\t\t{\"@context\":\"https:\\\/\\\/schema.org\",\"@graph\":[{\"@type\":\"BlogPosting\",\"@id\":\"https:\\\/\\\/www.eldigitaldeasturias.com\\\/noticias\\\/espana-refuerza-su-lucha-contra-la-trata-y-explotacion-sexual\\\/#blogposting\",\"name\":\"Espa\\u00f1a refuerza su lucha contra la trata y explotaci\\u00f3n sexual - El Digital de Asturias\",\"headline\":\"Espa\\u00f1a refuerza su lucha contra la trata y explotaci\\u00f3n sexual\",\"author\":{\"@id\":\"https:\\\/\\\/www.eldigitaldeasturias.com\\\/noticias\\\/author\\\/admin\\\/#author\"},\"publisher\":{\"@id\":\"https:\\\/\\\/www.eldigitaldeasturias.com\\\/noticias\\\/#organization\"},\"image\":{\"@type\":\"ImageObject\",\"url\":954323},\"datePublished\":\"2017-09-30T20:09:40+02:00\",\"dateModified\":\"2017-09-30T20:09:40+02:00\",\"inLanguage\":\"es-ES\",\"mainEntityOfPage\":{\"@id\":\"https:\\\/\\\/www.eldigitaldeasturias.com\\\/noticias\\\/espana-refuerza-su-lucha-contra-la-trata-y-explotacion-sexual\\\/#webpage\"},\"isPartOf\":{\"@id\":\"https:\\\/\\\/www.eldigitaldeasturias.com\\\/noticias\\\/espana-refuerza-su-lucha-contra-la-trata-y-explotacion-sexual\\\/#webpage\"},\"articleSection\":\"Actualidad\"},{\"@type\":\"BreadcrumbList\",\"@id\":\"https:\\\/\\\/www.eldigitaldeasturias.com\\\/noticias\\\/espana-refuerza-su-lucha-contra-la-trata-y-explotacion-sexual\\\/#breadcrumblist\",\"itemListElement\":[{\"@type\":\"ListItem\",\"@id\":\"https:\\\/\\\/www.eldigitaldeasturias.com\\\/noticias#listItem\",\"position\":1,\"name\":\"Home\",\"item\":\"https:\\\/\\\/www.eldigitaldeasturias.com\\\/noticias\",\"nextItem\":{\"@type\":\"ListItem\",\"@id\":\"https:\\\/\\\/www.eldigitaldeasturias.com\\\/noticias\\\/category\\\/actualidad\\\/#listItem\",\"name\":\"Actualidad\"}},{\"@type\":\"ListItem\",\"@id\":\"https:\\\/\\\/www.eldigitaldeasturias.com\\\/noticias\\\/category\\\/actualidad\\\/#listItem\",\"position\":2,\"name\":\"Actualidad\",\"item\":\"https:\\\/\\\/www.eldigitaldeasturias.com\\\/noticias\\\/category\\\/actualidad\\\/\",\"nextItem\":{\"@type\":\"ListItem\",\"@id\":\"https:\\\/\\\/www.eldigitaldeasturias.com\\\/noticias\\\/espana-refuerza-su-lucha-contra-la-trata-y-explotacion-sexual\\\/#listItem\",\"name\":\"Espa\\u00f1a refuerza su lucha contra la trata y explotaci\\u00f3n sexual\"},\"previousItem\":{\"@type\":\"ListItem\",\"@id\":\"https:\\\/\\\/www.eldigitaldeasturias.com\\\/noticias#listItem\",\"name\":\"Home\"}},{\"@type\":\"ListItem\",\"@id\":\"https:\\\/\\\/www.eldigitaldeasturias.com\\\/noticias\\\/espana-refuerza-su-lucha-contra-la-trata-y-explotacion-sexual\\\/#listItem\",\"position\":3,\"name\":\"Espa\\u00f1a refuerza su lucha contra la trata y explotaci\\u00f3n sexual\",\"previousItem\":{\"@type\":\"ListItem\",\"@id\":\"https:\\\/\\\/www.eldigitaldeasturias.com\\\/noticias\\\/category\\\/actualidad\\\/#listItem\",\"name\":\"Actualidad\"}}]},{\"@type\":\"Organization\",\"@id\":\"https:\\\/\\\/www.eldigitaldeasturias.com\\\/noticias\\\/#organization\",\"name\":\"El Digital de Asturias\",\"description\":\"Hemeroteca\",\"url\":\"https:\\\/\\\/www.eldigitaldeasturias.com\\\/noticias\\\/\",\"email\":\"info@eldigitaldeasturias.com\",\"telephone\":\"+34652131393\",\"logo\":{\"@type\":\"ImageObject\",\"url\":\"https:\\\/\\\/www.eldigitaldeasturias.com\\\/noticias\\\/wp-content\\\/uploads\\\/2020\\\/12\\\/EDA.jpg\",\"@id\":\"https:\\\/\\\/www.eldigitaldeasturias.com\\\/noticias\\\/espana-refuerza-su-lucha-contra-la-trata-y-explotacion-sexual\\\/#organizationLogo\"},\"image\":{\"@id\":\"https:\\\/\\\/www.eldigitaldeasturias.com\\\/noticias\\\/espana-refuerza-su-lucha-contra-la-trata-y-explotacion-sexual\\\/#organizationLogo\"},\"sameAs\":[\"https:\\\/\\\/facebook.com\\\/eldigitaldeasturias\",\"https:\\\/\\\/www.youtube.com\\\/channel\\\/UCZP-2wLEB9Rv6erhFmqVnvg\"],\"address\":{\"@id\":\"https:\\\/\\\/www.eldigitaldeasturias.com\\\/noticias\\\/#postaladdress\",\"@type\":\"PostalAddress\",\"streetAddress\":\"san antonio 4\",\"postalCode\":\"33430\",\"addressLocality\":\"Cand\\u00e1s\",\"addressRegion\":\"Asturias\",\"addressCountry\":\"ES\"}},{\"@type\":\"Person\",\"@id\":\"https:\\\/\\\/www.eldigitaldeasturias.com\\\/noticias\\\/author\\\/admin\\\/#author\",\"url\":\"https:\\\/\\\/www.eldigitaldeasturias.com\\\/noticias\\\/author\\\/admin\\\/\",\"name\":\"El Digital de Asturias\",\"image\":{\"@type\":\"ImageObject\",\"@id\":\"https:\\\/\\\/www.eldigitaldeasturias.com\\\/noticias\\\/espana-refuerza-su-lucha-contra-la-trata-y-explotacion-sexual\\\/#authorImage\",\"url\":\"https:\\\/\\\/secure.gravatar.com\\\/avatar\\\/df2aeffc32bcd13f8d26072ef8a91b623d677766deac7f97ca815868cd41bf5e?s=96&d=mm&r=g\",\"width\":96,\"height\":96,\"caption\":\"El Digital de Asturias\"}},{\"@type\":\"WebPage\",\"@id\":\"https:\\\/\\\/www.eldigitaldeasturias.com\\\/noticias\\\/espana-refuerza-su-lucha-contra-la-trata-y-explotacion-sexual\\\/#webpage\",\"url\":\"https:\\\/\\\/www.eldigitaldeasturias.com\\\/noticias\\\/espana-refuerza-su-lucha-contra-la-trata-y-explotacion-sexual\\\/\",\"name\":\"Espa\\u00f1a refuerza su lucha contra la trata y explotaci\\u00f3n sexual - El Digital de Asturias\",\"description\":\"El secretario de Estado de Servicios Sociales e Igualdad, Mario Garc\\u00e9s, ha presentado la campa\\u00f1a \\\"No inviertas en sufrimiento\\\", una iniciativa del Departamento que dirige Dolors Montserrat en su lucha contra la trata de mujeres y ni\\u00f1as con fines de explotaci\\u00f3n sexual con la que se pretende prevenir y sensibilizar acerca de la realidad de\",\"inLanguage\":\"es-ES\",\"isPartOf\":{\"@id\":\"https:\\\/\\\/www.eldigitaldeasturias.com\\\/noticias\\\/#website\"},\"breadcrumb\":{\"@id\":\"https:\\\/\\\/www.eldigitaldeasturias.com\\\/noticias\\\/espana-refuerza-su-lucha-contra-la-trata-y-explotacion-sexual\\\/#breadcrumblist\"},\"author\":{\"@id\":\"https:\\\/\\\/www.eldigitaldeasturias.com\\\/noticias\\\/author\\\/admin\\\/#author\"},\"creator\":{\"@id\":\"https:\\\/\\\/www.eldigitaldeasturias.com\\\/noticias\\\/author\\\/admin\\\/#author\"},\"image\":{\"@type\":\"ImageObject\",\"url\":954323,\"@id\":\"https:\\\/\\\/www.eldigitaldeasturias.com\\\/noticias\\\/espana-refuerza-su-lucha-contra-la-trata-y-explotacion-sexual\\\/#mainImage\"},\"primaryImageOfPage\":{\"@id\":\"https:\\\/\\\/www.eldigitaldeasturias.com\\\/noticias\\\/espana-refuerza-su-lucha-contra-la-trata-y-explotacion-sexual\\\/#mainImage\"},\"datePublished\":\"2017-09-30T20:09:40+02:00\",\"dateModified\":\"2017-09-30T20:09:40+02:00\"},{\"@type\":\"WebSite\",\"@id\":\"https:\\\/\\\/www.eldigitaldeasturias.com\\\/noticias\\\/#website\",\"url\":\"https:\\\/\\\/www.eldigitaldeasturias.com\\\/noticias\\\/\",\"name\":\"El Digital de Asturias - Diario de actualidad y noticias\",\"alternateName\":\"El Digital de Asturias - Diario de actualidad y noticias\",\"description\":\"Hemeroteca\",\"inLanguage\":\"es-ES\",\"publisher\":{\"@id\":\"https:\\\/\\\/www.eldigitaldeasturias.com\\\/noticias\\\/#organization\"}}]}\n\t\t<\/script>\n\t\t<!-- All in One SEO Pro -->\r\n\t\t<title>Espa\u00f1a refuerza su lucha contra la trata y explotaci\u00f3n sexual - El Digital de Asturias<\/title>\n\n","aioseo_head_json":{"title":"Espa\u00f1a refuerza su lucha contra la trata y explotaci\u00f3n sexual - El Digital de Asturias","description":"El secretario de Estado de Servicios Sociales e Igualdad, Mario Garc\u00e9s, ha presentado la campa\u00f1a \"No inviertas en sufrimiento\", una iniciativa del Departamento que dirige Dolors Montserrat en su lucha contra la trata de mujeres y ni\u00f1as con fines de explotaci\u00f3n sexual con la que se pretende prevenir y sensibilizar acerca de la realidad de","canonical_url":"https:\/\/www.eldigitaldeasturias.com\/noticias\/espana-refuerza-su-lucha-contra-la-trata-y-explotacion-sexual\/","robots":"max-image-preview:large","keywords":"actualidad","webmasterTools":{"google-site-verification":"UA-38556648-1","msvalidate.01":"7dfe9f3f1b24437ab69f4f2559babe99","miscellaneous":""},"schema":{"@context":"https:\/\/schema.org","@graph":[{"@type":"BlogPosting","@id":"https:\/\/www.eldigitaldeasturias.com\/noticias\/espana-refuerza-su-lucha-contra-la-trata-y-explotacion-sexual\/#blogposting","name":"Espa\u00f1a refuerza su lucha contra la trata y explotaci\u00f3n sexual - El Digital de Asturias","headline":"Espa\u00f1a refuerza su lucha contra la trata y explotaci\u00f3n sexual","author":{"@id":"https:\/\/www.eldigitaldeasturias.com\/noticias\/author\/admin\/#author"},"publisher":{"@id":"https:\/\/www.eldigitaldeasturias.com\/noticias\/#organization"},"image":{"@type":"ImageObject","url":954323},"datePublished":"2017-09-30T20:09:40+02:00","dateModified":"2017-09-30T20:09:40+02:00","inLanguage":"es-ES","mainEntityOfPage":{"@id":"https:\/\/www.eldigitaldeasturias.com\/noticias\/espana-refuerza-su-lucha-contra-la-trata-y-explotacion-sexual\/#webpage"},"isPartOf":{"@id":"https:\/\/www.eldigitaldeasturias.com\/noticias\/espana-refuerza-su-lucha-contra-la-trata-y-explotacion-sexual\/#webpage"},"articleSection":"Actualidad"},{"@type":"BreadcrumbList","@id":"https:\/\/www.eldigitaldeasturias.com\/noticias\/espana-refuerza-su-lucha-contra-la-trata-y-explotacion-sexual\/#breadcrumblist","itemListElement":[{"@type":"ListItem","@id":"https:\/\/www.eldigitaldeasturias.com\/noticias#listItem","position":1,"name":"Home","item":"https:\/\/www.eldigitaldeasturias.com\/noticias","nextItem":{"@type":"ListItem","@id":"https:\/\/www.eldigitaldeasturias.com\/noticias\/category\/actualidad\/#listItem","name":"Actualidad"}},{"@type":"ListItem","@id":"https:\/\/www.eldigitaldeasturias.com\/noticias\/category\/actualidad\/#listItem","position":2,"name":"Actualidad","item":"https:\/\/www.eldigitaldeasturias.com\/noticias\/category\/actualidad\/","nextItem":{"@type":"ListItem","@id":"https:\/\/www.eldigitaldeasturias.com\/noticias\/espana-refuerza-su-lucha-contra-la-trata-y-explotacion-sexual\/#listItem","name":"Espa\u00f1a refuerza su lucha contra la trata y explotaci\u00f3n sexual"},"previousItem":{"@type":"ListItem","@id":"https:\/\/www.eldigitaldeasturias.com\/noticias#listItem","name":"Home"}},{"@type":"ListItem","@id":"https:\/\/www.eldigitaldeasturias.com\/noticias\/espana-refuerza-su-lucha-contra-la-trata-y-explotacion-sexual\/#listItem","position":3,"name":"Espa\u00f1a refuerza su lucha contra la trata y explotaci\u00f3n sexual","previousItem":{"@type":"ListItem","@id":"https:\/\/www.eldigitaldeasturias.com\/noticias\/category\/actualidad\/#listItem","name":"Actualidad"}}]},{"@type":"Organization","@id":"https:\/\/www.eldigitaldeasturias.com\/noticias\/#organization","name":"El Digital de Asturias","description":"Hemeroteca","url":"https:\/\/www.eldigitaldeasturias.com\/noticias\/","email":"info@eldigitaldeasturias.com","telephone":"+34652131393","logo":{"@type":"ImageObject","url":"https:\/\/www.eldigitaldeasturias.com\/noticias\/wp-content\/uploads\/2020\/12\/EDA.jpg","@id":"https:\/\/www.eldigitaldeasturias.com\/noticias\/espana-refuerza-su-lucha-contra-la-trata-y-explotacion-sexual\/#organizationLogo"},"image":{"@id":"https:\/\/www.eldigitaldeasturias.com\/noticias\/espana-refuerza-su-lucha-contra-la-trata-y-explotacion-sexual\/#organizationLogo"},"sameAs":["https:\/\/facebook.com\/eldigitaldeasturias","https:\/\/www.youtube.com\/channel\/UCZP-2wLEB9Rv6erhFmqVnvg"],"address":{"@id":"https:\/\/www.eldigitaldeasturias.com\/noticias\/#postaladdress","@type":"PostalAddress","streetAddress":"san antonio 4","postalCode":"33430","addressLocality":"Cand\u00e1s","addressRegion":"Asturias","addressCountry":"ES"}},{"@type":"Person","@id":"https:\/\/www.eldigitaldeasturias.com\/noticias\/author\/admin\/#author","url":"https:\/\/www.eldigitaldeasturias.com\/noticias\/author\/admin\/","name":"El Digital de Asturias","image":{"@type":"ImageObject","@id":"https:\/\/www.eldigitaldeasturias.com\/noticias\/espana-refuerza-su-lucha-contra-la-trata-y-explotacion-sexual\/#authorImage","url":"https:\/\/secure.gravatar.com\/avatar\/df2aeffc32bcd13f8d26072ef8a91b623d677766deac7f97ca815868cd41bf5e?s=96&d=mm&r=g","width":96,"height":96,"caption":"El Digital de Asturias"}},{"@type":"WebPage","@id":"https:\/\/www.eldigitaldeasturias.com\/noticias\/espana-refuerza-su-lucha-contra-la-trata-y-explotacion-sexual\/#webpage","url":"https:\/\/www.eldigitaldeasturias.com\/noticias\/espana-refuerza-su-lucha-contra-la-trata-y-explotacion-sexual\/","name":"Espa\u00f1a refuerza su lucha contra la trata y explotaci\u00f3n sexual - El Digital de Asturias","description":"El secretario de Estado de Servicios Sociales e Igualdad, Mario Garc\u00e9s, ha presentado la campa\u00f1a \"No inviertas en sufrimiento\", una iniciativa del Departamento que dirige Dolors Montserrat en su lucha contra la trata de mujeres y ni\u00f1as con fines de explotaci\u00f3n sexual con la que se pretende prevenir y sensibilizar acerca de la realidad de","inLanguage":"es-ES","isPartOf":{"@id":"https:\/\/www.eldigitaldeasturias.com\/noticias\/#website"},"breadcrumb":{"@id":"https:\/\/www.eldigitaldeasturias.com\/noticias\/espana-refuerza-su-lucha-contra-la-trata-y-explotacion-sexual\/#breadcrumblist"},"author":{"@id":"https:\/\/www.eldigitaldeasturias.com\/noticias\/author\/admin\/#author"},"creator":{"@id":"https:\/\/www.eldigitaldeasturias.com\/noticias\/author\/admin\/#author"},"image":{"@type":"ImageObject","url":954323,"@id":"https:\/\/www.eldigitaldeasturias.com\/noticias\/espana-refuerza-su-lucha-contra-la-trata-y-explotacion-sexual\/#mainImage"},"primaryImageOfPage":{"@id":"https:\/\/www.eldigitaldeasturias.com\/noticias\/espana-refuerza-su-lucha-contra-la-trata-y-explotacion-sexual\/#mainImage"},"datePublished":"2017-09-30T20:09:40+02:00","dateModified":"2017-09-30T20:09:40+02:00"},{"@type":"WebSite","@id":"https:\/\/www.eldigitaldeasturias.com\/noticias\/#website","url":"https:\/\/www.eldigitaldeasturias.com\/noticias\/","name":"El Digital de Asturias - Diario de actualidad y noticias","alternateName":"El Digital de Asturias - Diario de actualidad y noticias","description":"Hemeroteca","inLanguage":"es-ES","publisher":{"@id":"https:\/\/www.eldigitaldeasturias.com\/noticias\/#organization"}}]},"og:locale":"es_ES","og:site_name":"El Digital de Asturias","og:type":"article","og:title":"Espa\u00f1a refuerza su lucha contra la trata y explotaci\u00f3n sexual - El Digital de Asturias","og:description":"El secretario de Estado de Servicios Sociales e Igualdad, Mario Garc\u00e9s, ha presentado la campa\u00f1a &quot;No inviertas en sufrimiento&quot;, una iniciativa del Departamento que dirige Dolors Montserrat en su lucha contra la trata de mujeres y ni\u00f1as con fines de explotaci\u00f3n sexual con la que se pretende prevenir y sensibilizar acerca de la realidad de","og:url":"https:\/\/www.eldigitaldeasturias.com\/noticias\/espana-refuerza-su-lucha-contra-la-trata-y-explotacion-sexual\/","article:tag":["actualidad"],"article:published_time":"2017-09-30T20:09:40+00:00","article:modified_time":"2017-09-30T20:09:40+00:00","article:publisher":"https:\/\/facebook.com\/eldigitaldeasturias","twitter:card":"summary_large_image","twitter:title":"Espa\u00f1a refuerza su lucha contra la trata y explotaci\u00f3n sexual - El Digital de Asturias","twitter:description":"El secretario de Estado de Servicios Sociales e Igualdad, Mario Garc\u00e9s, ha presentado la campa\u00f1a &quot;No inviertas en sufrimiento&quot;, una iniciativa del Departamento que dirige Dolors Montserrat en su lucha contra la trata de mujeres y ni\u00f1as con fines de explotaci\u00f3n sexual con la que se pretende prevenir y sensibilizar acerca de la realidad de","twitter:image":"https:\/\/www.eldigitaldeasturias.com\/noticias\/wp-content\/uploads\/2020\/12\/EDA-1.jpg","twitter:label1":"Escrito por","twitter:data1":"El Digital de Asturias","twitter:label2":"Tiempo de lectura estimado","twitter:data2":"3 minutos"},"aioseo_meta_data":{"post_id":"954322","title":null,"description":null,"keywords":null,"keyphrases":null,"primary_term":null,"canonical_url":null,"og_title":null,"og_description":null,"og_object_type":"default","og_image_type":"default","og_image_url":null,"og_image_width":null,"og_image_height":null,"og_image_custom_url":null,"og_image_custom_fields":null,"og_video":null,"og_custom_url":null,"og_article_section":null,"og_article_tags":null,"twitter_use_og":false,"twitter_card":"default","twitter_image_type":"default","twitter_image_url":null,"twitter_image_custom_url":null,"twitter_image_custom_fields":null,"twitter_title":null,"twitter_description":null,"schema":{"blockGraphs":[],"customGraphs":[],"default":{"data":{"Article":[],"Course":[],"Dataset":[],"FAQPage":[],"Movie":[],"Person":[],"Product":[],"ProductReview":[],"Car":[],"Recipe":[],"Service":[],"SoftwareApplication":[],"WebPage":[]},"graphName":"","isEnabled":true},"graphs":[],"defaultGraph":"","defaultPostTypeGraph":""},"schema_type":null,"schema_type_options":null,"pillar_content":false,"robots_default":true,"robots_noindex":false,"robots_noarchive":false,"robots_nosnippet":false,"robots_nofollow":false,"robots_noimageindex":false,"robots_noodp":false,"robots_notranslate":false,"robots_max_snippet":null,"robots_max_videopreview":null,"robots_max_imagepreview":"large","priority":null,"frequency":null,"local_seo":null,"seo_analyzer_scan_date":"2025-12-06 05:58:06","breadcrumb_settings":null,"limit_modified_date":false,"open_ai":null,"ai":null,"created":"2020-12-21 12:56:48","updated":"2025-12-06 05:58:06","focus_keyword":null,"additional_keywords":null,"truseo_locale":null},"aioseo_breadcrumb":"<div class=\"aioseo-breadcrumbs\"><span class=\"aioseo-breadcrumb\">\n\t<a href=\"https:\/\/www.eldigitaldeasturias.com\/noticias\" title=\"Home\">Home<\/a>\n<\/span><span class=\"aioseo-breadcrumb-separator\">\u2013<\/span><span class=\"aioseo-breadcrumb\">\n\t<a href=\"https:\/\/www.eldigitaldeasturias.com\/noticias\/category\/actualidad\/\" title=\"Actualidad\">Actualidad<\/a>\n<\/span><span class=\"aioseo-breadcrumb-separator\">\u2013<\/span><span class=\"aioseo-breadcrumb\">\n\t<a href=\"https:\/\/www.eldigitaldeasturias.com\/noticias\/espana-refuerza-su-lucha-contra-la-trata-y-explotacion-sexual\/\" title=\"Espa\u00f1a refuerza su lucha contra la trata y explotaci\u00f3n sexual\">Espa\u00f1a refuerza su lucha contra la trata y explotaci\u00f3n sexual<\/a>\n<\/span><\/div>","aioseo_breadcrumb_json":[{"label":"Home","link":"https:\/\/www.eldigitaldeasturias.com\/noticias"},{"label":"Actualidad","link":"https:\/\/www.eldigitaldeasturias.com\/noticias\/category\/actualidad\/"},{"label":"Espa\u00f1a refuerza su lucha contra la trata y explotaci\u00f3n sexual","link":"https:\/\/www.eldigitaldeasturias.com\/noticias\/espana-refuerza-su-lucha-contra-la-trata-y-explotacion-sexual\/"}],"_links":{"self":[{"href":"https:\/\/www.eldigitaldeasturias.com\/noticias\/wp-json\/wp\/v2\/posts\/954322","targetHints":{"allow":["GET"]}}],"collection":[{"href":"https:\/\/www.eldigitaldeasturias.com\/noticias\/wp-json\/wp\/v2\/posts"}],"about":[{"href":"https:\/\/www.eldigitaldeasturias.com\/noticias\/wp-json\/wp\/v2\/types\/post"}],"author":[{"embeddable":true,"href":"https:\/\/www.eldigitaldeasturias.com\/noticias\/wp-json\/wp\/v2\/users\/1"}],"replies":[{"embeddable":true,"href":"https:\/\/www.eldigitaldeasturias.com\/noticias\/wp-json\/wp\/v2\/comments?post=954322"}],"version-history":[{"count":0,"href":"https:\/\/www.eldigitaldeasturias.com\/noticias\/wp-json\/wp\/v2\/posts\/954322\/revisions"}],"wp:attachment":[{"href":"https:\/\/www.eldigitaldeasturias.com\/noticias\/wp-json\/wp\/v2\/media?parent=954322"}],"wp:term":[{"taxonomy":"category","embeddable":true,"href":"https:\/\/www.eldigitaldeasturias.com\/noticias\/wp-json\/wp\/v2\/categories?post=954322"},{"taxonomy":"post_tag","embeddable":true,"href":"https:\/\/www.eldigitaldeasturias.com\/noticias\/wp-json\/wp\/v2\/tags?post=954322"}],"curies":[{"name":"wp","href":"https:\/\/api.w.org\/{rel}","templated":true}]}}