{"id":954191,"date":"2017-09-29T15:01:49","date_gmt":"2017-09-29T15:01:49","guid":{"rendered":"http:\/\/www.eldigitaldeasturias.com\/noticias\/?p=954191"},"modified":"2017-09-29T15:01:49","modified_gmt":"2017-09-29T15:01:49","slug":"el-gobierno-de-aragon-analizara-el-sector-de-la-fruta-en-tres-jornadas-profesionales","status":"publish","type":"post","link":"https:\/\/www.eldigitaldeasturias.com\/noticias\/el-gobierno-de-aragon-analizara-el-sector-de-la-fruta-en-tres-jornadas-profesionales\/","title":{"rendered":"El Gobierno de Arag\u00f3n analizar\u00e1 el sector de la fruta en tres jornadas profesionales"},"content":{"rendered":"<p><img loading=\"lazy\" decoding=\"async\" class=\"alignleft size-medium wp-image-954192\" src=\"https:\/\/www.eldigitaldeasturias.com\/noticias\/wp-content\/uploads\/2017\/09\/MELOCOTONES_CALANDA-360x159.jpg\" alt=\"\" width=\"360\" height=\"159\" \/>La Direcci\u00f3n General de Producci\u00f3n Agraria del Departamento de Desarrollo Rural y Sostenibilidad ha organizado tres jornadas en torno a la situaci\u00f3n actual del mercado de la fruta de hueso que tendr\u00e1n lugar los d\u00edas 2, 4 y 16 de octubre en Alca\u00f1iz, La Almunia y Fraga, respectivamente.<\/p>\n<p>El objetivo es analizar con el conjunto del sector y de la mano de varios expertos en la materia la naturaleza de la actividad fruticultora y las circunstancias que concurren en la producci\u00f3n y la comercializaci\u00f3n de la fruta.<\/p>\n<p>De acuerdo con la perspectiva de la direcci\u00f3n general, \u201cla reciente crisis de precios de la fruta dulce nos ha puesto frente a la indiscutible realidad de que, m\u00e1s all\u00e1 de ayudas puntuales que mitiguen en parte los inevitables fallos del mercado agr\u00edcola, es necesario abordar el problema desde una perspectiva estructural, puesto que estructural es la naturaleza del mismo\u201d.<\/p>\n<p>Para comenzar esta tarea, las jornadas se van a centrar en tres aspectos concretos: Las organizaciones de productores (OP) y los mercados (2 de octubre en Alca\u00f1iz), El mercado de la fruta de hueso (4 de octubre en La Almunia) y Promocionar para vender m\u00e1s y mejor (16 de octubre en Fraga).<\/p>\n<p>En la primera de las jornadas participar\u00e1n Tom\u00e1s Garc\u00eda Azc\u00e1rate, economista especializado en pol\u00edtica agraria y mercados agrarios, Jos\u00e9 Miguel Herrero, director de la Agencia de Informaci\u00f3n y Control Alimentarios del Ministerio de Agricultura (Mapama), y Jos\u00e9 Antonio Garc\u00eda, director de Ailimpo (Asociaci\u00f3n Interprofesional de Lim\u00f3n y Pomelo).<\/p>\n<p>Para hablar sobre el mercado de la fruta de hueso se contar\u00e1 con Ignacio Atance, subdirector general de Frutas y Hortalizas, Aceite de Oliva y Vitivinicultura del Mapama, David del Pino, director de Freshtrategy, consultora de estrategia, desarrollo e innovaci\u00f3n de la cadena de valor hortofrut\u00edcola, y, finalmente, con Ignasi Iglesias, investigador del Parque Cient\u00edfico y Tecnol\u00f3gico Agroalimentario de L\u00e9rida.<\/p>\n<p>En la tercera jornada participar\u00e1n Fernando Burgaz, director general de Industria Alimentaria del Mapama, Luis Miguel Albisu, presidente del Comit\u00e9 Cient\u00edfico del Centro de Investigaci\u00f3n y Tecnolog\u00eda Agroalimentaria de Arag\u00f3n (CITA) y Cristina Ramos, directora de Gaia Comunicaci\u00f3n (Grupo Eumedia).<\/p>\n<p>Para Jos\u00e9 Mar\u00eda Salamero, director general de Producci\u00f3n Agraria del Gobierno de Arag\u00f3n, la ordenaci\u00f3n de la oferta, la promoci\u00f3n y la comunicaci\u00f3n, la investigaci\u00f3n mercadot\u00e9cnica y una mayor internacionalizaci\u00f3n son posibles respuestas a la crisis de mercado de la fruta, pero previamente hay que tener tambi\u00e9n un diagn\u00f3stico claro de cu\u00e1l es la situaci\u00f3n del sector.<\/p>\n<p>Esa es la raz\u00f3n por la que se han organizado estas jornadas como elemento preliminar de un plan de trabajo que contemple todas estas posibles actuaciones, as\u00ed como otras que puedan contribuir a mejorar las condiciones de venta de la fruta producida en Arag\u00f3n.<\/p>\n<p>En este sentido, Salamero realiza un llamamiento a todos los agentes del \u00e1mbito de la fruticultura, sean productores, comercializadores, industriales, pol\u00edticos o cualesquiera otros. \u201cSolo de una amplia participaci\u00f3n pueden salir las soluciones que el sector necesita\u201d, ha precisado.<\/p>\n","protected":false},"excerpt":{"rendered":"<p>La Direcci\u00f3n General de Producci\u00f3n Agraria del Departamento de Desarrollo Rural y Sostenibilidad ha organizado tres jornadas en torno a la situaci\u00f3n actual del mercado de la fruta de hueso que tendr\u00e1n lugar los d\u00edas 2, 4 y 16 de octubre en Alca\u00f1iz, La Almunia y Fraga, respectivamente. El objetivo es analizar con el conjunto [&hellip;]<\/p>\n","protected":false},"author":1,"featured_media":954192,"comment_status":"closed","ping_status":"closed","sticky":false,"template":"","format":"standard","meta":{"footnotes":""},"categories":[1],"tags":[],"class_list":["post-954191","post","type-post","status-publish","format-standard","has-post-thumbnail","hentry","category-actualidad"],"aioseo_notices":[],"aioseo_head":"\n\t\t<!-- All in One SEO Pro 5.0.1 - aioseo.com -->\n\t<meta name=\"description\" content=\"La Direcci\u00f3n General de Producci\u00f3n Agraria del Departamento de Desarrollo Rural y Sostenibilidad ha organizado tres jornadas en torno a la situaci\u00f3n actual del mercado de la fruta de hueso que tendr\u00e1n lugar los d\u00edas 2, 4 y 16 de octubre en Alca\u00f1iz, La Almunia y Fraga, respectivamente. El objetivo es analizar con el conjunto\" \/>\n\t<meta name=\"robots\" content=\"max-image-preview:large\" \/>\n\t<meta name=\"author\" content=\"El Digital de Asturias\"\/>\n\t<meta name=\"google-site-verification\" content=\"UA-38556648-1\" \/>\n\t<meta name=\"msvalidate.01\" content=\"7dfe9f3f1b24437ab69f4f2559babe99\" \/>\n\t<meta name=\"keywords\" content=\"actualidad\" \/>\n\t<link rel=\"canonical\" href=\"https:\/\/www.eldigitaldeasturias.com\/noticias\/el-gobierno-de-aragon-analizara-el-sector-de-la-fruta-en-tres-jornadas-profesionales\/\" \/>\n\t<meta name=\"generator\" content=\"All in One SEO Pro (AIOSEO) 5.0.1\" \/>\n\t\t<meta property=\"og:locale\" content=\"es_ES\" \/>\n\t\t<meta property=\"og:site_name\" content=\"El Digital de Asturias\" \/>\n\t\t<meta property=\"og:type\" content=\"article\" \/>\n\t\t<meta property=\"og:title\" content=\"El Gobierno de Arag\u00f3n analizar\u00e1 el sector de la fruta en tres jornadas profesionales - El Digital de Asturias\" \/>\n\t\t<meta property=\"og:description\" content=\"La Direcci\u00f3n General de Producci\u00f3n Agraria del Departamento de Desarrollo Rural y Sostenibilidad ha organizado tres jornadas en torno a la situaci\u00f3n actual del mercado de la fruta de hueso que tendr\u00e1n lugar los d\u00edas 2, 4 y 16 de octubre en Alca\u00f1iz, La Almunia y Fraga, respectivamente. El objetivo es analizar con el conjunto\" \/>\n\t\t<meta property=\"og:url\" content=\"https:\/\/www.eldigitaldeasturias.com\/noticias\/el-gobierno-de-aragon-analizara-el-sector-de-la-fruta-en-tres-jornadas-profesionales\/\" \/>\n\t\t<meta property=\"article:tag\" content=\"actualidad\" \/>\n\t\t<meta property=\"article:published_time\" content=\"2017-09-29T15:01:49+00:00\" \/>\n\t\t<meta property=\"article:modified_time\" content=\"2017-09-29T15:01:49+00:00\" \/>\n\t\t<meta property=\"article:publisher\" content=\"https:\/\/facebook.com\/eldigitaldeasturias\" \/>\n\t\t<meta name=\"twitter:card\" content=\"summary_large_image\" \/>\n\t\t<meta name=\"twitter:title\" content=\"El Gobierno de Arag\u00f3n analizar\u00e1 el sector de la fruta en tres jornadas profesionales - El Digital de Asturias\" \/>\n\t\t<meta name=\"twitter:description\" content=\"La Direcci\u00f3n General de Producci\u00f3n Agraria del Departamento de Desarrollo Rural y Sostenibilidad ha organizado tres jornadas en torno a la situaci\u00f3n actual del mercado de la fruta de hueso que tendr\u00e1n lugar los d\u00edas 2, 4 y 16 de octubre en Alca\u00f1iz, La Almunia y Fraga, respectivamente. El objetivo es analizar con el conjunto\" \/>\n\t\t<meta name=\"twitter:image\" content=\"https:\/\/www.eldigitaldeasturias.com\/noticias\/wp-content\/uploads\/2020\/12\/EDA-1.jpg\" \/>\n\t\t<meta name=\"twitter:label1\" content=\"Escrito por\" \/>\n\t\t<meta name=\"twitter:data1\" content=\"El Digital de Asturias\" \/>\n\t\t<meta name=\"twitter:label2\" content=\"Tiempo de lectura estimado\" \/>\n\t\t<meta name=\"twitter:data2\" content=\"3 minutos\" \/>\n\t\t<script type=\"application\/ld+json\" class=\"aioseo-schema\">\n\t\t\t{\"@context\":\"https:\\\/\\\/schema.org\",\"@graph\":[{\"@type\":\"BlogPosting\",\"@id\":\"https:\\\/\\\/www.eldigitaldeasturias.com\\\/noticias\\\/el-gobierno-de-aragon-analizara-el-sector-de-la-fruta-en-tres-jornadas-profesionales\\\/#blogposting\",\"name\":\"El Gobierno de Arag\\u00f3n analizar\\u00e1 el sector de la fruta en tres jornadas profesionales - El Digital de Asturias\",\"headline\":\"El Gobierno de Arag\\u00f3n analizar\\u00e1 el sector de la fruta en tres jornadas profesionales\",\"author\":{\"@id\":\"https:\\\/\\\/www.eldigitaldeasturias.com\\\/noticias\\\/author\\\/admin\\\/#author\"},\"publisher\":{\"@id\":\"https:\\\/\\\/www.eldigitaldeasturias.com\\\/noticias\\\/#organization\"},\"image\":{\"@type\":\"ImageObject\",\"url\":954192},\"datePublished\":\"2017-09-29T15:01:49+02:00\",\"dateModified\":\"2017-09-29T15:01:49+02:00\",\"inLanguage\":\"es-ES\",\"mainEntityOfPage\":{\"@id\":\"https:\\\/\\\/www.eldigitaldeasturias.com\\\/noticias\\\/el-gobierno-de-aragon-analizara-el-sector-de-la-fruta-en-tres-jornadas-profesionales\\\/#webpage\"},\"isPartOf\":{\"@id\":\"https:\\\/\\\/www.eldigitaldeasturias.com\\\/noticias\\\/el-gobierno-de-aragon-analizara-el-sector-de-la-fruta-en-tres-jornadas-profesionales\\\/#webpage\"},\"articleSection\":\"Actualidad\"},{\"@type\":\"BreadcrumbList\",\"@id\":\"https:\\\/\\\/www.eldigitaldeasturias.com\\\/noticias\\\/el-gobierno-de-aragon-analizara-el-sector-de-la-fruta-en-tres-jornadas-profesionales\\\/#breadcrumblist\",\"itemListElement\":[{\"@type\":\"ListItem\",\"@id\":\"https:\\\/\\\/www.eldigitaldeasturias.com\\\/noticias#listItem\",\"position\":1,\"name\":\"Home\",\"item\":\"https:\\\/\\\/www.eldigitaldeasturias.com\\\/noticias\",\"nextItem\":{\"@type\":\"ListItem\",\"@id\":\"https:\\\/\\\/www.eldigitaldeasturias.com\\\/noticias\\\/category\\\/actualidad\\\/#listItem\",\"name\":\"Actualidad\"}},{\"@type\":\"ListItem\",\"@id\":\"https:\\\/\\\/www.eldigitaldeasturias.com\\\/noticias\\\/category\\\/actualidad\\\/#listItem\",\"position\":2,\"name\":\"Actualidad\",\"item\":\"https:\\\/\\\/www.eldigitaldeasturias.com\\\/noticias\\\/category\\\/actualidad\\\/\",\"nextItem\":{\"@type\":\"ListItem\",\"@id\":\"https:\\\/\\\/www.eldigitaldeasturias.com\\\/noticias\\\/el-gobierno-de-aragon-analizara-el-sector-de-la-fruta-en-tres-jornadas-profesionales\\\/#listItem\",\"name\":\"El Gobierno de Arag\\u00f3n analizar\\u00e1 el sector de la fruta en tres jornadas profesionales\"},\"previousItem\":{\"@type\":\"ListItem\",\"@id\":\"https:\\\/\\\/www.eldigitaldeasturias.com\\\/noticias#listItem\",\"name\":\"Home\"}},{\"@type\":\"ListItem\",\"@id\":\"https:\\\/\\\/www.eldigitaldeasturias.com\\\/noticias\\\/el-gobierno-de-aragon-analizara-el-sector-de-la-fruta-en-tres-jornadas-profesionales\\\/#listItem\",\"position\":3,\"name\":\"El Gobierno de Arag\\u00f3n analizar\\u00e1 el sector de la fruta en tres jornadas profesionales\",\"previousItem\":{\"@type\":\"ListItem\",\"@id\":\"https:\\\/\\\/www.eldigitaldeasturias.com\\\/noticias\\\/category\\\/actualidad\\\/#listItem\",\"name\":\"Actualidad\"}}]},{\"@type\":\"Organization\",\"@id\":\"https:\\\/\\\/www.eldigitaldeasturias.com\\\/noticias\\\/#organization\",\"name\":\"El Digital de Asturias\",\"description\":\"Hemeroteca\",\"url\":\"https:\\\/\\\/www.eldigitaldeasturias.com\\\/noticias\\\/\",\"email\":\"info@eldigitaldeasturias.com\",\"telephone\":\"+34652131393\",\"logo\":{\"@type\":\"ImageObject\",\"url\":\"https:\\\/\\\/www.eldigitaldeasturias.com\\\/noticias\\\/wp-content\\\/uploads\\\/2020\\\/12\\\/EDA.jpg\",\"@id\":\"https:\\\/\\\/www.eldigitaldeasturias.com\\\/noticias\\\/el-gobierno-de-aragon-analizara-el-sector-de-la-fruta-en-tres-jornadas-profesionales\\\/#organizationLogo\"},\"image\":{\"@id\":\"https:\\\/\\\/www.eldigitaldeasturias.com\\\/noticias\\\/el-gobierno-de-aragon-analizara-el-sector-de-la-fruta-en-tres-jornadas-profesionales\\\/#organizationLogo\"},\"sameAs\":[\"https:\\\/\\\/facebook.com\\\/eldigitaldeasturias\",\"https:\\\/\\\/www.youtube.com\\\/channel\\\/UCZP-2wLEB9Rv6erhFmqVnvg\"],\"address\":{\"@id\":\"https:\\\/\\\/www.eldigitaldeasturias.com\\\/noticias\\\/#postaladdress\",\"@type\":\"PostalAddress\",\"streetAddress\":\"san antonio 4\",\"postalCode\":\"33430\",\"addressLocality\":\"Cand\\u00e1s\",\"addressRegion\":\"Asturias\",\"addressCountry\":\"ES\"}},{\"@type\":\"Person\",\"@id\":\"https:\\\/\\\/www.eldigitaldeasturias.com\\\/noticias\\\/author\\\/admin\\\/#author\",\"url\":\"https:\\\/\\\/www.eldigitaldeasturias.com\\\/noticias\\\/author\\\/admin\\\/\",\"name\":\"El Digital de Asturias\",\"image\":{\"@type\":\"ImageObject\",\"@id\":\"https:\\\/\\\/www.eldigitaldeasturias.com\\\/noticias\\\/el-gobierno-de-aragon-analizara-el-sector-de-la-fruta-en-tres-jornadas-profesionales\\\/#authorImage\",\"url\":\"https:\\\/\\\/secure.gravatar.com\\\/avatar\\\/df2aeffc32bcd13f8d26072ef8a91b623d677766deac7f97ca815868cd41bf5e?s=96&d=mm&r=g\",\"width\":96,\"height\":96,\"caption\":\"El Digital de Asturias\"}},{\"@type\":\"WebPage\",\"@id\":\"https:\\\/\\\/www.eldigitaldeasturias.com\\\/noticias\\\/el-gobierno-de-aragon-analizara-el-sector-de-la-fruta-en-tres-jornadas-profesionales\\\/#webpage\",\"url\":\"https:\\\/\\\/www.eldigitaldeasturias.com\\\/noticias\\\/el-gobierno-de-aragon-analizara-el-sector-de-la-fruta-en-tres-jornadas-profesionales\\\/\",\"name\":\"El Gobierno de Arag\\u00f3n analizar\\u00e1 el sector de la fruta en tres jornadas profesionales - El Digital de Asturias\",\"description\":\"La Direcci\\u00f3n General de Producci\\u00f3n Agraria del Departamento de Desarrollo Rural y Sostenibilidad ha organizado tres jornadas en torno a la situaci\\u00f3n actual del mercado de la fruta de hueso que tendr\\u00e1n lugar los d\\u00edas 2, 4 y 16 de octubre en Alca\\u00f1iz, La Almunia y Fraga, respectivamente. El objetivo es analizar con el conjunto\",\"inLanguage\":\"es-ES\",\"isPartOf\":{\"@id\":\"https:\\\/\\\/www.eldigitaldeasturias.com\\\/noticias\\\/#website\"},\"breadcrumb\":{\"@id\":\"https:\\\/\\\/www.eldigitaldeasturias.com\\\/noticias\\\/el-gobierno-de-aragon-analizara-el-sector-de-la-fruta-en-tres-jornadas-profesionales\\\/#breadcrumblist\"},\"author\":{\"@id\":\"https:\\\/\\\/www.eldigitaldeasturias.com\\\/noticias\\\/author\\\/admin\\\/#author\"},\"creator\":{\"@id\":\"https:\\\/\\\/www.eldigitaldeasturias.com\\\/noticias\\\/author\\\/admin\\\/#author\"},\"image\":{\"@type\":\"ImageObject\",\"url\":954192,\"@id\":\"https:\\\/\\\/www.eldigitaldeasturias.com\\\/noticias\\\/el-gobierno-de-aragon-analizara-el-sector-de-la-fruta-en-tres-jornadas-profesionales\\\/#mainImage\"},\"primaryImageOfPage\":{\"@id\":\"https:\\\/\\\/www.eldigitaldeasturias.com\\\/noticias\\\/el-gobierno-de-aragon-analizara-el-sector-de-la-fruta-en-tres-jornadas-profesionales\\\/#mainImage\"},\"datePublished\":\"2017-09-29T15:01:49+02:00\",\"dateModified\":\"2017-09-29T15:01:49+02:00\"},{\"@type\":\"WebSite\",\"@id\":\"https:\\\/\\\/www.eldigitaldeasturias.com\\\/noticias\\\/#website\",\"url\":\"https:\\\/\\\/www.eldigitaldeasturias.com\\\/noticias\\\/\",\"name\":\"El Digital de Asturias - Diario de actualidad y noticias\",\"alternateName\":\"El Digital de Asturias - Diario de actualidad y noticias\",\"description\":\"Hemeroteca\",\"inLanguage\":\"es-ES\",\"publisher\":{\"@id\":\"https:\\\/\\\/www.eldigitaldeasturias.com\\\/noticias\\\/#organization\"}}]}\n\t\t<\/script>\n\t\t<!-- All in One SEO Pro -->\r\n\t\t<title>El Gobierno de Arag\u00f3n analizar\u00e1 el sector de la fruta en tres jornadas profesionales - El Digital de Asturias<\/title>\n\n","aioseo_head_json":{"title":"El Gobierno de Arag\u00f3n analizar\u00e1 el sector de la fruta en tres jornadas profesionales - El Digital de Asturias","description":"La Direcci\u00f3n General de Producci\u00f3n Agraria del Departamento de Desarrollo Rural y Sostenibilidad ha organizado tres jornadas en torno a la situaci\u00f3n actual del mercado de la fruta de hueso que tendr\u00e1n lugar los d\u00edas 2, 4 y 16 de octubre en Alca\u00f1iz, La Almunia y Fraga, respectivamente. El objetivo es analizar con el conjunto","canonical_url":"https:\/\/www.eldigitaldeasturias.com\/noticias\/el-gobierno-de-aragon-analizara-el-sector-de-la-fruta-en-tres-jornadas-profesionales\/","robots":"max-image-preview:large","keywords":"actualidad","webmasterTools":{"google-site-verification":"UA-38556648-1","msvalidate.01":"7dfe9f3f1b24437ab69f4f2559babe99","miscellaneous":""},"schema":{"@context":"https:\/\/schema.org","@graph":[{"@type":"BlogPosting","@id":"https:\/\/www.eldigitaldeasturias.com\/noticias\/el-gobierno-de-aragon-analizara-el-sector-de-la-fruta-en-tres-jornadas-profesionales\/#blogposting","name":"El Gobierno de Arag\u00f3n analizar\u00e1 el sector de la fruta en tres jornadas profesionales - El Digital de Asturias","headline":"El Gobierno de Arag\u00f3n analizar\u00e1 el sector de la fruta en tres jornadas profesionales","author":{"@id":"https:\/\/www.eldigitaldeasturias.com\/noticias\/author\/admin\/#author"},"publisher":{"@id":"https:\/\/www.eldigitaldeasturias.com\/noticias\/#organization"},"image":{"@type":"ImageObject","url":954192},"datePublished":"2017-09-29T15:01:49+02:00","dateModified":"2017-09-29T15:01:49+02:00","inLanguage":"es-ES","mainEntityOfPage":{"@id":"https:\/\/www.eldigitaldeasturias.com\/noticias\/el-gobierno-de-aragon-analizara-el-sector-de-la-fruta-en-tres-jornadas-profesionales\/#webpage"},"isPartOf":{"@id":"https:\/\/www.eldigitaldeasturias.com\/noticias\/el-gobierno-de-aragon-analizara-el-sector-de-la-fruta-en-tres-jornadas-profesionales\/#webpage"},"articleSection":"Actualidad"},{"@type":"BreadcrumbList","@id":"https:\/\/www.eldigitaldeasturias.com\/noticias\/el-gobierno-de-aragon-analizara-el-sector-de-la-fruta-en-tres-jornadas-profesionales\/#breadcrumblist","itemListElement":[{"@type":"ListItem","@id":"https:\/\/www.eldigitaldeasturias.com\/noticias#listItem","position":1,"name":"Home","item":"https:\/\/www.eldigitaldeasturias.com\/noticias","nextItem":{"@type":"ListItem","@id":"https:\/\/www.eldigitaldeasturias.com\/noticias\/category\/actualidad\/#listItem","name":"Actualidad"}},{"@type":"ListItem","@id":"https:\/\/www.eldigitaldeasturias.com\/noticias\/category\/actualidad\/#listItem","position":2,"name":"Actualidad","item":"https:\/\/www.eldigitaldeasturias.com\/noticias\/category\/actualidad\/","nextItem":{"@type":"ListItem","@id":"https:\/\/www.eldigitaldeasturias.com\/noticias\/el-gobierno-de-aragon-analizara-el-sector-de-la-fruta-en-tres-jornadas-profesionales\/#listItem","name":"El Gobierno de Arag\u00f3n analizar\u00e1 el sector de la fruta en tres jornadas profesionales"},"previousItem":{"@type":"ListItem","@id":"https:\/\/www.eldigitaldeasturias.com\/noticias#listItem","name":"Home"}},{"@type":"ListItem","@id":"https:\/\/www.eldigitaldeasturias.com\/noticias\/el-gobierno-de-aragon-analizara-el-sector-de-la-fruta-en-tres-jornadas-profesionales\/#listItem","position":3,"name":"El Gobierno de Arag\u00f3n analizar\u00e1 el sector de la fruta en tres jornadas profesionales","previousItem":{"@type":"ListItem","@id":"https:\/\/www.eldigitaldeasturias.com\/noticias\/category\/actualidad\/#listItem","name":"Actualidad"}}]},{"@type":"Organization","@id":"https:\/\/www.eldigitaldeasturias.com\/noticias\/#organization","name":"El Digital de Asturias","description":"Hemeroteca","url":"https:\/\/www.eldigitaldeasturias.com\/noticias\/","email":"info@eldigitaldeasturias.com","telephone":"+34652131393","logo":{"@type":"ImageObject","url":"https:\/\/www.eldigitaldeasturias.com\/noticias\/wp-content\/uploads\/2020\/12\/EDA.jpg","@id":"https:\/\/www.eldigitaldeasturias.com\/noticias\/el-gobierno-de-aragon-analizara-el-sector-de-la-fruta-en-tres-jornadas-profesionales\/#organizationLogo"},"image":{"@id":"https:\/\/www.eldigitaldeasturias.com\/noticias\/el-gobierno-de-aragon-analizara-el-sector-de-la-fruta-en-tres-jornadas-profesionales\/#organizationLogo"},"sameAs":["https:\/\/facebook.com\/eldigitaldeasturias","https:\/\/www.youtube.com\/channel\/UCZP-2wLEB9Rv6erhFmqVnvg"],"address":{"@id":"https:\/\/www.eldigitaldeasturias.com\/noticias\/#postaladdress","@type":"PostalAddress","streetAddress":"san antonio 4","postalCode":"33430","addressLocality":"Cand\u00e1s","addressRegion":"Asturias","addressCountry":"ES"}},{"@type":"Person","@id":"https:\/\/www.eldigitaldeasturias.com\/noticias\/author\/admin\/#author","url":"https:\/\/www.eldigitaldeasturias.com\/noticias\/author\/admin\/","name":"El Digital de Asturias","image":{"@type":"ImageObject","@id":"https:\/\/www.eldigitaldeasturias.com\/noticias\/el-gobierno-de-aragon-analizara-el-sector-de-la-fruta-en-tres-jornadas-profesionales\/#authorImage","url":"https:\/\/secure.gravatar.com\/avatar\/df2aeffc32bcd13f8d26072ef8a91b623d677766deac7f97ca815868cd41bf5e?s=96&d=mm&r=g","width":96,"height":96,"caption":"El Digital de Asturias"}},{"@type":"WebPage","@id":"https:\/\/www.eldigitaldeasturias.com\/noticias\/el-gobierno-de-aragon-analizara-el-sector-de-la-fruta-en-tres-jornadas-profesionales\/#webpage","url":"https:\/\/www.eldigitaldeasturias.com\/noticias\/el-gobierno-de-aragon-analizara-el-sector-de-la-fruta-en-tres-jornadas-profesionales\/","name":"El Gobierno de Arag\u00f3n analizar\u00e1 el sector de la fruta en tres jornadas profesionales - El Digital de Asturias","description":"La Direcci\u00f3n General de Producci\u00f3n Agraria del Departamento de Desarrollo Rural y Sostenibilidad ha organizado tres jornadas en torno a la situaci\u00f3n actual del mercado de la fruta de hueso que tendr\u00e1n lugar los d\u00edas 2, 4 y 16 de octubre en Alca\u00f1iz, La Almunia y Fraga, respectivamente. El objetivo es analizar con el conjunto","inLanguage":"es-ES","isPartOf":{"@id":"https:\/\/www.eldigitaldeasturias.com\/noticias\/#website"},"breadcrumb":{"@id":"https:\/\/www.eldigitaldeasturias.com\/noticias\/el-gobierno-de-aragon-analizara-el-sector-de-la-fruta-en-tres-jornadas-profesionales\/#breadcrumblist"},"author":{"@id":"https:\/\/www.eldigitaldeasturias.com\/noticias\/author\/admin\/#author"},"creator":{"@id":"https:\/\/www.eldigitaldeasturias.com\/noticias\/author\/admin\/#author"},"image":{"@type":"ImageObject","url":954192,"@id":"https:\/\/www.eldigitaldeasturias.com\/noticias\/el-gobierno-de-aragon-analizara-el-sector-de-la-fruta-en-tres-jornadas-profesionales\/#mainImage"},"primaryImageOfPage":{"@id":"https:\/\/www.eldigitaldeasturias.com\/noticias\/el-gobierno-de-aragon-analizara-el-sector-de-la-fruta-en-tres-jornadas-profesionales\/#mainImage"},"datePublished":"2017-09-29T15:01:49+02:00","dateModified":"2017-09-29T15:01:49+02:00"},{"@type":"WebSite","@id":"https:\/\/www.eldigitaldeasturias.com\/noticias\/#website","url":"https:\/\/www.eldigitaldeasturias.com\/noticias\/","name":"El Digital de Asturias - Diario de actualidad y noticias","alternateName":"El Digital de Asturias - Diario de actualidad y noticias","description":"Hemeroteca","inLanguage":"es-ES","publisher":{"@id":"https:\/\/www.eldigitaldeasturias.com\/noticias\/#organization"}}]},"og:locale":"es_ES","og:site_name":"El Digital de Asturias","og:type":"article","og:title":"El Gobierno de Arag\u00f3n analizar\u00e1 el sector de la fruta en tres jornadas profesionales - El Digital de Asturias","og:description":"La Direcci\u00f3n General de Producci\u00f3n Agraria del Departamento de Desarrollo Rural y Sostenibilidad ha organizado tres jornadas en torno a la situaci\u00f3n actual del mercado de la fruta de hueso que tendr\u00e1n lugar los d\u00edas 2, 4 y 16 de octubre en Alca\u00f1iz, La Almunia y Fraga, respectivamente. El objetivo es analizar con el conjunto","og:url":"https:\/\/www.eldigitaldeasturias.com\/noticias\/el-gobierno-de-aragon-analizara-el-sector-de-la-fruta-en-tres-jornadas-profesionales\/","article:tag":["actualidad"],"article:published_time":"2017-09-29T15:01:49+00:00","article:modified_time":"2017-09-29T15:01:49+00:00","article:publisher":"https:\/\/facebook.com\/eldigitaldeasturias","twitter:card":"summary_large_image","twitter:title":"El Gobierno de Arag\u00f3n analizar\u00e1 el sector de la fruta en tres jornadas profesionales - El Digital de Asturias","twitter:description":"La Direcci\u00f3n General de Producci\u00f3n Agraria del Departamento de Desarrollo Rural y Sostenibilidad ha organizado tres jornadas en torno a la situaci\u00f3n actual del mercado de la fruta de hueso que tendr\u00e1n lugar los d\u00edas 2, 4 y 16 de octubre en Alca\u00f1iz, La Almunia y Fraga, respectivamente. El objetivo es analizar con el conjunto","twitter:image":"https:\/\/www.eldigitaldeasturias.com\/noticias\/wp-content\/uploads\/2020\/12\/EDA-1.jpg","twitter:label1":"Escrito por","twitter:data1":"El Digital de Asturias","twitter:label2":"Tiempo de lectura estimado","twitter:data2":"3 minutos"},"aioseo_meta_data":{"post_id":"954191","title":null,"description":null,"keywords":null,"keyphrases":null,"primary_term":null,"canonical_url":null,"og_title":null,"og_description":null,"og_object_type":"default","og_image_type":"default","og_image_url":null,"og_image_width":null,"og_image_height":null,"og_image_custom_url":null,"og_image_custom_fields":null,"og_video":null,"og_custom_url":null,"og_article_section":null,"og_article_tags":null,"twitter_use_og":false,"twitter_card":"default","twitter_image_type":"default","twitter_image_url":null,"twitter_image_custom_url":null,"twitter_image_custom_fields":null,"twitter_title":null,"twitter_description":null,"schema":{"blockGraphs":[],"customGraphs":[],"default":{"data":{"Article":[],"Course":[],"Dataset":[],"FAQPage":[],"Movie":[],"Person":[],"Product":[],"ProductReview":[],"Car":[],"Recipe":[],"Service":[],"SoftwareApplication":[],"WebPage":[]},"graphName":"","isEnabled":true},"graphs":[],"defaultGraph":"","defaultPostTypeGraph":""},"schema_type":null,"schema_type_options":null,"pillar_content":false,"robots_default":true,"robots_noindex":false,"robots_noarchive":false,"robots_nosnippet":false,"robots_nofollow":false,"robots_noimageindex":false,"robots_noodp":false,"robots_notranslate":false,"robots_max_snippet":null,"robots_max_videopreview":null,"robots_max_imagepreview":"large","priority":null,"frequency":null,"local_seo":null,"seo_analyzer_scan_date":"2025-12-06 05:22:06","breadcrumb_settings":null,"limit_modified_date":false,"open_ai":null,"ai":null,"created":"2020-12-21 12:56:54","updated":"2025-12-06 05:22:06","focus_keyword":null,"additional_keywords":null,"truseo_locale":null},"aioseo_breadcrumb":"<div class=\"aioseo-breadcrumbs\"><span class=\"aioseo-breadcrumb\">\n\t<a href=\"https:\/\/www.eldigitaldeasturias.com\/noticias\" title=\"Home\">Home<\/a>\n<\/span><span class=\"aioseo-breadcrumb-separator\">\u2013<\/span><span class=\"aioseo-breadcrumb\">\n\t<a href=\"https:\/\/www.eldigitaldeasturias.com\/noticias\/category\/actualidad\/\" title=\"Actualidad\">Actualidad<\/a>\n<\/span><span class=\"aioseo-breadcrumb-separator\">\u2013<\/span><span class=\"aioseo-breadcrumb\">\n\t<a href=\"https:\/\/www.eldigitaldeasturias.com\/noticias\/el-gobierno-de-aragon-analizara-el-sector-de-la-fruta-en-tres-jornadas-profesionales\/\" title=\"El Gobierno de Arag\u00f3n analizar\u00e1 el sector de la fruta en tres jornadas profesionales\">El Gobierno de Arag\u00f3n analizar\u00e1 el sector de la fruta en tres jornadas profesionales<\/a>\n<\/span><\/div>","aioseo_breadcrumb_json":[{"label":"Home","link":"https:\/\/www.eldigitaldeasturias.com\/noticias"},{"label":"Actualidad","link":"https:\/\/www.eldigitaldeasturias.com\/noticias\/category\/actualidad\/"},{"label":"El Gobierno de Arag\u00f3n analizar\u00e1 el sector de la fruta en tres jornadas profesionales","link":"https:\/\/www.eldigitaldeasturias.com\/noticias\/el-gobierno-de-aragon-analizara-el-sector-de-la-fruta-en-tres-jornadas-profesionales\/"}],"_links":{"self":[{"href":"https:\/\/www.eldigitaldeasturias.com\/noticias\/wp-json\/wp\/v2\/posts\/954191","targetHints":{"allow":["GET"]}}],"collection":[{"href":"https:\/\/www.eldigitaldeasturias.com\/noticias\/wp-json\/wp\/v2\/posts"}],"about":[{"href":"https:\/\/www.eldigitaldeasturias.com\/noticias\/wp-json\/wp\/v2\/types\/post"}],"author":[{"embeddable":true,"href":"https:\/\/www.eldigitaldeasturias.com\/noticias\/wp-json\/wp\/v2\/users\/1"}],"replies":[{"embeddable":true,"href":"https:\/\/www.eldigitaldeasturias.com\/noticias\/wp-json\/wp\/v2\/comments?post=954191"}],"version-history":[{"count":0,"href":"https:\/\/www.eldigitaldeasturias.com\/noticias\/wp-json\/wp\/v2\/posts\/954191\/revisions"}],"wp:attachment":[{"href":"https:\/\/www.eldigitaldeasturias.com\/noticias\/wp-json\/wp\/v2\/media?parent=954191"}],"wp:term":[{"taxonomy":"category","embeddable":true,"href":"https:\/\/www.eldigitaldeasturias.com\/noticias\/wp-json\/wp\/v2\/categories?post=954191"},{"taxonomy":"post_tag","embeddable":true,"href":"https:\/\/www.eldigitaldeasturias.com\/noticias\/wp-json\/wp\/v2\/tags?post=954191"}],"curies":[{"name":"wp","href":"https:\/\/api.w.org\/{rel}","templated":true}]}}