{"id":954142,"date":"2017-09-29T13:29:40","date_gmt":"2017-09-29T13:29:40","guid":{"rendered":"http:\/\/www.eldigitaldeasturias.com\/noticias\/?p=954142"},"modified":"2017-09-29T13:30:23","modified_gmt":"2017-09-29T13:30:23","slug":"denaes-convoca-una-manifestacion-este-sabado-en-toda-espana","status":"publish","type":"post","link":"https:\/\/www.eldigitaldeasturias.com\/noticias\/denaes-convoca-una-manifestacion-este-sabado-en-toda-espana\/","title":{"rendered":"DENAES convoca una manifestaci\u00f3n este s\u00e1bado en toda Espa\u00f1a"},"content":{"rendered":"<p><img loading=\"lazy\" decoding=\"async\" class=\"alignleft size-medium wp-image-954143\" src=\"https:\/\/www.eldigitaldeasturias.com\/noticias\/wp-content\/uploads\/2017\/09\/spain-379535_960_720-360x270.jpg\" alt=\"\" width=\"360\" height=\"270\" \/>La Fundaci\u00f3n DENAES, para la Defensa de la Naci\u00f3n Espa\u00f1ola, ha convocado una concentraci\u00f3n este s\u00e1bado 30 de septiembre frente a los ayuntamientos de toda Espa\u00f1a. Bajo el lema \u201cEspa\u00f1a somos todos\u201d, DENAES quiere reunir a todos los espa\u00f1oles, al margen de siglas pol\u00edticas, en defensa de la unidad de Espa\u00f1a y en muestra de apoyo a los Cuerpos de Seguridad del Estado ante el golpe de estado separatista que se ha instalado en Catalu\u00f1a.<\/p>\n<p>Miembros de DENAES se han reunido esta ma\u00f1ana con la Delegaci\u00f3n del Gobierno en Madrid para coordinar la seguridad de su concentraci\u00f3n de Cibeles a la espera de una gran afluencia.<\/p>\n<p>Durante la concentraci\u00f3n no habr\u00e1 discursos ni se pronunciar\u00e1n manifiestos, \u00fanicamente se leer\u00e1n algunos art\u00edculos de la Constituci\u00f3n bajo el \u00fanico s\u00edmbolo que nos une a todos, que no es ni de izquierdas ni de derechas, el de la patria com\u00fan e indivisible: La bandera de Espa\u00f1a.<\/p>\n<p>La concentraci\u00f3n ser\u00e1 frente a los ayuntamientos de todos los municipios de Espa\u00f1a, tambi\u00e9n de Madrid (plaza de Cibeles) y de Barcelona (plaza Sant Jaume) a las 12:00 horas.<\/p>\n<p>Las entidades que se han adherido hasta este momento son las siguientes:<\/p>\n<p>FUNDACION VILLACISNEROS,\u00a0CIRCULO BALEAR, FUNDACI\u00d3N VALORES Y SOCIEDAD, CLUB DE LOS VIERNES, HAZTE OIR, COMUNIDAD JUDIA DEL PRINCIPADO DE ASTURIAS, CA\u00d1AS POR ESPA\u00d1A, CATALU\u00d1A SOMOS TODOS, ENRAIZADOS, ESPA\u00d1A GENEROSA, ESPA\u00d1OLES DE A PI\u00c9, ACOM, FORO DE GUARDIAS CIVILES, FUNDACI\u00d3N UNIDAD + DIVERSIDAD, GALICIA BILING\u00dcE, HACEMOS PATRIA, JOVENES POR UNA CAUSA, SOM MENORCA, SOMOS ESPA\u00d1A, VOCEANDO POR TI, SEVILLA, CONVIVENCIA CIVICA CATALANA, QUEREMOS, REACCIONA POR ESPA\u00d1A, FUNDACION GUSTAVO BUENO, SESION DE CONTROL, FEDERACI\u00d3N CAIS, CENTRO CULTURAL LA REVUELTA, ASOCIACION DE VECINOS \u00abASISTENTE ARJONA\u00bb, ASOCIACION CULTURAL ADEMAN, ASOCIACION JUVENIL DE DEBATE DAO\u00cdZ Y VELARDE, FORO SEVILLA NUESTRA, ASOCIACION CULTURAL FERNANDO III, DIPUTADO DE DISTRITO, GRUPO DE ESTUDIOS ESTRAT\u00c9GICOS GEES, FUNDACI\u00d3N PARA LA DEFENSA DE LA DEMOCRACIA, STOP ISIS y PROFESORES POR LA \u00c9TICA<\/p>\n","protected":false},"excerpt":{"rendered":"<p>La Fundaci\u00f3n DENAES, para la Defensa de la Naci\u00f3n Espa\u00f1ola, ha convocado una concentraci\u00f3n este s\u00e1bado 30 de septiembre frente a los ayuntamientos de toda Espa\u00f1a. Bajo el lema \u201cEspa\u00f1a somos todos\u201d, DENAES quiere reunir a todos los espa\u00f1oles, al margen de siglas pol\u00edticas, en defensa de la unidad de Espa\u00f1a y en muestra de [&hellip;]<\/p>\n","protected":false},"author":1,"featured_media":954143,"comment_status":"closed","ping_status":"closed","sticky":false,"template":"","format":"standard","meta":{"footnotes":""},"categories":[1],"tags":[],"class_list":["post-954142","post","type-post","status-publish","format-standard","has-post-thumbnail","hentry","category-actualidad"],"aioseo_notices":[],"aioseo_head":"\n\t\t<!-- All in One SEO Pro 5.0.1 - aioseo.com -->\n\t<meta name=\"description\" content=\"La Fundaci\u00f3n DENAES, para la Defensa de la Naci\u00f3n Espa\u00f1ola, ha convocado una concentraci\u00f3n este s\u00e1bado 30 de septiembre frente a los ayuntamientos de toda Espa\u00f1a. Bajo el lema \u201cEspa\u00f1a somos todos\u201d, DENAES quiere reunir a todos los espa\u00f1oles, al margen de siglas pol\u00edticas, en defensa de la unidad de Espa\u00f1a y en muestra de\" \/>\n\t<meta name=\"robots\" content=\"max-image-preview:large\" \/>\n\t<meta name=\"author\" content=\"El Digital de Asturias\"\/>\n\t<meta name=\"google-site-verification\" content=\"UA-38556648-1\" \/>\n\t<meta name=\"msvalidate.01\" content=\"7dfe9f3f1b24437ab69f4f2559babe99\" \/>\n\t<meta name=\"keywords\" content=\"actualidad\" \/>\n\t<link rel=\"canonical\" href=\"https:\/\/www.eldigitaldeasturias.com\/noticias\/denaes-convoca-una-manifestacion-este-sabado-en-toda-espana\/\" \/>\n\t<meta name=\"generator\" content=\"All in One SEO Pro (AIOSEO) 5.0.1\" \/>\n\t\t<meta property=\"og:locale\" content=\"es_ES\" \/>\n\t\t<meta property=\"og:site_name\" content=\"El Digital de Asturias\" \/>\n\t\t<meta property=\"og:type\" content=\"article\" \/>\n\t\t<meta property=\"og:title\" content=\"DENAES convoca una manifestaci\u00f3n este s\u00e1bado en toda Espa\u00f1a - El Digital de Asturias\" \/>\n\t\t<meta property=\"og:description\" content=\"La Fundaci\u00f3n DENAES, para la Defensa de la Naci\u00f3n Espa\u00f1ola, ha convocado una concentraci\u00f3n este s\u00e1bado 30 de septiembre frente a los ayuntamientos de toda Espa\u00f1a. Bajo el lema \u201cEspa\u00f1a somos todos\u201d, DENAES quiere reunir a todos los espa\u00f1oles, al margen de siglas pol\u00edticas, en defensa de la unidad de Espa\u00f1a y en muestra de\" \/>\n\t\t<meta property=\"og:url\" content=\"https:\/\/www.eldigitaldeasturias.com\/noticias\/denaes-convoca-una-manifestacion-este-sabado-en-toda-espana\/\" \/>\n\t\t<meta property=\"article:tag\" content=\"actualidad\" \/>\n\t\t<meta property=\"article:published_time\" content=\"2017-09-29T13:29:40+00:00\" \/>\n\t\t<meta property=\"article:modified_time\" content=\"2017-09-29T13:30:23+00:00\" \/>\n\t\t<meta property=\"article:publisher\" content=\"https:\/\/facebook.com\/eldigitaldeasturias\" \/>\n\t\t<meta name=\"twitter:card\" content=\"summary_large_image\" \/>\n\t\t<meta name=\"twitter:title\" content=\"DENAES convoca una manifestaci\u00f3n este s\u00e1bado en toda Espa\u00f1a - El Digital de Asturias\" \/>\n\t\t<meta name=\"twitter:description\" content=\"La Fundaci\u00f3n DENAES, para la Defensa de la Naci\u00f3n Espa\u00f1ola, ha convocado una concentraci\u00f3n este s\u00e1bado 30 de septiembre frente a los ayuntamientos de toda Espa\u00f1a. Bajo el lema \u201cEspa\u00f1a somos todos\u201d, DENAES quiere reunir a todos los espa\u00f1oles, al margen de siglas pol\u00edticas, en defensa de la unidad de Espa\u00f1a y en muestra de\" \/>\n\t\t<meta name=\"twitter:image\" content=\"https:\/\/www.eldigitaldeasturias.com\/noticias\/wp-content\/uploads\/2020\/12\/EDA-1.jpg\" \/>\n\t\t<meta name=\"twitter:label1\" content=\"Escrito por\" \/>\n\t\t<meta name=\"twitter:data1\" content=\"El Digital de Asturias\" \/>\n\t\t<meta name=\"twitter:label2\" content=\"Tiempo de lectura estimado\" \/>\n\t\t<meta name=\"twitter:data2\" content=\"2 minutos\" \/>\n\t\t<script type=\"application\/ld+json\" class=\"aioseo-schema\">\n\t\t\t{\"@context\":\"https:\\\/\\\/schema.org\",\"@graph\":[{\"@type\":\"BlogPosting\",\"@id\":\"https:\\\/\\\/www.eldigitaldeasturias.com\\\/noticias\\\/denaes-convoca-una-manifestacion-este-sabado-en-toda-espana\\\/#blogposting\",\"name\":\"DENAES convoca una manifestaci\\u00f3n este s\\u00e1bado en toda Espa\\u00f1a - El Digital de Asturias\",\"headline\":\"DENAES convoca una manifestaci\\u00f3n este s\\u00e1bado en toda Espa\\u00f1a\",\"author\":{\"@id\":\"https:\\\/\\\/www.eldigitaldeasturias.com\\\/noticias\\\/author\\\/admin\\\/#author\"},\"publisher\":{\"@id\":\"https:\\\/\\\/www.eldigitaldeasturias.com\\\/noticias\\\/#organization\"},\"image\":{\"@type\":\"ImageObject\",\"url\":954143},\"datePublished\":\"2017-09-29T13:29:40+02:00\",\"dateModified\":\"2017-09-29T13:30:23+02:00\",\"inLanguage\":\"es-ES\",\"mainEntityOfPage\":{\"@id\":\"https:\\\/\\\/www.eldigitaldeasturias.com\\\/noticias\\\/denaes-convoca-una-manifestacion-este-sabado-en-toda-espana\\\/#webpage\"},\"isPartOf\":{\"@id\":\"https:\\\/\\\/www.eldigitaldeasturias.com\\\/noticias\\\/denaes-convoca-una-manifestacion-este-sabado-en-toda-espana\\\/#webpage\"},\"articleSection\":\"Actualidad\"},{\"@type\":\"BreadcrumbList\",\"@id\":\"https:\\\/\\\/www.eldigitaldeasturias.com\\\/noticias\\\/denaes-convoca-una-manifestacion-este-sabado-en-toda-espana\\\/#breadcrumblist\",\"itemListElement\":[{\"@type\":\"ListItem\",\"@id\":\"https:\\\/\\\/www.eldigitaldeasturias.com\\\/noticias#listItem\",\"position\":1,\"name\":\"Home\",\"item\":\"https:\\\/\\\/www.eldigitaldeasturias.com\\\/noticias\",\"nextItem\":{\"@type\":\"ListItem\",\"@id\":\"https:\\\/\\\/www.eldigitaldeasturias.com\\\/noticias\\\/category\\\/actualidad\\\/#listItem\",\"name\":\"Actualidad\"}},{\"@type\":\"ListItem\",\"@id\":\"https:\\\/\\\/www.eldigitaldeasturias.com\\\/noticias\\\/category\\\/actualidad\\\/#listItem\",\"position\":2,\"name\":\"Actualidad\",\"item\":\"https:\\\/\\\/www.eldigitaldeasturias.com\\\/noticias\\\/category\\\/actualidad\\\/\",\"nextItem\":{\"@type\":\"ListItem\",\"@id\":\"https:\\\/\\\/www.eldigitaldeasturias.com\\\/noticias\\\/denaes-convoca-una-manifestacion-este-sabado-en-toda-espana\\\/#listItem\",\"name\":\"DENAES convoca una manifestaci\\u00f3n este s\\u00e1bado en toda Espa\\u00f1a\"},\"previousItem\":{\"@type\":\"ListItem\",\"@id\":\"https:\\\/\\\/www.eldigitaldeasturias.com\\\/noticias#listItem\",\"name\":\"Home\"}},{\"@type\":\"ListItem\",\"@id\":\"https:\\\/\\\/www.eldigitaldeasturias.com\\\/noticias\\\/denaes-convoca-una-manifestacion-este-sabado-en-toda-espana\\\/#listItem\",\"position\":3,\"name\":\"DENAES convoca una manifestaci\\u00f3n este s\\u00e1bado en toda Espa\\u00f1a\",\"previousItem\":{\"@type\":\"ListItem\",\"@id\":\"https:\\\/\\\/www.eldigitaldeasturias.com\\\/noticias\\\/category\\\/actualidad\\\/#listItem\",\"name\":\"Actualidad\"}}]},{\"@type\":\"Organization\",\"@id\":\"https:\\\/\\\/www.eldigitaldeasturias.com\\\/noticias\\\/#organization\",\"name\":\"El Digital de Asturias\",\"description\":\"Hemeroteca\",\"url\":\"https:\\\/\\\/www.eldigitaldeasturias.com\\\/noticias\\\/\",\"email\":\"info@eldigitaldeasturias.com\",\"telephone\":\"+34652131393\",\"logo\":{\"@type\":\"ImageObject\",\"url\":\"https:\\\/\\\/www.eldigitaldeasturias.com\\\/noticias\\\/wp-content\\\/uploads\\\/2020\\\/12\\\/EDA.jpg\",\"@id\":\"https:\\\/\\\/www.eldigitaldeasturias.com\\\/noticias\\\/denaes-convoca-una-manifestacion-este-sabado-en-toda-espana\\\/#organizationLogo\"},\"image\":{\"@id\":\"https:\\\/\\\/www.eldigitaldeasturias.com\\\/noticias\\\/denaes-convoca-una-manifestacion-este-sabado-en-toda-espana\\\/#organizationLogo\"},\"sameAs\":[\"https:\\\/\\\/facebook.com\\\/eldigitaldeasturias\",\"https:\\\/\\\/www.youtube.com\\\/channel\\\/UCZP-2wLEB9Rv6erhFmqVnvg\"],\"address\":{\"@id\":\"https:\\\/\\\/www.eldigitaldeasturias.com\\\/noticias\\\/#postaladdress\",\"@type\":\"PostalAddress\",\"streetAddress\":\"san antonio 4\",\"postalCode\":\"33430\",\"addressLocality\":\"Cand\\u00e1s\",\"addressRegion\":\"Asturias\",\"addressCountry\":\"ES\"}},{\"@type\":\"Person\",\"@id\":\"https:\\\/\\\/www.eldigitaldeasturias.com\\\/noticias\\\/author\\\/admin\\\/#author\",\"url\":\"https:\\\/\\\/www.eldigitaldeasturias.com\\\/noticias\\\/author\\\/admin\\\/\",\"name\":\"El Digital de Asturias\",\"image\":{\"@type\":\"ImageObject\",\"@id\":\"https:\\\/\\\/www.eldigitaldeasturias.com\\\/noticias\\\/denaes-convoca-una-manifestacion-este-sabado-en-toda-espana\\\/#authorImage\",\"url\":\"https:\\\/\\\/secure.gravatar.com\\\/avatar\\\/df2aeffc32bcd13f8d26072ef8a91b623d677766deac7f97ca815868cd41bf5e?s=96&d=mm&r=g\",\"width\":96,\"height\":96,\"caption\":\"El Digital de Asturias\"}},{\"@type\":\"WebPage\",\"@id\":\"https:\\\/\\\/www.eldigitaldeasturias.com\\\/noticias\\\/denaes-convoca-una-manifestacion-este-sabado-en-toda-espana\\\/#webpage\",\"url\":\"https:\\\/\\\/www.eldigitaldeasturias.com\\\/noticias\\\/denaes-convoca-una-manifestacion-este-sabado-en-toda-espana\\\/\",\"name\":\"DENAES convoca una manifestaci\\u00f3n este s\\u00e1bado en toda Espa\\u00f1a - El Digital de Asturias\",\"description\":\"La Fundaci\\u00f3n DENAES, para la Defensa de la Naci\\u00f3n Espa\\u00f1ola, ha convocado una concentraci\\u00f3n este s\\u00e1bado 30 de septiembre frente a los ayuntamientos de toda Espa\\u00f1a. Bajo el lema \\u201cEspa\\u00f1a somos todos\\u201d, DENAES quiere reunir a todos los espa\\u00f1oles, al margen de siglas pol\\u00edticas, en defensa de la unidad de Espa\\u00f1a y en muestra de\",\"inLanguage\":\"es-ES\",\"isPartOf\":{\"@id\":\"https:\\\/\\\/www.eldigitaldeasturias.com\\\/noticias\\\/#website\"},\"breadcrumb\":{\"@id\":\"https:\\\/\\\/www.eldigitaldeasturias.com\\\/noticias\\\/denaes-convoca-una-manifestacion-este-sabado-en-toda-espana\\\/#breadcrumblist\"},\"author\":{\"@id\":\"https:\\\/\\\/www.eldigitaldeasturias.com\\\/noticias\\\/author\\\/admin\\\/#author\"},\"creator\":{\"@id\":\"https:\\\/\\\/www.eldigitaldeasturias.com\\\/noticias\\\/author\\\/admin\\\/#author\"},\"image\":{\"@type\":\"ImageObject\",\"url\":954143,\"@id\":\"https:\\\/\\\/www.eldigitaldeasturias.com\\\/noticias\\\/denaes-convoca-una-manifestacion-este-sabado-en-toda-espana\\\/#mainImage\"},\"primaryImageOfPage\":{\"@id\":\"https:\\\/\\\/www.eldigitaldeasturias.com\\\/noticias\\\/denaes-convoca-una-manifestacion-este-sabado-en-toda-espana\\\/#mainImage\"},\"datePublished\":\"2017-09-29T13:29:40+02:00\",\"dateModified\":\"2017-09-29T13:30:23+02:00\"},{\"@type\":\"WebSite\",\"@id\":\"https:\\\/\\\/www.eldigitaldeasturias.com\\\/noticias\\\/#website\",\"url\":\"https:\\\/\\\/www.eldigitaldeasturias.com\\\/noticias\\\/\",\"name\":\"El Digital de Asturias - Diario de actualidad y noticias\",\"alternateName\":\"El Digital de Asturias - Diario de actualidad y noticias\",\"description\":\"Hemeroteca\",\"inLanguage\":\"es-ES\",\"publisher\":{\"@id\":\"https:\\\/\\\/www.eldigitaldeasturias.com\\\/noticias\\\/#organization\"}}]}\n\t\t<\/script>\n\t\t<!-- All in One SEO Pro -->\r\n\t\t<title>DENAES convoca una manifestaci\u00f3n este s\u00e1bado en toda Espa\u00f1a - El Digital de Asturias<\/title>\n\n","aioseo_head_json":{"title":"DENAES convoca una manifestaci\u00f3n este s\u00e1bado en toda Espa\u00f1a - El Digital de Asturias","description":"La Fundaci\u00f3n DENAES, para la Defensa de la Naci\u00f3n Espa\u00f1ola, ha convocado una concentraci\u00f3n este s\u00e1bado 30 de septiembre frente a los ayuntamientos de toda Espa\u00f1a. Bajo el lema \u201cEspa\u00f1a somos todos\u201d, DENAES quiere reunir a todos los espa\u00f1oles, al margen de siglas pol\u00edticas, en defensa de la unidad de Espa\u00f1a y en muestra de","canonical_url":"https:\/\/www.eldigitaldeasturias.com\/noticias\/denaes-convoca-una-manifestacion-este-sabado-en-toda-espana\/","robots":"max-image-preview:large","keywords":"actualidad","webmasterTools":{"google-site-verification":"UA-38556648-1","msvalidate.01":"7dfe9f3f1b24437ab69f4f2559babe99","miscellaneous":""},"schema":{"@context":"https:\/\/schema.org","@graph":[{"@type":"BlogPosting","@id":"https:\/\/www.eldigitaldeasturias.com\/noticias\/denaes-convoca-una-manifestacion-este-sabado-en-toda-espana\/#blogposting","name":"DENAES convoca una manifestaci\u00f3n este s\u00e1bado en toda Espa\u00f1a - El Digital de Asturias","headline":"DENAES convoca una manifestaci\u00f3n este s\u00e1bado en toda Espa\u00f1a","author":{"@id":"https:\/\/www.eldigitaldeasturias.com\/noticias\/author\/admin\/#author"},"publisher":{"@id":"https:\/\/www.eldigitaldeasturias.com\/noticias\/#organization"},"image":{"@type":"ImageObject","url":954143},"datePublished":"2017-09-29T13:29:40+02:00","dateModified":"2017-09-29T13:30:23+02:00","inLanguage":"es-ES","mainEntityOfPage":{"@id":"https:\/\/www.eldigitaldeasturias.com\/noticias\/denaes-convoca-una-manifestacion-este-sabado-en-toda-espana\/#webpage"},"isPartOf":{"@id":"https:\/\/www.eldigitaldeasturias.com\/noticias\/denaes-convoca-una-manifestacion-este-sabado-en-toda-espana\/#webpage"},"articleSection":"Actualidad"},{"@type":"BreadcrumbList","@id":"https:\/\/www.eldigitaldeasturias.com\/noticias\/denaes-convoca-una-manifestacion-este-sabado-en-toda-espana\/#breadcrumblist","itemListElement":[{"@type":"ListItem","@id":"https:\/\/www.eldigitaldeasturias.com\/noticias#listItem","position":1,"name":"Home","item":"https:\/\/www.eldigitaldeasturias.com\/noticias","nextItem":{"@type":"ListItem","@id":"https:\/\/www.eldigitaldeasturias.com\/noticias\/category\/actualidad\/#listItem","name":"Actualidad"}},{"@type":"ListItem","@id":"https:\/\/www.eldigitaldeasturias.com\/noticias\/category\/actualidad\/#listItem","position":2,"name":"Actualidad","item":"https:\/\/www.eldigitaldeasturias.com\/noticias\/category\/actualidad\/","nextItem":{"@type":"ListItem","@id":"https:\/\/www.eldigitaldeasturias.com\/noticias\/denaes-convoca-una-manifestacion-este-sabado-en-toda-espana\/#listItem","name":"DENAES convoca una manifestaci\u00f3n este s\u00e1bado en toda Espa\u00f1a"},"previousItem":{"@type":"ListItem","@id":"https:\/\/www.eldigitaldeasturias.com\/noticias#listItem","name":"Home"}},{"@type":"ListItem","@id":"https:\/\/www.eldigitaldeasturias.com\/noticias\/denaes-convoca-una-manifestacion-este-sabado-en-toda-espana\/#listItem","position":3,"name":"DENAES convoca una manifestaci\u00f3n este s\u00e1bado en toda Espa\u00f1a","previousItem":{"@type":"ListItem","@id":"https:\/\/www.eldigitaldeasturias.com\/noticias\/category\/actualidad\/#listItem","name":"Actualidad"}}]},{"@type":"Organization","@id":"https:\/\/www.eldigitaldeasturias.com\/noticias\/#organization","name":"El Digital de Asturias","description":"Hemeroteca","url":"https:\/\/www.eldigitaldeasturias.com\/noticias\/","email":"info@eldigitaldeasturias.com","telephone":"+34652131393","logo":{"@type":"ImageObject","url":"https:\/\/www.eldigitaldeasturias.com\/noticias\/wp-content\/uploads\/2020\/12\/EDA.jpg","@id":"https:\/\/www.eldigitaldeasturias.com\/noticias\/denaes-convoca-una-manifestacion-este-sabado-en-toda-espana\/#organizationLogo"},"image":{"@id":"https:\/\/www.eldigitaldeasturias.com\/noticias\/denaes-convoca-una-manifestacion-este-sabado-en-toda-espana\/#organizationLogo"},"sameAs":["https:\/\/facebook.com\/eldigitaldeasturias","https:\/\/www.youtube.com\/channel\/UCZP-2wLEB9Rv6erhFmqVnvg"],"address":{"@id":"https:\/\/www.eldigitaldeasturias.com\/noticias\/#postaladdress","@type":"PostalAddress","streetAddress":"san antonio 4","postalCode":"33430","addressLocality":"Cand\u00e1s","addressRegion":"Asturias","addressCountry":"ES"}},{"@type":"Person","@id":"https:\/\/www.eldigitaldeasturias.com\/noticias\/author\/admin\/#author","url":"https:\/\/www.eldigitaldeasturias.com\/noticias\/author\/admin\/","name":"El Digital de Asturias","image":{"@type":"ImageObject","@id":"https:\/\/www.eldigitaldeasturias.com\/noticias\/denaes-convoca-una-manifestacion-este-sabado-en-toda-espana\/#authorImage","url":"https:\/\/secure.gravatar.com\/avatar\/df2aeffc32bcd13f8d26072ef8a91b623d677766deac7f97ca815868cd41bf5e?s=96&d=mm&r=g","width":96,"height":96,"caption":"El Digital de Asturias"}},{"@type":"WebPage","@id":"https:\/\/www.eldigitaldeasturias.com\/noticias\/denaes-convoca-una-manifestacion-este-sabado-en-toda-espana\/#webpage","url":"https:\/\/www.eldigitaldeasturias.com\/noticias\/denaes-convoca-una-manifestacion-este-sabado-en-toda-espana\/","name":"DENAES convoca una manifestaci\u00f3n este s\u00e1bado en toda Espa\u00f1a - El Digital de Asturias","description":"La Fundaci\u00f3n DENAES, para la Defensa de la Naci\u00f3n Espa\u00f1ola, ha convocado una concentraci\u00f3n este s\u00e1bado 30 de septiembre frente a los ayuntamientos de toda Espa\u00f1a. Bajo el lema \u201cEspa\u00f1a somos todos\u201d, DENAES quiere reunir a todos los espa\u00f1oles, al margen de siglas pol\u00edticas, en defensa de la unidad de Espa\u00f1a y en muestra de","inLanguage":"es-ES","isPartOf":{"@id":"https:\/\/www.eldigitaldeasturias.com\/noticias\/#website"},"breadcrumb":{"@id":"https:\/\/www.eldigitaldeasturias.com\/noticias\/denaes-convoca-una-manifestacion-este-sabado-en-toda-espana\/#breadcrumblist"},"author":{"@id":"https:\/\/www.eldigitaldeasturias.com\/noticias\/author\/admin\/#author"},"creator":{"@id":"https:\/\/www.eldigitaldeasturias.com\/noticias\/author\/admin\/#author"},"image":{"@type":"ImageObject","url":954143,"@id":"https:\/\/www.eldigitaldeasturias.com\/noticias\/denaes-convoca-una-manifestacion-este-sabado-en-toda-espana\/#mainImage"},"primaryImageOfPage":{"@id":"https:\/\/www.eldigitaldeasturias.com\/noticias\/denaes-convoca-una-manifestacion-este-sabado-en-toda-espana\/#mainImage"},"datePublished":"2017-09-29T13:29:40+02:00","dateModified":"2017-09-29T13:30:23+02:00"},{"@type":"WebSite","@id":"https:\/\/www.eldigitaldeasturias.com\/noticias\/#website","url":"https:\/\/www.eldigitaldeasturias.com\/noticias\/","name":"El Digital de Asturias - Diario de actualidad y noticias","alternateName":"El Digital de Asturias - Diario de actualidad y noticias","description":"Hemeroteca","inLanguage":"es-ES","publisher":{"@id":"https:\/\/www.eldigitaldeasturias.com\/noticias\/#organization"}}]},"og:locale":"es_ES","og:site_name":"El Digital de Asturias","og:type":"article","og:title":"DENAES convoca una manifestaci\u00f3n este s\u00e1bado en toda Espa\u00f1a - El Digital de Asturias","og:description":"La Fundaci\u00f3n DENAES, para la Defensa de la Naci\u00f3n Espa\u00f1ola, ha convocado una concentraci\u00f3n este s\u00e1bado 30 de septiembre frente a los ayuntamientos de toda Espa\u00f1a. Bajo el lema \u201cEspa\u00f1a somos todos\u201d, DENAES quiere reunir a todos los espa\u00f1oles, al margen de siglas pol\u00edticas, en defensa de la unidad de Espa\u00f1a y en muestra de","og:url":"https:\/\/www.eldigitaldeasturias.com\/noticias\/denaes-convoca-una-manifestacion-este-sabado-en-toda-espana\/","article:tag":["actualidad"],"article:published_time":"2017-09-29T13:29:40+00:00","article:modified_time":"2017-09-29T13:30:23+00:00","article:publisher":"https:\/\/facebook.com\/eldigitaldeasturias","twitter:card":"summary_large_image","twitter:title":"DENAES convoca una manifestaci\u00f3n este s\u00e1bado en toda Espa\u00f1a - El Digital de Asturias","twitter:description":"La Fundaci\u00f3n DENAES, para la Defensa de la Naci\u00f3n Espa\u00f1ola, ha convocado una concentraci\u00f3n este s\u00e1bado 30 de septiembre frente a los ayuntamientos de toda Espa\u00f1a. Bajo el lema \u201cEspa\u00f1a somos todos\u201d, DENAES quiere reunir a todos los espa\u00f1oles, al margen de siglas pol\u00edticas, en defensa de la unidad de Espa\u00f1a y en muestra de","twitter:image":"https:\/\/www.eldigitaldeasturias.com\/noticias\/wp-content\/uploads\/2020\/12\/EDA-1.jpg","twitter:label1":"Escrito por","twitter:data1":"El Digital de Asturias","twitter:label2":"Tiempo de lectura estimado","twitter:data2":"2 minutos"},"aioseo_meta_data":{"post_id":"954142","title":null,"description":null,"keywords":null,"keyphrases":null,"primary_term":null,"canonical_url":null,"og_title":null,"og_description":null,"og_object_type":"default","og_image_type":"default","og_image_url":null,"og_image_width":null,"og_image_height":null,"og_image_custom_url":null,"og_image_custom_fields":null,"og_video":null,"og_custom_url":null,"og_article_section":null,"og_article_tags":null,"twitter_use_og":false,"twitter_card":"default","twitter_image_type":"default","twitter_image_url":null,"twitter_image_custom_url":null,"twitter_image_custom_fields":null,"twitter_title":null,"twitter_description":null,"schema":{"blockGraphs":[],"customGraphs":[],"default":{"data":{"Article":[],"Course":[],"Dataset":[],"FAQPage":[],"Movie":[],"Person":[],"Product":[],"ProductReview":[],"Car":[],"Recipe":[],"Service":[],"SoftwareApplication":[],"WebPage":[]},"graphName":"","isEnabled":true},"graphs":[],"defaultGraph":"","defaultPostTypeGraph":""},"schema_type":null,"schema_type_options":null,"pillar_content":false,"robots_default":true,"robots_noindex":false,"robots_noarchive":false,"robots_nosnippet":false,"robots_nofollow":false,"robots_noimageindex":false,"robots_noodp":false,"robots_notranslate":false,"robots_max_snippet":null,"robots_max_videopreview":null,"robots_max_imagepreview":"large","priority":null,"frequency":null,"local_seo":null,"seo_analyzer_scan_date":"2025-12-06 05:12:08","breadcrumb_settings":null,"limit_modified_date":false,"open_ai":null,"ai":null,"created":"2020-12-21 12:56:55","updated":"2025-12-06 05:12:08","focus_keyword":null,"additional_keywords":null,"truseo_locale":null},"aioseo_breadcrumb":"<div class=\"aioseo-breadcrumbs\"><span class=\"aioseo-breadcrumb\">\n\t<a href=\"https:\/\/www.eldigitaldeasturias.com\/noticias\" title=\"Home\">Home<\/a>\n<\/span><span class=\"aioseo-breadcrumb-separator\">\u2013<\/span><span class=\"aioseo-breadcrumb\">\n\t<a href=\"https:\/\/www.eldigitaldeasturias.com\/noticias\/category\/actualidad\/\" title=\"Actualidad\">Actualidad<\/a>\n<\/span><span class=\"aioseo-breadcrumb-separator\">\u2013<\/span><span class=\"aioseo-breadcrumb\">\n\t<a href=\"https:\/\/www.eldigitaldeasturias.com\/noticias\/denaes-convoca-una-manifestacion-este-sabado-en-toda-espana\/\" title=\"DENAES convoca una manifestaci\u00f3n este s\u00e1bado en toda Espa\u00f1a\">DENAES convoca una manifestaci\u00f3n este s\u00e1bado en toda Espa\u00f1a<\/a>\n<\/span><\/div>","aioseo_breadcrumb_json":[{"label":"Home","link":"https:\/\/www.eldigitaldeasturias.com\/noticias"},{"label":"Actualidad","link":"https:\/\/www.eldigitaldeasturias.com\/noticias\/category\/actualidad\/"},{"label":"DENAES convoca una manifestaci\u00f3n este s\u00e1bado en toda Espa\u00f1a","link":"https:\/\/www.eldigitaldeasturias.com\/noticias\/denaes-convoca-una-manifestacion-este-sabado-en-toda-espana\/"}],"_links":{"self":[{"href":"https:\/\/www.eldigitaldeasturias.com\/noticias\/wp-json\/wp\/v2\/posts\/954142","targetHints":{"allow":["GET"]}}],"collection":[{"href":"https:\/\/www.eldigitaldeasturias.com\/noticias\/wp-json\/wp\/v2\/posts"}],"about":[{"href":"https:\/\/www.eldigitaldeasturias.com\/noticias\/wp-json\/wp\/v2\/types\/post"}],"author":[{"embeddable":true,"href":"https:\/\/www.eldigitaldeasturias.com\/noticias\/wp-json\/wp\/v2\/users\/1"}],"replies":[{"embeddable":true,"href":"https:\/\/www.eldigitaldeasturias.com\/noticias\/wp-json\/wp\/v2\/comments?post=954142"}],"version-history":[{"count":0,"href":"https:\/\/www.eldigitaldeasturias.com\/noticias\/wp-json\/wp\/v2\/posts\/954142\/revisions"}],"wp:attachment":[{"href":"https:\/\/www.eldigitaldeasturias.com\/noticias\/wp-json\/wp\/v2\/media?parent=954142"}],"wp:term":[{"taxonomy":"category","embeddable":true,"href":"https:\/\/www.eldigitaldeasturias.com\/noticias\/wp-json\/wp\/v2\/categories?post=954142"},{"taxonomy":"post_tag","embeddable":true,"href":"https:\/\/www.eldigitaldeasturias.com\/noticias\/wp-json\/wp\/v2\/tags?post=954142"}],"curies":[{"name":"wp","href":"https:\/\/api.w.org\/{rel}","templated":true}]}}