{"id":954133,"date":"2017-09-28T21:27:09","date_gmt":"2017-09-28T21:27:09","guid":{"rendered":"http:\/\/www.eldigitaldeasturias.com\/noticias\/?p=954133"},"modified":"2017-09-28T21:27:09","modified_gmt":"2017-09-28T21:27:09","slug":"andalucia-pide-defender-las-ayudas-a-la-aceituna-de-mesa","status":"publish","type":"post","link":"https:\/\/www.eldigitaldeasturias.com\/noticias\/andalucia-pide-defender-las-ayudas-a-la-aceituna-de-mesa\/","title":{"rendered":"Andaluc\u00eda pide defender las ayudas a la aceituna de mesa"},"content":{"rendered":"<p><img loading=\"lazy\" decoding=\"async\" class=\"alignleft size-medium wp-image-943779\" src=\"https:\/\/www.eldigitaldeasturias.com\/noticias\/wp-content\/uploads\/2017\/06\/olivar-360x240.jpg\" alt=\"\" width=\"360\" height=\"240\" \/>La Junta de Andaluc\u00eda reclama al Gobierno central una defensa \u00abfirme\u00bb del sistema de ayudas de la Uni\u00f3n Europea al sector agroalimentario ante la denuncia \u00aboportunista e injusta\u00bb por dumping que dos empresas de California han planteado contra la aceituna negra de Espa\u00f1a. As\u00ed lo ha confirmado en Sevilla el consejero de Agricultura, Pesca y Desarrollo Rural, Rodrigo S\u00e1nchez Haro, durante una reuni\u00f3n con el presidente de la Asociaci\u00f3n Espa\u00f1ola de Exportadores e Industriales de Aceitunas de Mesa (Asemesa), Carlos Camacho, y su secretario general, Antonio Mora.<\/p>\n<p>S\u00e1nchez Haro ha lamentado que \u00ablas autoridades americanas est\u00e1n utilizando la aceituna negra para cuestionar todo el sistema de ayudas de la Uni\u00f3n Europea\u00bb, por lo que ha solicitado al Gobierno de Espa\u00f1a que transmita a Bruselas la necesidad de denunciar este tipo de pr\u00e1cticas proteccionistas ante la Organizaci\u00f3n Mundial del Comercio (OMC). El consejero ha afirmado que de esta forma se estar\u00e1 defendiendo \u00abno s\u00f3lo a la aceituna negra de Espa\u00f1a, sino a la totalidad del sistema de ayudas dise\u00f1ado por la propia Comisi\u00f3n Europea en el marco de los acuerdos internacionales\u00bb.<\/p>\n<p>Rodrigo S\u00e1nchez ha destacado que el apoyo que realiza la Junta de Andaluc\u00eda al sector de la aceituna de mesa \u00abha sido manifiesto desde el principio y hemos realizado un intenso esfuerzo para recopilar toda la informaci\u00f3n necesaria para responder al cuestionario que han enviado las autoridades americanas\u00bb. Y ha recalcado que todas las ayudas que reciben las empresas denunciadas se circunscriben al marco europeo de la PAC, trat\u00e1ndose de subvenciones que no distorsionan el mercado seg\u00fan los acuerdos de la OMC.<\/p>\n<p>Estas entidades de Estados Unidos solicitaron en junio que se impusieran derechos antidumping y antisubvenci\u00f3n cuya aplicaci\u00f3n \u00absupondr\u00eda en la pr\u00e1ctica el cierre de este mercado para nuestras aceitunas negras\u00bb, ha lamentado Rodrigo S\u00e1nchez. Esta medida podr\u00eda prolongarse durante cinco a\u00f1os, con una p\u00e9rdida estimada de 350 millones de euros, cantidad que se duplicar\u00eda hasta alcanzar los 700 millones de euros si hubiese una pr\u00f3rroga y el cierre se extendiera durante un segundo lustro.<\/p>\n<p>Esperamos que el gran esfuerzo y la defensa \u00abhasta \u00faltima instancia\u00bb que est\u00e1 realizando el Gobierno andaluz del sector de la aceituna de mesa demuestre que las ayudas concedidas son legales, establecidas bajo el paraguas de la CE, aceptadas en el marco de la OMC y, por tanto, no influyen en la situaci\u00f3n de los operadores americanos, ha concluido S\u00e1nchez Haro.<\/p>\n","protected":false},"excerpt":{"rendered":"<p>La Junta de Andaluc\u00eda reclama al Gobierno central una defensa \u00abfirme\u00bb del sistema de ayudas de la Uni\u00f3n Europea al sector agroalimentario ante la denuncia \u00aboportunista e injusta\u00bb por dumping que dos empresas de California han planteado contra la aceituna negra de Espa\u00f1a. As\u00ed lo ha confirmado en Sevilla el consejero de Agricultura, Pesca y [&hellip;]<\/p>\n","protected":false},"author":1,"featured_media":943779,"comment_status":"closed","ping_status":"closed","sticky":false,"template":"","format":"standard","meta":{"footnotes":""},"categories":[1],"tags":[],"class_list":["post-954133","post","type-post","status-publish","format-standard","has-post-thumbnail","hentry","category-actualidad"],"aioseo_notices":[],"aioseo_head":"\n\t\t<!-- All in One SEO Pro 5.0.1 - aioseo.com -->\n\t<meta name=\"description\" content=\"La Junta de Andaluc\u00eda reclama al Gobierno central una defensa &quot;firme&quot; del sistema de ayudas de la Uni\u00f3n Europea al sector agroalimentario ante la denuncia &quot;oportunista e injusta&quot; por dumping que dos empresas de California han planteado contra la aceituna negra de Espa\u00f1a. As\u00ed lo ha confirmado en Sevilla el consejero de Agricultura, Pesca y\" \/>\n\t<meta name=\"robots\" content=\"max-image-preview:large\" \/>\n\t<meta name=\"author\" content=\"El Digital de Asturias\"\/>\n\t<meta name=\"google-site-verification\" content=\"UA-38556648-1\" \/>\n\t<meta name=\"msvalidate.01\" content=\"7dfe9f3f1b24437ab69f4f2559babe99\" \/>\n\t<meta name=\"keywords\" content=\"actualidad\" \/>\n\t<link rel=\"canonical\" href=\"https:\/\/www.eldigitaldeasturias.com\/noticias\/andalucia-pide-defender-las-ayudas-a-la-aceituna-de-mesa\/\" \/>\n\t<meta name=\"generator\" content=\"All in One SEO Pro (AIOSEO) 5.0.1\" \/>\n\t\t<meta property=\"og:locale\" content=\"es_ES\" \/>\n\t\t<meta property=\"og:site_name\" content=\"El Digital de Asturias\" \/>\n\t\t<meta property=\"og:type\" content=\"article\" \/>\n\t\t<meta property=\"og:title\" content=\"Andaluc\u00eda pide defender las ayudas a la aceituna de mesa - El Digital de Asturias\" \/>\n\t\t<meta property=\"og:description\" content=\"La Junta de Andaluc\u00eda reclama al Gobierno central una defensa &quot;firme&quot; del sistema de ayudas de la Uni\u00f3n Europea al sector agroalimentario ante la denuncia &quot;oportunista e injusta&quot; por dumping que dos empresas de California han planteado contra la aceituna negra de Espa\u00f1a. As\u00ed lo ha confirmado en Sevilla el consejero de Agricultura, Pesca y\" \/>\n\t\t<meta property=\"og:url\" content=\"https:\/\/www.eldigitaldeasturias.com\/noticias\/andalucia-pide-defender-las-ayudas-a-la-aceituna-de-mesa\/\" \/>\n\t\t<meta property=\"article:tag\" content=\"actualidad\" \/>\n\t\t<meta property=\"article:published_time\" content=\"2017-09-28T21:27:09+00:00\" \/>\n\t\t<meta property=\"article:modified_time\" content=\"2017-09-28T21:27:09+00:00\" \/>\n\t\t<meta property=\"article:publisher\" content=\"https:\/\/facebook.com\/eldigitaldeasturias\" \/>\n\t\t<meta name=\"twitter:card\" content=\"summary_large_image\" \/>\n\t\t<meta name=\"twitter:title\" content=\"Andaluc\u00eda pide defender las ayudas a la aceituna de mesa - El Digital de Asturias\" \/>\n\t\t<meta name=\"twitter:description\" content=\"La Junta de Andaluc\u00eda reclama al Gobierno central una defensa &quot;firme&quot; del sistema de ayudas de la Uni\u00f3n Europea al sector agroalimentario ante la denuncia &quot;oportunista e injusta&quot; por dumping que dos empresas de California han planteado contra la aceituna negra de Espa\u00f1a. As\u00ed lo ha confirmado en Sevilla el consejero de Agricultura, Pesca y\" \/>\n\t\t<meta name=\"twitter:image\" content=\"https:\/\/www.eldigitaldeasturias.com\/noticias\/wp-content\/uploads\/2020\/12\/EDA-1.jpg\" \/>\n\t\t<meta name=\"twitter:label1\" content=\"Escrito por\" \/>\n\t\t<meta name=\"twitter:data1\" content=\"El Digital de Asturias\" \/>\n\t\t<meta name=\"twitter:label2\" content=\"Tiempo de lectura estimado\" \/>\n\t\t<meta name=\"twitter:data2\" content=\"2 minutos\" \/>\n\t\t<script type=\"application\/ld+json\" class=\"aioseo-schema\">\n\t\t\t{\"@context\":\"https:\\\/\\\/schema.org\",\"@graph\":[{\"@type\":\"BlogPosting\",\"@id\":\"https:\\\/\\\/www.eldigitaldeasturias.com\\\/noticias\\\/andalucia-pide-defender-las-ayudas-a-la-aceituna-de-mesa\\\/#blogposting\",\"name\":\"Andaluc\\u00eda pide defender las ayudas a la aceituna de mesa - El Digital de Asturias\",\"headline\":\"Andaluc\\u00eda pide defender las ayudas a la aceituna de mesa\",\"author\":{\"@id\":\"https:\\\/\\\/www.eldigitaldeasturias.com\\\/noticias\\\/author\\\/admin\\\/#author\"},\"publisher\":{\"@id\":\"https:\\\/\\\/www.eldigitaldeasturias.com\\\/noticias\\\/#organization\"},\"image\":{\"@type\":\"ImageObject\",\"url\":943779},\"datePublished\":\"2017-09-28T21:27:09+02:00\",\"dateModified\":\"2017-09-28T21:27:09+02:00\",\"inLanguage\":\"es-ES\",\"mainEntityOfPage\":{\"@id\":\"https:\\\/\\\/www.eldigitaldeasturias.com\\\/noticias\\\/andalucia-pide-defender-las-ayudas-a-la-aceituna-de-mesa\\\/#webpage\"},\"isPartOf\":{\"@id\":\"https:\\\/\\\/www.eldigitaldeasturias.com\\\/noticias\\\/andalucia-pide-defender-las-ayudas-a-la-aceituna-de-mesa\\\/#webpage\"},\"articleSection\":\"Actualidad\"},{\"@type\":\"BreadcrumbList\",\"@id\":\"https:\\\/\\\/www.eldigitaldeasturias.com\\\/noticias\\\/andalucia-pide-defender-las-ayudas-a-la-aceituna-de-mesa\\\/#breadcrumblist\",\"itemListElement\":[{\"@type\":\"ListItem\",\"@id\":\"https:\\\/\\\/www.eldigitaldeasturias.com\\\/noticias#listItem\",\"position\":1,\"name\":\"Home\",\"item\":\"https:\\\/\\\/www.eldigitaldeasturias.com\\\/noticias\",\"nextItem\":{\"@type\":\"ListItem\",\"@id\":\"https:\\\/\\\/www.eldigitaldeasturias.com\\\/noticias\\\/category\\\/actualidad\\\/#listItem\",\"name\":\"Actualidad\"}},{\"@type\":\"ListItem\",\"@id\":\"https:\\\/\\\/www.eldigitaldeasturias.com\\\/noticias\\\/category\\\/actualidad\\\/#listItem\",\"position\":2,\"name\":\"Actualidad\",\"item\":\"https:\\\/\\\/www.eldigitaldeasturias.com\\\/noticias\\\/category\\\/actualidad\\\/\",\"nextItem\":{\"@type\":\"ListItem\",\"@id\":\"https:\\\/\\\/www.eldigitaldeasturias.com\\\/noticias\\\/andalucia-pide-defender-las-ayudas-a-la-aceituna-de-mesa\\\/#listItem\",\"name\":\"Andaluc\\u00eda pide defender las ayudas a la aceituna de mesa\"},\"previousItem\":{\"@type\":\"ListItem\",\"@id\":\"https:\\\/\\\/www.eldigitaldeasturias.com\\\/noticias#listItem\",\"name\":\"Home\"}},{\"@type\":\"ListItem\",\"@id\":\"https:\\\/\\\/www.eldigitaldeasturias.com\\\/noticias\\\/andalucia-pide-defender-las-ayudas-a-la-aceituna-de-mesa\\\/#listItem\",\"position\":3,\"name\":\"Andaluc\\u00eda pide defender las ayudas a la aceituna de mesa\",\"previousItem\":{\"@type\":\"ListItem\",\"@id\":\"https:\\\/\\\/www.eldigitaldeasturias.com\\\/noticias\\\/category\\\/actualidad\\\/#listItem\",\"name\":\"Actualidad\"}}]},{\"@type\":\"Organization\",\"@id\":\"https:\\\/\\\/www.eldigitaldeasturias.com\\\/noticias\\\/#organization\",\"name\":\"El Digital de Asturias\",\"description\":\"Hemeroteca\",\"url\":\"https:\\\/\\\/www.eldigitaldeasturias.com\\\/noticias\\\/\",\"email\":\"info@eldigitaldeasturias.com\",\"telephone\":\"+34652131393\",\"logo\":{\"@type\":\"ImageObject\",\"url\":\"https:\\\/\\\/www.eldigitaldeasturias.com\\\/noticias\\\/wp-content\\\/uploads\\\/2020\\\/12\\\/EDA.jpg\",\"@id\":\"https:\\\/\\\/www.eldigitaldeasturias.com\\\/noticias\\\/andalucia-pide-defender-las-ayudas-a-la-aceituna-de-mesa\\\/#organizationLogo\"},\"image\":{\"@id\":\"https:\\\/\\\/www.eldigitaldeasturias.com\\\/noticias\\\/andalucia-pide-defender-las-ayudas-a-la-aceituna-de-mesa\\\/#organizationLogo\"},\"sameAs\":[\"https:\\\/\\\/facebook.com\\\/eldigitaldeasturias\",\"https:\\\/\\\/www.youtube.com\\\/channel\\\/UCZP-2wLEB9Rv6erhFmqVnvg\"],\"address\":{\"@id\":\"https:\\\/\\\/www.eldigitaldeasturias.com\\\/noticias\\\/#postaladdress\",\"@type\":\"PostalAddress\",\"streetAddress\":\"san antonio 4\",\"postalCode\":\"33430\",\"addressLocality\":\"Cand\\u00e1s\",\"addressRegion\":\"Asturias\",\"addressCountry\":\"ES\"}},{\"@type\":\"Person\",\"@id\":\"https:\\\/\\\/www.eldigitaldeasturias.com\\\/noticias\\\/author\\\/admin\\\/#author\",\"url\":\"https:\\\/\\\/www.eldigitaldeasturias.com\\\/noticias\\\/author\\\/admin\\\/\",\"name\":\"El Digital de Asturias\",\"image\":{\"@type\":\"ImageObject\",\"@id\":\"https:\\\/\\\/www.eldigitaldeasturias.com\\\/noticias\\\/andalucia-pide-defender-las-ayudas-a-la-aceituna-de-mesa\\\/#authorImage\",\"url\":\"https:\\\/\\\/secure.gravatar.com\\\/avatar\\\/df2aeffc32bcd13f8d26072ef8a91b623d677766deac7f97ca815868cd41bf5e?s=96&d=mm&r=g\",\"width\":96,\"height\":96,\"caption\":\"El Digital de Asturias\"}},{\"@type\":\"WebPage\",\"@id\":\"https:\\\/\\\/www.eldigitaldeasturias.com\\\/noticias\\\/andalucia-pide-defender-las-ayudas-a-la-aceituna-de-mesa\\\/#webpage\",\"url\":\"https:\\\/\\\/www.eldigitaldeasturias.com\\\/noticias\\\/andalucia-pide-defender-las-ayudas-a-la-aceituna-de-mesa\\\/\",\"name\":\"Andaluc\\u00eda pide defender las ayudas a la aceituna de mesa - El Digital de Asturias\",\"description\":\"La Junta de Andaluc\\u00eda reclama al Gobierno central una defensa \\\"firme\\\" del sistema de ayudas de la Uni\\u00f3n Europea al sector agroalimentario ante la denuncia \\\"oportunista e injusta\\\" por dumping que dos empresas de California han planteado contra la aceituna negra de Espa\\u00f1a. As\\u00ed lo ha confirmado en Sevilla el consejero de Agricultura, Pesca y\",\"inLanguage\":\"es-ES\",\"isPartOf\":{\"@id\":\"https:\\\/\\\/www.eldigitaldeasturias.com\\\/noticias\\\/#website\"},\"breadcrumb\":{\"@id\":\"https:\\\/\\\/www.eldigitaldeasturias.com\\\/noticias\\\/andalucia-pide-defender-las-ayudas-a-la-aceituna-de-mesa\\\/#breadcrumblist\"},\"author\":{\"@id\":\"https:\\\/\\\/www.eldigitaldeasturias.com\\\/noticias\\\/author\\\/admin\\\/#author\"},\"creator\":{\"@id\":\"https:\\\/\\\/www.eldigitaldeasturias.com\\\/noticias\\\/author\\\/admin\\\/#author\"},\"image\":{\"@type\":\"ImageObject\",\"url\":943779,\"@id\":\"https:\\\/\\\/www.eldigitaldeasturias.com\\\/noticias\\\/andalucia-pide-defender-las-ayudas-a-la-aceituna-de-mesa\\\/#mainImage\"},\"primaryImageOfPage\":{\"@id\":\"https:\\\/\\\/www.eldigitaldeasturias.com\\\/noticias\\\/andalucia-pide-defender-las-ayudas-a-la-aceituna-de-mesa\\\/#mainImage\"},\"datePublished\":\"2017-09-28T21:27:09+02:00\",\"dateModified\":\"2017-09-28T21:27:09+02:00\"},{\"@type\":\"WebSite\",\"@id\":\"https:\\\/\\\/www.eldigitaldeasturias.com\\\/noticias\\\/#website\",\"url\":\"https:\\\/\\\/www.eldigitaldeasturias.com\\\/noticias\\\/\",\"name\":\"El Digital de Asturias - Diario de actualidad y noticias\",\"alternateName\":\"El Digital de Asturias - Diario de actualidad y noticias\",\"description\":\"Hemeroteca\",\"inLanguage\":\"es-ES\",\"publisher\":{\"@id\":\"https:\\\/\\\/www.eldigitaldeasturias.com\\\/noticias\\\/#organization\"}}]}\n\t\t<\/script>\n\t\t<!-- All in One SEO Pro -->\r\n\t\t<title>Andaluc\u00eda pide defender las ayudas a la aceituna de mesa - El Digital de Asturias<\/title>\n\n","aioseo_head_json":{"title":"Andaluc\u00eda pide defender las ayudas a la aceituna de mesa - El Digital de Asturias","description":"La Junta de Andaluc\u00eda reclama al Gobierno central una defensa \"firme\" del sistema de ayudas de la Uni\u00f3n Europea al sector agroalimentario ante la denuncia \"oportunista e injusta\" por dumping que dos empresas de California han planteado contra la aceituna negra de Espa\u00f1a. As\u00ed lo ha confirmado en Sevilla el consejero de Agricultura, Pesca y","canonical_url":"https:\/\/www.eldigitaldeasturias.com\/noticias\/andalucia-pide-defender-las-ayudas-a-la-aceituna-de-mesa\/","robots":"max-image-preview:large","keywords":"actualidad","webmasterTools":{"google-site-verification":"UA-38556648-1","msvalidate.01":"7dfe9f3f1b24437ab69f4f2559babe99","miscellaneous":""},"schema":{"@context":"https:\/\/schema.org","@graph":[{"@type":"BlogPosting","@id":"https:\/\/www.eldigitaldeasturias.com\/noticias\/andalucia-pide-defender-las-ayudas-a-la-aceituna-de-mesa\/#blogposting","name":"Andaluc\u00eda pide defender las ayudas a la aceituna de mesa - El Digital de Asturias","headline":"Andaluc\u00eda pide defender las ayudas a la aceituna de mesa","author":{"@id":"https:\/\/www.eldigitaldeasturias.com\/noticias\/author\/admin\/#author"},"publisher":{"@id":"https:\/\/www.eldigitaldeasturias.com\/noticias\/#organization"},"image":{"@type":"ImageObject","url":943779},"datePublished":"2017-09-28T21:27:09+02:00","dateModified":"2017-09-28T21:27:09+02:00","inLanguage":"es-ES","mainEntityOfPage":{"@id":"https:\/\/www.eldigitaldeasturias.com\/noticias\/andalucia-pide-defender-las-ayudas-a-la-aceituna-de-mesa\/#webpage"},"isPartOf":{"@id":"https:\/\/www.eldigitaldeasturias.com\/noticias\/andalucia-pide-defender-las-ayudas-a-la-aceituna-de-mesa\/#webpage"},"articleSection":"Actualidad"},{"@type":"BreadcrumbList","@id":"https:\/\/www.eldigitaldeasturias.com\/noticias\/andalucia-pide-defender-las-ayudas-a-la-aceituna-de-mesa\/#breadcrumblist","itemListElement":[{"@type":"ListItem","@id":"https:\/\/www.eldigitaldeasturias.com\/noticias#listItem","position":1,"name":"Home","item":"https:\/\/www.eldigitaldeasturias.com\/noticias","nextItem":{"@type":"ListItem","@id":"https:\/\/www.eldigitaldeasturias.com\/noticias\/category\/actualidad\/#listItem","name":"Actualidad"}},{"@type":"ListItem","@id":"https:\/\/www.eldigitaldeasturias.com\/noticias\/category\/actualidad\/#listItem","position":2,"name":"Actualidad","item":"https:\/\/www.eldigitaldeasturias.com\/noticias\/category\/actualidad\/","nextItem":{"@type":"ListItem","@id":"https:\/\/www.eldigitaldeasturias.com\/noticias\/andalucia-pide-defender-las-ayudas-a-la-aceituna-de-mesa\/#listItem","name":"Andaluc\u00eda pide defender las ayudas a la aceituna de mesa"},"previousItem":{"@type":"ListItem","@id":"https:\/\/www.eldigitaldeasturias.com\/noticias#listItem","name":"Home"}},{"@type":"ListItem","@id":"https:\/\/www.eldigitaldeasturias.com\/noticias\/andalucia-pide-defender-las-ayudas-a-la-aceituna-de-mesa\/#listItem","position":3,"name":"Andaluc\u00eda pide defender las ayudas a la aceituna de mesa","previousItem":{"@type":"ListItem","@id":"https:\/\/www.eldigitaldeasturias.com\/noticias\/category\/actualidad\/#listItem","name":"Actualidad"}}]},{"@type":"Organization","@id":"https:\/\/www.eldigitaldeasturias.com\/noticias\/#organization","name":"El Digital de Asturias","description":"Hemeroteca","url":"https:\/\/www.eldigitaldeasturias.com\/noticias\/","email":"info@eldigitaldeasturias.com","telephone":"+34652131393","logo":{"@type":"ImageObject","url":"https:\/\/www.eldigitaldeasturias.com\/noticias\/wp-content\/uploads\/2020\/12\/EDA.jpg","@id":"https:\/\/www.eldigitaldeasturias.com\/noticias\/andalucia-pide-defender-las-ayudas-a-la-aceituna-de-mesa\/#organizationLogo"},"image":{"@id":"https:\/\/www.eldigitaldeasturias.com\/noticias\/andalucia-pide-defender-las-ayudas-a-la-aceituna-de-mesa\/#organizationLogo"},"sameAs":["https:\/\/facebook.com\/eldigitaldeasturias","https:\/\/www.youtube.com\/channel\/UCZP-2wLEB9Rv6erhFmqVnvg"],"address":{"@id":"https:\/\/www.eldigitaldeasturias.com\/noticias\/#postaladdress","@type":"PostalAddress","streetAddress":"san antonio 4","postalCode":"33430","addressLocality":"Cand\u00e1s","addressRegion":"Asturias","addressCountry":"ES"}},{"@type":"Person","@id":"https:\/\/www.eldigitaldeasturias.com\/noticias\/author\/admin\/#author","url":"https:\/\/www.eldigitaldeasturias.com\/noticias\/author\/admin\/","name":"El Digital de Asturias","image":{"@type":"ImageObject","@id":"https:\/\/www.eldigitaldeasturias.com\/noticias\/andalucia-pide-defender-las-ayudas-a-la-aceituna-de-mesa\/#authorImage","url":"https:\/\/secure.gravatar.com\/avatar\/df2aeffc32bcd13f8d26072ef8a91b623d677766deac7f97ca815868cd41bf5e?s=96&d=mm&r=g","width":96,"height":96,"caption":"El Digital de Asturias"}},{"@type":"WebPage","@id":"https:\/\/www.eldigitaldeasturias.com\/noticias\/andalucia-pide-defender-las-ayudas-a-la-aceituna-de-mesa\/#webpage","url":"https:\/\/www.eldigitaldeasturias.com\/noticias\/andalucia-pide-defender-las-ayudas-a-la-aceituna-de-mesa\/","name":"Andaluc\u00eda pide defender las ayudas a la aceituna de mesa - El Digital de Asturias","description":"La Junta de Andaluc\u00eda reclama al Gobierno central una defensa \"firme\" del sistema de ayudas de la Uni\u00f3n Europea al sector agroalimentario ante la denuncia \"oportunista e injusta\" por dumping que dos empresas de California han planteado contra la aceituna negra de Espa\u00f1a. As\u00ed lo ha confirmado en Sevilla el consejero de Agricultura, Pesca y","inLanguage":"es-ES","isPartOf":{"@id":"https:\/\/www.eldigitaldeasturias.com\/noticias\/#website"},"breadcrumb":{"@id":"https:\/\/www.eldigitaldeasturias.com\/noticias\/andalucia-pide-defender-las-ayudas-a-la-aceituna-de-mesa\/#breadcrumblist"},"author":{"@id":"https:\/\/www.eldigitaldeasturias.com\/noticias\/author\/admin\/#author"},"creator":{"@id":"https:\/\/www.eldigitaldeasturias.com\/noticias\/author\/admin\/#author"},"image":{"@type":"ImageObject","url":943779,"@id":"https:\/\/www.eldigitaldeasturias.com\/noticias\/andalucia-pide-defender-las-ayudas-a-la-aceituna-de-mesa\/#mainImage"},"primaryImageOfPage":{"@id":"https:\/\/www.eldigitaldeasturias.com\/noticias\/andalucia-pide-defender-las-ayudas-a-la-aceituna-de-mesa\/#mainImage"},"datePublished":"2017-09-28T21:27:09+02:00","dateModified":"2017-09-28T21:27:09+02:00"},{"@type":"WebSite","@id":"https:\/\/www.eldigitaldeasturias.com\/noticias\/#website","url":"https:\/\/www.eldigitaldeasturias.com\/noticias\/","name":"El Digital de Asturias - Diario de actualidad y noticias","alternateName":"El Digital de Asturias - Diario de actualidad y noticias","description":"Hemeroteca","inLanguage":"es-ES","publisher":{"@id":"https:\/\/www.eldigitaldeasturias.com\/noticias\/#organization"}}]},"og:locale":"es_ES","og:site_name":"El Digital de Asturias","og:type":"article","og:title":"Andaluc\u00eda pide defender las ayudas a la aceituna de mesa - El Digital de Asturias","og:description":"La Junta de Andaluc\u00eda reclama al Gobierno central una defensa &quot;firme&quot; del sistema de ayudas de la Uni\u00f3n Europea al sector agroalimentario ante la denuncia &quot;oportunista e injusta&quot; por dumping que dos empresas de California han planteado contra la aceituna negra de Espa\u00f1a. As\u00ed lo ha confirmado en Sevilla el consejero de Agricultura, Pesca y","og:url":"https:\/\/www.eldigitaldeasturias.com\/noticias\/andalucia-pide-defender-las-ayudas-a-la-aceituna-de-mesa\/","article:tag":["actualidad"],"article:published_time":"2017-09-28T21:27:09+00:00","article:modified_time":"2017-09-28T21:27:09+00:00","article:publisher":"https:\/\/facebook.com\/eldigitaldeasturias","twitter:card":"summary_large_image","twitter:title":"Andaluc\u00eda pide defender las ayudas a la aceituna de mesa - El Digital de Asturias","twitter:description":"La Junta de Andaluc\u00eda reclama al Gobierno central una defensa &quot;firme&quot; del sistema de ayudas de la Uni\u00f3n Europea al sector agroalimentario ante la denuncia &quot;oportunista e injusta&quot; por dumping que dos empresas de California han planteado contra la aceituna negra de Espa\u00f1a. As\u00ed lo ha confirmado en Sevilla el consejero de Agricultura, Pesca y","twitter:image":"https:\/\/www.eldigitaldeasturias.com\/noticias\/wp-content\/uploads\/2020\/12\/EDA-1.jpg","twitter:label1":"Escrito por","twitter:data1":"El Digital de Asturias","twitter:label2":"Tiempo de lectura estimado","twitter:data2":"2 minutos"},"aioseo_meta_data":{"post_id":"954133","title":null,"description":null,"keywords":null,"keyphrases":null,"primary_term":null,"canonical_url":null,"og_title":null,"og_description":null,"og_object_type":"default","og_image_type":"default","og_image_url":null,"og_image_width":null,"og_image_height":null,"og_image_custom_url":null,"og_image_custom_fields":null,"og_video":null,"og_custom_url":null,"og_article_section":null,"og_article_tags":null,"twitter_use_og":false,"twitter_card":"default","twitter_image_type":"default","twitter_image_url":null,"twitter_image_custom_url":null,"twitter_image_custom_fields":null,"twitter_title":null,"twitter_description":null,"schema":{"blockGraphs":[],"customGraphs":[],"default":{"data":{"Article":[],"Course":[],"Dataset":[],"FAQPage":[],"Movie":[],"Person":[],"Product":[],"ProductReview":[],"Car":[],"Recipe":[],"Service":[],"SoftwareApplication":[],"WebPage":[]},"graphName":"","isEnabled":true},"graphs":[],"defaultGraph":"","defaultPostTypeGraph":""},"schema_type":null,"schema_type_options":null,"pillar_content":false,"robots_default":true,"robots_noindex":false,"robots_noarchive":false,"robots_nosnippet":false,"robots_nofollow":false,"robots_noimageindex":false,"robots_noodp":false,"robots_notranslate":false,"robots_max_snippet":null,"robots_max_videopreview":null,"robots_max_imagepreview":"large","priority":null,"frequency":null,"local_seo":null,"seo_analyzer_scan_date":"2025-12-06 05:10:13","breadcrumb_settings":null,"limit_modified_date":false,"open_ai":null,"ai":null,"created":"2020-12-21 12:56:55","updated":"2025-12-06 05:10:13","focus_keyword":null,"additional_keywords":null,"truseo_locale":null},"aioseo_breadcrumb":"<div class=\"aioseo-breadcrumbs\"><span class=\"aioseo-breadcrumb\">\n\t<a href=\"https:\/\/www.eldigitaldeasturias.com\/noticias\" title=\"Home\">Home<\/a>\n<\/span><span class=\"aioseo-breadcrumb-separator\">\u2013<\/span><span class=\"aioseo-breadcrumb\">\n\t<a href=\"https:\/\/www.eldigitaldeasturias.com\/noticias\/category\/actualidad\/\" title=\"Actualidad\">Actualidad<\/a>\n<\/span><span class=\"aioseo-breadcrumb-separator\">\u2013<\/span><span class=\"aioseo-breadcrumb\">\n\t<a href=\"https:\/\/www.eldigitaldeasturias.com\/noticias\/andalucia-pide-defender-las-ayudas-a-la-aceituna-de-mesa\/\" title=\"Andaluc\u00eda pide defender las ayudas a la aceituna de mesa\">Andaluc\u00eda pide defender las ayudas a la aceituna de mesa<\/a>\n<\/span><\/div>","aioseo_breadcrumb_json":[{"label":"Home","link":"https:\/\/www.eldigitaldeasturias.com\/noticias"},{"label":"Actualidad","link":"https:\/\/www.eldigitaldeasturias.com\/noticias\/category\/actualidad\/"},{"label":"Andaluc\u00eda pide defender las ayudas a la aceituna de mesa","link":"https:\/\/www.eldigitaldeasturias.com\/noticias\/andalucia-pide-defender-las-ayudas-a-la-aceituna-de-mesa\/"}],"_links":{"self":[{"href":"https:\/\/www.eldigitaldeasturias.com\/noticias\/wp-json\/wp\/v2\/posts\/954133","targetHints":{"allow":["GET"]}}],"collection":[{"href":"https:\/\/www.eldigitaldeasturias.com\/noticias\/wp-json\/wp\/v2\/posts"}],"about":[{"href":"https:\/\/www.eldigitaldeasturias.com\/noticias\/wp-json\/wp\/v2\/types\/post"}],"author":[{"embeddable":true,"href":"https:\/\/www.eldigitaldeasturias.com\/noticias\/wp-json\/wp\/v2\/users\/1"}],"replies":[{"embeddable":true,"href":"https:\/\/www.eldigitaldeasturias.com\/noticias\/wp-json\/wp\/v2\/comments?post=954133"}],"version-history":[{"count":0,"href":"https:\/\/www.eldigitaldeasturias.com\/noticias\/wp-json\/wp\/v2\/posts\/954133\/revisions"}],"wp:attachment":[{"href":"https:\/\/www.eldigitaldeasturias.com\/noticias\/wp-json\/wp\/v2\/media?parent=954133"}],"wp:term":[{"taxonomy":"category","embeddable":true,"href":"https:\/\/www.eldigitaldeasturias.com\/noticias\/wp-json\/wp\/v2\/categories?post=954133"},{"taxonomy":"post_tag","embeddable":true,"href":"https:\/\/www.eldigitaldeasturias.com\/noticias\/wp-json\/wp\/v2\/tags?post=954133"}],"curies":[{"name":"wp","href":"https:\/\/api.w.org\/{rel}","templated":true}]}}