{"id":954130,"date":"2017-09-28T21:21:29","date_gmt":"2017-09-28T21:21:29","guid":{"rendered":"http:\/\/www.eldigitaldeasturias.com\/noticias\/?p=954130"},"modified":"2017-09-28T21:21:29","modified_gmt":"2017-09-28T21:21:29","slug":"el-metro-de-granada-registra-175-000-viajeros-en-su-primera-semana","status":"publish","type":"post","link":"https:\/\/www.eldigitaldeasturias.com\/noticias\/el-metro-de-granada-registra-175-000-viajeros-en-su-primera-semana\/","title":{"rendered":"El Metro de Granada registra 175.000 viajeros en su primera semana"},"content":{"rendered":"<p><img loading=\"lazy\" decoding=\"async\" class=\"alignleft size-medium wp-image-954131\" src=\"https:\/\/www.eldigitaldeasturias.com\/noticias\/wp-content\/uploads\/2017\/09\/1506614362879-360x240.jpg\" alt=\"\" width=\"360\" height=\"240\" \/>El Metropolitano de Granada ha transportado en su primera semana desde la puesta en servicio comercial, el jueves 21 de septiembre, un total de 174.359 usuarios. Este dato de validaciones acumulado hasta el cierre del servicio el mi\u00e9rcoles 27 de septiembre a las 23.00 horas, equivale a un promedio diario de casi 25.000 pasajeros al d\u00eda, seg\u00fan ha destacado en el Parlamento andaluz el consejero de Fomento y Vivienda, Felipe L\u00f3pez.<\/p>\n<p>El consejero ha valorado este balance que refleja \u00abel \u00e9xito, la satisfacci\u00f3n y la gran acogida de la ciudadan\u00eda a este nuevo modo de transporte que va a suponer una revoluci\u00f3n en la movilidad y en la transformaci\u00f3n de Granada y su \u00e1rea metropolitana\u00bb. Esta primera semana en servicio del Metropolitano de Granada ha transcurrido con absoluta normalidad, sin incidencias rese\u00f1ables y con un alto grado de fiabilidad en t\u00e9rminos de tiempos de viaje y frecuencia de paso.<\/p>\n<p>En su intervenci\u00f3n, L\u00f3pez ha criticado \u00abla postura del PP que adem\u00e1s de no reconocer el \u00e9xito del metro quiere adem\u00e1s enturbiar su incuestionable gran acogida con mentiras infundadas como las referidas a los seguros con los que cuenta este modo de transporte a trav\u00e9s de las p\u00f3lizas vigentes de la Agencia de Obras P\u00fablica de Andaluc\u00eda, como responsable de la gesti\u00f3n, y Avanza como operadora del servicio, as\u00ed como las que disponen todas las empresas de mantenimiento\u00bb.<\/p>\n<p>\u00abEl PP no asume el \u00e9xito del metro como tampoco lo hizo con el AVE en su momento, al que se sumaron 25 a\u00f1os despu\u00e9s, espero que no tarden otros 25 a\u00f1os en reconocer el valor de esta infraestructura y dejen de empe\u00f1arse en su fracaso augurando que dentro de dos a\u00f1os cerrar\u00e1, algo que no va a ocurrir porque es la Junta la responsable de su gesti\u00f3n\u00bb, ha precisado, adem\u00e1s de instar a este partido a trabajar para llevar el AVE a Granada y acabar con el intolerable aislamiento ferroviario que dura ya m\u00e1s de 900 d\u00edas.<\/p>\n<p>El metropolitano ha respondido bien en todo momento en esta primera semana, absorbiendo la fuerte demanda en horas punta, como pudo ser la asistencia al f\u00fatbol el pasado s\u00e1bado o los desplazamientos originados por la multitudinaria procesi\u00f3n de la patrona de la ciudad, que tuvo lugar el domingo, y que motiv\u00f3 que se ampliara en una hora el servicio habitual para facilitar el movimiento de los granadinos.<\/p>\n<p>Esta primera semana de explotaci\u00f3n comercial del metro ha transcurrido con normalidad y el primer d\u00eda de apertura el servicio p\u00fablico se inici\u00f3 de forma excepcional las 12.00 horas en lugar de las 06.30 horas de la ma\u00f1ana, es decir, prest\u00e1ndose cinco horas y media menos de servicio. Igualmente, durante el primeros cuatro d\u00edas, coincidentes con el final de la semana, la expectaci\u00f3n creada entre la ciudadan\u00eda origin\u00f3 aglomeraciones de usuarios en paradas y estaciones, sobre todo el s\u00e1bado y el domingo, y trenes que rozaban una ocupaci\u00f3n del 100%.<\/p>\n<p>Ante tales circunstancias, y para garantizar la fluidez en el tr\u00e1nsito de los usuarios, el operativo del metro fue flexible con el acceso a los trenes, y las labores de inspecci\u00f3n de la validaci\u00f3n de t\u00edtulos de viaje por parte de interventores se aplaz\u00f3 hasta este lunes, una vez recuperada la normalidad. De ah\u00ed, que estos datos de viajeros validados no reflejen la dimensi\u00f3n total del tr\u00e1fico real de pasajeros en el ferrocarril metropolitanos, sobre todo en los primeros cuatro d\u00edas de servicio, en el que volumen fue significativamente superior, de acuerdo a los datos de ocupaci\u00f3n media de los trenes.<\/p>\n<p>En este sentido, con el comienzo de la semana y ya con la rutina habitual, la cifra de viajeros registrados ha sido muy similar en cada una de estas jornadas, con 22.087 usuarios el pasado lunes; el martes 22.042 viajeros y el mi\u00e9rcoles con 22.863 pasajeros. Esta cifra de viajeros arrojada desde el lunes, que responden ya a un perfil de usuario que recurre al metro para sus desplazamientos cotidianos, no recoge a\u00fan todo el potencial y expectativa de uso de las paradas ubicadas en los dos campus de la Universidad de Granada, que a partir de octubre se ir\u00e1 consolidando. El metro ligero dispone de paradas en los campus de Fuentenueva y del PTS (Parque Tecnol\u00f3gico de la Salud).<\/p>\n<p>Los d\u00edas que se registraron m\u00e1s viajeros fueron el s\u00e1bado 23 y domingo 24, coincidiendo con eventos especiales, como el partido de f\u00fatbol disputado del Granada CF y el C\u00f3rdoba CF el s\u00e1bado, o la procesi\u00f3n de la Virgen de la Angustias celebrada el domingo. De hecho, el metro ligero registr\u00f3 35.015 viajeros validados el pasado s\u00e1bado y el domingo fueron un total de 31.940 pasajeros. Las estaciones y paradas con mayor demanda han sido, por este orden, Recogidas, La Caleta, M\u00e9ndez N\u00fa\u00f1ez, Sierra Nevada, as\u00ed como las paradas inicio y t\u00e9rmino de Albolote y Armilla, y la de Estaci\u00f3n de Autobuses.<\/p>\n<p>Finalmente, L\u00f3pez ha comentado que Granada y su aglomeraci\u00f3n urbana se han unido, desde el pasado 21 de septiembre, d\u00eda de la apertura del ferrocarril metropolitano, \u00aba la exclusiva red de ciudades europeas que disponen de metros ligeros, y que son un referente en t\u00e9rminos de movilidad para el conjunto de las grandes capitales y metr\u00f3polis del mundo\u00bb.<\/p>\n","protected":false},"excerpt":{"rendered":"<p>El Metropolitano de Granada ha transportado en su primera semana desde la puesta en servicio comercial, el jueves 21 de septiembre, un total de 174.359 usuarios. Este dato de validaciones acumulado hasta el cierre del servicio el mi\u00e9rcoles 27 de septiembre a las 23.00 horas, equivale a un promedio diario de casi 25.000 pasajeros al [&hellip;]<\/p>\n","protected":false},"author":1,"featured_media":954131,"comment_status":"closed","ping_status":"closed","sticky":false,"template":"","format":"standard","meta":{"footnotes":""},"categories":[1],"tags":[],"class_list":["post-954130","post","type-post","status-publish","format-standard","has-post-thumbnail","hentry","category-actualidad"],"aioseo_notices":[],"aioseo_head":"\n\t\t<!-- All in One SEO Pro 5.0.1 - aioseo.com -->\n\t<meta name=\"description\" content=\"El Metropolitano de Granada ha transportado en su primera semana desde la puesta en servicio comercial, el jueves 21 de septiembre, un total de 174.359 usuarios. Este dato de validaciones acumulado hasta el cierre del servicio el mi\u00e9rcoles 27 de septiembre a las 23.00 horas, equivale a un promedio diario de casi 25.000 pasajeros al\" \/>\n\t<meta name=\"robots\" content=\"max-image-preview:large\" \/>\n\t<meta name=\"author\" content=\"El Digital de Asturias\"\/>\n\t<meta name=\"google-site-verification\" content=\"UA-38556648-1\" \/>\n\t<meta name=\"msvalidate.01\" content=\"7dfe9f3f1b24437ab69f4f2559babe99\" \/>\n\t<meta name=\"keywords\" content=\"actualidad\" \/>\n\t<link rel=\"canonical\" href=\"https:\/\/www.eldigitaldeasturias.com\/noticias\/el-metro-de-granada-registra-175-000-viajeros-en-su-primera-semana\/\" \/>\n\t<meta name=\"generator\" content=\"All in One SEO Pro (AIOSEO) 5.0.1\" \/>\n\t\t<meta property=\"og:locale\" content=\"es_ES\" \/>\n\t\t<meta property=\"og:site_name\" content=\"El Digital de Asturias\" \/>\n\t\t<meta property=\"og:type\" content=\"article\" \/>\n\t\t<meta property=\"og:title\" content=\"El Metro de Granada registra 175.000 viajeros en su primera semana - El Digital de Asturias\" \/>\n\t\t<meta property=\"og:description\" content=\"El Metropolitano de Granada ha transportado en su primera semana desde la puesta en servicio comercial, el jueves 21 de septiembre, un total de 174.359 usuarios. Este dato de validaciones acumulado hasta el cierre del servicio el mi\u00e9rcoles 27 de septiembre a las 23.00 horas, equivale a un promedio diario de casi 25.000 pasajeros al\" \/>\n\t\t<meta property=\"og:url\" content=\"https:\/\/www.eldigitaldeasturias.com\/noticias\/el-metro-de-granada-registra-175-000-viajeros-en-su-primera-semana\/\" \/>\n\t\t<meta property=\"article:tag\" content=\"actualidad\" \/>\n\t\t<meta property=\"article:published_time\" content=\"2017-09-28T21:21:29+00:00\" \/>\n\t\t<meta property=\"article:modified_time\" content=\"2017-09-28T21:21:29+00:00\" \/>\n\t\t<meta property=\"article:publisher\" content=\"https:\/\/facebook.com\/eldigitaldeasturias\" \/>\n\t\t<meta name=\"twitter:card\" content=\"summary_large_image\" \/>\n\t\t<meta name=\"twitter:title\" content=\"El Metro de Granada registra 175.000 viajeros en su primera semana - El Digital de Asturias\" \/>\n\t\t<meta name=\"twitter:description\" content=\"El Metropolitano de Granada ha transportado en su primera semana desde la puesta en servicio comercial, el jueves 21 de septiembre, un total de 174.359 usuarios. Este dato de validaciones acumulado hasta el cierre del servicio el mi\u00e9rcoles 27 de septiembre a las 23.00 horas, equivale a un promedio diario de casi 25.000 pasajeros al\" \/>\n\t\t<meta name=\"twitter:image\" content=\"https:\/\/www.eldigitaldeasturias.com\/noticias\/wp-content\/uploads\/2020\/12\/EDA-1.jpg\" \/>\n\t\t<meta name=\"twitter:label1\" content=\"Escrito por\" \/>\n\t\t<meta name=\"twitter:data1\" content=\"El Digital de Asturias\" \/>\n\t\t<meta name=\"twitter:label2\" content=\"Tiempo de lectura estimado\" \/>\n\t\t<meta name=\"twitter:data2\" content=\"5 minutos\" \/>\n\t\t<script type=\"application\/ld+json\" class=\"aioseo-schema\">\n\t\t\t{\"@context\":\"https:\\\/\\\/schema.org\",\"@graph\":[{\"@type\":\"BlogPosting\",\"@id\":\"https:\\\/\\\/www.eldigitaldeasturias.com\\\/noticias\\\/el-metro-de-granada-registra-175-000-viajeros-en-su-primera-semana\\\/#blogposting\",\"name\":\"El Metro de Granada registra 175.000 viajeros en su primera semana - El Digital de Asturias\",\"headline\":\"El Metro de Granada registra 175.000 viajeros en su primera semana\",\"author\":{\"@id\":\"https:\\\/\\\/www.eldigitaldeasturias.com\\\/noticias\\\/author\\\/admin\\\/#author\"},\"publisher\":{\"@id\":\"https:\\\/\\\/www.eldigitaldeasturias.com\\\/noticias\\\/#organization\"},\"image\":{\"@type\":\"ImageObject\",\"url\":954131},\"datePublished\":\"2017-09-28T21:21:29+02:00\",\"dateModified\":\"2017-09-28T21:21:29+02:00\",\"inLanguage\":\"es-ES\",\"mainEntityOfPage\":{\"@id\":\"https:\\\/\\\/www.eldigitaldeasturias.com\\\/noticias\\\/el-metro-de-granada-registra-175-000-viajeros-en-su-primera-semana\\\/#webpage\"},\"isPartOf\":{\"@id\":\"https:\\\/\\\/www.eldigitaldeasturias.com\\\/noticias\\\/el-metro-de-granada-registra-175-000-viajeros-en-su-primera-semana\\\/#webpage\"},\"articleSection\":\"Actualidad\"},{\"@type\":\"BreadcrumbList\",\"@id\":\"https:\\\/\\\/www.eldigitaldeasturias.com\\\/noticias\\\/el-metro-de-granada-registra-175-000-viajeros-en-su-primera-semana\\\/#breadcrumblist\",\"itemListElement\":[{\"@type\":\"ListItem\",\"@id\":\"https:\\\/\\\/www.eldigitaldeasturias.com\\\/noticias#listItem\",\"position\":1,\"name\":\"Home\",\"item\":\"https:\\\/\\\/www.eldigitaldeasturias.com\\\/noticias\",\"nextItem\":{\"@type\":\"ListItem\",\"@id\":\"https:\\\/\\\/www.eldigitaldeasturias.com\\\/noticias\\\/category\\\/actualidad\\\/#listItem\",\"name\":\"Actualidad\"}},{\"@type\":\"ListItem\",\"@id\":\"https:\\\/\\\/www.eldigitaldeasturias.com\\\/noticias\\\/category\\\/actualidad\\\/#listItem\",\"position\":2,\"name\":\"Actualidad\",\"item\":\"https:\\\/\\\/www.eldigitaldeasturias.com\\\/noticias\\\/category\\\/actualidad\\\/\",\"nextItem\":{\"@type\":\"ListItem\",\"@id\":\"https:\\\/\\\/www.eldigitaldeasturias.com\\\/noticias\\\/el-metro-de-granada-registra-175-000-viajeros-en-su-primera-semana\\\/#listItem\",\"name\":\"El Metro de Granada registra 175.000 viajeros en su primera semana\"},\"previousItem\":{\"@type\":\"ListItem\",\"@id\":\"https:\\\/\\\/www.eldigitaldeasturias.com\\\/noticias#listItem\",\"name\":\"Home\"}},{\"@type\":\"ListItem\",\"@id\":\"https:\\\/\\\/www.eldigitaldeasturias.com\\\/noticias\\\/el-metro-de-granada-registra-175-000-viajeros-en-su-primera-semana\\\/#listItem\",\"position\":3,\"name\":\"El Metro de Granada registra 175.000 viajeros en su primera semana\",\"previousItem\":{\"@type\":\"ListItem\",\"@id\":\"https:\\\/\\\/www.eldigitaldeasturias.com\\\/noticias\\\/category\\\/actualidad\\\/#listItem\",\"name\":\"Actualidad\"}}]},{\"@type\":\"Organization\",\"@id\":\"https:\\\/\\\/www.eldigitaldeasturias.com\\\/noticias\\\/#organization\",\"name\":\"El Digital de Asturias\",\"description\":\"Hemeroteca\",\"url\":\"https:\\\/\\\/www.eldigitaldeasturias.com\\\/noticias\\\/\",\"email\":\"info@eldigitaldeasturias.com\",\"telephone\":\"+34652131393\",\"logo\":{\"@type\":\"ImageObject\",\"url\":\"https:\\\/\\\/www.eldigitaldeasturias.com\\\/noticias\\\/wp-content\\\/uploads\\\/2020\\\/12\\\/EDA.jpg\",\"@id\":\"https:\\\/\\\/www.eldigitaldeasturias.com\\\/noticias\\\/el-metro-de-granada-registra-175-000-viajeros-en-su-primera-semana\\\/#organizationLogo\"},\"image\":{\"@id\":\"https:\\\/\\\/www.eldigitaldeasturias.com\\\/noticias\\\/el-metro-de-granada-registra-175-000-viajeros-en-su-primera-semana\\\/#organizationLogo\"},\"sameAs\":[\"https:\\\/\\\/facebook.com\\\/eldigitaldeasturias\",\"https:\\\/\\\/www.youtube.com\\\/channel\\\/UCZP-2wLEB9Rv6erhFmqVnvg\"],\"address\":{\"@id\":\"https:\\\/\\\/www.eldigitaldeasturias.com\\\/noticias\\\/#postaladdress\",\"@type\":\"PostalAddress\",\"streetAddress\":\"san antonio 4\",\"postalCode\":\"33430\",\"addressLocality\":\"Cand\\u00e1s\",\"addressRegion\":\"Asturias\",\"addressCountry\":\"ES\"}},{\"@type\":\"Person\",\"@id\":\"https:\\\/\\\/www.eldigitaldeasturias.com\\\/noticias\\\/author\\\/admin\\\/#author\",\"url\":\"https:\\\/\\\/www.eldigitaldeasturias.com\\\/noticias\\\/author\\\/admin\\\/\",\"name\":\"El Digital de Asturias\",\"image\":{\"@type\":\"ImageObject\",\"@id\":\"https:\\\/\\\/www.eldigitaldeasturias.com\\\/noticias\\\/el-metro-de-granada-registra-175-000-viajeros-en-su-primera-semana\\\/#authorImage\",\"url\":\"https:\\\/\\\/secure.gravatar.com\\\/avatar\\\/df2aeffc32bcd13f8d26072ef8a91b623d677766deac7f97ca815868cd41bf5e?s=96&d=mm&r=g\",\"width\":96,\"height\":96,\"caption\":\"El Digital de Asturias\"}},{\"@type\":\"WebPage\",\"@id\":\"https:\\\/\\\/www.eldigitaldeasturias.com\\\/noticias\\\/el-metro-de-granada-registra-175-000-viajeros-en-su-primera-semana\\\/#webpage\",\"url\":\"https:\\\/\\\/www.eldigitaldeasturias.com\\\/noticias\\\/el-metro-de-granada-registra-175-000-viajeros-en-su-primera-semana\\\/\",\"name\":\"El Metro de Granada registra 175.000 viajeros en su primera semana - El Digital de Asturias\",\"description\":\"El Metropolitano de Granada ha transportado en su primera semana desde la puesta en servicio comercial, el jueves 21 de septiembre, un total de 174.359 usuarios. Este dato de validaciones acumulado hasta el cierre del servicio el mi\\u00e9rcoles 27 de septiembre a las 23.00 horas, equivale a un promedio diario de casi 25.000 pasajeros al\",\"inLanguage\":\"es-ES\",\"isPartOf\":{\"@id\":\"https:\\\/\\\/www.eldigitaldeasturias.com\\\/noticias\\\/#website\"},\"breadcrumb\":{\"@id\":\"https:\\\/\\\/www.eldigitaldeasturias.com\\\/noticias\\\/el-metro-de-granada-registra-175-000-viajeros-en-su-primera-semana\\\/#breadcrumblist\"},\"author\":{\"@id\":\"https:\\\/\\\/www.eldigitaldeasturias.com\\\/noticias\\\/author\\\/admin\\\/#author\"},\"creator\":{\"@id\":\"https:\\\/\\\/www.eldigitaldeasturias.com\\\/noticias\\\/author\\\/admin\\\/#author\"},\"image\":{\"@type\":\"ImageObject\",\"url\":954131,\"@id\":\"https:\\\/\\\/www.eldigitaldeasturias.com\\\/noticias\\\/el-metro-de-granada-registra-175-000-viajeros-en-su-primera-semana\\\/#mainImage\"},\"primaryImageOfPage\":{\"@id\":\"https:\\\/\\\/www.eldigitaldeasturias.com\\\/noticias\\\/el-metro-de-granada-registra-175-000-viajeros-en-su-primera-semana\\\/#mainImage\"},\"datePublished\":\"2017-09-28T21:21:29+02:00\",\"dateModified\":\"2017-09-28T21:21:29+02:00\"},{\"@type\":\"WebSite\",\"@id\":\"https:\\\/\\\/www.eldigitaldeasturias.com\\\/noticias\\\/#website\",\"url\":\"https:\\\/\\\/www.eldigitaldeasturias.com\\\/noticias\\\/\",\"name\":\"El Digital de Asturias - Diario de actualidad y noticias\",\"alternateName\":\"El Digital de Asturias - Diario de actualidad y noticias\",\"description\":\"Hemeroteca\",\"inLanguage\":\"es-ES\",\"publisher\":{\"@id\":\"https:\\\/\\\/www.eldigitaldeasturias.com\\\/noticias\\\/#organization\"}}]}\n\t\t<\/script>\n\t\t<!-- All in One SEO Pro -->\r\n\t\t<title>El Metro de Granada registra 175.000 viajeros en su primera semana - El Digital de Asturias<\/title>\n\n","aioseo_head_json":{"title":"El Metro de Granada registra 175.000 viajeros en su primera semana - El Digital de Asturias","description":"El Metropolitano de Granada ha transportado en su primera semana desde la puesta en servicio comercial, el jueves 21 de septiembre, un total de 174.359 usuarios. Este dato de validaciones acumulado hasta el cierre del servicio el mi\u00e9rcoles 27 de septiembre a las 23.00 horas, equivale a un promedio diario de casi 25.000 pasajeros al","canonical_url":"https:\/\/www.eldigitaldeasturias.com\/noticias\/el-metro-de-granada-registra-175-000-viajeros-en-su-primera-semana\/","robots":"max-image-preview:large","keywords":"actualidad","webmasterTools":{"google-site-verification":"UA-38556648-1","msvalidate.01":"7dfe9f3f1b24437ab69f4f2559babe99","miscellaneous":""},"schema":{"@context":"https:\/\/schema.org","@graph":[{"@type":"BlogPosting","@id":"https:\/\/www.eldigitaldeasturias.com\/noticias\/el-metro-de-granada-registra-175-000-viajeros-en-su-primera-semana\/#blogposting","name":"El Metro de Granada registra 175.000 viajeros en su primera semana - El Digital de Asturias","headline":"El Metro de Granada registra 175.000 viajeros en su primera semana","author":{"@id":"https:\/\/www.eldigitaldeasturias.com\/noticias\/author\/admin\/#author"},"publisher":{"@id":"https:\/\/www.eldigitaldeasturias.com\/noticias\/#organization"},"image":{"@type":"ImageObject","url":954131},"datePublished":"2017-09-28T21:21:29+02:00","dateModified":"2017-09-28T21:21:29+02:00","inLanguage":"es-ES","mainEntityOfPage":{"@id":"https:\/\/www.eldigitaldeasturias.com\/noticias\/el-metro-de-granada-registra-175-000-viajeros-en-su-primera-semana\/#webpage"},"isPartOf":{"@id":"https:\/\/www.eldigitaldeasturias.com\/noticias\/el-metro-de-granada-registra-175-000-viajeros-en-su-primera-semana\/#webpage"},"articleSection":"Actualidad"},{"@type":"BreadcrumbList","@id":"https:\/\/www.eldigitaldeasturias.com\/noticias\/el-metro-de-granada-registra-175-000-viajeros-en-su-primera-semana\/#breadcrumblist","itemListElement":[{"@type":"ListItem","@id":"https:\/\/www.eldigitaldeasturias.com\/noticias#listItem","position":1,"name":"Home","item":"https:\/\/www.eldigitaldeasturias.com\/noticias","nextItem":{"@type":"ListItem","@id":"https:\/\/www.eldigitaldeasturias.com\/noticias\/category\/actualidad\/#listItem","name":"Actualidad"}},{"@type":"ListItem","@id":"https:\/\/www.eldigitaldeasturias.com\/noticias\/category\/actualidad\/#listItem","position":2,"name":"Actualidad","item":"https:\/\/www.eldigitaldeasturias.com\/noticias\/category\/actualidad\/","nextItem":{"@type":"ListItem","@id":"https:\/\/www.eldigitaldeasturias.com\/noticias\/el-metro-de-granada-registra-175-000-viajeros-en-su-primera-semana\/#listItem","name":"El Metro de Granada registra 175.000 viajeros en su primera semana"},"previousItem":{"@type":"ListItem","@id":"https:\/\/www.eldigitaldeasturias.com\/noticias#listItem","name":"Home"}},{"@type":"ListItem","@id":"https:\/\/www.eldigitaldeasturias.com\/noticias\/el-metro-de-granada-registra-175-000-viajeros-en-su-primera-semana\/#listItem","position":3,"name":"El Metro de Granada registra 175.000 viajeros en su primera semana","previousItem":{"@type":"ListItem","@id":"https:\/\/www.eldigitaldeasturias.com\/noticias\/category\/actualidad\/#listItem","name":"Actualidad"}}]},{"@type":"Organization","@id":"https:\/\/www.eldigitaldeasturias.com\/noticias\/#organization","name":"El Digital de Asturias","description":"Hemeroteca","url":"https:\/\/www.eldigitaldeasturias.com\/noticias\/","email":"info@eldigitaldeasturias.com","telephone":"+34652131393","logo":{"@type":"ImageObject","url":"https:\/\/www.eldigitaldeasturias.com\/noticias\/wp-content\/uploads\/2020\/12\/EDA.jpg","@id":"https:\/\/www.eldigitaldeasturias.com\/noticias\/el-metro-de-granada-registra-175-000-viajeros-en-su-primera-semana\/#organizationLogo"},"image":{"@id":"https:\/\/www.eldigitaldeasturias.com\/noticias\/el-metro-de-granada-registra-175-000-viajeros-en-su-primera-semana\/#organizationLogo"},"sameAs":["https:\/\/facebook.com\/eldigitaldeasturias","https:\/\/www.youtube.com\/channel\/UCZP-2wLEB9Rv6erhFmqVnvg"],"address":{"@id":"https:\/\/www.eldigitaldeasturias.com\/noticias\/#postaladdress","@type":"PostalAddress","streetAddress":"san antonio 4","postalCode":"33430","addressLocality":"Cand\u00e1s","addressRegion":"Asturias","addressCountry":"ES"}},{"@type":"Person","@id":"https:\/\/www.eldigitaldeasturias.com\/noticias\/author\/admin\/#author","url":"https:\/\/www.eldigitaldeasturias.com\/noticias\/author\/admin\/","name":"El Digital de Asturias","image":{"@type":"ImageObject","@id":"https:\/\/www.eldigitaldeasturias.com\/noticias\/el-metro-de-granada-registra-175-000-viajeros-en-su-primera-semana\/#authorImage","url":"https:\/\/secure.gravatar.com\/avatar\/df2aeffc32bcd13f8d26072ef8a91b623d677766deac7f97ca815868cd41bf5e?s=96&d=mm&r=g","width":96,"height":96,"caption":"El Digital de Asturias"}},{"@type":"WebPage","@id":"https:\/\/www.eldigitaldeasturias.com\/noticias\/el-metro-de-granada-registra-175-000-viajeros-en-su-primera-semana\/#webpage","url":"https:\/\/www.eldigitaldeasturias.com\/noticias\/el-metro-de-granada-registra-175-000-viajeros-en-su-primera-semana\/","name":"El Metro de Granada registra 175.000 viajeros en su primera semana - El Digital de Asturias","description":"El Metropolitano de Granada ha transportado en su primera semana desde la puesta en servicio comercial, el jueves 21 de septiembre, un total de 174.359 usuarios. Este dato de validaciones acumulado hasta el cierre del servicio el mi\u00e9rcoles 27 de septiembre a las 23.00 horas, equivale a un promedio diario de casi 25.000 pasajeros al","inLanguage":"es-ES","isPartOf":{"@id":"https:\/\/www.eldigitaldeasturias.com\/noticias\/#website"},"breadcrumb":{"@id":"https:\/\/www.eldigitaldeasturias.com\/noticias\/el-metro-de-granada-registra-175-000-viajeros-en-su-primera-semana\/#breadcrumblist"},"author":{"@id":"https:\/\/www.eldigitaldeasturias.com\/noticias\/author\/admin\/#author"},"creator":{"@id":"https:\/\/www.eldigitaldeasturias.com\/noticias\/author\/admin\/#author"},"image":{"@type":"ImageObject","url":954131,"@id":"https:\/\/www.eldigitaldeasturias.com\/noticias\/el-metro-de-granada-registra-175-000-viajeros-en-su-primera-semana\/#mainImage"},"primaryImageOfPage":{"@id":"https:\/\/www.eldigitaldeasturias.com\/noticias\/el-metro-de-granada-registra-175-000-viajeros-en-su-primera-semana\/#mainImage"},"datePublished":"2017-09-28T21:21:29+02:00","dateModified":"2017-09-28T21:21:29+02:00"},{"@type":"WebSite","@id":"https:\/\/www.eldigitaldeasturias.com\/noticias\/#website","url":"https:\/\/www.eldigitaldeasturias.com\/noticias\/","name":"El Digital de Asturias - Diario de actualidad y noticias","alternateName":"El Digital de Asturias - Diario de actualidad y noticias","description":"Hemeroteca","inLanguage":"es-ES","publisher":{"@id":"https:\/\/www.eldigitaldeasturias.com\/noticias\/#organization"}}]},"og:locale":"es_ES","og:site_name":"El Digital de Asturias","og:type":"article","og:title":"El Metro de Granada registra 175.000 viajeros en su primera semana - El Digital de Asturias","og:description":"El Metropolitano de Granada ha transportado en su primera semana desde la puesta en servicio comercial, el jueves 21 de septiembre, un total de 174.359 usuarios. Este dato de validaciones acumulado hasta el cierre del servicio el mi\u00e9rcoles 27 de septiembre a las 23.00 horas, equivale a un promedio diario de casi 25.000 pasajeros al","og:url":"https:\/\/www.eldigitaldeasturias.com\/noticias\/el-metro-de-granada-registra-175-000-viajeros-en-su-primera-semana\/","article:tag":["actualidad"],"article:published_time":"2017-09-28T21:21:29+00:00","article:modified_time":"2017-09-28T21:21:29+00:00","article:publisher":"https:\/\/facebook.com\/eldigitaldeasturias","twitter:card":"summary_large_image","twitter:title":"El Metro de Granada registra 175.000 viajeros en su primera semana - El Digital de Asturias","twitter:description":"El Metropolitano de Granada ha transportado en su primera semana desde la puesta en servicio comercial, el jueves 21 de septiembre, un total de 174.359 usuarios. Este dato de validaciones acumulado hasta el cierre del servicio el mi\u00e9rcoles 27 de septiembre a las 23.00 horas, equivale a un promedio diario de casi 25.000 pasajeros al","twitter:image":"https:\/\/www.eldigitaldeasturias.com\/noticias\/wp-content\/uploads\/2020\/12\/EDA-1.jpg","twitter:label1":"Escrito por","twitter:data1":"El Digital de Asturias","twitter:label2":"Tiempo de lectura estimado","twitter:data2":"5 minutos"},"aioseo_meta_data":{"post_id":"954130","title":null,"description":null,"keywords":null,"keyphrases":null,"primary_term":null,"canonical_url":null,"og_title":null,"og_description":null,"og_object_type":"default","og_image_type":"default","og_image_url":null,"og_image_width":null,"og_image_height":null,"og_image_custom_url":null,"og_image_custom_fields":null,"og_video":null,"og_custom_url":null,"og_article_section":null,"og_article_tags":null,"twitter_use_og":false,"twitter_card":"default","twitter_image_type":"default","twitter_image_url":null,"twitter_image_custom_url":null,"twitter_image_custom_fields":null,"twitter_title":null,"twitter_description":null,"schema":{"blockGraphs":[],"customGraphs":[],"default":{"data":{"Article":[],"Course":[],"Dataset":[],"FAQPage":[],"Movie":[],"Person":[],"Product":[],"ProductReview":[],"Car":[],"Recipe":[],"Service":[],"SoftwareApplication":[],"WebPage":[]},"graphName":"","isEnabled":true},"graphs":[],"defaultGraph":"","defaultPostTypeGraph":""},"schema_type":null,"schema_type_options":null,"pillar_content":false,"robots_default":true,"robots_noindex":false,"robots_noarchive":false,"robots_nosnippet":false,"robots_nofollow":false,"robots_noimageindex":false,"robots_noodp":false,"robots_notranslate":false,"robots_max_snippet":null,"robots_max_videopreview":null,"robots_max_imagepreview":"large","priority":null,"frequency":null,"local_seo":null,"seo_analyzer_scan_date":"2025-12-06 05:10:13","breadcrumb_settings":null,"limit_modified_date":false,"open_ai":null,"ai":null,"created":"2020-12-21 12:56:55","updated":"2025-12-06 05:10:13","focus_keyword":null,"additional_keywords":null,"truseo_locale":null},"aioseo_breadcrumb":"<div class=\"aioseo-breadcrumbs\"><span class=\"aioseo-breadcrumb\">\n\t<a href=\"https:\/\/www.eldigitaldeasturias.com\/noticias\" title=\"Home\">Home<\/a>\n<\/span><span class=\"aioseo-breadcrumb-separator\">\u2013<\/span><span class=\"aioseo-breadcrumb\">\n\t<a href=\"https:\/\/www.eldigitaldeasturias.com\/noticias\/category\/actualidad\/\" title=\"Actualidad\">Actualidad<\/a>\n<\/span><span class=\"aioseo-breadcrumb-separator\">\u2013<\/span><span class=\"aioseo-breadcrumb\">\n\t<a href=\"https:\/\/www.eldigitaldeasturias.com\/noticias\/el-metro-de-granada-registra-175-000-viajeros-en-su-primera-semana\/\" title=\"El Metro de Granada registra 175.000 viajeros en su primera semana\">El Metro de Granada registra 175.000 viajeros en su primera semana<\/a>\n<\/span><\/div>","aioseo_breadcrumb_json":[{"label":"Home","link":"https:\/\/www.eldigitaldeasturias.com\/noticias"},{"label":"Actualidad","link":"https:\/\/www.eldigitaldeasturias.com\/noticias\/category\/actualidad\/"},{"label":"El Metro de Granada registra 175.000 viajeros en su primera semana","link":"https:\/\/www.eldigitaldeasturias.com\/noticias\/el-metro-de-granada-registra-175-000-viajeros-en-su-primera-semana\/"}],"_links":{"self":[{"href":"https:\/\/www.eldigitaldeasturias.com\/noticias\/wp-json\/wp\/v2\/posts\/954130","targetHints":{"allow":["GET"]}}],"collection":[{"href":"https:\/\/www.eldigitaldeasturias.com\/noticias\/wp-json\/wp\/v2\/posts"}],"about":[{"href":"https:\/\/www.eldigitaldeasturias.com\/noticias\/wp-json\/wp\/v2\/types\/post"}],"author":[{"embeddable":true,"href":"https:\/\/www.eldigitaldeasturias.com\/noticias\/wp-json\/wp\/v2\/users\/1"}],"replies":[{"embeddable":true,"href":"https:\/\/www.eldigitaldeasturias.com\/noticias\/wp-json\/wp\/v2\/comments?post=954130"}],"version-history":[{"count":0,"href":"https:\/\/www.eldigitaldeasturias.com\/noticias\/wp-json\/wp\/v2\/posts\/954130\/revisions"}],"wp:attachment":[{"href":"https:\/\/www.eldigitaldeasturias.com\/noticias\/wp-json\/wp\/v2\/media?parent=954130"}],"wp:term":[{"taxonomy":"category","embeddable":true,"href":"https:\/\/www.eldigitaldeasturias.com\/noticias\/wp-json\/wp\/v2\/categories?post=954130"},{"taxonomy":"post_tag","embeddable":true,"href":"https:\/\/www.eldigitaldeasturias.com\/noticias\/wp-json\/wp\/v2\/tags?post=954130"}],"curies":[{"name":"wp","href":"https:\/\/api.w.org\/{rel}","templated":true}]}}