{"id":954126,"date":"2017-09-28T21:18:27","date_gmt":"2017-09-28T21:18:27","guid":{"rendered":"http:\/\/www.eldigitaldeasturias.com\/noticias\/?p=954126"},"modified":"2017-09-28T21:18:27","modified_gmt":"2017-09-28T21:18:27","slug":"susana-diaz-andalucia-va-a-estar-al-lado-del-estado-de-derecho","status":"publish","type":"post","link":"https:\/\/www.eldigitaldeasturias.com\/noticias\/susana-diaz-andalucia-va-a-estar-al-lado-del-estado-de-derecho\/","title":{"rendered":"Susana D\u00edaz: \u00abAndaluc\u00eda va a estar al lado del Estado de Derecho\u00bb"},"content":{"rendered":"<p><img loading=\"lazy\" decoding=\"async\" class=\"alignleft size-medium wp-image-952192\" src=\"https:\/\/www.eldigitaldeasturias.com\/noticias\/wp-content\/uploads\/2017\/09\/Susana-360x221.jpg\" alt=\"\" width=\"360\" height=\"221\" \/>La presidenta de la Junta, Susana D\u00edaz, ha subrayado que Andaluc\u00eda estar\u00e1 en la soluci\u00f3n, una vez que se restablezca el orden constitucional\u00bb. Durante su intervenci\u00f3n en el Parlamento sobre la cuesti\u00f3n catalana, D\u00edaz ha insistido en que \u00abAndaluc\u00eda va a estar al lado del Estado de Derecho\u00bb. \u00abEl primer reto de los dem\u00f3cratas es que se cumpla la ley\u00bb, asegur\u00f3, y despu\u00e9s del 1-O articular desde la democracia una soluci\u00f3n que \u00aben ning\u00fan caso ponga en peligro la igualdad de todos los ciudadanos\u00bb en un proyecto com\u00fan que es Espa\u00f1a. \u00abDefiendo un modelo de cohesi\u00f3n territorial y cohesi\u00f3n social\u00bb, como el que defendieron los andaluces el 28F y el 4D, destac\u00f3.<\/p>\n<p>En referencia a los acontecimientos de los \u00faltimos d\u00edas dentro y fuera de Catalu\u00f1a, Susana D\u00edaz ha reclamado que \u00abtodos debemos aportar serenidad y responsabilidad\u00bb. Por ello, \u00abAndaluc\u00eda estar\u00e1 donde ha estado siempre, en la defensa de la Constituci\u00f3n, de las leyes y de nuestro pa\u00eds, lejos de bloques y de separadores y separatistas de una y otra \u00edndole, y como garant\u00eda de equilibrio de esa Espa\u00f1a en igualdad, integradora, con presente y con futuro, de la que nueve millones de hombres de esta tierra nos sentimos orgullosos de pertenecer\u00bb, ha enfatizado Susana D\u00edaz.<\/p>\n<p>Los andaluces \u00abcreemos profundamente\u00bb en la Constituci\u00f3n, asever\u00f3, porque \u00abla mayor cota de autonom\u00eda la alcanzamos desde un refer\u00e9ndum constitucional\u00bb. Estamos ante \u00abel mayor desaf\u00edo que hemos vivido en la democracia\u00bb, se\u00f1al\u00f3 D\u00edaz, y aunque \u00abnunca debimos llegar hasta aqu\u00ed\u00bb, critic\u00f3 las \u00abactitudes irresponsables\u00bb que ponen en peligro a \u00abuna sociedad profundamente dem\u00f3crata como la catalana\u00bb.<\/p>\n<p>La presidenta insisti\u00f3 en la necesidad de dar confianza y tranquilidad \u00aba miles de hombres y mujeres que tienen que sentir que el Estado y las leyes les protegen y que no es momento de r\u00e9ditos pol\u00edticos\u00bb.<\/p>\n<p>&nbsp;<\/p>\n","protected":false},"excerpt":{"rendered":"<p>La presidenta de la Junta, Susana D\u00edaz, ha subrayado que Andaluc\u00eda estar\u00e1 en la soluci\u00f3n, una vez que se restablezca el orden constitucional\u00bb. Durante su intervenci\u00f3n en el Parlamento sobre la cuesti\u00f3n catalana, D\u00edaz ha insistido en que \u00abAndaluc\u00eda va a estar al lado del Estado de Derecho\u00bb. \u00abEl primer reto de los dem\u00f3cratas es [&hellip;]<\/p>\n","protected":false},"author":1,"featured_media":952192,"comment_status":"closed","ping_status":"closed","sticky":false,"template":"","format":"standard","meta":{"footnotes":""},"categories":[1],"tags":[],"class_list":["post-954126","post","type-post","status-publish","format-standard","has-post-thumbnail","hentry","category-actualidad"],"aioseo_notices":[],"aioseo_head":"\n\t\t<!-- All in One SEO Pro 5.0.1 - aioseo.com -->\n\t<meta name=\"description\" content=\"La presidenta de la Junta, Susana D\u00edaz, ha subrayado que Andaluc\u00eda estar\u00e1 en la soluci\u00f3n, una vez que se restablezca el orden constitucional&quot;. Durante su intervenci\u00f3n en el Parlamento sobre la cuesti\u00f3n catalana, D\u00edaz ha insistido en que &quot;Andaluc\u00eda va a estar al lado del Estado de Derecho&quot;. &quot;El primer reto de los dem\u00f3cratas es\" \/>\n\t<meta name=\"robots\" content=\"max-image-preview:large\" \/>\n\t<meta name=\"author\" content=\"El Digital de Asturias\"\/>\n\t<meta name=\"google-site-verification\" content=\"UA-38556648-1\" \/>\n\t<meta name=\"msvalidate.01\" content=\"7dfe9f3f1b24437ab69f4f2559babe99\" \/>\n\t<meta name=\"keywords\" content=\"actualidad\" \/>\n\t<link rel=\"canonical\" href=\"https:\/\/www.eldigitaldeasturias.com\/noticias\/susana-diaz-andalucia-va-a-estar-al-lado-del-estado-de-derecho\/\" \/>\n\t<meta name=\"generator\" content=\"All in One SEO Pro (AIOSEO) 5.0.1\" \/>\n\t\t<meta property=\"og:locale\" content=\"es_ES\" \/>\n\t\t<meta property=\"og:site_name\" content=\"El Digital de Asturias\" \/>\n\t\t<meta property=\"og:type\" content=\"article\" \/>\n\t\t<meta property=\"og:title\" content=\"Susana D\u00edaz: \u00abAndaluc\u00eda va a estar al lado del Estado de Derecho\u00bb - El Digital de Asturias\" \/>\n\t\t<meta property=\"og:description\" content=\"La presidenta de la Junta, Susana D\u00edaz, ha subrayado que Andaluc\u00eda estar\u00e1 en la soluci\u00f3n, una vez que se restablezca el orden constitucional&quot;. Durante su intervenci\u00f3n en el Parlamento sobre la cuesti\u00f3n catalana, D\u00edaz ha insistido en que &quot;Andaluc\u00eda va a estar al lado del Estado de Derecho&quot;. &quot;El primer reto de los dem\u00f3cratas es\" \/>\n\t\t<meta property=\"og:url\" content=\"https:\/\/www.eldigitaldeasturias.com\/noticias\/susana-diaz-andalucia-va-a-estar-al-lado-del-estado-de-derecho\/\" \/>\n\t\t<meta property=\"article:tag\" content=\"actualidad\" \/>\n\t\t<meta property=\"article:published_time\" content=\"2017-09-28T21:18:27+00:00\" \/>\n\t\t<meta property=\"article:modified_time\" content=\"2017-09-28T21:18:27+00:00\" \/>\n\t\t<meta property=\"article:publisher\" content=\"https:\/\/facebook.com\/eldigitaldeasturias\" \/>\n\t\t<meta name=\"twitter:card\" content=\"summary_large_image\" \/>\n\t\t<meta name=\"twitter:title\" content=\"Susana D\u00edaz: \u00abAndaluc\u00eda va a estar al lado del Estado de Derecho\u00bb - El Digital de Asturias\" \/>\n\t\t<meta name=\"twitter:description\" content=\"La presidenta de la Junta, Susana D\u00edaz, ha subrayado que Andaluc\u00eda estar\u00e1 en la soluci\u00f3n, una vez que se restablezca el orden constitucional&quot;. Durante su intervenci\u00f3n en el Parlamento sobre la cuesti\u00f3n catalana, D\u00edaz ha insistido en que &quot;Andaluc\u00eda va a estar al lado del Estado de Derecho&quot;. &quot;El primer reto de los dem\u00f3cratas es\" \/>\n\t\t<meta name=\"twitter:image\" content=\"https:\/\/www.eldigitaldeasturias.com\/noticias\/wp-content\/uploads\/2020\/12\/EDA-1.jpg\" \/>\n\t\t<meta name=\"twitter:label1\" content=\"Escrito por\" \/>\n\t\t<meta name=\"twitter:data1\" content=\"El Digital de Asturias\" \/>\n\t\t<meta name=\"twitter:label2\" content=\"Tiempo de lectura estimado\" \/>\n\t\t<meta name=\"twitter:data2\" content=\"2 minutos\" \/>\n\t\t<script type=\"application\/ld+json\" class=\"aioseo-schema\">\n\t\t\t{\"@context\":\"https:\\\/\\\/schema.org\",\"@graph\":[{\"@type\":\"BlogPosting\",\"@id\":\"https:\\\/\\\/www.eldigitaldeasturias.com\\\/noticias\\\/susana-diaz-andalucia-va-a-estar-al-lado-del-estado-de-derecho\\\/#blogposting\",\"name\":\"Susana D\\u00edaz: \\u00abAndaluc\\u00eda va a estar al lado del Estado de Derecho\\u00bb - El Digital de Asturias\",\"headline\":\"Susana D\\u00edaz: \\u00abAndaluc\\u00eda va a estar al lado del Estado de Derecho\\u00bb\",\"author\":{\"@id\":\"https:\\\/\\\/www.eldigitaldeasturias.com\\\/noticias\\\/author\\\/admin\\\/#author\"},\"publisher\":{\"@id\":\"https:\\\/\\\/www.eldigitaldeasturias.com\\\/noticias\\\/#organization\"},\"image\":{\"@type\":\"ImageObject\",\"url\":952192},\"datePublished\":\"2017-09-28T21:18:27+02:00\",\"dateModified\":\"2017-09-28T21:18:27+02:00\",\"inLanguage\":\"es-ES\",\"mainEntityOfPage\":{\"@id\":\"https:\\\/\\\/www.eldigitaldeasturias.com\\\/noticias\\\/susana-diaz-andalucia-va-a-estar-al-lado-del-estado-de-derecho\\\/#webpage\"},\"isPartOf\":{\"@id\":\"https:\\\/\\\/www.eldigitaldeasturias.com\\\/noticias\\\/susana-diaz-andalucia-va-a-estar-al-lado-del-estado-de-derecho\\\/#webpage\"},\"articleSection\":\"Actualidad\"},{\"@type\":\"BreadcrumbList\",\"@id\":\"https:\\\/\\\/www.eldigitaldeasturias.com\\\/noticias\\\/susana-diaz-andalucia-va-a-estar-al-lado-del-estado-de-derecho\\\/#breadcrumblist\",\"itemListElement\":[{\"@type\":\"ListItem\",\"@id\":\"https:\\\/\\\/www.eldigitaldeasturias.com\\\/noticias#listItem\",\"position\":1,\"name\":\"Home\",\"item\":\"https:\\\/\\\/www.eldigitaldeasturias.com\\\/noticias\",\"nextItem\":{\"@type\":\"ListItem\",\"@id\":\"https:\\\/\\\/www.eldigitaldeasturias.com\\\/noticias\\\/category\\\/actualidad\\\/#listItem\",\"name\":\"Actualidad\"}},{\"@type\":\"ListItem\",\"@id\":\"https:\\\/\\\/www.eldigitaldeasturias.com\\\/noticias\\\/category\\\/actualidad\\\/#listItem\",\"position\":2,\"name\":\"Actualidad\",\"item\":\"https:\\\/\\\/www.eldigitaldeasturias.com\\\/noticias\\\/category\\\/actualidad\\\/\",\"nextItem\":{\"@type\":\"ListItem\",\"@id\":\"https:\\\/\\\/www.eldigitaldeasturias.com\\\/noticias\\\/susana-diaz-andalucia-va-a-estar-al-lado-del-estado-de-derecho\\\/#listItem\",\"name\":\"Susana D\\u00edaz: \\u00abAndaluc\\u00eda va a estar al lado del Estado de Derecho\\u00bb\"},\"previousItem\":{\"@type\":\"ListItem\",\"@id\":\"https:\\\/\\\/www.eldigitaldeasturias.com\\\/noticias#listItem\",\"name\":\"Home\"}},{\"@type\":\"ListItem\",\"@id\":\"https:\\\/\\\/www.eldigitaldeasturias.com\\\/noticias\\\/susana-diaz-andalucia-va-a-estar-al-lado-del-estado-de-derecho\\\/#listItem\",\"position\":3,\"name\":\"Susana D\\u00edaz: \\u00abAndaluc\\u00eda va a estar al lado del Estado de Derecho\\u00bb\",\"previousItem\":{\"@type\":\"ListItem\",\"@id\":\"https:\\\/\\\/www.eldigitaldeasturias.com\\\/noticias\\\/category\\\/actualidad\\\/#listItem\",\"name\":\"Actualidad\"}}]},{\"@type\":\"Organization\",\"@id\":\"https:\\\/\\\/www.eldigitaldeasturias.com\\\/noticias\\\/#organization\",\"name\":\"El Digital de Asturias\",\"description\":\"Hemeroteca\",\"url\":\"https:\\\/\\\/www.eldigitaldeasturias.com\\\/noticias\\\/\",\"email\":\"info@eldigitaldeasturias.com\",\"telephone\":\"+34652131393\",\"logo\":{\"@type\":\"ImageObject\",\"url\":\"https:\\\/\\\/www.eldigitaldeasturias.com\\\/noticias\\\/wp-content\\\/uploads\\\/2020\\\/12\\\/EDA.jpg\",\"@id\":\"https:\\\/\\\/www.eldigitaldeasturias.com\\\/noticias\\\/susana-diaz-andalucia-va-a-estar-al-lado-del-estado-de-derecho\\\/#organizationLogo\"},\"image\":{\"@id\":\"https:\\\/\\\/www.eldigitaldeasturias.com\\\/noticias\\\/susana-diaz-andalucia-va-a-estar-al-lado-del-estado-de-derecho\\\/#organizationLogo\"},\"sameAs\":[\"https:\\\/\\\/facebook.com\\\/eldigitaldeasturias\",\"https:\\\/\\\/www.youtube.com\\\/channel\\\/UCZP-2wLEB9Rv6erhFmqVnvg\"],\"address\":{\"@id\":\"https:\\\/\\\/www.eldigitaldeasturias.com\\\/noticias\\\/#postaladdress\",\"@type\":\"PostalAddress\",\"streetAddress\":\"san antonio 4\",\"postalCode\":\"33430\",\"addressLocality\":\"Cand\\u00e1s\",\"addressRegion\":\"Asturias\",\"addressCountry\":\"ES\"}},{\"@type\":\"Person\",\"@id\":\"https:\\\/\\\/www.eldigitaldeasturias.com\\\/noticias\\\/author\\\/admin\\\/#author\",\"url\":\"https:\\\/\\\/www.eldigitaldeasturias.com\\\/noticias\\\/author\\\/admin\\\/\",\"name\":\"El Digital de Asturias\",\"image\":{\"@type\":\"ImageObject\",\"@id\":\"https:\\\/\\\/www.eldigitaldeasturias.com\\\/noticias\\\/susana-diaz-andalucia-va-a-estar-al-lado-del-estado-de-derecho\\\/#authorImage\",\"url\":\"https:\\\/\\\/secure.gravatar.com\\\/avatar\\\/df2aeffc32bcd13f8d26072ef8a91b623d677766deac7f97ca815868cd41bf5e?s=96&d=mm&r=g\",\"width\":96,\"height\":96,\"caption\":\"El Digital de Asturias\"}},{\"@type\":\"WebPage\",\"@id\":\"https:\\\/\\\/www.eldigitaldeasturias.com\\\/noticias\\\/susana-diaz-andalucia-va-a-estar-al-lado-del-estado-de-derecho\\\/#webpage\",\"url\":\"https:\\\/\\\/www.eldigitaldeasturias.com\\\/noticias\\\/susana-diaz-andalucia-va-a-estar-al-lado-del-estado-de-derecho\\\/\",\"name\":\"Susana D\\u00edaz: \\u00abAndaluc\\u00eda va a estar al lado del Estado de Derecho\\u00bb - El Digital de Asturias\",\"description\":\"La presidenta de la Junta, Susana D\\u00edaz, ha subrayado que Andaluc\\u00eda estar\\u00e1 en la soluci\\u00f3n, una vez que se restablezca el orden constitucional\\\". Durante su intervenci\\u00f3n en el Parlamento sobre la cuesti\\u00f3n catalana, D\\u00edaz ha insistido en que \\\"Andaluc\\u00eda va a estar al lado del Estado de Derecho\\\". \\\"El primer reto de los dem\\u00f3cratas es\",\"inLanguage\":\"es-ES\",\"isPartOf\":{\"@id\":\"https:\\\/\\\/www.eldigitaldeasturias.com\\\/noticias\\\/#website\"},\"breadcrumb\":{\"@id\":\"https:\\\/\\\/www.eldigitaldeasturias.com\\\/noticias\\\/susana-diaz-andalucia-va-a-estar-al-lado-del-estado-de-derecho\\\/#breadcrumblist\"},\"author\":{\"@id\":\"https:\\\/\\\/www.eldigitaldeasturias.com\\\/noticias\\\/author\\\/admin\\\/#author\"},\"creator\":{\"@id\":\"https:\\\/\\\/www.eldigitaldeasturias.com\\\/noticias\\\/author\\\/admin\\\/#author\"},\"image\":{\"@type\":\"ImageObject\",\"url\":952192,\"@id\":\"https:\\\/\\\/www.eldigitaldeasturias.com\\\/noticias\\\/susana-diaz-andalucia-va-a-estar-al-lado-del-estado-de-derecho\\\/#mainImage\"},\"primaryImageOfPage\":{\"@id\":\"https:\\\/\\\/www.eldigitaldeasturias.com\\\/noticias\\\/susana-diaz-andalucia-va-a-estar-al-lado-del-estado-de-derecho\\\/#mainImage\"},\"datePublished\":\"2017-09-28T21:18:27+02:00\",\"dateModified\":\"2017-09-28T21:18:27+02:00\"},{\"@type\":\"WebSite\",\"@id\":\"https:\\\/\\\/www.eldigitaldeasturias.com\\\/noticias\\\/#website\",\"url\":\"https:\\\/\\\/www.eldigitaldeasturias.com\\\/noticias\\\/\",\"name\":\"El Digital de Asturias - Diario de actualidad y noticias\",\"alternateName\":\"El Digital de Asturias - Diario de actualidad y noticias\",\"description\":\"Hemeroteca\",\"inLanguage\":\"es-ES\",\"publisher\":{\"@id\":\"https:\\\/\\\/www.eldigitaldeasturias.com\\\/noticias\\\/#organization\"}}]}\n\t\t<\/script>\n\t\t<!-- All in One SEO Pro -->\r\n\t\t<title>Susana D\u00edaz: \u00abAndaluc\u00eda va a estar al lado del Estado de Derecho\u00bb - El Digital de Asturias<\/title>\n\n","aioseo_head_json":{"title":"Susana D\u00edaz: \u00abAndaluc\u00eda va a estar al lado del Estado de Derecho\u00bb - El Digital de Asturias","description":"La presidenta de la Junta, Susana D\u00edaz, ha subrayado que Andaluc\u00eda estar\u00e1 en la soluci\u00f3n, una vez que se restablezca el orden constitucional\". Durante su intervenci\u00f3n en el Parlamento sobre la cuesti\u00f3n catalana, D\u00edaz ha insistido en que \"Andaluc\u00eda va a estar al lado del Estado de Derecho\". \"El primer reto de los dem\u00f3cratas es","canonical_url":"https:\/\/www.eldigitaldeasturias.com\/noticias\/susana-diaz-andalucia-va-a-estar-al-lado-del-estado-de-derecho\/","robots":"max-image-preview:large","keywords":"actualidad","webmasterTools":{"google-site-verification":"UA-38556648-1","msvalidate.01":"7dfe9f3f1b24437ab69f4f2559babe99","miscellaneous":""},"schema":{"@context":"https:\/\/schema.org","@graph":[{"@type":"BlogPosting","@id":"https:\/\/www.eldigitaldeasturias.com\/noticias\/susana-diaz-andalucia-va-a-estar-al-lado-del-estado-de-derecho\/#blogposting","name":"Susana D\u00edaz: \u00abAndaluc\u00eda va a estar al lado del Estado de Derecho\u00bb - El Digital de Asturias","headline":"Susana D\u00edaz: \u00abAndaluc\u00eda va a estar al lado del Estado de Derecho\u00bb","author":{"@id":"https:\/\/www.eldigitaldeasturias.com\/noticias\/author\/admin\/#author"},"publisher":{"@id":"https:\/\/www.eldigitaldeasturias.com\/noticias\/#organization"},"image":{"@type":"ImageObject","url":952192},"datePublished":"2017-09-28T21:18:27+02:00","dateModified":"2017-09-28T21:18:27+02:00","inLanguage":"es-ES","mainEntityOfPage":{"@id":"https:\/\/www.eldigitaldeasturias.com\/noticias\/susana-diaz-andalucia-va-a-estar-al-lado-del-estado-de-derecho\/#webpage"},"isPartOf":{"@id":"https:\/\/www.eldigitaldeasturias.com\/noticias\/susana-diaz-andalucia-va-a-estar-al-lado-del-estado-de-derecho\/#webpage"},"articleSection":"Actualidad"},{"@type":"BreadcrumbList","@id":"https:\/\/www.eldigitaldeasturias.com\/noticias\/susana-diaz-andalucia-va-a-estar-al-lado-del-estado-de-derecho\/#breadcrumblist","itemListElement":[{"@type":"ListItem","@id":"https:\/\/www.eldigitaldeasturias.com\/noticias#listItem","position":1,"name":"Home","item":"https:\/\/www.eldigitaldeasturias.com\/noticias","nextItem":{"@type":"ListItem","@id":"https:\/\/www.eldigitaldeasturias.com\/noticias\/category\/actualidad\/#listItem","name":"Actualidad"}},{"@type":"ListItem","@id":"https:\/\/www.eldigitaldeasturias.com\/noticias\/category\/actualidad\/#listItem","position":2,"name":"Actualidad","item":"https:\/\/www.eldigitaldeasturias.com\/noticias\/category\/actualidad\/","nextItem":{"@type":"ListItem","@id":"https:\/\/www.eldigitaldeasturias.com\/noticias\/susana-diaz-andalucia-va-a-estar-al-lado-del-estado-de-derecho\/#listItem","name":"Susana D\u00edaz: \u00abAndaluc\u00eda va a estar al lado del Estado de Derecho\u00bb"},"previousItem":{"@type":"ListItem","@id":"https:\/\/www.eldigitaldeasturias.com\/noticias#listItem","name":"Home"}},{"@type":"ListItem","@id":"https:\/\/www.eldigitaldeasturias.com\/noticias\/susana-diaz-andalucia-va-a-estar-al-lado-del-estado-de-derecho\/#listItem","position":3,"name":"Susana D\u00edaz: \u00abAndaluc\u00eda va a estar al lado del Estado de Derecho\u00bb","previousItem":{"@type":"ListItem","@id":"https:\/\/www.eldigitaldeasturias.com\/noticias\/category\/actualidad\/#listItem","name":"Actualidad"}}]},{"@type":"Organization","@id":"https:\/\/www.eldigitaldeasturias.com\/noticias\/#organization","name":"El Digital de Asturias","description":"Hemeroteca","url":"https:\/\/www.eldigitaldeasturias.com\/noticias\/","email":"info@eldigitaldeasturias.com","telephone":"+34652131393","logo":{"@type":"ImageObject","url":"https:\/\/www.eldigitaldeasturias.com\/noticias\/wp-content\/uploads\/2020\/12\/EDA.jpg","@id":"https:\/\/www.eldigitaldeasturias.com\/noticias\/susana-diaz-andalucia-va-a-estar-al-lado-del-estado-de-derecho\/#organizationLogo"},"image":{"@id":"https:\/\/www.eldigitaldeasturias.com\/noticias\/susana-diaz-andalucia-va-a-estar-al-lado-del-estado-de-derecho\/#organizationLogo"},"sameAs":["https:\/\/facebook.com\/eldigitaldeasturias","https:\/\/www.youtube.com\/channel\/UCZP-2wLEB9Rv6erhFmqVnvg"],"address":{"@id":"https:\/\/www.eldigitaldeasturias.com\/noticias\/#postaladdress","@type":"PostalAddress","streetAddress":"san antonio 4","postalCode":"33430","addressLocality":"Cand\u00e1s","addressRegion":"Asturias","addressCountry":"ES"}},{"@type":"Person","@id":"https:\/\/www.eldigitaldeasturias.com\/noticias\/author\/admin\/#author","url":"https:\/\/www.eldigitaldeasturias.com\/noticias\/author\/admin\/","name":"El Digital de Asturias","image":{"@type":"ImageObject","@id":"https:\/\/www.eldigitaldeasturias.com\/noticias\/susana-diaz-andalucia-va-a-estar-al-lado-del-estado-de-derecho\/#authorImage","url":"https:\/\/secure.gravatar.com\/avatar\/df2aeffc32bcd13f8d26072ef8a91b623d677766deac7f97ca815868cd41bf5e?s=96&d=mm&r=g","width":96,"height":96,"caption":"El Digital de Asturias"}},{"@type":"WebPage","@id":"https:\/\/www.eldigitaldeasturias.com\/noticias\/susana-diaz-andalucia-va-a-estar-al-lado-del-estado-de-derecho\/#webpage","url":"https:\/\/www.eldigitaldeasturias.com\/noticias\/susana-diaz-andalucia-va-a-estar-al-lado-del-estado-de-derecho\/","name":"Susana D\u00edaz: \u00abAndaluc\u00eda va a estar al lado del Estado de Derecho\u00bb - El Digital de Asturias","description":"La presidenta de la Junta, Susana D\u00edaz, ha subrayado que Andaluc\u00eda estar\u00e1 en la soluci\u00f3n, una vez que se restablezca el orden constitucional\". Durante su intervenci\u00f3n en el Parlamento sobre la cuesti\u00f3n catalana, D\u00edaz ha insistido en que \"Andaluc\u00eda va a estar al lado del Estado de Derecho\". \"El primer reto de los dem\u00f3cratas es","inLanguage":"es-ES","isPartOf":{"@id":"https:\/\/www.eldigitaldeasturias.com\/noticias\/#website"},"breadcrumb":{"@id":"https:\/\/www.eldigitaldeasturias.com\/noticias\/susana-diaz-andalucia-va-a-estar-al-lado-del-estado-de-derecho\/#breadcrumblist"},"author":{"@id":"https:\/\/www.eldigitaldeasturias.com\/noticias\/author\/admin\/#author"},"creator":{"@id":"https:\/\/www.eldigitaldeasturias.com\/noticias\/author\/admin\/#author"},"image":{"@type":"ImageObject","url":952192,"@id":"https:\/\/www.eldigitaldeasturias.com\/noticias\/susana-diaz-andalucia-va-a-estar-al-lado-del-estado-de-derecho\/#mainImage"},"primaryImageOfPage":{"@id":"https:\/\/www.eldigitaldeasturias.com\/noticias\/susana-diaz-andalucia-va-a-estar-al-lado-del-estado-de-derecho\/#mainImage"},"datePublished":"2017-09-28T21:18:27+02:00","dateModified":"2017-09-28T21:18:27+02:00"},{"@type":"WebSite","@id":"https:\/\/www.eldigitaldeasturias.com\/noticias\/#website","url":"https:\/\/www.eldigitaldeasturias.com\/noticias\/","name":"El Digital de Asturias - Diario de actualidad y noticias","alternateName":"El Digital de Asturias - Diario de actualidad y noticias","description":"Hemeroteca","inLanguage":"es-ES","publisher":{"@id":"https:\/\/www.eldigitaldeasturias.com\/noticias\/#organization"}}]},"og:locale":"es_ES","og:site_name":"El Digital de Asturias","og:type":"article","og:title":"Susana D\u00edaz: \u00abAndaluc\u00eda va a estar al lado del Estado de Derecho\u00bb - El Digital de Asturias","og:description":"La presidenta de la Junta, Susana D\u00edaz, ha subrayado que Andaluc\u00eda estar\u00e1 en la soluci\u00f3n, una vez que se restablezca el orden constitucional&quot;. Durante su intervenci\u00f3n en el Parlamento sobre la cuesti\u00f3n catalana, D\u00edaz ha insistido en que &quot;Andaluc\u00eda va a estar al lado del Estado de Derecho&quot;. &quot;El primer reto de los dem\u00f3cratas es","og:url":"https:\/\/www.eldigitaldeasturias.com\/noticias\/susana-diaz-andalucia-va-a-estar-al-lado-del-estado-de-derecho\/","article:tag":["actualidad"],"article:published_time":"2017-09-28T21:18:27+00:00","article:modified_time":"2017-09-28T21:18:27+00:00","article:publisher":"https:\/\/facebook.com\/eldigitaldeasturias","twitter:card":"summary_large_image","twitter:title":"Susana D\u00edaz: \u00abAndaluc\u00eda va a estar al lado del Estado de Derecho\u00bb - El Digital de Asturias","twitter:description":"La presidenta de la Junta, Susana D\u00edaz, ha subrayado que Andaluc\u00eda estar\u00e1 en la soluci\u00f3n, una vez que se restablezca el orden constitucional&quot;. Durante su intervenci\u00f3n en el Parlamento sobre la cuesti\u00f3n catalana, D\u00edaz ha insistido en que &quot;Andaluc\u00eda va a estar al lado del Estado de Derecho&quot;. &quot;El primer reto de los dem\u00f3cratas es","twitter:image":"https:\/\/www.eldigitaldeasturias.com\/noticias\/wp-content\/uploads\/2020\/12\/EDA-1.jpg","twitter:label1":"Escrito por","twitter:data1":"El Digital de Asturias","twitter:label2":"Tiempo de lectura estimado","twitter:data2":"2 minutos"},"aioseo_meta_data":{"post_id":"954126","title":null,"description":null,"keywords":null,"keyphrases":null,"primary_term":null,"canonical_url":null,"og_title":null,"og_description":null,"og_object_type":"default","og_image_type":"default","og_image_url":null,"og_image_width":null,"og_image_height":null,"og_image_custom_url":null,"og_image_custom_fields":null,"og_video":null,"og_custom_url":null,"og_article_section":null,"og_article_tags":null,"twitter_use_og":false,"twitter_card":"default","twitter_image_type":"default","twitter_image_url":null,"twitter_image_custom_url":null,"twitter_image_custom_fields":null,"twitter_title":null,"twitter_description":null,"schema":{"blockGraphs":[],"customGraphs":[],"default":{"data":{"Article":[],"Course":[],"Dataset":[],"FAQPage":[],"Movie":[],"Person":[],"Product":[],"ProductReview":[],"Car":[],"Recipe":[],"Service":[],"SoftwareApplication":[],"WebPage":[]},"graphName":"","isEnabled":true},"graphs":[],"defaultGraph":"","defaultPostTypeGraph":""},"schema_type":null,"schema_type_options":null,"pillar_content":false,"robots_default":true,"robots_noindex":false,"robots_noarchive":false,"robots_nosnippet":false,"robots_nofollow":false,"robots_noimageindex":false,"robots_noodp":false,"robots_notranslate":false,"robots_max_snippet":null,"robots_max_videopreview":null,"robots_max_imagepreview":"large","priority":null,"frequency":null,"local_seo":null,"seo_analyzer_scan_date":"2025-12-06 05:08:09","breadcrumb_settings":null,"limit_modified_date":false,"open_ai":null,"ai":null,"created":"2020-12-21 12:56:55","updated":"2025-12-06 05:08:09","focus_keyword":null,"additional_keywords":null,"truseo_locale":null},"aioseo_breadcrumb":"<div class=\"aioseo-breadcrumbs\"><span class=\"aioseo-breadcrumb\">\n\t<a href=\"https:\/\/www.eldigitaldeasturias.com\/noticias\" title=\"Home\">Home<\/a>\n<\/span><span class=\"aioseo-breadcrumb-separator\">\u2013<\/span><span class=\"aioseo-breadcrumb\">\n\t<a href=\"https:\/\/www.eldigitaldeasturias.com\/noticias\/category\/actualidad\/\" title=\"Actualidad\">Actualidad<\/a>\n<\/span><span class=\"aioseo-breadcrumb-separator\">\u2013<\/span><span class=\"aioseo-breadcrumb\">\n\t<a href=\"https:\/\/www.eldigitaldeasturias.com\/noticias\/susana-diaz-andalucia-va-a-estar-al-lado-del-estado-de-derecho\/\" title=\"Susana D\u00edaz: \u00abAndaluc\u00eda va a estar al lado del Estado de Derecho\u00bb\">Susana D\u00edaz: \u00abAndaluc\u00eda va a estar al lado del Estado de Derecho\u00bb<\/a>\n<\/span><\/div>","aioseo_breadcrumb_json":[{"label":"Home","link":"https:\/\/www.eldigitaldeasturias.com\/noticias"},{"label":"Actualidad","link":"https:\/\/www.eldigitaldeasturias.com\/noticias\/category\/actualidad\/"},{"label":"Susana D\u00edaz: \u00abAndaluc\u00eda va a estar al lado del Estado de Derecho\u00bb","link":"https:\/\/www.eldigitaldeasturias.com\/noticias\/susana-diaz-andalucia-va-a-estar-al-lado-del-estado-de-derecho\/"}],"_links":{"self":[{"href":"https:\/\/www.eldigitaldeasturias.com\/noticias\/wp-json\/wp\/v2\/posts\/954126","targetHints":{"allow":["GET"]}}],"collection":[{"href":"https:\/\/www.eldigitaldeasturias.com\/noticias\/wp-json\/wp\/v2\/posts"}],"about":[{"href":"https:\/\/www.eldigitaldeasturias.com\/noticias\/wp-json\/wp\/v2\/types\/post"}],"author":[{"embeddable":true,"href":"https:\/\/www.eldigitaldeasturias.com\/noticias\/wp-json\/wp\/v2\/users\/1"}],"replies":[{"embeddable":true,"href":"https:\/\/www.eldigitaldeasturias.com\/noticias\/wp-json\/wp\/v2\/comments?post=954126"}],"version-history":[{"count":0,"href":"https:\/\/www.eldigitaldeasturias.com\/noticias\/wp-json\/wp\/v2\/posts\/954126\/revisions"}],"wp:attachment":[{"href":"https:\/\/www.eldigitaldeasturias.com\/noticias\/wp-json\/wp\/v2\/media?parent=954126"}],"wp:term":[{"taxonomy":"category","embeddable":true,"href":"https:\/\/www.eldigitaldeasturias.com\/noticias\/wp-json\/wp\/v2\/categories?post=954126"},{"taxonomy":"post_tag","embeddable":true,"href":"https:\/\/www.eldigitaldeasturias.com\/noticias\/wp-json\/wp\/v2\/tags?post=954126"}],"curies":[{"name":"wp","href":"https:\/\/api.w.org\/{rel}","templated":true}]}}