{"id":954081,"date":"2017-09-28T16:50:52","date_gmt":"2017-09-28T16:50:52","guid":{"rendered":"http:\/\/www.eldigitaldeasturias.com\/noticias\/?p=954081"},"modified":"2017-09-28T16:50:52","modified_gmt":"2017-09-28T16:50:52","slug":"conclusiones-del-i-foro-de-la-federacion-de-cineastas-iberoamericanas","status":"publish","type":"post","link":"https:\/\/www.eldigitaldeasturias.com\/noticias\/conclusiones-del-i-foro-de-la-federacion-de-cineastas-iberoamericanas\/","title":{"rendered":"Conclusiones del I Foro de la Federaci\u00f3n de Cineastas Iberoamericanas"},"content":{"rendered":"<p><img loading=\"lazy\" decoding=\"async\" class=\"alignleft size-medium wp-image-954082\" src=\"https:\/\/www.eldigitaldeasturias.com\/noticias\/wp-content\/uploads\/2017\/09\/IMG_4485-360x270.jpg\" alt=\"\" width=\"360\" height=\"270\" \/>Azucena Rodr\u00edguez, representante de la Academia de Cine espa\u00f1ola en FIACINE, y M\u00aa Fernanda C\u00e9spedes, directora general de FIACINE, presentaron este jueves en el Festival de San Sebasti\u00e1n los compromisos alcanzados en el I Foro de la Federaci\u00f3n de Cineastas Iberoamericanas para lograr la igualdad de g\u00e9nero en el cine.<\/p>\n<p>Contabilizar la presencia de las mujeres en el cine iberoamericano y crear una p\u00e1gina web que visibilice a sus cineastas son los dos primeros objetivos marcados por la Federaci\u00f3n, que en este primer encuentro ha contado con la directora del Instituto de Cine Sueco, Anna Serner, cuyo plan de acci\u00f3n en el citado organismo ha logrado que la igualdad de g\u00e9nero sea una realidad en el pa\u00eds n\u00f3rdico.<\/p>\n<p>FIACINE establece en este I Foro un punto de partida con el que alcanzar la igualdad de g\u00e9nero en el sector. Esta hoja de ruta tendr\u00e1 continuidad en los pr\u00f3ximos meses en otros pa\u00edses de la Federaci\u00f3n. Las iniciativas que se llevar\u00e1n a cabo surgen de un informe consensuado elaborado por una comisi\u00f3n de trabajo que ha debatido y estudiado la representatividad de la mujer en la industria del cine iberoamericano.<\/p>\n<p><strong>Estudio de FIACINE<\/strong><\/p>\n<p>Los datos del estudio realizado por la Federaci\u00f3n Iberoamericana de Academias de Cine en 2016, que incluye ocho pa\u00edses (Argentina, Colombia, Ecuador, Espa\u00f1a, M\u00e9xico, Paraguay, Portugal y Venezuela), dejan patente que en el \u00e1mbito iberoamericano hay pocas directoras \u201318% frente al 82% de hombres\u2013, guionistas \u201322%\u2013 y productoras \u201327%\u2013, especialmente en los proyectos de mayor envergadura. Tambi\u00e9n son muy escasas las mujeres en fotograf\u00eda, sonido y m\u00fasica \u20137% en cada especialidad\u2013. Se incrementa el porcentaje en montaje \u201322% y actuaci\u00f3n, campo en el que ellas superan el 50%-51%\u2013. Del total de estrenos de 2016 en los citados territorios m\u00e1s Chile, 798, solo un 10% fueron dirigidos por mujeres en el g\u00e9nero de ficci\u00f3n, mientras que en el documental alcanzaron el 21%.<\/p>\n<p>&nbsp;<\/p>\n","protected":false},"excerpt":{"rendered":"<p>Azucena Rodr\u00edguez, representante de la Academia de Cine espa\u00f1ola en FIACINE, y M\u00aa Fernanda C\u00e9spedes, directora general de FIACINE, presentaron este jueves en el Festival de San Sebasti\u00e1n los compromisos alcanzados en el I Foro de la Federaci\u00f3n de Cineastas Iberoamericanas para lograr la igualdad de g\u00e9nero en el cine. Contabilizar la presencia de las [&hellip;]<\/p>\n","protected":false},"author":1,"featured_media":954082,"comment_status":"closed","ping_status":"closed","sticky":false,"template":"","format":"standard","meta":{"footnotes":""},"categories":[1],"tags":[],"class_list":["post-954081","post","type-post","status-publish","format-standard","has-post-thumbnail","hentry","category-actualidad"],"aioseo_notices":[],"aioseo_head":"\n\t\t<!-- All in One SEO Pro 5.0.1 - aioseo.com -->\n\t<meta name=\"description\" content=\"Azucena Rodr\u00edguez, representante de la Academia de Cine espa\u00f1ola en FIACINE, y M\u00aa Fernanda C\u00e9spedes, directora general de FIACINE, presentaron este jueves en el Festival de San Sebasti\u00e1n los compromisos alcanzados en el I Foro de la Federaci\u00f3n de Cineastas Iberoamericanas para lograr la igualdad de g\u00e9nero en el cine. Contabilizar la presencia de las\" \/>\n\t<meta name=\"robots\" content=\"max-image-preview:large\" \/>\n\t<meta name=\"author\" content=\"El Digital de Asturias\"\/>\n\t<meta name=\"google-site-verification\" content=\"UA-38556648-1\" \/>\n\t<meta name=\"msvalidate.01\" content=\"7dfe9f3f1b24437ab69f4f2559babe99\" \/>\n\t<meta name=\"keywords\" content=\"actualidad\" \/>\n\t<link rel=\"canonical\" href=\"https:\/\/www.eldigitaldeasturias.com\/noticias\/conclusiones-del-i-foro-de-la-federacion-de-cineastas-iberoamericanas\/\" \/>\n\t<meta name=\"generator\" content=\"All in One SEO Pro (AIOSEO) 5.0.1\" \/>\n\t\t<meta property=\"og:locale\" content=\"es_ES\" \/>\n\t\t<meta property=\"og:site_name\" content=\"El Digital de Asturias\" \/>\n\t\t<meta property=\"og:type\" content=\"article\" \/>\n\t\t<meta property=\"og:title\" content=\"Conclusiones del I Foro de la Federaci\u00f3n de Cineastas Iberoamericanas - El Digital de Asturias\" \/>\n\t\t<meta property=\"og:description\" content=\"Azucena Rodr\u00edguez, representante de la Academia de Cine espa\u00f1ola en FIACINE, y M\u00aa Fernanda C\u00e9spedes, directora general de FIACINE, presentaron este jueves en el Festival de San Sebasti\u00e1n los compromisos alcanzados en el I Foro de la Federaci\u00f3n de Cineastas Iberoamericanas para lograr la igualdad de g\u00e9nero en el cine. Contabilizar la presencia de las\" \/>\n\t\t<meta property=\"og:url\" content=\"https:\/\/www.eldigitaldeasturias.com\/noticias\/conclusiones-del-i-foro-de-la-federacion-de-cineastas-iberoamericanas\/\" \/>\n\t\t<meta property=\"article:tag\" content=\"actualidad\" \/>\n\t\t<meta property=\"article:published_time\" content=\"2017-09-28T16:50:52+00:00\" \/>\n\t\t<meta property=\"article:modified_time\" content=\"2017-09-28T16:50:52+00:00\" \/>\n\t\t<meta property=\"article:publisher\" content=\"https:\/\/facebook.com\/eldigitaldeasturias\" \/>\n\t\t<meta name=\"twitter:card\" content=\"summary_large_image\" \/>\n\t\t<meta name=\"twitter:title\" content=\"Conclusiones del I Foro de la Federaci\u00f3n de Cineastas Iberoamericanas - El Digital de Asturias\" \/>\n\t\t<meta name=\"twitter:description\" content=\"Azucena Rodr\u00edguez, representante de la Academia de Cine espa\u00f1ola en FIACINE, y M\u00aa Fernanda C\u00e9spedes, directora general de FIACINE, presentaron este jueves en el Festival de San Sebasti\u00e1n los compromisos alcanzados en el I Foro de la Federaci\u00f3n de Cineastas Iberoamericanas para lograr la igualdad de g\u00e9nero en el cine. Contabilizar la presencia de las\" \/>\n\t\t<meta name=\"twitter:image\" content=\"https:\/\/www.eldigitaldeasturias.com\/noticias\/wp-content\/uploads\/2020\/12\/EDA-1.jpg\" \/>\n\t\t<meta name=\"twitter:label1\" content=\"Escrito por\" \/>\n\t\t<meta name=\"twitter:data1\" content=\"El Digital de Asturias\" \/>\n\t\t<meta name=\"twitter:label2\" content=\"Tiempo de lectura estimado\" \/>\n\t\t<meta name=\"twitter:data2\" content=\"2 minutos\" \/>\n\t\t<script type=\"application\/ld+json\" class=\"aioseo-schema\">\n\t\t\t{\"@context\":\"https:\\\/\\\/schema.org\",\"@graph\":[{\"@type\":\"BlogPosting\",\"@id\":\"https:\\\/\\\/www.eldigitaldeasturias.com\\\/noticias\\\/conclusiones-del-i-foro-de-la-federacion-de-cineastas-iberoamericanas\\\/#blogposting\",\"name\":\"Conclusiones del I Foro de la Federaci\\u00f3n de Cineastas Iberoamericanas - El Digital de Asturias\",\"headline\":\"Conclusiones del I Foro de la Federaci\\u00f3n de Cineastas Iberoamericanas\",\"author\":{\"@id\":\"https:\\\/\\\/www.eldigitaldeasturias.com\\\/noticias\\\/author\\\/admin\\\/#author\"},\"publisher\":{\"@id\":\"https:\\\/\\\/www.eldigitaldeasturias.com\\\/noticias\\\/#organization\"},\"image\":{\"@type\":\"ImageObject\",\"url\":954082},\"datePublished\":\"2017-09-28T16:50:52+02:00\",\"dateModified\":\"2017-09-28T16:50:52+02:00\",\"inLanguage\":\"es-ES\",\"mainEntityOfPage\":{\"@id\":\"https:\\\/\\\/www.eldigitaldeasturias.com\\\/noticias\\\/conclusiones-del-i-foro-de-la-federacion-de-cineastas-iberoamericanas\\\/#webpage\"},\"isPartOf\":{\"@id\":\"https:\\\/\\\/www.eldigitaldeasturias.com\\\/noticias\\\/conclusiones-del-i-foro-de-la-federacion-de-cineastas-iberoamericanas\\\/#webpage\"},\"articleSection\":\"Actualidad\"},{\"@type\":\"BreadcrumbList\",\"@id\":\"https:\\\/\\\/www.eldigitaldeasturias.com\\\/noticias\\\/conclusiones-del-i-foro-de-la-federacion-de-cineastas-iberoamericanas\\\/#breadcrumblist\",\"itemListElement\":[{\"@type\":\"ListItem\",\"@id\":\"https:\\\/\\\/www.eldigitaldeasturias.com\\\/noticias#listItem\",\"position\":1,\"name\":\"Home\",\"item\":\"https:\\\/\\\/www.eldigitaldeasturias.com\\\/noticias\",\"nextItem\":{\"@type\":\"ListItem\",\"@id\":\"https:\\\/\\\/www.eldigitaldeasturias.com\\\/noticias\\\/category\\\/actualidad\\\/#listItem\",\"name\":\"Actualidad\"}},{\"@type\":\"ListItem\",\"@id\":\"https:\\\/\\\/www.eldigitaldeasturias.com\\\/noticias\\\/category\\\/actualidad\\\/#listItem\",\"position\":2,\"name\":\"Actualidad\",\"item\":\"https:\\\/\\\/www.eldigitaldeasturias.com\\\/noticias\\\/category\\\/actualidad\\\/\",\"nextItem\":{\"@type\":\"ListItem\",\"@id\":\"https:\\\/\\\/www.eldigitaldeasturias.com\\\/noticias\\\/conclusiones-del-i-foro-de-la-federacion-de-cineastas-iberoamericanas\\\/#listItem\",\"name\":\"Conclusiones del I Foro de la Federaci\\u00f3n de Cineastas Iberoamericanas\"},\"previousItem\":{\"@type\":\"ListItem\",\"@id\":\"https:\\\/\\\/www.eldigitaldeasturias.com\\\/noticias#listItem\",\"name\":\"Home\"}},{\"@type\":\"ListItem\",\"@id\":\"https:\\\/\\\/www.eldigitaldeasturias.com\\\/noticias\\\/conclusiones-del-i-foro-de-la-federacion-de-cineastas-iberoamericanas\\\/#listItem\",\"position\":3,\"name\":\"Conclusiones del I Foro de la Federaci\\u00f3n de Cineastas Iberoamericanas\",\"previousItem\":{\"@type\":\"ListItem\",\"@id\":\"https:\\\/\\\/www.eldigitaldeasturias.com\\\/noticias\\\/category\\\/actualidad\\\/#listItem\",\"name\":\"Actualidad\"}}]},{\"@type\":\"Organization\",\"@id\":\"https:\\\/\\\/www.eldigitaldeasturias.com\\\/noticias\\\/#organization\",\"name\":\"El Digital de Asturias\",\"description\":\"Hemeroteca\",\"url\":\"https:\\\/\\\/www.eldigitaldeasturias.com\\\/noticias\\\/\",\"email\":\"info@eldigitaldeasturias.com\",\"telephone\":\"+34652131393\",\"logo\":{\"@type\":\"ImageObject\",\"url\":\"https:\\\/\\\/www.eldigitaldeasturias.com\\\/noticias\\\/wp-content\\\/uploads\\\/2020\\\/12\\\/EDA.jpg\",\"@id\":\"https:\\\/\\\/www.eldigitaldeasturias.com\\\/noticias\\\/conclusiones-del-i-foro-de-la-federacion-de-cineastas-iberoamericanas\\\/#organizationLogo\"},\"image\":{\"@id\":\"https:\\\/\\\/www.eldigitaldeasturias.com\\\/noticias\\\/conclusiones-del-i-foro-de-la-federacion-de-cineastas-iberoamericanas\\\/#organizationLogo\"},\"sameAs\":[\"https:\\\/\\\/facebook.com\\\/eldigitaldeasturias\",\"https:\\\/\\\/www.youtube.com\\\/channel\\\/UCZP-2wLEB9Rv6erhFmqVnvg\"],\"address\":{\"@id\":\"https:\\\/\\\/www.eldigitaldeasturias.com\\\/noticias\\\/#postaladdress\",\"@type\":\"PostalAddress\",\"streetAddress\":\"san antonio 4\",\"postalCode\":\"33430\",\"addressLocality\":\"Cand\\u00e1s\",\"addressRegion\":\"Asturias\",\"addressCountry\":\"ES\"}},{\"@type\":\"Person\",\"@id\":\"https:\\\/\\\/www.eldigitaldeasturias.com\\\/noticias\\\/author\\\/admin\\\/#author\",\"url\":\"https:\\\/\\\/www.eldigitaldeasturias.com\\\/noticias\\\/author\\\/admin\\\/\",\"name\":\"El Digital de Asturias\",\"image\":{\"@type\":\"ImageObject\",\"@id\":\"https:\\\/\\\/www.eldigitaldeasturias.com\\\/noticias\\\/conclusiones-del-i-foro-de-la-federacion-de-cineastas-iberoamericanas\\\/#authorImage\",\"url\":\"https:\\\/\\\/secure.gravatar.com\\\/avatar\\\/df2aeffc32bcd13f8d26072ef8a91b623d677766deac7f97ca815868cd41bf5e?s=96&d=mm&r=g\",\"width\":96,\"height\":96,\"caption\":\"El Digital de Asturias\"}},{\"@type\":\"WebPage\",\"@id\":\"https:\\\/\\\/www.eldigitaldeasturias.com\\\/noticias\\\/conclusiones-del-i-foro-de-la-federacion-de-cineastas-iberoamericanas\\\/#webpage\",\"url\":\"https:\\\/\\\/www.eldigitaldeasturias.com\\\/noticias\\\/conclusiones-del-i-foro-de-la-federacion-de-cineastas-iberoamericanas\\\/\",\"name\":\"Conclusiones del I Foro de la Federaci\\u00f3n de Cineastas Iberoamericanas - El Digital de Asturias\",\"description\":\"Azucena Rodr\\u00edguez, representante de la Academia de Cine espa\\u00f1ola en FIACINE, y M\\u00aa Fernanda C\\u00e9spedes, directora general de FIACINE, presentaron este jueves en el Festival de San Sebasti\\u00e1n los compromisos alcanzados en el I Foro de la Federaci\\u00f3n de Cineastas Iberoamericanas para lograr la igualdad de g\\u00e9nero en el cine. Contabilizar la presencia de las\",\"inLanguage\":\"es-ES\",\"isPartOf\":{\"@id\":\"https:\\\/\\\/www.eldigitaldeasturias.com\\\/noticias\\\/#website\"},\"breadcrumb\":{\"@id\":\"https:\\\/\\\/www.eldigitaldeasturias.com\\\/noticias\\\/conclusiones-del-i-foro-de-la-federacion-de-cineastas-iberoamericanas\\\/#breadcrumblist\"},\"author\":{\"@id\":\"https:\\\/\\\/www.eldigitaldeasturias.com\\\/noticias\\\/author\\\/admin\\\/#author\"},\"creator\":{\"@id\":\"https:\\\/\\\/www.eldigitaldeasturias.com\\\/noticias\\\/author\\\/admin\\\/#author\"},\"image\":{\"@type\":\"ImageObject\",\"url\":954082,\"@id\":\"https:\\\/\\\/www.eldigitaldeasturias.com\\\/noticias\\\/conclusiones-del-i-foro-de-la-federacion-de-cineastas-iberoamericanas\\\/#mainImage\"},\"primaryImageOfPage\":{\"@id\":\"https:\\\/\\\/www.eldigitaldeasturias.com\\\/noticias\\\/conclusiones-del-i-foro-de-la-federacion-de-cineastas-iberoamericanas\\\/#mainImage\"},\"datePublished\":\"2017-09-28T16:50:52+02:00\",\"dateModified\":\"2017-09-28T16:50:52+02:00\"},{\"@type\":\"WebSite\",\"@id\":\"https:\\\/\\\/www.eldigitaldeasturias.com\\\/noticias\\\/#website\",\"url\":\"https:\\\/\\\/www.eldigitaldeasturias.com\\\/noticias\\\/\",\"name\":\"El Digital de Asturias - Diario de actualidad y noticias\",\"alternateName\":\"El Digital de Asturias - Diario de actualidad y noticias\",\"description\":\"Hemeroteca\",\"inLanguage\":\"es-ES\",\"publisher\":{\"@id\":\"https:\\\/\\\/www.eldigitaldeasturias.com\\\/noticias\\\/#organization\"}}]}\n\t\t<\/script>\n\t\t<!-- All in One SEO Pro -->\r\n\t\t<title>Conclusiones del I Foro de la Federaci\u00f3n de Cineastas Iberoamericanas - El Digital de Asturias<\/title>\n\n","aioseo_head_json":{"title":"Conclusiones del I Foro de la Federaci\u00f3n de Cineastas Iberoamericanas - El Digital de Asturias","description":"Azucena Rodr\u00edguez, representante de la Academia de Cine espa\u00f1ola en FIACINE, y M\u00aa Fernanda C\u00e9spedes, directora general de FIACINE, presentaron este jueves en el Festival de San Sebasti\u00e1n los compromisos alcanzados en el I Foro de la Federaci\u00f3n de Cineastas Iberoamericanas para lograr la igualdad de g\u00e9nero en el cine. Contabilizar la presencia de las","canonical_url":"https:\/\/www.eldigitaldeasturias.com\/noticias\/conclusiones-del-i-foro-de-la-federacion-de-cineastas-iberoamericanas\/","robots":"max-image-preview:large","keywords":"actualidad","webmasterTools":{"google-site-verification":"UA-38556648-1","msvalidate.01":"7dfe9f3f1b24437ab69f4f2559babe99","miscellaneous":""},"schema":{"@context":"https:\/\/schema.org","@graph":[{"@type":"BlogPosting","@id":"https:\/\/www.eldigitaldeasturias.com\/noticias\/conclusiones-del-i-foro-de-la-federacion-de-cineastas-iberoamericanas\/#blogposting","name":"Conclusiones del I Foro de la Federaci\u00f3n de Cineastas Iberoamericanas - El Digital de Asturias","headline":"Conclusiones del I Foro de la Federaci\u00f3n de Cineastas Iberoamericanas","author":{"@id":"https:\/\/www.eldigitaldeasturias.com\/noticias\/author\/admin\/#author"},"publisher":{"@id":"https:\/\/www.eldigitaldeasturias.com\/noticias\/#organization"},"image":{"@type":"ImageObject","url":954082},"datePublished":"2017-09-28T16:50:52+02:00","dateModified":"2017-09-28T16:50:52+02:00","inLanguage":"es-ES","mainEntityOfPage":{"@id":"https:\/\/www.eldigitaldeasturias.com\/noticias\/conclusiones-del-i-foro-de-la-federacion-de-cineastas-iberoamericanas\/#webpage"},"isPartOf":{"@id":"https:\/\/www.eldigitaldeasturias.com\/noticias\/conclusiones-del-i-foro-de-la-federacion-de-cineastas-iberoamericanas\/#webpage"},"articleSection":"Actualidad"},{"@type":"BreadcrumbList","@id":"https:\/\/www.eldigitaldeasturias.com\/noticias\/conclusiones-del-i-foro-de-la-federacion-de-cineastas-iberoamericanas\/#breadcrumblist","itemListElement":[{"@type":"ListItem","@id":"https:\/\/www.eldigitaldeasturias.com\/noticias#listItem","position":1,"name":"Home","item":"https:\/\/www.eldigitaldeasturias.com\/noticias","nextItem":{"@type":"ListItem","@id":"https:\/\/www.eldigitaldeasturias.com\/noticias\/category\/actualidad\/#listItem","name":"Actualidad"}},{"@type":"ListItem","@id":"https:\/\/www.eldigitaldeasturias.com\/noticias\/category\/actualidad\/#listItem","position":2,"name":"Actualidad","item":"https:\/\/www.eldigitaldeasturias.com\/noticias\/category\/actualidad\/","nextItem":{"@type":"ListItem","@id":"https:\/\/www.eldigitaldeasturias.com\/noticias\/conclusiones-del-i-foro-de-la-federacion-de-cineastas-iberoamericanas\/#listItem","name":"Conclusiones del I Foro de la Federaci\u00f3n de Cineastas Iberoamericanas"},"previousItem":{"@type":"ListItem","@id":"https:\/\/www.eldigitaldeasturias.com\/noticias#listItem","name":"Home"}},{"@type":"ListItem","@id":"https:\/\/www.eldigitaldeasturias.com\/noticias\/conclusiones-del-i-foro-de-la-federacion-de-cineastas-iberoamericanas\/#listItem","position":3,"name":"Conclusiones del I Foro de la Federaci\u00f3n de Cineastas Iberoamericanas","previousItem":{"@type":"ListItem","@id":"https:\/\/www.eldigitaldeasturias.com\/noticias\/category\/actualidad\/#listItem","name":"Actualidad"}}]},{"@type":"Organization","@id":"https:\/\/www.eldigitaldeasturias.com\/noticias\/#organization","name":"El Digital de Asturias","description":"Hemeroteca","url":"https:\/\/www.eldigitaldeasturias.com\/noticias\/","email":"info@eldigitaldeasturias.com","telephone":"+34652131393","logo":{"@type":"ImageObject","url":"https:\/\/www.eldigitaldeasturias.com\/noticias\/wp-content\/uploads\/2020\/12\/EDA.jpg","@id":"https:\/\/www.eldigitaldeasturias.com\/noticias\/conclusiones-del-i-foro-de-la-federacion-de-cineastas-iberoamericanas\/#organizationLogo"},"image":{"@id":"https:\/\/www.eldigitaldeasturias.com\/noticias\/conclusiones-del-i-foro-de-la-federacion-de-cineastas-iberoamericanas\/#organizationLogo"},"sameAs":["https:\/\/facebook.com\/eldigitaldeasturias","https:\/\/www.youtube.com\/channel\/UCZP-2wLEB9Rv6erhFmqVnvg"],"address":{"@id":"https:\/\/www.eldigitaldeasturias.com\/noticias\/#postaladdress","@type":"PostalAddress","streetAddress":"san antonio 4","postalCode":"33430","addressLocality":"Cand\u00e1s","addressRegion":"Asturias","addressCountry":"ES"}},{"@type":"Person","@id":"https:\/\/www.eldigitaldeasturias.com\/noticias\/author\/admin\/#author","url":"https:\/\/www.eldigitaldeasturias.com\/noticias\/author\/admin\/","name":"El Digital de Asturias","image":{"@type":"ImageObject","@id":"https:\/\/www.eldigitaldeasturias.com\/noticias\/conclusiones-del-i-foro-de-la-federacion-de-cineastas-iberoamericanas\/#authorImage","url":"https:\/\/secure.gravatar.com\/avatar\/df2aeffc32bcd13f8d26072ef8a91b623d677766deac7f97ca815868cd41bf5e?s=96&d=mm&r=g","width":96,"height":96,"caption":"El Digital de Asturias"}},{"@type":"WebPage","@id":"https:\/\/www.eldigitaldeasturias.com\/noticias\/conclusiones-del-i-foro-de-la-federacion-de-cineastas-iberoamericanas\/#webpage","url":"https:\/\/www.eldigitaldeasturias.com\/noticias\/conclusiones-del-i-foro-de-la-federacion-de-cineastas-iberoamericanas\/","name":"Conclusiones del I Foro de la Federaci\u00f3n de Cineastas Iberoamericanas - El Digital de Asturias","description":"Azucena Rodr\u00edguez, representante de la Academia de Cine espa\u00f1ola en FIACINE, y M\u00aa Fernanda C\u00e9spedes, directora general de FIACINE, presentaron este jueves en el Festival de San Sebasti\u00e1n los compromisos alcanzados en el I Foro de la Federaci\u00f3n de Cineastas Iberoamericanas para lograr la igualdad de g\u00e9nero en el cine. Contabilizar la presencia de las","inLanguage":"es-ES","isPartOf":{"@id":"https:\/\/www.eldigitaldeasturias.com\/noticias\/#website"},"breadcrumb":{"@id":"https:\/\/www.eldigitaldeasturias.com\/noticias\/conclusiones-del-i-foro-de-la-federacion-de-cineastas-iberoamericanas\/#breadcrumblist"},"author":{"@id":"https:\/\/www.eldigitaldeasturias.com\/noticias\/author\/admin\/#author"},"creator":{"@id":"https:\/\/www.eldigitaldeasturias.com\/noticias\/author\/admin\/#author"},"image":{"@type":"ImageObject","url":954082,"@id":"https:\/\/www.eldigitaldeasturias.com\/noticias\/conclusiones-del-i-foro-de-la-federacion-de-cineastas-iberoamericanas\/#mainImage"},"primaryImageOfPage":{"@id":"https:\/\/www.eldigitaldeasturias.com\/noticias\/conclusiones-del-i-foro-de-la-federacion-de-cineastas-iberoamericanas\/#mainImage"},"datePublished":"2017-09-28T16:50:52+02:00","dateModified":"2017-09-28T16:50:52+02:00"},{"@type":"WebSite","@id":"https:\/\/www.eldigitaldeasturias.com\/noticias\/#website","url":"https:\/\/www.eldigitaldeasturias.com\/noticias\/","name":"El Digital de Asturias - Diario de actualidad y noticias","alternateName":"El Digital de Asturias - Diario de actualidad y noticias","description":"Hemeroteca","inLanguage":"es-ES","publisher":{"@id":"https:\/\/www.eldigitaldeasturias.com\/noticias\/#organization"}}]},"og:locale":"es_ES","og:site_name":"El Digital de Asturias","og:type":"article","og:title":"Conclusiones del I Foro de la Federaci\u00f3n de Cineastas Iberoamericanas - El Digital de Asturias","og:description":"Azucena Rodr\u00edguez, representante de la Academia de Cine espa\u00f1ola en FIACINE, y M\u00aa Fernanda C\u00e9spedes, directora general de FIACINE, presentaron este jueves en el Festival de San Sebasti\u00e1n los compromisos alcanzados en el I Foro de la Federaci\u00f3n de Cineastas Iberoamericanas para lograr la igualdad de g\u00e9nero en el cine. Contabilizar la presencia de las","og:url":"https:\/\/www.eldigitaldeasturias.com\/noticias\/conclusiones-del-i-foro-de-la-federacion-de-cineastas-iberoamericanas\/","article:tag":["actualidad"],"article:published_time":"2017-09-28T16:50:52+00:00","article:modified_time":"2017-09-28T16:50:52+00:00","article:publisher":"https:\/\/facebook.com\/eldigitaldeasturias","twitter:card":"summary_large_image","twitter:title":"Conclusiones del I Foro de la Federaci\u00f3n de Cineastas Iberoamericanas - El Digital de Asturias","twitter:description":"Azucena Rodr\u00edguez, representante de la Academia de Cine espa\u00f1ola en FIACINE, y M\u00aa Fernanda C\u00e9spedes, directora general de FIACINE, presentaron este jueves en el Festival de San Sebasti\u00e1n los compromisos alcanzados en el I Foro de la Federaci\u00f3n de Cineastas Iberoamericanas para lograr la igualdad de g\u00e9nero en el cine. Contabilizar la presencia de las","twitter:image":"https:\/\/www.eldigitaldeasturias.com\/noticias\/wp-content\/uploads\/2020\/12\/EDA-1.jpg","twitter:label1":"Escrito por","twitter:data1":"El Digital de Asturias","twitter:label2":"Tiempo de lectura estimado","twitter:data2":"2 minutos"},"aioseo_meta_data":{"post_id":"954081","title":null,"description":null,"keywords":null,"keyphrases":null,"primary_term":null,"canonical_url":null,"og_title":null,"og_description":null,"og_object_type":"default","og_image_type":"default","og_image_url":null,"og_image_width":null,"og_image_height":null,"og_image_custom_url":null,"og_image_custom_fields":null,"og_video":null,"og_custom_url":null,"og_article_section":null,"og_article_tags":null,"twitter_use_og":false,"twitter_card":"default","twitter_image_type":"default","twitter_image_url":null,"twitter_image_custom_url":null,"twitter_image_custom_fields":null,"twitter_title":null,"twitter_description":null,"schema":{"blockGraphs":[],"customGraphs":[],"default":{"data":{"Article":[],"Course":[],"Dataset":[],"FAQPage":[],"Movie":[],"Person":[],"Product":[],"ProductReview":[],"Car":[],"Recipe":[],"Service":[],"SoftwareApplication":[],"WebPage":[]},"graphName":"","isEnabled":true},"graphs":[],"defaultGraph":"","defaultPostTypeGraph":""},"schema_type":null,"schema_type_options":null,"pillar_content":false,"robots_default":true,"robots_noindex":false,"robots_noarchive":false,"robots_nosnippet":false,"robots_nofollow":false,"robots_noimageindex":false,"robots_noodp":false,"robots_notranslate":false,"robots_max_snippet":null,"robots_max_videopreview":null,"robots_max_imagepreview":"large","priority":null,"frequency":null,"local_seo":null,"seo_analyzer_scan_date":"2025-12-06 05:00:07","breadcrumb_settings":null,"limit_modified_date":false,"open_ai":null,"ai":null,"created":"2020-12-21 12:56:55","updated":"2025-12-06 05:00:07","focus_keyword":null,"additional_keywords":null,"truseo_locale":null},"aioseo_breadcrumb":"<div class=\"aioseo-breadcrumbs\"><span class=\"aioseo-breadcrumb\">\n\t<a href=\"https:\/\/www.eldigitaldeasturias.com\/noticias\" title=\"Home\">Home<\/a>\n<\/span><span class=\"aioseo-breadcrumb-separator\">\u2013<\/span><span class=\"aioseo-breadcrumb\">\n\t<a href=\"https:\/\/www.eldigitaldeasturias.com\/noticias\/category\/actualidad\/\" title=\"Actualidad\">Actualidad<\/a>\n<\/span><span class=\"aioseo-breadcrumb-separator\">\u2013<\/span><span class=\"aioseo-breadcrumb\">\n\t<a href=\"https:\/\/www.eldigitaldeasturias.com\/noticias\/conclusiones-del-i-foro-de-la-federacion-de-cineastas-iberoamericanas\/\" title=\"Conclusiones del I Foro de la Federaci\u00f3n de Cineastas Iberoamericanas\">Conclusiones del I Foro de la Federaci\u00f3n de Cineastas Iberoamericanas<\/a>\n<\/span><\/div>","aioseo_breadcrumb_json":[{"label":"Home","link":"https:\/\/www.eldigitaldeasturias.com\/noticias"},{"label":"Actualidad","link":"https:\/\/www.eldigitaldeasturias.com\/noticias\/category\/actualidad\/"},{"label":"Conclusiones del I Foro de la Federaci\u00f3n de Cineastas Iberoamericanas","link":"https:\/\/www.eldigitaldeasturias.com\/noticias\/conclusiones-del-i-foro-de-la-federacion-de-cineastas-iberoamericanas\/"}],"_links":{"self":[{"href":"https:\/\/www.eldigitaldeasturias.com\/noticias\/wp-json\/wp\/v2\/posts\/954081","targetHints":{"allow":["GET"]}}],"collection":[{"href":"https:\/\/www.eldigitaldeasturias.com\/noticias\/wp-json\/wp\/v2\/posts"}],"about":[{"href":"https:\/\/www.eldigitaldeasturias.com\/noticias\/wp-json\/wp\/v2\/types\/post"}],"author":[{"embeddable":true,"href":"https:\/\/www.eldigitaldeasturias.com\/noticias\/wp-json\/wp\/v2\/users\/1"}],"replies":[{"embeddable":true,"href":"https:\/\/www.eldigitaldeasturias.com\/noticias\/wp-json\/wp\/v2\/comments?post=954081"}],"version-history":[{"count":0,"href":"https:\/\/www.eldigitaldeasturias.com\/noticias\/wp-json\/wp\/v2\/posts\/954081\/revisions"}],"wp:attachment":[{"href":"https:\/\/www.eldigitaldeasturias.com\/noticias\/wp-json\/wp\/v2\/media?parent=954081"}],"wp:term":[{"taxonomy":"category","embeddable":true,"href":"https:\/\/www.eldigitaldeasturias.com\/noticias\/wp-json\/wp\/v2\/categories?post=954081"},{"taxonomy":"post_tag","embeddable":true,"href":"https:\/\/www.eldigitaldeasturias.com\/noticias\/wp-json\/wp\/v2\/tags?post=954081"}],"curies":[{"name":"wp","href":"https:\/\/api.w.org\/{rel}","templated":true}]}}