{"id":954038,"date":"2017-09-28T14:24:34","date_gmt":"2017-09-28T14:24:34","guid":{"rendered":"http:\/\/www.eldigitaldeasturias.com\/noticias\/?p=954038"},"modified":"2017-09-28T14:24:34","modified_gmt":"2017-09-28T14:24:34","slug":"el-cumplimiento-de-los-objetivos-de-desarrollo-sostenible-asignatura-pendiente-en-espana","status":"publish","type":"post","link":"https:\/\/www.eldigitaldeasturias.com\/noticias\/el-cumplimiento-de-los-objetivos-de-desarrollo-sostenible-asignatura-pendiente-en-espana\/","title":{"rendered":"El cumplimiento de los Objetivos de Desarrollo Sostenible, asignatura pendiente en Espa\u00f1a"},"content":{"rendered":"<p><img loading=\"lazy\" decoding=\"async\" class=\"alignleft size-medium wp-image-562122\" src=\"https:\/\/www.eldigitaldeasturias.com\/noticias\/wp-content\/uploads\/2014\/07\/pobre-360x240.jpg\" alt=\"\" width=\"360\" height=\"240\" \/>Han pasado dos a\u00f1os desde que Espa\u00f1a aprobase la aplicaci\u00f3n de la Agenda de Desarrollo Sostenible 2030 y hasta el momento no se han visto avances significativos para su cumplimiento. \u201cLa clave es que desde el Gobierno se designe un \u00f3rgano de liderazgo y coordinaci\u00f3n de la Agenda 2030, ubicado en Presidencia del Gobierno y que implique a todos los ministerios, comunidades aut\u00f3nomas y entidades locales\u201d, han asegurado Oxfam Interm\u00f3n, UNICEF Comit\u00e9 Espa\u00f1ol y WWF Espa\u00f1a.<\/p>\n<p>Para que se convierta en realidad, piden al Ejecutivo que impulse la elaboraci\u00f3n de una Estrategia Nacional de Desarrollo Sostenible para garantizar que nadie se quede atr\u00e1s, as\u00ed como la implementaci\u00f3n de pol\u00edticas p\u00fablicas e inversi\u00f3n suficiente y ajustada a las necesidades reales para cumplir con la Agenda. Las tres organizaciones han destacado el papel fundamental de las Cortes para ejercer la labor de seguimiento y control de los avances y los desaf\u00edos de la Agenda, una tarea que pasa por una rendici\u00f3n de cuentas anual ante la sociedad.<\/p>\n<p>\u201cEsta Agenda da prioridad a la lucha contra la pobreza e incorpora la necesidad de reducir la desigualdad, lo cual es totalmente relevante para combatir la pobreza. Adem\u00e1s, la Agenda obliga a Espa\u00f1a a comprometerse para reducirlas no solo dentro de nuestras fronteras, sino fuera. Por ello, pedimos un compromiso del 0,4% de la RNB para Ayuda Oficial al Desarrollo en 2020, frente al 0,12% ejecutado en 2015\u201d, ha comentado Laura Ruiz, miembro del Patronato de Oxfam Interm\u00f3n.<\/p>\n<p>La pobreza se ha incrementado en Espa\u00f1a como resultado de la crisis y una de las principales razones ha sido el aumento de la desigualdad. Espa\u00f1a es el segundo pa\u00eds de la UE en donde m\u00e1s ha crecido la desigualdad. En 2016, el 10 por ciento m\u00e1s rico ten\u00eda un 35% m\u00e1s de ingresos que el 40% m\u00e1s pobre.<\/p>\n<p>En Espa\u00f1a 2,7 millones de ni\u00f1os (el 32,9%) viven en situaci\u00f3n de riesgo de pobreza o exclusi\u00f3n social. Espa\u00f1a tambi\u00e9n se sit\u00faa por debajo de la media de los pa\u00edses de la UE (el 1,7% del PIB) en inversi\u00f3n p\u00fablica en protecci\u00f3n social en infancia y familia, con un gasto del 0,6%. Esto dificulta la consecuci\u00f3n del ODS1, Reducci\u00f3n de la pobreza.<\/p>\n<p>\u201cLa Agenda supone una oportunidad \u00fanica para incidir en la m\u00e1xima protecci\u00f3n de todos los ni\u00f1os y las ni\u00f1as, y su implementaci\u00f3n representa una clara apuesta por un modelo social y pol\u00edtico que ponga en el centro a los ni\u00f1os, se\u00f1ala Carmelo Angulo, presidente de UNICEF Comit\u00e9 Espa\u00f1ol. \u201cGarantizar el bienestar de la infancia es una condici\u00f3n esencial para alcanzar los ODS para todos\u201d.<\/p>\n<p>La adopci\u00f3n de la Agenda 2030 supondr\u00eda una garant\u00eda para el bienestar de las personas y para vivir dentro de los l\u00edmites de un planeta con recursos limitados. En Espa\u00f1a, por ejemplo, el 59% de los suelos tienen menos materia org\u00e1nica que el m\u00ednimo aceptable, por lo que su capacidad de producir alimentos es menor, su riesgo de erosi\u00f3n es mayor, y necesitar\u00e1 m\u00e1s cantidad de fertilizantes y pesticidas para mantener la producci\u00f3n; y solo el 10% de h\u00e1bitats y el 20% de especies tienen un estado de conservaci\u00f3n favorable. Estos problemas se relacionan con los ODS 2 (Nutrici\u00f3n y agricultura sostenible), 6 (Agua y Saneamiento), 12 (Producci\u00f3n y consumo sostenibles) y 15 (Biodiversidad terrestre), respectivamente.<\/p>\n<p>Por su parte Juan Carlos del Olmo, secretario general de WWF Espa\u00f1a, asegura que \u00abLa Agenda 2030 es una oportunidad para cambiar nuestro modelo de desarrollo hacia uno que respete los recursos naturales y los l\u00edmites del planeta y que, a la vez, termine con la pobreza y la desigualdad. Debemos frenar la p\u00e9rdida de biodiversidad y reducir la huella ecol\u00f3gica, y para ello tenemos que descarbonizar la econom\u00eda espa\u00f1ola y disminuir el consumo de recursos como el suelo y el agua. Por eso pedimos el cierre de los pozos ilegales en zonas sobreexplotadas y que en 2027 los r\u00edos y acu\u00edferos espa\u00f1oles est\u00e9n en buen estado ambiental\u00bb.<\/p>\n<p>Las tres organizaciones han analizado la aplicaci\u00f3n de los Objetivos de Desarrollo Sostenible en el Panel de Alto Nivel Espa\u00f1a y la Implementaci\u00f3n de la Agenda 2030, celebrado esta ma\u00f1ana en la Casa de Am\u00e9rica de Madrid, y cuyas propuestas se pueden consultar en el documento \u201cAgenda 2030: una oportunidad para las personas y el planeta\u201d.<\/p>\n<p>La jornada ha contado con la presencia del embajador en misi\u00f3n especial para la Agenda 2030 del Ministerio de Asuntos Exteriores y Cooperaci\u00f3n, Juan Francisco Montalb\u00e1n, quien ha anunciado que el Gobierno acaba de aprobar la puesta en marcha de un mecanismo supraministerial adscrito a la Comisi\u00f3n Econ\u00f3mica Delegada de Presidencia para impulsar el avance de la implantaci\u00f3n de la agenda 2030 en Espa\u00f1a.<\/p>\n<p>Adem\u00e1s han participado distintos representantes de \u00e1mbito internacional, como la directora de la unidad de Desarrollo Sostenible de la Oficina Ejecutiva del Secretario General de Naciones Unidas, Michelle Gyles-McDonnough, del gobierno central, como la presidenta del Congreso, Ana Pastor, y de entidades auton\u00f3micas y locales.<\/p>\n<p><strong>La alianza hist\u00f3rica de tres ONG para avanzar en los ODS<\/strong><\/p>\n<p>Oxfam Interm\u00f3n, UNICEF Comit\u00e9 Espa\u00f1ol y WWF Espa\u00f1a trabajan de manera conjunta desde hace dos a\u00f1os (WWF Espa\u00f1a fue la \u00faltima ONG en incorporarse a la alianza) en el an\u00e1lisis del cumplimiento de los ODS por parte del Gobierno espa\u00f1ol y de las comunidades aut\u00f3nomas. Con amplia experiencia y trayectoria en campos distintos &#8211; desigualdad, infancia y conservaci\u00f3n de la naturaleza \u2013 cada organizaci\u00f3n aporta un an\u00e1lisis completo de la realidad espa\u00f1ola y establece pautas claras sobre c\u00f3mo conseguir que la Agenda 2030 se transforme en realidad.<\/p>\n<p>El documento \u201cAgenda 2030: una oportunidad para las personas y el planeta\u201d, presentado hoy, se puede consultar en la <a href=\"https:\/\/www.unicef.es\/infancia-ods\" target=\"_blank\" rel=\"noopener\"><span style=\"color: #ff0000;\"><strong>siguiente web <\/strong><\/span><\/a><\/p>\n","protected":false},"excerpt":{"rendered":"<p>Han pasado dos a\u00f1os desde que Espa\u00f1a aprobase la aplicaci\u00f3n de la Agenda de Desarrollo Sostenible 2030 y hasta el momento no se han visto avances significativos para su cumplimiento. \u201cLa clave es que desde el Gobierno se designe un \u00f3rgano de liderazgo y coordinaci\u00f3n de la Agenda 2030, ubicado en Presidencia del Gobierno y [&hellip;]<\/p>\n","protected":false},"author":1,"featured_media":562122,"comment_status":"closed","ping_status":"closed","sticky":false,"template":"","format":"standard","meta":{"footnotes":""},"categories":[1],"tags":[],"class_list":["post-954038","post","type-post","status-publish","format-standard","has-post-thumbnail","hentry","category-actualidad"],"aioseo_notices":[],"aioseo_head":"\n\t\t<!-- All in One SEO Pro 5.0.1 - aioseo.com -->\n\t<meta name=\"description\" content=\"Han pasado dos a\u00f1os desde que Espa\u00f1a aprobase la aplicaci\u00f3n de la Agenda de Desarrollo Sostenible 2030 y hasta el momento no se han visto avances significativos para su cumplimiento. \u201cLa clave es que desde el Gobierno se designe un \u00f3rgano de liderazgo y coordinaci\u00f3n de la Agenda 2030, ubicado en Presidencia del Gobierno y\" \/>\n\t<meta name=\"robots\" content=\"max-image-preview:large\" \/>\n\t<meta name=\"author\" content=\"El Digital de Asturias\"\/>\n\t<meta name=\"google-site-verification\" content=\"UA-38556648-1\" \/>\n\t<meta name=\"msvalidate.01\" content=\"7dfe9f3f1b24437ab69f4f2559babe99\" \/>\n\t<meta name=\"keywords\" content=\"actualidad\" \/>\n\t<link rel=\"canonical\" href=\"https:\/\/www.eldigitaldeasturias.com\/noticias\/el-cumplimiento-de-los-objetivos-de-desarrollo-sostenible-asignatura-pendiente-en-espana\/\" \/>\n\t<meta name=\"generator\" content=\"All in One SEO Pro (AIOSEO) 5.0.1\" \/>\n\t\t<meta property=\"og:locale\" content=\"es_ES\" \/>\n\t\t<meta property=\"og:site_name\" content=\"El Digital de Asturias\" \/>\n\t\t<meta property=\"og:type\" content=\"article\" \/>\n\t\t<meta property=\"og:title\" content=\"El cumplimiento de los Objetivos de Desarrollo Sostenible, asignatura pendiente en Espa\u00f1a - El Digital de Asturias\" \/>\n\t\t<meta property=\"og:description\" content=\"Han pasado dos a\u00f1os desde que Espa\u00f1a aprobase la aplicaci\u00f3n de la Agenda de Desarrollo Sostenible 2030 y hasta el momento no se han visto avances significativos para su cumplimiento. \u201cLa clave es que desde el Gobierno se designe un \u00f3rgano de liderazgo y coordinaci\u00f3n de la Agenda 2030, ubicado en Presidencia del Gobierno y\" \/>\n\t\t<meta property=\"og:url\" content=\"https:\/\/www.eldigitaldeasturias.com\/noticias\/el-cumplimiento-de-los-objetivos-de-desarrollo-sostenible-asignatura-pendiente-en-espana\/\" \/>\n\t\t<meta property=\"article:tag\" content=\"actualidad\" \/>\n\t\t<meta property=\"article:published_time\" content=\"2017-09-28T14:24:34+00:00\" \/>\n\t\t<meta property=\"article:modified_time\" content=\"2017-09-28T14:24:34+00:00\" \/>\n\t\t<meta property=\"article:publisher\" content=\"https:\/\/facebook.com\/eldigitaldeasturias\" \/>\n\t\t<meta name=\"twitter:card\" content=\"summary_large_image\" \/>\n\t\t<meta name=\"twitter:title\" content=\"El cumplimiento de los Objetivos de Desarrollo Sostenible, asignatura pendiente en Espa\u00f1a - El Digital de Asturias\" \/>\n\t\t<meta name=\"twitter:description\" content=\"Han pasado dos a\u00f1os desde que Espa\u00f1a aprobase la aplicaci\u00f3n de la Agenda de Desarrollo Sostenible 2030 y hasta el momento no se han visto avances significativos para su cumplimiento. \u201cLa clave es que desde el Gobierno se designe un \u00f3rgano de liderazgo y coordinaci\u00f3n de la Agenda 2030, ubicado en Presidencia del Gobierno y\" \/>\n\t\t<meta name=\"twitter:image\" content=\"https:\/\/www.eldigitaldeasturias.com\/noticias\/wp-content\/uploads\/2020\/12\/EDA-1.jpg\" \/>\n\t\t<meta name=\"twitter:label1\" content=\"Escrito por\" \/>\n\t\t<meta name=\"twitter:data1\" content=\"El Digital de Asturias\" \/>\n\t\t<meta name=\"twitter:label2\" content=\"Tiempo de lectura estimado\" \/>\n\t\t<meta name=\"twitter:data2\" content=\"5 minutos\" \/>\n\t\t<script type=\"application\/ld+json\" class=\"aioseo-schema\">\n\t\t\t{\"@context\":\"https:\\\/\\\/schema.org\",\"@graph\":[{\"@type\":\"BlogPosting\",\"@id\":\"https:\\\/\\\/www.eldigitaldeasturias.com\\\/noticias\\\/el-cumplimiento-de-los-objetivos-de-desarrollo-sostenible-asignatura-pendiente-en-espana\\\/#blogposting\",\"name\":\"El cumplimiento de los Objetivos de Desarrollo Sostenible, asignatura pendiente en Espa\\u00f1a - El Digital de Asturias\",\"headline\":\"El cumplimiento de los Objetivos de Desarrollo Sostenible, asignatura pendiente en Espa\\u00f1a\",\"author\":{\"@id\":\"https:\\\/\\\/www.eldigitaldeasturias.com\\\/noticias\\\/author\\\/admin\\\/#author\"},\"publisher\":{\"@id\":\"https:\\\/\\\/www.eldigitaldeasturias.com\\\/noticias\\\/#organization\"},\"image\":{\"@type\":\"ImageObject\",\"url\":562122},\"datePublished\":\"2017-09-28T14:24:34+02:00\",\"dateModified\":\"2017-09-28T14:24:34+02:00\",\"inLanguage\":\"es-ES\",\"mainEntityOfPage\":{\"@id\":\"https:\\\/\\\/www.eldigitaldeasturias.com\\\/noticias\\\/el-cumplimiento-de-los-objetivos-de-desarrollo-sostenible-asignatura-pendiente-en-espana\\\/#webpage\"},\"isPartOf\":{\"@id\":\"https:\\\/\\\/www.eldigitaldeasturias.com\\\/noticias\\\/el-cumplimiento-de-los-objetivos-de-desarrollo-sostenible-asignatura-pendiente-en-espana\\\/#webpage\"},\"articleSection\":\"Actualidad\"},{\"@type\":\"BreadcrumbList\",\"@id\":\"https:\\\/\\\/www.eldigitaldeasturias.com\\\/noticias\\\/el-cumplimiento-de-los-objetivos-de-desarrollo-sostenible-asignatura-pendiente-en-espana\\\/#breadcrumblist\",\"itemListElement\":[{\"@type\":\"ListItem\",\"@id\":\"https:\\\/\\\/www.eldigitaldeasturias.com\\\/noticias#listItem\",\"position\":1,\"name\":\"Home\",\"item\":\"https:\\\/\\\/www.eldigitaldeasturias.com\\\/noticias\",\"nextItem\":{\"@type\":\"ListItem\",\"@id\":\"https:\\\/\\\/www.eldigitaldeasturias.com\\\/noticias\\\/category\\\/actualidad\\\/#listItem\",\"name\":\"Actualidad\"}},{\"@type\":\"ListItem\",\"@id\":\"https:\\\/\\\/www.eldigitaldeasturias.com\\\/noticias\\\/category\\\/actualidad\\\/#listItem\",\"position\":2,\"name\":\"Actualidad\",\"item\":\"https:\\\/\\\/www.eldigitaldeasturias.com\\\/noticias\\\/category\\\/actualidad\\\/\",\"nextItem\":{\"@type\":\"ListItem\",\"@id\":\"https:\\\/\\\/www.eldigitaldeasturias.com\\\/noticias\\\/el-cumplimiento-de-los-objetivos-de-desarrollo-sostenible-asignatura-pendiente-en-espana\\\/#listItem\",\"name\":\"El cumplimiento de los Objetivos de Desarrollo Sostenible, asignatura pendiente en Espa\\u00f1a\"},\"previousItem\":{\"@type\":\"ListItem\",\"@id\":\"https:\\\/\\\/www.eldigitaldeasturias.com\\\/noticias#listItem\",\"name\":\"Home\"}},{\"@type\":\"ListItem\",\"@id\":\"https:\\\/\\\/www.eldigitaldeasturias.com\\\/noticias\\\/el-cumplimiento-de-los-objetivos-de-desarrollo-sostenible-asignatura-pendiente-en-espana\\\/#listItem\",\"position\":3,\"name\":\"El cumplimiento de los Objetivos de Desarrollo Sostenible, asignatura pendiente en Espa\\u00f1a\",\"previousItem\":{\"@type\":\"ListItem\",\"@id\":\"https:\\\/\\\/www.eldigitaldeasturias.com\\\/noticias\\\/category\\\/actualidad\\\/#listItem\",\"name\":\"Actualidad\"}}]},{\"@type\":\"Organization\",\"@id\":\"https:\\\/\\\/www.eldigitaldeasturias.com\\\/noticias\\\/#organization\",\"name\":\"El Digital de Asturias\",\"description\":\"Hemeroteca\",\"url\":\"https:\\\/\\\/www.eldigitaldeasturias.com\\\/noticias\\\/\",\"email\":\"info@eldigitaldeasturias.com\",\"telephone\":\"+34652131393\",\"logo\":{\"@type\":\"ImageObject\",\"url\":\"https:\\\/\\\/www.eldigitaldeasturias.com\\\/noticias\\\/wp-content\\\/uploads\\\/2020\\\/12\\\/EDA.jpg\",\"@id\":\"https:\\\/\\\/www.eldigitaldeasturias.com\\\/noticias\\\/el-cumplimiento-de-los-objetivos-de-desarrollo-sostenible-asignatura-pendiente-en-espana\\\/#organizationLogo\"},\"image\":{\"@id\":\"https:\\\/\\\/www.eldigitaldeasturias.com\\\/noticias\\\/el-cumplimiento-de-los-objetivos-de-desarrollo-sostenible-asignatura-pendiente-en-espana\\\/#organizationLogo\"},\"sameAs\":[\"https:\\\/\\\/facebook.com\\\/eldigitaldeasturias\",\"https:\\\/\\\/www.youtube.com\\\/channel\\\/UCZP-2wLEB9Rv6erhFmqVnvg\"],\"address\":{\"@id\":\"https:\\\/\\\/www.eldigitaldeasturias.com\\\/noticias\\\/#postaladdress\",\"@type\":\"PostalAddress\",\"streetAddress\":\"san antonio 4\",\"postalCode\":\"33430\",\"addressLocality\":\"Cand\\u00e1s\",\"addressRegion\":\"Asturias\",\"addressCountry\":\"ES\"}},{\"@type\":\"Person\",\"@id\":\"https:\\\/\\\/www.eldigitaldeasturias.com\\\/noticias\\\/author\\\/admin\\\/#author\",\"url\":\"https:\\\/\\\/www.eldigitaldeasturias.com\\\/noticias\\\/author\\\/admin\\\/\",\"name\":\"El Digital de Asturias\",\"image\":{\"@type\":\"ImageObject\",\"@id\":\"https:\\\/\\\/www.eldigitaldeasturias.com\\\/noticias\\\/el-cumplimiento-de-los-objetivos-de-desarrollo-sostenible-asignatura-pendiente-en-espana\\\/#authorImage\",\"url\":\"https:\\\/\\\/secure.gravatar.com\\\/avatar\\\/df2aeffc32bcd13f8d26072ef8a91b623d677766deac7f97ca815868cd41bf5e?s=96&d=mm&r=g\",\"width\":96,\"height\":96,\"caption\":\"El Digital de Asturias\"}},{\"@type\":\"WebPage\",\"@id\":\"https:\\\/\\\/www.eldigitaldeasturias.com\\\/noticias\\\/el-cumplimiento-de-los-objetivos-de-desarrollo-sostenible-asignatura-pendiente-en-espana\\\/#webpage\",\"url\":\"https:\\\/\\\/www.eldigitaldeasturias.com\\\/noticias\\\/el-cumplimiento-de-los-objetivos-de-desarrollo-sostenible-asignatura-pendiente-en-espana\\\/\",\"name\":\"El cumplimiento de los Objetivos de Desarrollo Sostenible, asignatura pendiente en Espa\\u00f1a - El Digital de Asturias\",\"description\":\"Han pasado dos a\\u00f1os desde que Espa\\u00f1a aprobase la aplicaci\\u00f3n de la Agenda de Desarrollo Sostenible 2030 y hasta el momento no se han visto avances significativos para su cumplimiento. \\u201cLa clave es que desde el Gobierno se designe un \\u00f3rgano de liderazgo y coordinaci\\u00f3n de la Agenda 2030, ubicado en Presidencia del Gobierno y\",\"inLanguage\":\"es-ES\",\"isPartOf\":{\"@id\":\"https:\\\/\\\/www.eldigitaldeasturias.com\\\/noticias\\\/#website\"},\"breadcrumb\":{\"@id\":\"https:\\\/\\\/www.eldigitaldeasturias.com\\\/noticias\\\/el-cumplimiento-de-los-objetivos-de-desarrollo-sostenible-asignatura-pendiente-en-espana\\\/#breadcrumblist\"},\"author\":{\"@id\":\"https:\\\/\\\/www.eldigitaldeasturias.com\\\/noticias\\\/author\\\/admin\\\/#author\"},\"creator\":{\"@id\":\"https:\\\/\\\/www.eldigitaldeasturias.com\\\/noticias\\\/author\\\/admin\\\/#author\"},\"image\":{\"@type\":\"ImageObject\",\"url\":562122,\"@id\":\"https:\\\/\\\/www.eldigitaldeasturias.com\\\/noticias\\\/el-cumplimiento-de-los-objetivos-de-desarrollo-sostenible-asignatura-pendiente-en-espana\\\/#mainImage\"},\"primaryImageOfPage\":{\"@id\":\"https:\\\/\\\/www.eldigitaldeasturias.com\\\/noticias\\\/el-cumplimiento-de-los-objetivos-de-desarrollo-sostenible-asignatura-pendiente-en-espana\\\/#mainImage\"},\"datePublished\":\"2017-09-28T14:24:34+02:00\",\"dateModified\":\"2017-09-28T14:24:34+02:00\"},{\"@type\":\"WebSite\",\"@id\":\"https:\\\/\\\/www.eldigitaldeasturias.com\\\/noticias\\\/#website\",\"url\":\"https:\\\/\\\/www.eldigitaldeasturias.com\\\/noticias\\\/\",\"name\":\"El Digital de Asturias - Diario de actualidad y noticias\",\"alternateName\":\"El Digital de Asturias - Diario de actualidad y noticias\",\"description\":\"Hemeroteca\",\"inLanguage\":\"es-ES\",\"publisher\":{\"@id\":\"https:\\\/\\\/www.eldigitaldeasturias.com\\\/noticias\\\/#organization\"}}]}\n\t\t<\/script>\n\t\t<!-- All in One SEO Pro -->\r\n\t\t<title>El cumplimiento de los Objetivos de Desarrollo Sostenible, asignatura pendiente en Espa\u00f1a - El Digital de Asturias<\/title>\n\n","aioseo_head_json":{"title":"El cumplimiento de los Objetivos de Desarrollo Sostenible, asignatura pendiente en Espa\u00f1a - El Digital de Asturias","description":"Han pasado dos a\u00f1os desde que Espa\u00f1a aprobase la aplicaci\u00f3n de la Agenda de Desarrollo Sostenible 2030 y hasta el momento no se han visto avances significativos para su cumplimiento. \u201cLa clave es que desde el Gobierno se designe un \u00f3rgano de liderazgo y coordinaci\u00f3n de la Agenda 2030, ubicado en Presidencia del Gobierno y","canonical_url":"https:\/\/www.eldigitaldeasturias.com\/noticias\/el-cumplimiento-de-los-objetivos-de-desarrollo-sostenible-asignatura-pendiente-en-espana\/","robots":"max-image-preview:large","keywords":"actualidad","webmasterTools":{"google-site-verification":"UA-38556648-1","msvalidate.01":"7dfe9f3f1b24437ab69f4f2559babe99","miscellaneous":""},"schema":{"@context":"https:\/\/schema.org","@graph":[{"@type":"BlogPosting","@id":"https:\/\/www.eldigitaldeasturias.com\/noticias\/el-cumplimiento-de-los-objetivos-de-desarrollo-sostenible-asignatura-pendiente-en-espana\/#blogposting","name":"El cumplimiento de los Objetivos de Desarrollo Sostenible, asignatura pendiente en Espa\u00f1a - El Digital de Asturias","headline":"El cumplimiento de los Objetivos de Desarrollo Sostenible, asignatura pendiente en Espa\u00f1a","author":{"@id":"https:\/\/www.eldigitaldeasturias.com\/noticias\/author\/admin\/#author"},"publisher":{"@id":"https:\/\/www.eldigitaldeasturias.com\/noticias\/#organization"},"image":{"@type":"ImageObject","url":562122},"datePublished":"2017-09-28T14:24:34+02:00","dateModified":"2017-09-28T14:24:34+02:00","inLanguage":"es-ES","mainEntityOfPage":{"@id":"https:\/\/www.eldigitaldeasturias.com\/noticias\/el-cumplimiento-de-los-objetivos-de-desarrollo-sostenible-asignatura-pendiente-en-espana\/#webpage"},"isPartOf":{"@id":"https:\/\/www.eldigitaldeasturias.com\/noticias\/el-cumplimiento-de-los-objetivos-de-desarrollo-sostenible-asignatura-pendiente-en-espana\/#webpage"},"articleSection":"Actualidad"},{"@type":"BreadcrumbList","@id":"https:\/\/www.eldigitaldeasturias.com\/noticias\/el-cumplimiento-de-los-objetivos-de-desarrollo-sostenible-asignatura-pendiente-en-espana\/#breadcrumblist","itemListElement":[{"@type":"ListItem","@id":"https:\/\/www.eldigitaldeasturias.com\/noticias#listItem","position":1,"name":"Home","item":"https:\/\/www.eldigitaldeasturias.com\/noticias","nextItem":{"@type":"ListItem","@id":"https:\/\/www.eldigitaldeasturias.com\/noticias\/category\/actualidad\/#listItem","name":"Actualidad"}},{"@type":"ListItem","@id":"https:\/\/www.eldigitaldeasturias.com\/noticias\/category\/actualidad\/#listItem","position":2,"name":"Actualidad","item":"https:\/\/www.eldigitaldeasturias.com\/noticias\/category\/actualidad\/","nextItem":{"@type":"ListItem","@id":"https:\/\/www.eldigitaldeasturias.com\/noticias\/el-cumplimiento-de-los-objetivos-de-desarrollo-sostenible-asignatura-pendiente-en-espana\/#listItem","name":"El cumplimiento de los Objetivos de Desarrollo Sostenible, asignatura pendiente en Espa\u00f1a"},"previousItem":{"@type":"ListItem","@id":"https:\/\/www.eldigitaldeasturias.com\/noticias#listItem","name":"Home"}},{"@type":"ListItem","@id":"https:\/\/www.eldigitaldeasturias.com\/noticias\/el-cumplimiento-de-los-objetivos-de-desarrollo-sostenible-asignatura-pendiente-en-espana\/#listItem","position":3,"name":"El cumplimiento de los Objetivos de Desarrollo Sostenible, asignatura pendiente en Espa\u00f1a","previousItem":{"@type":"ListItem","@id":"https:\/\/www.eldigitaldeasturias.com\/noticias\/category\/actualidad\/#listItem","name":"Actualidad"}}]},{"@type":"Organization","@id":"https:\/\/www.eldigitaldeasturias.com\/noticias\/#organization","name":"El Digital de Asturias","description":"Hemeroteca","url":"https:\/\/www.eldigitaldeasturias.com\/noticias\/","email":"info@eldigitaldeasturias.com","telephone":"+34652131393","logo":{"@type":"ImageObject","url":"https:\/\/www.eldigitaldeasturias.com\/noticias\/wp-content\/uploads\/2020\/12\/EDA.jpg","@id":"https:\/\/www.eldigitaldeasturias.com\/noticias\/el-cumplimiento-de-los-objetivos-de-desarrollo-sostenible-asignatura-pendiente-en-espana\/#organizationLogo"},"image":{"@id":"https:\/\/www.eldigitaldeasturias.com\/noticias\/el-cumplimiento-de-los-objetivos-de-desarrollo-sostenible-asignatura-pendiente-en-espana\/#organizationLogo"},"sameAs":["https:\/\/facebook.com\/eldigitaldeasturias","https:\/\/www.youtube.com\/channel\/UCZP-2wLEB9Rv6erhFmqVnvg"],"address":{"@id":"https:\/\/www.eldigitaldeasturias.com\/noticias\/#postaladdress","@type":"PostalAddress","streetAddress":"san antonio 4","postalCode":"33430","addressLocality":"Cand\u00e1s","addressRegion":"Asturias","addressCountry":"ES"}},{"@type":"Person","@id":"https:\/\/www.eldigitaldeasturias.com\/noticias\/author\/admin\/#author","url":"https:\/\/www.eldigitaldeasturias.com\/noticias\/author\/admin\/","name":"El Digital de Asturias","image":{"@type":"ImageObject","@id":"https:\/\/www.eldigitaldeasturias.com\/noticias\/el-cumplimiento-de-los-objetivos-de-desarrollo-sostenible-asignatura-pendiente-en-espana\/#authorImage","url":"https:\/\/secure.gravatar.com\/avatar\/df2aeffc32bcd13f8d26072ef8a91b623d677766deac7f97ca815868cd41bf5e?s=96&d=mm&r=g","width":96,"height":96,"caption":"El Digital de Asturias"}},{"@type":"WebPage","@id":"https:\/\/www.eldigitaldeasturias.com\/noticias\/el-cumplimiento-de-los-objetivos-de-desarrollo-sostenible-asignatura-pendiente-en-espana\/#webpage","url":"https:\/\/www.eldigitaldeasturias.com\/noticias\/el-cumplimiento-de-los-objetivos-de-desarrollo-sostenible-asignatura-pendiente-en-espana\/","name":"El cumplimiento de los Objetivos de Desarrollo Sostenible, asignatura pendiente en Espa\u00f1a - El Digital de Asturias","description":"Han pasado dos a\u00f1os desde que Espa\u00f1a aprobase la aplicaci\u00f3n de la Agenda de Desarrollo Sostenible 2030 y hasta el momento no se han visto avances significativos para su cumplimiento. \u201cLa clave es que desde el Gobierno se designe un \u00f3rgano de liderazgo y coordinaci\u00f3n de la Agenda 2030, ubicado en Presidencia del Gobierno y","inLanguage":"es-ES","isPartOf":{"@id":"https:\/\/www.eldigitaldeasturias.com\/noticias\/#website"},"breadcrumb":{"@id":"https:\/\/www.eldigitaldeasturias.com\/noticias\/el-cumplimiento-de-los-objetivos-de-desarrollo-sostenible-asignatura-pendiente-en-espana\/#breadcrumblist"},"author":{"@id":"https:\/\/www.eldigitaldeasturias.com\/noticias\/author\/admin\/#author"},"creator":{"@id":"https:\/\/www.eldigitaldeasturias.com\/noticias\/author\/admin\/#author"},"image":{"@type":"ImageObject","url":562122,"@id":"https:\/\/www.eldigitaldeasturias.com\/noticias\/el-cumplimiento-de-los-objetivos-de-desarrollo-sostenible-asignatura-pendiente-en-espana\/#mainImage"},"primaryImageOfPage":{"@id":"https:\/\/www.eldigitaldeasturias.com\/noticias\/el-cumplimiento-de-los-objetivos-de-desarrollo-sostenible-asignatura-pendiente-en-espana\/#mainImage"},"datePublished":"2017-09-28T14:24:34+02:00","dateModified":"2017-09-28T14:24:34+02:00"},{"@type":"WebSite","@id":"https:\/\/www.eldigitaldeasturias.com\/noticias\/#website","url":"https:\/\/www.eldigitaldeasturias.com\/noticias\/","name":"El Digital de Asturias - Diario de actualidad y noticias","alternateName":"El Digital de Asturias - Diario de actualidad y noticias","description":"Hemeroteca","inLanguage":"es-ES","publisher":{"@id":"https:\/\/www.eldigitaldeasturias.com\/noticias\/#organization"}}]},"og:locale":"es_ES","og:site_name":"El Digital de Asturias","og:type":"article","og:title":"El cumplimiento de los Objetivos de Desarrollo Sostenible, asignatura pendiente en Espa\u00f1a - El Digital de Asturias","og:description":"Han pasado dos a\u00f1os desde que Espa\u00f1a aprobase la aplicaci\u00f3n de la Agenda de Desarrollo Sostenible 2030 y hasta el momento no se han visto avances significativos para su cumplimiento. \u201cLa clave es que desde el Gobierno se designe un \u00f3rgano de liderazgo y coordinaci\u00f3n de la Agenda 2030, ubicado en Presidencia del Gobierno y","og:url":"https:\/\/www.eldigitaldeasturias.com\/noticias\/el-cumplimiento-de-los-objetivos-de-desarrollo-sostenible-asignatura-pendiente-en-espana\/","article:tag":["actualidad"],"article:published_time":"2017-09-28T14:24:34+00:00","article:modified_time":"2017-09-28T14:24:34+00:00","article:publisher":"https:\/\/facebook.com\/eldigitaldeasturias","twitter:card":"summary_large_image","twitter:title":"El cumplimiento de los Objetivos de Desarrollo Sostenible, asignatura pendiente en Espa\u00f1a - El Digital de Asturias","twitter:description":"Han pasado dos a\u00f1os desde que Espa\u00f1a aprobase la aplicaci\u00f3n de la Agenda de Desarrollo Sostenible 2030 y hasta el momento no se han visto avances significativos para su cumplimiento. \u201cLa clave es que desde el Gobierno se designe un \u00f3rgano de liderazgo y coordinaci\u00f3n de la Agenda 2030, ubicado en Presidencia del Gobierno y","twitter:image":"https:\/\/www.eldigitaldeasturias.com\/noticias\/wp-content\/uploads\/2020\/12\/EDA-1.jpg","twitter:label1":"Escrito por","twitter:data1":"El Digital de Asturias","twitter:label2":"Tiempo de lectura estimado","twitter:data2":"5 minutos"},"aioseo_meta_data":{"post_id":"954038","title":null,"description":null,"keywords":null,"keyphrases":null,"primary_term":null,"canonical_url":null,"og_title":null,"og_description":null,"og_object_type":"default","og_image_type":"default","og_image_url":null,"og_image_width":null,"og_image_height":null,"og_image_custom_url":null,"og_image_custom_fields":null,"og_video":null,"og_custom_url":null,"og_article_section":null,"og_article_tags":null,"twitter_use_og":false,"twitter_card":"default","twitter_image_type":"default","twitter_image_url":null,"twitter_image_custom_url":null,"twitter_image_custom_fields":null,"twitter_title":null,"twitter_description":null,"schema":{"blockGraphs":[],"customGraphs":[],"default":{"data":{"Article":[],"Course":[],"Dataset":[],"FAQPage":[],"Movie":[],"Person":[],"Product":[],"ProductReview":[],"Car":[],"Recipe":[],"Service":[],"SoftwareApplication":[],"WebPage":[]},"graphName":"","isEnabled":true},"graphs":[]},"schema_type":null,"schema_type_options":null,"pillar_content":false,"robots_default":true,"robots_noindex":false,"robots_noarchive":false,"robots_nosnippet":false,"robots_nofollow":false,"robots_noimageindex":false,"robots_noodp":false,"robots_notranslate":false,"robots_max_snippet":null,"robots_max_videopreview":null,"robots_max_imagepreview":"large","priority":null,"frequency":null,"local_seo":null,"seo_analyzer_scan_date":"2025-12-06 04:55:18","breadcrumb_settings":null,"limit_modified_date":false,"open_ai":null,"ai":null,"created":"2020-12-21 12:56:55","updated":"2025-12-06 04:55:18","focus_keyword":null,"additional_keywords":null,"truseo_locale":null},"aioseo_breadcrumb":"<div class=\"aioseo-breadcrumbs\"><span class=\"aioseo-breadcrumb\">\n\t<a href=\"https:\/\/www.eldigitaldeasturias.com\/noticias\" title=\"Home\">Home<\/a>\n<\/span><span class=\"aioseo-breadcrumb-separator\">\u2013<\/span><span class=\"aioseo-breadcrumb\">\n\t<a href=\"https:\/\/www.eldigitaldeasturias.com\/noticias\/category\/actualidad\/\" title=\"Actualidad\">Actualidad<\/a>\n<\/span><span class=\"aioseo-breadcrumb-separator\">\u2013<\/span><span class=\"aioseo-breadcrumb\">\n\t<a href=\"https:\/\/www.eldigitaldeasturias.com\/noticias\/el-cumplimiento-de-los-objetivos-de-desarrollo-sostenible-asignatura-pendiente-en-espana\/\" title=\"El cumplimiento de los Objetivos de Desarrollo Sostenible, asignatura pendiente en Espa\u00f1a\">El cumplimiento de los Objetivos de Desarrollo Sostenible, asignatura pendiente en Espa\u00f1a<\/a>\n<\/span><\/div>","aioseo_breadcrumb_json":[{"label":"Home","link":"https:\/\/www.eldigitaldeasturias.com\/noticias"},{"label":"Actualidad","link":"https:\/\/www.eldigitaldeasturias.com\/noticias\/category\/actualidad\/"},{"label":"El cumplimiento de los Objetivos de Desarrollo Sostenible, asignatura pendiente en Espa\u00f1a","link":"https:\/\/www.eldigitaldeasturias.com\/noticias\/el-cumplimiento-de-los-objetivos-de-desarrollo-sostenible-asignatura-pendiente-en-espana\/"}],"_links":{"self":[{"href":"https:\/\/www.eldigitaldeasturias.com\/noticias\/wp-json\/wp\/v2\/posts\/954038","targetHints":{"allow":["GET"]}}],"collection":[{"href":"https:\/\/www.eldigitaldeasturias.com\/noticias\/wp-json\/wp\/v2\/posts"}],"about":[{"href":"https:\/\/www.eldigitaldeasturias.com\/noticias\/wp-json\/wp\/v2\/types\/post"}],"author":[{"embeddable":true,"href":"https:\/\/www.eldigitaldeasturias.com\/noticias\/wp-json\/wp\/v2\/users\/1"}],"replies":[{"embeddable":true,"href":"https:\/\/www.eldigitaldeasturias.com\/noticias\/wp-json\/wp\/v2\/comments?post=954038"}],"version-history":[{"count":0,"href":"https:\/\/www.eldigitaldeasturias.com\/noticias\/wp-json\/wp\/v2\/posts\/954038\/revisions"}],"wp:attachment":[{"href":"https:\/\/www.eldigitaldeasturias.com\/noticias\/wp-json\/wp\/v2\/media?parent=954038"}],"wp:term":[{"taxonomy":"category","embeddable":true,"href":"https:\/\/www.eldigitaldeasturias.com\/noticias\/wp-json\/wp\/v2\/categories?post=954038"},{"taxonomy":"post_tag","embeddable":true,"href":"https:\/\/www.eldigitaldeasturias.com\/noticias\/wp-json\/wp\/v2\/tags?post=954038"}],"curies":[{"name":"wp","href":"https:\/\/api.w.org\/{rel}","templated":true}]}}