{"id":953911,"date":"2017-09-27T15:22:13","date_gmt":"2017-09-27T15:22:13","guid":{"rendered":"http:\/\/www.eldigitaldeasturias.com\/noticias\/?p=953911"},"modified":"2017-09-27T15:22:13","modified_gmt":"2017-09-27T15:22:13","slug":"villarejo-llama-a-no-participar-en-el-referendum-del-1-o","status":"publish","type":"post","link":"https:\/\/www.eldigitaldeasturias.com\/noticias\/villarejo-llama-a-no-participar-en-el-referendum-del-1-o\/","title":{"rendered":"Villarejo llama a no participar en el refer\u00e9ndum del 1-O"},"content":{"rendered":"<p><img loading=\"lazy\" decoding=\"async\" class=\"alignleft size-medium wp-image-953912\" src=\"https:\/\/www.eldigitaldeasturias.com\/noticias\/wp-content\/uploads\/2017\/09\/Manifiesto-360x246.jpg\" alt=\"\" width=\"360\" height=\"246\" \/>Jim\u00e9nez Villarejo, que fue fiscal jefe de la Audiencia de Barcelona y fiscal Anticorrupci\u00f3n, ha participado en el acto en el centro c\u00edvico \u2018La Sedeta\u2019 de Barcelona convocado por el Foro de las Izquierdas no Nacionalistas para reclamar la no participaci\u00f3n en el refer\u00e9ndum sobre la independencia de Catalu\u00f1a del pr\u00f3ximo domingo, suspendido por el Tribunal Constitucional.<\/p>\n<p>El acto, al que han asistido unas doscientas personas, ha comenzado con el himno republicano y ha finalizado con el canto de la internacional socialista tras las intervenciones del exsecretario general del PCE Francisco Frutos, el exdiputado de Cs Antonio Robles y la portavoz de Recortes Cero Nuria Su\u00e1rez.<\/p>\n<p>Jim\u00e9nez Villarejo, que fue fiscal jefe de la Audiencia de Barcelona y fiscal Anticorrupci\u00f3n, tambi\u00e9n ha afirmado que Catalu\u00f1a no tiene derecho \u201ca decidir\u201d ni a \u201cautodeterminarse\u201d en un acto donde se ha reclamado una alternativa electoral que defienda \u201cla unidad de los pueblos\u201d desde la izquierda.<\/p>\n<p>Jim\u00e9nez Villarejo, que tambi\u00e9n fue eurodiputado de Podemos aunque renunci\u00f3 muy pronto, ha asegurado que el refer\u00e9ndum de independencia busca \u201celudir los efluvios de la corrupci\u00f3n por parte de una clase dominante que est\u00e1 destruyendo el estado democr\u00e1tico y el estado de derecho y convirtiendo Catalu\u00f1a en un p\u00e1ramo\u201d. Y se ha mostrado adem\u00e1s convencido de que \u201centre todos\u201d se est\u00e1 avanzando por construir una izquierda que \u201cno sea complaciente\u201d.<\/p>\n<p>Por su parte, el exsecretario general del PCE, Francisco Frutos, ha abogado por plantear una reforma constitucional para exigir \u201cuna serie de derechos sociales y laborales que no se cumplen\u201d y plantear al mismo tiempo una \u201csoluci\u00f3n territorial para una Espa\u00f1a federal, republicana y con perspectiva socialista\u201d. Frutos, que ha tachado a los independentistas de \u201cfan\u00e1ticos descerebrados\u201d, ha pedido adem\u00e1s a quienes no son independentistas que no ejerzan de \u201cpalanganeros\u201d, adem\u00e1s de abogar por reconstruir la izquierda en Catalu\u00f1a, que \u201cnavega y no sabe ad\u00f3nde va\u201d.<\/p>\n<p>En esa misma l\u00ednea, la activista de Recortes Cero Nuria Su\u00e1rez ha concluido el acto pidiendo que se abra paso \u201cuna alternativa que defienda la unidad del pueblo y de todas las regiones de Espa\u00f1a\u201d.<\/p>\n<p>Tambi\u00e9n la periodista feminista Lidia Falc\u00f3n ha considerado \u201cdetestable, triste y desesperante\u201d la \u201ccampa\u00f1a infame\u201d de los \u201csupremacistas catalanes\u201d para dividir a una ciudadan\u00eda \u201cpresa del s\u00edndrome de Estocolmo\u201d que se ha dejado arrastrar por la intenci\u00f3n de \u201cseparar a las regiones ricas de las regiones pobres\u201d.<\/p>\n<p>&nbsp;<\/p>\n","protected":false},"excerpt":{"rendered":"<p>Jim\u00e9nez Villarejo, que fue fiscal jefe de la Audiencia de Barcelona y fiscal Anticorrupci\u00f3n, ha participado en el acto en el centro c\u00edvico \u2018La Sedeta\u2019 de Barcelona convocado por el Foro de las Izquierdas no Nacionalistas para reclamar la no participaci\u00f3n en el refer\u00e9ndum sobre la independencia de Catalu\u00f1a del pr\u00f3ximo domingo, suspendido por el [&hellip;]<\/p>\n","protected":false},"author":1,"featured_media":953912,"comment_status":"closed","ping_status":"closed","sticky":false,"template":"","format":"standard","meta":{"footnotes":""},"categories":[1],"tags":[],"class_list":["post-953911","post","type-post","status-publish","format-standard","has-post-thumbnail","hentry","category-actualidad"],"aioseo_notices":[],"aioseo_head":"\n\t\t<!-- All in One SEO Pro 5.0.1 - aioseo.com -->\n\t<meta name=\"description\" content=\"Jim\u00e9nez Villarejo, que fue fiscal jefe de la Audiencia de Barcelona y fiscal Anticorrupci\u00f3n, ha participado en el acto en el centro c\u00edvico \u2018La Sedeta\u2019 de Barcelona convocado por el Foro de las Izquierdas no Nacionalistas para reclamar la no participaci\u00f3n en el refer\u00e9ndum sobre la independencia de Catalu\u00f1a del pr\u00f3ximo domingo, suspendido por el\" \/>\n\t<meta name=\"robots\" content=\"max-image-preview:large\" \/>\n\t<meta name=\"author\" content=\"El Digital de Asturias\"\/>\n\t<meta name=\"google-site-verification\" content=\"UA-38556648-1\" \/>\n\t<meta name=\"msvalidate.01\" content=\"7dfe9f3f1b24437ab69f4f2559babe99\" \/>\n\t<meta name=\"keywords\" content=\"actualidad\" \/>\n\t<link rel=\"canonical\" href=\"https:\/\/www.eldigitaldeasturias.com\/noticias\/villarejo-llama-a-no-participar-en-el-referendum-del-1-o\/\" \/>\n\t<meta name=\"generator\" content=\"All in One SEO Pro (AIOSEO) 5.0.1\" \/>\n\t\t<meta property=\"og:locale\" content=\"es_ES\" \/>\n\t\t<meta property=\"og:site_name\" content=\"El Digital de Asturias\" \/>\n\t\t<meta property=\"og:type\" content=\"article\" \/>\n\t\t<meta property=\"og:title\" content=\"Villarejo llama a no participar en el refer\u00e9ndum del 1-O - El Digital de Asturias\" \/>\n\t\t<meta property=\"og:description\" content=\"Jim\u00e9nez Villarejo, que fue fiscal jefe de la Audiencia de Barcelona y fiscal Anticorrupci\u00f3n, ha participado en el acto en el centro c\u00edvico \u2018La Sedeta\u2019 de Barcelona convocado por el Foro de las Izquierdas no Nacionalistas para reclamar la no participaci\u00f3n en el refer\u00e9ndum sobre la independencia de Catalu\u00f1a del pr\u00f3ximo domingo, suspendido por el\" \/>\n\t\t<meta property=\"og:url\" content=\"https:\/\/www.eldigitaldeasturias.com\/noticias\/villarejo-llama-a-no-participar-en-el-referendum-del-1-o\/\" \/>\n\t\t<meta property=\"article:tag\" content=\"actualidad\" \/>\n\t\t<meta property=\"article:published_time\" content=\"2017-09-27T15:22:13+00:00\" \/>\n\t\t<meta property=\"article:modified_time\" content=\"2017-09-27T15:22:13+00:00\" \/>\n\t\t<meta property=\"article:publisher\" content=\"https:\/\/facebook.com\/eldigitaldeasturias\" \/>\n\t\t<meta name=\"twitter:card\" content=\"summary_large_image\" \/>\n\t\t<meta name=\"twitter:title\" content=\"Villarejo llama a no participar en el refer\u00e9ndum del 1-O - El Digital de Asturias\" \/>\n\t\t<meta name=\"twitter:description\" content=\"Jim\u00e9nez Villarejo, que fue fiscal jefe de la Audiencia de Barcelona y fiscal Anticorrupci\u00f3n, ha participado en el acto en el centro c\u00edvico \u2018La Sedeta\u2019 de Barcelona convocado por el Foro de las Izquierdas no Nacionalistas para reclamar la no participaci\u00f3n en el refer\u00e9ndum sobre la independencia de Catalu\u00f1a del pr\u00f3ximo domingo, suspendido por el\" \/>\n\t\t<meta name=\"twitter:image\" content=\"https:\/\/www.eldigitaldeasturias.com\/noticias\/wp-content\/uploads\/2020\/12\/EDA-1.jpg\" \/>\n\t\t<meta name=\"twitter:label1\" content=\"Escrito por\" \/>\n\t\t<meta name=\"twitter:data1\" content=\"El Digital de Asturias\" \/>\n\t\t<meta name=\"twitter:label2\" content=\"Tiempo de lectura estimado\" \/>\n\t\t<meta name=\"twitter:data2\" content=\"2 minutos\" \/>\n\t\t<script type=\"application\/ld+json\" class=\"aioseo-schema\">\n\t\t\t{\"@context\":\"https:\\\/\\\/schema.org\",\"@graph\":[{\"@type\":\"BlogPosting\",\"@id\":\"https:\\\/\\\/www.eldigitaldeasturias.com\\\/noticias\\\/villarejo-llama-a-no-participar-en-el-referendum-del-1-o\\\/#blogposting\",\"name\":\"Villarejo llama a no participar en el refer\\u00e9ndum del 1-O - El Digital de Asturias\",\"headline\":\"Villarejo llama a no participar en el refer\\u00e9ndum del 1-O\",\"author\":{\"@id\":\"https:\\\/\\\/www.eldigitaldeasturias.com\\\/noticias\\\/author\\\/admin\\\/#author\"},\"publisher\":{\"@id\":\"https:\\\/\\\/www.eldigitaldeasturias.com\\\/noticias\\\/#organization\"},\"image\":{\"@type\":\"ImageObject\",\"url\":953912},\"datePublished\":\"2017-09-27T15:22:13+02:00\",\"dateModified\":\"2017-09-27T15:22:13+02:00\",\"inLanguage\":\"es-ES\",\"mainEntityOfPage\":{\"@id\":\"https:\\\/\\\/www.eldigitaldeasturias.com\\\/noticias\\\/villarejo-llama-a-no-participar-en-el-referendum-del-1-o\\\/#webpage\"},\"isPartOf\":{\"@id\":\"https:\\\/\\\/www.eldigitaldeasturias.com\\\/noticias\\\/villarejo-llama-a-no-participar-en-el-referendum-del-1-o\\\/#webpage\"},\"articleSection\":\"Actualidad\"},{\"@type\":\"BreadcrumbList\",\"@id\":\"https:\\\/\\\/www.eldigitaldeasturias.com\\\/noticias\\\/villarejo-llama-a-no-participar-en-el-referendum-del-1-o\\\/#breadcrumblist\",\"itemListElement\":[{\"@type\":\"ListItem\",\"@id\":\"https:\\\/\\\/www.eldigitaldeasturias.com\\\/noticias#listItem\",\"position\":1,\"name\":\"Home\",\"item\":\"https:\\\/\\\/www.eldigitaldeasturias.com\\\/noticias\",\"nextItem\":{\"@type\":\"ListItem\",\"@id\":\"https:\\\/\\\/www.eldigitaldeasturias.com\\\/noticias\\\/category\\\/actualidad\\\/#listItem\",\"name\":\"Actualidad\"}},{\"@type\":\"ListItem\",\"@id\":\"https:\\\/\\\/www.eldigitaldeasturias.com\\\/noticias\\\/category\\\/actualidad\\\/#listItem\",\"position\":2,\"name\":\"Actualidad\",\"item\":\"https:\\\/\\\/www.eldigitaldeasturias.com\\\/noticias\\\/category\\\/actualidad\\\/\",\"nextItem\":{\"@type\":\"ListItem\",\"@id\":\"https:\\\/\\\/www.eldigitaldeasturias.com\\\/noticias\\\/villarejo-llama-a-no-participar-en-el-referendum-del-1-o\\\/#listItem\",\"name\":\"Villarejo llama a no participar en el refer\\u00e9ndum del 1-O\"},\"previousItem\":{\"@type\":\"ListItem\",\"@id\":\"https:\\\/\\\/www.eldigitaldeasturias.com\\\/noticias#listItem\",\"name\":\"Home\"}},{\"@type\":\"ListItem\",\"@id\":\"https:\\\/\\\/www.eldigitaldeasturias.com\\\/noticias\\\/villarejo-llama-a-no-participar-en-el-referendum-del-1-o\\\/#listItem\",\"position\":3,\"name\":\"Villarejo llama a no participar en el refer\\u00e9ndum del 1-O\",\"previousItem\":{\"@type\":\"ListItem\",\"@id\":\"https:\\\/\\\/www.eldigitaldeasturias.com\\\/noticias\\\/category\\\/actualidad\\\/#listItem\",\"name\":\"Actualidad\"}}]},{\"@type\":\"Organization\",\"@id\":\"https:\\\/\\\/www.eldigitaldeasturias.com\\\/noticias\\\/#organization\",\"name\":\"El Digital de Asturias\",\"description\":\"Hemeroteca\",\"url\":\"https:\\\/\\\/www.eldigitaldeasturias.com\\\/noticias\\\/\",\"email\":\"info@eldigitaldeasturias.com\",\"telephone\":\"+34652131393\",\"logo\":{\"@type\":\"ImageObject\",\"url\":\"https:\\\/\\\/www.eldigitaldeasturias.com\\\/noticias\\\/wp-content\\\/uploads\\\/2020\\\/12\\\/EDA.jpg\",\"@id\":\"https:\\\/\\\/www.eldigitaldeasturias.com\\\/noticias\\\/villarejo-llama-a-no-participar-en-el-referendum-del-1-o\\\/#organizationLogo\"},\"image\":{\"@id\":\"https:\\\/\\\/www.eldigitaldeasturias.com\\\/noticias\\\/villarejo-llama-a-no-participar-en-el-referendum-del-1-o\\\/#organizationLogo\"},\"sameAs\":[\"https:\\\/\\\/facebook.com\\\/eldigitaldeasturias\",\"https:\\\/\\\/www.youtube.com\\\/channel\\\/UCZP-2wLEB9Rv6erhFmqVnvg\"],\"address\":{\"@id\":\"https:\\\/\\\/www.eldigitaldeasturias.com\\\/noticias\\\/#postaladdress\",\"@type\":\"PostalAddress\",\"streetAddress\":\"san antonio 4\",\"postalCode\":\"33430\",\"addressLocality\":\"Cand\\u00e1s\",\"addressRegion\":\"Asturias\",\"addressCountry\":\"ES\"}},{\"@type\":\"Person\",\"@id\":\"https:\\\/\\\/www.eldigitaldeasturias.com\\\/noticias\\\/author\\\/admin\\\/#author\",\"url\":\"https:\\\/\\\/www.eldigitaldeasturias.com\\\/noticias\\\/author\\\/admin\\\/\",\"name\":\"El Digital de Asturias\",\"image\":{\"@type\":\"ImageObject\",\"@id\":\"https:\\\/\\\/www.eldigitaldeasturias.com\\\/noticias\\\/villarejo-llama-a-no-participar-en-el-referendum-del-1-o\\\/#authorImage\",\"url\":\"https:\\\/\\\/secure.gravatar.com\\\/avatar\\\/df2aeffc32bcd13f8d26072ef8a91b623d677766deac7f97ca815868cd41bf5e?s=96&d=mm&r=g\",\"width\":96,\"height\":96,\"caption\":\"El Digital de Asturias\"}},{\"@type\":\"WebPage\",\"@id\":\"https:\\\/\\\/www.eldigitaldeasturias.com\\\/noticias\\\/villarejo-llama-a-no-participar-en-el-referendum-del-1-o\\\/#webpage\",\"url\":\"https:\\\/\\\/www.eldigitaldeasturias.com\\\/noticias\\\/villarejo-llama-a-no-participar-en-el-referendum-del-1-o\\\/\",\"name\":\"Villarejo llama a no participar en el refer\\u00e9ndum del 1-O - El Digital de Asturias\",\"description\":\"Jim\\u00e9nez Villarejo, que fue fiscal jefe de la Audiencia de Barcelona y fiscal Anticorrupci\\u00f3n, ha participado en el acto en el centro c\\u00edvico \\u2018La Sedeta\\u2019 de Barcelona convocado por el Foro de las Izquierdas no Nacionalistas para reclamar la no participaci\\u00f3n en el refer\\u00e9ndum sobre la independencia de Catalu\\u00f1a del pr\\u00f3ximo domingo, suspendido por el\",\"inLanguage\":\"es-ES\",\"isPartOf\":{\"@id\":\"https:\\\/\\\/www.eldigitaldeasturias.com\\\/noticias\\\/#website\"},\"breadcrumb\":{\"@id\":\"https:\\\/\\\/www.eldigitaldeasturias.com\\\/noticias\\\/villarejo-llama-a-no-participar-en-el-referendum-del-1-o\\\/#breadcrumblist\"},\"author\":{\"@id\":\"https:\\\/\\\/www.eldigitaldeasturias.com\\\/noticias\\\/author\\\/admin\\\/#author\"},\"creator\":{\"@id\":\"https:\\\/\\\/www.eldigitaldeasturias.com\\\/noticias\\\/author\\\/admin\\\/#author\"},\"image\":{\"@type\":\"ImageObject\",\"url\":953912,\"@id\":\"https:\\\/\\\/www.eldigitaldeasturias.com\\\/noticias\\\/villarejo-llama-a-no-participar-en-el-referendum-del-1-o\\\/#mainImage\"},\"primaryImageOfPage\":{\"@id\":\"https:\\\/\\\/www.eldigitaldeasturias.com\\\/noticias\\\/villarejo-llama-a-no-participar-en-el-referendum-del-1-o\\\/#mainImage\"},\"datePublished\":\"2017-09-27T15:22:13+02:00\",\"dateModified\":\"2017-09-27T15:22:13+02:00\"},{\"@type\":\"WebSite\",\"@id\":\"https:\\\/\\\/www.eldigitaldeasturias.com\\\/noticias\\\/#website\",\"url\":\"https:\\\/\\\/www.eldigitaldeasturias.com\\\/noticias\\\/\",\"name\":\"El Digital de Asturias - Diario de actualidad y noticias\",\"alternateName\":\"El Digital de Asturias - Diario de actualidad y noticias\",\"description\":\"Hemeroteca\",\"inLanguage\":\"es-ES\",\"publisher\":{\"@id\":\"https:\\\/\\\/www.eldigitaldeasturias.com\\\/noticias\\\/#organization\"}}]}\n\t\t<\/script>\n\t\t<!-- All in One SEO Pro -->\r\n\t\t<title>Villarejo llama a no participar en el refer\u00e9ndum del 1-O - El Digital de Asturias<\/title>\n\n","aioseo_head_json":{"title":"Villarejo llama a no participar en el refer\u00e9ndum del 1-O - El Digital de Asturias","description":"Jim\u00e9nez Villarejo, que fue fiscal jefe de la Audiencia de Barcelona y fiscal Anticorrupci\u00f3n, ha participado en el acto en el centro c\u00edvico \u2018La Sedeta\u2019 de Barcelona convocado por el Foro de las Izquierdas no Nacionalistas para reclamar la no participaci\u00f3n en el refer\u00e9ndum sobre la independencia de Catalu\u00f1a del pr\u00f3ximo domingo, suspendido por el","canonical_url":"https:\/\/www.eldigitaldeasturias.com\/noticias\/villarejo-llama-a-no-participar-en-el-referendum-del-1-o\/","robots":"max-image-preview:large","keywords":"actualidad","webmasterTools":{"google-site-verification":"UA-38556648-1","msvalidate.01":"7dfe9f3f1b24437ab69f4f2559babe99","miscellaneous":""},"schema":{"@context":"https:\/\/schema.org","@graph":[{"@type":"BlogPosting","@id":"https:\/\/www.eldigitaldeasturias.com\/noticias\/villarejo-llama-a-no-participar-en-el-referendum-del-1-o\/#blogposting","name":"Villarejo llama a no participar en el refer\u00e9ndum del 1-O - El Digital de Asturias","headline":"Villarejo llama a no participar en el refer\u00e9ndum del 1-O","author":{"@id":"https:\/\/www.eldigitaldeasturias.com\/noticias\/author\/admin\/#author"},"publisher":{"@id":"https:\/\/www.eldigitaldeasturias.com\/noticias\/#organization"},"image":{"@type":"ImageObject","url":953912},"datePublished":"2017-09-27T15:22:13+02:00","dateModified":"2017-09-27T15:22:13+02:00","inLanguage":"es-ES","mainEntityOfPage":{"@id":"https:\/\/www.eldigitaldeasturias.com\/noticias\/villarejo-llama-a-no-participar-en-el-referendum-del-1-o\/#webpage"},"isPartOf":{"@id":"https:\/\/www.eldigitaldeasturias.com\/noticias\/villarejo-llama-a-no-participar-en-el-referendum-del-1-o\/#webpage"},"articleSection":"Actualidad"},{"@type":"BreadcrumbList","@id":"https:\/\/www.eldigitaldeasturias.com\/noticias\/villarejo-llama-a-no-participar-en-el-referendum-del-1-o\/#breadcrumblist","itemListElement":[{"@type":"ListItem","@id":"https:\/\/www.eldigitaldeasturias.com\/noticias#listItem","position":1,"name":"Home","item":"https:\/\/www.eldigitaldeasturias.com\/noticias","nextItem":{"@type":"ListItem","@id":"https:\/\/www.eldigitaldeasturias.com\/noticias\/category\/actualidad\/#listItem","name":"Actualidad"}},{"@type":"ListItem","@id":"https:\/\/www.eldigitaldeasturias.com\/noticias\/category\/actualidad\/#listItem","position":2,"name":"Actualidad","item":"https:\/\/www.eldigitaldeasturias.com\/noticias\/category\/actualidad\/","nextItem":{"@type":"ListItem","@id":"https:\/\/www.eldigitaldeasturias.com\/noticias\/villarejo-llama-a-no-participar-en-el-referendum-del-1-o\/#listItem","name":"Villarejo llama a no participar en el refer\u00e9ndum del 1-O"},"previousItem":{"@type":"ListItem","@id":"https:\/\/www.eldigitaldeasturias.com\/noticias#listItem","name":"Home"}},{"@type":"ListItem","@id":"https:\/\/www.eldigitaldeasturias.com\/noticias\/villarejo-llama-a-no-participar-en-el-referendum-del-1-o\/#listItem","position":3,"name":"Villarejo llama a no participar en el refer\u00e9ndum del 1-O","previousItem":{"@type":"ListItem","@id":"https:\/\/www.eldigitaldeasturias.com\/noticias\/category\/actualidad\/#listItem","name":"Actualidad"}}]},{"@type":"Organization","@id":"https:\/\/www.eldigitaldeasturias.com\/noticias\/#organization","name":"El Digital de Asturias","description":"Hemeroteca","url":"https:\/\/www.eldigitaldeasturias.com\/noticias\/","email":"info@eldigitaldeasturias.com","telephone":"+34652131393","logo":{"@type":"ImageObject","url":"https:\/\/www.eldigitaldeasturias.com\/noticias\/wp-content\/uploads\/2020\/12\/EDA.jpg","@id":"https:\/\/www.eldigitaldeasturias.com\/noticias\/villarejo-llama-a-no-participar-en-el-referendum-del-1-o\/#organizationLogo"},"image":{"@id":"https:\/\/www.eldigitaldeasturias.com\/noticias\/villarejo-llama-a-no-participar-en-el-referendum-del-1-o\/#organizationLogo"},"sameAs":["https:\/\/facebook.com\/eldigitaldeasturias","https:\/\/www.youtube.com\/channel\/UCZP-2wLEB9Rv6erhFmqVnvg"],"address":{"@id":"https:\/\/www.eldigitaldeasturias.com\/noticias\/#postaladdress","@type":"PostalAddress","streetAddress":"san antonio 4","postalCode":"33430","addressLocality":"Cand\u00e1s","addressRegion":"Asturias","addressCountry":"ES"}},{"@type":"Person","@id":"https:\/\/www.eldigitaldeasturias.com\/noticias\/author\/admin\/#author","url":"https:\/\/www.eldigitaldeasturias.com\/noticias\/author\/admin\/","name":"El Digital de Asturias","image":{"@type":"ImageObject","@id":"https:\/\/www.eldigitaldeasturias.com\/noticias\/villarejo-llama-a-no-participar-en-el-referendum-del-1-o\/#authorImage","url":"https:\/\/secure.gravatar.com\/avatar\/df2aeffc32bcd13f8d26072ef8a91b623d677766deac7f97ca815868cd41bf5e?s=96&d=mm&r=g","width":96,"height":96,"caption":"El Digital de Asturias"}},{"@type":"WebPage","@id":"https:\/\/www.eldigitaldeasturias.com\/noticias\/villarejo-llama-a-no-participar-en-el-referendum-del-1-o\/#webpage","url":"https:\/\/www.eldigitaldeasturias.com\/noticias\/villarejo-llama-a-no-participar-en-el-referendum-del-1-o\/","name":"Villarejo llama a no participar en el refer\u00e9ndum del 1-O - El Digital de Asturias","description":"Jim\u00e9nez Villarejo, que fue fiscal jefe de la Audiencia de Barcelona y fiscal Anticorrupci\u00f3n, ha participado en el acto en el centro c\u00edvico \u2018La Sedeta\u2019 de Barcelona convocado por el Foro de las Izquierdas no Nacionalistas para reclamar la no participaci\u00f3n en el refer\u00e9ndum sobre la independencia de Catalu\u00f1a del pr\u00f3ximo domingo, suspendido por el","inLanguage":"es-ES","isPartOf":{"@id":"https:\/\/www.eldigitaldeasturias.com\/noticias\/#website"},"breadcrumb":{"@id":"https:\/\/www.eldigitaldeasturias.com\/noticias\/villarejo-llama-a-no-participar-en-el-referendum-del-1-o\/#breadcrumblist"},"author":{"@id":"https:\/\/www.eldigitaldeasturias.com\/noticias\/author\/admin\/#author"},"creator":{"@id":"https:\/\/www.eldigitaldeasturias.com\/noticias\/author\/admin\/#author"},"image":{"@type":"ImageObject","url":953912,"@id":"https:\/\/www.eldigitaldeasturias.com\/noticias\/villarejo-llama-a-no-participar-en-el-referendum-del-1-o\/#mainImage"},"primaryImageOfPage":{"@id":"https:\/\/www.eldigitaldeasturias.com\/noticias\/villarejo-llama-a-no-participar-en-el-referendum-del-1-o\/#mainImage"},"datePublished":"2017-09-27T15:22:13+02:00","dateModified":"2017-09-27T15:22:13+02:00"},{"@type":"WebSite","@id":"https:\/\/www.eldigitaldeasturias.com\/noticias\/#website","url":"https:\/\/www.eldigitaldeasturias.com\/noticias\/","name":"El Digital de Asturias - Diario de actualidad y noticias","alternateName":"El Digital de Asturias - Diario de actualidad y noticias","description":"Hemeroteca","inLanguage":"es-ES","publisher":{"@id":"https:\/\/www.eldigitaldeasturias.com\/noticias\/#organization"}}]},"og:locale":"es_ES","og:site_name":"El Digital de Asturias","og:type":"article","og:title":"Villarejo llama a no participar en el refer\u00e9ndum del 1-O - El Digital de Asturias","og:description":"Jim\u00e9nez Villarejo, que fue fiscal jefe de la Audiencia de Barcelona y fiscal Anticorrupci\u00f3n, ha participado en el acto en el centro c\u00edvico \u2018La Sedeta\u2019 de Barcelona convocado por el Foro de las Izquierdas no Nacionalistas para reclamar la no participaci\u00f3n en el refer\u00e9ndum sobre la independencia de Catalu\u00f1a del pr\u00f3ximo domingo, suspendido por el","og:url":"https:\/\/www.eldigitaldeasturias.com\/noticias\/villarejo-llama-a-no-participar-en-el-referendum-del-1-o\/","article:tag":["actualidad"],"article:published_time":"2017-09-27T15:22:13+00:00","article:modified_time":"2017-09-27T15:22:13+00:00","article:publisher":"https:\/\/facebook.com\/eldigitaldeasturias","twitter:card":"summary_large_image","twitter:title":"Villarejo llama a no participar en el refer\u00e9ndum del 1-O - El Digital de Asturias","twitter:description":"Jim\u00e9nez Villarejo, que fue fiscal jefe de la Audiencia de Barcelona y fiscal Anticorrupci\u00f3n, ha participado en el acto en el centro c\u00edvico \u2018La Sedeta\u2019 de Barcelona convocado por el Foro de las Izquierdas no Nacionalistas para reclamar la no participaci\u00f3n en el refer\u00e9ndum sobre la independencia de Catalu\u00f1a del pr\u00f3ximo domingo, suspendido por el","twitter:image":"https:\/\/www.eldigitaldeasturias.com\/noticias\/wp-content\/uploads\/2020\/12\/EDA-1.jpg","twitter:label1":"Escrito por","twitter:data1":"El Digital de Asturias","twitter:label2":"Tiempo de lectura estimado","twitter:data2":"2 minutos"},"aioseo_meta_data":{"post_id":"953911","title":null,"description":null,"keywords":null,"keyphrases":null,"primary_term":null,"canonical_url":null,"og_title":null,"og_description":null,"og_object_type":"default","og_image_type":"default","og_image_url":null,"og_image_width":null,"og_image_height":null,"og_image_custom_url":null,"og_image_custom_fields":null,"og_video":null,"og_custom_url":null,"og_article_section":null,"og_article_tags":null,"twitter_use_og":false,"twitter_card":"default","twitter_image_type":"default","twitter_image_url":null,"twitter_image_custom_url":null,"twitter_image_custom_fields":null,"twitter_title":null,"twitter_description":null,"schema":{"blockGraphs":[],"customGraphs":[],"default":{"data":{"Article":[],"Course":[],"Dataset":[],"FAQPage":[],"Movie":[],"Person":[],"Product":[],"ProductReview":[],"Car":[],"Recipe":[],"Service":[],"SoftwareApplication":[],"WebPage":[]},"graphName":"","isEnabled":true},"graphs":[],"defaultGraph":"","defaultPostTypeGraph":""},"schema_type":null,"schema_type_options":null,"pillar_content":false,"robots_default":true,"robots_noindex":false,"robots_noarchive":false,"robots_nosnippet":false,"robots_nofollow":false,"robots_noimageindex":false,"robots_noodp":false,"robots_notranslate":false,"robots_max_snippet":null,"robots_max_videopreview":null,"robots_max_imagepreview":"large","priority":null,"frequency":null,"local_seo":null,"seo_analyzer_scan_date":"2025-12-06 04:36:09","breadcrumb_settings":null,"limit_modified_date":false,"open_ai":null,"ai":null,"created":"2020-12-21 12:56:55","updated":"2025-12-06 04:36:09","focus_keyword":null,"additional_keywords":null,"truseo_locale":null},"aioseo_breadcrumb":"<div class=\"aioseo-breadcrumbs\"><span class=\"aioseo-breadcrumb\">\n\t<a href=\"https:\/\/www.eldigitaldeasturias.com\/noticias\" title=\"Home\">Home<\/a>\n<\/span><span class=\"aioseo-breadcrumb-separator\">\u2013<\/span><span class=\"aioseo-breadcrumb\">\n\t<a href=\"https:\/\/www.eldigitaldeasturias.com\/noticias\/category\/actualidad\/\" title=\"Actualidad\">Actualidad<\/a>\n<\/span><span class=\"aioseo-breadcrumb-separator\">\u2013<\/span><span class=\"aioseo-breadcrumb\">\n\t<a href=\"https:\/\/www.eldigitaldeasturias.com\/noticias\/villarejo-llama-a-no-participar-en-el-referendum-del-1-o\/\" title=\"Villarejo llama a no participar en el refer\u00e9ndum del 1-O\">Villarejo llama a no participar en el refer\u00e9ndum del 1-O<\/a>\n<\/span><\/div>","aioseo_breadcrumb_json":[{"label":"Home","link":"https:\/\/www.eldigitaldeasturias.com\/noticias"},{"label":"Actualidad","link":"https:\/\/www.eldigitaldeasturias.com\/noticias\/category\/actualidad\/"},{"label":"Villarejo llama a no participar en el refer\u00e9ndum del 1-O","link":"https:\/\/www.eldigitaldeasturias.com\/noticias\/villarejo-llama-a-no-participar-en-el-referendum-del-1-o\/"}],"_links":{"self":[{"href":"https:\/\/www.eldigitaldeasturias.com\/noticias\/wp-json\/wp\/v2\/posts\/953911","targetHints":{"allow":["GET"]}}],"collection":[{"href":"https:\/\/www.eldigitaldeasturias.com\/noticias\/wp-json\/wp\/v2\/posts"}],"about":[{"href":"https:\/\/www.eldigitaldeasturias.com\/noticias\/wp-json\/wp\/v2\/types\/post"}],"author":[{"embeddable":true,"href":"https:\/\/www.eldigitaldeasturias.com\/noticias\/wp-json\/wp\/v2\/users\/1"}],"replies":[{"embeddable":true,"href":"https:\/\/www.eldigitaldeasturias.com\/noticias\/wp-json\/wp\/v2\/comments?post=953911"}],"version-history":[{"count":0,"href":"https:\/\/www.eldigitaldeasturias.com\/noticias\/wp-json\/wp\/v2\/posts\/953911\/revisions"}],"wp:attachment":[{"href":"https:\/\/www.eldigitaldeasturias.com\/noticias\/wp-json\/wp\/v2\/media?parent=953911"}],"wp:term":[{"taxonomy":"category","embeddable":true,"href":"https:\/\/www.eldigitaldeasturias.com\/noticias\/wp-json\/wp\/v2\/categories?post=953911"},{"taxonomy":"post_tag","embeddable":true,"href":"https:\/\/www.eldigitaldeasturias.com\/noticias\/wp-json\/wp\/v2\/tags?post=953911"}],"curies":[{"name":"wp","href":"https:\/\/api.w.org\/{rel}","templated":true}]}}