{"id":953728,"date":"2017-09-25T15:08:49","date_gmt":"2017-09-25T15:08:49","guid":{"rendered":"http:\/\/www.eldigitaldeasturias.com\/noticias\/?p=953728"},"modified":"2017-09-25T15:08:49","modified_gmt":"2017-09-25T15:08:49","slug":"rivera-pide-un-adelanto-electoral-en-cataluna","status":"publish","type":"post","link":"https:\/\/www.eldigitaldeasturias.com\/noticias\/rivera-pide-un-adelanto-electoral-en-cataluna\/","title":{"rendered":"Rivera pide un adelanto electoral en Catalu\u00f1a"},"content":{"rendered":"<p><img loading=\"lazy\" decoding=\"async\" class=\"alignleft size-medium wp-image-828044\" src=\"https:\/\/www.eldigitaldeasturias.com\/noticias\/wp-content\/uploads\/2015\/11\/rivera-360x240.jpg\" alt=\"\" width=\"360\" height=\"240\" \/>El presidente de Ciudadanos (Cs),<strong> Albert Rivera<\/strong>, ha explicado que \u201clas condiciones para dialogar pasan porque Puigdemont pare este golpe a la democracia y convoque elecciones para elegir un Gobierno leg\u00edtimo en Catalu\u00f1a\u201d.<\/p>\n<p>\u201cAyer pudimos comprobar en una entrevista como el objetivo de<strong> Puigdemont<\/strong> no es hacer un refer\u00e9ndum, sino romper y dividir declarando unilateralmente la independencia. Le pido que desista, ya sabe que el 1-O es un fracaso y lo mejor que puede hacer para evitar m\u00e1s delitos es parar este golpe, reconocer que no tiene la mayor\u00eda de los catalanes detr\u00e1s, y <strong>que adelante elecciones para que podamos votar legalmente<\/strong>\u201d, ha rese\u00f1ado Rivera.<\/p>\n<p>El l\u00edder de la formaci\u00f3n liberal, en rueda de prensa celebrada tras la reuni\u00f3n del Comit\u00e9 Ejecutivo Nacional de Cs, ha advertido que para aprobar los Presupuestos general del Estado de 2018 \u201cel PSOE debe dejar cinco minutos de pensar en Podemos y pensar en las medidas sociales que hemos aprobado para mejorar la vida de los espa\u00f1oles\u201d. \u201cLo mismo que ha hecho Ciudadanos con los socialistas apoyando los presupuestos en Andaluc\u00eda, Asturias o Extremadura para dar estabilidad, lo puede hacer ahora el PSOE para todos los espa\u00f1oles\u201d, ha recalcado.<\/p>\n<p>Por \u00faltimo, Albert Rivera ha comentado la fianza que esta ma\u00f1ana el Tribunal de Cuentas ha impuesto a Artur Mas por la organizaci\u00f3n del 9-N, sobre lo que ha asegurado que \u201csi Mas tiene que pagar fianza ahora es porque el gobierno no impidi\u00f3 en su momento el 9-N como si est\u00e1 haciendo ahora con el 1-O\u201d.<\/p>\n<p>&nbsp;<\/p>\n","protected":false},"excerpt":{"rendered":"<p>El presidente de Ciudadanos (Cs), Albert Rivera, ha explicado que \u201clas condiciones para dialogar pasan porque Puigdemont pare este golpe a la democracia y convoque elecciones para elegir un Gobierno leg\u00edtimo en Catalu\u00f1a\u201d. \u201cAyer pudimos comprobar en una entrevista como el objetivo de Puigdemont no es hacer un refer\u00e9ndum, sino romper y dividir declarando unilateralmente [&hellip;]<\/p>\n","protected":false},"author":1,"featured_media":828044,"comment_status":"closed","ping_status":"closed","sticky":false,"template":"","format":"standard","meta":{"footnotes":""},"categories":[1],"tags":[],"class_list":["post-953728","post","type-post","status-publish","format-standard","has-post-thumbnail","hentry","category-actualidad"],"aioseo_notices":[],"aioseo_head":"\n\t\t<!-- All in One SEO Pro 5.0.1 - aioseo.com -->\n\t<meta name=\"description\" content=\"El presidente de Ciudadanos (Cs), Albert Rivera, ha explicado que \u201clas condiciones para dialogar pasan porque Puigdemont pare este golpe a la democracia y convoque elecciones para elegir un Gobierno leg\u00edtimo en Catalu\u00f1a\u201d. \u201cAyer pudimos comprobar en una entrevista como el objetivo de Puigdemont no es hacer un refer\u00e9ndum, sino romper y dividir declarando unilateralmente\" \/>\n\t<meta name=\"robots\" content=\"max-image-preview:large\" \/>\n\t<meta name=\"author\" content=\"El Digital de Asturias\"\/>\n\t<meta name=\"google-site-verification\" content=\"UA-38556648-1\" \/>\n\t<meta name=\"msvalidate.01\" content=\"7dfe9f3f1b24437ab69f4f2559babe99\" \/>\n\t<meta name=\"keywords\" content=\"actualidad\" \/>\n\t<link rel=\"canonical\" href=\"https:\/\/www.eldigitaldeasturias.com\/noticias\/rivera-pide-un-adelanto-electoral-en-cataluna\/\" \/>\n\t<meta name=\"generator\" content=\"All in One SEO Pro (AIOSEO) 5.0.1\" \/>\n\t\t<meta property=\"og:locale\" content=\"es_ES\" \/>\n\t\t<meta property=\"og:site_name\" content=\"El Digital de Asturias\" \/>\n\t\t<meta property=\"og:type\" content=\"article\" \/>\n\t\t<meta property=\"og:title\" content=\"Rivera pide un adelanto electoral en Catalu\u00f1a - El Digital de Asturias\" \/>\n\t\t<meta property=\"og:description\" content=\"El presidente de Ciudadanos (Cs), Albert Rivera, ha explicado que \u201clas condiciones para dialogar pasan porque Puigdemont pare este golpe a la democracia y convoque elecciones para elegir un Gobierno leg\u00edtimo en Catalu\u00f1a\u201d. \u201cAyer pudimos comprobar en una entrevista como el objetivo de Puigdemont no es hacer un refer\u00e9ndum, sino romper y dividir declarando unilateralmente\" \/>\n\t\t<meta property=\"og:url\" content=\"https:\/\/www.eldigitaldeasturias.com\/noticias\/rivera-pide-un-adelanto-electoral-en-cataluna\/\" \/>\n\t\t<meta property=\"article:tag\" content=\"actualidad\" \/>\n\t\t<meta property=\"article:published_time\" content=\"2017-09-25T15:08:49+00:00\" \/>\n\t\t<meta property=\"article:modified_time\" content=\"2017-09-25T15:08:49+00:00\" \/>\n\t\t<meta property=\"article:publisher\" content=\"https:\/\/facebook.com\/eldigitaldeasturias\" \/>\n\t\t<meta name=\"twitter:card\" content=\"summary_large_image\" \/>\n\t\t<meta name=\"twitter:title\" content=\"Rivera pide un adelanto electoral en Catalu\u00f1a - El Digital de Asturias\" \/>\n\t\t<meta name=\"twitter:description\" content=\"El presidente de Ciudadanos (Cs), Albert Rivera, ha explicado que \u201clas condiciones para dialogar pasan porque Puigdemont pare este golpe a la democracia y convoque elecciones para elegir un Gobierno leg\u00edtimo en Catalu\u00f1a\u201d. \u201cAyer pudimos comprobar en una entrevista como el objetivo de Puigdemont no es hacer un refer\u00e9ndum, sino romper y dividir declarando unilateralmente\" \/>\n\t\t<meta name=\"twitter:image\" content=\"https:\/\/www.eldigitaldeasturias.com\/noticias\/wp-content\/uploads\/2020\/12\/EDA-1.jpg\" \/>\n\t\t<meta name=\"twitter:label1\" content=\"Escrito por\" \/>\n\t\t<meta name=\"twitter:data1\" content=\"El Digital de Asturias\" \/>\n\t\t<meta name=\"twitter:label2\" content=\"Tiempo de lectura estimado\" \/>\n\t\t<meta name=\"twitter:data2\" content=\"1 minuto\" \/>\n\t\t<script type=\"application\/ld+json\" class=\"aioseo-schema\">\n\t\t\t{\"@context\":\"https:\\\/\\\/schema.org\",\"@graph\":[{\"@type\":\"BlogPosting\",\"@id\":\"https:\\\/\\\/www.eldigitaldeasturias.com\\\/noticias\\\/rivera-pide-un-adelanto-electoral-en-cataluna\\\/#blogposting\",\"name\":\"Rivera pide un adelanto electoral en Catalu\\u00f1a - El Digital de Asturias\",\"headline\":\"Rivera pide un adelanto electoral en Catalu\\u00f1a\",\"author\":{\"@id\":\"https:\\\/\\\/www.eldigitaldeasturias.com\\\/noticias\\\/author\\\/admin\\\/#author\"},\"publisher\":{\"@id\":\"https:\\\/\\\/www.eldigitaldeasturias.com\\\/noticias\\\/#organization\"},\"image\":{\"@type\":\"ImageObject\",\"url\":828044},\"datePublished\":\"2017-09-25T15:08:49+02:00\",\"dateModified\":\"2017-09-25T15:08:49+02:00\",\"inLanguage\":\"es-ES\",\"mainEntityOfPage\":{\"@id\":\"https:\\\/\\\/www.eldigitaldeasturias.com\\\/noticias\\\/rivera-pide-un-adelanto-electoral-en-cataluna\\\/#webpage\"},\"isPartOf\":{\"@id\":\"https:\\\/\\\/www.eldigitaldeasturias.com\\\/noticias\\\/rivera-pide-un-adelanto-electoral-en-cataluna\\\/#webpage\"},\"articleSection\":\"Actualidad\"},{\"@type\":\"BreadcrumbList\",\"@id\":\"https:\\\/\\\/www.eldigitaldeasturias.com\\\/noticias\\\/rivera-pide-un-adelanto-electoral-en-cataluna\\\/#breadcrumblist\",\"itemListElement\":[{\"@type\":\"ListItem\",\"@id\":\"https:\\\/\\\/www.eldigitaldeasturias.com\\\/noticias#listItem\",\"position\":1,\"name\":\"Home\",\"item\":\"https:\\\/\\\/www.eldigitaldeasturias.com\\\/noticias\",\"nextItem\":{\"@type\":\"ListItem\",\"@id\":\"https:\\\/\\\/www.eldigitaldeasturias.com\\\/noticias\\\/category\\\/actualidad\\\/#listItem\",\"name\":\"Actualidad\"}},{\"@type\":\"ListItem\",\"@id\":\"https:\\\/\\\/www.eldigitaldeasturias.com\\\/noticias\\\/category\\\/actualidad\\\/#listItem\",\"position\":2,\"name\":\"Actualidad\",\"item\":\"https:\\\/\\\/www.eldigitaldeasturias.com\\\/noticias\\\/category\\\/actualidad\\\/\",\"nextItem\":{\"@type\":\"ListItem\",\"@id\":\"https:\\\/\\\/www.eldigitaldeasturias.com\\\/noticias\\\/rivera-pide-un-adelanto-electoral-en-cataluna\\\/#listItem\",\"name\":\"Rivera pide un adelanto electoral en Catalu\\u00f1a\"},\"previousItem\":{\"@type\":\"ListItem\",\"@id\":\"https:\\\/\\\/www.eldigitaldeasturias.com\\\/noticias#listItem\",\"name\":\"Home\"}},{\"@type\":\"ListItem\",\"@id\":\"https:\\\/\\\/www.eldigitaldeasturias.com\\\/noticias\\\/rivera-pide-un-adelanto-electoral-en-cataluna\\\/#listItem\",\"position\":3,\"name\":\"Rivera pide un adelanto electoral en Catalu\\u00f1a\",\"previousItem\":{\"@type\":\"ListItem\",\"@id\":\"https:\\\/\\\/www.eldigitaldeasturias.com\\\/noticias\\\/category\\\/actualidad\\\/#listItem\",\"name\":\"Actualidad\"}}]},{\"@type\":\"Organization\",\"@id\":\"https:\\\/\\\/www.eldigitaldeasturias.com\\\/noticias\\\/#organization\",\"name\":\"El Digital de Asturias\",\"description\":\"Hemeroteca\",\"url\":\"https:\\\/\\\/www.eldigitaldeasturias.com\\\/noticias\\\/\",\"email\":\"info@eldigitaldeasturias.com\",\"telephone\":\"+34652131393\",\"logo\":{\"@type\":\"ImageObject\",\"url\":\"https:\\\/\\\/www.eldigitaldeasturias.com\\\/noticias\\\/wp-content\\\/uploads\\\/2020\\\/12\\\/EDA.jpg\",\"@id\":\"https:\\\/\\\/www.eldigitaldeasturias.com\\\/noticias\\\/rivera-pide-un-adelanto-electoral-en-cataluna\\\/#organizationLogo\"},\"image\":{\"@id\":\"https:\\\/\\\/www.eldigitaldeasturias.com\\\/noticias\\\/rivera-pide-un-adelanto-electoral-en-cataluna\\\/#organizationLogo\"},\"sameAs\":[\"https:\\\/\\\/facebook.com\\\/eldigitaldeasturias\",\"https:\\\/\\\/www.youtube.com\\\/channel\\\/UCZP-2wLEB9Rv6erhFmqVnvg\"],\"address\":{\"@id\":\"https:\\\/\\\/www.eldigitaldeasturias.com\\\/noticias\\\/#postaladdress\",\"@type\":\"PostalAddress\",\"streetAddress\":\"san antonio 4\",\"postalCode\":\"33430\",\"addressLocality\":\"Cand\\u00e1s\",\"addressRegion\":\"Asturias\",\"addressCountry\":\"ES\"}},{\"@type\":\"Person\",\"@id\":\"https:\\\/\\\/www.eldigitaldeasturias.com\\\/noticias\\\/author\\\/admin\\\/#author\",\"url\":\"https:\\\/\\\/www.eldigitaldeasturias.com\\\/noticias\\\/author\\\/admin\\\/\",\"name\":\"El Digital de Asturias\",\"image\":{\"@type\":\"ImageObject\",\"@id\":\"https:\\\/\\\/www.eldigitaldeasturias.com\\\/noticias\\\/rivera-pide-un-adelanto-electoral-en-cataluna\\\/#authorImage\",\"url\":\"https:\\\/\\\/secure.gravatar.com\\\/avatar\\\/df2aeffc32bcd13f8d26072ef8a91b623d677766deac7f97ca815868cd41bf5e?s=96&d=mm&r=g\",\"width\":96,\"height\":96,\"caption\":\"El Digital de Asturias\"}},{\"@type\":\"WebPage\",\"@id\":\"https:\\\/\\\/www.eldigitaldeasturias.com\\\/noticias\\\/rivera-pide-un-adelanto-electoral-en-cataluna\\\/#webpage\",\"url\":\"https:\\\/\\\/www.eldigitaldeasturias.com\\\/noticias\\\/rivera-pide-un-adelanto-electoral-en-cataluna\\\/\",\"name\":\"Rivera pide un adelanto electoral en Catalu\\u00f1a - El Digital de Asturias\",\"description\":\"El presidente de Ciudadanos (Cs), Albert Rivera, ha explicado que \\u201clas condiciones para dialogar pasan porque Puigdemont pare este golpe a la democracia y convoque elecciones para elegir un Gobierno leg\\u00edtimo en Catalu\\u00f1a\\u201d. \\u201cAyer pudimos comprobar en una entrevista como el objetivo de Puigdemont no es hacer un refer\\u00e9ndum, sino romper y dividir declarando unilateralmente\",\"inLanguage\":\"es-ES\",\"isPartOf\":{\"@id\":\"https:\\\/\\\/www.eldigitaldeasturias.com\\\/noticias\\\/#website\"},\"breadcrumb\":{\"@id\":\"https:\\\/\\\/www.eldigitaldeasturias.com\\\/noticias\\\/rivera-pide-un-adelanto-electoral-en-cataluna\\\/#breadcrumblist\"},\"author\":{\"@id\":\"https:\\\/\\\/www.eldigitaldeasturias.com\\\/noticias\\\/author\\\/admin\\\/#author\"},\"creator\":{\"@id\":\"https:\\\/\\\/www.eldigitaldeasturias.com\\\/noticias\\\/author\\\/admin\\\/#author\"},\"image\":{\"@type\":\"ImageObject\",\"url\":828044,\"@id\":\"https:\\\/\\\/www.eldigitaldeasturias.com\\\/noticias\\\/rivera-pide-un-adelanto-electoral-en-cataluna\\\/#mainImage\"},\"primaryImageOfPage\":{\"@id\":\"https:\\\/\\\/www.eldigitaldeasturias.com\\\/noticias\\\/rivera-pide-un-adelanto-electoral-en-cataluna\\\/#mainImage\"},\"datePublished\":\"2017-09-25T15:08:49+02:00\",\"dateModified\":\"2017-09-25T15:08:49+02:00\"},{\"@type\":\"WebSite\",\"@id\":\"https:\\\/\\\/www.eldigitaldeasturias.com\\\/noticias\\\/#website\",\"url\":\"https:\\\/\\\/www.eldigitaldeasturias.com\\\/noticias\\\/\",\"name\":\"El Digital de Asturias - Diario de actualidad y noticias\",\"alternateName\":\"El Digital de Asturias - Diario de actualidad y noticias\",\"description\":\"Hemeroteca\",\"inLanguage\":\"es-ES\",\"publisher\":{\"@id\":\"https:\\\/\\\/www.eldigitaldeasturias.com\\\/noticias\\\/#organization\"}}]}\n\t\t<\/script>\n\t\t<!-- All in One SEO Pro -->\r\n\t\t<title>Rivera pide un adelanto electoral en Catalu\u00f1a - El Digital de Asturias<\/title>\n\n","aioseo_head_json":{"title":"Rivera pide un adelanto electoral en Catalu\u00f1a - El Digital de Asturias","description":"El presidente de Ciudadanos (Cs), Albert Rivera, ha explicado que \u201clas condiciones para dialogar pasan porque Puigdemont pare este golpe a la democracia y convoque elecciones para elegir un Gobierno leg\u00edtimo en Catalu\u00f1a\u201d. \u201cAyer pudimos comprobar en una entrevista como el objetivo de Puigdemont no es hacer un refer\u00e9ndum, sino romper y dividir declarando unilateralmente","canonical_url":"https:\/\/www.eldigitaldeasturias.com\/noticias\/rivera-pide-un-adelanto-electoral-en-cataluna\/","robots":"max-image-preview:large","keywords":"actualidad","webmasterTools":{"google-site-verification":"UA-38556648-1","msvalidate.01":"7dfe9f3f1b24437ab69f4f2559babe99","miscellaneous":""},"schema":{"@context":"https:\/\/schema.org","@graph":[{"@type":"BlogPosting","@id":"https:\/\/www.eldigitaldeasturias.com\/noticias\/rivera-pide-un-adelanto-electoral-en-cataluna\/#blogposting","name":"Rivera pide un adelanto electoral en Catalu\u00f1a - El Digital de Asturias","headline":"Rivera pide un adelanto electoral en Catalu\u00f1a","author":{"@id":"https:\/\/www.eldigitaldeasturias.com\/noticias\/author\/admin\/#author"},"publisher":{"@id":"https:\/\/www.eldigitaldeasturias.com\/noticias\/#organization"},"image":{"@type":"ImageObject","url":828044},"datePublished":"2017-09-25T15:08:49+02:00","dateModified":"2017-09-25T15:08:49+02:00","inLanguage":"es-ES","mainEntityOfPage":{"@id":"https:\/\/www.eldigitaldeasturias.com\/noticias\/rivera-pide-un-adelanto-electoral-en-cataluna\/#webpage"},"isPartOf":{"@id":"https:\/\/www.eldigitaldeasturias.com\/noticias\/rivera-pide-un-adelanto-electoral-en-cataluna\/#webpage"},"articleSection":"Actualidad"},{"@type":"BreadcrumbList","@id":"https:\/\/www.eldigitaldeasturias.com\/noticias\/rivera-pide-un-adelanto-electoral-en-cataluna\/#breadcrumblist","itemListElement":[{"@type":"ListItem","@id":"https:\/\/www.eldigitaldeasturias.com\/noticias#listItem","position":1,"name":"Home","item":"https:\/\/www.eldigitaldeasturias.com\/noticias","nextItem":{"@type":"ListItem","@id":"https:\/\/www.eldigitaldeasturias.com\/noticias\/category\/actualidad\/#listItem","name":"Actualidad"}},{"@type":"ListItem","@id":"https:\/\/www.eldigitaldeasturias.com\/noticias\/category\/actualidad\/#listItem","position":2,"name":"Actualidad","item":"https:\/\/www.eldigitaldeasturias.com\/noticias\/category\/actualidad\/","nextItem":{"@type":"ListItem","@id":"https:\/\/www.eldigitaldeasturias.com\/noticias\/rivera-pide-un-adelanto-electoral-en-cataluna\/#listItem","name":"Rivera pide un adelanto electoral en Catalu\u00f1a"},"previousItem":{"@type":"ListItem","@id":"https:\/\/www.eldigitaldeasturias.com\/noticias#listItem","name":"Home"}},{"@type":"ListItem","@id":"https:\/\/www.eldigitaldeasturias.com\/noticias\/rivera-pide-un-adelanto-electoral-en-cataluna\/#listItem","position":3,"name":"Rivera pide un adelanto electoral en Catalu\u00f1a","previousItem":{"@type":"ListItem","@id":"https:\/\/www.eldigitaldeasturias.com\/noticias\/category\/actualidad\/#listItem","name":"Actualidad"}}]},{"@type":"Organization","@id":"https:\/\/www.eldigitaldeasturias.com\/noticias\/#organization","name":"El Digital de Asturias","description":"Hemeroteca","url":"https:\/\/www.eldigitaldeasturias.com\/noticias\/","email":"info@eldigitaldeasturias.com","telephone":"+34652131393","logo":{"@type":"ImageObject","url":"https:\/\/www.eldigitaldeasturias.com\/noticias\/wp-content\/uploads\/2020\/12\/EDA.jpg","@id":"https:\/\/www.eldigitaldeasturias.com\/noticias\/rivera-pide-un-adelanto-electoral-en-cataluna\/#organizationLogo"},"image":{"@id":"https:\/\/www.eldigitaldeasturias.com\/noticias\/rivera-pide-un-adelanto-electoral-en-cataluna\/#organizationLogo"},"sameAs":["https:\/\/facebook.com\/eldigitaldeasturias","https:\/\/www.youtube.com\/channel\/UCZP-2wLEB9Rv6erhFmqVnvg"],"address":{"@id":"https:\/\/www.eldigitaldeasturias.com\/noticias\/#postaladdress","@type":"PostalAddress","streetAddress":"san antonio 4","postalCode":"33430","addressLocality":"Cand\u00e1s","addressRegion":"Asturias","addressCountry":"ES"}},{"@type":"Person","@id":"https:\/\/www.eldigitaldeasturias.com\/noticias\/author\/admin\/#author","url":"https:\/\/www.eldigitaldeasturias.com\/noticias\/author\/admin\/","name":"El Digital de Asturias","image":{"@type":"ImageObject","@id":"https:\/\/www.eldigitaldeasturias.com\/noticias\/rivera-pide-un-adelanto-electoral-en-cataluna\/#authorImage","url":"https:\/\/secure.gravatar.com\/avatar\/df2aeffc32bcd13f8d26072ef8a91b623d677766deac7f97ca815868cd41bf5e?s=96&d=mm&r=g","width":96,"height":96,"caption":"El Digital de Asturias"}},{"@type":"WebPage","@id":"https:\/\/www.eldigitaldeasturias.com\/noticias\/rivera-pide-un-adelanto-electoral-en-cataluna\/#webpage","url":"https:\/\/www.eldigitaldeasturias.com\/noticias\/rivera-pide-un-adelanto-electoral-en-cataluna\/","name":"Rivera pide un adelanto electoral en Catalu\u00f1a - El Digital de Asturias","description":"El presidente de Ciudadanos (Cs), Albert Rivera, ha explicado que \u201clas condiciones para dialogar pasan porque Puigdemont pare este golpe a la democracia y convoque elecciones para elegir un Gobierno leg\u00edtimo en Catalu\u00f1a\u201d. \u201cAyer pudimos comprobar en una entrevista como el objetivo de Puigdemont no es hacer un refer\u00e9ndum, sino romper y dividir declarando unilateralmente","inLanguage":"es-ES","isPartOf":{"@id":"https:\/\/www.eldigitaldeasturias.com\/noticias\/#website"},"breadcrumb":{"@id":"https:\/\/www.eldigitaldeasturias.com\/noticias\/rivera-pide-un-adelanto-electoral-en-cataluna\/#breadcrumblist"},"author":{"@id":"https:\/\/www.eldigitaldeasturias.com\/noticias\/author\/admin\/#author"},"creator":{"@id":"https:\/\/www.eldigitaldeasturias.com\/noticias\/author\/admin\/#author"},"image":{"@type":"ImageObject","url":828044,"@id":"https:\/\/www.eldigitaldeasturias.com\/noticias\/rivera-pide-un-adelanto-electoral-en-cataluna\/#mainImage"},"primaryImageOfPage":{"@id":"https:\/\/www.eldigitaldeasturias.com\/noticias\/rivera-pide-un-adelanto-electoral-en-cataluna\/#mainImage"},"datePublished":"2017-09-25T15:08:49+02:00","dateModified":"2017-09-25T15:08:49+02:00"},{"@type":"WebSite","@id":"https:\/\/www.eldigitaldeasturias.com\/noticias\/#website","url":"https:\/\/www.eldigitaldeasturias.com\/noticias\/","name":"El Digital de Asturias - Diario de actualidad y noticias","alternateName":"El Digital de Asturias - Diario de actualidad y noticias","description":"Hemeroteca","inLanguage":"es-ES","publisher":{"@id":"https:\/\/www.eldigitaldeasturias.com\/noticias\/#organization"}}]},"og:locale":"es_ES","og:site_name":"El Digital de Asturias","og:type":"article","og:title":"Rivera pide un adelanto electoral en Catalu\u00f1a - El Digital de Asturias","og:description":"El presidente de Ciudadanos (Cs), Albert Rivera, ha explicado que \u201clas condiciones para dialogar pasan porque Puigdemont pare este golpe a la democracia y convoque elecciones para elegir un Gobierno leg\u00edtimo en Catalu\u00f1a\u201d. \u201cAyer pudimos comprobar en una entrevista como el objetivo de Puigdemont no es hacer un refer\u00e9ndum, sino romper y dividir declarando unilateralmente","og:url":"https:\/\/www.eldigitaldeasturias.com\/noticias\/rivera-pide-un-adelanto-electoral-en-cataluna\/","article:tag":["actualidad"],"article:published_time":"2017-09-25T15:08:49+00:00","article:modified_time":"2017-09-25T15:08:49+00:00","article:publisher":"https:\/\/facebook.com\/eldigitaldeasturias","twitter:card":"summary_large_image","twitter:title":"Rivera pide un adelanto electoral en Catalu\u00f1a - El Digital de Asturias","twitter:description":"El presidente de Ciudadanos (Cs), Albert Rivera, ha explicado que \u201clas condiciones para dialogar pasan porque Puigdemont pare este golpe a la democracia y convoque elecciones para elegir un Gobierno leg\u00edtimo en Catalu\u00f1a\u201d. \u201cAyer pudimos comprobar en una entrevista como el objetivo de Puigdemont no es hacer un refer\u00e9ndum, sino romper y dividir declarando unilateralmente","twitter:image":"https:\/\/www.eldigitaldeasturias.com\/noticias\/wp-content\/uploads\/2020\/12\/EDA-1.jpg","twitter:label1":"Escrito por","twitter:data1":"El Digital de Asturias","twitter:label2":"Tiempo de lectura estimado","twitter:data2":"1 minuto"},"aioseo_meta_data":{"post_id":"953728","title":null,"description":null,"keywords":null,"keyphrases":null,"primary_term":null,"canonical_url":null,"og_title":null,"og_description":null,"og_object_type":"default","og_image_type":"default","og_image_url":null,"og_image_width":null,"og_image_height":null,"og_image_custom_url":null,"og_image_custom_fields":null,"og_video":null,"og_custom_url":null,"og_article_section":null,"og_article_tags":null,"twitter_use_og":false,"twitter_card":"default","twitter_image_type":"default","twitter_image_url":null,"twitter_image_custom_url":null,"twitter_image_custom_fields":null,"twitter_title":null,"twitter_description":null,"schema":{"blockGraphs":[],"customGraphs":[],"default":{"data":{"Article":[],"Course":[],"Dataset":[],"FAQPage":[],"Movie":[],"Person":[],"Product":[],"ProductReview":[],"Car":[],"Recipe":[],"Service":[],"SoftwareApplication":[],"WebPage":[]},"graphName":"","isEnabled":true},"graphs":[],"defaultGraph":"","defaultPostTypeGraph":""},"schema_type":null,"schema_type_options":null,"pillar_content":false,"robots_default":true,"robots_noindex":false,"robots_noarchive":false,"robots_nosnippet":false,"robots_nofollow":false,"robots_noimageindex":false,"robots_noodp":false,"robots_notranslate":false,"robots_max_snippet":null,"robots_max_videopreview":null,"robots_max_imagepreview":"large","priority":null,"frequency":null,"local_seo":null,"seo_analyzer_scan_date":"2025-12-06 03:53:12","breadcrumb_settings":null,"limit_modified_date":false,"open_ai":null,"ai":null,"created":"2020-12-21 12:57:03","updated":"2025-12-06 03:53:12","focus_keyword":null,"additional_keywords":null,"truseo_locale":null},"aioseo_breadcrumb":"<div class=\"aioseo-breadcrumbs\"><span class=\"aioseo-breadcrumb\">\n\t<a href=\"https:\/\/www.eldigitaldeasturias.com\/noticias\" title=\"Home\">Home<\/a>\n<\/span><span class=\"aioseo-breadcrumb-separator\">\u2013<\/span><span class=\"aioseo-breadcrumb\">\n\t<a href=\"https:\/\/www.eldigitaldeasturias.com\/noticias\/category\/actualidad\/\" title=\"Actualidad\">Actualidad<\/a>\n<\/span><span class=\"aioseo-breadcrumb-separator\">\u2013<\/span><span class=\"aioseo-breadcrumb\">\n\t<a href=\"https:\/\/www.eldigitaldeasturias.com\/noticias\/rivera-pide-un-adelanto-electoral-en-cataluna\/\" title=\"Rivera pide un adelanto electoral en Catalu\u00f1a\">Rivera pide un adelanto electoral en Catalu\u00f1a<\/a>\n<\/span><\/div>","aioseo_breadcrumb_json":[{"label":"Home","link":"https:\/\/www.eldigitaldeasturias.com\/noticias"},{"label":"Actualidad","link":"https:\/\/www.eldigitaldeasturias.com\/noticias\/category\/actualidad\/"},{"label":"Rivera pide un adelanto electoral en Catalu\u00f1a","link":"https:\/\/www.eldigitaldeasturias.com\/noticias\/rivera-pide-un-adelanto-electoral-en-cataluna\/"}],"_links":{"self":[{"href":"https:\/\/www.eldigitaldeasturias.com\/noticias\/wp-json\/wp\/v2\/posts\/953728","targetHints":{"allow":["GET"]}}],"collection":[{"href":"https:\/\/www.eldigitaldeasturias.com\/noticias\/wp-json\/wp\/v2\/posts"}],"about":[{"href":"https:\/\/www.eldigitaldeasturias.com\/noticias\/wp-json\/wp\/v2\/types\/post"}],"author":[{"embeddable":true,"href":"https:\/\/www.eldigitaldeasturias.com\/noticias\/wp-json\/wp\/v2\/users\/1"}],"replies":[{"embeddable":true,"href":"https:\/\/www.eldigitaldeasturias.com\/noticias\/wp-json\/wp\/v2\/comments?post=953728"}],"version-history":[{"count":0,"href":"https:\/\/www.eldigitaldeasturias.com\/noticias\/wp-json\/wp\/v2\/posts\/953728\/revisions"}],"wp:attachment":[{"href":"https:\/\/www.eldigitaldeasturias.com\/noticias\/wp-json\/wp\/v2\/media?parent=953728"}],"wp:term":[{"taxonomy":"category","embeddable":true,"href":"https:\/\/www.eldigitaldeasturias.com\/noticias\/wp-json\/wp\/v2\/categories?post=953728"},{"taxonomy":"post_tag","embeddable":true,"href":"https:\/\/www.eldigitaldeasturias.com\/noticias\/wp-json\/wp\/v2\/tags?post=953728"}],"curies":[{"name":"wp","href":"https:\/\/api.w.org\/{rel}","templated":true}]}}