{"id":953725,"date":"2017-09-25T15:04:28","date_gmt":"2017-09-25T15:04:28","guid":{"rendered":"http:\/\/www.eldigitaldeasturias.com\/noticias\/?p=953725"},"modified":"2017-09-25T15:04:28","modified_gmt":"2017-09-25T15:04:28","slug":"valcarcel-la-independencia-de-cataluna-no-tiene-posibilidad-alguna-ya-que-politicamente-es-inviable","status":"publish","type":"post","link":"https:\/\/www.eldigitaldeasturias.com\/noticias\/valcarcel-la-independencia-de-cataluna-no-tiene-posibilidad-alguna-ya-que-politicamente-es-inviable\/","title":{"rendered":"Valc\u00e1rcel: \u201cLa independencia de Catalu\u00f1a no tiene posibilidad alguna ya que pol\u00edticamente es inviable\u201d"},"content":{"rendered":"<p><img loading=\"lazy\" decoding=\"async\" class=\"alignleft size-medium wp-image-953726\" src=\"https:\/\/www.eldigitaldeasturias.com\/noticias\/wp-content\/uploads\/2017\/09\/15641436935_3fa6a6e753_o-360x163.jpg\" alt=\"\" width=\"360\" height=\"163\" \/>El eurodiputado popular y vicepresidente del Parlamento Europeo, Ram\u00f3n Luis Valc\u00e1rcel, ha sido entrevistado este lunes en el programa \u201cLos Desayunos de TVE\u201d, donde se le ha preguntado por destacados asuntos de la actualidad europea y espa\u00f1ola.<\/p>\n<p><strong>ELECCIONES EN ALEMANIA<\/strong><\/p>\n<p>En cuanto a la victoria de \u00c1ngela Merkel en las reci\u00e9n celebradas elecciones alemanas, el vicepresidente del Parlamento Europeo ha asegurado que la victoria de la canciller aporta cierta estabilidad para Europa ya que \u201clos extremistas y populistas que acaban de salir generan inseguridad en Alemania\u201d. En esta misma l\u00ednea, el eurodiputado popular explica que en este pa\u00eds hay una mayor complejidad que en otros pa\u00edses ya que se han centrado sobre la figura de Merkel, las soluciones a cualquier tipo de crisis econ\u00f3mica, migratoria, etc.<\/p>\n<p>Reconoce que el l\u00edder del Partido Socialdem\u00f3crata (SPD), Martin Schulz, \u201cha tenido un gesto que le engrandece m\u00e1s todav\u00eda ya que se ir\u00e1 a la oposici\u00f3n para evitar dejar paso a la extrema derecha alemana\u201d. \u201cEs preferible que la extrema derecha no se quede sola en la oposici\u00f3n ya que seguir\u00eda creciendo\u201d, ha declarado.<\/p>\n<p>Preguntado por los futuros planes de la UE, Valc\u00e1rcel ha respondido que Merkel tiene dos posibilidades: \u201cMantener una actitud donde la mayor integraci\u00f3n de Europa se incorpore a su agenda pol\u00edtica o recuperar los votos que ha ido perdiendo\u201d.<\/p>\n<p><strong>CATALU\u00d1A<\/strong><\/p>\n<p>Respecto al tema de actualidad que reina en Espa\u00f1a, Ram\u00f3n Luis Valc\u00e1rcel opina que los independentistas solo tienen un 6% de representaci\u00f3n en el Parlamento Europeo.<\/p>\n<p>En esta misma l\u00ednea subraya que todas las instituciones europeas han dicho que no hay posibilidad de independencia para una Catalu\u00f1a que est\u00e1 jugando sucio y cuyos procedimientos no se contemplan en ning\u00fan escenario jur\u00eddico a nivel internacional.<\/p>\n<p>Ante la postura de algunos medios de comunicaci\u00f3n extranjeros a favor de la independencia de Catalu\u00f1a, Valc\u00e1rcel afirma que lo que pasa es que \u201ca Puigdemont se le publica un art\u00edculo en el Washington Post y parece que eso ya es la panacea\u201d. La prensa internacional empez\u00f3 viendo esto como algo rom\u00e1ntico pero se ha dado cuenta que por este camino no puede ir\u201d.<\/p>\n<p>Finalmente ha querido recalcar que \u201cla independencia de Catalu\u00f1a no tiene posibilidad alguna ya que pol\u00edticamente es inviable\u201d.<\/p>\n<p>&nbsp;<\/p>\n","protected":false},"excerpt":{"rendered":"<p>El eurodiputado popular y vicepresidente del Parlamento Europeo, Ram\u00f3n Luis Valc\u00e1rcel, ha sido entrevistado este lunes en el programa \u201cLos Desayunos de TVE\u201d, donde se le ha preguntado por destacados asuntos de la actualidad europea y espa\u00f1ola. ELECCIONES EN ALEMANIA En cuanto a la victoria de \u00c1ngela Merkel en las reci\u00e9n celebradas elecciones alemanas, el [&hellip;]<\/p>\n","protected":false},"author":1,"featured_media":953726,"comment_status":"closed","ping_status":"closed","sticky":false,"template":"","format":"standard","meta":{"footnotes":""},"categories":[1],"tags":[],"class_list":["post-953725","post","type-post","status-publish","format-standard","has-post-thumbnail","hentry","category-actualidad"],"aioseo_notices":[],"aioseo_head":"\n\t\t<!-- All in One SEO Pro 5.0.1 - aioseo.com -->\n\t<meta name=\"description\" content=\"El eurodiputado popular y vicepresidente del Parlamento Europeo, Ram\u00f3n Luis Valc\u00e1rcel, ha sido entrevistado este lunes en el programa \u201cLos Desayunos de TVE\u201d, donde se le ha preguntado por destacados asuntos de la actualidad europea y espa\u00f1ola. ELECCIONES EN ALEMANIA En cuanto a la victoria de \u00c1ngela Merkel en las reci\u00e9n celebradas elecciones alemanas, el\" \/>\n\t<meta name=\"robots\" content=\"max-image-preview:large\" \/>\n\t<meta name=\"author\" content=\"El Digital de Asturias\"\/>\n\t<meta name=\"google-site-verification\" content=\"UA-38556648-1\" \/>\n\t<meta name=\"msvalidate.01\" content=\"7dfe9f3f1b24437ab69f4f2559babe99\" \/>\n\t<meta name=\"keywords\" content=\"actualidad\" \/>\n\t<link rel=\"canonical\" href=\"https:\/\/www.eldigitaldeasturias.com\/noticias\/valcarcel-la-independencia-de-cataluna-no-tiene-posibilidad-alguna-ya-que-politicamente-es-inviable\/\" \/>\n\t<meta name=\"generator\" content=\"All in One SEO Pro (AIOSEO) 5.0.1\" \/>\n\t\t<meta property=\"og:locale\" content=\"es_ES\" \/>\n\t\t<meta property=\"og:site_name\" content=\"El Digital de Asturias\" \/>\n\t\t<meta property=\"og:type\" content=\"article\" \/>\n\t\t<meta property=\"og:title\" content=\"Valc\u00e1rcel: \u201cLa independencia de Catalu\u00f1a no tiene posibilidad alguna ya que pol\u00edticamente es inviable\u201d - El Digital de Asturias\" \/>\n\t\t<meta property=\"og:description\" content=\"El eurodiputado popular y vicepresidente del Parlamento Europeo, Ram\u00f3n Luis Valc\u00e1rcel, ha sido entrevistado este lunes en el programa \u201cLos Desayunos de TVE\u201d, donde se le ha preguntado por destacados asuntos de la actualidad europea y espa\u00f1ola. ELECCIONES EN ALEMANIA En cuanto a la victoria de \u00c1ngela Merkel en las reci\u00e9n celebradas elecciones alemanas, el\" \/>\n\t\t<meta property=\"og:url\" content=\"https:\/\/www.eldigitaldeasturias.com\/noticias\/valcarcel-la-independencia-de-cataluna-no-tiene-posibilidad-alguna-ya-que-politicamente-es-inviable\/\" \/>\n\t\t<meta property=\"article:tag\" content=\"actualidad\" \/>\n\t\t<meta property=\"article:published_time\" content=\"2017-09-25T15:04:28+00:00\" \/>\n\t\t<meta property=\"article:modified_time\" content=\"2017-09-25T15:04:28+00:00\" \/>\n\t\t<meta property=\"article:publisher\" content=\"https:\/\/facebook.com\/eldigitaldeasturias\" \/>\n\t\t<meta name=\"twitter:card\" content=\"summary_large_image\" \/>\n\t\t<meta name=\"twitter:title\" content=\"Valc\u00e1rcel: \u201cLa independencia de Catalu\u00f1a no tiene posibilidad alguna ya que pol\u00edticamente es inviable\u201d - El Digital de Asturias\" \/>\n\t\t<meta name=\"twitter:description\" content=\"El eurodiputado popular y vicepresidente del Parlamento Europeo, Ram\u00f3n Luis Valc\u00e1rcel, ha sido entrevistado este lunes en el programa \u201cLos Desayunos de TVE\u201d, donde se le ha preguntado por destacados asuntos de la actualidad europea y espa\u00f1ola. ELECCIONES EN ALEMANIA En cuanto a la victoria de \u00c1ngela Merkel en las reci\u00e9n celebradas elecciones alemanas, el\" \/>\n\t\t<meta name=\"twitter:image\" content=\"https:\/\/www.eldigitaldeasturias.com\/noticias\/wp-content\/uploads\/2020\/12\/EDA-1.jpg\" \/>\n\t\t<meta name=\"twitter:label1\" content=\"Escrito por\" \/>\n\t\t<meta name=\"twitter:data1\" content=\"El Digital de Asturias\" \/>\n\t\t<meta name=\"twitter:label2\" content=\"Tiempo de lectura estimado\" \/>\n\t\t<meta name=\"twitter:data2\" content=\"2 minutos\" \/>\n\t\t<script type=\"application\/ld+json\" class=\"aioseo-schema\">\n\t\t\t{\"@context\":\"https:\\\/\\\/schema.org\",\"@graph\":[{\"@type\":\"BlogPosting\",\"@id\":\"https:\\\/\\\/www.eldigitaldeasturias.com\\\/noticias\\\/valcarcel-la-independencia-de-cataluna-no-tiene-posibilidad-alguna-ya-que-politicamente-es-inviable\\\/#blogposting\",\"name\":\"Valc\\u00e1rcel: \\u201cLa independencia de Catalu\\u00f1a no tiene posibilidad alguna ya que pol\\u00edticamente es inviable\\u201d - El Digital de Asturias\",\"headline\":\"Valc\\u00e1rcel: \\u201cLa independencia de Catalu\\u00f1a no tiene posibilidad alguna ya que pol\\u00edticamente es inviable\\u201d\",\"author\":{\"@id\":\"https:\\\/\\\/www.eldigitaldeasturias.com\\\/noticias\\\/author\\\/admin\\\/#author\"},\"publisher\":{\"@id\":\"https:\\\/\\\/www.eldigitaldeasturias.com\\\/noticias\\\/#organization\"},\"image\":{\"@type\":\"ImageObject\",\"url\":953726},\"datePublished\":\"2017-09-25T15:04:28+02:00\",\"dateModified\":\"2017-09-25T15:04:28+02:00\",\"inLanguage\":\"es-ES\",\"mainEntityOfPage\":{\"@id\":\"https:\\\/\\\/www.eldigitaldeasturias.com\\\/noticias\\\/valcarcel-la-independencia-de-cataluna-no-tiene-posibilidad-alguna-ya-que-politicamente-es-inviable\\\/#webpage\"},\"isPartOf\":{\"@id\":\"https:\\\/\\\/www.eldigitaldeasturias.com\\\/noticias\\\/valcarcel-la-independencia-de-cataluna-no-tiene-posibilidad-alguna-ya-que-politicamente-es-inviable\\\/#webpage\"},\"articleSection\":\"Actualidad\"},{\"@type\":\"BreadcrumbList\",\"@id\":\"https:\\\/\\\/www.eldigitaldeasturias.com\\\/noticias\\\/valcarcel-la-independencia-de-cataluna-no-tiene-posibilidad-alguna-ya-que-politicamente-es-inviable\\\/#breadcrumblist\",\"itemListElement\":[{\"@type\":\"ListItem\",\"@id\":\"https:\\\/\\\/www.eldigitaldeasturias.com\\\/noticias#listItem\",\"position\":1,\"name\":\"Home\",\"item\":\"https:\\\/\\\/www.eldigitaldeasturias.com\\\/noticias\",\"nextItem\":{\"@type\":\"ListItem\",\"@id\":\"https:\\\/\\\/www.eldigitaldeasturias.com\\\/noticias\\\/category\\\/actualidad\\\/#listItem\",\"name\":\"Actualidad\"}},{\"@type\":\"ListItem\",\"@id\":\"https:\\\/\\\/www.eldigitaldeasturias.com\\\/noticias\\\/category\\\/actualidad\\\/#listItem\",\"position\":2,\"name\":\"Actualidad\",\"item\":\"https:\\\/\\\/www.eldigitaldeasturias.com\\\/noticias\\\/category\\\/actualidad\\\/\",\"nextItem\":{\"@type\":\"ListItem\",\"@id\":\"https:\\\/\\\/www.eldigitaldeasturias.com\\\/noticias\\\/valcarcel-la-independencia-de-cataluna-no-tiene-posibilidad-alguna-ya-que-politicamente-es-inviable\\\/#listItem\",\"name\":\"Valc\\u00e1rcel: \\u201cLa independencia de Catalu\\u00f1a no tiene posibilidad alguna ya que pol\\u00edticamente es inviable\\u201d\"},\"previousItem\":{\"@type\":\"ListItem\",\"@id\":\"https:\\\/\\\/www.eldigitaldeasturias.com\\\/noticias#listItem\",\"name\":\"Home\"}},{\"@type\":\"ListItem\",\"@id\":\"https:\\\/\\\/www.eldigitaldeasturias.com\\\/noticias\\\/valcarcel-la-independencia-de-cataluna-no-tiene-posibilidad-alguna-ya-que-politicamente-es-inviable\\\/#listItem\",\"position\":3,\"name\":\"Valc\\u00e1rcel: \\u201cLa independencia de Catalu\\u00f1a no tiene posibilidad alguna ya que pol\\u00edticamente es inviable\\u201d\",\"previousItem\":{\"@type\":\"ListItem\",\"@id\":\"https:\\\/\\\/www.eldigitaldeasturias.com\\\/noticias\\\/category\\\/actualidad\\\/#listItem\",\"name\":\"Actualidad\"}}]},{\"@type\":\"Organization\",\"@id\":\"https:\\\/\\\/www.eldigitaldeasturias.com\\\/noticias\\\/#organization\",\"name\":\"El Digital de Asturias\",\"description\":\"Hemeroteca\",\"url\":\"https:\\\/\\\/www.eldigitaldeasturias.com\\\/noticias\\\/\",\"email\":\"info@eldigitaldeasturias.com\",\"telephone\":\"+34652131393\",\"logo\":{\"@type\":\"ImageObject\",\"url\":\"https:\\\/\\\/www.eldigitaldeasturias.com\\\/noticias\\\/wp-content\\\/uploads\\\/2020\\\/12\\\/EDA.jpg\",\"@id\":\"https:\\\/\\\/www.eldigitaldeasturias.com\\\/noticias\\\/valcarcel-la-independencia-de-cataluna-no-tiene-posibilidad-alguna-ya-que-politicamente-es-inviable\\\/#organizationLogo\"},\"image\":{\"@id\":\"https:\\\/\\\/www.eldigitaldeasturias.com\\\/noticias\\\/valcarcel-la-independencia-de-cataluna-no-tiene-posibilidad-alguna-ya-que-politicamente-es-inviable\\\/#organizationLogo\"},\"sameAs\":[\"https:\\\/\\\/facebook.com\\\/eldigitaldeasturias\",\"https:\\\/\\\/www.youtube.com\\\/channel\\\/UCZP-2wLEB9Rv6erhFmqVnvg\"],\"address\":{\"@id\":\"https:\\\/\\\/www.eldigitaldeasturias.com\\\/noticias\\\/#postaladdress\",\"@type\":\"PostalAddress\",\"streetAddress\":\"san antonio 4\",\"postalCode\":\"33430\",\"addressLocality\":\"Cand\\u00e1s\",\"addressRegion\":\"Asturias\",\"addressCountry\":\"ES\"}},{\"@type\":\"Person\",\"@id\":\"https:\\\/\\\/www.eldigitaldeasturias.com\\\/noticias\\\/author\\\/admin\\\/#author\",\"url\":\"https:\\\/\\\/www.eldigitaldeasturias.com\\\/noticias\\\/author\\\/admin\\\/\",\"name\":\"El Digital de Asturias\",\"image\":{\"@type\":\"ImageObject\",\"@id\":\"https:\\\/\\\/www.eldigitaldeasturias.com\\\/noticias\\\/valcarcel-la-independencia-de-cataluna-no-tiene-posibilidad-alguna-ya-que-politicamente-es-inviable\\\/#authorImage\",\"url\":\"https:\\\/\\\/secure.gravatar.com\\\/avatar\\\/df2aeffc32bcd13f8d26072ef8a91b623d677766deac7f97ca815868cd41bf5e?s=96&d=mm&r=g\",\"width\":96,\"height\":96,\"caption\":\"El Digital de Asturias\"}},{\"@type\":\"WebPage\",\"@id\":\"https:\\\/\\\/www.eldigitaldeasturias.com\\\/noticias\\\/valcarcel-la-independencia-de-cataluna-no-tiene-posibilidad-alguna-ya-que-politicamente-es-inviable\\\/#webpage\",\"url\":\"https:\\\/\\\/www.eldigitaldeasturias.com\\\/noticias\\\/valcarcel-la-independencia-de-cataluna-no-tiene-posibilidad-alguna-ya-que-politicamente-es-inviable\\\/\",\"name\":\"Valc\\u00e1rcel: \\u201cLa independencia de Catalu\\u00f1a no tiene posibilidad alguna ya que pol\\u00edticamente es inviable\\u201d - El Digital de Asturias\",\"description\":\"El eurodiputado popular y vicepresidente del Parlamento Europeo, Ram\\u00f3n Luis Valc\\u00e1rcel, ha sido entrevistado este lunes en el programa \\u201cLos Desayunos de TVE\\u201d, donde se le ha preguntado por destacados asuntos de la actualidad europea y espa\\u00f1ola. ELECCIONES EN ALEMANIA En cuanto a la victoria de \\u00c1ngela Merkel en las reci\\u00e9n celebradas elecciones alemanas, el\",\"inLanguage\":\"es-ES\",\"isPartOf\":{\"@id\":\"https:\\\/\\\/www.eldigitaldeasturias.com\\\/noticias\\\/#website\"},\"breadcrumb\":{\"@id\":\"https:\\\/\\\/www.eldigitaldeasturias.com\\\/noticias\\\/valcarcel-la-independencia-de-cataluna-no-tiene-posibilidad-alguna-ya-que-politicamente-es-inviable\\\/#breadcrumblist\"},\"author\":{\"@id\":\"https:\\\/\\\/www.eldigitaldeasturias.com\\\/noticias\\\/author\\\/admin\\\/#author\"},\"creator\":{\"@id\":\"https:\\\/\\\/www.eldigitaldeasturias.com\\\/noticias\\\/author\\\/admin\\\/#author\"},\"image\":{\"@type\":\"ImageObject\",\"url\":953726,\"@id\":\"https:\\\/\\\/www.eldigitaldeasturias.com\\\/noticias\\\/valcarcel-la-independencia-de-cataluna-no-tiene-posibilidad-alguna-ya-que-politicamente-es-inviable\\\/#mainImage\"},\"primaryImageOfPage\":{\"@id\":\"https:\\\/\\\/www.eldigitaldeasturias.com\\\/noticias\\\/valcarcel-la-independencia-de-cataluna-no-tiene-posibilidad-alguna-ya-que-politicamente-es-inviable\\\/#mainImage\"},\"datePublished\":\"2017-09-25T15:04:28+02:00\",\"dateModified\":\"2017-09-25T15:04:28+02:00\"},{\"@type\":\"WebSite\",\"@id\":\"https:\\\/\\\/www.eldigitaldeasturias.com\\\/noticias\\\/#website\",\"url\":\"https:\\\/\\\/www.eldigitaldeasturias.com\\\/noticias\\\/\",\"name\":\"El Digital de Asturias - Diario de actualidad y noticias\",\"alternateName\":\"El Digital de Asturias - Diario de actualidad y noticias\",\"description\":\"Hemeroteca\",\"inLanguage\":\"es-ES\",\"publisher\":{\"@id\":\"https:\\\/\\\/www.eldigitaldeasturias.com\\\/noticias\\\/#organization\"}}]}\n\t\t<\/script>\n\t\t<!-- All in One SEO Pro -->\r\n\t\t<title>Valc\u00e1rcel: \u201cLa independencia de Catalu\u00f1a no tiene posibilidad alguna ya que pol\u00edticamente es inviable\u201d - El Digital de Asturias<\/title>\n\n","aioseo_head_json":{"title":"Valc\u00e1rcel: \u201cLa independencia de Catalu\u00f1a no tiene posibilidad alguna ya que pol\u00edticamente es inviable\u201d - El Digital de Asturias","description":"El eurodiputado popular y vicepresidente del Parlamento Europeo, Ram\u00f3n Luis Valc\u00e1rcel, ha sido entrevistado este lunes en el programa \u201cLos Desayunos de TVE\u201d, donde se le ha preguntado por destacados asuntos de la actualidad europea y espa\u00f1ola. ELECCIONES EN ALEMANIA En cuanto a la victoria de \u00c1ngela Merkel en las reci\u00e9n celebradas elecciones alemanas, el","canonical_url":"https:\/\/www.eldigitaldeasturias.com\/noticias\/valcarcel-la-independencia-de-cataluna-no-tiene-posibilidad-alguna-ya-que-politicamente-es-inviable\/","robots":"max-image-preview:large","keywords":"actualidad","webmasterTools":{"google-site-verification":"UA-38556648-1","msvalidate.01":"7dfe9f3f1b24437ab69f4f2559babe99","miscellaneous":""},"schema":{"@context":"https:\/\/schema.org","@graph":[{"@type":"BlogPosting","@id":"https:\/\/www.eldigitaldeasturias.com\/noticias\/valcarcel-la-independencia-de-cataluna-no-tiene-posibilidad-alguna-ya-que-politicamente-es-inviable\/#blogposting","name":"Valc\u00e1rcel: \u201cLa independencia de Catalu\u00f1a no tiene posibilidad alguna ya que pol\u00edticamente es inviable\u201d - El Digital de Asturias","headline":"Valc\u00e1rcel: \u201cLa independencia de Catalu\u00f1a no tiene posibilidad alguna ya que pol\u00edticamente es inviable\u201d","author":{"@id":"https:\/\/www.eldigitaldeasturias.com\/noticias\/author\/admin\/#author"},"publisher":{"@id":"https:\/\/www.eldigitaldeasturias.com\/noticias\/#organization"},"image":{"@type":"ImageObject","url":953726},"datePublished":"2017-09-25T15:04:28+02:00","dateModified":"2017-09-25T15:04:28+02:00","inLanguage":"es-ES","mainEntityOfPage":{"@id":"https:\/\/www.eldigitaldeasturias.com\/noticias\/valcarcel-la-independencia-de-cataluna-no-tiene-posibilidad-alguna-ya-que-politicamente-es-inviable\/#webpage"},"isPartOf":{"@id":"https:\/\/www.eldigitaldeasturias.com\/noticias\/valcarcel-la-independencia-de-cataluna-no-tiene-posibilidad-alguna-ya-que-politicamente-es-inviable\/#webpage"},"articleSection":"Actualidad"},{"@type":"BreadcrumbList","@id":"https:\/\/www.eldigitaldeasturias.com\/noticias\/valcarcel-la-independencia-de-cataluna-no-tiene-posibilidad-alguna-ya-que-politicamente-es-inviable\/#breadcrumblist","itemListElement":[{"@type":"ListItem","@id":"https:\/\/www.eldigitaldeasturias.com\/noticias#listItem","position":1,"name":"Home","item":"https:\/\/www.eldigitaldeasturias.com\/noticias","nextItem":{"@type":"ListItem","@id":"https:\/\/www.eldigitaldeasturias.com\/noticias\/category\/actualidad\/#listItem","name":"Actualidad"}},{"@type":"ListItem","@id":"https:\/\/www.eldigitaldeasturias.com\/noticias\/category\/actualidad\/#listItem","position":2,"name":"Actualidad","item":"https:\/\/www.eldigitaldeasturias.com\/noticias\/category\/actualidad\/","nextItem":{"@type":"ListItem","@id":"https:\/\/www.eldigitaldeasturias.com\/noticias\/valcarcel-la-independencia-de-cataluna-no-tiene-posibilidad-alguna-ya-que-politicamente-es-inviable\/#listItem","name":"Valc\u00e1rcel: \u201cLa independencia de Catalu\u00f1a no tiene posibilidad alguna ya que pol\u00edticamente es inviable\u201d"},"previousItem":{"@type":"ListItem","@id":"https:\/\/www.eldigitaldeasturias.com\/noticias#listItem","name":"Home"}},{"@type":"ListItem","@id":"https:\/\/www.eldigitaldeasturias.com\/noticias\/valcarcel-la-independencia-de-cataluna-no-tiene-posibilidad-alguna-ya-que-politicamente-es-inviable\/#listItem","position":3,"name":"Valc\u00e1rcel: \u201cLa independencia de Catalu\u00f1a no tiene posibilidad alguna ya que pol\u00edticamente es inviable\u201d","previousItem":{"@type":"ListItem","@id":"https:\/\/www.eldigitaldeasturias.com\/noticias\/category\/actualidad\/#listItem","name":"Actualidad"}}]},{"@type":"Organization","@id":"https:\/\/www.eldigitaldeasturias.com\/noticias\/#organization","name":"El Digital de Asturias","description":"Hemeroteca","url":"https:\/\/www.eldigitaldeasturias.com\/noticias\/","email":"info@eldigitaldeasturias.com","telephone":"+34652131393","logo":{"@type":"ImageObject","url":"https:\/\/www.eldigitaldeasturias.com\/noticias\/wp-content\/uploads\/2020\/12\/EDA.jpg","@id":"https:\/\/www.eldigitaldeasturias.com\/noticias\/valcarcel-la-independencia-de-cataluna-no-tiene-posibilidad-alguna-ya-que-politicamente-es-inviable\/#organizationLogo"},"image":{"@id":"https:\/\/www.eldigitaldeasturias.com\/noticias\/valcarcel-la-independencia-de-cataluna-no-tiene-posibilidad-alguna-ya-que-politicamente-es-inviable\/#organizationLogo"},"sameAs":["https:\/\/facebook.com\/eldigitaldeasturias","https:\/\/www.youtube.com\/channel\/UCZP-2wLEB9Rv6erhFmqVnvg"],"address":{"@id":"https:\/\/www.eldigitaldeasturias.com\/noticias\/#postaladdress","@type":"PostalAddress","streetAddress":"san antonio 4","postalCode":"33430","addressLocality":"Cand\u00e1s","addressRegion":"Asturias","addressCountry":"ES"}},{"@type":"Person","@id":"https:\/\/www.eldigitaldeasturias.com\/noticias\/author\/admin\/#author","url":"https:\/\/www.eldigitaldeasturias.com\/noticias\/author\/admin\/","name":"El Digital de Asturias","image":{"@type":"ImageObject","@id":"https:\/\/www.eldigitaldeasturias.com\/noticias\/valcarcel-la-independencia-de-cataluna-no-tiene-posibilidad-alguna-ya-que-politicamente-es-inviable\/#authorImage","url":"https:\/\/secure.gravatar.com\/avatar\/df2aeffc32bcd13f8d26072ef8a91b623d677766deac7f97ca815868cd41bf5e?s=96&d=mm&r=g","width":96,"height":96,"caption":"El Digital de Asturias"}},{"@type":"WebPage","@id":"https:\/\/www.eldigitaldeasturias.com\/noticias\/valcarcel-la-independencia-de-cataluna-no-tiene-posibilidad-alguna-ya-que-politicamente-es-inviable\/#webpage","url":"https:\/\/www.eldigitaldeasturias.com\/noticias\/valcarcel-la-independencia-de-cataluna-no-tiene-posibilidad-alguna-ya-que-politicamente-es-inviable\/","name":"Valc\u00e1rcel: \u201cLa independencia de Catalu\u00f1a no tiene posibilidad alguna ya que pol\u00edticamente es inviable\u201d - El Digital de Asturias","description":"El eurodiputado popular y vicepresidente del Parlamento Europeo, Ram\u00f3n Luis Valc\u00e1rcel, ha sido entrevistado este lunes en el programa \u201cLos Desayunos de TVE\u201d, donde se le ha preguntado por destacados asuntos de la actualidad europea y espa\u00f1ola. ELECCIONES EN ALEMANIA En cuanto a la victoria de \u00c1ngela Merkel en las reci\u00e9n celebradas elecciones alemanas, el","inLanguage":"es-ES","isPartOf":{"@id":"https:\/\/www.eldigitaldeasturias.com\/noticias\/#website"},"breadcrumb":{"@id":"https:\/\/www.eldigitaldeasturias.com\/noticias\/valcarcel-la-independencia-de-cataluna-no-tiene-posibilidad-alguna-ya-que-politicamente-es-inviable\/#breadcrumblist"},"author":{"@id":"https:\/\/www.eldigitaldeasturias.com\/noticias\/author\/admin\/#author"},"creator":{"@id":"https:\/\/www.eldigitaldeasturias.com\/noticias\/author\/admin\/#author"},"image":{"@type":"ImageObject","url":953726,"@id":"https:\/\/www.eldigitaldeasturias.com\/noticias\/valcarcel-la-independencia-de-cataluna-no-tiene-posibilidad-alguna-ya-que-politicamente-es-inviable\/#mainImage"},"primaryImageOfPage":{"@id":"https:\/\/www.eldigitaldeasturias.com\/noticias\/valcarcel-la-independencia-de-cataluna-no-tiene-posibilidad-alguna-ya-que-politicamente-es-inviable\/#mainImage"},"datePublished":"2017-09-25T15:04:28+02:00","dateModified":"2017-09-25T15:04:28+02:00"},{"@type":"WebSite","@id":"https:\/\/www.eldigitaldeasturias.com\/noticias\/#website","url":"https:\/\/www.eldigitaldeasturias.com\/noticias\/","name":"El Digital de Asturias - Diario de actualidad y noticias","alternateName":"El Digital de Asturias - Diario de actualidad y noticias","description":"Hemeroteca","inLanguage":"es-ES","publisher":{"@id":"https:\/\/www.eldigitaldeasturias.com\/noticias\/#organization"}}]},"og:locale":"es_ES","og:site_name":"El Digital de Asturias","og:type":"article","og:title":"Valc\u00e1rcel: \u201cLa independencia de Catalu\u00f1a no tiene posibilidad alguna ya que pol\u00edticamente es inviable\u201d - El Digital de Asturias","og:description":"El eurodiputado popular y vicepresidente del Parlamento Europeo, Ram\u00f3n Luis Valc\u00e1rcel, ha sido entrevistado este lunes en el programa \u201cLos Desayunos de TVE\u201d, donde se le ha preguntado por destacados asuntos de la actualidad europea y espa\u00f1ola. ELECCIONES EN ALEMANIA En cuanto a la victoria de \u00c1ngela Merkel en las reci\u00e9n celebradas elecciones alemanas, el","og:url":"https:\/\/www.eldigitaldeasturias.com\/noticias\/valcarcel-la-independencia-de-cataluna-no-tiene-posibilidad-alguna-ya-que-politicamente-es-inviable\/","article:tag":["actualidad"],"article:published_time":"2017-09-25T15:04:28+00:00","article:modified_time":"2017-09-25T15:04:28+00:00","article:publisher":"https:\/\/facebook.com\/eldigitaldeasturias","twitter:card":"summary_large_image","twitter:title":"Valc\u00e1rcel: \u201cLa independencia de Catalu\u00f1a no tiene posibilidad alguna ya que pol\u00edticamente es inviable\u201d - El Digital de Asturias","twitter:description":"El eurodiputado popular y vicepresidente del Parlamento Europeo, Ram\u00f3n Luis Valc\u00e1rcel, ha sido entrevistado este lunes en el programa \u201cLos Desayunos de TVE\u201d, donde se le ha preguntado por destacados asuntos de la actualidad europea y espa\u00f1ola. ELECCIONES EN ALEMANIA En cuanto a la victoria de \u00c1ngela Merkel en las reci\u00e9n celebradas elecciones alemanas, el","twitter:image":"https:\/\/www.eldigitaldeasturias.com\/noticias\/wp-content\/uploads\/2020\/12\/EDA-1.jpg","twitter:label1":"Escrito por","twitter:data1":"El Digital de Asturias","twitter:label2":"Tiempo de lectura estimado","twitter:data2":"2 minutos"},"aioseo_meta_data":{"post_id":"953725","title":null,"description":null,"keywords":null,"keyphrases":null,"primary_term":null,"canonical_url":null,"og_title":null,"og_description":null,"og_object_type":"default","og_image_type":"default","og_image_url":null,"og_image_width":null,"og_image_height":null,"og_image_custom_url":null,"og_image_custom_fields":null,"og_video":null,"og_custom_url":null,"og_article_section":null,"og_article_tags":null,"twitter_use_og":false,"twitter_card":"default","twitter_image_type":"default","twitter_image_url":null,"twitter_image_custom_url":null,"twitter_image_custom_fields":null,"twitter_title":null,"twitter_description":null,"schema":{"blockGraphs":[],"customGraphs":[],"default":{"data":{"Article":[],"Course":[],"Dataset":[],"FAQPage":[],"Movie":[],"Person":[],"Product":[],"ProductReview":[],"Car":[],"Recipe":[],"Service":[],"SoftwareApplication":[],"WebPage":[]},"graphName":"","isEnabled":true},"graphs":[],"defaultGraph":"","defaultPostTypeGraph":""},"schema_type":null,"schema_type_options":null,"pillar_content":false,"robots_default":true,"robots_noindex":false,"robots_noarchive":false,"robots_nosnippet":false,"robots_nofollow":false,"robots_noimageindex":false,"robots_noodp":false,"robots_notranslate":false,"robots_max_snippet":null,"robots_max_videopreview":null,"robots_max_imagepreview":"large","priority":null,"frequency":null,"local_seo":null,"seo_analyzer_scan_date":"2025-12-06 03:53:11","breadcrumb_settings":null,"limit_modified_date":false,"open_ai":null,"ai":null,"created":"2020-12-21 12:57:03","updated":"2025-12-06 03:53:11","focus_keyword":null,"additional_keywords":null,"truseo_locale":null},"aioseo_breadcrumb":"<div class=\"aioseo-breadcrumbs\"><span class=\"aioseo-breadcrumb\">\n\t<a href=\"https:\/\/www.eldigitaldeasturias.com\/noticias\" title=\"Home\">Home<\/a>\n<\/span><span class=\"aioseo-breadcrumb-separator\">\u2013<\/span><span class=\"aioseo-breadcrumb\">\n\t<a href=\"https:\/\/www.eldigitaldeasturias.com\/noticias\/category\/actualidad\/\" title=\"Actualidad\">Actualidad<\/a>\n<\/span><span class=\"aioseo-breadcrumb-separator\">\u2013<\/span><span class=\"aioseo-breadcrumb\">\n\t<a href=\"https:\/\/www.eldigitaldeasturias.com\/noticias\/valcarcel-la-independencia-de-cataluna-no-tiene-posibilidad-alguna-ya-que-politicamente-es-inviable\/\" title=\"Valc\u00e1rcel: \u201cLa independencia de Catalu\u00f1a no tiene posibilidad alguna ya que pol\u00edticamente es inviable\u201d\">Valc\u00e1rcel: \u201cLa independencia de Catalu\u00f1a no tiene posibilidad alguna ya que pol\u00edticamente es inviable\u201d<\/a>\n<\/span><\/div>","aioseo_breadcrumb_json":[{"label":"Home","link":"https:\/\/www.eldigitaldeasturias.com\/noticias"},{"label":"Actualidad","link":"https:\/\/www.eldigitaldeasturias.com\/noticias\/category\/actualidad\/"},{"label":"Valc\u00e1rcel: \u201cLa independencia de Catalu\u00f1a no tiene posibilidad alguna ya que pol\u00edticamente es inviable\u201d","link":"https:\/\/www.eldigitaldeasturias.com\/noticias\/valcarcel-la-independencia-de-cataluna-no-tiene-posibilidad-alguna-ya-que-politicamente-es-inviable\/"}],"_links":{"self":[{"href":"https:\/\/www.eldigitaldeasturias.com\/noticias\/wp-json\/wp\/v2\/posts\/953725","targetHints":{"allow":["GET"]}}],"collection":[{"href":"https:\/\/www.eldigitaldeasturias.com\/noticias\/wp-json\/wp\/v2\/posts"}],"about":[{"href":"https:\/\/www.eldigitaldeasturias.com\/noticias\/wp-json\/wp\/v2\/types\/post"}],"author":[{"embeddable":true,"href":"https:\/\/www.eldigitaldeasturias.com\/noticias\/wp-json\/wp\/v2\/users\/1"}],"replies":[{"embeddable":true,"href":"https:\/\/www.eldigitaldeasturias.com\/noticias\/wp-json\/wp\/v2\/comments?post=953725"}],"version-history":[{"count":0,"href":"https:\/\/www.eldigitaldeasturias.com\/noticias\/wp-json\/wp\/v2\/posts\/953725\/revisions"}],"wp:attachment":[{"href":"https:\/\/www.eldigitaldeasturias.com\/noticias\/wp-json\/wp\/v2\/media?parent=953725"}],"wp:term":[{"taxonomy":"category","embeddable":true,"href":"https:\/\/www.eldigitaldeasturias.com\/noticias\/wp-json\/wp\/v2\/categories?post=953725"},{"taxonomy":"post_tag","embeddable":true,"href":"https:\/\/www.eldigitaldeasturias.com\/noticias\/wp-json\/wp\/v2\/tags?post=953725"}],"curies":[{"name":"wp","href":"https:\/\/api.w.org\/{rel}","templated":true}]}}