{"id":953717,"date":"2017-09-25T14:56:19","date_gmt":"2017-09-25T14:56:19","guid":{"rendered":"http:\/\/www.eldigitaldeasturias.com\/noticias\/?p=953717"},"modified":"2017-09-25T14:56:19","modified_gmt":"2017-09-25T14:56:19","slug":"james-mattis-expresa-a-cospedal-el-apoyo-a-la-democracia-espanola","status":"publish","type":"post","link":"https:\/\/www.eldigitaldeasturias.com\/noticias\/james-mattis-expresa-a-cospedal-el-apoyo-a-la-democracia-espanola\/","title":{"rendered":"James Mattis expresa a Cospedal el apoyo a la democracia espa\u00f1ola"},"content":{"rendered":"<p><img loading=\"lazy\" decoding=\"async\" class=\"alignleft size-medium wp-image-953718\" src=\"https:\/\/www.eldigitaldeasturias.com\/noticias\/wp-content\/uploads\/2017\/09\/240917Cospedal_usa-360x239.jpg\" alt=\"\" width=\"360\" height=\"239\" \/>El secretario de Defensa de Estado Unidos, James Mattis \u00abme transmiti\u00f3 ayer un mensaje muy claro de apoyo al Estado espa\u00f1ol y a la defensa de la democracia\u00bb, indic\u00f3 esta tarde la ministra de Defensa en un encuentro con la prensa.<\/p>\n<p>En referencia al intercambio de impresiones que mantuvo ayer, durante su primera jornada de visita a Estados Unidos, con el secretario Mattis, Mar\u00eda Dolores de Cospedal indic\u00f3 que le agradeci\u00f3 sinceramente estas palabras, \u00abimportantes cuando se hacen desde un pa\u00eds que es la primera democracia del mundo\u00bb.<\/p>\n<p>La titular de Defensa se mostr\u00f3 muy satisfecha de los resultados de su viaje, y destac\u00f3 las buenas relaciones existentes entre los dos pa\u00edses.<\/p>\n<p>Dentro de la visita de tres d\u00edas que realiza a los Estados Unidos, Mar\u00eda Dolores de Cospedal se traslad\u00f3 hoy a la sede de la Agregadur\u00eda de su Departamento en Washington DC.<\/p>\n<p>All\u00ed, tras mantener un encuentro con la prensa acreditada en la capital norteamericana, la ministra se reuni\u00f3 con los agregados de Defensa, de los tres Ej\u00e9rcitos y de Finanzas y Armamento de Espa\u00f1a en Estados Unidos en la que se la inform\u00f3 sobre las actividades desarrolladas en la Agregadur\u00eda.<\/p>\n<p>Posteriormente visit\u00f3 las instalaciones de la delegaci\u00f3n de Defensa espa\u00f1ola, mantuvo un encuentro distendido y departi\u00f3 con el personal civil y militar destinado en la misma de la Agregadur\u00eda y sus familiares.<\/p>\n<p><strong>Visita a Estados Unidos<\/strong><\/p>\n<p>Durante su visita de tres d\u00edas a EEUU, la ministra particip\u00f3 ayer en el XXII Foro Espa\u00f1a-Estados Unidos donde mantuvo una entrevista con el Secretario de Defensa Mattis.<\/p>\n<p>Durante la tarde del s\u00e1bado, Cospedal visit\u00f3 el cuartel general del Mando Supremo de Transformaci\u00f3n de la Alianza Atl\u00e1ntica en Norfolk, (Virginia), donde se reuni\u00f3 con su comandante, teniente general Denis Mercier, y con el personal espa\u00f1ol all\u00ed destinado.<\/p>\n<p>El lunes, acompa\u00f1ada por el Jefe del Estado Mayor de la Armada, almirante general L\u00f3pez Calder\u00f3n, visitar\u00e1 la Academia Naval de Annapolis. La ministra participar\u00e1 en un acto conmemorativo con ocasi\u00f3n del bicentenario de la muerte del marino Jorge Farragut, nacido en Ciudadela, Menorca, quien luch\u00f3 en la Guerra de la Independencia norteamericana, as\u00ed como de su hijo, David Farragut, primer almirante de la US Navy.<\/p>\n<p>Para finalizar su viaje, la Ministra de Defensa visitar\u00e1 el lunes por la tarde la sede de Naciones Unidas en Nueva York. All\u00ed mantendr\u00e1 un encuentro con el secretario general adjunto de Operaciones de Mantenimiento de la Paz de ese organismo, Jean-Pierre Lacroix, con el que tratar\u00e1 sobre la evoluci\u00f3n de las misiones en las que participan las Fuerzas Armadas espa\u00f1olas.<\/p>\n<p>&nbsp;<\/p>\n","protected":false},"excerpt":{"rendered":"<p>El secretario de Defensa de Estado Unidos, James Mattis \u00abme transmiti\u00f3 ayer un mensaje muy claro de apoyo al Estado espa\u00f1ol y a la defensa de la democracia\u00bb, indic\u00f3 esta tarde la ministra de Defensa en un encuentro con la prensa. En referencia al intercambio de impresiones que mantuvo ayer, durante su primera jornada de [&hellip;]<\/p>\n","protected":false},"author":1,"featured_media":953718,"comment_status":"closed","ping_status":"closed","sticky":false,"template":"","format":"standard","meta":{"footnotes":""},"categories":[1],"tags":[],"class_list":["post-953717","post","type-post","status-publish","format-standard","has-post-thumbnail","hentry","category-actualidad"],"aioseo_notices":[],"aioseo_head":"\n\t\t<!-- All in One SEO Pro 5.0.1 - aioseo.com -->\n\t<meta name=\"description\" content=\"El secretario de Defensa de Estado Unidos, James Mattis &quot;me transmiti\u00f3 ayer un mensaje muy claro de apoyo al Estado espa\u00f1ol y a la defensa de la democracia&quot;, indic\u00f3 esta tarde la ministra de Defensa en un encuentro con la prensa. En referencia al intercambio de impresiones que mantuvo ayer, durante su primera jornada de\" \/>\n\t<meta name=\"robots\" content=\"max-image-preview:large\" \/>\n\t<meta name=\"author\" content=\"El Digital de Asturias\"\/>\n\t<meta name=\"google-site-verification\" content=\"UA-38556648-1\" \/>\n\t<meta name=\"msvalidate.01\" content=\"7dfe9f3f1b24437ab69f4f2559babe99\" \/>\n\t<meta name=\"keywords\" content=\"actualidad\" \/>\n\t<link rel=\"canonical\" href=\"https:\/\/www.eldigitaldeasturias.com\/noticias\/james-mattis-expresa-a-cospedal-el-apoyo-a-la-democracia-espanola\/\" \/>\n\t<meta name=\"generator\" content=\"All in One SEO Pro (AIOSEO) 5.0.1\" \/>\n\t\t<meta property=\"og:locale\" content=\"es_ES\" \/>\n\t\t<meta property=\"og:site_name\" content=\"El Digital de Asturias\" \/>\n\t\t<meta property=\"og:type\" content=\"article\" \/>\n\t\t<meta property=\"og:title\" content=\"James Mattis expresa a Cospedal el apoyo a la democracia espa\u00f1ola - El Digital de Asturias\" \/>\n\t\t<meta property=\"og:description\" content=\"El secretario de Defensa de Estado Unidos, James Mattis &quot;me transmiti\u00f3 ayer un mensaje muy claro de apoyo al Estado espa\u00f1ol y a la defensa de la democracia&quot;, indic\u00f3 esta tarde la ministra de Defensa en un encuentro con la prensa. En referencia al intercambio de impresiones que mantuvo ayer, durante su primera jornada de\" \/>\n\t\t<meta property=\"og:url\" content=\"https:\/\/www.eldigitaldeasturias.com\/noticias\/james-mattis-expresa-a-cospedal-el-apoyo-a-la-democracia-espanola\/\" \/>\n\t\t<meta property=\"article:tag\" content=\"actualidad\" \/>\n\t\t<meta property=\"article:published_time\" content=\"2017-09-25T14:56:19+00:00\" \/>\n\t\t<meta property=\"article:modified_time\" content=\"2017-09-25T14:56:19+00:00\" \/>\n\t\t<meta property=\"article:publisher\" content=\"https:\/\/facebook.com\/eldigitaldeasturias\" \/>\n\t\t<meta name=\"twitter:card\" content=\"summary_large_image\" \/>\n\t\t<meta name=\"twitter:title\" content=\"James Mattis expresa a Cospedal el apoyo a la democracia espa\u00f1ola - El Digital de Asturias\" \/>\n\t\t<meta name=\"twitter:description\" content=\"El secretario de Defensa de Estado Unidos, James Mattis &quot;me transmiti\u00f3 ayer un mensaje muy claro de apoyo al Estado espa\u00f1ol y a la defensa de la democracia&quot;, indic\u00f3 esta tarde la ministra de Defensa en un encuentro con la prensa. En referencia al intercambio de impresiones que mantuvo ayer, durante su primera jornada de\" \/>\n\t\t<meta name=\"twitter:image\" content=\"https:\/\/www.eldigitaldeasturias.com\/noticias\/wp-content\/uploads\/2020\/12\/EDA-1.jpg\" \/>\n\t\t<meta name=\"twitter:label1\" content=\"Escrito por\" \/>\n\t\t<meta name=\"twitter:data1\" content=\"El Digital de Asturias\" \/>\n\t\t<meta name=\"twitter:label2\" content=\"Tiempo de lectura estimado\" \/>\n\t\t<meta name=\"twitter:data2\" content=\"2 minutos\" \/>\n\t\t<script type=\"application\/ld+json\" class=\"aioseo-schema\">\n\t\t\t{\"@context\":\"https:\\\/\\\/schema.org\",\"@graph\":[{\"@type\":\"BlogPosting\",\"@id\":\"https:\\\/\\\/www.eldigitaldeasturias.com\\\/noticias\\\/james-mattis-expresa-a-cospedal-el-apoyo-a-la-democracia-espanola\\\/#blogposting\",\"name\":\"James Mattis expresa a Cospedal el apoyo a la democracia espa\\u00f1ola - El Digital de Asturias\",\"headline\":\"James Mattis expresa a Cospedal el apoyo a la democracia espa\\u00f1ola\",\"author\":{\"@id\":\"https:\\\/\\\/www.eldigitaldeasturias.com\\\/noticias\\\/author\\\/admin\\\/#author\"},\"publisher\":{\"@id\":\"https:\\\/\\\/www.eldigitaldeasturias.com\\\/noticias\\\/#organization\"},\"image\":{\"@type\":\"ImageObject\",\"url\":953718},\"datePublished\":\"2017-09-25T14:56:19+02:00\",\"dateModified\":\"2017-09-25T14:56:19+02:00\",\"inLanguage\":\"es-ES\",\"mainEntityOfPage\":{\"@id\":\"https:\\\/\\\/www.eldigitaldeasturias.com\\\/noticias\\\/james-mattis-expresa-a-cospedal-el-apoyo-a-la-democracia-espanola\\\/#webpage\"},\"isPartOf\":{\"@id\":\"https:\\\/\\\/www.eldigitaldeasturias.com\\\/noticias\\\/james-mattis-expresa-a-cospedal-el-apoyo-a-la-democracia-espanola\\\/#webpage\"},\"articleSection\":\"Actualidad\"},{\"@type\":\"BreadcrumbList\",\"@id\":\"https:\\\/\\\/www.eldigitaldeasturias.com\\\/noticias\\\/james-mattis-expresa-a-cospedal-el-apoyo-a-la-democracia-espanola\\\/#breadcrumblist\",\"itemListElement\":[{\"@type\":\"ListItem\",\"@id\":\"https:\\\/\\\/www.eldigitaldeasturias.com\\\/noticias#listItem\",\"position\":1,\"name\":\"Home\",\"item\":\"https:\\\/\\\/www.eldigitaldeasturias.com\\\/noticias\",\"nextItem\":{\"@type\":\"ListItem\",\"@id\":\"https:\\\/\\\/www.eldigitaldeasturias.com\\\/noticias\\\/category\\\/actualidad\\\/#listItem\",\"name\":\"Actualidad\"}},{\"@type\":\"ListItem\",\"@id\":\"https:\\\/\\\/www.eldigitaldeasturias.com\\\/noticias\\\/category\\\/actualidad\\\/#listItem\",\"position\":2,\"name\":\"Actualidad\",\"item\":\"https:\\\/\\\/www.eldigitaldeasturias.com\\\/noticias\\\/category\\\/actualidad\\\/\",\"nextItem\":{\"@type\":\"ListItem\",\"@id\":\"https:\\\/\\\/www.eldigitaldeasturias.com\\\/noticias\\\/james-mattis-expresa-a-cospedal-el-apoyo-a-la-democracia-espanola\\\/#listItem\",\"name\":\"James Mattis expresa a Cospedal el apoyo a la democracia espa\\u00f1ola\"},\"previousItem\":{\"@type\":\"ListItem\",\"@id\":\"https:\\\/\\\/www.eldigitaldeasturias.com\\\/noticias#listItem\",\"name\":\"Home\"}},{\"@type\":\"ListItem\",\"@id\":\"https:\\\/\\\/www.eldigitaldeasturias.com\\\/noticias\\\/james-mattis-expresa-a-cospedal-el-apoyo-a-la-democracia-espanola\\\/#listItem\",\"position\":3,\"name\":\"James Mattis expresa a Cospedal el apoyo a la democracia espa\\u00f1ola\",\"previousItem\":{\"@type\":\"ListItem\",\"@id\":\"https:\\\/\\\/www.eldigitaldeasturias.com\\\/noticias\\\/category\\\/actualidad\\\/#listItem\",\"name\":\"Actualidad\"}}]},{\"@type\":\"Organization\",\"@id\":\"https:\\\/\\\/www.eldigitaldeasturias.com\\\/noticias\\\/#organization\",\"name\":\"El Digital de Asturias\",\"description\":\"Hemeroteca\",\"url\":\"https:\\\/\\\/www.eldigitaldeasturias.com\\\/noticias\\\/\",\"email\":\"info@eldigitaldeasturias.com\",\"telephone\":\"+34652131393\",\"logo\":{\"@type\":\"ImageObject\",\"url\":\"https:\\\/\\\/www.eldigitaldeasturias.com\\\/noticias\\\/wp-content\\\/uploads\\\/2020\\\/12\\\/EDA.jpg\",\"@id\":\"https:\\\/\\\/www.eldigitaldeasturias.com\\\/noticias\\\/james-mattis-expresa-a-cospedal-el-apoyo-a-la-democracia-espanola\\\/#organizationLogo\"},\"image\":{\"@id\":\"https:\\\/\\\/www.eldigitaldeasturias.com\\\/noticias\\\/james-mattis-expresa-a-cospedal-el-apoyo-a-la-democracia-espanola\\\/#organizationLogo\"},\"sameAs\":[\"https:\\\/\\\/facebook.com\\\/eldigitaldeasturias\",\"https:\\\/\\\/www.youtube.com\\\/channel\\\/UCZP-2wLEB9Rv6erhFmqVnvg\"],\"address\":{\"@id\":\"https:\\\/\\\/www.eldigitaldeasturias.com\\\/noticias\\\/#postaladdress\",\"@type\":\"PostalAddress\",\"streetAddress\":\"san antonio 4\",\"postalCode\":\"33430\",\"addressLocality\":\"Cand\\u00e1s\",\"addressRegion\":\"Asturias\",\"addressCountry\":\"ES\"}},{\"@type\":\"Person\",\"@id\":\"https:\\\/\\\/www.eldigitaldeasturias.com\\\/noticias\\\/author\\\/admin\\\/#author\",\"url\":\"https:\\\/\\\/www.eldigitaldeasturias.com\\\/noticias\\\/author\\\/admin\\\/\",\"name\":\"El Digital de Asturias\",\"image\":{\"@type\":\"ImageObject\",\"@id\":\"https:\\\/\\\/www.eldigitaldeasturias.com\\\/noticias\\\/james-mattis-expresa-a-cospedal-el-apoyo-a-la-democracia-espanola\\\/#authorImage\",\"url\":\"https:\\\/\\\/secure.gravatar.com\\\/avatar\\\/df2aeffc32bcd13f8d26072ef8a91b623d677766deac7f97ca815868cd41bf5e?s=96&d=mm&r=g\",\"width\":96,\"height\":96,\"caption\":\"El Digital de Asturias\"}},{\"@type\":\"WebPage\",\"@id\":\"https:\\\/\\\/www.eldigitaldeasturias.com\\\/noticias\\\/james-mattis-expresa-a-cospedal-el-apoyo-a-la-democracia-espanola\\\/#webpage\",\"url\":\"https:\\\/\\\/www.eldigitaldeasturias.com\\\/noticias\\\/james-mattis-expresa-a-cospedal-el-apoyo-a-la-democracia-espanola\\\/\",\"name\":\"James Mattis expresa a Cospedal el apoyo a la democracia espa\\u00f1ola - El Digital de Asturias\",\"description\":\"El secretario de Defensa de Estado Unidos, James Mattis \\\"me transmiti\\u00f3 ayer un mensaje muy claro de apoyo al Estado espa\\u00f1ol y a la defensa de la democracia\\\", indic\\u00f3 esta tarde la ministra de Defensa en un encuentro con la prensa. En referencia al intercambio de impresiones que mantuvo ayer, durante su primera jornada de\",\"inLanguage\":\"es-ES\",\"isPartOf\":{\"@id\":\"https:\\\/\\\/www.eldigitaldeasturias.com\\\/noticias\\\/#website\"},\"breadcrumb\":{\"@id\":\"https:\\\/\\\/www.eldigitaldeasturias.com\\\/noticias\\\/james-mattis-expresa-a-cospedal-el-apoyo-a-la-democracia-espanola\\\/#breadcrumblist\"},\"author\":{\"@id\":\"https:\\\/\\\/www.eldigitaldeasturias.com\\\/noticias\\\/author\\\/admin\\\/#author\"},\"creator\":{\"@id\":\"https:\\\/\\\/www.eldigitaldeasturias.com\\\/noticias\\\/author\\\/admin\\\/#author\"},\"image\":{\"@type\":\"ImageObject\",\"url\":953718,\"@id\":\"https:\\\/\\\/www.eldigitaldeasturias.com\\\/noticias\\\/james-mattis-expresa-a-cospedal-el-apoyo-a-la-democracia-espanola\\\/#mainImage\"},\"primaryImageOfPage\":{\"@id\":\"https:\\\/\\\/www.eldigitaldeasturias.com\\\/noticias\\\/james-mattis-expresa-a-cospedal-el-apoyo-a-la-democracia-espanola\\\/#mainImage\"},\"datePublished\":\"2017-09-25T14:56:19+02:00\",\"dateModified\":\"2017-09-25T14:56:19+02:00\"},{\"@type\":\"WebSite\",\"@id\":\"https:\\\/\\\/www.eldigitaldeasturias.com\\\/noticias\\\/#website\",\"url\":\"https:\\\/\\\/www.eldigitaldeasturias.com\\\/noticias\\\/\",\"name\":\"El Digital de Asturias - Diario de actualidad y noticias\",\"alternateName\":\"El Digital de Asturias - Diario de actualidad y noticias\",\"description\":\"Hemeroteca\",\"inLanguage\":\"es-ES\",\"publisher\":{\"@id\":\"https:\\\/\\\/www.eldigitaldeasturias.com\\\/noticias\\\/#organization\"}}]}\n\t\t<\/script>\n\t\t<!-- All in One SEO Pro -->\r\n\t\t<title>James Mattis expresa a Cospedal el apoyo a la democracia espa\u00f1ola - El Digital de Asturias<\/title>\n\n","aioseo_head_json":{"title":"James Mattis expresa a Cospedal el apoyo a la democracia espa\u00f1ola - El Digital de Asturias","description":"El secretario de Defensa de Estado Unidos, James Mattis \"me transmiti\u00f3 ayer un mensaje muy claro de apoyo al Estado espa\u00f1ol y a la defensa de la democracia\", indic\u00f3 esta tarde la ministra de Defensa en un encuentro con la prensa. En referencia al intercambio de impresiones que mantuvo ayer, durante su primera jornada de","canonical_url":"https:\/\/www.eldigitaldeasturias.com\/noticias\/james-mattis-expresa-a-cospedal-el-apoyo-a-la-democracia-espanola\/","robots":"max-image-preview:large","keywords":"actualidad","webmasterTools":{"google-site-verification":"UA-38556648-1","msvalidate.01":"7dfe9f3f1b24437ab69f4f2559babe99","miscellaneous":""},"schema":{"@context":"https:\/\/schema.org","@graph":[{"@type":"BlogPosting","@id":"https:\/\/www.eldigitaldeasturias.com\/noticias\/james-mattis-expresa-a-cospedal-el-apoyo-a-la-democracia-espanola\/#blogposting","name":"James Mattis expresa a Cospedal el apoyo a la democracia espa\u00f1ola - El Digital de Asturias","headline":"James Mattis expresa a Cospedal el apoyo a la democracia espa\u00f1ola","author":{"@id":"https:\/\/www.eldigitaldeasturias.com\/noticias\/author\/admin\/#author"},"publisher":{"@id":"https:\/\/www.eldigitaldeasturias.com\/noticias\/#organization"},"image":{"@type":"ImageObject","url":953718},"datePublished":"2017-09-25T14:56:19+02:00","dateModified":"2017-09-25T14:56:19+02:00","inLanguage":"es-ES","mainEntityOfPage":{"@id":"https:\/\/www.eldigitaldeasturias.com\/noticias\/james-mattis-expresa-a-cospedal-el-apoyo-a-la-democracia-espanola\/#webpage"},"isPartOf":{"@id":"https:\/\/www.eldigitaldeasturias.com\/noticias\/james-mattis-expresa-a-cospedal-el-apoyo-a-la-democracia-espanola\/#webpage"},"articleSection":"Actualidad"},{"@type":"BreadcrumbList","@id":"https:\/\/www.eldigitaldeasturias.com\/noticias\/james-mattis-expresa-a-cospedal-el-apoyo-a-la-democracia-espanola\/#breadcrumblist","itemListElement":[{"@type":"ListItem","@id":"https:\/\/www.eldigitaldeasturias.com\/noticias#listItem","position":1,"name":"Home","item":"https:\/\/www.eldigitaldeasturias.com\/noticias","nextItem":{"@type":"ListItem","@id":"https:\/\/www.eldigitaldeasturias.com\/noticias\/category\/actualidad\/#listItem","name":"Actualidad"}},{"@type":"ListItem","@id":"https:\/\/www.eldigitaldeasturias.com\/noticias\/category\/actualidad\/#listItem","position":2,"name":"Actualidad","item":"https:\/\/www.eldigitaldeasturias.com\/noticias\/category\/actualidad\/","nextItem":{"@type":"ListItem","@id":"https:\/\/www.eldigitaldeasturias.com\/noticias\/james-mattis-expresa-a-cospedal-el-apoyo-a-la-democracia-espanola\/#listItem","name":"James Mattis expresa a Cospedal el apoyo a la democracia espa\u00f1ola"},"previousItem":{"@type":"ListItem","@id":"https:\/\/www.eldigitaldeasturias.com\/noticias#listItem","name":"Home"}},{"@type":"ListItem","@id":"https:\/\/www.eldigitaldeasturias.com\/noticias\/james-mattis-expresa-a-cospedal-el-apoyo-a-la-democracia-espanola\/#listItem","position":3,"name":"James Mattis expresa a Cospedal el apoyo a la democracia espa\u00f1ola","previousItem":{"@type":"ListItem","@id":"https:\/\/www.eldigitaldeasturias.com\/noticias\/category\/actualidad\/#listItem","name":"Actualidad"}}]},{"@type":"Organization","@id":"https:\/\/www.eldigitaldeasturias.com\/noticias\/#organization","name":"El Digital de Asturias","description":"Hemeroteca","url":"https:\/\/www.eldigitaldeasturias.com\/noticias\/","email":"info@eldigitaldeasturias.com","telephone":"+34652131393","logo":{"@type":"ImageObject","url":"https:\/\/www.eldigitaldeasturias.com\/noticias\/wp-content\/uploads\/2020\/12\/EDA.jpg","@id":"https:\/\/www.eldigitaldeasturias.com\/noticias\/james-mattis-expresa-a-cospedal-el-apoyo-a-la-democracia-espanola\/#organizationLogo"},"image":{"@id":"https:\/\/www.eldigitaldeasturias.com\/noticias\/james-mattis-expresa-a-cospedal-el-apoyo-a-la-democracia-espanola\/#organizationLogo"},"sameAs":["https:\/\/facebook.com\/eldigitaldeasturias","https:\/\/www.youtube.com\/channel\/UCZP-2wLEB9Rv6erhFmqVnvg"],"address":{"@id":"https:\/\/www.eldigitaldeasturias.com\/noticias\/#postaladdress","@type":"PostalAddress","streetAddress":"san antonio 4","postalCode":"33430","addressLocality":"Cand\u00e1s","addressRegion":"Asturias","addressCountry":"ES"}},{"@type":"Person","@id":"https:\/\/www.eldigitaldeasturias.com\/noticias\/author\/admin\/#author","url":"https:\/\/www.eldigitaldeasturias.com\/noticias\/author\/admin\/","name":"El Digital de Asturias","image":{"@type":"ImageObject","@id":"https:\/\/www.eldigitaldeasturias.com\/noticias\/james-mattis-expresa-a-cospedal-el-apoyo-a-la-democracia-espanola\/#authorImage","url":"https:\/\/secure.gravatar.com\/avatar\/df2aeffc32bcd13f8d26072ef8a91b623d677766deac7f97ca815868cd41bf5e?s=96&d=mm&r=g","width":96,"height":96,"caption":"El Digital de Asturias"}},{"@type":"WebPage","@id":"https:\/\/www.eldigitaldeasturias.com\/noticias\/james-mattis-expresa-a-cospedal-el-apoyo-a-la-democracia-espanola\/#webpage","url":"https:\/\/www.eldigitaldeasturias.com\/noticias\/james-mattis-expresa-a-cospedal-el-apoyo-a-la-democracia-espanola\/","name":"James Mattis expresa a Cospedal el apoyo a la democracia espa\u00f1ola - El Digital de Asturias","description":"El secretario de Defensa de Estado Unidos, James Mattis \"me transmiti\u00f3 ayer un mensaje muy claro de apoyo al Estado espa\u00f1ol y a la defensa de la democracia\", indic\u00f3 esta tarde la ministra de Defensa en un encuentro con la prensa. En referencia al intercambio de impresiones que mantuvo ayer, durante su primera jornada de","inLanguage":"es-ES","isPartOf":{"@id":"https:\/\/www.eldigitaldeasturias.com\/noticias\/#website"},"breadcrumb":{"@id":"https:\/\/www.eldigitaldeasturias.com\/noticias\/james-mattis-expresa-a-cospedal-el-apoyo-a-la-democracia-espanola\/#breadcrumblist"},"author":{"@id":"https:\/\/www.eldigitaldeasturias.com\/noticias\/author\/admin\/#author"},"creator":{"@id":"https:\/\/www.eldigitaldeasturias.com\/noticias\/author\/admin\/#author"},"image":{"@type":"ImageObject","url":953718,"@id":"https:\/\/www.eldigitaldeasturias.com\/noticias\/james-mattis-expresa-a-cospedal-el-apoyo-a-la-democracia-espanola\/#mainImage"},"primaryImageOfPage":{"@id":"https:\/\/www.eldigitaldeasturias.com\/noticias\/james-mattis-expresa-a-cospedal-el-apoyo-a-la-democracia-espanola\/#mainImage"},"datePublished":"2017-09-25T14:56:19+02:00","dateModified":"2017-09-25T14:56:19+02:00"},{"@type":"WebSite","@id":"https:\/\/www.eldigitaldeasturias.com\/noticias\/#website","url":"https:\/\/www.eldigitaldeasturias.com\/noticias\/","name":"El Digital de Asturias - Diario de actualidad y noticias","alternateName":"El Digital de Asturias - Diario de actualidad y noticias","description":"Hemeroteca","inLanguage":"es-ES","publisher":{"@id":"https:\/\/www.eldigitaldeasturias.com\/noticias\/#organization"}}]},"og:locale":"es_ES","og:site_name":"El Digital de Asturias","og:type":"article","og:title":"James Mattis expresa a Cospedal el apoyo a la democracia espa\u00f1ola - El Digital de Asturias","og:description":"El secretario de Defensa de Estado Unidos, James Mattis &quot;me transmiti\u00f3 ayer un mensaje muy claro de apoyo al Estado espa\u00f1ol y a la defensa de la democracia&quot;, indic\u00f3 esta tarde la ministra de Defensa en un encuentro con la prensa. En referencia al intercambio de impresiones que mantuvo ayer, durante su primera jornada de","og:url":"https:\/\/www.eldigitaldeasturias.com\/noticias\/james-mattis-expresa-a-cospedal-el-apoyo-a-la-democracia-espanola\/","article:tag":["actualidad"],"article:published_time":"2017-09-25T14:56:19+00:00","article:modified_time":"2017-09-25T14:56:19+00:00","article:publisher":"https:\/\/facebook.com\/eldigitaldeasturias","twitter:card":"summary_large_image","twitter:title":"James Mattis expresa a Cospedal el apoyo a la democracia espa\u00f1ola - El Digital de Asturias","twitter:description":"El secretario de Defensa de Estado Unidos, James Mattis &quot;me transmiti\u00f3 ayer un mensaje muy claro de apoyo al Estado espa\u00f1ol y a la defensa de la democracia&quot;, indic\u00f3 esta tarde la ministra de Defensa en un encuentro con la prensa. En referencia al intercambio de impresiones que mantuvo ayer, durante su primera jornada de","twitter:image":"https:\/\/www.eldigitaldeasturias.com\/noticias\/wp-content\/uploads\/2020\/12\/EDA-1.jpg","twitter:label1":"Escrito por","twitter:data1":"El Digital de Asturias","twitter:label2":"Tiempo de lectura estimado","twitter:data2":"2 minutos"},"aioseo_meta_data":{"post_id":"953717","title":null,"description":null,"keywords":null,"keyphrases":null,"primary_term":null,"canonical_url":null,"og_title":null,"og_description":null,"og_object_type":"default","og_image_type":"default","og_image_url":null,"og_image_width":null,"og_image_height":null,"og_image_custom_url":null,"og_image_custom_fields":null,"og_video":null,"og_custom_url":null,"og_article_section":null,"og_article_tags":null,"twitter_use_og":false,"twitter_card":"default","twitter_image_type":"default","twitter_image_url":null,"twitter_image_custom_url":null,"twitter_image_custom_fields":null,"twitter_title":null,"twitter_description":null,"schema":{"blockGraphs":[],"customGraphs":[],"default":{"data":{"Article":[],"Course":[],"Dataset":[],"FAQPage":[],"Movie":[],"Person":[],"Product":[],"ProductReview":[],"Car":[],"Recipe":[],"Service":[],"SoftwareApplication":[],"WebPage":[]},"graphName":"","isEnabled":true},"graphs":[],"defaultGraph":"","defaultPostTypeGraph":""},"schema_type":null,"schema_type_options":null,"pillar_content":false,"robots_default":true,"robots_noindex":false,"robots_noarchive":false,"robots_nosnippet":false,"robots_nofollow":false,"robots_noimageindex":false,"robots_noodp":false,"robots_notranslate":false,"robots_max_snippet":null,"robots_max_videopreview":null,"robots_max_imagepreview":"large","priority":null,"frequency":null,"local_seo":null,"seo_analyzer_scan_date":"2025-12-06 03:51:19","breadcrumb_settings":null,"limit_modified_date":false,"open_ai":null,"ai":null,"created":"2020-12-21 12:57:03","updated":"2025-12-06 03:51:19","focus_keyword":null,"additional_keywords":null,"truseo_locale":null},"aioseo_breadcrumb":"<div class=\"aioseo-breadcrumbs\"><span class=\"aioseo-breadcrumb\">\n\t<a href=\"https:\/\/www.eldigitaldeasturias.com\/noticias\" title=\"Home\">Home<\/a>\n<\/span><span class=\"aioseo-breadcrumb-separator\">\u2013<\/span><span class=\"aioseo-breadcrumb\">\n\t<a href=\"https:\/\/www.eldigitaldeasturias.com\/noticias\/category\/actualidad\/\" title=\"Actualidad\">Actualidad<\/a>\n<\/span><span class=\"aioseo-breadcrumb-separator\">\u2013<\/span><span class=\"aioseo-breadcrumb\">\n\t<a href=\"https:\/\/www.eldigitaldeasturias.com\/noticias\/james-mattis-expresa-a-cospedal-el-apoyo-a-la-democracia-espanola\/\" title=\"James Mattis expresa a Cospedal el apoyo a la democracia espa\u00f1ola\">James Mattis expresa a Cospedal el apoyo a la democracia espa\u00f1ola<\/a>\n<\/span><\/div>","aioseo_breadcrumb_json":[{"label":"Home","link":"https:\/\/www.eldigitaldeasturias.com\/noticias"},{"label":"Actualidad","link":"https:\/\/www.eldigitaldeasturias.com\/noticias\/category\/actualidad\/"},{"label":"James Mattis expresa a Cospedal el apoyo a la democracia espa\u00f1ola","link":"https:\/\/www.eldigitaldeasturias.com\/noticias\/james-mattis-expresa-a-cospedal-el-apoyo-a-la-democracia-espanola\/"}],"_links":{"self":[{"href":"https:\/\/www.eldigitaldeasturias.com\/noticias\/wp-json\/wp\/v2\/posts\/953717","targetHints":{"allow":["GET"]}}],"collection":[{"href":"https:\/\/www.eldigitaldeasturias.com\/noticias\/wp-json\/wp\/v2\/posts"}],"about":[{"href":"https:\/\/www.eldigitaldeasturias.com\/noticias\/wp-json\/wp\/v2\/types\/post"}],"author":[{"embeddable":true,"href":"https:\/\/www.eldigitaldeasturias.com\/noticias\/wp-json\/wp\/v2\/users\/1"}],"replies":[{"embeddable":true,"href":"https:\/\/www.eldigitaldeasturias.com\/noticias\/wp-json\/wp\/v2\/comments?post=953717"}],"version-history":[{"count":0,"href":"https:\/\/www.eldigitaldeasturias.com\/noticias\/wp-json\/wp\/v2\/posts\/953717\/revisions"}],"wp:attachment":[{"href":"https:\/\/www.eldigitaldeasturias.com\/noticias\/wp-json\/wp\/v2\/media?parent=953717"}],"wp:term":[{"taxonomy":"category","embeddable":true,"href":"https:\/\/www.eldigitaldeasturias.com\/noticias\/wp-json\/wp\/v2\/categories?post=953717"},{"taxonomy":"post_tag","embeddable":true,"href":"https:\/\/www.eldigitaldeasturias.com\/noticias\/wp-json\/wp\/v2\/tags?post=953717"}],"curies":[{"name":"wp","href":"https:\/\/api.w.org\/{rel}","templated":true}]}}