{"id":953711,"date":"2017-09-24T18:38:39","date_gmt":"2017-09-24T18:38:39","guid":{"rendered":"http:\/\/www.eldigitaldeasturias.com\/noticias\/?p=953711"},"modified":"2017-09-24T18:38:39","modified_gmt":"2017-09-24T18:38:39","slug":"lamban-el-gran-premio-de-aragon-de-motogp-esta-garantizado-hasta-2021","status":"publish","type":"post","link":"https:\/\/www.eldigitaldeasturias.com\/noticias\/lamban-el-gran-premio-de-aragon-de-motogp-esta-garantizado-hasta-2021\/","title":{"rendered":"Lamb\u00e1n: \u00abEl Gran Premio de Arag\u00f3n de MotoGP est\u00e1 garantizado hasta 2021\u00bb"},"content":{"rendered":"<p><img loading=\"lazy\" decoding=\"async\" class=\"alignleft size-medium wp-image-953712\" src=\"https:\/\/www.eldigitaldeasturias.com\/noticias\/wp-content\/uploads\/2017\/09\/MG_2151_9ff7ee48-360x159.jpg\" alt=\"\" width=\"360\" height=\"159\" \/>El Presidente de Arag\u00f3n, Javier Lamb\u00e1n, ha querido destacar la valiosa promoci\u00f3n para el Bajo Arag\u00f3n y para la Comunidad en su conjunto que supone la celebraci\u00f3n del Gran Premio Arag\u00f3n de MotoGP en el circuito de Motorland, en Alca\u00f1iz. \u201cTengo que resaltar fundamentalmente lo que significa como promoci\u00f3n de la propia Comunidad de Arag\u00f3n. Es majestuoso que en este momento haya m\u00e1s de 100.000 personas aqu\u00ed congregadas. Desde luego para la Comunidad es de un beneficio impagable el hecho de que nos puedan estar viendo 300 millones de televidentes a lo largo y ancho del mundo\u00bb. En este sentido, ha recordado que m\u00e1s de 100.000 personas han pasado por las instalaciones turolenses este fin de semana y que esta prueba del mundial de motociclismo llega a 369 millones de hogares. \u201cEl esfuerzo que se hace desde Arag\u00f3n para que esta prueba tenga lugar aqu\u00ed es un esfuerzo bien invertido, es un esfuerzo que produce beneficios en muchos aspectos para la zona\u201d, ha a\u00f1adido.<\/p>\n<p>Lamb\u00e1n ha asistido al Gran Premio acompa\u00f1ado de las consejeras de Econom\u00eda y Empleo, Marta Gast\u00f3n (tambi\u00e9n presidenta de Motorland), y de Educaci\u00f3n, Cultura y Deporte, Mayte P\u00e9rez. All\u00ed, el presidente ha reiterado la apuesta decidida de su Ejecutivo por este proyecto estrat\u00e9gico para la provincia de Teruel y ha recordado que el Gran Premio de Arag\u00f3n de MotoGP est\u00e1 garantizado hasta 2021. \u00abVenir aqu\u00ed significa primero, disfrutar y segundo, ratificarse en el compromiso de seguir impulsando, de seguir apoyando desde el Gobierno de Arag\u00f3n esta prueba que nos pone en el mundo del deporte, en el mundo global\u00bb, ha subrayado Lamb\u00e1n.<\/p>\n<p>Adem\u00e1s, el Presidente ha agradecido la labor de los organizadores; del nuevo gerente, Santiago Abad; de los trabajadores, y de las Fuerzas y Cuerpos de Seguridad del Estado que hacen posible que todo transcurra con normalidad y los miles de espectadores puedan disfrutar del evento. \u00abLa prueba del Gran Premio de Moto GP me parece un espect\u00e1culo absolutamente fascinante, de una potencia tremenda. Me parece un prodigio de buena organizaci\u00f3n, me parece un prodigio de transmitir la excitaci\u00f3n que produce el motor\u00bb, ha agradecido.<\/p>\n<p><strong>Un premio de repercusi\u00f3n mundial<\/strong><\/p>\n<p>La Moto GP es uno de los eventos m\u00e1s internacionales que se celebran en el circuito de Motorland, junto a las World Series de Renault y las Superbikes. En este caso, esta es la octava edici\u00f3n del Gran Premio Arag\u00f3n y fue en la pasada cuando se bati\u00f3 r\u00e9cord de asistencia con 117.326 personas. En tres ocasiones, ha sido nombrado como mejor Gran Premio de la temporada.<\/p>\n<p>Su repercusi\u00f3n internacional deja datos como su alcance hasta 369 millones de hogares, 450 periodistas acreditados y m\u00e1s de 90 se\u00f1ales de televisi\u00f3n. Este a\u00f1o, adem\u00e1s, se ha editado un cup\u00f3n de la ONCE con motivo de este Gran Premio y del que se han repartido 5,5 millones.<\/p>\n<p>El grueso de los profesionales que estar\u00e1n trabajando directamente en el Gran Premio Movistar de Arag\u00f3n lo conforman cerca de 4.000 personas empleadas por los equipos, la organizaci\u00f3n y Dorna. Por parte del circuito, el dispositivo humano est\u00e1 compuesto por cerca de 500 personas que trabajan en las gradas y zonas de p\u00fablico, taquillas, seguridad y accesos; 440 personas que conforman el grupo de comisarios de pista, personal de pit lane, secretar\u00eda y direcci\u00f3n de carrera y personal sanitario; casi 100 trabajadores destinados en las salas VIP, catering y tiendas de MotorLand; 30 trabajadores empleados en la sala de prensa, centro de acreditaciones y conductores del servicio de shuttle para los fot\u00f3grafos, y unas 100 personas que se ocupan de las funciones de mantenimiento, montaje, limpieza y se\u00f1alizaci\u00f3n. Adem\u00e1s, tal y como se anunci\u00f3 desde la Junta de Seguridad, este a\u00f1o son 650 agentes de la Guardia Civil los que velan por la seguridad y el control del tr\u00e1fico, a los que se suman otras 20 personas destinadas en el Centro de Coordinaci\u00f3n Operativo (CECOR).<\/p>\n<p>En su intervenci\u00f3n ante los medios, el jefe del Ejecutivo ha abogado por seguir explorando f\u00f3rmulas para que los retornos sean cada vez mayores y el coste para las arcas auton\u00f3micas vaya minorado. Adem\u00e1s, ha apostado por aprovechar sinergias con el Parque Tecnol\u00f3gico TechnoPark para impulsar ambos proyectos y ha recordado que hay tres consejer\u00edas \u201cvolcadas\u201d en impulsar el parque tecnol\u00f3gico (Econom\u00eda, Educaci\u00f3n y Universidad).<\/p>\n<p>&nbsp;<\/p>\n","protected":false},"excerpt":{"rendered":"<p>El Presidente de Arag\u00f3n, Javier Lamb\u00e1n, ha querido destacar la valiosa promoci\u00f3n para el Bajo Arag\u00f3n y para la Comunidad en su conjunto que supone la celebraci\u00f3n del Gran Premio Arag\u00f3n de MotoGP en el circuito de Motorland, en Alca\u00f1iz. \u201cTengo que resaltar fundamentalmente lo que significa como promoci\u00f3n de la propia Comunidad de Arag\u00f3n. [&hellip;]<\/p>\n","protected":false},"author":1,"featured_media":953712,"comment_status":"closed","ping_status":"closed","sticky":false,"template":"","format":"standard","meta":{"footnotes":""},"categories":[1],"tags":[],"class_list":["post-953711","post","type-post","status-publish","format-standard","has-post-thumbnail","hentry","category-actualidad"],"aioseo_notices":[],"aioseo_head":"\n\t\t<!-- All in One SEO Pro 5.0.1 - aioseo.com -->\n\t<meta name=\"description\" content=\"El Presidente de Arag\u00f3n, Javier Lamb\u00e1n, ha querido destacar la valiosa promoci\u00f3n para el Bajo Arag\u00f3n y para la Comunidad en su conjunto que supone la celebraci\u00f3n del Gran Premio Arag\u00f3n de MotoGP en el circuito de Motorland, en Alca\u00f1iz. \u201cTengo que resaltar fundamentalmente lo que significa como promoci\u00f3n de la propia Comunidad de Arag\u00f3n.\" \/>\n\t<meta name=\"robots\" content=\"max-image-preview:large\" \/>\n\t<meta name=\"author\" content=\"El Digital de Asturias\"\/>\n\t<meta name=\"google-site-verification\" content=\"UA-38556648-1\" \/>\n\t<meta name=\"msvalidate.01\" content=\"7dfe9f3f1b24437ab69f4f2559babe99\" \/>\n\t<meta name=\"keywords\" content=\"actualidad\" \/>\n\t<link rel=\"canonical\" href=\"https:\/\/www.eldigitaldeasturias.com\/noticias\/lamban-el-gran-premio-de-aragon-de-motogp-esta-garantizado-hasta-2021\/\" \/>\n\t<meta name=\"generator\" content=\"All in One SEO Pro (AIOSEO) 5.0.1\" \/>\n\t\t<meta property=\"og:locale\" content=\"es_ES\" \/>\n\t\t<meta property=\"og:site_name\" content=\"El Digital de Asturias\" \/>\n\t\t<meta property=\"og:type\" content=\"article\" \/>\n\t\t<meta property=\"og:title\" content=\"Lamb\u00e1n: \u00abEl Gran Premio de Arag\u00f3n de MotoGP est\u00e1 garantizado hasta 2021\u00bb - El Digital de Asturias\" \/>\n\t\t<meta property=\"og:description\" content=\"El Presidente de Arag\u00f3n, Javier Lamb\u00e1n, ha querido destacar la valiosa promoci\u00f3n para el Bajo Arag\u00f3n y para la Comunidad en su conjunto que supone la celebraci\u00f3n del Gran Premio Arag\u00f3n de MotoGP en el circuito de Motorland, en Alca\u00f1iz. \u201cTengo que resaltar fundamentalmente lo que significa como promoci\u00f3n de la propia Comunidad de Arag\u00f3n.\" \/>\n\t\t<meta property=\"og:url\" content=\"https:\/\/www.eldigitaldeasturias.com\/noticias\/lamban-el-gran-premio-de-aragon-de-motogp-esta-garantizado-hasta-2021\/\" \/>\n\t\t<meta property=\"article:tag\" content=\"actualidad\" \/>\n\t\t<meta property=\"article:published_time\" content=\"2017-09-24T18:38:39+00:00\" \/>\n\t\t<meta property=\"article:modified_time\" content=\"2017-09-24T18:38:39+00:00\" \/>\n\t\t<meta property=\"article:publisher\" content=\"https:\/\/facebook.com\/eldigitaldeasturias\" \/>\n\t\t<meta name=\"twitter:card\" content=\"summary_large_image\" \/>\n\t\t<meta name=\"twitter:title\" content=\"Lamb\u00e1n: \u00abEl Gran Premio de Arag\u00f3n de MotoGP est\u00e1 garantizado hasta 2021\u00bb - El Digital de Asturias\" \/>\n\t\t<meta name=\"twitter:description\" content=\"El Presidente de Arag\u00f3n, Javier Lamb\u00e1n, ha querido destacar la valiosa promoci\u00f3n para el Bajo Arag\u00f3n y para la Comunidad en su conjunto que supone la celebraci\u00f3n del Gran Premio Arag\u00f3n de MotoGP en el circuito de Motorland, en Alca\u00f1iz. \u201cTengo que resaltar fundamentalmente lo que significa como promoci\u00f3n de la propia Comunidad de Arag\u00f3n.\" \/>\n\t\t<meta name=\"twitter:image\" content=\"https:\/\/www.eldigitaldeasturias.com\/noticias\/wp-content\/uploads\/2020\/12\/EDA-1.jpg\" \/>\n\t\t<meta name=\"twitter:label1\" content=\"Escrito por\" \/>\n\t\t<meta name=\"twitter:data1\" content=\"El Digital de Asturias\" \/>\n\t\t<meta name=\"twitter:label2\" content=\"Tiempo de lectura estimado\" \/>\n\t\t<meta name=\"twitter:data2\" content=\"4 minutos\" \/>\n\t\t<script type=\"application\/ld+json\" class=\"aioseo-schema\">\n\t\t\t{\"@context\":\"https:\\\/\\\/schema.org\",\"@graph\":[{\"@type\":\"BlogPosting\",\"@id\":\"https:\\\/\\\/www.eldigitaldeasturias.com\\\/noticias\\\/lamban-el-gran-premio-de-aragon-de-motogp-esta-garantizado-hasta-2021\\\/#blogposting\",\"name\":\"Lamb\\u00e1n: \\u00abEl Gran Premio de Arag\\u00f3n de MotoGP est\\u00e1 garantizado hasta 2021\\u00bb - El Digital de Asturias\",\"headline\":\"Lamb\\u00e1n: \\u00abEl Gran Premio de Arag\\u00f3n de MotoGP est\\u00e1 garantizado hasta 2021\\u00bb\",\"author\":{\"@id\":\"https:\\\/\\\/www.eldigitaldeasturias.com\\\/noticias\\\/author\\\/admin\\\/#author\"},\"publisher\":{\"@id\":\"https:\\\/\\\/www.eldigitaldeasturias.com\\\/noticias\\\/#organization\"},\"image\":{\"@type\":\"ImageObject\",\"url\":953712},\"datePublished\":\"2017-09-24T18:38:39+02:00\",\"dateModified\":\"2017-09-24T18:38:39+02:00\",\"inLanguage\":\"es-ES\",\"mainEntityOfPage\":{\"@id\":\"https:\\\/\\\/www.eldigitaldeasturias.com\\\/noticias\\\/lamban-el-gran-premio-de-aragon-de-motogp-esta-garantizado-hasta-2021\\\/#webpage\"},\"isPartOf\":{\"@id\":\"https:\\\/\\\/www.eldigitaldeasturias.com\\\/noticias\\\/lamban-el-gran-premio-de-aragon-de-motogp-esta-garantizado-hasta-2021\\\/#webpage\"},\"articleSection\":\"Actualidad\"},{\"@type\":\"BreadcrumbList\",\"@id\":\"https:\\\/\\\/www.eldigitaldeasturias.com\\\/noticias\\\/lamban-el-gran-premio-de-aragon-de-motogp-esta-garantizado-hasta-2021\\\/#breadcrumblist\",\"itemListElement\":[{\"@type\":\"ListItem\",\"@id\":\"https:\\\/\\\/www.eldigitaldeasturias.com\\\/noticias#listItem\",\"position\":1,\"name\":\"Home\",\"item\":\"https:\\\/\\\/www.eldigitaldeasturias.com\\\/noticias\",\"nextItem\":{\"@type\":\"ListItem\",\"@id\":\"https:\\\/\\\/www.eldigitaldeasturias.com\\\/noticias\\\/category\\\/actualidad\\\/#listItem\",\"name\":\"Actualidad\"}},{\"@type\":\"ListItem\",\"@id\":\"https:\\\/\\\/www.eldigitaldeasturias.com\\\/noticias\\\/category\\\/actualidad\\\/#listItem\",\"position\":2,\"name\":\"Actualidad\",\"item\":\"https:\\\/\\\/www.eldigitaldeasturias.com\\\/noticias\\\/category\\\/actualidad\\\/\",\"nextItem\":{\"@type\":\"ListItem\",\"@id\":\"https:\\\/\\\/www.eldigitaldeasturias.com\\\/noticias\\\/lamban-el-gran-premio-de-aragon-de-motogp-esta-garantizado-hasta-2021\\\/#listItem\",\"name\":\"Lamb\\u00e1n: \\u00abEl Gran Premio de Arag\\u00f3n de MotoGP est\\u00e1 garantizado hasta 2021\\u00bb\"},\"previousItem\":{\"@type\":\"ListItem\",\"@id\":\"https:\\\/\\\/www.eldigitaldeasturias.com\\\/noticias#listItem\",\"name\":\"Home\"}},{\"@type\":\"ListItem\",\"@id\":\"https:\\\/\\\/www.eldigitaldeasturias.com\\\/noticias\\\/lamban-el-gran-premio-de-aragon-de-motogp-esta-garantizado-hasta-2021\\\/#listItem\",\"position\":3,\"name\":\"Lamb\\u00e1n: \\u00abEl Gran Premio de Arag\\u00f3n de MotoGP est\\u00e1 garantizado hasta 2021\\u00bb\",\"previousItem\":{\"@type\":\"ListItem\",\"@id\":\"https:\\\/\\\/www.eldigitaldeasturias.com\\\/noticias\\\/category\\\/actualidad\\\/#listItem\",\"name\":\"Actualidad\"}}]},{\"@type\":\"Organization\",\"@id\":\"https:\\\/\\\/www.eldigitaldeasturias.com\\\/noticias\\\/#organization\",\"name\":\"El Digital de Asturias\",\"description\":\"Hemeroteca\",\"url\":\"https:\\\/\\\/www.eldigitaldeasturias.com\\\/noticias\\\/\",\"email\":\"info@eldigitaldeasturias.com\",\"telephone\":\"+34652131393\",\"logo\":{\"@type\":\"ImageObject\",\"url\":\"https:\\\/\\\/www.eldigitaldeasturias.com\\\/noticias\\\/wp-content\\\/uploads\\\/2020\\\/12\\\/EDA.jpg\",\"@id\":\"https:\\\/\\\/www.eldigitaldeasturias.com\\\/noticias\\\/lamban-el-gran-premio-de-aragon-de-motogp-esta-garantizado-hasta-2021\\\/#organizationLogo\"},\"image\":{\"@id\":\"https:\\\/\\\/www.eldigitaldeasturias.com\\\/noticias\\\/lamban-el-gran-premio-de-aragon-de-motogp-esta-garantizado-hasta-2021\\\/#organizationLogo\"},\"sameAs\":[\"https:\\\/\\\/facebook.com\\\/eldigitaldeasturias\",\"https:\\\/\\\/www.youtube.com\\\/channel\\\/UCZP-2wLEB9Rv6erhFmqVnvg\"],\"address\":{\"@id\":\"https:\\\/\\\/www.eldigitaldeasturias.com\\\/noticias\\\/#postaladdress\",\"@type\":\"PostalAddress\",\"streetAddress\":\"san antonio 4\",\"postalCode\":\"33430\",\"addressLocality\":\"Cand\\u00e1s\",\"addressRegion\":\"Asturias\",\"addressCountry\":\"ES\"}},{\"@type\":\"Person\",\"@id\":\"https:\\\/\\\/www.eldigitaldeasturias.com\\\/noticias\\\/author\\\/admin\\\/#author\",\"url\":\"https:\\\/\\\/www.eldigitaldeasturias.com\\\/noticias\\\/author\\\/admin\\\/\",\"name\":\"El Digital de Asturias\",\"image\":{\"@type\":\"ImageObject\",\"@id\":\"https:\\\/\\\/www.eldigitaldeasturias.com\\\/noticias\\\/lamban-el-gran-premio-de-aragon-de-motogp-esta-garantizado-hasta-2021\\\/#authorImage\",\"url\":\"https:\\\/\\\/secure.gravatar.com\\\/avatar\\\/df2aeffc32bcd13f8d26072ef8a91b623d677766deac7f97ca815868cd41bf5e?s=96&d=mm&r=g\",\"width\":96,\"height\":96,\"caption\":\"El Digital de Asturias\"}},{\"@type\":\"WebPage\",\"@id\":\"https:\\\/\\\/www.eldigitaldeasturias.com\\\/noticias\\\/lamban-el-gran-premio-de-aragon-de-motogp-esta-garantizado-hasta-2021\\\/#webpage\",\"url\":\"https:\\\/\\\/www.eldigitaldeasturias.com\\\/noticias\\\/lamban-el-gran-premio-de-aragon-de-motogp-esta-garantizado-hasta-2021\\\/\",\"name\":\"Lamb\\u00e1n: \\u00abEl Gran Premio de Arag\\u00f3n de MotoGP est\\u00e1 garantizado hasta 2021\\u00bb - El Digital de Asturias\",\"description\":\"El Presidente de Arag\\u00f3n, Javier Lamb\\u00e1n, ha querido destacar la valiosa promoci\\u00f3n para el Bajo Arag\\u00f3n y para la Comunidad en su conjunto que supone la celebraci\\u00f3n del Gran Premio Arag\\u00f3n de MotoGP en el circuito de Motorland, en Alca\\u00f1iz. \\u201cTengo que resaltar fundamentalmente lo que significa como promoci\\u00f3n de la propia Comunidad de Arag\\u00f3n.\",\"inLanguage\":\"es-ES\",\"isPartOf\":{\"@id\":\"https:\\\/\\\/www.eldigitaldeasturias.com\\\/noticias\\\/#website\"},\"breadcrumb\":{\"@id\":\"https:\\\/\\\/www.eldigitaldeasturias.com\\\/noticias\\\/lamban-el-gran-premio-de-aragon-de-motogp-esta-garantizado-hasta-2021\\\/#breadcrumblist\"},\"author\":{\"@id\":\"https:\\\/\\\/www.eldigitaldeasturias.com\\\/noticias\\\/author\\\/admin\\\/#author\"},\"creator\":{\"@id\":\"https:\\\/\\\/www.eldigitaldeasturias.com\\\/noticias\\\/author\\\/admin\\\/#author\"},\"image\":{\"@type\":\"ImageObject\",\"url\":953712,\"@id\":\"https:\\\/\\\/www.eldigitaldeasturias.com\\\/noticias\\\/lamban-el-gran-premio-de-aragon-de-motogp-esta-garantizado-hasta-2021\\\/#mainImage\"},\"primaryImageOfPage\":{\"@id\":\"https:\\\/\\\/www.eldigitaldeasturias.com\\\/noticias\\\/lamban-el-gran-premio-de-aragon-de-motogp-esta-garantizado-hasta-2021\\\/#mainImage\"},\"datePublished\":\"2017-09-24T18:38:39+02:00\",\"dateModified\":\"2017-09-24T18:38:39+02:00\"},{\"@type\":\"WebSite\",\"@id\":\"https:\\\/\\\/www.eldigitaldeasturias.com\\\/noticias\\\/#website\",\"url\":\"https:\\\/\\\/www.eldigitaldeasturias.com\\\/noticias\\\/\",\"name\":\"El Digital de Asturias - Diario de actualidad y noticias\",\"alternateName\":\"El Digital de Asturias - Diario de actualidad y noticias\",\"description\":\"Hemeroteca\",\"inLanguage\":\"es-ES\",\"publisher\":{\"@id\":\"https:\\\/\\\/www.eldigitaldeasturias.com\\\/noticias\\\/#organization\"}}]}\n\t\t<\/script>\n\t\t<!-- All in One SEO Pro -->\r\n\t\t<title>Lamb\u00e1n: \u00abEl Gran Premio de Arag\u00f3n de MotoGP est\u00e1 garantizado hasta 2021\u00bb - El Digital de Asturias<\/title>\n\n","aioseo_head_json":{"title":"Lamb\u00e1n: \u00abEl Gran Premio de Arag\u00f3n de MotoGP est\u00e1 garantizado hasta 2021\u00bb - El Digital de Asturias","description":"El Presidente de Arag\u00f3n, Javier Lamb\u00e1n, ha querido destacar la valiosa promoci\u00f3n para el Bajo Arag\u00f3n y para la Comunidad en su conjunto que supone la celebraci\u00f3n del Gran Premio Arag\u00f3n de MotoGP en el circuito de Motorland, en Alca\u00f1iz. \u201cTengo que resaltar fundamentalmente lo que significa como promoci\u00f3n de la propia Comunidad de Arag\u00f3n.","canonical_url":"https:\/\/www.eldigitaldeasturias.com\/noticias\/lamban-el-gran-premio-de-aragon-de-motogp-esta-garantizado-hasta-2021\/","robots":"max-image-preview:large","keywords":"actualidad","webmasterTools":{"google-site-verification":"UA-38556648-1","msvalidate.01":"7dfe9f3f1b24437ab69f4f2559babe99","miscellaneous":""},"schema":{"@context":"https:\/\/schema.org","@graph":[{"@type":"BlogPosting","@id":"https:\/\/www.eldigitaldeasturias.com\/noticias\/lamban-el-gran-premio-de-aragon-de-motogp-esta-garantizado-hasta-2021\/#blogposting","name":"Lamb\u00e1n: \u00abEl Gran Premio de Arag\u00f3n de MotoGP est\u00e1 garantizado hasta 2021\u00bb - El Digital de Asturias","headline":"Lamb\u00e1n: \u00abEl Gran Premio de Arag\u00f3n de MotoGP est\u00e1 garantizado hasta 2021\u00bb","author":{"@id":"https:\/\/www.eldigitaldeasturias.com\/noticias\/author\/admin\/#author"},"publisher":{"@id":"https:\/\/www.eldigitaldeasturias.com\/noticias\/#organization"},"image":{"@type":"ImageObject","url":953712},"datePublished":"2017-09-24T18:38:39+02:00","dateModified":"2017-09-24T18:38:39+02:00","inLanguage":"es-ES","mainEntityOfPage":{"@id":"https:\/\/www.eldigitaldeasturias.com\/noticias\/lamban-el-gran-premio-de-aragon-de-motogp-esta-garantizado-hasta-2021\/#webpage"},"isPartOf":{"@id":"https:\/\/www.eldigitaldeasturias.com\/noticias\/lamban-el-gran-premio-de-aragon-de-motogp-esta-garantizado-hasta-2021\/#webpage"},"articleSection":"Actualidad"},{"@type":"BreadcrumbList","@id":"https:\/\/www.eldigitaldeasturias.com\/noticias\/lamban-el-gran-premio-de-aragon-de-motogp-esta-garantizado-hasta-2021\/#breadcrumblist","itemListElement":[{"@type":"ListItem","@id":"https:\/\/www.eldigitaldeasturias.com\/noticias#listItem","position":1,"name":"Home","item":"https:\/\/www.eldigitaldeasturias.com\/noticias","nextItem":{"@type":"ListItem","@id":"https:\/\/www.eldigitaldeasturias.com\/noticias\/category\/actualidad\/#listItem","name":"Actualidad"}},{"@type":"ListItem","@id":"https:\/\/www.eldigitaldeasturias.com\/noticias\/category\/actualidad\/#listItem","position":2,"name":"Actualidad","item":"https:\/\/www.eldigitaldeasturias.com\/noticias\/category\/actualidad\/","nextItem":{"@type":"ListItem","@id":"https:\/\/www.eldigitaldeasturias.com\/noticias\/lamban-el-gran-premio-de-aragon-de-motogp-esta-garantizado-hasta-2021\/#listItem","name":"Lamb\u00e1n: \u00abEl Gran Premio de Arag\u00f3n de MotoGP est\u00e1 garantizado hasta 2021\u00bb"},"previousItem":{"@type":"ListItem","@id":"https:\/\/www.eldigitaldeasturias.com\/noticias#listItem","name":"Home"}},{"@type":"ListItem","@id":"https:\/\/www.eldigitaldeasturias.com\/noticias\/lamban-el-gran-premio-de-aragon-de-motogp-esta-garantizado-hasta-2021\/#listItem","position":3,"name":"Lamb\u00e1n: \u00abEl Gran Premio de Arag\u00f3n de MotoGP est\u00e1 garantizado hasta 2021\u00bb","previousItem":{"@type":"ListItem","@id":"https:\/\/www.eldigitaldeasturias.com\/noticias\/category\/actualidad\/#listItem","name":"Actualidad"}}]},{"@type":"Organization","@id":"https:\/\/www.eldigitaldeasturias.com\/noticias\/#organization","name":"El Digital de Asturias","description":"Hemeroteca","url":"https:\/\/www.eldigitaldeasturias.com\/noticias\/","email":"info@eldigitaldeasturias.com","telephone":"+34652131393","logo":{"@type":"ImageObject","url":"https:\/\/www.eldigitaldeasturias.com\/noticias\/wp-content\/uploads\/2020\/12\/EDA.jpg","@id":"https:\/\/www.eldigitaldeasturias.com\/noticias\/lamban-el-gran-premio-de-aragon-de-motogp-esta-garantizado-hasta-2021\/#organizationLogo"},"image":{"@id":"https:\/\/www.eldigitaldeasturias.com\/noticias\/lamban-el-gran-premio-de-aragon-de-motogp-esta-garantizado-hasta-2021\/#organizationLogo"},"sameAs":["https:\/\/facebook.com\/eldigitaldeasturias","https:\/\/www.youtube.com\/channel\/UCZP-2wLEB9Rv6erhFmqVnvg"],"address":{"@id":"https:\/\/www.eldigitaldeasturias.com\/noticias\/#postaladdress","@type":"PostalAddress","streetAddress":"san antonio 4","postalCode":"33430","addressLocality":"Cand\u00e1s","addressRegion":"Asturias","addressCountry":"ES"}},{"@type":"Person","@id":"https:\/\/www.eldigitaldeasturias.com\/noticias\/author\/admin\/#author","url":"https:\/\/www.eldigitaldeasturias.com\/noticias\/author\/admin\/","name":"El Digital de Asturias","image":{"@type":"ImageObject","@id":"https:\/\/www.eldigitaldeasturias.com\/noticias\/lamban-el-gran-premio-de-aragon-de-motogp-esta-garantizado-hasta-2021\/#authorImage","url":"https:\/\/secure.gravatar.com\/avatar\/df2aeffc32bcd13f8d26072ef8a91b623d677766deac7f97ca815868cd41bf5e?s=96&d=mm&r=g","width":96,"height":96,"caption":"El Digital de Asturias"}},{"@type":"WebPage","@id":"https:\/\/www.eldigitaldeasturias.com\/noticias\/lamban-el-gran-premio-de-aragon-de-motogp-esta-garantizado-hasta-2021\/#webpage","url":"https:\/\/www.eldigitaldeasturias.com\/noticias\/lamban-el-gran-premio-de-aragon-de-motogp-esta-garantizado-hasta-2021\/","name":"Lamb\u00e1n: \u00abEl Gran Premio de Arag\u00f3n de MotoGP est\u00e1 garantizado hasta 2021\u00bb - El Digital de Asturias","description":"El Presidente de Arag\u00f3n, Javier Lamb\u00e1n, ha querido destacar la valiosa promoci\u00f3n para el Bajo Arag\u00f3n y para la Comunidad en su conjunto que supone la celebraci\u00f3n del Gran Premio Arag\u00f3n de MotoGP en el circuito de Motorland, en Alca\u00f1iz. \u201cTengo que resaltar fundamentalmente lo que significa como promoci\u00f3n de la propia Comunidad de Arag\u00f3n.","inLanguage":"es-ES","isPartOf":{"@id":"https:\/\/www.eldigitaldeasturias.com\/noticias\/#website"},"breadcrumb":{"@id":"https:\/\/www.eldigitaldeasturias.com\/noticias\/lamban-el-gran-premio-de-aragon-de-motogp-esta-garantizado-hasta-2021\/#breadcrumblist"},"author":{"@id":"https:\/\/www.eldigitaldeasturias.com\/noticias\/author\/admin\/#author"},"creator":{"@id":"https:\/\/www.eldigitaldeasturias.com\/noticias\/author\/admin\/#author"},"image":{"@type":"ImageObject","url":953712,"@id":"https:\/\/www.eldigitaldeasturias.com\/noticias\/lamban-el-gran-premio-de-aragon-de-motogp-esta-garantizado-hasta-2021\/#mainImage"},"primaryImageOfPage":{"@id":"https:\/\/www.eldigitaldeasturias.com\/noticias\/lamban-el-gran-premio-de-aragon-de-motogp-esta-garantizado-hasta-2021\/#mainImage"},"datePublished":"2017-09-24T18:38:39+02:00","dateModified":"2017-09-24T18:38:39+02:00"},{"@type":"WebSite","@id":"https:\/\/www.eldigitaldeasturias.com\/noticias\/#website","url":"https:\/\/www.eldigitaldeasturias.com\/noticias\/","name":"El Digital de Asturias - Diario de actualidad y noticias","alternateName":"El Digital de Asturias - Diario de actualidad y noticias","description":"Hemeroteca","inLanguage":"es-ES","publisher":{"@id":"https:\/\/www.eldigitaldeasturias.com\/noticias\/#organization"}}]},"og:locale":"es_ES","og:site_name":"El Digital de Asturias","og:type":"article","og:title":"Lamb\u00e1n: \u00abEl Gran Premio de Arag\u00f3n de MotoGP est\u00e1 garantizado hasta 2021\u00bb - El Digital de Asturias","og:description":"El Presidente de Arag\u00f3n, Javier Lamb\u00e1n, ha querido destacar la valiosa promoci\u00f3n para el Bajo Arag\u00f3n y para la Comunidad en su conjunto que supone la celebraci\u00f3n del Gran Premio Arag\u00f3n de MotoGP en el circuito de Motorland, en Alca\u00f1iz. \u201cTengo que resaltar fundamentalmente lo que significa como promoci\u00f3n de la propia Comunidad de Arag\u00f3n.","og:url":"https:\/\/www.eldigitaldeasturias.com\/noticias\/lamban-el-gran-premio-de-aragon-de-motogp-esta-garantizado-hasta-2021\/","article:tag":["actualidad"],"article:published_time":"2017-09-24T18:38:39+00:00","article:modified_time":"2017-09-24T18:38:39+00:00","article:publisher":"https:\/\/facebook.com\/eldigitaldeasturias","twitter:card":"summary_large_image","twitter:title":"Lamb\u00e1n: \u00abEl Gran Premio de Arag\u00f3n de MotoGP est\u00e1 garantizado hasta 2021\u00bb - El Digital de Asturias","twitter:description":"El Presidente de Arag\u00f3n, Javier Lamb\u00e1n, ha querido destacar la valiosa promoci\u00f3n para el Bajo Arag\u00f3n y para la Comunidad en su conjunto que supone la celebraci\u00f3n del Gran Premio Arag\u00f3n de MotoGP en el circuito de Motorland, en Alca\u00f1iz. \u201cTengo que resaltar fundamentalmente lo que significa como promoci\u00f3n de la propia Comunidad de Arag\u00f3n.","twitter:image":"https:\/\/www.eldigitaldeasturias.com\/noticias\/wp-content\/uploads\/2020\/12\/EDA-1.jpg","twitter:label1":"Escrito por","twitter:data1":"El Digital de Asturias","twitter:label2":"Tiempo de lectura estimado","twitter:data2":"4 minutos"},"aioseo_meta_data":{"post_id":"953711","title":null,"description":null,"keywords":null,"keyphrases":null,"primary_term":null,"canonical_url":null,"og_title":null,"og_description":null,"og_object_type":"default","og_image_type":"default","og_image_url":null,"og_image_width":null,"og_image_height":null,"og_image_custom_url":null,"og_image_custom_fields":null,"og_video":null,"og_custom_url":null,"og_article_section":null,"og_article_tags":null,"twitter_use_og":false,"twitter_card":"default","twitter_image_type":"default","twitter_image_url":null,"twitter_image_custom_url":null,"twitter_image_custom_fields":null,"twitter_title":null,"twitter_description":null,"schema":{"blockGraphs":[],"customGraphs":[],"default":{"data":{"Article":[],"Course":[],"Dataset":[],"FAQPage":[],"Movie":[],"Person":[],"Product":[],"ProductReview":[],"Car":[],"Recipe":[],"Service":[],"SoftwareApplication":[],"WebPage":[]},"graphName":"","isEnabled":true},"graphs":[],"defaultGraph":"","defaultPostTypeGraph":""},"schema_type":null,"schema_type_options":null,"pillar_content":false,"robots_default":true,"robots_noindex":false,"robots_noarchive":false,"robots_nosnippet":false,"robots_nofollow":false,"robots_noimageindex":false,"robots_noodp":false,"robots_notranslate":false,"robots_max_snippet":null,"robots_max_videopreview":null,"robots_max_imagepreview":"large","priority":null,"frequency":null,"local_seo":null,"seo_analyzer_scan_date":"2025-12-06 03:51:18","breadcrumb_settings":null,"limit_modified_date":false,"open_ai":null,"ai":null,"created":"2020-12-21 12:57:03","updated":"2025-12-06 03:51:18","focus_keyword":null,"additional_keywords":null,"truseo_locale":null},"aioseo_breadcrumb":"<div class=\"aioseo-breadcrumbs\"><span class=\"aioseo-breadcrumb\">\n\t<a href=\"https:\/\/www.eldigitaldeasturias.com\/noticias\" title=\"Home\">Home<\/a>\n<\/span><span class=\"aioseo-breadcrumb-separator\">\u2013<\/span><span class=\"aioseo-breadcrumb\">\n\t<a href=\"https:\/\/www.eldigitaldeasturias.com\/noticias\/category\/actualidad\/\" title=\"Actualidad\">Actualidad<\/a>\n<\/span><span class=\"aioseo-breadcrumb-separator\">\u2013<\/span><span class=\"aioseo-breadcrumb\">\n\t<a href=\"https:\/\/www.eldigitaldeasturias.com\/noticias\/lamban-el-gran-premio-de-aragon-de-motogp-esta-garantizado-hasta-2021\/\" title=\"Lamb\u00e1n: \u00abEl Gran Premio de Arag\u00f3n de MotoGP est\u00e1 garantizado hasta 2021\u00bb\">Lamb\u00e1n: \u00abEl Gran Premio de Arag\u00f3n de MotoGP est\u00e1 garantizado hasta 2021\u00bb<\/a>\n<\/span><\/div>","aioseo_breadcrumb_json":[{"label":"Home","link":"https:\/\/www.eldigitaldeasturias.com\/noticias"},{"label":"Actualidad","link":"https:\/\/www.eldigitaldeasturias.com\/noticias\/category\/actualidad\/"},{"label":"Lamb\u00e1n: \u00abEl Gran Premio de Arag\u00f3n de MotoGP est\u00e1 garantizado hasta 2021\u00bb","link":"https:\/\/www.eldigitaldeasturias.com\/noticias\/lamban-el-gran-premio-de-aragon-de-motogp-esta-garantizado-hasta-2021\/"}],"_links":{"self":[{"href":"https:\/\/www.eldigitaldeasturias.com\/noticias\/wp-json\/wp\/v2\/posts\/953711","targetHints":{"allow":["GET"]}}],"collection":[{"href":"https:\/\/www.eldigitaldeasturias.com\/noticias\/wp-json\/wp\/v2\/posts"}],"about":[{"href":"https:\/\/www.eldigitaldeasturias.com\/noticias\/wp-json\/wp\/v2\/types\/post"}],"author":[{"embeddable":true,"href":"https:\/\/www.eldigitaldeasturias.com\/noticias\/wp-json\/wp\/v2\/users\/1"}],"replies":[{"embeddable":true,"href":"https:\/\/www.eldigitaldeasturias.com\/noticias\/wp-json\/wp\/v2\/comments?post=953711"}],"version-history":[{"count":0,"href":"https:\/\/www.eldigitaldeasturias.com\/noticias\/wp-json\/wp\/v2\/posts\/953711\/revisions"}],"wp:attachment":[{"href":"https:\/\/www.eldigitaldeasturias.com\/noticias\/wp-json\/wp\/v2\/media?parent=953711"}],"wp:term":[{"taxonomy":"category","embeddable":true,"href":"https:\/\/www.eldigitaldeasturias.com\/noticias\/wp-json\/wp\/v2\/categories?post=953711"},{"taxonomy":"post_tag","embeddable":true,"href":"https:\/\/www.eldigitaldeasturias.com\/noticias\/wp-json\/wp\/v2\/tags?post=953711"}],"curies":[{"name":"wp","href":"https:\/\/api.w.org\/{rel}","templated":true}]}}