{"id":953709,"date":"2017-09-24T16:52:23","date_gmt":"2017-09-24T16:52:23","guid":{"rendered":"http:\/\/www.eldigitaldeasturias.com\/noticias\/?p=953709"},"modified":"2017-09-24T16:52:23","modified_gmt":"2017-09-24T16:52:23","slug":"735-000-trabajadores-podran-beneficiarse-de-las-ayudas-para-la-formacion-profesional","status":"publish","type":"post","link":"https:\/\/www.eldigitaldeasturias.com\/noticias\/735-000-trabajadores-podran-beneficiarse-de-las-ayudas-para-la-formacion-profesional\/","title":{"rendered":"735.000 trabajadores podr\u00e1n beneficiarse de las ayudas para la Formaci\u00f3n Profesional"},"content":{"rendered":"<p><img loading=\"lazy\" decoding=\"async\" class=\"alignleft size-medium wp-image-778139\" src=\"https:\/\/www.eldigitaldeasturias.com\/noticias\/wp-content\/uploads\/2015\/04\/industria1-360x270.jpg\" alt=\"\" width=\"360\" height=\"270\" \/>El Ministerio de Empleo y Seguridad Social ha resuelto la convocatoria estatal de ayudas para la Formaci\u00f3n Profesional para el Empleo publicada en 2016, con la concesi\u00f3n de 194 millones de euros para la capacitaci\u00f3n de 735.000 trabajadores.<\/p>\n<p>\u200bEsta convocatoria, la primera dirigida a los trabajadores ocupados desde la aprobaci\u00f3n de la Ley 30\/2015, ha sido la primera que ha estado plenamente abierta a la concurrencia competitiva de las entidades de formaci\u00f3n. Asimismo, incluye nuevos preceptos para la mejora de la gesti\u00f3n y lucha contra el fraude introducidos por la Ley, como la limitaci\u00f3n de los anticipos, la prohibici\u00f3n de la subcontrataci\u00f3n, o la creaci\u00f3n de la unidad de lucha contra el fraude en la formaci\u00f3n.<\/p>\n<p>Convocada por el Servicio P\u00fablico de Empleo y Estatal y gestionada por el mismo con la colaboraci\u00f3n de la Fundaci\u00f3n Estatal para la Formaci\u00f3n en el Empleo, ha aprobado un total de 384 planes de formaci\u00f3n que se materializar\u00e1n en la realizaci\u00f3n de 9.500 acciones formativas.<\/p>\n<p>Entre ellas, destaca el crecimiento experimentado en la demanda de formaci\u00f3n en \u00e1reas relacionadas con la digitalizaci\u00f3n y las tecnolog\u00edas de la comunicaci\u00f3n. En cuanto al n\u00famero de participantes, mantienen el liderazgo los cursos sobre asuntos relacionados con el comercio y el marketing. Adem\u00e1s, la modalidad de formaci\u00f3n online ser\u00e1 la m\u00e1s utilizada para el acceso a los distintos certificados de profesionalidad y a las especialidades formativas que forman el cat\u00e1logo de cursos ofertados.<\/p>\n<p>Para la valoraci\u00f3n de los planes presentados, se han considerado colectivos prioritarios en el acceso a dichos cursos los trabajadores temporales y a tiempo parcial; las mujeres trabajadoras; los trabajadores mayores de 45 a\u00f1os, y los desempleados de larga duraci\u00f3n, dentro de su porcentaje de reserva. Por su parte, los trabajadores aut\u00f3nomos y los de la Econom\u00eda Social dispondr\u00e1n de acciones formativas valoradas en 6 y 4,5 millones de euros, respectivamente.<\/p>\n<p>La determinaci\u00f3n de las necesidades formativas a financiar se ha basado en el di\u00e1logo social y en la negociaci\u00f3n colectiva de las Comisiones Paritarias en los respectivos \u00e1mbitos sectoriales, de acuerdo con la Ley 30\/2015.<\/p>\n<p>Adem\u00e1s, y previamente, la propuesta de convocatoria hab\u00eda sido trabajada en un proceso de di\u00e1logo y participaci\u00f3n con comunidades aut\u00f3nomas e interlocutores sociales en el marco del Patronato en la Fundaci\u00f3n Estatal para la Formaci\u00f3n en el Empleo.<\/p>\n<p>&nbsp;<\/p>\n<p>&nbsp;<\/p>\n","protected":false},"excerpt":{"rendered":"<p>El Ministerio de Empleo y Seguridad Social ha resuelto la convocatoria estatal de ayudas para la Formaci\u00f3n Profesional para el Empleo publicada en 2016, con la concesi\u00f3n de 194 millones de euros para la capacitaci\u00f3n de 735.000 trabajadores. \u200bEsta convocatoria, la primera dirigida a los trabajadores ocupados desde la aprobaci\u00f3n de la Ley 30\/2015, ha [&hellip;]<\/p>\n","protected":false},"author":1,"featured_media":778139,"comment_status":"closed","ping_status":"closed","sticky":false,"template":"","format":"standard","meta":{"footnotes":""},"categories":[1],"tags":[],"class_list":["post-953709","post","type-post","status-publish","format-standard","has-post-thumbnail","hentry","category-actualidad"],"aioseo_notices":[],"aioseo_head":"\n\t\t<!-- All in One SEO Pro 5.0.1 - aioseo.com -->\n\t<meta name=\"description\" content=\"El Ministerio de Empleo y Seguridad Social ha resuelto la convocatoria estatal de ayudas para la Formaci\u00f3n Profesional para el Empleo publicada en 2016, con la concesi\u00f3n de 194 millones de euros para la capacitaci\u00f3n de 735.000 trabajadores. \u200bEsta convocatoria, la primera dirigida a los trabajadores ocupados desde la aprobaci\u00f3n de la Ley 30\/2015, ha\" \/>\n\t<meta name=\"robots\" content=\"max-image-preview:large\" \/>\n\t<meta name=\"author\" content=\"El Digital de Asturias\"\/>\n\t<meta name=\"google-site-verification\" content=\"UA-38556648-1\" \/>\n\t<meta name=\"msvalidate.01\" content=\"7dfe9f3f1b24437ab69f4f2559babe99\" \/>\n\t<meta name=\"keywords\" content=\"actualidad\" \/>\n\t<link rel=\"canonical\" href=\"https:\/\/www.eldigitaldeasturias.com\/noticias\/735-000-trabajadores-podran-beneficiarse-de-las-ayudas-para-la-formacion-profesional\/\" \/>\n\t<meta name=\"generator\" content=\"All in One SEO Pro (AIOSEO) 5.0.1\" \/>\n\t\t<meta property=\"og:locale\" content=\"es_ES\" \/>\n\t\t<meta property=\"og:site_name\" content=\"El Digital de Asturias\" \/>\n\t\t<meta property=\"og:type\" content=\"article\" \/>\n\t\t<meta property=\"og:title\" content=\"735.000 trabajadores podr\u00e1n beneficiarse de las ayudas para la Formaci\u00f3n Profesional - El Digital de Asturias\" \/>\n\t\t<meta property=\"og:description\" content=\"El Ministerio de Empleo y Seguridad Social ha resuelto la convocatoria estatal de ayudas para la Formaci\u00f3n Profesional para el Empleo publicada en 2016, con la concesi\u00f3n de 194 millones de euros para la capacitaci\u00f3n de 735.000 trabajadores. \u200bEsta convocatoria, la primera dirigida a los trabajadores ocupados desde la aprobaci\u00f3n de la Ley 30\/2015, ha\" \/>\n\t\t<meta property=\"og:url\" content=\"https:\/\/www.eldigitaldeasturias.com\/noticias\/735-000-trabajadores-podran-beneficiarse-de-las-ayudas-para-la-formacion-profesional\/\" \/>\n\t\t<meta property=\"article:tag\" content=\"actualidad\" \/>\n\t\t<meta property=\"article:published_time\" content=\"2017-09-24T16:52:23+00:00\" \/>\n\t\t<meta property=\"article:modified_time\" content=\"2017-09-24T16:52:23+00:00\" \/>\n\t\t<meta property=\"article:publisher\" content=\"https:\/\/facebook.com\/eldigitaldeasturias\" \/>\n\t\t<meta name=\"twitter:card\" content=\"summary_large_image\" \/>\n\t\t<meta name=\"twitter:title\" content=\"735.000 trabajadores podr\u00e1n beneficiarse de las ayudas para la Formaci\u00f3n Profesional - El Digital de Asturias\" \/>\n\t\t<meta name=\"twitter:description\" content=\"El Ministerio de Empleo y Seguridad Social ha resuelto la convocatoria estatal de ayudas para la Formaci\u00f3n Profesional para el Empleo publicada en 2016, con la concesi\u00f3n de 194 millones de euros para la capacitaci\u00f3n de 735.000 trabajadores. \u200bEsta convocatoria, la primera dirigida a los trabajadores ocupados desde la aprobaci\u00f3n de la Ley 30\/2015, ha\" \/>\n\t\t<meta name=\"twitter:image\" content=\"https:\/\/www.eldigitaldeasturias.com\/noticias\/wp-content\/uploads\/2020\/12\/EDA-1.jpg\" \/>\n\t\t<meta name=\"twitter:label1\" content=\"Escrito por\" \/>\n\t\t<meta name=\"twitter:data1\" content=\"El Digital de Asturias\" \/>\n\t\t<meta name=\"twitter:label2\" content=\"Tiempo de lectura estimado\" \/>\n\t\t<meta name=\"twitter:data2\" content=\"2 minutos\" \/>\n\t\t<script type=\"application\/ld+json\" class=\"aioseo-schema\">\n\t\t\t{\"@context\":\"https:\\\/\\\/schema.org\",\"@graph\":[{\"@type\":\"BlogPosting\",\"@id\":\"https:\\\/\\\/www.eldigitaldeasturias.com\\\/noticias\\\/735-000-trabajadores-podran-beneficiarse-de-las-ayudas-para-la-formacion-profesional\\\/#blogposting\",\"name\":\"735.000 trabajadores podr\\u00e1n beneficiarse de las ayudas para la Formaci\\u00f3n Profesional - El Digital de Asturias\",\"headline\":\"735.000 trabajadores podr\\u00e1n beneficiarse de las ayudas para la Formaci\\u00f3n Profesional\",\"author\":{\"@id\":\"https:\\\/\\\/www.eldigitaldeasturias.com\\\/noticias\\\/author\\\/admin\\\/#author\"},\"publisher\":{\"@id\":\"https:\\\/\\\/www.eldigitaldeasturias.com\\\/noticias\\\/#organization\"},\"image\":{\"@type\":\"ImageObject\",\"url\":778139},\"datePublished\":\"2017-09-24T16:52:23+02:00\",\"dateModified\":\"2017-09-24T16:52:23+02:00\",\"inLanguage\":\"es-ES\",\"mainEntityOfPage\":{\"@id\":\"https:\\\/\\\/www.eldigitaldeasturias.com\\\/noticias\\\/735-000-trabajadores-podran-beneficiarse-de-las-ayudas-para-la-formacion-profesional\\\/#webpage\"},\"isPartOf\":{\"@id\":\"https:\\\/\\\/www.eldigitaldeasturias.com\\\/noticias\\\/735-000-trabajadores-podran-beneficiarse-de-las-ayudas-para-la-formacion-profesional\\\/#webpage\"},\"articleSection\":\"Actualidad\"},{\"@type\":\"BreadcrumbList\",\"@id\":\"https:\\\/\\\/www.eldigitaldeasturias.com\\\/noticias\\\/735-000-trabajadores-podran-beneficiarse-de-las-ayudas-para-la-formacion-profesional\\\/#breadcrumblist\",\"itemListElement\":[{\"@type\":\"ListItem\",\"@id\":\"https:\\\/\\\/www.eldigitaldeasturias.com\\\/noticias#listItem\",\"position\":1,\"name\":\"Home\",\"item\":\"https:\\\/\\\/www.eldigitaldeasturias.com\\\/noticias\",\"nextItem\":{\"@type\":\"ListItem\",\"@id\":\"https:\\\/\\\/www.eldigitaldeasturias.com\\\/noticias\\\/category\\\/actualidad\\\/#listItem\",\"name\":\"Actualidad\"}},{\"@type\":\"ListItem\",\"@id\":\"https:\\\/\\\/www.eldigitaldeasturias.com\\\/noticias\\\/category\\\/actualidad\\\/#listItem\",\"position\":2,\"name\":\"Actualidad\",\"item\":\"https:\\\/\\\/www.eldigitaldeasturias.com\\\/noticias\\\/category\\\/actualidad\\\/\",\"nextItem\":{\"@type\":\"ListItem\",\"@id\":\"https:\\\/\\\/www.eldigitaldeasturias.com\\\/noticias\\\/735-000-trabajadores-podran-beneficiarse-de-las-ayudas-para-la-formacion-profesional\\\/#listItem\",\"name\":\"735.000 trabajadores podr\\u00e1n beneficiarse de las ayudas para la Formaci\\u00f3n Profesional\"},\"previousItem\":{\"@type\":\"ListItem\",\"@id\":\"https:\\\/\\\/www.eldigitaldeasturias.com\\\/noticias#listItem\",\"name\":\"Home\"}},{\"@type\":\"ListItem\",\"@id\":\"https:\\\/\\\/www.eldigitaldeasturias.com\\\/noticias\\\/735-000-trabajadores-podran-beneficiarse-de-las-ayudas-para-la-formacion-profesional\\\/#listItem\",\"position\":3,\"name\":\"735.000 trabajadores podr\\u00e1n beneficiarse de las ayudas para la Formaci\\u00f3n Profesional\",\"previousItem\":{\"@type\":\"ListItem\",\"@id\":\"https:\\\/\\\/www.eldigitaldeasturias.com\\\/noticias\\\/category\\\/actualidad\\\/#listItem\",\"name\":\"Actualidad\"}}]},{\"@type\":\"Organization\",\"@id\":\"https:\\\/\\\/www.eldigitaldeasturias.com\\\/noticias\\\/#organization\",\"name\":\"El Digital de Asturias\",\"description\":\"Hemeroteca\",\"url\":\"https:\\\/\\\/www.eldigitaldeasturias.com\\\/noticias\\\/\",\"email\":\"info@eldigitaldeasturias.com\",\"telephone\":\"+34652131393\",\"logo\":{\"@type\":\"ImageObject\",\"url\":\"https:\\\/\\\/www.eldigitaldeasturias.com\\\/noticias\\\/wp-content\\\/uploads\\\/2020\\\/12\\\/EDA.jpg\",\"@id\":\"https:\\\/\\\/www.eldigitaldeasturias.com\\\/noticias\\\/735-000-trabajadores-podran-beneficiarse-de-las-ayudas-para-la-formacion-profesional\\\/#organizationLogo\"},\"image\":{\"@id\":\"https:\\\/\\\/www.eldigitaldeasturias.com\\\/noticias\\\/735-000-trabajadores-podran-beneficiarse-de-las-ayudas-para-la-formacion-profesional\\\/#organizationLogo\"},\"sameAs\":[\"https:\\\/\\\/facebook.com\\\/eldigitaldeasturias\",\"https:\\\/\\\/www.youtube.com\\\/channel\\\/UCZP-2wLEB9Rv6erhFmqVnvg\"],\"address\":{\"@id\":\"https:\\\/\\\/www.eldigitaldeasturias.com\\\/noticias\\\/#postaladdress\",\"@type\":\"PostalAddress\",\"streetAddress\":\"san antonio 4\",\"postalCode\":\"33430\",\"addressLocality\":\"Cand\\u00e1s\",\"addressRegion\":\"Asturias\",\"addressCountry\":\"ES\"}},{\"@type\":\"Person\",\"@id\":\"https:\\\/\\\/www.eldigitaldeasturias.com\\\/noticias\\\/author\\\/admin\\\/#author\",\"url\":\"https:\\\/\\\/www.eldigitaldeasturias.com\\\/noticias\\\/author\\\/admin\\\/\",\"name\":\"El Digital de Asturias\",\"image\":{\"@type\":\"ImageObject\",\"@id\":\"https:\\\/\\\/www.eldigitaldeasturias.com\\\/noticias\\\/735-000-trabajadores-podran-beneficiarse-de-las-ayudas-para-la-formacion-profesional\\\/#authorImage\",\"url\":\"https:\\\/\\\/secure.gravatar.com\\\/avatar\\\/df2aeffc32bcd13f8d26072ef8a91b623d677766deac7f97ca815868cd41bf5e?s=96&d=mm&r=g\",\"width\":96,\"height\":96,\"caption\":\"El Digital de Asturias\"}},{\"@type\":\"WebPage\",\"@id\":\"https:\\\/\\\/www.eldigitaldeasturias.com\\\/noticias\\\/735-000-trabajadores-podran-beneficiarse-de-las-ayudas-para-la-formacion-profesional\\\/#webpage\",\"url\":\"https:\\\/\\\/www.eldigitaldeasturias.com\\\/noticias\\\/735-000-trabajadores-podran-beneficiarse-de-las-ayudas-para-la-formacion-profesional\\\/\",\"name\":\"735.000 trabajadores podr\\u00e1n beneficiarse de las ayudas para la Formaci\\u00f3n Profesional - El Digital de Asturias\",\"description\":\"El Ministerio de Empleo y Seguridad Social ha resuelto la convocatoria estatal de ayudas para la Formaci\\u00f3n Profesional para el Empleo publicada en 2016, con la concesi\\u00f3n de 194 millones de euros para la capacitaci\\u00f3n de 735.000 trabajadores. \\u200bEsta convocatoria, la primera dirigida a los trabajadores ocupados desde la aprobaci\\u00f3n de la Ley 30\\\/2015, ha\",\"inLanguage\":\"es-ES\",\"isPartOf\":{\"@id\":\"https:\\\/\\\/www.eldigitaldeasturias.com\\\/noticias\\\/#website\"},\"breadcrumb\":{\"@id\":\"https:\\\/\\\/www.eldigitaldeasturias.com\\\/noticias\\\/735-000-trabajadores-podran-beneficiarse-de-las-ayudas-para-la-formacion-profesional\\\/#breadcrumblist\"},\"author\":{\"@id\":\"https:\\\/\\\/www.eldigitaldeasturias.com\\\/noticias\\\/author\\\/admin\\\/#author\"},\"creator\":{\"@id\":\"https:\\\/\\\/www.eldigitaldeasturias.com\\\/noticias\\\/author\\\/admin\\\/#author\"},\"image\":{\"@type\":\"ImageObject\",\"url\":778139,\"@id\":\"https:\\\/\\\/www.eldigitaldeasturias.com\\\/noticias\\\/735-000-trabajadores-podran-beneficiarse-de-las-ayudas-para-la-formacion-profesional\\\/#mainImage\"},\"primaryImageOfPage\":{\"@id\":\"https:\\\/\\\/www.eldigitaldeasturias.com\\\/noticias\\\/735-000-trabajadores-podran-beneficiarse-de-las-ayudas-para-la-formacion-profesional\\\/#mainImage\"},\"datePublished\":\"2017-09-24T16:52:23+02:00\",\"dateModified\":\"2017-09-24T16:52:23+02:00\"},{\"@type\":\"WebSite\",\"@id\":\"https:\\\/\\\/www.eldigitaldeasturias.com\\\/noticias\\\/#website\",\"url\":\"https:\\\/\\\/www.eldigitaldeasturias.com\\\/noticias\\\/\",\"name\":\"El Digital de Asturias - Diario de actualidad y noticias\",\"alternateName\":\"El Digital de Asturias - Diario de actualidad y noticias\",\"description\":\"Hemeroteca\",\"inLanguage\":\"es-ES\",\"publisher\":{\"@id\":\"https:\\\/\\\/www.eldigitaldeasturias.com\\\/noticias\\\/#organization\"}}]}\n\t\t<\/script>\n\t\t<!-- All in One SEO Pro -->\r\n\t\t<title>735.000 trabajadores podr\u00e1n beneficiarse de las ayudas para la Formaci\u00f3n Profesional - El Digital de Asturias<\/title>\n\n","aioseo_head_json":{"title":"735.000 trabajadores podr\u00e1n beneficiarse de las ayudas para la Formaci\u00f3n Profesional - El Digital de Asturias","description":"El Ministerio de Empleo y Seguridad Social ha resuelto la convocatoria estatal de ayudas para la Formaci\u00f3n Profesional para el Empleo publicada en 2016, con la concesi\u00f3n de 194 millones de euros para la capacitaci\u00f3n de 735.000 trabajadores. \u200bEsta convocatoria, la primera dirigida a los trabajadores ocupados desde la aprobaci\u00f3n de la Ley 30\/2015, ha","canonical_url":"https:\/\/www.eldigitaldeasturias.com\/noticias\/735-000-trabajadores-podran-beneficiarse-de-las-ayudas-para-la-formacion-profesional\/","robots":"max-image-preview:large","keywords":"actualidad","webmasterTools":{"google-site-verification":"UA-38556648-1","msvalidate.01":"7dfe9f3f1b24437ab69f4f2559babe99","miscellaneous":""},"schema":{"@context":"https:\/\/schema.org","@graph":[{"@type":"BlogPosting","@id":"https:\/\/www.eldigitaldeasturias.com\/noticias\/735-000-trabajadores-podran-beneficiarse-de-las-ayudas-para-la-formacion-profesional\/#blogposting","name":"735.000 trabajadores podr\u00e1n beneficiarse de las ayudas para la Formaci\u00f3n Profesional - El Digital de Asturias","headline":"735.000 trabajadores podr\u00e1n beneficiarse de las ayudas para la Formaci\u00f3n Profesional","author":{"@id":"https:\/\/www.eldigitaldeasturias.com\/noticias\/author\/admin\/#author"},"publisher":{"@id":"https:\/\/www.eldigitaldeasturias.com\/noticias\/#organization"},"image":{"@type":"ImageObject","url":778139},"datePublished":"2017-09-24T16:52:23+02:00","dateModified":"2017-09-24T16:52:23+02:00","inLanguage":"es-ES","mainEntityOfPage":{"@id":"https:\/\/www.eldigitaldeasturias.com\/noticias\/735-000-trabajadores-podran-beneficiarse-de-las-ayudas-para-la-formacion-profesional\/#webpage"},"isPartOf":{"@id":"https:\/\/www.eldigitaldeasturias.com\/noticias\/735-000-trabajadores-podran-beneficiarse-de-las-ayudas-para-la-formacion-profesional\/#webpage"},"articleSection":"Actualidad"},{"@type":"BreadcrumbList","@id":"https:\/\/www.eldigitaldeasturias.com\/noticias\/735-000-trabajadores-podran-beneficiarse-de-las-ayudas-para-la-formacion-profesional\/#breadcrumblist","itemListElement":[{"@type":"ListItem","@id":"https:\/\/www.eldigitaldeasturias.com\/noticias#listItem","position":1,"name":"Home","item":"https:\/\/www.eldigitaldeasturias.com\/noticias","nextItem":{"@type":"ListItem","@id":"https:\/\/www.eldigitaldeasturias.com\/noticias\/category\/actualidad\/#listItem","name":"Actualidad"}},{"@type":"ListItem","@id":"https:\/\/www.eldigitaldeasturias.com\/noticias\/category\/actualidad\/#listItem","position":2,"name":"Actualidad","item":"https:\/\/www.eldigitaldeasturias.com\/noticias\/category\/actualidad\/","nextItem":{"@type":"ListItem","@id":"https:\/\/www.eldigitaldeasturias.com\/noticias\/735-000-trabajadores-podran-beneficiarse-de-las-ayudas-para-la-formacion-profesional\/#listItem","name":"735.000 trabajadores podr\u00e1n beneficiarse de las ayudas para la Formaci\u00f3n Profesional"},"previousItem":{"@type":"ListItem","@id":"https:\/\/www.eldigitaldeasturias.com\/noticias#listItem","name":"Home"}},{"@type":"ListItem","@id":"https:\/\/www.eldigitaldeasturias.com\/noticias\/735-000-trabajadores-podran-beneficiarse-de-las-ayudas-para-la-formacion-profesional\/#listItem","position":3,"name":"735.000 trabajadores podr\u00e1n beneficiarse de las ayudas para la Formaci\u00f3n Profesional","previousItem":{"@type":"ListItem","@id":"https:\/\/www.eldigitaldeasturias.com\/noticias\/category\/actualidad\/#listItem","name":"Actualidad"}}]},{"@type":"Organization","@id":"https:\/\/www.eldigitaldeasturias.com\/noticias\/#organization","name":"El Digital de Asturias","description":"Hemeroteca","url":"https:\/\/www.eldigitaldeasturias.com\/noticias\/","email":"info@eldigitaldeasturias.com","telephone":"+34652131393","logo":{"@type":"ImageObject","url":"https:\/\/www.eldigitaldeasturias.com\/noticias\/wp-content\/uploads\/2020\/12\/EDA.jpg","@id":"https:\/\/www.eldigitaldeasturias.com\/noticias\/735-000-trabajadores-podran-beneficiarse-de-las-ayudas-para-la-formacion-profesional\/#organizationLogo"},"image":{"@id":"https:\/\/www.eldigitaldeasturias.com\/noticias\/735-000-trabajadores-podran-beneficiarse-de-las-ayudas-para-la-formacion-profesional\/#organizationLogo"},"sameAs":["https:\/\/facebook.com\/eldigitaldeasturias","https:\/\/www.youtube.com\/channel\/UCZP-2wLEB9Rv6erhFmqVnvg"],"address":{"@id":"https:\/\/www.eldigitaldeasturias.com\/noticias\/#postaladdress","@type":"PostalAddress","streetAddress":"san antonio 4","postalCode":"33430","addressLocality":"Cand\u00e1s","addressRegion":"Asturias","addressCountry":"ES"}},{"@type":"Person","@id":"https:\/\/www.eldigitaldeasturias.com\/noticias\/author\/admin\/#author","url":"https:\/\/www.eldigitaldeasturias.com\/noticias\/author\/admin\/","name":"El Digital de Asturias","image":{"@type":"ImageObject","@id":"https:\/\/www.eldigitaldeasturias.com\/noticias\/735-000-trabajadores-podran-beneficiarse-de-las-ayudas-para-la-formacion-profesional\/#authorImage","url":"https:\/\/secure.gravatar.com\/avatar\/df2aeffc32bcd13f8d26072ef8a91b623d677766deac7f97ca815868cd41bf5e?s=96&d=mm&r=g","width":96,"height":96,"caption":"El Digital de Asturias"}},{"@type":"WebPage","@id":"https:\/\/www.eldigitaldeasturias.com\/noticias\/735-000-trabajadores-podran-beneficiarse-de-las-ayudas-para-la-formacion-profesional\/#webpage","url":"https:\/\/www.eldigitaldeasturias.com\/noticias\/735-000-trabajadores-podran-beneficiarse-de-las-ayudas-para-la-formacion-profesional\/","name":"735.000 trabajadores podr\u00e1n beneficiarse de las ayudas para la Formaci\u00f3n Profesional - El Digital de Asturias","description":"El Ministerio de Empleo y Seguridad Social ha resuelto la convocatoria estatal de ayudas para la Formaci\u00f3n Profesional para el Empleo publicada en 2016, con la concesi\u00f3n de 194 millones de euros para la capacitaci\u00f3n de 735.000 trabajadores. \u200bEsta convocatoria, la primera dirigida a los trabajadores ocupados desde la aprobaci\u00f3n de la Ley 30\/2015, ha","inLanguage":"es-ES","isPartOf":{"@id":"https:\/\/www.eldigitaldeasturias.com\/noticias\/#website"},"breadcrumb":{"@id":"https:\/\/www.eldigitaldeasturias.com\/noticias\/735-000-trabajadores-podran-beneficiarse-de-las-ayudas-para-la-formacion-profesional\/#breadcrumblist"},"author":{"@id":"https:\/\/www.eldigitaldeasturias.com\/noticias\/author\/admin\/#author"},"creator":{"@id":"https:\/\/www.eldigitaldeasturias.com\/noticias\/author\/admin\/#author"},"image":{"@type":"ImageObject","url":778139,"@id":"https:\/\/www.eldigitaldeasturias.com\/noticias\/735-000-trabajadores-podran-beneficiarse-de-las-ayudas-para-la-formacion-profesional\/#mainImage"},"primaryImageOfPage":{"@id":"https:\/\/www.eldigitaldeasturias.com\/noticias\/735-000-trabajadores-podran-beneficiarse-de-las-ayudas-para-la-formacion-profesional\/#mainImage"},"datePublished":"2017-09-24T16:52:23+02:00","dateModified":"2017-09-24T16:52:23+02:00"},{"@type":"WebSite","@id":"https:\/\/www.eldigitaldeasturias.com\/noticias\/#website","url":"https:\/\/www.eldigitaldeasturias.com\/noticias\/","name":"El Digital de Asturias - Diario de actualidad y noticias","alternateName":"El Digital de Asturias - Diario de actualidad y noticias","description":"Hemeroteca","inLanguage":"es-ES","publisher":{"@id":"https:\/\/www.eldigitaldeasturias.com\/noticias\/#organization"}}]},"og:locale":"es_ES","og:site_name":"El Digital de Asturias","og:type":"article","og:title":"735.000 trabajadores podr\u00e1n beneficiarse de las ayudas para la Formaci\u00f3n Profesional - El Digital de Asturias","og:description":"El Ministerio de Empleo y Seguridad Social ha resuelto la convocatoria estatal de ayudas para la Formaci\u00f3n Profesional para el Empleo publicada en 2016, con la concesi\u00f3n de 194 millones de euros para la capacitaci\u00f3n de 735.000 trabajadores. \u200bEsta convocatoria, la primera dirigida a los trabajadores ocupados desde la aprobaci\u00f3n de la Ley 30\/2015, ha","og:url":"https:\/\/www.eldigitaldeasturias.com\/noticias\/735-000-trabajadores-podran-beneficiarse-de-las-ayudas-para-la-formacion-profesional\/","article:tag":["actualidad"],"article:published_time":"2017-09-24T16:52:23+00:00","article:modified_time":"2017-09-24T16:52:23+00:00","article:publisher":"https:\/\/facebook.com\/eldigitaldeasturias","twitter:card":"summary_large_image","twitter:title":"735.000 trabajadores podr\u00e1n beneficiarse de las ayudas para la Formaci\u00f3n Profesional - El Digital de Asturias","twitter:description":"El Ministerio de Empleo y Seguridad Social ha resuelto la convocatoria estatal de ayudas para la Formaci\u00f3n Profesional para el Empleo publicada en 2016, con la concesi\u00f3n de 194 millones de euros para la capacitaci\u00f3n de 735.000 trabajadores. \u200bEsta convocatoria, la primera dirigida a los trabajadores ocupados desde la aprobaci\u00f3n de la Ley 30\/2015, ha","twitter:image":"https:\/\/www.eldigitaldeasturias.com\/noticias\/wp-content\/uploads\/2020\/12\/EDA-1.jpg","twitter:label1":"Escrito por","twitter:data1":"El Digital de Asturias","twitter:label2":"Tiempo de lectura estimado","twitter:data2":"2 minutos"},"aioseo_meta_data":{"post_id":"953709","title":null,"description":null,"keywords":null,"keyphrases":null,"primary_term":null,"canonical_url":null,"og_title":null,"og_description":null,"og_object_type":"default","og_image_type":"default","og_image_url":null,"og_image_width":null,"og_image_height":null,"og_image_custom_url":null,"og_image_custom_fields":null,"og_video":null,"og_custom_url":null,"og_article_section":null,"og_article_tags":null,"twitter_use_og":false,"twitter_card":"default","twitter_image_type":"default","twitter_image_url":null,"twitter_image_custom_url":null,"twitter_image_custom_fields":null,"twitter_title":null,"twitter_description":null,"schema":{"blockGraphs":[],"customGraphs":[],"default":{"data":{"Article":[],"Course":[],"Dataset":[],"FAQPage":[],"Movie":[],"Person":[],"Product":[],"ProductReview":[],"Car":[],"Recipe":[],"Service":[],"SoftwareApplication":[],"WebPage":[]},"graphName":"","isEnabled":true},"graphs":[],"defaultGraph":"","defaultPostTypeGraph":""},"schema_type":null,"schema_type_options":null,"pillar_content":false,"robots_default":true,"robots_noindex":false,"robots_noarchive":false,"robots_nosnippet":false,"robots_nofollow":false,"robots_noimageindex":false,"robots_noodp":false,"robots_notranslate":false,"robots_max_snippet":null,"robots_max_videopreview":null,"robots_max_imagepreview":"large","priority":null,"frequency":null,"local_seo":null,"seo_analyzer_scan_date":"2025-12-06 03:51:17","breadcrumb_settings":null,"limit_modified_date":false,"open_ai":null,"ai":null,"created":"2020-12-21 12:57:03","updated":"2025-12-06 03:51:17","focus_keyword":null,"additional_keywords":null,"truseo_locale":null},"aioseo_breadcrumb":"<div class=\"aioseo-breadcrumbs\"><span class=\"aioseo-breadcrumb\">\n\t<a href=\"https:\/\/www.eldigitaldeasturias.com\/noticias\" title=\"Home\">Home<\/a>\n<\/span><span class=\"aioseo-breadcrumb-separator\">\u2013<\/span><span class=\"aioseo-breadcrumb\">\n\t<a href=\"https:\/\/www.eldigitaldeasturias.com\/noticias\/category\/actualidad\/\" title=\"Actualidad\">Actualidad<\/a>\n<\/span><span class=\"aioseo-breadcrumb-separator\">\u2013<\/span><span class=\"aioseo-breadcrumb\">\n\t<a href=\"https:\/\/www.eldigitaldeasturias.com\/noticias\/735-000-trabajadores-podran-beneficiarse-de-las-ayudas-para-la-formacion-profesional\/\" title=\"735.000 trabajadores podr\u00e1n beneficiarse de las ayudas para la Formaci\u00f3n Profesional\">735.000 trabajadores podr\u00e1n beneficiarse de las ayudas para la Formaci\u00f3n Profesional<\/a>\n<\/span><\/div>","aioseo_breadcrumb_json":[{"label":"Home","link":"https:\/\/www.eldigitaldeasturias.com\/noticias"},{"label":"Actualidad","link":"https:\/\/www.eldigitaldeasturias.com\/noticias\/category\/actualidad\/"},{"label":"735.000 trabajadores podr\u00e1n beneficiarse de las ayudas para la Formaci\u00f3n Profesional","link":"https:\/\/www.eldigitaldeasturias.com\/noticias\/735-000-trabajadores-podran-beneficiarse-de-las-ayudas-para-la-formacion-profesional\/"}],"_links":{"self":[{"href":"https:\/\/www.eldigitaldeasturias.com\/noticias\/wp-json\/wp\/v2\/posts\/953709","targetHints":{"allow":["GET"]}}],"collection":[{"href":"https:\/\/www.eldigitaldeasturias.com\/noticias\/wp-json\/wp\/v2\/posts"}],"about":[{"href":"https:\/\/www.eldigitaldeasturias.com\/noticias\/wp-json\/wp\/v2\/types\/post"}],"author":[{"embeddable":true,"href":"https:\/\/www.eldigitaldeasturias.com\/noticias\/wp-json\/wp\/v2\/users\/1"}],"replies":[{"embeddable":true,"href":"https:\/\/www.eldigitaldeasturias.com\/noticias\/wp-json\/wp\/v2\/comments?post=953709"}],"version-history":[{"count":0,"href":"https:\/\/www.eldigitaldeasturias.com\/noticias\/wp-json\/wp\/v2\/posts\/953709\/revisions"}],"wp:attachment":[{"href":"https:\/\/www.eldigitaldeasturias.com\/noticias\/wp-json\/wp\/v2\/media?parent=953709"}],"wp:term":[{"taxonomy":"category","embeddable":true,"href":"https:\/\/www.eldigitaldeasturias.com\/noticias\/wp-json\/wp\/v2\/categories?post=953709"},{"taxonomy":"post_tag","embeddable":true,"href":"https:\/\/www.eldigitaldeasturias.com\/noticias\/wp-json\/wp\/v2\/tags?post=953709"}],"curies":[{"name":"wp","href":"https:\/\/api.w.org\/{rel}","templated":true}]}}