{"id":953707,"date":"2017-09-24T16:23:40","date_gmt":"2017-09-24T16:23:40","guid":{"rendered":"http:\/\/www.eldigitaldeasturias.com\/noticias\/?p=953707"},"modified":"2017-09-24T16:23:40","modified_gmt":"2017-09-24T16:23:40","slug":"disminuye-el-agua-almacenado-en-los-embalses-espanoles","status":"publish","type":"post","link":"https:\/\/www.eldigitaldeasturias.com\/noticias\/disminuye-el-agua-almacenado-en-los-embalses-espanoles\/","title":{"rendered":"Disminuye el agua almacenado en los embalses espa\u00f1oles"},"content":{"rendered":"<p><img loading=\"lazy\" decoding=\"async\" class=\"alignleft size-medium wp-image-800085\" src=\"https:\/\/www.eldigitaldeasturias.com\/noticias\/wp-content\/uploads\/2015\/08\/reserva-360x241.jpg\" alt=\"\" width=\"360\" height=\"241\" \/>La reserva hidr\u00e1ulica espa\u00f1ola est\u00e1 al 40,3 por ciento de su capacidad total. <strong>Los embalses almacenan actualmente 22.531 hect\u00f3metros c\u00fabicos<\/strong> (hm3)<strong> de agua<\/strong>, disminuyendo en la \u00faltima semana en 499 hect\u00f3metros c\u00fabicos (el 0,9 por ciento de la capacidad total de los embalses)<\/p>\n<p>La reserva por \u00e1mbitos es la siguiente:\u00a0 Cant\u00e1brico Oriental se encuentra al 72,6%, Cant\u00e1brico Occidental al 70,4%, Mi\u00f1o-Sil al 50,0%, Galicia Costa al 56,0%, Cuencas internas del Pa\u00eds Vasco al 57,1%, Duero al 33,4%, Tajo al 41,6%, Guadiana al 45,9%, Tinto, Odiel y Piedras al 70,3%, Guadalete-Barbate al 41,2%, Guadalquivir al 33,7%, Cuenca Mediterr\u00e1nea Andaluza al 35,3%, Segura al 15,6%, J\u00facar al 26,9%, Ebro al 45,0%, Cuencas internas de Catalu\u00f1a al 59,4%<\/p>\n<p>Las precipitaciones han afectado abundantes en la costa norte y este. La m\u00e1xima se ha producido en Santander, con 93,3 mm (93,3 l \/ m2).<\/p>\n<p>&nbsp;<\/p>\n","protected":false},"excerpt":{"rendered":"<p>La reserva hidr\u00e1ulica espa\u00f1ola est\u00e1 al 40,3 por ciento de su capacidad total. Los embalses almacenan actualmente 22.531 hect\u00f3metros c\u00fabicos (hm3) de agua, disminuyendo en la \u00faltima semana en 499 hect\u00f3metros c\u00fabicos (el 0,9 por ciento de la capacidad total de los embalses) La reserva por \u00e1mbitos es la siguiente:\u00a0 Cant\u00e1brico Oriental se encuentra al [&hellip;]<\/p>\n","protected":false},"author":1,"featured_media":813199,"comment_status":"closed","ping_status":"closed","sticky":false,"template":"","format":"standard","meta":{"footnotes":""},"categories":[1],"tags":[],"class_list":["post-953707","post","type-post","status-publish","format-standard","has-post-thumbnail","hentry","category-actualidad"],"aioseo_notices":[],"aioseo_head":"\n\t\t<!-- All in One SEO Pro 5.0.1 - aioseo.com -->\n\t<meta name=\"description\" content=\"La reserva hidr\u00e1ulica espa\u00f1ola est\u00e1 al 40,3 por ciento de su capacidad total. Los embalses almacenan actualmente 22.531 hect\u00f3metros c\u00fabicos (hm3) de agua, disminuyendo en la \u00faltima semana en 499 hect\u00f3metros c\u00fabicos (el 0,9 por ciento de la capacidad total de los embalses) La reserva por \u00e1mbitos es la siguiente: Cant\u00e1brico Oriental se encuentra al\" \/>\n\t<meta name=\"robots\" content=\"max-image-preview:large\" \/>\n\t<meta name=\"author\" content=\"El Digital de Asturias\"\/>\n\t<meta name=\"google-site-verification\" content=\"UA-38556648-1\" \/>\n\t<meta name=\"msvalidate.01\" content=\"7dfe9f3f1b24437ab69f4f2559babe99\" \/>\n\t<meta name=\"keywords\" content=\"actualidad\" \/>\n\t<link rel=\"canonical\" href=\"https:\/\/www.eldigitaldeasturias.com\/noticias\/disminuye-el-agua-almacenado-en-los-embalses-espanoles\/\" \/>\n\t<meta name=\"generator\" content=\"All in One SEO Pro (AIOSEO) 5.0.1\" \/>\n\t\t<meta property=\"og:locale\" content=\"es_ES\" \/>\n\t\t<meta property=\"og:site_name\" content=\"El Digital de Asturias\" \/>\n\t\t<meta property=\"og:type\" content=\"article\" \/>\n\t\t<meta property=\"og:title\" content=\"Disminuye el agua almacenado en los embalses espa\u00f1oles - El Digital de Asturias\" \/>\n\t\t<meta property=\"og:description\" content=\"La reserva hidr\u00e1ulica espa\u00f1ola est\u00e1 al 40,3 por ciento de su capacidad total. Los embalses almacenan actualmente 22.531 hect\u00f3metros c\u00fabicos (hm3) de agua, disminuyendo en la \u00faltima semana en 499 hect\u00f3metros c\u00fabicos (el 0,9 por ciento de la capacidad total de los embalses) La reserva por \u00e1mbitos es la siguiente: Cant\u00e1brico Oriental se encuentra al\" \/>\n\t\t<meta property=\"og:url\" content=\"https:\/\/www.eldigitaldeasturias.com\/noticias\/disminuye-el-agua-almacenado-en-los-embalses-espanoles\/\" \/>\n\t\t<meta property=\"article:tag\" content=\"actualidad\" \/>\n\t\t<meta property=\"article:published_time\" content=\"2017-09-24T16:23:40+00:00\" \/>\n\t\t<meta property=\"article:modified_time\" content=\"2017-09-24T16:23:40+00:00\" \/>\n\t\t<meta property=\"article:publisher\" content=\"https:\/\/facebook.com\/eldigitaldeasturias\" \/>\n\t\t<meta name=\"twitter:card\" content=\"summary_large_image\" \/>\n\t\t<meta name=\"twitter:title\" content=\"Disminuye el agua almacenado en los embalses espa\u00f1oles - El Digital de Asturias\" \/>\n\t\t<meta name=\"twitter:description\" content=\"La reserva hidr\u00e1ulica espa\u00f1ola est\u00e1 al 40,3 por ciento de su capacidad total. Los embalses almacenan actualmente 22.531 hect\u00f3metros c\u00fabicos (hm3) de agua, disminuyendo en la \u00faltima semana en 499 hect\u00f3metros c\u00fabicos (el 0,9 por ciento de la capacidad total de los embalses) La reserva por \u00e1mbitos es la siguiente: Cant\u00e1brico Oriental se encuentra al\" \/>\n\t\t<meta name=\"twitter:image\" content=\"https:\/\/www.eldigitaldeasturias.com\/noticias\/wp-content\/uploads\/2020\/12\/EDA-1.jpg\" \/>\n\t\t<meta name=\"twitter:label1\" content=\"Escrito por\" \/>\n\t\t<meta name=\"twitter:data1\" content=\"El Digital de Asturias\" \/>\n\t\t<meta name=\"twitter:label2\" content=\"Tiempo de lectura estimado\" \/>\n\t\t<meta name=\"twitter:data2\" content=\"1 minuto\" \/>\n\t\t<script type=\"application\/ld+json\" class=\"aioseo-schema\">\n\t\t\t{\"@context\":\"https:\\\/\\\/schema.org\",\"@graph\":[{\"@type\":\"BlogPosting\",\"@id\":\"https:\\\/\\\/www.eldigitaldeasturias.com\\\/noticias\\\/disminuye-el-agua-almacenado-en-los-embalses-espanoles\\\/#blogposting\",\"name\":\"Disminuye el agua almacenado en los embalses espa\\u00f1oles - El Digital de Asturias\",\"headline\":\"Disminuye el agua almacenado en los embalses espa\\u00f1oles\",\"author\":{\"@id\":\"https:\\\/\\\/www.eldigitaldeasturias.com\\\/noticias\\\/author\\\/admin\\\/#author\"},\"publisher\":{\"@id\":\"https:\\\/\\\/www.eldigitaldeasturias.com\\\/noticias\\\/#organization\"},\"image\":{\"@type\":\"ImageObject\",\"url\":813199},\"datePublished\":\"2017-09-24T16:23:40+02:00\",\"dateModified\":\"2017-09-24T16:23:40+02:00\",\"inLanguage\":\"es-ES\",\"mainEntityOfPage\":{\"@id\":\"https:\\\/\\\/www.eldigitaldeasturias.com\\\/noticias\\\/disminuye-el-agua-almacenado-en-los-embalses-espanoles\\\/#webpage\"},\"isPartOf\":{\"@id\":\"https:\\\/\\\/www.eldigitaldeasturias.com\\\/noticias\\\/disminuye-el-agua-almacenado-en-los-embalses-espanoles\\\/#webpage\"},\"articleSection\":\"Actualidad\"},{\"@type\":\"BreadcrumbList\",\"@id\":\"https:\\\/\\\/www.eldigitaldeasturias.com\\\/noticias\\\/disminuye-el-agua-almacenado-en-los-embalses-espanoles\\\/#breadcrumblist\",\"itemListElement\":[{\"@type\":\"ListItem\",\"@id\":\"https:\\\/\\\/www.eldigitaldeasturias.com\\\/noticias#listItem\",\"position\":1,\"name\":\"Home\",\"item\":\"https:\\\/\\\/www.eldigitaldeasturias.com\\\/noticias\",\"nextItem\":{\"@type\":\"ListItem\",\"@id\":\"https:\\\/\\\/www.eldigitaldeasturias.com\\\/noticias\\\/category\\\/actualidad\\\/#listItem\",\"name\":\"Actualidad\"}},{\"@type\":\"ListItem\",\"@id\":\"https:\\\/\\\/www.eldigitaldeasturias.com\\\/noticias\\\/category\\\/actualidad\\\/#listItem\",\"position\":2,\"name\":\"Actualidad\",\"item\":\"https:\\\/\\\/www.eldigitaldeasturias.com\\\/noticias\\\/category\\\/actualidad\\\/\",\"nextItem\":{\"@type\":\"ListItem\",\"@id\":\"https:\\\/\\\/www.eldigitaldeasturias.com\\\/noticias\\\/disminuye-el-agua-almacenado-en-los-embalses-espanoles\\\/#listItem\",\"name\":\"Disminuye el agua almacenado en los embalses espa\\u00f1oles\"},\"previousItem\":{\"@type\":\"ListItem\",\"@id\":\"https:\\\/\\\/www.eldigitaldeasturias.com\\\/noticias#listItem\",\"name\":\"Home\"}},{\"@type\":\"ListItem\",\"@id\":\"https:\\\/\\\/www.eldigitaldeasturias.com\\\/noticias\\\/disminuye-el-agua-almacenado-en-los-embalses-espanoles\\\/#listItem\",\"position\":3,\"name\":\"Disminuye el agua almacenado en los embalses espa\\u00f1oles\",\"previousItem\":{\"@type\":\"ListItem\",\"@id\":\"https:\\\/\\\/www.eldigitaldeasturias.com\\\/noticias\\\/category\\\/actualidad\\\/#listItem\",\"name\":\"Actualidad\"}}]},{\"@type\":\"Organization\",\"@id\":\"https:\\\/\\\/www.eldigitaldeasturias.com\\\/noticias\\\/#organization\",\"name\":\"El Digital de Asturias\",\"description\":\"Hemeroteca\",\"url\":\"https:\\\/\\\/www.eldigitaldeasturias.com\\\/noticias\\\/\",\"email\":\"info@eldigitaldeasturias.com\",\"telephone\":\"+34652131393\",\"logo\":{\"@type\":\"ImageObject\",\"url\":\"https:\\\/\\\/www.eldigitaldeasturias.com\\\/noticias\\\/wp-content\\\/uploads\\\/2020\\\/12\\\/EDA.jpg\",\"@id\":\"https:\\\/\\\/www.eldigitaldeasturias.com\\\/noticias\\\/disminuye-el-agua-almacenado-en-los-embalses-espanoles\\\/#organizationLogo\"},\"image\":{\"@id\":\"https:\\\/\\\/www.eldigitaldeasturias.com\\\/noticias\\\/disminuye-el-agua-almacenado-en-los-embalses-espanoles\\\/#organizationLogo\"},\"sameAs\":[\"https:\\\/\\\/facebook.com\\\/eldigitaldeasturias\",\"https:\\\/\\\/www.youtube.com\\\/channel\\\/UCZP-2wLEB9Rv6erhFmqVnvg\"],\"address\":{\"@id\":\"https:\\\/\\\/www.eldigitaldeasturias.com\\\/noticias\\\/#postaladdress\",\"@type\":\"PostalAddress\",\"streetAddress\":\"san antonio 4\",\"postalCode\":\"33430\",\"addressLocality\":\"Cand\\u00e1s\",\"addressRegion\":\"Asturias\",\"addressCountry\":\"ES\"}},{\"@type\":\"Person\",\"@id\":\"https:\\\/\\\/www.eldigitaldeasturias.com\\\/noticias\\\/author\\\/admin\\\/#author\",\"url\":\"https:\\\/\\\/www.eldigitaldeasturias.com\\\/noticias\\\/author\\\/admin\\\/\",\"name\":\"El Digital de Asturias\",\"image\":{\"@type\":\"ImageObject\",\"@id\":\"https:\\\/\\\/www.eldigitaldeasturias.com\\\/noticias\\\/disminuye-el-agua-almacenado-en-los-embalses-espanoles\\\/#authorImage\",\"url\":\"https:\\\/\\\/secure.gravatar.com\\\/avatar\\\/df2aeffc32bcd13f8d26072ef8a91b623d677766deac7f97ca815868cd41bf5e?s=96&d=mm&r=g\",\"width\":96,\"height\":96,\"caption\":\"El Digital de Asturias\"}},{\"@type\":\"WebPage\",\"@id\":\"https:\\\/\\\/www.eldigitaldeasturias.com\\\/noticias\\\/disminuye-el-agua-almacenado-en-los-embalses-espanoles\\\/#webpage\",\"url\":\"https:\\\/\\\/www.eldigitaldeasturias.com\\\/noticias\\\/disminuye-el-agua-almacenado-en-los-embalses-espanoles\\\/\",\"name\":\"Disminuye el agua almacenado en los embalses espa\\u00f1oles - El Digital de Asturias\",\"description\":\"La reserva hidr\\u00e1ulica espa\\u00f1ola est\\u00e1 al 40,3 por ciento de su capacidad total. Los embalses almacenan actualmente 22.531 hect\\u00f3metros c\\u00fabicos (hm3) de agua, disminuyendo en la \\u00faltima semana en 499 hect\\u00f3metros c\\u00fabicos (el 0,9 por ciento de la capacidad total de los embalses) La reserva por \\u00e1mbitos es la siguiente: Cant\\u00e1brico Oriental se encuentra al\",\"inLanguage\":\"es-ES\",\"isPartOf\":{\"@id\":\"https:\\\/\\\/www.eldigitaldeasturias.com\\\/noticias\\\/#website\"},\"breadcrumb\":{\"@id\":\"https:\\\/\\\/www.eldigitaldeasturias.com\\\/noticias\\\/disminuye-el-agua-almacenado-en-los-embalses-espanoles\\\/#breadcrumblist\"},\"author\":{\"@id\":\"https:\\\/\\\/www.eldigitaldeasturias.com\\\/noticias\\\/author\\\/admin\\\/#author\"},\"creator\":{\"@id\":\"https:\\\/\\\/www.eldigitaldeasturias.com\\\/noticias\\\/author\\\/admin\\\/#author\"},\"image\":{\"@type\":\"ImageObject\",\"url\":813199,\"@id\":\"https:\\\/\\\/www.eldigitaldeasturias.com\\\/noticias\\\/disminuye-el-agua-almacenado-en-los-embalses-espanoles\\\/#mainImage\"},\"primaryImageOfPage\":{\"@id\":\"https:\\\/\\\/www.eldigitaldeasturias.com\\\/noticias\\\/disminuye-el-agua-almacenado-en-los-embalses-espanoles\\\/#mainImage\"},\"datePublished\":\"2017-09-24T16:23:40+02:00\",\"dateModified\":\"2017-09-24T16:23:40+02:00\"},{\"@type\":\"WebSite\",\"@id\":\"https:\\\/\\\/www.eldigitaldeasturias.com\\\/noticias\\\/#website\",\"url\":\"https:\\\/\\\/www.eldigitaldeasturias.com\\\/noticias\\\/\",\"name\":\"El Digital de Asturias - Diario de actualidad y noticias\",\"alternateName\":\"El Digital de Asturias - Diario de actualidad y noticias\",\"description\":\"Hemeroteca\",\"inLanguage\":\"es-ES\",\"publisher\":{\"@id\":\"https:\\\/\\\/www.eldigitaldeasturias.com\\\/noticias\\\/#organization\"}}]}\n\t\t<\/script>\n\t\t<!-- All in One SEO Pro -->\r\n\t\t<title>Disminuye el agua almacenado en los embalses espa\u00f1oles - El Digital de Asturias<\/title>\n\n","aioseo_head_json":{"title":"Disminuye el agua almacenado en los embalses espa\u00f1oles - El Digital de Asturias","description":"La reserva hidr\u00e1ulica espa\u00f1ola est\u00e1 al 40,3 por ciento de su capacidad total. Los embalses almacenan actualmente 22.531 hect\u00f3metros c\u00fabicos (hm3) de agua, disminuyendo en la \u00faltima semana en 499 hect\u00f3metros c\u00fabicos (el 0,9 por ciento de la capacidad total de los embalses) La reserva por \u00e1mbitos es la siguiente: Cant\u00e1brico Oriental se encuentra al","canonical_url":"https:\/\/www.eldigitaldeasturias.com\/noticias\/disminuye-el-agua-almacenado-en-los-embalses-espanoles\/","robots":"max-image-preview:large","keywords":"actualidad","webmasterTools":{"google-site-verification":"UA-38556648-1","msvalidate.01":"7dfe9f3f1b24437ab69f4f2559babe99","miscellaneous":""},"schema":{"@context":"https:\/\/schema.org","@graph":[{"@type":"BlogPosting","@id":"https:\/\/www.eldigitaldeasturias.com\/noticias\/disminuye-el-agua-almacenado-en-los-embalses-espanoles\/#blogposting","name":"Disminuye el agua almacenado en los embalses espa\u00f1oles - El Digital de Asturias","headline":"Disminuye el agua almacenado en los embalses espa\u00f1oles","author":{"@id":"https:\/\/www.eldigitaldeasturias.com\/noticias\/author\/admin\/#author"},"publisher":{"@id":"https:\/\/www.eldigitaldeasturias.com\/noticias\/#organization"},"image":{"@type":"ImageObject","url":813199},"datePublished":"2017-09-24T16:23:40+02:00","dateModified":"2017-09-24T16:23:40+02:00","inLanguage":"es-ES","mainEntityOfPage":{"@id":"https:\/\/www.eldigitaldeasturias.com\/noticias\/disminuye-el-agua-almacenado-en-los-embalses-espanoles\/#webpage"},"isPartOf":{"@id":"https:\/\/www.eldigitaldeasturias.com\/noticias\/disminuye-el-agua-almacenado-en-los-embalses-espanoles\/#webpage"},"articleSection":"Actualidad"},{"@type":"BreadcrumbList","@id":"https:\/\/www.eldigitaldeasturias.com\/noticias\/disminuye-el-agua-almacenado-en-los-embalses-espanoles\/#breadcrumblist","itemListElement":[{"@type":"ListItem","@id":"https:\/\/www.eldigitaldeasturias.com\/noticias#listItem","position":1,"name":"Home","item":"https:\/\/www.eldigitaldeasturias.com\/noticias","nextItem":{"@type":"ListItem","@id":"https:\/\/www.eldigitaldeasturias.com\/noticias\/category\/actualidad\/#listItem","name":"Actualidad"}},{"@type":"ListItem","@id":"https:\/\/www.eldigitaldeasturias.com\/noticias\/category\/actualidad\/#listItem","position":2,"name":"Actualidad","item":"https:\/\/www.eldigitaldeasturias.com\/noticias\/category\/actualidad\/","nextItem":{"@type":"ListItem","@id":"https:\/\/www.eldigitaldeasturias.com\/noticias\/disminuye-el-agua-almacenado-en-los-embalses-espanoles\/#listItem","name":"Disminuye el agua almacenado en los embalses espa\u00f1oles"},"previousItem":{"@type":"ListItem","@id":"https:\/\/www.eldigitaldeasturias.com\/noticias#listItem","name":"Home"}},{"@type":"ListItem","@id":"https:\/\/www.eldigitaldeasturias.com\/noticias\/disminuye-el-agua-almacenado-en-los-embalses-espanoles\/#listItem","position":3,"name":"Disminuye el agua almacenado en los embalses espa\u00f1oles","previousItem":{"@type":"ListItem","@id":"https:\/\/www.eldigitaldeasturias.com\/noticias\/category\/actualidad\/#listItem","name":"Actualidad"}}]},{"@type":"Organization","@id":"https:\/\/www.eldigitaldeasturias.com\/noticias\/#organization","name":"El Digital de Asturias","description":"Hemeroteca","url":"https:\/\/www.eldigitaldeasturias.com\/noticias\/","email":"info@eldigitaldeasturias.com","telephone":"+34652131393","logo":{"@type":"ImageObject","url":"https:\/\/www.eldigitaldeasturias.com\/noticias\/wp-content\/uploads\/2020\/12\/EDA.jpg","@id":"https:\/\/www.eldigitaldeasturias.com\/noticias\/disminuye-el-agua-almacenado-en-los-embalses-espanoles\/#organizationLogo"},"image":{"@id":"https:\/\/www.eldigitaldeasturias.com\/noticias\/disminuye-el-agua-almacenado-en-los-embalses-espanoles\/#organizationLogo"},"sameAs":["https:\/\/facebook.com\/eldigitaldeasturias","https:\/\/www.youtube.com\/channel\/UCZP-2wLEB9Rv6erhFmqVnvg"],"address":{"@id":"https:\/\/www.eldigitaldeasturias.com\/noticias\/#postaladdress","@type":"PostalAddress","streetAddress":"san antonio 4","postalCode":"33430","addressLocality":"Cand\u00e1s","addressRegion":"Asturias","addressCountry":"ES"}},{"@type":"Person","@id":"https:\/\/www.eldigitaldeasturias.com\/noticias\/author\/admin\/#author","url":"https:\/\/www.eldigitaldeasturias.com\/noticias\/author\/admin\/","name":"El Digital de Asturias","image":{"@type":"ImageObject","@id":"https:\/\/www.eldigitaldeasturias.com\/noticias\/disminuye-el-agua-almacenado-en-los-embalses-espanoles\/#authorImage","url":"https:\/\/secure.gravatar.com\/avatar\/df2aeffc32bcd13f8d26072ef8a91b623d677766deac7f97ca815868cd41bf5e?s=96&d=mm&r=g","width":96,"height":96,"caption":"El Digital de Asturias"}},{"@type":"WebPage","@id":"https:\/\/www.eldigitaldeasturias.com\/noticias\/disminuye-el-agua-almacenado-en-los-embalses-espanoles\/#webpage","url":"https:\/\/www.eldigitaldeasturias.com\/noticias\/disminuye-el-agua-almacenado-en-los-embalses-espanoles\/","name":"Disminuye el agua almacenado en los embalses espa\u00f1oles - El Digital de Asturias","description":"La reserva hidr\u00e1ulica espa\u00f1ola est\u00e1 al 40,3 por ciento de su capacidad total. Los embalses almacenan actualmente 22.531 hect\u00f3metros c\u00fabicos (hm3) de agua, disminuyendo en la \u00faltima semana en 499 hect\u00f3metros c\u00fabicos (el 0,9 por ciento de la capacidad total de los embalses) La reserva por \u00e1mbitos es la siguiente: Cant\u00e1brico Oriental se encuentra al","inLanguage":"es-ES","isPartOf":{"@id":"https:\/\/www.eldigitaldeasturias.com\/noticias\/#website"},"breadcrumb":{"@id":"https:\/\/www.eldigitaldeasturias.com\/noticias\/disminuye-el-agua-almacenado-en-los-embalses-espanoles\/#breadcrumblist"},"author":{"@id":"https:\/\/www.eldigitaldeasturias.com\/noticias\/author\/admin\/#author"},"creator":{"@id":"https:\/\/www.eldigitaldeasturias.com\/noticias\/author\/admin\/#author"},"image":{"@type":"ImageObject","url":813199,"@id":"https:\/\/www.eldigitaldeasturias.com\/noticias\/disminuye-el-agua-almacenado-en-los-embalses-espanoles\/#mainImage"},"primaryImageOfPage":{"@id":"https:\/\/www.eldigitaldeasturias.com\/noticias\/disminuye-el-agua-almacenado-en-los-embalses-espanoles\/#mainImage"},"datePublished":"2017-09-24T16:23:40+02:00","dateModified":"2017-09-24T16:23:40+02:00"},{"@type":"WebSite","@id":"https:\/\/www.eldigitaldeasturias.com\/noticias\/#website","url":"https:\/\/www.eldigitaldeasturias.com\/noticias\/","name":"El Digital de Asturias - Diario de actualidad y noticias","alternateName":"El Digital de Asturias - Diario de actualidad y noticias","description":"Hemeroteca","inLanguage":"es-ES","publisher":{"@id":"https:\/\/www.eldigitaldeasturias.com\/noticias\/#organization"}}]},"og:locale":"es_ES","og:site_name":"El Digital de Asturias","og:type":"article","og:title":"Disminuye el agua almacenado en los embalses espa\u00f1oles - El Digital de Asturias","og:description":"La reserva hidr\u00e1ulica espa\u00f1ola est\u00e1 al 40,3 por ciento de su capacidad total. Los embalses almacenan actualmente 22.531 hect\u00f3metros c\u00fabicos (hm3) de agua, disminuyendo en la \u00faltima semana en 499 hect\u00f3metros c\u00fabicos (el 0,9 por ciento de la capacidad total de los embalses) La reserva por \u00e1mbitos es la siguiente: Cant\u00e1brico Oriental se encuentra al","og:url":"https:\/\/www.eldigitaldeasturias.com\/noticias\/disminuye-el-agua-almacenado-en-los-embalses-espanoles\/","article:tag":["actualidad"],"article:published_time":"2017-09-24T16:23:40+00:00","article:modified_time":"2017-09-24T16:23:40+00:00","article:publisher":"https:\/\/facebook.com\/eldigitaldeasturias","twitter:card":"summary_large_image","twitter:title":"Disminuye el agua almacenado en los embalses espa\u00f1oles - El Digital de Asturias","twitter:description":"La reserva hidr\u00e1ulica espa\u00f1ola est\u00e1 al 40,3 por ciento de su capacidad total. Los embalses almacenan actualmente 22.531 hect\u00f3metros c\u00fabicos (hm3) de agua, disminuyendo en la \u00faltima semana en 499 hect\u00f3metros c\u00fabicos (el 0,9 por ciento de la capacidad total de los embalses) La reserva por \u00e1mbitos es la siguiente: Cant\u00e1brico Oriental se encuentra al","twitter:image":"https:\/\/www.eldigitaldeasturias.com\/noticias\/wp-content\/uploads\/2020\/12\/EDA-1.jpg","twitter:label1":"Escrito por","twitter:data1":"El Digital de Asturias","twitter:label2":"Tiempo de lectura estimado","twitter:data2":"1 minuto"},"aioseo_meta_data":{"post_id":"953707","title":null,"description":null,"keywords":null,"keyphrases":null,"primary_term":null,"canonical_url":null,"og_title":null,"og_description":null,"og_object_type":"default","og_image_type":"default","og_image_url":null,"og_image_width":null,"og_image_height":null,"og_image_custom_url":null,"og_image_custom_fields":null,"og_video":null,"og_custom_url":null,"og_article_section":null,"og_article_tags":null,"twitter_use_og":false,"twitter_card":"default","twitter_image_type":"default","twitter_image_url":null,"twitter_image_custom_url":null,"twitter_image_custom_fields":null,"twitter_title":null,"twitter_description":null,"schema":{"blockGraphs":[],"customGraphs":[],"default":{"data":{"Article":[],"Course":[],"Dataset":[],"FAQPage":[],"Movie":[],"Person":[],"Product":[],"ProductReview":[],"Car":[],"Recipe":[],"Service":[],"SoftwareApplication":[],"WebPage":[]},"graphName":"","isEnabled":true},"graphs":[]},"schema_type":null,"schema_type_options":null,"pillar_content":false,"robots_default":true,"robots_noindex":false,"robots_noarchive":false,"robots_nosnippet":false,"robots_nofollow":false,"robots_noimageindex":false,"robots_noodp":false,"robots_notranslate":false,"robots_max_snippet":null,"robots_max_videopreview":null,"robots_max_imagepreview":"large","priority":null,"frequency":null,"local_seo":null,"seo_analyzer_scan_date":"2025-12-06 03:49:24","breadcrumb_settings":null,"limit_modified_date":false,"open_ai":null,"ai":null,"created":"2020-12-21 12:57:03","updated":"2025-12-06 03:49:24","focus_keyword":null,"additional_keywords":null,"truseo_locale":null},"aioseo_breadcrumb":"<div class=\"aioseo-breadcrumbs\"><span class=\"aioseo-breadcrumb\">\n\t<a href=\"https:\/\/www.eldigitaldeasturias.com\/noticias\" title=\"Home\">Home<\/a>\n<\/span><span class=\"aioseo-breadcrumb-separator\">\u2013<\/span><span class=\"aioseo-breadcrumb\">\n\t<a href=\"https:\/\/www.eldigitaldeasturias.com\/noticias\/category\/actualidad\/\" title=\"Actualidad\">Actualidad<\/a>\n<\/span><span class=\"aioseo-breadcrumb-separator\">\u2013<\/span><span class=\"aioseo-breadcrumb\">\n\t<a href=\"https:\/\/www.eldigitaldeasturias.com\/noticias\/disminuye-el-agua-almacenado-en-los-embalses-espanoles\/\" title=\"Disminuye el agua almacenado en los embalses espa\u00f1oles\">Disminuye el agua almacenado en los embalses espa\u00f1oles<\/a>\n<\/span><\/div>","aioseo_breadcrumb_json":[{"label":"Home","link":"https:\/\/www.eldigitaldeasturias.com\/noticias"},{"label":"Actualidad","link":"https:\/\/www.eldigitaldeasturias.com\/noticias\/category\/actualidad\/"},{"label":"Disminuye el agua almacenado en los embalses espa\u00f1oles","link":"https:\/\/www.eldigitaldeasturias.com\/noticias\/disminuye-el-agua-almacenado-en-los-embalses-espanoles\/"}],"_links":{"self":[{"href":"https:\/\/www.eldigitaldeasturias.com\/noticias\/wp-json\/wp\/v2\/posts\/953707","targetHints":{"allow":["GET"]}}],"collection":[{"href":"https:\/\/www.eldigitaldeasturias.com\/noticias\/wp-json\/wp\/v2\/posts"}],"about":[{"href":"https:\/\/www.eldigitaldeasturias.com\/noticias\/wp-json\/wp\/v2\/types\/post"}],"author":[{"embeddable":true,"href":"https:\/\/www.eldigitaldeasturias.com\/noticias\/wp-json\/wp\/v2\/users\/1"}],"replies":[{"embeddable":true,"href":"https:\/\/www.eldigitaldeasturias.com\/noticias\/wp-json\/wp\/v2\/comments?post=953707"}],"version-history":[{"count":0,"href":"https:\/\/www.eldigitaldeasturias.com\/noticias\/wp-json\/wp\/v2\/posts\/953707\/revisions"}],"wp:attachment":[{"href":"https:\/\/www.eldigitaldeasturias.com\/noticias\/wp-json\/wp\/v2\/media?parent=953707"}],"wp:term":[{"taxonomy":"category","embeddable":true,"href":"https:\/\/www.eldigitaldeasturias.com\/noticias\/wp-json\/wp\/v2\/categories?post=953707"},{"taxonomy":"post_tag","embeddable":true,"href":"https:\/\/www.eldigitaldeasturias.com\/noticias\/wp-json\/wp\/v2\/tags?post=953707"}],"curies":[{"name":"wp","href":"https:\/\/api.w.org\/{rel}","templated":true}]}}