{"id":953450,"date":"2017-09-21T15:23:58","date_gmt":"2017-09-21T15:23:58","guid":{"rendered":"http:\/\/www.eldigitaldeasturias.com\/noticias\/?p=953450"},"modified":"2017-09-21T15:23:58","modified_gmt":"2017-09-21T15:23:58","slug":"agenda-digital-impulsa-la-colaboracion-publico-privada-en-el-ambito-de-la-capacitacion-digital","status":"publish","type":"post","link":"https:\/\/www.eldigitaldeasturias.com\/noticias\/agenda-digital-impulsa-la-colaboracion-publico-privada-en-el-ambito-de-la-capacitacion-digital\/","title":{"rendered":"Agenda Digital impulsa la colaboraci\u00f3n p\u00fablico-privada en el \u00e1mbito de la capacitaci\u00f3n digital"},"content":{"rendered":"<p><img loading=\"lazy\" decoding=\"async\" class=\"alignleft size-medium wp-image-953451\" src=\"https:\/\/www.eldigitaldeasturias.com\/noticias\/wp-content\/uploads\/2017\/09\/210917Acuerdogoogle-360x237.jpg\" alt=\"\" width=\"360\" height=\"237\" \/>La Secretar\u00eda de Estado para la Sociedad de la Informaci\u00f3n y la Agenda Digital (SESIAD), Red.es, el Instituto Nacional de Ciberseguridad de Espa\u00f1a (INCIBE) y Google Spain han firmado hoy, en la sede de la Secretar\u00eda de Estado, un acuerdo marco de colaboraci\u00f3n para apoyar de manera conjunta la realizaci\u00f3n de acciones de capacitaci\u00f3n digital y de formaci\u00f3n de profesionales en tecnolog\u00edas de la informaci\u00f3n y econom\u00eda digital.<\/p>\n<p>El acuerdo est\u00e1 abierto a otras instituciones, fundaciones y empresas p\u00fablicas o privadas que compartan el objetivo de fomentar las habilidades y competencias para dar respuesta a la demanda creciente de perfiles profesionales que impulsen la transformaci\u00f3n digital de las empresas. Dicho acuerdo prev\u00e9 una duraci\u00f3n de cuatro a\u00f1os ampliables a otros cuatro.<\/p>\n<p>El objeto de actuaci\u00f3n ser\u00e1 la formaci\u00f3n para el empleo, as\u00ed como la formaci\u00f3n continua profesional y universitaria. Esta colaboraci\u00f3n pretende progresar en la consecuci\u00f3n de una sociedad digital avanzada en la que la mayor\u00eda de la ciudadan\u00eda y los profesionales utilicen de forma habitual las tecnolog\u00edas digitales y se beneficien de las oportunidades que \u00e9stas brindan.<\/p>\n<p>Entre las actuaciones enmarcadas dentro del acuerdo se encuentran la comunicaci\u00f3n y sensibilizaci\u00f3n sobre la conveniencia de formarse en el \u00e1mbito digital, la definici\u00f3n y desarrollo de MOOCs (cursos masivos y gratuitos online, en sus siglas en ingl\u00e9s) relacionados con la econom\u00eda digital o la colaboraci\u00f3n en el desarrollo de iniciativas que fomenten las habilidades para la definici\u00f3n de competencias que integren las profesiones del futuro. Para ello se tendr\u00e1 en cuenta la base de los trabajos y resultados recogidos en el Libro Blanco para el dise\u00f1o de las titulaciones universitarias en el marco de la econom\u00eda digital.<\/p>\n<p><strong>Programa Act\u00edvate<\/strong><\/p>\n<p>Google Spain cre\u00f3 en 2014 el programa Act\u00edvate para la formaci\u00f3n de j\u00f3venes en competencias digitales facilitando su empleabilidad. El programa Act\u00edvate ofrece actualmente ocho cursos online gratuitos y ha reunido m\u00e1s de 870.000 registros en Espa\u00f1a, a los que se suman los dos millones de registros desde Latinoam\u00e9rica. Asimismo, el programa ha demostrado su eficacia al lograr que 36.000 espa\u00f1oles hayan conseguido un empleo.<\/p>\n","protected":false},"excerpt":{"rendered":"<p>La Secretar\u00eda de Estado para la Sociedad de la Informaci\u00f3n y la Agenda Digital (SESIAD), Red.es, el Instituto Nacional de Ciberseguridad de Espa\u00f1a (INCIBE) y Google Spain han firmado hoy, en la sede de la Secretar\u00eda de Estado, un acuerdo marco de colaboraci\u00f3n para apoyar de manera conjunta la realizaci\u00f3n de acciones de capacitaci\u00f3n digital [&hellip;]<\/p>\n","protected":false},"author":1,"featured_media":953451,"comment_status":"closed","ping_status":"closed","sticky":false,"template":"","format":"standard","meta":{"footnotes":""},"categories":[1],"tags":[],"class_list":["post-953450","post","type-post","status-publish","format-standard","has-post-thumbnail","hentry","category-actualidad"],"aioseo_notices":[],"aioseo_head":"\n\t\t<!-- All in One SEO Pro 5.0.1 - aioseo.com -->\n\t<meta name=\"description\" content=\"La Secretar\u00eda de Estado para la Sociedad de la Informaci\u00f3n y la Agenda Digital (SESIAD), Red.es, el Instituto Nacional de Ciberseguridad de Espa\u00f1a (INCIBE) y Google Spain han firmado hoy, en la sede de la Secretar\u00eda de Estado, un acuerdo marco de colaboraci\u00f3n para apoyar de manera conjunta la realizaci\u00f3n de acciones de capacitaci\u00f3n digital\" \/>\n\t<meta name=\"robots\" content=\"max-image-preview:large\" \/>\n\t<meta name=\"author\" content=\"El Digital de Asturias\"\/>\n\t<meta name=\"google-site-verification\" content=\"UA-38556648-1\" \/>\n\t<meta name=\"msvalidate.01\" content=\"7dfe9f3f1b24437ab69f4f2559babe99\" \/>\n\t<meta name=\"keywords\" content=\"actualidad\" \/>\n\t<link rel=\"canonical\" href=\"https:\/\/www.eldigitaldeasturias.com\/noticias\/agenda-digital-impulsa-la-colaboracion-publico-privada-en-el-ambito-de-la-capacitacion-digital\/\" \/>\n\t<meta name=\"generator\" content=\"All in One SEO Pro (AIOSEO) 5.0.1\" \/>\n\t\t<meta property=\"og:locale\" content=\"es_ES\" \/>\n\t\t<meta property=\"og:site_name\" content=\"El Digital de Asturias\" \/>\n\t\t<meta property=\"og:type\" content=\"article\" \/>\n\t\t<meta property=\"og:title\" content=\"Agenda Digital impulsa la colaboraci\u00f3n p\u00fablico-privada en el \u00e1mbito de la capacitaci\u00f3n digital - El Digital de Asturias\" \/>\n\t\t<meta property=\"og:description\" content=\"La Secretar\u00eda de Estado para la Sociedad de la Informaci\u00f3n y la Agenda Digital (SESIAD), Red.es, el Instituto Nacional de Ciberseguridad de Espa\u00f1a (INCIBE) y Google Spain han firmado hoy, en la sede de la Secretar\u00eda de Estado, un acuerdo marco de colaboraci\u00f3n para apoyar de manera conjunta la realizaci\u00f3n de acciones de capacitaci\u00f3n digital\" \/>\n\t\t<meta property=\"og:url\" content=\"https:\/\/www.eldigitaldeasturias.com\/noticias\/agenda-digital-impulsa-la-colaboracion-publico-privada-en-el-ambito-de-la-capacitacion-digital\/\" \/>\n\t\t<meta property=\"article:tag\" content=\"actualidad\" \/>\n\t\t<meta property=\"article:published_time\" content=\"2017-09-21T15:23:58+00:00\" \/>\n\t\t<meta property=\"article:modified_time\" content=\"2017-09-21T15:23:58+00:00\" \/>\n\t\t<meta property=\"article:publisher\" content=\"https:\/\/facebook.com\/eldigitaldeasturias\" \/>\n\t\t<meta name=\"twitter:card\" content=\"summary_large_image\" \/>\n\t\t<meta name=\"twitter:title\" content=\"Agenda Digital impulsa la colaboraci\u00f3n p\u00fablico-privada en el \u00e1mbito de la capacitaci\u00f3n digital - El Digital de Asturias\" \/>\n\t\t<meta name=\"twitter:description\" content=\"La Secretar\u00eda de Estado para la Sociedad de la Informaci\u00f3n y la Agenda Digital (SESIAD), Red.es, el Instituto Nacional de Ciberseguridad de Espa\u00f1a (INCIBE) y Google Spain han firmado hoy, en la sede de la Secretar\u00eda de Estado, un acuerdo marco de colaboraci\u00f3n para apoyar de manera conjunta la realizaci\u00f3n de acciones de capacitaci\u00f3n digital\" \/>\n\t\t<meta name=\"twitter:image\" content=\"https:\/\/www.eldigitaldeasturias.com\/noticias\/wp-content\/uploads\/2020\/12\/EDA-1.jpg\" \/>\n\t\t<meta name=\"twitter:label1\" content=\"Escrito por\" \/>\n\t\t<meta name=\"twitter:data1\" content=\"El Digital de Asturias\" \/>\n\t\t<meta name=\"twitter:label2\" content=\"Tiempo de lectura estimado\" \/>\n\t\t<meta name=\"twitter:data2\" content=\"2 minutos\" \/>\n\t\t<script type=\"application\/ld+json\" class=\"aioseo-schema\">\n\t\t\t{\"@context\":\"https:\\\/\\\/schema.org\",\"@graph\":[{\"@type\":\"BlogPosting\",\"@id\":\"https:\\\/\\\/www.eldigitaldeasturias.com\\\/noticias\\\/agenda-digital-impulsa-la-colaboracion-publico-privada-en-el-ambito-de-la-capacitacion-digital\\\/#blogposting\",\"name\":\"Agenda Digital impulsa la colaboraci\\u00f3n p\\u00fablico-privada en el \\u00e1mbito de la capacitaci\\u00f3n digital - El Digital de Asturias\",\"headline\":\"Agenda Digital impulsa la colaboraci\\u00f3n p\\u00fablico-privada en el \\u00e1mbito de la capacitaci\\u00f3n digital\",\"author\":{\"@id\":\"https:\\\/\\\/www.eldigitaldeasturias.com\\\/noticias\\\/author\\\/admin\\\/#author\"},\"publisher\":{\"@id\":\"https:\\\/\\\/www.eldigitaldeasturias.com\\\/noticias\\\/#organization\"},\"image\":{\"@type\":\"ImageObject\",\"url\":953451},\"datePublished\":\"2017-09-21T15:23:58+02:00\",\"dateModified\":\"2017-09-21T15:23:58+02:00\",\"inLanguage\":\"es-ES\",\"mainEntityOfPage\":{\"@id\":\"https:\\\/\\\/www.eldigitaldeasturias.com\\\/noticias\\\/agenda-digital-impulsa-la-colaboracion-publico-privada-en-el-ambito-de-la-capacitacion-digital\\\/#webpage\"},\"isPartOf\":{\"@id\":\"https:\\\/\\\/www.eldigitaldeasturias.com\\\/noticias\\\/agenda-digital-impulsa-la-colaboracion-publico-privada-en-el-ambito-de-la-capacitacion-digital\\\/#webpage\"},\"articleSection\":\"Actualidad\"},{\"@type\":\"BreadcrumbList\",\"@id\":\"https:\\\/\\\/www.eldigitaldeasturias.com\\\/noticias\\\/agenda-digital-impulsa-la-colaboracion-publico-privada-en-el-ambito-de-la-capacitacion-digital\\\/#breadcrumblist\",\"itemListElement\":[{\"@type\":\"ListItem\",\"@id\":\"https:\\\/\\\/www.eldigitaldeasturias.com\\\/noticias#listItem\",\"position\":1,\"name\":\"Home\",\"item\":\"https:\\\/\\\/www.eldigitaldeasturias.com\\\/noticias\",\"nextItem\":{\"@type\":\"ListItem\",\"@id\":\"https:\\\/\\\/www.eldigitaldeasturias.com\\\/noticias\\\/category\\\/actualidad\\\/#listItem\",\"name\":\"Actualidad\"}},{\"@type\":\"ListItem\",\"@id\":\"https:\\\/\\\/www.eldigitaldeasturias.com\\\/noticias\\\/category\\\/actualidad\\\/#listItem\",\"position\":2,\"name\":\"Actualidad\",\"item\":\"https:\\\/\\\/www.eldigitaldeasturias.com\\\/noticias\\\/category\\\/actualidad\\\/\",\"nextItem\":{\"@type\":\"ListItem\",\"@id\":\"https:\\\/\\\/www.eldigitaldeasturias.com\\\/noticias\\\/agenda-digital-impulsa-la-colaboracion-publico-privada-en-el-ambito-de-la-capacitacion-digital\\\/#listItem\",\"name\":\"Agenda Digital impulsa la colaboraci\\u00f3n p\\u00fablico-privada en el \\u00e1mbito de la capacitaci\\u00f3n digital\"},\"previousItem\":{\"@type\":\"ListItem\",\"@id\":\"https:\\\/\\\/www.eldigitaldeasturias.com\\\/noticias#listItem\",\"name\":\"Home\"}},{\"@type\":\"ListItem\",\"@id\":\"https:\\\/\\\/www.eldigitaldeasturias.com\\\/noticias\\\/agenda-digital-impulsa-la-colaboracion-publico-privada-en-el-ambito-de-la-capacitacion-digital\\\/#listItem\",\"position\":3,\"name\":\"Agenda Digital impulsa la colaboraci\\u00f3n p\\u00fablico-privada en el \\u00e1mbito de la capacitaci\\u00f3n digital\",\"previousItem\":{\"@type\":\"ListItem\",\"@id\":\"https:\\\/\\\/www.eldigitaldeasturias.com\\\/noticias\\\/category\\\/actualidad\\\/#listItem\",\"name\":\"Actualidad\"}}]},{\"@type\":\"Organization\",\"@id\":\"https:\\\/\\\/www.eldigitaldeasturias.com\\\/noticias\\\/#organization\",\"name\":\"El Digital de Asturias\",\"description\":\"Hemeroteca\",\"url\":\"https:\\\/\\\/www.eldigitaldeasturias.com\\\/noticias\\\/\",\"email\":\"info@eldigitaldeasturias.com\",\"telephone\":\"+34652131393\",\"logo\":{\"@type\":\"ImageObject\",\"url\":\"https:\\\/\\\/www.eldigitaldeasturias.com\\\/noticias\\\/wp-content\\\/uploads\\\/2020\\\/12\\\/EDA.jpg\",\"@id\":\"https:\\\/\\\/www.eldigitaldeasturias.com\\\/noticias\\\/agenda-digital-impulsa-la-colaboracion-publico-privada-en-el-ambito-de-la-capacitacion-digital\\\/#organizationLogo\"},\"image\":{\"@id\":\"https:\\\/\\\/www.eldigitaldeasturias.com\\\/noticias\\\/agenda-digital-impulsa-la-colaboracion-publico-privada-en-el-ambito-de-la-capacitacion-digital\\\/#organizationLogo\"},\"sameAs\":[\"https:\\\/\\\/facebook.com\\\/eldigitaldeasturias\",\"https:\\\/\\\/www.youtube.com\\\/channel\\\/UCZP-2wLEB9Rv6erhFmqVnvg\"],\"address\":{\"@id\":\"https:\\\/\\\/www.eldigitaldeasturias.com\\\/noticias\\\/#postaladdress\",\"@type\":\"PostalAddress\",\"streetAddress\":\"san antonio 4\",\"postalCode\":\"33430\",\"addressLocality\":\"Cand\\u00e1s\",\"addressRegion\":\"Asturias\",\"addressCountry\":\"ES\"}},{\"@type\":\"Person\",\"@id\":\"https:\\\/\\\/www.eldigitaldeasturias.com\\\/noticias\\\/author\\\/admin\\\/#author\",\"url\":\"https:\\\/\\\/www.eldigitaldeasturias.com\\\/noticias\\\/author\\\/admin\\\/\",\"name\":\"El Digital de Asturias\",\"image\":{\"@type\":\"ImageObject\",\"@id\":\"https:\\\/\\\/www.eldigitaldeasturias.com\\\/noticias\\\/agenda-digital-impulsa-la-colaboracion-publico-privada-en-el-ambito-de-la-capacitacion-digital\\\/#authorImage\",\"url\":\"https:\\\/\\\/secure.gravatar.com\\\/avatar\\\/df2aeffc32bcd13f8d26072ef8a91b623d677766deac7f97ca815868cd41bf5e?s=96&d=mm&r=g\",\"width\":96,\"height\":96,\"caption\":\"El Digital de Asturias\"}},{\"@type\":\"WebPage\",\"@id\":\"https:\\\/\\\/www.eldigitaldeasturias.com\\\/noticias\\\/agenda-digital-impulsa-la-colaboracion-publico-privada-en-el-ambito-de-la-capacitacion-digital\\\/#webpage\",\"url\":\"https:\\\/\\\/www.eldigitaldeasturias.com\\\/noticias\\\/agenda-digital-impulsa-la-colaboracion-publico-privada-en-el-ambito-de-la-capacitacion-digital\\\/\",\"name\":\"Agenda Digital impulsa la colaboraci\\u00f3n p\\u00fablico-privada en el \\u00e1mbito de la capacitaci\\u00f3n digital - El Digital de Asturias\",\"description\":\"La Secretar\\u00eda de Estado para la Sociedad de la Informaci\\u00f3n y la Agenda Digital (SESIAD), Red.es, el Instituto Nacional de Ciberseguridad de Espa\\u00f1a (INCIBE) y Google Spain han firmado hoy, en la sede de la Secretar\\u00eda de Estado, un acuerdo marco de colaboraci\\u00f3n para apoyar de manera conjunta la realizaci\\u00f3n de acciones de capacitaci\\u00f3n digital\",\"inLanguage\":\"es-ES\",\"isPartOf\":{\"@id\":\"https:\\\/\\\/www.eldigitaldeasturias.com\\\/noticias\\\/#website\"},\"breadcrumb\":{\"@id\":\"https:\\\/\\\/www.eldigitaldeasturias.com\\\/noticias\\\/agenda-digital-impulsa-la-colaboracion-publico-privada-en-el-ambito-de-la-capacitacion-digital\\\/#breadcrumblist\"},\"author\":{\"@id\":\"https:\\\/\\\/www.eldigitaldeasturias.com\\\/noticias\\\/author\\\/admin\\\/#author\"},\"creator\":{\"@id\":\"https:\\\/\\\/www.eldigitaldeasturias.com\\\/noticias\\\/author\\\/admin\\\/#author\"},\"image\":{\"@type\":\"ImageObject\",\"url\":953451,\"@id\":\"https:\\\/\\\/www.eldigitaldeasturias.com\\\/noticias\\\/agenda-digital-impulsa-la-colaboracion-publico-privada-en-el-ambito-de-la-capacitacion-digital\\\/#mainImage\"},\"primaryImageOfPage\":{\"@id\":\"https:\\\/\\\/www.eldigitaldeasturias.com\\\/noticias\\\/agenda-digital-impulsa-la-colaboracion-publico-privada-en-el-ambito-de-la-capacitacion-digital\\\/#mainImage\"},\"datePublished\":\"2017-09-21T15:23:58+02:00\",\"dateModified\":\"2017-09-21T15:23:58+02:00\"},{\"@type\":\"WebSite\",\"@id\":\"https:\\\/\\\/www.eldigitaldeasturias.com\\\/noticias\\\/#website\",\"url\":\"https:\\\/\\\/www.eldigitaldeasturias.com\\\/noticias\\\/\",\"name\":\"El Digital de Asturias - Diario de actualidad y noticias\",\"alternateName\":\"El Digital de Asturias - Diario de actualidad y noticias\",\"description\":\"Hemeroteca\",\"inLanguage\":\"es-ES\",\"publisher\":{\"@id\":\"https:\\\/\\\/www.eldigitaldeasturias.com\\\/noticias\\\/#organization\"}}]}\n\t\t<\/script>\n\t\t<!-- All in One SEO Pro -->\r\n\t\t<title>Agenda Digital impulsa la colaboraci\u00f3n p\u00fablico-privada en el \u00e1mbito de la capacitaci\u00f3n digital - El Digital de Asturias<\/title>\n\n","aioseo_head_json":{"title":"Agenda Digital impulsa la colaboraci\u00f3n p\u00fablico-privada en el \u00e1mbito de la capacitaci\u00f3n digital - El Digital de Asturias","description":"La Secretar\u00eda de Estado para la Sociedad de la Informaci\u00f3n y la Agenda Digital (SESIAD), Red.es, el Instituto Nacional de Ciberseguridad de Espa\u00f1a (INCIBE) y Google Spain han firmado hoy, en la sede de la Secretar\u00eda de Estado, un acuerdo marco de colaboraci\u00f3n para apoyar de manera conjunta la realizaci\u00f3n de acciones de capacitaci\u00f3n digital","canonical_url":"https:\/\/www.eldigitaldeasturias.com\/noticias\/agenda-digital-impulsa-la-colaboracion-publico-privada-en-el-ambito-de-la-capacitacion-digital\/","robots":"max-image-preview:large","keywords":"actualidad","webmasterTools":{"google-site-verification":"UA-38556648-1","msvalidate.01":"7dfe9f3f1b24437ab69f4f2559babe99","miscellaneous":""},"schema":{"@context":"https:\/\/schema.org","@graph":[{"@type":"BlogPosting","@id":"https:\/\/www.eldigitaldeasturias.com\/noticias\/agenda-digital-impulsa-la-colaboracion-publico-privada-en-el-ambito-de-la-capacitacion-digital\/#blogposting","name":"Agenda Digital impulsa la colaboraci\u00f3n p\u00fablico-privada en el \u00e1mbito de la capacitaci\u00f3n digital - El Digital de Asturias","headline":"Agenda Digital impulsa la colaboraci\u00f3n p\u00fablico-privada en el \u00e1mbito de la capacitaci\u00f3n digital","author":{"@id":"https:\/\/www.eldigitaldeasturias.com\/noticias\/author\/admin\/#author"},"publisher":{"@id":"https:\/\/www.eldigitaldeasturias.com\/noticias\/#organization"},"image":{"@type":"ImageObject","url":953451},"datePublished":"2017-09-21T15:23:58+02:00","dateModified":"2017-09-21T15:23:58+02:00","inLanguage":"es-ES","mainEntityOfPage":{"@id":"https:\/\/www.eldigitaldeasturias.com\/noticias\/agenda-digital-impulsa-la-colaboracion-publico-privada-en-el-ambito-de-la-capacitacion-digital\/#webpage"},"isPartOf":{"@id":"https:\/\/www.eldigitaldeasturias.com\/noticias\/agenda-digital-impulsa-la-colaboracion-publico-privada-en-el-ambito-de-la-capacitacion-digital\/#webpage"},"articleSection":"Actualidad"},{"@type":"BreadcrumbList","@id":"https:\/\/www.eldigitaldeasturias.com\/noticias\/agenda-digital-impulsa-la-colaboracion-publico-privada-en-el-ambito-de-la-capacitacion-digital\/#breadcrumblist","itemListElement":[{"@type":"ListItem","@id":"https:\/\/www.eldigitaldeasturias.com\/noticias#listItem","position":1,"name":"Home","item":"https:\/\/www.eldigitaldeasturias.com\/noticias","nextItem":{"@type":"ListItem","@id":"https:\/\/www.eldigitaldeasturias.com\/noticias\/category\/actualidad\/#listItem","name":"Actualidad"}},{"@type":"ListItem","@id":"https:\/\/www.eldigitaldeasturias.com\/noticias\/category\/actualidad\/#listItem","position":2,"name":"Actualidad","item":"https:\/\/www.eldigitaldeasturias.com\/noticias\/category\/actualidad\/","nextItem":{"@type":"ListItem","@id":"https:\/\/www.eldigitaldeasturias.com\/noticias\/agenda-digital-impulsa-la-colaboracion-publico-privada-en-el-ambito-de-la-capacitacion-digital\/#listItem","name":"Agenda Digital impulsa la colaboraci\u00f3n p\u00fablico-privada en el \u00e1mbito de la capacitaci\u00f3n digital"},"previousItem":{"@type":"ListItem","@id":"https:\/\/www.eldigitaldeasturias.com\/noticias#listItem","name":"Home"}},{"@type":"ListItem","@id":"https:\/\/www.eldigitaldeasturias.com\/noticias\/agenda-digital-impulsa-la-colaboracion-publico-privada-en-el-ambito-de-la-capacitacion-digital\/#listItem","position":3,"name":"Agenda Digital impulsa la colaboraci\u00f3n p\u00fablico-privada en el \u00e1mbito de la capacitaci\u00f3n digital","previousItem":{"@type":"ListItem","@id":"https:\/\/www.eldigitaldeasturias.com\/noticias\/category\/actualidad\/#listItem","name":"Actualidad"}}]},{"@type":"Organization","@id":"https:\/\/www.eldigitaldeasturias.com\/noticias\/#organization","name":"El Digital de Asturias","description":"Hemeroteca","url":"https:\/\/www.eldigitaldeasturias.com\/noticias\/","email":"info@eldigitaldeasturias.com","telephone":"+34652131393","logo":{"@type":"ImageObject","url":"https:\/\/www.eldigitaldeasturias.com\/noticias\/wp-content\/uploads\/2020\/12\/EDA.jpg","@id":"https:\/\/www.eldigitaldeasturias.com\/noticias\/agenda-digital-impulsa-la-colaboracion-publico-privada-en-el-ambito-de-la-capacitacion-digital\/#organizationLogo"},"image":{"@id":"https:\/\/www.eldigitaldeasturias.com\/noticias\/agenda-digital-impulsa-la-colaboracion-publico-privada-en-el-ambito-de-la-capacitacion-digital\/#organizationLogo"},"sameAs":["https:\/\/facebook.com\/eldigitaldeasturias","https:\/\/www.youtube.com\/channel\/UCZP-2wLEB9Rv6erhFmqVnvg"],"address":{"@id":"https:\/\/www.eldigitaldeasturias.com\/noticias\/#postaladdress","@type":"PostalAddress","streetAddress":"san antonio 4","postalCode":"33430","addressLocality":"Cand\u00e1s","addressRegion":"Asturias","addressCountry":"ES"}},{"@type":"Person","@id":"https:\/\/www.eldigitaldeasturias.com\/noticias\/author\/admin\/#author","url":"https:\/\/www.eldigitaldeasturias.com\/noticias\/author\/admin\/","name":"El Digital de Asturias","image":{"@type":"ImageObject","@id":"https:\/\/www.eldigitaldeasturias.com\/noticias\/agenda-digital-impulsa-la-colaboracion-publico-privada-en-el-ambito-de-la-capacitacion-digital\/#authorImage","url":"https:\/\/secure.gravatar.com\/avatar\/df2aeffc32bcd13f8d26072ef8a91b623d677766deac7f97ca815868cd41bf5e?s=96&d=mm&r=g","width":96,"height":96,"caption":"El Digital de Asturias"}},{"@type":"WebPage","@id":"https:\/\/www.eldigitaldeasturias.com\/noticias\/agenda-digital-impulsa-la-colaboracion-publico-privada-en-el-ambito-de-la-capacitacion-digital\/#webpage","url":"https:\/\/www.eldigitaldeasturias.com\/noticias\/agenda-digital-impulsa-la-colaboracion-publico-privada-en-el-ambito-de-la-capacitacion-digital\/","name":"Agenda Digital impulsa la colaboraci\u00f3n p\u00fablico-privada en el \u00e1mbito de la capacitaci\u00f3n digital - El Digital de Asturias","description":"La Secretar\u00eda de Estado para la Sociedad de la Informaci\u00f3n y la Agenda Digital (SESIAD), Red.es, el Instituto Nacional de Ciberseguridad de Espa\u00f1a (INCIBE) y Google Spain han firmado hoy, en la sede de la Secretar\u00eda de Estado, un acuerdo marco de colaboraci\u00f3n para apoyar de manera conjunta la realizaci\u00f3n de acciones de capacitaci\u00f3n digital","inLanguage":"es-ES","isPartOf":{"@id":"https:\/\/www.eldigitaldeasturias.com\/noticias\/#website"},"breadcrumb":{"@id":"https:\/\/www.eldigitaldeasturias.com\/noticias\/agenda-digital-impulsa-la-colaboracion-publico-privada-en-el-ambito-de-la-capacitacion-digital\/#breadcrumblist"},"author":{"@id":"https:\/\/www.eldigitaldeasturias.com\/noticias\/author\/admin\/#author"},"creator":{"@id":"https:\/\/www.eldigitaldeasturias.com\/noticias\/author\/admin\/#author"},"image":{"@type":"ImageObject","url":953451,"@id":"https:\/\/www.eldigitaldeasturias.com\/noticias\/agenda-digital-impulsa-la-colaboracion-publico-privada-en-el-ambito-de-la-capacitacion-digital\/#mainImage"},"primaryImageOfPage":{"@id":"https:\/\/www.eldigitaldeasturias.com\/noticias\/agenda-digital-impulsa-la-colaboracion-publico-privada-en-el-ambito-de-la-capacitacion-digital\/#mainImage"},"datePublished":"2017-09-21T15:23:58+02:00","dateModified":"2017-09-21T15:23:58+02:00"},{"@type":"WebSite","@id":"https:\/\/www.eldigitaldeasturias.com\/noticias\/#website","url":"https:\/\/www.eldigitaldeasturias.com\/noticias\/","name":"El Digital de Asturias - Diario de actualidad y noticias","alternateName":"El Digital de Asturias - Diario de actualidad y noticias","description":"Hemeroteca","inLanguage":"es-ES","publisher":{"@id":"https:\/\/www.eldigitaldeasturias.com\/noticias\/#organization"}}]},"og:locale":"es_ES","og:site_name":"El Digital de Asturias","og:type":"article","og:title":"Agenda Digital impulsa la colaboraci\u00f3n p\u00fablico-privada en el \u00e1mbito de la capacitaci\u00f3n digital - El Digital de Asturias","og:description":"La Secretar\u00eda de Estado para la Sociedad de la Informaci\u00f3n y la Agenda Digital (SESIAD), Red.es, el Instituto Nacional de Ciberseguridad de Espa\u00f1a (INCIBE) y Google Spain han firmado hoy, en la sede de la Secretar\u00eda de Estado, un acuerdo marco de colaboraci\u00f3n para apoyar de manera conjunta la realizaci\u00f3n de acciones de capacitaci\u00f3n digital","og:url":"https:\/\/www.eldigitaldeasturias.com\/noticias\/agenda-digital-impulsa-la-colaboracion-publico-privada-en-el-ambito-de-la-capacitacion-digital\/","article:tag":["actualidad"],"article:published_time":"2017-09-21T15:23:58+00:00","article:modified_time":"2017-09-21T15:23:58+00:00","article:publisher":"https:\/\/facebook.com\/eldigitaldeasturias","twitter:card":"summary_large_image","twitter:title":"Agenda Digital impulsa la colaboraci\u00f3n p\u00fablico-privada en el \u00e1mbito de la capacitaci\u00f3n digital - El Digital de Asturias","twitter:description":"La Secretar\u00eda de Estado para la Sociedad de la Informaci\u00f3n y la Agenda Digital (SESIAD), Red.es, el Instituto Nacional de Ciberseguridad de Espa\u00f1a (INCIBE) y Google Spain han firmado hoy, en la sede de la Secretar\u00eda de Estado, un acuerdo marco de colaboraci\u00f3n para apoyar de manera conjunta la realizaci\u00f3n de acciones de capacitaci\u00f3n digital","twitter:image":"https:\/\/www.eldigitaldeasturias.com\/noticias\/wp-content\/uploads\/2020\/12\/EDA-1.jpg","twitter:label1":"Escrito por","twitter:data1":"El Digital de Asturias","twitter:label2":"Tiempo de lectura estimado","twitter:data2":"2 minutos"},"aioseo_meta_data":{"post_id":"953450","title":null,"description":null,"keywords":null,"keyphrases":null,"primary_term":null,"canonical_url":null,"og_title":null,"og_description":null,"og_object_type":"default","og_image_type":"default","og_image_url":null,"og_image_width":null,"og_image_height":null,"og_image_custom_url":null,"og_image_custom_fields":null,"og_video":null,"og_custom_url":null,"og_article_section":null,"og_article_tags":null,"twitter_use_og":false,"twitter_card":"default","twitter_image_type":"default","twitter_image_url":null,"twitter_image_custom_url":null,"twitter_image_custom_fields":null,"twitter_title":null,"twitter_description":null,"schema":{"blockGraphs":[],"customGraphs":[],"default":{"data":{"Article":[],"Course":[],"Dataset":[],"FAQPage":[],"Movie":[],"Person":[],"Product":[],"ProductReview":[],"Car":[],"Recipe":[],"Service":[],"SoftwareApplication":[],"WebPage":[]},"graphName":"","isEnabled":true},"graphs":[],"defaultGraph":"","defaultPostTypeGraph":""},"schema_type":null,"schema_type_options":null,"pillar_content":false,"robots_default":true,"robots_noindex":false,"robots_noarchive":false,"robots_nosnippet":false,"robots_nofollow":false,"robots_noimageindex":false,"robots_noodp":false,"robots_notranslate":false,"robots_max_snippet":null,"robots_max_videopreview":null,"robots_max_imagepreview":"large","priority":null,"frequency":null,"local_seo":null,"seo_analyzer_scan_date":"2025-12-06 02:30:23","breadcrumb_settings":null,"limit_modified_date":false,"open_ai":null,"ai":null,"created":"2020-12-21 12:57:24","updated":"2025-12-06 02:30:23","focus_keyword":null,"additional_keywords":null,"truseo_locale":null},"aioseo_breadcrumb":"<div class=\"aioseo-breadcrumbs\"><span class=\"aioseo-breadcrumb\">\n\t<a href=\"https:\/\/www.eldigitaldeasturias.com\/noticias\" title=\"Home\">Home<\/a>\n<\/span><span class=\"aioseo-breadcrumb-separator\">\u2013<\/span><span class=\"aioseo-breadcrumb\">\n\t<a href=\"https:\/\/www.eldigitaldeasturias.com\/noticias\/category\/actualidad\/\" title=\"Actualidad\">Actualidad<\/a>\n<\/span><span class=\"aioseo-breadcrumb-separator\">\u2013<\/span><span class=\"aioseo-breadcrumb\">\n\t<a href=\"https:\/\/www.eldigitaldeasturias.com\/noticias\/agenda-digital-impulsa-la-colaboracion-publico-privada-en-el-ambito-de-la-capacitacion-digital\/\" title=\"Agenda Digital impulsa la colaboraci\u00f3n p\u00fablico-privada en el \u00e1mbito de la capacitaci\u00f3n digital\">Agenda Digital impulsa la colaboraci\u00f3n p\u00fablico-privada en el \u00e1mbito de la capacitaci\u00f3n digital<\/a>\n<\/span><\/div>","aioseo_breadcrumb_json":[{"label":"Home","link":"https:\/\/www.eldigitaldeasturias.com\/noticias"},{"label":"Actualidad","link":"https:\/\/www.eldigitaldeasturias.com\/noticias\/category\/actualidad\/"},{"label":"Agenda Digital impulsa la colaboraci\u00f3n p\u00fablico-privada en el \u00e1mbito de la capacitaci\u00f3n digital","link":"https:\/\/www.eldigitaldeasturias.com\/noticias\/agenda-digital-impulsa-la-colaboracion-publico-privada-en-el-ambito-de-la-capacitacion-digital\/"}],"_links":{"self":[{"href":"https:\/\/www.eldigitaldeasturias.com\/noticias\/wp-json\/wp\/v2\/posts\/953450","targetHints":{"allow":["GET"]}}],"collection":[{"href":"https:\/\/www.eldigitaldeasturias.com\/noticias\/wp-json\/wp\/v2\/posts"}],"about":[{"href":"https:\/\/www.eldigitaldeasturias.com\/noticias\/wp-json\/wp\/v2\/types\/post"}],"author":[{"embeddable":true,"href":"https:\/\/www.eldigitaldeasturias.com\/noticias\/wp-json\/wp\/v2\/users\/1"}],"replies":[{"embeddable":true,"href":"https:\/\/www.eldigitaldeasturias.com\/noticias\/wp-json\/wp\/v2\/comments?post=953450"}],"version-history":[{"count":0,"href":"https:\/\/www.eldigitaldeasturias.com\/noticias\/wp-json\/wp\/v2\/posts\/953450\/revisions"}],"wp:attachment":[{"href":"https:\/\/www.eldigitaldeasturias.com\/noticias\/wp-json\/wp\/v2\/media?parent=953450"}],"wp:term":[{"taxonomy":"category","embeddable":true,"href":"https:\/\/www.eldigitaldeasturias.com\/noticias\/wp-json\/wp\/v2\/categories?post=953450"},{"taxonomy":"post_tag","embeddable":true,"href":"https:\/\/www.eldigitaldeasturias.com\/noticias\/wp-json\/wp\/v2\/tags?post=953450"}],"curies":[{"name":"wp","href":"https:\/\/api.w.org\/{rel}","templated":true}]}}