{"id":953418,"date":"2017-09-21T13:23:37","date_gmt":"2017-09-21T13:23:37","guid":{"rendered":"http:\/\/www.eldigitaldeasturias.com\/noticias\/?p=953418"},"modified":"2017-09-21T13:23:37","modified_gmt":"2017-09-21T13:23:37","slug":"el-thyssen-ya-es-un-museo-accesible","status":"publish","type":"post","link":"https:\/\/www.eldigitaldeasturias.com\/noticias\/el-thyssen-ya-es-un-museo-accesible\/","title":{"rendered":"El Thyssen ya es un Museo Accesible"},"content":{"rendered":"<p><img loading=\"lazy\" decoding=\"async\" class=\"alignleft size-medium wp-image-953419\" src=\"https:\/\/www.eldigitaldeasturias.com\/noticias\/wp-content\/uploads\/2017\/09\/DSC_0384-360x240.jpg\" alt=\"\" width=\"360\" height=\"240\" \/>El Museo Thyssen-Bornemisza obtiene el Certificado de Accesibilidad Universal, concedido por AENOR, y se convierte en el primer Museo de Madrid y el tercero de Espa\u00f1a que logra este reconocimiento, despu\u00e9s del Guggenheim de Bilbao y el Museo del Hombre y la Naturaleza del Cabildo de Tenerife.<\/p>\n<p>El director gerente del Museo, Evelio Acevedo, y el director art\u00edstico, Guillermo Solana, han recibido el certificado de manos del secretario de Estado de Cultura, Fernando Benzo, y del director de Relaciones Institucionales y Comunicaci\u00f3n de AENOR, Jes\u00fas G\u00f3mez-Salom\u00e9.<\/p>\n<p>Este distintivo, basado en la Norma UNE 170001-2, garantiza que el Museo ofrece igualdad de oportunidades en el acceso y disfrute de sus servicios a todas las personas, independientemente de su edad o capacidades, y que no se limita a la eliminaci\u00f3n de las barreras arquitect\u00f3nicas, sino que abarca tambi\u00e9n otro tipo de barreras, como las auditivas, visuales o sensoriales.<\/p>\n<p>El secretario de Estado de Cultura, Fernando Benzo, ha destacado \u201cel esfuerzo\u201d realizado por el Museo para obtener este certificado y ha subrayado que \u201cpara el Ministerio es tambi\u00e9n un hecho muy importante que se enmarca dentro del plan estrat\u00e9gico para fomentar la calidad de la oferta cultural en nuestro pa\u00eds, el Plan Cultura 2020, ya que tenemos que garantizar que todo el mundo pueda disfrutar de esta oferta\u201d.<\/p>\n<p>Para el director gerente del Museo Thyssen, Evelio Acevedo, \u201ces un orgullo ser el primer museo de Madrid en lograr el distintivo y poder convertirnos en referencia para otros museos espa\u00f1oles\u201d. \u201cLas medidas que hemos tomado van en total sinton\u00eda con el esp\u00edritu de responsabilidad social que tiene este Museo, ya que nuestra misi\u00f3n no es s\u00f3lo conservar nuestras colecciones\u201d.<\/p>\n<p>Seg\u00fan el director de Relaciones Institucionales y Comunicaci\u00f3n de AENOR, Jes\u00fas G\u00f3mez-Salom\u00e9, \u201ctiene un especial valor que un museo tan relevante en la imagen de Espa\u00f1a haga una apuesta tan clara y voluntaria por la inclusi\u00f3n. Y lo hace mediante un sistema de gesti\u00f3n, que impulsa una din\u00e1mica de mejora continua\u201d.<\/p>\n<p>Actualmente, AENOR tiene vigentes m\u00e1s de medio centenar de certificados de Accesibilidad Universal a organizaciones de todos los sectores y tama\u00f1os, que incluyen m\u00e1s de 200 entornos y servicios.<\/p>\n<p>El Museo Thyssen lleva desde 2015 trabajando en favor de la accesibilidad gracias a un proyecto integral que la plantea como uno de sus objetivos estrat\u00e9gicos, para que tanto sus instalaciones como los servicios prestados al p\u00fablico sean universalmente accesibles.<\/p>\n<p>Desde entonces, se han realizado las actuaciones necesarias para adecuar todos los espacios de uso y disfrute de los visitantes, que van desde los accesos exteriores a las salas de exposici\u00f3n, pasando por escaleras, ascensores y aseos, para que sean adecuados a las necesidades de todo tipo de p\u00fablicos. Las medidas m\u00e1s urgentes y necesarias han estado relacionadas con la instalaci\u00f3n de mostradores accesibles, la revisi\u00f3n del plan de evacuaci\u00f3n, contemplando en el mismo las necesidades de las personas con movilidad reducida y la mejora de los aseos adaptados, pero tambi\u00e9n se ha procedido a la automatizaci\u00f3n de puertas, la instalaci\u00f3n de una plataforma salvaescaleras o la adquisici\u00f3n de dispositivos de bucle de inducci\u00f3n magn\u00e9tica, entre otras acciones.<\/p>\n<p>&nbsp;<\/p>\n<p>&nbsp;<\/p>\n","protected":false},"excerpt":{"rendered":"<p>El Museo Thyssen-Bornemisza obtiene el Certificado de Accesibilidad Universal, concedido por AENOR, y se convierte en el primer Museo de Madrid y el tercero de Espa\u00f1a que logra este reconocimiento, despu\u00e9s del Guggenheim de Bilbao y el Museo del Hombre y la Naturaleza del Cabildo de Tenerife. El director gerente del Museo, Evelio Acevedo, y [&hellip;]<\/p>\n","protected":false},"author":1,"featured_media":953419,"comment_status":"closed","ping_status":"closed","sticky":false,"template":"","format":"standard","meta":{"footnotes":""},"categories":[1],"tags":[],"class_list":["post-953418","post","type-post","status-publish","format-standard","has-post-thumbnail","hentry","category-actualidad"],"aioseo_notices":[],"aioseo_head":"\n\t\t<!-- All in One SEO Pro 5.0.1 - aioseo.com -->\n\t<meta name=\"description\" content=\"El Museo Thyssen-Bornemisza obtiene el Certificado de Accesibilidad Universal, concedido por AENOR, y se convierte en el primer Museo de Madrid y el tercero de Espa\u00f1a que logra este reconocimiento, despu\u00e9s del Guggenheim de Bilbao y el Museo del Hombre y la Naturaleza del Cabildo de Tenerife. El director gerente del Museo, Evelio Acevedo, y\" \/>\n\t<meta name=\"robots\" content=\"max-image-preview:large\" \/>\n\t<meta name=\"author\" content=\"El Digital de Asturias\"\/>\n\t<meta name=\"google-site-verification\" content=\"UA-38556648-1\" \/>\n\t<meta name=\"msvalidate.01\" content=\"7dfe9f3f1b24437ab69f4f2559babe99\" \/>\n\t<meta name=\"keywords\" content=\"actualidad\" \/>\n\t<link rel=\"canonical\" href=\"https:\/\/www.eldigitaldeasturias.com\/noticias\/el-thyssen-ya-es-un-museo-accesible\/\" \/>\n\t<meta name=\"generator\" content=\"All in One SEO Pro (AIOSEO) 5.0.1\" \/>\n\t\t<meta property=\"og:locale\" content=\"es_ES\" \/>\n\t\t<meta property=\"og:site_name\" content=\"El Digital de Asturias\" \/>\n\t\t<meta property=\"og:type\" content=\"article\" \/>\n\t\t<meta property=\"og:title\" content=\"El Thyssen ya es un Museo Accesible - El Digital de Asturias\" \/>\n\t\t<meta property=\"og:description\" content=\"El Museo Thyssen-Bornemisza obtiene el Certificado de Accesibilidad Universal, concedido por AENOR, y se convierte en el primer Museo de Madrid y el tercero de Espa\u00f1a que logra este reconocimiento, despu\u00e9s del Guggenheim de Bilbao y el Museo del Hombre y la Naturaleza del Cabildo de Tenerife. El director gerente del Museo, Evelio Acevedo, y\" \/>\n\t\t<meta property=\"og:url\" content=\"https:\/\/www.eldigitaldeasturias.com\/noticias\/el-thyssen-ya-es-un-museo-accesible\/\" \/>\n\t\t<meta property=\"article:tag\" content=\"actualidad\" \/>\n\t\t<meta property=\"article:published_time\" content=\"2017-09-21T13:23:37+00:00\" \/>\n\t\t<meta property=\"article:modified_time\" content=\"2017-09-21T13:23:37+00:00\" \/>\n\t\t<meta property=\"article:publisher\" content=\"https:\/\/facebook.com\/eldigitaldeasturias\" \/>\n\t\t<meta name=\"twitter:card\" content=\"summary_large_image\" \/>\n\t\t<meta name=\"twitter:title\" content=\"El Thyssen ya es un Museo Accesible - El Digital de Asturias\" \/>\n\t\t<meta name=\"twitter:description\" content=\"El Museo Thyssen-Bornemisza obtiene el Certificado de Accesibilidad Universal, concedido por AENOR, y se convierte en el primer Museo de Madrid y el tercero de Espa\u00f1a que logra este reconocimiento, despu\u00e9s del Guggenheim de Bilbao y el Museo del Hombre y la Naturaleza del Cabildo de Tenerife. El director gerente del Museo, Evelio Acevedo, y\" \/>\n\t\t<meta name=\"twitter:image\" content=\"https:\/\/www.eldigitaldeasturias.com\/noticias\/wp-content\/uploads\/2020\/12\/EDA-1.jpg\" \/>\n\t\t<meta name=\"twitter:label1\" content=\"Escrito por\" \/>\n\t\t<meta name=\"twitter:data1\" content=\"El Digital de Asturias\" \/>\n\t\t<meta name=\"twitter:label2\" content=\"Tiempo de lectura estimado\" \/>\n\t\t<meta name=\"twitter:data2\" content=\"3 minutos\" \/>\n\t\t<script type=\"application\/ld+json\" class=\"aioseo-schema\">\n\t\t\t{\"@context\":\"https:\\\/\\\/schema.org\",\"@graph\":[{\"@type\":\"BlogPosting\",\"@id\":\"https:\\\/\\\/www.eldigitaldeasturias.com\\\/noticias\\\/el-thyssen-ya-es-un-museo-accesible\\\/#blogposting\",\"name\":\"El Thyssen ya es un Museo Accesible - El Digital de Asturias\",\"headline\":\"El Thyssen ya es un Museo Accesible\",\"author\":{\"@id\":\"https:\\\/\\\/www.eldigitaldeasturias.com\\\/noticias\\\/author\\\/admin\\\/#author\"},\"publisher\":{\"@id\":\"https:\\\/\\\/www.eldigitaldeasturias.com\\\/noticias\\\/#organization\"},\"image\":{\"@type\":\"ImageObject\",\"url\":953419},\"datePublished\":\"2017-09-21T13:23:37+02:00\",\"dateModified\":\"2017-09-21T13:23:37+02:00\",\"inLanguage\":\"es-ES\",\"mainEntityOfPage\":{\"@id\":\"https:\\\/\\\/www.eldigitaldeasturias.com\\\/noticias\\\/el-thyssen-ya-es-un-museo-accesible\\\/#webpage\"},\"isPartOf\":{\"@id\":\"https:\\\/\\\/www.eldigitaldeasturias.com\\\/noticias\\\/el-thyssen-ya-es-un-museo-accesible\\\/#webpage\"},\"articleSection\":\"Actualidad\"},{\"@type\":\"BreadcrumbList\",\"@id\":\"https:\\\/\\\/www.eldigitaldeasturias.com\\\/noticias\\\/el-thyssen-ya-es-un-museo-accesible\\\/#breadcrumblist\",\"itemListElement\":[{\"@type\":\"ListItem\",\"@id\":\"https:\\\/\\\/www.eldigitaldeasturias.com\\\/noticias#listItem\",\"position\":1,\"name\":\"Home\",\"item\":\"https:\\\/\\\/www.eldigitaldeasturias.com\\\/noticias\",\"nextItem\":{\"@type\":\"ListItem\",\"@id\":\"https:\\\/\\\/www.eldigitaldeasturias.com\\\/noticias\\\/category\\\/actualidad\\\/#listItem\",\"name\":\"Actualidad\"}},{\"@type\":\"ListItem\",\"@id\":\"https:\\\/\\\/www.eldigitaldeasturias.com\\\/noticias\\\/category\\\/actualidad\\\/#listItem\",\"position\":2,\"name\":\"Actualidad\",\"item\":\"https:\\\/\\\/www.eldigitaldeasturias.com\\\/noticias\\\/category\\\/actualidad\\\/\",\"nextItem\":{\"@type\":\"ListItem\",\"@id\":\"https:\\\/\\\/www.eldigitaldeasturias.com\\\/noticias\\\/el-thyssen-ya-es-un-museo-accesible\\\/#listItem\",\"name\":\"El Thyssen ya es un Museo Accesible\"},\"previousItem\":{\"@type\":\"ListItem\",\"@id\":\"https:\\\/\\\/www.eldigitaldeasturias.com\\\/noticias#listItem\",\"name\":\"Home\"}},{\"@type\":\"ListItem\",\"@id\":\"https:\\\/\\\/www.eldigitaldeasturias.com\\\/noticias\\\/el-thyssen-ya-es-un-museo-accesible\\\/#listItem\",\"position\":3,\"name\":\"El Thyssen ya es un Museo Accesible\",\"previousItem\":{\"@type\":\"ListItem\",\"@id\":\"https:\\\/\\\/www.eldigitaldeasturias.com\\\/noticias\\\/category\\\/actualidad\\\/#listItem\",\"name\":\"Actualidad\"}}]},{\"@type\":\"Organization\",\"@id\":\"https:\\\/\\\/www.eldigitaldeasturias.com\\\/noticias\\\/#organization\",\"name\":\"El Digital de Asturias\",\"description\":\"Hemeroteca\",\"url\":\"https:\\\/\\\/www.eldigitaldeasturias.com\\\/noticias\\\/\",\"email\":\"info@eldigitaldeasturias.com\",\"telephone\":\"+34652131393\",\"logo\":{\"@type\":\"ImageObject\",\"url\":\"https:\\\/\\\/www.eldigitaldeasturias.com\\\/noticias\\\/wp-content\\\/uploads\\\/2020\\\/12\\\/EDA.jpg\",\"@id\":\"https:\\\/\\\/www.eldigitaldeasturias.com\\\/noticias\\\/el-thyssen-ya-es-un-museo-accesible\\\/#organizationLogo\"},\"image\":{\"@id\":\"https:\\\/\\\/www.eldigitaldeasturias.com\\\/noticias\\\/el-thyssen-ya-es-un-museo-accesible\\\/#organizationLogo\"},\"sameAs\":[\"https:\\\/\\\/facebook.com\\\/eldigitaldeasturias\",\"https:\\\/\\\/www.youtube.com\\\/channel\\\/UCZP-2wLEB9Rv6erhFmqVnvg\"],\"address\":{\"@id\":\"https:\\\/\\\/www.eldigitaldeasturias.com\\\/noticias\\\/#postaladdress\",\"@type\":\"PostalAddress\",\"streetAddress\":\"san antonio 4\",\"postalCode\":\"33430\",\"addressLocality\":\"Cand\\u00e1s\",\"addressRegion\":\"Asturias\",\"addressCountry\":\"ES\"}},{\"@type\":\"Person\",\"@id\":\"https:\\\/\\\/www.eldigitaldeasturias.com\\\/noticias\\\/author\\\/admin\\\/#author\",\"url\":\"https:\\\/\\\/www.eldigitaldeasturias.com\\\/noticias\\\/author\\\/admin\\\/\",\"name\":\"El Digital de Asturias\",\"image\":{\"@type\":\"ImageObject\",\"@id\":\"https:\\\/\\\/www.eldigitaldeasturias.com\\\/noticias\\\/el-thyssen-ya-es-un-museo-accesible\\\/#authorImage\",\"url\":\"https:\\\/\\\/secure.gravatar.com\\\/avatar\\\/df2aeffc32bcd13f8d26072ef8a91b623d677766deac7f97ca815868cd41bf5e?s=96&d=mm&r=g\",\"width\":96,\"height\":96,\"caption\":\"El Digital de Asturias\"}},{\"@type\":\"WebPage\",\"@id\":\"https:\\\/\\\/www.eldigitaldeasturias.com\\\/noticias\\\/el-thyssen-ya-es-un-museo-accesible\\\/#webpage\",\"url\":\"https:\\\/\\\/www.eldigitaldeasturias.com\\\/noticias\\\/el-thyssen-ya-es-un-museo-accesible\\\/\",\"name\":\"El Thyssen ya es un Museo Accesible - El Digital de Asturias\",\"description\":\"El Museo Thyssen-Bornemisza obtiene el Certificado de Accesibilidad Universal, concedido por AENOR, y se convierte en el primer Museo de Madrid y el tercero de Espa\\u00f1a que logra este reconocimiento, despu\\u00e9s del Guggenheim de Bilbao y el Museo del Hombre y la Naturaleza del Cabildo de Tenerife. El director gerente del Museo, Evelio Acevedo, y\",\"inLanguage\":\"es-ES\",\"isPartOf\":{\"@id\":\"https:\\\/\\\/www.eldigitaldeasturias.com\\\/noticias\\\/#website\"},\"breadcrumb\":{\"@id\":\"https:\\\/\\\/www.eldigitaldeasturias.com\\\/noticias\\\/el-thyssen-ya-es-un-museo-accesible\\\/#breadcrumblist\"},\"author\":{\"@id\":\"https:\\\/\\\/www.eldigitaldeasturias.com\\\/noticias\\\/author\\\/admin\\\/#author\"},\"creator\":{\"@id\":\"https:\\\/\\\/www.eldigitaldeasturias.com\\\/noticias\\\/author\\\/admin\\\/#author\"},\"image\":{\"@type\":\"ImageObject\",\"url\":953419,\"@id\":\"https:\\\/\\\/www.eldigitaldeasturias.com\\\/noticias\\\/el-thyssen-ya-es-un-museo-accesible\\\/#mainImage\"},\"primaryImageOfPage\":{\"@id\":\"https:\\\/\\\/www.eldigitaldeasturias.com\\\/noticias\\\/el-thyssen-ya-es-un-museo-accesible\\\/#mainImage\"},\"datePublished\":\"2017-09-21T13:23:37+02:00\",\"dateModified\":\"2017-09-21T13:23:37+02:00\"},{\"@type\":\"WebSite\",\"@id\":\"https:\\\/\\\/www.eldigitaldeasturias.com\\\/noticias\\\/#website\",\"url\":\"https:\\\/\\\/www.eldigitaldeasturias.com\\\/noticias\\\/\",\"name\":\"El Digital de Asturias - Diario de actualidad y noticias\",\"alternateName\":\"El Digital de Asturias - Diario de actualidad y noticias\",\"description\":\"Hemeroteca\",\"inLanguage\":\"es-ES\",\"publisher\":{\"@id\":\"https:\\\/\\\/www.eldigitaldeasturias.com\\\/noticias\\\/#organization\"}}]}\n\t\t<\/script>\n\t\t<!-- All in One SEO Pro -->\r\n\t\t<title>El Thyssen ya es un Museo Accesible - El Digital de Asturias<\/title>\n\n","aioseo_head_json":{"title":"El Thyssen ya es un Museo Accesible - El Digital de Asturias","description":"El Museo Thyssen-Bornemisza obtiene el Certificado de Accesibilidad Universal, concedido por AENOR, y se convierte en el primer Museo de Madrid y el tercero de Espa\u00f1a que logra este reconocimiento, despu\u00e9s del Guggenheim de Bilbao y el Museo del Hombre y la Naturaleza del Cabildo de Tenerife. El director gerente del Museo, Evelio Acevedo, y","canonical_url":"https:\/\/www.eldigitaldeasturias.com\/noticias\/el-thyssen-ya-es-un-museo-accesible\/","robots":"max-image-preview:large","keywords":"actualidad","webmasterTools":{"google-site-verification":"UA-38556648-1","msvalidate.01":"7dfe9f3f1b24437ab69f4f2559babe99","miscellaneous":""},"schema":{"@context":"https:\/\/schema.org","@graph":[{"@type":"BlogPosting","@id":"https:\/\/www.eldigitaldeasturias.com\/noticias\/el-thyssen-ya-es-un-museo-accesible\/#blogposting","name":"El Thyssen ya es un Museo Accesible - El Digital de Asturias","headline":"El Thyssen ya es un Museo Accesible","author":{"@id":"https:\/\/www.eldigitaldeasturias.com\/noticias\/author\/admin\/#author"},"publisher":{"@id":"https:\/\/www.eldigitaldeasturias.com\/noticias\/#organization"},"image":{"@type":"ImageObject","url":953419},"datePublished":"2017-09-21T13:23:37+02:00","dateModified":"2017-09-21T13:23:37+02:00","inLanguage":"es-ES","mainEntityOfPage":{"@id":"https:\/\/www.eldigitaldeasturias.com\/noticias\/el-thyssen-ya-es-un-museo-accesible\/#webpage"},"isPartOf":{"@id":"https:\/\/www.eldigitaldeasturias.com\/noticias\/el-thyssen-ya-es-un-museo-accesible\/#webpage"},"articleSection":"Actualidad"},{"@type":"BreadcrumbList","@id":"https:\/\/www.eldigitaldeasturias.com\/noticias\/el-thyssen-ya-es-un-museo-accesible\/#breadcrumblist","itemListElement":[{"@type":"ListItem","@id":"https:\/\/www.eldigitaldeasturias.com\/noticias#listItem","position":1,"name":"Home","item":"https:\/\/www.eldigitaldeasturias.com\/noticias","nextItem":{"@type":"ListItem","@id":"https:\/\/www.eldigitaldeasturias.com\/noticias\/category\/actualidad\/#listItem","name":"Actualidad"}},{"@type":"ListItem","@id":"https:\/\/www.eldigitaldeasturias.com\/noticias\/category\/actualidad\/#listItem","position":2,"name":"Actualidad","item":"https:\/\/www.eldigitaldeasturias.com\/noticias\/category\/actualidad\/","nextItem":{"@type":"ListItem","@id":"https:\/\/www.eldigitaldeasturias.com\/noticias\/el-thyssen-ya-es-un-museo-accesible\/#listItem","name":"El Thyssen ya es un Museo Accesible"},"previousItem":{"@type":"ListItem","@id":"https:\/\/www.eldigitaldeasturias.com\/noticias#listItem","name":"Home"}},{"@type":"ListItem","@id":"https:\/\/www.eldigitaldeasturias.com\/noticias\/el-thyssen-ya-es-un-museo-accesible\/#listItem","position":3,"name":"El Thyssen ya es un Museo Accesible","previousItem":{"@type":"ListItem","@id":"https:\/\/www.eldigitaldeasturias.com\/noticias\/category\/actualidad\/#listItem","name":"Actualidad"}}]},{"@type":"Organization","@id":"https:\/\/www.eldigitaldeasturias.com\/noticias\/#organization","name":"El Digital de Asturias","description":"Hemeroteca","url":"https:\/\/www.eldigitaldeasturias.com\/noticias\/","email":"info@eldigitaldeasturias.com","telephone":"+34652131393","logo":{"@type":"ImageObject","url":"https:\/\/www.eldigitaldeasturias.com\/noticias\/wp-content\/uploads\/2020\/12\/EDA.jpg","@id":"https:\/\/www.eldigitaldeasturias.com\/noticias\/el-thyssen-ya-es-un-museo-accesible\/#organizationLogo"},"image":{"@id":"https:\/\/www.eldigitaldeasturias.com\/noticias\/el-thyssen-ya-es-un-museo-accesible\/#organizationLogo"},"sameAs":["https:\/\/facebook.com\/eldigitaldeasturias","https:\/\/www.youtube.com\/channel\/UCZP-2wLEB9Rv6erhFmqVnvg"],"address":{"@id":"https:\/\/www.eldigitaldeasturias.com\/noticias\/#postaladdress","@type":"PostalAddress","streetAddress":"san antonio 4","postalCode":"33430","addressLocality":"Cand\u00e1s","addressRegion":"Asturias","addressCountry":"ES"}},{"@type":"Person","@id":"https:\/\/www.eldigitaldeasturias.com\/noticias\/author\/admin\/#author","url":"https:\/\/www.eldigitaldeasturias.com\/noticias\/author\/admin\/","name":"El Digital de Asturias","image":{"@type":"ImageObject","@id":"https:\/\/www.eldigitaldeasturias.com\/noticias\/el-thyssen-ya-es-un-museo-accesible\/#authorImage","url":"https:\/\/secure.gravatar.com\/avatar\/df2aeffc32bcd13f8d26072ef8a91b623d677766deac7f97ca815868cd41bf5e?s=96&d=mm&r=g","width":96,"height":96,"caption":"El Digital de Asturias"}},{"@type":"WebPage","@id":"https:\/\/www.eldigitaldeasturias.com\/noticias\/el-thyssen-ya-es-un-museo-accesible\/#webpage","url":"https:\/\/www.eldigitaldeasturias.com\/noticias\/el-thyssen-ya-es-un-museo-accesible\/","name":"El Thyssen ya es un Museo Accesible - El Digital de Asturias","description":"El Museo Thyssen-Bornemisza obtiene el Certificado de Accesibilidad Universal, concedido por AENOR, y se convierte en el primer Museo de Madrid y el tercero de Espa\u00f1a que logra este reconocimiento, despu\u00e9s del Guggenheim de Bilbao y el Museo del Hombre y la Naturaleza del Cabildo de Tenerife. El director gerente del Museo, Evelio Acevedo, y","inLanguage":"es-ES","isPartOf":{"@id":"https:\/\/www.eldigitaldeasturias.com\/noticias\/#website"},"breadcrumb":{"@id":"https:\/\/www.eldigitaldeasturias.com\/noticias\/el-thyssen-ya-es-un-museo-accesible\/#breadcrumblist"},"author":{"@id":"https:\/\/www.eldigitaldeasturias.com\/noticias\/author\/admin\/#author"},"creator":{"@id":"https:\/\/www.eldigitaldeasturias.com\/noticias\/author\/admin\/#author"},"image":{"@type":"ImageObject","url":953419,"@id":"https:\/\/www.eldigitaldeasturias.com\/noticias\/el-thyssen-ya-es-un-museo-accesible\/#mainImage"},"primaryImageOfPage":{"@id":"https:\/\/www.eldigitaldeasturias.com\/noticias\/el-thyssen-ya-es-un-museo-accesible\/#mainImage"},"datePublished":"2017-09-21T13:23:37+02:00","dateModified":"2017-09-21T13:23:37+02:00"},{"@type":"WebSite","@id":"https:\/\/www.eldigitaldeasturias.com\/noticias\/#website","url":"https:\/\/www.eldigitaldeasturias.com\/noticias\/","name":"El Digital de Asturias - Diario de actualidad y noticias","alternateName":"El Digital de Asturias - Diario de actualidad y noticias","description":"Hemeroteca","inLanguage":"es-ES","publisher":{"@id":"https:\/\/www.eldigitaldeasturias.com\/noticias\/#organization"}}]},"og:locale":"es_ES","og:site_name":"El Digital de Asturias","og:type":"article","og:title":"El Thyssen ya es un Museo Accesible - El Digital de Asturias","og:description":"El Museo Thyssen-Bornemisza obtiene el Certificado de Accesibilidad Universal, concedido por AENOR, y se convierte en el primer Museo de Madrid y el tercero de Espa\u00f1a que logra este reconocimiento, despu\u00e9s del Guggenheim de Bilbao y el Museo del Hombre y la Naturaleza del Cabildo de Tenerife. El director gerente del Museo, Evelio Acevedo, y","og:url":"https:\/\/www.eldigitaldeasturias.com\/noticias\/el-thyssen-ya-es-un-museo-accesible\/","article:tag":["actualidad"],"article:published_time":"2017-09-21T13:23:37+00:00","article:modified_time":"2017-09-21T13:23:37+00:00","article:publisher":"https:\/\/facebook.com\/eldigitaldeasturias","twitter:card":"summary_large_image","twitter:title":"El Thyssen ya es un Museo Accesible - El Digital de Asturias","twitter:description":"El Museo Thyssen-Bornemisza obtiene el Certificado de Accesibilidad Universal, concedido por AENOR, y se convierte en el primer Museo de Madrid y el tercero de Espa\u00f1a que logra este reconocimiento, despu\u00e9s del Guggenheim de Bilbao y el Museo del Hombre y la Naturaleza del Cabildo de Tenerife. El director gerente del Museo, Evelio Acevedo, y","twitter:image":"https:\/\/www.eldigitaldeasturias.com\/noticias\/wp-content\/uploads\/2020\/12\/EDA-1.jpg","twitter:label1":"Escrito por","twitter:data1":"El Digital de Asturias","twitter:label2":"Tiempo de lectura estimado","twitter:data2":"3 minutos"},"aioseo_meta_data":{"post_id":"953418","title":null,"description":null,"keywords":null,"keyphrases":null,"primary_term":null,"canonical_url":null,"og_title":null,"og_description":null,"og_object_type":"default","og_image_type":"default","og_image_url":null,"og_image_width":null,"og_image_height":null,"og_image_custom_url":null,"og_image_custom_fields":null,"og_video":null,"og_custom_url":null,"og_article_section":null,"og_article_tags":null,"twitter_use_og":false,"twitter_card":"default","twitter_image_type":"default","twitter_image_url":null,"twitter_image_custom_url":null,"twitter_image_custom_fields":null,"twitter_title":null,"twitter_description":null,"schema":{"blockGraphs":[],"customGraphs":[],"default":{"data":{"Article":[],"Course":[],"Dataset":[],"FAQPage":[],"Movie":[],"Person":[],"Product":[],"ProductReview":[],"Car":[],"Recipe":[],"Service":[],"SoftwareApplication":[],"WebPage":[]},"graphName":"","isEnabled":true},"graphs":[],"defaultGraph":"","defaultPostTypeGraph":""},"schema_type":null,"schema_type_options":null,"pillar_content":false,"robots_default":true,"robots_noindex":false,"robots_noarchive":false,"robots_nosnippet":false,"robots_nofollow":false,"robots_noimageindex":false,"robots_noodp":false,"robots_notranslate":false,"robots_max_snippet":null,"robots_max_videopreview":null,"robots_max_imagepreview":"large","priority":null,"frequency":null,"local_seo":null,"seo_analyzer_scan_date":"2025-12-06 02:23:47","breadcrumb_settings":null,"limit_modified_date":false,"open_ai":null,"ai":null,"created":"2020-12-21 12:57:24","updated":"2025-12-06 02:23:47","focus_keyword":null,"additional_keywords":null,"truseo_locale":null},"aioseo_breadcrumb":"<div class=\"aioseo-breadcrumbs\"><span class=\"aioseo-breadcrumb\">\n\t<a href=\"https:\/\/www.eldigitaldeasturias.com\/noticias\" title=\"Home\">Home<\/a>\n<\/span><span class=\"aioseo-breadcrumb-separator\">\u2013<\/span><span class=\"aioseo-breadcrumb\">\n\t<a href=\"https:\/\/www.eldigitaldeasturias.com\/noticias\/category\/actualidad\/\" title=\"Actualidad\">Actualidad<\/a>\n<\/span><span class=\"aioseo-breadcrumb-separator\">\u2013<\/span><span class=\"aioseo-breadcrumb\">\n\t<a href=\"https:\/\/www.eldigitaldeasturias.com\/noticias\/el-thyssen-ya-es-un-museo-accesible\/\" title=\"El Thyssen ya es un Museo Accesible\">El Thyssen ya es un Museo Accesible<\/a>\n<\/span><\/div>","aioseo_breadcrumb_json":[{"label":"Home","link":"https:\/\/www.eldigitaldeasturias.com\/noticias"},{"label":"Actualidad","link":"https:\/\/www.eldigitaldeasturias.com\/noticias\/category\/actualidad\/"},{"label":"El Thyssen ya es un Museo Accesible","link":"https:\/\/www.eldigitaldeasturias.com\/noticias\/el-thyssen-ya-es-un-museo-accesible\/"}],"_links":{"self":[{"href":"https:\/\/www.eldigitaldeasturias.com\/noticias\/wp-json\/wp\/v2\/posts\/953418","targetHints":{"allow":["GET"]}}],"collection":[{"href":"https:\/\/www.eldigitaldeasturias.com\/noticias\/wp-json\/wp\/v2\/posts"}],"about":[{"href":"https:\/\/www.eldigitaldeasturias.com\/noticias\/wp-json\/wp\/v2\/types\/post"}],"author":[{"embeddable":true,"href":"https:\/\/www.eldigitaldeasturias.com\/noticias\/wp-json\/wp\/v2\/users\/1"}],"replies":[{"embeddable":true,"href":"https:\/\/www.eldigitaldeasturias.com\/noticias\/wp-json\/wp\/v2\/comments?post=953418"}],"version-history":[{"count":0,"href":"https:\/\/www.eldigitaldeasturias.com\/noticias\/wp-json\/wp\/v2\/posts\/953418\/revisions"}],"wp:attachment":[{"href":"https:\/\/www.eldigitaldeasturias.com\/noticias\/wp-json\/wp\/v2\/media?parent=953418"}],"wp:term":[{"taxonomy":"category","embeddable":true,"href":"https:\/\/www.eldigitaldeasturias.com\/noticias\/wp-json\/wp\/v2\/categories?post=953418"},{"taxonomy":"post_tag","embeddable":true,"href":"https:\/\/www.eldigitaldeasturias.com\/noticias\/wp-json\/wp\/v2\/tags?post=953418"}],"curies":[{"name":"wp","href":"https:\/\/api.w.org\/{rel}","templated":true}]}}