{"id":953408,"date":"2017-09-21T13:14:44","date_gmt":"2017-09-21T13:14:44","guid":{"rendered":"http:\/\/www.eldigitaldeasturias.com\/noticias\/?p=953408"},"modified":"2017-09-21T13:14:44","modified_gmt":"2017-09-21T13:14:44","slug":"aragon-recupera-su-vuelta-ciclista","status":"publish","type":"post","link":"https:\/\/www.eldigitaldeasturias.com\/noticias\/aragon-recupera-su-vuelta-ciclista\/","title":{"rendered":"Arag\u00f3n recupera su vuelta ciclista"},"content":{"rendered":"<p><img loading=\"lazy\" decoding=\"async\" class=\"alignleft size-medium wp-image-953409\" src=\"https:\/\/www.eldigitaldeasturias.com\/noticias\/wp-content\/uploads\/2017\/09\/Vuelta-Aragon-360x159.jpg\" alt=\"\" width=\"360\" height=\"159\" \/>La Uni\u00f3n Ciclista Internacional (UCI) ha dado el visto bueno al proyecto para la recuperaci\u00f3n de la Vuelta Arag\u00f3n, presentado por la Federaci\u00f3n Aragonesa de Ciclismo con el impulso del Gobierno de Arag\u00f3n, y ha incluido la prueba en el calendario de 2018. Se cumple as\u00ed uno de los retos deportivos y tur\u00edsticos del Gobierno de Arag\u00f3n para recuperar una prueba que celebr\u00f3 su \u00faltima edici\u00f3n en 2005. La Vuelta Arag\u00f3n se celebrar\u00e1 los d\u00edas 11, 12 y 13 de mayo. Arag\u00f3n celebr\u00f3 por primera vez esta prueba deportiva en 1939.<\/p>\n<p>El consejero de Vertebraci\u00f3n del Territorio, Movilidad y Vivienda, Jos\u00e9 Luis Soro, ha mostrado su satisfacci\u00f3n ante este anuncio y ha se\u00f1alado que \u201cempieza un intenso trabajo para dise\u00f1ar los recorridos de las tres etapas y para establecer contactos con patrocinadores y equipos\u201d. Adem\u00e1s, en breve se contar\u00e1 con una web desde la que se informar\u00e1 de todos los avances.<\/p>\n<p>Para Soro es una oportunidad \u00fanica para Arag\u00f3n \u201cque hace justicia con el pasado y la tradici\u00f3n ciclista de Arag\u00f3n, que es un escaparate muy importante a nivel tur\u00edstico y que servir\u00e1 para volver a vivir la pasi\u00f3n del ciclismo al m\u00e1s alto nivel\u201d.<\/p>\n<p>El consejero ha agradecido el trabajo de la Federaci\u00f3n Aragonesa de Ciclismo que son conocedores y apasionados y han sabido presentar un proyecto ilusionante. La UCI ha reconocido la categor\u00eda UCI EUROPE TOUR ME 2.1 que implica que puedan participar los principales equipos profesionales pertenecientes a la UCI World Tour, Continental Profesional, Continental y equipos nacionales, es decir, se contar\u00e1 con corredores de los principales equipos profesionales.<\/p>\n<p>Para el desarrollo de esta Vuelta Arag\u00f3n ser\u00e1 necesario, a partir de ahora, realizar el dise\u00f1o de las tres etapas que se llevar\u00e1n a cabo buscando que recorran las tres provincias. Para ello se tendr\u00e1 en cuenta los requerimientos t\u00e9cnicos necesarios para una prueba de esta envergadura y el inter\u00e9s tur\u00edstico.<\/p>\n","protected":false},"excerpt":{"rendered":"<p>La Uni\u00f3n Ciclista Internacional (UCI) ha dado el visto bueno al proyecto para la recuperaci\u00f3n de la Vuelta Arag\u00f3n, presentado por la Federaci\u00f3n Aragonesa de Ciclismo con el impulso del Gobierno de Arag\u00f3n, y ha incluido la prueba en el calendario de 2018. Se cumple as\u00ed uno de los retos deportivos y tur\u00edsticos del Gobierno [&hellip;]<\/p>\n","protected":false},"author":1,"featured_media":953409,"comment_status":"closed","ping_status":"closed","sticky":false,"template":"","format":"standard","meta":{"footnotes":""},"categories":[1],"tags":[],"class_list":["post-953408","post","type-post","status-publish","format-standard","has-post-thumbnail","hentry","category-actualidad"],"aioseo_notices":[],"aioseo_head":"\n\t\t<!-- All in One SEO Pro 5.0.1 - aioseo.com -->\n\t<meta name=\"description\" content=\"La Uni\u00f3n Ciclista Internacional (UCI) ha dado el visto bueno al proyecto para la recuperaci\u00f3n de la Vuelta Arag\u00f3n, presentado por la Federaci\u00f3n Aragonesa de Ciclismo con el impulso del Gobierno de Arag\u00f3n, y ha incluido la prueba en el calendario de 2018. Se cumple as\u00ed uno de los retos deportivos y tur\u00edsticos del Gobierno\" \/>\n\t<meta name=\"robots\" content=\"max-image-preview:large\" \/>\n\t<meta name=\"author\" content=\"El Digital de Asturias\"\/>\n\t<meta name=\"google-site-verification\" content=\"UA-38556648-1\" \/>\n\t<meta name=\"msvalidate.01\" content=\"7dfe9f3f1b24437ab69f4f2559babe99\" \/>\n\t<meta name=\"keywords\" content=\"actualidad\" \/>\n\t<link rel=\"canonical\" href=\"https:\/\/www.eldigitaldeasturias.com\/noticias\/aragon-recupera-su-vuelta-ciclista\/\" \/>\n\t<meta name=\"generator\" content=\"All in One SEO Pro (AIOSEO) 5.0.1\" \/>\n\t\t<meta property=\"og:locale\" content=\"es_ES\" \/>\n\t\t<meta property=\"og:site_name\" content=\"El Digital de Asturias\" \/>\n\t\t<meta property=\"og:type\" content=\"article\" \/>\n\t\t<meta property=\"og:title\" content=\"Arag\u00f3n recupera su vuelta ciclista - El Digital de Asturias\" \/>\n\t\t<meta property=\"og:description\" content=\"La Uni\u00f3n Ciclista Internacional (UCI) ha dado el visto bueno al proyecto para la recuperaci\u00f3n de la Vuelta Arag\u00f3n, presentado por la Federaci\u00f3n Aragonesa de Ciclismo con el impulso del Gobierno de Arag\u00f3n, y ha incluido la prueba en el calendario de 2018. Se cumple as\u00ed uno de los retos deportivos y tur\u00edsticos del Gobierno\" \/>\n\t\t<meta property=\"og:url\" content=\"https:\/\/www.eldigitaldeasturias.com\/noticias\/aragon-recupera-su-vuelta-ciclista\/\" \/>\n\t\t<meta property=\"article:tag\" content=\"actualidad\" \/>\n\t\t<meta property=\"article:published_time\" content=\"2017-09-21T13:14:44+00:00\" \/>\n\t\t<meta property=\"article:modified_time\" content=\"2017-09-21T13:14:44+00:00\" \/>\n\t\t<meta property=\"article:publisher\" content=\"https:\/\/facebook.com\/eldigitaldeasturias\" \/>\n\t\t<meta name=\"twitter:card\" content=\"summary_large_image\" \/>\n\t\t<meta name=\"twitter:title\" content=\"Arag\u00f3n recupera su vuelta ciclista - El Digital de Asturias\" \/>\n\t\t<meta name=\"twitter:description\" content=\"La Uni\u00f3n Ciclista Internacional (UCI) ha dado el visto bueno al proyecto para la recuperaci\u00f3n de la Vuelta Arag\u00f3n, presentado por la Federaci\u00f3n Aragonesa de Ciclismo con el impulso del Gobierno de Arag\u00f3n, y ha incluido la prueba en el calendario de 2018. Se cumple as\u00ed uno de los retos deportivos y tur\u00edsticos del Gobierno\" \/>\n\t\t<meta name=\"twitter:image\" content=\"https:\/\/www.eldigitaldeasturias.com\/noticias\/wp-content\/uploads\/2020\/12\/EDA-1.jpg\" \/>\n\t\t<meta name=\"twitter:label1\" content=\"Escrito por\" \/>\n\t\t<meta name=\"twitter:data1\" content=\"El Digital de Asturias\" \/>\n\t\t<meta name=\"twitter:label2\" content=\"Tiempo de lectura estimado\" \/>\n\t\t<meta name=\"twitter:data2\" content=\"2 minutos\" \/>\n\t\t<script type=\"application\/ld+json\" class=\"aioseo-schema\">\n\t\t\t{\"@context\":\"https:\\\/\\\/schema.org\",\"@graph\":[{\"@type\":\"BlogPosting\",\"@id\":\"https:\\\/\\\/www.eldigitaldeasturias.com\\\/noticias\\\/aragon-recupera-su-vuelta-ciclista\\\/#blogposting\",\"name\":\"Arag\\u00f3n recupera su vuelta ciclista - El Digital de Asturias\",\"headline\":\"Arag\\u00f3n recupera su vuelta ciclista\",\"author\":{\"@id\":\"https:\\\/\\\/www.eldigitaldeasturias.com\\\/noticias\\\/author\\\/admin\\\/#author\"},\"publisher\":{\"@id\":\"https:\\\/\\\/www.eldigitaldeasturias.com\\\/noticias\\\/#organization\"},\"image\":{\"@type\":\"ImageObject\",\"url\":953409},\"datePublished\":\"2017-09-21T13:14:44+02:00\",\"dateModified\":\"2017-09-21T13:14:44+02:00\",\"inLanguage\":\"es-ES\",\"mainEntityOfPage\":{\"@id\":\"https:\\\/\\\/www.eldigitaldeasturias.com\\\/noticias\\\/aragon-recupera-su-vuelta-ciclista\\\/#webpage\"},\"isPartOf\":{\"@id\":\"https:\\\/\\\/www.eldigitaldeasturias.com\\\/noticias\\\/aragon-recupera-su-vuelta-ciclista\\\/#webpage\"},\"articleSection\":\"Actualidad\"},{\"@type\":\"BreadcrumbList\",\"@id\":\"https:\\\/\\\/www.eldigitaldeasturias.com\\\/noticias\\\/aragon-recupera-su-vuelta-ciclista\\\/#breadcrumblist\",\"itemListElement\":[{\"@type\":\"ListItem\",\"@id\":\"https:\\\/\\\/www.eldigitaldeasturias.com\\\/noticias#listItem\",\"position\":1,\"name\":\"Home\",\"item\":\"https:\\\/\\\/www.eldigitaldeasturias.com\\\/noticias\",\"nextItem\":{\"@type\":\"ListItem\",\"@id\":\"https:\\\/\\\/www.eldigitaldeasturias.com\\\/noticias\\\/category\\\/actualidad\\\/#listItem\",\"name\":\"Actualidad\"}},{\"@type\":\"ListItem\",\"@id\":\"https:\\\/\\\/www.eldigitaldeasturias.com\\\/noticias\\\/category\\\/actualidad\\\/#listItem\",\"position\":2,\"name\":\"Actualidad\",\"item\":\"https:\\\/\\\/www.eldigitaldeasturias.com\\\/noticias\\\/category\\\/actualidad\\\/\",\"nextItem\":{\"@type\":\"ListItem\",\"@id\":\"https:\\\/\\\/www.eldigitaldeasturias.com\\\/noticias\\\/aragon-recupera-su-vuelta-ciclista\\\/#listItem\",\"name\":\"Arag\\u00f3n recupera su vuelta ciclista\"},\"previousItem\":{\"@type\":\"ListItem\",\"@id\":\"https:\\\/\\\/www.eldigitaldeasturias.com\\\/noticias#listItem\",\"name\":\"Home\"}},{\"@type\":\"ListItem\",\"@id\":\"https:\\\/\\\/www.eldigitaldeasturias.com\\\/noticias\\\/aragon-recupera-su-vuelta-ciclista\\\/#listItem\",\"position\":3,\"name\":\"Arag\\u00f3n recupera su vuelta ciclista\",\"previousItem\":{\"@type\":\"ListItem\",\"@id\":\"https:\\\/\\\/www.eldigitaldeasturias.com\\\/noticias\\\/category\\\/actualidad\\\/#listItem\",\"name\":\"Actualidad\"}}]},{\"@type\":\"Organization\",\"@id\":\"https:\\\/\\\/www.eldigitaldeasturias.com\\\/noticias\\\/#organization\",\"name\":\"El Digital de Asturias\",\"description\":\"Hemeroteca\",\"url\":\"https:\\\/\\\/www.eldigitaldeasturias.com\\\/noticias\\\/\",\"email\":\"info@eldigitaldeasturias.com\",\"telephone\":\"+34652131393\",\"logo\":{\"@type\":\"ImageObject\",\"url\":\"https:\\\/\\\/www.eldigitaldeasturias.com\\\/noticias\\\/wp-content\\\/uploads\\\/2020\\\/12\\\/EDA.jpg\",\"@id\":\"https:\\\/\\\/www.eldigitaldeasturias.com\\\/noticias\\\/aragon-recupera-su-vuelta-ciclista\\\/#organizationLogo\"},\"image\":{\"@id\":\"https:\\\/\\\/www.eldigitaldeasturias.com\\\/noticias\\\/aragon-recupera-su-vuelta-ciclista\\\/#organizationLogo\"},\"sameAs\":[\"https:\\\/\\\/facebook.com\\\/eldigitaldeasturias\",\"https:\\\/\\\/www.youtube.com\\\/channel\\\/UCZP-2wLEB9Rv6erhFmqVnvg\"],\"address\":{\"@id\":\"https:\\\/\\\/www.eldigitaldeasturias.com\\\/noticias\\\/#postaladdress\",\"@type\":\"PostalAddress\",\"streetAddress\":\"san antonio 4\",\"postalCode\":\"33430\",\"addressLocality\":\"Cand\\u00e1s\",\"addressRegion\":\"Asturias\",\"addressCountry\":\"ES\"}},{\"@type\":\"Person\",\"@id\":\"https:\\\/\\\/www.eldigitaldeasturias.com\\\/noticias\\\/author\\\/admin\\\/#author\",\"url\":\"https:\\\/\\\/www.eldigitaldeasturias.com\\\/noticias\\\/author\\\/admin\\\/\",\"name\":\"El Digital de Asturias\",\"image\":{\"@type\":\"ImageObject\",\"@id\":\"https:\\\/\\\/www.eldigitaldeasturias.com\\\/noticias\\\/aragon-recupera-su-vuelta-ciclista\\\/#authorImage\",\"url\":\"https:\\\/\\\/secure.gravatar.com\\\/avatar\\\/df2aeffc32bcd13f8d26072ef8a91b623d677766deac7f97ca815868cd41bf5e?s=96&d=mm&r=g\",\"width\":96,\"height\":96,\"caption\":\"El Digital de Asturias\"}},{\"@type\":\"WebPage\",\"@id\":\"https:\\\/\\\/www.eldigitaldeasturias.com\\\/noticias\\\/aragon-recupera-su-vuelta-ciclista\\\/#webpage\",\"url\":\"https:\\\/\\\/www.eldigitaldeasturias.com\\\/noticias\\\/aragon-recupera-su-vuelta-ciclista\\\/\",\"name\":\"Arag\\u00f3n recupera su vuelta ciclista - El Digital de Asturias\",\"description\":\"La Uni\\u00f3n Ciclista Internacional (UCI) ha dado el visto bueno al proyecto para la recuperaci\\u00f3n de la Vuelta Arag\\u00f3n, presentado por la Federaci\\u00f3n Aragonesa de Ciclismo con el impulso del Gobierno de Arag\\u00f3n, y ha incluido la prueba en el calendario de 2018. Se cumple as\\u00ed uno de los retos deportivos y tur\\u00edsticos del Gobierno\",\"inLanguage\":\"es-ES\",\"isPartOf\":{\"@id\":\"https:\\\/\\\/www.eldigitaldeasturias.com\\\/noticias\\\/#website\"},\"breadcrumb\":{\"@id\":\"https:\\\/\\\/www.eldigitaldeasturias.com\\\/noticias\\\/aragon-recupera-su-vuelta-ciclista\\\/#breadcrumblist\"},\"author\":{\"@id\":\"https:\\\/\\\/www.eldigitaldeasturias.com\\\/noticias\\\/author\\\/admin\\\/#author\"},\"creator\":{\"@id\":\"https:\\\/\\\/www.eldigitaldeasturias.com\\\/noticias\\\/author\\\/admin\\\/#author\"},\"image\":{\"@type\":\"ImageObject\",\"url\":953409,\"@id\":\"https:\\\/\\\/www.eldigitaldeasturias.com\\\/noticias\\\/aragon-recupera-su-vuelta-ciclista\\\/#mainImage\"},\"primaryImageOfPage\":{\"@id\":\"https:\\\/\\\/www.eldigitaldeasturias.com\\\/noticias\\\/aragon-recupera-su-vuelta-ciclista\\\/#mainImage\"},\"datePublished\":\"2017-09-21T13:14:44+02:00\",\"dateModified\":\"2017-09-21T13:14:44+02:00\"},{\"@type\":\"WebSite\",\"@id\":\"https:\\\/\\\/www.eldigitaldeasturias.com\\\/noticias\\\/#website\",\"url\":\"https:\\\/\\\/www.eldigitaldeasturias.com\\\/noticias\\\/\",\"name\":\"El Digital de Asturias - Diario de actualidad y noticias\",\"alternateName\":\"El Digital de Asturias - Diario de actualidad y noticias\",\"description\":\"Hemeroteca\",\"inLanguage\":\"es-ES\",\"publisher\":{\"@id\":\"https:\\\/\\\/www.eldigitaldeasturias.com\\\/noticias\\\/#organization\"}}]}\n\t\t<\/script>\n\t\t<!-- All in One SEO Pro -->\r\n\t\t<title>Arag\u00f3n recupera su vuelta ciclista - El Digital de Asturias<\/title>\n\n","aioseo_head_json":{"title":"Arag\u00f3n recupera su vuelta ciclista - El Digital de Asturias","description":"La Uni\u00f3n Ciclista Internacional (UCI) ha dado el visto bueno al proyecto para la recuperaci\u00f3n de la Vuelta Arag\u00f3n, presentado por la Federaci\u00f3n Aragonesa de Ciclismo con el impulso del Gobierno de Arag\u00f3n, y ha incluido la prueba en el calendario de 2018. Se cumple as\u00ed uno de los retos deportivos y tur\u00edsticos del Gobierno","canonical_url":"https:\/\/www.eldigitaldeasturias.com\/noticias\/aragon-recupera-su-vuelta-ciclista\/","robots":"max-image-preview:large","keywords":"actualidad","webmasterTools":{"google-site-verification":"UA-38556648-1","msvalidate.01":"7dfe9f3f1b24437ab69f4f2559babe99","miscellaneous":""},"schema":{"@context":"https:\/\/schema.org","@graph":[{"@type":"BlogPosting","@id":"https:\/\/www.eldigitaldeasturias.com\/noticias\/aragon-recupera-su-vuelta-ciclista\/#blogposting","name":"Arag\u00f3n recupera su vuelta ciclista - El Digital de Asturias","headline":"Arag\u00f3n recupera su vuelta ciclista","author":{"@id":"https:\/\/www.eldigitaldeasturias.com\/noticias\/author\/admin\/#author"},"publisher":{"@id":"https:\/\/www.eldigitaldeasturias.com\/noticias\/#organization"},"image":{"@type":"ImageObject","url":953409},"datePublished":"2017-09-21T13:14:44+02:00","dateModified":"2017-09-21T13:14:44+02:00","inLanguage":"es-ES","mainEntityOfPage":{"@id":"https:\/\/www.eldigitaldeasturias.com\/noticias\/aragon-recupera-su-vuelta-ciclista\/#webpage"},"isPartOf":{"@id":"https:\/\/www.eldigitaldeasturias.com\/noticias\/aragon-recupera-su-vuelta-ciclista\/#webpage"},"articleSection":"Actualidad"},{"@type":"BreadcrumbList","@id":"https:\/\/www.eldigitaldeasturias.com\/noticias\/aragon-recupera-su-vuelta-ciclista\/#breadcrumblist","itemListElement":[{"@type":"ListItem","@id":"https:\/\/www.eldigitaldeasturias.com\/noticias#listItem","position":1,"name":"Home","item":"https:\/\/www.eldigitaldeasturias.com\/noticias","nextItem":{"@type":"ListItem","@id":"https:\/\/www.eldigitaldeasturias.com\/noticias\/category\/actualidad\/#listItem","name":"Actualidad"}},{"@type":"ListItem","@id":"https:\/\/www.eldigitaldeasturias.com\/noticias\/category\/actualidad\/#listItem","position":2,"name":"Actualidad","item":"https:\/\/www.eldigitaldeasturias.com\/noticias\/category\/actualidad\/","nextItem":{"@type":"ListItem","@id":"https:\/\/www.eldigitaldeasturias.com\/noticias\/aragon-recupera-su-vuelta-ciclista\/#listItem","name":"Arag\u00f3n recupera su vuelta ciclista"},"previousItem":{"@type":"ListItem","@id":"https:\/\/www.eldigitaldeasturias.com\/noticias#listItem","name":"Home"}},{"@type":"ListItem","@id":"https:\/\/www.eldigitaldeasturias.com\/noticias\/aragon-recupera-su-vuelta-ciclista\/#listItem","position":3,"name":"Arag\u00f3n recupera su vuelta ciclista","previousItem":{"@type":"ListItem","@id":"https:\/\/www.eldigitaldeasturias.com\/noticias\/category\/actualidad\/#listItem","name":"Actualidad"}}]},{"@type":"Organization","@id":"https:\/\/www.eldigitaldeasturias.com\/noticias\/#organization","name":"El Digital de Asturias","description":"Hemeroteca","url":"https:\/\/www.eldigitaldeasturias.com\/noticias\/","email":"info@eldigitaldeasturias.com","telephone":"+34652131393","logo":{"@type":"ImageObject","url":"https:\/\/www.eldigitaldeasturias.com\/noticias\/wp-content\/uploads\/2020\/12\/EDA.jpg","@id":"https:\/\/www.eldigitaldeasturias.com\/noticias\/aragon-recupera-su-vuelta-ciclista\/#organizationLogo"},"image":{"@id":"https:\/\/www.eldigitaldeasturias.com\/noticias\/aragon-recupera-su-vuelta-ciclista\/#organizationLogo"},"sameAs":["https:\/\/facebook.com\/eldigitaldeasturias","https:\/\/www.youtube.com\/channel\/UCZP-2wLEB9Rv6erhFmqVnvg"],"address":{"@id":"https:\/\/www.eldigitaldeasturias.com\/noticias\/#postaladdress","@type":"PostalAddress","streetAddress":"san antonio 4","postalCode":"33430","addressLocality":"Cand\u00e1s","addressRegion":"Asturias","addressCountry":"ES"}},{"@type":"Person","@id":"https:\/\/www.eldigitaldeasturias.com\/noticias\/author\/admin\/#author","url":"https:\/\/www.eldigitaldeasturias.com\/noticias\/author\/admin\/","name":"El Digital de Asturias","image":{"@type":"ImageObject","@id":"https:\/\/www.eldigitaldeasturias.com\/noticias\/aragon-recupera-su-vuelta-ciclista\/#authorImage","url":"https:\/\/secure.gravatar.com\/avatar\/df2aeffc32bcd13f8d26072ef8a91b623d677766deac7f97ca815868cd41bf5e?s=96&d=mm&r=g","width":96,"height":96,"caption":"El Digital de Asturias"}},{"@type":"WebPage","@id":"https:\/\/www.eldigitaldeasturias.com\/noticias\/aragon-recupera-su-vuelta-ciclista\/#webpage","url":"https:\/\/www.eldigitaldeasturias.com\/noticias\/aragon-recupera-su-vuelta-ciclista\/","name":"Arag\u00f3n recupera su vuelta ciclista - El Digital de Asturias","description":"La Uni\u00f3n Ciclista Internacional (UCI) ha dado el visto bueno al proyecto para la recuperaci\u00f3n de la Vuelta Arag\u00f3n, presentado por la Federaci\u00f3n Aragonesa de Ciclismo con el impulso del Gobierno de Arag\u00f3n, y ha incluido la prueba en el calendario de 2018. Se cumple as\u00ed uno de los retos deportivos y tur\u00edsticos del Gobierno","inLanguage":"es-ES","isPartOf":{"@id":"https:\/\/www.eldigitaldeasturias.com\/noticias\/#website"},"breadcrumb":{"@id":"https:\/\/www.eldigitaldeasturias.com\/noticias\/aragon-recupera-su-vuelta-ciclista\/#breadcrumblist"},"author":{"@id":"https:\/\/www.eldigitaldeasturias.com\/noticias\/author\/admin\/#author"},"creator":{"@id":"https:\/\/www.eldigitaldeasturias.com\/noticias\/author\/admin\/#author"},"image":{"@type":"ImageObject","url":953409,"@id":"https:\/\/www.eldigitaldeasturias.com\/noticias\/aragon-recupera-su-vuelta-ciclista\/#mainImage"},"primaryImageOfPage":{"@id":"https:\/\/www.eldigitaldeasturias.com\/noticias\/aragon-recupera-su-vuelta-ciclista\/#mainImage"},"datePublished":"2017-09-21T13:14:44+02:00","dateModified":"2017-09-21T13:14:44+02:00"},{"@type":"WebSite","@id":"https:\/\/www.eldigitaldeasturias.com\/noticias\/#website","url":"https:\/\/www.eldigitaldeasturias.com\/noticias\/","name":"El Digital de Asturias - Diario de actualidad y noticias","alternateName":"El Digital de Asturias - Diario de actualidad y noticias","description":"Hemeroteca","inLanguage":"es-ES","publisher":{"@id":"https:\/\/www.eldigitaldeasturias.com\/noticias\/#organization"}}]},"og:locale":"es_ES","og:site_name":"El Digital de Asturias","og:type":"article","og:title":"Arag\u00f3n recupera su vuelta ciclista - El Digital de Asturias","og:description":"La Uni\u00f3n Ciclista Internacional (UCI) ha dado el visto bueno al proyecto para la recuperaci\u00f3n de la Vuelta Arag\u00f3n, presentado por la Federaci\u00f3n Aragonesa de Ciclismo con el impulso del Gobierno de Arag\u00f3n, y ha incluido la prueba en el calendario de 2018. Se cumple as\u00ed uno de los retos deportivos y tur\u00edsticos del Gobierno","og:url":"https:\/\/www.eldigitaldeasturias.com\/noticias\/aragon-recupera-su-vuelta-ciclista\/","article:tag":["actualidad"],"article:published_time":"2017-09-21T13:14:44+00:00","article:modified_time":"2017-09-21T13:14:44+00:00","article:publisher":"https:\/\/facebook.com\/eldigitaldeasturias","twitter:card":"summary_large_image","twitter:title":"Arag\u00f3n recupera su vuelta ciclista - El Digital de Asturias","twitter:description":"La Uni\u00f3n Ciclista Internacional (UCI) ha dado el visto bueno al proyecto para la recuperaci\u00f3n de la Vuelta Arag\u00f3n, presentado por la Federaci\u00f3n Aragonesa de Ciclismo con el impulso del Gobierno de Arag\u00f3n, y ha incluido la prueba en el calendario de 2018. Se cumple as\u00ed uno de los retos deportivos y tur\u00edsticos del Gobierno","twitter:image":"https:\/\/www.eldigitaldeasturias.com\/noticias\/wp-content\/uploads\/2020\/12\/EDA-1.jpg","twitter:label1":"Escrito por","twitter:data1":"El Digital de Asturias","twitter:label2":"Tiempo de lectura estimado","twitter:data2":"2 minutos"},"aioseo_meta_data":{"post_id":"953408","title":null,"description":null,"keywords":null,"keyphrases":null,"primary_term":null,"canonical_url":null,"og_title":null,"og_description":null,"og_object_type":"default","og_image_type":"default","og_image_url":null,"og_image_width":null,"og_image_height":null,"og_image_custom_url":null,"og_image_custom_fields":null,"og_video":null,"og_custom_url":null,"og_article_section":null,"og_article_tags":null,"twitter_use_og":false,"twitter_card":"default","twitter_image_type":"default","twitter_image_url":null,"twitter_image_custom_url":null,"twitter_image_custom_fields":null,"twitter_title":null,"twitter_description":null,"schema":{"blockGraphs":[],"customGraphs":[],"default":{"data":{"Article":[],"Course":[],"Dataset":[],"FAQPage":[],"Movie":[],"Person":[],"Product":[],"ProductReview":[],"Car":[],"Recipe":[],"Service":[],"SoftwareApplication":[],"WebPage":[]},"graphName":"","isEnabled":true},"graphs":[],"defaultGraph":"","defaultPostTypeGraph":""},"schema_type":null,"schema_type_options":null,"pillar_content":false,"robots_default":true,"robots_noindex":false,"robots_noarchive":false,"robots_nosnippet":false,"robots_nofollow":false,"robots_noimageindex":false,"robots_noodp":false,"robots_notranslate":false,"robots_max_snippet":null,"robots_max_videopreview":null,"robots_max_imagepreview":"large","priority":null,"frequency":null,"local_seo":null,"seo_analyzer_scan_date":"2025-12-06 02:20:16","breadcrumb_settings":null,"limit_modified_date":false,"open_ai":null,"ai":null,"created":"2020-12-21 12:57:24","updated":"2025-12-06 02:20:16","focus_keyword":null,"additional_keywords":null,"truseo_locale":null},"aioseo_breadcrumb":"<div class=\"aioseo-breadcrumbs\"><span class=\"aioseo-breadcrumb\">\n\t<a href=\"https:\/\/www.eldigitaldeasturias.com\/noticias\" title=\"Home\">Home<\/a>\n<\/span><span class=\"aioseo-breadcrumb-separator\">\u2013<\/span><span class=\"aioseo-breadcrumb\">\n\t<a href=\"https:\/\/www.eldigitaldeasturias.com\/noticias\/category\/actualidad\/\" title=\"Actualidad\">Actualidad<\/a>\n<\/span><span class=\"aioseo-breadcrumb-separator\">\u2013<\/span><span class=\"aioseo-breadcrumb\">\n\t<a href=\"https:\/\/www.eldigitaldeasturias.com\/noticias\/aragon-recupera-su-vuelta-ciclista\/\" title=\"Arag\u00f3n recupera su vuelta ciclista\">Arag\u00f3n recupera su vuelta ciclista<\/a>\n<\/span><\/div>","aioseo_breadcrumb_json":[{"label":"Home","link":"https:\/\/www.eldigitaldeasturias.com\/noticias"},{"label":"Actualidad","link":"https:\/\/www.eldigitaldeasturias.com\/noticias\/category\/actualidad\/"},{"label":"Arag\u00f3n recupera su vuelta ciclista","link":"https:\/\/www.eldigitaldeasturias.com\/noticias\/aragon-recupera-su-vuelta-ciclista\/"}],"_links":{"self":[{"href":"https:\/\/www.eldigitaldeasturias.com\/noticias\/wp-json\/wp\/v2\/posts\/953408","targetHints":{"allow":["GET"]}}],"collection":[{"href":"https:\/\/www.eldigitaldeasturias.com\/noticias\/wp-json\/wp\/v2\/posts"}],"about":[{"href":"https:\/\/www.eldigitaldeasturias.com\/noticias\/wp-json\/wp\/v2\/types\/post"}],"author":[{"embeddable":true,"href":"https:\/\/www.eldigitaldeasturias.com\/noticias\/wp-json\/wp\/v2\/users\/1"}],"replies":[{"embeddable":true,"href":"https:\/\/www.eldigitaldeasturias.com\/noticias\/wp-json\/wp\/v2\/comments?post=953408"}],"version-history":[{"count":0,"href":"https:\/\/www.eldigitaldeasturias.com\/noticias\/wp-json\/wp\/v2\/posts\/953408\/revisions"}],"wp:attachment":[{"href":"https:\/\/www.eldigitaldeasturias.com\/noticias\/wp-json\/wp\/v2\/media?parent=953408"}],"wp:term":[{"taxonomy":"category","embeddable":true,"href":"https:\/\/www.eldigitaldeasturias.com\/noticias\/wp-json\/wp\/v2\/categories?post=953408"},{"taxonomy":"post_tag","embeddable":true,"href":"https:\/\/www.eldigitaldeasturias.com\/noticias\/wp-json\/wp\/v2\/tags?post=953408"}],"curies":[{"name":"wp","href":"https:\/\/api.w.org\/{rel}","templated":true}]}}