{"id":953397,"date":"2017-09-20T21:04:46","date_gmt":"2017-09-20T21:04:46","guid":{"rendered":"http:\/\/www.eldigitaldeasturias.com\/noticias\/?p=953397"},"modified":"2017-09-20T21:04:46","modified_gmt":"2017-09-20T21:04:46","slug":"semana-de-goya-zaragoza-fuendetodos","status":"publish","type":"post","link":"https:\/\/www.eldigitaldeasturias.com\/noticias\/semana-de-goya-zaragoza-fuendetodos\/","title":{"rendered":"Semana de Goya Zaragoza-Fuendetodos"},"content":{"rendered":"<p><img loading=\"lazy\" decoding=\"async\" class=\"alignleft size-medium wp-image-953398\" src=\"https:\/\/www.eldigitaldeasturias.com\/noticias\/wp-content\/uploads\/2017\/09\/presentacion_de_goya-360x159.jpg\" alt=\"\" width=\"360\" height=\"159\" \/>El consejero de Vertebraci\u00f3n del Territorio, Movilidad y Vivienda, Jos\u00e9 Luis Soro, ha participado en la presentaci\u00f3n de los actos de la \u201cSemana Goya Zaragoza-Fuendetodos\u201d que impulsa la C\u00e1mara de Zaragoza y el ayuntamiento de Fuendetodos con la colaboraci\u00f3n del Gobierno de Arag\u00f3n, el ayuntamiento de Zaragoza y la DPZ entre otras entidades.<\/p>\n<p>El consejero ha felicitado a los organizadores por la ampliaci\u00f3n de esta iniciativa con \u201cprograma variado y completo, a la altura de su protagonista\u201d. Para el consejero \u201ciniciativas como la Semana Goya Zaragoza-Fuendetodos son un gran instrumento\u201d. Jos\u00e9 Luis Soro ha explicado que \u201cla organizaci\u00f3n de estos actos expresan perfectamente que, para Arag\u00f3n, Goya -adem\u00e1s de un icono cultural- es un icono tur\u00edstico, capaz de aglutinar un mercado con sensibilidad de turismo de interior, cultural con may\u00fasculas y, sobre todo, de calidad\u201d.<\/p>\n<p>Soro ha explicado que desde la direcci\u00f3n general de Turismo y desde Turismo de Arag\u00f3n se est\u00e1 trabajando tambi\u00e9n en la puesta en valor de Goya como recurso tur\u00edstico como un s\u00edmbolo que nos identifique, y, para ello, \u201ces preciso, antes que nada, que seamos los propios aragoneses y aragonesas quienes nos creamos de verdad esta referencia\u201d. Tal y como ha se\u00f1alado Soro \u201cforma parte de nuestro legado colectivo como pueblo\u201d.<\/p>\n<p>Dentro de la acciones llevadas a cabo por el Gobierno de Arag\u00f3n, se ha iniciado una l\u00ednea de trabajo con Burdeos donde se celebr\u00f3 un primer acto de promoci\u00f3n, en colaboraci\u00f3n con la Obra Social de Ibercaja y el Museo de Zaragoza \u201cy lo hicimos en la ciudad donde Goya vivi\u00f3 sus \u00faltimos a\u00f1os en el exilio; en la casa que fue su \u00faltimo hogar hasta su muerte, y que hoy es la sede del Instituto Cervantes\u201d.<\/p>\n<p>Unos meses despu\u00e9s, se realiz\u00f3 otra acci\u00f3n de promoci\u00f3n en Zaragoza, \u201cla ciudad en la que Goya vivi\u00f3 su infancia, adolescencia y primeros a\u00f1os de juventud, y donde comenz\u00f3 su formaci\u00f3n como pintor\u201d.<\/p>\n<p>\u201cEl resultado de estas acciones ha sido muy fruct\u00edfero\u201d ha se\u00f1alado el consejero quien ha a\u00f1adido que \u201cgracias a la complicidad de las agencias de viajes receptivas de Arag\u00f3n, que han desarrollado una intensa labor comercial, conseguimos que las agencias francesas programaran 6 circuitos culturales, adem\u00e1s de visitas de grupos de escolares\u201d. En total unas 800 personas que han visitado Arag\u00f3n siguiendo los pasos de Goya, adem\u00e1s de todas las que han solicitado la informaci\u00f3n y han viajado de forma independiente.<\/p>\n<p>El consejero ha recordado que \u201cGoya trasciende a Arag\u00f3n. Como todos los genios, es una figura universal. Su legado pertenece a toda la humanidad\u201d pero ha a\u00f1adido que \u201ctenemos el orgullo de que Goya naciera en Arag\u00f3n; viviera su infancia, adolescencia y primeros a\u00f1os de juventud en Arag\u00f3n; comenzara su formaci\u00f3n como pintor en Arag\u00f3n. Goya nunca perdi\u00f3 el contacto con Arag\u00f3n ni renunci\u00f3 a su condici\u00f3n de aragon\u00e9s, todo lo contrario\u201d.<\/p>\n<p>&nbsp;<\/p>\n","protected":false},"excerpt":{"rendered":"<p>El consejero de Vertebraci\u00f3n del Territorio, Movilidad y Vivienda, Jos\u00e9 Luis Soro, ha participado en la presentaci\u00f3n de los actos de la \u201cSemana Goya Zaragoza-Fuendetodos\u201d que impulsa la C\u00e1mara de Zaragoza y el ayuntamiento de Fuendetodos con la colaboraci\u00f3n del Gobierno de Arag\u00f3n, el ayuntamiento de Zaragoza y la DPZ entre otras entidades. El consejero [&hellip;]<\/p>\n","protected":false},"author":1,"featured_media":953398,"comment_status":"closed","ping_status":"closed","sticky":false,"template":"","format":"standard","meta":{"footnotes":""},"categories":[1],"tags":[],"class_list":["post-953397","post","type-post","status-publish","format-standard","has-post-thumbnail","hentry","category-actualidad"],"aioseo_notices":[],"aioseo_head":"\n\t\t<!-- All in One SEO Pro 5.0.1 - aioseo.com -->\n\t<meta name=\"description\" content=\"El consejero de Vertebraci\u00f3n del Territorio, Movilidad y Vivienda, Jos\u00e9 Luis Soro, ha participado en la presentaci\u00f3n de los actos de la \u201cSemana Goya Zaragoza-Fuendetodos\u201d que impulsa la C\u00e1mara de Zaragoza y el ayuntamiento de Fuendetodos con la colaboraci\u00f3n del Gobierno de Arag\u00f3n, el ayuntamiento de Zaragoza y la DPZ entre otras entidades. El consejero\" \/>\n\t<meta name=\"robots\" content=\"max-image-preview:large\" \/>\n\t<meta name=\"author\" content=\"El Digital de Asturias\"\/>\n\t<meta name=\"google-site-verification\" content=\"UA-38556648-1\" \/>\n\t<meta name=\"msvalidate.01\" content=\"7dfe9f3f1b24437ab69f4f2559babe99\" \/>\n\t<meta name=\"keywords\" content=\"actualidad\" \/>\n\t<link rel=\"canonical\" href=\"https:\/\/www.eldigitaldeasturias.com\/noticias\/semana-de-goya-zaragoza-fuendetodos\/\" \/>\n\t<meta name=\"generator\" content=\"All in One SEO Pro (AIOSEO) 5.0.1\" \/>\n\t\t<meta property=\"og:locale\" content=\"es_ES\" \/>\n\t\t<meta property=\"og:site_name\" content=\"El Digital de Asturias\" \/>\n\t\t<meta property=\"og:type\" content=\"article\" \/>\n\t\t<meta property=\"og:title\" content=\"Semana de Goya Zaragoza-Fuendetodos - El Digital de Asturias\" \/>\n\t\t<meta property=\"og:description\" content=\"El consejero de Vertebraci\u00f3n del Territorio, Movilidad y Vivienda, Jos\u00e9 Luis Soro, ha participado en la presentaci\u00f3n de los actos de la \u201cSemana Goya Zaragoza-Fuendetodos\u201d que impulsa la C\u00e1mara de Zaragoza y el ayuntamiento de Fuendetodos con la colaboraci\u00f3n del Gobierno de Arag\u00f3n, el ayuntamiento de Zaragoza y la DPZ entre otras entidades. El consejero\" \/>\n\t\t<meta property=\"og:url\" content=\"https:\/\/www.eldigitaldeasturias.com\/noticias\/semana-de-goya-zaragoza-fuendetodos\/\" \/>\n\t\t<meta property=\"article:tag\" content=\"actualidad\" \/>\n\t\t<meta property=\"article:published_time\" content=\"2017-09-20T21:04:46+00:00\" \/>\n\t\t<meta property=\"article:modified_time\" content=\"2017-09-20T21:04:46+00:00\" \/>\n\t\t<meta property=\"article:publisher\" content=\"https:\/\/facebook.com\/eldigitaldeasturias\" \/>\n\t\t<meta name=\"twitter:card\" content=\"summary_large_image\" \/>\n\t\t<meta name=\"twitter:title\" content=\"Semana de Goya Zaragoza-Fuendetodos - El Digital de Asturias\" \/>\n\t\t<meta name=\"twitter:description\" content=\"El consejero de Vertebraci\u00f3n del Territorio, Movilidad y Vivienda, Jos\u00e9 Luis Soro, ha participado en la presentaci\u00f3n de los actos de la \u201cSemana Goya Zaragoza-Fuendetodos\u201d que impulsa la C\u00e1mara de Zaragoza y el ayuntamiento de Fuendetodos con la colaboraci\u00f3n del Gobierno de Arag\u00f3n, el ayuntamiento de Zaragoza y la DPZ entre otras entidades. El consejero\" \/>\n\t\t<meta name=\"twitter:image\" content=\"https:\/\/www.eldigitaldeasturias.com\/noticias\/wp-content\/uploads\/2020\/12\/EDA-1.jpg\" \/>\n\t\t<meta name=\"twitter:label1\" content=\"Escrito por\" \/>\n\t\t<meta name=\"twitter:data1\" content=\"El Digital de Asturias\" \/>\n\t\t<meta name=\"twitter:label2\" content=\"Tiempo de lectura estimado\" \/>\n\t\t<meta name=\"twitter:data2\" content=\"3 minutos\" \/>\n\t\t<script type=\"application\/ld+json\" class=\"aioseo-schema\">\n\t\t\t{\"@context\":\"https:\\\/\\\/schema.org\",\"@graph\":[{\"@type\":\"BlogPosting\",\"@id\":\"https:\\\/\\\/www.eldigitaldeasturias.com\\\/noticias\\\/semana-de-goya-zaragoza-fuendetodos\\\/#blogposting\",\"name\":\"Semana de Goya Zaragoza-Fuendetodos - El Digital de Asturias\",\"headline\":\"Semana de Goya Zaragoza-Fuendetodos\",\"author\":{\"@id\":\"https:\\\/\\\/www.eldigitaldeasturias.com\\\/noticias\\\/author\\\/admin\\\/#author\"},\"publisher\":{\"@id\":\"https:\\\/\\\/www.eldigitaldeasturias.com\\\/noticias\\\/#organization\"},\"image\":{\"@type\":\"ImageObject\",\"url\":953398},\"datePublished\":\"2017-09-20T21:04:46+02:00\",\"dateModified\":\"2017-09-20T21:04:46+02:00\",\"inLanguage\":\"es-ES\",\"mainEntityOfPage\":{\"@id\":\"https:\\\/\\\/www.eldigitaldeasturias.com\\\/noticias\\\/semana-de-goya-zaragoza-fuendetodos\\\/#webpage\"},\"isPartOf\":{\"@id\":\"https:\\\/\\\/www.eldigitaldeasturias.com\\\/noticias\\\/semana-de-goya-zaragoza-fuendetodos\\\/#webpage\"},\"articleSection\":\"Actualidad\"},{\"@type\":\"BreadcrumbList\",\"@id\":\"https:\\\/\\\/www.eldigitaldeasturias.com\\\/noticias\\\/semana-de-goya-zaragoza-fuendetodos\\\/#breadcrumblist\",\"itemListElement\":[{\"@type\":\"ListItem\",\"@id\":\"https:\\\/\\\/www.eldigitaldeasturias.com\\\/noticias#listItem\",\"position\":1,\"name\":\"Home\",\"item\":\"https:\\\/\\\/www.eldigitaldeasturias.com\\\/noticias\",\"nextItem\":{\"@type\":\"ListItem\",\"@id\":\"https:\\\/\\\/www.eldigitaldeasturias.com\\\/noticias\\\/category\\\/actualidad\\\/#listItem\",\"name\":\"Actualidad\"}},{\"@type\":\"ListItem\",\"@id\":\"https:\\\/\\\/www.eldigitaldeasturias.com\\\/noticias\\\/category\\\/actualidad\\\/#listItem\",\"position\":2,\"name\":\"Actualidad\",\"item\":\"https:\\\/\\\/www.eldigitaldeasturias.com\\\/noticias\\\/category\\\/actualidad\\\/\",\"nextItem\":{\"@type\":\"ListItem\",\"@id\":\"https:\\\/\\\/www.eldigitaldeasturias.com\\\/noticias\\\/semana-de-goya-zaragoza-fuendetodos\\\/#listItem\",\"name\":\"Semana de Goya Zaragoza-Fuendetodos\"},\"previousItem\":{\"@type\":\"ListItem\",\"@id\":\"https:\\\/\\\/www.eldigitaldeasturias.com\\\/noticias#listItem\",\"name\":\"Home\"}},{\"@type\":\"ListItem\",\"@id\":\"https:\\\/\\\/www.eldigitaldeasturias.com\\\/noticias\\\/semana-de-goya-zaragoza-fuendetodos\\\/#listItem\",\"position\":3,\"name\":\"Semana de Goya Zaragoza-Fuendetodos\",\"previousItem\":{\"@type\":\"ListItem\",\"@id\":\"https:\\\/\\\/www.eldigitaldeasturias.com\\\/noticias\\\/category\\\/actualidad\\\/#listItem\",\"name\":\"Actualidad\"}}]},{\"@type\":\"Organization\",\"@id\":\"https:\\\/\\\/www.eldigitaldeasturias.com\\\/noticias\\\/#organization\",\"name\":\"El Digital de Asturias\",\"description\":\"Hemeroteca\",\"url\":\"https:\\\/\\\/www.eldigitaldeasturias.com\\\/noticias\\\/\",\"email\":\"info@eldigitaldeasturias.com\",\"telephone\":\"+34652131393\",\"logo\":{\"@type\":\"ImageObject\",\"url\":\"https:\\\/\\\/www.eldigitaldeasturias.com\\\/noticias\\\/wp-content\\\/uploads\\\/2020\\\/12\\\/EDA.jpg\",\"@id\":\"https:\\\/\\\/www.eldigitaldeasturias.com\\\/noticias\\\/semana-de-goya-zaragoza-fuendetodos\\\/#organizationLogo\"},\"image\":{\"@id\":\"https:\\\/\\\/www.eldigitaldeasturias.com\\\/noticias\\\/semana-de-goya-zaragoza-fuendetodos\\\/#organizationLogo\"},\"sameAs\":[\"https:\\\/\\\/facebook.com\\\/eldigitaldeasturias\",\"https:\\\/\\\/www.youtube.com\\\/channel\\\/UCZP-2wLEB9Rv6erhFmqVnvg\"],\"address\":{\"@id\":\"https:\\\/\\\/www.eldigitaldeasturias.com\\\/noticias\\\/#postaladdress\",\"@type\":\"PostalAddress\",\"streetAddress\":\"san antonio 4\",\"postalCode\":\"33430\",\"addressLocality\":\"Cand\\u00e1s\",\"addressRegion\":\"Asturias\",\"addressCountry\":\"ES\"}},{\"@type\":\"Person\",\"@id\":\"https:\\\/\\\/www.eldigitaldeasturias.com\\\/noticias\\\/author\\\/admin\\\/#author\",\"url\":\"https:\\\/\\\/www.eldigitaldeasturias.com\\\/noticias\\\/author\\\/admin\\\/\",\"name\":\"El Digital de Asturias\",\"image\":{\"@type\":\"ImageObject\",\"@id\":\"https:\\\/\\\/www.eldigitaldeasturias.com\\\/noticias\\\/semana-de-goya-zaragoza-fuendetodos\\\/#authorImage\",\"url\":\"https:\\\/\\\/secure.gravatar.com\\\/avatar\\\/df2aeffc32bcd13f8d26072ef8a91b623d677766deac7f97ca815868cd41bf5e?s=96&d=mm&r=g\",\"width\":96,\"height\":96,\"caption\":\"El Digital de Asturias\"}},{\"@type\":\"WebPage\",\"@id\":\"https:\\\/\\\/www.eldigitaldeasturias.com\\\/noticias\\\/semana-de-goya-zaragoza-fuendetodos\\\/#webpage\",\"url\":\"https:\\\/\\\/www.eldigitaldeasturias.com\\\/noticias\\\/semana-de-goya-zaragoza-fuendetodos\\\/\",\"name\":\"Semana de Goya Zaragoza-Fuendetodos - El Digital de Asturias\",\"description\":\"El consejero de Vertebraci\\u00f3n del Territorio, Movilidad y Vivienda, Jos\\u00e9 Luis Soro, ha participado en la presentaci\\u00f3n de los actos de la \\u201cSemana Goya Zaragoza-Fuendetodos\\u201d que impulsa la C\\u00e1mara de Zaragoza y el ayuntamiento de Fuendetodos con la colaboraci\\u00f3n del Gobierno de Arag\\u00f3n, el ayuntamiento de Zaragoza y la DPZ entre otras entidades. El consejero\",\"inLanguage\":\"es-ES\",\"isPartOf\":{\"@id\":\"https:\\\/\\\/www.eldigitaldeasturias.com\\\/noticias\\\/#website\"},\"breadcrumb\":{\"@id\":\"https:\\\/\\\/www.eldigitaldeasturias.com\\\/noticias\\\/semana-de-goya-zaragoza-fuendetodos\\\/#breadcrumblist\"},\"author\":{\"@id\":\"https:\\\/\\\/www.eldigitaldeasturias.com\\\/noticias\\\/author\\\/admin\\\/#author\"},\"creator\":{\"@id\":\"https:\\\/\\\/www.eldigitaldeasturias.com\\\/noticias\\\/author\\\/admin\\\/#author\"},\"image\":{\"@type\":\"ImageObject\",\"url\":953398,\"@id\":\"https:\\\/\\\/www.eldigitaldeasturias.com\\\/noticias\\\/semana-de-goya-zaragoza-fuendetodos\\\/#mainImage\"},\"primaryImageOfPage\":{\"@id\":\"https:\\\/\\\/www.eldigitaldeasturias.com\\\/noticias\\\/semana-de-goya-zaragoza-fuendetodos\\\/#mainImage\"},\"datePublished\":\"2017-09-20T21:04:46+02:00\",\"dateModified\":\"2017-09-20T21:04:46+02:00\"},{\"@type\":\"WebSite\",\"@id\":\"https:\\\/\\\/www.eldigitaldeasturias.com\\\/noticias\\\/#website\",\"url\":\"https:\\\/\\\/www.eldigitaldeasturias.com\\\/noticias\\\/\",\"name\":\"El Digital de Asturias - Diario de actualidad y noticias\",\"alternateName\":\"El Digital de Asturias - Diario de actualidad y noticias\",\"description\":\"Hemeroteca\",\"inLanguage\":\"es-ES\",\"publisher\":{\"@id\":\"https:\\\/\\\/www.eldigitaldeasturias.com\\\/noticias\\\/#organization\"}}]}\n\t\t<\/script>\n\t\t<!-- All in One SEO Pro -->\r\n\t\t<title>Semana de Goya Zaragoza-Fuendetodos - El Digital de Asturias<\/title>\n\n","aioseo_head_json":{"title":"Semana de Goya Zaragoza-Fuendetodos - El Digital de Asturias","description":"El consejero de Vertebraci\u00f3n del Territorio, Movilidad y Vivienda, Jos\u00e9 Luis Soro, ha participado en la presentaci\u00f3n de los actos de la \u201cSemana Goya Zaragoza-Fuendetodos\u201d que impulsa la C\u00e1mara de Zaragoza y el ayuntamiento de Fuendetodos con la colaboraci\u00f3n del Gobierno de Arag\u00f3n, el ayuntamiento de Zaragoza y la DPZ entre otras entidades. El consejero","canonical_url":"https:\/\/www.eldigitaldeasturias.com\/noticias\/semana-de-goya-zaragoza-fuendetodos\/","robots":"max-image-preview:large","keywords":"actualidad","webmasterTools":{"google-site-verification":"UA-38556648-1","msvalidate.01":"7dfe9f3f1b24437ab69f4f2559babe99","miscellaneous":""},"schema":{"@context":"https:\/\/schema.org","@graph":[{"@type":"BlogPosting","@id":"https:\/\/www.eldigitaldeasturias.com\/noticias\/semana-de-goya-zaragoza-fuendetodos\/#blogposting","name":"Semana de Goya Zaragoza-Fuendetodos - El Digital de Asturias","headline":"Semana de Goya Zaragoza-Fuendetodos","author":{"@id":"https:\/\/www.eldigitaldeasturias.com\/noticias\/author\/admin\/#author"},"publisher":{"@id":"https:\/\/www.eldigitaldeasturias.com\/noticias\/#organization"},"image":{"@type":"ImageObject","url":953398},"datePublished":"2017-09-20T21:04:46+02:00","dateModified":"2017-09-20T21:04:46+02:00","inLanguage":"es-ES","mainEntityOfPage":{"@id":"https:\/\/www.eldigitaldeasturias.com\/noticias\/semana-de-goya-zaragoza-fuendetodos\/#webpage"},"isPartOf":{"@id":"https:\/\/www.eldigitaldeasturias.com\/noticias\/semana-de-goya-zaragoza-fuendetodos\/#webpage"},"articleSection":"Actualidad"},{"@type":"BreadcrumbList","@id":"https:\/\/www.eldigitaldeasturias.com\/noticias\/semana-de-goya-zaragoza-fuendetodos\/#breadcrumblist","itemListElement":[{"@type":"ListItem","@id":"https:\/\/www.eldigitaldeasturias.com\/noticias#listItem","position":1,"name":"Home","item":"https:\/\/www.eldigitaldeasturias.com\/noticias","nextItem":{"@type":"ListItem","@id":"https:\/\/www.eldigitaldeasturias.com\/noticias\/category\/actualidad\/#listItem","name":"Actualidad"}},{"@type":"ListItem","@id":"https:\/\/www.eldigitaldeasturias.com\/noticias\/category\/actualidad\/#listItem","position":2,"name":"Actualidad","item":"https:\/\/www.eldigitaldeasturias.com\/noticias\/category\/actualidad\/","nextItem":{"@type":"ListItem","@id":"https:\/\/www.eldigitaldeasturias.com\/noticias\/semana-de-goya-zaragoza-fuendetodos\/#listItem","name":"Semana de Goya Zaragoza-Fuendetodos"},"previousItem":{"@type":"ListItem","@id":"https:\/\/www.eldigitaldeasturias.com\/noticias#listItem","name":"Home"}},{"@type":"ListItem","@id":"https:\/\/www.eldigitaldeasturias.com\/noticias\/semana-de-goya-zaragoza-fuendetodos\/#listItem","position":3,"name":"Semana de Goya Zaragoza-Fuendetodos","previousItem":{"@type":"ListItem","@id":"https:\/\/www.eldigitaldeasturias.com\/noticias\/category\/actualidad\/#listItem","name":"Actualidad"}}]},{"@type":"Organization","@id":"https:\/\/www.eldigitaldeasturias.com\/noticias\/#organization","name":"El Digital de Asturias","description":"Hemeroteca","url":"https:\/\/www.eldigitaldeasturias.com\/noticias\/","email":"info@eldigitaldeasturias.com","telephone":"+34652131393","logo":{"@type":"ImageObject","url":"https:\/\/www.eldigitaldeasturias.com\/noticias\/wp-content\/uploads\/2020\/12\/EDA.jpg","@id":"https:\/\/www.eldigitaldeasturias.com\/noticias\/semana-de-goya-zaragoza-fuendetodos\/#organizationLogo"},"image":{"@id":"https:\/\/www.eldigitaldeasturias.com\/noticias\/semana-de-goya-zaragoza-fuendetodos\/#organizationLogo"},"sameAs":["https:\/\/facebook.com\/eldigitaldeasturias","https:\/\/www.youtube.com\/channel\/UCZP-2wLEB9Rv6erhFmqVnvg"],"address":{"@id":"https:\/\/www.eldigitaldeasturias.com\/noticias\/#postaladdress","@type":"PostalAddress","streetAddress":"san antonio 4","postalCode":"33430","addressLocality":"Cand\u00e1s","addressRegion":"Asturias","addressCountry":"ES"}},{"@type":"Person","@id":"https:\/\/www.eldigitaldeasturias.com\/noticias\/author\/admin\/#author","url":"https:\/\/www.eldigitaldeasturias.com\/noticias\/author\/admin\/","name":"El Digital de Asturias","image":{"@type":"ImageObject","@id":"https:\/\/www.eldigitaldeasturias.com\/noticias\/semana-de-goya-zaragoza-fuendetodos\/#authorImage","url":"https:\/\/secure.gravatar.com\/avatar\/df2aeffc32bcd13f8d26072ef8a91b623d677766deac7f97ca815868cd41bf5e?s=96&d=mm&r=g","width":96,"height":96,"caption":"El Digital de Asturias"}},{"@type":"WebPage","@id":"https:\/\/www.eldigitaldeasturias.com\/noticias\/semana-de-goya-zaragoza-fuendetodos\/#webpage","url":"https:\/\/www.eldigitaldeasturias.com\/noticias\/semana-de-goya-zaragoza-fuendetodos\/","name":"Semana de Goya Zaragoza-Fuendetodos - El Digital de Asturias","description":"El consejero de Vertebraci\u00f3n del Territorio, Movilidad y Vivienda, Jos\u00e9 Luis Soro, ha participado en la presentaci\u00f3n de los actos de la \u201cSemana Goya Zaragoza-Fuendetodos\u201d que impulsa la C\u00e1mara de Zaragoza y el ayuntamiento de Fuendetodos con la colaboraci\u00f3n del Gobierno de Arag\u00f3n, el ayuntamiento de Zaragoza y la DPZ entre otras entidades. El consejero","inLanguage":"es-ES","isPartOf":{"@id":"https:\/\/www.eldigitaldeasturias.com\/noticias\/#website"},"breadcrumb":{"@id":"https:\/\/www.eldigitaldeasturias.com\/noticias\/semana-de-goya-zaragoza-fuendetodos\/#breadcrumblist"},"author":{"@id":"https:\/\/www.eldigitaldeasturias.com\/noticias\/author\/admin\/#author"},"creator":{"@id":"https:\/\/www.eldigitaldeasturias.com\/noticias\/author\/admin\/#author"},"image":{"@type":"ImageObject","url":953398,"@id":"https:\/\/www.eldigitaldeasturias.com\/noticias\/semana-de-goya-zaragoza-fuendetodos\/#mainImage"},"primaryImageOfPage":{"@id":"https:\/\/www.eldigitaldeasturias.com\/noticias\/semana-de-goya-zaragoza-fuendetodos\/#mainImage"},"datePublished":"2017-09-20T21:04:46+02:00","dateModified":"2017-09-20T21:04:46+02:00"},{"@type":"WebSite","@id":"https:\/\/www.eldigitaldeasturias.com\/noticias\/#website","url":"https:\/\/www.eldigitaldeasturias.com\/noticias\/","name":"El Digital de Asturias - Diario de actualidad y noticias","alternateName":"El Digital de Asturias - Diario de actualidad y noticias","description":"Hemeroteca","inLanguage":"es-ES","publisher":{"@id":"https:\/\/www.eldigitaldeasturias.com\/noticias\/#organization"}}]},"og:locale":"es_ES","og:site_name":"El Digital de Asturias","og:type":"article","og:title":"Semana de Goya Zaragoza-Fuendetodos - El Digital de Asturias","og:description":"El consejero de Vertebraci\u00f3n del Territorio, Movilidad y Vivienda, Jos\u00e9 Luis Soro, ha participado en la presentaci\u00f3n de los actos de la \u201cSemana Goya Zaragoza-Fuendetodos\u201d que impulsa la C\u00e1mara de Zaragoza y el ayuntamiento de Fuendetodos con la colaboraci\u00f3n del Gobierno de Arag\u00f3n, el ayuntamiento de Zaragoza y la DPZ entre otras entidades. El consejero","og:url":"https:\/\/www.eldigitaldeasturias.com\/noticias\/semana-de-goya-zaragoza-fuendetodos\/","article:tag":["actualidad"],"article:published_time":"2017-09-20T21:04:46+00:00","article:modified_time":"2017-09-20T21:04:46+00:00","article:publisher":"https:\/\/facebook.com\/eldigitaldeasturias","twitter:card":"summary_large_image","twitter:title":"Semana de Goya Zaragoza-Fuendetodos - El Digital de Asturias","twitter:description":"El consejero de Vertebraci\u00f3n del Territorio, Movilidad y Vivienda, Jos\u00e9 Luis Soro, ha participado en la presentaci\u00f3n de los actos de la \u201cSemana Goya Zaragoza-Fuendetodos\u201d que impulsa la C\u00e1mara de Zaragoza y el ayuntamiento de Fuendetodos con la colaboraci\u00f3n del Gobierno de Arag\u00f3n, el ayuntamiento de Zaragoza y la DPZ entre otras entidades. El consejero","twitter:image":"https:\/\/www.eldigitaldeasturias.com\/noticias\/wp-content\/uploads\/2020\/12\/EDA-1.jpg","twitter:label1":"Escrito por","twitter:data1":"El Digital de Asturias","twitter:label2":"Tiempo de lectura estimado","twitter:data2":"3 minutos"},"aioseo_meta_data":{"post_id":"953397","title":null,"description":null,"keywords":null,"keyphrases":null,"primary_term":null,"canonical_url":null,"og_title":null,"og_description":null,"og_object_type":"default","og_image_type":"default","og_image_url":null,"og_image_width":null,"og_image_height":null,"og_image_custom_url":null,"og_image_custom_fields":null,"og_video":null,"og_custom_url":null,"og_article_section":null,"og_article_tags":null,"twitter_use_og":false,"twitter_card":"default","twitter_image_type":"default","twitter_image_url":null,"twitter_image_custom_url":null,"twitter_image_custom_fields":null,"twitter_title":null,"twitter_description":null,"schema":{"blockGraphs":[],"customGraphs":[],"default":{"data":{"Article":[],"Course":[],"Dataset":[],"FAQPage":[],"Movie":[],"Person":[],"Product":[],"ProductReview":[],"Car":[],"Recipe":[],"Service":[],"SoftwareApplication":[],"WebPage":[]},"graphName":"","isEnabled":true},"graphs":[],"defaultGraph":"","defaultPostTypeGraph":""},"schema_type":null,"schema_type_options":null,"pillar_content":false,"robots_default":true,"robots_noindex":false,"robots_noarchive":false,"robots_nosnippet":false,"robots_nofollow":false,"robots_noimageindex":false,"robots_noodp":false,"robots_notranslate":false,"robots_max_snippet":null,"robots_max_videopreview":null,"robots_max_imagepreview":"large","priority":null,"frequency":null,"local_seo":null,"seo_analyzer_scan_date":"2025-12-06 02:18:14","breadcrumb_settings":null,"limit_modified_date":false,"open_ai":null,"ai":null,"created":"2020-12-21 12:57:24","updated":"2025-12-06 02:18:14","focus_keyword":null,"additional_keywords":null,"truseo_locale":null},"aioseo_breadcrumb":"<div class=\"aioseo-breadcrumbs\"><span class=\"aioseo-breadcrumb\">\n\t<a href=\"https:\/\/www.eldigitaldeasturias.com\/noticias\" title=\"Home\">Home<\/a>\n<\/span><span class=\"aioseo-breadcrumb-separator\">\u2013<\/span><span class=\"aioseo-breadcrumb\">\n\t<a href=\"https:\/\/www.eldigitaldeasturias.com\/noticias\/category\/actualidad\/\" title=\"Actualidad\">Actualidad<\/a>\n<\/span><span class=\"aioseo-breadcrumb-separator\">\u2013<\/span><span class=\"aioseo-breadcrumb\">\n\t<a href=\"https:\/\/www.eldigitaldeasturias.com\/noticias\/semana-de-goya-zaragoza-fuendetodos\/\" title=\"Semana de Goya Zaragoza-Fuendetodos\">Semana de Goya Zaragoza-Fuendetodos<\/a>\n<\/span><\/div>","aioseo_breadcrumb_json":[{"label":"Home","link":"https:\/\/www.eldigitaldeasturias.com\/noticias"},{"label":"Actualidad","link":"https:\/\/www.eldigitaldeasturias.com\/noticias\/category\/actualidad\/"},{"label":"Semana de Goya Zaragoza-Fuendetodos","link":"https:\/\/www.eldigitaldeasturias.com\/noticias\/semana-de-goya-zaragoza-fuendetodos\/"}],"_links":{"self":[{"href":"https:\/\/www.eldigitaldeasturias.com\/noticias\/wp-json\/wp\/v2\/posts\/953397","targetHints":{"allow":["GET"]}}],"collection":[{"href":"https:\/\/www.eldigitaldeasturias.com\/noticias\/wp-json\/wp\/v2\/posts"}],"about":[{"href":"https:\/\/www.eldigitaldeasturias.com\/noticias\/wp-json\/wp\/v2\/types\/post"}],"author":[{"embeddable":true,"href":"https:\/\/www.eldigitaldeasturias.com\/noticias\/wp-json\/wp\/v2\/users\/1"}],"replies":[{"embeddable":true,"href":"https:\/\/www.eldigitaldeasturias.com\/noticias\/wp-json\/wp\/v2\/comments?post=953397"}],"version-history":[{"count":0,"href":"https:\/\/www.eldigitaldeasturias.com\/noticias\/wp-json\/wp\/v2\/posts\/953397\/revisions"}],"wp:attachment":[{"href":"https:\/\/www.eldigitaldeasturias.com\/noticias\/wp-json\/wp\/v2\/media?parent=953397"}],"wp:term":[{"taxonomy":"category","embeddable":true,"href":"https:\/\/www.eldigitaldeasturias.com\/noticias\/wp-json\/wp\/v2\/categories?post=953397"},{"taxonomy":"post_tag","embeddable":true,"href":"https:\/\/www.eldigitaldeasturias.com\/noticias\/wp-json\/wp\/v2\/tags?post=953397"}],"curies":[{"name":"wp","href":"https:\/\/api.w.org\/{rel}","templated":true}]}}