{"id":953290,"date":"2017-09-19T20:04:19","date_gmt":"2017-09-19T20:04:19","guid":{"rendered":"http:\/\/www.eldigitaldeasturias.com\/noticias\/?p=953290"},"modified":"2017-09-24T03:54:53","modified_gmt":"2017-09-24T03:54:53","slug":"oviedo-disfruta-con-el-desfile-de-america-en-asturias","status":"publish","type":"post","link":"https:\/\/www.eldigitaldeasturias.com\/noticias\/oviedo-disfruta-con-el-desfile-de-america-en-asturias\/","title":{"rendered":"Oviedo disfruta con el Desfile de Am\u00e9rica en Asturias"},"content":{"rendered":"<p><img loading=\"lazy\" decoding=\"async\" class=\"alignleft size-medium wp-image-953291\" src=\"https:\/\/www.eldigitaldeasturias.com\/noticias\/wp-content\/uploads\/2017\/09\/67DesfileAme\u0301rica-360x240.jpg\" alt=\"\" width=\"360\" height=\"240\" \/>\u00abMucha gente en el desfile y m\u00e1s aun vi\u00e9ndolo\u00bb. No era para menos. Oviedo ha vivido esta tarde una de las citas con m\u00e1s tradici\u00f3n en el calendario festivo mate\u00edn: El Desfile de Am\u00e9rica en Asturias, que este a\u00f1o ha celebrado su 67 edici\u00f3n y que ha comenzado con un homenaje a los pa\u00edses m\u00e1s afectados por el hurac\u00e1n &#8216;Irma&#8217;: Estados Unidos, Cuba y M\u00e9xico. Lejos en el tiempo, que no en la memoria colectiva de esta ciudad, queda aquella comitiva de 1950 que congreg\u00f3 a miles de personas fascinadas por haigas, bandas de m\u00fasica y carrozas dise\u00f1adas por Alfonso Iglesias. La esencia sigue siendo la misma. La ciudad volvi\u00f3 a acoger a la comitiva, una de las m\u00e1s multitudinarias, con unos 3.000 participantes. Este a\u00f1o las chirigotas de C\u00e1diz, el 125 Aniversario del Teatro Campoamor y la Real Banda de Gaitas \u00abCiudad de Oviedo\u00bb han sido los protagonistas.<\/p>\n<p>A las cinco de la tarde arrancaba el desfile desde la calle Independencia. A ambos lados de Ur\u00eda miles de personas aplaud\u00edan a la Polic\u00eda Local, la Banda de M\u00fasica \u00abCiudad de Oviedo\u00bb y a Pin\u00f3n, Telva y Pin\u00edn \u2018de carne y hueso&#8217;. Este \u00faltimo desfilaba sobre un carro en el que se le\u00eda \u00abNon ye non\u00bb en alusi\u00f3n a la campa\u00f1a contra las agresiones machistas en San Mateo. Tras ellos, \u00abEl Font\u00e1n\u00bb recreado sobre una carroza a cargo de la Asociaci\u00f3n Merc\u00e1u Astur y el paso \u00abDespu\u00e9s de la boda\u00bb, a cargo del Grupo Trasgu.<\/p>\n<p>Ecuador tomaba la salida. La comunidad de residentes, buena parte bailando a pie, dedicaba su carroza a \u00abSol Inti\u00bb.Los m\u00e1s peque\u00f1os aplaud\u00edan la carroza infantil, colorida estructura decorada con animales sobre la que desfilaron ni\u00f1os y ni\u00f1as vestidos de asturianos. Llegaba entonces la carroza dedicada al 125 Aniversario del Teatro Campoamor, una recreaci\u00f3n de los palcos y plateas del coliseo ovetense y la \u00faltima producci\u00f3n propia del Campoamor, \u00abMaharaj\u00e1\u00bb, en concreto la recreaci\u00f3n de la escena de la boda, a cargo de la Capilla Polif\u00f3nica, con el mismo vestuario creado especialmente para esta zarzuela.<\/p>\n<p>El grupo folcl\u00f3rico Filand\u00f3n y la Banda de gaitas Villa de Xix\u00f3n anunciaban la carroza de Valdesoto en la que, a modo de popurr\u00ed, resumieron las mejores tem\u00e1ticas de las carrozas de esta localidad sierense en estas \u00faltimas dos d\u00e9cadas. A la altura de las autoridades \u2013entre ellas el Alcalde y la Corporaci\u00f3n municipal-animaban al p\u00fablico a cantar una versi\u00f3n de la pieza de Luis Fonsi \u00abDespacito\u00bb, convertida en \u00ab20 a\u00f1itos\u00bb.<\/p>\n<p>\u2018Las Tunantadas&#8217; de Per\u00fa fueron las protagonistas de la carroza de este pa\u00eds. El paso recre\u00f3 la fiesta de la Tunantada en la que los habitantes de Jauja (Per\u00fa) lucen m\u00e1scaras y se disfrazan con vestimentas en las que parodian a la sociedad colonizadora.<\/p>\n<p>La gaita de Vicente Prado, El Pravianu y el grupo \u00abXeitu\u00bb rindieron un emotivo homenaje al gaitero Llibard\u00f3n, en una carroza \u00abAl son d\u00b4aquellos cantares\u00bb desde la que el gaitero cant\u00f3 y toc\u00f3 durante todo el desfile. El folclore asturiano precedi\u00f3 as\u00ed a M\u00e9xico, tres pasos, en los que no faltaron los personajes m\u00e1s conocidos de la historia mexicana, mariachis y los bailes y danzas de \u00abLa Serpiente emplumada\u00bb.<\/p>\n<p>Le toc\u00f3 entonces el turno a la Banda de gaitas \u00abel Llac\u00edn\u00bb y a una nueva carroza infantil, muy coreada por los m\u00e1s peque\u00f1os que no dudaron en lanzar serpentinas a los personajes de la Patrulla canina, tem\u00e1tica que centraba la plataforma.<\/p>\n<p>Y entonces, C\u00e1diz hizo su aparici\u00f3n en la comitiva. Sobre una carroza que recreaba el Teatro Falla de C\u00e1diz, las comparsas y chirigotas ganadoras de los cuatro primeros premios del Carnaval gaditano de este a\u00f1o pon\u00edan la gracia andaluza y el humor sobre un escenario rodante. \u00abA la palestra\u00bb, en rima y con palmas, \u2018salieron&#8217; unos espectaculares \u00abIrracionales\u00bb con trajes de simio, \u00abEl Mayor espect\u00e1culo del mundo\u00bb, los alien\u00edgenas de la chirigota \u00abLos del planeta rojo, pero rojo rojo\u00bb y el cuarteto \u00abLo que el viento se llev\u00f3\u00bb.<\/p>\n<p>Una de las carrozas m\u00e1s coloridas, acompa\u00f1adas de bailarines a pie fue la de \u00abSabor de La Habana\u00bb y, tras ellos, \u00abDe Tineo a las Am\u00e9ricas\u00bb, paso a pie y acompa\u00f1ado de un autocar antiguo y decenas de personajes vestidos de indianos.<\/p>\n<p>Un gran bandera de Colombia anunciaba la llegada del paso dedicado a este pa\u00eds. Sobre una carroza, decorada con motivos de la selva amaz\u00f3nica y de la naturaleza fronteriza con Brasil, se escuchaba la m\u00fasica en directo, que un grupo bailaba a pie<\/p>\n<p>Mate\u00edn \u00abmotorizado\u00bb y el grupo folcl\u00f3rico de Fitoria daban la bienvenida a la samba de Brasil y a los espectaculares trajes del Carnaval de Bah\u00eda.<\/p>\n<p>En el n\u00famero 28 de la comitiva, compuesta por un total de 32 pasos, desfilaba un cami\u00f3n de bomberos de 1920 y la Escuela de Baile M&amp;M de Luarca daba \u00abla bienvenida\u00bb a New Orleans, con un numeroso grupo de bailarines y m\u00b4suica en directo desde una plataforma.<\/p>\n<p>El Pericote de Llanes precedi\u00f3 a una de las mayores carrozas que se recuerda en la historia del Desfile: \u00abLa Reina de Asturias\u00bb. Cerrando la comitiva, cuatro plataformas unidas, coronadas con un espectacular trono para La Gaita asturiana, sirvieron a todos los componentes de la Real Banda de Gaitas \u00abCiudad de Oviedo\u00bb para celebrar as\u00ed, acompa\u00f1ados su 25 aniversario. Los m\u00fasicos, a la altura de Ur\u00eda, entonaron el himno de Asturias y pusieron en pie y a cantar a todos los que segu\u00edan el Desfile. Emocionante final para una Desfile que no lo fue menos.<\/p>\n<p>&nbsp;<\/p>\n","protected":false},"excerpt":{"rendered":"<p>\u00abMucha gente en el desfile y m\u00e1s aun vi\u00e9ndolo\u00bb. No era para menos. Oviedo ha vivido esta tarde una de las citas con m\u00e1s tradici\u00f3n en el calendario festivo mate\u00edn: El Desfile de Am\u00e9rica en Asturias, que este a\u00f1o ha celebrado su 67 edici\u00f3n y que ha comenzado con un homenaje a los pa\u00edses m\u00e1s [&hellip;]<\/p>\n","protected":false},"author":1,"featured_media":953291,"comment_status":"closed","ping_status":"closed","sticky":false,"template":"","format":"standard","meta":{"footnotes":""},"categories":[1],"tags":[],"class_list":["post-953290","post","type-post","status-publish","format-standard","has-post-thumbnail","hentry","category-actualidad"],"aioseo_notices":[],"aioseo_head":"\n\t\t<!-- All in One SEO Pro 5.0.1 - aioseo.com -->\n\t<meta name=\"description\" content=\"&quot;Mucha gente en el desfile y m\u00e1s aun vi\u00e9ndolo&quot;. No era para menos. Oviedo ha vivido esta tarde una de las citas con m\u00e1s tradici\u00f3n en el calendario festivo mate\u00edn: El Desfile de Am\u00e9rica en Asturias, que este a\u00f1o ha celebrado su 67 edici\u00f3n y que ha comenzado con un homenaje a los pa\u00edses m\u00e1s\" \/>\n\t<meta name=\"robots\" content=\"max-image-preview:large\" \/>\n\t<meta name=\"author\" content=\"El Digital de Asturias\"\/>\n\t<meta name=\"google-site-verification\" content=\"UA-38556648-1\" \/>\n\t<meta name=\"msvalidate.01\" content=\"7dfe9f3f1b24437ab69f4f2559babe99\" \/>\n\t<meta name=\"keywords\" content=\"actualidad\" \/>\n\t<link rel=\"canonical\" href=\"https:\/\/www.eldigitaldeasturias.com\/noticias\/oviedo-disfruta-con-el-desfile-de-america-en-asturias\/\" \/>\n\t<meta name=\"generator\" content=\"All in One SEO Pro (AIOSEO) 5.0.1\" \/>\n\t\t<meta property=\"og:locale\" content=\"es_ES\" \/>\n\t\t<meta property=\"og:site_name\" content=\"El Digital de Asturias\" \/>\n\t\t<meta property=\"og:type\" content=\"article\" \/>\n\t\t<meta property=\"og:title\" content=\"Oviedo disfruta con el Desfile de Am\u00e9rica en Asturias - El Digital de Asturias\" \/>\n\t\t<meta property=\"og:description\" content=\"&quot;Mucha gente en el desfile y m\u00e1s aun vi\u00e9ndolo&quot;. No era para menos. Oviedo ha vivido esta tarde una de las citas con m\u00e1s tradici\u00f3n en el calendario festivo mate\u00edn: El Desfile de Am\u00e9rica en Asturias, que este a\u00f1o ha celebrado su 67 edici\u00f3n y que ha comenzado con un homenaje a los pa\u00edses m\u00e1s\" \/>\n\t\t<meta property=\"og:url\" content=\"https:\/\/www.eldigitaldeasturias.com\/noticias\/oviedo-disfruta-con-el-desfile-de-america-en-asturias\/\" \/>\n\t\t<meta property=\"article:tag\" content=\"actualidad\" \/>\n\t\t<meta property=\"article:published_time\" content=\"2017-09-19T20:04:19+00:00\" \/>\n\t\t<meta property=\"article:modified_time\" content=\"2017-09-24T03:54:53+00:00\" \/>\n\t\t<meta property=\"article:publisher\" content=\"https:\/\/facebook.com\/eldigitaldeasturias\" \/>\n\t\t<meta name=\"twitter:card\" content=\"summary_large_image\" \/>\n\t\t<meta name=\"twitter:title\" content=\"Oviedo disfruta con el Desfile de Am\u00e9rica en Asturias - El Digital de Asturias\" \/>\n\t\t<meta name=\"twitter:description\" content=\"&quot;Mucha gente en el desfile y m\u00e1s aun vi\u00e9ndolo&quot;. No era para menos. Oviedo ha vivido esta tarde una de las citas con m\u00e1s tradici\u00f3n en el calendario festivo mate\u00edn: El Desfile de Am\u00e9rica en Asturias, que este a\u00f1o ha celebrado su 67 edici\u00f3n y que ha comenzado con un homenaje a los pa\u00edses m\u00e1s\" \/>\n\t\t<meta name=\"twitter:image\" content=\"https:\/\/www.eldigitaldeasturias.com\/noticias\/wp-content\/uploads\/2020\/12\/EDA-1.jpg\" \/>\n\t\t<meta name=\"twitter:label1\" content=\"Escrito por\" \/>\n\t\t<meta name=\"twitter:data1\" content=\"El Digital de Asturias\" \/>\n\t\t<meta name=\"twitter:label2\" content=\"Tiempo de lectura estimado\" \/>\n\t\t<meta name=\"twitter:data2\" content=\"5 minutos\" \/>\n\t\t<script type=\"application\/ld+json\" class=\"aioseo-schema\">\n\t\t\t{\"@context\":\"https:\\\/\\\/schema.org\",\"@graph\":[{\"@type\":\"BlogPosting\",\"@id\":\"https:\\\/\\\/www.eldigitaldeasturias.com\\\/noticias\\\/oviedo-disfruta-con-el-desfile-de-america-en-asturias\\\/#blogposting\",\"name\":\"Oviedo disfruta con el Desfile de Am\\u00e9rica en Asturias - El Digital de Asturias\",\"headline\":\"Oviedo disfruta con el Desfile de Am\\u00e9rica en Asturias\",\"author\":{\"@id\":\"https:\\\/\\\/www.eldigitaldeasturias.com\\\/noticias\\\/author\\\/admin\\\/#author\"},\"publisher\":{\"@id\":\"https:\\\/\\\/www.eldigitaldeasturias.com\\\/noticias\\\/#organization\"},\"image\":{\"@type\":\"ImageObject\",\"url\":953291},\"datePublished\":\"2017-09-19T20:04:19+02:00\",\"dateModified\":\"2017-09-24T03:54:53+02:00\",\"inLanguage\":\"es-ES\",\"mainEntityOfPage\":{\"@id\":\"https:\\\/\\\/www.eldigitaldeasturias.com\\\/noticias\\\/oviedo-disfruta-con-el-desfile-de-america-en-asturias\\\/#webpage\"},\"isPartOf\":{\"@id\":\"https:\\\/\\\/www.eldigitaldeasturias.com\\\/noticias\\\/oviedo-disfruta-con-el-desfile-de-america-en-asturias\\\/#webpage\"},\"articleSection\":\"Actualidad\"},{\"@type\":\"BreadcrumbList\",\"@id\":\"https:\\\/\\\/www.eldigitaldeasturias.com\\\/noticias\\\/oviedo-disfruta-con-el-desfile-de-america-en-asturias\\\/#breadcrumblist\",\"itemListElement\":[{\"@type\":\"ListItem\",\"@id\":\"https:\\\/\\\/www.eldigitaldeasturias.com\\\/noticias#listItem\",\"position\":1,\"name\":\"Home\",\"item\":\"https:\\\/\\\/www.eldigitaldeasturias.com\\\/noticias\",\"nextItem\":{\"@type\":\"ListItem\",\"@id\":\"https:\\\/\\\/www.eldigitaldeasturias.com\\\/noticias\\\/category\\\/actualidad\\\/#listItem\",\"name\":\"Actualidad\"}},{\"@type\":\"ListItem\",\"@id\":\"https:\\\/\\\/www.eldigitaldeasturias.com\\\/noticias\\\/category\\\/actualidad\\\/#listItem\",\"position\":2,\"name\":\"Actualidad\",\"item\":\"https:\\\/\\\/www.eldigitaldeasturias.com\\\/noticias\\\/category\\\/actualidad\\\/\",\"nextItem\":{\"@type\":\"ListItem\",\"@id\":\"https:\\\/\\\/www.eldigitaldeasturias.com\\\/noticias\\\/oviedo-disfruta-con-el-desfile-de-america-en-asturias\\\/#listItem\",\"name\":\"Oviedo disfruta con el Desfile de Am\\u00e9rica en Asturias\"},\"previousItem\":{\"@type\":\"ListItem\",\"@id\":\"https:\\\/\\\/www.eldigitaldeasturias.com\\\/noticias#listItem\",\"name\":\"Home\"}},{\"@type\":\"ListItem\",\"@id\":\"https:\\\/\\\/www.eldigitaldeasturias.com\\\/noticias\\\/oviedo-disfruta-con-el-desfile-de-america-en-asturias\\\/#listItem\",\"position\":3,\"name\":\"Oviedo disfruta con el Desfile de Am\\u00e9rica en Asturias\",\"previousItem\":{\"@type\":\"ListItem\",\"@id\":\"https:\\\/\\\/www.eldigitaldeasturias.com\\\/noticias\\\/category\\\/actualidad\\\/#listItem\",\"name\":\"Actualidad\"}}]},{\"@type\":\"Organization\",\"@id\":\"https:\\\/\\\/www.eldigitaldeasturias.com\\\/noticias\\\/#organization\",\"name\":\"El Digital de Asturias\",\"description\":\"Hemeroteca\",\"url\":\"https:\\\/\\\/www.eldigitaldeasturias.com\\\/noticias\\\/\",\"email\":\"info@eldigitaldeasturias.com\",\"telephone\":\"+34652131393\",\"logo\":{\"@type\":\"ImageObject\",\"url\":\"https:\\\/\\\/www.eldigitaldeasturias.com\\\/noticias\\\/wp-content\\\/uploads\\\/2020\\\/12\\\/EDA.jpg\",\"@id\":\"https:\\\/\\\/www.eldigitaldeasturias.com\\\/noticias\\\/oviedo-disfruta-con-el-desfile-de-america-en-asturias\\\/#organizationLogo\"},\"image\":{\"@id\":\"https:\\\/\\\/www.eldigitaldeasturias.com\\\/noticias\\\/oviedo-disfruta-con-el-desfile-de-america-en-asturias\\\/#organizationLogo\"},\"sameAs\":[\"https:\\\/\\\/facebook.com\\\/eldigitaldeasturias\",\"https:\\\/\\\/www.youtube.com\\\/channel\\\/UCZP-2wLEB9Rv6erhFmqVnvg\"],\"address\":{\"@id\":\"https:\\\/\\\/www.eldigitaldeasturias.com\\\/noticias\\\/#postaladdress\",\"@type\":\"PostalAddress\",\"streetAddress\":\"san antonio 4\",\"postalCode\":\"33430\",\"addressLocality\":\"Cand\\u00e1s\",\"addressRegion\":\"Asturias\",\"addressCountry\":\"ES\"}},{\"@type\":\"Person\",\"@id\":\"https:\\\/\\\/www.eldigitaldeasturias.com\\\/noticias\\\/author\\\/admin\\\/#author\",\"url\":\"https:\\\/\\\/www.eldigitaldeasturias.com\\\/noticias\\\/author\\\/admin\\\/\",\"name\":\"El Digital de Asturias\",\"image\":{\"@type\":\"ImageObject\",\"@id\":\"https:\\\/\\\/www.eldigitaldeasturias.com\\\/noticias\\\/oviedo-disfruta-con-el-desfile-de-america-en-asturias\\\/#authorImage\",\"url\":\"https:\\\/\\\/secure.gravatar.com\\\/avatar\\\/df2aeffc32bcd13f8d26072ef8a91b623d677766deac7f97ca815868cd41bf5e?s=96&d=mm&r=g\",\"width\":96,\"height\":96,\"caption\":\"El Digital de Asturias\"}},{\"@type\":\"WebPage\",\"@id\":\"https:\\\/\\\/www.eldigitaldeasturias.com\\\/noticias\\\/oviedo-disfruta-con-el-desfile-de-america-en-asturias\\\/#webpage\",\"url\":\"https:\\\/\\\/www.eldigitaldeasturias.com\\\/noticias\\\/oviedo-disfruta-con-el-desfile-de-america-en-asturias\\\/\",\"name\":\"Oviedo disfruta con el Desfile de Am\\u00e9rica en Asturias - El Digital de Asturias\",\"description\":\"\\\"Mucha gente en el desfile y m\\u00e1s aun vi\\u00e9ndolo\\\". No era para menos. Oviedo ha vivido esta tarde una de las citas con m\\u00e1s tradici\\u00f3n en el calendario festivo mate\\u00edn: El Desfile de Am\\u00e9rica en Asturias, que este a\\u00f1o ha celebrado su 67 edici\\u00f3n y que ha comenzado con un homenaje a los pa\\u00edses m\\u00e1s\",\"inLanguage\":\"es-ES\",\"isPartOf\":{\"@id\":\"https:\\\/\\\/www.eldigitaldeasturias.com\\\/noticias\\\/#website\"},\"breadcrumb\":{\"@id\":\"https:\\\/\\\/www.eldigitaldeasturias.com\\\/noticias\\\/oviedo-disfruta-con-el-desfile-de-america-en-asturias\\\/#breadcrumblist\"},\"author\":{\"@id\":\"https:\\\/\\\/www.eldigitaldeasturias.com\\\/noticias\\\/author\\\/admin\\\/#author\"},\"creator\":{\"@id\":\"https:\\\/\\\/www.eldigitaldeasturias.com\\\/noticias\\\/author\\\/admin\\\/#author\"},\"image\":{\"@type\":\"ImageObject\",\"url\":953291,\"@id\":\"https:\\\/\\\/www.eldigitaldeasturias.com\\\/noticias\\\/oviedo-disfruta-con-el-desfile-de-america-en-asturias\\\/#mainImage\"},\"primaryImageOfPage\":{\"@id\":\"https:\\\/\\\/www.eldigitaldeasturias.com\\\/noticias\\\/oviedo-disfruta-con-el-desfile-de-america-en-asturias\\\/#mainImage\"},\"datePublished\":\"2017-09-19T20:04:19+02:00\",\"dateModified\":\"2017-09-24T03:54:53+02:00\"},{\"@type\":\"WebSite\",\"@id\":\"https:\\\/\\\/www.eldigitaldeasturias.com\\\/noticias\\\/#website\",\"url\":\"https:\\\/\\\/www.eldigitaldeasturias.com\\\/noticias\\\/\",\"name\":\"El Digital de Asturias - Diario de actualidad y noticias\",\"alternateName\":\"El Digital de Asturias - Diario de actualidad y noticias\",\"description\":\"Hemeroteca\",\"inLanguage\":\"es-ES\",\"publisher\":{\"@id\":\"https:\\\/\\\/www.eldigitaldeasturias.com\\\/noticias\\\/#organization\"}}]}\n\t\t<\/script>\n\t\t<!-- All in One SEO Pro -->\r\n\t\t<title>Oviedo disfruta con el Desfile de Am\u00e9rica en Asturias - El Digital de Asturias<\/title>\n\n","aioseo_head_json":{"title":"Oviedo disfruta con el Desfile de Am\u00e9rica en Asturias - El Digital de Asturias","description":"\"Mucha gente en el desfile y m\u00e1s aun vi\u00e9ndolo\". No era para menos. Oviedo ha vivido esta tarde una de las citas con m\u00e1s tradici\u00f3n en el calendario festivo mate\u00edn: El Desfile de Am\u00e9rica en Asturias, que este a\u00f1o ha celebrado su 67 edici\u00f3n y que ha comenzado con un homenaje a los pa\u00edses m\u00e1s","canonical_url":"https:\/\/www.eldigitaldeasturias.com\/noticias\/oviedo-disfruta-con-el-desfile-de-america-en-asturias\/","robots":"max-image-preview:large","keywords":"actualidad","webmasterTools":{"google-site-verification":"UA-38556648-1","msvalidate.01":"7dfe9f3f1b24437ab69f4f2559babe99","miscellaneous":""},"schema":{"@context":"https:\/\/schema.org","@graph":[{"@type":"BlogPosting","@id":"https:\/\/www.eldigitaldeasturias.com\/noticias\/oviedo-disfruta-con-el-desfile-de-america-en-asturias\/#blogposting","name":"Oviedo disfruta con el Desfile de Am\u00e9rica en Asturias - El Digital de Asturias","headline":"Oviedo disfruta con el Desfile de Am\u00e9rica en Asturias","author":{"@id":"https:\/\/www.eldigitaldeasturias.com\/noticias\/author\/admin\/#author"},"publisher":{"@id":"https:\/\/www.eldigitaldeasturias.com\/noticias\/#organization"},"image":{"@type":"ImageObject","url":953291},"datePublished":"2017-09-19T20:04:19+02:00","dateModified":"2017-09-24T03:54:53+02:00","inLanguage":"es-ES","mainEntityOfPage":{"@id":"https:\/\/www.eldigitaldeasturias.com\/noticias\/oviedo-disfruta-con-el-desfile-de-america-en-asturias\/#webpage"},"isPartOf":{"@id":"https:\/\/www.eldigitaldeasturias.com\/noticias\/oviedo-disfruta-con-el-desfile-de-america-en-asturias\/#webpage"},"articleSection":"Actualidad"},{"@type":"BreadcrumbList","@id":"https:\/\/www.eldigitaldeasturias.com\/noticias\/oviedo-disfruta-con-el-desfile-de-america-en-asturias\/#breadcrumblist","itemListElement":[{"@type":"ListItem","@id":"https:\/\/www.eldigitaldeasturias.com\/noticias#listItem","position":1,"name":"Home","item":"https:\/\/www.eldigitaldeasturias.com\/noticias","nextItem":{"@type":"ListItem","@id":"https:\/\/www.eldigitaldeasturias.com\/noticias\/category\/actualidad\/#listItem","name":"Actualidad"}},{"@type":"ListItem","@id":"https:\/\/www.eldigitaldeasturias.com\/noticias\/category\/actualidad\/#listItem","position":2,"name":"Actualidad","item":"https:\/\/www.eldigitaldeasturias.com\/noticias\/category\/actualidad\/","nextItem":{"@type":"ListItem","@id":"https:\/\/www.eldigitaldeasturias.com\/noticias\/oviedo-disfruta-con-el-desfile-de-america-en-asturias\/#listItem","name":"Oviedo disfruta con el Desfile de Am\u00e9rica en Asturias"},"previousItem":{"@type":"ListItem","@id":"https:\/\/www.eldigitaldeasturias.com\/noticias#listItem","name":"Home"}},{"@type":"ListItem","@id":"https:\/\/www.eldigitaldeasturias.com\/noticias\/oviedo-disfruta-con-el-desfile-de-america-en-asturias\/#listItem","position":3,"name":"Oviedo disfruta con el Desfile de Am\u00e9rica en Asturias","previousItem":{"@type":"ListItem","@id":"https:\/\/www.eldigitaldeasturias.com\/noticias\/category\/actualidad\/#listItem","name":"Actualidad"}}]},{"@type":"Organization","@id":"https:\/\/www.eldigitaldeasturias.com\/noticias\/#organization","name":"El Digital de Asturias","description":"Hemeroteca","url":"https:\/\/www.eldigitaldeasturias.com\/noticias\/","email":"info@eldigitaldeasturias.com","telephone":"+34652131393","logo":{"@type":"ImageObject","url":"https:\/\/www.eldigitaldeasturias.com\/noticias\/wp-content\/uploads\/2020\/12\/EDA.jpg","@id":"https:\/\/www.eldigitaldeasturias.com\/noticias\/oviedo-disfruta-con-el-desfile-de-america-en-asturias\/#organizationLogo"},"image":{"@id":"https:\/\/www.eldigitaldeasturias.com\/noticias\/oviedo-disfruta-con-el-desfile-de-america-en-asturias\/#organizationLogo"},"sameAs":["https:\/\/facebook.com\/eldigitaldeasturias","https:\/\/www.youtube.com\/channel\/UCZP-2wLEB9Rv6erhFmqVnvg"],"address":{"@id":"https:\/\/www.eldigitaldeasturias.com\/noticias\/#postaladdress","@type":"PostalAddress","streetAddress":"san antonio 4","postalCode":"33430","addressLocality":"Cand\u00e1s","addressRegion":"Asturias","addressCountry":"ES"}},{"@type":"Person","@id":"https:\/\/www.eldigitaldeasturias.com\/noticias\/author\/admin\/#author","url":"https:\/\/www.eldigitaldeasturias.com\/noticias\/author\/admin\/","name":"El Digital de Asturias","image":{"@type":"ImageObject","@id":"https:\/\/www.eldigitaldeasturias.com\/noticias\/oviedo-disfruta-con-el-desfile-de-america-en-asturias\/#authorImage","url":"https:\/\/secure.gravatar.com\/avatar\/df2aeffc32bcd13f8d26072ef8a91b623d677766deac7f97ca815868cd41bf5e?s=96&d=mm&r=g","width":96,"height":96,"caption":"El Digital de Asturias"}},{"@type":"WebPage","@id":"https:\/\/www.eldigitaldeasturias.com\/noticias\/oviedo-disfruta-con-el-desfile-de-america-en-asturias\/#webpage","url":"https:\/\/www.eldigitaldeasturias.com\/noticias\/oviedo-disfruta-con-el-desfile-de-america-en-asturias\/","name":"Oviedo disfruta con el Desfile de Am\u00e9rica en Asturias - El Digital de Asturias","description":"\"Mucha gente en el desfile y m\u00e1s aun vi\u00e9ndolo\". No era para menos. Oviedo ha vivido esta tarde una de las citas con m\u00e1s tradici\u00f3n en el calendario festivo mate\u00edn: El Desfile de Am\u00e9rica en Asturias, que este a\u00f1o ha celebrado su 67 edici\u00f3n y que ha comenzado con un homenaje a los pa\u00edses m\u00e1s","inLanguage":"es-ES","isPartOf":{"@id":"https:\/\/www.eldigitaldeasturias.com\/noticias\/#website"},"breadcrumb":{"@id":"https:\/\/www.eldigitaldeasturias.com\/noticias\/oviedo-disfruta-con-el-desfile-de-america-en-asturias\/#breadcrumblist"},"author":{"@id":"https:\/\/www.eldigitaldeasturias.com\/noticias\/author\/admin\/#author"},"creator":{"@id":"https:\/\/www.eldigitaldeasturias.com\/noticias\/author\/admin\/#author"},"image":{"@type":"ImageObject","url":953291,"@id":"https:\/\/www.eldigitaldeasturias.com\/noticias\/oviedo-disfruta-con-el-desfile-de-america-en-asturias\/#mainImage"},"primaryImageOfPage":{"@id":"https:\/\/www.eldigitaldeasturias.com\/noticias\/oviedo-disfruta-con-el-desfile-de-america-en-asturias\/#mainImage"},"datePublished":"2017-09-19T20:04:19+02:00","dateModified":"2017-09-24T03:54:53+02:00"},{"@type":"WebSite","@id":"https:\/\/www.eldigitaldeasturias.com\/noticias\/#website","url":"https:\/\/www.eldigitaldeasturias.com\/noticias\/","name":"El Digital de Asturias - Diario de actualidad y noticias","alternateName":"El Digital de Asturias - Diario de actualidad y noticias","description":"Hemeroteca","inLanguage":"es-ES","publisher":{"@id":"https:\/\/www.eldigitaldeasturias.com\/noticias\/#organization"}}]},"og:locale":"es_ES","og:site_name":"El Digital de Asturias","og:type":"article","og:title":"Oviedo disfruta con el Desfile de Am\u00e9rica en Asturias - El Digital de Asturias","og:description":"&quot;Mucha gente en el desfile y m\u00e1s aun vi\u00e9ndolo&quot;. No era para menos. Oviedo ha vivido esta tarde una de las citas con m\u00e1s tradici\u00f3n en el calendario festivo mate\u00edn: El Desfile de Am\u00e9rica en Asturias, que este a\u00f1o ha celebrado su 67 edici\u00f3n y que ha comenzado con un homenaje a los pa\u00edses m\u00e1s","og:url":"https:\/\/www.eldigitaldeasturias.com\/noticias\/oviedo-disfruta-con-el-desfile-de-america-en-asturias\/","article:tag":["actualidad"],"article:published_time":"2017-09-19T20:04:19+00:00","article:modified_time":"2017-09-24T03:54:53+00:00","article:publisher":"https:\/\/facebook.com\/eldigitaldeasturias","twitter:card":"summary_large_image","twitter:title":"Oviedo disfruta con el Desfile de Am\u00e9rica en Asturias - El Digital de Asturias","twitter:description":"&quot;Mucha gente en el desfile y m\u00e1s aun vi\u00e9ndolo&quot;. No era para menos. Oviedo ha vivido esta tarde una de las citas con m\u00e1s tradici\u00f3n en el calendario festivo mate\u00edn: El Desfile de Am\u00e9rica en Asturias, que este a\u00f1o ha celebrado su 67 edici\u00f3n y que ha comenzado con un homenaje a los pa\u00edses m\u00e1s","twitter:image":"https:\/\/www.eldigitaldeasturias.com\/noticias\/wp-content\/uploads\/2020\/12\/EDA-1.jpg","twitter:label1":"Escrito por","twitter:data1":"El Digital de Asturias","twitter:label2":"Tiempo de lectura estimado","twitter:data2":"5 minutos"},"aioseo_meta_data":{"post_id":"953290","title":null,"description":null,"keywords":null,"keyphrases":null,"primary_term":null,"canonical_url":null,"og_title":null,"og_description":null,"og_object_type":"default","og_image_type":"default","og_image_url":null,"og_image_width":null,"og_image_height":null,"og_image_custom_url":null,"og_image_custom_fields":null,"og_video":null,"og_custom_url":null,"og_article_section":null,"og_article_tags":null,"twitter_use_og":false,"twitter_card":"default","twitter_image_type":"default","twitter_image_url":null,"twitter_image_custom_url":null,"twitter_image_custom_fields":null,"twitter_title":null,"twitter_description":null,"schema":{"blockGraphs":[],"customGraphs":[],"default":{"data":{"Article":[],"Course":[],"Dataset":[],"FAQPage":[],"Movie":[],"Person":[],"Product":[],"ProductReview":[],"Car":[],"Recipe":[],"Service":[],"SoftwareApplication":[],"WebPage":[]},"graphName":"","isEnabled":true},"graphs":[],"defaultGraph":"","defaultPostTypeGraph":""},"schema_type":null,"schema_type_options":null,"pillar_content":false,"robots_default":true,"robots_noindex":false,"robots_noarchive":false,"robots_nosnippet":false,"robots_nofollow":false,"robots_noimageindex":false,"robots_noodp":false,"robots_notranslate":false,"robots_max_snippet":null,"robots_max_videopreview":null,"robots_max_imagepreview":"large","priority":null,"frequency":null,"local_seo":null,"seo_analyzer_scan_date":"2025-12-06 01:51:50","breadcrumb_settings":null,"limit_modified_date":false,"open_ai":null,"ai":null,"created":"2020-12-21 12:57:25","updated":"2025-12-06 01:51:50","focus_keyword":null,"additional_keywords":null,"truseo_locale":null},"aioseo_breadcrumb":"<div class=\"aioseo-breadcrumbs\"><span class=\"aioseo-breadcrumb\">\n\t<a href=\"https:\/\/www.eldigitaldeasturias.com\/noticias\" title=\"Home\">Home<\/a>\n<\/span><span class=\"aioseo-breadcrumb-separator\">\u2013<\/span><span class=\"aioseo-breadcrumb\">\n\t<a href=\"https:\/\/www.eldigitaldeasturias.com\/noticias\/category\/actualidad\/\" title=\"Actualidad\">Actualidad<\/a>\n<\/span><span class=\"aioseo-breadcrumb-separator\">\u2013<\/span><span class=\"aioseo-breadcrumb\">\n\t<a href=\"https:\/\/www.eldigitaldeasturias.com\/noticias\/oviedo-disfruta-con-el-desfile-de-america-en-asturias\/\" title=\"Oviedo disfruta con el Desfile de Am\u00e9rica en Asturias\">Oviedo disfruta con el Desfile de Am\u00e9rica en Asturias<\/a>\n<\/span><\/div>","aioseo_breadcrumb_json":[{"label":"Home","link":"https:\/\/www.eldigitaldeasturias.com\/noticias"},{"label":"Actualidad","link":"https:\/\/www.eldigitaldeasturias.com\/noticias\/category\/actualidad\/"},{"label":"Oviedo disfruta con el Desfile de Am\u00e9rica en Asturias","link":"https:\/\/www.eldigitaldeasturias.com\/noticias\/oviedo-disfruta-con-el-desfile-de-america-en-asturias\/"}],"_links":{"self":[{"href":"https:\/\/www.eldigitaldeasturias.com\/noticias\/wp-json\/wp\/v2\/posts\/953290","targetHints":{"allow":["GET"]}}],"collection":[{"href":"https:\/\/www.eldigitaldeasturias.com\/noticias\/wp-json\/wp\/v2\/posts"}],"about":[{"href":"https:\/\/www.eldigitaldeasturias.com\/noticias\/wp-json\/wp\/v2\/types\/post"}],"author":[{"embeddable":true,"href":"https:\/\/www.eldigitaldeasturias.com\/noticias\/wp-json\/wp\/v2\/users\/1"}],"replies":[{"embeddable":true,"href":"https:\/\/www.eldigitaldeasturias.com\/noticias\/wp-json\/wp\/v2\/comments?post=953290"}],"version-history":[{"count":0,"href":"https:\/\/www.eldigitaldeasturias.com\/noticias\/wp-json\/wp\/v2\/posts\/953290\/revisions"}],"wp:attachment":[{"href":"https:\/\/www.eldigitaldeasturias.com\/noticias\/wp-json\/wp\/v2\/media?parent=953290"}],"wp:term":[{"taxonomy":"category","embeddable":true,"href":"https:\/\/www.eldigitaldeasturias.com\/noticias\/wp-json\/wp\/v2\/categories?post=953290"},{"taxonomy":"post_tag","embeddable":true,"href":"https:\/\/www.eldigitaldeasturias.com\/noticias\/wp-json\/wp\/v2\/tags?post=953290"}],"curies":[{"name":"wp","href":"https:\/\/api.w.org\/{rel}","templated":true}]}}